{"id":110172,"date":"2024-01-18T11:43:53","date_gmt":"2024-01-18T09:43:53","guid":{"rendered":"https:\/\/urbeamea.ro\/albaiulia\/?p=110172"},"modified":"2024-01-18T11:44:32","modified_gmt":"2024-01-18T09:44:32","slug":"operatorul-regional-apa-ctta-sa-alba-a-finalizat-proiectul-crearea-de-facilitati-de-productie-de-energie-electrica-din-ser","status":"publish","type":"post","link":"https:\/\/urbeamea.ro\/albaiulia\/operatorul-regional-apa-ctta-sa-alba-a-finalizat-proiectul-crearea-de-facilitati-de-productie-de-energie-electrica-din-ser\/","title":{"rendered":"Operatorul regional APA CTTA SA ALBA a finalizat Proiectul \u201cCrearea de facilit\u0103\u0163i de produc\u0163ie de energie electric\u0103 din SER pentru consumul propriu al APA CTTA\u201d"},"content":{"rendered":"\n<p>Proiectul \u00een valoare de 7.322.267,20 lei, cofinan\u021bat din Programul Opera\u021bional Infrastructur\u0103 Mare&nbsp;(POIM), 2014-2020, a avut ca obiect achizitia de echipamente, instalare si montaj de panouri fotovoltaice cu o putere de 450 W, rezult\u00e2nd o capacitate total\u0103 a sistemului de 982,4 kWp , precum si probe tehnologice si teste, in 18 locatii ale operatorului regional APA CTTA SA Alba, care vor asigura o parte din energia electrica necesara consumului propriu, si anume:<\/p>\n\n\n\n<ul class=\"wp-block-list\">\n<li>&nbsp;1.&nbsp; Statie tratare Petresti<\/li>\n\n\n\n<li>&nbsp;2.&nbsp; Statie tratare Sebesel<\/li>\n\n\n\n<li>&nbsp;3.&nbsp; Statie definitiva Petresti<\/li>\n\n\n\n<li>&nbsp;4.&nbsp; Sediu APA CTTA SA Vasile Goldis<\/li>\n\n\n\n<li>&nbsp;5.&nbsp; Statia Pompare Galda<\/li>\n\n\n\n<li>&nbsp;6.&nbsp; Rezervoare Lalelelor(2&#215;5000)<\/li>\n\n\n\n<li>&nbsp;7.&nbsp; Statia pompare SP 11 &#8211; Gara<\/li>\n\n\n\n<li>&nbsp;8.&nbsp; CT Zona Sediu sucursala Alba lulia<\/li>\n\n\n\n<li>&nbsp;9.&nbsp; Statia epurare Ciugud<\/li>\n\n\n\n<li>10. Statia epurare Aiud<\/li>\n\n\n\n<li>11&nbsp; Statia epurare Lancram<\/li>\n\n\n\n<li>12. Statia epurare Blaj<\/li>\n\n\n\n<li>13. Rezervoare Sebe\u0219<\/li>\n\n\n\n<li>14. Statia tratare Mihoiesti<\/li>\n\n\n\n<li>15. Statia epurare C\u00e2mpeni<\/li>\n\n\n\n<li>16. Rezervor C\u00e2mpeni Bazine Muncel<\/li>\n\n\n\n<li>17. Statia epurare Cugir<\/li>\n\n\n\n<li>18. Statia epurare Ocna Mure\u0219 <\/li>\n<\/ul>\n\n\n\n<blockquote class=\"wp-block-quote is-layout-flow wp-block-quote-is-layout-flow\">\n<p>Prezentul proiect este complementar cu proiectele noastre anterioare prin faptul c\u0103, la fel ca \u0219i acestea, are drept obiectiv eficientizarea activit\u0103\u021bii desf\u0103\u0219urate de catre societatea noastra si este o dovada ca pentru noi, SC APA CTTA SA Alba,\u00a0 este esential sa investim constant in infrastructura de apa si de canalizare a jude\u021bului nostru si sunt 18 ani de c\u00e2nd facem asta an de an, referindu-ma doar la investi\u021biile din fonduri europene, pentru ca daca vorbim de cele din fonduri proprii, am facut-o mereu. Fara investi\u021bii nu avem cum sa func\u021bionam!<\/p>\n<cite>directorul general al societatii Cornel \u0218tefan Bardan<\/cite><\/blockquote>\n\n\n\n<figure class=\"wp-block-gallery has-nested-images columns-default is-cropped wp-block-gallery-1 is-layout-flex wp-block-gallery-is-layout-flex\">\n<figure class=\"wp-block-image size-large\"><a href=\"https:\/\/urbeamea.ro\/albaiulia\/wp-content\/uploads\/2024\/01\/Fara-titlul.png\"><img loading=\"lazy\" decoding=\"async\" width=\"546\" height=\"669\" data-id=\"110173\" src=\"https:\/\/urbeamea.ro\/albaiulia\/wp-content\/uploads\/2024\/01\/Fara-titlul.png\" alt=\"\" class=\"wp-image-110173\" srcset=\"https:\/\/urbeamea.ro\/albaiulia\/wp-content\/uploads\/2024\/01\/Fara-titlul.png 546w, https:\/\/urbeamea.ro\/albaiulia\/wp-content\/uploads\/2024\/01\/Fara-titlul-522x640.png 522w, https:\/\/urbeamea.ro\/albaiulia\/wp-content\/uploads\/2024\/01\/Fara-titlul-122x150.png 122w\" sizes=\"auto, (max-width: 546px) 100vw, 546px\" \/><\/a><\/figure>\n\n\n\n<figure class=\"wp-block-image size-large\"><a href=\"https:\/\/urbeamea.ro\/albaiulia\/wp-content\/uploads\/2024\/01\/Fara-titlum.png\"><img loading=\"lazy\" decoding=\"async\" width=\"501\" height=\"664\" data-id=\"110174\" src=\"https:\/\/urbeamea.ro\/albaiulia\/wp-content\/uploads\/2024\/01\/Fara-titlum.png\" alt=\"\" class=\"wp-image-110174\" srcset=\"https:\/\/urbeamea.ro\/albaiulia\/wp-content\/uploads\/2024\/01\/Fara-titlum.png 501w, https:\/\/urbeamea.ro\/albaiulia\/wp-content\/uploads\/2024\/01\/Fara-titlum-483x640.png 483w, https:\/\/urbeamea.ro\/albaiulia\/wp-content\/uploads\/2024\/01\/Fara-titlum-113x150.png 113w\" sizes=\"auto, (max-width: 501px) 100vw, 501px\" \/><\/a><\/figure>\n<\/figure>\n","protected":false},"excerpt":{"rendered":"<p>Proiectul \u00een valoare de 7.322.267,20 lei, cofinan\u021bat din Programul Opera\u021bional Infrastructur\u0103 Mare&nbsp;(POIM), 2014-2020, a avut ca obiect achizitia de echipamente, instalare si montaj de panouri fotovoltaice cu o putere de 450 W, rezult\u00e2nd o capacitate total\u0103 a sistemului de 982,4 kWp , precum si probe tehnologice si teste, in 18 locatii ale operatorului regional APA &hellip;<\/p>\n","protected":false},"author":16,"featured_media":110175,"comment_status":"open","ping_status":"open","sticky":false,"template":"","format":"standard","meta":{"inline_featured_image":false,"footnotes":""},"categories":[1],"tags":[9398],"class_list":["post-110172","post","type-post","status-publish","format-standard","has-post-thumbnail","hentry","category-stiri-urbane","tag-apa-ctta-sa-alba"],"yoast_head":"<!-- This site is optimized with the Yoast SEO plugin v27.4 - https:\/\/yoast.com\/product\/yoast-seo-wordpress\/ -->\n<title>Operatorul regional APA CTTA SA ALBA a finalizat Proiectul \u201cCrearea de facilit\u0103\u0163i de produc\u0163ie de energie electric\u0103 din SER pentru consumul propriu al APA CTTA\u201d - Revista Urbea Mea - Revista de Alba<\/title>\n<meta name=\"description\" content=\"Proiectul \u00een valoare de 7.322.267,20 lei, cofinan\u021bat din Programul Opera\u021bional Infrastructur\u0103 Mare&nbsp;(POIM), 2014-2020, a avut ca obiect achizitia de\" \/>\n<meta name=\"robots\" content=\"index, follow, max-snippet:-1, max-image-preview:large, max-video-preview:-1\" \/>\n<link rel=\"canonical\" href=\"https:\/\/urbeamea.ro\/albaiulia\/operatorul-regional-apa-ctta-sa-alba-a-finalizat-proiectul-crearea-de-facilitati-de-productie-de-energie-electrica-din-ser\/\" \/>\n<meta name=\"twitter:card\" content=\"summary_large_image\" \/>\n<meta name=\"twitter:title\" content=\"Operatorul regional APA CTTA SA ALBA a finalizat Proiectul \u201cCrearea de facilit\u0103\u0163i de produc\u0163ie de energie electric\u0103 din SER pentru consumul propriu al APA CTTA\u201d - Revista Urbea Mea - Revista de Alba\" \/>\n<meta name=\"twitter:description\" content=\"Proiectul \u00een valoare de 7.322.267,20 lei, cofinan\u021bat din Programul Opera\u021bional Infrastructur\u0103 Mare&nbsp;(POIM), 2014-2020, a avut ca obiect achizitia de\" \/>\n<meta name=\"twitter:image\" content=\"https:\/\/urbeamea.ro\/albaiulia\/wp-content\/uploads\/2024\/01\/Fara-titlun.png\" \/>\n<meta name=\"twitter:creator\" content=\"@urbeameaweb\" \/>\n<meta name=\"twitter:site\" content=\"@urbeameaweb\" \/>\n<script type=\"application\/ld+json\" class=\"yoast-schema-graph\">{\"@context\":\"https:\\\/\\\/schema.org\",\"@graph\":[{\"@type\":\"Article\",\"@id\":\"https:\\\/\\\/urbeamea.ro\\\/albaiulia\\\/operatorul-regional-apa-ctta-sa-alba-a-finalizat-proiectul-crearea-de-facilitati-de-productie-de-energie-electrica-din-ser\\\/#article\",\"isPartOf\":{\"@id\":\"https:\\\/\\\/urbeamea.ro\\\/albaiulia\\\/operatorul-regional-apa-ctta-sa-alba-a-finalizat-proiectul-crearea-de-facilitati-de-productie-de-energie-electrica-din-ser\\\/\"},\"author\":{\"name\":\"Redac\u021bia UrbeaMea\",\"@id\":\"https:\\\/\\\/urbeamea.ro\\\/albaiulia\\\/#\\\/schema\\\/person\\\/272ae98052f8ee8980f59848df070247\"},\"headline\":\"Operatorul regional APA CTTA SA ALBA a finalizat Proiectul \u201cCrearea de facilit\u0103\u0163i de produc\u0163ie de energie electric\u0103 din SER pentru consumul propriu al APA CTTA\u201d\",\"datePublished\":\"2024-01-18T09:43:53+00:00\",\"dateModified\":\"2024-01-18T09:44:32+00:00\",\"mainEntityOfPage\":{\"@id\":\"https:\\\/\\\/urbeamea.ro\\\/albaiulia\\\/operatorul-regional-apa-ctta-sa-alba-a-finalizat-proiectul-crearea-de-facilitati-de-productie-de-energie-electrica-din-ser\\\/\"},\"wordCount\":285,\"commentCount\":0,\"image\":{\"@id\":\"https:\\\/\\\/urbeamea.ro\\\/albaiulia\\\/operatorul-regional-apa-ctta-sa-alba-a-finalizat-proiectul-crearea-de-facilitati-de-productie-de-energie-electrica-din-ser\\\/#primaryimage\"},\"thumbnailUrl\":\"https:\\\/\\\/urbeamea.ro\\\/albaiulia\\\/wp-content\\\/uploads\\\/2024\\\/01\\\/Fara-titlun.png\",\"keywords\":[\"APA CTTA SA ALBA\"],\"articleSection\":[\"\u015etiri Urbane\"],\"inLanguage\":\"ro-RO\",\"potentialAction\":[{\"@type\":\"CommentAction\",\"name\":\"Comment\",\"target\":[\"https:\\\/\\\/urbeamea.ro\\\/albaiulia\\\/operatorul-regional-apa-ctta-sa-alba-a-finalizat-proiectul-crearea-de-facilitati-de-productie-de-energie-electrica-din-ser\\\/#respond\"]}]},{\"@type\":\"WebPage\",\"@id\":\"https:\\\/\\\/urbeamea.ro\\\/albaiulia\\\/operatorul-regional-apa-ctta-sa-alba-a-finalizat-proiectul-crearea-de-facilitati-de-productie-de-energie-electrica-din-ser\\\/\",\"url\":\"https:\\\/\\\/urbeamea.ro\\\/albaiulia\\\/operatorul-regional-apa-ctta-sa-alba-a-finalizat-proiectul-crearea-de-facilitati-de-productie-de-energie-electrica-din-ser\\\/\",\"name\":\"Operatorul regional APA CTTA SA ALBA a finalizat Proiectul \u201cCrearea de facilit\u0103\u0163i de produc\u0163ie de energie electric\u0103 din SER pentru consumul propriu al APA CTTA\u201d - Revista Urbea Mea - Revista de Alba\",\"isPartOf\":{\"@id\":\"https:\\\/\\\/urbeamea.ro\\\/albaiulia\\\/#website\"},\"primaryImageOfPage\":{\"@id\":\"https:\\\/\\\/urbeamea.ro\\\/albaiulia\\\/operatorul-regional-apa-ctta-sa-alba-a-finalizat-proiectul-crearea-de-facilitati-de-productie-de-energie-electrica-din-ser\\\/#primaryimage\"},\"image\":{\"@id\":\"https:\\\/\\\/urbeamea.ro\\\/albaiulia\\\/operatorul-regional-apa-ctta-sa-alba-a-finalizat-proiectul-crearea-de-facilitati-de-productie-de-energie-electrica-din-ser\\\/#primaryimage\"},\"thumbnailUrl\":\"https:\\\/\\\/urbeamea.ro\\\/albaiulia\\\/wp-content\\\/uploads\\\/2024\\\/01\\\/Fara-titlun.png\",\"datePublished\":\"2024-01-18T09:43:53+00:00\",\"dateModified\":\"2024-01-18T09:44:32+00:00\",\"author\":{\"@id\":\"https:\\\/\\\/urbeamea.ro\\\/albaiulia\\\/#\\\/schema\\\/person\\\/272ae98052f8ee8980f59848df070247\"},\"description\":\"Proiectul \u00een valoare de 7.322.267,20 lei, cofinan\u021bat din Programul Opera\u021bional Infrastructur\u0103 Mare&nbsp;(POIM), 2014-2020, a avut ca obiect achizitia de\",\"breadcrumb\":{\"@id\":\"https:\\\/\\\/urbeamea.ro\\\/albaiulia\\\/operatorul-regional-apa-ctta-sa-alba-a-finalizat-proiectul-crearea-de-facilitati-de-productie-de-energie-electrica-din-ser\\\/#breadcrumb\"},\"inLanguage\":\"ro-RO\",\"potentialAction\":[{\"@type\":\"ReadAction\",\"target\":[\"https:\\\/\\\/urbeamea.ro\\\/albaiulia\\\/operatorul-regional-apa-ctta-sa-alba-a-finalizat-proiectul-crearea-de-facilitati-de-productie-de-energie-electrica-din-ser\\\/\"]}]},{\"@type\":\"ImageObject\",\"inLanguage\":\"ro-RO\",\"@id\":\"https:\\\/\\\/urbeamea.ro\\\/albaiulia\\\/operatorul-regional-apa-ctta-sa-alba-a-finalizat-proiectul-crearea-de-facilitati-de-productie-de-energie-electrica-din-ser\\\/#primaryimage\",\"url\":\"https:\\\/\\\/urbeamea.ro\\\/albaiulia\\\/wp-content\\\/uploads\\\/2024\\\/01\\\/Fara-titlun.png\",\"contentUrl\":\"https:\\\/\\\/urbeamea.ro\\\/albaiulia\\\/wp-content\\\/uploads\\\/2024\\\/01\\\/Fara-titlun.png\",\"width\":676,\"height\":824},{\"@type\":\"BreadcrumbList\",\"@id\":\"https:\\\/\\\/urbeamea.ro\\\/albaiulia\\\/operatorul-regional-apa-ctta-sa-alba-a-finalizat-proiectul-crearea-de-facilitati-de-productie-de-energie-electrica-din-ser\\\/#breadcrumb\",\"itemListElement\":[{\"@type\":\"ListItem\",\"position\":1,\"name\":\"Prima pagin\u0103\",\"item\":\"https:\\\/\\\/urbeamea.ro\\\/albaiulia\\\/\"},{\"@type\":\"ListItem\",\"position\":2,\"name\":\"Operatorul regional APA CTTA SA ALBA a finalizat Proiectul \u201cCrearea de facilit\u0103\u0163i de produc\u0163ie de energie electric\u0103 din SER pentru consumul propriu al APA CTTA\u201d\"}]},{\"@type\":\"WebSite\",\"@id\":\"https:\\\/\\\/urbeamea.ro\\\/albaiulia\\\/#website\",\"url\":\"https:\\\/\\\/urbeamea.ro\\\/albaiulia\\\/\",\"name\":\"Revista Urbea Mea, Stiri urbane\",\"description\":\"Evenimente \u0219i \u0219tiri din Alba Iulia, Sebe\u0219, Aiud, Blaj\",\"potentialAction\":[{\"@type\":\"SearchAction\",\"target\":{\"@type\":\"EntryPoint\",\"urlTemplate\":\"https:\\\/\\\/urbeamea.ro\\\/albaiulia\\\/?s={search_term_string}\"},\"query-input\":{\"@type\":\"PropertyValueSpecification\",\"valueRequired\":true,\"valueName\":\"search_term_string\"}}],\"inLanguage\":\"ro-RO\"},{\"@type\":\"Person\",\"@id\":\"https:\\\/\\\/urbeamea.ro\\\/albaiulia\\\/#\\\/schema\\\/person\\\/272ae98052f8ee8980f59848df070247\",\"name\":\"Redac\u021bia UrbeaMea\",\"image\":{\"@type\":\"ImageObject\",\"inLanguage\":\"ro-RO\",\"@id\":\"https:\\\/\\\/secure.gravatar.com\\\/avatar\\\/9ce5a9435071fa1037e8468053ead8e513dbbff59009d3069aadb85506d85a27?s=96&d=mm&r=g\",\"url\":\"https:\\\/\\\/secure.gravatar.com\\\/avatar\\\/9ce5a9435071fa1037e8468053ead8e513dbbff59009d3069aadb85506d85a27?s=96&d=mm&r=g\",\"contentUrl\":\"https:\\\/\\\/secure.gravatar.com\\\/avatar\\\/9ce5a9435071fa1037e8468053ead8e513dbbff59009d3069aadb85506d85a27?s=96&d=mm&r=g\",\"caption\":\"Redac\u021bia UrbeaMea\"},\"description\":\"contact@urbeamea.ro\",\"sameAs\":[\"https:\\\/\\\/www.urbeamea.ro\"],\"url\":\"https:\\\/\\\/urbeamea.ro\\\/albaiulia\\\/author\\\/redactia-urbeamea\\\/\"}]}<\/script>\n<!-- \/ Yoast SEO plugin. -->","yoast_head_json":{"title":"Operatorul regional APA CTTA SA ALBA a finalizat Proiectul \u201cCrearea de facilit\u0103\u0163i de produc\u0163ie de energie electric\u0103 din SER pentru consumul propriu al APA CTTA\u201d - Revista Urbea Mea - Revista de Alba","description":"Proiectul \u00een valoare de 7.322.267,20 lei, cofinan\u021bat din Programul Opera\u021bional Infrastructur\u0103 Mare&nbsp;(POIM), 2014-2020, a avut ca obiect achizitia de","robots":{"index":"index","follow":"follow","max-snippet":"max-snippet:-1","max-image-preview":"max-image-preview:large","max-video-preview":"max-video-preview:-1"},"canonical":"https:\/\/urbeamea.ro\/albaiulia\/operatorul-regional-apa-ctta-sa-alba-a-finalizat-proiectul-crearea-de-facilitati-de-productie-de-energie-electrica-din-ser\/","twitter_card":"summary_large_image","twitter_title":"Operatorul regional APA CTTA SA ALBA a finalizat Proiectul \u201cCrearea de facilit\u0103\u0163i de produc\u0163ie de energie electric\u0103 din SER pentru consumul propriu al APA CTTA\u201d - Revista Urbea Mea - Revista de Alba","twitter_description":"Proiectul \u00een valoare de 7.322.267,20 lei, cofinan\u021bat din Programul Opera\u021bional Infrastructur\u0103 Mare&nbsp;(POIM), 2014-2020, a avut ca obiect achizitia de","twitter_image":"https:\/\/urbeamea.ro\/albaiulia\/wp-content\/uploads\/2024\/01\/Fara-titlun.png","twitter_creator":"@urbeameaweb","twitter_site":"@urbeameaweb","schema":{"@context":"https:\/\/schema.org","@graph":[{"@type":"Article","@id":"https:\/\/urbeamea.ro\/albaiulia\/operatorul-regional-apa-ctta-sa-alba-a-finalizat-proiectul-crearea-de-facilitati-de-productie-de-energie-electrica-din-ser\/#article","isPartOf":{"@id":"https:\/\/urbeamea.ro\/albaiulia\/operatorul-regional-apa-ctta-sa-alba-a-finalizat-proiectul-crearea-de-facilitati-de-productie-de-energie-electrica-din-ser\/"},"author":{"name":"Redac\u021bia UrbeaMea","@id":"https:\/\/urbeamea.ro\/albaiulia\/#\/schema\/person\/272ae98052f8ee8980f59848df070247"},"headline":"Operatorul regional APA CTTA SA ALBA a finalizat Proiectul \u201cCrearea de facilit\u0103\u0163i de produc\u0163ie de energie electric\u0103 din SER pentru consumul propriu al APA CTTA\u201d","datePublished":"2024-01-18T09:43:53+00:00","dateModified":"2024-01-18T09:44:32+00:00","mainEntityOfPage":{"@id":"https:\/\/urbeamea.ro\/albaiulia\/operatorul-regional-apa-ctta-sa-alba-a-finalizat-proiectul-crearea-de-facilitati-de-productie-de-energie-electrica-din-ser\/"},"wordCount":285,"commentCount":0,"image":{"@id":"https:\/\/urbeamea.ro\/albaiulia\/operatorul-regional-apa-ctta-sa-alba-a-finalizat-proiectul-crearea-de-facilitati-de-productie-de-energie-electrica-din-ser\/#primaryimage"},"thumbnailUrl":"https:\/\/urbeamea.ro\/albaiulia\/wp-content\/uploads\/2024\/01\/Fara-titlun.png","keywords":["APA CTTA SA ALBA"],"articleSection":["\u015etiri Urbane"],"inLanguage":"ro-RO","potentialAction":[{"@type":"CommentAction","name":"Comment","target":["https:\/\/urbeamea.ro\/albaiulia\/operatorul-regional-apa-ctta-sa-alba-a-finalizat-proiectul-crearea-de-facilitati-de-productie-de-energie-electrica-din-ser\/#respond"]}]},{"@type":"WebPage","@id":"https:\/\/urbeamea.ro\/albaiulia\/operatorul-regional-apa-ctta-sa-alba-a-finalizat-proiectul-crearea-de-facilitati-de-productie-de-energie-electrica-din-ser\/","url":"https:\/\/urbeamea.ro\/albaiulia\/operatorul-regional-apa-ctta-sa-alba-a-finalizat-proiectul-crearea-de-facilitati-de-productie-de-energie-electrica-din-ser\/","name":"Operatorul regional APA CTTA SA ALBA a finalizat Proiectul \u201cCrearea de facilit\u0103\u0163i de produc\u0163ie de energie electric\u0103 din SER pentru consumul propriu al APA CTTA\u201d - Revista Urbea Mea - Revista de Alba","isPartOf":{"@id":"https:\/\/urbeamea.ro\/albaiulia\/#website"},"primaryImageOfPage":{"@id":"https:\/\/urbeamea.ro\/albaiulia\/operatorul-regional-apa-ctta-sa-alba-a-finalizat-proiectul-crearea-de-facilitati-de-productie-de-energie-electrica-din-ser\/#primaryimage"},"image":{"@id":"https:\/\/urbeamea.ro\/albaiulia\/operatorul-regional-apa-ctta-sa-alba-a-finalizat-proiectul-crearea-de-facilitati-de-productie-de-energie-electrica-din-ser\/#primaryimage"},"thumbnailUrl":"https:\/\/urbeamea.ro\/albaiulia\/wp-content\/uploads\/2024\/01\/Fara-titlun.png","datePublished":"2024-01-18T09:43:53+00:00","dateModified":"2024-01-18T09:44:32+00:00","author":{"@id":"https:\/\/urbeamea.ro\/albaiulia\/#\/schema\/person\/272ae98052f8ee8980f59848df070247"},"description":"Proiectul \u00een valoare de 7.322.267,20 lei, cofinan\u021bat din Programul Opera\u021bional Infrastructur\u0103 Mare&nbsp;(POIM), 2014-2020, a avut ca obiect achizitia de","breadcrumb":{"@id":"https:\/\/urbeamea.ro\/albaiulia\/operatorul-regional-apa-ctta-sa-alba-a-finalizat-proiectul-crearea-de-facilitati-de-productie-de-energie-electrica-din-ser\/#breadcrumb"},"inLanguage":"ro-RO","potentialAction":[{"@type":"ReadAction","target":["https:\/\/urbeamea.ro\/albaiulia\/operatorul-regional-apa-ctta-sa-alba-a-finalizat-proiectul-crearea-de-facilitati-de-productie-de-energie-electrica-din-ser\/"]}]},{"@type":"ImageObject","inLanguage":"ro-RO","@id":"https:\/\/urbeamea.ro\/albaiulia\/operatorul-regional-apa-ctta-sa-alba-a-finalizat-proiectul-crearea-de-facilitati-de-productie-de-energie-electrica-din-ser\/#primaryimage","url":"https:\/\/urbeamea.ro\/albaiulia\/wp-content\/uploads\/2024\/01\/Fara-titlun.png","contentUrl":"https:\/\/urbeamea.ro\/albaiulia\/wp-content\/uploads\/2024\/01\/Fara-titlun.png","width":676,"height":824},{"@type":"BreadcrumbList","@id":"https:\/\/urbeamea.ro\/albaiulia\/operatorul-regional-apa-ctta-sa-alba-a-finalizat-proiectul-crearea-de-facilitati-de-productie-de-energie-electrica-din-ser\/#breadcrumb","itemListElement":[{"@type":"ListItem","position":1,"name":"Prima pagin\u0103","item":"https:\/\/urbeamea.ro\/albaiulia\/"},{"@type":"ListItem","position":2,"name":"Operatorul regional APA CTTA SA ALBA a finalizat Proiectul \u201cCrearea de facilit\u0103\u0163i de produc\u0163ie de energie electric\u0103 din SER pentru consumul propriu al APA CTTA\u201d"}]},{"@type":"WebSite","@id":"https:\/\/urbeamea.ro\/albaiulia\/#website","url":"https:\/\/urbeamea.ro\/albaiulia\/","name":"Revista Urbea Mea, Stiri urbane","description":"Evenimente \u0219i \u0219tiri din Alba Iulia, Sebe\u0219, Aiud, Blaj","potentialAction":[{"@type":"SearchAction","target":{"@type":"EntryPoint","urlTemplate":"https:\/\/urbeamea.ro\/albaiulia\/?s={search_term_string}"},"query-input":{"@type":"PropertyValueSpecification","valueRequired":true,"valueName":"search_term_string"}}],"inLanguage":"ro-RO"},{"@type":"Person","@id":"https:\/\/urbeamea.ro\/albaiulia\/#\/schema\/person\/272ae98052f8ee8980f59848df070247","name":"Redac\u021bia UrbeaMea","image":{"@type":"ImageObject","inLanguage":"ro-RO","@id":"https:\/\/secure.gravatar.com\/avatar\/9ce5a9435071fa1037e8468053ead8e513dbbff59009d3069aadb85506d85a27?s=96&d=mm&r=g","url":"https:\/\/secure.gravatar.com\/avatar\/9ce5a9435071fa1037e8468053ead8e513dbbff59009d3069aadb85506d85a27?s=96&d=mm&r=g","contentUrl":"https:\/\/secure.gravatar.com\/avatar\/9ce5a9435071fa1037e8468053ead8e513dbbff59009d3069aadb85506d85a27?s=96&d=mm&r=g","caption":"Redac\u021bia UrbeaMea"},"description":"contact@urbeamea.ro","sameAs":["https:\/\/www.urbeamea.ro"],"url":"https:\/\/urbeamea.ro\/albaiulia\/author\/redactia-urbeamea\/"}]}},"_links":{"self":[{"href":"https:\/\/urbeamea.ro\/albaiulia\/wp-json\/wp\/v2\/posts\/110172","targetHints":{"allow":["GET"]}}],"collection":[{"href":"https:\/\/urbeamea.ro\/albaiulia\/wp-json\/wp\/v2\/posts"}],"about":[{"href":"https:\/\/urbeamea.ro\/albaiulia\/wp-json\/wp\/v2\/types\/post"}],"author":[{"embeddable":true,"href":"https:\/\/urbeamea.ro\/albaiulia\/wp-json\/wp\/v2\/users\/16"}],"replies":[{"embeddable":true,"href":"https:\/\/urbeamea.ro\/albaiulia\/wp-json\/wp\/v2\/comments?post=110172"}],"version-history":[{"count":2,"href":"https:\/\/urbeamea.ro\/albaiulia\/wp-json\/wp\/v2\/posts\/110172\/revisions"}],"predecessor-version":[{"id":110177,"href":"https:\/\/urbeamea.ro\/albaiulia\/wp-json\/wp\/v2\/posts\/110172\/revisions\/110177"}],"wp:featuredmedia":[{"embeddable":true,"href":"https:\/\/urbeamea.ro\/albaiulia\/wp-json\/wp\/v2\/media\/110175"}],"wp:attachment":[{"href":"https:\/\/urbeamea.ro\/albaiulia\/wp-json\/wp\/v2\/media?parent=110172"}],"wp:term":[{"taxonomy":"category","embeddable":true,"href":"https:\/\/urbeamea.ro\/albaiulia\/wp-json\/wp\/v2\/categories?post=110172"},{"taxonomy":"post_tag","embeddable":true,"href":"https:\/\/urbeamea.ro\/albaiulia\/wp-json\/wp\/v2\/tags?post=110172"}],"curies":[{"name":"wp","href":"https:\/\/api.w.org\/{rel}","templated":true}]}}