{"id":110178,"date":"2024-01-18T11:48:58","date_gmt":"2024-01-18T09:48:58","guid":{"rendered":"https:\/\/urbeamea.ro\/albaiulia\/?p=110178"},"modified":"2024-01-22T10:18:57","modified_gmt":"2024-01-22T08:18:57","slug":"24-ianuarie-2024-la-alba-iulia-ziua-unirii-principatelor-romane","status":"publish","type":"post","link":"https:\/\/urbeamea.ro\/albaiulia\/24-ianuarie-2024-la-alba-iulia-ziua-unirii-principatelor-romane\/","title":{"rendered":"24 ianuarie 2024 la Alba Iulia \u2013 Ziua Unirii Principatelor Rom\u00e2ne"},"content":{"rendered":"\n<p>La Alba Iulia, marc\u0103m cu solemnitate \u0219i emo\u021bie Ziua Unirii Principatelor Rom\u00e2ne, un moment istoric deosebit de important petrecut \u00een urm\u0103 cu 165 de ani.<\/p>\n\n\n\n<p>La 24 ianuarie 1859, Alexandru Ioan Cuza era ales domn \u015fi al \u0162\u0103rii Rom\u00e2ne\u015fti, dup\u0103 ce la 5 ianuarie 1859 fusese ales domn al Moldovei, realiz\u00e2ndu-se astfel unirea celor dou\u0103 Principate Rom\u00e2ne sub conducerea unui singur domnitor. Acest eveniment major \u00een istoria \u0163\u0103rii noastre a reprezentat un important pas f\u0103cut pentru realizarea unui stat na\u0163ional unitar rom\u00e2n.<\/p>\n\n\n\n<p>Consiliul Jude\u021bean Alba \u0219i institu\u021biile de cultur\u0103 subordonate Centrul de Cultur\u0103 ,,Augustin Bena\u201d \u0219i Muzeul Na\u021bional al Unirii Alba Iulia vor organiza o serie de momente cultural-artistice \u0219i de evocare istoric\u0103 pe strada Muzeului din Cetatea Alba Carolina. Cu \u00eencepere de la ora 12:00, publicul prezent va asista la interpretarea Imnului Na\u021bional al Rom\u00e2niei sub bagheja dirijorului Fanfarei Jude\u021bului Alba, Coriolan Honca\u0219. Momentul solemn va fi continuat de reprezentan\u021bii Arhiepiscopiei Ortodoxe Alba Iulia cu slujba de Te Deum oficiat\u0103 \u00een amintirea F\u0103uritorilor Unirii din anul 1859.<\/p>\n\n\n\n<p>Publicul prezent va fi invitat ulterior s\u0103 dea m\u00e2n\u0103 cu m\u00e2n\u0103 \u0219i s\u0103-nv\u00e2rteasc\u0103 HORA UNIRII, pe acordurile muzicale ale Orchestrei Ansamblului Folcloric al Jude\u021bului Alba dirijat\u0103 cu m\u0103iestrie de Alexandru Pal, orchestr\u0103 prezent\u0103 \u00een toate momentele-simbol ale poporului rom\u00e2n din ultimii ani desf\u0103\u0219urate \u00een jude\u021bul Alba, c\u00e2t \u0219i pe plan na\u021bional \u0219i interna\u021bional. Soli\u0219tii vocali Roxana Reche, Floricica Moga, Dorina Nari\u021ba \u0219i Nicolae Plut\u0103 vor sus\u021bine un recital folcloric prin care vor aduce un omagiu F\u0103uritorilor Unirii \u0219i vor marca \u00eenceperea Anului Bicentenarului na\u0219terii eroului Avram Iancu.<\/p>\n\n\n\n<p>Muzeul Na\u021bional al Unirii din Alba Iulia va aduce \u00een prim-plan ,,Bustul lui Alexandru Ioan Cuza\u201d, lucrare de art\u0103 de excep\u021bie realizat\u0103 de sculptorul Ion Jalea*, istoricii institu\u021biei de prestigiu vor sus\u021bine o evocare istoric\u0103 \u0219i expozi\u021bia cu piese din patrimoniul muzeului va putea fi vizionat\u0103 gratuit \u00een Sala Unirii.<\/p>\n\n\n\n<p><em>*Ion Jalea a fost sculptor, sculptor monumentalist \u0219i pedagog rom\u00e2n, membru titular al Academiei Rom\u00e2ne, n\u0103scut \u00een Tulcea. A luptat \u00een Primul R\u0103zboi Mondial \u0219i \u0219i-a pierdut m\u00e2na st\u00e2ng\u0103 \u00een lupt\u0103, fiind nevoit s\u0103 sculpteze toat\u0103 via\u021ba doar cu dreapta. Sculptorul Ion Jalea este autor a numeroase monumente, statui, busturi, reliefuri, compozi\u021bii alegorice. La baza viziunii lui st\u0103 cultul pentru form\u0103 ca rezultat al observ\u0103rii realit\u0103\u021bii &#8211; \u00een special a figurii umane &#8211; \u0219i tendin\u021ba \u00eencorpor\u0103rii unor morfologii fantastice evocatoare ale mitologiei antice. Sculpturile sale au un sens idealizant, autorul viz\u00e2nd \u00een permanen\u021b\u0103 glorificarea unor fapte sau personalit\u0103\u021bi semnificative din experien\u021ba istoric\u0103. \u00cen compozi\u021biile sale, Ion Jalea urmeaz\u0103 legile clasice ale echilibrului, ale raporturilor armonice \u00eentre p\u0103r\u021bi, ale dozajului elementelor dinamice &#8211; gesturi, diagonale ascendente sau descendente &#8211; \u00eentr-un ansamblu coerent \u0219i static.\u00a0<\/em><\/p>\n\n\n\n<p>Pentru ora 19:00 este programat\u0103 difuzarea filmului documentar realizat de echipa Centrului de Cultur\u0103 ,,Augustin Bena\u201d \u0219i Orchestra Rom\u00e2n\u0103 de Folclor la ,,Palatul Alexandru Ioan Cuza\u201d de la Ruginoasa \u0219i la Palatul Culturii din Ia\u0219i: ,,Orchestra Rom\u00e2n\u0103 de Folclor, pe urmele Domnitorului Alexandru Ioan Cuza\u201d. Acesta va putea fi urm\u0103rit pe paginile de socializare \u0219i de promovare ale institu\u021biilor organizatoare.<\/p>\n\n\n\n<blockquote class=\"wp-block-quote is-layout-flow wp-block-quote-is-layout-flow\">\n<p><em>Aceast\u0103 zi reprezint\u0103 nu doar o comemorare a trecutului, ci \u0219i o \u00een\u0103l\u021bare a valorilor noastre na\u021bionale, \u00eentr-un gest de recuno\u0219tin\u021b\u0103 fa\u021b\u0103 de cei care au contribuit la formarea identit\u0103\u021bii noastre. S\u0103rb\u0103torim \u00eempreun\u0103 istoria, cultura \u0219i unitatea, care ne defineasc ca popor<\/em>.<\/p>\n<cite><strong>Alexandru Pal, manager al Centrului de Cultur\u0103 ,,Augustin Bena\u201d<\/strong><\/cite><\/blockquote>\n","protected":false},"excerpt":{"rendered":"<p>La Alba Iulia, marc\u0103m cu solemnitate \u0219i emo\u021bie Ziua Unirii Principatelor Rom\u00e2ne, un moment istoric deosebit de important petrecut \u00een urm\u0103 cu 165 de ani. La 24 ianuarie 1859, Alexandru Ioan Cuza era ales domn \u015fi al \u0162\u0103rii Rom\u00e2ne\u015fti, dup\u0103 ce la 5 ianuarie 1859 fusese ales domn al Moldovei, realiz\u00e2ndu-se astfel unirea celor dou\u0103 &hellip;<\/p>\n","protected":false},"author":16,"featured_media":110179,"comment_status":"open","ping_status":"open","sticky":false,"template":"","format":"standard","meta":{"inline_featured_image":false,"footnotes":""},"categories":[4],"tags":[7261,9533],"class_list":["post-110178","post","type-post","status-publish","format-standard","has-post-thumbnail","hentry","category-eveniment","tag-centrul-de-cultura-augustin-bena-alba","tag-ziua-unirii-principatelor-romane"],"yoast_head":"<!-- This site is optimized with the Yoast SEO plugin v27.4 - https:\/\/yoast.com\/product\/yoast-seo-wordpress\/ -->\n<title>24 ianuarie 2024 la Alba Iulia \u2013 Ziua Unirii Principatelor Rom\u00e2ne - Revista Urbea Mea - Revista de Alba<\/title>\n<meta name=\"description\" content=\"La Alba Iulia, marc\u0103m cu solemnitate \u0219i emo\u021bie Ziua Unirii Principatelor Rom\u00e2ne, un moment istoric deosebit de important petrecut \u00een urm\u0103 cu 165 de ani.\" \/>\n<meta name=\"robots\" content=\"index, follow, max-snippet:-1, max-image-preview:large, max-video-preview:-1\" \/>\n<link rel=\"canonical\" href=\"https:\/\/urbeamea.ro\/albaiulia\/24-ianuarie-2024-la-alba-iulia-ziua-unirii-principatelor-romane\/\" \/>\n<meta name=\"twitter:card\" content=\"summary_large_image\" \/>\n<meta name=\"twitter:title\" content=\"24 ianuarie 2024 la Alba Iulia \u2013 Ziua Unirii Principatelor Rom\u00e2ne - Revista Urbea Mea - Revista de Alba\" \/>\n<meta name=\"twitter:description\" content=\"La Alba Iulia, marc\u0103m cu solemnitate \u0219i emo\u021bie Ziua Unirii Principatelor Rom\u00e2ne, un moment istoric deosebit de important petrecut \u00een urm\u0103 cu 165 de ani.\" \/>\n<meta name=\"twitter:image\" content=\"https:\/\/urbeamea.ro\/albaiulia\/wp-content\/uploads\/2024\/01\/24-ianuarie-20214-la-Alba-Iulia.jpeg\" \/>\n<meta name=\"twitter:creator\" content=\"@urbeameaweb\" \/>\n<meta name=\"twitter:site\" content=\"@urbeameaweb\" \/>\n<script type=\"application\/ld+json\" class=\"yoast-schema-graph\">{\"@context\":\"https:\\\/\\\/schema.org\",\"@graph\":[{\"@type\":\"Article\",\"@id\":\"https:\\\/\\\/urbeamea.ro\\\/albaiulia\\\/24-ianuarie-2024-la-alba-iulia-ziua-unirii-principatelor-romane\\\/#article\",\"isPartOf\":{\"@id\":\"https:\\\/\\\/urbeamea.ro\\\/albaiulia\\\/24-ianuarie-2024-la-alba-iulia-ziua-unirii-principatelor-romane\\\/\"},\"author\":{\"name\":\"Redac\u021bia UrbeaMea\",\"@id\":\"https:\\\/\\\/urbeamea.ro\\\/albaiulia\\\/#\\\/schema\\\/person\\\/272ae98052f8ee8980f59848df070247\"},\"headline\":\"24 ianuarie 2024 la Alba Iulia \u2013 Ziua Unirii Principatelor Rom\u00e2ne\",\"datePublished\":\"2024-01-18T09:48:58+00:00\",\"dateModified\":\"2024-01-22T08:18:57+00:00\",\"mainEntityOfPage\":{\"@id\":\"https:\\\/\\\/urbeamea.ro\\\/albaiulia\\\/24-ianuarie-2024-la-alba-iulia-ziua-unirii-principatelor-romane\\\/\"},\"wordCount\":620,\"commentCount\":0,\"image\":{\"@id\":\"https:\\\/\\\/urbeamea.ro\\\/albaiulia\\\/24-ianuarie-2024-la-alba-iulia-ziua-unirii-principatelor-romane\\\/#primaryimage\"},\"thumbnailUrl\":\"https:\\\/\\\/urbeamea.ro\\\/albaiulia\\\/wp-content\\\/uploads\\\/2024\\\/01\\\/24-ianuarie-20214-la-Alba-Iulia.jpeg\",\"keywords\":[\"centrul de cultura augustin bena alba\",\"ziua unirii principatelor romane\"],\"articleSection\":[\"Evenimente\"],\"inLanguage\":\"ro-RO\",\"potentialAction\":[{\"@type\":\"CommentAction\",\"name\":\"Comment\",\"target\":[\"https:\\\/\\\/urbeamea.ro\\\/albaiulia\\\/24-ianuarie-2024-la-alba-iulia-ziua-unirii-principatelor-romane\\\/#respond\"]}]},{\"@type\":\"WebPage\",\"@id\":\"https:\\\/\\\/urbeamea.ro\\\/albaiulia\\\/24-ianuarie-2024-la-alba-iulia-ziua-unirii-principatelor-romane\\\/\",\"url\":\"https:\\\/\\\/urbeamea.ro\\\/albaiulia\\\/24-ianuarie-2024-la-alba-iulia-ziua-unirii-principatelor-romane\\\/\",\"name\":\"24 ianuarie 2024 la Alba Iulia \u2013 Ziua Unirii Principatelor Rom\u00e2ne - Revista Urbea Mea - Revista de Alba\",\"isPartOf\":{\"@id\":\"https:\\\/\\\/urbeamea.ro\\\/albaiulia\\\/#website\"},\"primaryImageOfPage\":{\"@id\":\"https:\\\/\\\/urbeamea.ro\\\/albaiulia\\\/24-ianuarie-2024-la-alba-iulia-ziua-unirii-principatelor-romane\\\/#primaryimage\"},\"image\":{\"@id\":\"https:\\\/\\\/urbeamea.ro\\\/albaiulia\\\/24-ianuarie-2024-la-alba-iulia-ziua-unirii-principatelor-romane\\\/#primaryimage\"},\"thumbnailUrl\":\"https:\\\/\\\/urbeamea.ro\\\/albaiulia\\\/wp-content\\\/uploads\\\/2024\\\/01\\\/24-ianuarie-20214-la-Alba-Iulia.jpeg\",\"datePublished\":\"2024-01-18T09:48:58+00:00\",\"dateModified\":\"2024-01-22T08:18:57+00:00\",\"author\":{\"@id\":\"https:\\\/\\\/urbeamea.ro\\\/albaiulia\\\/#\\\/schema\\\/person\\\/272ae98052f8ee8980f59848df070247\"},\"description\":\"La Alba Iulia, marc\u0103m cu solemnitate \u0219i emo\u021bie Ziua Unirii Principatelor Rom\u00e2ne, un moment istoric deosebit de important petrecut \u00een urm\u0103 cu 165 de ani.\",\"breadcrumb\":{\"@id\":\"https:\\\/\\\/urbeamea.ro\\\/albaiulia\\\/24-ianuarie-2024-la-alba-iulia-ziua-unirii-principatelor-romane\\\/#breadcrumb\"},\"inLanguage\":\"ro-RO\",\"potentialAction\":[{\"@type\":\"ReadAction\",\"target\":[\"https:\\\/\\\/urbeamea.ro\\\/albaiulia\\\/24-ianuarie-2024-la-alba-iulia-ziua-unirii-principatelor-romane\\\/\"]}]},{\"@type\":\"ImageObject\",\"inLanguage\":\"ro-RO\",\"@id\":\"https:\\\/\\\/urbeamea.ro\\\/albaiulia\\\/24-ianuarie-2024-la-alba-iulia-ziua-unirii-principatelor-romane\\\/#primaryimage\",\"url\":\"https:\\\/\\\/urbeamea.ro\\\/albaiulia\\\/wp-content\\\/uploads\\\/2024\\\/01\\\/24-ianuarie-20214-la-Alba-Iulia.jpeg\",\"contentUrl\":\"https:\\\/\\\/urbeamea.ro\\\/albaiulia\\\/wp-content\\\/uploads\\\/2024\\\/01\\\/24-ianuarie-20214-la-Alba-Iulia.jpeg\",\"width\":1600,\"height\":1131},{\"@type\":\"BreadcrumbList\",\"@id\":\"https:\\\/\\\/urbeamea.ro\\\/albaiulia\\\/24-ianuarie-2024-la-alba-iulia-ziua-unirii-principatelor-romane\\\/#breadcrumb\",\"itemListElement\":[{\"@type\":\"ListItem\",\"position\":1,\"name\":\"Prima pagin\u0103\",\"item\":\"https:\\\/\\\/urbeamea.ro\\\/albaiulia\\\/\"},{\"@type\":\"ListItem\",\"position\":2,\"name\":\"24 ianuarie 2024 la Alba Iulia \u2013 Ziua Unirii Principatelor Rom\u00e2ne\"}]},{\"@type\":\"WebSite\",\"@id\":\"https:\\\/\\\/urbeamea.ro\\\/albaiulia\\\/#website\",\"url\":\"https:\\\/\\\/urbeamea.ro\\\/albaiulia\\\/\",\"name\":\"Revista Urbea Mea, Stiri urbane\",\"description\":\"Evenimente \u0219i \u0219tiri din Alba Iulia, Sebe\u0219, Aiud, Blaj\",\"potentialAction\":[{\"@type\":\"SearchAction\",\"target\":{\"@type\":\"EntryPoint\",\"urlTemplate\":\"https:\\\/\\\/urbeamea.ro\\\/albaiulia\\\/?s={search_term_string}\"},\"query-input\":{\"@type\":\"PropertyValueSpecification\",\"valueRequired\":true,\"valueName\":\"search_term_string\"}}],\"inLanguage\":\"ro-RO\"},{\"@type\":\"Person\",\"@id\":\"https:\\\/\\\/urbeamea.ro\\\/albaiulia\\\/#\\\/schema\\\/person\\\/272ae98052f8ee8980f59848df070247\",\"name\":\"Redac\u021bia UrbeaMea\",\"image\":{\"@type\":\"ImageObject\",\"inLanguage\":\"ro-RO\",\"@id\":\"https:\\\/\\\/secure.gravatar.com\\\/avatar\\\/9ce5a9435071fa1037e8468053ead8e513dbbff59009d3069aadb85506d85a27?s=96&d=mm&r=g\",\"url\":\"https:\\\/\\\/secure.gravatar.com\\\/avatar\\\/9ce5a9435071fa1037e8468053ead8e513dbbff59009d3069aadb85506d85a27?s=96&d=mm&r=g\",\"contentUrl\":\"https:\\\/\\\/secure.gravatar.com\\\/avatar\\\/9ce5a9435071fa1037e8468053ead8e513dbbff59009d3069aadb85506d85a27?s=96&d=mm&r=g\",\"caption\":\"Redac\u021bia UrbeaMea\"},\"description\":\"contact@urbeamea.ro\",\"sameAs\":[\"https:\\\/\\\/www.urbeamea.ro\"],\"url\":\"https:\\\/\\\/urbeamea.ro\\\/albaiulia\\\/author\\\/redactia-urbeamea\\\/\"}]}<\/script>\n<!-- \/ Yoast SEO plugin. -->","yoast_head_json":{"title":"24 ianuarie 2024 la Alba Iulia \u2013 Ziua Unirii Principatelor Rom\u00e2ne - Revista Urbea Mea - Revista de Alba","description":"La Alba Iulia, marc\u0103m cu solemnitate \u0219i emo\u021bie Ziua Unirii Principatelor Rom\u00e2ne, un moment istoric deosebit de important petrecut \u00een urm\u0103 cu 165 de ani.","robots":{"index":"index","follow":"follow","max-snippet":"max-snippet:-1","max-image-preview":"max-image-preview:large","max-video-preview":"max-video-preview:-1"},"canonical":"https:\/\/urbeamea.ro\/albaiulia\/24-ianuarie-2024-la-alba-iulia-ziua-unirii-principatelor-romane\/","twitter_card":"summary_large_image","twitter_title":"24 ianuarie 2024 la Alba Iulia \u2013 Ziua Unirii Principatelor Rom\u00e2ne - Revista Urbea Mea - Revista de Alba","twitter_description":"La Alba Iulia, marc\u0103m cu solemnitate \u0219i emo\u021bie Ziua Unirii Principatelor Rom\u00e2ne, un moment istoric deosebit de important petrecut \u00een urm\u0103 cu 165 de ani.","twitter_image":"https:\/\/urbeamea.ro\/albaiulia\/wp-content\/uploads\/2024\/01\/24-ianuarie-20214-la-Alba-Iulia.jpeg","twitter_creator":"@urbeameaweb","twitter_site":"@urbeameaweb","schema":{"@context":"https:\/\/schema.org","@graph":[{"@type":"Article","@id":"https:\/\/urbeamea.ro\/albaiulia\/24-ianuarie-2024-la-alba-iulia-ziua-unirii-principatelor-romane\/#article","isPartOf":{"@id":"https:\/\/urbeamea.ro\/albaiulia\/24-ianuarie-2024-la-alba-iulia-ziua-unirii-principatelor-romane\/"},"author":{"name":"Redac\u021bia UrbeaMea","@id":"https:\/\/urbeamea.ro\/albaiulia\/#\/schema\/person\/272ae98052f8ee8980f59848df070247"},"headline":"24 ianuarie 2024 la Alba Iulia \u2013 Ziua Unirii Principatelor Rom\u00e2ne","datePublished":"2024-01-18T09:48:58+00:00","dateModified":"2024-01-22T08:18:57+00:00","mainEntityOfPage":{"@id":"https:\/\/urbeamea.ro\/albaiulia\/24-ianuarie-2024-la-alba-iulia-ziua-unirii-principatelor-romane\/"},"wordCount":620,"commentCount":0,"image":{"@id":"https:\/\/urbeamea.ro\/albaiulia\/24-ianuarie-2024-la-alba-iulia-ziua-unirii-principatelor-romane\/#primaryimage"},"thumbnailUrl":"https:\/\/urbeamea.ro\/albaiulia\/wp-content\/uploads\/2024\/01\/24-ianuarie-20214-la-Alba-Iulia.jpeg","keywords":["centrul de cultura augustin bena alba","ziua unirii principatelor romane"],"articleSection":["Evenimente"],"inLanguage":"ro-RO","potentialAction":[{"@type":"CommentAction","name":"Comment","target":["https:\/\/urbeamea.ro\/albaiulia\/24-ianuarie-2024-la-alba-iulia-ziua-unirii-principatelor-romane\/#respond"]}]},{"@type":"WebPage","@id":"https:\/\/urbeamea.ro\/albaiulia\/24-ianuarie-2024-la-alba-iulia-ziua-unirii-principatelor-romane\/","url":"https:\/\/urbeamea.ro\/albaiulia\/24-ianuarie-2024-la-alba-iulia-ziua-unirii-principatelor-romane\/","name":"24 ianuarie 2024 la Alba Iulia \u2013 Ziua Unirii Principatelor Rom\u00e2ne - Revista Urbea Mea - Revista de Alba","isPartOf":{"@id":"https:\/\/urbeamea.ro\/albaiulia\/#website"},"primaryImageOfPage":{"@id":"https:\/\/urbeamea.ro\/albaiulia\/24-ianuarie-2024-la-alba-iulia-ziua-unirii-principatelor-romane\/#primaryimage"},"image":{"@id":"https:\/\/urbeamea.ro\/albaiulia\/24-ianuarie-2024-la-alba-iulia-ziua-unirii-principatelor-romane\/#primaryimage"},"thumbnailUrl":"https:\/\/urbeamea.ro\/albaiulia\/wp-content\/uploads\/2024\/01\/24-ianuarie-20214-la-Alba-Iulia.jpeg","datePublished":"2024-01-18T09:48:58+00:00","dateModified":"2024-01-22T08:18:57+00:00","author":{"@id":"https:\/\/urbeamea.ro\/albaiulia\/#\/schema\/person\/272ae98052f8ee8980f59848df070247"},"description":"La Alba Iulia, marc\u0103m cu solemnitate \u0219i emo\u021bie Ziua Unirii Principatelor Rom\u00e2ne, un moment istoric deosebit de important petrecut \u00een urm\u0103 cu 165 de ani.","breadcrumb":{"@id":"https:\/\/urbeamea.ro\/albaiulia\/24-ianuarie-2024-la-alba-iulia-ziua-unirii-principatelor-romane\/#breadcrumb"},"inLanguage":"ro-RO","potentialAction":[{"@type":"ReadAction","target":["https:\/\/urbeamea.ro\/albaiulia\/24-ianuarie-2024-la-alba-iulia-ziua-unirii-principatelor-romane\/"]}]},{"@type":"ImageObject","inLanguage":"ro-RO","@id":"https:\/\/urbeamea.ro\/albaiulia\/24-ianuarie-2024-la-alba-iulia-ziua-unirii-principatelor-romane\/#primaryimage","url":"https:\/\/urbeamea.ro\/albaiulia\/wp-content\/uploads\/2024\/01\/24-ianuarie-20214-la-Alba-Iulia.jpeg","contentUrl":"https:\/\/urbeamea.ro\/albaiulia\/wp-content\/uploads\/2024\/01\/24-ianuarie-20214-la-Alba-Iulia.jpeg","width":1600,"height":1131},{"@type":"BreadcrumbList","@id":"https:\/\/urbeamea.ro\/albaiulia\/24-ianuarie-2024-la-alba-iulia-ziua-unirii-principatelor-romane\/#breadcrumb","itemListElement":[{"@type":"ListItem","position":1,"name":"Prima pagin\u0103","item":"https:\/\/urbeamea.ro\/albaiulia\/"},{"@type":"ListItem","position":2,"name":"24 ianuarie 2024 la Alba Iulia \u2013 Ziua Unirii Principatelor Rom\u00e2ne"}]},{"@type":"WebSite","@id":"https:\/\/urbeamea.ro\/albaiulia\/#website","url":"https:\/\/urbeamea.ro\/albaiulia\/","name":"Revista Urbea Mea, Stiri urbane","description":"Evenimente \u0219i \u0219tiri din Alba Iulia, Sebe\u0219, Aiud, Blaj","potentialAction":[{"@type":"SearchAction","target":{"@type":"EntryPoint","urlTemplate":"https:\/\/urbeamea.ro\/albaiulia\/?s={search_term_string}"},"query-input":{"@type":"PropertyValueSpecification","valueRequired":true,"valueName":"search_term_string"}}],"inLanguage":"ro-RO"},{"@type":"Person","@id":"https:\/\/urbeamea.ro\/albaiulia\/#\/schema\/person\/272ae98052f8ee8980f59848df070247","name":"Redac\u021bia UrbeaMea","image":{"@type":"ImageObject","inLanguage":"ro-RO","@id":"https:\/\/secure.gravatar.com\/avatar\/9ce5a9435071fa1037e8468053ead8e513dbbff59009d3069aadb85506d85a27?s=96&d=mm&r=g","url":"https:\/\/secure.gravatar.com\/avatar\/9ce5a9435071fa1037e8468053ead8e513dbbff59009d3069aadb85506d85a27?s=96&d=mm&r=g","contentUrl":"https:\/\/secure.gravatar.com\/avatar\/9ce5a9435071fa1037e8468053ead8e513dbbff59009d3069aadb85506d85a27?s=96&d=mm&r=g","caption":"Redac\u021bia UrbeaMea"},"description":"contact@urbeamea.ro","sameAs":["https:\/\/www.urbeamea.ro"],"url":"https:\/\/urbeamea.ro\/albaiulia\/author\/redactia-urbeamea\/"}]}},"_links":{"self":[{"href":"https:\/\/urbeamea.ro\/albaiulia\/wp-json\/wp\/v2\/posts\/110178","targetHints":{"allow":["GET"]}}],"collection":[{"href":"https:\/\/urbeamea.ro\/albaiulia\/wp-json\/wp\/v2\/posts"}],"about":[{"href":"https:\/\/urbeamea.ro\/albaiulia\/wp-json\/wp\/v2\/types\/post"}],"author":[{"embeddable":true,"href":"https:\/\/urbeamea.ro\/albaiulia\/wp-json\/wp\/v2\/users\/16"}],"replies":[{"embeddable":true,"href":"https:\/\/urbeamea.ro\/albaiulia\/wp-json\/wp\/v2\/comments?post=110178"}],"version-history":[{"count":1,"href":"https:\/\/urbeamea.ro\/albaiulia\/wp-json\/wp\/v2\/posts\/110178\/revisions"}],"predecessor-version":[{"id":110180,"href":"https:\/\/urbeamea.ro\/albaiulia\/wp-json\/wp\/v2\/posts\/110178\/revisions\/110180"}],"wp:featuredmedia":[{"embeddable":true,"href":"https:\/\/urbeamea.ro\/albaiulia\/wp-json\/wp\/v2\/media\/110179"}],"wp:attachment":[{"href":"https:\/\/urbeamea.ro\/albaiulia\/wp-json\/wp\/v2\/media?parent=110178"}],"wp:term":[{"taxonomy":"category","embeddable":true,"href":"https:\/\/urbeamea.ro\/albaiulia\/wp-json\/wp\/v2\/categories?post=110178"},{"taxonomy":"post_tag","embeddable":true,"href":"https:\/\/urbeamea.ro\/albaiulia\/wp-json\/wp\/v2\/tags?post=110178"}],"curies":[{"name":"wp","href":"https:\/\/api.w.org\/{rel}","templated":true}]}}