{"id":110185,"date":"2024-01-22T09:44:34","date_gmt":"2024-01-22T07:44:34","guid":{"rendered":"https:\/\/urbeamea.ro\/albaiulia\/?p=110185"},"modified":"2024-01-22T09:44:36","modified_gmt":"2024-01-22T07:44:36","slug":"volker-wollmann-directorul-revistei-terra-sebus-acta-musei-abesiensis-si-cetatean-de-onoare-al-municipiului-sebes-a-fost-decorat-cu-ordinul-meritul-cultural-in-grad-de-cavaler","status":"publish","type":"post","link":"https:\/\/urbeamea.ro\/albaiulia\/volker-wollmann-directorul-revistei-terra-sebus-acta-musei-abesiensis-si-cetatean-de-onoare-al-municipiului-sebes-a-fost-decorat-cu-ordinul-meritul-cultural-in-grad-de-cavaler\/","title":{"rendered":"Volker Wollmann, directorul revistei \u201eTerra Sebus. Acta Musei Abesiensis&#8221; \u0219i cet\u0103\u021bean de onoare al municipiului Sebe\u0219, a fost decorat cu ordinul \u201eMeritul Cultural&#8221; \u00een grad de cavaler"},"content":{"rendered":"\n<p>\u00een data de 15 ianuarie 2024, cu prilejul \u00a0Zilei Culturii Na\u021bionale, dr. h. c. Volker Wollmann, directorul revistei \u0219tiin\u021bifice a muzeului din Sebe\u0219, \u201eTerra Sebus. Acta Musei Sabesiensis&#8221;, \u0219i Cet\u0103\u021bean de onoare al Municipiului Sebe\u0219, a fost decorat de c\u0103tre pre\u0219edintele Rom\u00e2niei, Klaus Iohannis, cu Ordinul \u201eMeritul Cultural&#8221; \u00een grad de Cavaler, Categoria H \u2013 \u201eCercetarea \u0219tiin\u021bific\u0103&#8221;, pentru \u201emeritele importante \u00een cercetarea \u0219i valorificarea \u0219tiin\u021bific\u0103 a patrimoniului industrial din Banat, dar \u0219i pentru punerea \u00een valoare a culturii minorit\u0103\u021bii germane din Rom\u00e2nia&#8221;.<\/p>\n\n\n\n<p>\u00cel felicit\u0103m pentru decora\u021bia primit\u0103 \u0219i ne exprim\u0103m recuno\u0219tin\u021ba pentru consecventa activitate de cercetare a istoriei \u0219i patrimoniului cultural na\u021bional \u0219i pentru sprijinul necondi\u021bionat acordat, \u00een toate \u00eemprejur\u0103rile, comunit\u0103\u021bii \u0219tiin\u021bifice sebe\u0219ene.<\/p>\n\n\n\n<p>Dr. h. c. Volker Wollmann este un reputat istoric, absolvent al Facult\u0103\u021bii de Istorie \u015fi Filosofie a Universit\u0103\u021bii Babe\u0219-Bolyai din Cluj-Napoca. Cu toate c\u0103 a contribuit la editarea mai multor volume din seria \u201eInscrip\u021biile Daciei romane&#8221;, domeniul de suflet al lui Volker Wollmann, cel \u00een care s-a remarcat, a fost cercetarea mineritului din provincia Dacia, dar \u015fi cel din perioada premodern\u0103. Aceste activit\u0103\u021bi l-au condus treptat spre un alt domeniu, spectaculos dar neglijat \u00een comunitatea academic\u0103 din Rom\u00e2nia, arheologia industrial\u0103, concentr\u00e2ndu-\u0219i ulterior aten\u021bia asupra patrimoniului tehnic \u0219i industrial. \u00cen urma cercet\u0103rilor \u00eentreprinse, a elaborat o lucrare monumental\u0103 dedicat\u0103 patrimoniului preindustrial \u0219i industrial al Rom\u00e2niei, ajuns\u0103 \u00een anul 2023 la cel de-al X-lea volum.<\/p>\n\n\n\n<p>Din anul 2004, Volker Wollmann a devenit consilier \u015ftiin\u0163ific al Funda\u0163iei Sa\u015filor Ardeleni din M\u00fcnchen, iar \u00een anul 2012, statul german i-a r\u0103spl\u0103tit eforturile acord\u00e2ndu-i prestigioasa \u201eCruce Federal\u0103 de Merit&#8221;. \u00centre anii 2000 \u015fi 2006, a fost profesor asociat al Universit\u0103\u0163ii \u201e1 Decembrie 1918&#8243; din Alba Iulia, al c\u0103rui Doctor Honoris Causa a devenit, \u00eencep\u00e2nd cu anul 2015.&nbsp; Pentru meritele sale \u015ftiin\u0163ifice, \u00een anul 2011 a primit titlul de Cet\u0103\u021bean de onoare al municipiului Sebe\u015f (localitate \u00een care, de altfel, \u015fi-a petrecut copil\u0103ria \u015fi a absolvit liceul) \u015fi al municipiului Brad. De-a lungul anilor, a publicat peste 20 de c\u0103r\u0163i \u015fi peste 250 de articole \u015ftiin\u0163ifice \u00een reviste de prestigiu din Rom\u00e2nia \u015fi din str\u0103in\u0103tate, fiind, totodat\u0103, membru fondator \u015fi director al revistei \u201eTerra Sebus. Acta Musei Sabesiensis&#8221;, anuarul \u015ftiin\u0163ific al Muzeului Municipal \u201eIoan Raica&#8221; Sebe\u015f.<\/p>\n","protected":false},"excerpt":{"rendered":"<p>\u00een data de 15 ianuarie 2024, cu prilejul \u00a0Zilei Culturii Na\u021bionale, dr. h. c. Volker Wollmann, directorul revistei \u0219tiin\u021bifice a muzeului din Sebe\u0219, \u201eTerra Sebus. Acta Musei Sabesiensis&#8221;, \u0219i Cet\u0103\u021bean de onoare al Municipiului Sebe\u0219, a fost decorat de c\u0103tre pre\u0219edintele Rom\u00e2niei, Klaus Iohannis, cu Ordinul \u201eMeritul Cultural&#8221; \u00een grad de Cavaler, Categoria H \u2013 &hellip;<\/p>\n","protected":false},"author":16,"featured_media":107650,"comment_status":"open","ping_status":"open","sticky":false,"template":"","format":"standard","meta":{"inline_featured_image":false,"footnotes":""},"categories":[1],"tags":[17300,10470],"class_list":["post-110185","post","type-post","status-publish","format-standard","has-post-thumbnail","hentry","category-stiri-urbane","tag-municipiul-sebes","tag-volker-wollmann"],"yoast_head":"<!-- This site is optimized with the Yoast SEO plugin v27.4 - https:\/\/yoast.com\/product\/yoast-seo-wordpress\/ -->\n<title>Volker Wollmann, directorul revistei \u201eTerra Sebus. Acta Musei Abesiensis&quot; \u0219i cet\u0103\u021bean de onoare al municipiului Sebe\u0219, a fost decorat cu ordinul \u201eMeritul Cultural&quot; \u00een grad de cavaler - Revista Urbea Mea - Revista de Alba<\/title>\n<meta name=\"description\" content=\"\u00een data de 15 ianuarie 2024, cu prilejul \u00a0Zilei Culturii Na\u021bionale, dr. h. c. Volker Wollmann, directorul revistei \u0219tiin\u021bifice a muzeului din Sebe\u0219,\" \/>\n<meta name=\"robots\" content=\"index, follow, max-snippet:-1, max-image-preview:large, max-video-preview:-1\" \/>\n<link rel=\"canonical\" href=\"https:\/\/urbeamea.ro\/albaiulia\/volker-wollmann-directorul-revistei-terra-sebus-acta-musei-abesiensis-si-cetatean-de-onoare-al-municipiului-sebes-a-fost-decorat-cu-ordinul-meritul-cultural-in-grad-de-cavaler\/\" \/>\n<meta name=\"twitter:card\" content=\"summary_large_image\" \/>\n<meta name=\"twitter:title\" content=\"Volker Wollmann, directorul revistei \u201eTerra Sebus. Acta Musei Abesiensis&quot; \u0219i cet\u0103\u021bean de onoare al municipiului Sebe\u0219, a fost decorat cu ordinul \u201eMeritul Cultural&quot; \u00een grad de cavaler - Revista Urbea Mea - Revista de Alba\" \/>\n<meta name=\"twitter:description\" content=\"\u00een data de 15 ianuarie 2024, cu prilejul \u00a0Zilei Culturii Na\u021bionale, dr. h. c. Volker Wollmann, directorul revistei \u0219tiin\u021bifice a muzeului din Sebe\u0219,\" \/>\n<meta name=\"twitter:image\" content=\"https:\/\/urbeamea.ro\/albaiulia\/wp-content\/uploads\/2023\/05\/Kopie-von-Herr-Dr.-Volker-Wollmann-3.7.2017-Nr.9.jpg\" \/>\n<meta name=\"twitter:creator\" content=\"@urbeameaweb\" \/>\n<meta name=\"twitter:site\" content=\"@urbeameaweb\" \/>\n<script type=\"application\/ld+json\" class=\"yoast-schema-graph\">{\"@context\":\"https:\\\/\\\/schema.org\",\"@graph\":[{\"@type\":\"Article\",\"@id\":\"https:\\\/\\\/urbeamea.ro\\\/albaiulia\\\/volker-wollmann-directorul-revistei-terra-sebus-acta-musei-abesiensis-si-cetatean-de-onoare-al-municipiului-sebes-a-fost-decorat-cu-ordinul-meritul-cultural-in-grad-de-cavaler\\\/#article\",\"isPartOf\":{\"@id\":\"https:\\\/\\\/urbeamea.ro\\\/albaiulia\\\/volker-wollmann-directorul-revistei-terra-sebus-acta-musei-abesiensis-si-cetatean-de-onoare-al-municipiului-sebes-a-fost-decorat-cu-ordinul-meritul-cultural-in-grad-de-cavaler\\\/\"},\"author\":{\"name\":\"Redac\u021bia UrbeaMea\",\"@id\":\"https:\\\/\\\/urbeamea.ro\\\/albaiulia\\\/#\\\/schema\\\/person\\\/272ae98052f8ee8980f59848df070247\"},\"headline\":\"Volker Wollmann, directorul revistei \u201eTerra Sebus. Acta Musei Abesiensis&#8221; \u0219i cet\u0103\u021bean de onoare al municipiului Sebe\u0219, a fost decorat cu ordinul \u201eMeritul Cultural&#8221; \u00een grad de cavaler\",\"datePublished\":\"2024-01-22T07:44:34+00:00\",\"dateModified\":\"2024-01-22T07:44:36+00:00\",\"mainEntityOfPage\":{\"@id\":\"https:\\\/\\\/urbeamea.ro\\\/albaiulia\\\/volker-wollmann-directorul-revistei-terra-sebus-acta-musei-abesiensis-si-cetatean-de-onoare-al-municipiului-sebes-a-fost-decorat-cu-ordinul-meritul-cultural-in-grad-de-cavaler\\\/\"},\"wordCount\":429,\"commentCount\":0,\"image\":{\"@id\":\"https:\\\/\\\/urbeamea.ro\\\/albaiulia\\\/volker-wollmann-directorul-revistei-terra-sebus-acta-musei-abesiensis-si-cetatean-de-onoare-al-municipiului-sebes-a-fost-decorat-cu-ordinul-meritul-cultural-in-grad-de-cavaler\\\/#primaryimage\"},\"thumbnailUrl\":\"https:\\\/\\\/urbeamea.ro\\\/albaiulia\\\/wp-content\\\/uploads\\\/2023\\\/05\\\/Kopie-von-Herr-Dr.-Volker-Wollmann-3.7.2017-Nr.9.jpg\",\"keywords\":[\"municipiul sebes\",\"Volker Wollmann\"],\"articleSection\":[\"\u015etiri Urbane\"],\"inLanguage\":\"ro-RO\",\"potentialAction\":[{\"@type\":\"CommentAction\",\"name\":\"Comment\",\"target\":[\"https:\\\/\\\/urbeamea.ro\\\/albaiulia\\\/volker-wollmann-directorul-revistei-terra-sebus-acta-musei-abesiensis-si-cetatean-de-onoare-al-municipiului-sebes-a-fost-decorat-cu-ordinul-meritul-cultural-in-grad-de-cavaler\\\/#respond\"]}]},{\"@type\":\"WebPage\",\"@id\":\"https:\\\/\\\/urbeamea.ro\\\/albaiulia\\\/volker-wollmann-directorul-revistei-terra-sebus-acta-musei-abesiensis-si-cetatean-de-onoare-al-municipiului-sebes-a-fost-decorat-cu-ordinul-meritul-cultural-in-grad-de-cavaler\\\/\",\"url\":\"https:\\\/\\\/urbeamea.ro\\\/albaiulia\\\/volker-wollmann-directorul-revistei-terra-sebus-acta-musei-abesiensis-si-cetatean-de-onoare-al-municipiului-sebes-a-fost-decorat-cu-ordinul-meritul-cultural-in-grad-de-cavaler\\\/\",\"name\":\"Volker Wollmann, directorul revistei \u201eTerra Sebus. Acta Musei Abesiensis\\\" \u0219i cet\u0103\u021bean de onoare al municipiului Sebe\u0219, a fost decorat cu ordinul \u201eMeritul Cultural\\\" \u00een grad de cavaler - Revista Urbea Mea - Revista de Alba\",\"isPartOf\":{\"@id\":\"https:\\\/\\\/urbeamea.ro\\\/albaiulia\\\/#website\"},\"primaryImageOfPage\":{\"@id\":\"https:\\\/\\\/urbeamea.ro\\\/albaiulia\\\/volker-wollmann-directorul-revistei-terra-sebus-acta-musei-abesiensis-si-cetatean-de-onoare-al-municipiului-sebes-a-fost-decorat-cu-ordinul-meritul-cultural-in-grad-de-cavaler\\\/#primaryimage\"},\"image\":{\"@id\":\"https:\\\/\\\/urbeamea.ro\\\/albaiulia\\\/volker-wollmann-directorul-revistei-terra-sebus-acta-musei-abesiensis-si-cetatean-de-onoare-al-municipiului-sebes-a-fost-decorat-cu-ordinul-meritul-cultural-in-grad-de-cavaler\\\/#primaryimage\"},\"thumbnailUrl\":\"https:\\\/\\\/urbeamea.ro\\\/albaiulia\\\/wp-content\\\/uploads\\\/2023\\\/05\\\/Kopie-von-Herr-Dr.-Volker-Wollmann-3.7.2017-Nr.9.jpg\",\"datePublished\":\"2024-01-22T07:44:34+00:00\",\"dateModified\":\"2024-01-22T07:44:36+00:00\",\"author\":{\"@id\":\"https:\\\/\\\/urbeamea.ro\\\/albaiulia\\\/#\\\/schema\\\/person\\\/272ae98052f8ee8980f59848df070247\"},\"description\":\"\u00een data de 15 ianuarie 2024, cu prilejul \u00a0Zilei Culturii Na\u021bionale, dr. h. c. Volker Wollmann, directorul revistei \u0219tiin\u021bifice a muzeului din Sebe\u0219,\",\"breadcrumb\":{\"@id\":\"https:\\\/\\\/urbeamea.ro\\\/albaiulia\\\/volker-wollmann-directorul-revistei-terra-sebus-acta-musei-abesiensis-si-cetatean-de-onoare-al-municipiului-sebes-a-fost-decorat-cu-ordinul-meritul-cultural-in-grad-de-cavaler\\\/#breadcrumb\"},\"inLanguage\":\"ro-RO\",\"potentialAction\":[{\"@type\":\"ReadAction\",\"target\":[\"https:\\\/\\\/urbeamea.ro\\\/albaiulia\\\/volker-wollmann-directorul-revistei-terra-sebus-acta-musei-abesiensis-si-cetatean-de-onoare-al-municipiului-sebes-a-fost-decorat-cu-ordinul-meritul-cultural-in-grad-de-cavaler\\\/\"]}]},{\"@type\":\"ImageObject\",\"inLanguage\":\"ro-RO\",\"@id\":\"https:\\\/\\\/urbeamea.ro\\\/albaiulia\\\/volker-wollmann-directorul-revistei-terra-sebus-acta-musei-abesiensis-si-cetatean-de-onoare-al-municipiului-sebes-a-fost-decorat-cu-ordinul-meritul-cultural-in-grad-de-cavaler\\\/#primaryimage\",\"url\":\"https:\\\/\\\/urbeamea.ro\\\/albaiulia\\\/wp-content\\\/uploads\\\/2023\\\/05\\\/Kopie-von-Herr-Dr.-Volker-Wollmann-3.7.2017-Nr.9.jpg\",\"contentUrl\":\"https:\\\/\\\/urbeamea.ro\\\/albaiulia\\\/wp-content\\\/uploads\\\/2023\\\/05\\\/Kopie-von-Herr-Dr.-Volker-Wollmann-3.7.2017-Nr.9.jpg\",\"width\":1108,\"height\":1600},{\"@type\":\"BreadcrumbList\",\"@id\":\"https:\\\/\\\/urbeamea.ro\\\/albaiulia\\\/volker-wollmann-directorul-revistei-terra-sebus-acta-musei-abesiensis-si-cetatean-de-onoare-al-municipiului-sebes-a-fost-decorat-cu-ordinul-meritul-cultural-in-grad-de-cavaler\\\/#breadcrumb\",\"itemListElement\":[{\"@type\":\"ListItem\",\"position\":1,\"name\":\"Prima pagin\u0103\",\"item\":\"https:\\\/\\\/urbeamea.ro\\\/albaiulia\\\/\"},{\"@type\":\"ListItem\",\"position\":2,\"name\":\"Volker Wollmann, directorul revistei \u201eTerra Sebus. Acta Musei Abesiensis&#8221; \u0219i cet\u0103\u021bean de onoare al municipiului Sebe\u0219, a fost decorat cu ordinul \u201eMeritul Cultural&#8221; \u00een grad de cavaler\"}]},{\"@type\":\"WebSite\",\"@id\":\"https:\\\/\\\/urbeamea.ro\\\/albaiulia\\\/#website\",\"url\":\"https:\\\/\\\/urbeamea.ro\\\/albaiulia\\\/\",\"name\":\"Revista Urbea Mea, Stiri urbane\",\"description\":\"Evenimente \u0219i \u0219tiri din Alba Iulia, Sebe\u0219, Aiud, Blaj\",\"potentialAction\":[{\"@type\":\"SearchAction\",\"target\":{\"@type\":\"EntryPoint\",\"urlTemplate\":\"https:\\\/\\\/urbeamea.ro\\\/albaiulia\\\/?s={search_term_string}\"},\"query-input\":{\"@type\":\"PropertyValueSpecification\",\"valueRequired\":true,\"valueName\":\"search_term_string\"}}],\"inLanguage\":\"ro-RO\"},{\"@type\":\"Person\",\"@id\":\"https:\\\/\\\/urbeamea.ro\\\/albaiulia\\\/#\\\/schema\\\/person\\\/272ae98052f8ee8980f59848df070247\",\"name\":\"Redac\u021bia UrbeaMea\",\"image\":{\"@type\":\"ImageObject\",\"inLanguage\":\"ro-RO\",\"@id\":\"https:\\\/\\\/secure.gravatar.com\\\/avatar\\\/9ce5a9435071fa1037e8468053ead8e513dbbff59009d3069aadb85506d85a27?s=96&d=mm&r=g\",\"url\":\"https:\\\/\\\/secure.gravatar.com\\\/avatar\\\/9ce5a9435071fa1037e8468053ead8e513dbbff59009d3069aadb85506d85a27?s=96&d=mm&r=g\",\"contentUrl\":\"https:\\\/\\\/secure.gravatar.com\\\/avatar\\\/9ce5a9435071fa1037e8468053ead8e513dbbff59009d3069aadb85506d85a27?s=96&d=mm&r=g\",\"caption\":\"Redac\u021bia UrbeaMea\"},\"description\":\"contact@urbeamea.ro\",\"sameAs\":[\"https:\\\/\\\/www.urbeamea.ro\"],\"url\":\"https:\\\/\\\/urbeamea.ro\\\/albaiulia\\\/author\\\/redactia-urbeamea\\\/\"}]}<\/script>\n<!-- \/ Yoast SEO plugin. -->","yoast_head_json":{"title":"Volker Wollmann, directorul revistei \u201eTerra Sebus. Acta Musei Abesiensis\" \u0219i cet\u0103\u021bean de onoare al municipiului Sebe\u0219, a fost decorat cu ordinul \u201eMeritul Cultural\" \u00een grad de cavaler - Revista Urbea Mea - Revista de Alba","description":"\u00een data de 15 ianuarie 2024, cu prilejul \u00a0Zilei Culturii Na\u021bionale, dr. h. c. Volker Wollmann, directorul revistei \u0219tiin\u021bifice a muzeului din Sebe\u0219,","robots":{"index":"index","follow":"follow","max-snippet":"max-snippet:-1","max-image-preview":"max-image-preview:large","max-video-preview":"max-video-preview:-1"},"canonical":"https:\/\/urbeamea.ro\/albaiulia\/volker-wollmann-directorul-revistei-terra-sebus-acta-musei-abesiensis-si-cetatean-de-onoare-al-municipiului-sebes-a-fost-decorat-cu-ordinul-meritul-cultural-in-grad-de-cavaler\/","twitter_card":"summary_large_image","twitter_title":"Volker Wollmann, directorul revistei \u201eTerra Sebus. Acta Musei Abesiensis\" \u0219i cet\u0103\u021bean de onoare al municipiului Sebe\u0219, a fost decorat cu ordinul \u201eMeritul Cultural\" \u00een grad de cavaler - Revista Urbea Mea - Revista de Alba","twitter_description":"\u00een data de 15 ianuarie 2024, cu prilejul \u00a0Zilei Culturii Na\u021bionale, dr. h. c. Volker Wollmann, directorul revistei \u0219tiin\u021bifice a muzeului din Sebe\u0219,","twitter_image":"https:\/\/urbeamea.ro\/albaiulia\/wp-content\/uploads\/2023\/05\/Kopie-von-Herr-Dr.-Volker-Wollmann-3.7.2017-Nr.9.jpg","twitter_creator":"@urbeameaweb","twitter_site":"@urbeameaweb","schema":{"@context":"https:\/\/schema.org","@graph":[{"@type":"Article","@id":"https:\/\/urbeamea.ro\/albaiulia\/volker-wollmann-directorul-revistei-terra-sebus-acta-musei-abesiensis-si-cetatean-de-onoare-al-municipiului-sebes-a-fost-decorat-cu-ordinul-meritul-cultural-in-grad-de-cavaler\/#article","isPartOf":{"@id":"https:\/\/urbeamea.ro\/albaiulia\/volker-wollmann-directorul-revistei-terra-sebus-acta-musei-abesiensis-si-cetatean-de-onoare-al-municipiului-sebes-a-fost-decorat-cu-ordinul-meritul-cultural-in-grad-de-cavaler\/"},"author":{"name":"Redac\u021bia UrbeaMea","@id":"https:\/\/urbeamea.ro\/albaiulia\/#\/schema\/person\/272ae98052f8ee8980f59848df070247"},"headline":"Volker Wollmann, directorul revistei \u201eTerra Sebus. Acta Musei Abesiensis&#8221; \u0219i cet\u0103\u021bean de onoare al municipiului Sebe\u0219, a fost decorat cu ordinul \u201eMeritul Cultural&#8221; \u00een grad de cavaler","datePublished":"2024-01-22T07:44:34+00:00","dateModified":"2024-01-22T07:44:36+00:00","mainEntityOfPage":{"@id":"https:\/\/urbeamea.ro\/albaiulia\/volker-wollmann-directorul-revistei-terra-sebus-acta-musei-abesiensis-si-cetatean-de-onoare-al-municipiului-sebes-a-fost-decorat-cu-ordinul-meritul-cultural-in-grad-de-cavaler\/"},"wordCount":429,"commentCount":0,"image":{"@id":"https:\/\/urbeamea.ro\/albaiulia\/volker-wollmann-directorul-revistei-terra-sebus-acta-musei-abesiensis-si-cetatean-de-onoare-al-municipiului-sebes-a-fost-decorat-cu-ordinul-meritul-cultural-in-grad-de-cavaler\/#primaryimage"},"thumbnailUrl":"https:\/\/urbeamea.ro\/albaiulia\/wp-content\/uploads\/2023\/05\/Kopie-von-Herr-Dr.-Volker-Wollmann-3.7.2017-Nr.9.jpg","keywords":["municipiul sebes","Volker Wollmann"],"articleSection":["\u015etiri Urbane"],"inLanguage":"ro-RO","potentialAction":[{"@type":"CommentAction","name":"Comment","target":["https:\/\/urbeamea.ro\/albaiulia\/volker-wollmann-directorul-revistei-terra-sebus-acta-musei-abesiensis-si-cetatean-de-onoare-al-municipiului-sebes-a-fost-decorat-cu-ordinul-meritul-cultural-in-grad-de-cavaler\/#respond"]}]},{"@type":"WebPage","@id":"https:\/\/urbeamea.ro\/albaiulia\/volker-wollmann-directorul-revistei-terra-sebus-acta-musei-abesiensis-si-cetatean-de-onoare-al-municipiului-sebes-a-fost-decorat-cu-ordinul-meritul-cultural-in-grad-de-cavaler\/","url":"https:\/\/urbeamea.ro\/albaiulia\/volker-wollmann-directorul-revistei-terra-sebus-acta-musei-abesiensis-si-cetatean-de-onoare-al-municipiului-sebes-a-fost-decorat-cu-ordinul-meritul-cultural-in-grad-de-cavaler\/","name":"Volker Wollmann, directorul revistei \u201eTerra Sebus. Acta Musei Abesiensis\" \u0219i cet\u0103\u021bean de onoare al municipiului Sebe\u0219, a fost decorat cu ordinul \u201eMeritul Cultural\" \u00een grad de cavaler - Revista Urbea Mea - Revista de Alba","isPartOf":{"@id":"https:\/\/urbeamea.ro\/albaiulia\/#website"},"primaryImageOfPage":{"@id":"https:\/\/urbeamea.ro\/albaiulia\/volker-wollmann-directorul-revistei-terra-sebus-acta-musei-abesiensis-si-cetatean-de-onoare-al-municipiului-sebes-a-fost-decorat-cu-ordinul-meritul-cultural-in-grad-de-cavaler\/#primaryimage"},"image":{"@id":"https:\/\/urbeamea.ro\/albaiulia\/volker-wollmann-directorul-revistei-terra-sebus-acta-musei-abesiensis-si-cetatean-de-onoare-al-municipiului-sebes-a-fost-decorat-cu-ordinul-meritul-cultural-in-grad-de-cavaler\/#primaryimage"},"thumbnailUrl":"https:\/\/urbeamea.ro\/albaiulia\/wp-content\/uploads\/2023\/05\/Kopie-von-Herr-Dr.-Volker-Wollmann-3.7.2017-Nr.9.jpg","datePublished":"2024-01-22T07:44:34+00:00","dateModified":"2024-01-22T07:44:36+00:00","author":{"@id":"https:\/\/urbeamea.ro\/albaiulia\/#\/schema\/person\/272ae98052f8ee8980f59848df070247"},"description":"\u00een data de 15 ianuarie 2024, cu prilejul \u00a0Zilei Culturii Na\u021bionale, dr. h. c. Volker Wollmann, directorul revistei \u0219tiin\u021bifice a muzeului din Sebe\u0219,","breadcrumb":{"@id":"https:\/\/urbeamea.ro\/albaiulia\/volker-wollmann-directorul-revistei-terra-sebus-acta-musei-abesiensis-si-cetatean-de-onoare-al-municipiului-sebes-a-fost-decorat-cu-ordinul-meritul-cultural-in-grad-de-cavaler\/#breadcrumb"},"inLanguage":"ro-RO","potentialAction":[{"@type":"ReadAction","target":["https:\/\/urbeamea.ro\/albaiulia\/volker-wollmann-directorul-revistei-terra-sebus-acta-musei-abesiensis-si-cetatean-de-onoare-al-municipiului-sebes-a-fost-decorat-cu-ordinul-meritul-cultural-in-grad-de-cavaler\/"]}]},{"@type":"ImageObject","inLanguage":"ro-RO","@id":"https:\/\/urbeamea.ro\/albaiulia\/volker-wollmann-directorul-revistei-terra-sebus-acta-musei-abesiensis-si-cetatean-de-onoare-al-municipiului-sebes-a-fost-decorat-cu-ordinul-meritul-cultural-in-grad-de-cavaler\/#primaryimage","url":"https:\/\/urbeamea.ro\/albaiulia\/wp-content\/uploads\/2023\/05\/Kopie-von-Herr-Dr.-Volker-Wollmann-3.7.2017-Nr.9.jpg","contentUrl":"https:\/\/urbeamea.ro\/albaiulia\/wp-content\/uploads\/2023\/05\/Kopie-von-Herr-Dr.-Volker-Wollmann-3.7.2017-Nr.9.jpg","width":1108,"height":1600},{"@type":"BreadcrumbList","@id":"https:\/\/urbeamea.ro\/albaiulia\/volker-wollmann-directorul-revistei-terra-sebus-acta-musei-abesiensis-si-cetatean-de-onoare-al-municipiului-sebes-a-fost-decorat-cu-ordinul-meritul-cultural-in-grad-de-cavaler\/#breadcrumb","itemListElement":[{"@type":"ListItem","position":1,"name":"Prima pagin\u0103","item":"https:\/\/urbeamea.ro\/albaiulia\/"},{"@type":"ListItem","position":2,"name":"Volker Wollmann, directorul revistei \u201eTerra Sebus. Acta Musei Abesiensis&#8221; \u0219i cet\u0103\u021bean de onoare al municipiului Sebe\u0219, a fost decorat cu ordinul \u201eMeritul Cultural&#8221; \u00een grad de cavaler"}]},{"@type":"WebSite","@id":"https:\/\/urbeamea.ro\/albaiulia\/#website","url":"https:\/\/urbeamea.ro\/albaiulia\/","name":"Revista Urbea Mea, Stiri urbane","description":"Evenimente \u0219i \u0219tiri din Alba Iulia, Sebe\u0219, Aiud, Blaj","potentialAction":[{"@type":"SearchAction","target":{"@type":"EntryPoint","urlTemplate":"https:\/\/urbeamea.ro\/albaiulia\/?s={search_term_string}"},"query-input":{"@type":"PropertyValueSpecification","valueRequired":true,"valueName":"search_term_string"}}],"inLanguage":"ro-RO"},{"@type":"Person","@id":"https:\/\/urbeamea.ro\/albaiulia\/#\/schema\/person\/272ae98052f8ee8980f59848df070247","name":"Redac\u021bia UrbeaMea","image":{"@type":"ImageObject","inLanguage":"ro-RO","@id":"https:\/\/secure.gravatar.com\/avatar\/9ce5a9435071fa1037e8468053ead8e513dbbff59009d3069aadb85506d85a27?s=96&d=mm&r=g","url":"https:\/\/secure.gravatar.com\/avatar\/9ce5a9435071fa1037e8468053ead8e513dbbff59009d3069aadb85506d85a27?s=96&d=mm&r=g","contentUrl":"https:\/\/secure.gravatar.com\/avatar\/9ce5a9435071fa1037e8468053ead8e513dbbff59009d3069aadb85506d85a27?s=96&d=mm&r=g","caption":"Redac\u021bia UrbeaMea"},"description":"contact@urbeamea.ro","sameAs":["https:\/\/www.urbeamea.ro"],"url":"https:\/\/urbeamea.ro\/albaiulia\/author\/redactia-urbeamea\/"}]}},"_links":{"self":[{"href":"https:\/\/urbeamea.ro\/albaiulia\/wp-json\/wp\/v2\/posts\/110185","targetHints":{"allow":["GET"]}}],"collection":[{"href":"https:\/\/urbeamea.ro\/albaiulia\/wp-json\/wp\/v2\/posts"}],"about":[{"href":"https:\/\/urbeamea.ro\/albaiulia\/wp-json\/wp\/v2\/types\/post"}],"author":[{"embeddable":true,"href":"https:\/\/urbeamea.ro\/albaiulia\/wp-json\/wp\/v2\/users\/16"}],"replies":[{"embeddable":true,"href":"https:\/\/urbeamea.ro\/albaiulia\/wp-json\/wp\/v2\/comments?post=110185"}],"version-history":[{"count":1,"href":"https:\/\/urbeamea.ro\/albaiulia\/wp-json\/wp\/v2\/posts\/110185\/revisions"}],"predecessor-version":[{"id":110186,"href":"https:\/\/urbeamea.ro\/albaiulia\/wp-json\/wp\/v2\/posts\/110185\/revisions\/110186"}],"wp:featuredmedia":[{"embeddable":true,"href":"https:\/\/urbeamea.ro\/albaiulia\/wp-json\/wp\/v2\/media\/107650"}],"wp:attachment":[{"href":"https:\/\/urbeamea.ro\/albaiulia\/wp-json\/wp\/v2\/media?parent=110185"}],"wp:term":[{"taxonomy":"category","embeddable":true,"href":"https:\/\/urbeamea.ro\/albaiulia\/wp-json\/wp\/v2\/categories?post=110185"},{"taxonomy":"post_tag","embeddable":true,"href":"https:\/\/urbeamea.ro\/albaiulia\/wp-json\/wp\/v2\/tags?post=110185"}],"curies":[{"name":"wp","href":"https:\/\/api.w.org\/{rel}","templated":true}]}}