{"id":110201,"date":"2024-01-23T11:56:55","date_gmt":"2024-01-23T09:56:55","guid":{"rendered":"https:\/\/urbeamea.ro\/albaiulia\/?p=110201"},"modified":"2024-01-23T11:56:57","modified_gmt":"2024-01-23T09:56:57","slug":"biblioteca-judeteana-lucian-blaga-alba-recruteaza-voluntari","status":"publish","type":"post","link":"https:\/\/urbeamea.ro\/albaiulia\/biblioteca-judeteana-lucian-blaga-alba-recruteaza-voluntari\/","title":{"rendered":"Biblioteca Jude\u021bean\u0103 \u201eLucian Blaga\u201d Alba recruteaz\u0103 voluntari"},"content":{"rendered":"\n<p>Biblioteca Jude\u021bean\u0103 \u201eLucian Blaga\u201d Alba recruteaz\u0103 voluntari, \u00een condi\u021biile generale ale Legii nr. 78\/2014 privind reglementarea activit\u0103\u0163ii de voluntariat \u00een Rom\u00e2nia.<\/p>\n\n\n\n<p>Condi\u0163ii de \u00eenscriere:<\/p>\n\n\n\n<ul class=\"wp-block-list\">\n<li>a) v\u00e2rsta minim\u0103 14 ani;<\/li>\n\n\n\n<li>b) program flexibil;<\/li>\n<\/ul>\n\n\n\n<p>Abilit\u0103\u0163i \u015fi competen\u0163e necesare:<\/p>\n\n\n\n<ul class=\"wp-block-list\">\n<li>a) abilit\u0103\u0163i de comunicare, creativitate \u015fi rela\u0163ionare;<\/li>\n\n\n\n<li>b) rezisten\u021b\u0103 la efort fizic \u0219i intelectual;<\/li>\n\n\n\n<li>c) disponibilitate de a lucra \u00een echip\u0103;<\/li>\n\n\n\n<li>d) sociabilitate, adaptabilitate, ini\u0163iativ\u0103;<\/li>\n\n\n\n<li>e) bun organizator, atitudine deschis\u0103;<\/li>\n\n\n\n<li>f) capacitate de a transmite corect informa\u021biile \u0219i de a face fa\u021b\u0103 evenimentelor neprev\u0103zute;<\/li>\n\n\n\n<li>g) capacitatea \u0219i dorin\u021ba de a \u00eenv\u0103\u021ba lucruri noi;<\/li>\n<\/ul>\n\n\n\n<p>Acte necesare \u00eenscrierii:<\/p>\n\n\n\n<ul class=\"wp-block-list\">\n<li>a) cerere de \u00eenscriere adresat\u0103 managerului Bibliotecii Jude\u021bene \u201eLucian Blaga\u201d Alba;<\/li>\n\n\n\n<li>b) copia actului de identitate;<\/li>\n\n\n\n<li>c) curriculum vitae (\u00een cazul persoanelor majore)\/ acordul p\u0103rin\u021bilor (\u00een cazul persoanelor minore).<\/li>\n<\/ul>\n\n\n\n<p>Actele pot fi \u00eenregistrate la secretariatul institu\u021biei sau pot fi trimise \u00een format electronic pe adresa de E-mail bjaanapienar@yahoo.com. Informa\u021bii suplimentare la telefon 0258811443.<\/p>\n","protected":false},"excerpt":{"rendered":"<p>Biblioteca Jude\u021bean\u0103 \u201eLucian Blaga\u201d Alba recruteaz\u0103 voluntari, \u00een condi\u021biile generale ale Legii nr. 78\/2014 privind reglementarea activit\u0103\u0163ii de voluntariat \u00een Rom\u00e2nia. Condi\u0163ii de \u00eenscriere: a) v\u00e2rsta minim\u0103 14 ani; b) program flexibil; Abilit\u0103\u0163i \u015fi competen\u0163e necesare: a) abilit\u0103\u0163i de comunicare, creativitate \u015fi rela\u0163ionare; b) rezisten\u021b\u0103 la efort fizic \u0219i intelectual; c) disponibilitate de a lucra &hellip;<\/p>\n","protected":false},"author":16,"featured_media":100762,"comment_status":"open","ping_status":"open","sticky":false,"template":"","format":"standard","meta":{"inline_featured_image":false,"footnotes":""},"categories":[1],"tags":[2113],"class_list":["post-110201","post","type-post","status-publish","format-standard","has-post-thumbnail","hentry","category-stiri-urbane","tag-biblioteca-judeteana-lucian-blaga-alba"],"yoast_head":"<!-- This site is optimized with the Yoast SEO plugin v27.4 - https:\/\/yoast.com\/product\/yoast-seo-wordpress\/ -->\n<title>Biblioteca Jude\u021bean\u0103 \u201eLucian Blaga\u201d Alba recruteaz\u0103 voluntari - Revista Urbea Mea - Revista de Alba<\/title>\n<meta name=\"description\" content=\"Biblioteca Jude\u021bean\u0103 \u201eLucian Blaga\u201d Alba recruteaz\u0103 voluntari, \u00een condi\u021biile generale ale Legii nr. 78\/2014 privind reglementarea activit\u0103\u0163ii de\" \/>\n<meta name=\"robots\" content=\"index, follow, max-snippet:-1, max-image-preview:large, max-video-preview:-1\" \/>\n<link rel=\"canonical\" href=\"https:\/\/urbeamea.ro\/albaiulia\/biblioteca-judeteana-lucian-blaga-alba-recruteaza-voluntari\/\" \/>\n<meta name=\"twitter:card\" content=\"summary_large_image\" \/>\n<meta name=\"twitter:title\" content=\"Biblioteca Jude\u021bean\u0103 \u201eLucian Blaga\u201d Alba recruteaz\u0103 voluntari - Revista Urbea Mea - Revista de Alba\" \/>\n<meta name=\"twitter:description\" content=\"Biblioteca Jude\u021bean\u0103 \u201eLucian Blaga\u201d Alba recruteaz\u0103 voluntari, \u00een condi\u021biile generale ale Legii nr. 78\/2014 privind reglementarea activit\u0103\u0163ii de\" \/>\n<meta name=\"twitter:image\" content=\"https:\/\/urbeamea.ro\/albaiulia\/wp-content\/uploads\/2022\/03\/Foto-Fatada-BJA.jpg\" \/>\n<meta name=\"twitter:creator\" content=\"@urbeameaweb\" \/>\n<meta name=\"twitter:site\" content=\"@urbeameaweb\" \/>\n<script type=\"application\/ld+json\" class=\"yoast-schema-graph\">{\"@context\":\"https:\\\/\\\/schema.org\",\"@graph\":[{\"@type\":\"Article\",\"@id\":\"https:\\\/\\\/urbeamea.ro\\\/albaiulia\\\/biblioteca-judeteana-lucian-blaga-alba-recruteaza-voluntari\\\/#article\",\"isPartOf\":{\"@id\":\"https:\\\/\\\/urbeamea.ro\\\/albaiulia\\\/biblioteca-judeteana-lucian-blaga-alba-recruteaza-voluntari\\\/\"},\"author\":{\"name\":\"Redac\u021bia UrbeaMea\",\"@id\":\"https:\\\/\\\/urbeamea.ro\\\/albaiulia\\\/#\\\/schema\\\/person\\\/272ae98052f8ee8980f59848df070247\"},\"headline\":\"Biblioteca Jude\u021bean\u0103 \u201eLucian Blaga\u201d Alba recruteaz\u0103 voluntari\",\"datePublished\":\"2024-01-23T09:56:55+00:00\",\"dateModified\":\"2024-01-23T09:56:57+00:00\",\"mainEntityOfPage\":{\"@id\":\"https:\\\/\\\/urbeamea.ro\\\/albaiulia\\\/biblioteca-judeteana-lucian-blaga-alba-recruteaza-voluntari\\\/\"},\"wordCount\":172,\"commentCount\":0,\"image\":{\"@id\":\"https:\\\/\\\/urbeamea.ro\\\/albaiulia\\\/biblioteca-judeteana-lucian-blaga-alba-recruteaza-voluntari\\\/#primaryimage\"},\"thumbnailUrl\":\"https:\\\/\\\/urbeamea.ro\\\/albaiulia\\\/wp-content\\\/uploads\\\/2022\\\/03\\\/Foto-Fatada-BJA.jpg\",\"keywords\":[\"Biblioteca Jude\u0163ean\u0103 \u201cLucian Blaga\u201d Alba\"],\"articleSection\":[\"\u015etiri Urbane\"],\"inLanguage\":\"ro-RO\",\"potentialAction\":[{\"@type\":\"CommentAction\",\"name\":\"Comment\",\"target\":[\"https:\\\/\\\/urbeamea.ro\\\/albaiulia\\\/biblioteca-judeteana-lucian-blaga-alba-recruteaza-voluntari\\\/#respond\"]}]},{\"@type\":\"WebPage\",\"@id\":\"https:\\\/\\\/urbeamea.ro\\\/albaiulia\\\/biblioteca-judeteana-lucian-blaga-alba-recruteaza-voluntari\\\/\",\"url\":\"https:\\\/\\\/urbeamea.ro\\\/albaiulia\\\/biblioteca-judeteana-lucian-blaga-alba-recruteaza-voluntari\\\/\",\"name\":\"Biblioteca Jude\u021bean\u0103 \u201eLucian Blaga\u201d Alba recruteaz\u0103 voluntari - Revista Urbea Mea - Revista de Alba\",\"isPartOf\":{\"@id\":\"https:\\\/\\\/urbeamea.ro\\\/albaiulia\\\/#website\"},\"primaryImageOfPage\":{\"@id\":\"https:\\\/\\\/urbeamea.ro\\\/albaiulia\\\/biblioteca-judeteana-lucian-blaga-alba-recruteaza-voluntari\\\/#primaryimage\"},\"image\":{\"@id\":\"https:\\\/\\\/urbeamea.ro\\\/albaiulia\\\/biblioteca-judeteana-lucian-blaga-alba-recruteaza-voluntari\\\/#primaryimage\"},\"thumbnailUrl\":\"https:\\\/\\\/urbeamea.ro\\\/albaiulia\\\/wp-content\\\/uploads\\\/2022\\\/03\\\/Foto-Fatada-BJA.jpg\",\"datePublished\":\"2024-01-23T09:56:55+00:00\",\"dateModified\":\"2024-01-23T09:56:57+00:00\",\"author\":{\"@id\":\"https:\\\/\\\/urbeamea.ro\\\/albaiulia\\\/#\\\/schema\\\/person\\\/272ae98052f8ee8980f59848df070247\"},\"description\":\"Biblioteca Jude\u021bean\u0103 \u201eLucian Blaga\u201d Alba recruteaz\u0103 voluntari, \u00een condi\u021biile generale ale Legii nr. 78\\\/2014 privind reglementarea activit\u0103\u0163ii de\",\"breadcrumb\":{\"@id\":\"https:\\\/\\\/urbeamea.ro\\\/albaiulia\\\/biblioteca-judeteana-lucian-blaga-alba-recruteaza-voluntari\\\/#breadcrumb\"},\"inLanguage\":\"ro-RO\",\"potentialAction\":[{\"@type\":\"ReadAction\",\"target\":[\"https:\\\/\\\/urbeamea.ro\\\/albaiulia\\\/biblioteca-judeteana-lucian-blaga-alba-recruteaza-voluntari\\\/\"]}]},{\"@type\":\"ImageObject\",\"inLanguage\":\"ro-RO\",\"@id\":\"https:\\\/\\\/urbeamea.ro\\\/albaiulia\\\/biblioteca-judeteana-lucian-blaga-alba-recruteaza-voluntari\\\/#primaryimage\",\"url\":\"https:\\\/\\\/urbeamea.ro\\\/albaiulia\\\/wp-content\\\/uploads\\\/2022\\\/03\\\/Foto-Fatada-BJA.jpg\",\"contentUrl\":\"https:\\\/\\\/urbeamea.ro\\\/albaiulia\\\/wp-content\\\/uploads\\\/2022\\\/03\\\/Foto-Fatada-BJA.jpg\",\"width\":1600,\"height\":900},{\"@type\":\"BreadcrumbList\",\"@id\":\"https:\\\/\\\/urbeamea.ro\\\/albaiulia\\\/biblioteca-judeteana-lucian-blaga-alba-recruteaza-voluntari\\\/#breadcrumb\",\"itemListElement\":[{\"@type\":\"ListItem\",\"position\":1,\"name\":\"Prima pagin\u0103\",\"item\":\"https:\\\/\\\/urbeamea.ro\\\/albaiulia\\\/\"},{\"@type\":\"ListItem\",\"position\":2,\"name\":\"Biblioteca Jude\u021bean\u0103 \u201eLucian Blaga\u201d Alba recruteaz\u0103 voluntari\"}]},{\"@type\":\"WebSite\",\"@id\":\"https:\\\/\\\/urbeamea.ro\\\/albaiulia\\\/#website\",\"url\":\"https:\\\/\\\/urbeamea.ro\\\/albaiulia\\\/\",\"name\":\"Revista Urbea Mea, Stiri urbane\",\"description\":\"Evenimente \u0219i \u0219tiri din Alba Iulia, Sebe\u0219, Aiud, Blaj\",\"potentialAction\":[{\"@type\":\"SearchAction\",\"target\":{\"@type\":\"EntryPoint\",\"urlTemplate\":\"https:\\\/\\\/urbeamea.ro\\\/albaiulia\\\/?s={search_term_string}\"},\"query-input\":{\"@type\":\"PropertyValueSpecification\",\"valueRequired\":true,\"valueName\":\"search_term_string\"}}],\"inLanguage\":\"ro-RO\"},{\"@type\":\"Person\",\"@id\":\"https:\\\/\\\/urbeamea.ro\\\/albaiulia\\\/#\\\/schema\\\/person\\\/272ae98052f8ee8980f59848df070247\",\"name\":\"Redac\u021bia UrbeaMea\",\"image\":{\"@type\":\"ImageObject\",\"inLanguage\":\"ro-RO\",\"@id\":\"https:\\\/\\\/secure.gravatar.com\\\/avatar\\\/9ce5a9435071fa1037e8468053ead8e513dbbff59009d3069aadb85506d85a27?s=96&d=mm&r=g\",\"url\":\"https:\\\/\\\/secure.gravatar.com\\\/avatar\\\/9ce5a9435071fa1037e8468053ead8e513dbbff59009d3069aadb85506d85a27?s=96&d=mm&r=g\",\"contentUrl\":\"https:\\\/\\\/secure.gravatar.com\\\/avatar\\\/9ce5a9435071fa1037e8468053ead8e513dbbff59009d3069aadb85506d85a27?s=96&d=mm&r=g\",\"caption\":\"Redac\u021bia UrbeaMea\"},\"description\":\"contact@urbeamea.ro\",\"sameAs\":[\"https:\\\/\\\/www.urbeamea.ro\"],\"url\":\"https:\\\/\\\/urbeamea.ro\\\/albaiulia\\\/author\\\/redactia-urbeamea\\\/\"}]}<\/script>\n<!-- \/ Yoast SEO plugin. -->","yoast_head_json":{"title":"Biblioteca Jude\u021bean\u0103 \u201eLucian Blaga\u201d Alba recruteaz\u0103 voluntari - Revista Urbea Mea - Revista de Alba","description":"Biblioteca Jude\u021bean\u0103 \u201eLucian Blaga\u201d Alba recruteaz\u0103 voluntari, \u00een condi\u021biile generale ale Legii nr. 78\/2014 privind reglementarea activit\u0103\u0163ii de","robots":{"index":"index","follow":"follow","max-snippet":"max-snippet:-1","max-image-preview":"max-image-preview:large","max-video-preview":"max-video-preview:-1"},"canonical":"https:\/\/urbeamea.ro\/albaiulia\/biblioteca-judeteana-lucian-blaga-alba-recruteaza-voluntari\/","twitter_card":"summary_large_image","twitter_title":"Biblioteca Jude\u021bean\u0103 \u201eLucian Blaga\u201d Alba recruteaz\u0103 voluntari - Revista Urbea Mea - Revista de Alba","twitter_description":"Biblioteca Jude\u021bean\u0103 \u201eLucian Blaga\u201d Alba recruteaz\u0103 voluntari, \u00een condi\u021biile generale ale Legii nr. 78\/2014 privind reglementarea activit\u0103\u0163ii de","twitter_image":"https:\/\/urbeamea.ro\/albaiulia\/wp-content\/uploads\/2022\/03\/Foto-Fatada-BJA.jpg","twitter_creator":"@urbeameaweb","twitter_site":"@urbeameaweb","schema":{"@context":"https:\/\/schema.org","@graph":[{"@type":"Article","@id":"https:\/\/urbeamea.ro\/albaiulia\/biblioteca-judeteana-lucian-blaga-alba-recruteaza-voluntari\/#article","isPartOf":{"@id":"https:\/\/urbeamea.ro\/albaiulia\/biblioteca-judeteana-lucian-blaga-alba-recruteaza-voluntari\/"},"author":{"name":"Redac\u021bia UrbeaMea","@id":"https:\/\/urbeamea.ro\/albaiulia\/#\/schema\/person\/272ae98052f8ee8980f59848df070247"},"headline":"Biblioteca Jude\u021bean\u0103 \u201eLucian Blaga\u201d Alba recruteaz\u0103 voluntari","datePublished":"2024-01-23T09:56:55+00:00","dateModified":"2024-01-23T09:56:57+00:00","mainEntityOfPage":{"@id":"https:\/\/urbeamea.ro\/albaiulia\/biblioteca-judeteana-lucian-blaga-alba-recruteaza-voluntari\/"},"wordCount":172,"commentCount":0,"image":{"@id":"https:\/\/urbeamea.ro\/albaiulia\/biblioteca-judeteana-lucian-blaga-alba-recruteaza-voluntari\/#primaryimage"},"thumbnailUrl":"https:\/\/urbeamea.ro\/albaiulia\/wp-content\/uploads\/2022\/03\/Foto-Fatada-BJA.jpg","keywords":["Biblioteca Jude\u0163ean\u0103 \u201cLucian Blaga\u201d Alba"],"articleSection":["\u015etiri Urbane"],"inLanguage":"ro-RO","potentialAction":[{"@type":"CommentAction","name":"Comment","target":["https:\/\/urbeamea.ro\/albaiulia\/biblioteca-judeteana-lucian-blaga-alba-recruteaza-voluntari\/#respond"]}]},{"@type":"WebPage","@id":"https:\/\/urbeamea.ro\/albaiulia\/biblioteca-judeteana-lucian-blaga-alba-recruteaza-voluntari\/","url":"https:\/\/urbeamea.ro\/albaiulia\/biblioteca-judeteana-lucian-blaga-alba-recruteaza-voluntari\/","name":"Biblioteca Jude\u021bean\u0103 \u201eLucian Blaga\u201d Alba recruteaz\u0103 voluntari - Revista Urbea Mea - Revista de Alba","isPartOf":{"@id":"https:\/\/urbeamea.ro\/albaiulia\/#website"},"primaryImageOfPage":{"@id":"https:\/\/urbeamea.ro\/albaiulia\/biblioteca-judeteana-lucian-blaga-alba-recruteaza-voluntari\/#primaryimage"},"image":{"@id":"https:\/\/urbeamea.ro\/albaiulia\/biblioteca-judeteana-lucian-blaga-alba-recruteaza-voluntari\/#primaryimage"},"thumbnailUrl":"https:\/\/urbeamea.ro\/albaiulia\/wp-content\/uploads\/2022\/03\/Foto-Fatada-BJA.jpg","datePublished":"2024-01-23T09:56:55+00:00","dateModified":"2024-01-23T09:56:57+00:00","author":{"@id":"https:\/\/urbeamea.ro\/albaiulia\/#\/schema\/person\/272ae98052f8ee8980f59848df070247"},"description":"Biblioteca Jude\u021bean\u0103 \u201eLucian Blaga\u201d Alba recruteaz\u0103 voluntari, \u00een condi\u021biile generale ale Legii nr. 78\/2014 privind reglementarea activit\u0103\u0163ii de","breadcrumb":{"@id":"https:\/\/urbeamea.ro\/albaiulia\/biblioteca-judeteana-lucian-blaga-alba-recruteaza-voluntari\/#breadcrumb"},"inLanguage":"ro-RO","potentialAction":[{"@type":"ReadAction","target":["https:\/\/urbeamea.ro\/albaiulia\/biblioteca-judeteana-lucian-blaga-alba-recruteaza-voluntari\/"]}]},{"@type":"ImageObject","inLanguage":"ro-RO","@id":"https:\/\/urbeamea.ro\/albaiulia\/biblioteca-judeteana-lucian-blaga-alba-recruteaza-voluntari\/#primaryimage","url":"https:\/\/urbeamea.ro\/albaiulia\/wp-content\/uploads\/2022\/03\/Foto-Fatada-BJA.jpg","contentUrl":"https:\/\/urbeamea.ro\/albaiulia\/wp-content\/uploads\/2022\/03\/Foto-Fatada-BJA.jpg","width":1600,"height":900},{"@type":"BreadcrumbList","@id":"https:\/\/urbeamea.ro\/albaiulia\/biblioteca-judeteana-lucian-blaga-alba-recruteaza-voluntari\/#breadcrumb","itemListElement":[{"@type":"ListItem","position":1,"name":"Prima pagin\u0103","item":"https:\/\/urbeamea.ro\/albaiulia\/"},{"@type":"ListItem","position":2,"name":"Biblioteca Jude\u021bean\u0103 \u201eLucian Blaga\u201d Alba recruteaz\u0103 voluntari"}]},{"@type":"WebSite","@id":"https:\/\/urbeamea.ro\/albaiulia\/#website","url":"https:\/\/urbeamea.ro\/albaiulia\/","name":"Revista Urbea Mea, Stiri urbane","description":"Evenimente \u0219i \u0219tiri din Alba Iulia, Sebe\u0219, Aiud, Blaj","potentialAction":[{"@type":"SearchAction","target":{"@type":"EntryPoint","urlTemplate":"https:\/\/urbeamea.ro\/albaiulia\/?s={search_term_string}"},"query-input":{"@type":"PropertyValueSpecification","valueRequired":true,"valueName":"search_term_string"}}],"inLanguage":"ro-RO"},{"@type":"Person","@id":"https:\/\/urbeamea.ro\/albaiulia\/#\/schema\/person\/272ae98052f8ee8980f59848df070247","name":"Redac\u021bia UrbeaMea","image":{"@type":"ImageObject","inLanguage":"ro-RO","@id":"https:\/\/secure.gravatar.com\/avatar\/9ce5a9435071fa1037e8468053ead8e513dbbff59009d3069aadb85506d85a27?s=96&d=mm&r=g","url":"https:\/\/secure.gravatar.com\/avatar\/9ce5a9435071fa1037e8468053ead8e513dbbff59009d3069aadb85506d85a27?s=96&d=mm&r=g","contentUrl":"https:\/\/secure.gravatar.com\/avatar\/9ce5a9435071fa1037e8468053ead8e513dbbff59009d3069aadb85506d85a27?s=96&d=mm&r=g","caption":"Redac\u021bia UrbeaMea"},"description":"contact@urbeamea.ro","sameAs":["https:\/\/www.urbeamea.ro"],"url":"https:\/\/urbeamea.ro\/albaiulia\/author\/redactia-urbeamea\/"}]}},"_links":{"self":[{"href":"https:\/\/urbeamea.ro\/albaiulia\/wp-json\/wp\/v2\/posts\/110201","targetHints":{"allow":["GET"]}}],"collection":[{"href":"https:\/\/urbeamea.ro\/albaiulia\/wp-json\/wp\/v2\/posts"}],"about":[{"href":"https:\/\/urbeamea.ro\/albaiulia\/wp-json\/wp\/v2\/types\/post"}],"author":[{"embeddable":true,"href":"https:\/\/urbeamea.ro\/albaiulia\/wp-json\/wp\/v2\/users\/16"}],"replies":[{"embeddable":true,"href":"https:\/\/urbeamea.ro\/albaiulia\/wp-json\/wp\/v2\/comments?post=110201"}],"version-history":[{"count":1,"href":"https:\/\/urbeamea.ro\/albaiulia\/wp-json\/wp\/v2\/posts\/110201\/revisions"}],"predecessor-version":[{"id":110202,"href":"https:\/\/urbeamea.ro\/albaiulia\/wp-json\/wp\/v2\/posts\/110201\/revisions\/110202"}],"wp:featuredmedia":[{"embeddable":true,"href":"https:\/\/urbeamea.ro\/albaiulia\/wp-json\/wp\/v2\/media\/100762"}],"wp:attachment":[{"href":"https:\/\/urbeamea.ro\/albaiulia\/wp-json\/wp\/v2\/media?parent=110201"}],"wp:term":[{"taxonomy":"category","embeddable":true,"href":"https:\/\/urbeamea.ro\/albaiulia\/wp-json\/wp\/v2\/categories?post=110201"},{"taxonomy":"post_tag","embeddable":true,"href":"https:\/\/urbeamea.ro\/albaiulia\/wp-json\/wp\/v2\/tags?post=110201"}],"curies":[{"name":"wp","href":"https:\/\/api.w.org\/{rel}","templated":true}]}}