{"id":110287,"date":"2024-02-01T15:19:04","date_gmt":"2024-02-01T13:19:04","guid":{"rendered":"https:\/\/urbeamea.ro\/albaiulia\/?p=110287"},"modified":"2024-02-01T15:19:06","modified_gmt":"2024-02-01T13:19:06","slug":"adr-centru-publica-apelul-de-proiecte-pentru-dezvoltarea-urbana-integrata-a-oraselor-din-regiunea-centru","status":"publish","type":"post","link":"https:\/\/urbeamea.ro\/albaiulia\/adr-centru-publica-apelul-de-proiecte-pentru-dezvoltarea-urbana-integrata-a-oraselor-din-regiunea-centru\/","title":{"rendered":"ADR centru public\u0103 apelul de proiecte pentru dezvoltarea urban\u0103 integrat\u0103 a ora\u0219elor din Regiunea Centru"},"content":{"rendered":"\n<p><strong><em>Aproape 20 milioane euro vor putea fi solicitate, \u00eencep\u00e2nd cu ultima zi a lunii februarie, \u00een cadrul Programului \u201dRegiunea Centru\u201d 2021-2027, de cele 37 de ora\u0219e din jude\u021bele Alba, Bra\u0219ov, Covasna, Harghita, Mure\u0219 \u0219i Sibiu pentru proiecte de dezvoltare urban\u0103 integrat\u0103 care trebuie s\u0103 asigure <\/em><\/strong><strong><em>cre\u0219terea, \u00een ansamblu, a atractivit\u0103\u021bii Regiunii Centru.<\/em><\/strong><strong><em><\/em><\/strong><\/p>\n\n\n\n<p>Agen\u021bia pentru Dezvoltare Regional\u0103 Centru, public\u0103 apelul de proiecte pentru dezvoltare urban\u0103 integrat\u0103 prin regenerarea spa\u021biilor publice, punerea \u00een valoare a patrimoniului, infrastructurii culturale \u0219i a poten\u021bialului turistic din ora\u0219ele Regiunii Centru, cu finan\u021bare din Programul \u201dRegiunea Centru\u201d 2021-2027. Bugetul total alocat este de peste 20 milioane euro, din care resursele nerambursabile care pot fi atrase din Fondul European de Dezvoltare Regional\u0103 se cifreaz\u0103 la peste 19 milioane euro. Acest apel de proiecte este de tip necompetitiv, pe principiul primul venit, primul servit, cu termen limit\u0103 de depunere a cererilor de finan\u021bare, p\u00e2n\u0103 la data de 28.02.2025. Cererile de finan\u021bare depuse trebuie s\u0103 asigure cre\u0219terea, \u00een ansamblu, a atractivit\u0103\u021bii Regiunii, prin promovarea dezvolt\u0103rii integrate \u0219i incluzive \u00een domeniul social, economic \u0219i al mediului, precum \u0219i a culturii, a patrimoniului natural, a turismului sustenabil, inclusiv cre\u0219terea securit\u0103\u021bii \u00een zonele urbane.<\/p>\n\n\n\n<figure class=\"wp-block-gallery has-nested-images columns-default is-cropped wp-block-gallery-1 is-layout-flex wp-block-gallery-is-layout-flex\">\n<figure class=\"wp-block-image size-large\"><a href=\"https:\/\/urbeamea.ro\/albaiulia\/wp-content\/uploads\/2024\/02\/Foto5-Oras_Reg-Centru.jpg\"><img loading=\"lazy\" decoding=\"async\" width=\"1277\" height=\"767\" data-id=\"110288\" src=\"https:\/\/urbeamea.ro\/albaiulia\/wp-content\/uploads\/2024\/02\/Foto5-Oras_Reg-Centru.jpg\" alt=\"\" class=\"wp-image-110288\" srcset=\"https:\/\/urbeamea.ro\/albaiulia\/wp-content\/uploads\/2024\/02\/Foto5-Oras_Reg-Centru.jpg 1277w, https:\/\/urbeamea.ro\/albaiulia\/wp-content\/uploads\/2024\/02\/Foto5-Oras_Reg-Centru-640x384.jpg 640w, https:\/\/urbeamea.ro\/albaiulia\/wp-content\/uploads\/2024\/02\/Foto5-Oras_Reg-Centru-150x90.jpg 150w, https:\/\/urbeamea.ro\/albaiulia\/wp-content\/uploads\/2024\/02\/Foto5-Oras_Reg-Centru-768x461.jpg 768w\" sizes=\"auto, (max-width: 1277px) 100vw, 1277px\" \/><\/a><figcaption class=\"wp-element-caption\">default<\/figcaption><\/figure>\n\n\n\n<figure class=\"wp-block-image size-large\"><a href=\"https:\/\/urbeamea.ro\/albaiulia\/wp-content\/uploads\/2024\/02\/Foto3-Oras_Reg-Centru.jpg\"><img loading=\"lazy\" decoding=\"async\" width=\"1280\" height=\"777\" data-id=\"110289\" src=\"https:\/\/urbeamea.ro\/albaiulia\/wp-content\/uploads\/2024\/02\/Foto3-Oras_Reg-Centru-1280x777.jpg\" alt=\"\" class=\"wp-image-110289\" srcset=\"https:\/\/urbeamea.ro\/albaiulia\/wp-content\/uploads\/2024\/02\/Foto3-Oras_Reg-Centru-1280x777.jpg 1280w, https:\/\/urbeamea.ro\/albaiulia\/wp-content\/uploads\/2024\/02\/Foto3-Oras_Reg-Centru-640x388.jpg 640w, https:\/\/urbeamea.ro\/albaiulia\/wp-content\/uploads\/2024\/02\/Foto3-Oras_Reg-Centru-150x91.jpg 150w, https:\/\/urbeamea.ro\/albaiulia\/wp-content\/uploads\/2024\/02\/Foto3-Oras_Reg-Centru-768x466.jpg 768w, https:\/\/urbeamea.ro\/albaiulia\/wp-content\/uploads\/2024\/02\/Foto3-Oras_Reg-Centru.jpg 1323w\" sizes=\"auto, (max-width: 1280px) 100vw, 1280px\" \/><\/a><figcaption class=\"wp-element-caption\">DCIM\\100MEDIA\\DJI_0669.JPG<\/figcaption><\/figure>\n\n\n\n<figure class=\"wp-block-image size-large\"><a href=\"https:\/\/urbeamea.ro\/albaiulia\/wp-content\/uploads\/2024\/02\/Foto4-Oras_Reg-Centru.jpg\"><img loading=\"lazy\" decoding=\"async\" width=\"1280\" height=\"721\" data-id=\"110290\" src=\"https:\/\/urbeamea.ro\/albaiulia\/wp-content\/uploads\/2024\/02\/Foto4-Oras_Reg-Centru-1280x721.jpg\" alt=\"\" class=\"wp-image-110290\" srcset=\"https:\/\/urbeamea.ro\/albaiulia\/wp-content\/uploads\/2024\/02\/Foto4-Oras_Reg-Centru-1280x721.jpg 1280w, https:\/\/urbeamea.ro\/albaiulia\/wp-content\/uploads\/2024\/02\/Foto4-Oras_Reg-Centru-640x361.jpg 640w, https:\/\/urbeamea.ro\/albaiulia\/wp-content\/uploads\/2024\/02\/Foto4-Oras_Reg-Centru-150x85.jpg 150w, https:\/\/urbeamea.ro\/albaiulia\/wp-content\/uploads\/2024\/02\/Foto4-Oras_Reg-Centru-768x433.jpg 768w, https:\/\/urbeamea.ro\/albaiulia\/wp-content\/uploads\/2024\/02\/Foto4-Oras_Reg-Centru-390x220.jpg 390w, https:\/\/urbeamea.ro\/albaiulia\/wp-content\/uploads\/2024\/02\/Foto4-Oras_Reg-Centru.jpg 1343w\" sizes=\"auto, (max-width: 1280px) 100vw, 1280px\" \/><\/a><figcaption class=\"wp-element-caption\">default<\/figcaption><\/figure>\n\n\n\n<figure class=\"wp-block-image size-large\"><a href=\"https:\/\/urbeamea.ro\/albaiulia\/wp-content\/uploads\/2024\/02\/Foto2-Oras_Reg-Centru.jpg\"><img loading=\"lazy\" decoding=\"async\" width=\"1280\" height=\"747\" data-id=\"110291\" src=\"https:\/\/urbeamea.ro\/albaiulia\/wp-content\/uploads\/2024\/02\/Foto2-Oras_Reg-Centru-1280x747.jpg\" alt=\"\" class=\"wp-image-110291\" srcset=\"https:\/\/urbeamea.ro\/albaiulia\/wp-content\/uploads\/2024\/02\/Foto2-Oras_Reg-Centru-1280x747.jpg 1280w, https:\/\/urbeamea.ro\/albaiulia\/wp-content\/uploads\/2024\/02\/Foto2-Oras_Reg-Centru-640x373.jpg 640w, https:\/\/urbeamea.ro\/albaiulia\/wp-content\/uploads\/2024\/02\/Foto2-Oras_Reg-Centru-150x88.jpg 150w, https:\/\/urbeamea.ro\/albaiulia\/wp-content\/uploads\/2024\/02\/Foto2-Oras_Reg-Centru-768x448.jpg 768w, https:\/\/urbeamea.ro\/albaiulia\/wp-content\/uploads\/2024\/02\/Foto2-Oras_Reg-Centru.jpg 1344w\" sizes=\"auto, (max-width: 1280px) 100vw, 1280px\" \/><\/a><figcaption class=\"wp-element-caption\">DCIM\\100MEDIA\\DJI_0191.JPG<\/figcaption><\/figure>\n<\/figure>\n\n\n\n<p>Selectarea proiectelor se va face din perspectiva includerii lor \u00een SIDU, iar proiectele finan\u021bate trebuie s\u0103 demonstreze abordarea integrat\u0103 a investi\u021biilor pentru dezvoltare.&nbsp;<\/p>\n\n\n\n<blockquote class=\"wp-block-quote is-layout-flow wp-block-quote-is-layout-flow\">\n<p>Arealul urban este \u00een plin proces de dezvoltare, datorit\u0103 oportunit\u0103\u021bilor socio-economice mai mari \u0219i a serviciilor mai bune oferite \u00eentr-un ora\u0219 fa\u021b\u0103 de zona rural\u0103, dar \u0219i din cauza fenomenului migra\u021biei de la sat la ora\u0219, care este completat de revenirea \u00een \u021bar\u0103 a cet\u0103\u021benilor rom\u00e2ni care se a\u0219teapt\u0103 s\u0103 g\u0103seasc\u0103 \u00een zonele urbane acelea\u0219i facilit\u0103\u021bi ca \u00een Vestul Europei. Concentrarea popula\u021biei permite generarea de economii \u00een furnizarea de servicii publice \u0219i private, precum \u0219i dezvoltarea ecosistemelor economice care asigur\u0103 cre\u0219terea calit\u0103\u021bii vie\u021bii.<\/p>\n\n\n\n<p>Astfel, prin Programul \u201dRegiunea Centru\u201d, \u00een cadrul acestui apel de proiecte, finan\u021b\u0103m investi\u021bii \u00een localit\u0103\u021bi clasificate la nivel de ora\u0219, prin care se vor regenera spa\u021biilor publice, inclusiv pentru asigurarea sistemelor de securitate a cet\u0103\u021beanului, conservarea, protec\u021bia \u0219i valorificarea durabil\u0103 a patrimoniului cultural \u0219i istoric \u0219i a infrastructurii din domeniul cultural, precum \u0219i pentru dezvoltarea \u0219i \u00eembun\u0103t\u0103\u021birea infrastructurii de turism.<\/p>\n\n\n\n<p>Este important faptul c\u0103 edilii pot crea parteneriate cu jude\u021bele, cu alte entit\u0103\u021bi administrative de tip ora\u0219e sau comune din zona func\u021bional\u0103 urban\u0103, cu unit\u0103\u021bi de cult din cadrul cultelor recunoscute \u00een Rom\u00e2nia sau cu organiza\u021bii neguvernamentale, cu care vor dezvolta \u00een comun proiectele pentru comunitatea local. <\/p>\n<cite>Simion Cre\u021bu, Director general ADR Centru<\/cite><\/blockquote>\n\n\n\n<p>Pentru mai multe informa\u021bii referitoare la activit\u0103\u021bile eligibile, Ghidul Solicitantului \u0219i alte informa\u021bii accesa\u021bi link-ul: <a href=\"http:\/\/%20https:\/www.regiocentru.ro\/actiuni\/8-2-dezvoltare-urbana-integrata-in-orasele-regiunii-centru\/.%20\" target=\"_blank\" rel=\"noreferrer noopener\">\u00a0https:\/\/www.regiocentru.ro\/actiuni\/8-2-dezvoltare-urbana-integrata-in-orasele-regiunii-centru\/. <\/a>\u00a0\u00a0\u00a0<\/p>\n\n\n\n<p><strong>Informa\u021bii de background<\/strong><\/p>\n\n\n\n<p>Cererile de finan\u021bare pentru toate apelurile deschise \u00een cadrul PR Centru se vor depune exclusiv prin aplica\u021bia electronic\u0103 MySMIS2021\/2021+, link: <a href=\"https:\/\/mysmis2021.gov.ro\/\" target=\"_blank\" rel=\"noreferrer noopener\">https:\/\/mysmis2021.gov.ro\/<\/a>.<\/p>\n\n\n\n<p>Exper\u021bii Agen\u021biei pentru Dezvoltare Regional\u0103 Centru din cadrul Serviciului Helpdesk ofer\u0103 gratuit informa\u021bii referitoare la Programul Regiunea Centru, precum \u0219i \u00eendrumare \u0219i consiliere pentru preg\u0103tirea cererilor de finan\u021bare, put\u00e2nd fi contacta\u021bi la e-mail <a href=\"mailto:helpdesk@adrcentru.ro\" target=\"_blank\" rel=\"noreferrer noopener\">helpdesk@adrcentru.ro<\/a> sau prin completarea formularului de solicitare de informa\u021bii disponibil la adresa: <a href=\"https:\/\/www.regiocentru.ro\/solicitari-de-informatii\/\" target=\"_blank\" rel=\"noreferrer noopener\">https:\/\/www.regiocentru.ro\/solicitari-de-informatii\/<\/a>.<\/p>\n\n\n\n<p><strong>Ac\u021biunea 8.2 \u2013 Dezvoltare urban\u0103 integrat\u0103 prin regenerarea spa\u021biilor publice, punerea \u00een valoare a patrimoniului, infrastructurii culturale \u0219i a poten\u021bialului turistic din ora\u0219ele Regiunii Centru<\/strong><\/p>\n\n\n\n<p>Acest apel de proiecte face parte din Programul \u201dRegiunea Centru\u201d 2021-2027, PRIORITATEA 8: O REGIUNE ATRACTIV\u0102 \u0219i r\u0103spunde Obiectivului Specific 5.1: Promovarea dezvolt\u0103rii integrate \u0219i incluzive \u00een domeniul social, economic \u0219i al mediului, precum \u0219i a culturii, a patrimoniului natural, a turismului sustenabil \u0219i a securit\u0103\u021bii \u00een zonele urbane.<\/p>\n\n\n\n<p><strong>\u00cencep\u00e2nd cu data de 29.02.2024, ora 12:00<\/strong>, unit\u0103\u021bile administrativ-teritoriale de tip ora\u0219 din Regiunea Centru pot depune proiecte pentru activit\u0103\u021bi privind regenerarea spa\u021biilor publice, inclusiv asigurarea sistemelor de securitate a cet\u0103\u021beanului, privind conservarea, protec\u021bia \u0219i valorificarea durabil\u0103 a patrimoniului cultural \u0219i istoric \u0219i a infrastructurii din domeniul cultural, precum \u0219i privind dezvoltarea \u0219i \u00eembun\u0103t\u0103\u021birea infrastructurii de turism.<\/p>\n\n\n\n<p>Prin prezentul Ghid specific se lanseaz\u0103 <strong>apelul de proiectenecompetitiv, pe principiul primul venit, primul servit, cu termen limit\u0103 de depunere a cererilor de finan\u021bare, p\u00e2n\u0103 la data de 28.02.2025, ora 12<\/strong><strong>:00<\/strong><strong>.<\/strong><\/p>\n\n\n\n<p><strong>Alocarea financiar\u0103 corespunz\u0103toare acestui apel este de 20.275.857<\/strong><strong> <\/strong><strong>euro, din care sprijin FEDR 19.870.340 euro \u0219i 3.041.378 euro finan\u021bare de la bugetul de stat \u0219i contribu\u021bie local\u0103.<\/strong><\/p>\n\n\n\n<p>Solicitan\u021bii de finan\u021bare vor respecta intensitatea maxim\u0103 a cuantumului cofinan\u021b\u0103rii acordate, respectiv:<\/p>\n\n\n\n<ul class=\"wp-block-list\">\n<li>Maxim 98% din cheltuielile eligibile ale proiectelor (din care 85% din partea Fondului European de Dezvoltare Regional\u0103 \u0219i 13% de la Bugetul de stat)<\/li>\n\n\n\n<li>Minim 2% din valoarea cheltuielilor eligibile reprezint\u0103 contribu\u021bia solicitantului.<\/li>\n<\/ul>\n\n\n\n<p>Valoarea minim\u0103 eligibil\u0103 a unui proiect nu poate fi sub 300.000 euro, iar valoarea maxim\u0103 eligibil\u0103 a unui proiect nu poate dep\u0103\u0219i 4.000.000 euro.<\/p>\n\n\n\n<p><strong>Solicitan\u021bi eligibili pot fi<\/strong><strong>:<\/strong><strong> <\/strong><strong><\/strong><\/p>\n\n\n\n<p>A. Unit\u0103\u021bi administrativ-teritoriale &#8211; Ora\u0219e<\/p>\n\n\n\n<p>B. Forme asociative &#8211; parteneriate, av\u00e2nd ca lider de parteneriat unitatea administrativ-teritorial\u0103 &#8211; Ora\u0219<\/p>\n\n\n\n<p><strong>Categorii de parteneri eligibili:<\/strong><\/p>\n\n\n\n<ul class=\"wp-block-list\">\n<li>Unitate administrativ teritorial\u0103 &#8211; jude\u021b;<\/li>\n\n\n\n<li>Unit\u0103\u021bi administrativ-teritoriale ora\u0219e\/comune din zona func\u021bional\u0103 urban\u0103 (ZUF);<\/li>\n\n\n\n<li>Unit\u0103\u021bi de cult din cadrul cultelor recunoscute \u00een Rom\u00e2nia, \u00een conformitate cu prevederile Legii nr.489\/2006 privind libertatea religioas\u0103 \u0219i regimul general al cultelor (republicat\u0103), cu modific\u0103rile \u0219i complet\u0103rile ulterioare;<\/li>\n\n\n\n<li>Organiza\u021bii neguvernamentale constituite \u00een conformitate cu prevederile Ordonan\u021bei Guvernului nr. 26\/2000 cu privire la asocia\u021bii \u0219i funda\u021bii cu modific\u0103rile \u0219i complet\u0103rile ulterioare.<\/li>\n<\/ul>\n\n\n\n<p>Ora\u0219ele\/comunele din zona func\u021bional\u0103 urban\u0103 a ora\u0219ului, cu care se \u00eencheie parteneriate pentru depunerea \u0219i implementarea \u00een comun a proiectelor trebuie s\u0103 fi f\u0103cut parte din zona de studiu comun\u0103 a S.I.D.U aferent respectivului ora\u0219.<\/p>\n","protected":false},"excerpt":{"rendered":"<p>Aproape 20 milioane euro vor putea fi solicitate, \u00eencep\u00e2nd cu ultima zi a lunii februarie, \u00een cadrul Programului \u201dRegiunea Centru\u201d 2021-2027, de cele 37 de ora\u0219e din jude\u021bele Alba, Bra\u0219ov, Covasna, Harghita, Mure\u0219 \u0219i Sibiu pentru proiecte de dezvoltare urban\u0103 integrat\u0103 care trebuie s\u0103 asigure cre\u0219terea, \u00een ansamblu, a atractivit\u0103\u021bii Regiunii Centru. Agen\u021bia pentru Dezvoltare &hellip;<\/p>\n","protected":false},"author":16,"featured_media":110292,"comment_status":"open","ping_status":"open","sticky":false,"template":"","format":"standard","meta":{"inline_featured_image":false,"footnotes":""},"categories":[6663],"tags":[343],"class_list":["post-110287","post","type-post","status-publish","format-standard","has-post-thumbnail","hentry","category-economic","tag-adr-centru"],"yoast_head":"<!-- This site is optimized with the Yoast SEO plugin v27.4 - https:\/\/yoast.com\/product\/yoast-seo-wordpress\/ -->\n<title>ADR centru public\u0103 apelul de proiecte pentru dezvoltarea urban\u0103 integrat\u0103 a ora\u0219elor din Regiunea Centru - Revista Urbea Mea - Revista de Alba<\/title>\n<meta name=\"description\" content=\"Aproape 20 milioane euro vor putea fi solicitate, \u00eencep\u00e2nd cu ultima zi a lunii februarie, \u00een cadrul Programului \u201dRegiunea Centru\u201d 2021-2027, de cele 37\" \/>\n<meta name=\"robots\" content=\"index, follow, max-snippet:-1, max-image-preview:large, max-video-preview:-1\" \/>\n<link rel=\"canonical\" href=\"https:\/\/urbeamea.ro\/albaiulia\/adr-centru-publica-apelul-de-proiecte-pentru-dezvoltarea-urbana-integrata-a-oraselor-din-regiunea-centru\/\" \/>\n<meta name=\"twitter:card\" content=\"summary_large_image\" \/>\n<meta name=\"twitter:title\" content=\"ADR centru public\u0103 apelul de proiecte pentru dezvoltarea urban\u0103 integrat\u0103 a ora\u0219elor din Regiunea Centru - Revista Urbea Mea - Revista de Alba\" \/>\n<meta name=\"twitter:description\" content=\"Aproape 20 milioane euro vor putea fi solicitate, \u00eencep\u00e2nd cu ultima zi a lunii februarie, \u00een cadrul Programului \u201dRegiunea Centru\u201d 2021-2027, de cele 37\" \/>\n<meta name=\"twitter:image\" content=\"https:\/\/urbeamea.ro\/albaiulia\/wp-content\/uploads\/2024\/02\/Foto1-Oras_Reg-Centru.jpg\" \/>\n<meta name=\"twitter:creator\" content=\"@urbeameaweb\" \/>\n<meta name=\"twitter:site\" content=\"@urbeameaweb\" \/>\n<script type=\"application\/ld+json\" class=\"yoast-schema-graph\">{\"@context\":\"https:\\\/\\\/schema.org\",\"@graph\":[{\"@type\":\"Article\",\"@id\":\"https:\\\/\\\/urbeamea.ro\\\/albaiulia\\\/adr-centru-publica-apelul-de-proiecte-pentru-dezvoltarea-urbana-integrata-a-oraselor-din-regiunea-centru\\\/#article\",\"isPartOf\":{\"@id\":\"https:\\\/\\\/urbeamea.ro\\\/albaiulia\\\/adr-centru-publica-apelul-de-proiecte-pentru-dezvoltarea-urbana-integrata-a-oraselor-din-regiunea-centru\\\/\"},\"author\":{\"name\":\"Redac\u021bia UrbeaMea\",\"@id\":\"https:\\\/\\\/urbeamea.ro\\\/albaiulia\\\/#\\\/schema\\\/person\\\/272ae98052f8ee8980f59848df070247\"},\"headline\":\"ADR centru public\u0103 apelul de proiecte pentru dezvoltarea urban\u0103 integrat\u0103 a ora\u0219elor din Regiunea Centru\",\"datePublished\":\"2024-02-01T13:19:04+00:00\",\"dateModified\":\"2024-02-01T13:19:06+00:00\",\"mainEntityOfPage\":{\"@id\":\"https:\\\/\\\/urbeamea.ro\\\/albaiulia\\\/adr-centru-publica-apelul-de-proiecte-pentru-dezvoltarea-urbana-integrata-a-oraselor-din-regiunea-centru\\\/\"},\"wordCount\":1014,\"commentCount\":0,\"image\":{\"@id\":\"https:\\\/\\\/urbeamea.ro\\\/albaiulia\\\/adr-centru-publica-apelul-de-proiecte-pentru-dezvoltarea-urbana-integrata-a-oraselor-din-regiunea-centru\\\/#primaryimage\"},\"thumbnailUrl\":\"https:\\\/\\\/urbeamea.ro\\\/albaiulia\\\/wp-content\\\/uploads\\\/2024\\\/02\\\/Foto1-Oras_Reg-Centru.jpg\",\"keywords\":[\"ADR Centru\"],\"articleSection\":[\"Economic\"],\"inLanguage\":\"ro-RO\",\"potentialAction\":[{\"@type\":\"CommentAction\",\"name\":\"Comment\",\"target\":[\"https:\\\/\\\/urbeamea.ro\\\/albaiulia\\\/adr-centru-publica-apelul-de-proiecte-pentru-dezvoltarea-urbana-integrata-a-oraselor-din-regiunea-centru\\\/#respond\"]}]},{\"@type\":\"WebPage\",\"@id\":\"https:\\\/\\\/urbeamea.ro\\\/albaiulia\\\/adr-centru-publica-apelul-de-proiecte-pentru-dezvoltarea-urbana-integrata-a-oraselor-din-regiunea-centru\\\/\",\"url\":\"https:\\\/\\\/urbeamea.ro\\\/albaiulia\\\/adr-centru-publica-apelul-de-proiecte-pentru-dezvoltarea-urbana-integrata-a-oraselor-din-regiunea-centru\\\/\",\"name\":\"ADR centru public\u0103 apelul de proiecte pentru dezvoltarea urban\u0103 integrat\u0103 a ora\u0219elor din Regiunea Centru - Revista Urbea Mea - Revista de Alba\",\"isPartOf\":{\"@id\":\"https:\\\/\\\/urbeamea.ro\\\/albaiulia\\\/#website\"},\"primaryImageOfPage\":{\"@id\":\"https:\\\/\\\/urbeamea.ro\\\/albaiulia\\\/adr-centru-publica-apelul-de-proiecte-pentru-dezvoltarea-urbana-integrata-a-oraselor-din-regiunea-centru\\\/#primaryimage\"},\"image\":{\"@id\":\"https:\\\/\\\/urbeamea.ro\\\/albaiulia\\\/adr-centru-publica-apelul-de-proiecte-pentru-dezvoltarea-urbana-integrata-a-oraselor-din-regiunea-centru\\\/#primaryimage\"},\"thumbnailUrl\":\"https:\\\/\\\/urbeamea.ro\\\/albaiulia\\\/wp-content\\\/uploads\\\/2024\\\/02\\\/Foto1-Oras_Reg-Centru.jpg\",\"datePublished\":\"2024-02-01T13:19:04+00:00\",\"dateModified\":\"2024-02-01T13:19:06+00:00\",\"author\":{\"@id\":\"https:\\\/\\\/urbeamea.ro\\\/albaiulia\\\/#\\\/schema\\\/person\\\/272ae98052f8ee8980f59848df070247\"},\"description\":\"Aproape 20 milioane euro vor putea fi solicitate, \u00eencep\u00e2nd cu ultima zi a lunii februarie, \u00een cadrul Programului \u201dRegiunea Centru\u201d 2021-2027, de cele 37\",\"breadcrumb\":{\"@id\":\"https:\\\/\\\/urbeamea.ro\\\/albaiulia\\\/adr-centru-publica-apelul-de-proiecte-pentru-dezvoltarea-urbana-integrata-a-oraselor-din-regiunea-centru\\\/#breadcrumb\"},\"inLanguage\":\"ro-RO\",\"potentialAction\":[{\"@type\":\"ReadAction\",\"target\":[\"https:\\\/\\\/urbeamea.ro\\\/albaiulia\\\/adr-centru-publica-apelul-de-proiecte-pentru-dezvoltarea-urbana-integrata-a-oraselor-din-regiunea-centru\\\/\"]}]},{\"@type\":\"ImageObject\",\"inLanguage\":\"ro-RO\",\"@id\":\"https:\\\/\\\/urbeamea.ro\\\/albaiulia\\\/adr-centru-publica-apelul-de-proiecte-pentru-dezvoltarea-urbana-integrata-a-oraselor-din-regiunea-centru\\\/#primaryimage\",\"url\":\"https:\\\/\\\/urbeamea.ro\\\/albaiulia\\\/wp-content\\\/uploads\\\/2024\\\/02\\\/Foto1-Oras_Reg-Centru.jpg\",\"contentUrl\":\"https:\\\/\\\/urbeamea.ro\\\/albaiulia\\\/wp-content\\\/uploads\\\/2024\\\/02\\\/Foto1-Oras_Reg-Centru.jpg\",\"width\":1200,\"height\":735,\"caption\":\"DCIM100MEDIADJI_0177.JPG\"},{\"@type\":\"BreadcrumbList\",\"@id\":\"https:\\\/\\\/urbeamea.ro\\\/albaiulia\\\/adr-centru-publica-apelul-de-proiecte-pentru-dezvoltarea-urbana-integrata-a-oraselor-din-regiunea-centru\\\/#breadcrumb\",\"itemListElement\":[{\"@type\":\"ListItem\",\"position\":1,\"name\":\"Prima pagin\u0103\",\"item\":\"https:\\\/\\\/urbeamea.ro\\\/albaiulia\\\/\"},{\"@type\":\"ListItem\",\"position\":2,\"name\":\"ADR centru public\u0103 apelul de proiecte pentru dezvoltarea urban\u0103 integrat\u0103 a ora\u0219elor din Regiunea Centru\"}]},{\"@type\":\"WebSite\",\"@id\":\"https:\\\/\\\/urbeamea.ro\\\/albaiulia\\\/#website\",\"url\":\"https:\\\/\\\/urbeamea.ro\\\/albaiulia\\\/\",\"name\":\"Revista Urbea Mea, Stiri urbane\",\"description\":\"Evenimente \u0219i \u0219tiri din Alba Iulia, Sebe\u0219, Aiud, Blaj\",\"potentialAction\":[{\"@type\":\"SearchAction\",\"target\":{\"@type\":\"EntryPoint\",\"urlTemplate\":\"https:\\\/\\\/urbeamea.ro\\\/albaiulia\\\/?s={search_term_string}\"},\"query-input\":{\"@type\":\"PropertyValueSpecification\",\"valueRequired\":true,\"valueName\":\"search_term_string\"}}],\"inLanguage\":\"ro-RO\"},{\"@type\":\"Person\",\"@id\":\"https:\\\/\\\/urbeamea.ro\\\/albaiulia\\\/#\\\/schema\\\/person\\\/272ae98052f8ee8980f59848df070247\",\"name\":\"Redac\u021bia UrbeaMea\",\"image\":{\"@type\":\"ImageObject\",\"inLanguage\":\"ro-RO\",\"@id\":\"https:\\\/\\\/secure.gravatar.com\\\/avatar\\\/9ce5a9435071fa1037e8468053ead8e513dbbff59009d3069aadb85506d85a27?s=96&d=mm&r=g\",\"url\":\"https:\\\/\\\/secure.gravatar.com\\\/avatar\\\/9ce5a9435071fa1037e8468053ead8e513dbbff59009d3069aadb85506d85a27?s=96&d=mm&r=g\",\"contentUrl\":\"https:\\\/\\\/secure.gravatar.com\\\/avatar\\\/9ce5a9435071fa1037e8468053ead8e513dbbff59009d3069aadb85506d85a27?s=96&d=mm&r=g\",\"caption\":\"Redac\u021bia UrbeaMea\"},\"description\":\"contact@urbeamea.ro\",\"sameAs\":[\"https:\\\/\\\/www.urbeamea.ro\"],\"url\":\"https:\\\/\\\/urbeamea.ro\\\/albaiulia\\\/author\\\/redactia-urbeamea\\\/\"}]}<\/script>\n<!-- \/ Yoast SEO plugin. -->","yoast_head_json":{"title":"ADR centru public\u0103 apelul de proiecte pentru dezvoltarea urban\u0103 integrat\u0103 a ora\u0219elor din Regiunea Centru - Revista Urbea Mea - Revista de Alba","description":"Aproape 20 milioane euro vor putea fi solicitate, \u00eencep\u00e2nd cu ultima zi a lunii februarie, \u00een cadrul Programului \u201dRegiunea Centru\u201d 2021-2027, de cele 37","robots":{"index":"index","follow":"follow","max-snippet":"max-snippet:-1","max-image-preview":"max-image-preview:large","max-video-preview":"max-video-preview:-1"},"canonical":"https:\/\/urbeamea.ro\/albaiulia\/adr-centru-publica-apelul-de-proiecte-pentru-dezvoltarea-urbana-integrata-a-oraselor-din-regiunea-centru\/","twitter_card":"summary_large_image","twitter_title":"ADR centru public\u0103 apelul de proiecte pentru dezvoltarea urban\u0103 integrat\u0103 a ora\u0219elor din Regiunea Centru - Revista Urbea Mea - Revista de Alba","twitter_description":"Aproape 20 milioane euro vor putea fi solicitate, \u00eencep\u00e2nd cu ultima zi a lunii februarie, \u00een cadrul Programului \u201dRegiunea Centru\u201d 2021-2027, de cele 37","twitter_image":"https:\/\/urbeamea.ro\/albaiulia\/wp-content\/uploads\/2024\/02\/Foto1-Oras_Reg-Centru.jpg","twitter_creator":"@urbeameaweb","twitter_site":"@urbeameaweb","schema":{"@context":"https:\/\/schema.org","@graph":[{"@type":"Article","@id":"https:\/\/urbeamea.ro\/albaiulia\/adr-centru-publica-apelul-de-proiecte-pentru-dezvoltarea-urbana-integrata-a-oraselor-din-regiunea-centru\/#article","isPartOf":{"@id":"https:\/\/urbeamea.ro\/albaiulia\/adr-centru-publica-apelul-de-proiecte-pentru-dezvoltarea-urbana-integrata-a-oraselor-din-regiunea-centru\/"},"author":{"name":"Redac\u021bia UrbeaMea","@id":"https:\/\/urbeamea.ro\/albaiulia\/#\/schema\/person\/272ae98052f8ee8980f59848df070247"},"headline":"ADR centru public\u0103 apelul de proiecte pentru dezvoltarea urban\u0103 integrat\u0103 a ora\u0219elor din Regiunea Centru","datePublished":"2024-02-01T13:19:04+00:00","dateModified":"2024-02-01T13:19:06+00:00","mainEntityOfPage":{"@id":"https:\/\/urbeamea.ro\/albaiulia\/adr-centru-publica-apelul-de-proiecte-pentru-dezvoltarea-urbana-integrata-a-oraselor-din-regiunea-centru\/"},"wordCount":1014,"commentCount":0,"image":{"@id":"https:\/\/urbeamea.ro\/albaiulia\/adr-centru-publica-apelul-de-proiecte-pentru-dezvoltarea-urbana-integrata-a-oraselor-din-regiunea-centru\/#primaryimage"},"thumbnailUrl":"https:\/\/urbeamea.ro\/albaiulia\/wp-content\/uploads\/2024\/02\/Foto1-Oras_Reg-Centru.jpg","keywords":["ADR Centru"],"articleSection":["Economic"],"inLanguage":"ro-RO","potentialAction":[{"@type":"CommentAction","name":"Comment","target":["https:\/\/urbeamea.ro\/albaiulia\/adr-centru-publica-apelul-de-proiecte-pentru-dezvoltarea-urbana-integrata-a-oraselor-din-regiunea-centru\/#respond"]}]},{"@type":"WebPage","@id":"https:\/\/urbeamea.ro\/albaiulia\/adr-centru-publica-apelul-de-proiecte-pentru-dezvoltarea-urbana-integrata-a-oraselor-din-regiunea-centru\/","url":"https:\/\/urbeamea.ro\/albaiulia\/adr-centru-publica-apelul-de-proiecte-pentru-dezvoltarea-urbana-integrata-a-oraselor-din-regiunea-centru\/","name":"ADR centru public\u0103 apelul de proiecte pentru dezvoltarea urban\u0103 integrat\u0103 a ora\u0219elor din Regiunea Centru - Revista Urbea Mea - Revista de Alba","isPartOf":{"@id":"https:\/\/urbeamea.ro\/albaiulia\/#website"},"primaryImageOfPage":{"@id":"https:\/\/urbeamea.ro\/albaiulia\/adr-centru-publica-apelul-de-proiecte-pentru-dezvoltarea-urbana-integrata-a-oraselor-din-regiunea-centru\/#primaryimage"},"image":{"@id":"https:\/\/urbeamea.ro\/albaiulia\/adr-centru-publica-apelul-de-proiecte-pentru-dezvoltarea-urbana-integrata-a-oraselor-din-regiunea-centru\/#primaryimage"},"thumbnailUrl":"https:\/\/urbeamea.ro\/albaiulia\/wp-content\/uploads\/2024\/02\/Foto1-Oras_Reg-Centru.jpg","datePublished":"2024-02-01T13:19:04+00:00","dateModified":"2024-02-01T13:19:06+00:00","author":{"@id":"https:\/\/urbeamea.ro\/albaiulia\/#\/schema\/person\/272ae98052f8ee8980f59848df070247"},"description":"Aproape 20 milioane euro vor putea fi solicitate, \u00eencep\u00e2nd cu ultima zi a lunii februarie, \u00een cadrul Programului \u201dRegiunea Centru\u201d 2021-2027, de cele 37","breadcrumb":{"@id":"https:\/\/urbeamea.ro\/albaiulia\/adr-centru-publica-apelul-de-proiecte-pentru-dezvoltarea-urbana-integrata-a-oraselor-din-regiunea-centru\/#breadcrumb"},"inLanguage":"ro-RO","potentialAction":[{"@type":"ReadAction","target":["https:\/\/urbeamea.ro\/albaiulia\/adr-centru-publica-apelul-de-proiecte-pentru-dezvoltarea-urbana-integrata-a-oraselor-din-regiunea-centru\/"]}]},{"@type":"ImageObject","inLanguage":"ro-RO","@id":"https:\/\/urbeamea.ro\/albaiulia\/adr-centru-publica-apelul-de-proiecte-pentru-dezvoltarea-urbana-integrata-a-oraselor-din-regiunea-centru\/#primaryimage","url":"https:\/\/urbeamea.ro\/albaiulia\/wp-content\/uploads\/2024\/02\/Foto1-Oras_Reg-Centru.jpg","contentUrl":"https:\/\/urbeamea.ro\/albaiulia\/wp-content\/uploads\/2024\/02\/Foto1-Oras_Reg-Centru.jpg","width":1200,"height":735,"caption":"DCIM100MEDIADJI_0177.JPG"},{"@type":"BreadcrumbList","@id":"https:\/\/urbeamea.ro\/albaiulia\/adr-centru-publica-apelul-de-proiecte-pentru-dezvoltarea-urbana-integrata-a-oraselor-din-regiunea-centru\/#breadcrumb","itemListElement":[{"@type":"ListItem","position":1,"name":"Prima pagin\u0103","item":"https:\/\/urbeamea.ro\/albaiulia\/"},{"@type":"ListItem","position":2,"name":"ADR centru public\u0103 apelul de proiecte pentru dezvoltarea urban\u0103 integrat\u0103 a ora\u0219elor din Regiunea Centru"}]},{"@type":"WebSite","@id":"https:\/\/urbeamea.ro\/albaiulia\/#website","url":"https:\/\/urbeamea.ro\/albaiulia\/","name":"Revista Urbea Mea, Stiri urbane","description":"Evenimente \u0219i \u0219tiri din Alba Iulia, Sebe\u0219, Aiud, Blaj","potentialAction":[{"@type":"SearchAction","target":{"@type":"EntryPoint","urlTemplate":"https:\/\/urbeamea.ro\/albaiulia\/?s={search_term_string}"},"query-input":{"@type":"PropertyValueSpecification","valueRequired":true,"valueName":"search_term_string"}}],"inLanguage":"ro-RO"},{"@type":"Person","@id":"https:\/\/urbeamea.ro\/albaiulia\/#\/schema\/person\/272ae98052f8ee8980f59848df070247","name":"Redac\u021bia UrbeaMea","image":{"@type":"ImageObject","inLanguage":"ro-RO","@id":"https:\/\/secure.gravatar.com\/avatar\/9ce5a9435071fa1037e8468053ead8e513dbbff59009d3069aadb85506d85a27?s=96&d=mm&r=g","url":"https:\/\/secure.gravatar.com\/avatar\/9ce5a9435071fa1037e8468053ead8e513dbbff59009d3069aadb85506d85a27?s=96&d=mm&r=g","contentUrl":"https:\/\/secure.gravatar.com\/avatar\/9ce5a9435071fa1037e8468053ead8e513dbbff59009d3069aadb85506d85a27?s=96&d=mm&r=g","caption":"Redac\u021bia UrbeaMea"},"description":"contact@urbeamea.ro","sameAs":["https:\/\/www.urbeamea.ro"],"url":"https:\/\/urbeamea.ro\/albaiulia\/author\/redactia-urbeamea\/"}]}},"_links":{"self":[{"href":"https:\/\/urbeamea.ro\/albaiulia\/wp-json\/wp\/v2\/posts\/110287","targetHints":{"allow":["GET"]}}],"collection":[{"href":"https:\/\/urbeamea.ro\/albaiulia\/wp-json\/wp\/v2\/posts"}],"about":[{"href":"https:\/\/urbeamea.ro\/albaiulia\/wp-json\/wp\/v2\/types\/post"}],"author":[{"embeddable":true,"href":"https:\/\/urbeamea.ro\/albaiulia\/wp-json\/wp\/v2\/users\/16"}],"replies":[{"embeddable":true,"href":"https:\/\/urbeamea.ro\/albaiulia\/wp-json\/wp\/v2\/comments?post=110287"}],"version-history":[{"count":1,"href":"https:\/\/urbeamea.ro\/albaiulia\/wp-json\/wp\/v2\/posts\/110287\/revisions"}],"predecessor-version":[{"id":110293,"href":"https:\/\/urbeamea.ro\/albaiulia\/wp-json\/wp\/v2\/posts\/110287\/revisions\/110293"}],"wp:featuredmedia":[{"embeddable":true,"href":"https:\/\/urbeamea.ro\/albaiulia\/wp-json\/wp\/v2\/media\/110292"}],"wp:attachment":[{"href":"https:\/\/urbeamea.ro\/albaiulia\/wp-json\/wp\/v2\/media?parent=110287"}],"wp:term":[{"taxonomy":"category","embeddable":true,"href":"https:\/\/urbeamea.ro\/albaiulia\/wp-json\/wp\/v2\/categories?post=110287"},{"taxonomy":"post_tag","embeddable":true,"href":"https:\/\/urbeamea.ro\/albaiulia\/wp-json\/wp\/v2\/tags?post=110287"}],"curies":[{"name":"wp","href":"https:\/\/api.w.org\/{rel}","templated":true}]}}