{"id":110303,"date":"2024-02-01T15:24:46","date_gmt":"2024-02-01T13:24:46","guid":{"rendered":"https:\/\/urbeamea.ro\/albaiulia\/?p=110303"},"modified":"2024-02-01T15:24:48","modified_gmt":"2024-02-01T13:24:48","slug":"exponatul-lunii-februarie-2024-la-muzeul-municipal-ioan-raica-sebes-aurelia-portret-realizat-de-sava-hentia-in-anul-1894","status":"publish","type":"post","link":"https:\/\/urbeamea.ro\/albaiulia\/exponatul-lunii-februarie-2024-la-muzeul-municipal-ioan-raica-sebes-aurelia-portret-realizat-de-sava-hentia-in-anul-1894\/","title":{"rendered":"Exponatul lunii februarie 2024 la muzeul municipal \u201eIoan Raica&#8221; Sebe\u015f: \u201eAurelia&#8221;, portret realizat de Sava Hen\u0163ia \u00een anul 1894\u00a0"},"content":{"rendered":"\n<p>Exponatul lunii februarie 2024 la Muzeul Municipal \u201eIoan Raica&#8221; Sebe\u015f este portretul Aureliei, fiica cea mai mic\u0103 a pictorului Sava Hen\u0163ia, imortalizat\u0103 de artist atunci aceasta avea v\u00e2rsta de 6 ani. Lucrarea, cu dimensiunile de 40 x 30 cm, este semnat\u0103 \u015fi datat\u0103 st\u00e2nga-jos, cu ocru, \u201eS. Hen\u0163ia, 1894&#8243;, \u0219i a intrat \u00een patrimoniul muzeului \u00een anul 1979, \u00een urma transferului unui lot de tablouri de la Consiliul Culturii \u015fi Educa\u021biei Socialiste.<\/p>\n\n\n\n<p>Din fundalul negru al lucr\u0103rii, se desprinde bustul delicat al copilei care poart\u0103 o rochi\u021b\u0103 bordo cu umeri bufan\u021bi \u015fi cu gulerul la baza g\u00e2tului, dup\u0103 moda vremii. Chipul \u00eei este \u00eencadrat de p\u0103rul castaniu \u00eenchis, tuns cu breton, care-i cade pe umeri, \u0219i prins cu o benti\u021b\u0103 asortat\u0103 cu rochi\u021ba, legat\u0103 pe cre\u0219tet cu o fund\u0103. Chipul luminos \u015fi limpede al copilei, \u00eentors u\u0219or spre dreapta \u015fi puternic iluminat, contrasteaz\u0103 cu fundalul sobru al lucr\u0103rii. O \u0219uvi\u021b\u0103 ie\u0219ind din breton accentueaz\u0103 aspectul copil\u0103resc \u015fi ludic al chipului. Spr\u00e2ncenele, de aceea\u0219i culoare cu p\u0103rul, u\u0219or \u00eengro\u0219ate la baz\u0103, se arcuiesc delicat relief\u00e2ndu-i ochii mari \u015fi negri plini de candoare. Nasul fetei este fin redat, iar buzele, de un roz pal, sunt delicat conturate. Privind chipul copilei, se simte afec\u021biunea patern\u0103 care l-a animat pe artist atunci c\u00e2nd a pictat portretul, ging\u0103\u0219ia \u015fi inocen\u021ba red\u0103rii constituind \u00eenceputul unei linii de manifestare artistic\u0103 \u00een care va excela, dup\u0103 Sava Hen\u021bia, Nicolae Tonitza.<\/p>\n\n\n\n<p>Spre deosebire de maniera \u00een care \u201eacademi\u0219tii&#8221; tratau p\u00e2nza \u015fi \u00eentindeau vopseaua uniform, plat \u0219i rigid, \u00een cazul acestui portret se observ\u0103 maniera liber\u0103 \u015fi rapid\u0103 a tu\u0219elor, care pe aceast\u0103 p\u00e2nz\u0103 au c\u0103p\u0103tat relief \u015fi vibra\u021bii specifice modernismului, lucru ce ne determin\u0103 s\u0103-l includem pe Sava Hen\u021bia \u00eentre precursorii acestui curent artistic al secolului XX. Rama original\u0103, este \u015fi ea o oper\u0103 de art\u0103, pe m\u0103sura lucr\u0103rii, fiind realizat\u0103 \u00een stil neoclasic, din stucatur\u0103, \u00een basorelief pe un suport de lemn. Totul este colorat \u00een auriu \u015fi, prin dimensiuni, dar mai ales prin modul elaborat \u00een care a fost realizat\u0103, are un impact vizual excep\u021bional, oferind lucr\u0103rii un plus estetic.<\/p>\n\n\n\n<p>Aurelia Hen\u0163ia (1888-1986), n\u0103scut\u0103 la Bucure\u0219ti, s-a c\u0103s\u0103torit cu omul de afaceri Ion Vasiu (1874-1941) din C\u0103lim\u0103ne\u0219ti (constructor al hotelului \u201eCozia&#8221; \u0219i unul dintre ctitorii bisericii \u201eSfin\u021bii Apostoli Petru \u015fi Pavel&#8221; din localitate), un influent om politic na\u0163ional-\u0163\u0103r\u0103nist (primar al ora\u0219ului \u015fi pre\u0219edinte al Consiliului Jude\u021bean V\u00e2lcea \u00een 1932-1933). Familia Vasiu s-a stabilit la C\u0103lim\u0103ne\u0219ti \u015fi a avut trei copii: doi b\u0103ie\u021bi, Dinu Traian \u015fi Decebal, \u015fi o fiic\u0103, Pompilia-Aurelia. \u00cen timpul vie\u021bii, Aurelia a corespondat cu muzeul din Sebe\u015f, r\u0103spunz\u00e2nd unui chestionar trimis \u00een 1968. \u00cen v\u00e2rst\u0103 de 80 de ani la acea dat\u0103, Aurelia Vasiu locuia la Bucure\u0219ti. A r\u0103spuns \u00eentreb\u0103rilor prin intermediul fetei sale Pompilia-Aurelia \u0219i, apreciind eforturile depuse de muzeul din Sebe\u0219 pentru dezvoltarea colec\u021biei Sava Hen\u021bia, a donat acestuia dou\u0103 acuarele: \u201eNatur\u0103 static\u0103 cu portocal\u0103&#8221; (1902) \u0219i \u201eFloare de iris&#8221; (1902).<\/p>\n\n\n\n<p>Text: Centrul Cultural \u201eLucian Blaga&#8221; Sebe\u0219 &amp; Muzeul Municipal \u201eIoan Raica&#8221; Sebe\u0219<\/p>\n","protected":false},"excerpt":{"rendered":"<p>Exponatul lunii februarie 2024 la Muzeul Municipal \u201eIoan Raica&#8221; Sebe\u015f este portretul Aureliei, fiica cea mai mic\u0103 a pictorului Sava Hen\u0163ia, imortalizat\u0103 de artist atunci aceasta avea v\u00e2rsta de 6 ani. Lucrarea, cu dimensiunile de 40 x 30 cm, este semnat\u0103 \u015fi datat\u0103 st\u00e2nga-jos, cu ocru, \u201eS. Hen\u0163ia, 1894&#8243;, \u0219i a intrat \u00een patrimoniul muzeului &hellip;<\/p>\n","protected":false},"author":16,"featured_media":110304,"comment_status":"open","ping_status":"open","sticky":false,"template":"","format":"standard","meta":{"inline_featured_image":false,"footnotes":""},"categories":[4],"tags":[],"class_list":["post-110303","post","type-post","status-publish","format-standard","has-post-thumbnail","hentry","category-eveniment"],"yoast_head":"<!-- This site is optimized with the Yoast SEO plugin v27.4 - https:\/\/yoast.com\/product\/yoast-seo-wordpress\/ -->\n<title>Exponatul lunii februarie 2024 la muzeul municipal \u201eIoan Raica&quot; Sebe\u015f: \u201eAurelia&quot;, portret realizat de Sava Hen\u0163ia \u00een anul 1894\u00a0 - Revista Urbea Mea - Revista de Alba<\/title>\n<meta name=\"description\" content=\"Exponatul lunii februarie 2024 la Muzeul Municipal \u201eIoan Raica&quot; Sebe\u015f este portretul Aureliei, fiica cea mai mic\u0103 a pictorului Sava Hen\u0163ia, imortalizat\u0103\" \/>\n<meta name=\"robots\" content=\"index, follow, max-snippet:-1, max-image-preview:large, max-video-preview:-1\" \/>\n<link rel=\"canonical\" href=\"https:\/\/urbeamea.ro\/albaiulia\/exponatul-lunii-februarie-2024-la-muzeul-municipal-ioan-raica-sebes-aurelia-portret-realizat-de-sava-hentia-in-anul-1894\/\" \/>\n<meta name=\"twitter:card\" content=\"summary_large_image\" \/>\n<meta name=\"twitter:title\" content=\"Exponatul lunii februarie 2024 la muzeul municipal \u201eIoan Raica&quot; Sebe\u015f: \u201eAurelia&quot;, portret realizat de Sava Hen\u0163ia \u00een anul 1894\u00a0 - Revista Urbea Mea - Revista de Alba\" \/>\n<meta name=\"twitter:description\" content=\"Exponatul lunii februarie 2024 la Muzeul Municipal \u201eIoan Raica&quot; Sebe\u015f este portretul Aureliei, fiica cea mai mic\u0103 a pictorului Sava Hen\u0163ia, imortalizat\u0103\" \/>\n<meta name=\"twitter:image\" content=\"https:\/\/urbeamea.ro\/albaiulia\/wp-content\/uploads\/2024\/02\/Aurelia.jpg\" \/>\n<meta name=\"twitter:creator\" content=\"@urbeameaweb\" \/>\n<meta name=\"twitter:site\" content=\"@urbeameaweb\" \/>\n<script type=\"application\/ld+json\" class=\"yoast-schema-graph\">{\"@context\":\"https:\\\/\\\/schema.org\",\"@graph\":[{\"@type\":\"Article\",\"@id\":\"https:\\\/\\\/urbeamea.ro\\\/albaiulia\\\/exponatul-lunii-februarie-2024-la-muzeul-municipal-ioan-raica-sebes-aurelia-portret-realizat-de-sava-hentia-in-anul-1894\\\/#article\",\"isPartOf\":{\"@id\":\"https:\\\/\\\/urbeamea.ro\\\/albaiulia\\\/exponatul-lunii-februarie-2024-la-muzeul-municipal-ioan-raica-sebes-aurelia-portret-realizat-de-sava-hentia-in-anul-1894\\\/\"},\"author\":{\"name\":\"Redac\u021bia UrbeaMea\",\"@id\":\"https:\\\/\\\/urbeamea.ro\\\/albaiulia\\\/#\\\/schema\\\/person\\\/272ae98052f8ee8980f59848df070247\"},\"headline\":\"Exponatul lunii februarie 2024 la muzeul municipal \u201eIoan Raica&#8221; Sebe\u015f: \u201eAurelia&#8221;, portret realizat de Sava Hen\u0163ia \u00een anul 1894\u00a0\",\"datePublished\":\"2024-02-01T13:24:46+00:00\",\"dateModified\":\"2024-02-01T13:24:48+00:00\",\"mainEntityOfPage\":{\"@id\":\"https:\\\/\\\/urbeamea.ro\\\/albaiulia\\\/exponatul-lunii-februarie-2024-la-muzeul-municipal-ioan-raica-sebes-aurelia-portret-realizat-de-sava-hentia-in-anul-1894\\\/\"},\"wordCount\":569,\"commentCount\":0,\"image\":{\"@id\":\"https:\\\/\\\/urbeamea.ro\\\/albaiulia\\\/exponatul-lunii-februarie-2024-la-muzeul-municipal-ioan-raica-sebes-aurelia-portret-realizat-de-sava-hentia-in-anul-1894\\\/#primaryimage\"},\"thumbnailUrl\":\"https:\\\/\\\/urbeamea.ro\\\/albaiulia\\\/wp-content\\\/uploads\\\/2024\\\/02\\\/Aurelia.jpg\",\"articleSection\":[\"Evenimente\"],\"inLanguage\":\"ro-RO\",\"potentialAction\":[{\"@type\":\"CommentAction\",\"name\":\"Comment\",\"target\":[\"https:\\\/\\\/urbeamea.ro\\\/albaiulia\\\/exponatul-lunii-februarie-2024-la-muzeul-municipal-ioan-raica-sebes-aurelia-portret-realizat-de-sava-hentia-in-anul-1894\\\/#respond\"]}]},{\"@type\":\"WebPage\",\"@id\":\"https:\\\/\\\/urbeamea.ro\\\/albaiulia\\\/exponatul-lunii-februarie-2024-la-muzeul-municipal-ioan-raica-sebes-aurelia-portret-realizat-de-sava-hentia-in-anul-1894\\\/\",\"url\":\"https:\\\/\\\/urbeamea.ro\\\/albaiulia\\\/exponatul-lunii-februarie-2024-la-muzeul-municipal-ioan-raica-sebes-aurelia-portret-realizat-de-sava-hentia-in-anul-1894\\\/\",\"name\":\"Exponatul lunii februarie 2024 la muzeul municipal \u201eIoan Raica\\\" Sebe\u015f: \u201eAurelia\\\", portret realizat de Sava Hen\u0163ia \u00een anul 1894\u00a0 - Revista Urbea Mea - Revista de Alba\",\"isPartOf\":{\"@id\":\"https:\\\/\\\/urbeamea.ro\\\/albaiulia\\\/#website\"},\"primaryImageOfPage\":{\"@id\":\"https:\\\/\\\/urbeamea.ro\\\/albaiulia\\\/exponatul-lunii-februarie-2024-la-muzeul-municipal-ioan-raica-sebes-aurelia-portret-realizat-de-sava-hentia-in-anul-1894\\\/#primaryimage\"},\"image\":{\"@id\":\"https:\\\/\\\/urbeamea.ro\\\/albaiulia\\\/exponatul-lunii-februarie-2024-la-muzeul-municipal-ioan-raica-sebes-aurelia-portret-realizat-de-sava-hentia-in-anul-1894\\\/#primaryimage\"},\"thumbnailUrl\":\"https:\\\/\\\/urbeamea.ro\\\/albaiulia\\\/wp-content\\\/uploads\\\/2024\\\/02\\\/Aurelia.jpg\",\"datePublished\":\"2024-02-01T13:24:46+00:00\",\"dateModified\":\"2024-02-01T13:24:48+00:00\",\"author\":{\"@id\":\"https:\\\/\\\/urbeamea.ro\\\/albaiulia\\\/#\\\/schema\\\/person\\\/272ae98052f8ee8980f59848df070247\"},\"description\":\"Exponatul lunii februarie 2024 la Muzeul Municipal \u201eIoan Raica\\\" Sebe\u015f este portretul Aureliei, fiica cea mai mic\u0103 a pictorului Sava Hen\u0163ia, imortalizat\u0103\",\"breadcrumb\":{\"@id\":\"https:\\\/\\\/urbeamea.ro\\\/albaiulia\\\/exponatul-lunii-februarie-2024-la-muzeul-municipal-ioan-raica-sebes-aurelia-portret-realizat-de-sava-hentia-in-anul-1894\\\/#breadcrumb\"},\"inLanguage\":\"ro-RO\",\"potentialAction\":[{\"@type\":\"ReadAction\",\"target\":[\"https:\\\/\\\/urbeamea.ro\\\/albaiulia\\\/exponatul-lunii-februarie-2024-la-muzeul-municipal-ioan-raica-sebes-aurelia-portret-realizat-de-sava-hentia-in-anul-1894\\\/\"]}]},{\"@type\":\"ImageObject\",\"inLanguage\":\"ro-RO\",\"@id\":\"https:\\\/\\\/urbeamea.ro\\\/albaiulia\\\/exponatul-lunii-februarie-2024-la-muzeul-municipal-ioan-raica-sebes-aurelia-portret-realizat-de-sava-hentia-in-anul-1894\\\/#primaryimage\",\"url\":\"https:\\\/\\\/urbeamea.ro\\\/albaiulia\\\/wp-content\\\/uploads\\\/2024\\\/02\\\/Aurelia.jpg\",\"contentUrl\":\"https:\\\/\\\/urbeamea.ro\\\/albaiulia\\\/wp-content\\\/uploads\\\/2024\\\/02\\\/Aurelia.jpg\",\"width\":1393,\"height\":1600},{\"@type\":\"BreadcrumbList\",\"@id\":\"https:\\\/\\\/urbeamea.ro\\\/albaiulia\\\/exponatul-lunii-februarie-2024-la-muzeul-municipal-ioan-raica-sebes-aurelia-portret-realizat-de-sava-hentia-in-anul-1894\\\/#breadcrumb\",\"itemListElement\":[{\"@type\":\"ListItem\",\"position\":1,\"name\":\"Prima pagin\u0103\",\"item\":\"https:\\\/\\\/urbeamea.ro\\\/albaiulia\\\/\"},{\"@type\":\"ListItem\",\"position\":2,\"name\":\"Exponatul lunii februarie 2024 la muzeul municipal \u201eIoan Raica&#8221; Sebe\u015f: \u201eAurelia&#8221;, portret realizat de Sava Hen\u0163ia \u00een anul 1894\u00a0\"}]},{\"@type\":\"WebSite\",\"@id\":\"https:\\\/\\\/urbeamea.ro\\\/albaiulia\\\/#website\",\"url\":\"https:\\\/\\\/urbeamea.ro\\\/albaiulia\\\/\",\"name\":\"Revista Urbea Mea, Stiri urbane\",\"description\":\"Evenimente \u0219i \u0219tiri din Alba Iulia, Sebe\u0219, Aiud, Blaj\",\"potentialAction\":[{\"@type\":\"SearchAction\",\"target\":{\"@type\":\"EntryPoint\",\"urlTemplate\":\"https:\\\/\\\/urbeamea.ro\\\/albaiulia\\\/?s={search_term_string}\"},\"query-input\":{\"@type\":\"PropertyValueSpecification\",\"valueRequired\":true,\"valueName\":\"search_term_string\"}}],\"inLanguage\":\"ro-RO\"},{\"@type\":\"Person\",\"@id\":\"https:\\\/\\\/urbeamea.ro\\\/albaiulia\\\/#\\\/schema\\\/person\\\/272ae98052f8ee8980f59848df070247\",\"name\":\"Redac\u021bia UrbeaMea\",\"image\":{\"@type\":\"ImageObject\",\"inLanguage\":\"ro-RO\",\"@id\":\"https:\\\/\\\/secure.gravatar.com\\\/avatar\\\/9ce5a9435071fa1037e8468053ead8e513dbbff59009d3069aadb85506d85a27?s=96&d=mm&r=g\",\"url\":\"https:\\\/\\\/secure.gravatar.com\\\/avatar\\\/9ce5a9435071fa1037e8468053ead8e513dbbff59009d3069aadb85506d85a27?s=96&d=mm&r=g\",\"contentUrl\":\"https:\\\/\\\/secure.gravatar.com\\\/avatar\\\/9ce5a9435071fa1037e8468053ead8e513dbbff59009d3069aadb85506d85a27?s=96&d=mm&r=g\",\"caption\":\"Redac\u021bia UrbeaMea\"},\"description\":\"contact@urbeamea.ro\",\"sameAs\":[\"https:\\\/\\\/www.urbeamea.ro\"],\"url\":\"https:\\\/\\\/urbeamea.ro\\\/albaiulia\\\/author\\\/redactia-urbeamea\\\/\"}]}<\/script>\n<!-- \/ Yoast SEO plugin. -->","yoast_head_json":{"title":"Exponatul lunii februarie 2024 la muzeul municipal \u201eIoan Raica\" Sebe\u015f: \u201eAurelia\", portret realizat de Sava Hen\u0163ia \u00een anul 1894\u00a0 - Revista Urbea Mea - Revista de Alba","description":"Exponatul lunii februarie 2024 la Muzeul Municipal \u201eIoan Raica\" Sebe\u015f este portretul Aureliei, fiica cea mai mic\u0103 a pictorului Sava Hen\u0163ia, imortalizat\u0103","robots":{"index":"index","follow":"follow","max-snippet":"max-snippet:-1","max-image-preview":"max-image-preview:large","max-video-preview":"max-video-preview:-1"},"canonical":"https:\/\/urbeamea.ro\/albaiulia\/exponatul-lunii-februarie-2024-la-muzeul-municipal-ioan-raica-sebes-aurelia-portret-realizat-de-sava-hentia-in-anul-1894\/","twitter_card":"summary_large_image","twitter_title":"Exponatul lunii februarie 2024 la muzeul municipal \u201eIoan Raica\" Sebe\u015f: \u201eAurelia\", portret realizat de Sava Hen\u0163ia \u00een anul 1894\u00a0 - Revista Urbea Mea - Revista de Alba","twitter_description":"Exponatul lunii februarie 2024 la Muzeul Municipal \u201eIoan Raica\" Sebe\u015f este portretul Aureliei, fiica cea mai mic\u0103 a pictorului Sava Hen\u0163ia, imortalizat\u0103","twitter_image":"https:\/\/urbeamea.ro\/albaiulia\/wp-content\/uploads\/2024\/02\/Aurelia.jpg","twitter_creator":"@urbeameaweb","twitter_site":"@urbeameaweb","schema":{"@context":"https:\/\/schema.org","@graph":[{"@type":"Article","@id":"https:\/\/urbeamea.ro\/albaiulia\/exponatul-lunii-februarie-2024-la-muzeul-municipal-ioan-raica-sebes-aurelia-portret-realizat-de-sava-hentia-in-anul-1894\/#article","isPartOf":{"@id":"https:\/\/urbeamea.ro\/albaiulia\/exponatul-lunii-februarie-2024-la-muzeul-municipal-ioan-raica-sebes-aurelia-portret-realizat-de-sava-hentia-in-anul-1894\/"},"author":{"name":"Redac\u021bia UrbeaMea","@id":"https:\/\/urbeamea.ro\/albaiulia\/#\/schema\/person\/272ae98052f8ee8980f59848df070247"},"headline":"Exponatul lunii februarie 2024 la muzeul municipal \u201eIoan Raica&#8221; Sebe\u015f: \u201eAurelia&#8221;, portret realizat de Sava Hen\u0163ia \u00een anul 1894\u00a0","datePublished":"2024-02-01T13:24:46+00:00","dateModified":"2024-02-01T13:24:48+00:00","mainEntityOfPage":{"@id":"https:\/\/urbeamea.ro\/albaiulia\/exponatul-lunii-februarie-2024-la-muzeul-municipal-ioan-raica-sebes-aurelia-portret-realizat-de-sava-hentia-in-anul-1894\/"},"wordCount":569,"commentCount":0,"image":{"@id":"https:\/\/urbeamea.ro\/albaiulia\/exponatul-lunii-februarie-2024-la-muzeul-municipal-ioan-raica-sebes-aurelia-portret-realizat-de-sava-hentia-in-anul-1894\/#primaryimage"},"thumbnailUrl":"https:\/\/urbeamea.ro\/albaiulia\/wp-content\/uploads\/2024\/02\/Aurelia.jpg","articleSection":["Evenimente"],"inLanguage":"ro-RO","potentialAction":[{"@type":"CommentAction","name":"Comment","target":["https:\/\/urbeamea.ro\/albaiulia\/exponatul-lunii-februarie-2024-la-muzeul-municipal-ioan-raica-sebes-aurelia-portret-realizat-de-sava-hentia-in-anul-1894\/#respond"]}]},{"@type":"WebPage","@id":"https:\/\/urbeamea.ro\/albaiulia\/exponatul-lunii-februarie-2024-la-muzeul-municipal-ioan-raica-sebes-aurelia-portret-realizat-de-sava-hentia-in-anul-1894\/","url":"https:\/\/urbeamea.ro\/albaiulia\/exponatul-lunii-februarie-2024-la-muzeul-municipal-ioan-raica-sebes-aurelia-portret-realizat-de-sava-hentia-in-anul-1894\/","name":"Exponatul lunii februarie 2024 la muzeul municipal \u201eIoan Raica\" Sebe\u015f: \u201eAurelia\", portret realizat de Sava Hen\u0163ia \u00een anul 1894\u00a0 - Revista Urbea Mea - Revista de Alba","isPartOf":{"@id":"https:\/\/urbeamea.ro\/albaiulia\/#website"},"primaryImageOfPage":{"@id":"https:\/\/urbeamea.ro\/albaiulia\/exponatul-lunii-februarie-2024-la-muzeul-municipal-ioan-raica-sebes-aurelia-portret-realizat-de-sava-hentia-in-anul-1894\/#primaryimage"},"image":{"@id":"https:\/\/urbeamea.ro\/albaiulia\/exponatul-lunii-februarie-2024-la-muzeul-municipal-ioan-raica-sebes-aurelia-portret-realizat-de-sava-hentia-in-anul-1894\/#primaryimage"},"thumbnailUrl":"https:\/\/urbeamea.ro\/albaiulia\/wp-content\/uploads\/2024\/02\/Aurelia.jpg","datePublished":"2024-02-01T13:24:46+00:00","dateModified":"2024-02-01T13:24:48+00:00","author":{"@id":"https:\/\/urbeamea.ro\/albaiulia\/#\/schema\/person\/272ae98052f8ee8980f59848df070247"},"description":"Exponatul lunii februarie 2024 la Muzeul Municipal \u201eIoan Raica\" Sebe\u015f este portretul Aureliei, fiica cea mai mic\u0103 a pictorului Sava Hen\u0163ia, imortalizat\u0103","breadcrumb":{"@id":"https:\/\/urbeamea.ro\/albaiulia\/exponatul-lunii-februarie-2024-la-muzeul-municipal-ioan-raica-sebes-aurelia-portret-realizat-de-sava-hentia-in-anul-1894\/#breadcrumb"},"inLanguage":"ro-RO","potentialAction":[{"@type":"ReadAction","target":["https:\/\/urbeamea.ro\/albaiulia\/exponatul-lunii-februarie-2024-la-muzeul-municipal-ioan-raica-sebes-aurelia-portret-realizat-de-sava-hentia-in-anul-1894\/"]}]},{"@type":"ImageObject","inLanguage":"ro-RO","@id":"https:\/\/urbeamea.ro\/albaiulia\/exponatul-lunii-februarie-2024-la-muzeul-municipal-ioan-raica-sebes-aurelia-portret-realizat-de-sava-hentia-in-anul-1894\/#primaryimage","url":"https:\/\/urbeamea.ro\/albaiulia\/wp-content\/uploads\/2024\/02\/Aurelia.jpg","contentUrl":"https:\/\/urbeamea.ro\/albaiulia\/wp-content\/uploads\/2024\/02\/Aurelia.jpg","width":1393,"height":1600},{"@type":"BreadcrumbList","@id":"https:\/\/urbeamea.ro\/albaiulia\/exponatul-lunii-februarie-2024-la-muzeul-municipal-ioan-raica-sebes-aurelia-portret-realizat-de-sava-hentia-in-anul-1894\/#breadcrumb","itemListElement":[{"@type":"ListItem","position":1,"name":"Prima pagin\u0103","item":"https:\/\/urbeamea.ro\/albaiulia\/"},{"@type":"ListItem","position":2,"name":"Exponatul lunii februarie 2024 la muzeul municipal \u201eIoan Raica&#8221; Sebe\u015f: \u201eAurelia&#8221;, portret realizat de Sava Hen\u0163ia \u00een anul 1894\u00a0"}]},{"@type":"WebSite","@id":"https:\/\/urbeamea.ro\/albaiulia\/#website","url":"https:\/\/urbeamea.ro\/albaiulia\/","name":"Revista Urbea Mea, Stiri urbane","description":"Evenimente \u0219i \u0219tiri din Alba Iulia, Sebe\u0219, Aiud, Blaj","potentialAction":[{"@type":"SearchAction","target":{"@type":"EntryPoint","urlTemplate":"https:\/\/urbeamea.ro\/albaiulia\/?s={search_term_string}"},"query-input":{"@type":"PropertyValueSpecification","valueRequired":true,"valueName":"search_term_string"}}],"inLanguage":"ro-RO"},{"@type":"Person","@id":"https:\/\/urbeamea.ro\/albaiulia\/#\/schema\/person\/272ae98052f8ee8980f59848df070247","name":"Redac\u021bia UrbeaMea","image":{"@type":"ImageObject","inLanguage":"ro-RO","@id":"https:\/\/secure.gravatar.com\/avatar\/9ce5a9435071fa1037e8468053ead8e513dbbff59009d3069aadb85506d85a27?s=96&d=mm&r=g","url":"https:\/\/secure.gravatar.com\/avatar\/9ce5a9435071fa1037e8468053ead8e513dbbff59009d3069aadb85506d85a27?s=96&d=mm&r=g","contentUrl":"https:\/\/secure.gravatar.com\/avatar\/9ce5a9435071fa1037e8468053ead8e513dbbff59009d3069aadb85506d85a27?s=96&d=mm&r=g","caption":"Redac\u021bia UrbeaMea"},"description":"contact@urbeamea.ro","sameAs":["https:\/\/www.urbeamea.ro"],"url":"https:\/\/urbeamea.ro\/albaiulia\/author\/redactia-urbeamea\/"}]}},"_links":{"self":[{"href":"https:\/\/urbeamea.ro\/albaiulia\/wp-json\/wp\/v2\/posts\/110303","targetHints":{"allow":["GET"]}}],"collection":[{"href":"https:\/\/urbeamea.ro\/albaiulia\/wp-json\/wp\/v2\/posts"}],"about":[{"href":"https:\/\/urbeamea.ro\/albaiulia\/wp-json\/wp\/v2\/types\/post"}],"author":[{"embeddable":true,"href":"https:\/\/urbeamea.ro\/albaiulia\/wp-json\/wp\/v2\/users\/16"}],"replies":[{"embeddable":true,"href":"https:\/\/urbeamea.ro\/albaiulia\/wp-json\/wp\/v2\/comments?post=110303"}],"version-history":[{"count":1,"href":"https:\/\/urbeamea.ro\/albaiulia\/wp-json\/wp\/v2\/posts\/110303\/revisions"}],"predecessor-version":[{"id":110305,"href":"https:\/\/urbeamea.ro\/albaiulia\/wp-json\/wp\/v2\/posts\/110303\/revisions\/110305"}],"wp:featuredmedia":[{"embeddable":true,"href":"https:\/\/urbeamea.ro\/albaiulia\/wp-json\/wp\/v2\/media\/110304"}],"wp:attachment":[{"href":"https:\/\/urbeamea.ro\/albaiulia\/wp-json\/wp\/v2\/media?parent=110303"}],"wp:term":[{"taxonomy":"category","embeddable":true,"href":"https:\/\/urbeamea.ro\/albaiulia\/wp-json\/wp\/v2\/categories?post=110303"},{"taxonomy":"post_tag","embeddable":true,"href":"https:\/\/urbeamea.ro\/albaiulia\/wp-json\/wp\/v2\/tags?post=110303"}],"curies":[{"name":"wp","href":"https:\/\/api.w.org\/{rel}","templated":true}]}}