{"id":110422,"date":"2024-02-18T17:24:13","date_gmt":"2024-02-18T15:24:13","guid":{"rendered":"https:\/\/urbeamea.ro\/albaiulia\/?p=110422"},"modified":"2024-02-18T17:24:15","modified_gmt":"2024-02-18T15:24:15","slug":"sebes-21-februarie-2024-seara-muzeala-si-expozitie-inedita-pentru-a-l-omagia-pe-pictorul-sava-hentia","status":"publish","type":"post","link":"https:\/\/urbeamea.ro\/albaiulia\/sebes-21-februarie-2024-seara-muzeala-si-expozitie-inedita-pentru-a-l-omagia-pe-pictorul-sava-hentia\/","title":{"rendered":"Sebe\u0219, 21 februarie 2024: sear\u0103 muzeal\u0103 \u0219i expozi\u021bie inedit\u0103 pentru a-l omagia pe pictorul Sava Hen\u021bia"},"content":{"rendered":"\n<p>Miercuri, 21 februarie 2024, \u00eencep\u00e2nd cu ora 16.30, la Prim\u0103ria Municipiului Sebe\u0219, va avea loc un eveniment cultural dedicat memoriei lui Sava Hen\u021bia, de la moartea c\u0103ruia se \u00eemplinesc 120 de ani. Conceput ca o sear\u0103&nbsp;muzeal\u0103, evenimentul intitulat \u201eSava Hen\u021bia (1848-1904), un maestru transilv\u0103nean al penelului&#8221; propune publicului, pe l\u00e2ng\u0103 vernisarea unei expozi\u021bii temporare, care va reuni cele mai importante lucr\u0103ri din colec\u021bia Muzeului Municipal \u201eIoan Raica&#8221; Sebe\u0219, c\u0103rora li se al\u0103tur\u0103 un autoportret inedit de-al acestuia din colec\u021bia Cosmin \u0219i Alexandra Voi\u0219an \u0219i tablouri din patrimoniul Muzeului Na\u021bional al Unirii Alba Iulia, \u0219i dou\u0103 conferin\u021be \u0219tiin\u021bifice. Prima, sus\u021binut\u0103 de prof. univ. dr. Cornel Tatai-Balt\u0103, abordeaz\u0103 via\u021ba \u0219i opera pictorului, cu referiri la lucr\u0103rile aflate \u00een colec\u021bia muzeului sebe\u0219ean, iar cea de-a doua, sus\u021binut\u0103 de lect. univ. dr. C\u0103lin Anghel \u0219i dr. Radu Totoianu, prezint\u0103 istoricul \u0219i etapele constituirii colec\u021biei&nbsp; \u201eSava Hen\u021bia&#8221; a aceluia\u0219i muzeu.<\/p>\n\n\n\n<p>Muzeul Municipal \u201eIoan Raica&#8221; din Sebe\u015f de\u021bine una dintre cele mai importante colec\u021bii de tablouri semnate de Sava Hen\u0163ia, care num\u0103r\u0103 46 de lucr\u0103ri, toate aceste lucr\u0103ri fiind reprezentative pentru activitatea sa \u00eentre anii 1871 \u015fi 1902. Cum pictorul nu are o cas\u0103 memorial\u0103 la Sebe\u015fel, satul s\u0103u natal \u015fi, \u00een condi\u021biile \u00een care muzeul din Sebe\u015f are cea mai \u00eensemnat\u0103 colec\u021bie de lucr\u0103ri semnate de el din zon\u0103, consider\u0103m c\u0103 institu\u021bia noastr\u0103 a devenit cea de-a doua cas\u0103 a sa, un spa\u021biu dedicat artei, \u00een care opera lui poate fi cunoscut\u0103 \u0219i admirat\u0103. Muzeul continu\u0103 s\u0103 valorifice \u0219i s\u0103 promoveze at\u00e2t opera, c\u00e2t \u0219i memoria acestui maestru al penelului, prin evenimente care vor fi organizate \u00een perioada urm\u0103toare \u0219i prin facilit\u0103\u021bi acordate la vizitarea expozi\u021biei.<\/p>\n\n\n\n<p>A\u0219adar, este anul \u201eSava Hen\u021bia&#8221; la Muzeul Municipal \u201eIoan Raica&#8221; Sebe\u0219!<\/p>\n\n\n\n<p>V\u0103 invit\u0103m s\u0103-i descoperi\u021bi opera \u0219i s\u0103 v\u0103 delecta\u021bi cu frumuse\u021bea lucr\u0103rilor sale!<\/p>\n","protected":false},"excerpt":{"rendered":"<p>Miercuri, 21 februarie 2024, \u00eencep\u00e2nd cu ora 16.30, la Prim\u0103ria Municipiului Sebe\u0219, va avea loc un eveniment cultural dedicat memoriei lui Sava Hen\u021bia, de la moartea c\u0103ruia se \u00eemplinesc 120 de ani. Conceput ca o sear\u0103&nbsp;muzeal\u0103, evenimentul intitulat \u201eSava Hen\u021bia (1848-1904), un maestru transilv\u0103nean al penelului&#8221; propune publicului, pe l\u00e2ng\u0103 vernisarea unei expozi\u021bii temporare, care &hellip;<\/p>\n","protected":false},"author":16,"featured_media":110423,"comment_status":"open","ping_status":"open","sticky":false,"template":"","format":"standard","meta":{"inline_featured_image":false,"footnotes":""},"categories":[4],"tags":[],"class_list":["post-110422","post","type-post","status-publish","format-standard","has-post-thumbnail","hentry","category-eveniment"],"yoast_head":"<!-- This site is optimized with the Yoast SEO plugin v27.4 - https:\/\/yoast.com\/product\/yoast-seo-wordpress\/ -->\n<title>Sebe\u0219, 21 februarie 2024: sear\u0103 muzeal\u0103 \u0219i expozi\u021bie inedit\u0103 pentru a-l omagia pe pictorul Sava Hen\u021bia - Revista Urbea Mea - Revista de Alba<\/title>\n<meta name=\"description\" content=\"Miercuri, 21 februarie 2024, \u00eencep\u00e2nd cu ora 16.30, la Prim\u0103ria Municipiului Sebe\u0219, va avea loc un eveniment cultural dedicat memoriei lui Sava Hen\u021bia, de\" \/>\n<meta name=\"robots\" content=\"index, follow, max-snippet:-1, max-image-preview:large, max-video-preview:-1\" \/>\n<link rel=\"canonical\" href=\"https:\/\/urbeamea.ro\/albaiulia\/sebes-21-februarie-2024-seara-muzeala-si-expozitie-inedita-pentru-a-l-omagia-pe-pictorul-sava-hentia\/\" \/>\n<meta name=\"twitter:card\" content=\"summary_large_image\" \/>\n<meta name=\"twitter:title\" content=\"Sebe\u0219, 21 februarie 2024: sear\u0103 muzeal\u0103 \u0219i expozi\u021bie inedit\u0103 pentru a-l omagia pe pictorul Sava Hen\u021bia - Revista Urbea Mea - Revista de Alba\" \/>\n<meta name=\"twitter:description\" content=\"Miercuri, 21 februarie 2024, \u00eencep\u00e2nd cu ora 16.30, la Prim\u0103ria Municipiului Sebe\u0219, va avea loc un eveniment cultural dedicat memoriei lui Sava Hen\u021bia, de\" \/>\n<meta name=\"twitter:image\" content=\"https:\/\/urbeamea.ro\/albaiulia\/wp-content\/uploads\/2024\/02\/Afis-Sava-Hentia.jpg\" \/>\n<meta name=\"twitter:creator\" content=\"@urbeameaweb\" \/>\n<meta name=\"twitter:site\" content=\"@urbeameaweb\" \/>\n<script type=\"application\/ld+json\" class=\"yoast-schema-graph\">{\"@context\":\"https:\\\/\\\/schema.org\",\"@graph\":[{\"@type\":\"Article\",\"@id\":\"https:\\\/\\\/urbeamea.ro\\\/albaiulia\\\/sebes-21-februarie-2024-seara-muzeala-si-expozitie-inedita-pentru-a-l-omagia-pe-pictorul-sava-hentia\\\/#article\",\"isPartOf\":{\"@id\":\"https:\\\/\\\/urbeamea.ro\\\/albaiulia\\\/sebes-21-februarie-2024-seara-muzeala-si-expozitie-inedita-pentru-a-l-omagia-pe-pictorul-sava-hentia\\\/\"},\"author\":{\"name\":\"Redac\u021bia UrbeaMea\",\"@id\":\"https:\\\/\\\/urbeamea.ro\\\/albaiulia\\\/#\\\/schema\\\/person\\\/272ae98052f8ee8980f59848df070247\"},\"headline\":\"Sebe\u0219, 21 februarie 2024: sear\u0103 muzeal\u0103 \u0219i expozi\u021bie inedit\u0103 pentru a-l omagia pe pictorul Sava Hen\u021bia\",\"datePublished\":\"2024-02-18T15:24:13+00:00\",\"dateModified\":\"2024-02-18T15:24:15+00:00\",\"mainEntityOfPage\":{\"@id\":\"https:\\\/\\\/urbeamea.ro\\\/albaiulia\\\/sebes-21-februarie-2024-seara-muzeala-si-expozitie-inedita-pentru-a-l-omagia-pe-pictorul-sava-hentia\\\/\"},\"wordCount\":361,\"commentCount\":0,\"image\":{\"@id\":\"https:\\\/\\\/urbeamea.ro\\\/albaiulia\\\/sebes-21-februarie-2024-seara-muzeala-si-expozitie-inedita-pentru-a-l-omagia-pe-pictorul-sava-hentia\\\/#primaryimage\"},\"thumbnailUrl\":\"https:\\\/\\\/urbeamea.ro\\\/albaiulia\\\/wp-content\\\/uploads\\\/2024\\\/02\\\/Afis-Sava-Hentia.jpg\",\"articleSection\":[\"Evenimente\"],\"inLanguage\":\"ro-RO\",\"potentialAction\":[{\"@type\":\"CommentAction\",\"name\":\"Comment\",\"target\":[\"https:\\\/\\\/urbeamea.ro\\\/albaiulia\\\/sebes-21-februarie-2024-seara-muzeala-si-expozitie-inedita-pentru-a-l-omagia-pe-pictorul-sava-hentia\\\/#respond\"]}]},{\"@type\":\"WebPage\",\"@id\":\"https:\\\/\\\/urbeamea.ro\\\/albaiulia\\\/sebes-21-februarie-2024-seara-muzeala-si-expozitie-inedita-pentru-a-l-omagia-pe-pictorul-sava-hentia\\\/\",\"url\":\"https:\\\/\\\/urbeamea.ro\\\/albaiulia\\\/sebes-21-februarie-2024-seara-muzeala-si-expozitie-inedita-pentru-a-l-omagia-pe-pictorul-sava-hentia\\\/\",\"name\":\"Sebe\u0219, 21 februarie 2024: sear\u0103 muzeal\u0103 \u0219i expozi\u021bie inedit\u0103 pentru a-l omagia pe pictorul Sava Hen\u021bia - Revista Urbea Mea - Revista de Alba\",\"isPartOf\":{\"@id\":\"https:\\\/\\\/urbeamea.ro\\\/albaiulia\\\/#website\"},\"primaryImageOfPage\":{\"@id\":\"https:\\\/\\\/urbeamea.ro\\\/albaiulia\\\/sebes-21-februarie-2024-seara-muzeala-si-expozitie-inedita-pentru-a-l-omagia-pe-pictorul-sava-hentia\\\/#primaryimage\"},\"image\":{\"@id\":\"https:\\\/\\\/urbeamea.ro\\\/albaiulia\\\/sebes-21-februarie-2024-seara-muzeala-si-expozitie-inedita-pentru-a-l-omagia-pe-pictorul-sava-hentia\\\/#primaryimage\"},\"thumbnailUrl\":\"https:\\\/\\\/urbeamea.ro\\\/albaiulia\\\/wp-content\\\/uploads\\\/2024\\\/02\\\/Afis-Sava-Hentia.jpg\",\"datePublished\":\"2024-02-18T15:24:13+00:00\",\"dateModified\":\"2024-02-18T15:24:15+00:00\",\"author\":{\"@id\":\"https:\\\/\\\/urbeamea.ro\\\/albaiulia\\\/#\\\/schema\\\/person\\\/272ae98052f8ee8980f59848df070247\"},\"description\":\"Miercuri, 21 februarie 2024, \u00eencep\u00e2nd cu ora 16.30, la Prim\u0103ria Municipiului Sebe\u0219, va avea loc un eveniment cultural dedicat memoriei lui Sava Hen\u021bia, de\",\"breadcrumb\":{\"@id\":\"https:\\\/\\\/urbeamea.ro\\\/albaiulia\\\/sebes-21-februarie-2024-seara-muzeala-si-expozitie-inedita-pentru-a-l-omagia-pe-pictorul-sava-hentia\\\/#breadcrumb\"},\"inLanguage\":\"ro-RO\",\"potentialAction\":[{\"@type\":\"ReadAction\",\"target\":[\"https:\\\/\\\/urbeamea.ro\\\/albaiulia\\\/sebes-21-februarie-2024-seara-muzeala-si-expozitie-inedita-pentru-a-l-omagia-pe-pictorul-sava-hentia\\\/\"]}]},{\"@type\":\"ImageObject\",\"inLanguage\":\"ro-RO\",\"@id\":\"https:\\\/\\\/urbeamea.ro\\\/albaiulia\\\/sebes-21-februarie-2024-seara-muzeala-si-expozitie-inedita-pentru-a-l-omagia-pe-pictorul-sava-hentia\\\/#primaryimage\",\"url\":\"https:\\\/\\\/urbeamea.ro\\\/albaiulia\\\/wp-content\\\/uploads\\\/2024\\\/02\\\/Afis-Sava-Hentia.jpg\",\"contentUrl\":\"https:\\\/\\\/urbeamea.ro\\\/albaiulia\\\/wp-content\\\/uploads\\\/2024\\\/02\\\/Afis-Sava-Hentia.jpg\",\"width\":1448,\"height\":2048},{\"@type\":\"BreadcrumbList\",\"@id\":\"https:\\\/\\\/urbeamea.ro\\\/albaiulia\\\/sebes-21-februarie-2024-seara-muzeala-si-expozitie-inedita-pentru-a-l-omagia-pe-pictorul-sava-hentia\\\/#breadcrumb\",\"itemListElement\":[{\"@type\":\"ListItem\",\"position\":1,\"name\":\"Prima pagin\u0103\",\"item\":\"https:\\\/\\\/urbeamea.ro\\\/albaiulia\\\/\"},{\"@type\":\"ListItem\",\"position\":2,\"name\":\"Sebe\u0219, 21 februarie 2024: sear\u0103 muzeal\u0103 \u0219i expozi\u021bie inedit\u0103 pentru a-l omagia pe pictorul Sava Hen\u021bia\"}]},{\"@type\":\"WebSite\",\"@id\":\"https:\\\/\\\/urbeamea.ro\\\/albaiulia\\\/#website\",\"url\":\"https:\\\/\\\/urbeamea.ro\\\/albaiulia\\\/\",\"name\":\"Revista Urbea Mea, Stiri urbane\",\"description\":\"Evenimente \u0219i \u0219tiri din Alba Iulia, Sebe\u0219, Aiud, Blaj\",\"potentialAction\":[{\"@type\":\"SearchAction\",\"target\":{\"@type\":\"EntryPoint\",\"urlTemplate\":\"https:\\\/\\\/urbeamea.ro\\\/albaiulia\\\/?s={search_term_string}\"},\"query-input\":{\"@type\":\"PropertyValueSpecification\",\"valueRequired\":true,\"valueName\":\"search_term_string\"}}],\"inLanguage\":\"ro-RO\"},{\"@type\":\"Person\",\"@id\":\"https:\\\/\\\/urbeamea.ro\\\/albaiulia\\\/#\\\/schema\\\/person\\\/272ae98052f8ee8980f59848df070247\",\"name\":\"Redac\u021bia UrbeaMea\",\"image\":{\"@type\":\"ImageObject\",\"inLanguage\":\"ro-RO\",\"@id\":\"https:\\\/\\\/secure.gravatar.com\\\/avatar\\\/9ce5a9435071fa1037e8468053ead8e513dbbff59009d3069aadb85506d85a27?s=96&d=mm&r=g\",\"url\":\"https:\\\/\\\/secure.gravatar.com\\\/avatar\\\/9ce5a9435071fa1037e8468053ead8e513dbbff59009d3069aadb85506d85a27?s=96&d=mm&r=g\",\"contentUrl\":\"https:\\\/\\\/secure.gravatar.com\\\/avatar\\\/9ce5a9435071fa1037e8468053ead8e513dbbff59009d3069aadb85506d85a27?s=96&d=mm&r=g\",\"caption\":\"Redac\u021bia UrbeaMea\"},\"description\":\"contact@urbeamea.ro\",\"sameAs\":[\"https:\\\/\\\/www.urbeamea.ro\"],\"url\":\"https:\\\/\\\/urbeamea.ro\\\/albaiulia\\\/author\\\/redactia-urbeamea\\\/\"}]}<\/script>\n<!-- \/ Yoast SEO plugin. -->","yoast_head_json":{"title":"Sebe\u0219, 21 februarie 2024: sear\u0103 muzeal\u0103 \u0219i expozi\u021bie inedit\u0103 pentru a-l omagia pe pictorul Sava Hen\u021bia - Revista Urbea Mea - Revista de Alba","description":"Miercuri, 21 februarie 2024, \u00eencep\u00e2nd cu ora 16.30, la Prim\u0103ria Municipiului Sebe\u0219, va avea loc un eveniment cultural dedicat memoriei lui Sava Hen\u021bia, de","robots":{"index":"index","follow":"follow","max-snippet":"max-snippet:-1","max-image-preview":"max-image-preview:large","max-video-preview":"max-video-preview:-1"},"canonical":"https:\/\/urbeamea.ro\/albaiulia\/sebes-21-februarie-2024-seara-muzeala-si-expozitie-inedita-pentru-a-l-omagia-pe-pictorul-sava-hentia\/","twitter_card":"summary_large_image","twitter_title":"Sebe\u0219, 21 februarie 2024: sear\u0103 muzeal\u0103 \u0219i expozi\u021bie inedit\u0103 pentru a-l omagia pe pictorul Sava Hen\u021bia - Revista Urbea Mea - Revista de Alba","twitter_description":"Miercuri, 21 februarie 2024, \u00eencep\u00e2nd cu ora 16.30, la Prim\u0103ria Municipiului Sebe\u0219, va avea loc un eveniment cultural dedicat memoriei lui Sava Hen\u021bia, de","twitter_image":"https:\/\/urbeamea.ro\/albaiulia\/wp-content\/uploads\/2024\/02\/Afis-Sava-Hentia.jpg","twitter_creator":"@urbeameaweb","twitter_site":"@urbeameaweb","schema":{"@context":"https:\/\/schema.org","@graph":[{"@type":"Article","@id":"https:\/\/urbeamea.ro\/albaiulia\/sebes-21-februarie-2024-seara-muzeala-si-expozitie-inedita-pentru-a-l-omagia-pe-pictorul-sava-hentia\/#article","isPartOf":{"@id":"https:\/\/urbeamea.ro\/albaiulia\/sebes-21-februarie-2024-seara-muzeala-si-expozitie-inedita-pentru-a-l-omagia-pe-pictorul-sava-hentia\/"},"author":{"name":"Redac\u021bia UrbeaMea","@id":"https:\/\/urbeamea.ro\/albaiulia\/#\/schema\/person\/272ae98052f8ee8980f59848df070247"},"headline":"Sebe\u0219, 21 februarie 2024: sear\u0103 muzeal\u0103 \u0219i expozi\u021bie inedit\u0103 pentru a-l omagia pe pictorul Sava Hen\u021bia","datePublished":"2024-02-18T15:24:13+00:00","dateModified":"2024-02-18T15:24:15+00:00","mainEntityOfPage":{"@id":"https:\/\/urbeamea.ro\/albaiulia\/sebes-21-februarie-2024-seara-muzeala-si-expozitie-inedita-pentru-a-l-omagia-pe-pictorul-sava-hentia\/"},"wordCount":361,"commentCount":0,"image":{"@id":"https:\/\/urbeamea.ro\/albaiulia\/sebes-21-februarie-2024-seara-muzeala-si-expozitie-inedita-pentru-a-l-omagia-pe-pictorul-sava-hentia\/#primaryimage"},"thumbnailUrl":"https:\/\/urbeamea.ro\/albaiulia\/wp-content\/uploads\/2024\/02\/Afis-Sava-Hentia.jpg","articleSection":["Evenimente"],"inLanguage":"ro-RO","potentialAction":[{"@type":"CommentAction","name":"Comment","target":["https:\/\/urbeamea.ro\/albaiulia\/sebes-21-februarie-2024-seara-muzeala-si-expozitie-inedita-pentru-a-l-omagia-pe-pictorul-sava-hentia\/#respond"]}]},{"@type":"WebPage","@id":"https:\/\/urbeamea.ro\/albaiulia\/sebes-21-februarie-2024-seara-muzeala-si-expozitie-inedita-pentru-a-l-omagia-pe-pictorul-sava-hentia\/","url":"https:\/\/urbeamea.ro\/albaiulia\/sebes-21-februarie-2024-seara-muzeala-si-expozitie-inedita-pentru-a-l-omagia-pe-pictorul-sava-hentia\/","name":"Sebe\u0219, 21 februarie 2024: sear\u0103 muzeal\u0103 \u0219i expozi\u021bie inedit\u0103 pentru a-l omagia pe pictorul Sava Hen\u021bia - Revista Urbea Mea - Revista de Alba","isPartOf":{"@id":"https:\/\/urbeamea.ro\/albaiulia\/#website"},"primaryImageOfPage":{"@id":"https:\/\/urbeamea.ro\/albaiulia\/sebes-21-februarie-2024-seara-muzeala-si-expozitie-inedita-pentru-a-l-omagia-pe-pictorul-sava-hentia\/#primaryimage"},"image":{"@id":"https:\/\/urbeamea.ro\/albaiulia\/sebes-21-februarie-2024-seara-muzeala-si-expozitie-inedita-pentru-a-l-omagia-pe-pictorul-sava-hentia\/#primaryimage"},"thumbnailUrl":"https:\/\/urbeamea.ro\/albaiulia\/wp-content\/uploads\/2024\/02\/Afis-Sava-Hentia.jpg","datePublished":"2024-02-18T15:24:13+00:00","dateModified":"2024-02-18T15:24:15+00:00","author":{"@id":"https:\/\/urbeamea.ro\/albaiulia\/#\/schema\/person\/272ae98052f8ee8980f59848df070247"},"description":"Miercuri, 21 februarie 2024, \u00eencep\u00e2nd cu ora 16.30, la Prim\u0103ria Municipiului Sebe\u0219, va avea loc un eveniment cultural dedicat memoriei lui Sava Hen\u021bia, de","breadcrumb":{"@id":"https:\/\/urbeamea.ro\/albaiulia\/sebes-21-februarie-2024-seara-muzeala-si-expozitie-inedita-pentru-a-l-omagia-pe-pictorul-sava-hentia\/#breadcrumb"},"inLanguage":"ro-RO","potentialAction":[{"@type":"ReadAction","target":["https:\/\/urbeamea.ro\/albaiulia\/sebes-21-februarie-2024-seara-muzeala-si-expozitie-inedita-pentru-a-l-omagia-pe-pictorul-sava-hentia\/"]}]},{"@type":"ImageObject","inLanguage":"ro-RO","@id":"https:\/\/urbeamea.ro\/albaiulia\/sebes-21-februarie-2024-seara-muzeala-si-expozitie-inedita-pentru-a-l-omagia-pe-pictorul-sava-hentia\/#primaryimage","url":"https:\/\/urbeamea.ro\/albaiulia\/wp-content\/uploads\/2024\/02\/Afis-Sava-Hentia.jpg","contentUrl":"https:\/\/urbeamea.ro\/albaiulia\/wp-content\/uploads\/2024\/02\/Afis-Sava-Hentia.jpg","width":1448,"height":2048},{"@type":"BreadcrumbList","@id":"https:\/\/urbeamea.ro\/albaiulia\/sebes-21-februarie-2024-seara-muzeala-si-expozitie-inedita-pentru-a-l-omagia-pe-pictorul-sava-hentia\/#breadcrumb","itemListElement":[{"@type":"ListItem","position":1,"name":"Prima pagin\u0103","item":"https:\/\/urbeamea.ro\/albaiulia\/"},{"@type":"ListItem","position":2,"name":"Sebe\u0219, 21 februarie 2024: sear\u0103 muzeal\u0103 \u0219i expozi\u021bie inedit\u0103 pentru a-l omagia pe pictorul Sava Hen\u021bia"}]},{"@type":"WebSite","@id":"https:\/\/urbeamea.ro\/albaiulia\/#website","url":"https:\/\/urbeamea.ro\/albaiulia\/","name":"Revista Urbea Mea, Stiri urbane","description":"Evenimente \u0219i \u0219tiri din Alba Iulia, Sebe\u0219, Aiud, Blaj","potentialAction":[{"@type":"SearchAction","target":{"@type":"EntryPoint","urlTemplate":"https:\/\/urbeamea.ro\/albaiulia\/?s={search_term_string}"},"query-input":{"@type":"PropertyValueSpecification","valueRequired":true,"valueName":"search_term_string"}}],"inLanguage":"ro-RO"},{"@type":"Person","@id":"https:\/\/urbeamea.ro\/albaiulia\/#\/schema\/person\/272ae98052f8ee8980f59848df070247","name":"Redac\u021bia UrbeaMea","image":{"@type":"ImageObject","inLanguage":"ro-RO","@id":"https:\/\/secure.gravatar.com\/avatar\/9ce5a9435071fa1037e8468053ead8e513dbbff59009d3069aadb85506d85a27?s=96&d=mm&r=g","url":"https:\/\/secure.gravatar.com\/avatar\/9ce5a9435071fa1037e8468053ead8e513dbbff59009d3069aadb85506d85a27?s=96&d=mm&r=g","contentUrl":"https:\/\/secure.gravatar.com\/avatar\/9ce5a9435071fa1037e8468053ead8e513dbbff59009d3069aadb85506d85a27?s=96&d=mm&r=g","caption":"Redac\u021bia UrbeaMea"},"description":"contact@urbeamea.ro","sameAs":["https:\/\/www.urbeamea.ro"],"url":"https:\/\/urbeamea.ro\/albaiulia\/author\/redactia-urbeamea\/"}]}},"_links":{"self":[{"href":"https:\/\/urbeamea.ro\/albaiulia\/wp-json\/wp\/v2\/posts\/110422","targetHints":{"allow":["GET"]}}],"collection":[{"href":"https:\/\/urbeamea.ro\/albaiulia\/wp-json\/wp\/v2\/posts"}],"about":[{"href":"https:\/\/urbeamea.ro\/albaiulia\/wp-json\/wp\/v2\/types\/post"}],"author":[{"embeddable":true,"href":"https:\/\/urbeamea.ro\/albaiulia\/wp-json\/wp\/v2\/users\/16"}],"replies":[{"embeddable":true,"href":"https:\/\/urbeamea.ro\/albaiulia\/wp-json\/wp\/v2\/comments?post=110422"}],"version-history":[{"count":1,"href":"https:\/\/urbeamea.ro\/albaiulia\/wp-json\/wp\/v2\/posts\/110422\/revisions"}],"predecessor-version":[{"id":110424,"href":"https:\/\/urbeamea.ro\/albaiulia\/wp-json\/wp\/v2\/posts\/110422\/revisions\/110424"}],"wp:featuredmedia":[{"embeddable":true,"href":"https:\/\/urbeamea.ro\/albaiulia\/wp-json\/wp\/v2\/media\/110423"}],"wp:attachment":[{"href":"https:\/\/urbeamea.ro\/albaiulia\/wp-json\/wp\/v2\/media?parent=110422"}],"wp:term":[{"taxonomy":"category","embeddable":true,"href":"https:\/\/urbeamea.ro\/albaiulia\/wp-json\/wp\/v2\/categories?post=110422"},{"taxonomy":"post_tag","embeddable":true,"href":"https:\/\/urbeamea.ro\/albaiulia\/wp-json\/wp\/v2\/tags?post=110422"}],"curies":[{"name":"wp","href":"https:\/\/api.w.org\/{rel}","templated":true}]}}