{"id":110450,"date":"2024-02-21T14:37:30","date_gmt":"2024-02-21T12:37:30","guid":{"rendered":"https:\/\/urbeamea.ro\/albaiulia\/?p=110450"},"modified":"2024-02-21T14:37:32","modified_gmt":"2024-02-21T12:37:32","slug":"un-autoportret-inedit-al-pictorului-sava-hentia-expus-in-premiera-la-muzeul-municipal-ioan-raica-sebes","status":"publish","type":"post","link":"https:\/\/urbeamea.ro\/albaiulia\/un-autoportret-inedit-al-pictorului-sava-hentia-expus-in-premiera-la-muzeul-municipal-ioan-raica-sebes\/","title":{"rendered":"Un autoportret inedit al pictorului Sava Hen\u0163ia expus, \u00een premier\u0103, la muzeul municipal \u201eIoan Raica\u201d Sebe\u015f"},"content":{"rendered":"\n<p>La Muzeul Municipal \u201eIoan Raica\u201d Sebe\u015f, publicul iubitor de art\u0103 are \u0219ansa s\u0103 admire, \u00een premier\u0103, un autoportret al pictorului Sava Hen\u0163ia, realizat \u00een anul 1876. Lucrarea face parte dintr-o colec\u021bie particular\u0103 \u015fi a fost oferit\u0103 cu generozitate muzeului de colec\u021bionarii Cosmin \u015fi Alexandra Voi\u015fan, c\u0103rora le mul\u021bumim \u015fi pe aceast\u0103 cale, pentru a fi expus\u0103 p\u00e2n\u0103 \u00een luna octombrie a acestui an, \u00een care se \u00eemplinesc 120 de ani de la moartea artistului.<\/p>\n\n\n\n<p>Autoportretul, realizat \u00een tehnica ulei pe p\u00e2nz\u0103, de mici dimensiuni \u015fi form\u0103 oval\u0103 (17x22cm), ni-l prezint\u0103 pe artist la v\u00e2rsta de 28 ani. Pictorul era deja consacrat \u015fi se \u00eentorsese la Bucure\u0219ti dup\u0103 \u00eencheierea studiilor la Paris, imaginea fiind surprins\u0103 cu mai pu\u021bin de un an \u00eenaintea declan\u0219\u0103rii R\u0103zboiului de Independen\u021b\u0103, la care artistul a participat \u00een calitate de pictor de front.<\/p>\n\n\n\n<p>Chipul surprins de artist pare a fi al unui t\u00e2n\u0103r abia trecut de adolescen\u021b\u0103; din fundalul de culoare \u00eenchis\u0103 se desprinde bustul acestuia, iluminat din st\u00e2nga. P\u0103rul negru este atent piept\u0103nat cu c\u0103rare spre st\u00e2nga \u015fi dat peste cre\u0219tet. Perciunii tun\u0219i scurt \u00eei \u00eencadreaz\u0103 fa\u0163a oval\u0103, u\u015for \u00eentoars\u0103 spre st\u00e2nga, iar ochii de culoare c\u0103prui privesc \u00een fa\u0163\u0103. Nasul este fin redat, iar buzele abia reliefate. Tenul, lipsit de riduri, este u\u015for palid, iar b\u0103rbia rotund\u0103 este marcat\u0103 de o gropi\u0163\u0103. Artistul poart\u0103 un sacou negru \u015fi o c\u0103ma\u015f\u0103 alb\u0103 cu gulerul scrobit, \u00eenchis\u0103 la g\u00e2t cu un papion bleumarin. Peste gulerul sacoului trece un l\u0103n\u0163i\u015for ce pare a fi din aur, de care at\u00e2rn\u0103, cel mai probabil, o chei\u0163\u0103 din acela\u015fi metal. Tabloul este semnat \u015fi datat, cu ocru, st\u00e2nga-mijloc, \u201eS. Hentia, 1876\u201d.<\/p>\n\n\n\n<p>V\u0103 invit\u0103m miercuri, \u00eencep\u00e2nd cu ora 16.30, la Prim\u0103ria Municipiului Sebe\u0219, la seara muzeal\u0103 &nbsp;\u201eSava Hen\u021bia (1848-1904), un maestru transilv\u0103nean al penelului\u201d, pentru a-l admira \u00een avanpremier\u0103, iar apoi la Muzeul Municipal \u201eIoan Raica\u201d Sebe\u0219, unde poate fi v\u0103zut \u00een expozi\u021bia permanent\u0103, al\u0103turi de bogata colec\u021bie de tablouri semnate de acest mare maestru al picturii rom\u00e2ne\u0219ti.<\/p>\n","protected":false},"excerpt":{"rendered":"<p>La Muzeul Municipal \u201eIoan Raica\u201d Sebe\u015f, publicul iubitor de art\u0103 are \u0219ansa s\u0103 admire, \u00een premier\u0103, un autoportret al pictorului Sava Hen\u0163ia, realizat \u00een anul 1876. Lucrarea face parte dintr-o colec\u021bie particular\u0103 \u015fi a fost oferit\u0103 cu generozitate muzeului de colec\u021bionarii Cosmin \u015fi Alexandra Voi\u015fan, c\u0103rora le mul\u021bumim \u015fi pe aceast\u0103 cale, pentru a fi &hellip;<\/p>\n","protected":false},"author":16,"featured_media":110451,"comment_status":"open","ping_status":"open","sticky":false,"template":"","format":"standard","meta":{"inline_featured_image":false,"footnotes":""},"categories":[4],"tags":[],"class_list":["post-110450","post","type-post","status-publish","format-standard","has-post-thumbnail","hentry","category-eveniment"],"yoast_head":"<!-- This site is optimized with the Yoast SEO plugin v27.4 - https:\/\/yoast.com\/product\/yoast-seo-wordpress\/ -->\n<title>Un autoportret inedit al pictorului Sava Hen\u0163ia expus, \u00een premier\u0103, la muzeul municipal \u201eIoan Raica\u201d Sebe\u015f - Revista Urbea Mea - Revista de Alba<\/title>\n<meta name=\"description\" content=\"La Muzeul Municipal \u201eIoan Raica\u201d Sebe\u015f, publicul iubitor de art\u0103 are \u0219ansa s\u0103 admire, \u00een premier\u0103, un autoportret al pictorului Sava Hen\u0163ia, realizat \u00een\" \/>\n<meta name=\"robots\" content=\"index, follow, max-snippet:-1, max-image-preview:large, max-video-preview:-1\" \/>\n<link rel=\"canonical\" href=\"https:\/\/urbeamea.ro\/albaiulia\/un-autoportret-inedit-al-pictorului-sava-hentia-expus-in-premiera-la-muzeul-municipal-ioan-raica-sebes\/\" \/>\n<meta name=\"twitter:card\" content=\"summary_large_image\" \/>\n<meta name=\"twitter:title\" content=\"Un autoportret inedit al pictorului Sava Hen\u0163ia expus, \u00een premier\u0103, la muzeul municipal \u201eIoan Raica\u201d Sebe\u015f - Revista Urbea Mea - Revista de Alba\" \/>\n<meta name=\"twitter:description\" content=\"La Muzeul Municipal \u201eIoan Raica\u201d Sebe\u015f, publicul iubitor de art\u0103 are \u0219ansa s\u0103 admire, \u00een premier\u0103, un autoportret al pictorului Sava Hen\u0163ia, realizat \u00een\" \/>\n<meta name=\"twitter:image\" content=\"https:\/\/urbeamea.ro\/albaiulia\/wp-content\/uploads\/2024\/02\/autoportret.jpg\" \/>\n<meta name=\"twitter:creator\" content=\"@urbeameaweb\" \/>\n<meta name=\"twitter:site\" content=\"@urbeameaweb\" \/>\n<script type=\"application\/ld+json\" class=\"yoast-schema-graph\">{\"@context\":\"https:\\\/\\\/schema.org\",\"@graph\":[{\"@type\":\"Article\",\"@id\":\"https:\\\/\\\/urbeamea.ro\\\/albaiulia\\\/un-autoportret-inedit-al-pictorului-sava-hentia-expus-in-premiera-la-muzeul-municipal-ioan-raica-sebes\\\/#article\",\"isPartOf\":{\"@id\":\"https:\\\/\\\/urbeamea.ro\\\/albaiulia\\\/un-autoportret-inedit-al-pictorului-sava-hentia-expus-in-premiera-la-muzeul-municipal-ioan-raica-sebes\\\/\"},\"author\":{\"name\":\"Redac\u021bia UrbeaMea\",\"@id\":\"https:\\\/\\\/urbeamea.ro\\\/albaiulia\\\/#\\\/schema\\\/person\\\/272ae98052f8ee8980f59848df070247\"},\"headline\":\"Un autoportret inedit al pictorului Sava Hen\u0163ia expus, \u00een premier\u0103, la muzeul municipal \u201eIoan Raica\u201d Sebe\u015f\",\"datePublished\":\"2024-02-21T12:37:30+00:00\",\"dateModified\":\"2024-02-21T12:37:32+00:00\",\"mainEntityOfPage\":{\"@id\":\"https:\\\/\\\/urbeamea.ro\\\/albaiulia\\\/un-autoportret-inedit-al-pictorului-sava-hentia-expus-in-premiera-la-muzeul-municipal-ioan-raica-sebes\\\/\"},\"wordCount\":387,\"commentCount\":0,\"image\":{\"@id\":\"https:\\\/\\\/urbeamea.ro\\\/albaiulia\\\/un-autoportret-inedit-al-pictorului-sava-hentia-expus-in-premiera-la-muzeul-municipal-ioan-raica-sebes\\\/#primaryimage\"},\"thumbnailUrl\":\"https:\\\/\\\/urbeamea.ro\\\/albaiulia\\\/wp-content\\\/uploads\\\/2024\\\/02\\\/autoportret.jpg\",\"articleSection\":[\"Evenimente\"],\"inLanguage\":\"ro-RO\",\"potentialAction\":[{\"@type\":\"CommentAction\",\"name\":\"Comment\",\"target\":[\"https:\\\/\\\/urbeamea.ro\\\/albaiulia\\\/un-autoportret-inedit-al-pictorului-sava-hentia-expus-in-premiera-la-muzeul-municipal-ioan-raica-sebes\\\/#respond\"]}]},{\"@type\":\"WebPage\",\"@id\":\"https:\\\/\\\/urbeamea.ro\\\/albaiulia\\\/un-autoportret-inedit-al-pictorului-sava-hentia-expus-in-premiera-la-muzeul-municipal-ioan-raica-sebes\\\/\",\"url\":\"https:\\\/\\\/urbeamea.ro\\\/albaiulia\\\/un-autoportret-inedit-al-pictorului-sava-hentia-expus-in-premiera-la-muzeul-municipal-ioan-raica-sebes\\\/\",\"name\":\"Un autoportret inedit al pictorului Sava Hen\u0163ia expus, \u00een premier\u0103, la muzeul municipal \u201eIoan Raica\u201d Sebe\u015f - Revista Urbea Mea - Revista de Alba\",\"isPartOf\":{\"@id\":\"https:\\\/\\\/urbeamea.ro\\\/albaiulia\\\/#website\"},\"primaryImageOfPage\":{\"@id\":\"https:\\\/\\\/urbeamea.ro\\\/albaiulia\\\/un-autoportret-inedit-al-pictorului-sava-hentia-expus-in-premiera-la-muzeul-municipal-ioan-raica-sebes\\\/#primaryimage\"},\"image\":{\"@id\":\"https:\\\/\\\/urbeamea.ro\\\/albaiulia\\\/un-autoportret-inedit-al-pictorului-sava-hentia-expus-in-premiera-la-muzeul-municipal-ioan-raica-sebes\\\/#primaryimage\"},\"thumbnailUrl\":\"https:\\\/\\\/urbeamea.ro\\\/albaiulia\\\/wp-content\\\/uploads\\\/2024\\\/02\\\/autoportret.jpg\",\"datePublished\":\"2024-02-21T12:37:30+00:00\",\"dateModified\":\"2024-02-21T12:37:32+00:00\",\"author\":{\"@id\":\"https:\\\/\\\/urbeamea.ro\\\/albaiulia\\\/#\\\/schema\\\/person\\\/272ae98052f8ee8980f59848df070247\"},\"description\":\"La Muzeul Municipal \u201eIoan Raica\u201d Sebe\u015f, publicul iubitor de art\u0103 are \u0219ansa s\u0103 admire, \u00een premier\u0103, un autoportret al pictorului Sava Hen\u0163ia, realizat \u00een\",\"breadcrumb\":{\"@id\":\"https:\\\/\\\/urbeamea.ro\\\/albaiulia\\\/un-autoportret-inedit-al-pictorului-sava-hentia-expus-in-premiera-la-muzeul-municipal-ioan-raica-sebes\\\/#breadcrumb\"},\"inLanguage\":\"ro-RO\",\"potentialAction\":[{\"@type\":\"ReadAction\",\"target\":[\"https:\\\/\\\/urbeamea.ro\\\/albaiulia\\\/un-autoportret-inedit-al-pictorului-sava-hentia-expus-in-premiera-la-muzeul-municipal-ioan-raica-sebes\\\/\"]}]},{\"@type\":\"ImageObject\",\"inLanguage\":\"ro-RO\",\"@id\":\"https:\\\/\\\/urbeamea.ro\\\/albaiulia\\\/un-autoportret-inedit-al-pictorului-sava-hentia-expus-in-premiera-la-muzeul-municipal-ioan-raica-sebes\\\/#primaryimage\",\"url\":\"https:\\\/\\\/urbeamea.ro\\\/albaiulia\\\/wp-content\\\/uploads\\\/2024\\\/02\\\/autoportret.jpg\",\"contentUrl\":\"https:\\\/\\\/urbeamea.ro\\\/albaiulia\\\/wp-content\\\/uploads\\\/2024\\\/02\\\/autoportret.jpg\",\"width\":1404,\"height\":1600},{\"@type\":\"BreadcrumbList\",\"@id\":\"https:\\\/\\\/urbeamea.ro\\\/albaiulia\\\/un-autoportret-inedit-al-pictorului-sava-hentia-expus-in-premiera-la-muzeul-municipal-ioan-raica-sebes\\\/#breadcrumb\",\"itemListElement\":[{\"@type\":\"ListItem\",\"position\":1,\"name\":\"Prima pagin\u0103\",\"item\":\"https:\\\/\\\/urbeamea.ro\\\/albaiulia\\\/\"},{\"@type\":\"ListItem\",\"position\":2,\"name\":\"Un autoportret inedit al pictorului Sava Hen\u0163ia expus, \u00een premier\u0103, la muzeul municipal \u201eIoan Raica\u201d Sebe\u015f\"}]},{\"@type\":\"WebSite\",\"@id\":\"https:\\\/\\\/urbeamea.ro\\\/albaiulia\\\/#website\",\"url\":\"https:\\\/\\\/urbeamea.ro\\\/albaiulia\\\/\",\"name\":\"Revista Urbea Mea, Stiri urbane\",\"description\":\"Evenimente \u0219i \u0219tiri din Alba Iulia, Sebe\u0219, Aiud, Blaj\",\"potentialAction\":[{\"@type\":\"SearchAction\",\"target\":{\"@type\":\"EntryPoint\",\"urlTemplate\":\"https:\\\/\\\/urbeamea.ro\\\/albaiulia\\\/?s={search_term_string}\"},\"query-input\":{\"@type\":\"PropertyValueSpecification\",\"valueRequired\":true,\"valueName\":\"search_term_string\"}}],\"inLanguage\":\"ro-RO\"},{\"@type\":\"Person\",\"@id\":\"https:\\\/\\\/urbeamea.ro\\\/albaiulia\\\/#\\\/schema\\\/person\\\/272ae98052f8ee8980f59848df070247\",\"name\":\"Redac\u021bia UrbeaMea\",\"image\":{\"@type\":\"ImageObject\",\"inLanguage\":\"ro-RO\",\"@id\":\"https:\\\/\\\/secure.gravatar.com\\\/avatar\\\/9ce5a9435071fa1037e8468053ead8e513dbbff59009d3069aadb85506d85a27?s=96&d=mm&r=g\",\"url\":\"https:\\\/\\\/secure.gravatar.com\\\/avatar\\\/9ce5a9435071fa1037e8468053ead8e513dbbff59009d3069aadb85506d85a27?s=96&d=mm&r=g\",\"contentUrl\":\"https:\\\/\\\/secure.gravatar.com\\\/avatar\\\/9ce5a9435071fa1037e8468053ead8e513dbbff59009d3069aadb85506d85a27?s=96&d=mm&r=g\",\"caption\":\"Redac\u021bia UrbeaMea\"},\"description\":\"contact@urbeamea.ro\",\"sameAs\":[\"https:\\\/\\\/www.urbeamea.ro\"],\"url\":\"https:\\\/\\\/urbeamea.ro\\\/albaiulia\\\/author\\\/redactia-urbeamea\\\/\"}]}<\/script>\n<!-- \/ Yoast SEO plugin. -->","yoast_head_json":{"title":"Un autoportret inedit al pictorului Sava Hen\u0163ia expus, \u00een premier\u0103, la muzeul municipal \u201eIoan Raica\u201d Sebe\u015f - Revista Urbea Mea - Revista de Alba","description":"La Muzeul Municipal \u201eIoan Raica\u201d Sebe\u015f, publicul iubitor de art\u0103 are \u0219ansa s\u0103 admire, \u00een premier\u0103, un autoportret al pictorului Sava Hen\u0163ia, realizat \u00een","robots":{"index":"index","follow":"follow","max-snippet":"max-snippet:-1","max-image-preview":"max-image-preview:large","max-video-preview":"max-video-preview:-1"},"canonical":"https:\/\/urbeamea.ro\/albaiulia\/un-autoportret-inedit-al-pictorului-sava-hentia-expus-in-premiera-la-muzeul-municipal-ioan-raica-sebes\/","twitter_card":"summary_large_image","twitter_title":"Un autoportret inedit al pictorului Sava Hen\u0163ia expus, \u00een premier\u0103, la muzeul municipal \u201eIoan Raica\u201d Sebe\u015f - Revista Urbea Mea - Revista de Alba","twitter_description":"La Muzeul Municipal \u201eIoan Raica\u201d Sebe\u015f, publicul iubitor de art\u0103 are \u0219ansa s\u0103 admire, \u00een premier\u0103, un autoportret al pictorului Sava Hen\u0163ia, realizat \u00een","twitter_image":"https:\/\/urbeamea.ro\/albaiulia\/wp-content\/uploads\/2024\/02\/autoportret.jpg","twitter_creator":"@urbeameaweb","twitter_site":"@urbeameaweb","schema":{"@context":"https:\/\/schema.org","@graph":[{"@type":"Article","@id":"https:\/\/urbeamea.ro\/albaiulia\/un-autoportret-inedit-al-pictorului-sava-hentia-expus-in-premiera-la-muzeul-municipal-ioan-raica-sebes\/#article","isPartOf":{"@id":"https:\/\/urbeamea.ro\/albaiulia\/un-autoportret-inedit-al-pictorului-sava-hentia-expus-in-premiera-la-muzeul-municipal-ioan-raica-sebes\/"},"author":{"name":"Redac\u021bia UrbeaMea","@id":"https:\/\/urbeamea.ro\/albaiulia\/#\/schema\/person\/272ae98052f8ee8980f59848df070247"},"headline":"Un autoportret inedit al pictorului Sava Hen\u0163ia expus, \u00een premier\u0103, la muzeul municipal \u201eIoan Raica\u201d Sebe\u015f","datePublished":"2024-02-21T12:37:30+00:00","dateModified":"2024-02-21T12:37:32+00:00","mainEntityOfPage":{"@id":"https:\/\/urbeamea.ro\/albaiulia\/un-autoportret-inedit-al-pictorului-sava-hentia-expus-in-premiera-la-muzeul-municipal-ioan-raica-sebes\/"},"wordCount":387,"commentCount":0,"image":{"@id":"https:\/\/urbeamea.ro\/albaiulia\/un-autoportret-inedit-al-pictorului-sava-hentia-expus-in-premiera-la-muzeul-municipal-ioan-raica-sebes\/#primaryimage"},"thumbnailUrl":"https:\/\/urbeamea.ro\/albaiulia\/wp-content\/uploads\/2024\/02\/autoportret.jpg","articleSection":["Evenimente"],"inLanguage":"ro-RO","potentialAction":[{"@type":"CommentAction","name":"Comment","target":["https:\/\/urbeamea.ro\/albaiulia\/un-autoportret-inedit-al-pictorului-sava-hentia-expus-in-premiera-la-muzeul-municipal-ioan-raica-sebes\/#respond"]}]},{"@type":"WebPage","@id":"https:\/\/urbeamea.ro\/albaiulia\/un-autoportret-inedit-al-pictorului-sava-hentia-expus-in-premiera-la-muzeul-municipal-ioan-raica-sebes\/","url":"https:\/\/urbeamea.ro\/albaiulia\/un-autoportret-inedit-al-pictorului-sava-hentia-expus-in-premiera-la-muzeul-municipal-ioan-raica-sebes\/","name":"Un autoportret inedit al pictorului Sava Hen\u0163ia expus, \u00een premier\u0103, la muzeul municipal \u201eIoan Raica\u201d Sebe\u015f - Revista Urbea Mea - Revista de Alba","isPartOf":{"@id":"https:\/\/urbeamea.ro\/albaiulia\/#website"},"primaryImageOfPage":{"@id":"https:\/\/urbeamea.ro\/albaiulia\/un-autoportret-inedit-al-pictorului-sava-hentia-expus-in-premiera-la-muzeul-municipal-ioan-raica-sebes\/#primaryimage"},"image":{"@id":"https:\/\/urbeamea.ro\/albaiulia\/un-autoportret-inedit-al-pictorului-sava-hentia-expus-in-premiera-la-muzeul-municipal-ioan-raica-sebes\/#primaryimage"},"thumbnailUrl":"https:\/\/urbeamea.ro\/albaiulia\/wp-content\/uploads\/2024\/02\/autoportret.jpg","datePublished":"2024-02-21T12:37:30+00:00","dateModified":"2024-02-21T12:37:32+00:00","author":{"@id":"https:\/\/urbeamea.ro\/albaiulia\/#\/schema\/person\/272ae98052f8ee8980f59848df070247"},"description":"La Muzeul Municipal \u201eIoan Raica\u201d Sebe\u015f, publicul iubitor de art\u0103 are \u0219ansa s\u0103 admire, \u00een premier\u0103, un autoportret al pictorului Sava Hen\u0163ia, realizat \u00een","breadcrumb":{"@id":"https:\/\/urbeamea.ro\/albaiulia\/un-autoportret-inedit-al-pictorului-sava-hentia-expus-in-premiera-la-muzeul-municipal-ioan-raica-sebes\/#breadcrumb"},"inLanguage":"ro-RO","potentialAction":[{"@type":"ReadAction","target":["https:\/\/urbeamea.ro\/albaiulia\/un-autoportret-inedit-al-pictorului-sava-hentia-expus-in-premiera-la-muzeul-municipal-ioan-raica-sebes\/"]}]},{"@type":"ImageObject","inLanguage":"ro-RO","@id":"https:\/\/urbeamea.ro\/albaiulia\/un-autoportret-inedit-al-pictorului-sava-hentia-expus-in-premiera-la-muzeul-municipal-ioan-raica-sebes\/#primaryimage","url":"https:\/\/urbeamea.ro\/albaiulia\/wp-content\/uploads\/2024\/02\/autoportret.jpg","contentUrl":"https:\/\/urbeamea.ro\/albaiulia\/wp-content\/uploads\/2024\/02\/autoportret.jpg","width":1404,"height":1600},{"@type":"BreadcrumbList","@id":"https:\/\/urbeamea.ro\/albaiulia\/un-autoportret-inedit-al-pictorului-sava-hentia-expus-in-premiera-la-muzeul-municipal-ioan-raica-sebes\/#breadcrumb","itemListElement":[{"@type":"ListItem","position":1,"name":"Prima pagin\u0103","item":"https:\/\/urbeamea.ro\/albaiulia\/"},{"@type":"ListItem","position":2,"name":"Un autoportret inedit al pictorului Sava Hen\u0163ia expus, \u00een premier\u0103, la muzeul municipal \u201eIoan Raica\u201d Sebe\u015f"}]},{"@type":"WebSite","@id":"https:\/\/urbeamea.ro\/albaiulia\/#website","url":"https:\/\/urbeamea.ro\/albaiulia\/","name":"Revista Urbea Mea, Stiri urbane","description":"Evenimente \u0219i \u0219tiri din Alba Iulia, Sebe\u0219, Aiud, Blaj","potentialAction":[{"@type":"SearchAction","target":{"@type":"EntryPoint","urlTemplate":"https:\/\/urbeamea.ro\/albaiulia\/?s={search_term_string}"},"query-input":{"@type":"PropertyValueSpecification","valueRequired":true,"valueName":"search_term_string"}}],"inLanguage":"ro-RO"},{"@type":"Person","@id":"https:\/\/urbeamea.ro\/albaiulia\/#\/schema\/person\/272ae98052f8ee8980f59848df070247","name":"Redac\u021bia UrbeaMea","image":{"@type":"ImageObject","inLanguage":"ro-RO","@id":"https:\/\/secure.gravatar.com\/avatar\/9ce5a9435071fa1037e8468053ead8e513dbbff59009d3069aadb85506d85a27?s=96&d=mm&r=g","url":"https:\/\/secure.gravatar.com\/avatar\/9ce5a9435071fa1037e8468053ead8e513dbbff59009d3069aadb85506d85a27?s=96&d=mm&r=g","contentUrl":"https:\/\/secure.gravatar.com\/avatar\/9ce5a9435071fa1037e8468053ead8e513dbbff59009d3069aadb85506d85a27?s=96&d=mm&r=g","caption":"Redac\u021bia UrbeaMea"},"description":"contact@urbeamea.ro","sameAs":["https:\/\/www.urbeamea.ro"],"url":"https:\/\/urbeamea.ro\/albaiulia\/author\/redactia-urbeamea\/"}]}},"_links":{"self":[{"href":"https:\/\/urbeamea.ro\/albaiulia\/wp-json\/wp\/v2\/posts\/110450","targetHints":{"allow":["GET"]}}],"collection":[{"href":"https:\/\/urbeamea.ro\/albaiulia\/wp-json\/wp\/v2\/posts"}],"about":[{"href":"https:\/\/urbeamea.ro\/albaiulia\/wp-json\/wp\/v2\/types\/post"}],"author":[{"embeddable":true,"href":"https:\/\/urbeamea.ro\/albaiulia\/wp-json\/wp\/v2\/users\/16"}],"replies":[{"embeddable":true,"href":"https:\/\/urbeamea.ro\/albaiulia\/wp-json\/wp\/v2\/comments?post=110450"}],"version-history":[{"count":1,"href":"https:\/\/urbeamea.ro\/albaiulia\/wp-json\/wp\/v2\/posts\/110450\/revisions"}],"predecessor-version":[{"id":110452,"href":"https:\/\/urbeamea.ro\/albaiulia\/wp-json\/wp\/v2\/posts\/110450\/revisions\/110452"}],"wp:featuredmedia":[{"embeddable":true,"href":"https:\/\/urbeamea.ro\/albaiulia\/wp-json\/wp\/v2\/media\/110451"}],"wp:attachment":[{"href":"https:\/\/urbeamea.ro\/albaiulia\/wp-json\/wp\/v2\/media?parent=110450"}],"wp:term":[{"taxonomy":"category","embeddable":true,"href":"https:\/\/urbeamea.ro\/albaiulia\/wp-json\/wp\/v2\/categories?post=110450"},{"taxonomy":"post_tag","embeddable":true,"href":"https:\/\/urbeamea.ro\/albaiulia\/wp-json\/wp\/v2\/tags?post=110450"}],"curies":[{"name":"wp","href":"https:\/\/api.w.org\/{rel}","templated":true}]}}