{"id":110456,"date":"2024-02-21T14:46:35","date_gmt":"2024-02-21T12:46:35","guid":{"rendered":"https:\/\/urbeamea.ro\/albaiulia\/?p=110456"},"modified":"2024-02-21T14:46:37","modified_gmt":"2024-02-21T12:46:37","slug":"120-de-ani-de-la-moartea-unui-maestru-al-picturii-romanesti-sava-hentia-1848-1904","status":"publish","type":"post","link":"https:\/\/urbeamea.ro\/albaiulia\/120-de-ani-de-la-moartea-unui-maestru-al-picturii-romanesti-sava-hentia-1848-1904\/","title":{"rendered":"120 de ani de la moartea unui maestru al picturii rom\u00e2ne\u0219ti: Sava Hen\u021bia (1848-1904)"},"content":{"rendered":"\n<p>Azi, 21 februarie, se \u00eemplinesc 120 de ani de la moartea lui Sava Hen\u021bia (1848-1904), unul dintre marii mae\u0219tri ai picturii rom\u00e2ne\u0219ti.<\/p>\n\n\n\n<p>N\u0103scut la 1 februarie 1848, la Sebe\u015fel, jude\u021bul Alba, Sava Hen\u021bia a fost un pictor realist, grafician, muralist \u015fi ilustrator de carte, recunoscut mai ales pentru contribu\u021bia sa remarcabil\u0103 la arta documentar\u0103, el fiind \u015fi un subtil desenator \u015fi colorist. Cu toate acestea, este cunoscut mai ales ca portretist, lucr\u0103rile sale consacr\u00e2ndu-l ca maestru al acestui gen. \u00centre 1865 \u015fi 1870, Sava Hen\u021bia a studiat la \u0218coala de Belle Arte din Bucure\u0219ti, av\u00e2ndu-i ca profesori pe Gheorghe Tattarescu \u015fi Theodor Aman, iar dup\u0103 absolvire, a beneficiat de o burs\u0103 la \u00c9cole Nationale Sup\u00e9rieure des Beaux-Arts de la Paris, unde l-a avut ca \u00eendrum\u0103tor pe pictorul Alexandre Cabanel. A murit \u00een anul 1904, la Bucure\u0219ti, l\u0103s\u00e2nd \u00een urma sa o oper\u0103 bogat\u0103 (peste 500 de portrete, compozi\u021bii istorice, peisaje, naturi statice etc.) rezultatul unei activit\u0103\u021bi artistice diverse \u015fi sus\u021binute.<\/p>\n\n\n\n<p>Pentru a ne forma o imagine despre cum a fost perceput Sava He\u021bia \u00een epoc\u0103 \u0219i despre cum i-au fost apreciate talentul \u0219i opera, \u00een cele ce urmeaz\u0103 reproducem un necrolog ap\u0103rut \u00een 1904, la scurt timp dup\u0103 moartea sa, \u00een ziarul \u201eGazeta Artelor. Theatru, Music\u0103, Pictur\u0103, Sculptur\u0103, Architectur\u0103, Gimnastic\u0103, Dans etc.&#8221;, transcris de Lidia Tr\u0103u\u0219an-Matu \u00een lucrarea \u201eDespre pictori \u015fi tablouri \u00een paginile gazetelor rom\u00e2ne\u0219ti din veacul al XIX-lea (1860\u20131900)&#8221;, vol. II, Cluj-Napoca:<\/p>\n\n\n\n<p>\u201ePictorii no\u0219tri: Sava Hen\u0163ia<\/p>\n\n\n\n[&#8230;]\n\n\n\n<p>Unul dintre cei mai talenta\u021bi pictori ai genera\u021biunei mai tinere rom\u00e2nesci, care s-a desvoltat sub Aman \u0219i T\u0103t\u0103rescu, genial \u00eenzestratul Sava Hen\u0163ia a \u00eencetat din via\u021b\u0103 la 21 februarie a. c., \u00een v\u00e2rst\u0103 de 56 ani.<\/p>\n\n\n\n<p>N\u0103scut \u00een Transilvania, din p\u0103rin\u021bi s\u0103rmani, el a venit \u00een Bucuresci, intr\u00e2nd la un zugrav de biserici ca s\u0103 c\u00e2\u0219tige p\u00e2inea de toate zilele. Talentul s\u0103u extraordinar de\u0219teapt\u0103 \u00eendat\u0103 aten\u021biunea cercurilor artistice de aci \u0219i Hen\u0163ia intr\u0103 la \u0218coala de Bele-Arte unde \u00een cur\u00e2nd ob\u021binu premiul I de bursier al Statului la Paris. \u00centorc\u00e2ndu-se la Bucuresci, Hen\u0163ia desf\u0103\u0219ur\u0103 o activitate artistic\u0103 extraordinar\u0103, se produse \u00een toate genurile \u0219i cre\u0103, \u00een timpul r\u0103zboiului rom\u00e2no-ruso-turc, tablouri r\u0103zboinice de diferite m\u0103rimi, adev\u0103rate opere de art\u0103, dintre cari cele mai multe se g\u0103sesc \u00een posesiunea M. S. Regelui. Hen\u0163ia fu ani \u00eendelunga\u021bi profesor la Asiliul Elena Doamna, \u015fi acest om modest, cu un cap interesant de artist, care era cu des\u0103v\u00e2r\u0219ire surd \u0219i vorbea cu mare greutate, se bucura de cea mai mare simpatie \u00een toate cercurile \u00een cari era cunoscut. Cu Hen\u0163ia se stinge unul din cei mai \u00eensemna\u021bi representan\u0163i ai artei rom\u00e2nesci.<\/p>\n\n\n\n<p>(Gazeta Artelor. Theatru, Music\u0103, Pictur\u0103, Sculptur\u0103, Architectur\u0103, Gimnastic\u0103, Dans etc., an 1, nr. 39-40, 15-30 martie 1904, p. 9)&#8221;.<\/p>\n\n\n\n<p>Pentru a-i cinsti memoria, Centrul Cultural \u201eLucian Blaga&#8221; Sebe\u0219, prin Muzeul Municipal \u201eIoan Raica&#8221; Sebe\u0219 organizeaz\u0103, \u00eencep\u00e2nd cu ora 16.30, la Prim\u0103ria Municipiului Sebe\u0219, o sear\u0103 muzeal\u0103 dedicat\u0103 marelui artist, la care v\u0103 invit\u0103m s\u0103 lua\u021bi parte. Evenimentul, intitulat \u201eSava Hen\u021bia (1848-1904), un maestru transilv\u0103nean al penelului&#8221;, propune publicului, pe l\u00e2ng\u0103 vernisarea unei expozi\u021bii temporare, care va reuni cele mai importante lucr\u0103ri din colec\u021bia Muzeului Municipal \u201eIoan Raica&#8221; Sebe\u0219, c\u0103rora li se al\u0103tur\u0103 un autoportret inedit de-al acestuia din colec\u021bia Cosmin \u0219i Alexandra Voi\u0219an \u0219i tablouri din patrimoniul Muzeului Na\u021bional al Unirii Alba Iulia, \u0219i dou\u0103 conferin\u021be \u0219tiin\u021bifice.<\/p>\n\n\n\n<p>V\u0103 invit\u0103m s\u0103-i descoperi\u021bi opera \u0219i s\u0103 v\u0103 delecta\u021bi cu frumuse\u021bea lucr\u0103rilor sale!<\/p>\n","protected":false},"excerpt":{"rendered":"<p>Azi, 21 februarie, se \u00eemplinesc 120 de ani de la moartea lui Sava Hen\u021bia (1848-1904), unul dintre marii mae\u0219tri ai picturii rom\u00e2ne\u0219ti. N\u0103scut la 1 februarie 1848, la Sebe\u015fel, jude\u021bul Alba, Sava Hen\u021bia a fost un pictor realist, grafician, muralist \u015fi ilustrator de carte, recunoscut mai ales pentru contribu\u021bia sa remarcabil\u0103 la arta documentar\u0103, el &hellip;<\/p>\n","protected":false},"author":16,"featured_media":110457,"comment_status":"open","ping_status":"open","sticky":false,"template":"","format":"standard","meta":{"inline_featured_image":false,"footnotes":""},"categories":[4],"tags":[16295],"class_list":["post-110456","post","type-post","status-publish","format-standard","has-post-thumbnail","hentry","category-eveniment","tag-sava-hentia"],"yoast_head":"<!-- This site is optimized with the Yoast SEO plugin v27.4 - https:\/\/yoast.com\/product\/yoast-seo-wordpress\/ -->\n<title>120 de ani de la moartea unui maestru al picturii rom\u00e2ne\u0219ti: Sava Hen\u021bia (1848-1904) - Revista Urbea Mea - Revista de Alba<\/title>\n<meta name=\"description\" content=\"Azi, 21 februarie, se \u00eemplinesc 120 de ani de la moartea lui Sava Hen\u021bia (1848-1904), unul dintre marii mae\u0219tri ai picturii rom\u00e2ne\u0219ti. N\u0103scut la 1\" \/>\n<meta name=\"robots\" content=\"index, follow, max-snippet:-1, max-image-preview:large, max-video-preview:-1\" \/>\n<link rel=\"canonical\" href=\"https:\/\/urbeamea.ro\/albaiulia\/120-de-ani-de-la-moartea-unui-maestru-al-picturii-romanesti-sava-hentia-1848-1904\/\" \/>\n<meta name=\"twitter:card\" content=\"summary_large_image\" \/>\n<meta name=\"twitter:title\" content=\"120 de ani de la moartea unui maestru al picturii rom\u00e2ne\u0219ti: Sava Hen\u021bia (1848-1904) - Revista Urbea Mea - Revista de Alba\" \/>\n<meta name=\"twitter:description\" content=\"Azi, 21 februarie, se \u00eemplinesc 120 de ani de la moartea lui Sava Hen\u021bia (1848-1904), unul dintre marii mae\u0219tri ai picturii rom\u00e2ne\u0219ti. N\u0103scut la 1\" \/>\n<meta name=\"twitter:image\" content=\"https:\/\/urbeamea.ro\/albaiulia\/wp-content\/uploads\/2024\/02\/Sava-Hentia.jpg\" \/>\n<meta name=\"twitter:creator\" content=\"@urbeameaweb\" \/>\n<meta name=\"twitter:site\" content=\"@urbeameaweb\" \/>\n<script type=\"application\/ld+json\" class=\"yoast-schema-graph\">{\"@context\":\"https:\\\/\\\/schema.org\",\"@graph\":[{\"@type\":\"Article\",\"@id\":\"https:\\\/\\\/urbeamea.ro\\\/albaiulia\\\/120-de-ani-de-la-moartea-unui-maestru-al-picturii-romanesti-sava-hentia-1848-1904\\\/#article\",\"isPartOf\":{\"@id\":\"https:\\\/\\\/urbeamea.ro\\\/albaiulia\\\/120-de-ani-de-la-moartea-unui-maestru-al-picturii-romanesti-sava-hentia-1848-1904\\\/\"},\"author\":{\"name\":\"Redac\u021bia UrbeaMea\",\"@id\":\"https:\\\/\\\/urbeamea.ro\\\/albaiulia\\\/#\\\/schema\\\/person\\\/272ae98052f8ee8980f59848df070247\"},\"headline\":\"120 de ani de la moartea unui maestru al picturii rom\u00e2ne\u0219ti: Sava Hen\u021bia (1848-1904)\",\"datePublished\":\"2024-02-21T12:46:35+00:00\",\"dateModified\":\"2024-02-21T12:46:37+00:00\",\"mainEntityOfPage\":{\"@id\":\"https:\\\/\\\/urbeamea.ro\\\/albaiulia\\\/120-de-ani-de-la-moartea-unui-maestru-al-picturii-romanesti-sava-hentia-1848-1904\\\/\"},\"wordCount\":645,\"commentCount\":0,\"image\":{\"@id\":\"https:\\\/\\\/urbeamea.ro\\\/albaiulia\\\/120-de-ani-de-la-moartea-unui-maestru-al-picturii-romanesti-sava-hentia-1848-1904\\\/#primaryimage\"},\"thumbnailUrl\":\"https:\\\/\\\/urbeamea.ro\\\/albaiulia\\\/wp-content\\\/uploads\\\/2024\\\/02\\\/Sava-Hentia.jpg\",\"keywords\":[\"sava hentia\"],\"articleSection\":[\"Evenimente\"],\"inLanguage\":\"ro-RO\",\"potentialAction\":[{\"@type\":\"CommentAction\",\"name\":\"Comment\",\"target\":[\"https:\\\/\\\/urbeamea.ro\\\/albaiulia\\\/120-de-ani-de-la-moartea-unui-maestru-al-picturii-romanesti-sava-hentia-1848-1904\\\/#respond\"]}]},{\"@type\":\"WebPage\",\"@id\":\"https:\\\/\\\/urbeamea.ro\\\/albaiulia\\\/120-de-ani-de-la-moartea-unui-maestru-al-picturii-romanesti-sava-hentia-1848-1904\\\/\",\"url\":\"https:\\\/\\\/urbeamea.ro\\\/albaiulia\\\/120-de-ani-de-la-moartea-unui-maestru-al-picturii-romanesti-sava-hentia-1848-1904\\\/\",\"name\":\"120 de ani de la moartea unui maestru al picturii rom\u00e2ne\u0219ti: Sava Hen\u021bia (1848-1904) - Revista Urbea Mea - Revista de Alba\",\"isPartOf\":{\"@id\":\"https:\\\/\\\/urbeamea.ro\\\/albaiulia\\\/#website\"},\"primaryImageOfPage\":{\"@id\":\"https:\\\/\\\/urbeamea.ro\\\/albaiulia\\\/120-de-ani-de-la-moartea-unui-maestru-al-picturii-romanesti-sava-hentia-1848-1904\\\/#primaryimage\"},\"image\":{\"@id\":\"https:\\\/\\\/urbeamea.ro\\\/albaiulia\\\/120-de-ani-de-la-moartea-unui-maestru-al-picturii-romanesti-sava-hentia-1848-1904\\\/#primaryimage\"},\"thumbnailUrl\":\"https:\\\/\\\/urbeamea.ro\\\/albaiulia\\\/wp-content\\\/uploads\\\/2024\\\/02\\\/Sava-Hentia.jpg\",\"datePublished\":\"2024-02-21T12:46:35+00:00\",\"dateModified\":\"2024-02-21T12:46:37+00:00\",\"author\":{\"@id\":\"https:\\\/\\\/urbeamea.ro\\\/albaiulia\\\/#\\\/schema\\\/person\\\/272ae98052f8ee8980f59848df070247\"},\"description\":\"Azi, 21 februarie, se \u00eemplinesc 120 de ani de la moartea lui Sava Hen\u021bia (1848-1904), unul dintre marii mae\u0219tri ai picturii rom\u00e2ne\u0219ti. N\u0103scut la 1\",\"breadcrumb\":{\"@id\":\"https:\\\/\\\/urbeamea.ro\\\/albaiulia\\\/120-de-ani-de-la-moartea-unui-maestru-al-picturii-romanesti-sava-hentia-1848-1904\\\/#breadcrumb\"},\"inLanguage\":\"ro-RO\",\"potentialAction\":[{\"@type\":\"ReadAction\",\"target\":[\"https:\\\/\\\/urbeamea.ro\\\/albaiulia\\\/120-de-ani-de-la-moartea-unui-maestru-al-picturii-romanesti-sava-hentia-1848-1904\\\/\"]}]},{\"@type\":\"ImageObject\",\"inLanguage\":\"ro-RO\",\"@id\":\"https:\\\/\\\/urbeamea.ro\\\/albaiulia\\\/120-de-ani-de-la-moartea-unui-maestru-al-picturii-romanesti-sava-hentia-1848-1904\\\/#primaryimage\",\"url\":\"https:\\\/\\\/urbeamea.ro\\\/albaiulia\\\/wp-content\\\/uploads\\\/2024\\\/02\\\/Sava-Hentia.jpg\",\"contentUrl\":\"https:\\\/\\\/urbeamea.ro\\\/albaiulia\\\/wp-content\\\/uploads\\\/2024\\\/02\\\/Sava-Hentia.jpg\",\"width\":1152,\"height\":1600},{\"@type\":\"BreadcrumbList\",\"@id\":\"https:\\\/\\\/urbeamea.ro\\\/albaiulia\\\/120-de-ani-de-la-moartea-unui-maestru-al-picturii-romanesti-sava-hentia-1848-1904\\\/#breadcrumb\",\"itemListElement\":[{\"@type\":\"ListItem\",\"position\":1,\"name\":\"Prima pagin\u0103\",\"item\":\"https:\\\/\\\/urbeamea.ro\\\/albaiulia\\\/\"},{\"@type\":\"ListItem\",\"position\":2,\"name\":\"120 de ani de la moartea unui maestru al picturii rom\u00e2ne\u0219ti: Sava Hen\u021bia (1848-1904)\"}]},{\"@type\":\"WebSite\",\"@id\":\"https:\\\/\\\/urbeamea.ro\\\/albaiulia\\\/#website\",\"url\":\"https:\\\/\\\/urbeamea.ro\\\/albaiulia\\\/\",\"name\":\"Revista Urbea Mea, Stiri urbane\",\"description\":\"Evenimente \u0219i \u0219tiri din Alba Iulia, Sebe\u0219, Aiud, Blaj\",\"potentialAction\":[{\"@type\":\"SearchAction\",\"target\":{\"@type\":\"EntryPoint\",\"urlTemplate\":\"https:\\\/\\\/urbeamea.ro\\\/albaiulia\\\/?s={search_term_string}\"},\"query-input\":{\"@type\":\"PropertyValueSpecification\",\"valueRequired\":true,\"valueName\":\"search_term_string\"}}],\"inLanguage\":\"ro-RO\"},{\"@type\":\"Person\",\"@id\":\"https:\\\/\\\/urbeamea.ro\\\/albaiulia\\\/#\\\/schema\\\/person\\\/272ae98052f8ee8980f59848df070247\",\"name\":\"Redac\u021bia UrbeaMea\",\"image\":{\"@type\":\"ImageObject\",\"inLanguage\":\"ro-RO\",\"@id\":\"https:\\\/\\\/secure.gravatar.com\\\/avatar\\\/9ce5a9435071fa1037e8468053ead8e513dbbff59009d3069aadb85506d85a27?s=96&d=mm&r=g\",\"url\":\"https:\\\/\\\/secure.gravatar.com\\\/avatar\\\/9ce5a9435071fa1037e8468053ead8e513dbbff59009d3069aadb85506d85a27?s=96&d=mm&r=g\",\"contentUrl\":\"https:\\\/\\\/secure.gravatar.com\\\/avatar\\\/9ce5a9435071fa1037e8468053ead8e513dbbff59009d3069aadb85506d85a27?s=96&d=mm&r=g\",\"caption\":\"Redac\u021bia UrbeaMea\"},\"description\":\"contact@urbeamea.ro\",\"sameAs\":[\"https:\\\/\\\/www.urbeamea.ro\"],\"url\":\"https:\\\/\\\/urbeamea.ro\\\/albaiulia\\\/author\\\/redactia-urbeamea\\\/\"}]}<\/script>\n<!-- \/ Yoast SEO plugin. -->","yoast_head_json":{"title":"120 de ani de la moartea unui maestru al picturii rom\u00e2ne\u0219ti: Sava Hen\u021bia (1848-1904) - Revista Urbea Mea - Revista de Alba","description":"Azi, 21 februarie, se \u00eemplinesc 120 de ani de la moartea lui Sava Hen\u021bia (1848-1904), unul dintre marii mae\u0219tri ai picturii rom\u00e2ne\u0219ti. N\u0103scut la 1","robots":{"index":"index","follow":"follow","max-snippet":"max-snippet:-1","max-image-preview":"max-image-preview:large","max-video-preview":"max-video-preview:-1"},"canonical":"https:\/\/urbeamea.ro\/albaiulia\/120-de-ani-de-la-moartea-unui-maestru-al-picturii-romanesti-sava-hentia-1848-1904\/","twitter_card":"summary_large_image","twitter_title":"120 de ani de la moartea unui maestru al picturii rom\u00e2ne\u0219ti: Sava Hen\u021bia (1848-1904) - Revista Urbea Mea - Revista de Alba","twitter_description":"Azi, 21 februarie, se \u00eemplinesc 120 de ani de la moartea lui Sava Hen\u021bia (1848-1904), unul dintre marii mae\u0219tri ai picturii rom\u00e2ne\u0219ti. N\u0103scut la 1","twitter_image":"https:\/\/urbeamea.ro\/albaiulia\/wp-content\/uploads\/2024\/02\/Sava-Hentia.jpg","twitter_creator":"@urbeameaweb","twitter_site":"@urbeameaweb","schema":{"@context":"https:\/\/schema.org","@graph":[{"@type":"Article","@id":"https:\/\/urbeamea.ro\/albaiulia\/120-de-ani-de-la-moartea-unui-maestru-al-picturii-romanesti-sava-hentia-1848-1904\/#article","isPartOf":{"@id":"https:\/\/urbeamea.ro\/albaiulia\/120-de-ani-de-la-moartea-unui-maestru-al-picturii-romanesti-sava-hentia-1848-1904\/"},"author":{"name":"Redac\u021bia UrbeaMea","@id":"https:\/\/urbeamea.ro\/albaiulia\/#\/schema\/person\/272ae98052f8ee8980f59848df070247"},"headline":"120 de ani de la moartea unui maestru al picturii rom\u00e2ne\u0219ti: Sava Hen\u021bia (1848-1904)","datePublished":"2024-02-21T12:46:35+00:00","dateModified":"2024-02-21T12:46:37+00:00","mainEntityOfPage":{"@id":"https:\/\/urbeamea.ro\/albaiulia\/120-de-ani-de-la-moartea-unui-maestru-al-picturii-romanesti-sava-hentia-1848-1904\/"},"wordCount":645,"commentCount":0,"image":{"@id":"https:\/\/urbeamea.ro\/albaiulia\/120-de-ani-de-la-moartea-unui-maestru-al-picturii-romanesti-sava-hentia-1848-1904\/#primaryimage"},"thumbnailUrl":"https:\/\/urbeamea.ro\/albaiulia\/wp-content\/uploads\/2024\/02\/Sava-Hentia.jpg","keywords":["sava hentia"],"articleSection":["Evenimente"],"inLanguage":"ro-RO","potentialAction":[{"@type":"CommentAction","name":"Comment","target":["https:\/\/urbeamea.ro\/albaiulia\/120-de-ani-de-la-moartea-unui-maestru-al-picturii-romanesti-sava-hentia-1848-1904\/#respond"]}]},{"@type":"WebPage","@id":"https:\/\/urbeamea.ro\/albaiulia\/120-de-ani-de-la-moartea-unui-maestru-al-picturii-romanesti-sava-hentia-1848-1904\/","url":"https:\/\/urbeamea.ro\/albaiulia\/120-de-ani-de-la-moartea-unui-maestru-al-picturii-romanesti-sava-hentia-1848-1904\/","name":"120 de ani de la moartea unui maestru al picturii rom\u00e2ne\u0219ti: Sava Hen\u021bia (1848-1904) - Revista Urbea Mea - Revista de Alba","isPartOf":{"@id":"https:\/\/urbeamea.ro\/albaiulia\/#website"},"primaryImageOfPage":{"@id":"https:\/\/urbeamea.ro\/albaiulia\/120-de-ani-de-la-moartea-unui-maestru-al-picturii-romanesti-sava-hentia-1848-1904\/#primaryimage"},"image":{"@id":"https:\/\/urbeamea.ro\/albaiulia\/120-de-ani-de-la-moartea-unui-maestru-al-picturii-romanesti-sava-hentia-1848-1904\/#primaryimage"},"thumbnailUrl":"https:\/\/urbeamea.ro\/albaiulia\/wp-content\/uploads\/2024\/02\/Sava-Hentia.jpg","datePublished":"2024-02-21T12:46:35+00:00","dateModified":"2024-02-21T12:46:37+00:00","author":{"@id":"https:\/\/urbeamea.ro\/albaiulia\/#\/schema\/person\/272ae98052f8ee8980f59848df070247"},"description":"Azi, 21 februarie, se \u00eemplinesc 120 de ani de la moartea lui Sava Hen\u021bia (1848-1904), unul dintre marii mae\u0219tri ai picturii rom\u00e2ne\u0219ti. N\u0103scut la 1","breadcrumb":{"@id":"https:\/\/urbeamea.ro\/albaiulia\/120-de-ani-de-la-moartea-unui-maestru-al-picturii-romanesti-sava-hentia-1848-1904\/#breadcrumb"},"inLanguage":"ro-RO","potentialAction":[{"@type":"ReadAction","target":["https:\/\/urbeamea.ro\/albaiulia\/120-de-ani-de-la-moartea-unui-maestru-al-picturii-romanesti-sava-hentia-1848-1904\/"]}]},{"@type":"ImageObject","inLanguage":"ro-RO","@id":"https:\/\/urbeamea.ro\/albaiulia\/120-de-ani-de-la-moartea-unui-maestru-al-picturii-romanesti-sava-hentia-1848-1904\/#primaryimage","url":"https:\/\/urbeamea.ro\/albaiulia\/wp-content\/uploads\/2024\/02\/Sava-Hentia.jpg","contentUrl":"https:\/\/urbeamea.ro\/albaiulia\/wp-content\/uploads\/2024\/02\/Sava-Hentia.jpg","width":1152,"height":1600},{"@type":"BreadcrumbList","@id":"https:\/\/urbeamea.ro\/albaiulia\/120-de-ani-de-la-moartea-unui-maestru-al-picturii-romanesti-sava-hentia-1848-1904\/#breadcrumb","itemListElement":[{"@type":"ListItem","position":1,"name":"Prima pagin\u0103","item":"https:\/\/urbeamea.ro\/albaiulia\/"},{"@type":"ListItem","position":2,"name":"120 de ani de la moartea unui maestru al picturii rom\u00e2ne\u0219ti: Sava Hen\u021bia (1848-1904)"}]},{"@type":"WebSite","@id":"https:\/\/urbeamea.ro\/albaiulia\/#website","url":"https:\/\/urbeamea.ro\/albaiulia\/","name":"Revista Urbea Mea, Stiri urbane","description":"Evenimente \u0219i \u0219tiri din Alba Iulia, Sebe\u0219, Aiud, Blaj","potentialAction":[{"@type":"SearchAction","target":{"@type":"EntryPoint","urlTemplate":"https:\/\/urbeamea.ro\/albaiulia\/?s={search_term_string}"},"query-input":{"@type":"PropertyValueSpecification","valueRequired":true,"valueName":"search_term_string"}}],"inLanguage":"ro-RO"},{"@type":"Person","@id":"https:\/\/urbeamea.ro\/albaiulia\/#\/schema\/person\/272ae98052f8ee8980f59848df070247","name":"Redac\u021bia UrbeaMea","image":{"@type":"ImageObject","inLanguage":"ro-RO","@id":"https:\/\/secure.gravatar.com\/avatar\/9ce5a9435071fa1037e8468053ead8e513dbbff59009d3069aadb85506d85a27?s=96&d=mm&r=g","url":"https:\/\/secure.gravatar.com\/avatar\/9ce5a9435071fa1037e8468053ead8e513dbbff59009d3069aadb85506d85a27?s=96&d=mm&r=g","contentUrl":"https:\/\/secure.gravatar.com\/avatar\/9ce5a9435071fa1037e8468053ead8e513dbbff59009d3069aadb85506d85a27?s=96&d=mm&r=g","caption":"Redac\u021bia UrbeaMea"},"description":"contact@urbeamea.ro","sameAs":["https:\/\/www.urbeamea.ro"],"url":"https:\/\/urbeamea.ro\/albaiulia\/author\/redactia-urbeamea\/"}]}},"_links":{"self":[{"href":"https:\/\/urbeamea.ro\/albaiulia\/wp-json\/wp\/v2\/posts\/110456","targetHints":{"allow":["GET"]}}],"collection":[{"href":"https:\/\/urbeamea.ro\/albaiulia\/wp-json\/wp\/v2\/posts"}],"about":[{"href":"https:\/\/urbeamea.ro\/albaiulia\/wp-json\/wp\/v2\/types\/post"}],"author":[{"embeddable":true,"href":"https:\/\/urbeamea.ro\/albaiulia\/wp-json\/wp\/v2\/users\/16"}],"replies":[{"embeddable":true,"href":"https:\/\/urbeamea.ro\/albaiulia\/wp-json\/wp\/v2\/comments?post=110456"}],"version-history":[{"count":1,"href":"https:\/\/urbeamea.ro\/albaiulia\/wp-json\/wp\/v2\/posts\/110456\/revisions"}],"predecessor-version":[{"id":110458,"href":"https:\/\/urbeamea.ro\/albaiulia\/wp-json\/wp\/v2\/posts\/110456\/revisions\/110458"}],"wp:featuredmedia":[{"embeddable":true,"href":"https:\/\/urbeamea.ro\/albaiulia\/wp-json\/wp\/v2\/media\/110457"}],"wp:attachment":[{"href":"https:\/\/urbeamea.ro\/albaiulia\/wp-json\/wp\/v2\/media?parent=110456"}],"wp:term":[{"taxonomy":"category","embeddable":true,"href":"https:\/\/urbeamea.ro\/albaiulia\/wp-json\/wp\/v2\/categories?post=110456"},{"taxonomy":"post_tag","embeddable":true,"href":"https:\/\/urbeamea.ro\/albaiulia\/wp-json\/wp\/v2\/tags?post=110456"}],"curies":[{"name":"wp","href":"https:\/\/api.w.org\/{rel}","templated":true}]}}