{"id":110463,"date":"2024-02-26T14:35:37","date_gmt":"2024-02-26T12:35:37","guid":{"rendered":"https:\/\/urbeamea.ro\/albaiulia\/?p=110463"},"modified":"2024-02-26T14:35:40","modified_gmt":"2024-02-26T12:35:40","slug":"jubileul-cu-skepsis","status":"publish","type":"post","link":"https:\/\/urbeamea.ro\/albaiulia\/jubileul-cu-skepsis\/","title":{"rendered":"Jubileul, cu Skepsis\u00a0!"},"content":{"rendered":"\n<p>Joi, 29.02.2024, ora 19.00, la Casa de Cultur\u0103 a Studen\u021bilor Alba Iulia, compania de teatru Skepsis v\u0103 invit\u0103 la spectacolul \u201eJubileul\u201d \u2013 un spectacol realizat dup\u0103 una din piesele \u00eentr-un singur act semnate de A.P.Cehov.<\/p>\n\n\n\n<figure class=\"wp-block-gallery has-nested-images columns-default is-cropped wp-block-gallery-1 is-layout-flex wp-block-gallery-is-layout-flex\">\n<figure class=\"wp-block-image size-large\"><a href=\"https:\/\/urbeamea.ro\/albaiulia\/wp-content\/uploads\/2024\/02\/DSC_7070.jpg\"><img loading=\"lazy\" decoding=\"async\" width=\"1280\" height=\"899\" data-id=\"110464\" src=\"https:\/\/urbeamea.ro\/albaiulia\/wp-content\/uploads\/2024\/02\/DSC_7070-1280x899.jpg\" alt=\"\" class=\"wp-image-110464\" srcset=\"https:\/\/urbeamea.ro\/albaiulia\/wp-content\/uploads\/2024\/02\/DSC_7070-1280x899.jpg 1280w, https:\/\/urbeamea.ro\/albaiulia\/wp-content\/uploads\/2024\/02\/DSC_7070-640x450.jpg 640w, https:\/\/urbeamea.ro\/albaiulia\/wp-content\/uploads\/2024\/02\/DSC_7070-150x105.jpg 150w, https:\/\/urbeamea.ro\/albaiulia\/wp-content\/uploads\/2024\/02\/DSC_7070-768x540.jpg 768w, https:\/\/urbeamea.ro\/albaiulia\/wp-content\/uploads\/2024\/02\/DSC_7070-1536x1079.jpg 1536w, https:\/\/urbeamea.ro\/albaiulia\/wp-content\/uploads\/2024\/02\/DSC_7070.jpg 1600w\" sizes=\"auto, (max-width: 1280px) 100vw, 1280px\" \/><\/a><\/figure>\n\n\n\n<figure class=\"wp-block-image size-large\"><a href=\"https:\/\/urbeamea.ro\/albaiulia\/wp-content\/uploads\/2024\/02\/DSC_7041.jpg\"><img loading=\"lazy\" decoding=\"async\" width=\"1280\" height=\"854\" data-id=\"110465\" src=\"https:\/\/urbeamea.ro\/albaiulia\/wp-content\/uploads\/2024\/02\/DSC_7041-1280x854.jpg\" alt=\"\" class=\"wp-image-110465\" srcset=\"https:\/\/urbeamea.ro\/albaiulia\/wp-content\/uploads\/2024\/02\/DSC_7041-1280x854.jpg 1280w, https:\/\/urbeamea.ro\/albaiulia\/wp-content\/uploads\/2024\/02\/DSC_7041-640x427.jpg 640w, https:\/\/urbeamea.ro\/albaiulia\/wp-content\/uploads\/2024\/02\/DSC_7041-150x100.jpg 150w, https:\/\/urbeamea.ro\/albaiulia\/wp-content\/uploads\/2024\/02\/DSC_7041-768x513.jpg 768w, https:\/\/urbeamea.ro\/albaiulia\/wp-content\/uploads\/2024\/02\/DSC_7041-1536x1025.jpg 1536w, https:\/\/urbeamea.ro\/albaiulia\/wp-content\/uploads\/2024\/02\/DSC_7041.jpg 1600w\" sizes=\"auto, (max-width: 1280px) 100vw, 1280px\" \/><\/a><\/figure>\n<\/figure>\n\n\n\n<p>JUBILEUL este unul din cele mai \u00eendr\u0103gite spectacole de comedie din repertoriul cu Skepsis. Situa\u021bia evolueaz\u0103 \u00een jurul lui Kuzma Nikolaevici, un func\u0163ionar al unei b\u0103nci dintr-un ora\u0219 de provincie, care se str\u0103duie\u0219te s\u0103 termine la timp un raport important pentru Directorul institu\u021biei. Situa\u021bia b\u0103ncii urmeaz\u0103 a fi prezentat\u0103 \u00een fa\u021ba unei comisii a Consiliului B\u0103ncii \u0219i Directorul dore\u0219te s\u0103 organizeze \u0219i un banchet pentru prietenii s\u0103i din elita societ\u0103\u021bii.\u202f Tensiunea se acumuleaz\u0103 treptat \u0219i pe m\u0103sur\u0103 ce timpul trece, biroul se transform\u0103 \u00eentr-o bomb\u0103 cu ceas gata s\u0103 explodeze \u00een orice moment.<\/p>\n\n\n\n<blockquote class=\"wp-block-quote is-layout-flow wp-block-quote-is-layout-flow\">\n<p>Este un spectacol \u00een care se pot gusta poate cel mai bine acele tr\u0103s\u0103turi specifice stilului \u0219i abord\u0103rii specifice trupei noastre: notele de satir\u0103, ironia fin\u0103, jocul dezinvolt \u0219i elementele de actualitate.\u00a0 Premiera spectacolului a avut loc cu peste 15 ani \u00een urm\u0103 \u0219i de atunci \u00eel juc\u0103m an de an, la cererea publicului nostru, c\u0103ruia \u00eei mul\u021bumim pentru fidelitate\u00a0!<\/p>\n<cite>Viorel Cioflic\u0103<\/cite><\/blockquote>\n\n\n\n<p>Biletele (20 lei pt adul\u021bi; 10 lei pt studen\u021bi \u0219i pensionari; 5 lei pt copii) pot fi achizi\u021bionate de la secretariatul Casei de Cultur\u0103 a Studen\u021bilor \u00eencep\u00e2nd de Luni, 26.02.2024, \u00eentre orele 09.00-15.00 \u0219i p\u00e2n\u0103 Joi, 29.02.2024 p\u00e2n\u0103 la ora 18.30. Fondurile ob\u021binute astfel sunt direc\u021bionate exclusiv spre sus\u021binerea proiectului cultural \u201eStagiunea cu Skepsis 2024\u201d, desf\u0103\u0219urat de Grupul Skepsis pentru Alba Iulia.<\/p>\n\n\n\n<p>Evenimentul este prezentat \u00een cadrul proiectului <em>Stagiunea cu Skepsis 2024<\/em> \u2013 un proiect care urm\u0103re\u015fte implicarea tineretului \u00een diversificarea ofertei cultural-artistice a ora\u015fului \u015fi participarea civic\u0103 la via\u0163a sociocultural\u0103. Prin acest proiect Grupul Skepsis formeaz\u0103 tineri actori, dezvolt\u0103 colabor\u0103ri cu arti\u015fti din \u0163ar\u0103 \u015fi din str\u0103in\u0103tate, preg\u0103te\u015fte \u015fi ofer\u0103 \u00een mod riguros \u015fi sistematic publicului albaiulian spectacole de teatru \u015fi divertisment pe \u00eentreg parcursul anului.<\/p>\n\n\n\n<p><strong>Parteneri:<\/strong> Prim\u0103ria Municipiului Alba Iulia; Casa de Cultur\u0103 a Studen\u0163ilor Alba Iulia; Funda\u0163ia \u201eInter-Art\u201d Aiud; Universitatea \u201d1 Decembrie 1918\u201d Alba Iulia; Muzeul Na\u021bional al Unirii Alba Iullia<\/p>\n","protected":false},"excerpt":{"rendered":"<p>Joi, 29.02.2024, ora 19.00, la Casa de Cultur\u0103 a Studen\u021bilor Alba Iulia, compania de teatru Skepsis v\u0103 invit\u0103 la spectacolul \u201eJubileul\u201d \u2013 un spectacol realizat dup\u0103 una din piesele \u00eentr-un singur act semnate de A.P.Cehov. JUBILEUL este unul din cele mai \u00eendr\u0103gite spectacole de comedie din repertoriul cu Skepsis. Situa\u021bia evolueaz\u0103 \u00een jurul lui Kuzma &hellip;<\/p>\n","protected":false},"author":16,"featured_media":110466,"comment_status":"open","ping_status":"open","sticky":false,"template":"","format":"standard","meta":{"inline_featured_image":false,"footnotes":""},"categories":[4],"tags":[],"class_list":["post-110463","post","type-post","status-publish","format-standard","has-post-thumbnail","hentry","category-eveniment"],"yoast_head":"<!-- This site is optimized with the Yoast SEO plugin v27.4 - https:\/\/yoast.com\/product\/yoast-seo-wordpress\/ -->\n<title>Jubileul, cu Skepsis\u00a0! - Revista Urbea Mea - Revista de Alba<\/title>\n<meta name=\"description\" content=\"Joi, 29.02.2024, ora 19.00, la Casa de Cultur\u0103 a Studen\u021bilor Alba Iulia, compania de teatru Skepsis v\u0103 invit\u0103 la spectacolul \u201eJubileul\u201d \u2013 un spectacol\" \/>\n<meta name=\"robots\" content=\"index, follow, max-snippet:-1, max-image-preview:large, max-video-preview:-1\" \/>\n<link rel=\"canonical\" href=\"https:\/\/urbeamea.ro\/albaiulia\/jubileul-cu-skepsis\/\" \/>\n<meta name=\"twitter:card\" content=\"summary_large_image\" \/>\n<meta name=\"twitter:title\" content=\"Jubileul, cu Skepsis\u00a0! - Revista Urbea Mea - Revista de Alba\" \/>\n<meta name=\"twitter:description\" content=\"Joi, 29.02.2024, ora 19.00, la Casa de Cultur\u0103 a Studen\u021bilor Alba Iulia, compania de teatru Skepsis v\u0103 invit\u0103 la spectacolul \u201eJubileul\u201d \u2013 un spectacol\" \/>\n<meta name=\"twitter:image\" content=\"https:\/\/urbeamea.ro\/albaiulia\/wp-content\/uploads\/2024\/02\/DSC_7094.jpg\" \/>\n<meta name=\"twitter:creator\" content=\"@urbeameaweb\" \/>\n<meta name=\"twitter:site\" content=\"@urbeameaweb\" \/>\n<script type=\"application\/ld+json\" class=\"yoast-schema-graph\">{\"@context\":\"https:\\\/\\\/schema.org\",\"@graph\":[{\"@type\":\"Article\",\"@id\":\"https:\\\/\\\/urbeamea.ro\\\/albaiulia\\\/jubileul-cu-skepsis\\\/#article\",\"isPartOf\":{\"@id\":\"https:\\\/\\\/urbeamea.ro\\\/albaiulia\\\/jubileul-cu-skepsis\\\/\"},\"author\":{\"name\":\"Redac\u021bia UrbeaMea\",\"@id\":\"https:\\\/\\\/urbeamea.ro\\\/albaiulia\\\/#\\\/schema\\\/person\\\/272ae98052f8ee8980f59848df070247\"},\"headline\":\"Jubileul, cu Skepsis\u00a0!\",\"datePublished\":\"2024-02-26T12:35:37+00:00\",\"dateModified\":\"2024-02-26T12:35:40+00:00\",\"mainEntityOfPage\":{\"@id\":\"https:\\\/\\\/urbeamea.ro\\\/albaiulia\\\/jubileul-cu-skepsis\\\/\"},\"wordCount\":381,\"commentCount\":0,\"image\":{\"@id\":\"https:\\\/\\\/urbeamea.ro\\\/albaiulia\\\/jubileul-cu-skepsis\\\/#primaryimage\"},\"thumbnailUrl\":\"https:\\\/\\\/urbeamea.ro\\\/albaiulia\\\/wp-content\\\/uploads\\\/2024\\\/02\\\/DSC_7094.jpg\",\"articleSection\":[\"Evenimente\"],\"inLanguage\":\"ro-RO\",\"potentialAction\":[{\"@type\":\"CommentAction\",\"name\":\"Comment\",\"target\":[\"https:\\\/\\\/urbeamea.ro\\\/albaiulia\\\/jubileul-cu-skepsis\\\/#respond\"]}]},{\"@type\":\"WebPage\",\"@id\":\"https:\\\/\\\/urbeamea.ro\\\/albaiulia\\\/jubileul-cu-skepsis\\\/\",\"url\":\"https:\\\/\\\/urbeamea.ro\\\/albaiulia\\\/jubileul-cu-skepsis\\\/\",\"name\":\"Jubileul, cu Skepsis\u00a0! - Revista Urbea Mea - Revista de Alba\",\"isPartOf\":{\"@id\":\"https:\\\/\\\/urbeamea.ro\\\/albaiulia\\\/#website\"},\"primaryImageOfPage\":{\"@id\":\"https:\\\/\\\/urbeamea.ro\\\/albaiulia\\\/jubileul-cu-skepsis\\\/#primaryimage\"},\"image\":{\"@id\":\"https:\\\/\\\/urbeamea.ro\\\/albaiulia\\\/jubileul-cu-skepsis\\\/#primaryimage\"},\"thumbnailUrl\":\"https:\\\/\\\/urbeamea.ro\\\/albaiulia\\\/wp-content\\\/uploads\\\/2024\\\/02\\\/DSC_7094.jpg\",\"datePublished\":\"2024-02-26T12:35:37+00:00\",\"dateModified\":\"2024-02-26T12:35:40+00:00\",\"author\":{\"@id\":\"https:\\\/\\\/urbeamea.ro\\\/albaiulia\\\/#\\\/schema\\\/person\\\/272ae98052f8ee8980f59848df070247\"},\"description\":\"Joi, 29.02.2024, ora 19.00, la Casa de Cultur\u0103 a Studen\u021bilor Alba Iulia, compania de teatru Skepsis v\u0103 invit\u0103 la spectacolul \u201eJubileul\u201d \u2013 un spectacol\",\"breadcrumb\":{\"@id\":\"https:\\\/\\\/urbeamea.ro\\\/albaiulia\\\/jubileul-cu-skepsis\\\/#breadcrumb\"},\"inLanguage\":\"ro-RO\",\"potentialAction\":[{\"@type\":\"ReadAction\",\"target\":[\"https:\\\/\\\/urbeamea.ro\\\/albaiulia\\\/jubileul-cu-skepsis\\\/\"]}]},{\"@type\":\"ImageObject\",\"inLanguage\":\"ro-RO\",\"@id\":\"https:\\\/\\\/urbeamea.ro\\\/albaiulia\\\/jubileul-cu-skepsis\\\/#primaryimage\",\"url\":\"https:\\\/\\\/urbeamea.ro\\\/albaiulia\\\/wp-content\\\/uploads\\\/2024\\\/02\\\/DSC_7094.jpg\",\"contentUrl\":\"https:\\\/\\\/urbeamea.ro\\\/albaiulia\\\/wp-content\\\/uploads\\\/2024\\\/02\\\/DSC_7094.jpg\",\"width\":1600,\"height\":1126},{\"@type\":\"BreadcrumbList\",\"@id\":\"https:\\\/\\\/urbeamea.ro\\\/albaiulia\\\/jubileul-cu-skepsis\\\/#breadcrumb\",\"itemListElement\":[{\"@type\":\"ListItem\",\"position\":1,\"name\":\"Prima pagin\u0103\",\"item\":\"https:\\\/\\\/urbeamea.ro\\\/albaiulia\\\/\"},{\"@type\":\"ListItem\",\"position\":2,\"name\":\"Jubileul, cu Skepsis\u00a0!\"}]},{\"@type\":\"WebSite\",\"@id\":\"https:\\\/\\\/urbeamea.ro\\\/albaiulia\\\/#website\",\"url\":\"https:\\\/\\\/urbeamea.ro\\\/albaiulia\\\/\",\"name\":\"Revista Urbea Mea, Stiri urbane\",\"description\":\"Evenimente \u0219i \u0219tiri din Alba Iulia, Sebe\u0219, Aiud, Blaj\",\"potentialAction\":[{\"@type\":\"SearchAction\",\"target\":{\"@type\":\"EntryPoint\",\"urlTemplate\":\"https:\\\/\\\/urbeamea.ro\\\/albaiulia\\\/?s={search_term_string}\"},\"query-input\":{\"@type\":\"PropertyValueSpecification\",\"valueRequired\":true,\"valueName\":\"search_term_string\"}}],\"inLanguage\":\"ro-RO\"},{\"@type\":\"Person\",\"@id\":\"https:\\\/\\\/urbeamea.ro\\\/albaiulia\\\/#\\\/schema\\\/person\\\/272ae98052f8ee8980f59848df070247\",\"name\":\"Redac\u021bia UrbeaMea\",\"image\":{\"@type\":\"ImageObject\",\"inLanguage\":\"ro-RO\",\"@id\":\"https:\\\/\\\/secure.gravatar.com\\\/avatar\\\/9ce5a9435071fa1037e8468053ead8e513dbbff59009d3069aadb85506d85a27?s=96&d=mm&r=g\",\"url\":\"https:\\\/\\\/secure.gravatar.com\\\/avatar\\\/9ce5a9435071fa1037e8468053ead8e513dbbff59009d3069aadb85506d85a27?s=96&d=mm&r=g\",\"contentUrl\":\"https:\\\/\\\/secure.gravatar.com\\\/avatar\\\/9ce5a9435071fa1037e8468053ead8e513dbbff59009d3069aadb85506d85a27?s=96&d=mm&r=g\",\"caption\":\"Redac\u021bia UrbeaMea\"},\"description\":\"contact@urbeamea.ro\",\"sameAs\":[\"https:\\\/\\\/www.urbeamea.ro\"],\"url\":\"https:\\\/\\\/urbeamea.ro\\\/albaiulia\\\/author\\\/redactia-urbeamea\\\/\"}]}<\/script>\n<!-- \/ Yoast SEO plugin. -->","yoast_head_json":{"title":"Jubileul, cu Skepsis\u00a0! - Revista Urbea Mea - Revista de Alba","description":"Joi, 29.02.2024, ora 19.00, la Casa de Cultur\u0103 a Studen\u021bilor Alba Iulia, compania de teatru Skepsis v\u0103 invit\u0103 la spectacolul \u201eJubileul\u201d \u2013 un spectacol","robots":{"index":"index","follow":"follow","max-snippet":"max-snippet:-1","max-image-preview":"max-image-preview:large","max-video-preview":"max-video-preview:-1"},"canonical":"https:\/\/urbeamea.ro\/albaiulia\/jubileul-cu-skepsis\/","twitter_card":"summary_large_image","twitter_title":"Jubileul, cu Skepsis\u00a0! - Revista Urbea Mea - Revista de Alba","twitter_description":"Joi, 29.02.2024, ora 19.00, la Casa de Cultur\u0103 a Studen\u021bilor Alba Iulia, compania de teatru Skepsis v\u0103 invit\u0103 la spectacolul \u201eJubileul\u201d \u2013 un spectacol","twitter_image":"https:\/\/urbeamea.ro\/albaiulia\/wp-content\/uploads\/2024\/02\/DSC_7094.jpg","twitter_creator":"@urbeameaweb","twitter_site":"@urbeameaweb","schema":{"@context":"https:\/\/schema.org","@graph":[{"@type":"Article","@id":"https:\/\/urbeamea.ro\/albaiulia\/jubileul-cu-skepsis\/#article","isPartOf":{"@id":"https:\/\/urbeamea.ro\/albaiulia\/jubileul-cu-skepsis\/"},"author":{"name":"Redac\u021bia UrbeaMea","@id":"https:\/\/urbeamea.ro\/albaiulia\/#\/schema\/person\/272ae98052f8ee8980f59848df070247"},"headline":"Jubileul, cu Skepsis\u00a0!","datePublished":"2024-02-26T12:35:37+00:00","dateModified":"2024-02-26T12:35:40+00:00","mainEntityOfPage":{"@id":"https:\/\/urbeamea.ro\/albaiulia\/jubileul-cu-skepsis\/"},"wordCount":381,"commentCount":0,"image":{"@id":"https:\/\/urbeamea.ro\/albaiulia\/jubileul-cu-skepsis\/#primaryimage"},"thumbnailUrl":"https:\/\/urbeamea.ro\/albaiulia\/wp-content\/uploads\/2024\/02\/DSC_7094.jpg","articleSection":["Evenimente"],"inLanguage":"ro-RO","potentialAction":[{"@type":"CommentAction","name":"Comment","target":["https:\/\/urbeamea.ro\/albaiulia\/jubileul-cu-skepsis\/#respond"]}]},{"@type":"WebPage","@id":"https:\/\/urbeamea.ro\/albaiulia\/jubileul-cu-skepsis\/","url":"https:\/\/urbeamea.ro\/albaiulia\/jubileul-cu-skepsis\/","name":"Jubileul, cu Skepsis\u00a0! - Revista Urbea Mea - Revista de Alba","isPartOf":{"@id":"https:\/\/urbeamea.ro\/albaiulia\/#website"},"primaryImageOfPage":{"@id":"https:\/\/urbeamea.ro\/albaiulia\/jubileul-cu-skepsis\/#primaryimage"},"image":{"@id":"https:\/\/urbeamea.ro\/albaiulia\/jubileul-cu-skepsis\/#primaryimage"},"thumbnailUrl":"https:\/\/urbeamea.ro\/albaiulia\/wp-content\/uploads\/2024\/02\/DSC_7094.jpg","datePublished":"2024-02-26T12:35:37+00:00","dateModified":"2024-02-26T12:35:40+00:00","author":{"@id":"https:\/\/urbeamea.ro\/albaiulia\/#\/schema\/person\/272ae98052f8ee8980f59848df070247"},"description":"Joi, 29.02.2024, ora 19.00, la Casa de Cultur\u0103 a Studen\u021bilor Alba Iulia, compania de teatru Skepsis v\u0103 invit\u0103 la spectacolul \u201eJubileul\u201d \u2013 un spectacol","breadcrumb":{"@id":"https:\/\/urbeamea.ro\/albaiulia\/jubileul-cu-skepsis\/#breadcrumb"},"inLanguage":"ro-RO","potentialAction":[{"@type":"ReadAction","target":["https:\/\/urbeamea.ro\/albaiulia\/jubileul-cu-skepsis\/"]}]},{"@type":"ImageObject","inLanguage":"ro-RO","@id":"https:\/\/urbeamea.ro\/albaiulia\/jubileul-cu-skepsis\/#primaryimage","url":"https:\/\/urbeamea.ro\/albaiulia\/wp-content\/uploads\/2024\/02\/DSC_7094.jpg","contentUrl":"https:\/\/urbeamea.ro\/albaiulia\/wp-content\/uploads\/2024\/02\/DSC_7094.jpg","width":1600,"height":1126},{"@type":"BreadcrumbList","@id":"https:\/\/urbeamea.ro\/albaiulia\/jubileul-cu-skepsis\/#breadcrumb","itemListElement":[{"@type":"ListItem","position":1,"name":"Prima pagin\u0103","item":"https:\/\/urbeamea.ro\/albaiulia\/"},{"@type":"ListItem","position":2,"name":"Jubileul, cu Skepsis\u00a0!"}]},{"@type":"WebSite","@id":"https:\/\/urbeamea.ro\/albaiulia\/#website","url":"https:\/\/urbeamea.ro\/albaiulia\/","name":"Revista Urbea Mea, Stiri urbane","description":"Evenimente \u0219i \u0219tiri din Alba Iulia, Sebe\u0219, Aiud, Blaj","potentialAction":[{"@type":"SearchAction","target":{"@type":"EntryPoint","urlTemplate":"https:\/\/urbeamea.ro\/albaiulia\/?s={search_term_string}"},"query-input":{"@type":"PropertyValueSpecification","valueRequired":true,"valueName":"search_term_string"}}],"inLanguage":"ro-RO"},{"@type":"Person","@id":"https:\/\/urbeamea.ro\/albaiulia\/#\/schema\/person\/272ae98052f8ee8980f59848df070247","name":"Redac\u021bia UrbeaMea","image":{"@type":"ImageObject","inLanguage":"ro-RO","@id":"https:\/\/secure.gravatar.com\/avatar\/9ce5a9435071fa1037e8468053ead8e513dbbff59009d3069aadb85506d85a27?s=96&d=mm&r=g","url":"https:\/\/secure.gravatar.com\/avatar\/9ce5a9435071fa1037e8468053ead8e513dbbff59009d3069aadb85506d85a27?s=96&d=mm&r=g","contentUrl":"https:\/\/secure.gravatar.com\/avatar\/9ce5a9435071fa1037e8468053ead8e513dbbff59009d3069aadb85506d85a27?s=96&d=mm&r=g","caption":"Redac\u021bia UrbeaMea"},"description":"contact@urbeamea.ro","sameAs":["https:\/\/www.urbeamea.ro"],"url":"https:\/\/urbeamea.ro\/albaiulia\/author\/redactia-urbeamea\/"}]}},"_links":{"self":[{"href":"https:\/\/urbeamea.ro\/albaiulia\/wp-json\/wp\/v2\/posts\/110463","targetHints":{"allow":["GET"]}}],"collection":[{"href":"https:\/\/urbeamea.ro\/albaiulia\/wp-json\/wp\/v2\/posts"}],"about":[{"href":"https:\/\/urbeamea.ro\/albaiulia\/wp-json\/wp\/v2\/types\/post"}],"author":[{"embeddable":true,"href":"https:\/\/urbeamea.ro\/albaiulia\/wp-json\/wp\/v2\/users\/16"}],"replies":[{"embeddable":true,"href":"https:\/\/urbeamea.ro\/albaiulia\/wp-json\/wp\/v2\/comments?post=110463"}],"version-history":[{"count":1,"href":"https:\/\/urbeamea.ro\/albaiulia\/wp-json\/wp\/v2\/posts\/110463\/revisions"}],"predecessor-version":[{"id":110467,"href":"https:\/\/urbeamea.ro\/albaiulia\/wp-json\/wp\/v2\/posts\/110463\/revisions\/110467"}],"wp:featuredmedia":[{"embeddable":true,"href":"https:\/\/urbeamea.ro\/albaiulia\/wp-json\/wp\/v2\/media\/110466"}],"wp:attachment":[{"href":"https:\/\/urbeamea.ro\/albaiulia\/wp-json\/wp\/v2\/media?parent=110463"}],"wp:term":[{"taxonomy":"category","embeddable":true,"href":"https:\/\/urbeamea.ro\/albaiulia\/wp-json\/wp\/v2\/categories?post=110463"},{"taxonomy":"post_tag","embeddable":true,"href":"https:\/\/urbeamea.ro\/albaiulia\/wp-json\/wp\/v2\/tags?post=110463"}],"curies":[{"name":"wp","href":"https:\/\/api.w.org\/{rel}","templated":true}]}}