{"id":110506,"date":"2024-03-01T11:00:51","date_gmt":"2024-03-01T09:00:51","guid":{"rendered":"https:\/\/urbeamea.ro\/albaiulia\/?p=110506"},"modified":"2024-03-01T11:00:53","modified_gmt":"2024-03-01T09:00:53","slug":"line-up-complet-la-festivalul-massif","status":"publish","type":"post","link":"https:\/\/urbeamea.ro\/albaiulia\/line-up-complet-la-festivalul-massif\/","title":{"rendered":"Line-up complet la festivalul MASSIF"},"content":{"rendered":"\n<p>Mai sunt doar c\u00e2teva zile p\u00e2n\u0103 la cel mai a\u0219teptat festival de la munte din Rom\u00e2nia. Organizatorii celor mai mari festivaluri din Europa anun\u021b\u0103 lista complet\u0103 a arti\u0219tilor care vor urca pe scenele celui mai nou concept de divertisment de la munte. Festivalul <strong>Massif<\/strong> va avea loc \u00een perioada <strong>14-17 martie<\/strong>, iar <strong>Poiana Bra\u0219ov<\/strong> va fi locul \u00een care mii de iubitori ai sporturilor de iarn\u0103, muzicii, aventurii, distrac\u021biei dar \u0219i a experien\u021belor exclusiviste se vor aduna.<\/p>\n\n\n\n<p>\u00cen Poiana Bra\u0219ov, \u00een perioada <strong>14-17 martie, <\/strong>fanii se vor bucura de cele mai tari petreceri al\u0103turi de arti\u0219tii prezen\u021bi \u00een festival pe <strong>scena principal\u0103<\/strong>, <strong>G.O.A.T.<\/strong> (<strong>Greatest Of All Time<\/strong>), <strong>Massif x Nuba VIP Afterparty<\/strong>, <strong>George Music Hideou<\/strong>t \u0219i la apres-ski-urile partenere<strong>, Nuba Chalet Stage<\/strong> \u0219i <strong>Yager Chalet Stage<\/strong>.<\/p>\n\n\n\n<p><strong>Mahmut Orhan, Claptone<\/strong>, maestrul afro-tech <strong>Shimza<\/strong>, unul dintre cei mai frumo\u0219i nebuni ai scenei electronice, <strong>GORDO,<\/strong> la care se adaug\u0103 produc\u0103torul deep house, <strong>Grigor\u00e9<\/strong>, sunt arti\u0219tii care vor ajunge la scena principal\u0103 <strong>Massif<\/strong>, \u00een cele patru zile de festival, al\u0103turi de <strong>Dirty Nano, Mahony, HVMZA, Valeron, Sezer Uysal, Adrian \u0218aguna, Arias, Dark &amp; Menthol, Day Dreamers (Marwan Dua, Dub Fx, Woodnote), Akos<\/strong>.<\/p>\n\n\n\n<p><strong>Chase &amp; Status, <\/strong>belgianul <strong>Netsky<\/strong>, <strong>Wilkinson, Dub FX feat. Woodnote<\/strong>, <strong>Villain, DWLS, HVNDS, Grasu XXL, \u0218uie Paparude, CTC, Puya, Aurik &amp; Pelin, 4AWL, Andi Moisescu, The Hollygood Gang, Killa Fonic, Deliric x Silent Strike,&nbsp; Cucugram b2b Deny, Memphis and Blocksberg, Pappa M &amp; Mc Dylma<\/strong> \u0219i <strong>Hip-Hop Takeovers<\/strong> vor genera euforie la scena <strong>G.O.A.T<\/strong>.<\/p>\n\n\n\n<p>Iubitorii de drum and bass \u0219i dubstep au toate motivele s\u0103-\u0219i preg\u0103teasc\u0103 un outfit cool de festival. Anul acesta \u00een <strong>Poiana Bra\u0219ov<\/strong> vor ajunge <strong>Saul Milton<\/strong> \u0219i <strong>Will<\/strong> <strong>Kennard<\/strong>, membrii legendarului proiect <strong>Chase &amp; Status<\/strong>.<\/p>\n\n\n\n<p>E posibil ca niciodat\u0103 s\u0103 nu-i descoperim adev\u0103rata identitate, fiind protejat, la fiecare apari\u021bie live de celebra masc\u0103 aurie, dar e mai pu\u021bin important; un lucru e cert \u00een leg\u0103tur\u0103 cu acest artist, de fiecare dat\u0103 va veni cu piese de top, cu influen\u021be house&nbsp; \u0219i tech house. <strong>The Man, The Myth, The Mask<\/strong>, acestea sunt atributele din spatele unui personaj legendar, germanul <strong>Claptone<\/strong>, unul dintre headlinerii celei de-a doua edi\u021bii a festivalului <strong>Massif<\/strong>.<\/p>\n\n\n\n<p>Va ajunge \u0219i unul dintre DJ care genereaz\u0103 big-buzz pe platformele de social media, <strong>Mahmut Orhan<\/strong>. A colaborat cu numero\u0219i arti\u0219ti de top \u0219i \u0219i-a consolidat reputa\u021bia ca un inovator al genului s\u0103u. \u00cen <strong>2017<\/strong>, a lansat o versiune remix pentru tema &#8222;<strong>Game of Thrones<\/strong>&#8221; \u0219i hit-ul &#8222;<strong>Save Me<\/strong>&#8221; \u00een colaborare cu <strong>Eneli<\/strong>, ambele produc\u021bii fiind apreciate de fani.<\/p>\n\n\n\n<p>Scena<strong> Massif x Nuba VIP Afterparty<\/strong> asigur\u0103 distrac\u021bia de sear\u0103 cu <strong>The Hollygood Gang, Deny, Poltom<\/strong>, <strong>Grigor\u00e9 \u0219i Dirty Nano.<\/strong><\/p>\n\n\n\n<p>Cele mai cunoscute <strong>apres-ski-ur<\/strong>i din Rom\u00e2nia vor g\u0103zdui petreceri unice pentru fanii festivalului Massif, pe timp de zi. <strong>&nbsp;<\/strong>La<strong> Yager Chalet Stage <\/strong>fanii vor petrece al\u0103turi de<strong>&nbsp; 4AWL, Adrian \u0218aguna, Andi Moisescu, Andrew Maze, Deny, Fogoros &amp; Modoi, HVMZA, Just Eddie &amp; Norris Gabriel, Marinesc Who, MC R\u0103zvan Stroe, Paul Damixie, Rux, Poltom, Sezer Uysal <\/strong>\u0219i <strong>Shaun Warner.<\/strong><\/p>\n\n\n\n<p>&nbsp;<strong>UNII DINTRE CEI MAI ASCULTA\u021aI ARTI\u0218TI DIN ROM\u00c2NIA AJUNG LA MASSIF 2024<\/strong><\/p>\n\n\n\n<p>Cele mai cunoscute nume din muzica rom\u00e2neasc\u0103 <strong>Killa Fonic, Puya, CTC, Deliric x Silent Strike, Dirty Nano, Grasu XXL, HVNDS, \u0218uie Paparude<\/strong>, al\u0103turi de arti\u0219ti consacra\u021bi din dubstep, grime, trap, hip-hop \u0219i dance, vor ajunge \u00een luna martie \u00een <strong>Poiana Bra\u0219ov<\/strong> pentru cea de-a doua experien\u021b\u0103 <strong>Massif<\/strong>.<\/p>\n\n\n\n<p>Organizatorii promit o produc\u021bie care va duce entertainment-ul de iarn\u0103 din <strong>Rom\u00e2nia<\/strong> la un alt nivel, iar festivalul <strong>Massif <\/strong>va transforma, pentru al doilea an la r\u00e2nd, sta\u021biunea <strong>Poiana Bra\u0219ov<\/strong> \u00een cea mai dorit\u0103 \u0219i c\u0103utat\u0103 destina\u021bie montan\u0103 de c\u0103tre tinerii din <strong>Europa<\/strong>.<\/p>\n\n\n\n<p>Abonamentele pentru cea de-a doua edi\u021bie a festivalului <strong>Massif<\/strong> sunt disponibile pe site-ul<a href=\"https:\/\/bemassif.com\/?gclid=CjwKCAiA5sieBhBnEiwAR9oh2tNl5BHylzN2h-Ox3pWZLeMeL248YhUU8VI7sPa5XxLEq-po6gSZVBoCxywQAvD_BwE\"> <\/a><a href=\"https:\/\/bemassif.com\/?gclid=CjwKCAiA5sieBhBnEiwAR9oh2tNl5BHylzN2h-Ox3pWZLeMeL248YhUU8VI7sPa5XxLEq-po6gSZVBoCxywQAvD_BwE\" target=\"_blank\" rel=\"noreferrer noopener\"><strong>bemassif.com<\/strong><\/a>.<\/p>\n\n\n\n<figure class=\"wp-block-image size-large\"><img loading=\"lazy\" decoding=\"async\" width=\"720\" height=\"1280\" src=\"https:\/\/urbeamea.ro\/albaiulia\/wp-content\/uploads\/2024\/03\/MASSIF-FULL-LINEUP-720x1280.png\" alt=\"\" class=\"wp-image-110507\" srcset=\"https:\/\/urbeamea.ro\/albaiulia\/wp-content\/uploads\/2024\/03\/MASSIF-FULL-LINEUP-720x1280.png 720w, https:\/\/urbeamea.ro\/albaiulia\/wp-content\/uploads\/2024\/03\/MASSIF-FULL-LINEUP-360x640.png 360w, https:\/\/urbeamea.ro\/albaiulia\/wp-content\/uploads\/2024\/03\/MASSIF-FULL-LINEUP-84x150.png 84w, https:\/\/urbeamea.ro\/albaiulia\/wp-content\/uploads\/2024\/03\/MASSIF-FULL-LINEUP-768x1365.png 768w, https:\/\/urbeamea.ro\/albaiulia\/wp-content\/uploads\/2024\/03\/MASSIF-FULL-LINEUP-864x1536.png 864w, https:\/\/urbeamea.ro\/albaiulia\/wp-content\/uploads\/2024\/03\/MASSIF-FULL-LINEUP.png 900w\" sizes=\"auto, (max-width: 720px) 100vw, 720px\" \/><\/figure>\n","protected":false},"excerpt":{"rendered":"<p>Mai sunt doar c\u00e2teva zile p\u00e2n\u0103 la cel mai a\u0219teptat festival de la munte din Rom\u00e2nia. Organizatorii celor mai mari festivaluri din Europa anun\u021b\u0103 lista complet\u0103 a arti\u0219tilor care vor urca pe scenele celui mai nou concept de divertisment de la munte. Festivalul Massif va avea loc \u00een perioada 14-17 martie, iar Poiana Bra\u0219ov va &hellip;<\/p>\n","protected":false},"author":16,"featured_media":110508,"comment_status":"open","ping_status":"open","sticky":false,"template":"","format":"standard","meta":{"inline_featured_image":false,"footnotes":""},"categories":[4],"tags":[24916],"class_list":["post-110506","post","type-post","status-publish","format-standard","has-post-thumbnail","hentry","category-eveniment","tag-massif-2024"],"yoast_head":"<!-- This site is optimized with the Yoast SEO plugin v27.4 - https:\/\/yoast.com\/product\/yoast-seo-wordpress\/ -->\n<title>Line-up complet la festivalul MASSIF - Revista Urbea Mea - Revista de Alba<\/title>\n<meta name=\"description\" content=\"Mai sunt doar c\u00e2teva zile p\u00e2n\u0103 la cel mai a\u0219teptat festival de la munte din Rom\u00e2nia. Organizatorii celor mai mari festivaluri din Europa anun\u021b\u0103 lista\" \/>\n<meta name=\"robots\" content=\"index, follow, max-snippet:-1, max-image-preview:large, max-video-preview:-1\" \/>\n<link rel=\"canonical\" href=\"https:\/\/urbeamea.ro\/albaiulia\/line-up-complet-la-festivalul-massif\/\" \/>\n<meta name=\"twitter:card\" content=\"summary_large_image\" \/>\n<meta name=\"twitter:title\" content=\"Line-up complet la festivalul MASSIF - Revista Urbea Mea - Revista de Alba\" \/>\n<meta name=\"twitter:description\" content=\"Mai sunt doar c\u00e2teva zile p\u00e2n\u0103 la cel mai a\u0219teptat festival de la munte din Rom\u00e2nia. Organizatorii celor mai mari festivaluri din Europa anun\u021b\u0103 lista\" \/>\n<meta name=\"twitter:image\" content=\"https:\/\/urbeamea.ro\/albaiulia\/wp-content\/uploads\/2024\/03\/Fara-titlu-1.png\" \/>\n<meta name=\"twitter:creator\" content=\"@urbeameaweb\" \/>\n<meta name=\"twitter:site\" content=\"@urbeameaweb\" \/>\n<script type=\"application\/ld+json\" class=\"yoast-schema-graph\">{\"@context\":\"https:\\\/\\\/schema.org\",\"@graph\":[{\"@type\":\"Article\",\"@id\":\"https:\\\/\\\/urbeamea.ro\\\/albaiulia\\\/line-up-complet-la-festivalul-massif\\\/#article\",\"isPartOf\":{\"@id\":\"https:\\\/\\\/urbeamea.ro\\\/albaiulia\\\/line-up-complet-la-festivalul-massif\\\/\"},\"author\":{\"name\":\"Redac\u021bia UrbeaMea\",\"@id\":\"https:\\\/\\\/urbeamea.ro\\\/albaiulia\\\/#\\\/schema\\\/person\\\/272ae98052f8ee8980f59848df070247\"},\"headline\":\"Line-up complet la festivalul MASSIF\",\"datePublished\":\"2024-03-01T09:00:51+00:00\",\"dateModified\":\"2024-03-01T09:00:53+00:00\",\"mainEntityOfPage\":{\"@id\":\"https:\\\/\\\/urbeamea.ro\\\/albaiulia\\\/line-up-complet-la-festivalul-massif\\\/\"},\"wordCount\":673,\"commentCount\":0,\"image\":{\"@id\":\"https:\\\/\\\/urbeamea.ro\\\/albaiulia\\\/line-up-complet-la-festivalul-massif\\\/#primaryimage\"},\"thumbnailUrl\":\"https:\\\/\\\/urbeamea.ro\\\/albaiulia\\\/wp-content\\\/uploads\\\/2024\\\/03\\\/Fara-titlu-1.png\",\"keywords\":[\"massif 2024\"],\"articleSection\":[\"Evenimente\"],\"inLanguage\":\"ro-RO\",\"potentialAction\":[{\"@type\":\"CommentAction\",\"name\":\"Comment\",\"target\":[\"https:\\\/\\\/urbeamea.ro\\\/albaiulia\\\/line-up-complet-la-festivalul-massif\\\/#respond\"]}]},{\"@type\":\"WebPage\",\"@id\":\"https:\\\/\\\/urbeamea.ro\\\/albaiulia\\\/line-up-complet-la-festivalul-massif\\\/\",\"url\":\"https:\\\/\\\/urbeamea.ro\\\/albaiulia\\\/line-up-complet-la-festivalul-massif\\\/\",\"name\":\"Line-up complet la festivalul MASSIF - Revista Urbea Mea - Revista de Alba\",\"isPartOf\":{\"@id\":\"https:\\\/\\\/urbeamea.ro\\\/albaiulia\\\/#website\"},\"primaryImageOfPage\":{\"@id\":\"https:\\\/\\\/urbeamea.ro\\\/albaiulia\\\/line-up-complet-la-festivalul-massif\\\/#primaryimage\"},\"image\":{\"@id\":\"https:\\\/\\\/urbeamea.ro\\\/albaiulia\\\/line-up-complet-la-festivalul-massif\\\/#primaryimage\"},\"thumbnailUrl\":\"https:\\\/\\\/urbeamea.ro\\\/albaiulia\\\/wp-content\\\/uploads\\\/2024\\\/03\\\/Fara-titlu-1.png\",\"datePublished\":\"2024-03-01T09:00:51+00:00\",\"dateModified\":\"2024-03-01T09:00:53+00:00\",\"author\":{\"@id\":\"https:\\\/\\\/urbeamea.ro\\\/albaiulia\\\/#\\\/schema\\\/person\\\/272ae98052f8ee8980f59848df070247\"},\"description\":\"Mai sunt doar c\u00e2teva zile p\u00e2n\u0103 la cel mai a\u0219teptat festival de la munte din Rom\u00e2nia. Organizatorii celor mai mari festivaluri din Europa anun\u021b\u0103 lista\",\"breadcrumb\":{\"@id\":\"https:\\\/\\\/urbeamea.ro\\\/albaiulia\\\/line-up-complet-la-festivalul-massif\\\/#breadcrumb\"},\"inLanguage\":\"ro-RO\",\"potentialAction\":[{\"@type\":\"ReadAction\",\"target\":[\"https:\\\/\\\/urbeamea.ro\\\/albaiulia\\\/line-up-complet-la-festivalul-massif\\\/\"]}]},{\"@type\":\"ImageObject\",\"inLanguage\":\"ro-RO\",\"@id\":\"https:\\\/\\\/urbeamea.ro\\\/albaiulia\\\/line-up-complet-la-festivalul-massif\\\/#primaryimage\",\"url\":\"https:\\\/\\\/urbeamea.ro\\\/albaiulia\\\/wp-content\\\/uploads\\\/2024\\\/03\\\/Fara-titlu-1.png\",\"contentUrl\":\"https:\\\/\\\/urbeamea.ro\\\/albaiulia\\\/wp-content\\\/uploads\\\/2024\\\/03\\\/Fara-titlu-1.png\",\"width\":1600,\"height\":483},{\"@type\":\"BreadcrumbList\",\"@id\":\"https:\\\/\\\/urbeamea.ro\\\/albaiulia\\\/line-up-complet-la-festivalul-massif\\\/#breadcrumb\",\"itemListElement\":[{\"@type\":\"ListItem\",\"position\":1,\"name\":\"Prima pagin\u0103\",\"item\":\"https:\\\/\\\/urbeamea.ro\\\/albaiulia\\\/\"},{\"@type\":\"ListItem\",\"position\":2,\"name\":\"Line-up complet la festivalul MASSIF\"}]},{\"@type\":\"WebSite\",\"@id\":\"https:\\\/\\\/urbeamea.ro\\\/albaiulia\\\/#website\",\"url\":\"https:\\\/\\\/urbeamea.ro\\\/albaiulia\\\/\",\"name\":\"Revista Urbea Mea, Stiri urbane\",\"description\":\"Evenimente \u0219i \u0219tiri din Alba Iulia, Sebe\u0219, Aiud, Blaj\",\"potentialAction\":[{\"@type\":\"SearchAction\",\"target\":{\"@type\":\"EntryPoint\",\"urlTemplate\":\"https:\\\/\\\/urbeamea.ro\\\/albaiulia\\\/?s={search_term_string}\"},\"query-input\":{\"@type\":\"PropertyValueSpecification\",\"valueRequired\":true,\"valueName\":\"search_term_string\"}}],\"inLanguage\":\"ro-RO\"},{\"@type\":\"Person\",\"@id\":\"https:\\\/\\\/urbeamea.ro\\\/albaiulia\\\/#\\\/schema\\\/person\\\/272ae98052f8ee8980f59848df070247\",\"name\":\"Redac\u021bia UrbeaMea\",\"image\":{\"@type\":\"ImageObject\",\"inLanguage\":\"ro-RO\",\"@id\":\"https:\\\/\\\/secure.gravatar.com\\\/avatar\\\/9ce5a9435071fa1037e8468053ead8e513dbbff59009d3069aadb85506d85a27?s=96&d=mm&r=g\",\"url\":\"https:\\\/\\\/secure.gravatar.com\\\/avatar\\\/9ce5a9435071fa1037e8468053ead8e513dbbff59009d3069aadb85506d85a27?s=96&d=mm&r=g\",\"contentUrl\":\"https:\\\/\\\/secure.gravatar.com\\\/avatar\\\/9ce5a9435071fa1037e8468053ead8e513dbbff59009d3069aadb85506d85a27?s=96&d=mm&r=g\",\"caption\":\"Redac\u021bia UrbeaMea\"},\"description\":\"contact@urbeamea.ro\",\"sameAs\":[\"https:\\\/\\\/www.urbeamea.ro\"],\"url\":\"https:\\\/\\\/urbeamea.ro\\\/albaiulia\\\/author\\\/redactia-urbeamea\\\/\"}]}<\/script>\n<!-- \/ Yoast SEO plugin. -->","yoast_head_json":{"title":"Line-up complet la festivalul MASSIF - Revista Urbea Mea - Revista de Alba","description":"Mai sunt doar c\u00e2teva zile p\u00e2n\u0103 la cel mai a\u0219teptat festival de la munte din Rom\u00e2nia. Organizatorii celor mai mari festivaluri din Europa anun\u021b\u0103 lista","robots":{"index":"index","follow":"follow","max-snippet":"max-snippet:-1","max-image-preview":"max-image-preview:large","max-video-preview":"max-video-preview:-1"},"canonical":"https:\/\/urbeamea.ro\/albaiulia\/line-up-complet-la-festivalul-massif\/","twitter_card":"summary_large_image","twitter_title":"Line-up complet la festivalul MASSIF - Revista Urbea Mea - Revista de Alba","twitter_description":"Mai sunt doar c\u00e2teva zile p\u00e2n\u0103 la cel mai a\u0219teptat festival de la munte din Rom\u00e2nia. Organizatorii celor mai mari festivaluri din Europa anun\u021b\u0103 lista","twitter_image":"https:\/\/urbeamea.ro\/albaiulia\/wp-content\/uploads\/2024\/03\/Fara-titlu-1.png","twitter_creator":"@urbeameaweb","twitter_site":"@urbeameaweb","schema":{"@context":"https:\/\/schema.org","@graph":[{"@type":"Article","@id":"https:\/\/urbeamea.ro\/albaiulia\/line-up-complet-la-festivalul-massif\/#article","isPartOf":{"@id":"https:\/\/urbeamea.ro\/albaiulia\/line-up-complet-la-festivalul-massif\/"},"author":{"name":"Redac\u021bia UrbeaMea","@id":"https:\/\/urbeamea.ro\/albaiulia\/#\/schema\/person\/272ae98052f8ee8980f59848df070247"},"headline":"Line-up complet la festivalul MASSIF","datePublished":"2024-03-01T09:00:51+00:00","dateModified":"2024-03-01T09:00:53+00:00","mainEntityOfPage":{"@id":"https:\/\/urbeamea.ro\/albaiulia\/line-up-complet-la-festivalul-massif\/"},"wordCount":673,"commentCount":0,"image":{"@id":"https:\/\/urbeamea.ro\/albaiulia\/line-up-complet-la-festivalul-massif\/#primaryimage"},"thumbnailUrl":"https:\/\/urbeamea.ro\/albaiulia\/wp-content\/uploads\/2024\/03\/Fara-titlu-1.png","keywords":["massif 2024"],"articleSection":["Evenimente"],"inLanguage":"ro-RO","potentialAction":[{"@type":"CommentAction","name":"Comment","target":["https:\/\/urbeamea.ro\/albaiulia\/line-up-complet-la-festivalul-massif\/#respond"]}]},{"@type":"WebPage","@id":"https:\/\/urbeamea.ro\/albaiulia\/line-up-complet-la-festivalul-massif\/","url":"https:\/\/urbeamea.ro\/albaiulia\/line-up-complet-la-festivalul-massif\/","name":"Line-up complet la festivalul MASSIF - Revista Urbea Mea - Revista de Alba","isPartOf":{"@id":"https:\/\/urbeamea.ro\/albaiulia\/#website"},"primaryImageOfPage":{"@id":"https:\/\/urbeamea.ro\/albaiulia\/line-up-complet-la-festivalul-massif\/#primaryimage"},"image":{"@id":"https:\/\/urbeamea.ro\/albaiulia\/line-up-complet-la-festivalul-massif\/#primaryimage"},"thumbnailUrl":"https:\/\/urbeamea.ro\/albaiulia\/wp-content\/uploads\/2024\/03\/Fara-titlu-1.png","datePublished":"2024-03-01T09:00:51+00:00","dateModified":"2024-03-01T09:00:53+00:00","author":{"@id":"https:\/\/urbeamea.ro\/albaiulia\/#\/schema\/person\/272ae98052f8ee8980f59848df070247"},"description":"Mai sunt doar c\u00e2teva zile p\u00e2n\u0103 la cel mai a\u0219teptat festival de la munte din Rom\u00e2nia. Organizatorii celor mai mari festivaluri din Europa anun\u021b\u0103 lista","breadcrumb":{"@id":"https:\/\/urbeamea.ro\/albaiulia\/line-up-complet-la-festivalul-massif\/#breadcrumb"},"inLanguage":"ro-RO","potentialAction":[{"@type":"ReadAction","target":["https:\/\/urbeamea.ro\/albaiulia\/line-up-complet-la-festivalul-massif\/"]}]},{"@type":"ImageObject","inLanguage":"ro-RO","@id":"https:\/\/urbeamea.ro\/albaiulia\/line-up-complet-la-festivalul-massif\/#primaryimage","url":"https:\/\/urbeamea.ro\/albaiulia\/wp-content\/uploads\/2024\/03\/Fara-titlu-1.png","contentUrl":"https:\/\/urbeamea.ro\/albaiulia\/wp-content\/uploads\/2024\/03\/Fara-titlu-1.png","width":1600,"height":483},{"@type":"BreadcrumbList","@id":"https:\/\/urbeamea.ro\/albaiulia\/line-up-complet-la-festivalul-massif\/#breadcrumb","itemListElement":[{"@type":"ListItem","position":1,"name":"Prima pagin\u0103","item":"https:\/\/urbeamea.ro\/albaiulia\/"},{"@type":"ListItem","position":2,"name":"Line-up complet la festivalul MASSIF"}]},{"@type":"WebSite","@id":"https:\/\/urbeamea.ro\/albaiulia\/#website","url":"https:\/\/urbeamea.ro\/albaiulia\/","name":"Revista Urbea Mea, Stiri urbane","description":"Evenimente \u0219i \u0219tiri din Alba Iulia, Sebe\u0219, Aiud, Blaj","potentialAction":[{"@type":"SearchAction","target":{"@type":"EntryPoint","urlTemplate":"https:\/\/urbeamea.ro\/albaiulia\/?s={search_term_string}"},"query-input":{"@type":"PropertyValueSpecification","valueRequired":true,"valueName":"search_term_string"}}],"inLanguage":"ro-RO"},{"@type":"Person","@id":"https:\/\/urbeamea.ro\/albaiulia\/#\/schema\/person\/272ae98052f8ee8980f59848df070247","name":"Redac\u021bia UrbeaMea","image":{"@type":"ImageObject","inLanguage":"ro-RO","@id":"https:\/\/secure.gravatar.com\/avatar\/9ce5a9435071fa1037e8468053ead8e513dbbff59009d3069aadb85506d85a27?s=96&d=mm&r=g","url":"https:\/\/secure.gravatar.com\/avatar\/9ce5a9435071fa1037e8468053ead8e513dbbff59009d3069aadb85506d85a27?s=96&d=mm&r=g","contentUrl":"https:\/\/secure.gravatar.com\/avatar\/9ce5a9435071fa1037e8468053ead8e513dbbff59009d3069aadb85506d85a27?s=96&d=mm&r=g","caption":"Redac\u021bia UrbeaMea"},"description":"contact@urbeamea.ro","sameAs":["https:\/\/www.urbeamea.ro"],"url":"https:\/\/urbeamea.ro\/albaiulia\/author\/redactia-urbeamea\/"}]}},"_links":{"self":[{"href":"https:\/\/urbeamea.ro\/albaiulia\/wp-json\/wp\/v2\/posts\/110506","targetHints":{"allow":["GET"]}}],"collection":[{"href":"https:\/\/urbeamea.ro\/albaiulia\/wp-json\/wp\/v2\/posts"}],"about":[{"href":"https:\/\/urbeamea.ro\/albaiulia\/wp-json\/wp\/v2\/types\/post"}],"author":[{"embeddable":true,"href":"https:\/\/urbeamea.ro\/albaiulia\/wp-json\/wp\/v2\/users\/16"}],"replies":[{"embeddable":true,"href":"https:\/\/urbeamea.ro\/albaiulia\/wp-json\/wp\/v2\/comments?post=110506"}],"version-history":[{"count":1,"href":"https:\/\/urbeamea.ro\/albaiulia\/wp-json\/wp\/v2\/posts\/110506\/revisions"}],"predecessor-version":[{"id":110509,"href":"https:\/\/urbeamea.ro\/albaiulia\/wp-json\/wp\/v2\/posts\/110506\/revisions\/110509"}],"wp:featuredmedia":[{"embeddable":true,"href":"https:\/\/urbeamea.ro\/albaiulia\/wp-json\/wp\/v2\/media\/110508"}],"wp:attachment":[{"href":"https:\/\/urbeamea.ro\/albaiulia\/wp-json\/wp\/v2\/media?parent=110506"}],"wp:term":[{"taxonomy":"category","embeddable":true,"href":"https:\/\/urbeamea.ro\/albaiulia\/wp-json\/wp\/v2\/categories?post=110506"},{"taxonomy":"post_tag","embeddable":true,"href":"https:\/\/urbeamea.ro\/albaiulia\/wp-json\/wp\/v2\/tags?post=110506"}],"curies":[{"name":"wp","href":"https:\/\/api.w.org\/{rel}","templated":true}]}}