{"id":110521,"date":"2024-03-04T10:32:32","date_gmt":"2024-03-04T08:32:32","guid":{"rendered":"https:\/\/urbeamea.ro\/albaiulia\/?p=110521"},"modified":"2024-03-04T10:32:33","modified_gmt":"2024-03-04T08:32:33","slug":"lucrari-edilitare-de-la-lancram-la-rahau-reabilitari-pe-strazile-morii-si-decebal-din-sebes","status":"publish","type":"post","link":"https:\/\/urbeamea.ro\/albaiulia\/lucrari-edilitare-de-la-lancram-la-rahau-reabilitari-pe-strazile-morii-si-decebal-din-sebes\/","title":{"rendered":"Lucr\u0103ri edilitare de la Lancr\u0103m la R\u0103h\u0103u, reabilit\u0103ri pe str\u0103zile Morii \u0219i Decebal din Sebe\u0219"},"content":{"rendered":"\n<p>Peste 3,5 km de drumuri au intrat \u00een repara\u021bii la R\u0103h\u0103u. Se intervine la asfaltul existent pe str. Principal\u0103 pe o lungime de 1 km \u0219i pe strada \u0218colii se va turna covor asfaltic. Pe por\u021biunea de drum situat\u0103 \u00eentre intersec\u021bia str\u0103zii Principale cu strada Deasupra, de la intrarea \u00een localitate p\u00e2n\u0103 la DN 7, se fac repara\u021bii cu plombe de asfalt. Pe str\u0103zile Bisericii \u2013 par\u021bial, strada Deasupra \u0219i strada Principal\u0103 &#8211; par\u021bial (de la c\u0103minul cultural) se va turna asfalt nou (cca. 2,5 km).<\/p>\n\n\n\n<p>\u00cen Sebe\u0219, pe strada Morii, se repar\u0103 re\u021beaua de canalizare \u0219i vor fi montate dale. De asemenea, aleea aferent\u0103 str\u0103zii Decebal va fi amenajat\u0103 cu dale, toate provenite din materialele recuperate din zona central\u0103 a municipiului (care a fost modernizat\u0103 \u00een cursul anului trecut).<\/p>\n\n\n\n<p>La intrarea \u00een Lancr\u0103m, avanseaz\u0103 interven\u021biile la trotuare \u0219i la rigolele pentru ape pluviale.<\/p>\n\n\n\n<figure class=\"wp-block-gallery has-nested-images columns-default is-cropped wp-block-gallery-1 is-layout-flex wp-block-gallery-is-layout-flex\">\n<figure class=\"wp-block-image size-large\"><a href=\"https:\/\/urbeamea.ro\/albaiulia\/wp-content\/uploads\/2024\/03\/2a6d8ccd-11ee-4e2b-9cca-699b8c7b6eae.jpg\"><img loading=\"lazy\" decoding=\"async\" width=\"960\" height=\"1280\" data-id=\"110525\" src=\"https:\/\/urbeamea.ro\/albaiulia\/wp-content\/uploads\/2024\/03\/2a6d8ccd-11ee-4e2b-9cca-699b8c7b6eae-960x1280.jpg\" alt=\"\" class=\"wp-image-110525\" srcset=\"https:\/\/urbeamea.ro\/albaiulia\/wp-content\/uploads\/2024\/03\/2a6d8ccd-11ee-4e2b-9cca-699b8c7b6eae-960x1280.jpg 960w, https:\/\/urbeamea.ro\/albaiulia\/wp-content\/uploads\/2024\/03\/2a6d8ccd-11ee-4e2b-9cca-699b8c7b6eae-480x640.jpg 480w, https:\/\/urbeamea.ro\/albaiulia\/wp-content\/uploads\/2024\/03\/2a6d8ccd-11ee-4e2b-9cca-699b8c7b6eae-113x150.jpg 113w, https:\/\/urbeamea.ro\/albaiulia\/wp-content\/uploads\/2024\/03\/2a6d8ccd-11ee-4e2b-9cca-699b8c7b6eae-768x1024.jpg 768w, https:\/\/urbeamea.ro\/albaiulia\/wp-content\/uploads\/2024\/03\/2a6d8ccd-11ee-4e2b-9cca-699b8c7b6eae-1152x1536.jpg 1152w, https:\/\/urbeamea.ro\/albaiulia\/wp-content\/uploads\/2024\/03\/2a6d8ccd-11ee-4e2b-9cca-699b8c7b6eae.jpg 1500w\" sizes=\"auto, (max-width: 960px) 100vw, 960px\" \/><\/a><\/figure>\n\n\n\n<figure class=\"wp-block-image size-large\"><a href=\"https:\/\/urbeamea.ro\/albaiulia\/wp-content\/uploads\/2024\/03\/8b96cf3b-2415-48d0-b8c0-497d13e753bc.jpg\"><img loading=\"lazy\" decoding=\"async\" width=\"960\" height=\"1280\" data-id=\"110522\" src=\"https:\/\/urbeamea.ro\/albaiulia\/wp-content\/uploads\/2024\/03\/8b96cf3b-2415-48d0-b8c0-497d13e753bc-960x1280.jpg\" alt=\"\" class=\"wp-image-110522\" srcset=\"https:\/\/urbeamea.ro\/albaiulia\/wp-content\/uploads\/2024\/03\/8b96cf3b-2415-48d0-b8c0-497d13e753bc-960x1280.jpg 960w, https:\/\/urbeamea.ro\/albaiulia\/wp-content\/uploads\/2024\/03\/8b96cf3b-2415-48d0-b8c0-497d13e753bc-480x640.jpg 480w, https:\/\/urbeamea.ro\/albaiulia\/wp-content\/uploads\/2024\/03\/8b96cf3b-2415-48d0-b8c0-497d13e753bc-113x150.jpg 113w, https:\/\/urbeamea.ro\/albaiulia\/wp-content\/uploads\/2024\/03\/8b96cf3b-2415-48d0-b8c0-497d13e753bc-768x1024.jpg 768w, https:\/\/urbeamea.ro\/albaiulia\/wp-content\/uploads\/2024\/03\/8b96cf3b-2415-48d0-b8c0-497d13e753bc-1152x1536.jpg 1152w, https:\/\/urbeamea.ro\/albaiulia\/wp-content\/uploads\/2024\/03\/8b96cf3b-2415-48d0-b8c0-497d13e753bc.jpg 1200w\" sizes=\"auto, (max-width: 960px) 100vw, 960px\" \/><\/a><\/figure>\n\n\n\n<figure class=\"wp-block-image size-large\"><a href=\"https:\/\/urbeamea.ro\/albaiulia\/wp-content\/uploads\/2024\/03\/9af27aa1-cfbe-4b52-af92-8fd89264ee9f.jpg\"><img loading=\"lazy\" decoding=\"async\" width=\"960\" height=\"1280\" data-id=\"110526\" src=\"https:\/\/urbeamea.ro\/albaiulia\/wp-content\/uploads\/2024\/03\/9af27aa1-cfbe-4b52-af92-8fd89264ee9f-960x1280.jpg\" alt=\"\" class=\"wp-image-110526\" srcset=\"https:\/\/urbeamea.ro\/albaiulia\/wp-content\/uploads\/2024\/03\/9af27aa1-cfbe-4b52-af92-8fd89264ee9f-960x1280.jpg 960w, https:\/\/urbeamea.ro\/albaiulia\/wp-content\/uploads\/2024\/03\/9af27aa1-cfbe-4b52-af92-8fd89264ee9f-480x640.jpg 480w, https:\/\/urbeamea.ro\/albaiulia\/wp-content\/uploads\/2024\/03\/9af27aa1-cfbe-4b52-af92-8fd89264ee9f-113x150.jpg 113w, https:\/\/urbeamea.ro\/albaiulia\/wp-content\/uploads\/2024\/03\/9af27aa1-cfbe-4b52-af92-8fd89264ee9f-768x1024.jpg 768w, https:\/\/urbeamea.ro\/albaiulia\/wp-content\/uploads\/2024\/03\/9af27aa1-cfbe-4b52-af92-8fd89264ee9f-1152x1536.jpg 1152w, https:\/\/urbeamea.ro\/albaiulia\/wp-content\/uploads\/2024\/03\/9af27aa1-cfbe-4b52-af92-8fd89264ee9f.jpg 1500w\" sizes=\"auto, (max-width: 960px) 100vw, 960px\" \/><\/a><\/figure>\n\n\n\n<figure class=\"wp-block-image size-large\"><a href=\"https:\/\/urbeamea.ro\/albaiulia\/wp-content\/uploads\/2024\/03\/52edbe27-6c26-4288-a810-00deee33c5a1.jpg\"><img loading=\"lazy\" decoding=\"async\" width=\"960\" height=\"1280\" data-id=\"110523\" src=\"https:\/\/urbeamea.ro\/albaiulia\/wp-content\/uploads\/2024\/03\/52edbe27-6c26-4288-a810-00deee33c5a1-960x1280.jpg\" alt=\"\" class=\"wp-image-110523\" srcset=\"https:\/\/urbeamea.ro\/albaiulia\/wp-content\/uploads\/2024\/03\/52edbe27-6c26-4288-a810-00deee33c5a1-960x1280.jpg 960w, https:\/\/urbeamea.ro\/albaiulia\/wp-content\/uploads\/2024\/03\/52edbe27-6c26-4288-a810-00deee33c5a1-480x640.jpg 480w, https:\/\/urbeamea.ro\/albaiulia\/wp-content\/uploads\/2024\/03\/52edbe27-6c26-4288-a810-00deee33c5a1-113x150.jpg 113w, https:\/\/urbeamea.ro\/albaiulia\/wp-content\/uploads\/2024\/03\/52edbe27-6c26-4288-a810-00deee33c5a1-768x1024.jpg 768w, https:\/\/urbeamea.ro\/albaiulia\/wp-content\/uploads\/2024\/03\/52edbe27-6c26-4288-a810-00deee33c5a1-1152x1536.jpg 1152w, https:\/\/urbeamea.ro\/albaiulia\/wp-content\/uploads\/2024\/03\/52edbe27-6c26-4288-a810-00deee33c5a1.jpg 1200w\" sizes=\"auto, (max-width: 960px) 100vw, 960px\" \/><\/a><\/figure>\n\n\n\n<figure class=\"wp-block-image size-large\"><a href=\"https:\/\/urbeamea.ro\/albaiulia\/wp-content\/uploads\/2024\/03\/13104e82-d3a5-4bfa-9834-b897570a1b8f.jpg\"><img loading=\"lazy\" decoding=\"async\" width=\"960\" height=\"1280\" data-id=\"110527\" src=\"https:\/\/urbeamea.ro\/albaiulia\/wp-content\/uploads\/2024\/03\/13104e82-d3a5-4bfa-9834-b897570a1b8f-960x1280.jpg\" alt=\"\" class=\"wp-image-110527\" srcset=\"https:\/\/urbeamea.ro\/albaiulia\/wp-content\/uploads\/2024\/03\/13104e82-d3a5-4bfa-9834-b897570a1b8f-960x1280.jpg 960w, https:\/\/urbeamea.ro\/albaiulia\/wp-content\/uploads\/2024\/03\/13104e82-d3a5-4bfa-9834-b897570a1b8f-480x640.jpg 480w, https:\/\/urbeamea.ro\/albaiulia\/wp-content\/uploads\/2024\/03\/13104e82-d3a5-4bfa-9834-b897570a1b8f-113x150.jpg 113w, https:\/\/urbeamea.ro\/albaiulia\/wp-content\/uploads\/2024\/03\/13104e82-d3a5-4bfa-9834-b897570a1b8f-768x1024.jpg 768w, https:\/\/urbeamea.ro\/albaiulia\/wp-content\/uploads\/2024\/03\/13104e82-d3a5-4bfa-9834-b897570a1b8f-1152x1536.jpg 1152w, https:\/\/urbeamea.ro\/albaiulia\/wp-content\/uploads\/2024\/03\/13104e82-d3a5-4bfa-9834-b897570a1b8f.jpg 1500w\" sizes=\"auto, (max-width: 960px) 100vw, 960px\" \/><\/a><\/figure>\n\n\n\n<figure class=\"wp-block-image size-large\"><a href=\"https:\/\/urbeamea.ro\/albaiulia\/wp-content\/uploads\/2024\/03\/672a2384-ad5c-4e8f-a2ca-4c98d00e2290.jpg\"><img loading=\"lazy\" decoding=\"async\" width=\"960\" height=\"1280\" data-id=\"110524\" src=\"https:\/\/urbeamea.ro\/albaiulia\/wp-content\/uploads\/2024\/03\/672a2384-ad5c-4e8f-a2ca-4c98d00e2290-960x1280.jpg\" alt=\"\" class=\"wp-image-110524\" srcset=\"https:\/\/urbeamea.ro\/albaiulia\/wp-content\/uploads\/2024\/03\/672a2384-ad5c-4e8f-a2ca-4c98d00e2290-960x1280.jpg 960w, https:\/\/urbeamea.ro\/albaiulia\/wp-content\/uploads\/2024\/03\/672a2384-ad5c-4e8f-a2ca-4c98d00e2290-480x640.jpg 480w, https:\/\/urbeamea.ro\/albaiulia\/wp-content\/uploads\/2024\/03\/672a2384-ad5c-4e8f-a2ca-4c98d00e2290-113x150.jpg 113w, https:\/\/urbeamea.ro\/albaiulia\/wp-content\/uploads\/2024\/03\/672a2384-ad5c-4e8f-a2ca-4c98d00e2290-768x1024.jpg 768w, https:\/\/urbeamea.ro\/albaiulia\/wp-content\/uploads\/2024\/03\/672a2384-ad5c-4e8f-a2ca-4c98d00e2290-1152x1536.jpg 1152w, https:\/\/urbeamea.ro\/albaiulia\/wp-content\/uploads\/2024\/03\/672a2384-ad5c-4e8f-a2ca-4c98d00e2290.jpg 1200w\" sizes=\"auto, (max-width: 960px) 100vw, 960px\" \/><\/a><\/figure>\n<\/figure>\n","protected":false},"excerpt":{"rendered":"<p>Peste 3,5 km de drumuri au intrat \u00een repara\u021bii la R\u0103h\u0103u. Se intervine la asfaltul existent pe str. Principal\u0103 pe o lungime de 1 km \u0219i pe strada \u0218colii se va turna covor asfaltic. Pe por\u021biunea de drum situat\u0103 \u00eentre intersec\u021bia str\u0103zii Principale cu strada Deasupra, de la intrarea \u00een localitate p\u00e2n\u0103 la DN 7, &hellip;<\/p>\n","protected":false},"author":16,"featured_media":110528,"comment_status":"open","ping_status":"open","sticky":false,"template":"","format":"standard","meta":{"inline_featured_image":false,"footnotes":""},"categories":[2035],"tags":[],"class_list":["post-110521","post","type-post","status-publish","format-standard","has-post-thumbnail","hentry","category-administratie"],"yoast_head":"<!-- This site is optimized with the Yoast SEO plugin v27.4 - https:\/\/yoast.com\/product\/yoast-seo-wordpress\/ -->\n<title>Lucr\u0103ri edilitare de la Lancr\u0103m la R\u0103h\u0103u, reabilit\u0103ri pe str\u0103zile Morii \u0219i Decebal din Sebe\u0219 - Revista Urbea Mea - Revista de Alba<\/title>\n<meta name=\"description\" content=\"Peste 3,5 km de drumuri au intrat \u00een repara\u021bii la R\u0103h\u0103u. Se intervine la asfaltul existent pe str. Principal\u0103 pe o lungime de 1 km \u0219i pe strada \u0218colii se\" \/>\n<meta name=\"robots\" content=\"index, follow, max-snippet:-1, max-image-preview:large, max-video-preview:-1\" \/>\n<link rel=\"canonical\" href=\"https:\/\/urbeamea.ro\/albaiulia\/lucrari-edilitare-de-la-lancram-la-rahau-reabilitari-pe-strazile-morii-si-decebal-din-sebes\/\" \/>\n<meta name=\"twitter:card\" content=\"summary_large_image\" \/>\n<meta name=\"twitter:title\" content=\"Lucr\u0103ri edilitare de la Lancr\u0103m la R\u0103h\u0103u, reabilit\u0103ri pe str\u0103zile Morii \u0219i Decebal din Sebe\u0219 - Revista Urbea Mea - Revista de Alba\" \/>\n<meta name=\"twitter:description\" content=\"Peste 3,5 km de drumuri au intrat \u00een repara\u021bii la R\u0103h\u0103u. Se intervine la asfaltul existent pe str. Principal\u0103 pe o lungime de 1 km \u0219i pe strada \u0218colii se\" \/>\n<meta name=\"twitter:image\" content=\"https:\/\/urbeamea.ro\/albaiulia\/wp-content\/uploads\/2024\/03\/f3b3d3e5-df7d-48af-884a-fb4e05ef0804.jpg\" \/>\n<meta name=\"twitter:creator\" content=\"@urbeameaweb\" \/>\n<meta name=\"twitter:site\" content=\"@urbeameaweb\" \/>\n<script type=\"application\/ld+json\" class=\"yoast-schema-graph\">{\"@context\":\"https:\\\/\\\/schema.org\",\"@graph\":[{\"@type\":\"Article\",\"@id\":\"https:\\\/\\\/urbeamea.ro\\\/albaiulia\\\/lucrari-edilitare-de-la-lancram-la-rahau-reabilitari-pe-strazile-morii-si-decebal-din-sebes\\\/#article\",\"isPartOf\":{\"@id\":\"https:\\\/\\\/urbeamea.ro\\\/albaiulia\\\/lucrari-edilitare-de-la-lancram-la-rahau-reabilitari-pe-strazile-morii-si-decebal-din-sebes\\\/\"},\"author\":{\"name\":\"Redac\u021bia UrbeaMea\",\"@id\":\"https:\\\/\\\/urbeamea.ro\\\/albaiulia\\\/#\\\/schema\\\/person\\\/272ae98052f8ee8980f59848df070247\"},\"headline\":\"Lucr\u0103ri edilitare de la Lancr\u0103m la R\u0103h\u0103u, reabilit\u0103ri pe str\u0103zile Morii \u0219i Decebal din Sebe\u0219\",\"datePublished\":\"2024-03-04T08:32:32+00:00\",\"dateModified\":\"2024-03-04T08:32:33+00:00\",\"mainEntityOfPage\":{\"@id\":\"https:\\\/\\\/urbeamea.ro\\\/albaiulia\\\/lucrari-edilitare-de-la-lancram-la-rahau-reabilitari-pe-strazile-morii-si-decebal-din-sebes\\\/\"},\"wordCount\":176,\"commentCount\":0,\"image\":{\"@id\":\"https:\\\/\\\/urbeamea.ro\\\/albaiulia\\\/lucrari-edilitare-de-la-lancram-la-rahau-reabilitari-pe-strazile-morii-si-decebal-din-sebes\\\/#primaryimage\"},\"thumbnailUrl\":\"https:\\\/\\\/urbeamea.ro\\\/albaiulia\\\/wp-content\\\/uploads\\\/2024\\\/03\\\/f3b3d3e5-df7d-48af-884a-fb4e05ef0804.jpg\",\"articleSection\":[\"Administra\u021bie\"],\"inLanguage\":\"ro-RO\",\"potentialAction\":[{\"@type\":\"CommentAction\",\"name\":\"Comment\",\"target\":[\"https:\\\/\\\/urbeamea.ro\\\/albaiulia\\\/lucrari-edilitare-de-la-lancram-la-rahau-reabilitari-pe-strazile-morii-si-decebal-din-sebes\\\/#respond\"]}]},{\"@type\":\"WebPage\",\"@id\":\"https:\\\/\\\/urbeamea.ro\\\/albaiulia\\\/lucrari-edilitare-de-la-lancram-la-rahau-reabilitari-pe-strazile-morii-si-decebal-din-sebes\\\/\",\"url\":\"https:\\\/\\\/urbeamea.ro\\\/albaiulia\\\/lucrari-edilitare-de-la-lancram-la-rahau-reabilitari-pe-strazile-morii-si-decebal-din-sebes\\\/\",\"name\":\"Lucr\u0103ri edilitare de la Lancr\u0103m la R\u0103h\u0103u, reabilit\u0103ri pe str\u0103zile Morii \u0219i Decebal din Sebe\u0219 - Revista Urbea Mea - Revista de Alba\",\"isPartOf\":{\"@id\":\"https:\\\/\\\/urbeamea.ro\\\/albaiulia\\\/#website\"},\"primaryImageOfPage\":{\"@id\":\"https:\\\/\\\/urbeamea.ro\\\/albaiulia\\\/lucrari-edilitare-de-la-lancram-la-rahau-reabilitari-pe-strazile-morii-si-decebal-din-sebes\\\/#primaryimage\"},\"image\":{\"@id\":\"https:\\\/\\\/urbeamea.ro\\\/albaiulia\\\/lucrari-edilitare-de-la-lancram-la-rahau-reabilitari-pe-strazile-morii-si-decebal-din-sebes\\\/#primaryimage\"},\"thumbnailUrl\":\"https:\\\/\\\/urbeamea.ro\\\/albaiulia\\\/wp-content\\\/uploads\\\/2024\\\/03\\\/f3b3d3e5-df7d-48af-884a-fb4e05ef0804.jpg\",\"datePublished\":\"2024-03-04T08:32:32+00:00\",\"dateModified\":\"2024-03-04T08:32:33+00:00\",\"author\":{\"@id\":\"https:\\\/\\\/urbeamea.ro\\\/albaiulia\\\/#\\\/schema\\\/person\\\/272ae98052f8ee8980f59848df070247\"},\"description\":\"Peste 3,5 km de drumuri au intrat \u00een repara\u021bii la R\u0103h\u0103u. Se intervine la asfaltul existent pe str. Principal\u0103 pe o lungime de 1 km \u0219i pe strada \u0218colii se\",\"breadcrumb\":{\"@id\":\"https:\\\/\\\/urbeamea.ro\\\/albaiulia\\\/lucrari-edilitare-de-la-lancram-la-rahau-reabilitari-pe-strazile-morii-si-decebal-din-sebes\\\/#breadcrumb\"},\"inLanguage\":\"ro-RO\",\"potentialAction\":[{\"@type\":\"ReadAction\",\"target\":[\"https:\\\/\\\/urbeamea.ro\\\/albaiulia\\\/lucrari-edilitare-de-la-lancram-la-rahau-reabilitari-pe-strazile-morii-si-decebal-din-sebes\\\/\"]}]},{\"@type\":\"ImageObject\",\"inLanguage\":\"ro-RO\",\"@id\":\"https:\\\/\\\/urbeamea.ro\\\/albaiulia\\\/lucrari-edilitare-de-la-lancram-la-rahau-reabilitari-pe-strazile-morii-si-decebal-din-sebes\\\/#primaryimage\",\"url\":\"https:\\\/\\\/urbeamea.ro\\\/albaiulia\\\/wp-content\\\/uploads\\\/2024\\\/03\\\/f3b3d3e5-df7d-48af-884a-fb4e05ef0804.jpg\",\"contentUrl\":\"https:\\\/\\\/urbeamea.ro\\\/albaiulia\\\/wp-content\\\/uploads\\\/2024\\\/03\\\/f3b3d3e5-df7d-48af-884a-fb4e05ef0804.jpg\",\"width\":1200,\"height\":1600},{\"@type\":\"BreadcrumbList\",\"@id\":\"https:\\\/\\\/urbeamea.ro\\\/albaiulia\\\/lucrari-edilitare-de-la-lancram-la-rahau-reabilitari-pe-strazile-morii-si-decebal-din-sebes\\\/#breadcrumb\",\"itemListElement\":[{\"@type\":\"ListItem\",\"position\":1,\"name\":\"Prima pagin\u0103\",\"item\":\"https:\\\/\\\/urbeamea.ro\\\/albaiulia\\\/\"},{\"@type\":\"ListItem\",\"position\":2,\"name\":\"Lucr\u0103ri edilitare de la Lancr\u0103m la R\u0103h\u0103u, reabilit\u0103ri pe str\u0103zile Morii \u0219i Decebal din Sebe\u0219\"}]},{\"@type\":\"WebSite\",\"@id\":\"https:\\\/\\\/urbeamea.ro\\\/albaiulia\\\/#website\",\"url\":\"https:\\\/\\\/urbeamea.ro\\\/albaiulia\\\/\",\"name\":\"Revista Urbea Mea, Stiri urbane\",\"description\":\"Evenimente \u0219i \u0219tiri din Alba Iulia, Sebe\u0219, Aiud, Blaj\",\"potentialAction\":[{\"@type\":\"SearchAction\",\"target\":{\"@type\":\"EntryPoint\",\"urlTemplate\":\"https:\\\/\\\/urbeamea.ro\\\/albaiulia\\\/?s={search_term_string}\"},\"query-input\":{\"@type\":\"PropertyValueSpecification\",\"valueRequired\":true,\"valueName\":\"search_term_string\"}}],\"inLanguage\":\"ro-RO\"},{\"@type\":\"Person\",\"@id\":\"https:\\\/\\\/urbeamea.ro\\\/albaiulia\\\/#\\\/schema\\\/person\\\/272ae98052f8ee8980f59848df070247\",\"name\":\"Redac\u021bia UrbeaMea\",\"image\":{\"@type\":\"ImageObject\",\"inLanguage\":\"ro-RO\",\"@id\":\"https:\\\/\\\/secure.gravatar.com\\\/avatar\\\/9ce5a9435071fa1037e8468053ead8e513dbbff59009d3069aadb85506d85a27?s=96&d=mm&r=g\",\"url\":\"https:\\\/\\\/secure.gravatar.com\\\/avatar\\\/9ce5a9435071fa1037e8468053ead8e513dbbff59009d3069aadb85506d85a27?s=96&d=mm&r=g\",\"contentUrl\":\"https:\\\/\\\/secure.gravatar.com\\\/avatar\\\/9ce5a9435071fa1037e8468053ead8e513dbbff59009d3069aadb85506d85a27?s=96&d=mm&r=g\",\"caption\":\"Redac\u021bia UrbeaMea\"},\"description\":\"contact@urbeamea.ro\",\"sameAs\":[\"https:\\\/\\\/www.urbeamea.ro\"],\"url\":\"https:\\\/\\\/urbeamea.ro\\\/albaiulia\\\/author\\\/redactia-urbeamea\\\/\"}]}<\/script>\n<!-- \/ Yoast SEO plugin. -->","yoast_head_json":{"title":"Lucr\u0103ri edilitare de la Lancr\u0103m la R\u0103h\u0103u, reabilit\u0103ri pe str\u0103zile Morii \u0219i Decebal din Sebe\u0219 - Revista Urbea Mea - Revista de Alba","description":"Peste 3,5 km de drumuri au intrat \u00een repara\u021bii la R\u0103h\u0103u. Se intervine la asfaltul existent pe str. Principal\u0103 pe o lungime de 1 km \u0219i pe strada \u0218colii se","robots":{"index":"index","follow":"follow","max-snippet":"max-snippet:-1","max-image-preview":"max-image-preview:large","max-video-preview":"max-video-preview:-1"},"canonical":"https:\/\/urbeamea.ro\/albaiulia\/lucrari-edilitare-de-la-lancram-la-rahau-reabilitari-pe-strazile-morii-si-decebal-din-sebes\/","twitter_card":"summary_large_image","twitter_title":"Lucr\u0103ri edilitare de la Lancr\u0103m la R\u0103h\u0103u, reabilit\u0103ri pe str\u0103zile Morii \u0219i Decebal din Sebe\u0219 - Revista Urbea Mea - Revista de Alba","twitter_description":"Peste 3,5 km de drumuri au intrat \u00een repara\u021bii la R\u0103h\u0103u. Se intervine la asfaltul existent pe str. Principal\u0103 pe o lungime de 1 km \u0219i pe strada \u0218colii se","twitter_image":"https:\/\/urbeamea.ro\/albaiulia\/wp-content\/uploads\/2024\/03\/f3b3d3e5-df7d-48af-884a-fb4e05ef0804.jpg","twitter_creator":"@urbeameaweb","twitter_site":"@urbeameaweb","schema":{"@context":"https:\/\/schema.org","@graph":[{"@type":"Article","@id":"https:\/\/urbeamea.ro\/albaiulia\/lucrari-edilitare-de-la-lancram-la-rahau-reabilitari-pe-strazile-morii-si-decebal-din-sebes\/#article","isPartOf":{"@id":"https:\/\/urbeamea.ro\/albaiulia\/lucrari-edilitare-de-la-lancram-la-rahau-reabilitari-pe-strazile-morii-si-decebal-din-sebes\/"},"author":{"name":"Redac\u021bia UrbeaMea","@id":"https:\/\/urbeamea.ro\/albaiulia\/#\/schema\/person\/272ae98052f8ee8980f59848df070247"},"headline":"Lucr\u0103ri edilitare de la Lancr\u0103m la R\u0103h\u0103u, reabilit\u0103ri pe str\u0103zile Morii \u0219i Decebal din Sebe\u0219","datePublished":"2024-03-04T08:32:32+00:00","dateModified":"2024-03-04T08:32:33+00:00","mainEntityOfPage":{"@id":"https:\/\/urbeamea.ro\/albaiulia\/lucrari-edilitare-de-la-lancram-la-rahau-reabilitari-pe-strazile-morii-si-decebal-din-sebes\/"},"wordCount":176,"commentCount":0,"image":{"@id":"https:\/\/urbeamea.ro\/albaiulia\/lucrari-edilitare-de-la-lancram-la-rahau-reabilitari-pe-strazile-morii-si-decebal-din-sebes\/#primaryimage"},"thumbnailUrl":"https:\/\/urbeamea.ro\/albaiulia\/wp-content\/uploads\/2024\/03\/f3b3d3e5-df7d-48af-884a-fb4e05ef0804.jpg","articleSection":["Administra\u021bie"],"inLanguage":"ro-RO","potentialAction":[{"@type":"CommentAction","name":"Comment","target":["https:\/\/urbeamea.ro\/albaiulia\/lucrari-edilitare-de-la-lancram-la-rahau-reabilitari-pe-strazile-morii-si-decebal-din-sebes\/#respond"]}]},{"@type":"WebPage","@id":"https:\/\/urbeamea.ro\/albaiulia\/lucrari-edilitare-de-la-lancram-la-rahau-reabilitari-pe-strazile-morii-si-decebal-din-sebes\/","url":"https:\/\/urbeamea.ro\/albaiulia\/lucrari-edilitare-de-la-lancram-la-rahau-reabilitari-pe-strazile-morii-si-decebal-din-sebes\/","name":"Lucr\u0103ri edilitare de la Lancr\u0103m la R\u0103h\u0103u, reabilit\u0103ri pe str\u0103zile Morii \u0219i Decebal din Sebe\u0219 - Revista Urbea Mea - Revista de Alba","isPartOf":{"@id":"https:\/\/urbeamea.ro\/albaiulia\/#website"},"primaryImageOfPage":{"@id":"https:\/\/urbeamea.ro\/albaiulia\/lucrari-edilitare-de-la-lancram-la-rahau-reabilitari-pe-strazile-morii-si-decebal-din-sebes\/#primaryimage"},"image":{"@id":"https:\/\/urbeamea.ro\/albaiulia\/lucrari-edilitare-de-la-lancram-la-rahau-reabilitari-pe-strazile-morii-si-decebal-din-sebes\/#primaryimage"},"thumbnailUrl":"https:\/\/urbeamea.ro\/albaiulia\/wp-content\/uploads\/2024\/03\/f3b3d3e5-df7d-48af-884a-fb4e05ef0804.jpg","datePublished":"2024-03-04T08:32:32+00:00","dateModified":"2024-03-04T08:32:33+00:00","author":{"@id":"https:\/\/urbeamea.ro\/albaiulia\/#\/schema\/person\/272ae98052f8ee8980f59848df070247"},"description":"Peste 3,5 km de drumuri au intrat \u00een repara\u021bii la R\u0103h\u0103u. Se intervine la asfaltul existent pe str. Principal\u0103 pe o lungime de 1 km \u0219i pe strada \u0218colii se","breadcrumb":{"@id":"https:\/\/urbeamea.ro\/albaiulia\/lucrari-edilitare-de-la-lancram-la-rahau-reabilitari-pe-strazile-morii-si-decebal-din-sebes\/#breadcrumb"},"inLanguage":"ro-RO","potentialAction":[{"@type":"ReadAction","target":["https:\/\/urbeamea.ro\/albaiulia\/lucrari-edilitare-de-la-lancram-la-rahau-reabilitari-pe-strazile-morii-si-decebal-din-sebes\/"]}]},{"@type":"ImageObject","inLanguage":"ro-RO","@id":"https:\/\/urbeamea.ro\/albaiulia\/lucrari-edilitare-de-la-lancram-la-rahau-reabilitari-pe-strazile-morii-si-decebal-din-sebes\/#primaryimage","url":"https:\/\/urbeamea.ro\/albaiulia\/wp-content\/uploads\/2024\/03\/f3b3d3e5-df7d-48af-884a-fb4e05ef0804.jpg","contentUrl":"https:\/\/urbeamea.ro\/albaiulia\/wp-content\/uploads\/2024\/03\/f3b3d3e5-df7d-48af-884a-fb4e05ef0804.jpg","width":1200,"height":1600},{"@type":"BreadcrumbList","@id":"https:\/\/urbeamea.ro\/albaiulia\/lucrari-edilitare-de-la-lancram-la-rahau-reabilitari-pe-strazile-morii-si-decebal-din-sebes\/#breadcrumb","itemListElement":[{"@type":"ListItem","position":1,"name":"Prima pagin\u0103","item":"https:\/\/urbeamea.ro\/albaiulia\/"},{"@type":"ListItem","position":2,"name":"Lucr\u0103ri edilitare de la Lancr\u0103m la R\u0103h\u0103u, reabilit\u0103ri pe str\u0103zile Morii \u0219i Decebal din Sebe\u0219"}]},{"@type":"WebSite","@id":"https:\/\/urbeamea.ro\/albaiulia\/#website","url":"https:\/\/urbeamea.ro\/albaiulia\/","name":"Revista Urbea Mea, Stiri urbane","description":"Evenimente \u0219i \u0219tiri din Alba Iulia, Sebe\u0219, Aiud, Blaj","potentialAction":[{"@type":"SearchAction","target":{"@type":"EntryPoint","urlTemplate":"https:\/\/urbeamea.ro\/albaiulia\/?s={search_term_string}"},"query-input":{"@type":"PropertyValueSpecification","valueRequired":true,"valueName":"search_term_string"}}],"inLanguage":"ro-RO"},{"@type":"Person","@id":"https:\/\/urbeamea.ro\/albaiulia\/#\/schema\/person\/272ae98052f8ee8980f59848df070247","name":"Redac\u021bia UrbeaMea","image":{"@type":"ImageObject","inLanguage":"ro-RO","@id":"https:\/\/secure.gravatar.com\/avatar\/9ce5a9435071fa1037e8468053ead8e513dbbff59009d3069aadb85506d85a27?s=96&d=mm&r=g","url":"https:\/\/secure.gravatar.com\/avatar\/9ce5a9435071fa1037e8468053ead8e513dbbff59009d3069aadb85506d85a27?s=96&d=mm&r=g","contentUrl":"https:\/\/secure.gravatar.com\/avatar\/9ce5a9435071fa1037e8468053ead8e513dbbff59009d3069aadb85506d85a27?s=96&d=mm&r=g","caption":"Redac\u021bia UrbeaMea"},"description":"contact@urbeamea.ro","sameAs":["https:\/\/www.urbeamea.ro"],"url":"https:\/\/urbeamea.ro\/albaiulia\/author\/redactia-urbeamea\/"}]}},"_links":{"self":[{"href":"https:\/\/urbeamea.ro\/albaiulia\/wp-json\/wp\/v2\/posts\/110521","targetHints":{"allow":["GET"]}}],"collection":[{"href":"https:\/\/urbeamea.ro\/albaiulia\/wp-json\/wp\/v2\/posts"}],"about":[{"href":"https:\/\/urbeamea.ro\/albaiulia\/wp-json\/wp\/v2\/types\/post"}],"author":[{"embeddable":true,"href":"https:\/\/urbeamea.ro\/albaiulia\/wp-json\/wp\/v2\/users\/16"}],"replies":[{"embeddable":true,"href":"https:\/\/urbeamea.ro\/albaiulia\/wp-json\/wp\/v2\/comments?post=110521"}],"version-history":[{"count":1,"href":"https:\/\/urbeamea.ro\/albaiulia\/wp-json\/wp\/v2\/posts\/110521\/revisions"}],"predecessor-version":[{"id":110529,"href":"https:\/\/urbeamea.ro\/albaiulia\/wp-json\/wp\/v2\/posts\/110521\/revisions\/110529"}],"wp:featuredmedia":[{"embeddable":true,"href":"https:\/\/urbeamea.ro\/albaiulia\/wp-json\/wp\/v2\/media\/110528"}],"wp:attachment":[{"href":"https:\/\/urbeamea.ro\/albaiulia\/wp-json\/wp\/v2\/media?parent=110521"}],"wp:term":[{"taxonomy":"category","embeddable":true,"href":"https:\/\/urbeamea.ro\/albaiulia\/wp-json\/wp\/v2\/categories?post=110521"},{"taxonomy":"post_tag","embeddable":true,"href":"https:\/\/urbeamea.ro\/albaiulia\/wp-json\/wp\/v2\/tags?post=110521"}],"curies":[{"name":"wp","href":"https:\/\/api.w.org\/{rel}","templated":true}]}}