{"id":110535,"date":"2024-03-04T12:21:49","date_gmt":"2024-03-04T10:21:49","guid":{"rendered":"https:\/\/urbeamea.ro\/albaiulia\/?p=110535"},"modified":"2024-03-04T12:21:50","modified_gmt":"2024-03-04T10:21:50","slug":"centrul-de-cultura-augustin-bena-alba-sarbatoarea-primaverii-clasele-scolii-de-arte-si-mestesuguri-organizeaza-concerte-recitaluri-si-expozitii","status":"publish","type":"post","link":"https:\/\/urbeamea.ro\/albaiulia\/centrul-de-cultura-augustin-bena-alba-sarbatoarea-primaverii-clasele-scolii-de-arte-si-mestesuguri-organizeaza-concerte-recitaluri-si-expozitii\/","title":{"rendered":"Centrul de Cultur\u0103 \u201eAugustin Bena\u201d Alba: S\u0103rb\u0103toarea prim\u0103verii \u2013 clasele \u0218colii de Arte \u0219i Me\u0219te\u0219uguri organizeaz\u0103 concerte, recitaluri \u0219i expozi\u021bii"},"content":{"rendered":"\n<p>Centrul de Cultur\u0103 \u201eAugustin Bena\u201d Alba, cu sprijinul Teatrului de P\u0103pu\u0219i \u201ePrichindel\u201d din Alba Iulia (institu\u021bii de cultur\u0103 subordonate Consiliului Jude\u021bean Alba), organizeaz\u0103 \u00een aceast\u0103 s\u0103pt\u0103m\u00e2n\u0103 \u201eS\u0103rb\u0103toarea prim\u0103verii\u201d, un eveniment \u00een cadrul c\u0103ruia \u00ee\u0219i dau concursul clasele de specialitate ale \u0218colii de Arte \u0219i Me\u0219te\u0219uguri. Prima parte a acestui proiect cultural va avea loc luni, 4 martie 2024, de la ora 17:00, la Sala 67 a Teatrului de P\u0103pu\u0219i \u201ePrichindel\u201d din Alba Iulia.<\/p>\n\n\n\n<p>Programul va cuprinde un recital coregrafic sus\u021binut de Biri\u0219 Melissa, B\u00eelc Rebeca, Ciuc\u0103 Yasmina, Fugaciu Maya, Leterna Maria, Nistor Bianca, \u0218u\u0219man Ana Maria, Tiron Daria, Trifa Eliza, Tulea Cezara, Cadar Alexandru, Cioara Andrei, Florea Matei, Suciu Alexandru \u0219i Trifa Victor (coordonator Octavia Oprea). Acestora li se al\u0103tur\u0103 tinerii arti\u0219ti coordona\u021bi de Marinela Popa, care vor sus\u021bine recitaluri muzical-literare: Eduard Pa\u0219tiu, Maria Valentina Luha, Eliza Cosma, Cezara Lup\u0219a, Jessica Clamba, Teodora Zbutea, Maria Zbutea, Luiza Corpade, Aura Muntean, Alicia Jurj, Cristina F\u0103t, Evelin Gherman, Iulia Toma, Ema Sofia Melinte, Ana Maria \u0218andru, Mara Vasiu, Oana Astelu\u0219, Antonia Bucur Nistor, Ana Plut\u0103.<\/p>\n\n\n\n<p>\u00cen paralel, va avea loc \u0219i expozi\u021bia de pictur\u0103 \u0219i grafic\u0103 \u201eAnotimpul florilor\u201d, \u00een cadrul c\u0103reia expun cursan\u021bii clasei coordonate de dr. Ioana Raica: St\u0103nescu Liana, Suciu Iulia, Apostol Irina, Mu\u0219at Maria, M\u0103rginean Manuela, Petric Doina, Petric Tudor, Cioar\u0103 Alexandra, Roba Eliza, Oros Diana Maria, Buda Mara Irina \u0219i Lup\u0219a Irina.<\/p>\n\n\n\n<p>Cea de-a doua parte a \u201eS\u0103rb\u0103tori Prim\u0103verii\u201d va avea loc \u00een data de 6 martie 2024, de la ora 17:00, la Sala 67 a Teatrului de P\u0103pu\u0219i \u201ePrichindel\u201d din Alba Iulia. Evenimentul va cuprinde un concert de pian, percu\u021bie \u0219i \u201eGood vibes\u201d, \u00een cadrul c\u0103ruia particip\u0103: Cantemir Barb, Carolina Barb, Eva Barb, Amelia Bic, Ilinca Breaz, Rebeca Bucur, Dana Burlacu, Sofia Bucureci, Mara Chiorean, Roxana Ciulu, Ana Cozma, Ana Cr\u0103ciun, April Dachin, Cezara Dasc\u0103lu, Daria Dobra, Nata\u0219a Farca\u0219, Albert Fruhn, Sofia Groza, Noris Hazi, Patrick Hazi, Rebeca Hetea, Ana Ignea, \u0218tefana Ignea, Cristiana Ispas, Roxana Ispas, Mara Josan, Ilinca Laz\u0103r, Antonia M\u0103c\u0103le\u021b, Drago\u0219 Mih\u0103l\u021ban, Daria Mihu, Eduard Miron, Ianis Monescu, Istina Oloieru, Iulian Oloieru, Dana Ordean, Dora Petric, Vladimir Pinca, Elena Popa, Luca Popa, Maria Popa, Ariana Popescu, Daria Salade, Larisa S\u0103v\u00e2\u0219c\u0103, Estera Silaghi, Elisea Stoica, Alexandru Suciu, Nicolae \u0218usman, Ariana Todea, Raul Todea, Ilinca Ungureanu, Ruben Zolezsak, Rahela Zolezsak \u0219i Luca Vesa. Ace\u0219tia sunt cursan\u021bi ai \u0218colii de Arte \u0219i Me\u0219te\u0219uguri, fiind coordona\u021bi de prof. Rodica Ha\u021began.<\/p>\n\n\n\n<figure class=\"wp-block-gallery has-nested-images columns-default is-cropped wp-block-gallery-1 is-layout-flex wp-block-gallery-is-layout-flex\">\n<figure class=\"wp-block-image size-large\"><a href=\"https:\/\/urbeamea.ro\/albaiulia\/wp-content\/uploads\/2024\/03\/Afis-Sarbatoarea-Primaverii-I-2024.jpg\"><img loading=\"lazy\" decoding=\"async\" width=\"1040\" height=\"1280\" data-id=\"110537\" src=\"https:\/\/urbeamea.ro\/albaiulia\/wp-content\/uploads\/2024\/03\/Afis-Sarbatoarea-Primaverii-I-2024-1040x1280.jpg\" alt=\"\" class=\"wp-image-110537\" srcset=\"https:\/\/urbeamea.ro\/albaiulia\/wp-content\/uploads\/2024\/03\/Afis-Sarbatoarea-Primaverii-I-2024-1040x1280.jpg 1040w, https:\/\/urbeamea.ro\/albaiulia\/wp-content\/uploads\/2024\/03\/Afis-Sarbatoarea-Primaverii-I-2024-520x640.jpg 520w, https:\/\/urbeamea.ro\/albaiulia\/wp-content\/uploads\/2024\/03\/Afis-Sarbatoarea-Primaverii-I-2024-122x150.jpg 122w, https:\/\/urbeamea.ro\/albaiulia\/wp-content\/uploads\/2024\/03\/Afis-Sarbatoarea-Primaverii-I-2024-768x945.jpg 768w, https:\/\/urbeamea.ro\/albaiulia\/wp-content\/uploads\/2024\/03\/Afis-Sarbatoarea-Primaverii-I-2024-1248x1536.jpg 1248w, https:\/\/urbeamea.ro\/albaiulia\/wp-content\/uploads\/2024\/03\/Afis-Sarbatoarea-Primaverii-I-2024.jpg 1300w\" sizes=\"auto, (max-width: 1040px) 100vw, 1040px\" \/><\/a><\/figure>\n\n\n\n<figure class=\"wp-block-image size-large\"><a href=\"https:\/\/urbeamea.ro\/albaiulia\/wp-content\/uploads\/2024\/03\/Afis-Sarbatoarea-Primaverii-II-2024.jpg\"><img loading=\"lazy\" decoding=\"async\" width=\"1040\" height=\"1280\" data-id=\"110536\" src=\"https:\/\/urbeamea.ro\/albaiulia\/wp-content\/uploads\/2024\/03\/Afis-Sarbatoarea-Primaverii-II-2024-1040x1280.jpg\" alt=\"\" class=\"wp-image-110536\" srcset=\"https:\/\/urbeamea.ro\/albaiulia\/wp-content\/uploads\/2024\/03\/Afis-Sarbatoarea-Primaverii-II-2024-1040x1280.jpg 1040w, https:\/\/urbeamea.ro\/albaiulia\/wp-content\/uploads\/2024\/03\/Afis-Sarbatoarea-Primaverii-II-2024-520x640.jpg 520w, https:\/\/urbeamea.ro\/albaiulia\/wp-content\/uploads\/2024\/03\/Afis-Sarbatoarea-Primaverii-II-2024-122x150.jpg 122w, https:\/\/urbeamea.ro\/albaiulia\/wp-content\/uploads\/2024\/03\/Afis-Sarbatoarea-Primaverii-II-2024-768x945.jpg 768w, https:\/\/urbeamea.ro\/albaiulia\/wp-content\/uploads\/2024\/03\/Afis-Sarbatoarea-Primaverii-II-2024-1248x1536.jpg 1248w, https:\/\/urbeamea.ro\/albaiulia\/wp-content\/uploads\/2024\/03\/Afis-Sarbatoarea-Primaverii-II-2024.jpg 1300w\" sizes=\"auto, (max-width: 1040px) 100vw, 1040px\" \/><\/a><\/figure>\n<\/figure>\n\n\n\n<p><strong>_______________________________________<\/strong><\/p>\n\n\n\n<p>\u0218coala de Arte \u0219i Me\u0219te\u0219uguri a fost \u00eenfiin\u021bat\u0103 \u00een anul 1969, iar \u00een prezent func\u021bioneaz\u0103 ca serviciu \u00een cadrul Centrului de Cultur\u0103 \u201eAugustin Bena\u201d, venind \u00een \u00eent\u00e2mpinarea cererilor tot mai numeroase de formare continu\u0103 \u0219i petrecere a timpului liber, dar \u0219i a necesit\u0103\u021bii de a conserva, promova \u0219i valorifica me\u0219te\u0219ugurile tradi\u021bionale rom\u00e2ne\u0219ti. De la \u00eenfiin\u021bare \u0219i p\u00e2n\u0103 \u00een prezent, peste 10.000 de cursan\u021bi au luat parte la cursurile educa\u021bionale, mul\u021bi dintre ace\u0219tia reprezent\u00e2nd la ora actual\u0103 repere culturale \u0219i artistice \u00een domeniile pe care le-au aprofundat \u00een cadrul institu\u021biei. Anul trecut, peste 330 de noi cursan\u021bi s-au \u00eenscris pentru a studia la clasele institu\u021bie, care se adaug\u0103 celor peste 300 de cursan\u021bi din anii preceden\u021bi \u0219i care reprezint\u0103 totodat\u0103 un nou record \u00een activitatea de peste 50 de ani a \u0219colii. Institu\u021bia de \u00eenv\u0103\u021b\u0103m\u00e2nt voca\u021bional are \u00een prezent peste 630 de cursan\u021bi activi.<\/p>\n","protected":false},"excerpt":{"rendered":"<p>Centrul de Cultur\u0103 \u201eAugustin Bena\u201d Alba, cu sprijinul Teatrului de P\u0103pu\u0219i \u201ePrichindel\u201d din Alba Iulia (institu\u021bii de cultur\u0103 subordonate Consiliului Jude\u021bean Alba), organizeaz\u0103 \u00een aceast\u0103 s\u0103pt\u0103m\u00e2n\u0103 \u201eS\u0103rb\u0103toarea prim\u0103verii\u201d, un eveniment \u00een cadrul c\u0103ruia \u00ee\u0219i dau concursul clasele de specialitate ale \u0218colii de Arte \u0219i Me\u0219te\u0219uguri. Prima parte a acestui proiect cultural va avea loc luni, &hellip;<\/p>\n","protected":false},"author":16,"featured_media":110537,"comment_status":"open","ping_status":"open","sticky":false,"template":"","format":"standard","meta":{"inline_featured_image":false,"footnotes":""},"categories":[4],"tags":[],"class_list":["post-110535","post","type-post","status-publish","format-standard","has-post-thumbnail","hentry","category-eveniment"],"yoast_head":"<!-- This site is optimized with the Yoast SEO plugin v27.4 - https:\/\/yoast.com\/product\/yoast-seo-wordpress\/ -->\n<title>Centrul de Cultur\u0103 \u201eAugustin Bena\u201d Alba: S\u0103rb\u0103toarea prim\u0103verii \u2013 clasele \u0218colii de Arte \u0219i Me\u0219te\u0219uguri organizeaz\u0103 concerte, recitaluri \u0219i expozi\u021bii - Revista Urbea Mea - Revista de Alba<\/title>\n<meta name=\"description\" content=\"Centrul de Cultur\u0103 \u201eAugustin Bena\u201d Alba, cu sprijinul Teatrului de P\u0103pu\u0219i \u201ePrichindel\u201d din Alba Iulia (institu\u021bii de cultur\u0103 subordonate Consiliului\" \/>\n<meta name=\"robots\" content=\"index, follow, max-snippet:-1, max-image-preview:large, max-video-preview:-1\" \/>\n<link rel=\"canonical\" href=\"https:\/\/urbeamea.ro\/albaiulia\/centrul-de-cultura-augustin-bena-alba-sarbatoarea-primaverii-clasele-scolii-de-arte-si-mestesuguri-organizeaza-concerte-recitaluri-si-expozitii\/\" \/>\n<meta name=\"twitter:card\" content=\"summary_large_image\" \/>\n<meta name=\"twitter:title\" content=\"Centrul de Cultur\u0103 \u201eAugustin Bena\u201d Alba: S\u0103rb\u0103toarea prim\u0103verii \u2013 clasele \u0218colii de Arte \u0219i Me\u0219te\u0219uguri organizeaz\u0103 concerte, recitaluri \u0219i expozi\u021bii - Revista Urbea Mea - Revista de Alba\" \/>\n<meta name=\"twitter:description\" content=\"Centrul de Cultur\u0103 \u201eAugustin Bena\u201d Alba, cu sprijinul Teatrului de P\u0103pu\u0219i \u201ePrichindel\u201d din Alba Iulia (institu\u021bii de cultur\u0103 subordonate Consiliului\" \/>\n<meta name=\"twitter:image\" content=\"https:\/\/urbeamea.ro\/albaiulia\/wp-content\/uploads\/2024\/03\/Afis-Sarbatoarea-Primaverii-I-2024.jpg\" \/>\n<meta name=\"twitter:creator\" content=\"@urbeameaweb\" \/>\n<meta name=\"twitter:site\" content=\"@urbeameaweb\" \/>\n<script type=\"application\/ld+json\" class=\"yoast-schema-graph\">{\"@context\":\"https:\\\/\\\/schema.org\",\"@graph\":[{\"@type\":\"Article\",\"@id\":\"https:\\\/\\\/urbeamea.ro\\\/albaiulia\\\/centrul-de-cultura-augustin-bena-alba-sarbatoarea-primaverii-clasele-scolii-de-arte-si-mestesuguri-organizeaza-concerte-recitaluri-si-expozitii\\\/#article\",\"isPartOf\":{\"@id\":\"https:\\\/\\\/urbeamea.ro\\\/albaiulia\\\/centrul-de-cultura-augustin-bena-alba-sarbatoarea-primaverii-clasele-scolii-de-arte-si-mestesuguri-organizeaza-concerte-recitaluri-si-expozitii\\\/\"},\"author\":{\"name\":\"Redac\u021bia UrbeaMea\",\"@id\":\"https:\\\/\\\/urbeamea.ro\\\/albaiulia\\\/#\\\/schema\\\/person\\\/272ae98052f8ee8980f59848df070247\"},\"headline\":\"Centrul de Cultur\u0103 \u201eAugustin Bena\u201d Alba: S\u0103rb\u0103toarea prim\u0103verii \u2013 clasele \u0218colii de Arte \u0219i Me\u0219te\u0219uguri organizeaz\u0103 concerte, recitaluri \u0219i expozi\u021bii\",\"datePublished\":\"2024-03-04T10:21:49+00:00\",\"dateModified\":\"2024-03-04T10:21:50+00:00\",\"mainEntityOfPage\":{\"@id\":\"https:\\\/\\\/urbeamea.ro\\\/albaiulia\\\/centrul-de-cultura-augustin-bena-alba-sarbatoarea-primaverii-clasele-scolii-de-arte-si-mestesuguri-organizeaza-concerte-recitaluri-si-expozitii\\\/\"},\"wordCount\":629,\"commentCount\":0,\"image\":{\"@id\":\"https:\\\/\\\/urbeamea.ro\\\/albaiulia\\\/centrul-de-cultura-augustin-bena-alba-sarbatoarea-primaverii-clasele-scolii-de-arte-si-mestesuguri-organizeaza-concerte-recitaluri-si-expozitii\\\/#primaryimage\"},\"thumbnailUrl\":\"https:\\\/\\\/urbeamea.ro\\\/albaiulia\\\/wp-content\\\/uploads\\\/2024\\\/03\\\/Afis-Sarbatoarea-Primaverii-I-2024.jpg\",\"articleSection\":[\"Evenimente\"],\"inLanguage\":\"ro-RO\",\"potentialAction\":[{\"@type\":\"CommentAction\",\"name\":\"Comment\",\"target\":[\"https:\\\/\\\/urbeamea.ro\\\/albaiulia\\\/centrul-de-cultura-augustin-bena-alba-sarbatoarea-primaverii-clasele-scolii-de-arte-si-mestesuguri-organizeaza-concerte-recitaluri-si-expozitii\\\/#respond\"]}]},{\"@type\":\"WebPage\",\"@id\":\"https:\\\/\\\/urbeamea.ro\\\/albaiulia\\\/centrul-de-cultura-augustin-bena-alba-sarbatoarea-primaverii-clasele-scolii-de-arte-si-mestesuguri-organizeaza-concerte-recitaluri-si-expozitii\\\/\",\"url\":\"https:\\\/\\\/urbeamea.ro\\\/albaiulia\\\/centrul-de-cultura-augustin-bena-alba-sarbatoarea-primaverii-clasele-scolii-de-arte-si-mestesuguri-organizeaza-concerte-recitaluri-si-expozitii\\\/\",\"name\":\"Centrul de Cultur\u0103 \u201eAugustin Bena\u201d Alba: S\u0103rb\u0103toarea prim\u0103verii \u2013 clasele \u0218colii de Arte \u0219i Me\u0219te\u0219uguri organizeaz\u0103 concerte, recitaluri \u0219i expozi\u021bii - Revista Urbea Mea - Revista de Alba\",\"isPartOf\":{\"@id\":\"https:\\\/\\\/urbeamea.ro\\\/albaiulia\\\/#website\"},\"primaryImageOfPage\":{\"@id\":\"https:\\\/\\\/urbeamea.ro\\\/albaiulia\\\/centrul-de-cultura-augustin-bena-alba-sarbatoarea-primaverii-clasele-scolii-de-arte-si-mestesuguri-organizeaza-concerte-recitaluri-si-expozitii\\\/#primaryimage\"},\"image\":{\"@id\":\"https:\\\/\\\/urbeamea.ro\\\/albaiulia\\\/centrul-de-cultura-augustin-bena-alba-sarbatoarea-primaverii-clasele-scolii-de-arte-si-mestesuguri-organizeaza-concerte-recitaluri-si-expozitii\\\/#primaryimage\"},\"thumbnailUrl\":\"https:\\\/\\\/urbeamea.ro\\\/albaiulia\\\/wp-content\\\/uploads\\\/2024\\\/03\\\/Afis-Sarbatoarea-Primaverii-I-2024.jpg\",\"datePublished\":\"2024-03-04T10:21:49+00:00\",\"dateModified\":\"2024-03-04T10:21:50+00:00\",\"author\":{\"@id\":\"https:\\\/\\\/urbeamea.ro\\\/albaiulia\\\/#\\\/schema\\\/person\\\/272ae98052f8ee8980f59848df070247\"},\"description\":\"Centrul de Cultur\u0103 \u201eAugustin Bena\u201d Alba, cu sprijinul Teatrului de P\u0103pu\u0219i \u201ePrichindel\u201d din Alba Iulia (institu\u021bii de cultur\u0103 subordonate Consiliului\",\"breadcrumb\":{\"@id\":\"https:\\\/\\\/urbeamea.ro\\\/albaiulia\\\/centrul-de-cultura-augustin-bena-alba-sarbatoarea-primaverii-clasele-scolii-de-arte-si-mestesuguri-organizeaza-concerte-recitaluri-si-expozitii\\\/#breadcrumb\"},\"inLanguage\":\"ro-RO\",\"potentialAction\":[{\"@type\":\"ReadAction\",\"target\":[\"https:\\\/\\\/urbeamea.ro\\\/albaiulia\\\/centrul-de-cultura-augustin-bena-alba-sarbatoarea-primaverii-clasele-scolii-de-arte-si-mestesuguri-organizeaza-concerte-recitaluri-si-expozitii\\\/\"]}]},{\"@type\":\"ImageObject\",\"inLanguage\":\"ro-RO\",\"@id\":\"https:\\\/\\\/urbeamea.ro\\\/albaiulia\\\/centrul-de-cultura-augustin-bena-alba-sarbatoarea-primaverii-clasele-scolii-de-arte-si-mestesuguri-organizeaza-concerte-recitaluri-si-expozitii\\\/#primaryimage\",\"url\":\"https:\\\/\\\/urbeamea.ro\\\/albaiulia\\\/wp-content\\\/uploads\\\/2024\\\/03\\\/Afis-Sarbatoarea-Primaverii-I-2024.jpg\",\"contentUrl\":\"https:\\\/\\\/urbeamea.ro\\\/albaiulia\\\/wp-content\\\/uploads\\\/2024\\\/03\\\/Afis-Sarbatoarea-Primaverii-I-2024.jpg\",\"width\":1300,\"height\":1600},{\"@type\":\"BreadcrumbList\",\"@id\":\"https:\\\/\\\/urbeamea.ro\\\/albaiulia\\\/centrul-de-cultura-augustin-bena-alba-sarbatoarea-primaverii-clasele-scolii-de-arte-si-mestesuguri-organizeaza-concerte-recitaluri-si-expozitii\\\/#breadcrumb\",\"itemListElement\":[{\"@type\":\"ListItem\",\"position\":1,\"name\":\"Prima pagin\u0103\",\"item\":\"https:\\\/\\\/urbeamea.ro\\\/albaiulia\\\/\"},{\"@type\":\"ListItem\",\"position\":2,\"name\":\"Centrul de Cultur\u0103 \u201eAugustin Bena\u201d Alba: S\u0103rb\u0103toarea prim\u0103verii \u2013 clasele \u0218colii de Arte \u0219i Me\u0219te\u0219uguri organizeaz\u0103 concerte, recitaluri \u0219i expozi\u021bii\"}]},{\"@type\":\"WebSite\",\"@id\":\"https:\\\/\\\/urbeamea.ro\\\/albaiulia\\\/#website\",\"url\":\"https:\\\/\\\/urbeamea.ro\\\/albaiulia\\\/\",\"name\":\"Revista Urbea Mea, Stiri urbane\",\"description\":\"Evenimente \u0219i \u0219tiri din Alba Iulia, Sebe\u0219, Aiud, Blaj\",\"potentialAction\":[{\"@type\":\"SearchAction\",\"target\":{\"@type\":\"EntryPoint\",\"urlTemplate\":\"https:\\\/\\\/urbeamea.ro\\\/albaiulia\\\/?s={search_term_string}\"},\"query-input\":{\"@type\":\"PropertyValueSpecification\",\"valueRequired\":true,\"valueName\":\"search_term_string\"}}],\"inLanguage\":\"ro-RO\"},{\"@type\":\"Person\",\"@id\":\"https:\\\/\\\/urbeamea.ro\\\/albaiulia\\\/#\\\/schema\\\/person\\\/272ae98052f8ee8980f59848df070247\",\"name\":\"Redac\u021bia UrbeaMea\",\"image\":{\"@type\":\"ImageObject\",\"inLanguage\":\"ro-RO\",\"@id\":\"https:\\\/\\\/secure.gravatar.com\\\/avatar\\\/9ce5a9435071fa1037e8468053ead8e513dbbff59009d3069aadb85506d85a27?s=96&d=mm&r=g\",\"url\":\"https:\\\/\\\/secure.gravatar.com\\\/avatar\\\/9ce5a9435071fa1037e8468053ead8e513dbbff59009d3069aadb85506d85a27?s=96&d=mm&r=g\",\"contentUrl\":\"https:\\\/\\\/secure.gravatar.com\\\/avatar\\\/9ce5a9435071fa1037e8468053ead8e513dbbff59009d3069aadb85506d85a27?s=96&d=mm&r=g\",\"caption\":\"Redac\u021bia UrbeaMea\"},\"description\":\"contact@urbeamea.ro\",\"sameAs\":[\"https:\\\/\\\/www.urbeamea.ro\"],\"url\":\"https:\\\/\\\/urbeamea.ro\\\/albaiulia\\\/author\\\/redactia-urbeamea\\\/\"}]}<\/script>\n<!-- \/ Yoast SEO plugin. -->","yoast_head_json":{"title":"Centrul de Cultur\u0103 \u201eAugustin Bena\u201d Alba: S\u0103rb\u0103toarea prim\u0103verii \u2013 clasele \u0218colii de Arte \u0219i Me\u0219te\u0219uguri organizeaz\u0103 concerte, recitaluri \u0219i expozi\u021bii - Revista Urbea Mea - Revista de Alba","description":"Centrul de Cultur\u0103 \u201eAugustin Bena\u201d Alba, cu sprijinul Teatrului de P\u0103pu\u0219i \u201ePrichindel\u201d din Alba Iulia (institu\u021bii de cultur\u0103 subordonate Consiliului","robots":{"index":"index","follow":"follow","max-snippet":"max-snippet:-1","max-image-preview":"max-image-preview:large","max-video-preview":"max-video-preview:-1"},"canonical":"https:\/\/urbeamea.ro\/albaiulia\/centrul-de-cultura-augustin-bena-alba-sarbatoarea-primaverii-clasele-scolii-de-arte-si-mestesuguri-organizeaza-concerte-recitaluri-si-expozitii\/","twitter_card":"summary_large_image","twitter_title":"Centrul de Cultur\u0103 \u201eAugustin Bena\u201d Alba: S\u0103rb\u0103toarea prim\u0103verii \u2013 clasele \u0218colii de Arte \u0219i Me\u0219te\u0219uguri organizeaz\u0103 concerte, recitaluri \u0219i expozi\u021bii - Revista Urbea Mea - Revista de Alba","twitter_description":"Centrul de Cultur\u0103 \u201eAugustin Bena\u201d Alba, cu sprijinul Teatrului de P\u0103pu\u0219i \u201ePrichindel\u201d din Alba Iulia (institu\u021bii de cultur\u0103 subordonate Consiliului","twitter_image":"https:\/\/urbeamea.ro\/albaiulia\/wp-content\/uploads\/2024\/03\/Afis-Sarbatoarea-Primaverii-I-2024.jpg","twitter_creator":"@urbeameaweb","twitter_site":"@urbeameaweb","schema":{"@context":"https:\/\/schema.org","@graph":[{"@type":"Article","@id":"https:\/\/urbeamea.ro\/albaiulia\/centrul-de-cultura-augustin-bena-alba-sarbatoarea-primaverii-clasele-scolii-de-arte-si-mestesuguri-organizeaza-concerte-recitaluri-si-expozitii\/#article","isPartOf":{"@id":"https:\/\/urbeamea.ro\/albaiulia\/centrul-de-cultura-augustin-bena-alba-sarbatoarea-primaverii-clasele-scolii-de-arte-si-mestesuguri-organizeaza-concerte-recitaluri-si-expozitii\/"},"author":{"name":"Redac\u021bia UrbeaMea","@id":"https:\/\/urbeamea.ro\/albaiulia\/#\/schema\/person\/272ae98052f8ee8980f59848df070247"},"headline":"Centrul de Cultur\u0103 \u201eAugustin Bena\u201d Alba: S\u0103rb\u0103toarea prim\u0103verii \u2013 clasele \u0218colii de Arte \u0219i Me\u0219te\u0219uguri organizeaz\u0103 concerte, recitaluri \u0219i expozi\u021bii","datePublished":"2024-03-04T10:21:49+00:00","dateModified":"2024-03-04T10:21:50+00:00","mainEntityOfPage":{"@id":"https:\/\/urbeamea.ro\/albaiulia\/centrul-de-cultura-augustin-bena-alba-sarbatoarea-primaverii-clasele-scolii-de-arte-si-mestesuguri-organizeaza-concerte-recitaluri-si-expozitii\/"},"wordCount":629,"commentCount":0,"image":{"@id":"https:\/\/urbeamea.ro\/albaiulia\/centrul-de-cultura-augustin-bena-alba-sarbatoarea-primaverii-clasele-scolii-de-arte-si-mestesuguri-organizeaza-concerte-recitaluri-si-expozitii\/#primaryimage"},"thumbnailUrl":"https:\/\/urbeamea.ro\/albaiulia\/wp-content\/uploads\/2024\/03\/Afis-Sarbatoarea-Primaverii-I-2024.jpg","articleSection":["Evenimente"],"inLanguage":"ro-RO","potentialAction":[{"@type":"CommentAction","name":"Comment","target":["https:\/\/urbeamea.ro\/albaiulia\/centrul-de-cultura-augustin-bena-alba-sarbatoarea-primaverii-clasele-scolii-de-arte-si-mestesuguri-organizeaza-concerte-recitaluri-si-expozitii\/#respond"]}]},{"@type":"WebPage","@id":"https:\/\/urbeamea.ro\/albaiulia\/centrul-de-cultura-augustin-bena-alba-sarbatoarea-primaverii-clasele-scolii-de-arte-si-mestesuguri-organizeaza-concerte-recitaluri-si-expozitii\/","url":"https:\/\/urbeamea.ro\/albaiulia\/centrul-de-cultura-augustin-bena-alba-sarbatoarea-primaverii-clasele-scolii-de-arte-si-mestesuguri-organizeaza-concerte-recitaluri-si-expozitii\/","name":"Centrul de Cultur\u0103 \u201eAugustin Bena\u201d Alba: S\u0103rb\u0103toarea prim\u0103verii \u2013 clasele \u0218colii de Arte \u0219i Me\u0219te\u0219uguri organizeaz\u0103 concerte, recitaluri \u0219i expozi\u021bii - Revista Urbea Mea - Revista de Alba","isPartOf":{"@id":"https:\/\/urbeamea.ro\/albaiulia\/#website"},"primaryImageOfPage":{"@id":"https:\/\/urbeamea.ro\/albaiulia\/centrul-de-cultura-augustin-bena-alba-sarbatoarea-primaverii-clasele-scolii-de-arte-si-mestesuguri-organizeaza-concerte-recitaluri-si-expozitii\/#primaryimage"},"image":{"@id":"https:\/\/urbeamea.ro\/albaiulia\/centrul-de-cultura-augustin-bena-alba-sarbatoarea-primaverii-clasele-scolii-de-arte-si-mestesuguri-organizeaza-concerte-recitaluri-si-expozitii\/#primaryimage"},"thumbnailUrl":"https:\/\/urbeamea.ro\/albaiulia\/wp-content\/uploads\/2024\/03\/Afis-Sarbatoarea-Primaverii-I-2024.jpg","datePublished":"2024-03-04T10:21:49+00:00","dateModified":"2024-03-04T10:21:50+00:00","author":{"@id":"https:\/\/urbeamea.ro\/albaiulia\/#\/schema\/person\/272ae98052f8ee8980f59848df070247"},"description":"Centrul de Cultur\u0103 \u201eAugustin Bena\u201d Alba, cu sprijinul Teatrului de P\u0103pu\u0219i \u201ePrichindel\u201d din Alba Iulia (institu\u021bii de cultur\u0103 subordonate Consiliului","breadcrumb":{"@id":"https:\/\/urbeamea.ro\/albaiulia\/centrul-de-cultura-augustin-bena-alba-sarbatoarea-primaverii-clasele-scolii-de-arte-si-mestesuguri-organizeaza-concerte-recitaluri-si-expozitii\/#breadcrumb"},"inLanguage":"ro-RO","potentialAction":[{"@type":"ReadAction","target":["https:\/\/urbeamea.ro\/albaiulia\/centrul-de-cultura-augustin-bena-alba-sarbatoarea-primaverii-clasele-scolii-de-arte-si-mestesuguri-organizeaza-concerte-recitaluri-si-expozitii\/"]}]},{"@type":"ImageObject","inLanguage":"ro-RO","@id":"https:\/\/urbeamea.ro\/albaiulia\/centrul-de-cultura-augustin-bena-alba-sarbatoarea-primaverii-clasele-scolii-de-arte-si-mestesuguri-organizeaza-concerte-recitaluri-si-expozitii\/#primaryimage","url":"https:\/\/urbeamea.ro\/albaiulia\/wp-content\/uploads\/2024\/03\/Afis-Sarbatoarea-Primaverii-I-2024.jpg","contentUrl":"https:\/\/urbeamea.ro\/albaiulia\/wp-content\/uploads\/2024\/03\/Afis-Sarbatoarea-Primaverii-I-2024.jpg","width":1300,"height":1600},{"@type":"BreadcrumbList","@id":"https:\/\/urbeamea.ro\/albaiulia\/centrul-de-cultura-augustin-bena-alba-sarbatoarea-primaverii-clasele-scolii-de-arte-si-mestesuguri-organizeaza-concerte-recitaluri-si-expozitii\/#breadcrumb","itemListElement":[{"@type":"ListItem","position":1,"name":"Prima pagin\u0103","item":"https:\/\/urbeamea.ro\/albaiulia\/"},{"@type":"ListItem","position":2,"name":"Centrul de Cultur\u0103 \u201eAugustin Bena\u201d Alba: S\u0103rb\u0103toarea prim\u0103verii \u2013 clasele \u0218colii de Arte \u0219i Me\u0219te\u0219uguri organizeaz\u0103 concerte, recitaluri \u0219i expozi\u021bii"}]},{"@type":"WebSite","@id":"https:\/\/urbeamea.ro\/albaiulia\/#website","url":"https:\/\/urbeamea.ro\/albaiulia\/","name":"Revista Urbea Mea, Stiri urbane","description":"Evenimente \u0219i \u0219tiri din Alba Iulia, Sebe\u0219, Aiud, Blaj","potentialAction":[{"@type":"SearchAction","target":{"@type":"EntryPoint","urlTemplate":"https:\/\/urbeamea.ro\/albaiulia\/?s={search_term_string}"},"query-input":{"@type":"PropertyValueSpecification","valueRequired":true,"valueName":"search_term_string"}}],"inLanguage":"ro-RO"},{"@type":"Person","@id":"https:\/\/urbeamea.ro\/albaiulia\/#\/schema\/person\/272ae98052f8ee8980f59848df070247","name":"Redac\u021bia UrbeaMea","image":{"@type":"ImageObject","inLanguage":"ro-RO","@id":"https:\/\/secure.gravatar.com\/avatar\/9ce5a9435071fa1037e8468053ead8e513dbbff59009d3069aadb85506d85a27?s=96&d=mm&r=g","url":"https:\/\/secure.gravatar.com\/avatar\/9ce5a9435071fa1037e8468053ead8e513dbbff59009d3069aadb85506d85a27?s=96&d=mm&r=g","contentUrl":"https:\/\/secure.gravatar.com\/avatar\/9ce5a9435071fa1037e8468053ead8e513dbbff59009d3069aadb85506d85a27?s=96&d=mm&r=g","caption":"Redac\u021bia UrbeaMea"},"description":"contact@urbeamea.ro","sameAs":["https:\/\/www.urbeamea.ro"],"url":"https:\/\/urbeamea.ro\/albaiulia\/author\/redactia-urbeamea\/"}]}},"_links":{"self":[{"href":"https:\/\/urbeamea.ro\/albaiulia\/wp-json\/wp\/v2\/posts\/110535","targetHints":{"allow":["GET"]}}],"collection":[{"href":"https:\/\/urbeamea.ro\/albaiulia\/wp-json\/wp\/v2\/posts"}],"about":[{"href":"https:\/\/urbeamea.ro\/albaiulia\/wp-json\/wp\/v2\/types\/post"}],"author":[{"embeddable":true,"href":"https:\/\/urbeamea.ro\/albaiulia\/wp-json\/wp\/v2\/users\/16"}],"replies":[{"embeddable":true,"href":"https:\/\/urbeamea.ro\/albaiulia\/wp-json\/wp\/v2\/comments?post=110535"}],"version-history":[{"count":1,"href":"https:\/\/urbeamea.ro\/albaiulia\/wp-json\/wp\/v2\/posts\/110535\/revisions"}],"predecessor-version":[{"id":110538,"href":"https:\/\/urbeamea.ro\/albaiulia\/wp-json\/wp\/v2\/posts\/110535\/revisions\/110538"}],"wp:featuredmedia":[{"embeddable":true,"href":"https:\/\/urbeamea.ro\/albaiulia\/wp-json\/wp\/v2\/media\/110537"}],"wp:attachment":[{"href":"https:\/\/urbeamea.ro\/albaiulia\/wp-json\/wp\/v2\/media?parent=110535"}],"wp:term":[{"taxonomy":"category","embeddable":true,"href":"https:\/\/urbeamea.ro\/albaiulia\/wp-json\/wp\/v2\/categories?post=110535"},{"taxonomy":"post_tag","embeddable":true,"href":"https:\/\/urbeamea.ro\/albaiulia\/wp-json\/wp\/v2\/tags?post=110535"}],"curies":[{"name":"wp","href":"https:\/\/api.w.org\/{rel}","templated":true}]}}