{"id":110543,"date":"2024-03-05T13:34:39","date_gmt":"2024-03-05T11:34:39","guid":{"rendered":"https:\/\/urbeamea.ro\/albaiulia\/?p=110543"},"modified":"2024-03-05T13:34:41","modified_gmt":"2024-03-05T11:34:41","slug":"crucea-rosie-romana-filiala-alba-curs-de-calificare-pentru-infirmiere-recunoscut-la-nivel-national-si-international-organizat-la-alba-iulia","status":"publish","type":"post","link":"https:\/\/urbeamea.ro\/albaiulia\/crucea-rosie-romana-filiala-alba-curs-de-calificare-pentru-infirmiere-recunoscut-la-nivel-national-si-international-organizat-la-alba-iulia\/","title":{"rendered":"Crucea Ro\u0219ie Rom\u00e2n\u0103 Filiala Alba: Curs de calificare pentru infirmiere, recunoscut la nivel na\u021bional \u0219i interna\u021bional, organizat la Alba Iulia"},"content":{"rendered":"\n<p>Crucea Ro\u0219ie Rom\u00e2n\u0103 Filiala Alba reia \u00een aceast\u0103 lun\u0103 cursurile de calificare \u201einfirmier\u0103\/infirmier\u201d. Primul curs se va desf\u0103\u0219ura la Alba Iulia, iar \u00een urm\u0103toarea perioad\u0103 va fi programat un curs similar \u0219i la Abrud.<\/p>\n\n\n\n<figure class=\"wp-block-gallery has-nested-images columns-default is-cropped wp-block-gallery-1 is-layout-flex wp-block-gallery-is-layout-flex\">\n<figure class=\"wp-block-image size-large\"><a href=\"https:\/\/urbeamea.ro\/albaiulia\/wp-content\/uploads\/2024\/03\/Imagine-WhatsApp-2023-12-29-la-16.46.08_98e18cc1-1.jpg\"><img loading=\"lazy\" decoding=\"async\" width=\"1280\" height=\"942\" data-id=\"110544\" src=\"https:\/\/urbeamea.ro\/albaiulia\/wp-content\/uploads\/2024\/03\/Imagine-WhatsApp-2023-12-29-la-16.46.08_98e18cc1-1-1280x942.jpg\" alt=\"\" class=\"wp-image-110544\" srcset=\"https:\/\/urbeamea.ro\/albaiulia\/wp-content\/uploads\/2024\/03\/Imagine-WhatsApp-2023-12-29-la-16.46.08_98e18cc1-1-1280x942.jpg 1280w, https:\/\/urbeamea.ro\/albaiulia\/wp-content\/uploads\/2024\/03\/Imagine-WhatsApp-2023-12-29-la-16.46.08_98e18cc1-1-640x471.jpg 640w, https:\/\/urbeamea.ro\/albaiulia\/wp-content\/uploads\/2024\/03\/Imagine-WhatsApp-2023-12-29-la-16.46.08_98e18cc1-1-150x110.jpg 150w, https:\/\/urbeamea.ro\/albaiulia\/wp-content\/uploads\/2024\/03\/Imagine-WhatsApp-2023-12-29-la-16.46.08_98e18cc1-1-768x565.jpg 768w, https:\/\/urbeamea.ro\/albaiulia\/wp-content\/uploads\/2024\/03\/Imagine-WhatsApp-2023-12-29-la-16.46.08_98e18cc1-1-1536x1131.jpg 1536w, https:\/\/urbeamea.ro\/albaiulia\/wp-content\/uploads\/2024\/03\/Imagine-WhatsApp-2023-12-29-la-16.46.08_98e18cc1-1.jpg 1600w\" sizes=\"auto, (max-width: 1280px) 100vw, 1280px\" \/><\/a><\/figure>\n\n\n\n<figure class=\"wp-block-image size-large\"><a href=\"https:\/\/urbeamea.ro\/albaiulia\/wp-content\/uploads\/2024\/03\/Imagine-WhatsApp-2023-12-29-la-16.46.08_fff04e8d.jpg\"><img loading=\"lazy\" decoding=\"async\" width=\"1280\" height=\"960\" data-id=\"110545\" src=\"https:\/\/urbeamea.ro\/albaiulia\/wp-content\/uploads\/2024\/03\/Imagine-WhatsApp-2023-12-29-la-16.46.08_fff04e8d-1280x960.jpg\" alt=\"\" class=\"wp-image-110545\" srcset=\"https:\/\/urbeamea.ro\/albaiulia\/wp-content\/uploads\/2024\/03\/Imagine-WhatsApp-2023-12-29-la-16.46.08_fff04e8d-1280x960.jpg 1280w, https:\/\/urbeamea.ro\/albaiulia\/wp-content\/uploads\/2024\/03\/Imagine-WhatsApp-2023-12-29-la-16.46.08_fff04e8d-640x480.jpg 640w, https:\/\/urbeamea.ro\/albaiulia\/wp-content\/uploads\/2024\/03\/Imagine-WhatsApp-2023-12-29-la-16.46.08_fff04e8d-150x113.jpg 150w, https:\/\/urbeamea.ro\/albaiulia\/wp-content\/uploads\/2024\/03\/Imagine-WhatsApp-2023-12-29-la-16.46.08_fff04e8d-768x576.jpg 768w, https:\/\/urbeamea.ro\/albaiulia\/wp-content\/uploads\/2024\/03\/Imagine-WhatsApp-2023-12-29-la-16.46.08_fff04e8d-1536x1152.jpg 1536w, https:\/\/urbeamea.ro\/albaiulia\/wp-content\/uploads\/2024\/03\/Imagine-WhatsApp-2023-12-29-la-16.46.08_fff04e8d.jpg 1600w\" sizes=\"auto, (max-width: 1280px) 100vw, 1280px\" \/><\/a><\/figure>\n<\/figure>\n\n\n\n<p>Programul de formare \u201einfirmier\/ infirmier\u0103\u201d este autorizat \u0219i recunoscut la nivel na\u021bional \u0219i interna\u021bional, astfel \u00eenc\u00e2t absolven\u021bii pot profesa at\u00e2t \u00een clinicile \u0219i spitalele din Rom\u00e2nia, c\u00e2t \u0219i \u00een cele din str\u0103in\u0103tate. Cursurile au o durat\u0103 de 6 luni (720 de ore de teorie \u0219i practic\u0103) \u0219i sunt organizate de Crucea Ro\u0219ie Rom\u00e2n\u0103 Filiala Alba cu formatori specializa\u021bi.<\/p>\n\n\n\n<p>\u00cen cursul anului 2023, Crucea Ro\u0219ie Rom\u00e2n\u0103 Filiala Alba a preg\u0103tit zeci de persoane pentru a deveni infirmier sau infirmier\u0103 \u00een unit\u0103\u021bile medicale, cursuri care au avut loc la Alba Iulia \u0219i Abrud.<\/p>\n\n\n\n<blockquote class=\"wp-block-quote is-layout-flow wp-block-quote-is-layout-flow\">\n<p><em>Sistemul de s\u0103n\u0103tate din Rom\u00e2nia are nevoie mereu de oameni bine preg\u0103ti\u021bi. Potrivit Ministerului S\u0103n\u0103t\u0103\u021bii exist\u0103 un deficit foarte mare, \u00een \u00eentreaga \u021bar\u0103, de medici, dar \u0219i de asistente \u0219i infirmiere, astfel \u00eenc\u00e2t cursurile noastre vin s\u0103 formeze o parte din personalul de care este nevoie. Ne bucur\u0103m c\u0103 absolven\u021bii no\u0219tri din ultimii ani au ajuns angaja\u021bi de n\u0103dejde \u00een spitale, \u00een unit\u0103\u021bile medicale \u0219i de \u00eengrijire publice sau private, din \u021bar\u0103 \u0219i din str\u0103in\u0103tate<\/em>.<\/p>\n<cite>Adrian Du\u0219a, directorul Crucii Ro\u0219ii Rom\u00e2ne Filiala Alba<\/cite><\/blockquote>\n\n\n\n<p>Societatea Na\u021bional\u0103 de Cruce Ro\u0219ie din Rom\u00e2nia este o organiza\u021bie umanitar\u0103, membr\u0103 a&nbsp;Mi\u0219c\u0103rii Interna\u021bionale de Cruce Ro\u0219ie \u0219i Semiluna Ro\u0219ie, auxiliar\u0103 autorit\u0103\u021bii publice \u0219i abilitat\u0103 prin lege s\u0103 asigure asisten\u021b\u0103 umanitar\u0103 \u00een caz de dezastre \u0219i s\u0103 vin\u0103 \u00een sprijinul persoanelor vulnerabile. \u00cen jude\u021bul Alba, Crucea Ro\u0219ie Rom\u00e2n\u0103 are un serviciu de ambulan\u021b\u0103 care func\u021bioneaz\u0103 cu 7 autospeciale moderne, un serviciu de \u00eengrijiri medicale la domiciliu \u0219i organizeaz\u0103 cursuri de prim ajutor, de preg\u0103tire \u00een caz de dezastre \u0219i de formare profesional\u0103. \u00cen fiecare an, Filiala de Cruce Ro\u0219ie a Jude\u021bului Alba ajut\u0103 mii de persoane vulnerabile, organizeaz\u0103 cursuri de prim ajutor, instruiri de educa\u021bie pentru s\u0103n\u0103tate pentru copii \u0219i deruleaz\u0103 numeroase campanii umanitare, educative \u0219i de promovare a s\u0103n\u0103t\u0103\u021bii.<\/p>\n","protected":false},"excerpt":{"rendered":"<p>Crucea Ro\u0219ie Rom\u00e2n\u0103 Filiala Alba reia \u00een aceast\u0103 lun\u0103 cursurile de calificare \u201einfirmier\u0103\/infirmier\u201d. Primul curs se va desf\u0103\u0219ura la Alba Iulia, iar \u00een urm\u0103toarea perioad\u0103 va fi programat un curs similar \u0219i la Abrud. Programul de formare \u201einfirmier\/ infirmier\u0103\u201d este autorizat \u0219i recunoscut la nivel na\u021bional \u0219i interna\u021bional, astfel \u00eenc\u00e2t absolven\u021bii pot profesa at\u00e2t \u00een &hellip;<\/p>\n","protected":false},"author":16,"featured_media":110546,"comment_status":"open","ping_status":"open","sticky":false,"template":"","format":"standard","meta":{"inline_featured_image":false,"footnotes":""},"categories":[1],"tags":[],"class_list":["post-110543","post","type-post","status-publish","format-standard","has-post-thumbnail","hentry","category-stiri-urbane"],"yoast_head":"<!-- This site is optimized with the Yoast SEO plugin v27.4 - https:\/\/yoast.com\/product\/yoast-seo-wordpress\/ -->\n<title>Crucea Ro\u0219ie Rom\u00e2n\u0103 Filiala Alba: Curs de calificare pentru infirmiere, recunoscut la nivel na\u021bional \u0219i interna\u021bional, organizat la Alba Iulia - Revista Urbea Mea - Revista de Alba<\/title>\n<meta name=\"description\" content=\"Crucea Ro\u0219ie Rom\u00e2n\u0103 Filiala Alba reia \u00een aceast\u0103 lun\u0103 cursurile de calificare \u201einfirmier\u0103\/infirmier\u201d. Primul curs se va desf\u0103\u0219ura la Alba Iulia, iar \u00een\" \/>\n<meta name=\"robots\" content=\"index, follow, max-snippet:-1, max-image-preview:large, max-video-preview:-1\" \/>\n<link rel=\"canonical\" href=\"https:\/\/urbeamea.ro\/albaiulia\/crucea-rosie-romana-filiala-alba-curs-de-calificare-pentru-infirmiere-recunoscut-la-nivel-national-si-international-organizat-la-alba-iulia\/\" \/>\n<meta name=\"twitter:card\" content=\"summary_large_image\" \/>\n<meta name=\"twitter:title\" content=\"Crucea Ro\u0219ie Rom\u00e2n\u0103 Filiala Alba: Curs de calificare pentru infirmiere, recunoscut la nivel na\u021bional \u0219i interna\u021bional, organizat la Alba Iulia - Revista Urbea Mea - Revista de Alba\" \/>\n<meta name=\"twitter:description\" content=\"Crucea Ro\u0219ie Rom\u00e2n\u0103 Filiala Alba reia \u00een aceast\u0103 lun\u0103 cursurile de calificare \u201einfirmier\u0103\/infirmier\u201d. Primul curs se va desf\u0103\u0219ura la Alba Iulia, iar \u00een\" \/>\n<meta name=\"twitter:image\" content=\"https:\/\/urbeamea.ro\/albaiulia\/wp-content\/uploads\/2024\/03\/Imagine-WhatsApp-2023-12-29-la-16.46.08_ef80dcf5-1.jpg\" \/>\n<meta name=\"twitter:creator\" content=\"@urbeameaweb\" \/>\n<meta name=\"twitter:site\" content=\"@urbeameaweb\" \/>\n<script type=\"application\/ld+json\" class=\"yoast-schema-graph\">{\"@context\":\"https:\\\/\\\/schema.org\",\"@graph\":[{\"@type\":\"Article\",\"@id\":\"https:\\\/\\\/urbeamea.ro\\\/albaiulia\\\/crucea-rosie-romana-filiala-alba-curs-de-calificare-pentru-infirmiere-recunoscut-la-nivel-national-si-international-organizat-la-alba-iulia\\\/#article\",\"isPartOf\":{\"@id\":\"https:\\\/\\\/urbeamea.ro\\\/albaiulia\\\/crucea-rosie-romana-filiala-alba-curs-de-calificare-pentru-infirmiere-recunoscut-la-nivel-national-si-international-organizat-la-alba-iulia\\\/\"},\"author\":{\"name\":\"Redac\u021bia UrbeaMea\",\"@id\":\"https:\\\/\\\/urbeamea.ro\\\/albaiulia\\\/#\\\/schema\\\/person\\\/272ae98052f8ee8980f59848df070247\"},\"headline\":\"Crucea Ro\u0219ie Rom\u00e2n\u0103 Filiala Alba: Curs de calificare pentru infirmiere, recunoscut la nivel na\u021bional \u0219i interna\u021bional, organizat la Alba Iulia\",\"datePublished\":\"2024-03-05T11:34:39+00:00\",\"dateModified\":\"2024-03-05T11:34:41+00:00\",\"mainEntityOfPage\":{\"@id\":\"https:\\\/\\\/urbeamea.ro\\\/albaiulia\\\/crucea-rosie-romana-filiala-alba-curs-de-calificare-pentru-infirmiere-recunoscut-la-nivel-national-si-international-organizat-la-alba-iulia\\\/\"},\"wordCount\":414,\"commentCount\":0,\"image\":{\"@id\":\"https:\\\/\\\/urbeamea.ro\\\/albaiulia\\\/crucea-rosie-romana-filiala-alba-curs-de-calificare-pentru-infirmiere-recunoscut-la-nivel-national-si-international-organizat-la-alba-iulia\\\/#primaryimage\"},\"thumbnailUrl\":\"https:\\\/\\\/urbeamea.ro\\\/albaiulia\\\/wp-content\\\/uploads\\\/2024\\\/03\\\/Imagine-WhatsApp-2023-12-29-la-16.46.08_ef80dcf5-1.jpg\",\"articleSection\":[\"\u015etiri Urbane\"],\"inLanguage\":\"ro-RO\",\"potentialAction\":[{\"@type\":\"CommentAction\",\"name\":\"Comment\",\"target\":[\"https:\\\/\\\/urbeamea.ro\\\/albaiulia\\\/crucea-rosie-romana-filiala-alba-curs-de-calificare-pentru-infirmiere-recunoscut-la-nivel-national-si-international-organizat-la-alba-iulia\\\/#respond\"]}]},{\"@type\":\"WebPage\",\"@id\":\"https:\\\/\\\/urbeamea.ro\\\/albaiulia\\\/crucea-rosie-romana-filiala-alba-curs-de-calificare-pentru-infirmiere-recunoscut-la-nivel-national-si-international-organizat-la-alba-iulia\\\/\",\"url\":\"https:\\\/\\\/urbeamea.ro\\\/albaiulia\\\/crucea-rosie-romana-filiala-alba-curs-de-calificare-pentru-infirmiere-recunoscut-la-nivel-national-si-international-organizat-la-alba-iulia\\\/\",\"name\":\"Crucea Ro\u0219ie Rom\u00e2n\u0103 Filiala Alba: Curs de calificare pentru infirmiere, recunoscut la nivel na\u021bional \u0219i interna\u021bional, organizat la Alba Iulia - Revista Urbea Mea - Revista de Alba\",\"isPartOf\":{\"@id\":\"https:\\\/\\\/urbeamea.ro\\\/albaiulia\\\/#website\"},\"primaryImageOfPage\":{\"@id\":\"https:\\\/\\\/urbeamea.ro\\\/albaiulia\\\/crucea-rosie-romana-filiala-alba-curs-de-calificare-pentru-infirmiere-recunoscut-la-nivel-national-si-international-organizat-la-alba-iulia\\\/#primaryimage\"},\"image\":{\"@id\":\"https:\\\/\\\/urbeamea.ro\\\/albaiulia\\\/crucea-rosie-romana-filiala-alba-curs-de-calificare-pentru-infirmiere-recunoscut-la-nivel-national-si-international-organizat-la-alba-iulia\\\/#primaryimage\"},\"thumbnailUrl\":\"https:\\\/\\\/urbeamea.ro\\\/albaiulia\\\/wp-content\\\/uploads\\\/2024\\\/03\\\/Imagine-WhatsApp-2023-12-29-la-16.46.08_ef80dcf5-1.jpg\",\"datePublished\":\"2024-03-05T11:34:39+00:00\",\"dateModified\":\"2024-03-05T11:34:41+00:00\",\"author\":{\"@id\":\"https:\\\/\\\/urbeamea.ro\\\/albaiulia\\\/#\\\/schema\\\/person\\\/272ae98052f8ee8980f59848df070247\"},\"description\":\"Crucea Ro\u0219ie Rom\u00e2n\u0103 Filiala Alba reia \u00een aceast\u0103 lun\u0103 cursurile de calificare \u201einfirmier\u0103\\\/infirmier\u201d. Primul curs se va desf\u0103\u0219ura la Alba Iulia, iar \u00een\",\"breadcrumb\":{\"@id\":\"https:\\\/\\\/urbeamea.ro\\\/albaiulia\\\/crucea-rosie-romana-filiala-alba-curs-de-calificare-pentru-infirmiere-recunoscut-la-nivel-national-si-international-organizat-la-alba-iulia\\\/#breadcrumb\"},\"inLanguage\":\"ro-RO\",\"potentialAction\":[{\"@type\":\"ReadAction\",\"target\":[\"https:\\\/\\\/urbeamea.ro\\\/albaiulia\\\/crucea-rosie-romana-filiala-alba-curs-de-calificare-pentru-infirmiere-recunoscut-la-nivel-national-si-international-organizat-la-alba-iulia\\\/\"]}]},{\"@type\":\"ImageObject\",\"inLanguage\":\"ro-RO\",\"@id\":\"https:\\\/\\\/urbeamea.ro\\\/albaiulia\\\/crucea-rosie-romana-filiala-alba-curs-de-calificare-pentru-infirmiere-recunoscut-la-nivel-national-si-international-organizat-la-alba-iulia\\\/#primaryimage\",\"url\":\"https:\\\/\\\/urbeamea.ro\\\/albaiulia\\\/wp-content\\\/uploads\\\/2024\\\/03\\\/Imagine-WhatsApp-2023-12-29-la-16.46.08_ef80dcf5-1.jpg\",\"contentUrl\":\"https:\\\/\\\/urbeamea.ro\\\/albaiulia\\\/wp-content\\\/uploads\\\/2024\\\/03\\\/Imagine-WhatsApp-2023-12-29-la-16.46.08_ef80dcf5-1.jpg\",\"width\":1600,\"height\":1596},{\"@type\":\"BreadcrumbList\",\"@id\":\"https:\\\/\\\/urbeamea.ro\\\/albaiulia\\\/crucea-rosie-romana-filiala-alba-curs-de-calificare-pentru-infirmiere-recunoscut-la-nivel-national-si-international-organizat-la-alba-iulia\\\/#breadcrumb\",\"itemListElement\":[{\"@type\":\"ListItem\",\"position\":1,\"name\":\"Prima pagin\u0103\",\"item\":\"https:\\\/\\\/urbeamea.ro\\\/albaiulia\\\/\"},{\"@type\":\"ListItem\",\"position\":2,\"name\":\"Crucea Ro\u0219ie Rom\u00e2n\u0103 Filiala Alba: Curs de calificare pentru infirmiere, recunoscut la nivel na\u021bional \u0219i interna\u021bional, organizat la Alba Iulia\"}]},{\"@type\":\"WebSite\",\"@id\":\"https:\\\/\\\/urbeamea.ro\\\/albaiulia\\\/#website\",\"url\":\"https:\\\/\\\/urbeamea.ro\\\/albaiulia\\\/\",\"name\":\"Revista Urbea Mea, Stiri urbane\",\"description\":\"Evenimente \u0219i \u0219tiri din Alba Iulia, Sebe\u0219, Aiud, Blaj\",\"potentialAction\":[{\"@type\":\"SearchAction\",\"target\":{\"@type\":\"EntryPoint\",\"urlTemplate\":\"https:\\\/\\\/urbeamea.ro\\\/albaiulia\\\/?s={search_term_string}\"},\"query-input\":{\"@type\":\"PropertyValueSpecification\",\"valueRequired\":true,\"valueName\":\"search_term_string\"}}],\"inLanguage\":\"ro-RO\"},{\"@type\":\"Person\",\"@id\":\"https:\\\/\\\/urbeamea.ro\\\/albaiulia\\\/#\\\/schema\\\/person\\\/272ae98052f8ee8980f59848df070247\",\"name\":\"Redac\u021bia UrbeaMea\",\"image\":{\"@type\":\"ImageObject\",\"inLanguage\":\"ro-RO\",\"@id\":\"https:\\\/\\\/secure.gravatar.com\\\/avatar\\\/9ce5a9435071fa1037e8468053ead8e513dbbff59009d3069aadb85506d85a27?s=96&d=mm&r=g\",\"url\":\"https:\\\/\\\/secure.gravatar.com\\\/avatar\\\/9ce5a9435071fa1037e8468053ead8e513dbbff59009d3069aadb85506d85a27?s=96&d=mm&r=g\",\"contentUrl\":\"https:\\\/\\\/secure.gravatar.com\\\/avatar\\\/9ce5a9435071fa1037e8468053ead8e513dbbff59009d3069aadb85506d85a27?s=96&d=mm&r=g\",\"caption\":\"Redac\u021bia UrbeaMea\"},\"description\":\"contact@urbeamea.ro\",\"sameAs\":[\"https:\\\/\\\/www.urbeamea.ro\"],\"url\":\"https:\\\/\\\/urbeamea.ro\\\/albaiulia\\\/author\\\/redactia-urbeamea\\\/\"}]}<\/script>\n<!-- \/ Yoast SEO plugin. -->","yoast_head_json":{"title":"Crucea Ro\u0219ie Rom\u00e2n\u0103 Filiala Alba: Curs de calificare pentru infirmiere, recunoscut la nivel na\u021bional \u0219i interna\u021bional, organizat la Alba Iulia - Revista Urbea Mea - Revista de Alba","description":"Crucea Ro\u0219ie Rom\u00e2n\u0103 Filiala Alba reia \u00een aceast\u0103 lun\u0103 cursurile de calificare \u201einfirmier\u0103\/infirmier\u201d. Primul curs se va desf\u0103\u0219ura la Alba Iulia, iar \u00een","robots":{"index":"index","follow":"follow","max-snippet":"max-snippet:-1","max-image-preview":"max-image-preview:large","max-video-preview":"max-video-preview:-1"},"canonical":"https:\/\/urbeamea.ro\/albaiulia\/crucea-rosie-romana-filiala-alba-curs-de-calificare-pentru-infirmiere-recunoscut-la-nivel-national-si-international-organizat-la-alba-iulia\/","twitter_card":"summary_large_image","twitter_title":"Crucea Ro\u0219ie Rom\u00e2n\u0103 Filiala Alba: Curs de calificare pentru infirmiere, recunoscut la nivel na\u021bional \u0219i interna\u021bional, organizat la Alba Iulia - Revista Urbea Mea - Revista de Alba","twitter_description":"Crucea Ro\u0219ie Rom\u00e2n\u0103 Filiala Alba reia \u00een aceast\u0103 lun\u0103 cursurile de calificare \u201einfirmier\u0103\/infirmier\u201d. Primul curs se va desf\u0103\u0219ura la Alba Iulia, iar \u00een","twitter_image":"https:\/\/urbeamea.ro\/albaiulia\/wp-content\/uploads\/2024\/03\/Imagine-WhatsApp-2023-12-29-la-16.46.08_ef80dcf5-1.jpg","twitter_creator":"@urbeameaweb","twitter_site":"@urbeameaweb","schema":{"@context":"https:\/\/schema.org","@graph":[{"@type":"Article","@id":"https:\/\/urbeamea.ro\/albaiulia\/crucea-rosie-romana-filiala-alba-curs-de-calificare-pentru-infirmiere-recunoscut-la-nivel-national-si-international-organizat-la-alba-iulia\/#article","isPartOf":{"@id":"https:\/\/urbeamea.ro\/albaiulia\/crucea-rosie-romana-filiala-alba-curs-de-calificare-pentru-infirmiere-recunoscut-la-nivel-national-si-international-organizat-la-alba-iulia\/"},"author":{"name":"Redac\u021bia UrbeaMea","@id":"https:\/\/urbeamea.ro\/albaiulia\/#\/schema\/person\/272ae98052f8ee8980f59848df070247"},"headline":"Crucea Ro\u0219ie Rom\u00e2n\u0103 Filiala Alba: Curs de calificare pentru infirmiere, recunoscut la nivel na\u021bional \u0219i interna\u021bional, organizat la Alba Iulia","datePublished":"2024-03-05T11:34:39+00:00","dateModified":"2024-03-05T11:34:41+00:00","mainEntityOfPage":{"@id":"https:\/\/urbeamea.ro\/albaiulia\/crucea-rosie-romana-filiala-alba-curs-de-calificare-pentru-infirmiere-recunoscut-la-nivel-national-si-international-organizat-la-alba-iulia\/"},"wordCount":414,"commentCount":0,"image":{"@id":"https:\/\/urbeamea.ro\/albaiulia\/crucea-rosie-romana-filiala-alba-curs-de-calificare-pentru-infirmiere-recunoscut-la-nivel-national-si-international-organizat-la-alba-iulia\/#primaryimage"},"thumbnailUrl":"https:\/\/urbeamea.ro\/albaiulia\/wp-content\/uploads\/2024\/03\/Imagine-WhatsApp-2023-12-29-la-16.46.08_ef80dcf5-1.jpg","articleSection":["\u015etiri Urbane"],"inLanguage":"ro-RO","potentialAction":[{"@type":"CommentAction","name":"Comment","target":["https:\/\/urbeamea.ro\/albaiulia\/crucea-rosie-romana-filiala-alba-curs-de-calificare-pentru-infirmiere-recunoscut-la-nivel-national-si-international-organizat-la-alba-iulia\/#respond"]}]},{"@type":"WebPage","@id":"https:\/\/urbeamea.ro\/albaiulia\/crucea-rosie-romana-filiala-alba-curs-de-calificare-pentru-infirmiere-recunoscut-la-nivel-national-si-international-organizat-la-alba-iulia\/","url":"https:\/\/urbeamea.ro\/albaiulia\/crucea-rosie-romana-filiala-alba-curs-de-calificare-pentru-infirmiere-recunoscut-la-nivel-national-si-international-organizat-la-alba-iulia\/","name":"Crucea Ro\u0219ie Rom\u00e2n\u0103 Filiala Alba: Curs de calificare pentru infirmiere, recunoscut la nivel na\u021bional \u0219i interna\u021bional, organizat la Alba Iulia - Revista Urbea Mea - Revista de Alba","isPartOf":{"@id":"https:\/\/urbeamea.ro\/albaiulia\/#website"},"primaryImageOfPage":{"@id":"https:\/\/urbeamea.ro\/albaiulia\/crucea-rosie-romana-filiala-alba-curs-de-calificare-pentru-infirmiere-recunoscut-la-nivel-national-si-international-organizat-la-alba-iulia\/#primaryimage"},"image":{"@id":"https:\/\/urbeamea.ro\/albaiulia\/crucea-rosie-romana-filiala-alba-curs-de-calificare-pentru-infirmiere-recunoscut-la-nivel-national-si-international-organizat-la-alba-iulia\/#primaryimage"},"thumbnailUrl":"https:\/\/urbeamea.ro\/albaiulia\/wp-content\/uploads\/2024\/03\/Imagine-WhatsApp-2023-12-29-la-16.46.08_ef80dcf5-1.jpg","datePublished":"2024-03-05T11:34:39+00:00","dateModified":"2024-03-05T11:34:41+00:00","author":{"@id":"https:\/\/urbeamea.ro\/albaiulia\/#\/schema\/person\/272ae98052f8ee8980f59848df070247"},"description":"Crucea Ro\u0219ie Rom\u00e2n\u0103 Filiala Alba reia \u00een aceast\u0103 lun\u0103 cursurile de calificare \u201einfirmier\u0103\/infirmier\u201d. Primul curs se va desf\u0103\u0219ura la Alba Iulia, iar \u00een","breadcrumb":{"@id":"https:\/\/urbeamea.ro\/albaiulia\/crucea-rosie-romana-filiala-alba-curs-de-calificare-pentru-infirmiere-recunoscut-la-nivel-national-si-international-organizat-la-alba-iulia\/#breadcrumb"},"inLanguage":"ro-RO","potentialAction":[{"@type":"ReadAction","target":["https:\/\/urbeamea.ro\/albaiulia\/crucea-rosie-romana-filiala-alba-curs-de-calificare-pentru-infirmiere-recunoscut-la-nivel-national-si-international-organizat-la-alba-iulia\/"]}]},{"@type":"ImageObject","inLanguage":"ro-RO","@id":"https:\/\/urbeamea.ro\/albaiulia\/crucea-rosie-romana-filiala-alba-curs-de-calificare-pentru-infirmiere-recunoscut-la-nivel-national-si-international-organizat-la-alba-iulia\/#primaryimage","url":"https:\/\/urbeamea.ro\/albaiulia\/wp-content\/uploads\/2024\/03\/Imagine-WhatsApp-2023-12-29-la-16.46.08_ef80dcf5-1.jpg","contentUrl":"https:\/\/urbeamea.ro\/albaiulia\/wp-content\/uploads\/2024\/03\/Imagine-WhatsApp-2023-12-29-la-16.46.08_ef80dcf5-1.jpg","width":1600,"height":1596},{"@type":"BreadcrumbList","@id":"https:\/\/urbeamea.ro\/albaiulia\/crucea-rosie-romana-filiala-alba-curs-de-calificare-pentru-infirmiere-recunoscut-la-nivel-national-si-international-organizat-la-alba-iulia\/#breadcrumb","itemListElement":[{"@type":"ListItem","position":1,"name":"Prima pagin\u0103","item":"https:\/\/urbeamea.ro\/albaiulia\/"},{"@type":"ListItem","position":2,"name":"Crucea Ro\u0219ie Rom\u00e2n\u0103 Filiala Alba: Curs de calificare pentru infirmiere, recunoscut la nivel na\u021bional \u0219i interna\u021bional, organizat la Alba Iulia"}]},{"@type":"WebSite","@id":"https:\/\/urbeamea.ro\/albaiulia\/#website","url":"https:\/\/urbeamea.ro\/albaiulia\/","name":"Revista Urbea Mea, Stiri urbane","description":"Evenimente \u0219i \u0219tiri din Alba Iulia, Sebe\u0219, Aiud, Blaj","potentialAction":[{"@type":"SearchAction","target":{"@type":"EntryPoint","urlTemplate":"https:\/\/urbeamea.ro\/albaiulia\/?s={search_term_string}"},"query-input":{"@type":"PropertyValueSpecification","valueRequired":true,"valueName":"search_term_string"}}],"inLanguage":"ro-RO"},{"@type":"Person","@id":"https:\/\/urbeamea.ro\/albaiulia\/#\/schema\/person\/272ae98052f8ee8980f59848df070247","name":"Redac\u021bia UrbeaMea","image":{"@type":"ImageObject","inLanguage":"ro-RO","@id":"https:\/\/secure.gravatar.com\/avatar\/9ce5a9435071fa1037e8468053ead8e513dbbff59009d3069aadb85506d85a27?s=96&d=mm&r=g","url":"https:\/\/secure.gravatar.com\/avatar\/9ce5a9435071fa1037e8468053ead8e513dbbff59009d3069aadb85506d85a27?s=96&d=mm&r=g","contentUrl":"https:\/\/secure.gravatar.com\/avatar\/9ce5a9435071fa1037e8468053ead8e513dbbff59009d3069aadb85506d85a27?s=96&d=mm&r=g","caption":"Redac\u021bia UrbeaMea"},"description":"contact@urbeamea.ro","sameAs":["https:\/\/www.urbeamea.ro"],"url":"https:\/\/urbeamea.ro\/albaiulia\/author\/redactia-urbeamea\/"}]}},"_links":{"self":[{"href":"https:\/\/urbeamea.ro\/albaiulia\/wp-json\/wp\/v2\/posts\/110543","targetHints":{"allow":["GET"]}}],"collection":[{"href":"https:\/\/urbeamea.ro\/albaiulia\/wp-json\/wp\/v2\/posts"}],"about":[{"href":"https:\/\/urbeamea.ro\/albaiulia\/wp-json\/wp\/v2\/types\/post"}],"author":[{"embeddable":true,"href":"https:\/\/urbeamea.ro\/albaiulia\/wp-json\/wp\/v2\/users\/16"}],"replies":[{"embeddable":true,"href":"https:\/\/urbeamea.ro\/albaiulia\/wp-json\/wp\/v2\/comments?post=110543"}],"version-history":[{"count":1,"href":"https:\/\/urbeamea.ro\/albaiulia\/wp-json\/wp\/v2\/posts\/110543\/revisions"}],"predecessor-version":[{"id":110547,"href":"https:\/\/urbeamea.ro\/albaiulia\/wp-json\/wp\/v2\/posts\/110543\/revisions\/110547"}],"wp:featuredmedia":[{"embeddable":true,"href":"https:\/\/urbeamea.ro\/albaiulia\/wp-json\/wp\/v2\/media\/110546"}],"wp:attachment":[{"href":"https:\/\/urbeamea.ro\/albaiulia\/wp-json\/wp\/v2\/media?parent=110543"}],"wp:term":[{"taxonomy":"category","embeddable":true,"href":"https:\/\/urbeamea.ro\/albaiulia\/wp-json\/wp\/v2\/categories?post=110543"},{"taxonomy":"post_tag","embeddable":true,"href":"https:\/\/urbeamea.ro\/albaiulia\/wp-json\/wp\/v2\/tags?post=110543"}],"curies":[{"name":"wp","href":"https:\/\/api.w.org\/{rel}","templated":true}]}}