{"id":110548,"date":"2024-03-05T17:23:30","date_gmt":"2024-03-05T15:23:30","guid":{"rendered":"https:\/\/urbeamea.ro\/albaiulia\/?p=110548"},"modified":"2024-03-05T17:23:32","modified_gmt":"2024-03-05T15:23:32","slug":"primavara-infloritoare-a-vietii-copiii-ocrotiti-in-asezamintele-sociale-ale-arhiepiscopiei-alba-iulia-celebreaza-creativitatea-si-recunostiinta-in-luna-martie-luna-pentru-viata","status":"publish","type":"post","link":"https:\/\/urbeamea.ro\/albaiulia\/primavara-infloritoare-a-vietii-copiii-ocrotiti-in-asezamintele-sociale-ale-arhiepiscopiei-alba-iulia-celebreaza-creativitatea-si-recunostiinta-in-luna-martie-luna-pentru-viata\/","title":{"rendered":"Prim\u0103vara \u00eenfloritoare a vie\u021bii: copiii ocroti\u021bi \u00een a\u0219ez\u0103mintele sociale ale arhiepiscopiei Alba Iulia celebreaz\u0103 creativitatea \u0219i recuno\u0219tiin\u021ba \u00een luna martie &#8211; luna pentru via\u021b\u0103"},"content":{"rendered":"\n<p>\u00cen luna martie, ne \u00eendrept\u0103m aten\u021bia c\u0103tre o tem\u0103 deosebit de important\u0103 \u0219i plin\u0103 de semnifica\u021bie. Martie este <em>Luna Pentru Via\u021b\u0103<\/em>, o perioad\u0103 \u00een care ne oprim s\u0103 reflect\u0103m \u0219i s\u0103 celebr\u0103m via\u021ba \u00een toate formele ei, recunosc\u00e2ndu-i valoarea \u0219i protej\u00e2nd-o cu dragoste \u0219i responsabilitate.<\/p>\n\n\n\n<p>\u00cen acest sens, copiii ocroti\u021bi \u00een a\u0219ez\u0103mintele sociale ale Arhiepiscopiei Alba Iulia vor fi implica\u021bi \u00eentr-o serie de activit\u0103\u021bi speciale dedicate vie\u021bii \u0219i ocrotirii, desf\u0103\u0219urate pe tot parcursul lunii martie \u2013 o recunoa\u0219tere a importan\u021bei pe care comunitatea noastr\u0103 o arat\u0103 protej\u0103rii vie\u021bii. Aceste activit\u0103\u021bi au ca scop nu doar s\u0103 ofere copiilor momente de distrac\u021bie \u0219i creativitate, ci \u0219i s\u0103 \u00eei \u00eendrume spre \u00een\u021belegerea valorii inestimabile a vie\u021bii, g\u00e2ndul lor fiind \u00eendreptat c\u0103tre Dumnezeu, c\u0103tre p\u0103rin\u021bi \u0219i c\u0103tre ceilal\u021bi oameni dragi care le vegheaz\u0103 cre\u0219terea.<\/p>\n\n\n\n<p>Copiii vor participa la ateliere de g\u0103tit \u0219i la ateliere de crea\u021bie, \u00een cadrul c\u0103rora, prin felicit\u0103ri personalizate, deserturi preg\u0103tite cu dragoste \u0219i cadouri handmade vor putea s\u0103 \u00ee\u0219i exprime afec\u021biunea \u0219i recuno\u0219tin\u021ba fa\u021b\u0103 de cei dragi, De asemenea, vor fi organizate ateliere educative \u00eentr-un cadru cre\u0219tin ortodox, axate pe exprimarea emo\u021bional\u0103 \u0219i reflec\u021bia asupra sursei adev\u0103rate a fericirii, experien\u021be menite s\u0103-i \u00eendrume pe copii spre valorile autentice ale credin\u021bei \u0219i ale vie\u021bii \u00een comunitate.<\/p>\n\n\n\n<p>O alt\u0103 parte important\u0103 a programului const\u0103 \u00een activit\u0103\u021bi de crea\u021bie \u2013 pictur\u0103, desen, colaje &#8211; pe tema &#8222;Via\u021ba prin ochi de copil&#8221;. Lucr\u0103rile realizate de copii vor fi expuse \u00een biserici la s\u0103rb\u0103toarea Bunei Vestiri. Aceast\u0103 activitate \u00ee\u0219i propune s\u0103 promoveze \u00een\u021belegerea semnifica\u021biei spirituale a s\u0103rb\u0103torii \u0219i importan\u021ba aplic\u0103rii valorilor cre\u0219tine \u00een via\u021ba de zi cu zi.<\/p>\n\n\n\n<p>Aceast\u0103 lun\u0103 special\u0103 se va \u00eencheia printr-o ac\u021biune de plantare de pomi fructiferi sau flori, sub tematica &#8222;Ce am ajutat s\u0103 creasc\u0103 mare&#8221;, promov\u00e2nd astfel \u00een r\u00e2ndul copiilor grija \u0219i responsabilitatea fa\u021b\u0103 de natur\u0103 \u0219i valorile de solidaritate \u0219i cooperare \u00een comunitatea noastr\u0103.<\/p>\n\n\n\n<p>Suntem convin\u0219i c\u0103 aceste activit\u0103\u021bi vor contribui nu doar la dezvoltarea personal\u0103 a copiilor, ci \u0219i la \u00eent\u0103rirea leg\u0103turilor lor cu valorile esen\u021biale ale vie\u021bii \u0219i ale credin\u021bei cre\u0219tine. \u00cen plus, ne bucur\u0103m s\u0103 avem oportunitatea de a implica \u0219i de a \u00eemp\u0103rt\u0103\u0219i aceste momente speciale cu \u00eentreaga comunitate, astfel \u00eenc\u00e2t s\u0103 putem s\u0103rb\u0103tori \u00eempreun\u0103 via\u021ba cu toate darurile pe care ni le aduce.<\/p>\n\n\n\n<p>V\u0103 invit\u0103m s\u0103 v\u0103 al\u0103tura\u021bi nou\u0103 \u00een aceast\u0103 c\u0103l\u0103torie dedicat\u0103 vie\u021bii \u0219i s\u0103rb\u0103toririi ei \u00een luna martie, Luna Provita \u2013 o lun\u0103 \u00een care recunoa\u0219tem \u0219i celebr\u0103m minunile \u0219i darurile vie\u021bii \u00een toat\u0103 plenitudinea lor!<\/p>\n","protected":false},"excerpt":{"rendered":"<p>\u00cen luna martie, ne \u00eendrept\u0103m aten\u021bia c\u0103tre o tem\u0103 deosebit de important\u0103 \u0219i plin\u0103 de semnifica\u021bie. Martie este Luna Pentru Via\u021b\u0103, o perioad\u0103 \u00een care ne oprim s\u0103 reflect\u0103m \u0219i s\u0103 celebr\u0103m via\u021ba \u00een toate formele ei, recunosc\u00e2ndu-i valoarea \u0219i protej\u00e2nd-o cu dragoste \u0219i responsabilitate. \u00cen acest sens, copiii ocroti\u021bi \u00een a\u0219ez\u0103mintele sociale ale Arhiepiscopiei &hellip;<\/p>\n","protected":false},"author":16,"featured_media":110549,"comment_status":"open","ping_status":"open","sticky":false,"template":"","format":"standard","meta":{"inline_featured_image":false,"footnotes":""},"categories":[4],"tags":[],"class_list":["post-110548","post","type-post","status-publish","format-standard","has-post-thumbnail","hentry","category-eveniment"],"yoast_head":"<!-- This site is optimized with the Yoast SEO plugin v27.4 - https:\/\/yoast.com\/product\/yoast-seo-wordpress\/ -->\n<title>Prim\u0103vara \u00eenfloritoare a vie\u021bii: copiii ocroti\u021bi \u00een a\u0219ez\u0103mintele sociale ale arhiepiscopiei Alba Iulia celebreaz\u0103 creativitatea \u0219i recuno\u0219tiin\u021ba \u00een luna martie - luna pentru via\u021b\u0103 - Revista Urbea Mea - Revista de Alba<\/title>\n<meta name=\"description\" content=\"\u00cen luna martie, ne \u00eendrept\u0103m aten\u021bia c\u0103tre o tem\u0103 deosebit de important\u0103 \u0219i plin\u0103 de semnifica\u021bie. Martie este Luna Pentru Via\u021b\u0103, o perioad\u0103 \u00een care ne\" \/>\n<meta name=\"robots\" content=\"index, follow, max-snippet:-1, max-image-preview:large, max-video-preview:-1\" \/>\n<link rel=\"canonical\" href=\"https:\/\/urbeamea.ro\/albaiulia\/primavara-infloritoare-a-vietii-copiii-ocrotiti-in-asezamintele-sociale-ale-arhiepiscopiei-alba-iulia-celebreaza-creativitatea-si-recunostiinta-in-luna-martie-luna-pentru-viata\/\" \/>\n<meta name=\"twitter:card\" content=\"summary_large_image\" \/>\n<meta name=\"twitter:title\" content=\"Prim\u0103vara \u00eenfloritoare a vie\u021bii: copiii ocroti\u021bi \u00een a\u0219ez\u0103mintele sociale ale arhiepiscopiei Alba Iulia celebreaz\u0103 creativitatea \u0219i recuno\u0219tiin\u021ba \u00een luna martie - luna pentru via\u021b\u0103 - Revista Urbea Mea - Revista de Alba\" \/>\n<meta name=\"twitter:description\" content=\"\u00cen luna martie, ne \u00eendrept\u0103m aten\u021bia c\u0103tre o tem\u0103 deosebit de important\u0103 \u0219i plin\u0103 de semnifica\u021bie. Martie este Luna Pentru Via\u021b\u0103, o perioad\u0103 \u00een care ne\" \/>\n<meta name=\"twitter:image\" content=\"https:\/\/urbeamea.ro\/albaiulia\/wp-content\/uploads\/2024\/03\/WhatsApp-Image-2024-03-05-at-15.38.33.jpeg\" \/>\n<meta name=\"twitter:creator\" content=\"@urbeameaweb\" \/>\n<meta name=\"twitter:site\" content=\"@urbeameaweb\" \/>\n<script type=\"application\/ld+json\" class=\"yoast-schema-graph\">{\"@context\":\"https:\\\/\\\/schema.org\",\"@graph\":[{\"@type\":\"Article\",\"@id\":\"https:\\\/\\\/urbeamea.ro\\\/albaiulia\\\/primavara-infloritoare-a-vietii-copiii-ocrotiti-in-asezamintele-sociale-ale-arhiepiscopiei-alba-iulia-celebreaza-creativitatea-si-recunostiinta-in-luna-martie-luna-pentru-viata\\\/#article\",\"isPartOf\":{\"@id\":\"https:\\\/\\\/urbeamea.ro\\\/albaiulia\\\/primavara-infloritoare-a-vietii-copiii-ocrotiti-in-asezamintele-sociale-ale-arhiepiscopiei-alba-iulia-celebreaza-creativitatea-si-recunostiinta-in-luna-martie-luna-pentru-viata\\\/\"},\"author\":{\"name\":\"Redac\u021bia UrbeaMea\",\"@id\":\"https:\\\/\\\/urbeamea.ro\\\/albaiulia\\\/#\\\/schema\\\/person\\\/272ae98052f8ee8980f59848df070247\"},\"headline\":\"Prim\u0103vara \u00eenfloritoare a vie\u021bii: copiii ocroti\u021bi \u00een a\u0219ez\u0103mintele sociale ale arhiepiscopiei Alba Iulia celebreaz\u0103 creativitatea \u0219i recuno\u0219tiin\u021ba \u00een luna martie &#8211; luna pentru via\u021b\u0103\",\"datePublished\":\"2024-03-05T15:23:30+00:00\",\"dateModified\":\"2024-03-05T15:23:32+00:00\",\"mainEntityOfPage\":{\"@id\":\"https:\\\/\\\/urbeamea.ro\\\/albaiulia\\\/primavara-infloritoare-a-vietii-copiii-ocrotiti-in-asezamintele-sociale-ale-arhiepiscopiei-alba-iulia-celebreaza-creativitatea-si-recunostiinta-in-luna-martie-luna-pentru-viata\\\/\"},\"wordCount\":525,\"commentCount\":0,\"image\":{\"@id\":\"https:\\\/\\\/urbeamea.ro\\\/albaiulia\\\/primavara-infloritoare-a-vietii-copiii-ocrotiti-in-asezamintele-sociale-ale-arhiepiscopiei-alba-iulia-celebreaza-creativitatea-si-recunostiinta-in-luna-martie-luna-pentru-viata\\\/#primaryimage\"},\"thumbnailUrl\":\"https:\\\/\\\/urbeamea.ro\\\/albaiulia\\\/wp-content\\\/uploads\\\/2024\\\/03\\\/WhatsApp-Image-2024-03-05-at-15.38.33.jpeg\",\"articleSection\":[\"Evenimente\"],\"inLanguage\":\"ro-RO\",\"potentialAction\":[{\"@type\":\"CommentAction\",\"name\":\"Comment\",\"target\":[\"https:\\\/\\\/urbeamea.ro\\\/albaiulia\\\/primavara-infloritoare-a-vietii-copiii-ocrotiti-in-asezamintele-sociale-ale-arhiepiscopiei-alba-iulia-celebreaza-creativitatea-si-recunostiinta-in-luna-martie-luna-pentru-viata\\\/#respond\"]}]},{\"@type\":\"WebPage\",\"@id\":\"https:\\\/\\\/urbeamea.ro\\\/albaiulia\\\/primavara-infloritoare-a-vietii-copiii-ocrotiti-in-asezamintele-sociale-ale-arhiepiscopiei-alba-iulia-celebreaza-creativitatea-si-recunostiinta-in-luna-martie-luna-pentru-viata\\\/\",\"url\":\"https:\\\/\\\/urbeamea.ro\\\/albaiulia\\\/primavara-infloritoare-a-vietii-copiii-ocrotiti-in-asezamintele-sociale-ale-arhiepiscopiei-alba-iulia-celebreaza-creativitatea-si-recunostiinta-in-luna-martie-luna-pentru-viata\\\/\",\"name\":\"Prim\u0103vara \u00eenfloritoare a vie\u021bii: copiii ocroti\u021bi \u00een a\u0219ez\u0103mintele sociale ale arhiepiscopiei Alba Iulia celebreaz\u0103 creativitatea \u0219i recuno\u0219tiin\u021ba \u00een luna martie - luna pentru via\u021b\u0103 - Revista Urbea Mea - Revista de Alba\",\"isPartOf\":{\"@id\":\"https:\\\/\\\/urbeamea.ro\\\/albaiulia\\\/#website\"},\"primaryImageOfPage\":{\"@id\":\"https:\\\/\\\/urbeamea.ro\\\/albaiulia\\\/primavara-infloritoare-a-vietii-copiii-ocrotiti-in-asezamintele-sociale-ale-arhiepiscopiei-alba-iulia-celebreaza-creativitatea-si-recunostiinta-in-luna-martie-luna-pentru-viata\\\/#primaryimage\"},\"image\":{\"@id\":\"https:\\\/\\\/urbeamea.ro\\\/albaiulia\\\/primavara-infloritoare-a-vietii-copiii-ocrotiti-in-asezamintele-sociale-ale-arhiepiscopiei-alba-iulia-celebreaza-creativitatea-si-recunostiinta-in-luna-martie-luna-pentru-viata\\\/#primaryimage\"},\"thumbnailUrl\":\"https:\\\/\\\/urbeamea.ro\\\/albaiulia\\\/wp-content\\\/uploads\\\/2024\\\/03\\\/WhatsApp-Image-2024-03-05-at-15.38.33.jpeg\",\"datePublished\":\"2024-03-05T15:23:30+00:00\",\"dateModified\":\"2024-03-05T15:23:32+00:00\",\"author\":{\"@id\":\"https:\\\/\\\/urbeamea.ro\\\/albaiulia\\\/#\\\/schema\\\/person\\\/272ae98052f8ee8980f59848df070247\"},\"description\":\"\u00cen luna martie, ne \u00eendrept\u0103m aten\u021bia c\u0103tre o tem\u0103 deosebit de important\u0103 \u0219i plin\u0103 de semnifica\u021bie. Martie este Luna Pentru Via\u021b\u0103, o perioad\u0103 \u00een care ne\",\"breadcrumb\":{\"@id\":\"https:\\\/\\\/urbeamea.ro\\\/albaiulia\\\/primavara-infloritoare-a-vietii-copiii-ocrotiti-in-asezamintele-sociale-ale-arhiepiscopiei-alba-iulia-celebreaza-creativitatea-si-recunostiinta-in-luna-martie-luna-pentru-viata\\\/#breadcrumb\"},\"inLanguage\":\"ro-RO\",\"potentialAction\":[{\"@type\":\"ReadAction\",\"target\":[\"https:\\\/\\\/urbeamea.ro\\\/albaiulia\\\/primavara-infloritoare-a-vietii-copiii-ocrotiti-in-asezamintele-sociale-ale-arhiepiscopiei-alba-iulia-celebreaza-creativitatea-si-recunostiinta-in-luna-martie-luna-pentru-viata\\\/\"]}]},{\"@type\":\"ImageObject\",\"inLanguage\":\"ro-RO\",\"@id\":\"https:\\\/\\\/urbeamea.ro\\\/albaiulia\\\/primavara-infloritoare-a-vietii-copiii-ocrotiti-in-asezamintele-sociale-ale-arhiepiscopiei-alba-iulia-celebreaza-creativitatea-si-recunostiinta-in-luna-martie-luna-pentru-viata\\\/#primaryimage\",\"url\":\"https:\\\/\\\/urbeamea.ro\\\/albaiulia\\\/wp-content\\\/uploads\\\/2024\\\/03\\\/WhatsApp-Image-2024-03-05-at-15.38.33.jpeg\",\"contentUrl\":\"https:\\\/\\\/urbeamea.ro\\\/albaiulia\\\/wp-content\\\/uploads\\\/2024\\\/03\\\/WhatsApp-Image-2024-03-05-at-15.38.33.jpeg\",\"width\":1131,\"height\":1600},{\"@type\":\"BreadcrumbList\",\"@id\":\"https:\\\/\\\/urbeamea.ro\\\/albaiulia\\\/primavara-infloritoare-a-vietii-copiii-ocrotiti-in-asezamintele-sociale-ale-arhiepiscopiei-alba-iulia-celebreaza-creativitatea-si-recunostiinta-in-luna-martie-luna-pentru-viata\\\/#breadcrumb\",\"itemListElement\":[{\"@type\":\"ListItem\",\"position\":1,\"name\":\"Prima pagin\u0103\",\"item\":\"https:\\\/\\\/urbeamea.ro\\\/albaiulia\\\/\"},{\"@type\":\"ListItem\",\"position\":2,\"name\":\"Prim\u0103vara \u00eenfloritoare a vie\u021bii: copiii ocroti\u021bi \u00een a\u0219ez\u0103mintele sociale ale arhiepiscopiei Alba Iulia celebreaz\u0103 creativitatea \u0219i recuno\u0219tiin\u021ba \u00een luna martie &#8211; luna pentru via\u021b\u0103\"}]},{\"@type\":\"WebSite\",\"@id\":\"https:\\\/\\\/urbeamea.ro\\\/albaiulia\\\/#website\",\"url\":\"https:\\\/\\\/urbeamea.ro\\\/albaiulia\\\/\",\"name\":\"Revista Urbea Mea, Stiri urbane\",\"description\":\"Evenimente \u0219i \u0219tiri din Alba Iulia, Sebe\u0219, Aiud, Blaj\",\"potentialAction\":[{\"@type\":\"SearchAction\",\"target\":{\"@type\":\"EntryPoint\",\"urlTemplate\":\"https:\\\/\\\/urbeamea.ro\\\/albaiulia\\\/?s={search_term_string}\"},\"query-input\":{\"@type\":\"PropertyValueSpecification\",\"valueRequired\":true,\"valueName\":\"search_term_string\"}}],\"inLanguage\":\"ro-RO\"},{\"@type\":\"Person\",\"@id\":\"https:\\\/\\\/urbeamea.ro\\\/albaiulia\\\/#\\\/schema\\\/person\\\/272ae98052f8ee8980f59848df070247\",\"name\":\"Redac\u021bia UrbeaMea\",\"image\":{\"@type\":\"ImageObject\",\"inLanguage\":\"ro-RO\",\"@id\":\"https:\\\/\\\/secure.gravatar.com\\\/avatar\\\/9ce5a9435071fa1037e8468053ead8e513dbbff59009d3069aadb85506d85a27?s=96&d=mm&r=g\",\"url\":\"https:\\\/\\\/secure.gravatar.com\\\/avatar\\\/9ce5a9435071fa1037e8468053ead8e513dbbff59009d3069aadb85506d85a27?s=96&d=mm&r=g\",\"contentUrl\":\"https:\\\/\\\/secure.gravatar.com\\\/avatar\\\/9ce5a9435071fa1037e8468053ead8e513dbbff59009d3069aadb85506d85a27?s=96&d=mm&r=g\",\"caption\":\"Redac\u021bia UrbeaMea\"},\"description\":\"contact@urbeamea.ro\",\"sameAs\":[\"https:\\\/\\\/www.urbeamea.ro\"],\"url\":\"https:\\\/\\\/urbeamea.ro\\\/albaiulia\\\/author\\\/redactia-urbeamea\\\/\"}]}<\/script>\n<!-- \/ Yoast SEO plugin. -->","yoast_head_json":{"title":"Prim\u0103vara \u00eenfloritoare a vie\u021bii: copiii ocroti\u021bi \u00een a\u0219ez\u0103mintele sociale ale arhiepiscopiei Alba Iulia celebreaz\u0103 creativitatea \u0219i recuno\u0219tiin\u021ba \u00een luna martie - luna pentru via\u021b\u0103 - Revista Urbea Mea - Revista de Alba","description":"\u00cen luna martie, ne \u00eendrept\u0103m aten\u021bia c\u0103tre o tem\u0103 deosebit de important\u0103 \u0219i plin\u0103 de semnifica\u021bie. Martie este Luna Pentru Via\u021b\u0103, o perioad\u0103 \u00een care ne","robots":{"index":"index","follow":"follow","max-snippet":"max-snippet:-1","max-image-preview":"max-image-preview:large","max-video-preview":"max-video-preview:-1"},"canonical":"https:\/\/urbeamea.ro\/albaiulia\/primavara-infloritoare-a-vietii-copiii-ocrotiti-in-asezamintele-sociale-ale-arhiepiscopiei-alba-iulia-celebreaza-creativitatea-si-recunostiinta-in-luna-martie-luna-pentru-viata\/","twitter_card":"summary_large_image","twitter_title":"Prim\u0103vara \u00eenfloritoare a vie\u021bii: copiii ocroti\u021bi \u00een a\u0219ez\u0103mintele sociale ale arhiepiscopiei Alba Iulia celebreaz\u0103 creativitatea \u0219i recuno\u0219tiin\u021ba \u00een luna martie - luna pentru via\u021b\u0103 - Revista Urbea Mea - Revista de Alba","twitter_description":"\u00cen luna martie, ne \u00eendrept\u0103m aten\u021bia c\u0103tre o tem\u0103 deosebit de important\u0103 \u0219i plin\u0103 de semnifica\u021bie. Martie este Luna Pentru Via\u021b\u0103, o perioad\u0103 \u00een care ne","twitter_image":"https:\/\/urbeamea.ro\/albaiulia\/wp-content\/uploads\/2024\/03\/WhatsApp-Image-2024-03-05-at-15.38.33.jpeg","twitter_creator":"@urbeameaweb","twitter_site":"@urbeameaweb","schema":{"@context":"https:\/\/schema.org","@graph":[{"@type":"Article","@id":"https:\/\/urbeamea.ro\/albaiulia\/primavara-infloritoare-a-vietii-copiii-ocrotiti-in-asezamintele-sociale-ale-arhiepiscopiei-alba-iulia-celebreaza-creativitatea-si-recunostiinta-in-luna-martie-luna-pentru-viata\/#article","isPartOf":{"@id":"https:\/\/urbeamea.ro\/albaiulia\/primavara-infloritoare-a-vietii-copiii-ocrotiti-in-asezamintele-sociale-ale-arhiepiscopiei-alba-iulia-celebreaza-creativitatea-si-recunostiinta-in-luna-martie-luna-pentru-viata\/"},"author":{"name":"Redac\u021bia UrbeaMea","@id":"https:\/\/urbeamea.ro\/albaiulia\/#\/schema\/person\/272ae98052f8ee8980f59848df070247"},"headline":"Prim\u0103vara \u00eenfloritoare a vie\u021bii: copiii ocroti\u021bi \u00een a\u0219ez\u0103mintele sociale ale arhiepiscopiei Alba Iulia celebreaz\u0103 creativitatea \u0219i recuno\u0219tiin\u021ba \u00een luna martie &#8211; luna pentru via\u021b\u0103","datePublished":"2024-03-05T15:23:30+00:00","dateModified":"2024-03-05T15:23:32+00:00","mainEntityOfPage":{"@id":"https:\/\/urbeamea.ro\/albaiulia\/primavara-infloritoare-a-vietii-copiii-ocrotiti-in-asezamintele-sociale-ale-arhiepiscopiei-alba-iulia-celebreaza-creativitatea-si-recunostiinta-in-luna-martie-luna-pentru-viata\/"},"wordCount":525,"commentCount":0,"image":{"@id":"https:\/\/urbeamea.ro\/albaiulia\/primavara-infloritoare-a-vietii-copiii-ocrotiti-in-asezamintele-sociale-ale-arhiepiscopiei-alba-iulia-celebreaza-creativitatea-si-recunostiinta-in-luna-martie-luna-pentru-viata\/#primaryimage"},"thumbnailUrl":"https:\/\/urbeamea.ro\/albaiulia\/wp-content\/uploads\/2024\/03\/WhatsApp-Image-2024-03-05-at-15.38.33.jpeg","articleSection":["Evenimente"],"inLanguage":"ro-RO","potentialAction":[{"@type":"CommentAction","name":"Comment","target":["https:\/\/urbeamea.ro\/albaiulia\/primavara-infloritoare-a-vietii-copiii-ocrotiti-in-asezamintele-sociale-ale-arhiepiscopiei-alba-iulia-celebreaza-creativitatea-si-recunostiinta-in-luna-martie-luna-pentru-viata\/#respond"]}]},{"@type":"WebPage","@id":"https:\/\/urbeamea.ro\/albaiulia\/primavara-infloritoare-a-vietii-copiii-ocrotiti-in-asezamintele-sociale-ale-arhiepiscopiei-alba-iulia-celebreaza-creativitatea-si-recunostiinta-in-luna-martie-luna-pentru-viata\/","url":"https:\/\/urbeamea.ro\/albaiulia\/primavara-infloritoare-a-vietii-copiii-ocrotiti-in-asezamintele-sociale-ale-arhiepiscopiei-alba-iulia-celebreaza-creativitatea-si-recunostiinta-in-luna-martie-luna-pentru-viata\/","name":"Prim\u0103vara \u00eenfloritoare a vie\u021bii: copiii ocroti\u021bi \u00een a\u0219ez\u0103mintele sociale ale arhiepiscopiei Alba Iulia celebreaz\u0103 creativitatea \u0219i recuno\u0219tiin\u021ba \u00een luna martie - luna pentru via\u021b\u0103 - Revista Urbea Mea - Revista de Alba","isPartOf":{"@id":"https:\/\/urbeamea.ro\/albaiulia\/#website"},"primaryImageOfPage":{"@id":"https:\/\/urbeamea.ro\/albaiulia\/primavara-infloritoare-a-vietii-copiii-ocrotiti-in-asezamintele-sociale-ale-arhiepiscopiei-alba-iulia-celebreaza-creativitatea-si-recunostiinta-in-luna-martie-luna-pentru-viata\/#primaryimage"},"image":{"@id":"https:\/\/urbeamea.ro\/albaiulia\/primavara-infloritoare-a-vietii-copiii-ocrotiti-in-asezamintele-sociale-ale-arhiepiscopiei-alba-iulia-celebreaza-creativitatea-si-recunostiinta-in-luna-martie-luna-pentru-viata\/#primaryimage"},"thumbnailUrl":"https:\/\/urbeamea.ro\/albaiulia\/wp-content\/uploads\/2024\/03\/WhatsApp-Image-2024-03-05-at-15.38.33.jpeg","datePublished":"2024-03-05T15:23:30+00:00","dateModified":"2024-03-05T15:23:32+00:00","author":{"@id":"https:\/\/urbeamea.ro\/albaiulia\/#\/schema\/person\/272ae98052f8ee8980f59848df070247"},"description":"\u00cen luna martie, ne \u00eendrept\u0103m aten\u021bia c\u0103tre o tem\u0103 deosebit de important\u0103 \u0219i plin\u0103 de semnifica\u021bie. Martie este Luna Pentru Via\u021b\u0103, o perioad\u0103 \u00een care ne","breadcrumb":{"@id":"https:\/\/urbeamea.ro\/albaiulia\/primavara-infloritoare-a-vietii-copiii-ocrotiti-in-asezamintele-sociale-ale-arhiepiscopiei-alba-iulia-celebreaza-creativitatea-si-recunostiinta-in-luna-martie-luna-pentru-viata\/#breadcrumb"},"inLanguage":"ro-RO","potentialAction":[{"@type":"ReadAction","target":["https:\/\/urbeamea.ro\/albaiulia\/primavara-infloritoare-a-vietii-copiii-ocrotiti-in-asezamintele-sociale-ale-arhiepiscopiei-alba-iulia-celebreaza-creativitatea-si-recunostiinta-in-luna-martie-luna-pentru-viata\/"]}]},{"@type":"ImageObject","inLanguage":"ro-RO","@id":"https:\/\/urbeamea.ro\/albaiulia\/primavara-infloritoare-a-vietii-copiii-ocrotiti-in-asezamintele-sociale-ale-arhiepiscopiei-alba-iulia-celebreaza-creativitatea-si-recunostiinta-in-luna-martie-luna-pentru-viata\/#primaryimage","url":"https:\/\/urbeamea.ro\/albaiulia\/wp-content\/uploads\/2024\/03\/WhatsApp-Image-2024-03-05-at-15.38.33.jpeg","contentUrl":"https:\/\/urbeamea.ro\/albaiulia\/wp-content\/uploads\/2024\/03\/WhatsApp-Image-2024-03-05-at-15.38.33.jpeg","width":1131,"height":1600},{"@type":"BreadcrumbList","@id":"https:\/\/urbeamea.ro\/albaiulia\/primavara-infloritoare-a-vietii-copiii-ocrotiti-in-asezamintele-sociale-ale-arhiepiscopiei-alba-iulia-celebreaza-creativitatea-si-recunostiinta-in-luna-martie-luna-pentru-viata\/#breadcrumb","itemListElement":[{"@type":"ListItem","position":1,"name":"Prima pagin\u0103","item":"https:\/\/urbeamea.ro\/albaiulia\/"},{"@type":"ListItem","position":2,"name":"Prim\u0103vara \u00eenfloritoare a vie\u021bii: copiii ocroti\u021bi \u00een a\u0219ez\u0103mintele sociale ale arhiepiscopiei Alba Iulia celebreaz\u0103 creativitatea \u0219i recuno\u0219tiin\u021ba \u00een luna martie &#8211; luna pentru via\u021b\u0103"}]},{"@type":"WebSite","@id":"https:\/\/urbeamea.ro\/albaiulia\/#website","url":"https:\/\/urbeamea.ro\/albaiulia\/","name":"Revista Urbea Mea, Stiri urbane","description":"Evenimente \u0219i \u0219tiri din Alba Iulia, Sebe\u0219, Aiud, Blaj","potentialAction":[{"@type":"SearchAction","target":{"@type":"EntryPoint","urlTemplate":"https:\/\/urbeamea.ro\/albaiulia\/?s={search_term_string}"},"query-input":{"@type":"PropertyValueSpecification","valueRequired":true,"valueName":"search_term_string"}}],"inLanguage":"ro-RO"},{"@type":"Person","@id":"https:\/\/urbeamea.ro\/albaiulia\/#\/schema\/person\/272ae98052f8ee8980f59848df070247","name":"Redac\u021bia UrbeaMea","image":{"@type":"ImageObject","inLanguage":"ro-RO","@id":"https:\/\/secure.gravatar.com\/avatar\/9ce5a9435071fa1037e8468053ead8e513dbbff59009d3069aadb85506d85a27?s=96&d=mm&r=g","url":"https:\/\/secure.gravatar.com\/avatar\/9ce5a9435071fa1037e8468053ead8e513dbbff59009d3069aadb85506d85a27?s=96&d=mm&r=g","contentUrl":"https:\/\/secure.gravatar.com\/avatar\/9ce5a9435071fa1037e8468053ead8e513dbbff59009d3069aadb85506d85a27?s=96&d=mm&r=g","caption":"Redac\u021bia UrbeaMea"},"description":"contact@urbeamea.ro","sameAs":["https:\/\/www.urbeamea.ro"],"url":"https:\/\/urbeamea.ro\/albaiulia\/author\/redactia-urbeamea\/"}]}},"_links":{"self":[{"href":"https:\/\/urbeamea.ro\/albaiulia\/wp-json\/wp\/v2\/posts\/110548","targetHints":{"allow":["GET"]}}],"collection":[{"href":"https:\/\/urbeamea.ro\/albaiulia\/wp-json\/wp\/v2\/posts"}],"about":[{"href":"https:\/\/urbeamea.ro\/albaiulia\/wp-json\/wp\/v2\/types\/post"}],"author":[{"embeddable":true,"href":"https:\/\/urbeamea.ro\/albaiulia\/wp-json\/wp\/v2\/users\/16"}],"replies":[{"embeddable":true,"href":"https:\/\/urbeamea.ro\/albaiulia\/wp-json\/wp\/v2\/comments?post=110548"}],"version-history":[{"count":1,"href":"https:\/\/urbeamea.ro\/albaiulia\/wp-json\/wp\/v2\/posts\/110548\/revisions"}],"predecessor-version":[{"id":110550,"href":"https:\/\/urbeamea.ro\/albaiulia\/wp-json\/wp\/v2\/posts\/110548\/revisions\/110550"}],"wp:featuredmedia":[{"embeddable":true,"href":"https:\/\/urbeamea.ro\/albaiulia\/wp-json\/wp\/v2\/media\/110549"}],"wp:attachment":[{"href":"https:\/\/urbeamea.ro\/albaiulia\/wp-json\/wp\/v2\/media?parent=110548"}],"wp:term":[{"taxonomy":"category","embeddable":true,"href":"https:\/\/urbeamea.ro\/albaiulia\/wp-json\/wp\/v2\/categories?post=110548"},{"taxonomy":"post_tag","embeddable":true,"href":"https:\/\/urbeamea.ro\/albaiulia\/wp-json\/wp\/v2\/tags?post=110548"}],"curies":[{"name":"wp","href":"https:\/\/api.w.org\/{rel}","templated":true}]}}