{"id":110586,"date":"2024-03-11T11:11:47","date_gmt":"2024-03-11T09:11:47","guid":{"rendered":"https:\/\/urbeamea.ro\/albaiulia\/?p=110586"},"modified":"2024-03-11T11:11:49","modified_gmt":"2024-03-11T09:11:49","slug":"enhancing-graduates-employability-tracking-in-moldova-upgrade","status":"publish","type":"post","link":"https:\/\/urbeamea.ro\/albaiulia\/enhancing-graduates-employability-tracking-in-moldova-upgrade\/","title":{"rendered":"\u201eEnhancing graduates\u2019 employability tracking in Moldova\u201d (UPGRADE)"},"content":{"rendered":"\n<p><a href=\"https:\/\/www.facebook.com\/photo\/?fbid=912531713992177&amp;set=pcb.912531810658834&amp;__cft__%5b0%5d=AZWw9BXTvlBN64vXuUfcYdAkmprmGzzeJB3Qu2yfcgJuNeSPopAZdK7cDqBeF9wk1BCQbvWVsw2MJU1koDiNIXpF7hUAMClCjtY_yja7Xjyp_WsiYrJ4uRKMG2HsMCbzRRnTYqdpNx4Oy7_tadYxyV-lWMQLfykRxBIhSz_SxbGTPUkA3UHIWTF9JKa9SMbaNnY&amp;__tn__=*bH-R\"><\/a>Universitatea \u201e1 Decembrie 1918\u201d din Alba Iulia are calitatea de partener \u00een cadrul proiectului Erasmus+ \u201e<em>Enhancing graduates\u2019 employability tracking in Moldova<\/em>\u201d (UPGRADE), al c\u0103rui ini\u021biator \u0219i coordonator este Academia de Studii Economice din Moldova (ASEM). Proiectul se va derula pe o perioad\u0103 de trei ani, iar scopul s\u0103u principal \u00eel reprezint\u0103 eficientizarea activit\u0103\u021bilor de monitorizare a angajabilit\u0103\u021bii absolven\u021bilor de universitate, din Republica Moldova. <\/p>\n\n\n\n<figure class=\"wp-block-gallery has-nested-images columns-default is-cropped wp-block-gallery-1 is-layout-flex wp-block-gallery-is-layout-flex\">\n<figure class=\"wp-block-image size-large\"><a href=\"https:\/\/urbeamea.ro\/albaiulia\/wp-content\/uploads\/2024\/03\/4-2.jpg\"><img loading=\"lazy\" decoding=\"async\" width=\"1280\" height=\"960\" data-id=\"110588\" src=\"https:\/\/urbeamea.ro\/albaiulia\/wp-content\/uploads\/2024\/03\/4-2-1280x960.jpg\" alt=\"\" class=\"wp-image-110588\" srcset=\"https:\/\/urbeamea.ro\/albaiulia\/wp-content\/uploads\/2024\/03\/4-2-1280x960.jpg 1280w, https:\/\/urbeamea.ro\/albaiulia\/wp-content\/uploads\/2024\/03\/4-2-640x480.jpg 640w, https:\/\/urbeamea.ro\/albaiulia\/wp-content\/uploads\/2024\/03\/4-2-150x113.jpg 150w, https:\/\/urbeamea.ro\/albaiulia\/wp-content\/uploads\/2024\/03\/4-2-768x576.jpg 768w, https:\/\/urbeamea.ro\/albaiulia\/wp-content\/uploads\/2024\/03\/4-2-1536x1152.jpg 1536w, https:\/\/urbeamea.ro\/albaiulia\/wp-content\/uploads\/2024\/03\/4-2.jpg 1600w\" sizes=\"auto, (max-width: 1280px) 100vw, 1280px\" \/><\/a><\/figure>\n\n\n\n<figure class=\"wp-block-image size-large\"><a href=\"https:\/\/urbeamea.ro\/albaiulia\/wp-content\/uploads\/2024\/03\/3-1.jpg\"><img loading=\"lazy\" decoding=\"async\" width=\"1280\" height=\"960\" data-id=\"110587\" src=\"https:\/\/urbeamea.ro\/albaiulia\/wp-content\/uploads\/2024\/03\/3-1-1280x960.jpg\" alt=\"\" class=\"wp-image-110587\" srcset=\"https:\/\/urbeamea.ro\/albaiulia\/wp-content\/uploads\/2024\/03\/3-1-1280x960.jpg 1280w, https:\/\/urbeamea.ro\/albaiulia\/wp-content\/uploads\/2024\/03\/3-1-640x480.jpg 640w, https:\/\/urbeamea.ro\/albaiulia\/wp-content\/uploads\/2024\/03\/3-1-150x113.jpg 150w, https:\/\/urbeamea.ro\/albaiulia\/wp-content\/uploads\/2024\/03\/3-1-768x576.jpg 768w, https:\/\/urbeamea.ro\/albaiulia\/wp-content\/uploads\/2024\/03\/3-1-1536x1152.jpg 1536w, https:\/\/urbeamea.ro\/albaiulia\/wp-content\/uploads\/2024\/03\/3-1.jpg 1600w\" sizes=\"auto, (max-width: 1280px) 100vw, 1280px\" \/><\/a><\/figure>\n<\/figure>\n\n\n\n<p>UAB sprijin\u0103 acest demers prin transfer de bune practici derulate la nivelul Centrului de Informare, Consiliere \u0219i Orientare \u00een Carier\u0103 (CICOC UAB). Ceilal\u021bi parteneri implica\u021bi \u00een proiect sunt: Universitatea de Stat din Moldova, Universitatea Pedagogic\u0103 de Stat Ion Creang\u0103 din Chi\u0219in\u0103u, Universitatea de Stat \u201eAlecu Russo\u201d din B\u0103l\u021bi, Universitatea de Stat \u201eB.P. Hasdeu\u201d din Cahul, Universitatea de Stat din Comrat, Ministerul Educa\u021biei, Culturii \u0219i Cercet\u0103rii din Republica Moldova, Institutul European pentru ini\u021biative, reforme \u0219i educa\u021bie (ASPIRE), Universitatea din Valencia, Technische Hochschule Deggendorf.<\/p>\n\n\n\n<p>\u00cen perioada 4-8 martie a avut loc prima \u00eent\u00e2lnire comun\u0103 a grupului de lucru, care s-a desf\u0103\u0219urat la Universitatea din Valencia. Universitatea \u201e1 Decembrie 1918\u201d din Alba Iulia\u00a0 a fost reprezentat\u0103 la aceast\u0103 prim\u0103 \u00eent\u00e2lnire de lucru de c\u0103tre coordonatorul institu\u021bional al proiectului, Conf.dr. Larisa Dragolea.<\/p>\n\n\n\n<p>Participan\u021bii au efectuat vizite \u00een spa\u021biile universit\u0103\u021bii, au interac\u021bionat proactiv \u0219i au beneficiat de prezent\u0103ri de experien\u021be practice ale exper\u021bilor \u00een domeniul monitoriz\u0103rii inser\u021biei absolven\u021bilor at\u00e2t din Universitatea din Valencia, c\u00e2t \u0219i a reprezentan\u021bilor unor structuri specializate \u00een eviden\u021ba \u0219i plasarea for\u021bei de munc\u0103.<\/p>\n\n\n\n<p>Proiectul va continua cu vizite de lucru \u0219i de studiu la to\u021bi partenerii \u0219i conturarea ulterioar\u0103 a unei strategii pentru eficientizarea monitoriz\u0103rii \u0219i inser\u021biei absolven\u021bilor pe pia\u021ba muncii, \u00een Republica Moldova.<\/p>\n","protected":false},"excerpt":{"rendered":"<p>Universitatea \u201e1 Decembrie 1918\u201d din Alba Iulia are calitatea de partener \u00een cadrul proiectului Erasmus+ \u201eEnhancing graduates\u2019 employability tracking in Moldova\u201d (UPGRADE), al c\u0103rui ini\u021biator \u0219i coordonator este Academia de Studii Economice din Moldova (ASEM). Proiectul se va derula pe o perioad\u0103 de trei ani, iar scopul s\u0103u principal \u00eel reprezint\u0103 eficientizarea activit\u0103\u021bilor de monitorizare &hellip;<\/p>\n","protected":false},"author":16,"featured_media":110589,"comment_status":"open","ping_status":"open","sticky":false,"template":"","format":"standard","meta":{"inline_featured_image":false,"footnotes":""},"categories":[2039],"tags":[4268],"class_list":["post-110586","post","type-post","status-publish","format-standard","has-post-thumbnail","hentry","category-educatie","tag-uab"],"yoast_head":"<!-- This site is optimized with the Yoast SEO plugin v27.4 - https:\/\/yoast.com\/product\/yoast-seo-wordpress\/ -->\n<title>\u201eEnhancing graduates\u2019 employability tracking in Moldova\u201d (UPGRADE) - Revista Urbea Mea - Revista de Alba<\/title>\n<meta name=\"description\" content=\"Universitatea \u201e1 Decembrie 1918\u201d din Alba Iulia are calitatea de partener \u00een cadrul proiectului Erasmus+ \u201eEnhancing graduates\u2019 employability tracking in\" \/>\n<meta name=\"robots\" content=\"index, follow, max-snippet:-1, max-image-preview:large, max-video-preview:-1\" \/>\n<link rel=\"canonical\" href=\"https:\/\/urbeamea.ro\/albaiulia\/enhancing-graduates-employability-tracking-in-moldova-upgrade\/\" \/>\n<meta name=\"twitter:card\" content=\"summary_large_image\" \/>\n<meta name=\"twitter:title\" content=\"\u201eEnhancing graduates\u2019 employability tracking in Moldova\u201d (UPGRADE) - Revista Urbea Mea - Revista de Alba\" \/>\n<meta name=\"twitter:description\" content=\"Universitatea \u201e1 Decembrie 1918\u201d din Alba Iulia are calitatea de partener \u00een cadrul proiectului Erasmus+ \u201eEnhancing graduates\u2019 employability tracking in\" \/>\n<meta name=\"twitter:image\" content=\"https:\/\/urbeamea.ro\/albaiulia\/wp-content\/uploads\/2024\/03\/1-3.jpg\" \/>\n<meta name=\"twitter:creator\" content=\"@urbeameaweb\" \/>\n<meta name=\"twitter:site\" content=\"@urbeameaweb\" \/>\n<script type=\"application\/ld+json\" class=\"yoast-schema-graph\">{\"@context\":\"https:\\\/\\\/schema.org\",\"@graph\":[{\"@type\":\"Article\",\"@id\":\"https:\\\/\\\/urbeamea.ro\\\/albaiulia\\\/enhancing-graduates-employability-tracking-in-moldova-upgrade\\\/#article\",\"isPartOf\":{\"@id\":\"https:\\\/\\\/urbeamea.ro\\\/albaiulia\\\/enhancing-graduates-employability-tracking-in-moldova-upgrade\\\/\"},\"author\":{\"name\":\"Redac\u021bia UrbeaMea\",\"@id\":\"https:\\\/\\\/urbeamea.ro\\\/albaiulia\\\/#\\\/schema\\\/person\\\/272ae98052f8ee8980f59848df070247\"},\"headline\":\"\u201eEnhancing graduates\u2019 employability tracking in Moldova\u201d (UPGRADE)\",\"datePublished\":\"2024-03-11T09:11:47+00:00\",\"dateModified\":\"2024-03-11T09:11:49+00:00\",\"mainEntityOfPage\":{\"@id\":\"https:\\\/\\\/urbeamea.ro\\\/albaiulia\\\/enhancing-graduates-employability-tracking-in-moldova-upgrade\\\/\"},\"wordCount\":312,\"commentCount\":0,\"image\":{\"@id\":\"https:\\\/\\\/urbeamea.ro\\\/albaiulia\\\/enhancing-graduates-employability-tracking-in-moldova-upgrade\\\/#primaryimage\"},\"thumbnailUrl\":\"https:\\\/\\\/urbeamea.ro\\\/albaiulia\\\/wp-content\\\/uploads\\\/2024\\\/03\\\/1-3.jpg\",\"keywords\":[\"UAB\"],\"articleSection\":[\"Educa\u021bie\"],\"inLanguage\":\"ro-RO\",\"potentialAction\":[{\"@type\":\"CommentAction\",\"name\":\"Comment\",\"target\":[\"https:\\\/\\\/urbeamea.ro\\\/albaiulia\\\/enhancing-graduates-employability-tracking-in-moldova-upgrade\\\/#respond\"]}]},{\"@type\":\"WebPage\",\"@id\":\"https:\\\/\\\/urbeamea.ro\\\/albaiulia\\\/enhancing-graduates-employability-tracking-in-moldova-upgrade\\\/\",\"url\":\"https:\\\/\\\/urbeamea.ro\\\/albaiulia\\\/enhancing-graduates-employability-tracking-in-moldova-upgrade\\\/\",\"name\":\"\u201eEnhancing graduates\u2019 employability tracking in Moldova\u201d (UPGRADE) - Revista Urbea Mea - Revista de Alba\",\"isPartOf\":{\"@id\":\"https:\\\/\\\/urbeamea.ro\\\/albaiulia\\\/#website\"},\"primaryImageOfPage\":{\"@id\":\"https:\\\/\\\/urbeamea.ro\\\/albaiulia\\\/enhancing-graduates-employability-tracking-in-moldova-upgrade\\\/#primaryimage\"},\"image\":{\"@id\":\"https:\\\/\\\/urbeamea.ro\\\/albaiulia\\\/enhancing-graduates-employability-tracking-in-moldova-upgrade\\\/#primaryimage\"},\"thumbnailUrl\":\"https:\\\/\\\/urbeamea.ro\\\/albaiulia\\\/wp-content\\\/uploads\\\/2024\\\/03\\\/1-3.jpg\",\"datePublished\":\"2024-03-11T09:11:47+00:00\",\"dateModified\":\"2024-03-11T09:11:49+00:00\",\"author\":{\"@id\":\"https:\\\/\\\/urbeamea.ro\\\/albaiulia\\\/#\\\/schema\\\/person\\\/272ae98052f8ee8980f59848df070247\"},\"description\":\"Universitatea \u201e1 Decembrie 1918\u201d din Alba Iulia are calitatea de partener \u00een cadrul proiectului Erasmus+ \u201eEnhancing graduates\u2019 employability tracking in\",\"breadcrumb\":{\"@id\":\"https:\\\/\\\/urbeamea.ro\\\/albaiulia\\\/enhancing-graduates-employability-tracking-in-moldova-upgrade\\\/#breadcrumb\"},\"inLanguage\":\"ro-RO\",\"potentialAction\":[{\"@type\":\"ReadAction\",\"target\":[\"https:\\\/\\\/urbeamea.ro\\\/albaiulia\\\/enhancing-graduates-employability-tracking-in-moldova-upgrade\\\/\"]}]},{\"@type\":\"ImageObject\",\"inLanguage\":\"ro-RO\",\"@id\":\"https:\\\/\\\/urbeamea.ro\\\/albaiulia\\\/enhancing-graduates-employability-tracking-in-moldova-upgrade\\\/#primaryimage\",\"url\":\"https:\\\/\\\/urbeamea.ro\\\/albaiulia\\\/wp-content\\\/uploads\\\/2024\\\/03\\\/1-3.jpg\",\"contentUrl\":\"https:\\\/\\\/urbeamea.ro\\\/albaiulia\\\/wp-content\\\/uploads\\\/2024\\\/03\\\/1-3.jpg\",\"width\":1600,\"height\":1200},{\"@type\":\"BreadcrumbList\",\"@id\":\"https:\\\/\\\/urbeamea.ro\\\/albaiulia\\\/enhancing-graduates-employability-tracking-in-moldova-upgrade\\\/#breadcrumb\",\"itemListElement\":[{\"@type\":\"ListItem\",\"position\":1,\"name\":\"Prima pagin\u0103\",\"item\":\"https:\\\/\\\/urbeamea.ro\\\/albaiulia\\\/\"},{\"@type\":\"ListItem\",\"position\":2,\"name\":\"\u201eEnhancing graduates\u2019 employability tracking in Moldova\u201d (UPGRADE)\"}]},{\"@type\":\"WebSite\",\"@id\":\"https:\\\/\\\/urbeamea.ro\\\/albaiulia\\\/#website\",\"url\":\"https:\\\/\\\/urbeamea.ro\\\/albaiulia\\\/\",\"name\":\"Revista Urbea Mea, Stiri urbane\",\"description\":\"Evenimente \u0219i \u0219tiri din Alba Iulia, Sebe\u0219, Aiud, Blaj\",\"potentialAction\":[{\"@type\":\"SearchAction\",\"target\":{\"@type\":\"EntryPoint\",\"urlTemplate\":\"https:\\\/\\\/urbeamea.ro\\\/albaiulia\\\/?s={search_term_string}\"},\"query-input\":{\"@type\":\"PropertyValueSpecification\",\"valueRequired\":true,\"valueName\":\"search_term_string\"}}],\"inLanguage\":\"ro-RO\"},{\"@type\":\"Person\",\"@id\":\"https:\\\/\\\/urbeamea.ro\\\/albaiulia\\\/#\\\/schema\\\/person\\\/272ae98052f8ee8980f59848df070247\",\"name\":\"Redac\u021bia UrbeaMea\",\"image\":{\"@type\":\"ImageObject\",\"inLanguage\":\"ro-RO\",\"@id\":\"https:\\\/\\\/secure.gravatar.com\\\/avatar\\\/9ce5a9435071fa1037e8468053ead8e513dbbff59009d3069aadb85506d85a27?s=96&d=mm&r=g\",\"url\":\"https:\\\/\\\/secure.gravatar.com\\\/avatar\\\/9ce5a9435071fa1037e8468053ead8e513dbbff59009d3069aadb85506d85a27?s=96&d=mm&r=g\",\"contentUrl\":\"https:\\\/\\\/secure.gravatar.com\\\/avatar\\\/9ce5a9435071fa1037e8468053ead8e513dbbff59009d3069aadb85506d85a27?s=96&d=mm&r=g\",\"caption\":\"Redac\u021bia UrbeaMea\"},\"description\":\"contact@urbeamea.ro\",\"sameAs\":[\"https:\\\/\\\/www.urbeamea.ro\"],\"url\":\"https:\\\/\\\/urbeamea.ro\\\/albaiulia\\\/author\\\/redactia-urbeamea\\\/\"}]}<\/script>\n<!-- \/ Yoast SEO plugin. -->","yoast_head_json":{"title":"\u201eEnhancing graduates\u2019 employability tracking in Moldova\u201d (UPGRADE) - Revista Urbea Mea - Revista de Alba","description":"Universitatea \u201e1 Decembrie 1918\u201d din Alba Iulia are calitatea de partener \u00een cadrul proiectului Erasmus+ \u201eEnhancing graduates\u2019 employability tracking in","robots":{"index":"index","follow":"follow","max-snippet":"max-snippet:-1","max-image-preview":"max-image-preview:large","max-video-preview":"max-video-preview:-1"},"canonical":"https:\/\/urbeamea.ro\/albaiulia\/enhancing-graduates-employability-tracking-in-moldova-upgrade\/","twitter_card":"summary_large_image","twitter_title":"\u201eEnhancing graduates\u2019 employability tracking in Moldova\u201d (UPGRADE) - Revista Urbea Mea - Revista de Alba","twitter_description":"Universitatea \u201e1 Decembrie 1918\u201d din Alba Iulia are calitatea de partener \u00een cadrul proiectului Erasmus+ \u201eEnhancing graduates\u2019 employability tracking in","twitter_image":"https:\/\/urbeamea.ro\/albaiulia\/wp-content\/uploads\/2024\/03\/1-3.jpg","twitter_creator":"@urbeameaweb","twitter_site":"@urbeameaweb","schema":{"@context":"https:\/\/schema.org","@graph":[{"@type":"Article","@id":"https:\/\/urbeamea.ro\/albaiulia\/enhancing-graduates-employability-tracking-in-moldova-upgrade\/#article","isPartOf":{"@id":"https:\/\/urbeamea.ro\/albaiulia\/enhancing-graduates-employability-tracking-in-moldova-upgrade\/"},"author":{"name":"Redac\u021bia UrbeaMea","@id":"https:\/\/urbeamea.ro\/albaiulia\/#\/schema\/person\/272ae98052f8ee8980f59848df070247"},"headline":"\u201eEnhancing graduates\u2019 employability tracking in Moldova\u201d (UPGRADE)","datePublished":"2024-03-11T09:11:47+00:00","dateModified":"2024-03-11T09:11:49+00:00","mainEntityOfPage":{"@id":"https:\/\/urbeamea.ro\/albaiulia\/enhancing-graduates-employability-tracking-in-moldova-upgrade\/"},"wordCount":312,"commentCount":0,"image":{"@id":"https:\/\/urbeamea.ro\/albaiulia\/enhancing-graduates-employability-tracking-in-moldova-upgrade\/#primaryimage"},"thumbnailUrl":"https:\/\/urbeamea.ro\/albaiulia\/wp-content\/uploads\/2024\/03\/1-3.jpg","keywords":["UAB"],"articleSection":["Educa\u021bie"],"inLanguage":"ro-RO","potentialAction":[{"@type":"CommentAction","name":"Comment","target":["https:\/\/urbeamea.ro\/albaiulia\/enhancing-graduates-employability-tracking-in-moldova-upgrade\/#respond"]}]},{"@type":"WebPage","@id":"https:\/\/urbeamea.ro\/albaiulia\/enhancing-graduates-employability-tracking-in-moldova-upgrade\/","url":"https:\/\/urbeamea.ro\/albaiulia\/enhancing-graduates-employability-tracking-in-moldova-upgrade\/","name":"\u201eEnhancing graduates\u2019 employability tracking in Moldova\u201d (UPGRADE) - Revista Urbea Mea - Revista de Alba","isPartOf":{"@id":"https:\/\/urbeamea.ro\/albaiulia\/#website"},"primaryImageOfPage":{"@id":"https:\/\/urbeamea.ro\/albaiulia\/enhancing-graduates-employability-tracking-in-moldova-upgrade\/#primaryimage"},"image":{"@id":"https:\/\/urbeamea.ro\/albaiulia\/enhancing-graduates-employability-tracking-in-moldova-upgrade\/#primaryimage"},"thumbnailUrl":"https:\/\/urbeamea.ro\/albaiulia\/wp-content\/uploads\/2024\/03\/1-3.jpg","datePublished":"2024-03-11T09:11:47+00:00","dateModified":"2024-03-11T09:11:49+00:00","author":{"@id":"https:\/\/urbeamea.ro\/albaiulia\/#\/schema\/person\/272ae98052f8ee8980f59848df070247"},"description":"Universitatea \u201e1 Decembrie 1918\u201d din Alba Iulia are calitatea de partener \u00een cadrul proiectului Erasmus+ \u201eEnhancing graduates\u2019 employability tracking in","breadcrumb":{"@id":"https:\/\/urbeamea.ro\/albaiulia\/enhancing-graduates-employability-tracking-in-moldova-upgrade\/#breadcrumb"},"inLanguage":"ro-RO","potentialAction":[{"@type":"ReadAction","target":["https:\/\/urbeamea.ro\/albaiulia\/enhancing-graduates-employability-tracking-in-moldova-upgrade\/"]}]},{"@type":"ImageObject","inLanguage":"ro-RO","@id":"https:\/\/urbeamea.ro\/albaiulia\/enhancing-graduates-employability-tracking-in-moldova-upgrade\/#primaryimage","url":"https:\/\/urbeamea.ro\/albaiulia\/wp-content\/uploads\/2024\/03\/1-3.jpg","contentUrl":"https:\/\/urbeamea.ro\/albaiulia\/wp-content\/uploads\/2024\/03\/1-3.jpg","width":1600,"height":1200},{"@type":"BreadcrumbList","@id":"https:\/\/urbeamea.ro\/albaiulia\/enhancing-graduates-employability-tracking-in-moldova-upgrade\/#breadcrumb","itemListElement":[{"@type":"ListItem","position":1,"name":"Prima pagin\u0103","item":"https:\/\/urbeamea.ro\/albaiulia\/"},{"@type":"ListItem","position":2,"name":"\u201eEnhancing graduates\u2019 employability tracking in Moldova\u201d (UPGRADE)"}]},{"@type":"WebSite","@id":"https:\/\/urbeamea.ro\/albaiulia\/#website","url":"https:\/\/urbeamea.ro\/albaiulia\/","name":"Revista Urbea Mea, Stiri urbane","description":"Evenimente \u0219i \u0219tiri din Alba Iulia, Sebe\u0219, Aiud, Blaj","potentialAction":[{"@type":"SearchAction","target":{"@type":"EntryPoint","urlTemplate":"https:\/\/urbeamea.ro\/albaiulia\/?s={search_term_string}"},"query-input":{"@type":"PropertyValueSpecification","valueRequired":true,"valueName":"search_term_string"}}],"inLanguage":"ro-RO"},{"@type":"Person","@id":"https:\/\/urbeamea.ro\/albaiulia\/#\/schema\/person\/272ae98052f8ee8980f59848df070247","name":"Redac\u021bia UrbeaMea","image":{"@type":"ImageObject","inLanguage":"ro-RO","@id":"https:\/\/secure.gravatar.com\/avatar\/9ce5a9435071fa1037e8468053ead8e513dbbff59009d3069aadb85506d85a27?s=96&d=mm&r=g","url":"https:\/\/secure.gravatar.com\/avatar\/9ce5a9435071fa1037e8468053ead8e513dbbff59009d3069aadb85506d85a27?s=96&d=mm&r=g","contentUrl":"https:\/\/secure.gravatar.com\/avatar\/9ce5a9435071fa1037e8468053ead8e513dbbff59009d3069aadb85506d85a27?s=96&d=mm&r=g","caption":"Redac\u021bia UrbeaMea"},"description":"contact@urbeamea.ro","sameAs":["https:\/\/www.urbeamea.ro"],"url":"https:\/\/urbeamea.ro\/albaiulia\/author\/redactia-urbeamea\/"}]}},"_links":{"self":[{"href":"https:\/\/urbeamea.ro\/albaiulia\/wp-json\/wp\/v2\/posts\/110586","targetHints":{"allow":["GET"]}}],"collection":[{"href":"https:\/\/urbeamea.ro\/albaiulia\/wp-json\/wp\/v2\/posts"}],"about":[{"href":"https:\/\/urbeamea.ro\/albaiulia\/wp-json\/wp\/v2\/types\/post"}],"author":[{"embeddable":true,"href":"https:\/\/urbeamea.ro\/albaiulia\/wp-json\/wp\/v2\/users\/16"}],"replies":[{"embeddable":true,"href":"https:\/\/urbeamea.ro\/albaiulia\/wp-json\/wp\/v2\/comments?post=110586"}],"version-history":[{"count":1,"href":"https:\/\/urbeamea.ro\/albaiulia\/wp-json\/wp\/v2\/posts\/110586\/revisions"}],"predecessor-version":[{"id":110590,"href":"https:\/\/urbeamea.ro\/albaiulia\/wp-json\/wp\/v2\/posts\/110586\/revisions\/110590"}],"wp:featuredmedia":[{"embeddable":true,"href":"https:\/\/urbeamea.ro\/albaiulia\/wp-json\/wp\/v2\/media\/110589"}],"wp:attachment":[{"href":"https:\/\/urbeamea.ro\/albaiulia\/wp-json\/wp\/v2\/media?parent=110586"}],"wp:term":[{"taxonomy":"category","embeddable":true,"href":"https:\/\/urbeamea.ro\/albaiulia\/wp-json\/wp\/v2\/categories?post=110586"},{"taxonomy":"post_tag","embeddable":true,"href":"https:\/\/urbeamea.ro\/albaiulia\/wp-json\/wp\/v2\/tags?post=110586"}],"curies":[{"name":"wp","href":"https:\/\/api.w.org\/{rel}","templated":true}]}}