{"id":110607,"date":"2024-03-11T11:42:16","date_gmt":"2024-03-11T09:42:16","guid":{"rendered":"https:\/\/urbeamea.ro\/albaiulia\/?p=110607"},"modified":"2024-03-11T11:42:18","modified_gmt":"2024-03-11T09:42:18","slug":"festivalul-massif-anunta-programul-complet-pe-zile","status":"publish","type":"post","link":"https:\/\/urbeamea.ro\/albaiulia\/festivalul-massif-anunta-programul-complet-pe-zile\/","title":{"rendered":"Festivalul MASSIF anun\u021b\u0103 programul complet pe zile"},"content":{"rendered":"\n<p>Mai sunt doar c\u00e2teva zile p\u00e2n\u0103 la cel mai a\u0219teptat festival de la munte din Rom\u00e2nia. Organizatorii celor mai mari festivaluri din Europa anun\u021b\u0103 programul complet al arti\u0219tilor care vor urca pe scenele celui mai nou concept de divertisment de la munte. Festivalul <strong>Massif<\/strong> va avea loc \u00een perioada <strong>14-17 martie<\/strong>, iar <strong>Poiana Bra\u0219ov<\/strong> va fi locul \u00een care mii de iubitori ai sporturilor de iarn\u0103, muzicii, aventurii, distrac\u021biei, dar \u0219i a experien\u021belor exclusiviste se vor aduna.<\/p>\n\n\n\n<p>\u00cen Poiana Bra\u0219ov, \u00een perioada <strong>14-17 martie, <\/strong>fanii se vor bucura de cele mai tari petreceri al\u0103turi de arti\u0219tii prezen\u021bi \u00een festival pe <strong>scena principal\u0103<\/strong>, <strong>G.O.A.T. Stage <\/strong>(<strong>Greatest Of All Time<\/strong>),<strong> Massif x Nuba VIP Afterparty<\/strong>, <strong>GEORGE Music Hideout<\/strong> \u0219i la apres-ski-urile partenere<strong>.<\/strong><\/p>\n\n\n\n<p>Programul primei zile de festival, <strong>joi, 14 martie<\/strong>, \u00eencepe <strong>de la ora 17:00<\/strong>. Fanii vor petrece al\u0103turi de <strong>Mahmut Orhan<\/strong> \u0219i <strong>GORDO<\/strong>, unul dintre cei mai frumo\u0219i nebuni ai scenei electronice, iar lineup-ul este completat \u0219i de <strong>Wilkinson, HVNDS<\/strong> \u0219i <strong>Puya<\/strong>.<\/p>\n\n\n\n<p><strong>Vineri, 15 martie<\/strong>, produc\u0103torul deep house, <strong>Grigor\u00e9<\/strong>, belgianul <strong>Netsky <\/strong>\u0219iunul dintre cei mai talenta\u021bi arti\u0219ti din Africa de Sud, <strong>Shimza, <\/strong>vin s\u0103 ofere cea mai epic\u0103 atmosfer\u0103 \u00een a doua zi de festival.<\/p>\n\n\n\n<p><strong>S\u00e2mb\u0103t\u0103<\/strong>, <strong>16 martie<\/strong>, festivalierii vor petrece al\u0103turi de personajul misterios <strong>Claptone<\/strong>, duo-ul britanic de drum &amp; bass <strong>Chase &amp; Status<\/strong>, australianul <strong>Dub FX<\/strong> al\u0103turi de unul dintre cei mai creativi saxofoni\u0219ti, britanicul <strong>Mr. Woodnote<\/strong>, <strong>HVMZA<\/strong>, dar \u0219i cele mai cunoscute nume din muzica rom\u00e2neasc\u0103, <strong>Deliric x Silent Strike <\/strong>\u0219i <strong>Killa Fonic<\/strong>.<\/p>\n\n\n\n<p>\u00cen ultima zi de festival, <strong>duminic\u0103, 17 martie<\/strong>, programul va \u00eencepe <strong>de la ora<\/strong> <strong>12:00<\/strong>, iar printre arti\u0219tii care vor \u00eencheia ultima zi de festival se num\u0103r\u0103 cel mai apreciat DJ din insula Mykonos, Valeron \u0219i HIP-HOP Takeovers care vor aduce cea mai tare petrecere.<\/p>\n\n\n\n<p>Organizatorii promit o produc\u021bie care va duce entertainment-ul de iarn\u0103 din <strong>Rom\u00e2nia<\/strong> la un alt nivel, iar festivalul <strong>Massif <\/strong>va transforma, pentru al doilea an la r\u00e2nd, sta\u021biunea <strong>Poiana Bra\u0219ov<\/strong> \u00een cea mai dorit\u0103 \u0219i c\u0103utat\u0103 destina\u021bie montan\u0103 de c\u0103tre tinerii din <strong>Europa<\/strong>.<\/p>\n\n\n\n<p>Abonamentele pentru cea de-a doua edi\u021bie a festivalului <strong>Massif<\/strong> sunt disponibile pe site-ul<a href=\"https:\/\/bemassif.com\/?gclid=CjwKCAiA5sieBhBnEiwAR9oh2tNl5BHylzN2h-Ox3pWZLeMeL248YhUU8VI7sPa5XxLEq-po6gSZVBoCxywQAvD_BwE\"> <\/a><a href=\"https:\/\/bemassif.com\/?gclid=CjwKCAiA5sieBhBnEiwAR9oh2tNl5BHylzN2h-Ox3pWZLeMeL248YhUU8VI7sPa5XxLEq-po6gSZVBoCxywQAvD_BwE\" target=\"_blank\" rel=\"noreferrer noopener\"><strong>bemassif.com<\/strong><\/a>.<\/p>\n\n\n\n<figure class=\"wp-block-gallery has-nested-images columns-default is-cropped wp-block-gallery-1 is-layout-flex wp-block-gallery-is-layout-flex\">\n<figure class=\"wp-block-image size-large\"><a href=\"https:\/\/urbeamea.ro\/albaiulia\/wp-content\/uploads\/2024\/03\/GEORGE-1x1_Partnerei.png\"><img loading=\"lazy\" decoding=\"async\" width=\"1080\" height=\"1080\" data-id=\"110608\" src=\"https:\/\/urbeamea.ro\/albaiulia\/wp-content\/uploads\/2024\/03\/GEORGE-1x1_Partnerei.png\" alt=\"\" class=\"wp-image-110608\" srcset=\"https:\/\/urbeamea.ro\/albaiulia\/wp-content\/uploads\/2024\/03\/GEORGE-1x1_Partnerei.png 1080w, https:\/\/urbeamea.ro\/albaiulia\/wp-content\/uploads\/2024\/03\/GEORGE-1x1_Partnerei-640x640.png 640w, https:\/\/urbeamea.ro\/albaiulia\/wp-content\/uploads\/2024\/03\/GEORGE-1x1_Partnerei-150x150.png 150w, https:\/\/urbeamea.ro\/albaiulia\/wp-content\/uploads\/2024\/03\/GEORGE-1x1_Partnerei-768x768.png 768w\" sizes=\"auto, (max-width: 1080px) 100vw, 1080px\" \/><\/a><\/figure>\n\n\n\n<figure class=\"wp-block-image size-large\"><a href=\"https:\/\/urbeamea.ro\/albaiulia\/wp-content\/uploads\/2024\/03\/GOAT-1x1_Partnerei.png\"><img loading=\"lazy\" decoding=\"async\" width=\"1080\" height=\"1080\" data-id=\"110612\" src=\"https:\/\/urbeamea.ro\/albaiulia\/wp-content\/uploads\/2024\/03\/GOAT-1x1_Partnerei.png\" alt=\"\" class=\"wp-image-110612\" srcset=\"https:\/\/urbeamea.ro\/albaiulia\/wp-content\/uploads\/2024\/03\/GOAT-1x1_Partnerei.png 1080w, https:\/\/urbeamea.ro\/albaiulia\/wp-content\/uploads\/2024\/03\/GOAT-1x1_Partnerei-640x640.png 640w, https:\/\/urbeamea.ro\/albaiulia\/wp-content\/uploads\/2024\/03\/GOAT-1x1_Partnerei-150x150.png 150w, https:\/\/urbeamea.ro\/albaiulia\/wp-content\/uploads\/2024\/03\/GOAT-1x1_Partnerei-768x768.png 768w\" sizes=\"auto, (max-width: 1080px) 100vw, 1080px\" \/><\/a><\/figure>\n\n\n\n<figure class=\"wp-block-image size-large\"><a href=\"https:\/\/urbeamea.ro\/albaiulia\/wp-content\/uploads\/2024\/03\/NUBA-1x1_Parteneri.png\"><img loading=\"lazy\" decoding=\"async\" width=\"1080\" height=\"1080\" data-id=\"110609\" src=\"https:\/\/urbeamea.ro\/albaiulia\/wp-content\/uploads\/2024\/03\/NUBA-1x1_Parteneri.png\" alt=\"\" class=\"wp-image-110609\" srcset=\"https:\/\/urbeamea.ro\/albaiulia\/wp-content\/uploads\/2024\/03\/NUBA-1x1_Parteneri.png 1080w, https:\/\/urbeamea.ro\/albaiulia\/wp-content\/uploads\/2024\/03\/NUBA-1x1_Parteneri-640x640.png 640w, https:\/\/urbeamea.ro\/albaiulia\/wp-content\/uploads\/2024\/03\/NUBA-1x1_Parteneri-150x150.png 150w, https:\/\/urbeamea.ro\/albaiulia\/wp-content\/uploads\/2024\/03\/NUBA-1x1_Parteneri-768x768.png 768w\" sizes=\"auto, (max-width: 1080px) 100vw, 1080px\" \/><\/a><\/figure>\n\n\n\n<figure class=\"wp-block-image size-large\"><a href=\"https:\/\/urbeamea.ro\/albaiulia\/wp-content\/uploads\/2024\/03\/MAINSTAGE-1x1_Partnerei.png\"><img loading=\"lazy\" decoding=\"async\" width=\"1080\" height=\"1080\" data-id=\"110611\" src=\"https:\/\/urbeamea.ro\/albaiulia\/wp-content\/uploads\/2024\/03\/MAINSTAGE-1x1_Partnerei.png\" alt=\"\" class=\"wp-image-110611\" srcset=\"https:\/\/urbeamea.ro\/albaiulia\/wp-content\/uploads\/2024\/03\/MAINSTAGE-1x1_Partnerei.png 1080w, https:\/\/urbeamea.ro\/albaiulia\/wp-content\/uploads\/2024\/03\/MAINSTAGE-1x1_Partnerei-640x640.png 640w, https:\/\/urbeamea.ro\/albaiulia\/wp-content\/uploads\/2024\/03\/MAINSTAGE-1x1_Partnerei-150x150.png 150w, https:\/\/urbeamea.ro\/albaiulia\/wp-content\/uploads\/2024\/03\/MAINSTAGE-1x1_Partnerei-768x768.png 768w\" sizes=\"auto, (max-width: 1080px) 100vw, 1080px\" \/><\/a><\/figure>\n\n\n\n<figure class=\"wp-block-image size-large\"><a href=\"https:\/\/urbeamea.ro\/albaiulia\/wp-content\/uploads\/2024\/03\/YAGER-1x1_Partnerei.png\"><img loading=\"lazy\" decoding=\"async\" width=\"1080\" height=\"1080\" data-id=\"110610\" src=\"https:\/\/urbeamea.ro\/albaiulia\/wp-content\/uploads\/2024\/03\/YAGER-1x1_Partnerei.png\" alt=\"\" class=\"wp-image-110610\" srcset=\"https:\/\/urbeamea.ro\/albaiulia\/wp-content\/uploads\/2024\/03\/YAGER-1x1_Partnerei.png 1080w, https:\/\/urbeamea.ro\/albaiulia\/wp-content\/uploads\/2024\/03\/YAGER-1x1_Partnerei-640x640.png 640w, https:\/\/urbeamea.ro\/albaiulia\/wp-content\/uploads\/2024\/03\/YAGER-1x1_Partnerei-150x150.png 150w, https:\/\/urbeamea.ro\/albaiulia\/wp-content\/uploads\/2024\/03\/YAGER-1x1_Partnerei-768x768.png 768w\" sizes=\"auto, (max-width: 1080px) 100vw, 1080px\" \/><\/a><\/figure>\n<\/figure>\n","protected":false},"excerpt":{"rendered":"<p>Mai sunt doar c\u00e2teva zile p\u00e2n\u0103 la cel mai a\u0219teptat festival de la munte din Rom\u00e2nia. Organizatorii celor mai mari festivaluri din Europa anun\u021b\u0103 programul complet al arti\u0219tilor care vor urca pe scenele celui mai nou concept de divertisment de la munte. Festivalul Massif va avea loc \u00een perioada 14-17 martie, iar Poiana Bra\u0219ov va &hellip;<\/p>\n","protected":false},"author":16,"featured_media":109557,"comment_status":"open","ping_status":"open","sticky":false,"template":"","format":"standard","meta":{"inline_featured_image":false,"footnotes":""},"categories":[4],"tags":[24916],"class_list":["post-110607","post","type-post","status-publish","format-standard","has-post-thumbnail","hentry","category-eveniment","tag-massif-2024"],"yoast_head":"<!-- This site is optimized with the Yoast SEO plugin v27.4 - https:\/\/yoast.com\/product\/yoast-seo-wordpress\/ -->\n<title>Festivalul MASSIF anun\u021b\u0103 programul complet pe zile - Revista Urbea Mea - Revista de Alba<\/title>\n<meta name=\"description\" content=\"Mai sunt doar c\u00e2teva zile p\u00e2n\u0103 la cel mai a\u0219teptat festival de la munte din Rom\u00e2nia. Organizatorii celor mai mari festivaluri din Europa anun\u021b\u0103 programul\" \/>\n<meta name=\"robots\" content=\"index, follow, max-snippet:-1, max-image-preview:large, max-video-preview:-1\" \/>\n<link rel=\"canonical\" href=\"https:\/\/urbeamea.ro\/albaiulia\/festivalul-massif-anunta-programul-complet-pe-zile\/\" \/>\n<meta name=\"twitter:card\" content=\"summary_large_image\" \/>\n<meta name=\"twitter:title\" content=\"Festivalul MASSIF anun\u021b\u0103 programul complet pe zile - Revista Urbea Mea - Revista de Alba\" \/>\n<meta name=\"twitter:description\" content=\"Mai sunt doar c\u00e2teva zile p\u00e2n\u0103 la cel mai a\u0219teptat festival de la munte din Rom\u00e2nia. Organizatorii celor mai mari festivaluri din Europa anun\u021b\u0103 programul\" \/>\n<meta name=\"twitter:image\" content=\"https:\/\/urbeamea.ro\/albaiulia\/wp-content\/uploads\/2023\/11\/Massif-2024_1.jpeg\" \/>\n<meta name=\"twitter:creator\" content=\"@urbeameaweb\" \/>\n<meta name=\"twitter:site\" content=\"@urbeameaweb\" \/>\n<script type=\"application\/ld+json\" class=\"yoast-schema-graph\">{\"@context\":\"https:\\\/\\\/schema.org\",\"@graph\":[{\"@type\":\"Article\",\"@id\":\"https:\\\/\\\/urbeamea.ro\\\/albaiulia\\\/festivalul-massif-anunta-programul-complet-pe-zile\\\/#article\",\"isPartOf\":{\"@id\":\"https:\\\/\\\/urbeamea.ro\\\/albaiulia\\\/festivalul-massif-anunta-programul-complet-pe-zile\\\/\"},\"author\":{\"name\":\"Redac\u021bia UrbeaMea\",\"@id\":\"https:\\\/\\\/urbeamea.ro\\\/albaiulia\\\/#\\\/schema\\\/person\\\/272ae98052f8ee8980f59848df070247\"},\"headline\":\"Festivalul MASSIF anun\u021b\u0103 programul complet pe zile\",\"datePublished\":\"2024-03-11T09:42:16+00:00\",\"dateModified\":\"2024-03-11T09:42:18+00:00\",\"mainEntityOfPage\":{\"@id\":\"https:\\\/\\\/urbeamea.ro\\\/albaiulia\\\/festivalul-massif-anunta-programul-complet-pe-zile\\\/\"},\"wordCount\":386,\"commentCount\":0,\"image\":{\"@id\":\"https:\\\/\\\/urbeamea.ro\\\/albaiulia\\\/festivalul-massif-anunta-programul-complet-pe-zile\\\/#primaryimage\"},\"thumbnailUrl\":\"https:\\\/\\\/urbeamea.ro\\\/albaiulia\\\/wp-content\\\/uploads\\\/2023\\\/11\\\/Massif-2024_1.jpeg\",\"keywords\":[\"massif 2024\"],\"articleSection\":[\"Evenimente\"],\"inLanguage\":\"ro-RO\",\"potentialAction\":[{\"@type\":\"CommentAction\",\"name\":\"Comment\",\"target\":[\"https:\\\/\\\/urbeamea.ro\\\/albaiulia\\\/festivalul-massif-anunta-programul-complet-pe-zile\\\/#respond\"]}]},{\"@type\":\"WebPage\",\"@id\":\"https:\\\/\\\/urbeamea.ro\\\/albaiulia\\\/festivalul-massif-anunta-programul-complet-pe-zile\\\/\",\"url\":\"https:\\\/\\\/urbeamea.ro\\\/albaiulia\\\/festivalul-massif-anunta-programul-complet-pe-zile\\\/\",\"name\":\"Festivalul MASSIF anun\u021b\u0103 programul complet pe zile - Revista Urbea Mea - Revista de Alba\",\"isPartOf\":{\"@id\":\"https:\\\/\\\/urbeamea.ro\\\/albaiulia\\\/#website\"},\"primaryImageOfPage\":{\"@id\":\"https:\\\/\\\/urbeamea.ro\\\/albaiulia\\\/festivalul-massif-anunta-programul-complet-pe-zile\\\/#primaryimage\"},\"image\":{\"@id\":\"https:\\\/\\\/urbeamea.ro\\\/albaiulia\\\/festivalul-massif-anunta-programul-complet-pe-zile\\\/#primaryimage\"},\"thumbnailUrl\":\"https:\\\/\\\/urbeamea.ro\\\/albaiulia\\\/wp-content\\\/uploads\\\/2023\\\/11\\\/Massif-2024_1.jpeg\",\"datePublished\":\"2024-03-11T09:42:16+00:00\",\"dateModified\":\"2024-03-11T09:42:18+00:00\",\"author\":{\"@id\":\"https:\\\/\\\/urbeamea.ro\\\/albaiulia\\\/#\\\/schema\\\/person\\\/272ae98052f8ee8980f59848df070247\"},\"description\":\"Mai sunt doar c\u00e2teva zile p\u00e2n\u0103 la cel mai a\u0219teptat festival de la munte din Rom\u00e2nia. Organizatorii celor mai mari festivaluri din Europa anun\u021b\u0103 programul\",\"breadcrumb\":{\"@id\":\"https:\\\/\\\/urbeamea.ro\\\/albaiulia\\\/festivalul-massif-anunta-programul-complet-pe-zile\\\/#breadcrumb\"},\"inLanguage\":\"ro-RO\",\"potentialAction\":[{\"@type\":\"ReadAction\",\"target\":[\"https:\\\/\\\/urbeamea.ro\\\/albaiulia\\\/festivalul-massif-anunta-programul-complet-pe-zile\\\/\"]}]},{\"@type\":\"ImageObject\",\"inLanguage\":\"ro-RO\",\"@id\":\"https:\\\/\\\/urbeamea.ro\\\/albaiulia\\\/festivalul-massif-anunta-programul-complet-pe-zile\\\/#primaryimage\",\"url\":\"https:\\\/\\\/urbeamea.ro\\\/albaiulia\\\/wp-content\\\/uploads\\\/2023\\\/11\\\/Massif-2024_1.jpeg\",\"contentUrl\":\"https:\\\/\\\/urbeamea.ro\\\/albaiulia\\\/wp-content\\\/uploads\\\/2023\\\/11\\\/Massif-2024_1.jpeg\",\"width\":1600,\"height\":1067},{\"@type\":\"BreadcrumbList\",\"@id\":\"https:\\\/\\\/urbeamea.ro\\\/albaiulia\\\/festivalul-massif-anunta-programul-complet-pe-zile\\\/#breadcrumb\",\"itemListElement\":[{\"@type\":\"ListItem\",\"position\":1,\"name\":\"Prima pagin\u0103\",\"item\":\"https:\\\/\\\/urbeamea.ro\\\/albaiulia\\\/\"},{\"@type\":\"ListItem\",\"position\":2,\"name\":\"Festivalul MASSIF anun\u021b\u0103 programul complet pe zile\"}]},{\"@type\":\"WebSite\",\"@id\":\"https:\\\/\\\/urbeamea.ro\\\/albaiulia\\\/#website\",\"url\":\"https:\\\/\\\/urbeamea.ro\\\/albaiulia\\\/\",\"name\":\"Revista Urbea Mea, Stiri urbane\",\"description\":\"Evenimente \u0219i \u0219tiri din Alba Iulia, Sebe\u0219, Aiud, Blaj\",\"potentialAction\":[{\"@type\":\"SearchAction\",\"target\":{\"@type\":\"EntryPoint\",\"urlTemplate\":\"https:\\\/\\\/urbeamea.ro\\\/albaiulia\\\/?s={search_term_string}\"},\"query-input\":{\"@type\":\"PropertyValueSpecification\",\"valueRequired\":true,\"valueName\":\"search_term_string\"}}],\"inLanguage\":\"ro-RO\"},{\"@type\":\"Person\",\"@id\":\"https:\\\/\\\/urbeamea.ro\\\/albaiulia\\\/#\\\/schema\\\/person\\\/272ae98052f8ee8980f59848df070247\",\"name\":\"Redac\u021bia UrbeaMea\",\"image\":{\"@type\":\"ImageObject\",\"inLanguage\":\"ro-RO\",\"@id\":\"https:\\\/\\\/secure.gravatar.com\\\/avatar\\\/9ce5a9435071fa1037e8468053ead8e513dbbff59009d3069aadb85506d85a27?s=96&d=mm&r=g\",\"url\":\"https:\\\/\\\/secure.gravatar.com\\\/avatar\\\/9ce5a9435071fa1037e8468053ead8e513dbbff59009d3069aadb85506d85a27?s=96&d=mm&r=g\",\"contentUrl\":\"https:\\\/\\\/secure.gravatar.com\\\/avatar\\\/9ce5a9435071fa1037e8468053ead8e513dbbff59009d3069aadb85506d85a27?s=96&d=mm&r=g\",\"caption\":\"Redac\u021bia UrbeaMea\"},\"description\":\"contact@urbeamea.ro\",\"sameAs\":[\"https:\\\/\\\/www.urbeamea.ro\"],\"url\":\"https:\\\/\\\/urbeamea.ro\\\/albaiulia\\\/author\\\/redactia-urbeamea\\\/\"}]}<\/script>\n<!-- \/ Yoast SEO plugin. -->","yoast_head_json":{"title":"Festivalul MASSIF anun\u021b\u0103 programul complet pe zile - Revista Urbea Mea - Revista de Alba","description":"Mai sunt doar c\u00e2teva zile p\u00e2n\u0103 la cel mai a\u0219teptat festival de la munte din Rom\u00e2nia. Organizatorii celor mai mari festivaluri din Europa anun\u021b\u0103 programul","robots":{"index":"index","follow":"follow","max-snippet":"max-snippet:-1","max-image-preview":"max-image-preview:large","max-video-preview":"max-video-preview:-1"},"canonical":"https:\/\/urbeamea.ro\/albaiulia\/festivalul-massif-anunta-programul-complet-pe-zile\/","twitter_card":"summary_large_image","twitter_title":"Festivalul MASSIF anun\u021b\u0103 programul complet pe zile - Revista Urbea Mea - Revista de Alba","twitter_description":"Mai sunt doar c\u00e2teva zile p\u00e2n\u0103 la cel mai a\u0219teptat festival de la munte din Rom\u00e2nia. Organizatorii celor mai mari festivaluri din Europa anun\u021b\u0103 programul","twitter_image":"https:\/\/urbeamea.ro\/albaiulia\/wp-content\/uploads\/2023\/11\/Massif-2024_1.jpeg","twitter_creator":"@urbeameaweb","twitter_site":"@urbeameaweb","schema":{"@context":"https:\/\/schema.org","@graph":[{"@type":"Article","@id":"https:\/\/urbeamea.ro\/albaiulia\/festivalul-massif-anunta-programul-complet-pe-zile\/#article","isPartOf":{"@id":"https:\/\/urbeamea.ro\/albaiulia\/festivalul-massif-anunta-programul-complet-pe-zile\/"},"author":{"name":"Redac\u021bia UrbeaMea","@id":"https:\/\/urbeamea.ro\/albaiulia\/#\/schema\/person\/272ae98052f8ee8980f59848df070247"},"headline":"Festivalul MASSIF anun\u021b\u0103 programul complet pe zile","datePublished":"2024-03-11T09:42:16+00:00","dateModified":"2024-03-11T09:42:18+00:00","mainEntityOfPage":{"@id":"https:\/\/urbeamea.ro\/albaiulia\/festivalul-massif-anunta-programul-complet-pe-zile\/"},"wordCount":386,"commentCount":0,"image":{"@id":"https:\/\/urbeamea.ro\/albaiulia\/festivalul-massif-anunta-programul-complet-pe-zile\/#primaryimage"},"thumbnailUrl":"https:\/\/urbeamea.ro\/albaiulia\/wp-content\/uploads\/2023\/11\/Massif-2024_1.jpeg","keywords":["massif 2024"],"articleSection":["Evenimente"],"inLanguage":"ro-RO","potentialAction":[{"@type":"CommentAction","name":"Comment","target":["https:\/\/urbeamea.ro\/albaiulia\/festivalul-massif-anunta-programul-complet-pe-zile\/#respond"]}]},{"@type":"WebPage","@id":"https:\/\/urbeamea.ro\/albaiulia\/festivalul-massif-anunta-programul-complet-pe-zile\/","url":"https:\/\/urbeamea.ro\/albaiulia\/festivalul-massif-anunta-programul-complet-pe-zile\/","name":"Festivalul MASSIF anun\u021b\u0103 programul complet pe zile - Revista Urbea Mea - Revista de Alba","isPartOf":{"@id":"https:\/\/urbeamea.ro\/albaiulia\/#website"},"primaryImageOfPage":{"@id":"https:\/\/urbeamea.ro\/albaiulia\/festivalul-massif-anunta-programul-complet-pe-zile\/#primaryimage"},"image":{"@id":"https:\/\/urbeamea.ro\/albaiulia\/festivalul-massif-anunta-programul-complet-pe-zile\/#primaryimage"},"thumbnailUrl":"https:\/\/urbeamea.ro\/albaiulia\/wp-content\/uploads\/2023\/11\/Massif-2024_1.jpeg","datePublished":"2024-03-11T09:42:16+00:00","dateModified":"2024-03-11T09:42:18+00:00","author":{"@id":"https:\/\/urbeamea.ro\/albaiulia\/#\/schema\/person\/272ae98052f8ee8980f59848df070247"},"description":"Mai sunt doar c\u00e2teva zile p\u00e2n\u0103 la cel mai a\u0219teptat festival de la munte din Rom\u00e2nia. Organizatorii celor mai mari festivaluri din Europa anun\u021b\u0103 programul","breadcrumb":{"@id":"https:\/\/urbeamea.ro\/albaiulia\/festivalul-massif-anunta-programul-complet-pe-zile\/#breadcrumb"},"inLanguage":"ro-RO","potentialAction":[{"@type":"ReadAction","target":["https:\/\/urbeamea.ro\/albaiulia\/festivalul-massif-anunta-programul-complet-pe-zile\/"]}]},{"@type":"ImageObject","inLanguage":"ro-RO","@id":"https:\/\/urbeamea.ro\/albaiulia\/festivalul-massif-anunta-programul-complet-pe-zile\/#primaryimage","url":"https:\/\/urbeamea.ro\/albaiulia\/wp-content\/uploads\/2023\/11\/Massif-2024_1.jpeg","contentUrl":"https:\/\/urbeamea.ro\/albaiulia\/wp-content\/uploads\/2023\/11\/Massif-2024_1.jpeg","width":1600,"height":1067},{"@type":"BreadcrumbList","@id":"https:\/\/urbeamea.ro\/albaiulia\/festivalul-massif-anunta-programul-complet-pe-zile\/#breadcrumb","itemListElement":[{"@type":"ListItem","position":1,"name":"Prima pagin\u0103","item":"https:\/\/urbeamea.ro\/albaiulia\/"},{"@type":"ListItem","position":2,"name":"Festivalul MASSIF anun\u021b\u0103 programul complet pe zile"}]},{"@type":"WebSite","@id":"https:\/\/urbeamea.ro\/albaiulia\/#website","url":"https:\/\/urbeamea.ro\/albaiulia\/","name":"Revista Urbea Mea, Stiri urbane","description":"Evenimente \u0219i \u0219tiri din Alba Iulia, Sebe\u0219, Aiud, Blaj","potentialAction":[{"@type":"SearchAction","target":{"@type":"EntryPoint","urlTemplate":"https:\/\/urbeamea.ro\/albaiulia\/?s={search_term_string}"},"query-input":{"@type":"PropertyValueSpecification","valueRequired":true,"valueName":"search_term_string"}}],"inLanguage":"ro-RO"},{"@type":"Person","@id":"https:\/\/urbeamea.ro\/albaiulia\/#\/schema\/person\/272ae98052f8ee8980f59848df070247","name":"Redac\u021bia UrbeaMea","image":{"@type":"ImageObject","inLanguage":"ro-RO","@id":"https:\/\/secure.gravatar.com\/avatar\/9ce5a9435071fa1037e8468053ead8e513dbbff59009d3069aadb85506d85a27?s=96&d=mm&r=g","url":"https:\/\/secure.gravatar.com\/avatar\/9ce5a9435071fa1037e8468053ead8e513dbbff59009d3069aadb85506d85a27?s=96&d=mm&r=g","contentUrl":"https:\/\/secure.gravatar.com\/avatar\/9ce5a9435071fa1037e8468053ead8e513dbbff59009d3069aadb85506d85a27?s=96&d=mm&r=g","caption":"Redac\u021bia UrbeaMea"},"description":"contact@urbeamea.ro","sameAs":["https:\/\/www.urbeamea.ro"],"url":"https:\/\/urbeamea.ro\/albaiulia\/author\/redactia-urbeamea\/"}]}},"_links":{"self":[{"href":"https:\/\/urbeamea.ro\/albaiulia\/wp-json\/wp\/v2\/posts\/110607","targetHints":{"allow":["GET"]}}],"collection":[{"href":"https:\/\/urbeamea.ro\/albaiulia\/wp-json\/wp\/v2\/posts"}],"about":[{"href":"https:\/\/urbeamea.ro\/albaiulia\/wp-json\/wp\/v2\/types\/post"}],"author":[{"embeddable":true,"href":"https:\/\/urbeamea.ro\/albaiulia\/wp-json\/wp\/v2\/users\/16"}],"replies":[{"embeddable":true,"href":"https:\/\/urbeamea.ro\/albaiulia\/wp-json\/wp\/v2\/comments?post=110607"}],"version-history":[{"count":1,"href":"https:\/\/urbeamea.ro\/albaiulia\/wp-json\/wp\/v2\/posts\/110607\/revisions"}],"predecessor-version":[{"id":110613,"href":"https:\/\/urbeamea.ro\/albaiulia\/wp-json\/wp\/v2\/posts\/110607\/revisions\/110613"}],"wp:featuredmedia":[{"embeddable":true,"href":"https:\/\/urbeamea.ro\/albaiulia\/wp-json\/wp\/v2\/media\/109557"}],"wp:attachment":[{"href":"https:\/\/urbeamea.ro\/albaiulia\/wp-json\/wp\/v2\/media?parent=110607"}],"wp:term":[{"taxonomy":"category","embeddable":true,"href":"https:\/\/urbeamea.ro\/albaiulia\/wp-json\/wp\/v2\/categories?post=110607"},{"taxonomy":"post_tag","embeddable":true,"href":"https:\/\/urbeamea.ro\/albaiulia\/wp-json\/wp\/v2\/tags?post=110607"}],"curies":[{"name":"wp","href":"https:\/\/api.w.org\/{rel}","templated":true}]}}