{"id":110614,"date":"2024-03-11T11:44:41","date_gmt":"2024-03-11T09:44:41","guid":{"rendered":"https:\/\/urbeamea.ro\/albaiulia\/?p=110614"},"modified":"2024-03-11T11:44:43","modified_gmt":"2024-03-11T09:44:43","slug":"erika-isac-vine-la-massif-pe-17-martie-pe-scena-g-o-a-t","status":"publish","type":"post","link":"https:\/\/urbeamea.ro\/albaiulia\/erika-isac-vine-la-massif-pe-17-martie-pe-scena-g-o-a-t\/","title":{"rendered":"Erika Isac vine la Massif, pe 17 martie, pe scena G.O.A.T."},"content":{"rendered":"\n<p>Artista Erika Isac vine la festivalul Massif \u0219i va urca pe scena G.O.A.T. duminic\u0103, 17 martie, \u00eentr-un super show \u00een care se vor auzi cele mai cunoscute hituri ale artistei, printre care \u0219i viralul manifest \u201cMacarena\u201d, dar si piesa lansat\u0103 ast\u0103zi, Femei \u00een Parlament.<\/p>\n\n\n\n<p>\u00cenc\u0103 de la debutul s\u0103u \u00een industria muzical\u0103, Erika Isac a urcat de dou\u0103 ori pe Mainstage-ul Neversea. Artista \u00a0este una dintre cele mai fresh apari\u021bii din industria muzical\u0103 din Rom\u00e2nia. Erika a participat de-a lungul timpului la mai multe talent show-uri \u0219i e preg\u0103tit\u0103 s\u0103 demonstreze c\u0103 merit\u0103 s\u0103 fie pe cele mai mari scene ale lumii. \u00cen 2023, odat\u0103 cu apari\u021bia sa de succes la Urbanist Sessions, artista a \u00eenceput s\u0103 se remarce pe scena urban\u0103 a muzicii, mai ales datorit\u0103 piesei \u201cTap Tap\u201d, prima care a deschis seria lans\u0103rilor cu mesaj dedicat femeilor.<\/p>\n\n\n\n<p>A urmat piesa ,,Femei\u201d, care are peste 3 milioane de vizualiz\u0103ri deja, dar \u0219i piesa ,,Tupeista\u201d, care a urcat rapid \u00een topurile YouTube datorit\u0103 videoclipului \u0219i a mesajului controversat. Single-ul &#8222;Macarena&#8221; este un manifest feminist care a st\u00e2rnit milioane de reac\u021bii \u0219i care marcheaz\u0103 doar \u00eenceputul mesajului pe care artista \u00eel sus\u021bine.<\/p>\n\n\n\n<p>Mai sunt doar \u0219ase zile p\u00e2n\u0103 la cel mai a\u0219teptat festival de la munte din Rom\u00e2nia. Organizatorii celor mai mari festivaluri din Europa au anun\u021bat lista complet\u0103 a arti\u0219tilor care vor urca pe scenele celui mai nou concept de divertisment de la munte. Festivalul <strong>Massif<\/strong> va avea loc \u00een perioada <strong>14-17 martie<\/strong>, iar <strong>Poiana Bra\u0219ov<\/strong> va fi locul \u00een care mii de iubitori ai sporturilor de iarn\u0103, muzicii, aventurii, distrac\u021biei dar \u0219i a experien\u021belor exclusiviste se vor aduna.<\/p>\n\n\n\n<p>\u00cen Poiana Bra\u0219ov, \u00een perioada <strong>14-17 martie, <\/strong>fanii se vor bucura de cele mai tari petreceri al\u0103turi de arti\u0219tii prezen\u021bi \u00een festival pe <strong>scena principal\u0103<\/strong>, <strong>G.O.A.T.<\/strong> (<strong>Greatest Of All Time<\/strong>), <strong>Massif x Nuba VIP Afterparty<\/strong>, <strong>George Music Hideou<\/strong>t \u0219i la apres-ski-urile partenere<strong>, Nuba Chalet Stage<\/strong> \u0219i <strong>Yager Chalet Stage<\/strong>.<\/p>\n\n\n\n<p><strong>Mahmut Orhan, Claptone<\/strong>, maestrul afro-tech <strong>Shimza<\/strong>, unul dintre cei mai frumo\u0219i nebuni ai scenei electronice, <strong>GORDO,<\/strong> la care se adaug\u0103 produc\u0103torul deep house, <strong>Grigor\u00e9<\/strong>, sunt arti\u0219tii care vor ajunge la scena principal\u0103 <strong>Massif<\/strong>, \u00een cele patru zile de festival, al\u0103turi de <strong>Dirty Nano, Mahony, HVMZA, Valeron, Sezer Uysal, Adrian \u0218aguna, Arias, Dark &amp; Menthol, Day Dreamers (Marwan Dua, Dub Fx, Woodnote), Akos<\/strong>.<\/p>\n\n\n\n<p><strong>Chase &amp; Status, <\/strong>belgianul <strong>Netsky<\/strong>, <strong>Wilkinson, Dub FX feat. Woodnote<\/strong>, <strong>Villain, DWLS, HVNDS, Grasu XXL, \u0218uie Paparude, CTC, Puya, Aurik &amp; Pelin, 4AWL, Andi Moisescu, The Hollygood Gang, Killa Fonic, Deliric x Silent Strike,&nbsp; Cucugram b2b Deny, Memphis and Blocksberg, Pappa M &amp; Mc Dylma<\/strong> \u0219i <strong>Hip-Hop Takeovers<\/strong> vor genera euforie la scena <strong>G.O.A.T<\/strong>.<\/p>\n\n\n\n<p>Organizatorii promit o produc\u021bie care va duce entertainment-ul de iarn\u0103 din <strong>Rom\u00e2nia<\/strong> la un alt nivel, iar festivalul <strong>Massif <\/strong>va transforma, pentru al doilea an la r\u00e2nd, sta\u021biunea <strong>Poiana Bra\u0219ov<\/strong> \u00een cea mai dorit\u0103 \u0219i c\u0103utat\u0103 destina\u021bie montan\u0103 de c\u0103tre tinerii din <strong>Europa<\/strong>.Abonamentele pentru cea de-a doua edi\u021bie a festivalului <strong>Massif<\/strong> sunt disponibile pe site-ul<a href=\"https:\/\/bemassif.com\/?gclid=CjwKCAiA5sieBhBnEiwAR9oh2tNl5BHylzN2h-Ox3pWZLeMeL248YhUU8VI7sPa5XxLEq-po6gSZVBoCxywQAvD_BwE\"> <\/a><a href=\"https:\/\/bemassif.com\/?gclid=CjwKCAiA5sieBhBnEiwAR9oh2tNl5BHylzN2h-Ox3pWZLeMeL248YhUU8VI7sPa5XxLEq-po6gSZVBoCxywQAvD_BwE\" target=\"_blank\" rel=\"noreferrer noopener\"><strong>bemassif.com<\/strong><\/a>.<\/p>\n","protected":false},"excerpt":{"rendered":"<p>Artista Erika Isac vine la festivalul Massif \u0219i va urca pe scena G.O.A.T. duminic\u0103, 17 martie, \u00eentr-un super show \u00een care se vor auzi cele mai cunoscute hituri ale artistei, printre care \u0219i viralul manifest \u201cMacarena\u201d, dar si piesa lansat\u0103 ast\u0103zi, Femei \u00een Parlament. \u00cenc\u0103 de la debutul s\u0103u \u00een industria muzical\u0103, Erika Isac a &hellip;<\/p>\n","protected":false},"author":16,"featured_media":110615,"comment_status":"open","ping_status":"open","sticky":false,"template":"","format":"standard","meta":{"inline_featured_image":false,"footnotes":""},"categories":[4],"tags":[24968,24916],"class_list":["post-110614","post","type-post","status-publish","format-standard","has-post-thumbnail","hentry","category-eveniment","tag-erika-isac","tag-massif-2024"],"yoast_head":"<!-- This site is optimized with the Yoast SEO plugin v27.4 - https:\/\/yoast.com\/product\/yoast-seo-wordpress\/ -->\n<title>Erika Isac vine la Massif, pe 17 martie, pe scena G.O.A.T. - Revista Urbea Mea - Revista de Alba<\/title>\n<meta name=\"description\" content=\"Artista Erika Isac vine la festivalul Massif \u0219i va urca pe scena G.O.A.T. duminic\u0103, 17 martie, \u00eentr-un super show \u00een care se vor auzi cele mai cunoscute\" \/>\n<meta name=\"robots\" content=\"index, follow, max-snippet:-1, max-image-preview:large, max-video-preview:-1\" \/>\n<link rel=\"canonical\" href=\"https:\/\/urbeamea.ro\/albaiulia\/erika-isac-vine-la-massif-pe-17-martie-pe-scena-g-o-a-t\/\" \/>\n<meta name=\"twitter:card\" content=\"summary_large_image\" \/>\n<meta name=\"twitter:title\" content=\"Erika Isac vine la Massif, pe 17 martie, pe scena G.O.A.T. - Revista Urbea Mea - Revista de Alba\" \/>\n<meta name=\"twitter:description\" content=\"Artista Erika Isac vine la festivalul Massif \u0219i va urca pe scena G.O.A.T. duminic\u0103, 17 martie, \u00eentr-un super show \u00een care se vor auzi cele mai cunoscute\" \/>\n<meta name=\"twitter:image\" content=\"https:\/\/urbeamea.ro\/albaiulia\/wp-content\/uploads\/2024\/03\/1x1_Massif-GOAT.png\" \/>\n<meta name=\"twitter:creator\" content=\"@urbeameaweb\" \/>\n<meta name=\"twitter:site\" content=\"@urbeameaweb\" \/>\n<script type=\"application\/ld+json\" class=\"yoast-schema-graph\">{\"@context\":\"https:\\\/\\\/schema.org\",\"@graph\":[{\"@type\":\"Article\",\"@id\":\"https:\\\/\\\/urbeamea.ro\\\/albaiulia\\\/erika-isac-vine-la-massif-pe-17-martie-pe-scena-g-o-a-t\\\/#article\",\"isPartOf\":{\"@id\":\"https:\\\/\\\/urbeamea.ro\\\/albaiulia\\\/erika-isac-vine-la-massif-pe-17-martie-pe-scena-g-o-a-t\\\/\"},\"author\":{\"name\":\"Redac\u021bia UrbeaMea\",\"@id\":\"https:\\\/\\\/urbeamea.ro\\\/albaiulia\\\/#\\\/schema\\\/person\\\/272ae98052f8ee8980f59848df070247\"},\"headline\":\"Erika Isac vine la Massif, pe 17 martie, pe scena G.O.A.T.\",\"datePublished\":\"2024-03-11T09:44:41+00:00\",\"dateModified\":\"2024-03-11T09:44:43+00:00\",\"mainEntityOfPage\":{\"@id\":\"https:\\\/\\\/urbeamea.ro\\\/albaiulia\\\/erika-isac-vine-la-massif-pe-17-martie-pe-scena-g-o-a-t\\\/\"},\"wordCount\":550,\"commentCount\":0,\"image\":{\"@id\":\"https:\\\/\\\/urbeamea.ro\\\/albaiulia\\\/erika-isac-vine-la-massif-pe-17-martie-pe-scena-g-o-a-t\\\/#primaryimage\"},\"thumbnailUrl\":\"https:\\\/\\\/urbeamea.ro\\\/albaiulia\\\/wp-content\\\/uploads\\\/2024\\\/03\\\/1x1_Massif-GOAT.png\",\"keywords\":[\"erika isac\",\"massif 2024\"],\"articleSection\":[\"Evenimente\"],\"inLanguage\":\"ro-RO\",\"potentialAction\":[{\"@type\":\"CommentAction\",\"name\":\"Comment\",\"target\":[\"https:\\\/\\\/urbeamea.ro\\\/albaiulia\\\/erika-isac-vine-la-massif-pe-17-martie-pe-scena-g-o-a-t\\\/#respond\"]}]},{\"@type\":\"WebPage\",\"@id\":\"https:\\\/\\\/urbeamea.ro\\\/albaiulia\\\/erika-isac-vine-la-massif-pe-17-martie-pe-scena-g-o-a-t\\\/\",\"url\":\"https:\\\/\\\/urbeamea.ro\\\/albaiulia\\\/erika-isac-vine-la-massif-pe-17-martie-pe-scena-g-o-a-t\\\/\",\"name\":\"Erika Isac vine la Massif, pe 17 martie, pe scena G.O.A.T. - Revista Urbea Mea - Revista de Alba\",\"isPartOf\":{\"@id\":\"https:\\\/\\\/urbeamea.ro\\\/albaiulia\\\/#website\"},\"primaryImageOfPage\":{\"@id\":\"https:\\\/\\\/urbeamea.ro\\\/albaiulia\\\/erika-isac-vine-la-massif-pe-17-martie-pe-scena-g-o-a-t\\\/#primaryimage\"},\"image\":{\"@id\":\"https:\\\/\\\/urbeamea.ro\\\/albaiulia\\\/erika-isac-vine-la-massif-pe-17-martie-pe-scena-g-o-a-t\\\/#primaryimage\"},\"thumbnailUrl\":\"https:\\\/\\\/urbeamea.ro\\\/albaiulia\\\/wp-content\\\/uploads\\\/2024\\\/03\\\/1x1_Massif-GOAT.png\",\"datePublished\":\"2024-03-11T09:44:41+00:00\",\"dateModified\":\"2024-03-11T09:44:43+00:00\",\"author\":{\"@id\":\"https:\\\/\\\/urbeamea.ro\\\/albaiulia\\\/#\\\/schema\\\/person\\\/272ae98052f8ee8980f59848df070247\"},\"description\":\"Artista Erika Isac vine la festivalul Massif \u0219i va urca pe scena G.O.A.T. duminic\u0103, 17 martie, \u00eentr-un super show \u00een care se vor auzi cele mai cunoscute\",\"breadcrumb\":{\"@id\":\"https:\\\/\\\/urbeamea.ro\\\/albaiulia\\\/erika-isac-vine-la-massif-pe-17-martie-pe-scena-g-o-a-t\\\/#breadcrumb\"},\"inLanguage\":\"ro-RO\",\"potentialAction\":[{\"@type\":\"ReadAction\",\"target\":[\"https:\\\/\\\/urbeamea.ro\\\/albaiulia\\\/erika-isac-vine-la-massif-pe-17-martie-pe-scena-g-o-a-t\\\/\"]}]},{\"@type\":\"ImageObject\",\"inLanguage\":\"ro-RO\",\"@id\":\"https:\\\/\\\/urbeamea.ro\\\/albaiulia\\\/erika-isac-vine-la-massif-pe-17-martie-pe-scena-g-o-a-t\\\/#primaryimage\",\"url\":\"https:\\\/\\\/urbeamea.ro\\\/albaiulia\\\/wp-content\\\/uploads\\\/2024\\\/03\\\/1x1_Massif-GOAT.png\",\"contentUrl\":\"https:\\\/\\\/urbeamea.ro\\\/albaiulia\\\/wp-content\\\/uploads\\\/2024\\\/03\\\/1x1_Massif-GOAT.png\",\"width\":1080,\"height\":1080},{\"@type\":\"BreadcrumbList\",\"@id\":\"https:\\\/\\\/urbeamea.ro\\\/albaiulia\\\/erika-isac-vine-la-massif-pe-17-martie-pe-scena-g-o-a-t\\\/#breadcrumb\",\"itemListElement\":[{\"@type\":\"ListItem\",\"position\":1,\"name\":\"Prima pagin\u0103\",\"item\":\"https:\\\/\\\/urbeamea.ro\\\/albaiulia\\\/\"},{\"@type\":\"ListItem\",\"position\":2,\"name\":\"Erika Isac vine la Massif, pe 17 martie, pe scena G.O.A.T.\"}]},{\"@type\":\"WebSite\",\"@id\":\"https:\\\/\\\/urbeamea.ro\\\/albaiulia\\\/#website\",\"url\":\"https:\\\/\\\/urbeamea.ro\\\/albaiulia\\\/\",\"name\":\"Revista Urbea Mea, Stiri urbane\",\"description\":\"Evenimente \u0219i \u0219tiri din Alba Iulia, Sebe\u0219, Aiud, Blaj\",\"potentialAction\":[{\"@type\":\"SearchAction\",\"target\":{\"@type\":\"EntryPoint\",\"urlTemplate\":\"https:\\\/\\\/urbeamea.ro\\\/albaiulia\\\/?s={search_term_string}\"},\"query-input\":{\"@type\":\"PropertyValueSpecification\",\"valueRequired\":true,\"valueName\":\"search_term_string\"}}],\"inLanguage\":\"ro-RO\"},{\"@type\":\"Person\",\"@id\":\"https:\\\/\\\/urbeamea.ro\\\/albaiulia\\\/#\\\/schema\\\/person\\\/272ae98052f8ee8980f59848df070247\",\"name\":\"Redac\u021bia UrbeaMea\",\"image\":{\"@type\":\"ImageObject\",\"inLanguage\":\"ro-RO\",\"@id\":\"https:\\\/\\\/secure.gravatar.com\\\/avatar\\\/9ce5a9435071fa1037e8468053ead8e513dbbff59009d3069aadb85506d85a27?s=96&d=mm&r=g\",\"url\":\"https:\\\/\\\/secure.gravatar.com\\\/avatar\\\/9ce5a9435071fa1037e8468053ead8e513dbbff59009d3069aadb85506d85a27?s=96&d=mm&r=g\",\"contentUrl\":\"https:\\\/\\\/secure.gravatar.com\\\/avatar\\\/9ce5a9435071fa1037e8468053ead8e513dbbff59009d3069aadb85506d85a27?s=96&d=mm&r=g\",\"caption\":\"Redac\u021bia UrbeaMea\"},\"description\":\"contact@urbeamea.ro\",\"sameAs\":[\"https:\\\/\\\/www.urbeamea.ro\"],\"url\":\"https:\\\/\\\/urbeamea.ro\\\/albaiulia\\\/author\\\/redactia-urbeamea\\\/\"}]}<\/script>\n<!-- \/ Yoast SEO plugin. -->","yoast_head_json":{"title":"Erika Isac vine la Massif, pe 17 martie, pe scena G.O.A.T. - Revista Urbea Mea - Revista de Alba","description":"Artista Erika Isac vine la festivalul Massif \u0219i va urca pe scena G.O.A.T. duminic\u0103, 17 martie, \u00eentr-un super show \u00een care se vor auzi cele mai cunoscute","robots":{"index":"index","follow":"follow","max-snippet":"max-snippet:-1","max-image-preview":"max-image-preview:large","max-video-preview":"max-video-preview:-1"},"canonical":"https:\/\/urbeamea.ro\/albaiulia\/erika-isac-vine-la-massif-pe-17-martie-pe-scena-g-o-a-t\/","twitter_card":"summary_large_image","twitter_title":"Erika Isac vine la Massif, pe 17 martie, pe scena G.O.A.T. - Revista Urbea Mea - Revista de Alba","twitter_description":"Artista Erika Isac vine la festivalul Massif \u0219i va urca pe scena G.O.A.T. duminic\u0103, 17 martie, \u00eentr-un super show \u00een care se vor auzi cele mai cunoscute","twitter_image":"https:\/\/urbeamea.ro\/albaiulia\/wp-content\/uploads\/2024\/03\/1x1_Massif-GOAT.png","twitter_creator":"@urbeameaweb","twitter_site":"@urbeameaweb","schema":{"@context":"https:\/\/schema.org","@graph":[{"@type":"Article","@id":"https:\/\/urbeamea.ro\/albaiulia\/erika-isac-vine-la-massif-pe-17-martie-pe-scena-g-o-a-t\/#article","isPartOf":{"@id":"https:\/\/urbeamea.ro\/albaiulia\/erika-isac-vine-la-massif-pe-17-martie-pe-scena-g-o-a-t\/"},"author":{"name":"Redac\u021bia UrbeaMea","@id":"https:\/\/urbeamea.ro\/albaiulia\/#\/schema\/person\/272ae98052f8ee8980f59848df070247"},"headline":"Erika Isac vine la Massif, pe 17 martie, pe scena G.O.A.T.","datePublished":"2024-03-11T09:44:41+00:00","dateModified":"2024-03-11T09:44:43+00:00","mainEntityOfPage":{"@id":"https:\/\/urbeamea.ro\/albaiulia\/erika-isac-vine-la-massif-pe-17-martie-pe-scena-g-o-a-t\/"},"wordCount":550,"commentCount":0,"image":{"@id":"https:\/\/urbeamea.ro\/albaiulia\/erika-isac-vine-la-massif-pe-17-martie-pe-scena-g-o-a-t\/#primaryimage"},"thumbnailUrl":"https:\/\/urbeamea.ro\/albaiulia\/wp-content\/uploads\/2024\/03\/1x1_Massif-GOAT.png","keywords":["erika isac","massif 2024"],"articleSection":["Evenimente"],"inLanguage":"ro-RO","potentialAction":[{"@type":"CommentAction","name":"Comment","target":["https:\/\/urbeamea.ro\/albaiulia\/erika-isac-vine-la-massif-pe-17-martie-pe-scena-g-o-a-t\/#respond"]}]},{"@type":"WebPage","@id":"https:\/\/urbeamea.ro\/albaiulia\/erika-isac-vine-la-massif-pe-17-martie-pe-scena-g-o-a-t\/","url":"https:\/\/urbeamea.ro\/albaiulia\/erika-isac-vine-la-massif-pe-17-martie-pe-scena-g-o-a-t\/","name":"Erika Isac vine la Massif, pe 17 martie, pe scena G.O.A.T. - Revista Urbea Mea - Revista de Alba","isPartOf":{"@id":"https:\/\/urbeamea.ro\/albaiulia\/#website"},"primaryImageOfPage":{"@id":"https:\/\/urbeamea.ro\/albaiulia\/erika-isac-vine-la-massif-pe-17-martie-pe-scena-g-o-a-t\/#primaryimage"},"image":{"@id":"https:\/\/urbeamea.ro\/albaiulia\/erika-isac-vine-la-massif-pe-17-martie-pe-scena-g-o-a-t\/#primaryimage"},"thumbnailUrl":"https:\/\/urbeamea.ro\/albaiulia\/wp-content\/uploads\/2024\/03\/1x1_Massif-GOAT.png","datePublished":"2024-03-11T09:44:41+00:00","dateModified":"2024-03-11T09:44:43+00:00","author":{"@id":"https:\/\/urbeamea.ro\/albaiulia\/#\/schema\/person\/272ae98052f8ee8980f59848df070247"},"description":"Artista Erika Isac vine la festivalul Massif \u0219i va urca pe scena G.O.A.T. duminic\u0103, 17 martie, \u00eentr-un super show \u00een care se vor auzi cele mai cunoscute","breadcrumb":{"@id":"https:\/\/urbeamea.ro\/albaiulia\/erika-isac-vine-la-massif-pe-17-martie-pe-scena-g-o-a-t\/#breadcrumb"},"inLanguage":"ro-RO","potentialAction":[{"@type":"ReadAction","target":["https:\/\/urbeamea.ro\/albaiulia\/erika-isac-vine-la-massif-pe-17-martie-pe-scena-g-o-a-t\/"]}]},{"@type":"ImageObject","inLanguage":"ro-RO","@id":"https:\/\/urbeamea.ro\/albaiulia\/erika-isac-vine-la-massif-pe-17-martie-pe-scena-g-o-a-t\/#primaryimage","url":"https:\/\/urbeamea.ro\/albaiulia\/wp-content\/uploads\/2024\/03\/1x1_Massif-GOAT.png","contentUrl":"https:\/\/urbeamea.ro\/albaiulia\/wp-content\/uploads\/2024\/03\/1x1_Massif-GOAT.png","width":1080,"height":1080},{"@type":"BreadcrumbList","@id":"https:\/\/urbeamea.ro\/albaiulia\/erika-isac-vine-la-massif-pe-17-martie-pe-scena-g-o-a-t\/#breadcrumb","itemListElement":[{"@type":"ListItem","position":1,"name":"Prima pagin\u0103","item":"https:\/\/urbeamea.ro\/albaiulia\/"},{"@type":"ListItem","position":2,"name":"Erika Isac vine la Massif, pe 17 martie, pe scena G.O.A.T."}]},{"@type":"WebSite","@id":"https:\/\/urbeamea.ro\/albaiulia\/#website","url":"https:\/\/urbeamea.ro\/albaiulia\/","name":"Revista Urbea Mea, Stiri urbane","description":"Evenimente \u0219i \u0219tiri din Alba Iulia, Sebe\u0219, Aiud, Blaj","potentialAction":[{"@type":"SearchAction","target":{"@type":"EntryPoint","urlTemplate":"https:\/\/urbeamea.ro\/albaiulia\/?s={search_term_string}"},"query-input":{"@type":"PropertyValueSpecification","valueRequired":true,"valueName":"search_term_string"}}],"inLanguage":"ro-RO"},{"@type":"Person","@id":"https:\/\/urbeamea.ro\/albaiulia\/#\/schema\/person\/272ae98052f8ee8980f59848df070247","name":"Redac\u021bia UrbeaMea","image":{"@type":"ImageObject","inLanguage":"ro-RO","@id":"https:\/\/secure.gravatar.com\/avatar\/9ce5a9435071fa1037e8468053ead8e513dbbff59009d3069aadb85506d85a27?s=96&d=mm&r=g","url":"https:\/\/secure.gravatar.com\/avatar\/9ce5a9435071fa1037e8468053ead8e513dbbff59009d3069aadb85506d85a27?s=96&d=mm&r=g","contentUrl":"https:\/\/secure.gravatar.com\/avatar\/9ce5a9435071fa1037e8468053ead8e513dbbff59009d3069aadb85506d85a27?s=96&d=mm&r=g","caption":"Redac\u021bia UrbeaMea"},"description":"contact@urbeamea.ro","sameAs":["https:\/\/www.urbeamea.ro"],"url":"https:\/\/urbeamea.ro\/albaiulia\/author\/redactia-urbeamea\/"}]}},"_links":{"self":[{"href":"https:\/\/urbeamea.ro\/albaiulia\/wp-json\/wp\/v2\/posts\/110614","targetHints":{"allow":["GET"]}}],"collection":[{"href":"https:\/\/urbeamea.ro\/albaiulia\/wp-json\/wp\/v2\/posts"}],"about":[{"href":"https:\/\/urbeamea.ro\/albaiulia\/wp-json\/wp\/v2\/types\/post"}],"author":[{"embeddable":true,"href":"https:\/\/urbeamea.ro\/albaiulia\/wp-json\/wp\/v2\/users\/16"}],"replies":[{"embeddable":true,"href":"https:\/\/urbeamea.ro\/albaiulia\/wp-json\/wp\/v2\/comments?post=110614"}],"version-history":[{"count":1,"href":"https:\/\/urbeamea.ro\/albaiulia\/wp-json\/wp\/v2\/posts\/110614\/revisions"}],"predecessor-version":[{"id":110616,"href":"https:\/\/urbeamea.ro\/albaiulia\/wp-json\/wp\/v2\/posts\/110614\/revisions\/110616"}],"wp:featuredmedia":[{"embeddable":true,"href":"https:\/\/urbeamea.ro\/albaiulia\/wp-json\/wp\/v2\/media\/110615"}],"wp:attachment":[{"href":"https:\/\/urbeamea.ro\/albaiulia\/wp-json\/wp\/v2\/media?parent=110614"}],"wp:term":[{"taxonomy":"category","embeddable":true,"href":"https:\/\/urbeamea.ro\/albaiulia\/wp-json\/wp\/v2\/categories?post=110614"},{"taxonomy":"post_tag","embeddable":true,"href":"https:\/\/urbeamea.ro\/albaiulia\/wp-json\/wp\/v2\/tags?post=110614"}],"curies":[{"name":"wp","href":"https:\/\/api.w.org\/{rel}","templated":true}]}}