{"id":110619,"date":"2024-03-12T10:13:43","date_gmt":"2024-03-12T08:13:43","guid":{"rendered":"https:\/\/urbeamea.ro\/albaiulia\/?p=110619"},"modified":"2024-03-12T10:13:44","modified_gmt":"2024-03-12T08:13:44","slug":"muzeul-palatul-principilor-transilvaniei-a-demarat-procedura-de-conservare-a-exponatelor-din-lapidariul-spatiului-muzeal-principia","status":"publish","type":"post","link":"https:\/\/urbeamea.ro\/albaiulia\/muzeul-palatul-principilor-transilvaniei-a-demarat-procedura-de-conservare-a-exponatelor-din-lapidariul-spatiului-muzeal-principia\/","title":{"rendered":"Muzeul Palatul Principilor Transilvaniei a demarat procedura de conservare a exponatelor din lapidariul Spa\u021biului muzeal Principia"},"content":{"rendered":"\n<p>Cele circa 100 de exponate din lapidariul Spa\u021biului muzeal Principia din Alba Iulia vor beneficia de conservare \u00een urma unei ac\u021biuni demarate luni, 11 martie, de Centrul Cultural Palatul Principilor, prin Muzeul Palatul Principilor Transilvaniei.<\/p>\n\n\n\n<p>Dou\u0103 dintre bunurile culturale litice, respectiv statuia zeului Jupiter tron\u00e2nd \u0219i cea a unui ofi\u021ber de rang superior, au fost mutate la interiorul spa\u021biului muzeal.<\/p>\n\n\n\n<p>De procedurile specifice necesare (cur\u0103\u021bare, biocidare, consolidare \u0219i hidrofugare) se va ocupa echipa de restauratori \u0219i conservatori a Muzeului Palatul Principilor Transilvaniei, sub supravegherea c\u0103rora s-a efectuat \u0219i mutarea celor dou\u0103 statui, de mari dimensiuni, facilitat\u0103 de interven\u021bia unei macarale.<\/p>\n\n\n\n<p>Potrivit acestora, interven\u021biile se vor finaliza \u00een cursul lunii aprilie, iar exponatele vor fi relocate \u00een cadrul aceluia\u0219i amplasament. Cu aceast\u0103 ocazie vor fi re\u00eennoite \u0219i pl\u0103cu\u021bele informative, deteriorate de factorii de mediu. Totodat\u0103, circula\u021bia \u00een cadrul muzeului se va schimba, intrarea \u00een incint\u0103 urm\u00e2nd s\u0103 se fac\u0103 prin Pia\u021ba Cet\u0103\u021bii, cu ie\u0219irea prin lapidariul reorganizat.<\/p>\n\n\n\n<p>Procedura de conservare a exponatelor din lapidariul Spa\u021biului muzeal Principia nu va afecta activitatea cu publicul, vizitatorii fiind a\u0219tepta\u021bi \u00een continuare, de mar\u021bi p\u00e2n\u0103 duminic\u0103, \u00een intervalul orar 9.00-17.00.<\/p>\n\n\n\n<p>Spa\u021biul muzeal Principia din Alba Iulia, inaugurat \u00een anul 2015, valorific\u0103 turistic o parte din cl\u0103direa Principiei castrului roman de la Apulum. Aici \u0219i-a avut sediul comandamentul Legiunii a XIII-a Gemina, singura legiune care a sta\u021bionat pe teritoriul Daciei pe toat\u0103 perioada ocupa\u021biei romane.<\/p>\n\n\n\n<figure class=\"wp-block-image size-large\"><img loading=\"lazy\" decoding=\"async\" width=\"1280\" height=\"960\" src=\"https:\/\/urbeamea.ro\/albaiulia\/wp-content\/uploads\/2024\/03\/principia1-1280x960.jpg\" alt=\"\" class=\"wp-image-110620\" srcset=\"https:\/\/urbeamea.ro\/albaiulia\/wp-content\/uploads\/2024\/03\/principia1-1280x960.jpg 1280w, https:\/\/urbeamea.ro\/albaiulia\/wp-content\/uploads\/2024\/03\/principia1-640x480.jpg 640w, https:\/\/urbeamea.ro\/albaiulia\/wp-content\/uploads\/2024\/03\/principia1-150x113.jpg 150w, https:\/\/urbeamea.ro\/albaiulia\/wp-content\/uploads\/2024\/03\/principia1-768x576.jpg 768w, https:\/\/urbeamea.ro\/albaiulia\/wp-content\/uploads\/2024\/03\/principia1-1536x1152.jpg 1536w, https:\/\/urbeamea.ro\/albaiulia\/wp-content\/uploads\/2024\/03\/principia1.jpg 2000w\" sizes=\"auto, (max-width: 1280px) 100vw, 1280px\" \/><\/figure>\n","protected":false},"excerpt":{"rendered":"<p>Cele circa 100 de exponate din lapidariul Spa\u021biului muzeal Principia din Alba Iulia vor beneficia de conservare \u00een urma unei ac\u021biuni demarate luni, 11 martie, de Centrul Cultural Palatul Principilor, prin Muzeul Palatul Principilor Transilvaniei. Dou\u0103 dintre bunurile culturale litice, respectiv statuia zeului Jupiter tron\u00e2nd \u0219i cea a unui ofi\u021ber de rang superior, au fost &hellip;<\/p>\n","protected":false},"author":16,"featured_media":110621,"comment_status":"open","ping_status":"open","sticky":false,"template":"","format":"standard","meta":{"inline_featured_image":false,"footnotes":""},"categories":[1],"tags":[],"class_list":["post-110619","post","type-post","status-publish","format-standard","has-post-thumbnail","hentry","category-stiri-urbane"],"yoast_head":"<!-- This site is optimized with the Yoast SEO plugin v27.4 - https:\/\/yoast.com\/product\/yoast-seo-wordpress\/ -->\n<title>Muzeul Palatul Principilor Transilvaniei a demarat procedura de conservare a exponatelor din lapidariul Spa\u021biului muzeal Principia - Revista Urbea Mea - Revista de Alba<\/title>\n<meta name=\"description\" content=\"Cele circa 100 de exponate din lapidariul Spa\u021biului muzeal Principia din Alba Iulia vor beneficia de conservare \u00een urma unei ac\u021biuni demarate luni, 11\" \/>\n<meta name=\"robots\" content=\"index, follow, max-snippet:-1, max-image-preview:large, max-video-preview:-1\" \/>\n<link rel=\"canonical\" href=\"https:\/\/urbeamea.ro\/albaiulia\/muzeul-palatul-principilor-transilvaniei-a-demarat-procedura-de-conservare-a-exponatelor-din-lapidariul-spatiului-muzeal-principia\/\" \/>\n<meta name=\"twitter:card\" content=\"summary_large_image\" \/>\n<meta name=\"twitter:title\" content=\"Muzeul Palatul Principilor Transilvaniei a demarat procedura de conservare a exponatelor din lapidariul Spa\u021biului muzeal Principia - Revista Urbea Mea - Revista de Alba\" \/>\n<meta name=\"twitter:description\" content=\"Cele circa 100 de exponate din lapidariul Spa\u021biului muzeal Principia din Alba Iulia vor beneficia de conservare \u00een urma unei ac\u021biuni demarate luni, 11\" \/>\n<meta name=\"twitter:image\" content=\"https:\/\/urbeamea.ro\/albaiulia\/wp-content\/uploads\/2024\/03\/principia2.jpg\" \/>\n<meta name=\"twitter:creator\" content=\"@urbeameaweb\" \/>\n<meta name=\"twitter:site\" content=\"@urbeameaweb\" \/>\n<script type=\"application\/ld+json\" class=\"yoast-schema-graph\">{\"@context\":\"https:\\\/\\\/schema.org\",\"@graph\":[{\"@type\":\"Article\",\"@id\":\"https:\\\/\\\/urbeamea.ro\\\/albaiulia\\\/muzeul-palatul-principilor-transilvaniei-a-demarat-procedura-de-conservare-a-exponatelor-din-lapidariul-spatiului-muzeal-principia\\\/#article\",\"isPartOf\":{\"@id\":\"https:\\\/\\\/urbeamea.ro\\\/albaiulia\\\/muzeul-palatul-principilor-transilvaniei-a-demarat-procedura-de-conservare-a-exponatelor-din-lapidariul-spatiului-muzeal-principia\\\/\"},\"author\":{\"name\":\"Redac\u021bia UrbeaMea\",\"@id\":\"https:\\\/\\\/urbeamea.ro\\\/albaiulia\\\/#\\\/schema\\\/person\\\/272ae98052f8ee8980f59848df070247\"},\"headline\":\"Muzeul Palatul Principilor Transilvaniei a demarat procedura de conservare a exponatelor din lapidariul Spa\u021biului muzeal Principia\",\"datePublished\":\"2024-03-12T08:13:43+00:00\",\"dateModified\":\"2024-03-12T08:13:44+00:00\",\"mainEntityOfPage\":{\"@id\":\"https:\\\/\\\/urbeamea.ro\\\/albaiulia\\\/muzeul-palatul-principilor-transilvaniei-a-demarat-procedura-de-conservare-a-exponatelor-din-lapidariul-spatiului-muzeal-principia\\\/\"},\"wordCount\":270,\"commentCount\":0,\"image\":{\"@id\":\"https:\\\/\\\/urbeamea.ro\\\/albaiulia\\\/muzeul-palatul-principilor-transilvaniei-a-demarat-procedura-de-conservare-a-exponatelor-din-lapidariul-spatiului-muzeal-principia\\\/#primaryimage\"},\"thumbnailUrl\":\"https:\\\/\\\/urbeamea.ro\\\/albaiulia\\\/wp-content\\\/uploads\\\/2024\\\/03\\\/principia2.jpg\",\"articleSection\":[\"\u015etiri Urbane\"],\"inLanguage\":\"ro-RO\",\"potentialAction\":[{\"@type\":\"CommentAction\",\"name\":\"Comment\",\"target\":[\"https:\\\/\\\/urbeamea.ro\\\/albaiulia\\\/muzeul-palatul-principilor-transilvaniei-a-demarat-procedura-de-conservare-a-exponatelor-din-lapidariul-spatiului-muzeal-principia\\\/#respond\"]}]},{\"@type\":\"WebPage\",\"@id\":\"https:\\\/\\\/urbeamea.ro\\\/albaiulia\\\/muzeul-palatul-principilor-transilvaniei-a-demarat-procedura-de-conservare-a-exponatelor-din-lapidariul-spatiului-muzeal-principia\\\/\",\"url\":\"https:\\\/\\\/urbeamea.ro\\\/albaiulia\\\/muzeul-palatul-principilor-transilvaniei-a-demarat-procedura-de-conservare-a-exponatelor-din-lapidariul-spatiului-muzeal-principia\\\/\",\"name\":\"Muzeul Palatul Principilor Transilvaniei a demarat procedura de conservare a exponatelor din lapidariul Spa\u021biului muzeal Principia - Revista Urbea Mea - Revista de Alba\",\"isPartOf\":{\"@id\":\"https:\\\/\\\/urbeamea.ro\\\/albaiulia\\\/#website\"},\"primaryImageOfPage\":{\"@id\":\"https:\\\/\\\/urbeamea.ro\\\/albaiulia\\\/muzeul-palatul-principilor-transilvaniei-a-demarat-procedura-de-conservare-a-exponatelor-din-lapidariul-spatiului-muzeal-principia\\\/#primaryimage\"},\"image\":{\"@id\":\"https:\\\/\\\/urbeamea.ro\\\/albaiulia\\\/muzeul-palatul-principilor-transilvaniei-a-demarat-procedura-de-conservare-a-exponatelor-din-lapidariul-spatiului-muzeal-principia\\\/#primaryimage\"},\"thumbnailUrl\":\"https:\\\/\\\/urbeamea.ro\\\/albaiulia\\\/wp-content\\\/uploads\\\/2024\\\/03\\\/principia2.jpg\",\"datePublished\":\"2024-03-12T08:13:43+00:00\",\"dateModified\":\"2024-03-12T08:13:44+00:00\",\"author\":{\"@id\":\"https:\\\/\\\/urbeamea.ro\\\/albaiulia\\\/#\\\/schema\\\/person\\\/272ae98052f8ee8980f59848df070247\"},\"description\":\"Cele circa 100 de exponate din lapidariul Spa\u021biului muzeal Principia din Alba Iulia vor beneficia de conservare \u00een urma unei ac\u021biuni demarate luni, 11\",\"breadcrumb\":{\"@id\":\"https:\\\/\\\/urbeamea.ro\\\/albaiulia\\\/muzeul-palatul-principilor-transilvaniei-a-demarat-procedura-de-conservare-a-exponatelor-din-lapidariul-spatiului-muzeal-principia\\\/#breadcrumb\"},\"inLanguage\":\"ro-RO\",\"potentialAction\":[{\"@type\":\"ReadAction\",\"target\":[\"https:\\\/\\\/urbeamea.ro\\\/albaiulia\\\/muzeul-palatul-principilor-transilvaniei-a-demarat-procedura-de-conservare-a-exponatelor-din-lapidariul-spatiului-muzeal-principia\\\/\"]}]},{\"@type\":\"ImageObject\",\"inLanguage\":\"ro-RO\",\"@id\":\"https:\\\/\\\/urbeamea.ro\\\/albaiulia\\\/muzeul-palatul-principilor-transilvaniei-a-demarat-procedura-de-conservare-a-exponatelor-din-lapidariul-spatiului-muzeal-principia\\\/#primaryimage\",\"url\":\"https:\\\/\\\/urbeamea.ro\\\/albaiulia\\\/wp-content\\\/uploads\\\/2024\\\/03\\\/principia2.jpg\",\"contentUrl\":\"https:\\\/\\\/urbeamea.ro\\\/albaiulia\\\/wp-content\\\/uploads\\\/2024\\\/03\\\/principia2.jpg\",\"width\":2000,\"height\":1500},{\"@type\":\"BreadcrumbList\",\"@id\":\"https:\\\/\\\/urbeamea.ro\\\/albaiulia\\\/muzeul-palatul-principilor-transilvaniei-a-demarat-procedura-de-conservare-a-exponatelor-din-lapidariul-spatiului-muzeal-principia\\\/#breadcrumb\",\"itemListElement\":[{\"@type\":\"ListItem\",\"position\":1,\"name\":\"Prima pagin\u0103\",\"item\":\"https:\\\/\\\/urbeamea.ro\\\/albaiulia\\\/\"},{\"@type\":\"ListItem\",\"position\":2,\"name\":\"Muzeul Palatul Principilor Transilvaniei a demarat procedura de conservare a exponatelor din lapidariul Spa\u021biului muzeal Principia\"}]},{\"@type\":\"WebSite\",\"@id\":\"https:\\\/\\\/urbeamea.ro\\\/albaiulia\\\/#website\",\"url\":\"https:\\\/\\\/urbeamea.ro\\\/albaiulia\\\/\",\"name\":\"Revista Urbea Mea, Stiri urbane\",\"description\":\"Evenimente \u0219i \u0219tiri din Alba Iulia, Sebe\u0219, Aiud, Blaj\",\"potentialAction\":[{\"@type\":\"SearchAction\",\"target\":{\"@type\":\"EntryPoint\",\"urlTemplate\":\"https:\\\/\\\/urbeamea.ro\\\/albaiulia\\\/?s={search_term_string}\"},\"query-input\":{\"@type\":\"PropertyValueSpecification\",\"valueRequired\":true,\"valueName\":\"search_term_string\"}}],\"inLanguage\":\"ro-RO\"},{\"@type\":\"Person\",\"@id\":\"https:\\\/\\\/urbeamea.ro\\\/albaiulia\\\/#\\\/schema\\\/person\\\/272ae98052f8ee8980f59848df070247\",\"name\":\"Redac\u021bia UrbeaMea\",\"image\":{\"@type\":\"ImageObject\",\"inLanguage\":\"ro-RO\",\"@id\":\"https:\\\/\\\/secure.gravatar.com\\\/avatar\\\/9ce5a9435071fa1037e8468053ead8e513dbbff59009d3069aadb85506d85a27?s=96&d=mm&r=g\",\"url\":\"https:\\\/\\\/secure.gravatar.com\\\/avatar\\\/9ce5a9435071fa1037e8468053ead8e513dbbff59009d3069aadb85506d85a27?s=96&d=mm&r=g\",\"contentUrl\":\"https:\\\/\\\/secure.gravatar.com\\\/avatar\\\/9ce5a9435071fa1037e8468053ead8e513dbbff59009d3069aadb85506d85a27?s=96&d=mm&r=g\",\"caption\":\"Redac\u021bia UrbeaMea\"},\"description\":\"contact@urbeamea.ro\",\"sameAs\":[\"https:\\\/\\\/www.urbeamea.ro\"],\"url\":\"https:\\\/\\\/urbeamea.ro\\\/albaiulia\\\/author\\\/redactia-urbeamea\\\/\"}]}<\/script>\n<!-- \/ Yoast SEO plugin. -->","yoast_head_json":{"title":"Muzeul Palatul Principilor Transilvaniei a demarat procedura de conservare a exponatelor din lapidariul Spa\u021biului muzeal Principia - Revista Urbea Mea - Revista de Alba","description":"Cele circa 100 de exponate din lapidariul Spa\u021biului muzeal Principia din Alba Iulia vor beneficia de conservare \u00een urma unei ac\u021biuni demarate luni, 11","robots":{"index":"index","follow":"follow","max-snippet":"max-snippet:-1","max-image-preview":"max-image-preview:large","max-video-preview":"max-video-preview:-1"},"canonical":"https:\/\/urbeamea.ro\/albaiulia\/muzeul-palatul-principilor-transilvaniei-a-demarat-procedura-de-conservare-a-exponatelor-din-lapidariul-spatiului-muzeal-principia\/","twitter_card":"summary_large_image","twitter_title":"Muzeul Palatul Principilor Transilvaniei a demarat procedura de conservare a exponatelor din lapidariul Spa\u021biului muzeal Principia - Revista Urbea Mea - Revista de Alba","twitter_description":"Cele circa 100 de exponate din lapidariul Spa\u021biului muzeal Principia din Alba Iulia vor beneficia de conservare \u00een urma unei ac\u021biuni demarate luni, 11","twitter_image":"https:\/\/urbeamea.ro\/albaiulia\/wp-content\/uploads\/2024\/03\/principia2.jpg","twitter_creator":"@urbeameaweb","twitter_site":"@urbeameaweb","schema":{"@context":"https:\/\/schema.org","@graph":[{"@type":"Article","@id":"https:\/\/urbeamea.ro\/albaiulia\/muzeul-palatul-principilor-transilvaniei-a-demarat-procedura-de-conservare-a-exponatelor-din-lapidariul-spatiului-muzeal-principia\/#article","isPartOf":{"@id":"https:\/\/urbeamea.ro\/albaiulia\/muzeul-palatul-principilor-transilvaniei-a-demarat-procedura-de-conservare-a-exponatelor-din-lapidariul-spatiului-muzeal-principia\/"},"author":{"name":"Redac\u021bia UrbeaMea","@id":"https:\/\/urbeamea.ro\/albaiulia\/#\/schema\/person\/272ae98052f8ee8980f59848df070247"},"headline":"Muzeul Palatul Principilor Transilvaniei a demarat procedura de conservare a exponatelor din lapidariul Spa\u021biului muzeal Principia","datePublished":"2024-03-12T08:13:43+00:00","dateModified":"2024-03-12T08:13:44+00:00","mainEntityOfPage":{"@id":"https:\/\/urbeamea.ro\/albaiulia\/muzeul-palatul-principilor-transilvaniei-a-demarat-procedura-de-conservare-a-exponatelor-din-lapidariul-spatiului-muzeal-principia\/"},"wordCount":270,"commentCount":0,"image":{"@id":"https:\/\/urbeamea.ro\/albaiulia\/muzeul-palatul-principilor-transilvaniei-a-demarat-procedura-de-conservare-a-exponatelor-din-lapidariul-spatiului-muzeal-principia\/#primaryimage"},"thumbnailUrl":"https:\/\/urbeamea.ro\/albaiulia\/wp-content\/uploads\/2024\/03\/principia2.jpg","articleSection":["\u015etiri Urbane"],"inLanguage":"ro-RO","potentialAction":[{"@type":"CommentAction","name":"Comment","target":["https:\/\/urbeamea.ro\/albaiulia\/muzeul-palatul-principilor-transilvaniei-a-demarat-procedura-de-conservare-a-exponatelor-din-lapidariul-spatiului-muzeal-principia\/#respond"]}]},{"@type":"WebPage","@id":"https:\/\/urbeamea.ro\/albaiulia\/muzeul-palatul-principilor-transilvaniei-a-demarat-procedura-de-conservare-a-exponatelor-din-lapidariul-spatiului-muzeal-principia\/","url":"https:\/\/urbeamea.ro\/albaiulia\/muzeul-palatul-principilor-transilvaniei-a-demarat-procedura-de-conservare-a-exponatelor-din-lapidariul-spatiului-muzeal-principia\/","name":"Muzeul Palatul Principilor Transilvaniei a demarat procedura de conservare a exponatelor din lapidariul Spa\u021biului muzeal Principia - Revista Urbea Mea - Revista de Alba","isPartOf":{"@id":"https:\/\/urbeamea.ro\/albaiulia\/#website"},"primaryImageOfPage":{"@id":"https:\/\/urbeamea.ro\/albaiulia\/muzeul-palatul-principilor-transilvaniei-a-demarat-procedura-de-conservare-a-exponatelor-din-lapidariul-spatiului-muzeal-principia\/#primaryimage"},"image":{"@id":"https:\/\/urbeamea.ro\/albaiulia\/muzeul-palatul-principilor-transilvaniei-a-demarat-procedura-de-conservare-a-exponatelor-din-lapidariul-spatiului-muzeal-principia\/#primaryimage"},"thumbnailUrl":"https:\/\/urbeamea.ro\/albaiulia\/wp-content\/uploads\/2024\/03\/principia2.jpg","datePublished":"2024-03-12T08:13:43+00:00","dateModified":"2024-03-12T08:13:44+00:00","author":{"@id":"https:\/\/urbeamea.ro\/albaiulia\/#\/schema\/person\/272ae98052f8ee8980f59848df070247"},"description":"Cele circa 100 de exponate din lapidariul Spa\u021biului muzeal Principia din Alba Iulia vor beneficia de conservare \u00een urma unei ac\u021biuni demarate luni, 11","breadcrumb":{"@id":"https:\/\/urbeamea.ro\/albaiulia\/muzeul-palatul-principilor-transilvaniei-a-demarat-procedura-de-conservare-a-exponatelor-din-lapidariul-spatiului-muzeal-principia\/#breadcrumb"},"inLanguage":"ro-RO","potentialAction":[{"@type":"ReadAction","target":["https:\/\/urbeamea.ro\/albaiulia\/muzeul-palatul-principilor-transilvaniei-a-demarat-procedura-de-conservare-a-exponatelor-din-lapidariul-spatiului-muzeal-principia\/"]}]},{"@type":"ImageObject","inLanguage":"ro-RO","@id":"https:\/\/urbeamea.ro\/albaiulia\/muzeul-palatul-principilor-transilvaniei-a-demarat-procedura-de-conservare-a-exponatelor-din-lapidariul-spatiului-muzeal-principia\/#primaryimage","url":"https:\/\/urbeamea.ro\/albaiulia\/wp-content\/uploads\/2024\/03\/principia2.jpg","contentUrl":"https:\/\/urbeamea.ro\/albaiulia\/wp-content\/uploads\/2024\/03\/principia2.jpg","width":2000,"height":1500},{"@type":"BreadcrumbList","@id":"https:\/\/urbeamea.ro\/albaiulia\/muzeul-palatul-principilor-transilvaniei-a-demarat-procedura-de-conservare-a-exponatelor-din-lapidariul-spatiului-muzeal-principia\/#breadcrumb","itemListElement":[{"@type":"ListItem","position":1,"name":"Prima pagin\u0103","item":"https:\/\/urbeamea.ro\/albaiulia\/"},{"@type":"ListItem","position":2,"name":"Muzeul Palatul Principilor Transilvaniei a demarat procedura de conservare a exponatelor din lapidariul Spa\u021biului muzeal Principia"}]},{"@type":"WebSite","@id":"https:\/\/urbeamea.ro\/albaiulia\/#website","url":"https:\/\/urbeamea.ro\/albaiulia\/","name":"Revista Urbea Mea, Stiri urbane","description":"Evenimente \u0219i \u0219tiri din Alba Iulia, Sebe\u0219, Aiud, Blaj","potentialAction":[{"@type":"SearchAction","target":{"@type":"EntryPoint","urlTemplate":"https:\/\/urbeamea.ro\/albaiulia\/?s={search_term_string}"},"query-input":{"@type":"PropertyValueSpecification","valueRequired":true,"valueName":"search_term_string"}}],"inLanguage":"ro-RO"},{"@type":"Person","@id":"https:\/\/urbeamea.ro\/albaiulia\/#\/schema\/person\/272ae98052f8ee8980f59848df070247","name":"Redac\u021bia UrbeaMea","image":{"@type":"ImageObject","inLanguage":"ro-RO","@id":"https:\/\/secure.gravatar.com\/avatar\/9ce5a9435071fa1037e8468053ead8e513dbbff59009d3069aadb85506d85a27?s=96&d=mm&r=g","url":"https:\/\/secure.gravatar.com\/avatar\/9ce5a9435071fa1037e8468053ead8e513dbbff59009d3069aadb85506d85a27?s=96&d=mm&r=g","contentUrl":"https:\/\/secure.gravatar.com\/avatar\/9ce5a9435071fa1037e8468053ead8e513dbbff59009d3069aadb85506d85a27?s=96&d=mm&r=g","caption":"Redac\u021bia UrbeaMea"},"description":"contact@urbeamea.ro","sameAs":["https:\/\/www.urbeamea.ro"],"url":"https:\/\/urbeamea.ro\/albaiulia\/author\/redactia-urbeamea\/"}]}},"_links":{"self":[{"href":"https:\/\/urbeamea.ro\/albaiulia\/wp-json\/wp\/v2\/posts\/110619","targetHints":{"allow":["GET"]}}],"collection":[{"href":"https:\/\/urbeamea.ro\/albaiulia\/wp-json\/wp\/v2\/posts"}],"about":[{"href":"https:\/\/urbeamea.ro\/albaiulia\/wp-json\/wp\/v2\/types\/post"}],"author":[{"embeddable":true,"href":"https:\/\/urbeamea.ro\/albaiulia\/wp-json\/wp\/v2\/users\/16"}],"replies":[{"embeddable":true,"href":"https:\/\/urbeamea.ro\/albaiulia\/wp-json\/wp\/v2\/comments?post=110619"}],"version-history":[{"count":1,"href":"https:\/\/urbeamea.ro\/albaiulia\/wp-json\/wp\/v2\/posts\/110619\/revisions"}],"predecessor-version":[{"id":110622,"href":"https:\/\/urbeamea.ro\/albaiulia\/wp-json\/wp\/v2\/posts\/110619\/revisions\/110622"}],"wp:featuredmedia":[{"embeddable":true,"href":"https:\/\/urbeamea.ro\/albaiulia\/wp-json\/wp\/v2\/media\/110621"}],"wp:attachment":[{"href":"https:\/\/urbeamea.ro\/albaiulia\/wp-json\/wp\/v2\/media?parent=110619"}],"wp:term":[{"taxonomy":"category","embeddable":true,"href":"https:\/\/urbeamea.ro\/albaiulia\/wp-json\/wp\/v2\/categories?post=110619"},{"taxonomy":"post_tag","embeddable":true,"href":"https:\/\/urbeamea.ro\/albaiulia\/wp-json\/wp\/v2\/tags?post=110619"}],"curies":[{"name":"wp","href":"https:\/\/api.w.org\/{rel}","templated":true}]}}