{"id":110655,"date":"2024-03-15T13:12:38","date_gmt":"2024-03-15T11:12:38","guid":{"rendered":"https:\/\/urbeamea.ro\/albaiulia\/?p=110655"},"modified":"2024-03-15T13:12:39","modified_gmt":"2024-03-15T11:12:39","slug":"peste-10-000-de-fani-s-au-bucurat-alaturi-de-artistii-preferati-in-prima-zi-de-massif","status":"publish","type":"post","link":"https:\/\/urbeamea.ro\/albaiulia\/peste-10-000-de-fani-s-au-bucurat-alaturi-de-artistii-preferati-in-prima-zi-de-massif\/","title":{"rendered":"Peste 10.000 de fani s-au bucurat al\u0103turi de arti\u0219tii prefera\u021bi \u00een prima zi de Massif"},"content":{"rendered":"\n<p><strong>MAHMUT ORHAN A ADUNAT MII DE OAMENI \u00ceN FA\u021aA SCENEI, IAR SCENA G.O.A.T. A FOST NE\u00ceNCAPATOARE LA SHOW-UL LUI PUYA<\/strong><\/p>\n\n\n\n<p><strong>Peste 10.000 de fani<\/strong> au ajuns \u00een Poiana Bra\u0219ov \u0219i s-au bucurat din plin de atmosfera de festival la cea de-a doua edi\u021bie <strong>Massif.<\/strong> Scenele amplasate la baza p\u00e2rtiei Bradu \u0219i la apres-ski-urile partenere au oferit un mix perfect de genuri muzicale \u00een prima zi de festival.<\/p>\n\n\n\n<figure class=\"wp-block-gallery has-nested-images columns-default is-cropped wp-block-gallery-1 is-layout-flex wp-block-gallery-is-layout-flex\">\n<figure class=\"wp-block-image size-large\"><a href=\"https:\/\/urbeamea.ro\/albaiulia\/wp-content\/uploads\/2024\/03\/Massif2024_0315_013704_R5AN4499_AN.jpg\"><img loading=\"lazy\" decoding=\"async\" width=\"1280\" height=\"854\" data-id=\"110656\" src=\"https:\/\/urbeamea.ro\/albaiulia\/wp-content\/uploads\/2024\/03\/Massif2024_0315_013704_R5AN4499_AN-1280x854.jpg\" alt=\"\" class=\"wp-image-110656\" srcset=\"https:\/\/urbeamea.ro\/albaiulia\/wp-content\/uploads\/2024\/03\/Massif2024_0315_013704_R5AN4499_AN-1280x854.jpg 1280w, https:\/\/urbeamea.ro\/albaiulia\/wp-content\/uploads\/2024\/03\/Massif2024_0315_013704_R5AN4499_AN-640x427.jpg 640w, https:\/\/urbeamea.ro\/albaiulia\/wp-content\/uploads\/2024\/03\/Massif2024_0315_013704_R5AN4499_AN-150x100.jpg 150w, https:\/\/urbeamea.ro\/albaiulia\/wp-content\/uploads\/2024\/03\/Massif2024_0315_013704_R5AN4499_AN-768x512.jpg 768w, https:\/\/urbeamea.ro\/albaiulia\/wp-content\/uploads\/2024\/03\/Massif2024_0315_013704_R5AN4499_AN-1536x1024.jpg 1536w, https:\/\/urbeamea.ro\/albaiulia\/wp-content\/uploads\/2024\/03\/Massif2024_0315_013704_R5AN4499_AN.jpg 1600w\" sizes=\"auto, (max-width: 1280px) 100vw, 1280px\" \/><\/a><\/figure>\n\n\n\n<figure class=\"wp-block-image size-large\"><a href=\"https:\/\/urbeamea.ro\/albaiulia\/wp-content\/uploads\/2024\/03\/Massif2024_0314_235336__P3143265_RK.jpg\"><img loading=\"lazy\" decoding=\"async\" width=\"1280\" height=\"853\" data-id=\"110658\" src=\"https:\/\/urbeamea.ro\/albaiulia\/wp-content\/uploads\/2024\/03\/Massif2024_0314_235336__P3143265_RK-1280x853.jpg\" alt=\"\" class=\"wp-image-110658\" srcset=\"https:\/\/urbeamea.ro\/albaiulia\/wp-content\/uploads\/2024\/03\/Massif2024_0314_235336__P3143265_RK-1280x853.jpg 1280w, https:\/\/urbeamea.ro\/albaiulia\/wp-content\/uploads\/2024\/03\/Massif2024_0314_235336__P3143265_RK-640x426.jpg 640w, https:\/\/urbeamea.ro\/albaiulia\/wp-content\/uploads\/2024\/03\/Massif2024_0314_235336__P3143265_RK-150x100.jpg 150w, https:\/\/urbeamea.ro\/albaiulia\/wp-content\/uploads\/2024\/03\/Massif2024_0314_235336__P3143265_RK-768x512.jpg 768w, https:\/\/urbeamea.ro\/albaiulia\/wp-content\/uploads\/2024\/03\/Massif2024_0314_235336__P3143265_RK-1536x1023.jpg 1536w, https:\/\/urbeamea.ro\/albaiulia\/wp-content\/uploads\/2024\/03\/Massif2024_0314_235336__P3143265_RK.jpg 1600w\" sizes=\"auto, (max-width: 1280px) 100vw, 1280px\" \/><\/a><\/figure>\n\n\n\n<figure class=\"wp-block-image size-large\"><a href=\"https:\/\/urbeamea.ro\/albaiulia\/wp-content\/uploads\/2024\/03\/Massif2024_0314_215809_R5AN1430_AN.jpg\"><img loading=\"lazy\" decoding=\"async\" width=\"1280\" height=\"854\" data-id=\"110657\" src=\"https:\/\/urbeamea.ro\/albaiulia\/wp-content\/uploads\/2024\/03\/Massif2024_0314_215809_R5AN1430_AN-1280x854.jpg\" alt=\"\" class=\"wp-image-110657\" srcset=\"https:\/\/urbeamea.ro\/albaiulia\/wp-content\/uploads\/2024\/03\/Massif2024_0314_215809_R5AN1430_AN-1280x854.jpg 1280w, https:\/\/urbeamea.ro\/albaiulia\/wp-content\/uploads\/2024\/03\/Massif2024_0314_215809_R5AN1430_AN-640x427.jpg 640w, https:\/\/urbeamea.ro\/albaiulia\/wp-content\/uploads\/2024\/03\/Massif2024_0314_215809_R5AN1430_AN-150x100.jpg 150w, https:\/\/urbeamea.ro\/albaiulia\/wp-content\/uploads\/2024\/03\/Massif2024_0314_215809_R5AN1430_AN-768x512.jpg 768w, https:\/\/urbeamea.ro\/albaiulia\/wp-content\/uploads\/2024\/03\/Massif2024_0314_215809_R5AN1430_AN-1536x1024.jpg 1536w, https:\/\/urbeamea.ro\/albaiulia\/wp-content\/uploads\/2024\/03\/Massif2024_0314_215809_R5AN1430_AN.jpg 1600w\" sizes=\"auto, (max-width: 1280px) 100vw, 1280px\" \/><\/a><\/figure>\n<\/figure>\n\n\n\n<p>La un festival unul dintre cele mai importante lucruri e ga\u0219ca de prieteni, iar fanii sunt preg\u0103ti\u021bi s\u0103 danseze \u00een ploaie sau pe ninsoare alaturi de artistii preferati. Aceast\u0103 experien\u021b\u0103 a fost tr\u0103it\u0103 la Mainstage al\u0103turi de Mahmut Orhan, unul dintre cei mai a\u0219tepta\u021bi headlineri din prima zi a festivalului Massif.<strong><\/strong><\/p>\n\n\n\n<p><strong>Mahmut Orhan<\/strong> a g\u0103sit combina\u021bia ideal\u0103, <strong>deep house <\/strong>cu <strong>influen\u021be orientale<\/strong>, care i-a purtat pe fani \u00eentr-o c\u0103l\u0103torie fascinant\u0103. Energia incredibil\u0103 a DJ-ului din <strong>Turcia<\/strong> a fost suficient\u0103 pentru ca miile de fani ajun\u0219i la <strong>Mainstage<\/strong> s\u0103-i r\u0103m\u00e2n\u0103 al\u0103turi \u0219i s\u0103 danseze pe o ninsoare ca-n plin\u0103 iarn\u0103.<\/p>\n\n\n\n<p>\u00cen live set-ul de la <strong>Massif<\/strong>, <strong>Mahmut Orhan<\/strong> a inclus piesele cu care a reu\u0219it s\u0103 intre \u00een clasamentele interna\u021bionale, dar \u0219i noile single-uri \u201c<strong>Kettles Up<\/strong>\u201d sau \u201c<strong>Nighter<\/strong>\u201d, produc\u021bii incluse \u00een primul album de studio, \u201c<strong>Pangea<\/strong>\u201d, pe care-l va lansa s\u0103pt\u0103m\u00e2na viitoare, pe <strong>22 martie<\/strong>. Toat\u0103 lumea s-a entuziasmat c\u00e2nd <strong>Mahmut Orhan<\/strong> a inclus \u00een set-ul s\u0103u versiunea remix a piesei &#8222;<strong>Just Get Your&#8230;and Go<\/strong>&#8221; de la Roger Sanchez, care a avut un succes uria\u0219 pe <strong>TikTok<\/strong>.<\/p>\n\n\n\n<p>Atmosfera de la mainstage a trecut la nivelul urm\u0103tor odat\u0103 cu DJ set-ul lui <strong>GORDO,<\/strong> un maestru \u00een <strong>house<\/strong> \u0219i <strong>techno<\/strong>. Produc\u0103torul va lansa \u00een vara acestui an un nou album, iar \u00een set-ul de la festivalul <strong>Massif <\/strong>a inclus c\u00e2teva dintre produc\u021biile din viitorul material de studio: \u201c<strong>With You<\/strong>\u201d o colaborare cu <strong>Adriatique <\/strong>sau \u201c<strong>Kill For<\/strong><\/p>\n\n\n\n<p><strong>This Shit<\/strong>\u201d. <strong>GORDO<\/strong> a activat miile de oameni din fa\u021ba scenei principale, care au dansat al\u0103turi de el pe toat\u0103 durata set-ului.<\/p>\n\n\n\n<p>Duo-ul <strong>DJ Dark &amp; Mentol<\/strong> \u0219i <strong>Sezer Uysal<\/strong> au completat lista DJ-ilor de la scena principal\u0103 <strong>Massif<\/strong>, \u00een prima zi de festival.<\/p>\n\n\n\n<p><strong>SCENA G.O.A.T. (GREATEST OF ALL TIME)&nbsp; ESTE SCENA DEDICAT\u0102 AMATORILOR DE RAPP, HIP-HOP, DUBSTEP, DRUM\u2019N\u2019BASS SAU EXPERIMENTAL<\/strong><\/p>\n\n\n\n<p>\u201c<em>Vreau s\u0103 v\u0103 spun, cu m\u00e2na pe inim\u0103, c\u0103 am emo\u021bii de fiecare dat\u0103, \u00eenainte de a urca pe scen\u0103. Haide\u021bi, c\u00e2nta\u021bi cu mine s\u0103-mi mai treac\u0103 emo\u021biile<\/em>!\u201d<\/p>\n\n\n\n<p><strong>Puya<\/strong> a generat euforie maxim\u0103 \u00een r\u00e2ndul fanilor <strong>Massif,<\/strong> a avut un show live extraodinar, ca de fiecare dat\u0103, iar cortul <strong>G.O.A.T<\/strong> a fost plin la refuz. Toata lumea care a ales disctrac\u021bia de la scena <strong>G.O.A.T<\/strong>, a c\u00e2ntat fiecare vers al fiec\u0103rei piese din show-ul live al unuia dintre cei mai aprecia\u021bi arti\u0219ti din Rom\u00e2nia. Cu muzica lui, <strong>Puya<\/strong> a reu\u0219it s\u0103 aduc\u0103 la festivalul <strong>Massif<\/strong> public din genera\u021bii diferite, dar cu aceea\u0219i pasiune pentru muzic\u0103.<\/p>\n\n\n\n<p>Atmosfera extraordinar\u0103 de la scena <strong>G.O.A.T<\/strong> a fost \u00eentre\u021binut\u0103 \u0219i de show-ul live al unuia dintre cele mai apreciate proiecte de muzic\u0103 electronic\u0103 experimental\u0103 din Rom\u00e2nia, <strong>\u0218uie Paparude<\/strong>.<\/p>\n\n\n\n<p>Show-ul <strong>HVNDS<\/strong> a fost total, membrii trupei au activat atmosfera la scena <strong>G.O.A.T<\/strong> \u0219i au inclus \u00een live-ul lor o pies\u0103 \u00een premier\u0103, preg\u0103tit\u0103 special pentru fanii <strong>Massif<\/strong>.<\/p>\n\n\n\n<p>\u00cen prima zi a festivalului <strong>Massif,<\/strong> la scena <strong>G.O.A.T<\/strong> distrac\u021bia a fost asigurat\u0103 p\u00e2n\u0103 diminea\u021b\u0103 de <strong>Wilkinson, DWLS, Viiiain, Aurik &amp; Pelin<\/strong>.<\/p>\n\n\n\n<p>Petreceri marca <strong>Massif<\/strong> au avut loc \u0219i la apres-ski-urile partenere.<\/p>\n\n\n\n<p><strong>Arias, Mahony, Shimza, Grigore<\/strong>, se num\u0103r\u0103 printre arti\u0219tii care vor urca pe scena principal\u0103 \u00een cea de-a doua zi de doua zi a festivalului <strong>Massif<\/strong>, iar <strong>Netsky,<\/strong><\/p>\n\n\n\n<p><strong>Grasu XXL, CTC, The HollyGood Gang, Andi Moisescu, CucuGram b2b Deny<\/strong> \u0219i <strong>4AWL<\/strong> vor anima atmosfera la scena <strong>G.O.A.T<\/strong>.<\/p>\n\n\n\n<p>Festivalul <strong>Massif <\/strong>\u00ee\u0219i deschide por\u021bile la <strong>ora 17:00<\/strong>, iar petrecerea se va \u00eencheie la ora <strong>03.00<\/strong>.<\/p>\n\n\n\n<figure class=\"wp-block-gallery has-nested-images columns-default is-cropped wp-block-gallery-2 is-layout-flex wp-block-gallery-is-layout-flex\">\n<figure class=\"wp-block-image size-large\"><a href=\"https:\/\/urbeamea.ro\/albaiulia\/wp-content\/uploads\/2024\/03\/Massif2024_0315_020021_R5AN5363_AN.jpg\"><img loading=\"lazy\" decoding=\"async\" width=\"1280\" height=\"854\" data-id=\"110662\" src=\"https:\/\/urbeamea.ro\/albaiulia\/wp-content\/uploads\/2024\/03\/Massif2024_0315_020021_R5AN5363_AN-1280x854.jpg\" alt=\"\" class=\"wp-image-110662\" srcset=\"https:\/\/urbeamea.ro\/albaiulia\/wp-content\/uploads\/2024\/03\/Massif2024_0315_020021_R5AN5363_AN-1280x854.jpg 1280w, https:\/\/urbeamea.ro\/albaiulia\/wp-content\/uploads\/2024\/03\/Massif2024_0315_020021_R5AN5363_AN-640x427.jpg 640w, https:\/\/urbeamea.ro\/albaiulia\/wp-content\/uploads\/2024\/03\/Massif2024_0315_020021_R5AN5363_AN-150x100.jpg 150w, https:\/\/urbeamea.ro\/albaiulia\/wp-content\/uploads\/2024\/03\/Massif2024_0315_020021_R5AN5363_AN-768x512.jpg 768w, https:\/\/urbeamea.ro\/albaiulia\/wp-content\/uploads\/2024\/03\/Massif2024_0315_020021_R5AN5363_AN-1536x1024.jpg 1536w, https:\/\/urbeamea.ro\/albaiulia\/wp-content\/uploads\/2024\/03\/Massif2024_0315_020021_R5AN5363_AN.jpg 1600w\" sizes=\"auto, (max-width: 1280px) 100vw, 1280px\" \/><\/a><\/figure>\n\n\n\n<figure class=\"wp-block-image size-large\"><a href=\"https:\/\/urbeamea.ro\/albaiulia\/wp-content\/uploads\/2024\/03\/Massif2024_0314_221729__RKZ_1368_RK.jpg\"><img loading=\"lazy\" decoding=\"async\" width=\"1280\" height=\"853\" data-id=\"110661\" src=\"https:\/\/urbeamea.ro\/albaiulia\/wp-content\/uploads\/2024\/03\/Massif2024_0314_221729__RKZ_1368_RK-1280x853.jpg\" alt=\"\" class=\"wp-image-110661\" srcset=\"https:\/\/urbeamea.ro\/albaiulia\/wp-content\/uploads\/2024\/03\/Massif2024_0314_221729__RKZ_1368_RK-1280x853.jpg 1280w, https:\/\/urbeamea.ro\/albaiulia\/wp-content\/uploads\/2024\/03\/Massif2024_0314_221729__RKZ_1368_RK-640x426.jpg 640w, https:\/\/urbeamea.ro\/albaiulia\/wp-content\/uploads\/2024\/03\/Massif2024_0314_221729__RKZ_1368_RK-150x100.jpg 150w, https:\/\/urbeamea.ro\/albaiulia\/wp-content\/uploads\/2024\/03\/Massif2024_0314_221729__RKZ_1368_RK-768x512.jpg 768w, https:\/\/urbeamea.ro\/albaiulia\/wp-content\/uploads\/2024\/03\/Massif2024_0314_221729__RKZ_1368_RK-1536x1023.jpg 1536w, https:\/\/urbeamea.ro\/albaiulia\/wp-content\/uploads\/2024\/03\/Massif2024_0314_221729__RKZ_1368_RK.jpg 1600w\" sizes=\"auto, (max-width: 1280px) 100vw, 1280px\" \/><\/a><\/figure>\n\n\n\n<figure class=\"wp-block-image size-large\"><a href=\"https:\/\/urbeamea.ro\/albaiulia\/wp-content\/uploads\/2024\/03\/Massif2024_0314_174947_R5AN0627_AN.jpg\"><img loading=\"lazy\" decoding=\"async\" width=\"1280\" height=\"854\" data-id=\"110659\" src=\"https:\/\/urbeamea.ro\/albaiulia\/wp-content\/uploads\/2024\/03\/Massif2024_0314_174947_R5AN0627_AN-1280x854.jpg\" alt=\"\" class=\"wp-image-110659\" srcset=\"https:\/\/urbeamea.ro\/albaiulia\/wp-content\/uploads\/2024\/03\/Massif2024_0314_174947_R5AN0627_AN-1280x854.jpg 1280w, https:\/\/urbeamea.ro\/albaiulia\/wp-content\/uploads\/2024\/03\/Massif2024_0314_174947_R5AN0627_AN-640x427.jpg 640w, https:\/\/urbeamea.ro\/albaiulia\/wp-content\/uploads\/2024\/03\/Massif2024_0314_174947_R5AN0627_AN-150x100.jpg 150w, https:\/\/urbeamea.ro\/albaiulia\/wp-content\/uploads\/2024\/03\/Massif2024_0314_174947_R5AN0627_AN-768x512.jpg 768w, https:\/\/urbeamea.ro\/albaiulia\/wp-content\/uploads\/2024\/03\/Massif2024_0314_174947_R5AN0627_AN-1536x1024.jpg 1536w, https:\/\/urbeamea.ro\/albaiulia\/wp-content\/uploads\/2024\/03\/Massif2024_0314_174947_R5AN0627_AN.jpg 1600w\" sizes=\"auto, (max-width: 1280px) 100vw, 1280px\" \/><\/a><\/figure>\n\n\n\n<figure class=\"wp-block-image size-large\"><a href=\"https:\/\/urbeamea.ro\/albaiulia\/wp-content\/uploads\/2024\/03\/Massif2024_0314_102851_B91A6586_FredAgain.jpg\"><img loading=\"lazy\" decoding=\"async\" width=\"1280\" height=\"853\" data-id=\"110660\" src=\"https:\/\/urbeamea.ro\/albaiulia\/wp-content\/uploads\/2024\/03\/Massif2024_0314_102851_B91A6586_FredAgain-1280x853.jpg\" alt=\"\" class=\"wp-image-110660\" srcset=\"https:\/\/urbeamea.ro\/albaiulia\/wp-content\/uploads\/2024\/03\/Massif2024_0314_102851_B91A6586_FredAgain-1280x853.jpg 1280w, https:\/\/urbeamea.ro\/albaiulia\/wp-content\/uploads\/2024\/03\/Massif2024_0314_102851_B91A6586_FredAgain-640x426.jpg 640w, https:\/\/urbeamea.ro\/albaiulia\/wp-content\/uploads\/2024\/03\/Massif2024_0314_102851_B91A6586_FredAgain-150x100.jpg 150w, https:\/\/urbeamea.ro\/albaiulia\/wp-content\/uploads\/2024\/03\/Massif2024_0314_102851_B91A6586_FredAgain-768x512.jpg 768w, https:\/\/urbeamea.ro\/albaiulia\/wp-content\/uploads\/2024\/03\/Massif2024_0314_102851_B91A6586_FredAgain-1536x1023.jpg 1536w, https:\/\/urbeamea.ro\/albaiulia\/wp-content\/uploads\/2024\/03\/Massif2024_0314_102851_B91A6586_FredAgain.jpg 1600w\" sizes=\"auto, (max-width: 1280px) 100vw, 1280px\" \/><\/a><\/figure>\n<\/figure>\n","protected":false},"excerpt":{"rendered":"<p>MAHMUT ORHAN A ADUNAT MII DE OAMENI \u00ceN FA\u021aA SCENEI, IAR SCENA G.O.A.T. A FOST NE\u00ceNCAPATOARE LA SHOW-UL LUI PUYA Peste 10.000 de fani au ajuns \u00een Poiana Bra\u0219ov \u0219i s-au bucurat din plin de atmosfera de festival la cea de-a doua edi\u021bie Massif. Scenele amplasate la baza p\u00e2rtiei Bradu \u0219i la apres-ski-urile partenere au &hellip;<\/p>\n","protected":false},"author":16,"featured_media":110663,"comment_status":"open","ping_status":"open","sticky":false,"template":"","format":"standard","meta":{"inline_featured_image":false,"footnotes":""},"categories":[4],"tags":[24716],"class_list":["post-110655","post","type-post","status-publish","format-standard","has-post-thumbnail","hentry","category-eveniment","tag-massif"],"yoast_head":"<!-- This site is optimized with the Yoast SEO plugin v27.4 - https:\/\/yoast.com\/product\/yoast-seo-wordpress\/ -->\n<title>Peste 10.000 de fani s-au bucurat al\u0103turi de arti\u0219tii prefera\u021bi \u00een prima zi de Massif - Revista Urbea Mea - Revista de Alba<\/title>\n<meta name=\"description\" content=\"MAHMUT ORHAN A ADUNAT MII DE OAMENI \u00ceN FA\u021aA SCENEI, IAR SCENA G.O.A.T. A FOST NE\u00ceNCAPATOARE LA SHOW-UL LUI PUYA Peste 10.000 de fani au ajuns \u00een Poiana\" \/>\n<meta name=\"robots\" content=\"index, follow, max-snippet:-1, max-image-preview:large, max-video-preview:-1\" \/>\n<link rel=\"canonical\" href=\"https:\/\/urbeamea.ro\/albaiulia\/peste-10-000-de-fani-s-au-bucurat-alaturi-de-artistii-preferati-in-prima-zi-de-massif\/\" \/>\n<meta name=\"twitter:card\" content=\"summary_large_image\" \/>\n<meta name=\"twitter:title\" content=\"Peste 10.000 de fani s-au bucurat al\u0103turi de arti\u0219tii prefera\u021bi \u00een prima zi de Massif - Revista Urbea Mea - Revista de Alba\" \/>\n<meta name=\"twitter:description\" content=\"MAHMUT ORHAN A ADUNAT MII DE OAMENI \u00ceN FA\u021aA SCENEI, IAR SCENA G.O.A.T. A FOST NE\u00ceNCAPATOARE LA SHOW-UL LUI PUYA Peste 10.000 de fani au ajuns \u00een Poiana\" \/>\n<meta name=\"twitter:image\" content=\"https:\/\/urbeamea.ro\/albaiulia\/wp-content\/uploads\/2024\/03\/Massif2024_0314_222256__IV_3532_SL.jpg\" \/>\n<meta name=\"twitter:creator\" content=\"@urbeameaweb\" \/>\n<meta name=\"twitter:site\" content=\"@urbeameaweb\" \/>\n<script type=\"application\/ld+json\" class=\"yoast-schema-graph\">{\"@context\":\"https:\\\/\\\/schema.org\",\"@graph\":[{\"@type\":\"Article\",\"@id\":\"https:\\\/\\\/urbeamea.ro\\\/albaiulia\\\/peste-10-000-de-fani-s-au-bucurat-alaturi-de-artistii-preferati-in-prima-zi-de-massif\\\/#article\",\"isPartOf\":{\"@id\":\"https:\\\/\\\/urbeamea.ro\\\/albaiulia\\\/peste-10-000-de-fani-s-au-bucurat-alaturi-de-artistii-preferati-in-prima-zi-de-massif\\\/\"},\"author\":{\"name\":\"Redac\u021bia UrbeaMea\",\"@id\":\"https:\\\/\\\/urbeamea.ro\\\/albaiulia\\\/#\\\/schema\\\/person\\\/272ae98052f8ee8980f59848df070247\"},\"headline\":\"Peste 10.000 de fani s-au bucurat al\u0103turi de arti\u0219tii prefera\u021bi \u00een prima zi de Massif\",\"datePublished\":\"2024-03-15T11:12:38+00:00\",\"dateModified\":\"2024-03-15T11:12:39+00:00\",\"mainEntityOfPage\":{\"@id\":\"https:\\\/\\\/urbeamea.ro\\\/albaiulia\\\/peste-10-000-de-fani-s-au-bucurat-alaturi-de-artistii-preferati-in-prima-zi-de-massif\\\/\"},\"wordCount\":719,\"commentCount\":0,\"image\":{\"@id\":\"https:\\\/\\\/urbeamea.ro\\\/albaiulia\\\/peste-10-000-de-fani-s-au-bucurat-alaturi-de-artistii-preferati-in-prima-zi-de-massif\\\/#primaryimage\"},\"thumbnailUrl\":\"https:\\\/\\\/urbeamea.ro\\\/albaiulia\\\/wp-content\\\/uploads\\\/2024\\\/03\\\/Massif2024_0314_222256__IV_3532_SL.jpg\",\"keywords\":[\"massif\"],\"articleSection\":[\"Evenimente\"],\"inLanguage\":\"ro-RO\",\"potentialAction\":[{\"@type\":\"CommentAction\",\"name\":\"Comment\",\"target\":[\"https:\\\/\\\/urbeamea.ro\\\/albaiulia\\\/peste-10-000-de-fani-s-au-bucurat-alaturi-de-artistii-preferati-in-prima-zi-de-massif\\\/#respond\"]}]},{\"@type\":\"WebPage\",\"@id\":\"https:\\\/\\\/urbeamea.ro\\\/albaiulia\\\/peste-10-000-de-fani-s-au-bucurat-alaturi-de-artistii-preferati-in-prima-zi-de-massif\\\/\",\"url\":\"https:\\\/\\\/urbeamea.ro\\\/albaiulia\\\/peste-10-000-de-fani-s-au-bucurat-alaturi-de-artistii-preferati-in-prima-zi-de-massif\\\/\",\"name\":\"Peste 10.000 de fani s-au bucurat al\u0103turi de arti\u0219tii prefera\u021bi \u00een prima zi de Massif - Revista Urbea Mea - Revista de Alba\",\"isPartOf\":{\"@id\":\"https:\\\/\\\/urbeamea.ro\\\/albaiulia\\\/#website\"},\"primaryImageOfPage\":{\"@id\":\"https:\\\/\\\/urbeamea.ro\\\/albaiulia\\\/peste-10-000-de-fani-s-au-bucurat-alaturi-de-artistii-preferati-in-prima-zi-de-massif\\\/#primaryimage\"},\"image\":{\"@id\":\"https:\\\/\\\/urbeamea.ro\\\/albaiulia\\\/peste-10-000-de-fani-s-au-bucurat-alaturi-de-artistii-preferati-in-prima-zi-de-massif\\\/#primaryimage\"},\"thumbnailUrl\":\"https:\\\/\\\/urbeamea.ro\\\/albaiulia\\\/wp-content\\\/uploads\\\/2024\\\/03\\\/Massif2024_0314_222256__IV_3532_SL.jpg\",\"datePublished\":\"2024-03-15T11:12:38+00:00\",\"dateModified\":\"2024-03-15T11:12:39+00:00\",\"author\":{\"@id\":\"https:\\\/\\\/urbeamea.ro\\\/albaiulia\\\/#\\\/schema\\\/person\\\/272ae98052f8ee8980f59848df070247\"},\"description\":\"MAHMUT ORHAN A ADUNAT MII DE OAMENI \u00ceN FA\u021aA SCENEI, IAR SCENA G.O.A.T. A FOST NE\u00ceNCAPATOARE LA SHOW-UL LUI PUYA Peste 10.000 de fani au ajuns \u00een Poiana\",\"breadcrumb\":{\"@id\":\"https:\\\/\\\/urbeamea.ro\\\/albaiulia\\\/peste-10-000-de-fani-s-au-bucurat-alaturi-de-artistii-preferati-in-prima-zi-de-massif\\\/#breadcrumb\"},\"inLanguage\":\"ro-RO\",\"potentialAction\":[{\"@type\":\"ReadAction\",\"target\":[\"https:\\\/\\\/urbeamea.ro\\\/albaiulia\\\/peste-10-000-de-fani-s-au-bucurat-alaturi-de-artistii-preferati-in-prima-zi-de-massif\\\/\"]}]},{\"@type\":\"ImageObject\",\"inLanguage\":\"ro-RO\",\"@id\":\"https:\\\/\\\/urbeamea.ro\\\/albaiulia\\\/peste-10-000-de-fani-s-au-bucurat-alaturi-de-artistii-preferati-in-prima-zi-de-massif\\\/#primaryimage\",\"url\":\"https:\\\/\\\/urbeamea.ro\\\/albaiulia\\\/wp-content\\\/uploads\\\/2024\\\/03\\\/Massif2024_0314_222256__IV_3532_SL.jpg\",\"contentUrl\":\"https:\\\/\\\/urbeamea.ro\\\/albaiulia\\\/wp-content\\\/uploads\\\/2024\\\/03\\\/Massif2024_0314_222256__IV_3532_SL.jpg\",\"width\":1600,\"height\":1066},{\"@type\":\"BreadcrumbList\",\"@id\":\"https:\\\/\\\/urbeamea.ro\\\/albaiulia\\\/peste-10-000-de-fani-s-au-bucurat-alaturi-de-artistii-preferati-in-prima-zi-de-massif\\\/#breadcrumb\",\"itemListElement\":[{\"@type\":\"ListItem\",\"position\":1,\"name\":\"Prima pagin\u0103\",\"item\":\"https:\\\/\\\/urbeamea.ro\\\/albaiulia\\\/\"},{\"@type\":\"ListItem\",\"position\":2,\"name\":\"Peste 10.000 de fani s-au bucurat al\u0103turi de arti\u0219tii prefera\u021bi \u00een prima zi de Massif\"}]},{\"@type\":\"WebSite\",\"@id\":\"https:\\\/\\\/urbeamea.ro\\\/albaiulia\\\/#website\",\"url\":\"https:\\\/\\\/urbeamea.ro\\\/albaiulia\\\/\",\"name\":\"Revista Urbea Mea, Stiri urbane\",\"description\":\"Evenimente \u0219i \u0219tiri din Alba Iulia, Sebe\u0219, Aiud, Blaj\",\"potentialAction\":[{\"@type\":\"SearchAction\",\"target\":{\"@type\":\"EntryPoint\",\"urlTemplate\":\"https:\\\/\\\/urbeamea.ro\\\/albaiulia\\\/?s={search_term_string}\"},\"query-input\":{\"@type\":\"PropertyValueSpecification\",\"valueRequired\":true,\"valueName\":\"search_term_string\"}}],\"inLanguage\":\"ro-RO\"},{\"@type\":\"Person\",\"@id\":\"https:\\\/\\\/urbeamea.ro\\\/albaiulia\\\/#\\\/schema\\\/person\\\/272ae98052f8ee8980f59848df070247\",\"name\":\"Redac\u021bia UrbeaMea\",\"image\":{\"@type\":\"ImageObject\",\"inLanguage\":\"ro-RO\",\"@id\":\"https:\\\/\\\/secure.gravatar.com\\\/avatar\\\/9ce5a9435071fa1037e8468053ead8e513dbbff59009d3069aadb85506d85a27?s=96&d=mm&r=g\",\"url\":\"https:\\\/\\\/secure.gravatar.com\\\/avatar\\\/9ce5a9435071fa1037e8468053ead8e513dbbff59009d3069aadb85506d85a27?s=96&d=mm&r=g\",\"contentUrl\":\"https:\\\/\\\/secure.gravatar.com\\\/avatar\\\/9ce5a9435071fa1037e8468053ead8e513dbbff59009d3069aadb85506d85a27?s=96&d=mm&r=g\",\"caption\":\"Redac\u021bia UrbeaMea\"},\"description\":\"contact@urbeamea.ro\",\"sameAs\":[\"https:\\\/\\\/www.urbeamea.ro\"],\"url\":\"https:\\\/\\\/urbeamea.ro\\\/albaiulia\\\/author\\\/redactia-urbeamea\\\/\"}]}<\/script>\n<!-- \/ Yoast SEO plugin. -->","yoast_head_json":{"title":"Peste 10.000 de fani s-au bucurat al\u0103turi de arti\u0219tii prefera\u021bi \u00een prima zi de Massif - Revista Urbea Mea - Revista de Alba","description":"MAHMUT ORHAN A ADUNAT MII DE OAMENI \u00ceN FA\u021aA SCENEI, IAR SCENA G.O.A.T. A FOST NE\u00ceNCAPATOARE LA SHOW-UL LUI PUYA Peste 10.000 de fani au ajuns \u00een Poiana","robots":{"index":"index","follow":"follow","max-snippet":"max-snippet:-1","max-image-preview":"max-image-preview:large","max-video-preview":"max-video-preview:-1"},"canonical":"https:\/\/urbeamea.ro\/albaiulia\/peste-10-000-de-fani-s-au-bucurat-alaturi-de-artistii-preferati-in-prima-zi-de-massif\/","twitter_card":"summary_large_image","twitter_title":"Peste 10.000 de fani s-au bucurat al\u0103turi de arti\u0219tii prefera\u021bi \u00een prima zi de Massif - Revista Urbea Mea - Revista de Alba","twitter_description":"MAHMUT ORHAN A ADUNAT MII DE OAMENI \u00ceN FA\u021aA SCENEI, IAR SCENA G.O.A.T. A FOST NE\u00ceNCAPATOARE LA SHOW-UL LUI PUYA Peste 10.000 de fani au ajuns \u00een Poiana","twitter_image":"https:\/\/urbeamea.ro\/albaiulia\/wp-content\/uploads\/2024\/03\/Massif2024_0314_222256__IV_3532_SL.jpg","twitter_creator":"@urbeameaweb","twitter_site":"@urbeameaweb","schema":{"@context":"https:\/\/schema.org","@graph":[{"@type":"Article","@id":"https:\/\/urbeamea.ro\/albaiulia\/peste-10-000-de-fani-s-au-bucurat-alaturi-de-artistii-preferati-in-prima-zi-de-massif\/#article","isPartOf":{"@id":"https:\/\/urbeamea.ro\/albaiulia\/peste-10-000-de-fani-s-au-bucurat-alaturi-de-artistii-preferati-in-prima-zi-de-massif\/"},"author":{"name":"Redac\u021bia UrbeaMea","@id":"https:\/\/urbeamea.ro\/albaiulia\/#\/schema\/person\/272ae98052f8ee8980f59848df070247"},"headline":"Peste 10.000 de fani s-au bucurat al\u0103turi de arti\u0219tii prefera\u021bi \u00een prima zi de Massif","datePublished":"2024-03-15T11:12:38+00:00","dateModified":"2024-03-15T11:12:39+00:00","mainEntityOfPage":{"@id":"https:\/\/urbeamea.ro\/albaiulia\/peste-10-000-de-fani-s-au-bucurat-alaturi-de-artistii-preferati-in-prima-zi-de-massif\/"},"wordCount":719,"commentCount":0,"image":{"@id":"https:\/\/urbeamea.ro\/albaiulia\/peste-10-000-de-fani-s-au-bucurat-alaturi-de-artistii-preferati-in-prima-zi-de-massif\/#primaryimage"},"thumbnailUrl":"https:\/\/urbeamea.ro\/albaiulia\/wp-content\/uploads\/2024\/03\/Massif2024_0314_222256__IV_3532_SL.jpg","keywords":["massif"],"articleSection":["Evenimente"],"inLanguage":"ro-RO","potentialAction":[{"@type":"CommentAction","name":"Comment","target":["https:\/\/urbeamea.ro\/albaiulia\/peste-10-000-de-fani-s-au-bucurat-alaturi-de-artistii-preferati-in-prima-zi-de-massif\/#respond"]}]},{"@type":"WebPage","@id":"https:\/\/urbeamea.ro\/albaiulia\/peste-10-000-de-fani-s-au-bucurat-alaturi-de-artistii-preferati-in-prima-zi-de-massif\/","url":"https:\/\/urbeamea.ro\/albaiulia\/peste-10-000-de-fani-s-au-bucurat-alaturi-de-artistii-preferati-in-prima-zi-de-massif\/","name":"Peste 10.000 de fani s-au bucurat al\u0103turi de arti\u0219tii prefera\u021bi \u00een prima zi de Massif - Revista Urbea Mea - Revista de Alba","isPartOf":{"@id":"https:\/\/urbeamea.ro\/albaiulia\/#website"},"primaryImageOfPage":{"@id":"https:\/\/urbeamea.ro\/albaiulia\/peste-10-000-de-fani-s-au-bucurat-alaturi-de-artistii-preferati-in-prima-zi-de-massif\/#primaryimage"},"image":{"@id":"https:\/\/urbeamea.ro\/albaiulia\/peste-10-000-de-fani-s-au-bucurat-alaturi-de-artistii-preferati-in-prima-zi-de-massif\/#primaryimage"},"thumbnailUrl":"https:\/\/urbeamea.ro\/albaiulia\/wp-content\/uploads\/2024\/03\/Massif2024_0314_222256__IV_3532_SL.jpg","datePublished":"2024-03-15T11:12:38+00:00","dateModified":"2024-03-15T11:12:39+00:00","author":{"@id":"https:\/\/urbeamea.ro\/albaiulia\/#\/schema\/person\/272ae98052f8ee8980f59848df070247"},"description":"MAHMUT ORHAN A ADUNAT MII DE OAMENI \u00ceN FA\u021aA SCENEI, IAR SCENA G.O.A.T. A FOST NE\u00ceNCAPATOARE LA SHOW-UL LUI PUYA Peste 10.000 de fani au ajuns \u00een Poiana","breadcrumb":{"@id":"https:\/\/urbeamea.ro\/albaiulia\/peste-10-000-de-fani-s-au-bucurat-alaturi-de-artistii-preferati-in-prima-zi-de-massif\/#breadcrumb"},"inLanguage":"ro-RO","potentialAction":[{"@type":"ReadAction","target":["https:\/\/urbeamea.ro\/albaiulia\/peste-10-000-de-fani-s-au-bucurat-alaturi-de-artistii-preferati-in-prima-zi-de-massif\/"]}]},{"@type":"ImageObject","inLanguage":"ro-RO","@id":"https:\/\/urbeamea.ro\/albaiulia\/peste-10-000-de-fani-s-au-bucurat-alaturi-de-artistii-preferati-in-prima-zi-de-massif\/#primaryimage","url":"https:\/\/urbeamea.ro\/albaiulia\/wp-content\/uploads\/2024\/03\/Massif2024_0314_222256__IV_3532_SL.jpg","contentUrl":"https:\/\/urbeamea.ro\/albaiulia\/wp-content\/uploads\/2024\/03\/Massif2024_0314_222256__IV_3532_SL.jpg","width":1600,"height":1066},{"@type":"BreadcrumbList","@id":"https:\/\/urbeamea.ro\/albaiulia\/peste-10-000-de-fani-s-au-bucurat-alaturi-de-artistii-preferati-in-prima-zi-de-massif\/#breadcrumb","itemListElement":[{"@type":"ListItem","position":1,"name":"Prima pagin\u0103","item":"https:\/\/urbeamea.ro\/albaiulia\/"},{"@type":"ListItem","position":2,"name":"Peste 10.000 de fani s-au bucurat al\u0103turi de arti\u0219tii prefera\u021bi \u00een prima zi de Massif"}]},{"@type":"WebSite","@id":"https:\/\/urbeamea.ro\/albaiulia\/#website","url":"https:\/\/urbeamea.ro\/albaiulia\/","name":"Revista Urbea Mea, Stiri urbane","description":"Evenimente \u0219i \u0219tiri din Alba Iulia, Sebe\u0219, Aiud, Blaj","potentialAction":[{"@type":"SearchAction","target":{"@type":"EntryPoint","urlTemplate":"https:\/\/urbeamea.ro\/albaiulia\/?s={search_term_string}"},"query-input":{"@type":"PropertyValueSpecification","valueRequired":true,"valueName":"search_term_string"}}],"inLanguage":"ro-RO"},{"@type":"Person","@id":"https:\/\/urbeamea.ro\/albaiulia\/#\/schema\/person\/272ae98052f8ee8980f59848df070247","name":"Redac\u021bia UrbeaMea","image":{"@type":"ImageObject","inLanguage":"ro-RO","@id":"https:\/\/secure.gravatar.com\/avatar\/9ce5a9435071fa1037e8468053ead8e513dbbff59009d3069aadb85506d85a27?s=96&d=mm&r=g","url":"https:\/\/secure.gravatar.com\/avatar\/9ce5a9435071fa1037e8468053ead8e513dbbff59009d3069aadb85506d85a27?s=96&d=mm&r=g","contentUrl":"https:\/\/secure.gravatar.com\/avatar\/9ce5a9435071fa1037e8468053ead8e513dbbff59009d3069aadb85506d85a27?s=96&d=mm&r=g","caption":"Redac\u021bia UrbeaMea"},"description":"contact@urbeamea.ro","sameAs":["https:\/\/www.urbeamea.ro"],"url":"https:\/\/urbeamea.ro\/albaiulia\/author\/redactia-urbeamea\/"}]}},"_links":{"self":[{"href":"https:\/\/urbeamea.ro\/albaiulia\/wp-json\/wp\/v2\/posts\/110655","targetHints":{"allow":["GET"]}}],"collection":[{"href":"https:\/\/urbeamea.ro\/albaiulia\/wp-json\/wp\/v2\/posts"}],"about":[{"href":"https:\/\/urbeamea.ro\/albaiulia\/wp-json\/wp\/v2\/types\/post"}],"author":[{"embeddable":true,"href":"https:\/\/urbeamea.ro\/albaiulia\/wp-json\/wp\/v2\/users\/16"}],"replies":[{"embeddable":true,"href":"https:\/\/urbeamea.ro\/albaiulia\/wp-json\/wp\/v2\/comments?post=110655"}],"version-history":[{"count":1,"href":"https:\/\/urbeamea.ro\/albaiulia\/wp-json\/wp\/v2\/posts\/110655\/revisions"}],"predecessor-version":[{"id":110664,"href":"https:\/\/urbeamea.ro\/albaiulia\/wp-json\/wp\/v2\/posts\/110655\/revisions\/110664"}],"wp:featuredmedia":[{"embeddable":true,"href":"https:\/\/urbeamea.ro\/albaiulia\/wp-json\/wp\/v2\/media\/110663"}],"wp:attachment":[{"href":"https:\/\/urbeamea.ro\/albaiulia\/wp-json\/wp\/v2\/media?parent=110655"}],"wp:term":[{"taxonomy":"category","embeddable":true,"href":"https:\/\/urbeamea.ro\/albaiulia\/wp-json\/wp\/v2\/categories?post=110655"},{"taxonomy":"post_tag","embeddable":true,"href":"https:\/\/urbeamea.ro\/albaiulia\/wp-json\/wp\/v2\/tags?post=110655"}],"curies":[{"name":"wp","href":"https:\/\/api.w.org\/{rel}","templated":true}]}}