{"id":110665,"date":"2024-03-18T11:52:20","date_gmt":"2024-03-18T09:52:20","guid":{"rendered":"https:\/\/urbeamea.ro\/albaiulia\/?p=110665"},"modified":"2024-03-18T11:52:22","modified_gmt":"2024-03-18T09:52:22","slug":"primarul-dorin-nistor-anunta-licitatia-pentru-modernizarea-unui-numar-de-6-strazi-din-sebes","status":"publish","type":"post","link":"https:\/\/urbeamea.ro\/albaiulia\/primarul-dorin-nistor-anunta-licitatia-pentru-modernizarea-unui-numar-de-6-strazi-din-sebes\/","title":{"rendered":"Primarul Dorin Nistor anun\u021b\u0103 licita\u021bia pentru modernizarea unui num\u0103r de 6 str\u0103zi din Sebe\u0219"},"content":{"rendered":"\n<p>Prim\u0103ria Municipiului Sebe\u0219 a lansat licita\u021bia public\u0103 pentru modernizarea str\u0103zilor Oituz, Doinei, Mo\u021bilor, Clo\u0219ca, Alunului \u0219i Depozitelor.<\/p>\n\n\n\n<p>Lucr\u0103rile de modernizare includ: partea carosabil\u0103, trotuare pietonale, accese la propriet\u0103\u021bi, parc\u0103ri, spa\u021bii verzi, amenajarea intersec\u021biilor \u0219i racordurilor cu str\u0103zile laterale, asigurarea colect\u0103rii \u0219i evacu\u0103rii apelor pluviale, lucr\u0103ri de siguran\u021b\u0103 rutier\u0103.<\/p>\n\n\n\n<p>Valoarea total\u0103 a investi\u021biilor este de circa 16 milioane lei, din care 8,4 milioane lei reprezint\u0103 o finan\u021bare nerambursabil\u0103 ob\u021binut\u0103 prin Programul Na\u0163ional de Investi\u0163ii \u201eAnghel Saligny\u201d, accesat cu succes de Prim\u0103ria Municipiului Sebe\u0219.<\/p>\n\n\n\n<p>\u201ePunerea \u00een practic\u0103 a lucr\u0103rilor va deschide posibilit\u0103\u021bi noi pentru dezvoltarea activit\u0103\u021bilor economice \u00een zonele men\u021bionate \u0219i va contribui la \u00eembun\u0103t\u0103\u021birea condi\u021biilor de mediu, prin eliminarea surselor de praf \u0219i noroi generate de str\u0103zile neasfaltate\u201d transmite Prim\u0103ria Sebe\u0219.<\/p>\n\n\n\n<figure class=\"wp-block-image size-large\"><img loading=\"lazy\" decoding=\"async\" width=\"854\" height=\"1280\" src=\"https:\/\/urbeamea.ro\/albaiulia\/wp-content\/uploads\/2024\/03\/AIR_2166-854x1280.jpg\" alt=\"\" class=\"wp-image-110666\" srcset=\"https:\/\/urbeamea.ro\/albaiulia\/wp-content\/uploads\/2024\/03\/AIR_2166-854x1280.jpg 854w, https:\/\/urbeamea.ro\/albaiulia\/wp-content\/uploads\/2024\/03\/AIR_2166-427x640.jpg 427w, https:\/\/urbeamea.ro\/albaiulia\/wp-content\/uploads\/2024\/03\/AIR_2166-100x150.jpg 100w, https:\/\/urbeamea.ro\/albaiulia\/wp-content\/uploads\/2024\/03\/AIR_2166-768x1152.jpg 768w, https:\/\/urbeamea.ro\/albaiulia\/wp-content\/uploads\/2024\/03\/AIR_2166-1024x1536.jpg 1024w, https:\/\/urbeamea.ro\/albaiulia\/wp-content\/uploads\/2024\/03\/AIR_2166.jpg 1067w\" sizes=\"auto, (max-width: 854px) 100vw, 854px\" \/><\/figure>\n","protected":false},"excerpt":{"rendered":"<p>Prim\u0103ria Municipiului Sebe\u0219 a lansat licita\u021bia public\u0103 pentru modernizarea str\u0103zilor Oituz, Doinei, Mo\u021bilor, Clo\u0219ca, Alunului \u0219i Depozitelor. Lucr\u0103rile de modernizare includ: partea carosabil\u0103, trotuare pietonale, accese la propriet\u0103\u021bi, parc\u0103ri, spa\u021bii verzi, amenajarea intersec\u021biilor \u0219i racordurilor cu str\u0103zile laterale, asigurarea colect\u0103rii \u0219i evacu\u0103rii apelor pluviale, lucr\u0103ri de siguran\u021b\u0103 rutier\u0103. Valoarea total\u0103 a investi\u021biilor este de circa &hellip;<\/p>\n","protected":false},"author":16,"featured_media":110667,"comment_status":"open","ping_status":"open","sticky":false,"template":"","format":"standard","meta":{"inline_featured_image":false,"footnotes":""},"categories":[2035],"tags":[],"class_list":["post-110665","post","type-post","status-publish","format-standard","has-post-thumbnail","hentry","category-administratie"],"yoast_head":"<!-- This site is optimized with the Yoast SEO plugin v27.4 - https:\/\/yoast.com\/product\/yoast-seo-wordpress\/ -->\n<title>Primarul Dorin Nistor anun\u021b\u0103 licita\u021bia pentru modernizarea unui num\u0103r de 6 str\u0103zi din Sebe\u0219 - Revista Urbea Mea - Revista de Alba<\/title>\n<meta name=\"description\" content=\"Prim\u0103ria Municipiului Sebe\u0219 a lansat licita\u021bia public\u0103 pentru modernizarea str\u0103zilor Oituz, Doinei, Mo\u021bilor, Clo\u0219ca, Alunului \u0219i Depozitelor. Lucr\u0103rile de\" \/>\n<meta name=\"robots\" content=\"index, follow, max-snippet:-1, max-image-preview:large, max-video-preview:-1\" \/>\n<link rel=\"canonical\" href=\"https:\/\/urbeamea.ro\/albaiulia\/primarul-dorin-nistor-anunta-licitatia-pentru-modernizarea-unui-numar-de-6-strazi-din-sebes\/\" \/>\n<meta name=\"twitter:card\" content=\"summary_large_image\" \/>\n<meta name=\"twitter:title\" content=\"Primarul Dorin Nistor anun\u021b\u0103 licita\u021bia pentru modernizarea unui num\u0103r de 6 str\u0103zi din Sebe\u0219 - Revista Urbea Mea - Revista de Alba\" \/>\n<meta name=\"twitter:description\" content=\"Prim\u0103ria Municipiului Sebe\u0219 a lansat licita\u021bia public\u0103 pentru modernizarea str\u0103zilor Oituz, Doinei, Mo\u021bilor, Clo\u0219ca, Alunului \u0219i Depozitelor. Lucr\u0103rile de\" \/>\n<meta name=\"twitter:image\" content=\"https:\/\/urbeamea.ro\/albaiulia\/wp-content\/uploads\/2024\/03\/AIR_2177.jpg\" \/>\n<meta name=\"twitter:creator\" content=\"@urbeameaweb\" \/>\n<meta name=\"twitter:site\" content=\"@urbeameaweb\" \/>\n<script type=\"application\/ld+json\" class=\"yoast-schema-graph\">{\"@context\":\"https:\\\/\\\/schema.org\",\"@graph\":[{\"@type\":\"Article\",\"@id\":\"https:\\\/\\\/urbeamea.ro\\\/albaiulia\\\/primarul-dorin-nistor-anunta-licitatia-pentru-modernizarea-unui-numar-de-6-strazi-din-sebes\\\/#article\",\"isPartOf\":{\"@id\":\"https:\\\/\\\/urbeamea.ro\\\/albaiulia\\\/primarul-dorin-nistor-anunta-licitatia-pentru-modernizarea-unui-numar-de-6-strazi-din-sebes\\\/\"},\"author\":{\"name\":\"Redac\u021bia UrbeaMea\",\"@id\":\"https:\\\/\\\/urbeamea.ro\\\/albaiulia\\\/#\\\/schema\\\/person\\\/272ae98052f8ee8980f59848df070247\"},\"headline\":\"Primarul Dorin Nistor anun\u021b\u0103 licita\u021bia pentru modernizarea unui num\u0103r de 6 str\u0103zi din Sebe\u0219\",\"datePublished\":\"2024-03-18T09:52:20+00:00\",\"dateModified\":\"2024-03-18T09:52:22+00:00\",\"mainEntityOfPage\":{\"@id\":\"https:\\\/\\\/urbeamea.ro\\\/albaiulia\\\/primarul-dorin-nistor-anunta-licitatia-pentru-modernizarea-unui-numar-de-6-strazi-din-sebes\\\/\"},\"wordCount\":163,\"commentCount\":0,\"image\":{\"@id\":\"https:\\\/\\\/urbeamea.ro\\\/albaiulia\\\/primarul-dorin-nistor-anunta-licitatia-pentru-modernizarea-unui-numar-de-6-strazi-din-sebes\\\/#primaryimage\"},\"thumbnailUrl\":\"https:\\\/\\\/urbeamea.ro\\\/albaiulia\\\/wp-content\\\/uploads\\\/2024\\\/03\\\/AIR_2177.jpg\",\"articleSection\":[\"Administra\u021bie\"],\"inLanguage\":\"ro-RO\",\"potentialAction\":[{\"@type\":\"CommentAction\",\"name\":\"Comment\",\"target\":[\"https:\\\/\\\/urbeamea.ro\\\/albaiulia\\\/primarul-dorin-nistor-anunta-licitatia-pentru-modernizarea-unui-numar-de-6-strazi-din-sebes\\\/#respond\"]}]},{\"@type\":\"WebPage\",\"@id\":\"https:\\\/\\\/urbeamea.ro\\\/albaiulia\\\/primarul-dorin-nistor-anunta-licitatia-pentru-modernizarea-unui-numar-de-6-strazi-din-sebes\\\/\",\"url\":\"https:\\\/\\\/urbeamea.ro\\\/albaiulia\\\/primarul-dorin-nistor-anunta-licitatia-pentru-modernizarea-unui-numar-de-6-strazi-din-sebes\\\/\",\"name\":\"Primarul Dorin Nistor anun\u021b\u0103 licita\u021bia pentru modernizarea unui num\u0103r de 6 str\u0103zi din Sebe\u0219 - Revista Urbea Mea - Revista de Alba\",\"isPartOf\":{\"@id\":\"https:\\\/\\\/urbeamea.ro\\\/albaiulia\\\/#website\"},\"primaryImageOfPage\":{\"@id\":\"https:\\\/\\\/urbeamea.ro\\\/albaiulia\\\/primarul-dorin-nistor-anunta-licitatia-pentru-modernizarea-unui-numar-de-6-strazi-din-sebes\\\/#primaryimage\"},\"image\":{\"@id\":\"https:\\\/\\\/urbeamea.ro\\\/albaiulia\\\/primarul-dorin-nistor-anunta-licitatia-pentru-modernizarea-unui-numar-de-6-strazi-din-sebes\\\/#primaryimage\"},\"thumbnailUrl\":\"https:\\\/\\\/urbeamea.ro\\\/albaiulia\\\/wp-content\\\/uploads\\\/2024\\\/03\\\/AIR_2177.jpg\",\"datePublished\":\"2024-03-18T09:52:20+00:00\",\"dateModified\":\"2024-03-18T09:52:22+00:00\",\"author\":{\"@id\":\"https:\\\/\\\/urbeamea.ro\\\/albaiulia\\\/#\\\/schema\\\/person\\\/272ae98052f8ee8980f59848df070247\"},\"description\":\"Prim\u0103ria Municipiului Sebe\u0219 a lansat licita\u021bia public\u0103 pentru modernizarea str\u0103zilor Oituz, Doinei, Mo\u021bilor, Clo\u0219ca, Alunului \u0219i Depozitelor. Lucr\u0103rile de\",\"breadcrumb\":{\"@id\":\"https:\\\/\\\/urbeamea.ro\\\/albaiulia\\\/primarul-dorin-nistor-anunta-licitatia-pentru-modernizarea-unui-numar-de-6-strazi-din-sebes\\\/#breadcrumb\"},\"inLanguage\":\"ro-RO\",\"potentialAction\":[{\"@type\":\"ReadAction\",\"target\":[\"https:\\\/\\\/urbeamea.ro\\\/albaiulia\\\/primarul-dorin-nistor-anunta-licitatia-pentru-modernizarea-unui-numar-de-6-strazi-din-sebes\\\/\"]}]},{\"@type\":\"ImageObject\",\"inLanguage\":\"ro-RO\",\"@id\":\"https:\\\/\\\/urbeamea.ro\\\/albaiulia\\\/primarul-dorin-nistor-anunta-licitatia-pentru-modernizarea-unui-numar-de-6-strazi-din-sebes\\\/#primaryimage\",\"url\":\"https:\\\/\\\/urbeamea.ro\\\/albaiulia\\\/wp-content\\\/uploads\\\/2024\\\/03\\\/AIR_2177.jpg\",\"contentUrl\":\"https:\\\/\\\/urbeamea.ro\\\/albaiulia\\\/wp-content\\\/uploads\\\/2024\\\/03\\\/AIR_2177.jpg\",\"width\":1600,\"height\":1067},{\"@type\":\"BreadcrumbList\",\"@id\":\"https:\\\/\\\/urbeamea.ro\\\/albaiulia\\\/primarul-dorin-nistor-anunta-licitatia-pentru-modernizarea-unui-numar-de-6-strazi-din-sebes\\\/#breadcrumb\",\"itemListElement\":[{\"@type\":\"ListItem\",\"position\":1,\"name\":\"Prima pagin\u0103\",\"item\":\"https:\\\/\\\/urbeamea.ro\\\/albaiulia\\\/\"},{\"@type\":\"ListItem\",\"position\":2,\"name\":\"Primarul Dorin Nistor anun\u021b\u0103 licita\u021bia pentru modernizarea unui num\u0103r de 6 str\u0103zi din Sebe\u0219\"}]},{\"@type\":\"WebSite\",\"@id\":\"https:\\\/\\\/urbeamea.ro\\\/albaiulia\\\/#website\",\"url\":\"https:\\\/\\\/urbeamea.ro\\\/albaiulia\\\/\",\"name\":\"Revista Urbea Mea, Stiri urbane\",\"description\":\"Evenimente \u0219i \u0219tiri din Alba Iulia, Sebe\u0219, Aiud, Blaj\",\"potentialAction\":[{\"@type\":\"SearchAction\",\"target\":{\"@type\":\"EntryPoint\",\"urlTemplate\":\"https:\\\/\\\/urbeamea.ro\\\/albaiulia\\\/?s={search_term_string}\"},\"query-input\":{\"@type\":\"PropertyValueSpecification\",\"valueRequired\":true,\"valueName\":\"search_term_string\"}}],\"inLanguage\":\"ro-RO\"},{\"@type\":\"Person\",\"@id\":\"https:\\\/\\\/urbeamea.ro\\\/albaiulia\\\/#\\\/schema\\\/person\\\/272ae98052f8ee8980f59848df070247\",\"name\":\"Redac\u021bia UrbeaMea\",\"image\":{\"@type\":\"ImageObject\",\"inLanguage\":\"ro-RO\",\"@id\":\"https:\\\/\\\/secure.gravatar.com\\\/avatar\\\/9ce5a9435071fa1037e8468053ead8e513dbbff59009d3069aadb85506d85a27?s=96&d=mm&r=g\",\"url\":\"https:\\\/\\\/secure.gravatar.com\\\/avatar\\\/9ce5a9435071fa1037e8468053ead8e513dbbff59009d3069aadb85506d85a27?s=96&d=mm&r=g\",\"contentUrl\":\"https:\\\/\\\/secure.gravatar.com\\\/avatar\\\/9ce5a9435071fa1037e8468053ead8e513dbbff59009d3069aadb85506d85a27?s=96&d=mm&r=g\",\"caption\":\"Redac\u021bia UrbeaMea\"},\"description\":\"contact@urbeamea.ro\",\"sameAs\":[\"https:\\\/\\\/www.urbeamea.ro\"],\"url\":\"https:\\\/\\\/urbeamea.ro\\\/albaiulia\\\/author\\\/redactia-urbeamea\\\/\"}]}<\/script>\n<!-- \/ Yoast SEO plugin. -->","yoast_head_json":{"title":"Primarul Dorin Nistor anun\u021b\u0103 licita\u021bia pentru modernizarea unui num\u0103r de 6 str\u0103zi din Sebe\u0219 - Revista Urbea Mea - Revista de Alba","description":"Prim\u0103ria Municipiului Sebe\u0219 a lansat licita\u021bia public\u0103 pentru modernizarea str\u0103zilor Oituz, Doinei, Mo\u021bilor, Clo\u0219ca, Alunului \u0219i Depozitelor. Lucr\u0103rile de","robots":{"index":"index","follow":"follow","max-snippet":"max-snippet:-1","max-image-preview":"max-image-preview:large","max-video-preview":"max-video-preview:-1"},"canonical":"https:\/\/urbeamea.ro\/albaiulia\/primarul-dorin-nistor-anunta-licitatia-pentru-modernizarea-unui-numar-de-6-strazi-din-sebes\/","twitter_card":"summary_large_image","twitter_title":"Primarul Dorin Nistor anun\u021b\u0103 licita\u021bia pentru modernizarea unui num\u0103r de 6 str\u0103zi din Sebe\u0219 - Revista Urbea Mea - Revista de Alba","twitter_description":"Prim\u0103ria Municipiului Sebe\u0219 a lansat licita\u021bia public\u0103 pentru modernizarea str\u0103zilor Oituz, Doinei, Mo\u021bilor, Clo\u0219ca, Alunului \u0219i Depozitelor. Lucr\u0103rile de","twitter_image":"https:\/\/urbeamea.ro\/albaiulia\/wp-content\/uploads\/2024\/03\/AIR_2177.jpg","twitter_creator":"@urbeameaweb","twitter_site":"@urbeameaweb","schema":{"@context":"https:\/\/schema.org","@graph":[{"@type":"Article","@id":"https:\/\/urbeamea.ro\/albaiulia\/primarul-dorin-nistor-anunta-licitatia-pentru-modernizarea-unui-numar-de-6-strazi-din-sebes\/#article","isPartOf":{"@id":"https:\/\/urbeamea.ro\/albaiulia\/primarul-dorin-nistor-anunta-licitatia-pentru-modernizarea-unui-numar-de-6-strazi-din-sebes\/"},"author":{"name":"Redac\u021bia UrbeaMea","@id":"https:\/\/urbeamea.ro\/albaiulia\/#\/schema\/person\/272ae98052f8ee8980f59848df070247"},"headline":"Primarul Dorin Nistor anun\u021b\u0103 licita\u021bia pentru modernizarea unui num\u0103r de 6 str\u0103zi din Sebe\u0219","datePublished":"2024-03-18T09:52:20+00:00","dateModified":"2024-03-18T09:52:22+00:00","mainEntityOfPage":{"@id":"https:\/\/urbeamea.ro\/albaiulia\/primarul-dorin-nistor-anunta-licitatia-pentru-modernizarea-unui-numar-de-6-strazi-din-sebes\/"},"wordCount":163,"commentCount":0,"image":{"@id":"https:\/\/urbeamea.ro\/albaiulia\/primarul-dorin-nistor-anunta-licitatia-pentru-modernizarea-unui-numar-de-6-strazi-din-sebes\/#primaryimage"},"thumbnailUrl":"https:\/\/urbeamea.ro\/albaiulia\/wp-content\/uploads\/2024\/03\/AIR_2177.jpg","articleSection":["Administra\u021bie"],"inLanguage":"ro-RO","potentialAction":[{"@type":"CommentAction","name":"Comment","target":["https:\/\/urbeamea.ro\/albaiulia\/primarul-dorin-nistor-anunta-licitatia-pentru-modernizarea-unui-numar-de-6-strazi-din-sebes\/#respond"]}]},{"@type":"WebPage","@id":"https:\/\/urbeamea.ro\/albaiulia\/primarul-dorin-nistor-anunta-licitatia-pentru-modernizarea-unui-numar-de-6-strazi-din-sebes\/","url":"https:\/\/urbeamea.ro\/albaiulia\/primarul-dorin-nistor-anunta-licitatia-pentru-modernizarea-unui-numar-de-6-strazi-din-sebes\/","name":"Primarul Dorin Nistor anun\u021b\u0103 licita\u021bia pentru modernizarea unui num\u0103r de 6 str\u0103zi din Sebe\u0219 - Revista Urbea Mea - Revista de Alba","isPartOf":{"@id":"https:\/\/urbeamea.ro\/albaiulia\/#website"},"primaryImageOfPage":{"@id":"https:\/\/urbeamea.ro\/albaiulia\/primarul-dorin-nistor-anunta-licitatia-pentru-modernizarea-unui-numar-de-6-strazi-din-sebes\/#primaryimage"},"image":{"@id":"https:\/\/urbeamea.ro\/albaiulia\/primarul-dorin-nistor-anunta-licitatia-pentru-modernizarea-unui-numar-de-6-strazi-din-sebes\/#primaryimage"},"thumbnailUrl":"https:\/\/urbeamea.ro\/albaiulia\/wp-content\/uploads\/2024\/03\/AIR_2177.jpg","datePublished":"2024-03-18T09:52:20+00:00","dateModified":"2024-03-18T09:52:22+00:00","author":{"@id":"https:\/\/urbeamea.ro\/albaiulia\/#\/schema\/person\/272ae98052f8ee8980f59848df070247"},"description":"Prim\u0103ria Municipiului Sebe\u0219 a lansat licita\u021bia public\u0103 pentru modernizarea str\u0103zilor Oituz, Doinei, Mo\u021bilor, Clo\u0219ca, Alunului \u0219i Depozitelor. Lucr\u0103rile de","breadcrumb":{"@id":"https:\/\/urbeamea.ro\/albaiulia\/primarul-dorin-nistor-anunta-licitatia-pentru-modernizarea-unui-numar-de-6-strazi-din-sebes\/#breadcrumb"},"inLanguage":"ro-RO","potentialAction":[{"@type":"ReadAction","target":["https:\/\/urbeamea.ro\/albaiulia\/primarul-dorin-nistor-anunta-licitatia-pentru-modernizarea-unui-numar-de-6-strazi-din-sebes\/"]}]},{"@type":"ImageObject","inLanguage":"ro-RO","@id":"https:\/\/urbeamea.ro\/albaiulia\/primarul-dorin-nistor-anunta-licitatia-pentru-modernizarea-unui-numar-de-6-strazi-din-sebes\/#primaryimage","url":"https:\/\/urbeamea.ro\/albaiulia\/wp-content\/uploads\/2024\/03\/AIR_2177.jpg","contentUrl":"https:\/\/urbeamea.ro\/albaiulia\/wp-content\/uploads\/2024\/03\/AIR_2177.jpg","width":1600,"height":1067},{"@type":"BreadcrumbList","@id":"https:\/\/urbeamea.ro\/albaiulia\/primarul-dorin-nistor-anunta-licitatia-pentru-modernizarea-unui-numar-de-6-strazi-din-sebes\/#breadcrumb","itemListElement":[{"@type":"ListItem","position":1,"name":"Prima pagin\u0103","item":"https:\/\/urbeamea.ro\/albaiulia\/"},{"@type":"ListItem","position":2,"name":"Primarul Dorin Nistor anun\u021b\u0103 licita\u021bia pentru modernizarea unui num\u0103r de 6 str\u0103zi din Sebe\u0219"}]},{"@type":"WebSite","@id":"https:\/\/urbeamea.ro\/albaiulia\/#website","url":"https:\/\/urbeamea.ro\/albaiulia\/","name":"Revista Urbea Mea, Stiri urbane","description":"Evenimente \u0219i \u0219tiri din Alba Iulia, Sebe\u0219, Aiud, Blaj","potentialAction":[{"@type":"SearchAction","target":{"@type":"EntryPoint","urlTemplate":"https:\/\/urbeamea.ro\/albaiulia\/?s={search_term_string}"},"query-input":{"@type":"PropertyValueSpecification","valueRequired":true,"valueName":"search_term_string"}}],"inLanguage":"ro-RO"},{"@type":"Person","@id":"https:\/\/urbeamea.ro\/albaiulia\/#\/schema\/person\/272ae98052f8ee8980f59848df070247","name":"Redac\u021bia UrbeaMea","image":{"@type":"ImageObject","inLanguage":"ro-RO","@id":"https:\/\/secure.gravatar.com\/avatar\/9ce5a9435071fa1037e8468053ead8e513dbbff59009d3069aadb85506d85a27?s=96&d=mm&r=g","url":"https:\/\/secure.gravatar.com\/avatar\/9ce5a9435071fa1037e8468053ead8e513dbbff59009d3069aadb85506d85a27?s=96&d=mm&r=g","contentUrl":"https:\/\/secure.gravatar.com\/avatar\/9ce5a9435071fa1037e8468053ead8e513dbbff59009d3069aadb85506d85a27?s=96&d=mm&r=g","caption":"Redac\u021bia UrbeaMea"},"description":"contact@urbeamea.ro","sameAs":["https:\/\/www.urbeamea.ro"],"url":"https:\/\/urbeamea.ro\/albaiulia\/author\/redactia-urbeamea\/"}]}},"_links":{"self":[{"href":"https:\/\/urbeamea.ro\/albaiulia\/wp-json\/wp\/v2\/posts\/110665","targetHints":{"allow":["GET"]}}],"collection":[{"href":"https:\/\/urbeamea.ro\/albaiulia\/wp-json\/wp\/v2\/posts"}],"about":[{"href":"https:\/\/urbeamea.ro\/albaiulia\/wp-json\/wp\/v2\/types\/post"}],"author":[{"embeddable":true,"href":"https:\/\/urbeamea.ro\/albaiulia\/wp-json\/wp\/v2\/users\/16"}],"replies":[{"embeddable":true,"href":"https:\/\/urbeamea.ro\/albaiulia\/wp-json\/wp\/v2\/comments?post=110665"}],"version-history":[{"count":1,"href":"https:\/\/urbeamea.ro\/albaiulia\/wp-json\/wp\/v2\/posts\/110665\/revisions"}],"predecessor-version":[{"id":110668,"href":"https:\/\/urbeamea.ro\/albaiulia\/wp-json\/wp\/v2\/posts\/110665\/revisions\/110668"}],"wp:featuredmedia":[{"embeddable":true,"href":"https:\/\/urbeamea.ro\/albaiulia\/wp-json\/wp\/v2\/media\/110667"}],"wp:attachment":[{"href":"https:\/\/urbeamea.ro\/albaiulia\/wp-json\/wp\/v2\/media?parent=110665"}],"wp:term":[{"taxonomy":"category","embeddable":true,"href":"https:\/\/urbeamea.ro\/albaiulia\/wp-json\/wp\/v2\/categories?post=110665"},{"taxonomy":"post_tag","embeddable":true,"href":"https:\/\/urbeamea.ro\/albaiulia\/wp-json\/wp\/v2\/tags?post=110665"}],"curies":[{"name":"wp","href":"https:\/\/api.w.org\/{rel}","templated":true}]}}