{"id":110672,"date":"2024-03-18T12:02:52","date_gmt":"2024-03-18T10:02:52","guid":{"rendered":"https:\/\/urbeamea.ro\/albaiulia\/?p=110672"},"modified":"2024-03-18T12:02:54","modified_gmt":"2024-03-18T10:02:54","slug":"21-martie-ziua-mondiala-a-marionetistilor-si-papusarilor","status":"publish","type":"post","link":"https:\/\/urbeamea.ro\/albaiulia\/21-martie-ziua-mondiala-a-marionetistilor-si-papusarilor\/","title":{"rendered":"21 martie, Ziua Mondial\u0103 a Marioneti\u0219tilor \u0219i P\u0103pu\u0219arilor"},"content":{"rendered":"\n<p>Teatrul de P\u0103pu\u0219i \u201ePrichindel\u201d s\u0103rb\u0103tore\u0219te prin teatru, \u00een data de <strong>21 martie<\/strong>, <strong>Ziua Mondial\u0103 a Marioneti\u0219tilor \u0219i P\u0103pu\u0219arilor<\/strong>. Este o zi special\u0103, \u00een care p\u0103pu\u0219ari \u0219i marioneti\u0219ti din toat\u0103 lumea celebreaz\u0103 aceast\u0103 minunat\u0103 art\u0103. \u00cen fiecare an, UNIMA (Uniunea Interna\u021bional\u0103 a Marioneti\u0219tilor) alege o tem\u0103 cu prilejul acestei zile \u0219i transmite un mesaj. Tema din 2024 este <em>Clima,<\/em> iar din mesajul secretarului general al acestei organiza\u021bii, Dimitri Jageneau, am extras un fragment care sintetizeaz\u0103 importan\u021ba acestei arte \u00een via\u021ba noastr\u0103 \u0219i a copiilor no\u0219tri: \u201eS\u0103 ne g\u00e2ndim la viitor, viitorul nostru, viitorul copiilor no\u0219tri! Haide\u021bi s\u0103 cre\u0103m pentru a \u00een\u021belege \u0219i a inventa leg\u0103turile cu viitorul. Tema \u201eclimei\u201d este o tem\u0103 multipl\u0103 care descoper\u0103, o tem\u0103 care compune cele Patru Anotimpuri, o tem\u0103 care danseaz\u0103 \u0219i se joac\u0103 cu toate materiile \u0219i formele, o tem\u0103 care deschide imagina\u021bia zilei de azi, a corpului, muzicii \u0219i toate elementele care ne fac s\u0103 suferim, dar de care ne \u0219i minun\u0103m. Haide\u021bi s\u0103 cream viitorul prin arta p\u0103pu\u0219\u0103riei!\u201d<\/p>\n\n\n\n<p>Am ales pentru aceast\u0103 zi important\u0103 un spectacol, care, odinioar\u0103, s-a bucurat de un real succes la public \u0219i pe care ne bucur\u0103m s\u0103 \u00eel oferim din nou micilor no\u0219tri spectatori, \u00eentr-o nou\u0103 distribu\u021bie:\u00a0\u00a0\u00a0\u00a0 \u201ePungu\u021ba cu 2 bani\u201d, regia Gabriel Apostol.<\/p>\n\n\n\n<ul class=\"wp-block-list\">\n<li><strong><em>Pungu\u021ba cu 2 bani<\/em><\/strong><strong>, <\/strong>dup\u0103 Ion Creang\u0103<strong><\/strong><\/li>\n\n\n\n<li><strong>Dramatizarea \u0219i regia: <\/strong>Gabriel Apostol<\/li>\n\n\n\n<li><strong>Scenografie \u0219i costume: <\/strong>Marian Sandu<\/li>\n\n\n\n<li><strong>Pictur\u0103 \u0219i sculptur\u0103:<\/strong> Marian Sandu \u0219i Oriana Pelladi<\/li>\n\n\n\n<li><strong>Muzica: <\/strong>Dan B\u0103lan<\/li>\n\n\n\n<li><strong>Distribu\u021bia: <\/strong>Viorica Boda, Teodora Popa, Iulian Costea, Irina Melnic, M\u0103d\u0103lin Costea, Ramona Benchea Mincu, Tudor Cristian Popa<\/li>\n\n\n\n<li><strong>Regia tehnic\u0103: <\/strong>Elena Madaras<strong><\/strong><\/li>\n\n\n\n<li><strong>Sunet: <\/strong>Florin Andrea<strong><\/strong><\/li>\n\n\n\n<li><strong>Lumini: <\/strong>Ovidiu T\u0103m\u0103\u0219an<\/li>\n\n\n\n<li><strong>Croitorie<\/strong>: Mirela T\u0103m\u0103\u0219an<\/li>\n\n\n\n<li><strong>Ma\u0219ini\u0219ti: <\/strong>Gheorghe Ha\u021began, Florin Badiu<\/li>\n\n\n\n<li><strong>Manager teatru: <\/strong>Ioana Bog\u0103\u021ban<\/li>\n<\/ul>\n\n\n\n<p>\u00cen caz c\u0103 dori\u021bi s\u0103 viziona\u021bi acest spectacol \u00eempreun\u0103 cu familia \u0219i prietenii, v\u0103 a\u0219tept\u0103m \u0219i \u00een data de 30 martie, orele 12:00. Pentru aceast\u0103 reprezenta\u021bie bilete le pute\u021bi achizi\u021biona de la casieria teatrului, de luni p\u00e2n\u0103 vineri, \u00eentre orele 9:00 \u0219i 14:00, sau online, pe <a href=\"http:\/\/www.teatrulalba.ro\" target=\"_blank\" rel=\"noreferrer noopener\">www.teatrulalba.ro<\/a>.<\/p>\n\n\n\n<p>Tot \u00een luna martie, pe data de <strong>20<\/strong> se s\u0103rb\u0103tore\u0219te <strong>Ziua Mondial\u0103 a Teatrului pentru Copii \u0219i Tineret<\/strong>, iar pe data de <strong>27<\/strong> <strong>Ziua Mondial\u0103 a Teatrului<\/strong>. Spunem La mul\u021bi ani! tuturor colegilor din teatrele pentru copii \u0219i tineret, din teatrele dramatice, al\u0103turi de care ne str\u0103duim s\u0103 facem lumea mai bun\u0103, mai vesel\u0103, mai colorat\u0103: \u201eO facem pe strad\u0103 \u0219i \u00een s\u0103lile marilor teatre, \u00een \u0219coli \u0219i case \u0219i pe scene. Facem spectacole pentru, cu, de \u0219i despre copii \u0219i tineri, oriunde ar fi. Copiii \u0219i tinerii au nevoie de teatru \u0219i de spectacol \u0219i, din cauza lipsei lor de putere, au nevoie de adul\u021bi care s\u0103 \u00eei ajute \u00een aceast\u0103 experien\u021b\u0103.\u201d, exact cum afirm\u0103 \u0219i pre\u0219edinta ASSITEJ (Asocia\u021bia Interna\u021bional\u0103 a Teatrului pentru Copii \u0219i Tineri), Sue Giles.<\/p>\n\n\n\n<p>Iar din Mesajul Interna\u021bional pentru Ziua Mondial\u0103 a Teatrului, transmis de scriitorul \u0219i dramaturgul norvegian Jon Fosse, am extras un fragment, sugestiv \u0219i valabil pentru \u00eentreaga lume a teatrului: \u201e&#8230;arta spulber\u0103 grani\u0163ele dintre limbi, regiuni geografice, \u0163\u0103ri. Ea concentreaz\u0103 nu doar calit\u0103\u0163ile individuale ale fiec\u0103ruia, ci \u015fi, \u00een alt sens, caracteristicile individuale ale fiec\u0103rui grup de oameni, de pild\u0103 ale fiec\u0103rei na\u0163iuni.\u201d<\/p>\n\n\n\n<figure class=\"wp-block-image size-large\"><img loading=\"lazy\" decoding=\"async\" width=\"904\" height=\"1280\" src=\"https:\/\/urbeamea.ro\/albaiulia\/wp-content\/uploads\/2024\/03\/Afis-Punguta-cu-doi-bani-21-martie-904x1280.jpg\" alt=\"\" class=\"wp-image-110673\" srcset=\"https:\/\/urbeamea.ro\/albaiulia\/wp-content\/uploads\/2024\/03\/Afis-Punguta-cu-doi-bani-21-martie-904x1280.jpg 904w, https:\/\/urbeamea.ro\/albaiulia\/wp-content\/uploads\/2024\/03\/Afis-Punguta-cu-doi-bani-21-martie-452x640.jpg 452w, https:\/\/urbeamea.ro\/albaiulia\/wp-content\/uploads\/2024\/03\/Afis-Punguta-cu-doi-bani-21-martie-106x150.jpg 106w, https:\/\/urbeamea.ro\/albaiulia\/wp-content\/uploads\/2024\/03\/Afis-Punguta-cu-doi-bani-21-martie-768x1087.jpg 768w, https:\/\/urbeamea.ro\/albaiulia\/wp-content\/uploads\/2024\/03\/Afis-Punguta-cu-doi-bani-21-martie-1085x1536.jpg 1085w, https:\/\/urbeamea.ro\/albaiulia\/wp-content\/uploads\/2024\/03\/Afis-Punguta-cu-doi-bani-21-martie.jpg 1130w\" sizes=\"auto, (max-width: 904px) 100vw, 904px\" \/><\/figure>\n","protected":false},"excerpt":{"rendered":"<p>Teatrul de P\u0103pu\u0219i \u201ePrichindel\u201d s\u0103rb\u0103tore\u0219te prin teatru, \u00een data de 21 martie, Ziua Mondial\u0103 a Marioneti\u0219tilor \u0219i P\u0103pu\u0219arilor. Este o zi special\u0103, \u00een care p\u0103pu\u0219ari \u0219i marioneti\u0219ti din toat\u0103 lumea celebreaz\u0103 aceast\u0103 minunat\u0103 art\u0103. \u00cen fiecare an, UNIMA (Uniunea Interna\u021bional\u0103 a Marioneti\u0219tilor) alege o tem\u0103 cu prilejul acestei zile \u0219i transmite un mesaj. Tema din &hellip;<\/p>\n","protected":false},"author":16,"featured_media":106980,"comment_status":"open","ping_status":"open","sticky":false,"template":"","format":"standard","meta":{"inline_featured_image":false,"footnotes":""},"categories":[4],"tags":[17177],"class_list":["post-110672","post","type-post","status-publish","format-standard","has-post-thumbnail","hentry","category-eveniment","tag-teatrul-de-papusi-prichindel-2"],"yoast_head":"<!-- This site is optimized with the Yoast SEO plugin v27.4 - https:\/\/yoast.com\/product\/yoast-seo-wordpress\/ -->\n<title>21 martie, Ziua Mondial\u0103 a Marioneti\u0219tilor \u0219i P\u0103pu\u0219arilor - Revista Urbea Mea - Revista de Alba<\/title>\n<meta name=\"description\" content=\"Teatrul de P\u0103pu\u0219i \u201ePrichindel\u201d s\u0103rb\u0103tore\u0219te prin teatru, \u00een data de 21 martie, Ziua Mondial\u0103 a Marioneti\u0219tilor \u0219i P\u0103pu\u0219arilor. Este o zi special\u0103, \u00een care\" \/>\n<meta name=\"robots\" content=\"index, follow, max-snippet:-1, max-image-preview:large, max-video-preview:-1\" \/>\n<link rel=\"canonical\" href=\"https:\/\/urbeamea.ro\/albaiulia\/21-martie-ziua-mondiala-a-marionetistilor-si-papusarilor\/\" \/>\n<meta name=\"twitter:card\" content=\"summary_large_image\" \/>\n<meta name=\"twitter:title\" content=\"21 martie, Ziua Mondial\u0103 a Marioneti\u0219tilor \u0219i P\u0103pu\u0219arilor - Revista Urbea Mea - Revista de Alba\" \/>\n<meta name=\"twitter:description\" content=\"Teatrul de P\u0103pu\u0219i \u201ePrichindel\u201d s\u0103rb\u0103tore\u0219te prin teatru, \u00een data de 21 martie, Ziua Mondial\u0103 a Marioneti\u0219tilor \u0219i P\u0103pu\u0219arilor. Este o zi special\u0103, \u00een care\" \/>\n<meta name=\"twitter:image\" content=\"https:\/\/urbeamea.ro\/albaiulia\/wp-content\/uploads\/2023\/03\/Tetrul-de-papusi-Prichindel.jpg\" \/>\n<meta name=\"twitter:creator\" content=\"@urbeameaweb\" \/>\n<meta name=\"twitter:site\" content=\"@urbeameaweb\" \/>\n<script type=\"application\/ld+json\" class=\"yoast-schema-graph\">{\"@context\":\"https:\\\/\\\/schema.org\",\"@graph\":[{\"@type\":\"Article\",\"@id\":\"https:\\\/\\\/urbeamea.ro\\\/albaiulia\\\/21-martie-ziua-mondiala-a-marionetistilor-si-papusarilor\\\/#article\",\"isPartOf\":{\"@id\":\"https:\\\/\\\/urbeamea.ro\\\/albaiulia\\\/21-martie-ziua-mondiala-a-marionetistilor-si-papusarilor\\\/\"},\"author\":{\"name\":\"Redac\u021bia UrbeaMea\",\"@id\":\"https:\\\/\\\/urbeamea.ro\\\/albaiulia\\\/#\\\/schema\\\/person\\\/272ae98052f8ee8980f59848df070247\"},\"headline\":\"21 martie, Ziua Mondial\u0103 a Marioneti\u0219tilor \u0219i P\u0103pu\u0219arilor\",\"datePublished\":\"2024-03-18T10:02:52+00:00\",\"dateModified\":\"2024-03-18T10:02:54+00:00\",\"mainEntityOfPage\":{\"@id\":\"https:\\\/\\\/urbeamea.ro\\\/albaiulia\\\/21-martie-ziua-mondiala-a-marionetistilor-si-papusarilor\\\/\"},\"wordCount\":584,\"commentCount\":0,\"image\":{\"@id\":\"https:\\\/\\\/urbeamea.ro\\\/albaiulia\\\/21-martie-ziua-mondiala-a-marionetistilor-si-papusarilor\\\/#primaryimage\"},\"thumbnailUrl\":\"https:\\\/\\\/urbeamea.ro\\\/albaiulia\\\/wp-content\\\/uploads\\\/2023\\\/03\\\/Tetrul-de-papusi-Prichindel.jpg\",\"keywords\":[\"teatrul de papusi prichindel\"],\"articleSection\":[\"Evenimente\"],\"inLanguage\":\"ro-RO\",\"potentialAction\":[{\"@type\":\"CommentAction\",\"name\":\"Comment\",\"target\":[\"https:\\\/\\\/urbeamea.ro\\\/albaiulia\\\/21-martie-ziua-mondiala-a-marionetistilor-si-papusarilor\\\/#respond\"]}]},{\"@type\":\"WebPage\",\"@id\":\"https:\\\/\\\/urbeamea.ro\\\/albaiulia\\\/21-martie-ziua-mondiala-a-marionetistilor-si-papusarilor\\\/\",\"url\":\"https:\\\/\\\/urbeamea.ro\\\/albaiulia\\\/21-martie-ziua-mondiala-a-marionetistilor-si-papusarilor\\\/\",\"name\":\"21 martie, Ziua Mondial\u0103 a Marioneti\u0219tilor \u0219i P\u0103pu\u0219arilor - Revista Urbea Mea - Revista de Alba\",\"isPartOf\":{\"@id\":\"https:\\\/\\\/urbeamea.ro\\\/albaiulia\\\/#website\"},\"primaryImageOfPage\":{\"@id\":\"https:\\\/\\\/urbeamea.ro\\\/albaiulia\\\/21-martie-ziua-mondiala-a-marionetistilor-si-papusarilor\\\/#primaryimage\"},\"image\":{\"@id\":\"https:\\\/\\\/urbeamea.ro\\\/albaiulia\\\/21-martie-ziua-mondiala-a-marionetistilor-si-papusarilor\\\/#primaryimage\"},\"thumbnailUrl\":\"https:\\\/\\\/urbeamea.ro\\\/albaiulia\\\/wp-content\\\/uploads\\\/2023\\\/03\\\/Tetrul-de-papusi-Prichindel.jpg\",\"datePublished\":\"2024-03-18T10:02:52+00:00\",\"dateModified\":\"2024-03-18T10:02:54+00:00\",\"author\":{\"@id\":\"https:\\\/\\\/urbeamea.ro\\\/albaiulia\\\/#\\\/schema\\\/person\\\/272ae98052f8ee8980f59848df070247\"},\"description\":\"Teatrul de P\u0103pu\u0219i \u201ePrichindel\u201d s\u0103rb\u0103tore\u0219te prin teatru, \u00een data de 21 martie, Ziua Mondial\u0103 a Marioneti\u0219tilor \u0219i P\u0103pu\u0219arilor. Este o zi special\u0103, \u00een care\",\"breadcrumb\":{\"@id\":\"https:\\\/\\\/urbeamea.ro\\\/albaiulia\\\/21-martie-ziua-mondiala-a-marionetistilor-si-papusarilor\\\/#breadcrumb\"},\"inLanguage\":\"ro-RO\",\"potentialAction\":[{\"@type\":\"ReadAction\",\"target\":[\"https:\\\/\\\/urbeamea.ro\\\/albaiulia\\\/21-martie-ziua-mondiala-a-marionetistilor-si-papusarilor\\\/\"]}]},{\"@type\":\"ImageObject\",\"inLanguage\":\"ro-RO\",\"@id\":\"https:\\\/\\\/urbeamea.ro\\\/albaiulia\\\/21-martie-ziua-mondiala-a-marionetistilor-si-papusarilor\\\/#primaryimage\",\"url\":\"https:\\\/\\\/urbeamea.ro\\\/albaiulia\\\/wp-content\\\/uploads\\\/2023\\\/03\\\/Tetrul-de-papusi-Prichindel.jpg\",\"contentUrl\":\"https:\\\/\\\/urbeamea.ro\\\/albaiulia\\\/wp-content\\\/uploads\\\/2023\\\/03\\\/Tetrul-de-papusi-Prichindel.jpg\",\"width\":1448,\"height\":1448},{\"@type\":\"BreadcrumbList\",\"@id\":\"https:\\\/\\\/urbeamea.ro\\\/albaiulia\\\/21-martie-ziua-mondiala-a-marionetistilor-si-papusarilor\\\/#breadcrumb\",\"itemListElement\":[{\"@type\":\"ListItem\",\"position\":1,\"name\":\"Prima pagin\u0103\",\"item\":\"https:\\\/\\\/urbeamea.ro\\\/albaiulia\\\/\"},{\"@type\":\"ListItem\",\"position\":2,\"name\":\"21 martie, Ziua Mondial\u0103 a Marioneti\u0219tilor \u0219i P\u0103pu\u0219arilor\"}]},{\"@type\":\"WebSite\",\"@id\":\"https:\\\/\\\/urbeamea.ro\\\/albaiulia\\\/#website\",\"url\":\"https:\\\/\\\/urbeamea.ro\\\/albaiulia\\\/\",\"name\":\"Revista Urbea Mea, Stiri urbane\",\"description\":\"Evenimente \u0219i \u0219tiri din Alba Iulia, Sebe\u0219, Aiud, Blaj\",\"potentialAction\":[{\"@type\":\"SearchAction\",\"target\":{\"@type\":\"EntryPoint\",\"urlTemplate\":\"https:\\\/\\\/urbeamea.ro\\\/albaiulia\\\/?s={search_term_string}\"},\"query-input\":{\"@type\":\"PropertyValueSpecification\",\"valueRequired\":true,\"valueName\":\"search_term_string\"}}],\"inLanguage\":\"ro-RO\"},{\"@type\":\"Person\",\"@id\":\"https:\\\/\\\/urbeamea.ro\\\/albaiulia\\\/#\\\/schema\\\/person\\\/272ae98052f8ee8980f59848df070247\",\"name\":\"Redac\u021bia UrbeaMea\",\"image\":{\"@type\":\"ImageObject\",\"inLanguage\":\"ro-RO\",\"@id\":\"https:\\\/\\\/secure.gravatar.com\\\/avatar\\\/9ce5a9435071fa1037e8468053ead8e513dbbff59009d3069aadb85506d85a27?s=96&d=mm&r=g\",\"url\":\"https:\\\/\\\/secure.gravatar.com\\\/avatar\\\/9ce5a9435071fa1037e8468053ead8e513dbbff59009d3069aadb85506d85a27?s=96&d=mm&r=g\",\"contentUrl\":\"https:\\\/\\\/secure.gravatar.com\\\/avatar\\\/9ce5a9435071fa1037e8468053ead8e513dbbff59009d3069aadb85506d85a27?s=96&d=mm&r=g\",\"caption\":\"Redac\u021bia UrbeaMea\"},\"description\":\"contact@urbeamea.ro\",\"sameAs\":[\"https:\\\/\\\/www.urbeamea.ro\"],\"url\":\"https:\\\/\\\/urbeamea.ro\\\/albaiulia\\\/author\\\/redactia-urbeamea\\\/\"}]}<\/script>\n<!-- \/ Yoast SEO plugin. -->","yoast_head_json":{"title":"21 martie, Ziua Mondial\u0103 a Marioneti\u0219tilor \u0219i P\u0103pu\u0219arilor - Revista Urbea Mea - Revista de Alba","description":"Teatrul de P\u0103pu\u0219i \u201ePrichindel\u201d s\u0103rb\u0103tore\u0219te prin teatru, \u00een data de 21 martie, Ziua Mondial\u0103 a Marioneti\u0219tilor \u0219i P\u0103pu\u0219arilor. Este o zi special\u0103, \u00een care","robots":{"index":"index","follow":"follow","max-snippet":"max-snippet:-1","max-image-preview":"max-image-preview:large","max-video-preview":"max-video-preview:-1"},"canonical":"https:\/\/urbeamea.ro\/albaiulia\/21-martie-ziua-mondiala-a-marionetistilor-si-papusarilor\/","twitter_card":"summary_large_image","twitter_title":"21 martie, Ziua Mondial\u0103 a Marioneti\u0219tilor \u0219i P\u0103pu\u0219arilor - Revista Urbea Mea - Revista de Alba","twitter_description":"Teatrul de P\u0103pu\u0219i \u201ePrichindel\u201d s\u0103rb\u0103tore\u0219te prin teatru, \u00een data de 21 martie, Ziua Mondial\u0103 a Marioneti\u0219tilor \u0219i P\u0103pu\u0219arilor. Este o zi special\u0103, \u00een care","twitter_image":"https:\/\/urbeamea.ro\/albaiulia\/wp-content\/uploads\/2023\/03\/Tetrul-de-papusi-Prichindel.jpg","twitter_creator":"@urbeameaweb","twitter_site":"@urbeameaweb","schema":{"@context":"https:\/\/schema.org","@graph":[{"@type":"Article","@id":"https:\/\/urbeamea.ro\/albaiulia\/21-martie-ziua-mondiala-a-marionetistilor-si-papusarilor\/#article","isPartOf":{"@id":"https:\/\/urbeamea.ro\/albaiulia\/21-martie-ziua-mondiala-a-marionetistilor-si-papusarilor\/"},"author":{"name":"Redac\u021bia UrbeaMea","@id":"https:\/\/urbeamea.ro\/albaiulia\/#\/schema\/person\/272ae98052f8ee8980f59848df070247"},"headline":"21 martie, Ziua Mondial\u0103 a Marioneti\u0219tilor \u0219i P\u0103pu\u0219arilor","datePublished":"2024-03-18T10:02:52+00:00","dateModified":"2024-03-18T10:02:54+00:00","mainEntityOfPage":{"@id":"https:\/\/urbeamea.ro\/albaiulia\/21-martie-ziua-mondiala-a-marionetistilor-si-papusarilor\/"},"wordCount":584,"commentCount":0,"image":{"@id":"https:\/\/urbeamea.ro\/albaiulia\/21-martie-ziua-mondiala-a-marionetistilor-si-papusarilor\/#primaryimage"},"thumbnailUrl":"https:\/\/urbeamea.ro\/albaiulia\/wp-content\/uploads\/2023\/03\/Tetrul-de-papusi-Prichindel.jpg","keywords":["teatrul de papusi prichindel"],"articleSection":["Evenimente"],"inLanguage":"ro-RO","potentialAction":[{"@type":"CommentAction","name":"Comment","target":["https:\/\/urbeamea.ro\/albaiulia\/21-martie-ziua-mondiala-a-marionetistilor-si-papusarilor\/#respond"]}]},{"@type":"WebPage","@id":"https:\/\/urbeamea.ro\/albaiulia\/21-martie-ziua-mondiala-a-marionetistilor-si-papusarilor\/","url":"https:\/\/urbeamea.ro\/albaiulia\/21-martie-ziua-mondiala-a-marionetistilor-si-papusarilor\/","name":"21 martie, Ziua Mondial\u0103 a Marioneti\u0219tilor \u0219i P\u0103pu\u0219arilor - Revista Urbea Mea - Revista de Alba","isPartOf":{"@id":"https:\/\/urbeamea.ro\/albaiulia\/#website"},"primaryImageOfPage":{"@id":"https:\/\/urbeamea.ro\/albaiulia\/21-martie-ziua-mondiala-a-marionetistilor-si-papusarilor\/#primaryimage"},"image":{"@id":"https:\/\/urbeamea.ro\/albaiulia\/21-martie-ziua-mondiala-a-marionetistilor-si-papusarilor\/#primaryimage"},"thumbnailUrl":"https:\/\/urbeamea.ro\/albaiulia\/wp-content\/uploads\/2023\/03\/Tetrul-de-papusi-Prichindel.jpg","datePublished":"2024-03-18T10:02:52+00:00","dateModified":"2024-03-18T10:02:54+00:00","author":{"@id":"https:\/\/urbeamea.ro\/albaiulia\/#\/schema\/person\/272ae98052f8ee8980f59848df070247"},"description":"Teatrul de P\u0103pu\u0219i \u201ePrichindel\u201d s\u0103rb\u0103tore\u0219te prin teatru, \u00een data de 21 martie, Ziua Mondial\u0103 a Marioneti\u0219tilor \u0219i P\u0103pu\u0219arilor. Este o zi special\u0103, \u00een care","breadcrumb":{"@id":"https:\/\/urbeamea.ro\/albaiulia\/21-martie-ziua-mondiala-a-marionetistilor-si-papusarilor\/#breadcrumb"},"inLanguage":"ro-RO","potentialAction":[{"@type":"ReadAction","target":["https:\/\/urbeamea.ro\/albaiulia\/21-martie-ziua-mondiala-a-marionetistilor-si-papusarilor\/"]}]},{"@type":"ImageObject","inLanguage":"ro-RO","@id":"https:\/\/urbeamea.ro\/albaiulia\/21-martie-ziua-mondiala-a-marionetistilor-si-papusarilor\/#primaryimage","url":"https:\/\/urbeamea.ro\/albaiulia\/wp-content\/uploads\/2023\/03\/Tetrul-de-papusi-Prichindel.jpg","contentUrl":"https:\/\/urbeamea.ro\/albaiulia\/wp-content\/uploads\/2023\/03\/Tetrul-de-papusi-Prichindel.jpg","width":1448,"height":1448},{"@type":"BreadcrumbList","@id":"https:\/\/urbeamea.ro\/albaiulia\/21-martie-ziua-mondiala-a-marionetistilor-si-papusarilor\/#breadcrumb","itemListElement":[{"@type":"ListItem","position":1,"name":"Prima pagin\u0103","item":"https:\/\/urbeamea.ro\/albaiulia\/"},{"@type":"ListItem","position":2,"name":"21 martie, Ziua Mondial\u0103 a Marioneti\u0219tilor \u0219i P\u0103pu\u0219arilor"}]},{"@type":"WebSite","@id":"https:\/\/urbeamea.ro\/albaiulia\/#website","url":"https:\/\/urbeamea.ro\/albaiulia\/","name":"Revista Urbea Mea, Stiri urbane","description":"Evenimente \u0219i \u0219tiri din Alba Iulia, Sebe\u0219, Aiud, Blaj","potentialAction":[{"@type":"SearchAction","target":{"@type":"EntryPoint","urlTemplate":"https:\/\/urbeamea.ro\/albaiulia\/?s={search_term_string}"},"query-input":{"@type":"PropertyValueSpecification","valueRequired":true,"valueName":"search_term_string"}}],"inLanguage":"ro-RO"},{"@type":"Person","@id":"https:\/\/urbeamea.ro\/albaiulia\/#\/schema\/person\/272ae98052f8ee8980f59848df070247","name":"Redac\u021bia UrbeaMea","image":{"@type":"ImageObject","inLanguage":"ro-RO","@id":"https:\/\/secure.gravatar.com\/avatar\/9ce5a9435071fa1037e8468053ead8e513dbbff59009d3069aadb85506d85a27?s=96&d=mm&r=g","url":"https:\/\/secure.gravatar.com\/avatar\/9ce5a9435071fa1037e8468053ead8e513dbbff59009d3069aadb85506d85a27?s=96&d=mm&r=g","contentUrl":"https:\/\/secure.gravatar.com\/avatar\/9ce5a9435071fa1037e8468053ead8e513dbbff59009d3069aadb85506d85a27?s=96&d=mm&r=g","caption":"Redac\u021bia UrbeaMea"},"description":"contact@urbeamea.ro","sameAs":["https:\/\/www.urbeamea.ro"],"url":"https:\/\/urbeamea.ro\/albaiulia\/author\/redactia-urbeamea\/"}]}},"_links":{"self":[{"href":"https:\/\/urbeamea.ro\/albaiulia\/wp-json\/wp\/v2\/posts\/110672","targetHints":{"allow":["GET"]}}],"collection":[{"href":"https:\/\/urbeamea.ro\/albaiulia\/wp-json\/wp\/v2\/posts"}],"about":[{"href":"https:\/\/urbeamea.ro\/albaiulia\/wp-json\/wp\/v2\/types\/post"}],"author":[{"embeddable":true,"href":"https:\/\/urbeamea.ro\/albaiulia\/wp-json\/wp\/v2\/users\/16"}],"replies":[{"embeddable":true,"href":"https:\/\/urbeamea.ro\/albaiulia\/wp-json\/wp\/v2\/comments?post=110672"}],"version-history":[{"count":1,"href":"https:\/\/urbeamea.ro\/albaiulia\/wp-json\/wp\/v2\/posts\/110672\/revisions"}],"predecessor-version":[{"id":110674,"href":"https:\/\/urbeamea.ro\/albaiulia\/wp-json\/wp\/v2\/posts\/110672\/revisions\/110674"}],"wp:featuredmedia":[{"embeddable":true,"href":"https:\/\/urbeamea.ro\/albaiulia\/wp-json\/wp\/v2\/media\/106980"}],"wp:attachment":[{"href":"https:\/\/urbeamea.ro\/albaiulia\/wp-json\/wp\/v2\/media?parent=110672"}],"wp:term":[{"taxonomy":"category","embeddable":true,"href":"https:\/\/urbeamea.ro\/albaiulia\/wp-json\/wp\/v2\/categories?post=110672"},{"taxonomy":"post_tag","embeddable":true,"href":"https:\/\/urbeamea.ro\/albaiulia\/wp-json\/wp\/v2\/tags?post=110672"}],"curies":[{"name":"wp","href":"https:\/\/api.w.org\/{rel}","templated":true}]}}