{"id":110687,"date":"2024-03-18T15:01:19","date_gmt":"2024-03-18T13:01:19","guid":{"rendered":"https:\/\/urbeamea.ro\/albaiulia\/?p=110687"},"modified":"2024-03-18T15:01:54","modified_gmt":"2024-03-18T13:01:54","slug":"20-martie-in-intervalul-orar-02-00-20-00-furnizarea-apei-potabile-va-fi-intrerupta-in-orasul-sebes","status":"publish","type":"post","link":"https:\/\/urbeamea.ro\/albaiulia\/20-martie-in-intervalul-orar-02-00-20-00-furnizarea-apei-potabile-va-fi-intrerupta-in-orasul-sebes\/","title":{"rendered":"Miercuri, 20 Martie, \u00een intervalul orar 02.00-20.00 furnizarea apei potabile va fi \u00eentrerupt\u0103 \u00een ora\u0219ul Sebe\u0219"},"content":{"rendered":"\n<p>SC APA CTTA SA ALBA \u2013 Sucursala Sebes informeaz\u0103 consumatorii c\u0103 \u00een data de 20.03.2024, in intervalul orar 02.00-20.00 furnizarea apei potabile va fi \u00eentrerupt\u0103 \u00een orasul Sebes, in scopul efectuarii lucrarilor de cuplare a caminului de vane CV0 si a mai multor camine de intersectie. Aceste lucrari fac parte din proiectul Primariei municipiului Sebes \u201eModernizare str\u0103zi: Aurel Vlaicu, 8 Martie, F\u00e2nt\u00e2na de Aur, Sticlarilor\u201d.<br>Rugam consumatorii sa isi asigure rezerva de apa necesara pe perioada intreruperii.<br>La reluarea furniz\u0103rii cu ap\u0103 potabil\u0103, este posibil s\u0103 apar\u0103 dep\u0103\u0219iri ale parametrului turbiditate, \u00een acest caz rug\u0103m clien\u021bii s\u0103 utilizeze apa numai \u00een scopuri menajere. Eventualele perturba\u021bii \u0219i zonele \u00een care apar acestea trebuie semnalate imediat la num\u0103rul de telefon: 0258810521, 0258810463, \u00een vederea interven\u021biei.\u00a0<br>V\u0103 mul\u021bumim pentru \u00een\u021belegere \u0219i ne cerem scuze pentru orice disconfort creat.<\/p>\n","protected":false},"excerpt":{"rendered":"<p>SC APA CTTA SA ALBA \u2013 Sucursala Sebes informeaz\u0103 consumatorii c\u0103 \u00een data de 20.03.2024, in intervalul orar 02.00-20.00 furnizarea apei potabile va fi \u00eentrerupt\u0103 \u00een orasul Sebes, in scopul efectuarii lucrarilor de cuplare a caminului de vane CV0 si a mai multor camine de intersectie. Aceste lucrari fac parte din proiectul Primariei municipiului Sebes &hellip;<\/p>\n","protected":false},"author":16,"featured_media":100756,"comment_status":"open","ping_status":"open","sticky":false,"template":"","format":"standard","meta":{"inline_featured_image":false,"footnotes":""},"categories":[1],"tags":[],"class_list":["post-110687","post","type-post","status-publish","format-standard","has-post-thumbnail","hentry","category-stiri-urbane"],"yoast_head":"<!-- This site is optimized with the Yoast SEO plugin v27.4 - https:\/\/yoast.com\/product\/yoast-seo-wordpress\/ -->\n<title>Miercuri, 20 Martie, \u00een intervalul orar 02.00-20.00 furnizarea apei potabile va fi \u00eentrerupt\u0103 \u00een ora\u0219ul Sebe\u0219 - Revista Urbea Mea - Revista de Alba<\/title>\n<meta name=\"description\" content=\"SC APA CTTA SA ALBA \u2013 Sucursala Sebes informeaz\u0103 consumatorii c\u0103 \u00een data de 20.03.2024, in intervalul orar 02.00-20.00 furnizarea apei potabile va fi\" \/>\n<meta name=\"robots\" content=\"index, follow, max-snippet:-1, max-image-preview:large, max-video-preview:-1\" \/>\n<link rel=\"canonical\" href=\"https:\/\/urbeamea.ro\/albaiulia\/20-martie-in-intervalul-orar-02-00-20-00-furnizarea-apei-potabile-va-fi-intrerupta-in-orasul-sebes\/\" \/>\n<meta name=\"twitter:card\" content=\"summary_large_image\" \/>\n<meta name=\"twitter:title\" content=\"Miercuri, 20 Martie, \u00een intervalul orar 02.00-20.00 furnizarea apei potabile va fi \u00eentrerupt\u0103 \u00een ora\u0219ul Sebe\u0219 - Revista Urbea Mea - Revista de Alba\" \/>\n<meta name=\"twitter:description\" content=\"SC APA CTTA SA ALBA \u2013 Sucursala Sebes informeaz\u0103 consumatorii c\u0103 \u00een data de 20.03.2024, in intervalul orar 02.00-20.00 furnizarea apei potabile va fi\" \/>\n<meta name=\"twitter:image\" content=\"https:\/\/urbeamea.ro\/albaiulia\/wp-content\/uploads\/2022\/03\/apa.jpg\" \/>\n<meta name=\"twitter:creator\" content=\"@urbeameaweb\" \/>\n<meta name=\"twitter:site\" content=\"@urbeameaweb\" \/>\n<script type=\"application\/ld+json\" class=\"yoast-schema-graph\">{\"@context\":\"https:\\\/\\\/schema.org\",\"@graph\":[{\"@type\":\"Article\",\"@id\":\"https:\\\/\\\/urbeamea.ro\\\/albaiulia\\\/20-martie-in-intervalul-orar-02-00-20-00-furnizarea-apei-potabile-va-fi-intrerupta-in-orasul-sebes\\\/#article\",\"isPartOf\":{\"@id\":\"https:\\\/\\\/urbeamea.ro\\\/albaiulia\\\/20-martie-in-intervalul-orar-02-00-20-00-furnizarea-apei-potabile-va-fi-intrerupta-in-orasul-sebes\\\/\"},\"author\":{\"name\":\"Redac\u021bia UrbeaMea\",\"@id\":\"https:\\\/\\\/urbeamea.ro\\\/albaiulia\\\/#\\\/schema\\\/person\\\/272ae98052f8ee8980f59848df070247\"},\"headline\":\"Miercuri, 20 Martie, \u00een intervalul orar 02.00-20.00 furnizarea apei potabile va fi \u00eentrerupt\u0103 \u00een ora\u0219ul Sebe\u0219\",\"datePublished\":\"2024-03-18T13:01:19+00:00\",\"dateModified\":\"2024-03-18T13:01:54+00:00\",\"mainEntityOfPage\":{\"@id\":\"https:\\\/\\\/urbeamea.ro\\\/albaiulia\\\/20-martie-in-intervalul-orar-02-00-20-00-furnizarea-apei-potabile-va-fi-intrerupta-in-orasul-sebes\\\/\"},\"wordCount\":158,\"commentCount\":0,\"image\":{\"@id\":\"https:\\\/\\\/urbeamea.ro\\\/albaiulia\\\/20-martie-in-intervalul-orar-02-00-20-00-furnizarea-apei-potabile-va-fi-intrerupta-in-orasul-sebes\\\/#primaryimage\"},\"thumbnailUrl\":\"https:\\\/\\\/urbeamea.ro\\\/albaiulia\\\/wp-content\\\/uploads\\\/2022\\\/03\\\/apa.jpg\",\"articleSection\":[\"\u015etiri Urbane\"],\"inLanguage\":\"ro-RO\",\"potentialAction\":[{\"@type\":\"CommentAction\",\"name\":\"Comment\",\"target\":[\"https:\\\/\\\/urbeamea.ro\\\/albaiulia\\\/20-martie-in-intervalul-orar-02-00-20-00-furnizarea-apei-potabile-va-fi-intrerupta-in-orasul-sebes\\\/#respond\"]}]},{\"@type\":\"WebPage\",\"@id\":\"https:\\\/\\\/urbeamea.ro\\\/albaiulia\\\/20-martie-in-intervalul-orar-02-00-20-00-furnizarea-apei-potabile-va-fi-intrerupta-in-orasul-sebes\\\/\",\"url\":\"https:\\\/\\\/urbeamea.ro\\\/albaiulia\\\/20-martie-in-intervalul-orar-02-00-20-00-furnizarea-apei-potabile-va-fi-intrerupta-in-orasul-sebes\\\/\",\"name\":\"Miercuri, 20 Martie, \u00een intervalul orar 02.00-20.00 furnizarea apei potabile va fi \u00eentrerupt\u0103 \u00een ora\u0219ul Sebe\u0219 - Revista Urbea Mea - Revista de Alba\",\"isPartOf\":{\"@id\":\"https:\\\/\\\/urbeamea.ro\\\/albaiulia\\\/#website\"},\"primaryImageOfPage\":{\"@id\":\"https:\\\/\\\/urbeamea.ro\\\/albaiulia\\\/20-martie-in-intervalul-orar-02-00-20-00-furnizarea-apei-potabile-va-fi-intrerupta-in-orasul-sebes\\\/#primaryimage\"},\"image\":{\"@id\":\"https:\\\/\\\/urbeamea.ro\\\/albaiulia\\\/20-martie-in-intervalul-orar-02-00-20-00-furnizarea-apei-potabile-va-fi-intrerupta-in-orasul-sebes\\\/#primaryimage\"},\"thumbnailUrl\":\"https:\\\/\\\/urbeamea.ro\\\/albaiulia\\\/wp-content\\\/uploads\\\/2022\\\/03\\\/apa.jpg\",\"datePublished\":\"2024-03-18T13:01:19+00:00\",\"dateModified\":\"2024-03-18T13:01:54+00:00\",\"author\":{\"@id\":\"https:\\\/\\\/urbeamea.ro\\\/albaiulia\\\/#\\\/schema\\\/person\\\/272ae98052f8ee8980f59848df070247\"},\"description\":\"SC APA CTTA SA ALBA \u2013 Sucursala Sebes informeaz\u0103 consumatorii c\u0103 \u00een data de 20.03.2024, in intervalul orar 02.00-20.00 furnizarea apei potabile va fi\",\"breadcrumb\":{\"@id\":\"https:\\\/\\\/urbeamea.ro\\\/albaiulia\\\/20-martie-in-intervalul-orar-02-00-20-00-furnizarea-apei-potabile-va-fi-intrerupta-in-orasul-sebes\\\/#breadcrumb\"},\"inLanguage\":\"ro-RO\",\"potentialAction\":[{\"@type\":\"ReadAction\",\"target\":[\"https:\\\/\\\/urbeamea.ro\\\/albaiulia\\\/20-martie-in-intervalul-orar-02-00-20-00-furnizarea-apei-potabile-va-fi-intrerupta-in-orasul-sebes\\\/\"]}]},{\"@type\":\"ImageObject\",\"inLanguage\":\"ro-RO\",\"@id\":\"https:\\\/\\\/urbeamea.ro\\\/albaiulia\\\/20-martie-in-intervalul-orar-02-00-20-00-furnizarea-apei-potabile-va-fi-intrerupta-in-orasul-sebes\\\/#primaryimage\",\"url\":\"https:\\\/\\\/urbeamea.ro\\\/albaiulia\\\/wp-content\\\/uploads\\\/2022\\\/03\\\/apa.jpg\",\"contentUrl\":\"https:\\\/\\\/urbeamea.ro\\\/albaiulia\\\/wp-content\\\/uploads\\\/2022\\\/03\\\/apa.jpg\",\"width\":1600,\"height\":1068},{\"@type\":\"BreadcrumbList\",\"@id\":\"https:\\\/\\\/urbeamea.ro\\\/albaiulia\\\/20-martie-in-intervalul-orar-02-00-20-00-furnizarea-apei-potabile-va-fi-intrerupta-in-orasul-sebes\\\/#breadcrumb\",\"itemListElement\":[{\"@type\":\"ListItem\",\"position\":1,\"name\":\"Prima pagin\u0103\",\"item\":\"https:\\\/\\\/urbeamea.ro\\\/albaiulia\\\/\"},{\"@type\":\"ListItem\",\"position\":2,\"name\":\"Miercuri, 20 Martie, \u00een intervalul orar 02.00-20.00 furnizarea apei potabile va fi \u00eentrerupt\u0103 \u00een ora\u0219ul Sebe\u0219\"}]},{\"@type\":\"WebSite\",\"@id\":\"https:\\\/\\\/urbeamea.ro\\\/albaiulia\\\/#website\",\"url\":\"https:\\\/\\\/urbeamea.ro\\\/albaiulia\\\/\",\"name\":\"Revista Urbea Mea, Stiri urbane\",\"description\":\"Evenimente \u0219i \u0219tiri din Alba Iulia, Sebe\u0219, Aiud, Blaj\",\"potentialAction\":[{\"@type\":\"SearchAction\",\"target\":{\"@type\":\"EntryPoint\",\"urlTemplate\":\"https:\\\/\\\/urbeamea.ro\\\/albaiulia\\\/?s={search_term_string}\"},\"query-input\":{\"@type\":\"PropertyValueSpecification\",\"valueRequired\":true,\"valueName\":\"search_term_string\"}}],\"inLanguage\":\"ro-RO\"},{\"@type\":\"Person\",\"@id\":\"https:\\\/\\\/urbeamea.ro\\\/albaiulia\\\/#\\\/schema\\\/person\\\/272ae98052f8ee8980f59848df070247\",\"name\":\"Redac\u021bia UrbeaMea\",\"image\":{\"@type\":\"ImageObject\",\"inLanguage\":\"ro-RO\",\"@id\":\"https:\\\/\\\/secure.gravatar.com\\\/avatar\\\/9ce5a9435071fa1037e8468053ead8e513dbbff59009d3069aadb85506d85a27?s=96&d=mm&r=g\",\"url\":\"https:\\\/\\\/secure.gravatar.com\\\/avatar\\\/9ce5a9435071fa1037e8468053ead8e513dbbff59009d3069aadb85506d85a27?s=96&d=mm&r=g\",\"contentUrl\":\"https:\\\/\\\/secure.gravatar.com\\\/avatar\\\/9ce5a9435071fa1037e8468053ead8e513dbbff59009d3069aadb85506d85a27?s=96&d=mm&r=g\",\"caption\":\"Redac\u021bia UrbeaMea\"},\"description\":\"contact@urbeamea.ro\",\"sameAs\":[\"https:\\\/\\\/www.urbeamea.ro\"],\"url\":\"https:\\\/\\\/urbeamea.ro\\\/albaiulia\\\/author\\\/redactia-urbeamea\\\/\"}]}<\/script>\n<!-- \/ Yoast SEO plugin. -->","yoast_head_json":{"title":"Miercuri, 20 Martie, \u00een intervalul orar 02.00-20.00 furnizarea apei potabile va fi \u00eentrerupt\u0103 \u00een ora\u0219ul Sebe\u0219 - Revista Urbea Mea - Revista de Alba","description":"SC APA CTTA SA ALBA \u2013 Sucursala Sebes informeaz\u0103 consumatorii c\u0103 \u00een data de 20.03.2024, in intervalul orar 02.00-20.00 furnizarea apei potabile va fi","robots":{"index":"index","follow":"follow","max-snippet":"max-snippet:-1","max-image-preview":"max-image-preview:large","max-video-preview":"max-video-preview:-1"},"canonical":"https:\/\/urbeamea.ro\/albaiulia\/20-martie-in-intervalul-orar-02-00-20-00-furnizarea-apei-potabile-va-fi-intrerupta-in-orasul-sebes\/","twitter_card":"summary_large_image","twitter_title":"Miercuri, 20 Martie, \u00een intervalul orar 02.00-20.00 furnizarea apei potabile va fi \u00eentrerupt\u0103 \u00een ora\u0219ul Sebe\u0219 - Revista Urbea Mea - Revista de Alba","twitter_description":"SC APA CTTA SA ALBA \u2013 Sucursala Sebes informeaz\u0103 consumatorii c\u0103 \u00een data de 20.03.2024, in intervalul orar 02.00-20.00 furnizarea apei potabile va fi","twitter_image":"https:\/\/urbeamea.ro\/albaiulia\/wp-content\/uploads\/2022\/03\/apa.jpg","twitter_creator":"@urbeameaweb","twitter_site":"@urbeameaweb","schema":{"@context":"https:\/\/schema.org","@graph":[{"@type":"Article","@id":"https:\/\/urbeamea.ro\/albaiulia\/20-martie-in-intervalul-orar-02-00-20-00-furnizarea-apei-potabile-va-fi-intrerupta-in-orasul-sebes\/#article","isPartOf":{"@id":"https:\/\/urbeamea.ro\/albaiulia\/20-martie-in-intervalul-orar-02-00-20-00-furnizarea-apei-potabile-va-fi-intrerupta-in-orasul-sebes\/"},"author":{"name":"Redac\u021bia UrbeaMea","@id":"https:\/\/urbeamea.ro\/albaiulia\/#\/schema\/person\/272ae98052f8ee8980f59848df070247"},"headline":"Miercuri, 20 Martie, \u00een intervalul orar 02.00-20.00 furnizarea apei potabile va fi \u00eentrerupt\u0103 \u00een ora\u0219ul Sebe\u0219","datePublished":"2024-03-18T13:01:19+00:00","dateModified":"2024-03-18T13:01:54+00:00","mainEntityOfPage":{"@id":"https:\/\/urbeamea.ro\/albaiulia\/20-martie-in-intervalul-orar-02-00-20-00-furnizarea-apei-potabile-va-fi-intrerupta-in-orasul-sebes\/"},"wordCount":158,"commentCount":0,"image":{"@id":"https:\/\/urbeamea.ro\/albaiulia\/20-martie-in-intervalul-orar-02-00-20-00-furnizarea-apei-potabile-va-fi-intrerupta-in-orasul-sebes\/#primaryimage"},"thumbnailUrl":"https:\/\/urbeamea.ro\/albaiulia\/wp-content\/uploads\/2022\/03\/apa.jpg","articleSection":["\u015etiri Urbane"],"inLanguage":"ro-RO","potentialAction":[{"@type":"CommentAction","name":"Comment","target":["https:\/\/urbeamea.ro\/albaiulia\/20-martie-in-intervalul-orar-02-00-20-00-furnizarea-apei-potabile-va-fi-intrerupta-in-orasul-sebes\/#respond"]}]},{"@type":"WebPage","@id":"https:\/\/urbeamea.ro\/albaiulia\/20-martie-in-intervalul-orar-02-00-20-00-furnizarea-apei-potabile-va-fi-intrerupta-in-orasul-sebes\/","url":"https:\/\/urbeamea.ro\/albaiulia\/20-martie-in-intervalul-orar-02-00-20-00-furnizarea-apei-potabile-va-fi-intrerupta-in-orasul-sebes\/","name":"Miercuri, 20 Martie, \u00een intervalul orar 02.00-20.00 furnizarea apei potabile va fi \u00eentrerupt\u0103 \u00een ora\u0219ul Sebe\u0219 - Revista Urbea Mea - Revista de Alba","isPartOf":{"@id":"https:\/\/urbeamea.ro\/albaiulia\/#website"},"primaryImageOfPage":{"@id":"https:\/\/urbeamea.ro\/albaiulia\/20-martie-in-intervalul-orar-02-00-20-00-furnizarea-apei-potabile-va-fi-intrerupta-in-orasul-sebes\/#primaryimage"},"image":{"@id":"https:\/\/urbeamea.ro\/albaiulia\/20-martie-in-intervalul-orar-02-00-20-00-furnizarea-apei-potabile-va-fi-intrerupta-in-orasul-sebes\/#primaryimage"},"thumbnailUrl":"https:\/\/urbeamea.ro\/albaiulia\/wp-content\/uploads\/2022\/03\/apa.jpg","datePublished":"2024-03-18T13:01:19+00:00","dateModified":"2024-03-18T13:01:54+00:00","author":{"@id":"https:\/\/urbeamea.ro\/albaiulia\/#\/schema\/person\/272ae98052f8ee8980f59848df070247"},"description":"SC APA CTTA SA ALBA \u2013 Sucursala Sebes informeaz\u0103 consumatorii c\u0103 \u00een data de 20.03.2024, in intervalul orar 02.00-20.00 furnizarea apei potabile va fi","breadcrumb":{"@id":"https:\/\/urbeamea.ro\/albaiulia\/20-martie-in-intervalul-orar-02-00-20-00-furnizarea-apei-potabile-va-fi-intrerupta-in-orasul-sebes\/#breadcrumb"},"inLanguage":"ro-RO","potentialAction":[{"@type":"ReadAction","target":["https:\/\/urbeamea.ro\/albaiulia\/20-martie-in-intervalul-orar-02-00-20-00-furnizarea-apei-potabile-va-fi-intrerupta-in-orasul-sebes\/"]}]},{"@type":"ImageObject","inLanguage":"ro-RO","@id":"https:\/\/urbeamea.ro\/albaiulia\/20-martie-in-intervalul-orar-02-00-20-00-furnizarea-apei-potabile-va-fi-intrerupta-in-orasul-sebes\/#primaryimage","url":"https:\/\/urbeamea.ro\/albaiulia\/wp-content\/uploads\/2022\/03\/apa.jpg","contentUrl":"https:\/\/urbeamea.ro\/albaiulia\/wp-content\/uploads\/2022\/03\/apa.jpg","width":1600,"height":1068},{"@type":"BreadcrumbList","@id":"https:\/\/urbeamea.ro\/albaiulia\/20-martie-in-intervalul-orar-02-00-20-00-furnizarea-apei-potabile-va-fi-intrerupta-in-orasul-sebes\/#breadcrumb","itemListElement":[{"@type":"ListItem","position":1,"name":"Prima pagin\u0103","item":"https:\/\/urbeamea.ro\/albaiulia\/"},{"@type":"ListItem","position":2,"name":"Miercuri, 20 Martie, \u00een intervalul orar 02.00-20.00 furnizarea apei potabile va fi \u00eentrerupt\u0103 \u00een ora\u0219ul Sebe\u0219"}]},{"@type":"WebSite","@id":"https:\/\/urbeamea.ro\/albaiulia\/#website","url":"https:\/\/urbeamea.ro\/albaiulia\/","name":"Revista Urbea Mea, Stiri urbane","description":"Evenimente \u0219i \u0219tiri din Alba Iulia, Sebe\u0219, Aiud, Blaj","potentialAction":[{"@type":"SearchAction","target":{"@type":"EntryPoint","urlTemplate":"https:\/\/urbeamea.ro\/albaiulia\/?s={search_term_string}"},"query-input":{"@type":"PropertyValueSpecification","valueRequired":true,"valueName":"search_term_string"}}],"inLanguage":"ro-RO"},{"@type":"Person","@id":"https:\/\/urbeamea.ro\/albaiulia\/#\/schema\/person\/272ae98052f8ee8980f59848df070247","name":"Redac\u021bia UrbeaMea","image":{"@type":"ImageObject","inLanguage":"ro-RO","@id":"https:\/\/secure.gravatar.com\/avatar\/9ce5a9435071fa1037e8468053ead8e513dbbff59009d3069aadb85506d85a27?s=96&d=mm&r=g","url":"https:\/\/secure.gravatar.com\/avatar\/9ce5a9435071fa1037e8468053ead8e513dbbff59009d3069aadb85506d85a27?s=96&d=mm&r=g","contentUrl":"https:\/\/secure.gravatar.com\/avatar\/9ce5a9435071fa1037e8468053ead8e513dbbff59009d3069aadb85506d85a27?s=96&d=mm&r=g","caption":"Redac\u021bia UrbeaMea"},"description":"contact@urbeamea.ro","sameAs":["https:\/\/www.urbeamea.ro"],"url":"https:\/\/urbeamea.ro\/albaiulia\/author\/redactia-urbeamea\/"}]}},"_links":{"self":[{"href":"https:\/\/urbeamea.ro\/albaiulia\/wp-json\/wp\/v2\/posts\/110687","targetHints":{"allow":["GET"]}}],"collection":[{"href":"https:\/\/urbeamea.ro\/albaiulia\/wp-json\/wp\/v2\/posts"}],"about":[{"href":"https:\/\/urbeamea.ro\/albaiulia\/wp-json\/wp\/v2\/types\/post"}],"author":[{"embeddable":true,"href":"https:\/\/urbeamea.ro\/albaiulia\/wp-json\/wp\/v2\/users\/16"}],"replies":[{"embeddable":true,"href":"https:\/\/urbeamea.ro\/albaiulia\/wp-json\/wp\/v2\/comments?post=110687"}],"version-history":[{"count":2,"href":"https:\/\/urbeamea.ro\/albaiulia\/wp-json\/wp\/v2\/posts\/110687\/revisions"}],"predecessor-version":[{"id":110689,"href":"https:\/\/urbeamea.ro\/albaiulia\/wp-json\/wp\/v2\/posts\/110687\/revisions\/110689"}],"wp:featuredmedia":[{"embeddable":true,"href":"https:\/\/urbeamea.ro\/albaiulia\/wp-json\/wp\/v2\/media\/100756"}],"wp:attachment":[{"href":"https:\/\/urbeamea.ro\/albaiulia\/wp-json\/wp\/v2\/media?parent=110687"}],"wp:term":[{"taxonomy":"category","embeddable":true,"href":"https:\/\/urbeamea.ro\/albaiulia\/wp-json\/wp\/v2\/categories?post=110687"},{"taxonomy":"post_tag","embeddable":true,"href":"https:\/\/urbeamea.ro\/albaiulia\/wp-json\/wp\/v2\/tags?post=110687"}],"curies":[{"name":"wp","href":"https:\/\/api.w.org\/{rel}","templated":true}]}}