{"id":110690,"date":"2024-03-19T14:05:38","date_gmt":"2024-03-19T12:05:38","guid":{"rendered":"https:\/\/urbeamea.ro\/albaiulia\/?p=110690"},"modified":"2024-03-19T14:05:40","modified_gmt":"2024-03-19T12:05:40","slug":"ziua-mondiala-a-poeziei-prilej-de-intalniri-literare-si-muzicale-la-biblioteca-judeteana-lucian-blaga-alba","status":"publish","type":"post","link":"https:\/\/urbeamea.ro\/albaiulia\/ziua-mondiala-a-poeziei-prilej-de-intalniri-literare-si-muzicale-la-biblioteca-judeteana-lucian-blaga-alba\/","title":{"rendered":"Ziua Mondial\u0103 a Poeziei, prilej de \u00eent\u00e2lniri literare \u0219i muzicale la Biblioteca Jude\u021bean\u0103 \u201eLucian Blaga\u201d Alba"},"content":{"rendered":"\n<p>\u00cencep\u00e2nd cu anul 1999, poezia a primit o zi a ei fiind celebrat\u0103 \u00een fiecare an la data de 21 martie. UNESCO declar\u0103 c\u0103 prin Ziua Mondial\u0103 a Poeziei urm\u0103re\u0219te recunoa\u0219terea importan\u021bei acestui gen literar \u00een cultura universal\u0103 \u0219i stabilirea unui dialog \u00eentre poezie \u0219i alte genuri de crea\u021bie.<\/p>\n\n\n\n<p>Ziua Mondial\u0103 a Poeziei este s\u0103rb\u0103torit\u0103 joi, 21 martie 2024, \u0219i de c\u0103tre Consiliul Jude\u021bean Alba \u0219i Biblioteca Jude\u021bean\u0103 \u201eLucian Blaga\u201d Alba printr-o serie de evenimente ce se vor desf\u0103\u0219ura at\u00e2t online, pe pagina de Facebook a institu\u021biei, c\u00e2t \u0219i la sediul bibliotecii. Programul Zilei Mondiale a Poeziei de joi, 21 martie 2024, este urm\u0103torul:<\/p>\n\n\n\n<ul class=\"wp-block-list\">\n<li>9:00&nbsp;&nbsp; Ziua Mondial\u0103 a Poeziei:&nbsp; semnifica\u021bie (online)<\/li>\n\n\n\n<li>10:00-12:00&nbsp; Descoper\u0103 poeziile din bibliotec\u0103. Parteneriat cu Gr\u0103dini\u021ba cu Program Prelungit Nr. 13 Alba Iulia<\/li>\n\n\n\n<li>12:00 Prim\u0103vara \u00een crea\u021bia poe\u021bilor rom\u00e2ni &#8211; expozi\u021bie de poezie \u0219i desene (Spa\u021biul expozi\u021bional al bibliotecii\/online)<\/li>\n\n\n\n<li>12:30 Ziua Mondial\u0103 a Poeziei: expozi\u021bie tematic\u0103 de carte (Sec\u021bia pentru adul\u021bi\/online)<\/li>\n\n\n\n<li>13:00 Recomandare carte de poezie pentru copii (online)<\/li>\n\n\n\n<li>13:30 Recomandare carte de poezie pentru adul\u021bi (online)<\/li>\n\n\n\n<li>14:30 Citatul zilei (online)<\/li>\n\n\n\n<li>15:00 Poezia zilei (online)<\/li>\n\n\n\n<li>16:00 Interviurile bibliotecii: \u201eM-am n\u0103scut de ziua poeziei\u201d, interviu cu poetul Dumitru M\u0103lin (online)<\/li>\n\n\n\n<li>17:00-18:30 Poezii pe \u0219ase corzi cu Ovidiu Scridon (Sala de lectur\u0103)<\/li>\n\n\n\n<li>18:30-20:00 Gabriel Borchin\u0103: Lacrimi de safir, lansare de carte (Sala de lectur\u0103)<\/li>\n<\/ul>\n","protected":false},"excerpt":{"rendered":"<p>\u00cencep\u00e2nd cu anul 1999, poezia a primit o zi a ei fiind celebrat\u0103 \u00een fiecare an la data de 21 martie. UNESCO declar\u0103 c\u0103 prin Ziua Mondial\u0103 a Poeziei urm\u0103re\u0219te recunoa\u0219terea importan\u021bei acestui gen literar \u00een cultura universal\u0103 \u0219i stabilirea unui dialog \u00eentre poezie \u0219i alte genuri de crea\u021bie. Ziua Mondial\u0103 a Poeziei este s\u0103rb\u0103torit\u0103 &hellip;<\/p>\n","protected":false},"author":16,"featured_media":110691,"comment_status":"open","ping_status":"open","sticky":false,"template":"","format":"standard","meta":{"inline_featured_image":false,"footnotes":""},"categories":[4],"tags":[],"class_list":["post-110690","post","type-post","status-publish","format-standard","has-post-thumbnail","hentry","category-eveniment"],"yoast_head":"<!-- This site is optimized with the Yoast SEO plugin v27.4 - https:\/\/yoast.com\/product\/yoast-seo-wordpress\/ -->\n<title>Ziua Mondial\u0103 a Poeziei, prilej de \u00eent\u00e2lniri literare \u0219i muzicale la Biblioteca Jude\u021bean\u0103 \u201eLucian Blaga\u201d Alba - Revista Urbea Mea - Revista de Alba<\/title>\n<meta name=\"description\" content=\"\u00cencep\u00e2nd cu anul 1999, poezia a primit o zi a ei fiind celebrat\u0103 \u00een fiecare an la data de 21 martie. UNESCO declar\u0103 c\u0103 prin Ziua Mondial\u0103 a Poeziei\" \/>\n<meta name=\"robots\" content=\"index, follow, max-snippet:-1, max-image-preview:large, max-video-preview:-1\" \/>\n<link rel=\"canonical\" href=\"https:\/\/urbeamea.ro\/albaiulia\/ziua-mondiala-a-poeziei-prilej-de-intalniri-literare-si-muzicale-la-biblioteca-judeteana-lucian-blaga-alba\/\" \/>\n<meta name=\"twitter:card\" content=\"summary_large_image\" \/>\n<meta name=\"twitter:title\" content=\"Ziua Mondial\u0103 a Poeziei, prilej de \u00eent\u00e2lniri literare \u0219i muzicale la Biblioteca Jude\u021bean\u0103 \u201eLucian Blaga\u201d Alba - Revista Urbea Mea - Revista de Alba\" \/>\n<meta name=\"twitter:description\" content=\"\u00cencep\u00e2nd cu anul 1999, poezia a primit o zi a ei fiind celebrat\u0103 \u00een fiecare an la data de 21 martie. UNESCO declar\u0103 c\u0103 prin Ziua Mondial\u0103 a Poeziei\" \/>\n<meta name=\"twitter:image\" content=\"https:\/\/urbeamea.ro\/albaiulia\/wp-content\/uploads\/2024\/03\/4.7-Zile-speciale-Ziua-mondiala-a-poeziei-2024.jpg\" \/>\n<meta name=\"twitter:creator\" content=\"@urbeameaweb\" \/>\n<meta name=\"twitter:site\" content=\"@urbeameaweb\" \/>\n<script type=\"application\/ld+json\" class=\"yoast-schema-graph\">{\"@context\":\"https:\\\/\\\/schema.org\",\"@graph\":[{\"@type\":\"Article\",\"@id\":\"https:\\\/\\\/urbeamea.ro\\\/albaiulia\\\/ziua-mondiala-a-poeziei-prilej-de-intalniri-literare-si-muzicale-la-biblioteca-judeteana-lucian-blaga-alba\\\/#article\",\"isPartOf\":{\"@id\":\"https:\\\/\\\/urbeamea.ro\\\/albaiulia\\\/ziua-mondiala-a-poeziei-prilej-de-intalniri-literare-si-muzicale-la-biblioteca-judeteana-lucian-blaga-alba\\\/\"},\"author\":{\"name\":\"Redac\u021bia UrbeaMea\",\"@id\":\"https:\\\/\\\/urbeamea.ro\\\/albaiulia\\\/#\\\/schema\\\/person\\\/272ae98052f8ee8980f59848df070247\"},\"headline\":\"Ziua Mondial\u0103 a Poeziei, prilej de \u00eent\u00e2lniri literare \u0219i muzicale la Biblioteca Jude\u021bean\u0103 \u201eLucian Blaga\u201d Alba\",\"datePublished\":\"2024-03-19T12:05:38+00:00\",\"dateModified\":\"2024-03-19T12:05:40+00:00\",\"mainEntityOfPage\":{\"@id\":\"https:\\\/\\\/urbeamea.ro\\\/albaiulia\\\/ziua-mondiala-a-poeziei-prilej-de-intalniri-literare-si-muzicale-la-biblioteca-judeteana-lucian-blaga-alba\\\/\"},\"wordCount\":256,\"commentCount\":0,\"image\":{\"@id\":\"https:\\\/\\\/urbeamea.ro\\\/albaiulia\\\/ziua-mondiala-a-poeziei-prilej-de-intalniri-literare-si-muzicale-la-biblioteca-judeteana-lucian-blaga-alba\\\/#primaryimage\"},\"thumbnailUrl\":\"https:\\\/\\\/urbeamea.ro\\\/albaiulia\\\/wp-content\\\/uploads\\\/2024\\\/03\\\/4.7-Zile-speciale-Ziua-mondiala-a-poeziei-2024.jpg\",\"articleSection\":[\"Evenimente\"],\"inLanguage\":\"ro-RO\",\"potentialAction\":[{\"@type\":\"CommentAction\",\"name\":\"Comment\",\"target\":[\"https:\\\/\\\/urbeamea.ro\\\/albaiulia\\\/ziua-mondiala-a-poeziei-prilej-de-intalniri-literare-si-muzicale-la-biblioteca-judeteana-lucian-blaga-alba\\\/#respond\"]}]},{\"@type\":\"WebPage\",\"@id\":\"https:\\\/\\\/urbeamea.ro\\\/albaiulia\\\/ziua-mondiala-a-poeziei-prilej-de-intalniri-literare-si-muzicale-la-biblioteca-judeteana-lucian-blaga-alba\\\/\",\"url\":\"https:\\\/\\\/urbeamea.ro\\\/albaiulia\\\/ziua-mondiala-a-poeziei-prilej-de-intalniri-literare-si-muzicale-la-biblioteca-judeteana-lucian-blaga-alba\\\/\",\"name\":\"Ziua Mondial\u0103 a Poeziei, prilej de \u00eent\u00e2lniri literare \u0219i muzicale la Biblioteca Jude\u021bean\u0103 \u201eLucian Blaga\u201d Alba - Revista Urbea Mea - Revista de Alba\",\"isPartOf\":{\"@id\":\"https:\\\/\\\/urbeamea.ro\\\/albaiulia\\\/#website\"},\"primaryImageOfPage\":{\"@id\":\"https:\\\/\\\/urbeamea.ro\\\/albaiulia\\\/ziua-mondiala-a-poeziei-prilej-de-intalniri-literare-si-muzicale-la-biblioteca-judeteana-lucian-blaga-alba\\\/#primaryimage\"},\"image\":{\"@id\":\"https:\\\/\\\/urbeamea.ro\\\/albaiulia\\\/ziua-mondiala-a-poeziei-prilej-de-intalniri-literare-si-muzicale-la-biblioteca-judeteana-lucian-blaga-alba\\\/#primaryimage\"},\"thumbnailUrl\":\"https:\\\/\\\/urbeamea.ro\\\/albaiulia\\\/wp-content\\\/uploads\\\/2024\\\/03\\\/4.7-Zile-speciale-Ziua-mondiala-a-poeziei-2024.jpg\",\"datePublished\":\"2024-03-19T12:05:38+00:00\",\"dateModified\":\"2024-03-19T12:05:40+00:00\",\"author\":{\"@id\":\"https:\\\/\\\/urbeamea.ro\\\/albaiulia\\\/#\\\/schema\\\/person\\\/272ae98052f8ee8980f59848df070247\"},\"description\":\"\u00cencep\u00e2nd cu anul 1999, poezia a primit o zi a ei fiind celebrat\u0103 \u00een fiecare an la data de 21 martie. UNESCO declar\u0103 c\u0103 prin Ziua Mondial\u0103 a Poeziei\",\"breadcrumb\":{\"@id\":\"https:\\\/\\\/urbeamea.ro\\\/albaiulia\\\/ziua-mondiala-a-poeziei-prilej-de-intalniri-literare-si-muzicale-la-biblioteca-judeteana-lucian-blaga-alba\\\/#breadcrumb\"},\"inLanguage\":\"ro-RO\",\"potentialAction\":[{\"@type\":\"ReadAction\",\"target\":[\"https:\\\/\\\/urbeamea.ro\\\/albaiulia\\\/ziua-mondiala-a-poeziei-prilej-de-intalniri-literare-si-muzicale-la-biblioteca-judeteana-lucian-blaga-alba\\\/\"]}]},{\"@type\":\"ImageObject\",\"inLanguage\":\"ro-RO\",\"@id\":\"https:\\\/\\\/urbeamea.ro\\\/albaiulia\\\/ziua-mondiala-a-poeziei-prilej-de-intalniri-literare-si-muzicale-la-biblioteca-judeteana-lucian-blaga-alba\\\/#primaryimage\",\"url\":\"https:\\\/\\\/urbeamea.ro\\\/albaiulia\\\/wp-content\\\/uploads\\\/2024\\\/03\\\/4.7-Zile-speciale-Ziua-mondiala-a-poeziei-2024.jpg\",\"contentUrl\":\"https:\\\/\\\/urbeamea.ro\\\/albaiulia\\\/wp-content\\\/uploads\\\/2024\\\/03\\\/4.7-Zile-speciale-Ziua-mondiala-a-poeziei-2024.jpg\",\"width\":1600,\"height\":1131},{\"@type\":\"BreadcrumbList\",\"@id\":\"https:\\\/\\\/urbeamea.ro\\\/albaiulia\\\/ziua-mondiala-a-poeziei-prilej-de-intalniri-literare-si-muzicale-la-biblioteca-judeteana-lucian-blaga-alba\\\/#breadcrumb\",\"itemListElement\":[{\"@type\":\"ListItem\",\"position\":1,\"name\":\"Prima pagin\u0103\",\"item\":\"https:\\\/\\\/urbeamea.ro\\\/albaiulia\\\/\"},{\"@type\":\"ListItem\",\"position\":2,\"name\":\"Ziua Mondial\u0103 a Poeziei, prilej de \u00eent\u00e2lniri literare \u0219i muzicale la Biblioteca Jude\u021bean\u0103 \u201eLucian Blaga\u201d Alba\"}]},{\"@type\":\"WebSite\",\"@id\":\"https:\\\/\\\/urbeamea.ro\\\/albaiulia\\\/#website\",\"url\":\"https:\\\/\\\/urbeamea.ro\\\/albaiulia\\\/\",\"name\":\"Revista Urbea Mea, Stiri urbane\",\"description\":\"Evenimente \u0219i \u0219tiri din Alba Iulia, Sebe\u0219, Aiud, Blaj\",\"potentialAction\":[{\"@type\":\"SearchAction\",\"target\":{\"@type\":\"EntryPoint\",\"urlTemplate\":\"https:\\\/\\\/urbeamea.ro\\\/albaiulia\\\/?s={search_term_string}\"},\"query-input\":{\"@type\":\"PropertyValueSpecification\",\"valueRequired\":true,\"valueName\":\"search_term_string\"}}],\"inLanguage\":\"ro-RO\"},{\"@type\":\"Person\",\"@id\":\"https:\\\/\\\/urbeamea.ro\\\/albaiulia\\\/#\\\/schema\\\/person\\\/272ae98052f8ee8980f59848df070247\",\"name\":\"Redac\u021bia UrbeaMea\",\"image\":{\"@type\":\"ImageObject\",\"inLanguage\":\"ro-RO\",\"@id\":\"https:\\\/\\\/secure.gravatar.com\\\/avatar\\\/9ce5a9435071fa1037e8468053ead8e513dbbff59009d3069aadb85506d85a27?s=96&d=mm&r=g\",\"url\":\"https:\\\/\\\/secure.gravatar.com\\\/avatar\\\/9ce5a9435071fa1037e8468053ead8e513dbbff59009d3069aadb85506d85a27?s=96&d=mm&r=g\",\"contentUrl\":\"https:\\\/\\\/secure.gravatar.com\\\/avatar\\\/9ce5a9435071fa1037e8468053ead8e513dbbff59009d3069aadb85506d85a27?s=96&d=mm&r=g\",\"caption\":\"Redac\u021bia UrbeaMea\"},\"description\":\"contact@urbeamea.ro\",\"sameAs\":[\"https:\\\/\\\/www.urbeamea.ro\"],\"url\":\"https:\\\/\\\/urbeamea.ro\\\/albaiulia\\\/author\\\/redactia-urbeamea\\\/\"}]}<\/script>\n<!-- \/ Yoast SEO plugin. -->","yoast_head_json":{"title":"Ziua Mondial\u0103 a Poeziei, prilej de \u00eent\u00e2lniri literare \u0219i muzicale la Biblioteca Jude\u021bean\u0103 \u201eLucian Blaga\u201d Alba - Revista Urbea Mea - Revista de Alba","description":"\u00cencep\u00e2nd cu anul 1999, poezia a primit o zi a ei fiind celebrat\u0103 \u00een fiecare an la data de 21 martie. UNESCO declar\u0103 c\u0103 prin Ziua Mondial\u0103 a Poeziei","robots":{"index":"index","follow":"follow","max-snippet":"max-snippet:-1","max-image-preview":"max-image-preview:large","max-video-preview":"max-video-preview:-1"},"canonical":"https:\/\/urbeamea.ro\/albaiulia\/ziua-mondiala-a-poeziei-prilej-de-intalniri-literare-si-muzicale-la-biblioteca-judeteana-lucian-blaga-alba\/","twitter_card":"summary_large_image","twitter_title":"Ziua Mondial\u0103 a Poeziei, prilej de \u00eent\u00e2lniri literare \u0219i muzicale la Biblioteca Jude\u021bean\u0103 \u201eLucian Blaga\u201d Alba - Revista Urbea Mea - Revista de Alba","twitter_description":"\u00cencep\u00e2nd cu anul 1999, poezia a primit o zi a ei fiind celebrat\u0103 \u00een fiecare an la data de 21 martie. UNESCO declar\u0103 c\u0103 prin Ziua Mondial\u0103 a Poeziei","twitter_image":"https:\/\/urbeamea.ro\/albaiulia\/wp-content\/uploads\/2024\/03\/4.7-Zile-speciale-Ziua-mondiala-a-poeziei-2024.jpg","twitter_creator":"@urbeameaweb","twitter_site":"@urbeameaweb","schema":{"@context":"https:\/\/schema.org","@graph":[{"@type":"Article","@id":"https:\/\/urbeamea.ro\/albaiulia\/ziua-mondiala-a-poeziei-prilej-de-intalniri-literare-si-muzicale-la-biblioteca-judeteana-lucian-blaga-alba\/#article","isPartOf":{"@id":"https:\/\/urbeamea.ro\/albaiulia\/ziua-mondiala-a-poeziei-prilej-de-intalniri-literare-si-muzicale-la-biblioteca-judeteana-lucian-blaga-alba\/"},"author":{"name":"Redac\u021bia UrbeaMea","@id":"https:\/\/urbeamea.ro\/albaiulia\/#\/schema\/person\/272ae98052f8ee8980f59848df070247"},"headline":"Ziua Mondial\u0103 a Poeziei, prilej de \u00eent\u00e2lniri literare \u0219i muzicale la Biblioteca Jude\u021bean\u0103 \u201eLucian Blaga\u201d Alba","datePublished":"2024-03-19T12:05:38+00:00","dateModified":"2024-03-19T12:05:40+00:00","mainEntityOfPage":{"@id":"https:\/\/urbeamea.ro\/albaiulia\/ziua-mondiala-a-poeziei-prilej-de-intalniri-literare-si-muzicale-la-biblioteca-judeteana-lucian-blaga-alba\/"},"wordCount":256,"commentCount":0,"image":{"@id":"https:\/\/urbeamea.ro\/albaiulia\/ziua-mondiala-a-poeziei-prilej-de-intalniri-literare-si-muzicale-la-biblioteca-judeteana-lucian-blaga-alba\/#primaryimage"},"thumbnailUrl":"https:\/\/urbeamea.ro\/albaiulia\/wp-content\/uploads\/2024\/03\/4.7-Zile-speciale-Ziua-mondiala-a-poeziei-2024.jpg","articleSection":["Evenimente"],"inLanguage":"ro-RO","potentialAction":[{"@type":"CommentAction","name":"Comment","target":["https:\/\/urbeamea.ro\/albaiulia\/ziua-mondiala-a-poeziei-prilej-de-intalniri-literare-si-muzicale-la-biblioteca-judeteana-lucian-blaga-alba\/#respond"]}]},{"@type":"WebPage","@id":"https:\/\/urbeamea.ro\/albaiulia\/ziua-mondiala-a-poeziei-prilej-de-intalniri-literare-si-muzicale-la-biblioteca-judeteana-lucian-blaga-alba\/","url":"https:\/\/urbeamea.ro\/albaiulia\/ziua-mondiala-a-poeziei-prilej-de-intalniri-literare-si-muzicale-la-biblioteca-judeteana-lucian-blaga-alba\/","name":"Ziua Mondial\u0103 a Poeziei, prilej de \u00eent\u00e2lniri literare \u0219i muzicale la Biblioteca Jude\u021bean\u0103 \u201eLucian Blaga\u201d Alba - Revista Urbea Mea - Revista de Alba","isPartOf":{"@id":"https:\/\/urbeamea.ro\/albaiulia\/#website"},"primaryImageOfPage":{"@id":"https:\/\/urbeamea.ro\/albaiulia\/ziua-mondiala-a-poeziei-prilej-de-intalniri-literare-si-muzicale-la-biblioteca-judeteana-lucian-blaga-alba\/#primaryimage"},"image":{"@id":"https:\/\/urbeamea.ro\/albaiulia\/ziua-mondiala-a-poeziei-prilej-de-intalniri-literare-si-muzicale-la-biblioteca-judeteana-lucian-blaga-alba\/#primaryimage"},"thumbnailUrl":"https:\/\/urbeamea.ro\/albaiulia\/wp-content\/uploads\/2024\/03\/4.7-Zile-speciale-Ziua-mondiala-a-poeziei-2024.jpg","datePublished":"2024-03-19T12:05:38+00:00","dateModified":"2024-03-19T12:05:40+00:00","author":{"@id":"https:\/\/urbeamea.ro\/albaiulia\/#\/schema\/person\/272ae98052f8ee8980f59848df070247"},"description":"\u00cencep\u00e2nd cu anul 1999, poezia a primit o zi a ei fiind celebrat\u0103 \u00een fiecare an la data de 21 martie. UNESCO declar\u0103 c\u0103 prin Ziua Mondial\u0103 a Poeziei","breadcrumb":{"@id":"https:\/\/urbeamea.ro\/albaiulia\/ziua-mondiala-a-poeziei-prilej-de-intalniri-literare-si-muzicale-la-biblioteca-judeteana-lucian-blaga-alba\/#breadcrumb"},"inLanguage":"ro-RO","potentialAction":[{"@type":"ReadAction","target":["https:\/\/urbeamea.ro\/albaiulia\/ziua-mondiala-a-poeziei-prilej-de-intalniri-literare-si-muzicale-la-biblioteca-judeteana-lucian-blaga-alba\/"]}]},{"@type":"ImageObject","inLanguage":"ro-RO","@id":"https:\/\/urbeamea.ro\/albaiulia\/ziua-mondiala-a-poeziei-prilej-de-intalniri-literare-si-muzicale-la-biblioteca-judeteana-lucian-blaga-alba\/#primaryimage","url":"https:\/\/urbeamea.ro\/albaiulia\/wp-content\/uploads\/2024\/03\/4.7-Zile-speciale-Ziua-mondiala-a-poeziei-2024.jpg","contentUrl":"https:\/\/urbeamea.ro\/albaiulia\/wp-content\/uploads\/2024\/03\/4.7-Zile-speciale-Ziua-mondiala-a-poeziei-2024.jpg","width":1600,"height":1131},{"@type":"BreadcrumbList","@id":"https:\/\/urbeamea.ro\/albaiulia\/ziua-mondiala-a-poeziei-prilej-de-intalniri-literare-si-muzicale-la-biblioteca-judeteana-lucian-blaga-alba\/#breadcrumb","itemListElement":[{"@type":"ListItem","position":1,"name":"Prima pagin\u0103","item":"https:\/\/urbeamea.ro\/albaiulia\/"},{"@type":"ListItem","position":2,"name":"Ziua Mondial\u0103 a Poeziei, prilej de \u00eent\u00e2lniri literare \u0219i muzicale la Biblioteca Jude\u021bean\u0103 \u201eLucian Blaga\u201d Alba"}]},{"@type":"WebSite","@id":"https:\/\/urbeamea.ro\/albaiulia\/#website","url":"https:\/\/urbeamea.ro\/albaiulia\/","name":"Revista Urbea Mea, Stiri urbane","description":"Evenimente \u0219i \u0219tiri din Alba Iulia, Sebe\u0219, Aiud, Blaj","potentialAction":[{"@type":"SearchAction","target":{"@type":"EntryPoint","urlTemplate":"https:\/\/urbeamea.ro\/albaiulia\/?s={search_term_string}"},"query-input":{"@type":"PropertyValueSpecification","valueRequired":true,"valueName":"search_term_string"}}],"inLanguage":"ro-RO"},{"@type":"Person","@id":"https:\/\/urbeamea.ro\/albaiulia\/#\/schema\/person\/272ae98052f8ee8980f59848df070247","name":"Redac\u021bia UrbeaMea","image":{"@type":"ImageObject","inLanguage":"ro-RO","@id":"https:\/\/secure.gravatar.com\/avatar\/9ce5a9435071fa1037e8468053ead8e513dbbff59009d3069aadb85506d85a27?s=96&d=mm&r=g","url":"https:\/\/secure.gravatar.com\/avatar\/9ce5a9435071fa1037e8468053ead8e513dbbff59009d3069aadb85506d85a27?s=96&d=mm&r=g","contentUrl":"https:\/\/secure.gravatar.com\/avatar\/9ce5a9435071fa1037e8468053ead8e513dbbff59009d3069aadb85506d85a27?s=96&d=mm&r=g","caption":"Redac\u021bia UrbeaMea"},"description":"contact@urbeamea.ro","sameAs":["https:\/\/www.urbeamea.ro"],"url":"https:\/\/urbeamea.ro\/albaiulia\/author\/redactia-urbeamea\/"}]}},"_links":{"self":[{"href":"https:\/\/urbeamea.ro\/albaiulia\/wp-json\/wp\/v2\/posts\/110690","targetHints":{"allow":["GET"]}}],"collection":[{"href":"https:\/\/urbeamea.ro\/albaiulia\/wp-json\/wp\/v2\/posts"}],"about":[{"href":"https:\/\/urbeamea.ro\/albaiulia\/wp-json\/wp\/v2\/types\/post"}],"author":[{"embeddable":true,"href":"https:\/\/urbeamea.ro\/albaiulia\/wp-json\/wp\/v2\/users\/16"}],"replies":[{"embeddable":true,"href":"https:\/\/urbeamea.ro\/albaiulia\/wp-json\/wp\/v2\/comments?post=110690"}],"version-history":[{"count":1,"href":"https:\/\/urbeamea.ro\/albaiulia\/wp-json\/wp\/v2\/posts\/110690\/revisions"}],"predecessor-version":[{"id":110692,"href":"https:\/\/urbeamea.ro\/albaiulia\/wp-json\/wp\/v2\/posts\/110690\/revisions\/110692"}],"wp:featuredmedia":[{"embeddable":true,"href":"https:\/\/urbeamea.ro\/albaiulia\/wp-json\/wp\/v2\/media\/110691"}],"wp:attachment":[{"href":"https:\/\/urbeamea.ro\/albaiulia\/wp-json\/wp\/v2\/media?parent=110690"}],"wp:term":[{"taxonomy":"category","embeddable":true,"href":"https:\/\/urbeamea.ro\/albaiulia\/wp-json\/wp\/v2\/categories?post=110690"},{"taxonomy":"post_tag","embeddable":true,"href":"https:\/\/urbeamea.ro\/albaiulia\/wp-json\/wp\/v2\/tags?post=110690"}],"curies":[{"name":"wp","href":"https:\/\/api.w.org\/{rel}","templated":true}]}}