{"id":110693,"date":"2024-03-19T14:13:01","date_gmt":"2024-03-19T12:13:01","guid":{"rendered":"https:\/\/urbeamea.ro\/albaiulia\/?p=110693"},"modified":"2024-03-19T14:13:03","modified_gmt":"2024-03-19T12:13:03","slug":"targul-gradinarului-22-24-martie-2024-ajuns-la-cea-de-a-xiv-a-editie","status":"publish","type":"post","link":"https:\/\/urbeamea.ro\/albaiulia\/targul-gradinarului-22-24-martie-2024-ajuns-la-cea-de-a-xiv-a-editie\/","title":{"rendered":"T\u00e2rgul Gr\u0103dinarului, 22 &#8211; 24 martie 2024, ajuns la cea de-a XIV-a edi\u0163ie"},"content":{"rendered":"\n<p>V\u0103 invit\u0103m vineri, 22 martie 2024, \u00eencep\u00e2nd cu ora 11.00, \u00een spa\u0163iul situat pe latura de vest a Cet\u0103\u0163ii Alba Carolina, la deschiderea celui mai a\u015fteptat eveniment al prim\u0103verii, T\u00e2rgul Gr\u0103dinarului, ajuns la cea de-a XIV-a edi\u0163ie. Evenimentul, care se va desf\u0103\u015fura \u00een perioada 22-24 martie, este organizat de Consiliul Jude\u0163ean Alba, \u00eempreun\u0103 cu Prim\u0103ria Alba Iulia \u015fi Grupurile de Ac\u0163iune Local\u0103 Pe Mure\u015f \u015fi pe T\u00e2rnave, Mun\u0163ii Metaliferi, Trasc\u0103u \u015fi Muntele Mare, \u0162ara Seca\u015felor Alba \u2013 Sibiu, Valea Ampoiului \u2013 Valea Mure\u015fului.<\/p>\n\n\n\n<p>La edi\u0163ia din acest an a T\u00e2rgului Gr\u0103dinarului vor fi prezen\u0163i 56 de expozan\u0163i, care vor aduce \u00een fa\u0163a vizitatorilor flori de sezon, semin\u0163e, bulbi, buta\u015fi de trandafiri, vi\u0163\u0103 de vie, plante decorative, arbu\u015fti, pomi fructiferi \u015fi ornamentali, \u00eengr\u0103\u015f\u0103minte organice \u015fi produse fitosanitare, sisteme de iriga\u0163ii \u015fi mobilier pentru gr\u0103din\u0103 \u015fi teras\u0103, obiecte decorative \u015fi aranjamente florale, materiale, accesorii, unelte \u015fi echipamente pentru amenaj\u0103ri piscine sau jacuzzi, \u00eentre\u0163inere spa\u0163ii verzi, precum \u015fi servicii de consultan\u0163\u0103 \u00een amenajare, construc\u0163ie \u015fi montaj, dar \u015fi solu\u0163ii noi pentru agricultur\u0103.<\/p>\n\n\n\n<figure class=\"wp-block-image size-large\"><img loading=\"lazy\" decoding=\"async\" width=\"905\" height=\"1280\" src=\"https:\/\/urbeamea.ro\/albaiulia\/wp-content\/uploads\/2024\/03\/Program-TG2024_FB-si-blog-copy-1-905x1280.jpg\" alt=\"\" class=\"wp-image-110695\" srcset=\"https:\/\/urbeamea.ro\/albaiulia\/wp-content\/uploads\/2024\/03\/Program-TG2024_FB-si-blog-copy-1-905x1280.jpg 905w, https:\/\/urbeamea.ro\/albaiulia\/wp-content\/uploads\/2024\/03\/Program-TG2024_FB-si-blog-copy-1-452x640.jpg 452w, https:\/\/urbeamea.ro\/albaiulia\/wp-content\/uploads\/2024\/03\/Program-TG2024_FB-si-blog-copy-1-106x150.jpg 106w, https:\/\/urbeamea.ro\/albaiulia\/wp-content\/uploads\/2024\/03\/Program-TG2024_FB-si-blog-copy-1-768x1086.jpg 768w, https:\/\/urbeamea.ro\/albaiulia\/wp-content\/uploads\/2024\/03\/Program-TG2024_FB-si-blog-copy-1-1086x1536.jpg 1086w, https:\/\/urbeamea.ro\/albaiulia\/wp-content\/uploads\/2024\/03\/Program-TG2024_FB-si-blog-copy-1.jpg 1131w\" sizes=\"auto, (max-width: 905px) 100vw, 905px\" \/><\/figure>\n","protected":false},"excerpt":{"rendered":"<p>V\u0103 invit\u0103m vineri, 22 martie 2024, \u00eencep\u00e2nd cu ora 11.00, \u00een spa\u0163iul situat pe latura de vest a Cet\u0103\u0163ii Alba Carolina, la deschiderea celui mai a\u015fteptat eveniment al prim\u0103verii, T\u00e2rgul Gr\u0103dinarului, ajuns la cea de-a XIV-a edi\u0163ie. Evenimentul, care se va desf\u0103\u015fura \u00een perioada 22-24 martie, este organizat de Consiliul Jude\u0163ean Alba, \u00eempreun\u0103 cu Prim\u0103ria &hellip;<\/p>\n","protected":false},"author":16,"featured_media":110696,"comment_status":"open","ping_status":"open","sticky":false,"template":"","format":"standard","meta":{"inline_featured_image":false,"footnotes":""},"categories":[4],"tags":[],"class_list":["post-110693","post","type-post","status-publish","format-standard","has-post-thumbnail","hentry","category-eveniment"],"yoast_head":"<!-- This site is optimized with the Yoast SEO plugin v27.4 - https:\/\/yoast.com\/product\/yoast-seo-wordpress\/ -->\n<title>T\u00e2rgul Gr\u0103dinarului, 22 - 24 martie 2024, ajuns la cea de-a XIV-a edi\u0163ie - Revista Urbea Mea - Revista de Alba<\/title>\n<meta name=\"description\" content=\"V\u0103 invit\u0103m vineri, 22 martie 2024, \u00eencep\u00e2nd cu ora 11.00, \u00een spa\u0163iul situat pe latura de vest a Cet\u0103\u0163ii Alba Carolina, la deschiderea celui mai a\u015fteptat\" \/>\n<meta name=\"robots\" content=\"index, follow, max-snippet:-1, max-image-preview:large, max-video-preview:-1\" \/>\n<link rel=\"canonical\" href=\"https:\/\/urbeamea.ro\/albaiulia\/targul-gradinarului-22-24-martie-2024-ajuns-la-cea-de-a-xiv-a-editie\/\" \/>\n<meta name=\"twitter:card\" content=\"summary_large_image\" \/>\n<meta name=\"twitter:title\" content=\"T\u00e2rgul Gr\u0103dinarului, 22 - 24 martie 2024, ajuns la cea de-a XIV-a edi\u0163ie - Revista Urbea Mea - Revista de Alba\" \/>\n<meta name=\"twitter:description\" content=\"V\u0103 invit\u0103m vineri, 22 martie 2024, \u00eencep\u00e2nd cu ora 11.00, \u00een spa\u0163iul situat pe latura de vest a Cet\u0103\u0163ii Alba Carolina, la deschiderea celui mai a\u015fteptat\" \/>\n<meta name=\"twitter:image\" content=\"https:\/\/urbeamea.ro\/albaiulia\/wp-content\/uploads\/2024\/03\/422605545_783622003803377_9057435897069442490_n.jpg\" \/>\n<meta name=\"twitter:creator\" content=\"@urbeameaweb\" \/>\n<meta name=\"twitter:site\" content=\"@urbeameaweb\" \/>\n<script type=\"application\/ld+json\" class=\"yoast-schema-graph\">{\"@context\":\"https:\\\/\\\/schema.org\",\"@graph\":[{\"@type\":\"Article\",\"@id\":\"https:\\\/\\\/urbeamea.ro\\\/albaiulia\\\/targul-gradinarului-22-24-martie-2024-ajuns-la-cea-de-a-xiv-a-editie\\\/#article\",\"isPartOf\":{\"@id\":\"https:\\\/\\\/urbeamea.ro\\\/albaiulia\\\/targul-gradinarului-22-24-martie-2024-ajuns-la-cea-de-a-xiv-a-editie\\\/\"},\"author\":{\"name\":\"Redac\u021bia UrbeaMea\",\"@id\":\"https:\\\/\\\/urbeamea.ro\\\/albaiulia\\\/#\\\/schema\\\/person\\\/272ae98052f8ee8980f59848df070247\"},\"headline\":\"T\u00e2rgul Gr\u0103dinarului, 22 &#8211; 24 martie 2024, ajuns la cea de-a XIV-a edi\u0163ie\",\"datePublished\":\"2024-03-19T12:13:01+00:00\",\"dateModified\":\"2024-03-19T12:13:03+00:00\",\"mainEntityOfPage\":{\"@id\":\"https:\\\/\\\/urbeamea.ro\\\/albaiulia\\\/targul-gradinarului-22-24-martie-2024-ajuns-la-cea-de-a-xiv-a-editie\\\/\"},\"wordCount\":211,\"commentCount\":0,\"image\":{\"@id\":\"https:\\\/\\\/urbeamea.ro\\\/albaiulia\\\/targul-gradinarului-22-24-martie-2024-ajuns-la-cea-de-a-xiv-a-editie\\\/#primaryimage\"},\"thumbnailUrl\":\"https:\\\/\\\/urbeamea.ro\\\/albaiulia\\\/wp-content\\\/uploads\\\/2024\\\/03\\\/422605545_783622003803377_9057435897069442490_n.jpg\",\"articleSection\":[\"Evenimente\"],\"inLanguage\":\"ro-RO\",\"potentialAction\":[{\"@type\":\"CommentAction\",\"name\":\"Comment\",\"target\":[\"https:\\\/\\\/urbeamea.ro\\\/albaiulia\\\/targul-gradinarului-22-24-martie-2024-ajuns-la-cea-de-a-xiv-a-editie\\\/#respond\"]}]},{\"@type\":\"WebPage\",\"@id\":\"https:\\\/\\\/urbeamea.ro\\\/albaiulia\\\/targul-gradinarului-22-24-martie-2024-ajuns-la-cea-de-a-xiv-a-editie\\\/\",\"url\":\"https:\\\/\\\/urbeamea.ro\\\/albaiulia\\\/targul-gradinarului-22-24-martie-2024-ajuns-la-cea-de-a-xiv-a-editie\\\/\",\"name\":\"T\u00e2rgul Gr\u0103dinarului, 22 - 24 martie 2024, ajuns la cea de-a XIV-a edi\u0163ie - Revista Urbea Mea - Revista de Alba\",\"isPartOf\":{\"@id\":\"https:\\\/\\\/urbeamea.ro\\\/albaiulia\\\/#website\"},\"primaryImageOfPage\":{\"@id\":\"https:\\\/\\\/urbeamea.ro\\\/albaiulia\\\/targul-gradinarului-22-24-martie-2024-ajuns-la-cea-de-a-xiv-a-editie\\\/#primaryimage\"},\"image\":{\"@id\":\"https:\\\/\\\/urbeamea.ro\\\/albaiulia\\\/targul-gradinarului-22-24-martie-2024-ajuns-la-cea-de-a-xiv-a-editie\\\/#primaryimage\"},\"thumbnailUrl\":\"https:\\\/\\\/urbeamea.ro\\\/albaiulia\\\/wp-content\\\/uploads\\\/2024\\\/03\\\/422605545_783622003803377_9057435897069442490_n.jpg\",\"datePublished\":\"2024-03-19T12:13:01+00:00\",\"dateModified\":\"2024-03-19T12:13:03+00:00\",\"author\":{\"@id\":\"https:\\\/\\\/urbeamea.ro\\\/albaiulia\\\/#\\\/schema\\\/person\\\/272ae98052f8ee8980f59848df070247\"},\"description\":\"V\u0103 invit\u0103m vineri, 22 martie 2024, \u00eencep\u00e2nd cu ora 11.00, \u00een spa\u0163iul situat pe latura de vest a Cet\u0103\u0163ii Alba Carolina, la deschiderea celui mai a\u015fteptat\",\"breadcrumb\":{\"@id\":\"https:\\\/\\\/urbeamea.ro\\\/albaiulia\\\/targul-gradinarului-22-24-martie-2024-ajuns-la-cea-de-a-xiv-a-editie\\\/#breadcrumb\"},\"inLanguage\":\"ro-RO\",\"potentialAction\":[{\"@type\":\"ReadAction\",\"target\":[\"https:\\\/\\\/urbeamea.ro\\\/albaiulia\\\/targul-gradinarului-22-24-martie-2024-ajuns-la-cea-de-a-xiv-a-editie\\\/\"]}]},{\"@type\":\"ImageObject\",\"inLanguage\":\"ro-RO\",\"@id\":\"https:\\\/\\\/urbeamea.ro\\\/albaiulia\\\/targul-gradinarului-22-24-martie-2024-ajuns-la-cea-de-a-xiv-a-editie\\\/#primaryimage\",\"url\":\"https:\\\/\\\/urbeamea.ro\\\/albaiulia\\\/wp-content\\\/uploads\\\/2024\\\/03\\\/422605545_783622003803377_9057435897069442490_n.jpg\",\"contentUrl\":\"https:\\\/\\\/urbeamea.ro\\\/albaiulia\\\/wp-content\\\/uploads\\\/2024\\\/03\\\/422605545_783622003803377_9057435897069442490_n.jpg\",\"width\":1600,\"height\":702},{\"@type\":\"BreadcrumbList\",\"@id\":\"https:\\\/\\\/urbeamea.ro\\\/albaiulia\\\/targul-gradinarului-22-24-martie-2024-ajuns-la-cea-de-a-xiv-a-editie\\\/#breadcrumb\",\"itemListElement\":[{\"@type\":\"ListItem\",\"position\":1,\"name\":\"Prima pagin\u0103\",\"item\":\"https:\\\/\\\/urbeamea.ro\\\/albaiulia\\\/\"},{\"@type\":\"ListItem\",\"position\":2,\"name\":\"T\u00e2rgul Gr\u0103dinarului, 22 &#8211; 24 martie 2024, ajuns la cea de-a XIV-a edi\u0163ie\"}]},{\"@type\":\"WebSite\",\"@id\":\"https:\\\/\\\/urbeamea.ro\\\/albaiulia\\\/#website\",\"url\":\"https:\\\/\\\/urbeamea.ro\\\/albaiulia\\\/\",\"name\":\"Revista Urbea Mea, Stiri urbane\",\"description\":\"Evenimente \u0219i \u0219tiri din Alba Iulia, Sebe\u0219, Aiud, Blaj\",\"potentialAction\":[{\"@type\":\"SearchAction\",\"target\":{\"@type\":\"EntryPoint\",\"urlTemplate\":\"https:\\\/\\\/urbeamea.ro\\\/albaiulia\\\/?s={search_term_string}\"},\"query-input\":{\"@type\":\"PropertyValueSpecification\",\"valueRequired\":true,\"valueName\":\"search_term_string\"}}],\"inLanguage\":\"ro-RO\"},{\"@type\":\"Person\",\"@id\":\"https:\\\/\\\/urbeamea.ro\\\/albaiulia\\\/#\\\/schema\\\/person\\\/272ae98052f8ee8980f59848df070247\",\"name\":\"Redac\u021bia UrbeaMea\",\"image\":{\"@type\":\"ImageObject\",\"inLanguage\":\"ro-RO\",\"@id\":\"https:\\\/\\\/secure.gravatar.com\\\/avatar\\\/9ce5a9435071fa1037e8468053ead8e513dbbff59009d3069aadb85506d85a27?s=96&d=mm&r=g\",\"url\":\"https:\\\/\\\/secure.gravatar.com\\\/avatar\\\/9ce5a9435071fa1037e8468053ead8e513dbbff59009d3069aadb85506d85a27?s=96&d=mm&r=g\",\"contentUrl\":\"https:\\\/\\\/secure.gravatar.com\\\/avatar\\\/9ce5a9435071fa1037e8468053ead8e513dbbff59009d3069aadb85506d85a27?s=96&d=mm&r=g\",\"caption\":\"Redac\u021bia UrbeaMea\"},\"description\":\"contact@urbeamea.ro\",\"sameAs\":[\"https:\\\/\\\/www.urbeamea.ro\"],\"url\":\"https:\\\/\\\/urbeamea.ro\\\/albaiulia\\\/author\\\/redactia-urbeamea\\\/\"}]}<\/script>\n<!-- \/ Yoast SEO plugin. -->","yoast_head_json":{"title":"T\u00e2rgul Gr\u0103dinarului, 22 - 24 martie 2024, ajuns la cea de-a XIV-a edi\u0163ie - Revista Urbea Mea - Revista de Alba","description":"V\u0103 invit\u0103m vineri, 22 martie 2024, \u00eencep\u00e2nd cu ora 11.00, \u00een spa\u0163iul situat pe latura de vest a Cet\u0103\u0163ii Alba Carolina, la deschiderea celui mai a\u015fteptat","robots":{"index":"index","follow":"follow","max-snippet":"max-snippet:-1","max-image-preview":"max-image-preview:large","max-video-preview":"max-video-preview:-1"},"canonical":"https:\/\/urbeamea.ro\/albaiulia\/targul-gradinarului-22-24-martie-2024-ajuns-la-cea-de-a-xiv-a-editie\/","twitter_card":"summary_large_image","twitter_title":"T\u00e2rgul Gr\u0103dinarului, 22 - 24 martie 2024, ajuns la cea de-a XIV-a edi\u0163ie - Revista Urbea Mea - Revista de Alba","twitter_description":"V\u0103 invit\u0103m vineri, 22 martie 2024, \u00eencep\u00e2nd cu ora 11.00, \u00een spa\u0163iul situat pe latura de vest a Cet\u0103\u0163ii Alba Carolina, la deschiderea celui mai a\u015fteptat","twitter_image":"https:\/\/urbeamea.ro\/albaiulia\/wp-content\/uploads\/2024\/03\/422605545_783622003803377_9057435897069442490_n.jpg","twitter_creator":"@urbeameaweb","twitter_site":"@urbeameaweb","schema":{"@context":"https:\/\/schema.org","@graph":[{"@type":"Article","@id":"https:\/\/urbeamea.ro\/albaiulia\/targul-gradinarului-22-24-martie-2024-ajuns-la-cea-de-a-xiv-a-editie\/#article","isPartOf":{"@id":"https:\/\/urbeamea.ro\/albaiulia\/targul-gradinarului-22-24-martie-2024-ajuns-la-cea-de-a-xiv-a-editie\/"},"author":{"name":"Redac\u021bia UrbeaMea","@id":"https:\/\/urbeamea.ro\/albaiulia\/#\/schema\/person\/272ae98052f8ee8980f59848df070247"},"headline":"T\u00e2rgul Gr\u0103dinarului, 22 &#8211; 24 martie 2024, ajuns la cea de-a XIV-a edi\u0163ie","datePublished":"2024-03-19T12:13:01+00:00","dateModified":"2024-03-19T12:13:03+00:00","mainEntityOfPage":{"@id":"https:\/\/urbeamea.ro\/albaiulia\/targul-gradinarului-22-24-martie-2024-ajuns-la-cea-de-a-xiv-a-editie\/"},"wordCount":211,"commentCount":0,"image":{"@id":"https:\/\/urbeamea.ro\/albaiulia\/targul-gradinarului-22-24-martie-2024-ajuns-la-cea-de-a-xiv-a-editie\/#primaryimage"},"thumbnailUrl":"https:\/\/urbeamea.ro\/albaiulia\/wp-content\/uploads\/2024\/03\/422605545_783622003803377_9057435897069442490_n.jpg","articleSection":["Evenimente"],"inLanguage":"ro-RO","potentialAction":[{"@type":"CommentAction","name":"Comment","target":["https:\/\/urbeamea.ro\/albaiulia\/targul-gradinarului-22-24-martie-2024-ajuns-la-cea-de-a-xiv-a-editie\/#respond"]}]},{"@type":"WebPage","@id":"https:\/\/urbeamea.ro\/albaiulia\/targul-gradinarului-22-24-martie-2024-ajuns-la-cea-de-a-xiv-a-editie\/","url":"https:\/\/urbeamea.ro\/albaiulia\/targul-gradinarului-22-24-martie-2024-ajuns-la-cea-de-a-xiv-a-editie\/","name":"T\u00e2rgul Gr\u0103dinarului, 22 - 24 martie 2024, ajuns la cea de-a XIV-a edi\u0163ie - Revista Urbea Mea - Revista de Alba","isPartOf":{"@id":"https:\/\/urbeamea.ro\/albaiulia\/#website"},"primaryImageOfPage":{"@id":"https:\/\/urbeamea.ro\/albaiulia\/targul-gradinarului-22-24-martie-2024-ajuns-la-cea-de-a-xiv-a-editie\/#primaryimage"},"image":{"@id":"https:\/\/urbeamea.ro\/albaiulia\/targul-gradinarului-22-24-martie-2024-ajuns-la-cea-de-a-xiv-a-editie\/#primaryimage"},"thumbnailUrl":"https:\/\/urbeamea.ro\/albaiulia\/wp-content\/uploads\/2024\/03\/422605545_783622003803377_9057435897069442490_n.jpg","datePublished":"2024-03-19T12:13:01+00:00","dateModified":"2024-03-19T12:13:03+00:00","author":{"@id":"https:\/\/urbeamea.ro\/albaiulia\/#\/schema\/person\/272ae98052f8ee8980f59848df070247"},"description":"V\u0103 invit\u0103m vineri, 22 martie 2024, \u00eencep\u00e2nd cu ora 11.00, \u00een spa\u0163iul situat pe latura de vest a Cet\u0103\u0163ii Alba Carolina, la deschiderea celui mai a\u015fteptat","breadcrumb":{"@id":"https:\/\/urbeamea.ro\/albaiulia\/targul-gradinarului-22-24-martie-2024-ajuns-la-cea-de-a-xiv-a-editie\/#breadcrumb"},"inLanguage":"ro-RO","potentialAction":[{"@type":"ReadAction","target":["https:\/\/urbeamea.ro\/albaiulia\/targul-gradinarului-22-24-martie-2024-ajuns-la-cea-de-a-xiv-a-editie\/"]}]},{"@type":"ImageObject","inLanguage":"ro-RO","@id":"https:\/\/urbeamea.ro\/albaiulia\/targul-gradinarului-22-24-martie-2024-ajuns-la-cea-de-a-xiv-a-editie\/#primaryimage","url":"https:\/\/urbeamea.ro\/albaiulia\/wp-content\/uploads\/2024\/03\/422605545_783622003803377_9057435897069442490_n.jpg","contentUrl":"https:\/\/urbeamea.ro\/albaiulia\/wp-content\/uploads\/2024\/03\/422605545_783622003803377_9057435897069442490_n.jpg","width":1600,"height":702},{"@type":"BreadcrumbList","@id":"https:\/\/urbeamea.ro\/albaiulia\/targul-gradinarului-22-24-martie-2024-ajuns-la-cea-de-a-xiv-a-editie\/#breadcrumb","itemListElement":[{"@type":"ListItem","position":1,"name":"Prima pagin\u0103","item":"https:\/\/urbeamea.ro\/albaiulia\/"},{"@type":"ListItem","position":2,"name":"T\u00e2rgul Gr\u0103dinarului, 22 &#8211; 24 martie 2024, ajuns la cea de-a XIV-a edi\u0163ie"}]},{"@type":"WebSite","@id":"https:\/\/urbeamea.ro\/albaiulia\/#website","url":"https:\/\/urbeamea.ro\/albaiulia\/","name":"Revista Urbea Mea, Stiri urbane","description":"Evenimente \u0219i \u0219tiri din Alba Iulia, Sebe\u0219, Aiud, Blaj","potentialAction":[{"@type":"SearchAction","target":{"@type":"EntryPoint","urlTemplate":"https:\/\/urbeamea.ro\/albaiulia\/?s={search_term_string}"},"query-input":{"@type":"PropertyValueSpecification","valueRequired":true,"valueName":"search_term_string"}}],"inLanguage":"ro-RO"},{"@type":"Person","@id":"https:\/\/urbeamea.ro\/albaiulia\/#\/schema\/person\/272ae98052f8ee8980f59848df070247","name":"Redac\u021bia UrbeaMea","image":{"@type":"ImageObject","inLanguage":"ro-RO","@id":"https:\/\/secure.gravatar.com\/avatar\/9ce5a9435071fa1037e8468053ead8e513dbbff59009d3069aadb85506d85a27?s=96&d=mm&r=g","url":"https:\/\/secure.gravatar.com\/avatar\/9ce5a9435071fa1037e8468053ead8e513dbbff59009d3069aadb85506d85a27?s=96&d=mm&r=g","contentUrl":"https:\/\/secure.gravatar.com\/avatar\/9ce5a9435071fa1037e8468053ead8e513dbbff59009d3069aadb85506d85a27?s=96&d=mm&r=g","caption":"Redac\u021bia UrbeaMea"},"description":"contact@urbeamea.ro","sameAs":["https:\/\/www.urbeamea.ro"],"url":"https:\/\/urbeamea.ro\/albaiulia\/author\/redactia-urbeamea\/"}]}},"_links":{"self":[{"href":"https:\/\/urbeamea.ro\/albaiulia\/wp-json\/wp\/v2\/posts\/110693","targetHints":{"allow":["GET"]}}],"collection":[{"href":"https:\/\/urbeamea.ro\/albaiulia\/wp-json\/wp\/v2\/posts"}],"about":[{"href":"https:\/\/urbeamea.ro\/albaiulia\/wp-json\/wp\/v2\/types\/post"}],"author":[{"embeddable":true,"href":"https:\/\/urbeamea.ro\/albaiulia\/wp-json\/wp\/v2\/users\/16"}],"replies":[{"embeddable":true,"href":"https:\/\/urbeamea.ro\/albaiulia\/wp-json\/wp\/v2\/comments?post=110693"}],"version-history":[{"count":1,"href":"https:\/\/urbeamea.ro\/albaiulia\/wp-json\/wp\/v2\/posts\/110693\/revisions"}],"predecessor-version":[{"id":110697,"href":"https:\/\/urbeamea.ro\/albaiulia\/wp-json\/wp\/v2\/posts\/110693\/revisions\/110697"}],"wp:featuredmedia":[{"embeddable":true,"href":"https:\/\/urbeamea.ro\/albaiulia\/wp-json\/wp\/v2\/media\/110696"}],"wp:attachment":[{"href":"https:\/\/urbeamea.ro\/albaiulia\/wp-json\/wp\/v2\/media?parent=110693"}],"wp:term":[{"taxonomy":"category","embeddable":true,"href":"https:\/\/urbeamea.ro\/albaiulia\/wp-json\/wp\/v2\/categories?post=110693"},{"taxonomy":"post_tag","embeddable":true,"href":"https:\/\/urbeamea.ro\/albaiulia\/wp-json\/wp\/v2\/tags?post=110693"}],"curies":[{"name":"wp","href":"https:\/\/api.w.org\/{rel}","templated":true}]}}