{"id":110698,"date":"2024-03-21T18:39:10","date_gmt":"2024-03-21T16:39:10","guid":{"rendered":"https:\/\/urbeamea.ro\/albaiulia\/?p=110698"},"modified":"2024-03-21T18:39:11","modified_gmt":"2024-03-21T16:39:11","slug":"continua-modernizarea-cu-fonduri-europene-a-spitalului-de-psihiatrie-dr-gheorghe-preda-sibiu","status":"publish","type":"post","link":"https:\/\/urbeamea.ro\/albaiulia\/continua-modernizarea-cu-fonduri-europene-a-spitalului-de-psihiatrie-dr-gheorghe-preda-sibiu\/","title":{"rendered":"Continu\u0103 modernizarea cu fonduri europene a Spitalului de Psihiatrie \u201dDr. Gheorghe Preda\u201d Sibiu"},"content":{"rendered":"\n<p><strong>Continu\u0103 activit\u0103\u021bile pentru cre\u0219terea eficien\u021bei energetice a Spitalului de Psihiatrie \u201d<em>Dr. Gheorghe Preda<\/em>\u201d din Sibiu. Dou\u0103 noi proiecte de reabilitare termic\u0103 \u0219i eficientizare energetic\u0103 \u2013 pentru \u00eenc\u0103 dou\u0103 corpuri ale acestei unit\u0103\u021bi medicale &#8211; au fost semnate recent \u00een cadrul Programului \u201dRegiunea Centru\u201d 2021-2027. Este vorba de cererile de finan\u021bare pentru <em>\u201dReabilitare termic\u0103 a cl\u0103dirii C8 \u2013 Policlinic\u0103 din cadrul Spitalului Clinic de Psihiatrie \u201eDr. Gheorghe Preda\u201d Sibiu\u201d<\/em> \u0219i <em>\u201dReabilitare termic\u0103 a Cl\u0103dirii C16 \u2013 Pavilion psihiatrie V din cadrul Spitalului Clinic de Psihiatrie Dr. Gheorghe Preda Sibiu\u201d<\/em>. Valoarea total\u0103 a celor dou\u0103 contracte de finan\u021bare este de peste 23 milioane lei, din care valoarea total\u0103 eligibil\u0103 este de 20.077.630 lei.<\/strong><\/p>\n\n\n\n<figure class=\"wp-block-gallery has-nested-images columns-2 is-cropped wp-block-gallery-1 is-layout-flex wp-block-gallery-is-layout-flex\">\n<figure class=\"wp-block-image size-large\"><a href=\"https:\/\/urbeamea.ro\/albaiulia\/wp-content\/uploads\/2024\/03\/Foto4-1.jpg\"><img loading=\"lazy\" decoding=\"async\" width=\"1280\" height=\"708\" data-id=\"110700\" src=\"https:\/\/urbeamea.ro\/albaiulia\/wp-content\/uploads\/2024\/03\/Foto4-1-1280x708.jpg\" alt=\"\" class=\"wp-image-110700\" srcset=\"https:\/\/urbeamea.ro\/albaiulia\/wp-content\/uploads\/2024\/03\/Foto4-1-1280x708.jpg 1280w, https:\/\/urbeamea.ro\/albaiulia\/wp-content\/uploads\/2024\/03\/Foto4-1-640x354.jpg 640w, https:\/\/urbeamea.ro\/albaiulia\/wp-content\/uploads\/2024\/03\/Foto4-1-150x83.jpg 150w, https:\/\/urbeamea.ro\/albaiulia\/wp-content\/uploads\/2024\/03\/Foto4-1-768x425.jpg 768w, https:\/\/urbeamea.ro\/albaiulia\/wp-content\/uploads\/2024\/03\/Foto4-1.jpg 1305w\" sizes=\"auto, (max-width: 1280px) 100vw, 1280px\" \/><\/a><\/figure>\n\n\n\n<figure class=\"wp-block-image size-large\"><a href=\"https:\/\/urbeamea.ro\/albaiulia\/wp-content\/uploads\/2024\/03\/Foto3-2.jpg\"><img loading=\"lazy\" decoding=\"async\" width=\"1258\" height=\"737\" data-id=\"110702\" src=\"https:\/\/urbeamea.ro\/albaiulia\/wp-content\/uploads\/2024\/03\/Foto3-2.jpg\" alt=\"\" class=\"wp-image-110702\" srcset=\"https:\/\/urbeamea.ro\/albaiulia\/wp-content\/uploads\/2024\/03\/Foto3-2.jpg 1258w, https:\/\/urbeamea.ro\/albaiulia\/wp-content\/uploads\/2024\/03\/Foto3-2-640x375.jpg 640w, https:\/\/urbeamea.ro\/albaiulia\/wp-content\/uploads\/2024\/03\/Foto3-2-150x88.jpg 150w, https:\/\/urbeamea.ro\/albaiulia\/wp-content\/uploads\/2024\/03\/Foto3-2-768x450.jpg 768w\" sizes=\"auto, (max-width: 1258px) 100vw, 1258px\" \/><\/a><\/figure>\n\n\n\n<figure class=\"wp-block-image size-large\"><a href=\"https:\/\/urbeamea.ro\/albaiulia\/wp-content\/uploads\/2024\/03\/Foto2-1.jpg\"><img loading=\"lazy\" decoding=\"async\" width=\"1049\" height=\"570\" data-id=\"110699\" src=\"https:\/\/urbeamea.ro\/albaiulia\/wp-content\/uploads\/2024\/03\/Foto2-1.jpg\" alt=\"\" class=\"wp-image-110699\" srcset=\"https:\/\/urbeamea.ro\/albaiulia\/wp-content\/uploads\/2024\/03\/Foto2-1.jpg 1049w, https:\/\/urbeamea.ro\/albaiulia\/wp-content\/uploads\/2024\/03\/Foto2-1-640x348.jpg 640w, https:\/\/urbeamea.ro\/albaiulia\/wp-content\/uploads\/2024\/03\/Foto2-1-150x82.jpg 150w, https:\/\/urbeamea.ro\/albaiulia\/wp-content\/uploads\/2024\/03\/Foto2-1-768x417.jpg 768w\" sizes=\"auto, (max-width: 1049px) 100vw, 1049px\" \/><\/a><\/figure>\n\n\n\n<figure class=\"wp-block-image size-large\"><a href=\"https:\/\/urbeamea.ro\/albaiulia\/wp-content\/uploads\/2024\/03\/Foto1-1.jpg\"><img loading=\"lazy\" decoding=\"async\" width=\"1280\" height=\"685\" data-id=\"110701\" src=\"https:\/\/urbeamea.ro\/albaiulia\/wp-content\/uploads\/2024\/03\/Foto1-1-1280x685.jpg\" alt=\"\" class=\"wp-image-110701\" srcset=\"https:\/\/urbeamea.ro\/albaiulia\/wp-content\/uploads\/2024\/03\/Foto1-1-1280x685.jpg 1280w, https:\/\/urbeamea.ro\/albaiulia\/wp-content\/uploads\/2024\/03\/Foto1-1-640x343.jpg 640w, https:\/\/urbeamea.ro\/albaiulia\/wp-content\/uploads\/2024\/03\/Foto1-1-150x80.jpg 150w, https:\/\/urbeamea.ro\/albaiulia\/wp-content\/uploads\/2024\/03\/Foto1-1-768x411.jpg 768w, https:\/\/urbeamea.ro\/albaiulia\/wp-content\/uploads\/2024\/03\/Foto1-1.jpg 1440w\" sizes=\"auto, (max-width: 1280px) 100vw, 1280px\" \/><\/a><\/figure>\n<\/figure>\n\n\n\n<blockquote class=\"wp-block-quote is-layout-flow wp-block-quote-is-layout-flow\">\n<p><em>De-a lungul anilor, Spitalul de Psihiatrie \u201dDr. Gheorghe Preda\u201d a cunoscut o dezvoltare continu\u0103, prin construirea de noi sec\u021bii \u0219i diversificarea serviciilor medicale. \u00cen prezent, unitatea medical\u0103 include 20 corpuri de cl\u0103dire, fiind un spital multipavilionar. Aici\u00a0 consumul de energie primar\u0103 este cu mult peste cel al unui spital mono-bloc, motiv pentru care s-au impus investi\u021bii majore \u00een domeniul eficientiz\u0103rii energetice. Asta deoarece majoritatea sec\u021biilor au un regim de utilizare permanent, 24 h din 24 h. Modernizarea acestui spital s-a realizat preponderent cu fonduri nerambursabile europene. Subliniez c\u0103, \u00een special \u00een ultimii ani, prin Programul REGIO 2014-2020, a fost reabilitat Pavilionul IV al Spitalului de Psihiatrie din Sibiu \u0219i s-a realizat relocarea Ambulatoriului pentru adul\u021bi, cu fonduri totale \u00een valoare de peste trei milioane euro. Prin toate aceste proiecte, Uniunea European\u0103 vine \u00een sprijinul oamenilor, aloc\u00e2nd importante fonduri europene nerambursabile \u00een vederea economisirii resurselor primare de energie \u0219i pentru reducerea emisiilor poluante. Pentru c\u0103 \u00een Regiunea Centru o parte a construc\u021biilor publice existente sunt vechi \u0219i neperformante din punctul de vedere al microclimatului, ne preocup\u0103m de cre\u0219terea eficien\u021bei lor energetice. Acesta este \u0219i principalul obiectiv european, implicit unul dintre obiectivele stabilite de noi la nivel local \u0219i regional<\/em>.<\/p>\n<cite>Simion Cre\u021bu, Director general ADR Centru<\/cite><\/blockquote>\n\n\n\n<p>Societatea actual\u0103 este un mare consumator de energie sub diferite forme, \u00een industrie, transporturi, agricultur\u0103, chiar \u0219i \u00een domeniul casnic. Astfel, una din principalele probleme cu care se confrunt\u0103 societatea o constituie faptul c\u0103 o cantitate destul de \u00eensemnat\u0103 de energie este pierdut\u0103 prin func\u021bionarea cl\u0103dirilor, fapt datorat \u00een principal alveol\u0103rii necorespunz\u0103toare ale acestora, precum \u0219i instala\u021biilor \u00eenvechite pe care majoritatea le includ.<\/p>\n\n\n\n<blockquote class=\"wp-block-quote is-layout-flow wp-block-quote-is-layout-flow\">\n<p><em>\u00cenc\u0103 din prima perioad\u0103 de programare a POR 2007 \u2013 2013, CJ Sibiu a pus accentul at\u00e2t pe importan\u021ba eficientiz\u0103rii energetice a cl\u0103dirilor publice, \u00een vederea realiz\u0103rii de economii la facturile de energie, c\u00e2t \u0219i pentru a avea un mediu mai curat \u0219i o securitate mai mare \u00een domeniul energetic. Am \u00eenceput cu modernizarea \u0219i echiparea Ambulatoriilor, investi\u021bii care au dus la cre\u0219terea calit\u0103\u021bii serviciilor de asisten\u021b\u0103. Am reu\u0219it s\u0103 izol\u0103m termic cl\u0103dirile mai bine \u0219i s\u0103 moderniz\u0103m facilit\u0103\u021bile medicale, achizi\u021bion\u00e2nd echipamente de ultim\u0103 genera\u021bie, toate av\u00e2nd ca\u00a0 rezultat cre\u0219terea calit\u0103\u021bii serviciilor medicale. Continu\u0103m atragerea de fonduri europene, pentru a stopa degradarea cl\u0103dirilor \u0219i pentru a le moderniza, ca s\u0103 corespund\u0103 exigen\u021belor din domeniul medical<\/em>.<\/p>\n<cite>Daniela C\u00eempean, Pre\u0219edinta Consiliului Jude\u021bean Sibiu<\/cite><\/blockquote>\n\n\n\n<p>Cl\u0103dirile vechi din cadrul acestui spital nu au beneficiat de lucr\u0103ri sistematice de consolidare \u0219i reabilitare, iar starea lor fizic\u0103, vechimea \u0219i circuitele lor func\u021bionale, inclusiv instala\u021biile auxiliare vechi induc pierderi mari de energie, insecuritate fizic\u0103 \u0219i calitate slab\u0103 a actului medical, pe l\u00e2ng\u0103 cheltuieli mari de func\u021bionare a spitalului. Noile proiecte prev\u0103d gestionarea inteligent\u0103 a energiei, prin termoizolarea fa\u021badelor \u0219i a plan\u0219eelor peste parter \u0219i etaj, interven\u021bii la nivelul soclului prin hidroizolare\/termoizolare, \u00eenlocuirea t\u00e2mpl\u0103riilor exterioare, reabilitarea \u00eenvelitoarei, \u00eenlocuirea instala\u021biilor termice \u0219i a celor pentru ap\u0103 cald\u0103 de consum, execu\u021bia instala\u021biilor de ventila\u021bie \u0219i iluminat, instalarea unor sisteme alternative de producere a energiei electrice \u0219i termice, precum \u0219i a unui sistem centralizat de management al cl\u0103dirii \u00eentr-o perioad\u0103 de 40 de luni de implementare ale celor dou\u0103 proiecte finan\u021bate prin Programul \u201dRegiunea Centru\u201d (PR Centru) 2021-2027.<\/p>\n\n\n\n<p>Contractele de finan\u021bare au fost semnate de doamna Daniela C\u00eempean &#8211; &nbsp;Pre\u0219edinte Consiliul Jude\u021bean Sibiu \u00een calitate de beneficiar \u0219i de domnul Simion Cre\u021bu, Director general ADR Centru, care reprezint\u0103 institu\u021bia finan\u021batoare. Fondurile sunt alocate prin Prioritatea 3 &#8211; O regiune cu comunit\u0103\u021bi prietenoase cu mediul, Ac\u021biunea 3.2 \u2013 Eficien\u021b\u0103 energetic\u0103 \u00een cl\u0103diri publice a PR Centru.<\/p>\n","protected":false},"excerpt":{"rendered":"<p>Continu\u0103 activit\u0103\u021bile pentru cre\u0219terea eficien\u021bei energetice a Spitalului de Psihiatrie \u201dDr. Gheorghe Preda\u201d din Sibiu. Dou\u0103 noi proiecte de reabilitare termic\u0103 \u0219i eficientizare energetic\u0103 \u2013 pentru \u00eenc\u0103 dou\u0103 corpuri ale acestei unit\u0103\u021bi medicale &#8211; au fost semnate recent \u00een cadrul Programului \u201dRegiunea Centru\u201d 2021-2027. Este vorba de cererile de finan\u021bare pentru \u201dReabilitare termic\u0103 a cl\u0103dirii &hellip;<\/p>\n","protected":false},"author":16,"featured_media":110703,"comment_status":"open","ping_status":"open","sticky":false,"template":"","format":"standard","meta":{"inline_featured_image":false,"footnotes":""},"categories":[6663],"tags":[343],"class_list":["post-110698","post","type-post","status-publish","format-standard","has-post-thumbnail","hentry","category-economic","tag-adr-centru"],"yoast_head":"<!-- This site is optimized with the Yoast SEO plugin v27.4 - https:\/\/yoast.com\/product\/yoast-seo-wordpress\/ -->\n<title>Continu\u0103 modernizarea cu fonduri europene a Spitalului de Psihiatrie \u201dDr. Gheorghe Preda\u201d Sibiu - Revista Urbea Mea - Revista de Alba<\/title>\n<meta name=\"description\" content=\"Continu\u0103 activit\u0103\u021bile pentru cre\u0219terea eficien\u021bei energetice a Spitalului de Psihiatrie \u201dDr. Gheorghe Preda\u201d din Sibiu. Dou\u0103 noi proiecte de reabilitare\" \/>\n<meta name=\"robots\" content=\"index, follow, max-snippet:-1, max-image-preview:large, max-video-preview:-1\" \/>\n<link rel=\"canonical\" href=\"https:\/\/urbeamea.ro\/albaiulia\/continua-modernizarea-cu-fonduri-europene-a-spitalului-de-psihiatrie-dr-gheorghe-preda-sibiu\/\" \/>\n<meta name=\"twitter:card\" content=\"summary_large_image\" \/>\n<meta name=\"twitter:title\" content=\"Continu\u0103 modernizarea cu fonduri europene a Spitalului de Psihiatrie \u201dDr. Gheorghe Preda\u201d Sibiu - Revista Urbea Mea - Revista de Alba\" \/>\n<meta name=\"twitter:description\" content=\"Continu\u0103 activit\u0103\u021bile pentru cre\u0219terea eficien\u021bei energetice a Spitalului de Psihiatrie \u201dDr. Gheorghe Preda\u201d din Sibiu. Dou\u0103 noi proiecte de reabilitare\" \/>\n<meta name=\"twitter:image\" content=\"https:\/\/urbeamea.ro\/albaiulia\/wp-content\/uploads\/2024\/03\/Foto5.jpg\" \/>\n<meta name=\"twitter:creator\" content=\"@urbeameaweb\" \/>\n<meta name=\"twitter:site\" content=\"@urbeameaweb\" \/>\n<script type=\"application\/ld+json\" class=\"yoast-schema-graph\">{\"@context\":\"https:\\\/\\\/schema.org\",\"@graph\":[{\"@type\":\"Article\",\"@id\":\"https:\\\/\\\/urbeamea.ro\\\/albaiulia\\\/continua-modernizarea-cu-fonduri-europene-a-spitalului-de-psihiatrie-dr-gheorghe-preda-sibiu\\\/#article\",\"isPartOf\":{\"@id\":\"https:\\\/\\\/urbeamea.ro\\\/albaiulia\\\/continua-modernizarea-cu-fonduri-europene-a-spitalului-de-psihiatrie-dr-gheorghe-preda-sibiu\\\/\"},\"author\":{\"name\":\"Redac\u021bia UrbeaMea\",\"@id\":\"https:\\\/\\\/urbeamea.ro\\\/albaiulia\\\/#\\\/schema\\\/person\\\/272ae98052f8ee8980f59848df070247\"},\"headline\":\"Continu\u0103 modernizarea cu fonduri europene a Spitalului de Psihiatrie \u201dDr. Gheorghe Preda\u201d Sibiu\",\"datePublished\":\"2024-03-21T16:39:10+00:00\",\"dateModified\":\"2024-03-21T16:39:11+00:00\",\"mainEntityOfPage\":{\"@id\":\"https:\\\/\\\/urbeamea.ro\\\/albaiulia\\\/continua-modernizarea-cu-fonduri-europene-a-spitalului-de-psihiatrie-dr-gheorghe-preda-sibiu\\\/\"},\"wordCount\":771,\"commentCount\":0,\"image\":{\"@id\":\"https:\\\/\\\/urbeamea.ro\\\/albaiulia\\\/continua-modernizarea-cu-fonduri-europene-a-spitalului-de-psihiatrie-dr-gheorghe-preda-sibiu\\\/#primaryimage\"},\"thumbnailUrl\":\"https:\\\/\\\/urbeamea.ro\\\/albaiulia\\\/wp-content\\\/uploads\\\/2024\\\/03\\\/Foto5.jpg\",\"keywords\":[\"ADR Centru\"],\"articleSection\":[\"Economic\"],\"inLanguage\":\"ro-RO\",\"potentialAction\":[{\"@type\":\"CommentAction\",\"name\":\"Comment\",\"target\":[\"https:\\\/\\\/urbeamea.ro\\\/albaiulia\\\/continua-modernizarea-cu-fonduri-europene-a-spitalului-de-psihiatrie-dr-gheorghe-preda-sibiu\\\/#respond\"]}]},{\"@type\":\"WebPage\",\"@id\":\"https:\\\/\\\/urbeamea.ro\\\/albaiulia\\\/continua-modernizarea-cu-fonduri-europene-a-spitalului-de-psihiatrie-dr-gheorghe-preda-sibiu\\\/\",\"url\":\"https:\\\/\\\/urbeamea.ro\\\/albaiulia\\\/continua-modernizarea-cu-fonduri-europene-a-spitalului-de-psihiatrie-dr-gheorghe-preda-sibiu\\\/\",\"name\":\"Continu\u0103 modernizarea cu fonduri europene a Spitalului de Psihiatrie \u201dDr. Gheorghe Preda\u201d Sibiu - Revista Urbea Mea - Revista de Alba\",\"isPartOf\":{\"@id\":\"https:\\\/\\\/urbeamea.ro\\\/albaiulia\\\/#website\"},\"primaryImageOfPage\":{\"@id\":\"https:\\\/\\\/urbeamea.ro\\\/albaiulia\\\/continua-modernizarea-cu-fonduri-europene-a-spitalului-de-psihiatrie-dr-gheorghe-preda-sibiu\\\/#primaryimage\"},\"image\":{\"@id\":\"https:\\\/\\\/urbeamea.ro\\\/albaiulia\\\/continua-modernizarea-cu-fonduri-europene-a-spitalului-de-psihiatrie-dr-gheorghe-preda-sibiu\\\/#primaryimage\"},\"thumbnailUrl\":\"https:\\\/\\\/urbeamea.ro\\\/albaiulia\\\/wp-content\\\/uploads\\\/2024\\\/03\\\/Foto5.jpg\",\"datePublished\":\"2024-03-21T16:39:10+00:00\",\"dateModified\":\"2024-03-21T16:39:11+00:00\",\"author\":{\"@id\":\"https:\\\/\\\/urbeamea.ro\\\/albaiulia\\\/#\\\/schema\\\/person\\\/272ae98052f8ee8980f59848df070247\"},\"description\":\"Continu\u0103 activit\u0103\u021bile pentru cre\u0219terea eficien\u021bei energetice a Spitalului de Psihiatrie \u201dDr. Gheorghe Preda\u201d din Sibiu. Dou\u0103 noi proiecte de reabilitare\",\"breadcrumb\":{\"@id\":\"https:\\\/\\\/urbeamea.ro\\\/albaiulia\\\/continua-modernizarea-cu-fonduri-europene-a-spitalului-de-psihiatrie-dr-gheorghe-preda-sibiu\\\/#breadcrumb\"},\"inLanguage\":\"ro-RO\",\"potentialAction\":[{\"@type\":\"ReadAction\",\"target\":[\"https:\\\/\\\/urbeamea.ro\\\/albaiulia\\\/continua-modernizarea-cu-fonduri-europene-a-spitalului-de-psihiatrie-dr-gheorghe-preda-sibiu\\\/\"]}]},{\"@type\":\"ImageObject\",\"inLanguage\":\"ro-RO\",\"@id\":\"https:\\\/\\\/urbeamea.ro\\\/albaiulia\\\/continua-modernizarea-cu-fonduri-europene-a-spitalului-de-psihiatrie-dr-gheorghe-preda-sibiu\\\/#primaryimage\",\"url\":\"https:\\\/\\\/urbeamea.ro\\\/albaiulia\\\/wp-content\\\/uploads\\\/2024\\\/03\\\/Foto5.jpg\",\"contentUrl\":\"https:\\\/\\\/urbeamea.ro\\\/albaiulia\\\/wp-content\\\/uploads\\\/2024\\\/03\\\/Foto5.jpg\",\"width\":1144,\"height\":591},{\"@type\":\"BreadcrumbList\",\"@id\":\"https:\\\/\\\/urbeamea.ro\\\/albaiulia\\\/continua-modernizarea-cu-fonduri-europene-a-spitalului-de-psihiatrie-dr-gheorghe-preda-sibiu\\\/#breadcrumb\",\"itemListElement\":[{\"@type\":\"ListItem\",\"position\":1,\"name\":\"Prima pagin\u0103\",\"item\":\"https:\\\/\\\/urbeamea.ro\\\/albaiulia\\\/\"},{\"@type\":\"ListItem\",\"position\":2,\"name\":\"Continu\u0103 modernizarea cu fonduri europene a Spitalului de Psihiatrie \u201dDr. Gheorghe Preda\u201d Sibiu\"}]},{\"@type\":\"WebSite\",\"@id\":\"https:\\\/\\\/urbeamea.ro\\\/albaiulia\\\/#website\",\"url\":\"https:\\\/\\\/urbeamea.ro\\\/albaiulia\\\/\",\"name\":\"Revista Urbea Mea, Stiri urbane\",\"description\":\"Evenimente \u0219i \u0219tiri din Alba Iulia, Sebe\u0219, Aiud, Blaj\",\"potentialAction\":[{\"@type\":\"SearchAction\",\"target\":{\"@type\":\"EntryPoint\",\"urlTemplate\":\"https:\\\/\\\/urbeamea.ro\\\/albaiulia\\\/?s={search_term_string}\"},\"query-input\":{\"@type\":\"PropertyValueSpecification\",\"valueRequired\":true,\"valueName\":\"search_term_string\"}}],\"inLanguage\":\"ro-RO\"},{\"@type\":\"Person\",\"@id\":\"https:\\\/\\\/urbeamea.ro\\\/albaiulia\\\/#\\\/schema\\\/person\\\/272ae98052f8ee8980f59848df070247\",\"name\":\"Redac\u021bia UrbeaMea\",\"image\":{\"@type\":\"ImageObject\",\"inLanguage\":\"ro-RO\",\"@id\":\"https:\\\/\\\/secure.gravatar.com\\\/avatar\\\/9ce5a9435071fa1037e8468053ead8e513dbbff59009d3069aadb85506d85a27?s=96&d=mm&r=g\",\"url\":\"https:\\\/\\\/secure.gravatar.com\\\/avatar\\\/9ce5a9435071fa1037e8468053ead8e513dbbff59009d3069aadb85506d85a27?s=96&d=mm&r=g\",\"contentUrl\":\"https:\\\/\\\/secure.gravatar.com\\\/avatar\\\/9ce5a9435071fa1037e8468053ead8e513dbbff59009d3069aadb85506d85a27?s=96&d=mm&r=g\",\"caption\":\"Redac\u021bia UrbeaMea\"},\"description\":\"contact@urbeamea.ro\",\"sameAs\":[\"https:\\\/\\\/www.urbeamea.ro\"],\"url\":\"https:\\\/\\\/urbeamea.ro\\\/albaiulia\\\/author\\\/redactia-urbeamea\\\/\"}]}<\/script>\n<!-- \/ Yoast SEO plugin. -->","yoast_head_json":{"title":"Continu\u0103 modernizarea cu fonduri europene a Spitalului de Psihiatrie \u201dDr. Gheorghe Preda\u201d Sibiu - Revista Urbea Mea - Revista de Alba","description":"Continu\u0103 activit\u0103\u021bile pentru cre\u0219terea eficien\u021bei energetice a Spitalului de Psihiatrie \u201dDr. Gheorghe Preda\u201d din Sibiu. Dou\u0103 noi proiecte de reabilitare","robots":{"index":"index","follow":"follow","max-snippet":"max-snippet:-1","max-image-preview":"max-image-preview:large","max-video-preview":"max-video-preview:-1"},"canonical":"https:\/\/urbeamea.ro\/albaiulia\/continua-modernizarea-cu-fonduri-europene-a-spitalului-de-psihiatrie-dr-gheorghe-preda-sibiu\/","twitter_card":"summary_large_image","twitter_title":"Continu\u0103 modernizarea cu fonduri europene a Spitalului de Psihiatrie \u201dDr. Gheorghe Preda\u201d Sibiu - Revista Urbea Mea - Revista de Alba","twitter_description":"Continu\u0103 activit\u0103\u021bile pentru cre\u0219terea eficien\u021bei energetice a Spitalului de Psihiatrie \u201dDr. Gheorghe Preda\u201d din Sibiu. Dou\u0103 noi proiecte de reabilitare","twitter_image":"https:\/\/urbeamea.ro\/albaiulia\/wp-content\/uploads\/2024\/03\/Foto5.jpg","twitter_creator":"@urbeameaweb","twitter_site":"@urbeameaweb","schema":{"@context":"https:\/\/schema.org","@graph":[{"@type":"Article","@id":"https:\/\/urbeamea.ro\/albaiulia\/continua-modernizarea-cu-fonduri-europene-a-spitalului-de-psihiatrie-dr-gheorghe-preda-sibiu\/#article","isPartOf":{"@id":"https:\/\/urbeamea.ro\/albaiulia\/continua-modernizarea-cu-fonduri-europene-a-spitalului-de-psihiatrie-dr-gheorghe-preda-sibiu\/"},"author":{"name":"Redac\u021bia UrbeaMea","@id":"https:\/\/urbeamea.ro\/albaiulia\/#\/schema\/person\/272ae98052f8ee8980f59848df070247"},"headline":"Continu\u0103 modernizarea cu fonduri europene a Spitalului de Psihiatrie \u201dDr. Gheorghe Preda\u201d Sibiu","datePublished":"2024-03-21T16:39:10+00:00","dateModified":"2024-03-21T16:39:11+00:00","mainEntityOfPage":{"@id":"https:\/\/urbeamea.ro\/albaiulia\/continua-modernizarea-cu-fonduri-europene-a-spitalului-de-psihiatrie-dr-gheorghe-preda-sibiu\/"},"wordCount":771,"commentCount":0,"image":{"@id":"https:\/\/urbeamea.ro\/albaiulia\/continua-modernizarea-cu-fonduri-europene-a-spitalului-de-psihiatrie-dr-gheorghe-preda-sibiu\/#primaryimage"},"thumbnailUrl":"https:\/\/urbeamea.ro\/albaiulia\/wp-content\/uploads\/2024\/03\/Foto5.jpg","keywords":["ADR Centru"],"articleSection":["Economic"],"inLanguage":"ro-RO","potentialAction":[{"@type":"CommentAction","name":"Comment","target":["https:\/\/urbeamea.ro\/albaiulia\/continua-modernizarea-cu-fonduri-europene-a-spitalului-de-psihiatrie-dr-gheorghe-preda-sibiu\/#respond"]}]},{"@type":"WebPage","@id":"https:\/\/urbeamea.ro\/albaiulia\/continua-modernizarea-cu-fonduri-europene-a-spitalului-de-psihiatrie-dr-gheorghe-preda-sibiu\/","url":"https:\/\/urbeamea.ro\/albaiulia\/continua-modernizarea-cu-fonduri-europene-a-spitalului-de-psihiatrie-dr-gheorghe-preda-sibiu\/","name":"Continu\u0103 modernizarea cu fonduri europene a Spitalului de Psihiatrie \u201dDr. Gheorghe Preda\u201d Sibiu - Revista Urbea Mea - Revista de Alba","isPartOf":{"@id":"https:\/\/urbeamea.ro\/albaiulia\/#website"},"primaryImageOfPage":{"@id":"https:\/\/urbeamea.ro\/albaiulia\/continua-modernizarea-cu-fonduri-europene-a-spitalului-de-psihiatrie-dr-gheorghe-preda-sibiu\/#primaryimage"},"image":{"@id":"https:\/\/urbeamea.ro\/albaiulia\/continua-modernizarea-cu-fonduri-europene-a-spitalului-de-psihiatrie-dr-gheorghe-preda-sibiu\/#primaryimage"},"thumbnailUrl":"https:\/\/urbeamea.ro\/albaiulia\/wp-content\/uploads\/2024\/03\/Foto5.jpg","datePublished":"2024-03-21T16:39:10+00:00","dateModified":"2024-03-21T16:39:11+00:00","author":{"@id":"https:\/\/urbeamea.ro\/albaiulia\/#\/schema\/person\/272ae98052f8ee8980f59848df070247"},"description":"Continu\u0103 activit\u0103\u021bile pentru cre\u0219terea eficien\u021bei energetice a Spitalului de Psihiatrie \u201dDr. Gheorghe Preda\u201d din Sibiu. Dou\u0103 noi proiecte de reabilitare","breadcrumb":{"@id":"https:\/\/urbeamea.ro\/albaiulia\/continua-modernizarea-cu-fonduri-europene-a-spitalului-de-psihiatrie-dr-gheorghe-preda-sibiu\/#breadcrumb"},"inLanguage":"ro-RO","potentialAction":[{"@type":"ReadAction","target":["https:\/\/urbeamea.ro\/albaiulia\/continua-modernizarea-cu-fonduri-europene-a-spitalului-de-psihiatrie-dr-gheorghe-preda-sibiu\/"]}]},{"@type":"ImageObject","inLanguage":"ro-RO","@id":"https:\/\/urbeamea.ro\/albaiulia\/continua-modernizarea-cu-fonduri-europene-a-spitalului-de-psihiatrie-dr-gheorghe-preda-sibiu\/#primaryimage","url":"https:\/\/urbeamea.ro\/albaiulia\/wp-content\/uploads\/2024\/03\/Foto5.jpg","contentUrl":"https:\/\/urbeamea.ro\/albaiulia\/wp-content\/uploads\/2024\/03\/Foto5.jpg","width":1144,"height":591},{"@type":"BreadcrumbList","@id":"https:\/\/urbeamea.ro\/albaiulia\/continua-modernizarea-cu-fonduri-europene-a-spitalului-de-psihiatrie-dr-gheorghe-preda-sibiu\/#breadcrumb","itemListElement":[{"@type":"ListItem","position":1,"name":"Prima pagin\u0103","item":"https:\/\/urbeamea.ro\/albaiulia\/"},{"@type":"ListItem","position":2,"name":"Continu\u0103 modernizarea cu fonduri europene a Spitalului de Psihiatrie \u201dDr. Gheorghe Preda\u201d Sibiu"}]},{"@type":"WebSite","@id":"https:\/\/urbeamea.ro\/albaiulia\/#website","url":"https:\/\/urbeamea.ro\/albaiulia\/","name":"Revista Urbea Mea, Stiri urbane","description":"Evenimente \u0219i \u0219tiri din Alba Iulia, Sebe\u0219, Aiud, Blaj","potentialAction":[{"@type":"SearchAction","target":{"@type":"EntryPoint","urlTemplate":"https:\/\/urbeamea.ro\/albaiulia\/?s={search_term_string}"},"query-input":{"@type":"PropertyValueSpecification","valueRequired":true,"valueName":"search_term_string"}}],"inLanguage":"ro-RO"},{"@type":"Person","@id":"https:\/\/urbeamea.ro\/albaiulia\/#\/schema\/person\/272ae98052f8ee8980f59848df070247","name":"Redac\u021bia UrbeaMea","image":{"@type":"ImageObject","inLanguage":"ro-RO","@id":"https:\/\/secure.gravatar.com\/avatar\/9ce5a9435071fa1037e8468053ead8e513dbbff59009d3069aadb85506d85a27?s=96&d=mm&r=g","url":"https:\/\/secure.gravatar.com\/avatar\/9ce5a9435071fa1037e8468053ead8e513dbbff59009d3069aadb85506d85a27?s=96&d=mm&r=g","contentUrl":"https:\/\/secure.gravatar.com\/avatar\/9ce5a9435071fa1037e8468053ead8e513dbbff59009d3069aadb85506d85a27?s=96&d=mm&r=g","caption":"Redac\u021bia UrbeaMea"},"description":"contact@urbeamea.ro","sameAs":["https:\/\/www.urbeamea.ro"],"url":"https:\/\/urbeamea.ro\/albaiulia\/author\/redactia-urbeamea\/"}]}},"_links":{"self":[{"href":"https:\/\/urbeamea.ro\/albaiulia\/wp-json\/wp\/v2\/posts\/110698","targetHints":{"allow":["GET"]}}],"collection":[{"href":"https:\/\/urbeamea.ro\/albaiulia\/wp-json\/wp\/v2\/posts"}],"about":[{"href":"https:\/\/urbeamea.ro\/albaiulia\/wp-json\/wp\/v2\/types\/post"}],"author":[{"embeddable":true,"href":"https:\/\/urbeamea.ro\/albaiulia\/wp-json\/wp\/v2\/users\/16"}],"replies":[{"embeddable":true,"href":"https:\/\/urbeamea.ro\/albaiulia\/wp-json\/wp\/v2\/comments?post=110698"}],"version-history":[{"count":1,"href":"https:\/\/urbeamea.ro\/albaiulia\/wp-json\/wp\/v2\/posts\/110698\/revisions"}],"predecessor-version":[{"id":110704,"href":"https:\/\/urbeamea.ro\/albaiulia\/wp-json\/wp\/v2\/posts\/110698\/revisions\/110704"}],"wp:featuredmedia":[{"embeddable":true,"href":"https:\/\/urbeamea.ro\/albaiulia\/wp-json\/wp\/v2\/media\/110703"}],"wp:attachment":[{"href":"https:\/\/urbeamea.ro\/albaiulia\/wp-json\/wp\/v2\/media?parent=110698"}],"wp:term":[{"taxonomy":"category","embeddable":true,"href":"https:\/\/urbeamea.ro\/albaiulia\/wp-json\/wp\/v2\/categories?post=110698"},{"taxonomy":"post_tag","embeddable":true,"href":"https:\/\/urbeamea.ro\/albaiulia\/wp-json\/wp\/v2\/tags?post=110698"}],"curies":[{"name":"wp","href":"https:\/\/api.w.org\/{rel}","templated":true}]}}