{"id":110742,"date":"2024-03-22T14:02:37","date_gmt":"2024-03-22T12:02:37","guid":{"rendered":"https:\/\/urbeamea.ro\/albaiulia\/?p=110742"},"modified":"2024-03-22T14:02:39","modified_gmt":"2024-03-22T12:02:39","slug":"jandarmeria-alba-marcheaza-inceputul-activitatilor-dedicate-zilei-jandarmeriei-romane-cu-o-campanie-de-plantare-de-copaci-de-ziua-internationala-a-padurii","status":"publish","type":"post","link":"https:\/\/urbeamea.ro\/albaiulia\/jandarmeria-alba-marcheaza-inceputul-activitatilor-dedicate-zilei-jandarmeriei-romane-cu-o-campanie-de-plantare-de-copaci-de-ziua-internationala-a-padurii\/","title":{"rendered":"Jandarmeria Alba marcheaz\u0103 \u00eenceputul activit\u0103\u021bilor dedicate Zilei Jandarmeriei Rom\u00e2ne cu o campanie de plantare de copaci de Ziua interna\u021bional\u0103 a P\u0103durii"},"content":{"rendered":"\n<p>Pentru a marca cei 174 de ani de la \u00eenfiin\u021barea Jandarmeriei Rom\u00e2ne, efective din cadrul Inspectoratului de Jandarmi Jude\u021bean Avram Iancu Alba, al\u0103turi de membrii Ocolului Silvic Aiud, au participat ast\u0103zi, 21 martie, de Ziua interna\u021bional\u0103 a P\u0103durii, la o activitate de plantare de copaci \u00een zona localit\u0103\u021bii Ciugudul de Jos din comuna Unirea. Au fost planta\u021bi copaci din speciile gorun, carpen \u0219i stejar. Cu\u00a0 scopul de a cre\u015fte gradul de con\u015ftientizare asupra gestion\u0103rii, conserv\u0103rii \u015fi dezvolt\u0103rii durabile a tuturor tipurilor de p\u0103duri, \u00een beneficiul genera\u0163iilor prezente \u015fi viitoare, aceasta activitate a devenit deja o tradi\u021bie la nivelul Jandarmeriei Alba.<\/p>\n\n\n\n<p>Le mul\u021bumim celor care \u0219i-au ar\u0103tat disponibilitatea \u0219i s-au implicat \u00een aceast\u0103 campanie \u0219i lans\u0103m un \u00eendemn pentru to\u0163i membrii comunit\u0103\u0163ii, s\u0103 se al\u0103ture prin voluntariat acestor ac\u0163iuni \u00een scopul protej\u0103rii mediului \u00eenconjur\u0103tor.<\/p>\n\n\n\n<figure class=\"wp-block-gallery has-nested-images columns-default is-cropped wp-block-gallery-1 is-layout-flex wp-block-gallery-is-layout-flex\">\n<figure class=\"wp-block-image size-large\"><a href=\"https:\/\/urbeamea.ro\/albaiulia\/wp-content\/uploads\/2024\/03\/WhatsApp-Image-2024-03-21-at-15.16.16-2.jpeg\"><img loading=\"lazy\" decoding=\"async\" width=\"960\" height=\"1280\" data-id=\"110751\" src=\"https:\/\/urbeamea.ro\/albaiulia\/wp-content\/uploads\/2024\/03\/WhatsApp-Image-2024-03-21-at-15.16.16-2-960x1280.jpeg\" alt=\"\" class=\"wp-image-110751\" srcset=\"https:\/\/urbeamea.ro\/albaiulia\/wp-content\/uploads\/2024\/03\/WhatsApp-Image-2024-03-21-at-15.16.16-2-960x1280.jpeg 960w, https:\/\/urbeamea.ro\/albaiulia\/wp-content\/uploads\/2024\/03\/WhatsApp-Image-2024-03-21-at-15.16.16-2-480x640.jpeg 480w, https:\/\/urbeamea.ro\/albaiulia\/wp-content\/uploads\/2024\/03\/WhatsApp-Image-2024-03-21-at-15.16.16-2-113x150.jpeg 113w, https:\/\/urbeamea.ro\/albaiulia\/wp-content\/uploads\/2024\/03\/WhatsApp-Image-2024-03-21-at-15.16.16-2-768x1024.jpeg 768w, https:\/\/urbeamea.ro\/albaiulia\/wp-content\/uploads\/2024\/03\/WhatsApp-Image-2024-03-21-at-15.16.16-2-1152x1536.jpeg 1152w, https:\/\/urbeamea.ro\/albaiulia\/wp-content\/uploads\/2024\/03\/WhatsApp-Image-2024-03-21-at-15.16.16-2.jpeg 1200w\" sizes=\"auto, (max-width: 960px) 100vw, 960px\" \/><\/a><\/figure>\n\n\n\n<figure class=\"wp-block-image size-large\"><a href=\"https:\/\/urbeamea.ro\/albaiulia\/wp-content\/uploads\/2024\/03\/WhatsApp-Image-2024-03-21-at-15.16.16-1.jpeg\"><img loading=\"lazy\" decoding=\"async\" width=\"960\" height=\"1280\" data-id=\"110747\" src=\"https:\/\/urbeamea.ro\/albaiulia\/wp-content\/uploads\/2024\/03\/WhatsApp-Image-2024-03-21-at-15.16.16-1-960x1280.jpeg\" alt=\"\" class=\"wp-image-110747\" srcset=\"https:\/\/urbeamea.ro\/albaiulia\/wp-content\/uploads\/2024\/03\/WhatsApp-Image-2024-03-21-at-15.16.16-1-960x1280.jpeg 960w, https:\/\/urbeamea.ro\/albaiulia\/wp-content\/uploads\/2024\/03\/WhatsApp-Image-2024-03-21-at-15.16.16-1-480x640.jpeg 480w, https:\/\/urbeamea.ro\/albaiulia\/wp-content\/uploads\/2024\/03\/WhatsApp-Image-2024-03-21-at-15.16.16-1-113x150.jpeg 113w, https:\/\/urbeamea.ro\/albaiulia\/wp-content\/uploads\/2024\/03\/WhatsApp-Image-2024-03-21-at-15.16.16-1-768x1024.jpeg 768w, https:\/\/urbeamea.ro\/albaiulia\/wp-content\/uploads\/2024\/03\/WhatsApp-Image-2024-03-21-at-15.16.16-1-1152x1536.jpeg 1152w, https:\/\/urbeamea.ro\/albaiulia\/wp-content\/uploads\/2024\/03\/WhatsApp-Image-2024-03-21-at-15.16.16-1.jpeg 1200w\" sizes=\"auto, (max-width: 960px) 100vw, 960px\" \/><\/a><\/figure>\n\n\n\n<figure class=\"wp-block-image size-large\"><a href=\"https:\/\/urbeamea.ro\/albaiulia\/wp-content\/uploads\/2024\/03\/WhatsApp-Image-2024-03-21-at-15.16.16.jpeg\"><img loading=\"lazy\" decoding=\"async\" width=\"1280\" height=\"960\" data-id=\"110750\" src=\"https:\/\/urbeamea.ro\/albaiulia\/wp-content\/uploads\/2024\/03\/WhatsApp-Image-2024-03-21-at-15.16.16-1280x960.jpeg\" alt=\"\" class=\"wp-image-110750\" srcset=\"https:\/\/urbeamea.ro\/albaiulia\/wp-content\/uploads\/2024\/03\/WhatsApp-Image-2024-03-21-at-15.16.16-1280x960.jpeg 1280w, https:\/\/urbeamea.ro\/albaiulia\/wp-content\/uploads\/2024\/03\/WhatsApp-Image-2024-03-21-at-15.16.16-640x480.jpeg 640w, https:\/\/urbeamea.ro\/albaiulia\/wp-content\/uploads\/2024\/03\/WhatsApp-Image-2024-03-21-at-15.16.16-150x113.jpeg 150w, https:\/\/urbeamea.ro\/albaiulia\/wp-content\/uploads\/2024\/03\/WhatsApp-Image-2024-03-21-at-15.16.16-768x576.jpeg 768w, https:\/\/urbeamea.ro\/albaiulia\/wp-content\/uploads\/2024\/03\/WhatsApp-Image-2024-03-21-at-15.16.16-1536x1152.jpeg 1536w, https:\/\/urbeamea.ro\/albaiulia\/wp-content\/uploads\/2024\/03\/WhatsApp-Image-2024-03-21-at-15.16.16.jpeg 1600w\" sizes=\"auto, (max-width: 1280px) 100vw, 1280px\" \/><\/a><\/figure>\n\n\n\n<figure class=\"wp-block-image size-large\"><a href=\"https:\/\/urbeamea.ro\/albaiulia\/wp-content\/uploads\/2024\/03\/WhatsApp-Image-2024-03-21-at-15.16.17-1.jpeg\"><img loading=\"lazy\" decoding=\"async\" width=\"960\" height=\"1280\" data-id=\"110749\" src=\"https:\/\/urbeamea.ro\/albaiulia\/wp-content\/uploads\/2024\/03\/WhatsApp-Image-2024-03-21-at-15.16.17-1-960x1280.jpeg\" alt=\"\" class=\"wp-image-110749\" srcset=\"https:\/\/urbeamea.ro\/albaiulia\/wp-content\/uploads\/2024\/03\/WhatsApp-Image-2024-03-21-at-15.16.17-1-960x1280.jpeg 960w, https:\/\/urbeamea.ro\/albaiulia\/wp-content\/uploads\/2024\/03\/WhatsApp-Image-2024-03-21-at-15.16.17-1-480x640.jpeg 480w, https:\/\/urbeamea.ro\/albaiulia\/wp-content\/uploads\/2024\/03\/WhatsApp-Image-2024-03-21-at-15.16.17-1-113x150.jpeg 113w, https:\/\/urbeamea.ro\/albaiulia\/wp-content\/uploads\/2024\/03\/WhatsApp-Image-2024-03-21-at-15.16.17-1-768x1024.jpeg 768w, https:\/\/urbeamea.ro\/albaiulia\/wp-content\/uploads\/2024\/03\/WhatsApp-Image-2024-03-21-at-15.16.17-1-1152x1536.jpeg 1152w, https:\/\/urbeamea.ro\/albaiulia\/wp-content\/uploads\/2024\/03\/WhatsApp-Image-2024-03-21-at-15.16.17-1.jpeg 1200w\" sizes=\"auto, (max-width: 960px) 100vw, 960px\" \/><\/a><\/figure>\n\n\n\n<figure class=\"wp-block-image size-large\"><a href=\"https:\/\/urbeamea.ro\/albaiulia\/wp-content\/uploads\/2024\/03\/WhatsApp-Image-2024-03-21-at-15.16.17-2.jpeg\"><img loading=\"lazy\" decoding=\"async\" width=\"960\" height=\"1280\" data-id=\"110746\" src=\"https:\/\/urbeamea.ro\/albaiulia\/wp-content\/uploads\/2024\/03\/WhatsApp-Image-2024-03-21-at-15.16.17-2-960x1280.jpeg\" alt=\"\" class=\"wp-image-110746\" srcset=\"https:\/\/urbeamea.ro\/albaiulia\/wp-content\/uploads\/2024\/03\/WhatsApp-Image-2024-03-21-at-15.16.17-2-960x1280.jpeg 960w, https:\/\/urbeamea.ro\/albaiulia\/wp-content\/uploads\/2024\/03\/WhatsApp-Image-2024-03-21-at-15.16.17-2-480x640.jpeg 480w, https:\/\/urbeamea.ro\/albaiulia\/wp-content\/uploads\/2024\/03\/WhatsApp-Image-2024-03-21-at-15.16.17-2-113x150.jpeg 113w, https:\/\/urbeamea.ro\/albaiulia\/wp-content\/uploads\/2024\/03\/WhatsApp-Image-2024-03-21-at-15.16.17-2-768x1024.jpeg 768w, https:\/\/urbeamea.ro\/albaiulia\/wp-content\/uploads\/2024\/03\/WhatsApp-Image-2024-03-21-at-15.16.17-2-1152x1536.jpeg 1152w, https:\/\/urbeamea.ro\/albaiulia\/wp-content\/uploads\/2024\/03\/WhatsApp-Image-2024-03-21-at-15.16.17-2.jpeg 1200w\" sizes=\"auto, (max-width: 960px) 100vw, 960px\" \/><\/a><\/figure>\n\n\n\n<figure class=\"wp-block-image size-large\"><a href=\"https:\/\/urbeamea.ro\/albaiulia\/wp-content\/uploads\/2024\/03\/WhatsApp-Image-2024-03-21-at-15.16.17-4.jpeg\"><img loading=\"lazy\" decoding=\"async\" width=\"960\" height=\"1280\" data-id=\"110743\" src=\"https:\/\/urbeamea.ro\/albaiulia\/wp-content\/uploads\/2024\/03\/WhatsApp-Image-2024-03-21-at-15.16.17-4-960x1280.jpeg\" alt=\"\" class=\"wp-image-110743\" srcset=\"https:\/\/urbeamea.ro\/albaiulia\/wp-content\/uploads\/2024\/03\/WhatsApp-Image-2024-03-21-at-15.16.17-4-960x1280.jpeg 960w, https:\/\/urbeamea.ro\/albaiulia\/wp-content\/uploads\/2024\/03\/WhatsApp-Image-2024-03-21-at-15.16.17-4-480x640.jpeg 480w, https:\/\/urbeamea.ro\/albaiulia\/wp-content\/uploads\/2024\/03\/WhatsApp-Image-2024-03-21-at-15.16.17-4-113x150.jpeg 113w, https:\/\/urbeamea.ro\/albaiulia\/wp-content\/uploads\/2024\/03\/WhatsApp-Image-2024-03-21-at-15.16.17-4-768x1024.jpeg 768w, https:\/\/urbeamea.ro\/albaiulia\/wp-content\/uploads\/2024\/03\/WhatsApp-Image-2024-03-21-at-15.16.17-4-1152x1536.jpeg 1152w, https:\/\/urbeamea.ro\/albaiulia\/wp-content\/uploads\/2024\/03\/WhatsApp-Image-2024-03-21-at-15.16.17-4.jpeg 1200w\" sizes=\"auto, (max-width: 960px) 100vw, 960px\" \/><\/a><\/figure>\n\n\n\n<figure class=\"wp-block-image size-large\"><a href=\"https:\/\/urbeamea.ro\/albaiulia\/wp-content\/uploads\/2024\/03\/WhatsApp-Image-2024-03-21-at-15.16.17.jpeg\"><img loading=\"lazy\" decoding=\"async\" width=\"960\" height=\"1280\" data-id=\"110744\" src=\"https:\/\/urbeamea.ro\/albaiulia\/wp-content\/uploads\/2024\/03\/WhatsApp-Image-2024-03-21-at-15.16.17-960x1280.jpeg\" alt=\"\" class=\"wp-image-110744\" srcset=\"https:\/\/urbeamea.ro\/albaiulia\/wp-content\/uploads\/2024\/03\/WhatsApp-Image-2024-03-21-at-15.16.17-960x1280.jpeg 960w, https:\/\/urbeamea.ro\/albaiulia\/wp-content\/uploads\/2024\/03\/WhatsApp-Image-2024-03-21-at-15.16.17-480x640.jpeg 480w, https:\/\/urbeamea.ro\/albaiulia\/wp-content\/uploads\/2024\/03\/WhatsApp-Image-2024-03-21-at-15.16.17-113x150.jpeg 113w, https:\/\/urbeamea.ro\/albaiulia\/wp-content\/uploads\/2024\/03\/WhatsApp-Image-2024-03-21-at-15.16.17-768x1024.jpeg 768w, https:\/\/urbeamea.ro\/albaiulia\/wp-content\/uploads\/2024\/03\/WhatsApp-Image-2024-03-21-at-15.16.17-1152x1536.jpeg 1152w, https:\/\/urbeamea.ro\/albaiulia\/wp-content\/uploads\/2024\/03\/WhatsApp-Image-2024-03-21-at-15.16.17.jpeg 1200w\" sizes=\"auto, (max-width: 960px) 100vw, 960px\" \/><\/a><\/figure>\n\n\n\n<figure class=\"wp-block-image size-large\"><a href=\"https:\/\/urbeamea.ro\/albaiulia\/wp-content\/uploads\/2024\/03\/WhatsApp-Image-2024-03-21-at-15.16.17-5.jpeg\"><img loading=\"lazy\" decoding=\"async\" width=\"960\" height=\"1280\" data-id=\"110748\" src=\"https:\/\/urbeamea.ro\/albaiulia\/wp-content\/uploads\/2024\/03\/WhatsApp-Image-2024-03-21-at-15.16.17-5-960x1280.jpeg\" alt=\"\" class=\"wp-image-110748\" srcset=\"https:\/\/urbeamea.ro\/albaiulia\/wp-content\/uploads\/2024\/03\/WhatsApp-Image-2024-03-21-at-15.16.17-5-960x1280.jpeg 960w, https:\/\/urbeamea.ro\/albaiulia\/wp-content\/uploads\/2024\/03\/WhatsApp-Image-2024-03-21-at-15.16.17-5-480x640.jpeg 480w, https:\/\/urbeamea.ro\/albaiulia\/wp-content\/uploads\/2024\/03\/WhatsApp-Image-2024-03-21-at-15.16.17-5-113x150.jpeg 113w, https:\/\/urbeamea.ro\/albaiulia\/wp-content\/uploads\/2024\/03\/WhatsApp-Image-2024-03-21-at-15.16.17-5-768x1024.jpeg 768w, https:\/\/urbeamea.ro\/albaiulia\/wp-content\/uploads\/2024\/03\/WhatsApp-Image-2024-03-21-at-15.16.17-5-1152x1536.jpeg 1152w, https:\/\/urbeamea.ro\/albaiulia\/wp-content\/uploads\/2024\/03\/WhatsApp-Image-2024-03-21-at-15.16.17-5.jpeg 1200w\" sizes=\"auto, (max-width: 960px) 100vw, 960px\" \/><\/a><\/figure>\n\n\n\n<figure class=\"wp-block-image size-large\"><a href=\"https:\/\/urbeamea.ro\/albaiulia\/wp-content\/uploads\/2024\/03\/WhatsApp-Image-2024-03-21-at-15.16.18.jpeg\"><img loading=\"lazy\" decoding=\"async\" width=\"960\" height=\"1280\" data-id=\"110745\" src=\"https:\/\/urbeamea.ro\/albaiulia\/wp-content\/uploads\/2024\/03\/WhatsApp-Image-2024-03-21-at-15.16.18-960x1280.jpeg\" alt=\"\" class=\"wp-image-110745\" srcset=\"https:\/\/urbeamea.ro\/albaiulia\/wp-content\/uploads\/2024\/03\/WhatsApp-Image-2024-03-21-at-15.16.18-960x1280.jpeg 960w, https:\/\/urbeamea.ro\/albaiulia\/wp-content\/uploads\/2024\/03\/WhatsApp-Image-2024-03-21-at-15.16.18-480x640.jpeg 480w, https:\/\/urbeamea.ro\/albaiulia\/wp-content\/uploads\/2024\/03\/WhatsApp-Image-2024-03-21-at-15.16.18-113x150.jpeg 113w, https:\/\/urbeamea.ro\/albaiulia\/wp-content\/uploads\/2024\/03\/WhatsApp-Image-2024-03-21-at-15.16.18-768x1024.jpeg 768w, https:\/\/urbeamea.ro\/albaiulia\/wp-content\/uploads\/2024\/03\/WhatsApp-Image-2024-03-21-at-15.16.18-1152x1536.jpeg 1152w, https:\/\/urbeamea.ro\/albaiulia\/wp-content\/uploads\/2024\/03\/WhatsApp-Image-2024-03-21-at-15.16.18.jpeg 1200w\" sizes=\"auto, (max-width: 960px) 100vw, 960px\" \/><\/a><\/figure>\n<\/figure>\n","protected":false},"excerpt":{"rendered":"<p>Pentru a marca cei 174 de ani de la \u00eenfiin\u021barea Jandarmeriei Rom\u00e2ne, efective din cadrul Inspectoratului de Jandarmi Jude\u021bean Avram Iancu Alba, al\u0103turi de membrii Ocolului Silvic Aiud, au participat ast\u0103zi, 21 martie, de Ziua interna\u021bional\u0103 a P\u0103durii, la o activitate de plantare de copaci \u00een zona localit\u0103\u021bii Ciugudul de Jos din comuna Unirea. Au &hellip;<\/p>\n","protected":false},"author":16,"featured_media":110752,"comment_status":"open","ping_status":"open","sticky":false,"template":"","format":"standard","meta":{"inline_featured_image":false,"footnotes":""},"categories":[4],"tags":[],"class_list":["post-110742","post","type-post","status-publish","format-standard","has-post-thumbnail","hentry","category-eveniment"],"yoast_head":"<!-- This site is optimized with the Yoast SEO plugin v27.4 - https:\/\/yoast.com\/product\/yoast-seo-wordpress\/ -->\n<title>Jandarmeria Alba marcheaz\u0103 \u00eenceputul activit\u0103\u021bilor dedicate Zilei Jandarmeriei Rom\u00e2ne cu o campanie de plantare de copaci de Ziua interna\u021bional\u0103 a P\u0103durii - Revista Urbea Mea - Revista de Alba<\/title>\n<meta name=\"description\" content=\"Pentru a marca cei 174 de ani de la \u00eenfiin\u021barea Jandarmeriei Rom\u00e2ne, efective din cadrul Inspectoratului de Jandarmi Jude\u021bean Avram Iancu Alba, al\u0103turi de\" \/>\n<meta name=\"robots\" content=\"index, follow, max-snippet:-1, max-image-preview:large, max-video-preview:-1\" \/>\n<link rel=\"canonical\" href=\"https:\/\/urbeamea.ro\/albaiulia\/jandarmeria-alba-marcheaza-inceputul-activitatilor-dedicate-zilei-jandarmeriei-romane-cu-o-campanie-de-plantare-de-copaci-de-ziua-internationala-a-padurii\/\" \/>\n<meta name=\"twitter:card\" content=\"summary_large_image\" \/>\n<meta name=\"twitter:title\" content=\"Jandarmeria Alba marcheaz\u0103 \u00eenceputul activit\u0103\u021bilor dedicate Zilei Jandarmeriei Rom\u00e2ne cu o campanie de plantare de copaci de Ziua interna\u021bional\u0103 a P\u0103durii - Revista Urbea Mea - Revista de Alba\" \/>\n<meta name=\"twitter:description\" content=\"Pentru a marca cei 174 de ani de la \u00eenfiin\u021barea Jandarmeriei Rom\u00e2ne, efective din cadrul Inspectoratului de Jandarmi Jude\u021bean Avram Iancu Alba, al\u0103turi de\" \/>\n<meta name=\"twitter:image\" content=\"https:\/\/urbeamea.ro\/albaiulia\/wp-content\/uploads\/2024\/03\/WhatsApp-Image-2024-03-21-at-15.16.17-3.jpeg\" \/>\n<meta name=\"twitter:creator\" content=\"@urbeameaweb\" \/>\n<meta name=\"twitter:site\" content=\"@urbeameaweb\" \/>\n<script type=\"application\/ld+json\" class=\"yoast-schema-graph\">{\"@context\":\"https:\\\/\\\/schema.org\",\"@graph\":[{\"@type\":\"Article\",\"@id\":\"https:\\\/\\\/urbeamea.ro\\\/albaiulia\\\/jandarmeria-alba-marcheaza-inceputul-activitatilor-dedicate-zilei-jandarmeriei-romane-cu-o-campanie-de-plantare-de-copaci-de-ziua-internationala-a-padurii\\\/#article\",\"isPartOf\":{\"@id\":\"https:\\\/\\\/urbeamea.ro\\\/albaiulia\\\/jandarmeria-alba-marcheaza-inceputul-activitatilor-dedicate-zilei-jandarmeriei-romane-cu-o-campanie-de-plantare-de-copaci-de-ziua-internationala-a-padurii\\\/\"},\"author\":{\"name\":\"Redac\u021bia UrbeaMea\",\"@id\":\"https:\\\/\\\/urbeamea.ro\\\/albaiulia\\\/#\\\/schema\\\/person\\\/272ae98052f8ee8980f59848df070247\"},\"headline\":\"Jandarmeria Alba marcheaz\u0103 \u00eenceputul activit\u0103\u021bilor dedicate Zilei Jandarmeriei Rom\u00e2ne cu o campanie de plantare de copaci de Ziua interna\u021bional\u0103 a P\u0103durii\",\"datePublished\":\"2024-03-22T12:02:37+00:00\",\"dateModified\":\"2024-03-22T12:02:39+00:00\",\"mainEntityOfPage\":{\"@id\":\"https:\\\/\\\/urbeamea.ro\\\/albaiulia\\\/jandarmeria-alba-marcheaza-inceputul-activitatilor-dedicate-zilei-jandarmeriei-romane-cu-o-campanie-de-plantare-de-copaci-de-ziua-internationala-a-padurii\\\/\"},\"wordCount\":182,\"commentCount\":0,\"image\":{\"@id\":\"https:\\\/\\\/urbeamea.ro\\\/albaiulia\\\/jandarmeria-alba-marcheaza-inceputul-activitatilor-dedicate-zilei-jandarmeriei-romane-cu-o-campanie-de-plantare-de-copaci-de-ziua-internationala-a-padurii\\\/#primaryimage\"},\"thumbnailUrl\":\"https:\\\/\\\/urbeamea.ro\\\/albaiulia\\\/wp-content\\\/uploads\\\/2024\\\/03\\\/WhatsApp-Image-2024-03-21-at-15.16.17-3.jpeg\",\"articleSection\":[\"Evenimente\"],\"inLanguage\":\"ro-RO\",\"potentialAction\":[{\"@type\":\"CommentAction\",\"name\":\"Comment\",\"target\":[\"https:\\\/\\\/urbeamea.ro\\\/albaiulia\\\/jandarmeria-alba-marcheaza-inceputul-activitatilor-dedicate-zilei-jandarmeriei-romane-cu-o-campanie-de-plantare-de-copaci-de-ziua-internationala-a-padurii\\\/#respond\"]}]},{\"@type\":\"WebPage\",\"@id\":\"https:\\\/\\\/urbeamea.ro\\\/albaiulia\\\/jandarmeria-alba-marcheaza-inceputul-activitatilor-dedicate-zilei-jandarmeriei-romane-cu-o-campanie-de-plantare-de-copaci-de-ziua-internationala-a-padurii\\\/\",\"url\":\"https:\\\/\\\/urbeamea.ro\\\/albaiulia\\\/jandarmeria-alba-marcheaza-inceputul-activitatilor-dedicate-zilei-jandarmeriei-romane-cu-o-campanie-de-plantare-de-copaci-de-ziua-internationala-a-padurii\\\/\",\"name\":\"Jandarmeria Alba marcheaz\u0103 \u00eenceputul activit\u0103\u021bilor dedicate Zilei Jandarmeriei Rom\u00e2ne cu o campanie de plantare de copaci de Ziua interna\u021bional\u0103 a P\u0103durii - Revista Urbea Mea - Revista de Alba\",\"isPartOf\":{\"@id\":\"https:\\\/\\\/urbeamea.ro\\\/albaiulia\\\/#website\"},\"primaryImageOfPage\":{\"@id\":\"https:\\\/\\\/urbeamea.ro\\\/albaiulia\\\/jandarmeria-alba-marcheaza-inceputul-activitatilor-dedicate-zilei-jandarmeriei-romane-cu-o-campanie-de-plantare-de-copaci-de-ziua-internationala-a-padurii\\\/#primaryimage\"},\"image\":{\"@id\":\"https:\\\/\\\/urbeamea.ro\\\/albaiulia\\\/jandarmeria-alba-marcheaza-inceputul-activitatilor-dedicate-zilei-jandarmeriei-romane-cu-o-campanie-de-plantare-de-copaci-de-ziua-internationala-a-padurii\\\/#primaryimage\"},\"thumbnailUrl\":\"https:\\\/\\\/urbeamea.ro\\\/albaiulia\\\/wp-content\\\/uploads\\\/2024\\\/03\\\/WhatsApp-Image-2024-03-21-at-15.16.17-3.jpeg\",\"datePublished\":\"2024-03-22T12:02:37+00:00\",\"dateModified\":\"2024-03-22T12:02:39+00:00\",\"author\":{\"@id\":\"https:\\\/\\\/urbeamea.ro\\\/albaiulia\\\/#\\\/schema\\\/person\\\/272ae98052f8ee8980f59848df070247\"},\"description\":\"Pentru a marca cei 174 de ani de la \u00eenfiin\u021barea Jandarmeriei Rom\u00e2ne, efective din cadrul Inspectoratului de Jandarmi Jude\u021bean Avram Iancu Alba, al\u0103turi de\",\"breadcrumb\":{\"@id\":\"https:\\\/\\\/urbeamea.ro\\\/albaiulia\\\/jandarmeria-alba-marcheaza-inceputul-activitatilor-dedicate-zilei-jandarmeriei-romane-cu-o-campanie-de-plantare-de-copaci-de-ziua-internationala-a-padurii\\\/#breadcrumb\"},\"inLanguage\":\"ro-RO\",\"potentialAction\":[{\"@type\":\"ReadAction\",\"target\":[\"https:\\\/\\\/urbeamea.ro\\\/albaiulia\\\/jandarmeria-alba-marcheaza-inceputul-activitatilor-dedicate-zilei-jandarmeriei-romane-cu-o-campanie-de-plantare-de-copaci-de-ziua-internationala-a-padurii\\\/\"]}]},{\"@type\":\"ImageObject\",\"inLanguage\":\"ro-RO\",\"@id\":\"https:\\\/\\\/urbeamea.ro\\\/albaiulia\\\/jandarmeria-alba-marcheaza-inceputul-activitatilor-dedicate-zilei-jandarmeriei-romane-cu-o-campanie-de-plantare-de-copaci-de-ziua-internationala-a-padurii\\\/#primaryimage\",\"url\":\"https:\\\/\\\/urbeamea.ro\\\/albaiulia\\\/wp-content\\\/uploads\\\/2024\\\/03\\\/WhatsApp-Image-2024-03-21-at-15.16.17-3.jpeg\",\"contentUrl\":\"https:\\\/\\\/urbeamea.ro\\\/albaiulia\\\/wp-content\\\/uploads\\\/2024\\\/03\\\/WhatsApp-Image-2024-03-21-at-15.16.17-3.jpeg\",\"width\":1600,\"height\":1200},{\"@type\":\"BreadcrumbList\",\"@id\":\"https:\\\/\\\/urbeamea.ro\\\/albaiulia\\\/jandarmeria-alba-marcheaza-inceputul-activitatilor-dedicate-zilei-jandarmeriei-romane-cu-o-campanie-de-plantare-de-copaci-de-ziua-internationala-a-padurii\\\/#breadcrumb\",\"itemListElement\":[{\"@type\":\"ListItem\",\"position\":1,\"name\":\"Prima pagin\u0103\",\"item\":\"https:\\\/\\\/urbeamea.ro\\\/albaiulia\\\/\"},{\"@type\":\"ListItem\",\"position\":2,\"name\":\"Jandarmeria Alba marcheaz\u0103 \u00eenceputul activit\u0103\u021bilor dedicate Zilei Jandarmeriei Rom\u00e2ne cu o campanie de plantare de copaci de Ziua interna\u021bional\u0103 a P\u0103durii\"}]},{\"@type\":\"WebSite\",\"@id\":\"https:\\\/\\\/urbeamea.ro\\\/albaiulia\\\/#website\",\"url\":\"https:\\\/\\\/urbeamea.ro\\\/albaiulia\\\/\",\"name\":\"Revista Urbea Mea, Stiri urbane\",\"description\":\"Evenimente \u0219i \u0219tiri din Alba Iulia, Sebe\u0219, Aiud, Blaj\",\"potentialAction\":[{\"@type\":\"SearchAction\",\"target\":{\"@type\":\"EntryPoint\",\"urlTemplate\":\"https:\\\/\\\/urbeamea.ro\\\/albaiulia\\\/?s={search_term_string}\"},\"query-input\":{\"@type\":\"PropertyValueSpecification\",\"valueRequired\":true,\"valueName\":\"search_term_string\"}}],\"inLanguage\":\"ro-RO\"},{\"@type\":\"Person\",\"@id\":\"https:\\\/\\\/urbeamea.ro\\\/albaiulia\\\/#\\\/schema\\\/person\\\/272ae98052f8ee8980f59848df070247\",\"name\":\"Redac\u021bia UrbeaMea\",\"image\":{\"@type\":\"ImageObject\",\"inLanguage\":\"ro-RO\",\"@id\":\"https:\\\/\\\/secure.gravatar.com\\\/avatar\\\/9ce5a9435071fa1037e8468053ead8e513dbbff59009d3069aadb85506d85a27?s=96&d=mm&r=g\",\"url\":\"https:\\\/\\\/secure.gravatar.com\\\/avatar\\\/9ce5a9435071fa1037e8468053ead8e513dbbff59009d3069aadb85506d85a27?s=96&d=mm&r=g\",\"contentUrl\":\"https:\\\/\\\/secure.gravatar.com\\\/avatar\\\/9ce5a9435071fa1037e8468053ead8e513dbbff59009d3069aadb85506d85a27?s=96&d=mm&r=g\",\"caption\":\"Redac\u021bia UrbeaMea\"},\"description\":\"contact@urbeamea.ro\",\"sameAs\":[\"https:\\\/\\\/www.urbeamea.ro\"],\"url\":\"https:\\\/\\\/urbeamea.ro\\\/albaiulia\\\/author\\\/redactia-urbeamea\\\/\"}]}<\/script>\n<!-- \/ Yoast SEO plugin. -->","yoast_head_json":{"title":"Jandarmeria Alba marcheaz\u0103 \u00eenceputul activit\u0103\u021bilor dedicate Zilei Jandarmeriei Rom\u00e2ne cu o campanie de plantare de copaci de Ziua interna\u021bional\u0103 a P\u0103durii - Revista Urbea Mea - Revista de Alba","description":"Pentru a marca cei 174 de ani de la \u00eenfiin\u021barea Jandarmeriei Rom\u00e2ne, efective din cadrul Inspectoratului de Jandarmi Jude\u021bean Avram Iancu Alba, al\u0103turi de","robots":{"index":"index","follow":"follow","max-snippet":"max-snippet:-1","max-image-preview":"max-image-preview:large","max-video-preview":"max-video-preview:-1"},"canonical":"https:\/\/urbeamea.ro\/albaiulia\/jandarmeria-alba-marcheaza-inceputul-activitatilor-dedicate-zilei-jandarmeriei-romane-cu-o-campanie-de-plantare-de-copaci-de-ziua-internationala-a-padurii\/","twitter_card":"summary_large_image","twitter_title":"Jandarmeria Alba marcheaz\u0103 \u00eenceputul activit\u0103\u021bilor dedicate Zilei Jandarmeriei Rom\u00e2ne cu o campanie de plantare de copaci de Ziua interna\u021bional\u0103 a P\u0103durii - Revista Urbea Mea - Revista de Alba","twitter_description":"Pentru a marca cei 174 de ani de la \u00eenfiin\u021barea Jandarmeriei Rom\u00e2ne, efective din cadrul Inspectoratului de Jandarmi Jude\u021bean Avram Iancu Alba, al\u0103turi de","twitter_image":"https:\/\/urbeamea.ro\/albaiulia\/wp-content\/uploads\/2024\/03\/WhatsApp-Image-2024-03-21-at-15.16.17-3.jpeg","twitter_creator":"@urbeameaweb","twitter_site":"@urbeameaweb","schema":{"@context":"https:\/\/schema.org","@graph":[{"@type":"Article","@id":"https:\/\/urbeamea.ro\/albaiulia\/jandarmeria-alba-marcheaza-inceputul-activitatilor-dedicate-zilei-jandarmeriei-romane-cu-o-campanie-de-plantare-de-copaci-de-ziua-internationala-a-padurii\/#article","isPartOf":{"@id":"https:\/\/urbeamea.ro\/albaiulia\/jandarmeria-alba-marcheaza-inceputul-activitatilor-dedicate-zilei-jandarmeriei-romane-cu-o-campanie-de-plantare-de-copaci-de-ziua-internationala-a-padurii\/"},"author":{"name":"Redac\u021bia UrbeaMea","@id":"https:\/\/urbeamea.ro\/albaiulia\/#\/schema\/person\/272ae98052f8ee8980f59848df070247"},"headline":"Jandarmeria Alba marcheaz\u0103 \u00eenceputul activit\u0103\u021bilor dedicate Zilei Jandarmeriei Rom\u00e2ne cu o campanie de plantare de copaci de Ziua interna\u021bional\u0103 a P\u0103durii","datePublished":"2024-03-22T12:02:37+00:00","dateModified":"2024-03-22T12:02:39+00:00","mainEntityOfPage":{"@id":"https:\/\/urbeamea.ro\/albaiulia\/jandarmeria-alba-marcheaza-inceputul-activitatilor-dedicate-zilei-jandarmeriei-romane-cu-o-campanie-de-plantare-de-copaci-de-ziua-internationala-a-padurii\/"},"wordCount":182,"commentCount":0,"image":{"@id":"https:\/\/urbeamea.ro\/albaiulia\/jandarmeria-alba-marcheaza-inceputul-activitatilor-dedicate-zilei-jandarmeriei-romane-cu-o-campanie-de-plantare-de-copaci-de-ziua-internationala-a-padurii\/#primaryimage"},"thumbnailUrl":"https:\/\/urbeamea.ro\/albaiulia\/wp-content\/uploads\/2024\/03\/WhatsApp-Image-2024-03-21-at-15.16.17-3.jpeg","articleSection":["Evenimente"],"inLanguage":"ro-RO","potentialAction":[{"@type":"CommentAction","name":"Comment","target":["https:\/\/urbeamea.ro\/albaiulia\/jandarmeria-alba-marcheaza-inceputul-activitatilor-dedicate-zilei-jandarmeriei-romane-cu-o-campanie-de-plantare-de-copaci-de-ziua-internationala-a-padurii\/#respond"]}]},{"@type":"WebPage","@id":"https:\/\/urbeamea.ro\/albaiulia\/jandarmeria-alba-marcheaza-inceputul-activitatilor-dedicate-zilei-jandarmeriei-romane-cu-o-campanie-de-plantare-de-copaci-de-ziua-internationala-a-padurii\/","url":"https:\/\/urbeamea.ro\/albaiulia\/jandarmeria-alba-marcheaza-inceputul-activitatilor-dedicate-zilei-jandarmeriei-romane-cu-o-campanie-de-plantare-de-copaci-de-ziua-internationala-a-padurii\/","name":"Jandarmeria Alba marcheaz\u0103 \u00eenceputul activit\u0103\u021bilor dedicate Zilei Jandarmeriei Rom\u00e2ne cu o campanie de plantare de copaci de Ziua interna\u021bional\u0103 a P\u0103durii - Revista Urbea Mea - Revista de Alba","isPartOf":{"@id":"https:\/\/urbeamea.ro\/albaiulia\/#website"},"primaryImageOfPage":{"@id":"https:\/\/urbeamea.ro\/albaiulia\/jandarmeria-alba-marcheaza-inceputul-activitatilor-dedicate-zilei-jandarmeriei-romane-cu-o-campanie-de-plantare-de-copaci-de-ziua-internationala-a-padurii\/#primaryimage"},"image":{"@id":"https:\/\/urbeamea.ro\/albaiulia\/jandarmeria-alba-marcheaza-inceputul-activitatilor-dedicate-zilei-jandarmeriei-romane-cu-o-campanie-de-plantare-de-copaci-de-ziua-internationala-a-padurii\/#primaryimage"},"thumbnailUrl":"https:\/\/urbeamea.ro\/albaiulia\/wp-content\/uploads\/2024\/03\/WhatsApp-Image-2024-03-21-at-15.16.17-3.jpeg","datePublished":"2024-03-22T12:02:37+00:00","dateModified":"2024-03-22T12:02:39+00:00","author":{"@id":"https:\/\/urbeamea.ro\/albaiulia\/#\/schema\/person\/272ae98052f8ee8980f59848df070247"},"description":"Pentru a marca cei 174 de ani de la \u00eenfiin\u021barea Jandarmeriei Rom\u00e2ne, efective din cadrul Inspectoratului de Jandarmi Jude\u021bean Avram Iancu Alba, al\u0103turi de","breadcrumb":{"@id":"https:\/\/urbeamea.ro\/albaiulia\/jandarmeria-alba-marcheaza-inceputul-activitatilor-dedicate-zilei-jandarmeriei-romane-cu-o-campanie-de-plantare-de-copaci-de-ziua-internationala-a-padurii\/#breadcrumb"},"inLanguage":"ro-RO","potentialAction":[{"@type":"ReadAction","target":["https:\/\/urbeamea.ro\/albaiulia\/jandarmeria-alba-marcheaza-inceputul-activitatilor-dedicate-zilei-jandarmeriei-romane-cu-o-campanie-de-plantare-de-copaci-de-ziua-internationala-a-padurii\/"]}]},{"@type":"ImageObject","inLanguage":"ro-RO","@id":"https:\/\/urbeamea.ro\/albaiulia\/jandarmeria-alba-marcheaza-inceputul-activitatilor-dedicate-zilei-jandarmeriei-romane-cu-o-campanie-de-plantare-de-copaci-de-ziua-internationala-a-padurii\/#primaryimage","url":"https:\/\/urbeamea.ro\/albaiulia\/wp-content\/uploads\/2024\/03\/WhatsApp-Image-2024-03-21-at-15.16.17-3.jpeg","contentUrl":"https:\/\/urbeamea.ro\/albaiulia\/wp-content\/uploads\/2024\/03\/WhatsApp-Image-2024-03-21-at-15.16.17-3.jpeg","width":1600,"height":1200},{"@type":"BreadcrumbList","@id":"https:\/\/urbeamea.ro\/albaiulia\/jandarmeria-alba-marcheaza-inceputul-activitatilor-dedicate-zilei-jandarmeriei-romane-cu-o-campanie-de-plantare-de-copaci-de-ziua-internationala-a-padurii\/#breadcrumb","itemListElement":[{"@type":"ListItem","position":1,"name":"Prima pagin\u0103","item":"https:\/\/urbeamea.ro\/albaiulia\/"},{"@type":"ListItem","position":2,"name":"Jandarmeria Alba marcheaz\u0103 \u00eenceputul activit\u0103\u021bilor dedicate Zilei Jandarmeriei Rom\u00e2ne cu o campanie de plantare de copaci de Ziua interna\u021bional\u0103 a P\u0103durii"}]},{"@type":"WebSite","@id":"https:\/\/urbeamea.ro\/albaiulia\/#website","url":"https:\/\/urbeamea.ro\/albaiulia\/","name":"Revista Urbea Mea, Stiri urbane","description":"Evenimente \u0219i \u0219tiri din Alba Iulia, Sebe\u0219, Aiud, Blaj","potentialAction":[{"@type":"SearchAction","target":{"@type":"EntryPoint","urlTemplate":"https:\/\/urbeamea.ro\/albaiulia\/?s={search_term_string}"},"query-input":{"@type":"PropertyValueSpecification","valueRequired":true,"valueName":"search_term_string"}}],"inLanguage":"ro-RO"},{"@type":"Person","@id":"https:\/\/urbeamea.ro\/albaiulia\/#\/schema\/person\/272ae98052f8ee8980f59848df070247","name":"Redac\u021bia UrbeaMea","image":{"@type":"ImageObject","inLanguage":"ro-RO","@id":"https:\/\/secure.gravatar.com\/avatar\/9ce5a9435071fa1037e8468053ead8e513dbbff59009d3069aadb85506d85a27?s=96&d=mm&r=g","url":"https:\/\/secure.gravatar.com\/avatar\/9ce5a9435071fa1037e8468053ead8e513dbbff59009d3069aadb85506d85a27?s=96&d=mm&r=g","contentUrl":"https:\/\/secure.gravatar.com\/avatar\/9ce5a9435071fa1037e8468053ead8e513dbbff59009d3069aadb85506d85a27?s=96&d=mm&r=g","caption":"Redac\u021bia UrbeaMea"},"description":"contact@urbeamea.ro","sameAs":["https:\/\/www.urbeamea.ro"],"url":"https:\/\/urbeamea.ro\/albaiulia\/author\/redactia-urbeamea\/"}]}},"_links":{"self":[{"href":"https:\/\/urbeamea.ro\/albaiulia\/wp-json\/wp\/v2\/posts\/110742","targetHints":{"allow":["GET"]}}],"collection":[{"href":"https:\/\/urbeamea.ro\/albaiulia\/wp-json\/wp\/v2\/posts"}],"about":[{"href":"https:\/\/urbeamea.ro\/albaiulia\/wp-json\/wp\/v2\/types\/post"}],"author":[{"embeddable":true,"href":"https:\/\/urbeamea.ro\/albaiulia\/wp-json\/wp\/v2\/users\/16"}],"replies":[{"embeddable":true,"href":"https:\/\/urbeamea.ro\/albaiulia\/wp-json\/wp\/v2\/comments?post=110742"}],"version-history":[{"count":1,"href":"https:\/\/urbeamea.ro\/albaiulia\/wp-json\/wp\/v2\/posts\/110742\/revisions"}],"predecessor-version":[{"id":110753,"href":"https:\/\/urbeamea.ro\/albaiulia\/wp-json\/wp\/v2\/posts\/110742\/revisions\/110753"}],"wp:featuredmedia":[{"embeddable":true,"href":"https:\/\/urbeamea.ro\/albaiulia\/wp-json\/wp\/v2\/media\/110752"}],"wp:attachment":[{"href":"https:\/\/urbeamea.ro\/albaiulia\/wp-json\/wp\/v2\/media?parent=110742"}],"wp:term":[{"taxonomy":"category","embeddable":true,"href":"https:\/\/urbeamea.ro\/albaiulia\/wp-json\/wp\/v2\/categories?post=110742"},{"taxonomy":"post_tag","embeddable":true,"href":"https:\/\/urbeamea.ro\/albaiulia\/wp-json\/wp\/v2\/tags?post=110742"}],"curies":[{"name":"wp","href":"https:\/\/api.w.org\/{rel}","templated":true}]}}