{"id":110824,"date":"2024-04-01T15:07:51","date_gmt":"2024-04-01T12:07:51","guid":{"rendered":"https:\/\/urbeamea.ro\/albaiulia\/?p=110824"},"modified":"2024-04-01T15:07:52","modified_gmt":"2024-04-01T12:07:52","slug":"radu-matei-todoran-lanseaza-la-alba-iulia-volumul-transilvania-lacrimi-si-cruci","status":"publish","type":"post","link":"https:\/\/urbeamea.ro\/albaiulia\/radu-matei-todoran-lanseaza-la-alba-iulia-volumul-transilvania-lacrimi-si-cruci\/","title":{"rendered":"Radu Matei Todoran lanseaz\u0103 la Alba Iulia volumul \u201eTransilvania. Lacrimi \u0219i cruci\u201d"},"content":{"rendered":"\n<p>Joi, 4 aprilie 2024, la ora 17:00, la Muzeul Principia din Alba Iulia va avea loc lansarea volumului semnat de scriitorul Radu Matei Todoran \u2013 \u201eTransilvania. Lacrimi \u0219i cruci\u201d. Vor vorbi despre carte \u0219i autor: Vasile George D\u00e2ncu \u2013 poet, publicist \u0219i editor la Editura \u0218coala Ardelean\u0103, Dumitru M\u0103lin \u2013 scriitor, membru \u00een Uniunea Scriitorilor din Rom\u00e2nia-Filiala Sibiu, Ioan Radu V\u0103c\u0103rescu \u2013 poet, prozator, publicist, traduc\u0103tor \u0219i pre\u0219edintele Filialei Sibiu a Uniunii Scriitorilor din Rom\u00e2nia, Mihai Posada \u2013 poet, eseist, publicist, vicepre\u0219edintele Filialei Sibiu a Uniunii Scriitorilor din Rom\u00e2nia. Lansarea volumului \u201eTransilvania. Lacrimi \u0219i cruci\u201d va fi \u00eenso\u021bit\u0103 de un moment muzical sus\u021binut de muziciana Laura Orian \u0219i va fi moderat\u0103 de Daniela Floroian, bibliotecar\u0103 \u0219i membr\u0103 a Uniunii Ziari\u0219tilor Profesioni\u0219ti din Rom\u00e2nia.<\/p>\n\n\n\n<p>Evenimentul cultural este organizat de Consiliul Jude\u021bean Alba \u0219i de Biblioteca Jude\u021bean\u0103 \u201eLucian Blaga\u201d Alba, cu sprijinul Prim\u0103riei Municipiului Alba Iulia.<\/p>\n\n\n\n<p>Radu Matei Todoran este n\u0103scut la 11 octombrie 1954, \u00een comuna Pianu din jude\u0163ul Alba. Este absolvent al Universit\u0103\u0163ii Tehnice \u201eTraian Vuia\u201d din Timi\u015foara \u015fi doctor \u00een management din anul 2009, cu teza \u201eManagementul Cercet\u0103rii si Dezvolt\u0103rii Produselor Ceramice\u201d. A fost redactor al revistei \u201eForum Studen\u021besc\u201d editat\u0103 de Centrul Universitar Timi\u0219oara, pre\u0219edinte al cenaclului \u201eAlma Mater Timisensis\u201d din Timi\u0219oara, membru al cenaclului literar \u201eDaco-Romania\u201d din Alba Iulia, pre\u0219edinte al cenaclului literar \u201eApulum\u201d din Alba Iulia, redactor \u0219ef al s\u0103pt\u0103m\u00e2nalului \u201eAcum\u201d, redactor la publica\u021biile \u201eAlbaiulianul\u201d \u0219i Pro Alba, redactor al revistei de cultur\u0103 european\u0103 ARTE, editat\u0103 de Clubul Mitteleuropa din Viena \u0219i Grupul de Publica\u021bii Cara\u0219ul, membru \u00een Societatea Poe\u021bilor Francezi din Paris, pre\u0219edintele Asocia\u021biei Culturale \u201eMirabila S\u0103m\u00e2n\u021b\u0103\u201d din Alba Iulia \u0219i director-fondator al revistei culturale ZENIT22.<\/p>\n\n\n\n<p>A publicat volumele de poezie: \u201eLumina din propria-mi umbr\u0103\u201d (1998), \u201eA\u0219 vrea s\u0103 fiu iar\u0103\u0219i mesteac\u0103n\u201d (2019), \u201ePergamentele Uit\u0103rii\u201d (2021), \u201eConspira\u021bia clepsidrei\u201d (2022) \u0219i volumul de proz\u0103: \u201eClopote de lemn\u201d (2020). Public\u0103 proz\u0103 scurt\u0103 \u0219i poezie \u00een peste 20 de publica\u021bii literare din \u021bar\u0103 \u0219i str\u0103in\u0103tate, printre care amintim: Transilvania, Arca, Pro Saeculum, Discobolul, ARTE, Sintagme Literare, Caiete Silvane, Literatura de azi, Acolada, Orizont, \u00censemn\u0103ri Ie\u0219ene, Poezia etc.<\/p>\n\n\n\n<p>De-a lungul timpului a fost recompensat cu Premiul pentru proz\u0103 al Uniunii Scriitorilor din Rom\u00e2nia, Filiala Alba-Hunedoara; Premiul Na\u021bional de Proz\u0103 \u201eDamian Izvericeanu\u201d al Centrului Cultural Oravi\u021ba, al Revistei bilingve (rom\u00e2n\u0103-italian\u0103) ARTE \u0219i al Asocia\u021biei rom\u00e2no-austriece Mitteleuropa, titlul de Cavaler al Ordinului Cultural \u201eEminescu-1868-Oravi\u0163a\u201d Opera Omnia, la edi\u0163ia 2022 a Festivalului \u201eEminescu la Oravi\u0163a\u201d.<\/p>\n","protected":false},"excerpt":{"rendered":"<p>Joi, 4 aprilie 2024, la ora 17:00, la Muzeul Principia din Alba Iulia va avea loc lansarea volumului semnat de scriitorul Radu Matei Todoran \u2013 \u201eTransilvania. Lacrimi \u0219i cruci\u201d. Vor vorbi despre carte \u0219i autor: Vasile George D\u00e2ncu \u2013 poet, publicist \u0219i editor la Editura \u0218coala Ardelean\u0103, Dumitru M\u0103lin \u2013 scriitor, membru \u00een Uniunea Scriitorilor &hellip;<\/p>\n","protected":false},"author":16,"featured_media":110825,"comment_status":"open","ping_status":"open","sticky":false,"template":"","format":"standard","meta":{"inline_featured_image":false,"footnotes":""},"categories":[4],"tags":[],"class_list":["post-110824","post","type-post","status-publish","format-standard","has-post-thumbnail","hentry","category-eveniment"],"yoast_head":"<!-- This site is optimized with the Yoast SEO plugin v27.4 - https:\/\/yoast.com\/product\/yoast-seo-wordpress\/ -->\n<title>Radu Matei Todoran lanseaz\u0103 la Alba Iulia volumul \u201eTransilvania. Lacrimi \u0219i cruci\u201d - Revista Urbea Mea - Revista de Alba<\/title>\n<meta name=\"description\" content=\"Joi, 4 aprilie 2024, la ora 17:00, la Muzeul Principia din Alba Iulia va avea loc lansarea volumului semnat de scriitorul Radu Matei Todoran \u2013\" \/>\n<meta name=\"robots\" content=\"index, follow, max-snippet:-1, max-image-preview:large, max-video-preview:-1\" \/>\n<link rel=\"canonical\" href=\"https:\/\/urbeamea.ro\/albaiulia\/radu-matei-todoran-lanseaza-la-alba-iulia-volumul-transilvania-lacrimi-si-cruci\/\" \/>\n<meta name=\"twitter:card\" content=\"summary_large_image\" \/>\n<meta name=\"twitter:title\" content=\"Radu Matei Todoran lanseaz\u0103 la Alba Iulia volumul \u201eTransilvania. Lacrimi \u0219i cruci\u201d - Revista Urbea Mea - Revista de Alba\" \/>\n<meta name=\"twitter:description\" content=\"Joi, 4 aprilie 2024, la ora 17:00, la Muzeul Principia din Alba Iulia va avea loc lansarea volumului semnat de scriitorul Radu Matei Todoran \u2013\" \/>\n<meta name=\"twitter:image\" content=\"https:\/\/urbeamea.ro\/albaiulia\/wp-content\/uploads\/2024\/04\/3.17-Lansari-si-prezentari-de-carte-4-aprilie-2024-1.jpg\" \/>\n<meta name=\"twitter:creator\" content=\"@urbeameaweb\" \/>\n<meta name=\"twitter:site\" content=\"@urbeameaweb\" \/>\n<script type=\"application\/ld+json\" class=\"yoast-schema-graph\">{\"@context\":\"https:\\\/\\\/schema.org\",\"@graph\":[{\"@type\":\"Article\",\"@id\":\"https:\\\/\\\/urbeamea.ro\\\/albaiulia\\\/radu-matei-todoran-lanseaza-la-alba-iulia-volumul-transilvania-lacrimi-si-cruci\\\/#article\",\"isPartOf\":{\"@id\":\"https:\\\/\\\/urbeamea.ro\\\/albaiulia\\\/radu-matei-todoran-lanseaza-la-alba-iulia-volumul-transilvania-lacrimi-si-cruci\\\/\"},\"author\":{\"name\":\"Redac\u021bia UrbeaMea\",\"@id\":\"https:\\\/\\\/urbeamea.ro\\\/albaiulia\\\/#\\\/schema\\\/person\\\/272ae98052f8ee8980f59848df070247\"},\"headline\":\"Radu Matei Todoran lanseaz\u0103 la Alba Iulia volumul \u201eTransilvania. Lacrimi \u0219i cruci\u201d\",\"datePublished\":\"2024-04-01T12:07:51+00:00\",\"dateModified\":\"2024-04-01T12:07:52+00:00\",\"mainEntityOfPage\":{\"@id\":\"https:\\\/\\\/urbeamea.ro\\\/albaiulia\\\/radu-matei-todoran-lanseaza-la-alba-iulia-volumul-transilvania-lacrimi-si-cruci\\\/\"},\"wordCount\":446,\"commentCount\":0,\"image\":{\"@id\":\"https:\\\/\\\/urbeamea.ro\\\/albaiulia\\\/radu-matei-todoran-lanseaza-la-alba-iulia-volumul-transilvania-lacrimi-si-cruci\\\/#primaryimage\"},\"thumbnailUrl\":\"https:\\\/\\\/urbeamea.ro\\\/albaiulia\\\/wp-content\\\/uploads\\\/2024\\\/04\\\/3.17-Lansari-si-prezentari-de-carte-4-aprilie-2024-1.jpg\",\"articleSection\":[\"Evenimente\"],\"inLanguage\":\"ro-RO\",\"potentialAction\":[{\"@type\":\"CommentAction\",\"name\":\"Comment\",\"target\":[\"https:\\\/\\\/urbeamea.ro\\\/albaiulia\\\/radu-matei-todoran-lanseaza-la-alba-iulia-volumul-transilvania-lacrimi-si-cruci\\\/#respond\"]}]},{\"@type\":\"WebPage\",\"@id\":\"https:\\\/\\\/urbeamea.ro\\\/albaiulia\\\/radu-matei-todoran-lanseaza-la-alba-iulia-volumul-transilvania-lacrimi-si-cruci\\\/\",\"url\":\"https:\\\/\\\/urbeamea.ro\\\/albaiulia\\\/radu-matei-todoran-lanseaza-la-alba-iulia-volumul-transilvania-lacrimi-si-cruci\\\/\",\"name\":\"Radu Matei Todoran lanseaz\u0103 la Alba Iulia volumul \u201eTransilvania. Lacrimi \u0219i cruci\u201d - Revista Urbea Mea - Revista de Alba\",\"isPartOf\":{\"@id\":\"https:\\\/\\\/urbeamea.ro\\\/albaiulia\\\/#website\"},\"primaryImageOfPage\":{\"@id\":\"https:\\\/\\\/urbeamea.ro\\\/albaiulia\\\/radu-matei-todoran-lanseaza-la-alba-iulia-volumul-transilvania-lacrimi-si-cruci\\\/#primaryimage\"},\"image\":{\"@id\":\"https:\\\/\\\/urbeamea.ro\\\/albaiulia\\\/radu-matei-todoran-lanseaza-la-alba-iulia-volumul-transilvania-lacrimi-si-cruci\\\/#primaryimage\"},\"thumbnailUrl\":\"https:\\\/\\\/urbeamea.ro\\\/albaiulia\\\/wp-content\\\/uploads\\\/2024\\\/04\\\/3.17-Lansari-si-prezentari-de-carte-4-aprilie-2024-1.jpg\",\"datePublished\":\"2024-04-01T12:07:51+00:00\",\"dateModified\":\"2024-04-01T12:07:52+00:00\",\"author\":{\"@id\":\"https:\\\/\\\/urbeamea.ro\\\/albaiulia\\\/#\\\/schema\\\/person\\\/272ae98052f8ee8980f59848df070247\"},\"description\":\"Joi, 4 aprilie 2024, la ora 17:00, la Muzeul Principia din Alba Iulia va avea loc lansarea volumului semnat de scriitorul Radu Matei Todoran \u2013\",\"breadcrumb\":{\"@id\":\"https:\\\/\\\/urbeamea.ro\\\/albaiulia\\\/radu-matei-todoran-lanseaza-la-alba-iulia-volumul-transilvania-lacrimi-si-cruci\\\/#breadcrumb\"},\"inLanguage\":\"ro-RO\",\"potentialAction\":[{\"@type\":\"ReadAction\",\"target\":[\"https:\\\/\\\/urbeamea.ro\\\/albaiulia\\\/radu-matei-todoran-lanseaza-la-alba-iulia-volumul-transilvania-lacrimi-si-cruci\\\/\"]}]},{\"@type\":\"ImageObject\",\"inLanguage\":\"ro-RO\",\"@id\":\"https:\\\/\\\/urbeamea.ro\\\/albaiulia\\\/radu-matei-todoran-lanseaza-la-alba-iulia-volumul-transilvania-lacrimi-si-cruci\\\/#primaryimage\",\"url\":\"https:\\\/\\\/urbeamea.ro\\\/albaiulia\\\/wp-content\\\/uploads\\\/2024\\\/04\\\/3.17-Lansari-si-prezentari-de-carte-4-aprilie-2024-1.jpg\",\"contentUrl\":\"https:\\\/\\\/urbeamea.ro\\\/albaiulia\\\/wp-content\\\/uploads\\\/2024\\\/04\\\/3.17-Lansari-si-prezentari-de-carte-4-aprilie-2024-1.jpg\",\"width\":1600,\"height\":1131},{\"@type\":\"BreadcrumbList\",\"@id\":\"https:\\\/\\\/urbeamea.ro\\\/albaiulia\\\/radu-matei-todoran-lanseaza-la-alba-iulia-volumul-transilvania-lacrimi-si-cruci\\\/#breadcrumb\",\"itemListElement\":[{\"@type\":\"ListItem\",\"position\":1,\"name\":\"Prima pagin\u0103\",\"item\":\"https:\\\/\\\/urbeamea.ro\\\/albaiulia\\\/\"},{\"@type\":\"ListItem\",\"position\":2,\"name\":\"Radu Matei Todoran lanseaz\u0103 la Alba Iulia volumul \u201eTransilvania. Lacrimi \u0219i cruci\u201d\"}]},{\"@type\":\"WebSite\",\"@id\":\"https:\\\/\\\/urbeamea.ro\\\/albaiulia\\\/#website\",\"url\":\"https:\\\/\\\/urbeamea.ro\\\/albaiulia\\\/\",\"name\":\"Revista Urbea Mea, Stiri urbane\",\"description\":\"Evenimente \u0219i \u0219tiri din Alba Iulia, Sebe\u0219, Aiud, Blaj\",\"potentialAction\":[{\"@type\":\"SearchAction\",\"target\":{\"@type\":\"EntryPoint\",\"urlTemplate\":\"https:\\\/\\\/urbeamea.ro\\\/albaiulia\\\/?s={search_term_string}\"},\"query-input\":{\"@type\":\"PropertyValueSpecification\",\"valueRequired\":true,\"valueName\":\"search_term_string\"}}],\"inLanguage\":\"ro-RO\"},{\"@type\":\"Person\",\"@id\":\"https:\\\/\\\/urbeamea.ro\\\/albaiulia\\\/#\\\/schema\\\/person\\\/272ae98052f8ee8980f59848df070247\",\"name\":\"Redac\u021bia UrbeaMea\",\"image\":{\"@type\":\"ImageObject\",\"inLanguage\":\"ro-RO\",\"@id\":\"https:\\\/\\\/secure.gravatar.com\\\/avatar\\\/9ce5a9435071fa1037e8468053ead8e513dbbff59009d3069aadb85506d85a27?s=96&d=mm&r=g\",\"url\":\"https:\\\/\\\/secure.gravatar.com\\\/avatar\\\/9ce5a9435071fa1037e8468053ead8e513dbbff59009d3069aadb85506d85a27?s=96&d=mm&r=g\",\"contentUrl\":\"https:\\\/\\\/secure.gravatar.com\\\/avatar\\\/9ce5a9435071fa1037e8468053ead8e513dbbff59009d3069aadb85506d85a27?s=96&d=mm&r=g\",\"caption\":\"Redac\u021bia UrbeaMea\"},\"description\":\"contact@urbeamea.ro\",\"sameAs\":[\"https:\\\/\\\/www.urbeamea.ro\"],\"url\":\"https:\\\/\\\/urbeamea.ro\\\/albaiulia\\\/author\\\/redactia-urbeamea\\\/\"}]}<\/script>\n<!-- \/ Yoast SEO plugin. -->","yoast_head_json":{"title":"Radu Matei Todoran lanseaz\u0103 la Alba Iulia volumul \u201eTransilvania. Lacrimi \u0219i cruci\u201d - Revista Urbea Mea - Revista de Alba","description":"Joi, 4 aprilie 2024, la ora 17:00, la Muzeul Principia din Alba Iulia va avea loc lansarea volumului semnat de scriitorul Radu Matei Todoran \u2013","robots":{"index":"index","follow":"follow","max-snippet":"max-snippet:-1","max-image-preview":"max-image-preview:large","max-video-preview":"max-video-preview:-1"},"canonical":"https:\/\/urbeamea.ro\/albaiulia\/radu-matei-todoran-lanseaza-la-alba-iulia-volumul-transilvania-lacrimi-si-cruci\/","twitter_card":"summary_large_image","twitter_title":"Radu Matei Todoran lanseaz\u0103 la Alba Iulia volumul \u201eTransilvania. Lacrimi \u0219i cruci\u201d - Revista Urbea Mea - Revista de Alba","twitter_description":"Joi, 4 aprilie 2024, la ora 17:00, la Muzeul Principia din Alba Iulia va avea loc lansarea volumului semnat de scriitorul Radu Matei Todoran \u2013","twitter_image":"https:\/\/urbeamea.ro\/albaiulia\/wp-content\/uploads\/2024\/04\/3.17-Lansari-si-prezentari-de-carte-4-aprilie-2024-1.jpg","twitter_creator":"@urbeameaweb","twitter_site":"@urbeameaweb","schema":{"@context":"https:\/\/schema.org","@graph":[{"@type":"Article","@id":"https:\/\/urbeamea.ro\/albaiulia\/radu-matei-todoran-lanseaza-la-alba-iulia-volumul-transilvania-lacrimi-si-cruci\/#article","isPartOf":{"@id":"https:\/\/urbeamea.ro\/albaiulia\/radu-matei-todoran-lanseaza-la-alba-iulia-volumul-transilvania-lacrimi-si-cruci\/"},"author":{"name":"Redac\u021bia UrbeaMea","@id":"https:\/\/urbeamea.ro\/albaiulia\/#\/schema\/person\/272ae98052f8ee8980f59848df070247"},"headline":"Radu Matei Todoran lanseaz\u0103 la Alba Iulia volumul \u201eTransilvania. Lacrimi \u0219i cruci\u201d","datePublished":"2024-04-01T12:07:51+00:00","dateModified":"2024-04-01T12:07:52+00:00","mainEntityOfPage":{"@id":"https:\/\/urbeamea.ro\/albaiulia\/radu-matei-todoran-lanseaza-la-alba-iulia-volumul-transilvania-lacrimi-si-cruci\/"},"wordCount":446,"commentCount":0,"image":{"@id":"https:\/\/urbeamea.ro\/albaiulia\/radu-matei-todoran-lanseaza-la-alba-iulia-volumul-transilvania-lacrimi-si-cruci\/#primaryimage"},"thumbnailUrl":"https:\/\/urbeamea.ro\/albaiulia\/wp-content\/uploads\/2024\/04\/3.17-Lansari-si-prezentari-de-carte-4-aprilie-2024-1.jpg","articleSection":["Evenimente"],"inLanguage":"ro-RO","potentialAction":[{"@type":"CommentAction","name":"Comment","target":["https:\/\/urbeamea.ro\/albaiulia\/radu-matei-todoran-lanseaza-la-alba-iulia-volumul-transilvania-lacrimi-si-cruci\/#respond"]}]},{"@type":"WebPage","@id":"https:\/\/urbeamea.ro\/albaiulia\/radu-matei-todoran-lanseaza-la-alba-iulia-volumul-transilvania-lacrimi-si-cruci\/","url":"https:\/\/urbeamea.ro\/albaiulia\/radu-matei-todoran-lanseaza-la-alba-iulia-volumul-transilvania-lacrimi-si-cruci\/","name":"Radu Matei Todoran lanseaz\u0103 la Alba Iulia volumul \u201eTransilvania. Lacrimi \u0219i cruci\u201d - Revista Urbea Mea - Revista de Alba","isPartOf":{"@id":"https:\/\/urbeamea.ro\/albaiulia\/#website"},"primaryImageOfPage":{"@id":"https:\/\/urbeamea.ro\/albaiulia\/radu-matei-todoran-lanseaza-la-alba-iulia-volumul-transilvania-lacrimi-si-cruci\/#primaryimage"},"image":{"@id":"https:\/\/urbeamea.ro\/albaiulia\/radu-matei-todoran-lanseaza-la-alba-iulia-volumul-transilvania-lacrimi-si-cruci\/#primaryimage"},"thumbnailUrl":"https:\/\/urbeamea.ro\/albaiulia\/wp-content\/uploads\/2024\/04\/3.17-Lansari-si-prezentari-de-carte-4-aprilie-2024-1.jpg","datePublished":"2024-04-01T12:07:51+00:00","dateModified":"2024-04-01T12:07:52+00:00","author":{"@id":"https:\/\/urbeamea.ro\/albaiulia\/#\/schema\/person\/272ae98052f8ee8980f59848df070247"},"description":"Joi, 4 aprilie 2024, la ora 17:00, la Muzeul Principia din Alba Iulia va avea loc lansarea volumului semnat de scriitorul Radu Matei Todoran \u2013","breadcrumb":{"@id":"https:\/\/urbeamea.ro\/albaiulia\/radu-matei-todoran-lanseaza-la-alba-iulia-volumul-transilvania-lacrimi-si-cruci\/#breadcrumb"},"inLanguage":"ro-RO","potentialAction":[{"@type":"ReadAction","target":["https:\/\/urbeamea.ro\/albaiulia\/radu-matei-todoran-lanseaza-la-alba-iulia-volumul-transilvania-lacrimi-si-cruci\/"]}]},{"@type":"ImageObject","inLanguage":"ro-RO","@id":"https:\/\/urbeamea.ro\/albaiulia\/radu-matei-todoran-lanseaza-la-alba-iulia-volumul-transilvania-lacrimi-si-cruci\/#primaryimage","url":"https:\/\/urbeamea.ro\/albaiulia\/wp-content\/uploads\/2024\/04\/3.17-Lansari-si-prezentari-de-carte-4-aprilie-2024-1.jpg","contentUrl":"https:\/\/urbeamea.ro\/albaiulia\/wp-content\/uploads\/2024\/04\/3.17-Lansari-si-prezentari-de-carte-4-aprilie-2024-1.jpg","width":1600,"height":1131},{"@type":"BreadcrumbList","@id":"https:\/\/urbeamea.ro\/albaiulia\/radu-matei-todoran-lanseaza-la-alba-iulia-volumul-transilvania-lacrimi-si-cruci\/#breadcrumb","itemListElement":[{"@type":"ListItem","position":1,"name":"Prima pagin\u0103","item":"https:\/\/urbeamea.ro\/albaiulia\/"},{"@type":"ListItem","position":2,"name":"Radu Matei Todoran lanseaz\u0103 la Alba Iulia volumul \u201eTransilvania. Lacrimi \u0219i cruci\u201d"}]},{"@type":"WebSite","@id":"https:\/\/urbeamea.ro\/albaiulia\/#website","url":"https:\/\/urbeamea.ro\/albaiulia\/","name":"Revista Urbea Mea, Stiri urbane","description":"Evenimente \u0219i \u0219tiri din Alba Iulia, Sebe\u0219, Aiud, Blaj","potentialAction":[{"@type":"SearchAction","target":{"@type":"EntryPoint","urlTemplate":"https:\/\/urbeamea.ro\/albaiulia\/?s={search_term_string}"},"query-input":{"@type":"PropertyValueSpecification","valueRequired":true,"valueName":"search_term_string"}}],"inLanguage":"ro-RO"},{"@type":"Person","@id":"https:\/\/urbeamea.ro\/albaiulia\/#\/schema\/person\/272ae98052f8ee8980f59848df070247","name":"Redac\u021bia UrbeaMea","image":{"@type":"ImageObject","inLanguage":"ro-RO","@id":"https:\/\/secure.gravatar.com\/avatar\/9ce5a9435071fa1037e8468053ead8e513dbbff59009d3069aadb85506d85a27?s=96&d=mm&r=g","url":"https:\/\/secure.gravatar.com\/avatar\/9ce5a9435071fa1037e8468053ead8e513dbbff59009d3069aadb85506d85a27?s=96&d=mm&r=g","contentUrl":"https:\/\/secure.gravatar.com\/avatar\/9ce5a9435071fa1037e8468053ead8e513dbbff59009d3069aadb85506d85a27?s=96&d=mm&r=g","caption":"Redac\u021bia UrbeaMea"},"description":"contact@urbeamea.ro","sameAs":["https:\/\/www.urbeamea.ro"],"url":"https:\/\/urbeamea.ro\/albaiulia\/author\/redactia-urbeamea\/"}]}},"_links":{"self":[{"href":"https:\/\/urbeamea.ro\/albaiulia\/wp-json\/wp\/v2\/posts\/110824","targetHints":{"allow":["GET"]}}],"collection":[{"href":"https:\/\/urbeamea.ro\/albaiulia\/wp-json\/wp\/v2\/posts"}],"about":[{"href":"https:\/\/urbeamea.ro\/albaiulia\/wp-json\/wp\/v2\/types\/post"}],"author":[{"embeddable":true,"href":"https:\/\/urbeamea.ro\/albaiulia\/wp-json\/wp\/v2\/users\/16"}],"replies":[{"embeddable":true,"href":"https:\/\/urbeamea.ro\/albaiulia\/wp-json\/wp\/v2\/comments?post=110824"}],"version-history":[{"count":1,"href":"https:\/\/urbeamea.ro\/albaiulia\/wp-json\/wp\/v2\/posts\/110824\/revisions"}],"predecessor-version":[{"id":110826,"href":"https:\/\/urbeamea.ro\/albaiulia\/wp-json\/wp\/v2\/posts\/110824\/revisions\/110826"}],"wp:featuredmedia":[{"embeddable":true,"href":"https:\/\/urbeamea.ro\/albaiulia\/wp-json\/wp\/v2\/media\/110825"}],"wp:attachment":[{"href":"https:\/\/urbeamea.ro\/albaiulia\/wp-json\/wp\/v2\/media?parent=110824"}],"wp:term":[{"taxonomy":"category","embeddable":true,"href":"https:\/\/urbeamea.ro\/albaiulia\/wp-json\/wp\/v2\/categories?post=110824"},{"taxonomy":"post_tag","embeddable":true,"href":"https:\/\/urbeamea.ro\/albaiulia\/wp-json\/wp\/v2\/tags?post=110824"}],"curies":[{"name":"wp","href":"https:\/\/api.w.org\/{rel}","templated":true}]}}