{"id":110849,"date":"2024-04-04T15:56:31","date_gmt":"2024-04-04T12:56:31","guid":{"rendered":"https:\/\/urbeamea.ro\/albaiulia\/?p=110849"},"modified":"2024-04-04T15:57:18","modified_gmt":"2024-04-04T12:57:18","slug":"in-perioada-5-7-aprilie-2024-va-avea-loc-cea-de-a-zecea-editie-a-simpozionului-national-de-martirologie","status":"publish","type":"post","link":"https:\/\/urbeamea.ro\/albaiulia\/in-perioada-5-7-aprilie-2024-va-avea-loc-cea-de-a-zecea-editie-a-simpozionului-national-de-martirologie\/","title":{"rendered":"\u00cen perioada 5-7 Aprilie 2024, va avea loc cea de-a zecea edi\u021bie a Simpozionului Na\u021bional de Martirologie"},"content":{"rendered":"\n<p>Vineri, 5 aprilie, la ora 13, la Sala Unirii (spa\u021biile expozi\u021bionale Alba Iulia) va avea loc vernisajul expozi\u021biei \u201eUniVERSURI carcerale: poezia \u00eenchisorilor comuniste\u201d.&nbsp;<\/p>\n\n\n\n<p>Expozi\u021bia aduce \u00een aten\u021bia publicului peste o sut\u0103 de poezii compuse \u00een memorie de cei \u00eenchi\u0219i \u00een penitenciare \u0219i lag\u0103re de munc\u0103 \u00een timpul represiunii comuniste, iar apoi transcrise dup\u0103 eliberare \u0219i publicate, de-a lungul timpului, \u00een antologii de liric\u0103 de deten\u021bie, \u00een reviste, ziare \u0219i volume de memorii.<\/p>\n\n\n\n<p>Grupate tematic, poeziile expuse sunt m\u0103rturie a unui imens patrimoniu de suferin\u021b\u0103; versurile descriu un univers al constr\u00e2ngerilor fizice \u00een care g\u00e2ndul liber \u0219i spiritul triumf\u0103 prin crea\u021biile min\u021bii.&nbsp;<\/p>\n\n\n\n<p>Evenimentul este organizat de Consiliul Jude\u021bean Alba \u0219i de Muzeul Na\u021bional al Unirii Alba Iulia.<\/p>\n\n\n\n<figure class=\"wp-block-gallery has-nested-images columns-default is-cropped wp-block-gallery-1 is-layout-flex wp-block-gallery-is-layout-flex\">\n<figure class=\"wp-block-image size-large\"><a href=\"https:\/\/urbeamea.ro\/albaiulia\/wp-content\/uploads\/2024\/04\/Afis.-Poezia-Marturie.jpeg\"><img loading=\"lazy\" decoding=\"async\" width=\"950\" height=\"1280\" data-id=\"110850\" src=\"https:\/\/urbeamea.ro\/albaiulia\/wp-content\/uploads\/2024\/04\/Afis.-Poezia-Marturie-950x1280.jpeg\" alt=\"\" class=\"wp-image-110850\" srcset=\"https:\/\/urbeamea.ro\/albaiulia\/wp-content\/uploads\/2024\/04\/Afis.-Poezia-Marturie-950x1280.jpeg 950w, https:\/\/urbeamea.ro\/albaiulia\/wp-content\/uploads\/2024\/04\/Afis.-Poezia-Marturie-475x640.jpeg 475w, https:\/\/urbeamea.ro\/albaiulia\/wp-content\/uploads\/2024\/04\/Afis.-Poezia-Marturie-111x150.jpeg 111w, https:\/\/urbeamea.ro\/albaiulia\/wp-content\/uploads\/2024\/04\/Afis.-Poezia-Marturie-768x1034.jpeg 768w, https:\/\/urbeamea.ro\/albaiulia\/wp-content\/uploads\/2024\/04\/Afis.-Poezia-Marturie-1140x1536.jpeg 1140w, https:\/\/urbeamea.ro\/albaiulia\/wp-content\/uploads\/2024\/04\/Afis.-Poezia-Marturie.jpeg 1188w\" sizes=\"auto, (max-width: 950px) 100vw, 950px\" \/><\/a><\/figure>\n\n\n\n<figure class=\"wp-block-image size-large\"><a href=\"https:\/\/urbeamea.ro\/albaiulia\/wp-content\/uploads\/2024\/04\/0.-Afis.Sala-Unirii.jpg\"><img loading=\"lazy\" decoding=\"async\" width=\"905\" height=\"1280\" data-id=\"110851\" src=\"https:\/\/urbeamea.ro\/albaiulia\/wp-content\/uploads\/2024\/04\/0.-Afis.Sala-Unirii-905x1280.jpg\" alt=\"\" class=\"wp-image-110851\" srcset=\"https:\/\/urbeamea.ro\/albaiulia\/wp-content\/uploads\/2024\/04\/0.-Afis.Sala-Unirii-905x1280.jpg 905w, https:\/\/urbeamea.ro\/albaiulia\/wp-content\/uploads\/2024\/04\/0.-Afis.Sala-Unirii-452x640.jpg 452w, https:\/\/urbeamea.ro\/albaiulia\/wp-content\/uploads\/2024\/04\/0.-Afis.Sala-Unirii-106x150.jpg 106w, https:\/\/urbeamea.ro\/albaiulia\/wp-content\/uploads\/2024\/04\/0.-Afis.Sala-Unirii-768x1086.jpg 768w, https:\/\/urbeamea.ro\/albaiulia\/wp-content\/uploads\/2024\/04\/0.-Afis.Sala-Unirii-1086x1536.jpg 1086w, https:\/\/urbeamea.ro\/albaiulia\/wp-content\/uploads\/2024\/04\/0.-Afis.Sala-Unirii.jpg 1414w\" sizes=\"auto, (max-width: 905px) 100vw, 905px\" \/><\/a><\/figure>\n<\/figure>\n\n\n\n<figure class=\"wp-block-gallery has-nested-images columns-default is-cropped wp-block-gallery-2 is-layout-flex wp-block-gallery-is-layout-flex\">\n<figure class=\"wp-block-image size-large\"><a href=\"https:\/\/urbeamea.ro\/albaiulia\/?attachment_id=110853\"><img loading=\"lazy\" decoding=\"async\" width=\"905\" height=\"1280\" data-id=\"110853\" src=\"https:\/\/urbeamea.ro\/albaiulia\/wp-content\/uploads\/2024\/04\/1-3-905x1280.jpg\" alt=\"\" class=\"wp-image-110853\" srcset=\"https:\/\/urbeamea.ro\/albaiulia\/wp-content\/uploads\/2024\/04\/1-3-905x1280.jpg 905w, https:\/\/urbeamea.ro\/albaiulia\/wp-content\/uploads\/2024\/04\/1-3-452x640.jpg 452w, https:\/\/urbeamea.ro\/albaiulia\/wp-content\/uploads\/2024\/04\/1-3-106x150.jpg 106w, https:\/\/urbeamea.ro\/albaiulia\/wp-content\/uploads\/2024\/04\/1-3-768x1086.jpg 768w, https:\/\/urbeamea.ro\/albaiulia\/wp-content\/uploads\/2024\/04\/1-3-1086x1536.jpg 1086w, https:\/\/urbeamea.ro\/albaiulia\/wp-content\/uploads\/2024\/04\/1-3.jpg 1131w\" sizes=\"auto, (max-width: 905px) 100vw, 905px\" \/><\/a><\/figure>\n\n\n\n<figure class=\"wp-block-image size-large\"><a href=\"https:\/\/urbeamea.ro\/albaiulia\/?attachment_id=110852\"><img loading=\"lazy\" decoding=\"async\" width=\"905\" height=\"1280\" data-id=\"110852\" src=\"https:\/\/urbeamea.ro\/albaiulia\/wp-content\/uploads\/2024\/04\/3-1-905x1280.jpg\" alt=\"\" class=\"wp-image-110852\" srcset=\"https:\/\/urbeamea.ro\/albaiulia\/wp-content\/uploads\/2024\/04\/3-1-905x1280.jpg 905w, https:\/\/urbeamea.ro\/albaiulia\/wp-content\/uploads\/2024\/04\/3-1-452x640.jpg 452w, https:\/\/urbeamea.ro\/albaiulia\/wp-content\/uploads\/2024\/04\/3-1-106x150.jpg 106w, https:\/\/urbeamea.ro\/albaiulia\/wp-content\/uploads\/2024\/04\/3-1-768x1086.jpg 768w, https:\/\/urbeamea.ro\/albaiulia\/wp-content\/uploads\/2024\/04\/3-1-1086x1536.jpg 1086w, https:\/\/urbeamea.ro\/albaiulia\/wp-content\/uploads\/2024\/04\/3-1.jpg 1414w\" sizes=\"auto, (max-width: 905px) 100vw, 905px\" \/><\/a><\/figure>\n\n\n\n<figure class=\"wp-block-image size-large\"><a href=\"https:\/\/urbeamea.ro\/albaiulia\/?attachment_id=110854\"><img loading=\"lazy\" decoding=\"async\" width=\"905\" height=\"1280\" data-id=\"110854\" src=\"https:\/\/urbeamea.ro\/albaiulia\/wp-content\/uploads\/2024\/04\/2-3-905x1280.jpg\" alt=\"\" class=\"wp-image-110854\" srcset=\"https:\/\/urbeamea.ro\/albaiulia\/wp-content\/uploads\/2024\/04\/2-3-905x1280.jpg 905w, https:\/\/urbeamea.ro\/albaiulia\/wp-content\/uploads\/2024\/04\/2-3-452x640.jpg 452w, https:\/\/urbeamea.ro\/albaiulia\/wp-content\/uploads\/2024\/04\/2-3-106x150.jpg 106w, https:\/\/urbeamea.ro\/albaiulia\/wp-content\/uploads\/2024\/04\/2-3-768x1086.jpg 768w, https:\/\/urbeamea.ro\/albaiulia\/wp-content\/uploads\/2024\/04\/2-3-1086x1536.jpg 1086w, https:\/\/urbeamea.ro\/albaiulia\/wp-content\/uploads\/2024\/04\/2-3.jpg 1414w\" sizes=\"auto, (max-width: 905px) 100vw, 905px\" \/><\/a><\/figure>\n<\/figure>\n","protected":false},"excerpt":{"rendered":"<p>Vineri, 5 aprilie, la ora 13, la Sala Unirii (spa\u021biile expozi\u021bionale Alba Iulia) va avea loc vernisajul expozi\u021biei \u201eUniVERSURI carcerale: poezia \u00eenchisorilor comuniste\u201d.&nbsp; Expozi\u021bia aduce \u00een aten\u021bia publicului peste o sut\u0103 de poezii compuse \u00een memorie de cei \u00eenchi\u0219i \u00een penitenciare \u0219i lag\u0103re de munc\u0103 \u00een timpul represiunii comuniste, iar apoi transcrise dup\u0103 eliberare \u0219i &hellip;<\/p>\n","protected":false},"author":16,"featured_media":110855,"comment_status":"open","ping_status":"open","sticky":false,"template":"","format":"standard","meta":{"inline_featured_image":false,"footnotes":""},"categories":[4],"tags":[],"class_list":["post-110849","post","type-post","status-publish","format-standard","has-post-thumbnail","hentry","category-eveniment"],"yoast_head":"<!-- This site is optimized with the Yoast SEO plugin v27.4 - https:\/\/yoast.com\/product\/yoast-seo-wordpress\/ -->\n<title>\u00cen perioada 5-7 Aprilie 2024, va avea loc cea de-a zecea edi\u021bie a Simpozionului Na\u021bional de Martirologie - Revista Urbea Mea - Revista de Alba<\/title>\n<meta name=\"description\" content=\"Vineri, 5 aprilie, la ora 13, la Sala Unirii (spa\u021biile expozi\u021bionale Alba Iulia) va avea loc vernisajul expozi\u021biei \u201eUniVERSURI carcerale: poezia\" \/>\n<meta name=\"robots\" content=\"index, follow, max-snippet:-1, max-image-preview:large, max-video-preview:-1\" \/>\n<link rel=\"canonical\" href=\"https:\/\/urbeamea.ro\/albaiulia\/in-perioada-5-7-aprilie-2024-va-avea-loc-cea-de-a-zecea-editie-a-simpozionului-national-de-martirologie\/\" \/>\n<meta name=\"twitter:card\" content=\"summary_large_image\" \/>\n<meta name=\"twitter:title\" content=\"\u00cen perioada 5-7 Aprilie 2024, va avea loc cea de-a zecea edi\u021bie a Simpozionului Na\u021bional de Martirologie - Revista Urbea Mea - Revista de Alba\" \/>\n<meta name=\"twitter:description\" content=\"Vineri, 5 aprilie, la ora 13, la Sala Unirii (spa\u021biile expozi\u021bionale Alba Iulia) va avea loc vernisajul expozi\u021biei \u201eUniVERSURI carcerale: poezia\" \/>\n<meta name=\"twitter:image\" content=\"https:\/\/urbeamea.ro\/albaiulia\/wp-content\/uploads\/2024\/04\/afis-expo-uniVERSURI-carcerale.jpeg\" \/>\n<meta name=\"twitter:creator\" content=\"@urbeameaweb\" \/>\n<meta name=\"twitter:site\" content=\"@urbeameaweb\" \/>\n<script type=\"application\/ld+json\" class=\"yoast-schema-graph\">{\"@context\":\"https:\\\/\\\/schema.org\",\"@graph\":[{\"@type\":\"Article\",\"@id\":\"https:\\\/\\\/urbeamea.ro\\\/albaiulia\\\/in-perioada-5-7-aprilie-2024-va-avea-loc-cea-de-a-zecea-editie-a-simpozionului-national-de-martirologie\\\/#article\",\"isPartOf\":{\"@id\":\"https:\\\/\\\/urbeamea.ro\\\/albaiulia\\\/in-perioada-5-7-aprilie-2024-va-avea-loc-cea-de-a-zecea-editie-a-simpozionului-national-de-martirologie\\\/\"},\"author\":{\"name\":\"Redac\u021bia UrbeaMea\",\"@id\":\"https:\\\/\\\/urbeamea.ro\\\/albaiulia\\\/#\\\/schema\\\/person\\\/272ae98052f8ee8980f59848df070247\"},\"headline\":\"\u00cen perioada 5-7 Aprilie 2024, va avea loc cea de-a zecea edi\u021bie a Simpozionului Na\u021bional de Martirologie\",\"datePublished\":\"2024-04-04T12:56:31+00:00\",\"dateModified\":\"2024-04-04T12:57:18+00:00\",\"mainEntityOfPage\":{\"@id\":\"https:\\\/\\\/urbeamea.ro\\\/albaiulia\\\/in-perioada-5-7-aprilie-2024-va-avea-loc-cea-de-a-zecea-editie-a-simpozionului-national-de-martirologie\\\/\"},\"wordCount\":149,\"commentCount\":0,\"image\":{\"@id\":\"https:\\\/\\\/urbeamea.ro\\\/albaiulia\\\/in-perioada-5-7-aprilie-2024-va-avea-loc-cea-de-a-zecea-editie-a-simpozionului-national-de-martirologie\\\/#primaryimage\"},\"thumbnailUrl\":\"https:\\\/\\\/urbeamea.ro\\\/albaiulia\\\/wp-content\\\/uploads\\\/2024\\\/04\\\/afis-expo-uniVERSURI-carcerale.jpeg\",\"articleSection\":[\"Evenimente\"],\"inLanguage\":\"ro-RO\",\"potentialAction\":[{\"@type\":\"CommentAction\",\"name\":\"Comment\",\"target\":[\"https:\\\/\\\/urbeamea.ro\\\/albaiulia\\\/in-perioada-5-7-aprilie-2024-va-avea-loc-cea-de-a-zecea-editie-a-simpozionului-national-de-martirologie\\\/#respond\"]}]},{\"@type\":\"WebPage\",\"@id\":\"https:\\\/\\\/urbeamea.ro\\\/albaiulia\\\/in-perioada-5-7-aprilie-2024-va-avea-loc-cea-de-a-zecea-editie-a-simpozionului-national-de-martirologie\\\/\",\"url\":\"https:\\\/\\\/urbeamea.ro\\\/albaiulia\\\/in-perioada-5-7-aprilie-2024-va-avea-loc-cea-de-a-zecea-editie-a-simpozionului-national-de-martirologie\\\/\",\"name\":\"\u00cen perioada 5-7 Aprilie 2024, va avea loc cea de-a zecea edi\u021bie a Simpozionului Na\u021bional de Martirologie - Revista Urbea Mea - Revista de Alba\",\"isPartOf\":{\"@id\":\"https:\\\/\\\/urbeamea.ro\\\/albaiulia\\\/#website\"},\"primaryImageOfPage\":{\"@id\":\"https:\\\/\\\/urbeamea.ro\\\/albaiulia\\\/in-perioada-5-7-aprilie-2024-va-avea-loc-cea-de-a-zecea-editie-a-simpozionului-national-de-martirologie\\\/#primaryimage\"},\"image\":{\"@id\":\"https:\\\/\\\/urbeamea.ro\\\/albaiulia\\\/in-perioada-5-7-aprilie-2024-va-avea-loc-cea-de-a-zecea-editie-a-simpozionului-national-de-martirologie\\\/#primaryimage\"},\"thumbnailUrl\":\"https:\\\/\\\/urbeamea.ro\\\/albaiulia\\\/wp-content\\\/uploads\\\/2024\\\/04\\\/afis-expo-uniVERSURI-carcerale.jpeg\",\"datePublished\":\"2024-04-04T12:56:31+00:00\",\"dateModified\":\"2024-04-04T12:57:18+00:00\",\"author\":{\"@id\":\"https:\\\/\\\/urbeamea.ro\\\/albaiulia\\\/#\\\/schema\\\/person\\\/272ae98052f8ee8980f59848df070247\"},\"description\":\"Vineri, 5 aprilie, la ora 13, la Sala Unirii (spa\u021biile expozi\u021bionale Alba Iulia) va avea loc vernisajul expozi\u021biei \u201eUniVERSURI carcerale: poezia\",\"breadcrumb\":{\"@id\":\"https:\\\/\\\/urbeamea.ro\\\/albaiulia\\\/in-perioada-5-7-aprilie-2024-va-avea-loc-cea-de-a-zecea-editie-a-simpozionului-national-de-martirologie\\\/#breadcrumb\"},\"inLanguage\":\"ro-RO\",\"potentialAction\":[{\"@type\":\"ReadAction\",\"target\":[\"https:\\\/\\\/urbeamea.ro\\\/albaiulia\\\/in-perioada-5-7-aprilie-2024-va-avea-loc-cea-de-a-zecea-editie-a-simpozionului-national-de-martirologie\\\/\"]}]},{\"@type\":\"ImageObject\",\"inLanguage\":\"ro-RO\",\"@id\":\"https:\\\/\\\/urbeamea.ro\\\/albaiulia\\\/in-perioada-5-7-aprilie-2024-va-avea-loc-cea-de-a-zecea-editie-a-simpozionului-national-de-martirologie\\\/#primaryimage\",\"url\":\"https:\\\/\\\/urbeamea.ro\\\/albaiulia\\\/wp-content\\\/uploads\\\/2024\\\/04\\\/afis-expo-uniVERSURI-carcerale.jpeg\",\"contentUrl\":\"https:\\\/\\\/urbeamea.ro\\\/albaiulia\\\/wp-content\\\/uploads\\\/2024\\\/04\\\/afis-expo-uniVERSURI-carcerale.jpeg\",\"width\":1600,\"height\":1600},{\"@type\":\"BreadcrumbList\",\"@id\":\"https:\\\/\\\/urbeamea.ro\\\/albaiulia\\\/in-perioada-5-7-aprilie-2024-va-avea-loc-cea-de-a-zecea-editie-a-simpozionului-national-de-martirologie\\\/#breadcrumb\",\"itemListElement\":[{\"@type\":\"ListItem\",\"position\":1,\"name\":\"Prima pagin\u0103\",\"item\":\"https:\\\/\\\/urbeamea.ro\\\/albaiulia\\\/\"},{\"@type\":\"ListItem\",\"position\":2,\"name\":\"\u00cen perioada 5-7 Aprilie 2024, va avea loc cea de-a zecea edi\u021bie a Simpozionului Na\u021bional de Martirologie\"}]},{\"@type\":\"WebSite\",\"@id\":\"https:\\\/\\\/urbeamea.ro\\\/albaiulia\\\/#website\",\"url\":\"https:\\\/\\\/urbeamea.ro\\\/albaiulia\\\/\",\"name\":\"Revista Urbea Mea, Stiri urbane\",\"description\":\"Evenimente \u0219i \u0219tiri din Alba Iulia, Sebe\u0219, Aiud, Blaj\",\"potentialAction\":[{\"@type\":\"SearchAction\",\"target\":{\"@type\":\"EntryPoint\",\"urlTemplate\":\"https:\\\/\\\/urbeamea.ro\\\/albaiulia\\\/?s={search_term_string}\"},\"query-input\":{\"@type\":\"PropertyValueSpecification\",\"valueRequired\":true,\"valueName\":\"search_term_string\"}}],\"inLanguage\":\"ro-RO\"},{\"@type\":\"Person\",\"@id\":\"https:\\\/\\\/urbeamea.ro\\\/albaiulia\\\/#\\\/schema\\\/person\\\/272ae98052f8ee8980f59848df070247\",\"name\":\"Redac\u021bia UrbeaMea\",\"image\":{\"@type\":\"ImageObject\",\"inLanguage\":\"ro-RO\",\"@id\":\"https:\\\/\\\/secure.gravatar.com\\\/avatar\\\/9ce5a9435071fa1037e8468053ead8e513dbbff59009d3069aadb85506d85a27?s=96&d=mm&r=g\",\"url\":\"https:\\\/\\\/secure.gravatar.com\\\/avatar\\\/9ce5a9435071fa1037e8468053ead8e513dbbff59009d3069aadb85506d85a27?s=96&d=mm&r=g\",\"contentUrl\":\"https:\\\/\\\/secure.gravatar.com\\\/avatar\\\/9ce5a9435071fa1037e8468053ead8e513dbbff59009d3069aadb85506d85a27?s=96&d=mm&r=g\",\"caption\":\"Redac\u021bia UrbeaMea\"},\"description\":\"contact@urbeamea.ro\",\"sameAs\":[\"https:\\\/\\\/www.urbeamea.ro\"],\"url\":\"https:\\\/\\\/urbeamea.ro\\\/albaiulia\\\/author\\\/redactia-urbeamea\\\/\"}]}<\/script>\n<!-- \/ Yoast SEO plugin. -->","yoast_head_json":{"title":"\u00cen perioada 5-7 Aprilie 2024, va avea loc cea de-a zecea edi\u021bie a Simpozionului Na\u021bional de Martirologie - Revista Urbea Mea - Revista de Alba","description":"Vineri, 5 aprilie, la ora 13, la Sala Unirii (spa\u021biile expozi\u021bionale Alba Iulia) va avea loc vernisajul expozi\u021biei \u201eUniVERSURI carcerale: poezia","robots":{"index":"index","follow":"follow","max-snippet":"max-snippet:-1","max-image-preview":"max-image-preview:large","max-video-preview":"max-video-preview:-1"},"canonical":"https:\/\/urbeamea.ro\/albaiulia\/in-perioada-5-7-aprilie-2024-va-avea-loc-cea-de-a-zecea-editie-a-simpozionului-national-de-martirologie\/","twitter_card":"summary_large_image","twitter_title":"\u00cen perioada 5-7 Aprilie 2024, va avea loc cea de-a zecea edi\u021bie a Simpozionului Na\u021bional de Martirologie - Revista Urbea Mea - Revista de Alba","twitter_description":"Vineri, 5 aprilie, la ora 13, la Sala Unirii (spa\u021biile expozi\u021bionale Alba Iulia) va avea loc vernisajul expozi\u021biei \u201eUniVERSURI carcerale: poezia","twitter_image":"https:\/\/urbeamea.ro\/albaiulia\/wp-content\/uploads\/2024\/04\/afis-expo-uniVERSURI-carcerale.jpeg","twitter_creator":"@urbeameaweb","twitter_site":"@urbeameaweb","schema":{"@context":"https:\/\/schema.org","@graph":[{"@type":"Article","@id":"https:\/\/urbeamea.ro\/albaiulia\/in-perioada-5-7-aprilie-2024-va-avea-loc-cea-de-a-zecea-editie-a-simpozionului-national-de-martirologie\/#article","isPartOf":{"@id":"https:\/\/urbeamea.ro\/albaiulia\/in-perioada-5-7-aprilie-2024-va-avea-loc-cea-de-a-zecea-editie-a-simpozionului-national-de-martirologie\/"},"author":{"name":"Redac\u021bia UrbeaMea","@id":"https:\/\/urbeamea.ro\/albaiulia\/#\/schema\/person\/272ae98052f8ee8980f59848df070247"},"headline":"\u00cen perioada 5-7 Aprilie 2024, va avea loc cea de-a zecea edi\u021bie a Simpozionului Na\u021bional de Martirologie","datePublished":"2024-04-04T12:56:31+00:00","dateModified":"2024-04-04T12:57:18+00:00","mainEntityOfPage":{"@id":"https:\/\/urbeamea.ro\/albaiulia\/in-perioada-5-7-aprilie-2024-va-avea-loc-cea-de-a-zecea-editie-a-simpozionului-national-de-martirologie\/"},"wordCount":149,"commentCount":0,"image":{"@id":"https:\/\/urbeamea.ro\/albaiulia\/in-perioada-5-7-aprilie-2024-va-avea-loc-cea-de-a-zecea-editie-a-simpozionului-national-de-martirologie\/#primaryimage"},"thumbnailUrl":"https:\/\/urbeamea.ro\/albaiulia\/wp-content\/uploads\/2024\/04\/afis-expo-uniVERSURI-carcerale.jpeg","articleSection":["Evenimente"],"inLanguage":"ro-RO","potentialAction":[{"@type":"CommentAction","name":"Comment","target":["https:\/\/urbeamea.ro\/albaiulia\/in-perioada-5-7-aprilie-2024-va-avea-loc-cea-de-a-zecea-editie-a-simpozionului-national-de-martirologie\/#respond"]}]},{"@type":"WebPage","@id":"https:\/\/urbeamea.ro\/albaiulia\/in-perioada-5-7-aprilie-2024-va-avea-loc-cea-de-a-zecea-editie-a-simpozionului-national-de-martirologie\/","url":"https:\/\/urbeamea.ro\/albaiulia\/in-perioada-5-7-aprilie-2024-va-avea-loc-cea-de-a-zecea-editie-a-simpozionului-national-de-martirologie\/","name":"\u00cen perioada 5-7 Aprilie 2024, va avea loc cea de-a zecea edi\u021bie a Simpozionului Na\u021bional de Martirologie - Revista Urbea Mea - Revista de Alba","isPartOf":{"@id":"https:\/\/urbeamea.ro\/albaiulia\/#website"},"primaryImageOfPage":{"@id":"https:\/\/urbeamea.ro\/albaiulia\/in-perioada-5-7-aprilie-2024-va-avea-loc-cea-de-a-zecea-editie-a-simpozionului-national-de-martirologie\/#primaryimage"},"image":{"@id":"https:\/\/urbeamea.ro\/albaiulia\/in-perioada-5-7-aprilie-2024-va-avea-loc-cea-de-a-zecea-editie-a-simpozionului-national-de-martirologie\/#primaryimage"},"thumbnailUrl":"https:\/\/urbeamea.ro\/albaiulia\/wp-content\/uploads\/2024\/04\/afis-expo-uniVERSURI-carcerale.jpeg","datePublished":"2024-04-04T12:56:31+00:00","dateModified":"2024-04-04T12:57:18+00:00","author":{"@id":"https:\/\/urbeamea.ro\/albaiulia\/#\/schema\/person\/272ae98052f8ee8980f59848df070247"},"description":"Vineri, 5 aprilie, la ora 13, la Sala Unirii (spa\u021biile expozi\u021bionale Alba Iulia) va avea loc vernisajul expozi\u021biei \u201eUniVERSURI carcerale: poezia","breadcrumb":{"@id":"https:\/\/urbeamea.ro\/albaiulia\/in-perioada-5-7-aprilie-2024-va-avea-loc-cea-de-a-zecea-editie-a-simpozionului-national-de-martirologie\/#breadcrumb"},"inLanguage":"ro-RO","potentialAction":[{"@type":"ReadAction","target":["https:\/\/urbeamea.ro\/albaiulia\/in-perioada-5-7-aprilie-2024-va-avea-loc-cea-de-a-zecea-editie-a-simpozionului-national-de-martirologie\/"]}]},{"@type":"ImageObject","inLanguage":"ro-RO","@id":"https:\/\/urbeamea.ro\/albaiulia\/in-perioada-5-7-aprilie-2024-va-avea-loc-cea-de-a-zecea-editie-a-simpozionului-national-de-martirologie\/#primaryimage","url":"https:\/\/urbeamea.ro\/albaiulia\/wp-content\/uploads\/2024\/04\/afis-expo-uniVERSURI-carcerale.jpeg","contentUrl":"https:\/\/urbeamea.ro\/albaiulia\/wp-content\/uploads\/2024\/04\/afis-expo-uniVERSURI-carcerale.jpeg","width":1600,"height":1600},{"@type":"BreadcrumbList","@id":"https:\/\/urbeamea.ro\/albaiulia\/in-perioada-5-7-aprilie-2024-va-avea-loc-cea-de-a-zecea-editie-a-simpozionului-national-de-martirologie\/#breadcrumb","itemListElement":[{"@type":"ListItem","position":1,"name":"Prima pagin\u0103","item":"https:\/\/urbeamea.ro\/albaiulia\/"},{"@type":"ListItem","position":2,"name":"\u00cen perioada 5-7 Aprilie 2024, va avea loc cea de-a zecea edi\u021bie a Simpozionului Na\u021bional de Martirologie"}]},{"@type":"WebSite","@id":"https:\/\/urbeamea.ro\/albaiulia\/#website","url":"https:\/\/urbeamea.ro\/albaiulia\/","name":"Revista Urbea Mea, Stiri urbane","description":"Evenimente \u0219i \u0219tiri din Alba Iulia, Sebe\u0219, Aiud, Blaj","potentialAction":[{"@type":"SearchAction","target":{"@type":"EntryPoint","urlTemplate":"https:\/\/urbeamea.ro\/albaiulia\/?s={search_term_string}"},"query-input":{"@type":"PropertyValueSpecification","valueRequired":true,"valueName":"search_term_string"}}],"inLanguage":"ro-RO"},{"@type":"Person","@id":"https:\/\/urbeamea.ro\/albaiulia\/#\/schema\/person\/272ae98052f8ee8980f59848df070247","name":"Redac\u021bia UrbeaMea","image":{"@type":"ImageObject","inLanguage":"ro-RO","@id":"https:\/\/secure.gravatar.com\/avatar\/9ce5a9435071fa1037e8468053ead8e513dbbff59009d3069aadb85506d85a27?s=96&d=mm&r=g","url":"https:\/\/secure.gravatar.com\/avatar\/9ce5a9435071fa1037e8468053ead8e513dbbff59009d3069aadb85506d85a27?s=96&d=mm&r=g","contentUrl":"https:\/\/secure.gravatar.com\/avatar\/9ce5a9435071fa1037e8468053ead8e513dbbff59009d3069aadb85506d85a27?s=96&d=mm&r=g","caption":"Redac\u021bia UrbeaMea"},"description":"contact@urbeamea.ro","sameAs":["https:\/\/www.urbeamea.ro"],"url":"https:\/\/urbeamea.ro\/albaiulia\/author\/redactia-urbeamea\/"}]}},"_links":{"self":[{"href":"https:\/\/urbeamea.ro\/albaiulia\/wp-json\/wp\/v2\/posts\/110849","targetHints":{"allow":["GET"]}}],"collection":[{"href":"https:\/\/urbeamea.ro\/albaiulia\/wp-json\/wp\/v2\/posts"}],"about":[{"href":"https:\/\/urbeamea.ro\/albaiulia\/wp-json\/wp\/v2\/types\/post"}],"author":[{"embeddable":true,"href":"https:\/\/urbeamea.ro\/albaiulia\/wp-json\/wp\/v2\/users\/16"}],"replies":[{"embeddable":true,"href":"https:\/\/urbeamea.ro\/albaiulia\/wp-json\/wp\/v2\/comments?post=110849"}],"version-history":[{"count":2,"href":"https:\/\/urbeamea.ro\/albaiulia\/wp-json\/wp\/v2\/posts\/110849\/revisions"}],"predecessor-version":[{"id":110857,"href":"https:\/\/urbeamea.ro\/albaiulia\/wp-json\/wp\/v2\/posts\/110849\/revisions\/110857"}],"wp:featuredmedia":[{"embeddable":true,"href":"https:\/\/urbeamea.ro\/albaiulia\/wp-json\/wp\/v2\/media\/110855"}],"wp:attachment":[{"href":"https:\/\/urbeamea.ro\/albaiulia\/wp-json\/wp\/v2\/media?parent=110849"}],"wp:term":[{"taxonomy":"category","embeddable":true,"href":"https:\/\/urbeamea.ro\/albaiulia\/wp-json\/wp\/v2\/categories?post=110849"},{"taxonomy":"post_tag","embeddable":true,"href":"https:\/\/urbeamea.ro\/albaiulia\/wp-json\/wp\/v2\/tags?post=110849"}],"curies":[{"name":"wp","href":"https:\/\/api.w.org\/{rel}","templated":true}]}}