{"id":110861,"date":"2024-04-04T16:05:18","date_gmt":"2024-04-04T13:05:18","guid":{"rendered":"https:\/\/urbeamea.ro\/albaiulia\/?p=110861"},"modified":"2024-04-04T16:05:20","modified_gmt":"2024-04-04T13:05:20","slug":"continuam-caravana-de-responsabilitate-civica-si-a-implicarii-europene-a-cetatenilor-din-regiunea-centru","status":"publish","type":"post","link":"https:\/\/urbeamea.ro\/albaiulia\/continuam-caravana-de-responsabilitate-civica-si-a-implicarii-europene-a-cetatenilor-din-regiunea-centru\/","title":{"rendered":"Continu\u0103m caravana de responsabilitate civic\u0103 \u0219i a implic\u0103rii europene a cet\u0103\u021benilor din Regiunea Centru\u00a0"},"content":{"rendered":"\n<p><strong>Dac\u0103 te \u00eentrebi &#8222;De ce s\u0103 votez?&#8221; atunci te a\u0219tept\u0103m s\u0103 participi \u0219i s\u0103 ne \u00eentrebi sau s\u0103 ne chemi s\u0103 \u00ee\u021bi r\u0103spundem la \u00eentrebare. Cu acest mesaj, Europe Direct Regiunea Centru sus\u021binut de structura gazd\u0103, Agen\u021bia pentru Dezvoltare Regional\u0103 Centru \u0219i de Comisia European\u0103, \u00een colaborare cu autorit\u0103\u021bile publice locale din cele \u0219ase jude\u021be ale Regiunii Centru organizeaz\u0103 o caravana de informare \u0219i responsabilitate civic\u0103 a cet\u0103\u021benilor \u0219i angaja\u021bilor din mediul public \u0219i privat. Anul 2024 este un an cu patru runde de alegeri, care demareaz\u0103 cu alegerile europarlamentare. Oricare cet\u0103\u021bean din jude\u021bele Regiunii Centru: Alba, Bra\u0219ov, Covasna, Harghita, Mure\u0219 \u0219i Sibiu, care are aceste dileme privind sprijinul de care a beneficiat Rom\u00e2nia din partea UE este invitat s\u0103 participe \u00een evenimentele publice propuse de organizatori.&nbsp;<\/strong><\/p>\n\n\n\n<p>De ce s\u0103 participi la alegerile europarlamentare? Fiindc\u0103 Parlamentul European este locul \u00een care \u00eentreaga Uniune European\u0103 discut\u0103 \u0219i decide cu privire la subiecte importante care au un impact asupra vie\u021bii noastre. \u00cen calitate de cet\u0103\u021bean european, fiecare are un rol esen\u021bial \u00een acest proces. Democra\u021bia \u00eencepe cu noi, cet\u0103\u021benii, \u0219i periodic putem transmite politicienilor mesajul nostru. Cet\u0103\u021benii pun lucrurile \u00een mi\u0219care c\u00e2nd voteaz\u0103 la alegerile pentru Parlamentul European, iar deciziile luate la nivel european ne afecteaz\u0103 via\u021ba. F\u0103r\u0103 aceast\u0103 responsabilitate civic\u0103 \u0219i f\u0103r\u0103 implicare, nu vom putea influen\u021ba viitorul, valorile&nbsp; se estompeaz\u0103, iar normalitatea se dezechilibreaz\u0103.<\/p>\n\n\n\n<p>\u00cen perioada martie \u2013 mai, Centrul Europe Direct Regiunea Centru va derula\u00a0<strong>caravana de informare<\/strong>\u00a0\u0219i implicare civic\u0103 a cet\u0103\u021benilor privind participarea la\u00a0<strong>alegerile europarlamentare<\/strong>. Scopul acestor \u00eent\u00e2lniri este de a discuta cu cet\u0103\u021benii despre importanta particip\u0103rii la vot, cu accept pe beneficii europene, nu se transmit mesaje politice \u0219i nu prezent\u0103m op\u021biuni politice Cu mesajul\u00a0<strong>#FOLOSE\u0218TE-\u021aI VOTUL\u00a0<\/strong>\u0219i discu\u021bii fa\u021b\u0103 \u00een fa\u021b\u0103 cu sute de angaja\u021bi din diferite societ\u0103\u021bi comerciale, echipa EUROPE Direct al\u0103turi de reprezenta\u021bii institu\u021biilor locale vor sublinia faptul c\u0103 \u00een 9 iunie 2024 putem alege oamenii care trebuie s\u0103 sus\u021bin\u0103 pe termen lung interesele Rom\u00e2niei, care vor contribui la alegerea noului Pre\u0219edinte al\u00a0 Comisiei Europene \u0219i care vor exprima direc\u021bia sprijinului oferit de Uniunea European\u0103.<\/p>\n\n\n\n<figure class=\"wp-block-gallery has-nested-images columns-default is-cropped wp-block-gallery-1 is-layout-flex wp-block-gallery-is-layout-flex\">\n<figure class=\"wp-block-image size-large\"><a href=\"https:\/\/urbeamea.ro\/albaiulia\/wp-content\/uploads\/2024\/04\/Brasov.png\"><img loading=\"lazy\" decoding=\"async\" width=\"1280\" height=\"720\" data-id=\"110866\" src=\"https:\/\/urbeamea.ro\/albaiulia\/wp-content\/uploads\/2024\/04\/Brasov.png\" alt=\"\" class=\"wp-image-110866\" srcset=\"https:\/\/urbeamea.ro\/albaiulia\/wp-content\/uploads\/2024\/04\/Brasov.png 1280w, https:\/\/urbeamea.ro\/albaiulia\/wp-content\/uploads\/2024\/04\/Brasov-640x360.png 640w, https:\/\/urbeamea.ro\/albaiulia\/wp-content\/uploads\/2024\/04\/Brasov-150x84.png 150w, https:\/\/urbeamea.ro\/albaiulia\/wp-content\/uploads\/2024\/04\/Brasov-768x432.png 768w, https:\/\/urbeamea.ro\/albaiulia\/wp-content\/uploads\/2024\/04\/Brasov-390x220.png 390w\" sizes=\"auto, (max-width: 1280px) 100vw, 1280px\" \/><\/a><\/figure>\n\n\n\n<figure class=\"wp-block-image size-large\"><a href=\"https:\/\/urbeamea.ro\/albaiulia\/wp-content\/uploads\/2024\/04\/Covasna.png\"><img loading=\"lazy\" decoding=\"async\" width=\"1280\" height=\"720\" data-id=\"110865\" src=\"https:\/\/urbeamea.ro\/albaiulia\/wp-content\/uploads\/2024\/04\/Covasna.png\" alt=\"\" class=\"wp-image-110865\" srcset=\"https:\/\/urbeamea.ro\/albaiulia\/wp-content\/uploads\/2024\/04\/Covasna.png 1280w, https:\/\/urbeamea.ro\/albaiulia\/wp-content\/uploads\/2024\/04\/Covasna-640x360.png 640w, https:\/\/urbeamea.ro\/albaiulia\/wp-content\/uploads\/2024\/04\/Covasna-150x84.png 150w, https:\/\/urbeamea.ro\/albaiulia\/wp-content\/uploads\/2024\/04\/Covasna-768x432.png 768w, https:\/\/urbeamea.ro\/albaiulia\/wp-content\/uploads\/2024\/04\/Covasna-390x220.png 390w\" sizes=\"auto, (max-width: 1280px) 100vw, 1280px\" \/><\/a><\/figure>\n\n\n\n<figure class=\"wp-block-image size-large\"><a href=\"https:\/\/urbeamea.ro\/albaiulia\/wp-content\/uploads\/2024\/04\/Harghita.png\"><img loading=\"lazy\" decoding=\"async\" width=\"1280\" height=\"720\" data-id=\"110864\" src=\"https:\/\/urbeamea.ro\/albaiulia\/wp-content\/uploads\/2024\/04\/Harghita.png\" alt=\"\" class=\"wp-image-110864\" srcset=\"https:\/\/urbeamea.ro\/albaiulia\/wp-content\/uploads\/2024\/04\/Harghita.png 1280w, https:\/\/urbeamea.ro\/albaiulia\/wp-content\/uploads\/2024\/04\/Harghita-640x360.png 640w, https:\/\/urbeamea.ro\/albaiulia\/wp-content\/uploads\/2024\/04\/Harghita-150x84.png 150w, https:\/\/urbeamea.ro\/albaiulia\/wp-content\/uploads\/2024\/04\/Harghita-768x432.png 768w, https:\/\/urbeamea.ro\/albaiulia\/wp-content\/uploads\/2024\/04\/Harghita-390x220.png 390w\" sizes=\"auto, (max-width: 1280px) 100vw, 1280px\" \/><\/a><\/figure>\n\n\n\n<figure class=\"wp-block-image size-large\"><a href=\"https:\/\/urbeamea.ro\/albaiulia\/wp-content\/uploads\/2024\/04\/Mures.png\"><img loading=\"lazy\" decoding=\"async\" width=\"1280\" height=\"720\" data-id=\"110863\" src=\"https:\/\/urbeamea.ro\/albaiulia\/wp-content\/uploads\/2024\/04\/Mures.png\" alt=\"\" class=\"wp-image-110863\" srcset=\"https:\/\/urbeamea.ro\/albaiulia\/wp-content\/uploads\/2024\/04\/Mures.png 1280w, https:\/\/urbeamea.ro\/albaiulia\/wp-content\/uploads\/2024\/04\/Mures-640x360.png 640w, https:\/\/urbeamea.ro\/albaiulia\/wp-content\/uploads\/2024\/04\/Mures-150x84.png 150w, https:\/\/urbeamea.ro\/albaiulia\/wp-content\/uploads\/2024\/04\/Mures-768x432.png 768w, https:\/\/urbeamea.ro\/albaiulia\/wp-content\/uploads\/2024\/04\/Mures-390x220.png 390w\" sizes=\"auto, (max-width: 1280px) 100vw, 1280px\" \/><\/a><\/figure>\n\n\n\n<figure class=\"wp-block-image size-large\"><a href=\"https:\/\/urbeamea.ro\/albaiulia\/wp-content\/uploads\/2024\/04\/Sibiu.png\"><img loading=\"lazy\" decoding=\"async\" width=\"1280\" height=\"720\" data-id=\"110862\" src=\"https:\/\/urbeamea.ro\/albaiulia\/wp-content\/uploads\/2024\/04\/Sibiu.png\" alt=\"\" class=\"wp-image-110862\" srcset=\"https:\/\/urbeamea.ro\/albaiulia\/wp-content\/uploads\/2024\/04\/Sibiu.png 1280w, https:\/\/urbeamea.ro\/albaiulia\/wp-content\/uploads\/2024\/04\/Sibiu-640x360.png 640w, https:\/\/urbeamea.ro\/albaiulia\/wp-content\/uploads\/2024\/04\/Sibiu-150x84.png 150w, https:\/\/urbeamea.ro\/albaiulia\/wp-content\/uploads\/2024\/04\/Sibiu-768x432.png 768w, https:\/\/urbeamea.ro\/albaiulia\/wp-content\/uploads\/2024\/04\/Sibiu-390x220.png 390w\" sizes=\"auto, (max-width: 1280px) 100vw, 1280px\" \/><\/a><\/figure>\n<\/figure>\n\n\n\n<blockquote class=\"wp-block-quote is-layout-flow wp-block-quote-is-layout-flow\">\n<p><em>Acest an este important pentru noi to\u021bi,\u00a0 fiindc\u0103 transmitem Uniunii Europene \u0219i celorlalte \u021b\u0103ri un mesaj despre op\u021biunea noastr\u0103 politic\u0103, despre ce ne dorim pentru viitorul Rom\u00e2niei, al Regiunii Centru, al fiec\u0103rui ora\u0219, comun\u0103, municipiu sau jude\u021b \u00een care tr\u0103im. Indiferent de op\u021biunea fiec\u0103ruia, anul acesta vom avea 4 buletine de vot care pot influen\u021ba viitorul Europei. Participare al vot este un gest esen\u021bial. Vot\u0103m pentru democra\u021bie \u0219i libertate, vot\u0103m statutul de stat membru al UE \u00een urma c\u0103ruia au rezultat pentru noi beneficii nete, vot\u0103m drepturile \u0219i proiectele europene care ne-au oferit at\u00e2t de multe oportunit\u0103\u021bi. Din 2007 \u00een Regiunea Centru, doar prin programele coordonate de ADR Centru la nivel regional, am atras \u00een dezvoltarea,\u00a0 modernizarea \u0219i crearea de locuri de munc\u0103 \u00een regiune, peste 2,2 miliarde euro. \u00cen perioada 2021-2027 cu \u00eenc\u0103 1,4 miliarde euro vom continua dezvoltarea jude\u021belor din centrul \u021b\u0103rii. Multe dintre normele care ne afecteaz\u0103, programele pentru tineri, finan\u021b\u0103ri pentru fotovoltaice sau anveloparea cl\u0103dirilor, fondurile pentru firme \u0219i alte politici sunt stabilite la nivelul UE, iar noi am beneficiat de ele. Este responsabilitatea fiec\u0103rui cet\u0103\u021bean s\u0103 voteze, iar dac\u0103 nu are op\u021biuni, atunci trebuie s\u0103 se implice \u0219i s\u0103-\u0219i asume responsabilitatea de a schimba \u00een bine societatea \u0219i comunitatea, \u00een afar\u0103 de un simplu vot. Pe l\u00e2ng\u0103 vot, la fel de important este ca oamenii s\u0103 fie informa\u021bi, s\u0103-\u0219i exprime p\u0103rerea liber \u00een diferite moduri \u0219i s\u0103 cunoasc\u0103 fiecare dintre aspectele care conteaz\u0103 pentru noi \u0219i pentru viitorul nostru. Libertatea de a face toate acestea este un element pre\u021bios al democra\u021biei, pe care l-am c\u00e2\u0219tigat \u00een 1990 \u0219i este \u00een interesul nostru s\u0103 o ap\u0103r\u0103m. Pentru aceste motive invit\u0103m cet\u0103\u021beni s\u0103 participe la aceast\u0103 caravan\u0103 \u0219i discu\u021bii, iar apoi s\u0103 participe la scrutinul european<\/em>.<\/p>\n<cite>Simion Cre\u021bu, director general ADR Centru<\/cite><\/blockquote>\n\n\n\n<p>La nivelul jude\u021bului Alba am participat la \u00eent\u00e2lniri realizate cu sprijinul autorit\u0103\u021bilor locale \u00een 5 localit\u0103\u021bi la care au participat peste 300 persoane.<\/p>\n\n\n\n<p>Ave\u021bi ata\u0219ate loca\u021biile \u0219i datele de desf\u0103\u0219urare ale acestor activit\u0103\u021bi \u00een urm\u0103toarele jude\u021be Sibiu, Bra\u0219ov, Covasna, Harghita Mure\u0219<\/p>\n\n\n\n<p>Link site&nbsp;<a href=\"https:\/\/europedirect-adrcentru.ro\/caravana-de-responsabilitate-civica-si-a-implicarii-europene-a-cetatenilor-din-regiunea-centru\/\" target=\"_blank\" rel=\"noreferrer noopener\">https:\/\/europedirect-adrcentru.ro\/caravana-de-responsabilitate-civica-si-a-implicarii-europene-a-cetatenilor-din-regiunea-centru\/<\/a><\/p>\n\n\n\n<p>Foto intalniri:&nbsp;<a href=\"https:\/\/www.facebook.com\/EDregiuneacentru\" target=\"_blank\" rel=\"noreferrer noopener\">https:\/\/www.facebook.com\/EDregiuneacentru<\/a><\/p>\n\n\n\n<p><strong>V\u0102 MUL\u021aUMIM PENTRU SPRIJINUL ACORDAT, PRIN REDISTRIBUIREA ACESTOR INFORMA\u021aII.<\/strong><strong><\/strong><\/p>\n\n\n\n<p><strong>\u00cen cadrul campaniei de informare privind alegerile europene, mai multe resurse sunt deja disponibile, printre care includem aici c\u00e2teva linkuri \u0219i materiale:<\/strong><\/p>\n\n\n\n<p>\u00b7&nbsp;&nbsp;&nbsp;&nbsp;&nbsp;&nbsp;&nbsp;&nbsp;&nbsp;&#8211; Site-ul Parlamentului European privind alegerile europene 2024 (actualizat pe m\u0103sur\u0103 ce informa\u021biile devin disponibile):&nbsp;<a href=\"https:\/\/elections.europa.eu\/ro\/\" target=\"_blank\" rel=\"noreferrer noopener\">https:\/\/elections.europa.eu\/ro\/<\/a><\/p>\n\n\n\n<p>\u00b7&nbsp;&nbsp;&nbsp;&nbsp;&nbsp;&nbsp;&nbsp;&nbsp;&nbsp;&#8211; Centrul de desc\u0103rcare (Download Centre) disponibil pe platforma&nbsp;<strong><u>impreuna-in.eu<\/u><\/strong>:&nbsp;<a href=\"https:\/\/impreuna-in.eu\/ro\/download-centre\" target=\"_blank\" rel=\"noreferrer noopener\">https:\/\/impreuna-in.eu\/ro\/download-centre<\/a><\/p>\n\n\n\n<p>\u00b7&nbsp;&nbsp;&nbsp;&nbsp;&nbsp;&nbsp;&nbsp;&nbsp;&nbsp;&#8211; Site-ul interactiv multilingv &#8222;Ce face Europa pentru mine&#8221;, care cuprinde sute de documente scurte, u\u0219or de citit, oferind exemple ale influen\u021bei pozitive pe care UE o are \u00een via\u021ba oamenilor:&nbsp;<a href=\"https:\/\/what-europe-does-for-me.europarl.europa.eu\/ro\/home\" target=\"_blank\" rel=\"noreferrer noopener\">https:\/\/what-europe-does-for-me.europarl.europa.eu\/ro\/home<\/a><\/p>\n\n\n\n<p>\u00b7&nbsp;&nbsp;&nbsp;&nbsp;&nbsp;&nbsp;&nbsp;&nbsp;&nbsp;&#8211; Seria de anima\u021bii cu Simona \u2013 asistenta virtual\u0103 a campaniei impreuna-in.eu:<\/p>\n\n\n\n<p>\u00b7&nbsp;&nbsp;&nbsp;&nbsp;&nbsp;&nbsp;&nbsp;&nbsp;&nbsp;Episodul 1 &#8211; informa\u021bii despre Uniunea European\u0103 \u0219i despre beneficiile de care s-au bucurat \u0219i se bucur\u0103 cet\u0103\u021benii rom\u00e2ni ca urmare a apartenen\u021bei Rom\u00e2niei la Uniunea European\u0103:&nbsp;<a href=\"https:\/\/www.youtube.com\/watch?v=7AgtEO14JTA\" target=\"_blank\" rel=\"noreferrer noopener\">https:\/\/www.youtube.com\/watch?v=7AgtEO14JTA<\/a><\/p>\n\n\n\n<p>\u00b7&nbsp;&nbsp;&nbsp;&nbsp;&nbsp;&nbsp;&nbsp;&nbsp;&nbsp;Episodul 2 &#8211; combaterea dezinform\u0103rii:&nbsp;<a href=\"https:\/\/www.youtube.com\/watch?v=BmYHxmV3fpo\" target=\"_blank\" rel=\"noreferrer noopener\">https:\/\/www.youtube.com\/watch?v=BmYHxmV3fpo<\/a><\/p>\n\n\n\n<p>\u00b7&nbsp;&nbsp;&nbsp;&nbsp;&nbsp;&nbsp;&nbsp;&nbsp;&nbsp;Episodul 3 \u2013 demont\u0103m mituri despre UE \u2013&nbsp;<a href=\"https:\/\/youtu.be\/Ql-tgz5mH70\" target=\"_blank\" rel=\"noreferrer noopener\">https:\/\/youtu.be\/Ql-tgz5mH70<\/a><\/p>\n\n\n\n<p>Odat\u0103 cu \u00eencheierea campaniei de mobilizare a cet\u0103\u021benilor, respectiv la \u00eenceputul&nbsp; lunii mai, cu sprijinul unit\u0103\u021bilor de \u00eenv\u0103\u021b\u0103m\u00e2nt, tinerii care pot vota prima dat\u0103 vor fi implica\u021bi \u00een data de 9 mai, de Ziua Europei,&nbsp; \u00eentr-un joc simulare a procesului decizional la nivel European, pentru a putea vizualiza \u0219i decide \u00een cuno\u0219tin\u021b\u0103 de cauz\u0103&nbsp; importan\u021ba votului lor.<\/p>\n","protected":false},"excerpt":{"rendered":"<p>Dac\u0103 te \u00eentrebi &#8222;De ce s\u0103 votez?&#8221; atunci te a\u0219tept\u0103m s\u0103 participi \u0219i s\u0103 ne \u00eentrebi sau s\u0103 ne chemi s\u0103 \u00ee\u021bi r\u0103spundem la \u00eentrebare. Cu acest mesaj, Europe Direct Regiunea Centru sus\u021binut de structura gazd\u0103, Agen\u021bia pentru Dezvoltare Regional\u0103 Centru \u0219i de Comisia European\u0103, \u00een colaborare cu autorit\u0103\u021bile publice locale din cele \u0219ase jude\u021be &hellip;<\/p>\n","protected":false},"author":16,"featured_media":110867,"comment_status":"open","ping_status":"open","sticky":false,"template":"","format":"standard","meta":{"inline_featured_image":false,"footnotes":""},"categories":[4],"tags":[343],"class_list":["post-110861","post","type-post","status-publish","format-standard","has-post-thumbnail","hentry","category-eveniment","tag-adr-centru"],"yoast_head":"<!-- This site is optimized with the Yoast SEO plugin v27.4 - https:\/\/yoast.com\/product\/yoast-seo-wordpress\/ -->\n<title>Continu\u0103m caravana de responsabilitate civic\u0103 \u0219i a implic\u0103rii europene a cet\u0103\u021benilor din Regiunea Centru\u00a0 - Revista Urbea Mea - Revista de Alba<\/title>\n<meta name=\"description\" content=\"Dac\u0103 te \u00eentrebi &quot;De ce s\u0103 votez?&quot; atunci te a\u0219tept\u0103m s\u0103 participi \u0219i s\u0103 ne \u00eentrebi sau s\u0103 ne chemi s\u0103 \u00ee\u021bi r\u0103spundem la \u00eentrebare. Cu acest mesaj, Europe\" \/>\n<meta name=\"robots\" content=\"index, follow, max-snippet:-1, max-image-preview:large, max-video-preview:-1\" \/>\n<link rel=\"canonical\" href=\"https:\/\/urbeamea.ro\/albaiulia\/continuam-caravana-de-responsabilitate-civica-si-a-implicarii-europene-a-cetatenilor-din-regiunea-centru\/\" \/>\n<meta name=\"twitter:card\" content=\"summary_large_image\" \/>\n<meta name=\"twitter:title\" content=\"Continu\u0103m caravana de responsabilitate civic\u0103 \u0219i a implic\u0103rii europene a cet\u0103\u021benilor din Regiunea Centru\u00a0 - Revista Urbea Mea - Revista de Alba\" \/>\n<meta name=\"twitter:description\" content=\"Dac\u0103 te \u00eentrebi &quot;De ce s\u0103 votez?&quot; atunci te a\u0219tept\u0103m s\u0103 participi \u0219i s\u0103 ne \u00eentrebi sau s\u0103 ne chemi s\u0103 \u00ee\u021bi r\u0103spundem la \u00eentrebare. Cu acest mesaj, Europe\" \/>\n<meta name=\"twitter:image\" content=\"https:\/\/urbeamea.ro\/albaiulia\/wp-content\/uploads\/2024\/04\/Fara-titlu.png\" \/>\n<meta name=\"twitter:creator\" content=\"@urbeameaweb\" \/>\n<meta name=\"twitter:site\" content=\"@urbeameaweb\" \/>\n<script type=\"application\/ld+json\" class=\"yoast-schema-graph\">{\"@context\":\"https:\\\/\\\/schema.org\",\"@graph\":[{\"@type\":\"Article\",\"@id\":\"https:\\\/\\\/urbeamea.ro\\\/albaiulia\\\/continuam-caravana-de-responsabilitate-civica-si-a-implicarii-europene-a-cetatenilor-din-regiunea-centru\\\/#article\",\"isPartOf\":{\"@id\":\"https:\\\/\\\/urbeamea.ro\\\/albaiulia\\\/continuam-caravana-de-responsabilitate-civica-si-a-implicarii-europene-a-cetatenilor-din-regiunea-centru\\\/\"},\"author\":{\"name\":\"Redac\u021bia UrbeaMea\",\"@id\":\"https:\\\/\\\/urbeamea.ro\\\/albaiulia\\\/#\\\/schema\\\/person\\\/272ae98052f8ee8980f59848df070247\"},\"headline\":\"Continu\u0103m caravana de responsabilitate civic\u0103 \u0219i a implic\u0103rii europene a cet\u0103\u021benilor din Regiunea Centru\u00a0\",\"datePublished\":\"2024-04-04T13:05:18+00:00\",\"dateModified\":\"2024-04-04T13:05:20+00:00\",\"mainEntityOfPage\":{\"@id\":\"https:\\\/\\\/urbeamea.ro\\\/albaiulia\\\/continuam-caravana-de-responsabilitate-civica-si-a-implicarii-europene-a-cetatenilor-din-regiunea-centru\\\/\"},\"wordCount\":1120,\"commentCount\":0,\"image\":{\"@id\":\"https:\\\/\\\/urbeamea.ro\\\/albaiulia\\\/continuam-caravana-de-responsabilitate-civica-si-a-implicarii-europene-a-cetatenilor-din-regiunea-centru\\\/#primaryimage\"},\"thumbnailUrl\":\"https:\\\/\\\/urbeamea.ro\\\/albaiulia\\\/wp-content\\\/uploads\\\/2024\\\/04\\\/Fara-titlu.png\",\"keywords\":[\"ADR Centru\"],\"articleSection\":[\"Evenimente\"],\"inLanguage\":\"ro-RO\",\"potentialAction\":[{\"@type\":\"CommentAction\",\"name\":\"Comment\",\"target\":[\"https:\\\/\\\/urbeamea.ro\\\/albaiulia\\\/continuam-caravana-de-responsabilitate-civica-si-a-implicarii-europene-a-cetatenilor-din-regiunea-centru\\\/#respond\"]}]},{\"@type\":\"WebPage\",\"@id\":\"https:\\\/\\\/urbeamea.ro\\\/albaiulia\\\/continuam-caravana-de-responsabilitate-civica-si-a-implicarii-europene-a-cetatenilor-din-regiunea-centru\\\/\",\"url\":\"https:\\\/\\\/urbeamea.ro\\\/albaiulia\\\/continuam-caravana-de-responsabilitate-civica-si-a-implicarii-europene-a-cetatenilor-din-regiunea-centru\\\/\",\"name\":\"Continu\u0103m caravana de responsabilitate civic\u0103 \u0219i a implic\u0103rii europene a cet\u0103\u021benilor din Regiunea Centru\u00a0 - Revista Urbea Mea - Revista de Alba\",\"isPartOf\":{\"@id\":\"https:\\\/\\\/urbeamea.ro\\\/albaiulia\\\/#website\"},\"primaryImageOfPage\":{\"@id\":\"https:\\\/\\\/urbeamea.ro\\\/albaiulia\\\/continuam-caravana-de-responsabilitate-civica-si-a-implicarii-europene-a-cetatenilor-din-regiunea-centru\\\/#primaryimage\"},\"image\":{\"@id\":\"https:\\\/\\\/urbeamea.ro\\\/albaiulia\\\/continuam-caravana-de-responsabilitate-civica-si-a-implicarii-europene-a-cetatenilor-din-regiunea-centru\\\/#primaryimage\"},\"thumbnailUrl\":\"https:\\\/\\\/urbeamea.ro\\\/albaiulia\\\/wp-content\\\/uploads\\\/2024\\\/04\\\/Fara-titlu.png\",\"datePublished\":\"2024-04-04T13:05:18+00:00\",\"dateModified\":\"2024-04-04T13:05:20+00:00\",\"author\":{\"@id\":\"https:\\\/\\\/urbeamea.ro\\\/albaiulia\\\/#\\\/schema\\\/person\\\/272ae98052f8ee8980f59848df070247\"},\"description\":\"Dac\u0103 te \u00eentrebi \\\"De ce s\u0103 votez?\\\" atunci te a\u0219tept\u0103m s\u0103 participi \u0219i s\u0103 ne \u00eentrebi sau s\u0103 ne chemi s\u0103 \u00ee\u021bi r\u0103spundem la \u00eentrebare. Cu acest mesaj, Europe\",\"breadcrumb\":{\"@id\":\"https:\\\/\\\/urbeamea.ro\\\/albaiulia\\\/continuam-caravana-de-responsabilitate-civica-si-a-implicarii-europene-a-cetatenilor-din-regiunea-centru\\\/#breadcrumb\"},\"inLanguage\":\"ro-RO\",\"potentialAction\":[{\"@type\":\"ReadAction\",\"target\":[\"https:\\\/\\\/urbeamea.ro\\\/albaiulia\\\/continuam-caravana-de-responsabilitate-civica-si-a-implicarii-europene-a-cetatenilor-din-regiunea-centru\\\/\"]}]},{\"@type\":\"ImageObject\",\"inLanguage\":\"ro-RO\",\"@id\":\"https:\\\/\\\/urbeamea.ro\\\/albaiulia\\\/continuam-caravana-de-responsabilitate-civica-si-a-implicarii-europene-a-cetatenilor-din-regiunea-centru\\\/#primaryimage\",\"url\":\"https:\\\/\\\/urbeamea.ro\\\/albaiulia\\\/wp-content\\\/uploads\\\/2024\\\/04\\\/Fara-titlu.png\",\"contentUrl\":\"https:\\\/\\\/urbeamea.ro\\\/albaiulia\\\/wp-content\\\/uploads\\\/2024\\\/04\\\/Fara-titlu.png\",\"width\":640,\"height\":705},{\"@type\":\"BreadcrumbList\",\"@id\":\"https:\\\/\\\/urbeamea.ro\\\/albaiulia\\\/continuam-caravana-de-responsabilitate-civica-si-a-implicarii-europene-a-cetatenilor-din-regiunea-centru\\\/#breadcrumb\",\"itemListElement\":[{\"@type\":\"ListItem\",\"position\":1,\"name\":\"Prima pagin\u0103\",\"item\":\"https:\\\/\\\/urbeamea.ro\\\/albaiulia\\\/\"},{\"@type\":\"ListItem\",\"position\":2,\"name\":\"Continu\u0103m caravana de responsabilitate civic\u0103 \u0219i a implic\u0103rii europene a cet\u0103\u021benilor din Regiunea Centru\u00a0\"}]},{\"@type\":\"WebSite\",\"@id\":\"https:\\\/\\\/urbeamea.ro\\\/albaiulia\\\/#website\",\"url\":\"https:\\\/\\\/urbeamea.ro\\\/albaiulia\\\/\",\"name\":\"Revista Urbea Mea, Stiri urbane\",\"description\":\"Evenimente \u0219i \u0219tiri din Alba Iulia, Sebe\u0219, Aiud, Blaj\",\"potentialAction\":[{\"@type\":\"SearchAction\",\"target\":{\"@type\":\"EntryPoint\",\"urlTemplate\":\"https:\\\/\\\/urbeamea.ro\\\/albaiulia\\\/?s={search_term_string}\"},\"query-input\":{\"@type\":\"PropertyValueSpecification\",\"valueRequired\":true,\"valueName\":\"search_term_string\"}}],\"inLanguage\":\"ro-RO\"},{\"@type\":\"Person\",\"@id\":\"https:\\\/\\\/urbeamea.ro\\\/albaiulia\\\/#\\\/schema\\\/person\\\/272ae98052f8ee8980f59848df070247\",\"name\":\"Redac\u021bia UrbeaMea\",\"image\":{\"@type\":\"ImageObject\",\"inLanguage\":\"ro-RO\",\"@id\":\"https:\\\/\\\/secure.gravatar.com\\\/avatar\\\/9ce5a9435071fa1037e8468053ead8e513dbbff59009d3069aadb85506d85a27?s=96&d=mm&r=g\",\"url\":\"https:\\\/\\\/secure.gravatar.com\\\/avatar\\\/9ce5a9435071fa1037e8468053ead8e513dbbff59009d3069aadb85506d85a27?s=96&d=mm&r=g\",\"contentUrl\":\"https:\\\/\\\/secure.gravatar.com\\\/avatar\\\/9ce5a9435071fa1037e8468053ead8e513dbbff59009d3069aadb85506d85a27?s=96&d=mm&r=g\",\"caption\":\"Redac\u021bia UrbeaMea\"},\"description\":\"contact@urbeamea.ro\",\"sameAs\":[\"https:\\\/\\\/www.urbeamea.ro\"],\"url\":\"https:\\\/\\\/urbeamea.ro\\\/albaiulia\\\/author\\\/redactia-urbeamea\\\/\"}]}<\/script>\n<!-- \/ Yoast SEO plugin. -->","yoast_head_json":{"title":"Continu\u0103m caravana de responsabilitate civic\u0103 \u0219i a implic\u0103rii europene a cet\u0103\u021benilor din Regiunea Centru\u00a0 - Revista Urbea Mea - Revista de Alba","description":"Dac\u0103 te \u00eentrebi \"De ce s\u0103 votez?\" atunci te a\u0219tept\u0103m s\u0103 participi \u0219i s\u0103 ne \u00eentrebi sau s\u0103 ne chemi s\u0103 \u00ee\u021bi r\u0103spundem la \u00eentrebare. Cu acest mesaj, Europe","robots":{"index":"index","follow":"follow","max-snippet":"max-snippet:-1","max-image-preview":"max-image-preview:large","max-video-preview":"max-video-preview:-1"},"canonical":"https:\/\/urbeamea.ro\/albaiulia\/continuam-caravana-de-responsabilitate-civica-si-a-implicarii-europene-a-cetatenilor-din-regiunea-centru\/","twitter_card":"summary_large_image","twitter_title":"Continu\u0103m caravana de responsabilitate civic\u0103 \u0219i a implic\u0103rii europene a cet\u0103\u021benilor din Regiunea Centru\u00a0 - Revista Urbea Mea - Revista de Alba","twitter_description":"Dac\u0103 te \u00eentrebi \"De ce s\u0103 votez?\" atunci te a\u0219tept\u0103m s\u0103 participi \u0219i s\u0103 ne \u00eentrebi sau s\u0103 ne chemi s\u0103 \u00ee\u021bi r\u0103spundem la \u00eentrebare. Cu acest mesaj, Europe","twitter_image":"https:\/\/urbeamea.ro\/albaiulia\/wp-content\/uploads\/2024\/04\/Fara-titlu.png","twitter_creator":"@urbeameaweb","twitter_site":"@urbeameaweb","schema":{"@context":"https:\/\/schema.org","@graph":[{"@type":"Article","@id":"https:\/\/urbeamea.ro\/albaiulia\/continuam-caravana-de-responsabilitate-civica-si-a-implicarii-europene-a-cetatenilor-din-regiunea-centru\/#article","isPartOf":{"@id":"https:\/\/urbeamea.ro\/albaiulia\/continuam-caravana-de-responsabilitate-civica-si-a-implicarii-europene-a-cetatenilor-din-regiunea-centru\/"},"author":{"name":"Redac\u021bia UrbeaMea","@id":"https:\/\/urbeamea.ro\/albaiulia\/#\/schema\/person\/272ae98052f8ee8980f59848df070247"},"headline":"Continu\u0103m caravana de responsabilitate civic\u0103 \u0219i a implic\u0103rii europene a cet\u0103\u021benilor din Regiunea Centru\u00a0","datePublished":"2024-04-04T13:05:18+00:00","dateModified":"2024-04-04T13:05:20+00:00","mainEntityOfPage":{"@id":"https:\/\/urbeamea.ro\/albaiulia\/continuam-caravana-de-responsabilitate-civica-si-a-implicarii-europene-a-cetatenilor-din-regiunea-centru\/"},"wordCount":1120,"commentCount":0,"image":{"@id":"https:\/\/urbeamea.ro\/albaiulia\/continuam-caravana-de-responsabilitate-civica-si-a-implicarii-europene-a-cetatenilor-din-regiunea-centru\/#primaryimage"},"thumbnailUrl":"https:\/\/urbeamea.ro\/albaiulia\/wp-content\/uploads\/2024\/04\/Fara-titlu.png","keywords":["ADR Centru"],"articleSection":["Evenimente"],"inLanguage":"ro-RO","potentialAction":[{"@type":"CommentAction","name":"Comment","target":["https:\/\/urbeamea.ro\/albaiulia\/continuam-caravana-de-responsabilitate-civica-si-a-implicarii-europene-a-cetatenilor-din-regiunea-centru\/#respond"]}]},{"@type":"WebPage","@id":"https:\/\/urbeamea.ro\/albaiulia\/continuam-caravana-de-responsabilitate-civica-si-a-implicarii-europene-a-cetatenilor-din-regiunea-centru\/","url":"https:\/\/urbeamea.ro\/albaiulia\/continuam-caravana-de-responsabilitate-civica-si-a-implicarii-europene-a-cetatenilor-din-regiunea-centru\/","name":"Continu\u0103m caravana de responsabilitate civic\u0103 \u0219i a implic\u0103rii europene a cet\u0103\u021benilor din Regiunea Centru\u00a0 - Revista Urbea Mea - Revista de Alba","isPartOf":{"@id":"https:\/\/urbeamea.ro\/albaiulia\/#website"},"primaryImageOfPage":{"@id":"https:\/\/urbeamea.ro\/albaiulia\/continuam-caravana-de-responsabilitate-civica-si-a-implicarii-europene-a-cetatenilor-din-regiunea-centru\/#primaryimage"},"image":{"@id":"https:\/\/urbeamea.ro\/albaiulia\/continuam-caravana-de-responsabilitate-civica-si-a-implicarii-europene-a-cetatenilor-din-regiunea-centru\/#primaryimage"},"thumbnailUrl":"https:\/\/urbeamea.ro\/albaiulia\/wp-content\/uploads\/2024\/04\/Fara-titlu.png","datePublished":"2024-04-04T13:05:18+00:00","dateModified":"2024-04-04T13:05:20+00:00","author":{"@id":"https:\/\/urbeamea.ro\/albaiulia\/#\/schema\/person\/272ae98052f8ee8980f59848df070247"},"description":"Dac\u0103 te \u00eentrebi \"De ce s\u0103 votez?\" atunci te a\u0219tept\u0103m s\u0103 participi \u0219i s\u0103 ne \u00eentrebi sau s\u0103 ne chemi s\u0103 \u00ee\u021bi r\u0103spundem la \u00eentrebare. Cu acest mesaj, Europe","breadcrumb":{"@id":"https:\/\/urbeamea.ro\/albaiulia\/continuam-caravana-de-responsabilitate-civica-si-a-implicarii-europene-a-cetatenilor-din-regiunea-centru\/#breadcrumb"},"inLanguage":"ro-RO","potentialAction":[{"@type":"ReadAction","target":["https:\/\/urbeamea.ro\/albaiulia\/continuam-caravana-de-responsabilitate-civica-si-a-implicarii-europene-a-cetatenilor-din-regiunea-centru\/"]}]},{"@type":"ImageObject","inLanguage":"ro-RO","@id":"https:\/\/urbeamea.ro\/albaiulia\/continuam-caravana-de-responsabilitate-civica-si-a-implicarii-europene-a-cetatenilor-din-regiunea-centru\/#primaryimage","url":"https:\/\/urbeamea.ro\/albaiulia\/wp-content\/uploads\/2024\/04\/Fara-titlu.png","contentUrl":"https:\/\/urbeamea.ro\/albaiulia\/wp-content\/uploads\/2024\/04\/Fara-titlu.png","width":640,"height":705},{"@type":"BreadcrumbList","@id":"https:\/\/urbeamea.ro\/albaiulia\/continuam-caravana-de-responsabilitate-civica-si-a-implicarii-europene-a-cetatenilor-din-regiunea-centru\/#breadcrumb","itemListElement":[{"@type":"ListItem","position":1,"name":"Prima pagin\u0103","item":"https:\/\/urbeamea.ro\/albaiulia\/"},{"@type":"ListItem","position":2,"name":"Continu\u0103m caravana de responsabilitate civic\u0103 \u0219i a implic\u0103rii europene a cet\u0103\u021benilor din Regiunea Centru\u00a0"}]},{"@type":"WebSite","@id":"https:\/\/urbeamea.ro\/albaiulia\/#website","url":"https:\/\/urbeamea.ro\/albaiulia\/","name":"Revista Urbea Mea, Stiri urbane","description":"Evenimente \u0219i \u0219tiri din Alba Iulia, Sebe\u0219, Aiud, Blaj","potentialAction":[{"@type":"SearchAction","target":{"@type":"EntryPoint","urlTemplate":"https:\/\/urbeamea.ro\/albaiulia\/?s={search_term_string}"},"query-input":{"@type":"PropertyValueSpecification","valueRequired":true,"valueName":"search_term_string"}}],"inLanguage":"ro-RO"},{"@type":"Person","@id":"https:\/\/urbeamea.ro\/albaiulia\/#\/schema\/person\/272ae98052f8ee8980f59848df070247","name":"Redac\u021bia UrbeaMea","image":{"@type":"ImageObject","inLanguage":"ro-RO","@id":"https:\/\/secure.gravatar.com\/avatar\/9ce5a9435071fa1037e8468053ead8e513dbbff59009d3069aadb85506d85a27?s=96&d=mm&r=g","url":"https:\/\/secure.gravatar.com\/avatar\/9ce5a9435071fa1037e8468053ead8e513dbbff59009d3069aadb85506d85a27?s=96&d=mm&r=g","contentUrl":"https:\/\/secure.gravatar.com\/avatar\/9ce5a9435071fa1037e8468053ead8e513dbbff59009d3069aadb85506d85a27?s=96&d=mm&r=g","caption":"Redac\u021bia UrbeaMea"},"description":"contact@urbeamea.ro","sameAs":["https:\/\/www.urbeamea.ro"],"url":"https:\/\/urbeamea.ro\/albaiulia\/author\/redactia-urbeamea\/"}]}},"_links":{"self":[{"href":"https:\/\/urbeamea.ro\/albaiulia\/wp-json\/wp\/v2\/posts\/110861","targetHints":{"allow":["GET"]}}],"collection":[{"href":"https:\/\/urbeamea.ro\/albaiulia\/wp-json\/wp\/v2\/posts"}],"about":[{"href":"https:\/\/urbeamea.ro\/albaiulia\/wp-json\/wp\/v2\/types\/post"}],"author":[{"embeddable":true,"href":"https:\/\/urbeamea.ro\/albaiulia\/wp-json\/wp\/v2\/users\/16"}],"replies":[{"embeddable":true,"href":"https:\/\/urbeamea.ro\/albaiulia\/wp-json\/wp\/v2\/comments?post=110861"}],"version-history":[{"count":1,"href":"https:\/\/urbeamea.ro\/albaiulia\/wp-json\/wp\/v2\/posts\/110861\/revisions"}],"predecessor-version":[{"id":110868,"href":"https:\/\/urbeamea.ro\/albaiulia\/wp-json\/wp\/v2\/posts\/110861\/revisions\/110868"}],"wp:featuredmedia":[{"embeddable":true,"href":"https:\/\/urbeamea.ro\/albaiulia\/wp-json\/wp\/v2\/media\/110867"}],"wp:attachment":[{"href":"https:\/\/urbeamea.ro\/albaiulia\/wp-json\/wp\/v2\/media?parent=110861"}],"wp:term":[{"taxonomy":"category","embeddable":true,"href":"https:\/\/urbeamea.ro\/albaiulia\/wp-json\/wp\/v2\/categories?post=110861"},{"taxonomy":"post_tag","embeddable":true,"href":"https:\/\/urbeamea.ro\/albaiulia\/wp-json\/wp\/v2\/tags?post=110861"}],"curies":[{"name":"wp","href":"https:\/\/api.w.org\/{rel}","templated":true}]}}