{"id":110876,"date":"2024-04-08T10:41:46","date_gmt":"2024-04-08T07:41:46","guid":{"rendered":"https:\/\/urbeamea.ro\/albaiulia\/?p=110876"},"modified":"2024-04-08T10:41:48","modified_gmt":"2024-04-08T07:41:48","slug":"ziua-rromilor-sarbatorita-la-sebes-printr-un-festival-judetean-al-elevilor-aflat-la-prima-editie","status":"publish","type":"post","link":"https:\/\/urbeamea.ro\/albaiulia\/ziua-rromilor-sarbatorita-la-sebes-printr-un-festival-judetean-al-elevilor-aflat-la-prima-editie\/","title":{"rendered":"Ziua Rromilor s\u0103rb\u0103torit\u0103 la Sebe\u0219 printr-un festival jude\u021bean al elevilor aflat la prima edi\u021bie"},"content":{"rendered":"\n<p>Luni, 8 aprilie 2024, la Sebe\u0219 va avea loc prima edi\u021bie a Festivalului Jude\u021bean \u201eAmare Rroma\u201d, un eveniment cultural-educativ organizat de Prim\u0103ria Municipiului Sebe\u0219 \u0219i Centrul Cultural \u201eLucian Blaga\u201d, \u00een parteneriat cu Liceul cu Program Sportiv \u201eFlorin Fle\u0219eriu\u201d din Sebe\u0219, pentru a marca Ziua Interna\u021bional\u0103 a Rromilor. Tinerii etnici rromi, coordona\u021bi de prof. Petre C\u0103ian, au preg\u0103tit pentru aceast\u0103 ocazie o serie de momente artistice, care includ: recitare de poezie, o scenet\u0103, muzic\u0103 \u0219i dans, precum \u0219i o parad\u0103 a modei cu piese vestimentare ob\u021binute din materiale reciclabile. Invita\u021bi speciali vor fi tinerii de la Cugir, care activeaz\u0103 \u00een Fanfara \u201eTransilvania Junior\u201d. Culoarea evenimentului va fi dat\u0103 de o expozi\u021bie de art\u0103 fotografic\u0103 ilustr\u00e2nd tradi\u021biile \u0219i istoria rromilor \u0219i o expozi\u021bie de costume. Organizatorii au preg\u0103tit o serie de surprize pentru to\u021bi cei 70 de elevi \u0219i tineri care si-au anun\u021bat participarea la acest festival inedit.<\/p>\n\n\n\n<p>V\u0103 invit\u0103m s\u0103 le fim al\u0103turi \u0219i s\u0103 ne bucur\u0103m de frumuse\u021bea tradi\u021biilor comunit\u0103\u021bii rrome din Sebe\u0219!<\/p>\n","protected":false},"excerpt":{"rendered":"<p>Luni, 8 aprilie 2024, la Sebe\u0219 va avea loc prima edi\u021bie a Festivalului Jude\u021bean \u201eAmare Rroma\u201d, un eveniment cultural-educativ organizat de Prim\u0103ria Municipiului Sebe\u0219 \u0219i Centrul Cultural \u201eLucian Blaga\u201d, \u00een parteneriat cu Liceul cu Program Sportiv \u201eFlorin Fle\u0219eriu\u201d din Sebe\u0219, pentru a marca Ziua Interna\u021bional\u0103 a Rromilor. Tinerii etnici rromi, coordona\u021bi de prof. Petre C\u0103ian, &hellip;<\/p>\n","protected":false},"author":16,"featured_media":110878,"comment_status":"open","ping_status":"open","sticky":false,"template":"","format":"standard","meta":{"inline_featured_image":false,"footnotes":""},"categories":[4],"tags":[],"class_list":["post-110876","post","type-post","status-publish","format-standard","has-post-thumbnail","hentry","category-eveniment"],"yoast_head":"<!-- This site is optimized with the Yoast SEO plugin v27.4 - https:\/\/yoast.com\/product\/yoast-seo-wordpress\/ -->\n<title>Ziua Rromilor s\u0103rb\u0103torit\u0103 la Sebe\u0219 printr-un festival jude\u021bean al elevilor aflat la prima edi\u021bie - Revista Urbea Mea - Revista de Alba<\/title>\n<meta name=\"description\" content=\"Luni, 8 aprilie 2024, la Sebe\u0219 va avea loc prima edi\u021bie a Festivalului Jude\u021bean \u201eAmare Rroma\u201d, un eveniment cultural-educativ organizat de Prim\u0103ria\" \/>\n<meta name=\"robots\" content=\"index, follow, max-snippet:-1, max-image-preview:large, max-video-preview:-1\" \/>\n<link rel=\"canonical\" href=\"https:\/\/urbeamea.ro\/albaiulia\/ziua-rromilor-sarbatorita-la-sebes-printr-un-festival-judetean-al-elevilor-aflat-la-prima-editie\/\" \/>\n<meta name=\"twitter:card\" content=\"summary_large_image\" \/>\n<meta name=\"twitter:title\" content=\"Ziua Rromilor s\u0103rb\u0103torit\u0103 la Sebe\u0219 printr-un festival jude\u021bean al elevilor aflat la prima edi\u021bie - Revista Urbea Mea - Revista de Alba\" \/>\n<meta name=\"twitter:description\" content=\"Luni, 8 aprilie 2024, la Sebe\u0219 va avea loc prima edi\u021bie a Festivalului Jude\u021bean \u201eAmare Rroma\u201d, un eveniment cultural-educativ organizat de Prim\u0103ria\" \/>\n<meta name=\"twitter:image\" content=\"https:\/\/urbeamea.ro\/albaiulia\/wp-content\/uploads\/2024\/04\/Afis-Verde-varianta-mica.jpg\" \/>\n<meta name=\"twitter:creator\" content=\"@urbeameaweb\" \/>\n<meta name=\"twitter:site\" content=\"@urbeameaweb\" \/>\n<script type=\"application\/ld+json\" class=\"yoast-schema-graph\">{\"@context\":\"https:\\\/\\\/schema.org\",\"@graph\":[{\"@type\":\"Article\",\"@id\":\"https:\\\/\\\/urbeamea.ro\\\/albaiulia\\\/ziua-rromilor-sarbatorita-la-sebes-printr-un-festival-judetean-al-elevilor-aflat-la-prima-editie\\\/#article\",\"isPartOf\":{\"@id\":\"https:\\\/\\\/urbeamea.ro\\\/albaiulia\\\/ziua-rromilor-sarbatorita-la-sebes-printr-un-festival-judetean-al-elevilor-aflat-la-prima-editie\\\/\"},\"author\":{\"name\":\"Redac\u021bia UrbeaMea\",\"@id\":\"https:\\\/\\\/urbeamea.ro\\\/albaiulia\\\/#\\\/schema\\\/person\\\/272ae98052f8ee8980f59848df070247\"},\"headline\":\"Ziua Rromilor s\u0103rb\u0103torit\u0103 la Sebe\u0219 printr-un festival jude\u021bean al elevilor aflat la prima edi\u021bie\",\"datePublished\":\"2024-04-08T07:41:46+00:00\",\"dateModified\":\"2024-04-08T07:41:48+00:00\",\"mainEntityOfPage\":{\"@id\":\"https:\\\/\\\/urbeamea.ro\\\/albaiulia\\\/ziua-rromilor-sarbatorita-la-sebes-printr-un-festival-judetean-al-elevilor-aflat-la-prima-editie\\\/\"},\"wordCount\":201,\"commentCount\":0,\"image\":{\"@id\":\"https:\\\/\\\/urbeamea.ro\\\/albaiulia\\\/ziua-rromilor-sarbatorita-la-sebes-printr-un-festival-judetean-al-elevilor-aflat-la-prima-editie\\\/#primaryimage\"},\"thumbnailUrl\":\"https:\\\/\\\/urbeamea.ro\\\/albaiulia\\\/wp-content\\\/uploads\\\/2024\\\/04\\\/Afis-Verde-varianta-mica.jpg\",\"articleSection\":[\"Evenimente\"],\"inLanguage\":\"ro-RO\",\"potentialAction\":[{\"@type\":\"CommentAction\",\"name\":\"Comment\",\"target\":[\"https:\\\/\\\/urbeamea.ro\\\/albaiulia\\\/ziua-rromilor-sarbatorita-la-sebes-printr-un-festival-judetean-al-elevilor-aflat-la-prima-editie\\\/#respond\"]}]},{\"@type\":\"WebPage\",\"@id\":\"https:\\\/\\\/urbeamea.ro\\\/albaiulia\\\/ziua-rromilor-sarbatorita-la-sebes-printr-un-festival-judetean-al-elevilor-aflat-la-prima-editie\\\/\",\"url\":\"https:\\\/\\\/urbeamea.ro\\\/albaiulia\\\/ziua-rromilor-sarbatorita-la-sebes-printr-un-festival-judetean-al-elevilor-aflat-la-prima-editie\\\/\",\"name\":\"Ziua Rromilor s\u0103rb\u0103torit\u0103 la Sebe\u0219 printr-un festival jude\u021bean al elevilor aflat la prima edi\u021bie - Revista Urbea Mea - Revista de Alba\",\"isPartOf\":{\"@id\":\"https:\\\/\\\/urbeamea.ro\\\/albaiulia\\\/#website\"},\"primaryImageOfPage\":{\"@id\":\"https:\\\/\\\/urbeamea.ro\\\/albaiulia\\\/ziua-rromilor-sarbatorita-la-sebes-printr-un-festival-judetean-al-elevilor-aflat-la-prima-editie\\\/#primaryimage\"},\"image\":{\"@id\":\"https:\\\/\\\/urbeamea.ro\\\/albaiulia\\\/ziua-rromilor-sarbatorita-la-sebes-printr-un-festival-judetean-al-elevilor-aflat-la-prima-editie\\\/#primaryimage\"},\"thumbnailUrl\":\"https:\\\/\\\/urbeamea.ro\\\/albaiulia\\\/wp-content\\\/uploads\\\/2024\\\/04\\\/Afis-Verde-varianta-mica.jpg\",\"datePublished\":\"2024-04-08T07:41:46+00:00\",\"dateModified\":\"2024-04-08T07:41:48+00:00\",\"author\":{\"@id\":\"https:\\\/\\\/urbeamea.ro\\\/albaiulia\\\/#\\\/schema\\\/person\\\/272ae98052f8ee8980f59848df070247\"},\"description\":\"Luni, 8 aprilie 2024, la Sebe\u0219 va avea loc prima edi\u021bie a Festivalului Jude\u021bean \u201eAmare Rroma\u201d, un eveniment cultural-educativ organizat de Prim\u0103ria\",\"breadcrumb\":{\"@id\":\"https:\\\/\\\/urbeamea.ro\\\/albaiulia\\\/ziua-rromilor-sarbatorita-la-sebes-printr-un-festival-judetean-al-elevilor-aflat-la-prima-editie\\\/#breadcrumb\"},\"inLanguage\":\"ro-RO\",\"potentialAction\":[{\"@type\":\"ReadAction\",\"target\":[\"https:\\\/\\\/urbeamea.ro\\\/albaiulia\\\/ziua-rromilor-sarbatorita-la-sebes-printr-un-festival-judetean-al-elevilor-aflat-la-prima-editie\\\/\"]}]},{\"@type\":\"ImageObject\",\"inLanguage\":\"ro-RO\",\"@id\":\"https:\\\/\\\/urbeamea.ro\\\/albaiulia\\\/ziua-rromilor-sarbatorita-la-sebes-printr-un-festival-judetean-al-elevilor-aflat-la-prima-editie\\\/#primaryimage\",\"url\":\"https:\\\/\\\/urbeamea.ro\\\/albaiulia\\\/wp-content\\\/uploads\\\/2024\\\/04\\\/Afis-Verde-varianta-mica.jpg\",\"contentUrl\":\"https:\\\/\\\/urbeamea.ro\\\/albaiulia\\\/wp-content\\\/uploads\\\/2024\\\/04\\\/Afis-Verde-varianta-mica.jpg\",\"width\":1130,\"height\":1600},{\"@type\":\"BreadcrumbList\",\"@id\":\"https:\\\/\\\/urbeamea.ro\\\/albaiulia\\\/ziua-rromilor-sarbatorita-la-sebes-printr-un-festival-judetean-al-elevilor-aflat-la-prima-editie\\\/#breadcrumb\",\"itemListElement\":[{\"@type\":\"ListItem\",\"position\":1,\"name\":\"Prima pagin\u0103\",\"item\":\"https:\\\/\\\/urbeamea.ro\\\/albaiulia\\\/\"},{\"@type\":\"ListItem\",\"position\":2,\"name\":\"Ziua Rromilor s\u0103rb\u0103torit\u0103 la Sebe\u0219 printr-un festival jude\u021bean al elevilor aflat la prima edi\u021bie\"}]},{\"@type\":\"WebSite\",\"@id\":\"https:\\\/\\\/urbeamea.ro\\\/albaiulia\\\/#website\",\"url\":\"https:\\\/\\\/urbeamea.ro\\\/albaiulia\\\/\",\"name\":\"Revista Urbea Mea, Stiri urbane\",\"description\":\"Evenimente \u0219i \u0219tiri din Alba Iulia, Sebe\u0219, Aiud, Blaj\",\"potentialAction\":[{\"@type\":\"SearchAction\",\"target\":{\"@type\":\"EntryPoint\",\"urlTemplate\":\"https:\\\/\\\/urbeamea.ro\\\/albaiulia\\\/?s={search_term_string}\"},\"query-input\":{\"@type\":\"PropertyValueSpecification\",\"valueRequired\":true,\"valueName\":\"search_term_string\"}}],\"inLanguage\":\"ro-RO\"},{\"@type\":\"Person\",\"@id\":\"https:\\\/\\\/urbeamea.ro\\\/albaiulia\\\/#\\\/schema\\\/person\\\/272ae98052f8ee8980f59848df070247\",\"name\":\"Redac\u021bia UrbeaMea\",\"image\":{\"@type\":\"ImageObject\",\"inLanguage\":\"ro-RO\",\"@id\":\"https:\\\/\\\/secure.gravatar.com\\\/avatar\\\/9ce5a9435071fa1037e8468053ead8e513dbbff59009d3069aadb85506d85a27?s=96&d=mm&r=g\",\"url\":\"https:\\\/\\\/secure.gravatar.com\\\/avatar\\\/9ce5a9435071fa1037e8468053ead8e513dbbff59009d3069aadb85506d85a27?s=96&d=mm&r=g\",\"contentUrl\":\"https:\\\/\\\/secure.gravatar.com\\\/avatar\\\/9ce5a9435071fa1037e8468053ead8e513dbbff59009d3069aadb85506d85a27?s=96&d=mm&r=g\",\"caption\":\"Redac\u021bia UrbeaMea\"},\"description\":\"contact@urbeamea.ro\",\"sameAs\":[\"https:\\\/\\\/www.urbeamea.ro\"],\"url\":\"https:\\\/\\\/urbeamea.ro\\\/albaiulia\\\/author\\\/redactia-urbeamea\\\/\"}]}<\/script>\n<!-- \/ Yoast SEO plugin. -->","yoast_head_json":{"title":"Ziua Rromilor s\u0103rb\u0103torit\u0103 la Sebe\u0219 printr-un festival jude\u021bean al elevilor aflat la prima edi\u021bie - Revista Urbea Mea - Revista de Alba","description":"Luni, 8 aprilie 2024, la Sebe\u0219 va avea loc prima edi\u021bie a Festivalului Jude\u021bean \u201eAmare Rroma\u201d, un eveniment cultural-educativ organizat de Prim\u0103ria","robots":{"index":"index","follow":"follow","max-snippet":"max-snippet:-1","max-image-preview":"max-image-preview:large","max-video-preview":"max-video-preview:-1"},"canonical":"https:\/\/urbeamea.ro\/albaiulia\/ziua-rromilor-sarbatorita-la-sebes-printr-un-festival-judetean-al-elevilor-aflat-la-prima-editie\/","twitter_card":"summary_large_image","twitter_title":"Ziua Rromilor s\u0103rb\u0103torit\u0103 la Sebe\u0219 printr-un festival jude\u021bean al elevilor aflat la prima edi\u021bie - Revista Urbea Mea - Revista de Alba","twitter_description":"Luni, 8 aprilie 2024, la Sebe\u0219 va avea loc prima edi\u021bie a Festivalului Jude\u021bean \u201eAmare Rroma\u201d, un eveniment cultural-educativ organizat de Prim\u0103ria","twitter_image":"https:\/\/urbeamea.ro\/albaiulia\/wp-content\/uploads\/2024\/04\/Afis-Verde-varianta-mica.jpg","twitter_creator":"@urbeameaweb","twitter_site":"@urbeameaweb","schema":{"@context":"https:\/\/schema.org","@graph":[{"@type":"Article","@id":"https:\/\/urbeamea.ro\/albaiulia\/ziua-rromilor-sarbatorita-la-sebes-printr-un-festival-judetean-al-elevilor-aflat-la-prima-editie\/#article","isPartOf":{"@id":"https:\/\/urbeamea.ro\/albaiulia\/ziua-rromilor-sarbatorita-la-sebes-printr-un-festival-judetean-al-elevilor-aflat-la-prima-editie\/"},"author":{"name":"Redac\u021bia UrbeaMea","@id":"https:\/\/urbeamea.ro\/albaiulia\/#\/schema\/person\/272ae98052f8ee8980f59848df070247"},"headline":"Ziua Rromilor s\u0103rb\u0103torit\u0103 la Sebe\u0219 printr-un festival jude\u021bean al elevilor aflat la prima edi\u021bie","datePublished":"2024-04-08T07:41:46+00:00","dateModified":"2024-04-08T07:41:48+00:00","mainEntityOfPage":{"@id":"https:\/\/urbeamea.ro\/albaiulia\/ziua-rromilor-sarbatorita-la-sebes-printr-un-festival-judetean-al-elevilor-aflat-la-prima-editie\/"},"wordCount":201,"commentCount":0,"image":{"@id":"https:\/\/urbeamea.ro\/albaiulia\/ziua-rromilor-sarbatorita-la-sebes-printr-un-festival-judetean-al-elevilor-aflat-la-prima-editie\/#primaryimage"},"thumbnailUrl":"https:\/\/urbeamea.ro\/albaiulia\/wp-content\/uploads\/2024\/04\/Afis-Verde-varianta-mica.jpg","articleSection":["Evenimente"],"inLanguage":"ro-RO","potentialAction":[{"@type":"CommentAction","name":"Comment","target":["https:\/\/urbeamea.ro\/albaiulia\/ziua-rromilor-sarbatorita-la-sebes-printr-un-festival-judetean-al-elevilor-aflat-la-prima-editie\/#respond"]}]},{"@type":"WebPage","@id":"https:\/\/urbeamea.ro\/albaiulia\/ziua-rromilor-sarbatorita-la-sebes-printr-un-festival-judetean-al-elevilor-aflat-la-prima-editie\/","url":"https:\/\/urbeamea.ro\/albaiulia\/ziua-rromilor-sarbatorita-la-sebes-printr-un-festival-judetean-al-elevilor-aflat-la-prima-editie\/","name":"Ziua Rromilor s\u0103rb\u0103torit\u0103 la Sebe\u0219 printr-un festival jude\u021bean al elevilor aflat la prima edi\u021bie - Revista Urbea Mea - Revista de Alba","isPartOf":{"@id":"https:\/\/urbeamea.ro\/albaiulia\/#website"},"primaryImageOfPage":{"@id":"https:\/\/urbeamea.ro\/albaiulia\/ziua-rromilor-sarbatorita-la-sebes-printr-un-festival-judetean-al-elevilor-aflat-la-prima-editie\/#primaryimage"},"image":{"@id":"https:\/\/urbeamea.ro\/albaiulia\/ziua-rromilor-sarbatorita-la-sebes-printr-un-festival-judetean-al-elevilor-aflat-la-prima-editie\/#primaryimage"},"thumbnailUrl":"https:\/\/urbeamea.ro\/albaiulia\/wp-content\/uploads\/2024\/04\/Afis-Verde-varianta-mica.jpg","datePublished":"2024-04-08T07:41:46+00:00","dateModified":"2024-04-08T07:41:48+00:00","author":{"@id":"https:\/\/urbeamea.ro\/albaiulia\/#\/schema\/person\/272ae98052f8ee8980f59848df070247"},"description":"Luni, 8 aprilie 2024, la Sebe\u0219 va avea loc prima edi\u021bie a Festivalului Jude\u021bean \u201eAmare Rroma\u201d, un eveniment cultural-educativ organizat de Prim\u0103ria","breadcrumb":{"@id":"https:\/\/urbeamea.ro\/albaiulia\/ziua-rromilor-sarbatorita-la-sebes-printr-un-festival-judetean-al-elevilor-aflat-la-prima-editie\/#breadcrumb"},"inLanguage":"ro-RO","potentialAction":[{"@type":"ReadAction","target":["https:\/\/urbeamea.ro\/albaiulia\/ziua-rromilor-sarbatorita-la-sebes-printr-un-festival-judetean-al-elevilor-aflat-la-prima-editie\/"]}]},{"@type":"ImageObject","inLanguage":"ro-RO","@id":"https:\/\/urbeamea.ro\/albaiulia\/ziua-rromilor-sarbatorita-la-sebes-printr-un-festival-judetean-al-elevilor-aflat-la-prima-editie\/#primaryimage","url":"https:\/\/urbeamea.ro\/albaiulia\/wp-content\/uploads\/2024\/04\/Afis-Verde-varianta-mica.jpg","contentUrl":"https:\/\/urbeamea.ro\/albaiulia\/wp-content\/uploads\/2024\/04\/Afis-Verde-varianta-mica.jpg","width":1130,"height":1600},{"@type":"BreadcrumbList","@id":"https:\/\/urbeamea.ro\/albaiulia\/ziua-rromilor-sarbatorita-la-sebes-printr-un-festival-judetean-al-elevilor-aflat-la-prima-editie\/#breadcrumb","itemListElement":[{"@type":"ListItem","position":1,"name":"Prima pagin\u0103","item":"https:\/\/urbeamea.ro\/albaiulia\/"},{"@type":"ListItem","position":2,"name":"Ziua Rromilor s\u0103rb\u0103torit\u0103 la Sebe\u0219 printr-un festival jude\u021bean al elevilor aflat la prima edi\u021bie"}]},{"@type":"WebSite","@id":"https:\/\/urbeamea.ro\/albaiulia\/#website","url":"https:\/\/urbeamea.ro\/albaiulia\/","name":"Revista Urbea Mea, Stiri urbane","description":"Evenimente \u0219i \u0219tiri din Alba Iulia, Sebe\u0219, Aiud, Blaj","potentialAction":[{"@type":"SearchAction","target":{"@type":"EntryPoint","urlTemplate":"https:\/\/urbeamea.ro\/albaiulia\/?s={search_term_string}"},"query-input":{"@type":"PropertyValueSpecification","valueRequired":true,"valueName":"search_term_string"}}],"inLanguage":"ro-RO"},{"@type":"Person","@id":"https:\/\/urbeamea.ro\/albaiulia\/#\/schema\/person\/272ae98052f8ee8980f59848df070247","name":"Redac\u021bia UrbeaMea","image":{"@type":"ImageObject","inLanguage":"ro-RO","@id":"https:\/\/secure.gravatar.com\/avatar\/9ce5a9435071fa1037e8468053ead8e513dbbff59009d3069aadb85506d85a27?s=96&d=mm&r=g","url":"https:\/\/secure.gravatar.com\/avatar\/9ce5a9435071fa1037e8468053ead8e513dbbff59009d3069aadb85506d85a27?s=96&d=mm&r=g","contentUrl":"https:\/\/secure.gravatar.com\/avatar\/9ce5a9435071fa1037e8468053ead8e513dbbff59009d3069aadb85506d85a27?s=96&d=mm&r=g","caption":"Redac\u021bia UrbeaMea"},"description":"contact@urbeamea.ro","sameAs":["https:\/\/www.urbeamea.ro"],"url":"https:\/\/urbeamea.ro\/albaiulia\/author\/redactia-urbeamea\/"}]}},"_links":{"self":[{"href":"https:\/\/urbeamea.ro\/albaiulia\/wp-json\/wp\/v2\/posts\/110876","targetHints":{"allow":["GET"]}}],"collection":[{"href":"https:\/\/urbeamea.ro\/albaiulia\/wp-json\/wp\/v2\/posts"}],"about":[{"href":"https:\/\/urbeamea.ro\/albaiulia\/wp-json\/wp\/v2\/types\/post"}],"author":[{"embeddable":true,"href":"https:\/\/urbeamea.ro\/albaiulia\/wp-json\/wp\/v2\/users\/16"}],"replies":[{"embeddable":true,"href":"https:\/\/urbeamea.ro\/albaiulia\/wp-json\/wp\/v2\/comments?post=110876"}],"version-history":[{"count":1,"href":"https:\/\/urbeamea.ro\/albaiulia\/wp-json\/wp\/v2\/posts\/110876\/revisions"}],"predecessor-version":[{"id":110879,"href":"https:\/\/urbeamea.ro\/albaiulia\/wp-json\/wp\/v2\/posts\/110876\/revisions\/110879"}],"wp:featuredmedia":[{"embeddable":true,"href":"https:\/\/urbeamea.ro\/albaiulia\/wp-json\/wp\/v2\/media\/110878"}],"wp:attachment":[{"href":"https:\/\/urbeamea.ro\/albaiulia\/wp-json\/wp\/v2\/media?parent=110876"}],"wp:term":[{"taxonomy":"category","embeddable":true,"href":"https:\/\/urbeamea.ro\/albaiulia\/wp-json\/wp\/v2\/categories?post=110876"},{"taxonomy":"post_tag","embeddable":true,"href":"https:\/\/urbeamea.ro\/albaiulia\/wp-json\/wp\/v2\/tags?post=110876"}],"curies":[{"name":"wp","href":"https:\/\/api.w.org\/{rel}","templated":true}]}}