{"id":110880,"date":"2024-04-08T10:45:30","date_gmt":"2024-04-08T07:45:30","guid":{"rendered":"https:\/\/urbeamea.ro\/albaiulia\/?p=110880"},"modified":"2024-04-08T10:45:31","modified_gmt":"2024-04-08T07:45:31","slug":"locuitorii-sebesului-au-testat-primul-autobuz-electric-alaturi-de-primarul-dorin-nistor","status":"publish","type":"post","link":"https:\/\/urbeamea.ro\/albaiulia\/locuitorii-sebesului-au-testat-primul-autobuz-electric-alaturi-de-primarul-dorin-nistor\/","title":{"rendered":"Locuitorii Sebe\u0219ului au testat primul autobuz electric al\u0103turi de primarul Dorin Nistor"},"content":{"rendered":"\n<blockquote class=\"wp-block-quote is-layout-flow wp-block-quote-is-layout-flow\">\n<p>Ora\u0219ul nostru se preg\u0103te\u0219te pentru transportul ecologic. Prin c\u00e2\u0219tigarea a dou\u0103 proiecte cu finan\u021bare nerambursabil\u0103 din Planul Na\u021bional de Redresare \u0219i Rezilien\u021b\u0103 (Componenta 10 \u2013 Fondul Local), Prim\u0103ria Municipiului Sebe\u0219 a ob\u021binut un num\u0103r de 17 autobuze electrice \u0219i 12 sta\u021bii de \u00eenc\u0103rcare. Un prim mijloc de transport nepoluant a fost testat demonstrativ \u00een ultimele zile. Am avut pl\u0103cerea s\u0103 c\u0103l\u0103toresc al\u0103turi de dumneavoastr\u0103.<\/p>\n<cite>Dorin Nistor<\/cite><\/blockquote>\n\n\n\n<figure class=\"wp-block-gallery has-nested-images columns-default is-cropped wp-block-gallery-1 is-layout-flex wp-block-gallery-is-layout-flex\">\n<figure class=\"wp-block-image size-large\"><img loading=\"lazy\" decoding=\"async\" width=\"573\" height=\"1280\" data-id=\"110882\" src=\"https:\/\/urbeamea.ro\/albaiulia\/wp-content\/uploads\/2024\/04\/IMG20240403124101-573x1280.jpg\" alt=\"\" class=\"wp-image-110882\" srcset=\"https:\/\/urbeamea.ro\/albaiulia\/wp-content\/uploads\/2024\/04\/IMG20240403124101-573x1280.jpg 573w, https:\/\/urbeamea.ro\/albaiulia\/wp-content\/uploads\/2024\/04\/IMG20240403124101-286x640.jpg 286w, https:\/\/urbeamea.ro\/albaiulia\/wp-content\/uploads\/2024\/04\/IMG20240403124101-67x150.jpg 67w, https:\/\/urbeamea.ro\/albaiulia\/wp-content\/uploads\/2024\/04\/IMG20240403124101-768x1716.jpg 768w, https:\/\/urbeamea.ro\/albaiulia\/wp-content\/uploads\/2024\/04\/IMG20240403124101-688x1536.jpg 688w, https:\/\/urbeamea.ro\/albaiulia\/wp-content\/uploads\/2024\/04\/IMG20240403124101.jpg 778w\" sizes=\"auto, (max-width: 573px) 100vw, 573px\" \/><\/figure>\n\n\n\n<figure class=\"wp-block-image size-large\"><img loading=\"lazy\" decoding=\"async\" width=\"978\" height=\"1247\" data-id=\"110881\" src=\"https:\/\/urbeamea.ro\/albaiulia\/wp-content\/uploads\/2024\/04\/IMG20240403141721.jpg\" alt=\"\" class=\"wp-image-110881\" srcset=\"https:\/\/urbeamea.ro\/albaiulia\/wp-content\/uploads\/2024\/04\/IMG20240403141721.jpg 978w, https:\/\/urbeamea.ro\/albaiulia\/wp-content\/uploads\/2024\/04\/IMG20240403141721-502x640.jpg 502w, https:\/\/urbeamea.ro\/albaiulia\/wp-content\/uploads\/2024\/04\/IMG20240403141721-118x150.jpg 118w, https:\/\/urbeamea.ro\/albaiulia\/wp-content\/uploads\/2024\/04\/IMG20240403141721-768x979.jpg 768w\" sizes=\"auto, (max-width: 978px) 100vw, 978px\" \/><\/figure>\n<\/figure>\n\n\n\n<p>Testele cu autobuzul electric au fost efectuate pentru noile trasee, propuse \u0219i aprobate, pentru noul serviciul de transport public local de persoane, care va func\u021biona la nivelul municipiului Sebe\u0219. Noul program de transport cuprinde mai multe linii de transport \u0219i o frecven\u021b\u0103 mai mare a curselor, astfel \u00eenc\u00e2t s\u0103 fie acoperite c\u00e2t mai bine nevoile de deplasare ale locuitorilor, transmite Prim\u0103ria Sebe\u0219.<\/p>\n\n\n\n<p>V\u0103 reamintim c\u0103 \u00een cursul lunii februarie 2024, a fost finalizat\u0103 prima procedur\u0103 de achizi\u021bie public\u0103 \u0219i a fost semnat contractul de furnizare \u00een valoare total\u0103 de 19.456.500 lei, cu o companie din Rom\u00e2nia, pentru primele 9 autobuze electrice, 9 sta\u021bii de \u00eenc\u0103rcare lent\u0103 \u0219i 3 sta\u021bii de \u00eenc\u0103rcare rapid\u0103, termenul de realizare fiind de opt luni. Finan\u021barea european\u0103 nerambursabil\u0103 prin PNRR reprezint\u0103 100% din cheltuielile eligibile.<\/p>\n\n\n\n<p>Parcul auto public al Sebe\u0219ului va fi \u00eentregit cu alte 8 mijloace de transport electrice, pentru care procedurile de achizi\u021bie sunt \u00een curs.<\/p>\n\n\n\n<figure class=\"wp-block-gallery has-nested-images columns-1 is-cropped wp-block-gallery-2 is-layout-flex wp-block-gallery-is-layout-flex\">\n<figure class=\"wp-block-image size-large\"><a href=\"https:\/\/urbeamea.ro\/albaiulia\/wp-content\/uploads\/2024\/04\/0d3f1da2-944f-4a76-bf3d-9ab9f180f6ed.jpg\"><img loading=\"lazy\" decoding=\"async\" width=\"960\" height=\"1280\" data-id=\"110884\" src=\"https:\/\/urbeamea.ro\/albaiulia\/wp-content\/uploads\/2024\/04\/0d3f1da2-944f-4a76-bf3d-9ab9f180f6ed-960x1280.jpg\" alt=\"\" class=\"wp-image-110884\" srcset=\"https:\/\/urbeamea.ro\/albaiulia\/wp-content\/uploads\/2024\/04\/0d3f1da2-944f-4a76-bf3d-9ab9f180f6ed-960x1280.jpg 960w, https:\/\/urbeamea.ro\/albaiulia\/wp-content\/uploads\/2024\/04\/0d3f1da2-944f-4a76-bf3d-9ab9f180f6ed-480x640.jpg 480w, https:\/\/urbeamea.ro\/albaiulia\/wp-content\/uploads\/2024\/04\/0d3f1da2-944f-4a76-bf3d-9ab9f180f6ed-113x150.jpg 113w, https:\/\/urbeamea.ro\/albaiulia\/wp-content\/uploads\/2024\/04\/0d3f1da2-944f-4a76-bf3d-9ab9f180f6ed-768x1024.jpg 768w, https:\/\/urbeamea.ro\/albaiulia\/wp-content\/uploads\/2024\/04\/0d3f1da2-944f-4a76-bf3d-9ab9f180f6ed-1152x1536.jpg 1152w, https:\/\/urbeamea.ro\/albaiulia\/wp-content\/uploads\/2024\/04\/0d3f1da2-944f-4a76-bf3d-9ab9f180f6ed.jpg 1200w\" sizes=\"auto, (max-width: 960px) 100vw, 960px\" \/><\/a><\/figure>\n\n\n\n<figure class=\"wp-block-image size-large\"><a href=\"https:\/\/urbeamea.ro\/albaiulia\/wp-content\/uploads\/2024\/04\/IMG-20240403-WA0116.jpg\"><img loading=\"lazy\" decoding=\"async\" width=\"1280\" height=\"960\" data-id=\"110883\" src=\"https:\/\/urbeamea.ro\/albaiulia\/wp-content\/uploads\/2024\/04\/IMG-20240403-WA0116-1280x960.jpg\" alt=\"\" class=\"wp-image-110883\" srcset=\"https:\/\/urbeamea.ro\/albaiulia\/wp-content\/uploads\/2024\/04\/IMG-20240403-WA0116-1280x960.jpg 1280w, https:\/\/urbeamea.ro\/albaiulia\/wp-content\/uploads\/2024\/04\/IMG-20240403-WA0116-640x480.jpg 640w, https:\/\/urbeamea.ro\/albaiulia\/wp-content\/uploads\/2024\/04\/IMG-20240403-WA0116-150x113.jpg 150w, https:\/\/urbeamea.ro\/albaiulia\/wp-content\/uploads\/2024\/04\/IMG-20240403-WA0116-768x576.jpg 768w, https:\/\/urbeamea.ro\/albaiulia\/wp-content\/uploads\/2024\/04\/IMG-20240403-WA0116-1536x1152.jpg 1536w, https:\/\/urbeamea.ro\/albaiulia\/wp-content\/uploads\/2024\/04\/IMG-20240403-WA0116.jpg 1600w\" sizes=\"auto, (max-width: 1280px) 100vw, 1280px\" \/><\/a><\/figure>\n\n\n\n<figure class=\"wp-block-image size-large\"><a href=\"https:\/\/urbeamea.ro\/albaiulia\/wp-content\/uploads\/2024\/04\/IMG20240403170339.jpg\"><img loading=\"lazy\" decoding=\"async\" width=\"1280\" height=\"720\" data-id=\"110885\" src=\"https:\/\/urbeamea.ro\/albaiulia\/wp-content\/uploads\/2024\/04\/IMG20240403170339-1280x720.jpg\" alt=\"\" class=\"wp-image-110885\" srcset=\"https:\/\/urbeamea.ro\/albaiulia\/wp-content\/uploads\/2024\/04\/IMG20240403170339-1280x720.jpg 1280w, https:\/\/urbeamea.ro\/albaiulia\/wp-content\/uploads\/2024\/04\/IMG20240403170339-640x360.jpg 640w, https:\/\/urbeamea.ro\/albaiulia\/wp-content\/uploads\/2024\/04\/IMG20240403170339-150x84.jpg 150w, https:\/\/urbeamea.ro\/albaiulia\/wp-content\/uploads\/2024\/04\/IMG20240403170339-768x432.jpg 768w, https:\/\/urbeamea.ro\/albaiulia\/wp-content\/uploads\/2024\/04\/IMG20240403170339-1536x864.jpg 1536w, https:\/\/urbeamea.ro\/albaiulia\/wp-content\/uploads\/2024\/04\/IMG20240403170339-390x220.jpg 390w, https:\/\/urbeamea.ro\/albaiulia\/wp-content\/uploads\/2024\/04\/IMG20240403170339.jpg 1600w\" sizes=\"auto, (max-width: 1280px) 100vw, 1280px\" \/><\/a><\/figure>\n<\/figure>\n","protected":false},"excerpt":{"rendered":"<p>Ora\u0219ul nostru se preg\u0103te\u0219te pentru transportul ecologic. Prin c\u00e2\u0219tigarea a dou\u0103 proiecte cu finan\u021bare nerambursabil\u0103 din Planul Na\u021bional de Redresare \u0219i Rezilien\u021b\u0103 (Componenta 10 \u2013 Fondul Local), Prim\u0103ria Municipiului Sebe\u0219 a ob\u021binut un num\u0103r de 17 autobuze electrice \u0219i 12 sta\u021bii de \u00eenc\u0103rcare. Un prim mijloc de transport nepoluant a fost testat demonstrativ \u00een ultimele &hellip;<\/p>\n","protected":false},"author":16,"featured_media":110886,"comment_status":"open","ping_status":"open","sticky":false,"template":"","format":"standard","meta":{"inline_featured_image":false,"footnotes":""},"categories":[2035],"tags":[],"class_list":["post-110880","post","type-post","status-publish","format-standard","has-post-thumbnail","hentry","category-administratie"],"yoast_head":"<!-- This site is optimized with the Yoast SEO plugin v27.4 - https:\/\/yoast.com\/product\/yoast-seo-wordpress\/ -->\n<title>Locuitorii Sebe\u0219ului au testat primul autobuz electric al\u0103turi de primarul Dorin Nistor - Revista Urbea Mea - Revista de Alba<\/title>\n<meta name=\"description\" content=\"Ora\u0219ul nostru se preg\u0103te\u0219te pentru transportul ecologic. Prin c\u00e2\u0219tigarea a dou\u0103 proiecte cu finan\u021bare nerambursabil\u0103 din Planul Na\u021bional de Redresare \u0219i\" \/>\n<meta name=\"robots\" content=\"index, follow, max-snippet:-1, max-image-preview:large, max-video-preview:-1\" \/>\n<link rel=\"canonical\" href=\"https:\/\/urbeamea.ro\/albaiulia\/locuitorii-sebesului-au-testat-primul-autobuz-electric-alaturi-de-primarul-dorin-nistor\/\" \/>\n<meta name=\"twitter:card\" content=\"summary_large_image\" \/>\n<meta name=\"twitter:title\" content=\"Locuitorii Sebe\u0219ului au testat primul autobuz electric al\u0103turi de primarul Dorin Nistor - Revista Urbea Mea - Revista de Alba\" \/>\n<meta name=\"twitter:description\" content=\"Ora\u0219ul nostru se preg\u0103te\u0219te pentru transportul ecologic. Prin c\u00e2\u0219tigarea a dou\u0103 proiecte cu finan\u021bare nerambursabil\u0103 din Planul Na\u021bional de Redresare \u0219i\" \/>\n<meta name=\"twitter:image\" content=\"https:\/\/urbeamea.ro\/albaiulia\/wp-content\/uploads\/2024\/04\/IMG20240403195038.jpg\" \/>\n<meta name=\"twitter:creator\" content=\"@urbeameaweb\" \/>\n<meta name=\"twitter:site\" content=\"@urbeameaweb\" \/>\n<script type=\"application\/ld+json\" class=\"yoast-schema-graph\">{\"@context\":\"https:\\\/\\\/schema.org\",\"@graph\":[{\"@type\":\"Article\",\"@id\":\"https:\\\/\\\/urbeamea.ro\\\/albaiulia\\\/locuitorii-sebesului-au-testat-primul-autobuz-electric-alaturi-de-primarul-dorin-nistor\\\/#article\",\"isPartOf\":{\"@id\":\"https:\\\/\\\/urbeamea.ro\\\/albaiulia\\\/locuitorii-sebesului-au-testat-primul-autobuz-electric-alaturi-de-primarul-dorin-nistor\\\/\"},\"author\":{\"name\":\"Redac\u021bia UrbeaMea\",\"@id\":\"https:\\\/\\\/urbeamea.ro\\\/albaiulia\\\/#\\\/schema\\\/person\\\/272ae98052f8ee8980f59848df070247\"},\"headline\":\"Locuitorii Sebe\u0219ului au testat primul autobuz electric al\u0103turi de primarul Dorin Nistor\",\"datePublished\":\"2024-04-08T07:45:30+00:00\",\"dateModified\":\"2024-04-08T07:45:31+00:00\",\"mainEntityOfPage\":{\"@id\":\"https:\\\/\\\/urbeamea.ro\\\/albaiulia\\\/locuitorii-sebesului-au-testat-primul-autobuz-electric-alaturi-de-primarul-dorin-nistor\\\/\"},\"wordCount\":249,\"commentCount\":0,\"image\":{\"@id\":\"https:\\\/\\\/urbeamea.ro\\\/albaiulia\\\/locuitorii-sebesului-au-testat-primul-autobuz-electric-alaturi-de-primarul-dorin-nistor\\\/#primaryimage\"},\"thumbnailUrl\":\"https:\\\/\\\/urbeamea.ro\\\/albaiulia\\\/wp-content\\\/uploads\\\/2024\\\/04\\\/IMG20240403195038.jpg\",\"articleSection\":[\"Administra\u021bie\"],\"inLanguage\":\"ro-RO\",\"potentialAction\":[{\"@type\":\"CommentAction\",\"name\":\"Comment\",\"target\":[\"https:\\\/\\\/urbeamea.ro\\\/albaiulia\\\/locuitorii-sebesului-au-testat-primul-autobuz-electric-alaturi-de-primarul-dorin-nistor\\\/#respond\"]}]},{\"@type\":\"WebPage\",\"@id\":\"https:\\\/\\\/urbeamea.ro\\\/albaiulia\\\/locuitorii-sebesului-au-testat-primul-autobuz-electric-alaturi-de-primarul-dorin-nistor\\\/\",\"url\":\"https:\\\/\\\/urbeamea.ro\\\/albaiulia\\\/locuitorii-sebesului-au-testat-primul-autobuz-electric-alaturi-de-primarul-dorin-nistor\\\/\",\"name\":\"Locuitorii Sebe\u0219ului au testat primul autobuz electric al\u0103turi de primarul Dorin Nistor - Revista Urbea Mea - Revista de Alba\",\"isPartOf\":{\"@id\":\"https:\\\/\\\/urbeamea.ro\\\/albaiulia\\\/#website\"},\"primaryImageOfPage\":{\"@id\":\"https:\\\/\\\/urbeamea.ro\\\/albaiulia\\\/locuitorii-sebesului-au-testat-primul-autobuz-electric-alaturi-de-primarul-dorin-nistor\\\/#primaryimage\"},\"image\":{\"@id\":\"https:\\\/\\\/urbeamea.ro\\\/albaiulia\\\/locuitorii-sebesului-au-testat-primul-autobuz-electric-alaturi-de-primarul-dorin-nistor\\\/#primaryimage\"},\"thumbnailUrl\":\"https:\\\/\\\/urbeamea.ro\\\/albaiulia\\\/wp-content\\\/uploads\\\/2024\\\/04\\\/IMG20240403195038.jpg\",\"datePublished\":\"2024-04-08T07:45:30+00:00\",\"dateModified\":\"2024-04-08T07:45:31+00:00\",\"author\":{\"@id\":\"https:\\\/\\\/urbeamea.ro\\\/albaiulia\\\/#\\\/schema\\\/person\\\/272ae98052f8ee8980f59848df070247\"},\"description\":\"Ora\u0219ul nostru se preg\u0103te\u0219te pentru transportul ecologic. Prin c\u00e2\u0219tigarea a dou\u0103 proiecte cu finan\u021bare nerambursabil\u0103 din Planul Na\u021bional de Redresare \u0219i\",\"breadcrumb\":{\"@id\":\"https:\\\/\\\/urbeamea.ro\\\/albaiulia\\\/locuitorii-sebesului-au-testat-primul-autobuz-electric-alaturi-de-primarul-dorin-nistor\\\/#breadcrumb\"},\"inLanguage\":\"ro-RO\",\"potentialAction\":[{\"@type\":\"ReadAction\",\"target\":[\"https:\\\/\\\/urbeamea.ro\\\/albaiulia\\\/locuitorii-sebesului-au-testat-primul-autobuz-electric-alaturi-de-primarul-dorin-nistor\\\/\"]}]},{\"@type\":\"ImageObject\",\"inLanguage\":\"ro-RO\",\"@id\":\"https:\\\/\\\/urbeamea.ro\\\/albaiulia\\\/locuitorii-sebesului-au-testat-primul-autobuz-electric-alaturi-de-primarul-dorin-nistor\\\/#primaryimage\",\"url\":\"https:\\\/\\\/urbeamea.ro\\\/albaiulia\\\/wp-content\\\/uploads\\\/2024\\\/04\\\/IMG20240403195038.jpg\",\"contentUrl\":\"https:\\\/\\\/urbeamea.ro\\\/albaiulia\\\/wp-content\\\/uploads\\\/2024\\\/04\\\/IMG20240403195038.jpg\",\"width\":1600,\"height\":900},{\"@type\":\"BreadcrumbList\",\"@id\":\"https:\\\/\\\/urbeamea.ro\\\/albaiulia\\\/locuitorii-sebesului-au-testat-primul-autobuz-electric-alaturi-de-primarul-dorin-nistor\\\/#breadcrumb\",\"itemListElement\":[{\"@type\":\"ListItem\",\"position\":1,\"name\":\"Prima pagin\u0103\",\"item\":\"https:\\\/\\\/urbeamea.ro\\\/albaiulia\\\/\"},{\"@type\":\"ListItem\",\"position\":2,\"name\":\"Locuitorii Sebe\u0219ului au testat primul autobuz electric al\u0103turi de primarul Dorin Nistor\"}]},{\"@type\":\"WebSite\",\"@id\":\"https:\\\/\\\/urbeamea.ro\\\/albaiulia\\\/#website\",\"url\":\"https:\\\/\\\/urbeamea.ro\\\/albaiulia\\\/\",\"name\":\"Revista Urbea Mea, Stiri urbane\",\"description\":\"Evenimente \u0219i \u0219tiri din Alba Iulia, Sebe\u0219, Aiud, Blaj\",\"potentialAction\":[{\"@type\":\"SearchAction\",\"target\":{\"@type\":\"EntryPoint\",\"urlTemplate\":\"https:\\\/\\\/urbeamea.ro\\\/albaiulia\\\/?s={search_term_string}\"},\"query-input\":{\"@type\":\"PropertyValueSpecification\",\"valueRequired\":true,\"valueName\":\"search_term_string\"}}],\"inLanguage\":\"ro-RO\"},{\"@type\":\"Person\",\"@id\":\"https:\\\/\\\/urbeamea.ro\\\/albaiulia\\\/#\\\/schema\\\/person\\\/272ae98052f8ee8980f59848df070247\",\"name\":\"Redac\u021bia UrbeaMea\",\"image\":{\"@type\":\"ImageObject\",\"inLanguage\":\"ro-RO\",\"@id\":\"https:\\\/\\\/secure.gravatar.com\\\/avatar\\\/9ce5a9435071fa1037e8468053ead8e513dbbff59009d3069aadb85506d85a27?s=96&d=mm&r=g\",\"url\":\"https:\\\/\\\/secure.gravatar.com\\\/avatar\\\/9ce5a9435071fa1037e8468053ead8e513dbbff59009d3069aadb85506d85a27?s=96&d=mm&r=g\",\"contentUrl\":\"https:\\\/\\\/secure.gravatar.com\\\/avatar\\\/9ce5a9435071fa1037e8468053ead8e513dbbff59009d3069aadb85506d85a27?s=96&d=mm&r=g\",\"caption\":\"Redac\u021bia UrbeaMea\"},\"description\":\"contact@urbeamea.ro\",\"sameAs\":[\"https:\\\/\\\/www.urbeamea.ro\"],\"url\":\"https:\\\/\\\/urbeamea.ro\\\/albaiulia\\\/author\\\/redactia-urbeamea\\\/\"}]}<\/script>\n<!-- \/ Yoast SEO plugin. -->","yoast_head_json":{"title":"Locuitorii Sebe\u0219ului au testat primul autobuz electric al\u0103turi de primarul Dorin Nistor - Revista Urbea Mea - Revista de Alba","description":"Ora\u0219ul nostru se preg\u0103te\u0219te pentru transportul ecologic. Prin c\u00e2\u0219tigarea a dou\u0103 proiecte cu finan\u021bare nerambursabil\u0103 din Planul Na\u021bional de Redresare \u0219i","robots":{"index":"index","follow":"follow","max-snippet":"max-snippet:-1","max-image-preview":"max-image-preview:large","max-video-preview":"max-video-preview:-1"},"canonical":"https:\/\/urbeamea.ro\/albaiulia\/locuitorii-sebesului-au-testat-primul-autobuz-electric-alaturi-de-primarul-dorin-nistor\/","twitter_card":"summary_large_image","twitter_title":"Locuitorii Sebe\u0219ului au testat primul autobuz electric al\u0103turi de primarul Dorin Nistor - Revista Urbea Mea - Revista de Alba","twitter_description":"Ora\u0219ul nostru se preg\u0103te\u0219te pentru transportul ecologic. Prin c\u00e2\u0219tigarea a dou\u0103 proiecte cu finan\u021bare nerambursabil\u0103 din Planul Na\u021bional de Redresare \u0219i","twitter_image":"https:\/\/urbeamea.ro\/albaiulia\/wp-content\/uploads\/2024\/04\/IMG20240403195038.jpg","twitter_creator":"@urbeameaweb","twitter_site":"@urbeameaweb","schema":{"@context":"https:\/\/schema.org","@graph":[{"@type":"Article","@id":"https:\/\/urbeamea.ro\/albaiulia\/locuitorii-sebesului-au-testat-primul-autobuz-electric-alaturi-de-primarul-dorin-nistor\/#article","isPartOf":{"@id":"https:\/\/urbeamea.ro\/albaiulia\/locuitorii-sebesului-au-testat-primul-autobuz-electric-alaturi-de-primarul-dorin-nistor\/"},"author":{"name":"Redac\u021bia UrbeaMea","@id":"https:\/\/urbeamea.ro\/albaiulia\/#\/schema\/person\/272ae98052f8ee8980f59848df070247"},"headline":"Locuitorii Sebe\u0219ului au testat primul autobuz electric al\u0103turi de primarul Dorin Nistor","datePublished":"2024-04-08T07:45:30+00:00","dateModified":"2024-04-08T07:45:31+00:00","mainEntityOfPage":{"@id":"https:\/\/urbeamea.ro\/albaiulia\/locuitorii-sebesului-au-testat-primul-autobuz-electric-alaturi-de-primarul-dorin-nistor\/"},"wordCount":249,"commentCount":0,"image":{"@id":"https:\/\/urbeamea.ro\/albaiulia\/locuitorii-sebesului-au-testat-primul-autobuz-electric-alaturi-de-primarul-dorin-nistor\/#primaryimage"},"thumbnailUrl":"https:\/\/urbeamea.ro\/albaiulia\/wp-content\/uploads\/2024\/04\/IMG20240403195038.jpg","articleSection":["Administra\u021bie"],"inLanguage":"ro-RO","potentialAction":[{"@type":"CommentAction","name":"Comment","target":["https:\/\/urbeamea.ro\/albaiulia\/locuitorii-sebesului-au-testat-primul-autobuz-electric-alaturi-de-primarul-dorin-nistor\/#respond"]}]},{"@type":"WebPage","@id":"https:\/\/urbeamea.ro\/albaiulia\/locuitorii-sebesului-au-testat-primul-autobuz-electric-alaturi-de-primarul-dorin-nistor\/","url":"https:\/\/urbeamea.ro\/albaiulia\/locuitorii-sebesului-au-testat-primul-autobuz-electric-alaturi-de-primarul-dorin-nistor\/","name":"Locuitorii Sebe\u0219ului au testat primul autobuz electric al\u0103turi de primarul Dorin Nistor - Revista Urbea Mea - Revista de Alba","isPartOf":{"@id":"https:\/\/urbeamea.ro\/albaiulia\/#website"},"primaryImageOfPage":{"@id":"https:\/\/urbeamea.ro\/albaiulia\/locuitorii-sebesului-au-testat-primul-autobuz-electric-alaturi-de-primarul-dorin-nistor\/#primaryimage"},"image":{"@id":"https:\/\/urbeamea.ro\/albaiulia\/locuitorii-sebesului-au-testat-primul-autobuz-electric-alaturi-de-primarul-dorin-nistor\/#primaryimage"},"thumbnailUrl":"https:\/\/urbeamea.ro\/albaiulia\/wp-content\/uploads\/2024\/04\/IMG20240403195038.jpg","datePublished":"2024-04-08T07:45:30+00:00","dateModified":"2024-04-08T07:45:31+00:00","author":{"@id":"https:\/\/urbeamea.ro\/albaiulia\/#\/schema\/person\/272ae98052f8ee8980f59848df070247"},"description":"Ora\u0219ul nostru se preg\u0103te\u0219te pentru transportul ecologic. Prin c\u00e2\u0219tigarea a dou\u0103 proiecte cu finan\u021bare nerambursabil\u0103 din Planul Na\u021bional de Redresare \u0219i","breadcrumb":{"@id":"https:\/\/urbeamea.ro\/albaiulia\/locuitorii-sebesului-au-testat-primul-autobuz-electric-alaturi-de-primarul-dorin-nistor\/#breadcrumb"},"inLanguage":"ro-RO","potentialAction":[{"@type":"ReadAction","target":["https:\/\/urbeamea.ro\/albaiulia\/locuitorii-sebesului-au-testat-primul-autobuz-electric-alaturi-de-primarul-dorin-nistor\/"]}]},{"@type":"ImageObject","inLanguage":"ro-RO","@id":"https:\/\/urbeamea.ro\/albaiulia\/locuitorii-sebesului-au-testat-primul-autobuz-electric-alaturi-de-primarul-dorin-nistor\/#primaryimage","url":"https:\/\/urbeamea.ro\/albaiulia\/wp-content\/uploads\/2024\/04\/IMG20240403195038.jpg","contentUrl":"https:\/\/urbeamea.ro\/albaiulia\/wp-content\/uploads\/2024\/04\/IMG20240403195038.jpg","width":1600,"height":900},{"@type":"BreadcrumbList","@id":"https:\/\/urbeamea.ro\/albaiulia\/locuitorii-sebesului-au-testat-primul-autobuz-electric-alaturi-de-primarul-dorin-nistor\/#breadcrumb","itemListElement":[{"@type":"ListItem","position":1,"name":"Prima pagin\u0103","item":"https:\/\/urbeamea.ro\/albaiulia\/"},{"@type":"ListItem","position":2,"name":"Locuitorii Sebe\u0219ului au testat primul autobuz electric al\u0103turi de primarul Dorin Nistor"}]},{"@type":"WebSite","@id":"https:\/\/urbeamea.ro\/albaiulia\/#website","url":"https:\/\/urbeamea.ro\/albaiulia\/","name":"Revista Urbea Mea, Stiri urbane","description":"Evenimente \u0219i \u0219tiri din Alba Iulia, Sebe\u0219, Aiud, Blaj","potentialAction":[{"@type":"SearchAction","target":{"@type":"EntryPoint","urlTemplate":"https:\/\/urbeamea.ro\/albaiulia\/?s={search_term_string}"},"query-input":{"@type":"PropertyValueSpecification","valueRequired":true,"valueName":"search_term_string"}}],"inLanguage":"ro-RO"},{"@type":"Person","@id":"https:\/\/urbeamea.ro\/albaiulia\/#\/schema\/person\/272ae98052f8ee8980f59848df070247","name":"Redac\u021bia UrbeaMea","image":{"@type":"ImageObject","inLanguage":"ro-RO","@id":"https:\/\/secure.gravatar.com\/avatar\/9ce5a9435071fa1037e8468053ead8e513dbbff59009d3069aadb85506d85a27?s=96&d=mm&r=g","url":"https:\/\/secure.gravatar.com\/avatar\/9ce5a9435071fa1037e8468053ead8e513dbbff59009d3069aadb85506d85a27?s=96&d=mm&r=g","contentUrl":"https:\/\/secure.gravatar.com\/avatar\/9ce5a9435071fa1037e8468053ead8e513dbbff59009d3069aadb85506d85a27?s=96&d=mm&r=g","caption":"Redac\u021bia UrbeaMea"},"description":"contact@urbeamea.ro","sameAs":["https:\/\/www.urbeamea.ro"],"url":"https:\/\/urbeamea.ro\/albaiulia\/author\/redactia-urbeamea\/"}]}},"_links":{"self":[{"href":"https:\/\/urbeamea.ro\/albaiulia\/wp-json\/wp\/v2\/posts\/110880","targetHints":{"allow":["GET"]}}],"collection":[{"href":"https:\/\/urbeamea.ro\/albaiulia\/wp-json\/wp\/v2\/posts"}],"about":[{"href":"https:\/\/urbeamea.ro\/albaiulia\/wp-json\/wp\/v2\/types\/post"}],"author":[{"embeddable":true,"href":"https:\/\/urbeamea.ro\/albaiulia\/wp-json\/wp\/v2\/users\/16"}],"replies":[{"embeddable":true,"href":"https:\/\/urbeamea.ro\/albaiulia\/wp-json\/wp\/v2\/comments?post=110880"}],"version-history":[{"count":1,"href":"https:\/\/urbeamea.ro\/albaiulia\/wp-json\/wp\/v2\/posts\/110880\/revisions"}],"predecessor-version":[{"id":110887,"href":"https:\/\/urbeamea.ro\/albaiulia\/wp-json\/wp\/v2\/posts\/110880\/revisions\/110887"}],"wp:featuredmedia":[{"embeddable":true,"href":"https:\/\/urbeamea.ro\/albaiulia\/wp-json\/wp\/v2\/media\/110886"}],"wp:attachment":[{"href":"https:\/\/urbeamea.ro\/albaiulia\/wp-json\/wp\/v2\/media?parent=110880"}],"wp:term":[{"taxonomy":"category","embeddable":true,"href":"https:\/\/urbeamea.ro\/albaiulia\/wp-json\/wp\/v2\/categories?post=110880"},{"taxonomy":"post_tag","embeddable":true,"href":"https:\/\/urbeamea.ro\/albaiulia\/wp-json\/wp\/v2\/tags?post=110880"}],"curies":[{"name":"wp","href":"https:\/\/api.w.org\/{rel}","templated":true}]}}