{"id":110888,"date":"2024-04-08T10:49:02","date_gmt":"2024-04-08T07:49:02","guid":{"rendered":"https:\/\/urbeamea.ro\/albaiulia\/?p=110888"},"modified":"2024-04-08T10:49:03","modified_gmt":"2024-04-08T07:49:03","slug":"sc-apa-ctta-sa-alba-informeaza-consumatorii-ca-in-data-de-09-04-2024-incepand-cu-ora-0000-se-vor-efectua-lucrari-de-cuplare-a-noii-conducte-de-alimentare-cu-apa-potabila-dn-600","status":"publish","type":"post","link":"https:\/\/urbeamea.ro\/albaiulia\/sc-apa-ctta-sa-alba-informeaza-consumatorii-ca-in-data-de-09-04-2024-incepand-cu-ora-0000-se-vor-efectua-lucrari-de-cuplare-a-noii-conducte-de-alimentare-cu-apa-potabila-dn-600\/","title":{"rendered":"SC APA CTTA SA ALBA informeaz\u0103 consumatorii c\u0103 \u00een data de 09.04.2024, \u00eencep\u00e2nd cu ora 00:00, se vor efectua lucr\u0103ri de cuplare a noii conducte de alimentare cu ap\u0103 potabil\u0103 DN 600"},"content":{"rendered":"\n<p>SC APA CTTA SA ALBA informeaz\u0103 consumatorii c\u0103 \u00een data de 09.04.2024, \u00eencepand cu ora 00:00, se vor efectua lucr\u0103ri de cuplare a noii conducte de alimentare cu ap\u0103 potabil\u0103 DN 600, realizata prin proiectul major POIM, co-finan\u021bat din fonduri europene.<\/p>\n\n\n\n<p>Pentru efectuarea acestor lucr\u0103ri, se va intrerupe furnizarea apei potabile \u00een localit\u0103\u021bile: Co\u0219lariu Nou, com. Mihal\u021b, \u00a0com. Cr\u0103ciunelu de Jos si com. Bucerdea Gr\u00e2noas\u0103.<\/p>\n\n\n\n<p>Durata estimat\u0103 a \u00eentreruperii: 40 de ore.<\/p>\n\n\n\n<p>Rug\u0103m consumatorii s\u0103 \u00ee\u0219i asigure rezerva de ap\u0103 necesar\u0103 pe perioada \u00eentreruperii, iar la reluarea furniz\u0103rii cu ap\u0103 potabil\u0103, este posibil s\u0103 apar\u0103 dep\u0103\u0219iri ale parametrului turbiditate, caz in care rug\u0103m clien\u021bii s\u0103 utilizeze apa numai \u00een scopuri menajere.<\/p>\n\n\n\n<p>Eventualele perturba\u021bii, precum \u0219i zona \u00een care ele apar, v\u0103 rug\u0103m s\u0103 le semnala\u021bi imediat Dispeceratului Alba Iulia la num\u0103rul de telefon : 0258 \u2013 834501, \u00een vederea interven\u021biei.<br>V\u0103 mul\u021bumim pentru \u00een\u021belegere \u0219i ne cerem scuze pentru disconfortul creat!<\/p>\n","protected":false},"excerpt":{"rendered":"<p>SC APA CTTA SA ALBA informeaz\u0103 consumatorii c\u0103 \u00een data de 09.04.2024, \u00eencepand cu ora 00:00, se vor efectua lucr\u0103ri de cuplare a noii conducte de alimentare cu ap\u0103 potabil\u0103 DN 600, realizata prin proiectul major POIM, co-finan\u021bat din fonduri europene. Pentru efectuarea acestor lucr\u0103ri, se va intrerupe furnizarea apei potabile \u00een localit\u0103\u021bile: Co\u0219lariu Nou, &hellip;<\/p>\n","protected":false},"author":16,"featured_media":100756,"comment_status":"open","ping_status":"open","sticky":false,"template":"","format":"standard","meta":{"inline_featured_image":false,"footnotes":""},"categories":[1],"tags":[],"class_list":["post-110888","post","type-post","status-publish","format-standard","has-post-thumbnail","hentry","category-stiri-urbane"],"yoast_head":"<!-- This site is optimized with the Yoast SEO plugin v27.4 - https:\/\/yoast.com\/product\/yoast-seo-wordpress\/ -->\n<title>SC APA CTTA SA ALBA informeaz\u0103 consumatorii c\u0103 \u00een data de 09.04.2024, \u00eencep\u00e2nd cu ora 00:00, se vor efectua lucr\u0103ri de cuplare a noii conducte de alimentare cu ap\u0103 potabil\u0103 DN 600 - Revista Urbea Mea - Revista de Alba<\/title>\n<meta name=\"description\" content=\"SC APA CTTA SA ALBA informeaz\u0103 consumatorii c\u0103 \u00een data de 09.04.2024, \u00eencepand cu ora 00:00, se vor efectua lucr\u0103ri de cuplare a noii conducte de\" \/>\n<meta name=\"robots\" content=\"index, follow, max-snippet:-1, max-image-preview:large, max-video-preview:-1\" \/>\n<link rel=\"canonical\" href=\"https:\/\/urbeamea.ro\/albaiulia\/sc-apa-ctta-sa-alba-informeaza-consumatorii-ca-in-data-de-09-04-2024-incepand-cu-ora-0000-se-vor-efectua-lucrari-de-cuplare-a-noii-conducte-de-alimentare-cu-apa-potabila-dn-600\/\" \/>\n<meta name=\"twitter:card\" content=\"summary_large_image\" \/>\n<meta name=\"twitter:title\" content=\"SC APA CTTA SA ALBA informeaz\u0103 consumatorii c\u0103 \u00een data de 09.04.2024, \u00eencep\u00e2nd cu ora 00:00, se vor efectua lucr\u0103ri de cuplare a noii conducte de alimentare cu ap\u0103 potabil\u0103 DN 600 - Revista Urbea Mea - Revista de Alba\" \/>\n<meta name=\"twitter:description\" content=\"SC APA CTTA SA ALBA informeaz\u0103 consumatorii c\u0103 \u00een data de 09.04.2024, \u00eencepand cu ora 00:00, se vor efectua lucr\u0103ri de cuplare a noii conducte de\" \/>\n<meta name=\"twitter:image\" content=\"https:\/\/urbeamea.ro\/albaiulia\/wp-content\/uploads\/2022\/03\/apa.jpg\" \/>\n<meta name=\"twitter:creator\" content=\"@urbeameaweb\" \/>\n<meta name=\"twitter:site\" content=\"@urbeameaweb\" \/>\n<script type=\"application\/ld+json\" class=\"yoast-schema-graph\">{\"@context\":\"https:\\\/\\\/schema.org\",\"@graph\":[{\"@type\":\"Article\",\"@id\":\"https:\\\/\\\/urbeamea.ro\\\/albaiulia\\\/sc-apa-ctta-sa-alba-informeaza-consumatorii-ca-in-data-de-09-04-2024-incepand-cu-ora-0000-se-vor-efectua-lucrari-de-cuplare-a-noii-conducte-de-alimentare-cu-apa-potabila-dn-600\\\/#article\",\"isPartOf\":{\"@id\":\"https:\\\/\\\/urbeamea.ro\\\/albaiulia\\\/sc-apa-ctta-sa-alba-informeaza-consumatorii-ca-in-data-de-09-04-2024-incepand-cu-ora-0000-se-vor-efectua-lucrari-de-cuplare-a-noii-conducte-de-alimentare-cu-apa-potabila-dn-600\\\/\"},\"author\":{\"name\":\"Redac\u021bia UrbeaMea\",\"@id\":\"https:\\\/\\\/urbeamea.ro\\\/albaiulia\\\/#\\\/schema\\\/person\\\/272ae98052f8ee8980f59848df070247\"},\"headline\":\"SC APA CTTA SA ALBA informeaz\u0103 consumatorii c\u0103 \u00een data de 09.04.2024, \u00eencep\u00e2nd cu ora 00:00, se vor efectua lucr\u0103ri de cuplare a noii conducte de alimentare cu ap\u0103 potabil\u0103 DN 600\",\"datePublished\":\"2024-04-08T07:49:02+00:00\",\"dateModified\":\"2024-04-08T07:49:03+00:00\",\"mainEntityOfPage\":{\"@id\":\"https:\\\/\\\/urbeamea.ro\\\/albaiulia\\\/sc-apa-ctta-sa-alba-informeaza-consumatorii-ca-in-data-de-09-04-2024-incepand-cu-ora-0000-se-vor-efectua-lucrari-de-cuplare-a-noii-conducte-de-alimentare-cu-apa-potabila-dn-600\\\/\"},\"wordCount\":193,\"commentCount\":0,\"image\":{\"@id\":\"https:\\\/\\\/urbeamea.ro\\\/albaiulia\\\/sc-apa-ctta-sa-alba-informeaza-consumatorii-ca-in-data-de-09-04-2024-incepand-cu-ora-0000-se-vor-efectua-lucrari-de-cuplare-a-noii-conducte-de-alimentare-cu-apa-potabila-dn-600\\\/#primaryimage\"},\"thumbnailUrl\":\"https:\\\/\\\/urbeamea.ro\\\/albaiulia\\\/wp-content\\\/uploads\\\/2022\\\/03\\\/apa.jpg\",\"articleSection\":[\"\u015etiri Urbane\"],\"inLanguage\":\"ro-RO\",\"potentialAction\":[{\"@type\":\"CommentAction\",\"name\":\"Comment\",\"target\":[\"https:\\\/\\\/urbeamea.ro\\\/albaiulia\\\/sc-apa-ctta-sa-alba-informeaza-consumatorii-ca-in-data-de-09-04-2024-incepand-cu-ora-0000-se-vor-efectua-lucrari-de-cuplare-a-noii-conducte-de-alimentare-cu-apa-potabila-dn-600\\\/#respond\"]}]},{\"@type\":\"WebPage\",\"@id\":\"https:\\\/\\\/urbeamea.ro\\\/albaiulia\\\/sc-apa-ctta-sa-alba-informeaza-consumatorii-ca-in-data-de-09-04-2024-incepand-cu-ora-0000-se-vor-efectua-lucrari-de-cuplare-a-noii-conducte-de-alimentare-cu-apa-potabila-dn-600\\\/\",\"url\":\"https:\\\/\\\/urbeamea.ro\\\/albaiulia\\\/sc-apa-ctta-sa-alba-informeaza-consumatorii-ca-in-data-de-09-04-2024-incepand-cu-ora-0000-se-vor-efectua-lucrari-de-cuplare-a-noii-conducte-de-alimentare-cu-apa-potabila-dn-600\\\/\",\"name\":\"SC APA CTTA SA ALBA informeaz\u0103 consumatorii c\u0103 \u00een data de 09.04.2024, \u00eencep\u00e2nd cu ora 00:00, se vor efectua lucr\u0103ri de cuplare a noii conducte de alimentare cu ap\u0103 potabil\u0103 DN 600 - Revista Urbea Mea - Revista de Alba\",\"isPartOf\":{\"@id\":\"https:\\\/\\\/urbeamea.ro\\\/albaiulia\\\/#website\"},\"primaryImageOfPage\":{\"@id\":\"https:\\\/\\\/urbeamea.ro\\\/albaiulia\\\/sc-apa-ctta-sa-alba-informeaza-consumatorii-ca-in-data-de-09-04-2024-incepand-cu-ora-0000-se-vor-efectua-lucrari-de-cuplare-a-noii-conducte-de-alimentare-cu-apa-potabila-dn-600\\\/#primaryimage\"},\"image\":{\"@id\":\"https:\\\/\\\/urbeamea.ro\\\/albaiulia\\\/sc-apa-ctta-sa-alba-informeaza-consumatorii-ca-in-data-de-09-04-2024-incepand-cu-ora-0000-se-vor-efectua-lucrari-de-cuplare-a-noii-conducte-de-alimentare-cu-apa-potabila-dn-600\\\/#primaryimage\"},\"thumbnailUrl\":\"https:\\\/\\\/urbeamea.ro\\\/albaiulia\\\/wp-content\\\/uploads\\\/2022\\\/03\\\/apa.jpg\",\"datePublished\":\"2024-04-08T07:49:02+00:00\",\"dateModified\":\"2024-04-08T07:49:03+00:00\",\"author\":{\"@id\":\"https:\\\/\\\/urbeamea.ro\\\/albaiulia\\\/#\\\/schema\\\/person\\\/272ae98052f8ee8980f59848df070247\"},\"description\":\"SC APA CTTA SA ALBA informeaz\u0103 consumatorii c\u0103 \u00een data de 09.04.2024, \u00eencepand cu ora 00:00, se vor efectua lucr\u0103ri de cuplare a noii conducte de\",\"breadcrumb\":{\"@id\":\"https:\\\/\\\/urbeamea.ro\\\/albaiulia\\\/sc-apa-ctta-sa-alba-informeaza-consumatorii-ca-in-data-de-09-04-2024-incepand-cu-ora-0000-se-vor-efectua-lucrari-de-cuplare-a-noii-conducte-de-alimentare-cu-apa-potabila-dn-600\\\/#breadcrumb\"},\"inLanguage\":\"ro-RO\",\"potentialAction\":[{\"@type\":\"ReadAction\",\"target\":[\"https:\\\/\\\/urbeamea.ro\\\/albaiulia\\\/sc-apa-ctta-sa-alba-informeaza-consumatorii-ca-in-data-de-09-04-2024-incepand-cu-ora-0000-se-vor-efectua-lucrari-de-cuplare-a-noii-conducte-de-alimentare-cu-apa-potabila-dn-600\\\/\"]}]},{\"@type\":\"ImageObject\",\"inLanguage\":\"ro-RO\",\"@id\":\"https:\\\/\\\/urbeamea.ro\\\/albaiulia\\\/sc-apa-ctta-sa-alba-informeaza-consumatorii-ca-in-data-de-09-04-2024-incepand-cu-ora-0000-se-vor-efectua-lucrari-de-cuplare-a-noii-conducte-de-alimentare-cu-apa-potabila-dn-600\\\/#primaryimage\",\"url\":\"https:\\\/\\\/urbeamea.ro\\\/albaiulia\\\/wp-content\\\/uploads\\\/2022\\\/03\\\/apa.jpg\",\"contentUrl\":\"https:\\\/\\\/urbeamea.ro\\\/albaiulia\\\/wp-content\\\/uploads\\\/2022\\\/03\\\/apa.jpg\",\"width\":1600,\"height\":1068},{\"@type\":\"BreadcrumbList\",\"@id\":\"https:\\\/\\\/urbeamea.ro\\\/albaiulia\\\/sc-apa-ctta-sa-alba-informeaza-consumatorii-ca-in-data-de-09-04-2024-incepand-cu-ora-0000-se-vor-efectua-lucrari-de-cuplare-a-noii-conducte-de-alimentare-cu-apa-potabila-dn-600\\\/#breadcrumb\",\"itemListElement\":[{\"@type\":\"ListItem\",\"position\":1,\"name\":\"Prima pagin\u0103\",\"item\":\"https:\\\/\\\/urbeamea.ro\\\/albaiulia\\\/\"},{\"@type\":\"ListItem\",\"position\":2,\"name\":\"SC APA CTTA SA ALBA informeaz\u0103 consumatorii c\u0103 \u00een data de 09.04.2024, \u00eencep\u00e2nd cu ora 00:00, se vor efectua lucr\u0103ri de cuplare a noii conducte de alimentare cu ap\u0103 potabil\u0103 DN 600\"}]},{\"@type\":\"WebSite\",\"@id\":\"https:\\\/\\\/urbeamea.ro\\\/albaiulia\\\/#website\",\"url\":\"https:\\\/\\\/urbeamea.ro\\\/albaiulia\\\/\",\"name\":\"Revista Urbea Mea, Stiri urbane\",\"description\":\"Evenimente \u0219i \u0219tiri din Alba Iulia, Sebe\u0219, Aiud, Blaj\",\"potentialAction\":[{\"@type\":\"SearchAction\",\"target\":{\"@type\":\"EntryPoint\",\"urlTemplate\":\"https:\\\/\\\/urbeamea.ro\\\/albaiulia\\\/?s={search_term_string}\"},\"query-input\":{\"@type\":\"PropertyValueSpecification\",\"valueRequired\":true,\"valueName\":\"search_term_string\"}}],\"inLanguage\":\"ro-RO\"},{\"@type\":\"Person\",\"@id\":\"https:\\\/\\\/urbeamea.ro\\\/albaiulia\\\/#\\\/schema\\\/person\\\/272ae98052f8ee8980f59848df070247\",\"name\":\"Redac\u021bia UrbeaMea\",\"image\":{\"@type\":\"ImageObject\",\"inLanguage\":\"ro-RO\",\"@id\":\"https:\\\/\\\/secure.gravatar.com\\\/avatar\\\/9ce5a9435071fa1037e8468053ead8e513dbbff59009d3069aadb85506d85a27?s=96&d=mm&r=g\",\"url\":\"https:\\\/\\\/secure.gravatar.com\\\/avatar\\\/9ce5a9435071fa1037e8468053ead8e513dbbff59009d3069aadb85506d85a27?s=96&d=mm&r=g\",\"contentUrl\":\"https:\\\/\\\/secure.gravatar.com\\\/avatar\\\/9ce5a9435071fa1037e8468053ead8e513dbbff59009d3069aadb85506d85a27?s=96&d=mm&r=g\",\"caption\":\"Redac\u021bia UrbeaMea\"},\"description\":\"contact@urbeamea.ro\",\"sameAs\":[\"https:\\\/\\\/www.urbeamea.ro\"],\"url\":\"https:\\\/\\\/urbeamea.ro\\\/albaiulia\\\/author\\\/redactia-urbeamea\\\/\"}]}<\/script>\n<!-- \/ Yoast SEO plugin. -->","yoast_head_json":{"title":"SC APA CTTA SA ALBA informeaz\u0103 consumatorii c\u0103 \u00een data de 09.04.2024, \u00eencep\u00e2nd cu ora 00:00, se vor efectua lucr\u0103ri de cuplare a noii conducte de alimentare cu ap\u0103 potabil\u0103 DN 600 - Revista Urbea Mea - Revista de Alba","description":"SC APA CTTA SA ALBA informeaz\u0103 consumatorii c\u0103 \u00een data de 09.04.2024, \u00eencepand cu ora 00:00, se vor efectua lucr\u0103ri de cuplare a noii conducte de","robots":{"index":"index","follow":"follow","max-snippet":"max-snippet:-1","max-image-preview":"max-image-preview:large","max-video-preview":"max-video-preview:-1"},"canonical":"https:\/\/urbeamea.ro\/albaiulia\/sc-apa-ctta-sa-alba-informeaza-consumatorii-ca-in-data-de-09-04-2024-incepand-cu-ora-0000-se-vor-efectua-lucrari-de-cuplare-a-noii-conducte-de-alimentare-cu-apa-potabila-dn-600\/","twitter_card":"summary_large_image","twitter_title":"SC APA CTTA SA ALBA informeaz\u0103 consumatorii c\u0103 \u00een data de 09.04.2024, \u00eencep\u00e2nd cu ora 00:00, se vor efectua lucr\u0103ri de cuplare a noii conducte de alimentare cu ap\u0103 potabil\u0103 DN 600 - Revista Urbea Mea - Revista de Alba","twitter_description":"SC APA CTTA SA ALBA informeaz\u0103 consumatorii c\u0103 \u00een data de 09.04.2024, \u00eencepand cu ora 00:00, se vor efectua lucr\u0103ri de cuplare a noii conducte de","twitter_image":"https:\/\/urbeamea.ro\/albaiulia\/wp-content\/uploads\/2022\/03\/apa.jpg","twitter_creator":"@urbeameaweb","twitter_site":"@urbeameaweb","schema":{"@context":"https:\/\/schema.org","@graph":[{"@type":"Article","@id":"https:\/\/urbeamea.ro\/albaiulia\/sc-apa-ctta-sa-alba-informeaza-consumatorii-ca-in-data-de-09-04-2024-incepand-cu-ora-0000-se-vor-efectua-lucrari-de-cuplare-a-noii-conducte-de-alimentare-cu-apa-potabila-dn-600\/#article","isPartOf":{"@id":"https:\/\/urbeamea.ro\/albaiulia\/sc-apa-ctta-sa-alba-informeaza-consumatorii-ca-in-data-de-09-04-2024-incepand-cu-ora-0000-se-vor-efectua-lucrari-de-cuplare-a-noii-conducte-de-alimentare-cu-apa-potabila-dn-600\/"},"author":{"name":"Redac\u021bia UrbeaMea","@id":"https:\/\/urbeamea.ro\/albaiulia\/#\/schema\/person\/272ae98052f8ee8980f59848df070247"},"headline":"SC APA CTTA SA ALBA informeaz\u0103 consumatorii c\u0103 \u00een data de 09.04.2024, \u00eencep\u00e2nd cu ora 00:00, se vor efectua lucr\u0103ri de cuplare a noii conducte de alimentare cu ap\u0103 potabil\u0103 DN 600","datePublished":"2024-04-08T07:49:02+00:00","dateModified":"2024-04-08T07:49:03+00:00","mainEntityOfPage":{"@id":"https:\/\/urbeamea.ro\/albaiulia\/sc-apa-ctta-sa-alba-informeaza-consumatorii-ca-in-data-de-09-04-2024-incepand-cu-ora-0000-se-vor-efectua-lucrari-de-cuplare-a-noii-conducte-de-alimentare-cu-apa-potabila-dn-600\/"},"wordCount":193,"commentCount":0,"image":{"@id":"https:\/\/urbeamea.ro\/albaiulia\/sc-apa-ctta-sa-alba-informeaza-consumatorii-ca-in-data-de-09-04-2024-incepand-cu-ora-0000-se-vor-efectua-lucrari-de-cuplare-a-noii-conducte-de-alimentare-cu-apa-potabila-dn-600\/#primaryimage"},"thumbnailUrl":"https:\/\/urbeamea.ro\/albaiulia\/wp-content\/uploads\/2022\/03\/apa.jpg","articleSection":["\u015etiri Urbane"],"inLanguage":"ro-RO","potentialAction":[{"@type":"CommentAction","name":"Comment","target":["https:\/\/urbeamea.ro\/albaiulia\/sc-apa-ctta-sa-alba-informeaza-consumatorii-ca-in-data-de-09-04-2024-incepand-cu-ora-0000-se-vor-efectua-lucrari-de-cuplare-a-noii-conducte-de-alimentare-cu-apa-potabila-dn-600\/#respond"]}]},{"@type":"WebPage","@id":"https:\/\/urbeamea.ro\/albaiulia\/sc-apa-ctta-sa-alba-informeaza-consumatorii-ca-in-data-de-09-04-2024-incepand-cu-ora-0000-se-vor-efectua-lucrari-de-cuplare-a-noii-conducte-de-alimentare-cu-apa-potabila-dn-600\/","url":"https:\/\/urbeamea.ro\/albaiulia\/sc-apa-ctta-sa-alba-informeaza-consumatorii-ca-in-data-de-09-04-2024-incepand-cu-ora-0000-se-vor-efectua-lucrari-de-cuplare-a-noii-conducte-de-alimentare-cu-apa-potabila-dn-600\/","name":"SC APA CTTA SA ALBA informeaz\u0103 consumatorii c\u0103 \u00een data de 09.04.2024, \u00eencep\u00e2nd cu ora 00:00, se vor efectua lucr\u0103ri de cuplare a noii conducte de alimentare cu ap\u0103 potabil\u0103 DN 600 - Revista Urbea Mea - Revista de Alba","isPartOf":{"@id":"https:\/\/urbeamea.ro\/albaiulia\/#website"},"primaryImageOfPage":{"@id":"https:\/\/urbeamea.ro\/albaiulia\/sc-apa-ctta-sa-alba-informeaza-consumatorii-ca-in-data-de-09-04-2024-incepand-cu-ora-0000-se-vor-efectua-lucrari-de-cuplare-a-noii-conducte-de-alimentare-cu-apa-potabila-dn-600\/#primaryimage"},"image":{"@id":"https:\/\/urbeamea.ro\/albaiulia\/sc-apa-ctta-sa-alba-informeaza-consumatorii-ca-in-data-de-09-04-2024-incepand-cu-ora-0000-se-vor-efectua-lucrari-de-cuplare-a-noii-conducte-de-alimentare-cu-apa-potabila-dn-600\/#primaryimage"},"thumbnailUrl":"https:\/\/urbeamea.ro\/albaiulia\/wp-content\/uploads\/2022\/03\/apa.jpg","datePublished":"2024-04-08T07:49:02+00:00","dateModified":"2024-04-08T07:49:03+00:00","author":{"@id":"https:\/\/urbeamea.ro\/albaiulia\/#\/schema\/person\/272ae98052f8ee8980f59848df070247"},"description":"SC APA CTTA SA ALBA informeaz\u0103 consumatorii c\u0103 \u00een data de 09.04.2024, \u00eencepand cu ora 00:00, se vor efectua lucr\u0103ri de cuplare a noii conducte de","breadcrumb":{"@id":"https:\/\/urbeamea.ro\/albaiulia\/sc-apa-ctta-sa-alba-informeaza-consumatorii-ca-in-data-de-09-04-2024-incepand-cu-ora-0000-se-vor-efectua-lucrari-de-cuplare-a-noii-conducte-de-alimentare-cu-apa-potabila-dn-600\/#breadcrumb"},"inLanguage":"ro-RO","potentialAction":[{"@type":"ReadAction","target":["https:\/\/urbeamea.ro\/albaiulia\/sc-apa-ctta-sa-alba-informeaza-consumatorii-ca-in-data-de-09-04-2024-incepand-cu-ora-0000-se-vor-efectua-lucrari-de-cuplare-a-noii-conducte-de-alimentare-cu-apa-potabila-dn-600\/"]}]},{"@type":"ImageObject","inLanguage":"ro-RO","@id":"https:\/\/urbeamea.ro\/albaiulia\/sc-apa-ctta-sa-alba-informeaza-consumatorii-ca-in-data-de-09-04-2024-incepand-cu-ora-0000-se-vor-efectua-lucrari-de-cuplare-a-noii-conducte-de-alimentare-cu-apa-potabila-dn-600\/#primaryimage","url":"https:\/\/urbeamea.ro\/albaiulia\/wp-content\/uploads\/2022\/03\/apa.jpg","contentUrl":"https:\/\/urbeamea.ro\/albaiulia\/wp-content\/uploads\/2022\/03\/apa.jpg","width":1600,"height":1068},{"@type":"BreadcrumbList","@id":"https:\/\/urbeamea.ro\/albaiulia\/sc-apa-ctta-sa-alba-informeaza-consumatorii-ca-in-data-de-09-04-2024-incepand-cu-ora-0000-se-vor-efectua-lucrari-de-cuplare-a-noii-conducte-de-alimentare-cu-apa-potabila-dn-600\/#breadcrumb","itemListElement":[{"@type":"ListItem","position":1,"name":"Prima pagin\u0103","item":"https:\/\/urbeamea.ro\/albaiulia\/"},{"@type":"ListItem","position":2,"name":"SC APA CTTA SA ALBA informeaz\u0103 consumatorii c\u0103 \u00een data de 09.04.2024, \u00eencep\u00e2nd cu ora 00:00, se vor efectua lucr\u0103ri de cuplare a noii conducte de alimentare cu ap\u0103 potabil\u0103 DN 600"}]},{"@type":"WebSite","@id":"https:\/\/urbeamea.ro\/albaiulia\/#website","url":"https:\/\/urbeamea.ro\/albaiulia\/","name":"Revista Urbea Mea, Stiri urbane","description":"Evenimente \u0219i \u0219tiri din Alba Iulia, Sebe\u0219, Aiud, Blaj","potentialAction":[{"@type":"SearchAction","target":{"@type":"EntryPoint","urlTemplate":"https:\/\/urbeamea.ro\/albaiulia\/?s={search_term_string}"},"query-input":{"@type":"PropertyValueSpecification","valueRequired":true,"valueName":"search_term_string"}}],"inLanguage":"ro-RO"},{"@type":"Person","@id":"https:\/\/urbeamea.ro\/albaiulia\/#\/schema\/person\/272ae98052f8ee8980f59848df070247","name":"Redac\u021bia UrbeaMea","image":{"@type":"ImageObject","inLanguage":"ro-RO","@id":"https:\/\/secure.gravatar.com\/avatar\/9ce5a9435071fa1037e8468053ead8e513dbbff59009d3069aadb85506d85a27?s=96&d=mm&r=g","url":"https:\/\/secure.gravatar.com\/avatar\/9ce5a9435071fa1037e8468053ead8e513dbbff59009d3069aadb85506d85a27?s=96&d=mm&r=g","contentUrl":"https:\/\/secure.gravatar.com\/avatar\/9ce5a9435071fa1037e8468053ead8e513dbbff59009d3069aadb85506d85a27?s=96&d=mm&r=g","caption":"Redac\u021bia UrbeaMea"},"description":"contact@urbeamea.ro","sameAs":["https:\/\/www.urbeamea.ro"],"url":"https:\/\/urbeamea.ro\/albaiulia\/author\/redactia-urbeamea\/"}]}},"_links":{"self":[{"href":"https:\/\/urbeamea.ro\/albaiulia\/wp-json\/wp\/v2\/posts\/110888","targetHints":{"allow":["GET"]}}],"collection":[{"href":"https:\/\/urbeamea.ro\/albaiulia\/wp-json\/wp\/v2\/posts"}],"about":[{"href":"https:\/\/urbeamea.ro\/albaiulia\/wp-json\/wp\/v2\/types\/post"}],"author":[{"embeddable":true,"href":"https:\/\/urbeamea.ro\/albaiulia\/wp-json\/wp\/v2\/users\/16"}],"replies":[{"embeddable":true,"href":"https:\/\/urbeamea.ro\/albaiulia\/wp-json\/wp\/v2\/comments?post=110888"}],"version-history":[{"count":1,"href":"https:\/\/urbeamea.ro\/albaiulia\/wp-json\/wp\/v2\/posts\/110888\/revisions"}],"predecessor-version":[{"id":110889,"href":"https:\/\/urbeamea.ro\/albaiulia\/wp-json\/wp\/v2\/posts\/110888\/revisions\/110889"}],"wp:featuredmedia":[{"embeddable":true,"href":"https:\/\/urbeamea.ro\/albaiulia\/wp-json\/wp\/v2\/media\/100756"}],"wp:attachment":[{"href":"https:\/\/urbeamea.ro\/albaiulia\/wp-json\/wp\/v2\/media?parent=110888"}],"wp:term":[{"taxonomy":"category","embeddable":true,"href":"https:\/\/urbeamea.ro\/albaiulia\/wp-json\/wp\/v2\/categories?post=110888"},{"taxonomy":"post_tag","embeddable":true,"href":"https:\/\/urbeamea.ro\/albaiulia\/wp-json\/wp\/v2\/tags?post=110888"}],"curies":[{"name":"wp","href":"https:\/\/api.w.org\/{rel}","templated":true}]}}