{"id":110953,"date":"2024-04-11T16:48:59","date_gmt":"2024-04-11T13:48:59","guid":{"rendered":"https:\/\/urbeamea.ro\/albaiulia\/?p=110953"},"modified":"2024-04-11T16:49:41","modified_gmt":"2024-04-11T13:49:41","slug":"reprezentantii-autoritatilor-publice-locale-din-regiunea-centru-au-analizat-oportunitatile-de-dezvoltare-pe-baza-programelor-europene-de-finantare-nerambursabila","status":"publish","type":"post","link":"https:\/\/urbeamea.ro\/albaiulia\/reprezentantii-autoritatilor-publice-locale-din-regiunea-centru-au-analizat-oportunitatile-de-dezvoltare-pe-baza-programelor-europene-de-finantare-nerambursabila\/","title":{"rendered":"Reprezentan\u021bii autorit\u0103\u021bilor publice locale din Regiunea Centru au analizat oportunit\u0103\u021bile de dezvoltare pe baza programelor europene de finan\u021bare nerambursabil\u0103"},"content":{"rendered":"\n<p><strong>Membrii Consiliului pentru Dezvoltare Regionala (CDR Centru) din Regiunea Centru si invitatii lor, alaturi de expertii Agentiei pentru Dezvoltare Regionala Centru, in total peste 45 de reprezentanti au autoritatilor publice locale din Regiunea de Dezvoltare Centru au participat, la Muzeul ASTRA din municipiul Sibiu, la o reuniune de lucru privind absorbtia fondurilor europene pentru dezvoltare locala si regionala. In cadrul intalnirii s-a pus mare accent pe accesarea fondurilor europene alocate prin Programul \u201dRegiunea Centru\u201d 2021-2027, program pentru care ADR Centru are rol de Autoritate de Management, in corelare cu demersurile realizate pentru finalizarea sau etapizarea proiectelor de dezvoltare finantate in perioada precedenta din resurse nerambursabile.\u00a0<\/strong><\/p>\n\n\n\n<figure class=\"wp-block-gallery has-nested-images columns-default is-cropped wp-block-gallery-1 is-layout-flex wp-block-gallery-is-layout-flex\">\n<figure class=\"wp-block-image size-large\"><a href=\"https:\/\/urbeamea.ro\/albaiulia\/wp-content\/uploads\/2024\/04\/Foto5-CDR_SB.jpg\"><img loading=\"lazy\" decoding=\"async\" width=\"1243\" height=\"738\" data-id=\"110954\" src=\"https:\/\/urbeamea.ro\/albaiulia\/wp-content\/uploads\/2024\/04\/Foto5-CDR_SB.jpg\" alt=\"\" class=\"wp-image-110954\" srcset=\"https:\/\/urbeamea.ro\/albaiulia\/wp-content\/uploads\/2024\/04\/Foto5-CDR_SB.jpg 1243w, https:\/\/urbeamea.ro\/albaiulia\/wp-content\/uploads\/2024\/04\/Foto5-CDR_SB-640x380.jpg 640w, https:\/\/urbeamea.ro\/albaiulia\/wp-content\/uploads\/2024\/04\/Foto5-CDR_SB-150x89.jpg 150w, https:\/\/urbeamea.ro\/albaiulia\/wp-content\/uploads\/2024\/04\/Foto5-CDR_SB-768x456.jpg 768w\" sizes=\"auto, (max-width: 1243px) 100vw, 1243px\" \/><\/a><\/figure>\n\n\n\n<figure class=\"wp-block-image size-large\"><a href=\"https:\/\/urbeamea.ro\/albaiulia\/wp-content\/uploads\/2024\/04\/Foto1-CDR_SB.jpg\"><img loading=\"lazy\" decoding=\"async\" width=\"1280\" height=\"632\" data-id=\"110956\" src=\"https:\/\/urbeamea.ro\/albaiulia\/wp-content\/uploads\/2024\/04\/Foto1-CDR_SB-1280x632.jpg\" alt=\"\" class=\"wp-image-110956\" srcset=\"https:\/\/urbeamea.ro\/albaiulia\/wp-content\/uploads\/2024\/04\/Foto1-CDR_SB-1280x632.jpg 1280w, https:\/\/urbeamea.ro\/albaiulia\/wp-content\/uploads\/2024\/04\/Foto1-CDR_SB-640x316.jpg 640w, https:\/\/urbeamea.ro\/albaiulia\/wp-content\/uploads\/2024\/04\/Foto1-CDR_SB-150x74.jpg 150w, https:\/\/urbeamea.ro\/albaiulia\/wp-content\/uploads\/2024\/04\/Foto1-CDR_SB-768x379.jpg 768w, https:\/\/urbeamea.ro\/albaiulia\/wp-content\/uploads\/2024\/04\/Foto1-CDR_SB-1536x759.jpg 1536w, https:\/\/urbeamea.ro\/albaiulia\/wp-content\/uploads\/2024\/04\/Foto1-CDR_SB.jpg 1605w\" sizes=\"auto, (max-width: 1280px) 100vw, 1280px\" \/><\/a><\/figure>\n\n\n\n<figure class=\"wp-block-image size-large\"><a href=\"https:\/\/urbeamea.ro\/albaiulia\/wp-content\/uploads\/2024\/04\/Foto3-CDR_SB.jpg\"><img loading=\"lazy\" decoding=\"async\" width=\"1216\" height=\"659\" data-id=\"110955\" src=\"https:\/\/urbeamea.ro\/albaiulia\/wp-content\/uploads\/2024\/04\/Foto3-CDR_SB.jpg\" alt=\"\" class=\"wp-image-110955\" srcset=\"https:\/\/urbeamea.ro\/albaiulia\/wp-content\/uploads\/2024\/04\/Foto3-CDR_SB.jpg 1216w, https:\/\/urbeamea.ro\/albaiulia\/wp-content\/uploads\/2024\/04\/Foto3-CDR_SB-640x347.jpg 640w, https:\/\/urbeamea.ro\/albaiulia\/wp-content\/uploads\/2024\/04\/Foto3-CDR_SB-150x81.jpg 150w, https:\/\/urbeamea.ro\/albaiulia\/wp-content\/uploads\/2024\/04\/Foto3-CDR_SB-768x416.jpg 768w\" sizes=\"auto, (max-width: 1216px) 100vw, 1216px\" \/><\/a><\/figure>\n<\/figure>\n\n\n\n<p>Sedinta CDR Centru a avut loc la Sala de Conferinte a Centrului ASTRA pentru Patrimoniu de la Complexul National Muzeal ASTRA din municipiul Sibiu, fiind prezenti presedintii Consiliilor Judetene Sibiu \u2013 doamna Daniela Cimpean, Alba \u2013 domnul Ion Dumitrel (care este si presedinte in exercitiu al CDR Centru), Brasov \u2013 Serban Constantin Todorica; prefectii judetelor Sibiu \u2013 Mircea Dorin Cretu, Alba \u2013 Nicolae Albu si Covasna \u2013 R\u00e1duly Istv\u00e1n, doamna Astrid Cora Fodor \u2013 Primarul municipiului Sibiu, domnul J\u00e1kab Istv\u00e1n B\u00e1rn\u00e1 \u2013 vicepresedintele CJ Covasna, alaturi de reprezentantii desemnati ai oraselor si comunelor din judetele Alba, Brasov, Covasna, Harghita, Mures si Sibiu.<\/p>\n\n\n\n<p>Una dintre cele mai importante analize in cadrul intalnirii a pornit de la prezentarea publica a Raportului de Activitate al ADR Centru pe anul precedent, alaturi de Rapoartele de activitate ale Consortiului Regional de Inovare (CRI) Centru si cel privind implementarea Strategiei de Specializare Inteligenta (RIS3) Centru 2021\u20132027. Astfel s-a discutat punctual despre stadiul de implementare si posibilitatile de finalizare a proiectelor finantate prin Programul Operational Regional (POR\/REGIO) 2014-2020 la nivelul Regiunii Centru.<\/p>\n\n\n\n<p>In baza acestor informatii, a fost discutat stadiul atins pana in prezent in privinta implementarii Programului \u201dRegiunea Centru\u201d 2021-2027, pentru care ADR Centru are rol de Autoritate de Management.<\/p>\n\n\n\n<blockquote class=\"wp-block-quote is-layout-flow wp-block-quote-is-layout-flow\">\n<p><em>Pentru noi, atat din punctul de vedere al ADR Centru, cat si din prisma Regiunii si a cetatenilor ei, perioada 2014-2020 a reprezentat al doilea exercitiu financiar european derulat pe parcursul existentei noastre institutionale pe peste 25 ani, din care 17 in perioada in care suntem membri ai Uniunii Europene. Am constatat ca atat munca, dar si rezultatele, s-au dublat in ultimii 5-6 ani, in ciuda provocarilor induse de criza economica, de cea provocata de pandemie sau de conflictul din estul continentului. Noi am sprijinit constant solicitantii si beneficiarii de finantare, iar actorii locali au devenit si mai implicati in activitatea de atragere a fondurilor nerambursabile.<\/em><\/p>\n\n\n\n<p><em>Situatia este destul de clara acum. Pe POR 2014-2020, cu toate ca a fost un program pe parcursul caruia au aparut multe modificari si adaptari la realitatile din regiune, am evaluat peste 2330 de cereri de finantare, aproape dublu fata de cate am evaluat pe POR 2007-2013. Am semnat si monitorizat la nivel regional 1191 contracte in perioada 2014-2020, fata de 491 proiecte contractate in perioada 2007-2013. Astfel, prin contractele incheiate de ADR Centru, Regiunea Centru a absorbit efectiv mai mult de un miliard euro, ceea ce reprezinta 139% din alocarea regionala, pe parcursul unui singur exercitiu financiar si exclusiv pentru dezvoltare regionala. Acum suntem in faza de finalizare a proiectelor si mai mult de 600 cereri de rambursare depuse de beneficiari sunt in analiza la ADR Centru si la MIPE, pentru a fi aprobarea, pana la jumatatea acestui an, a ultimelor transe de decontare a fondurilor europene cheltuite.<\/em><\/p>\n\n\n\n<p><em>Toate aceste detalii au fost discutate cu partenerii nostri institutionali si felul in care am programat activitatile pentru acest an ne confera incredere ca implementarea Programului \u201dRegiunea Centru\u201d va decurge in mod corespunzator. Am inceput contractarea proiectelor depuse pe 3 dintre cele 16 apeluri de proiecte lansate la nivel regional in cadrul PR Centru. Practic, la zi, situatia ne arata ca sunt depuse 735 de cereri de finantare, in valoare totala cumulata de peste un miliard euro, pe 7 din apeluri de proiecte lansate. Acum am analizat cu decidentii din fiecare judet felul cum sa adoptam cele mai bune solutii pentru imbunatatirea climatului socio-economic si sper ca foarte curand fiecare cetatean sa vada rezultatele investitiilor europene in infrastructura de transport si mobilitate eco-eficienta, in educatie, in reabilitarea patrimoniului pentru dezvoltarea turismului, in revitalizare urbana si valorificarea spatiilor verzi si albastre, dar si in cresterea competitivitatii companiilor, care vor genera noi locuri de munca. Toate acestea reprezinta indicatori pe care i-am asumat in cadrul Programului \u201dRegiunea Centru\u201d 2021-2027 si trebuie sa-i atingem prin proiectele dezvoltate de partenerii nostri, pentru cresterea calitatii vietii cetatenilor<\/em>.<\/p>\n<cite>Simion Cretu, Director general ADR Centru<\/cite><\/blockquote>\n\n\n\n<p>In cadrul intalnirii de la Sibiu membrii CDR Centru au avizat, in unanimitate, Conventia de finantare pentru transferul fondurilor asigurate din bugetul de stat, prin bugetul Ministerul Finantelor, care va sustine activitatea ADR Centru in calitate de AM pentru PR Centru si Acordul <a><\/a><a><\/a><a>de grant specific<\/a> pentru 2024 pentru activitatea EUROPE DIRECT Regiunea Centru, fiind sustinute si doua informari specifice, una referitoare la stadiul implementarii Programului Tranzitie Justa 2021-2027 in Regiunea Centru, iar a doua referitoare la modul cum a fost derulata la nivel regional Strategia de Comunicare a ADR Centru, in paralel cu rezultatele obtinute in activitatile de comunicare desfasurate in anul precedent.<\/p>\n","protected":false},"excerpt":{"rendered":"<p>Membrii Consiliului pentru Dezvoltare Regionala (CDR Centru) din Regiunea Centru si invitatii lor, alaturi de expertii Agentiei pentru Dezvoltare Regionala Centru, in total peste 45 de reprezentanti au autoritatilor publice locale din Regiunea de Dezvoltare Centru au participat, la Muzeul ASTRA din municipiul Sibiu, la o reuniune de lucru privind absorbtia fondurilor europene pentru dezvoltare &hellip;<\/p>\n","protected":false},"author":16,"featured_media":110957,"comment_status":"open","ping_status":"open","sticky":false,"template":"","format":"standard","meta":{"inline_featured_image":false,"footnotes":""},"categories":[6663],"tags":[343],"class_list":["post-110953","post","type-post","status-publish","format-standard","has-post-thumbnail","hentry","category-economic","tag-adr-centru"],"yoast_head":"<!-- This site is optimized with the Yoast SEO plugin v27.4 - https:\/\/yoast.com\/product\/yoast-seo-wordpress\/ -->\n<title>Reprezentan\u021bii autorit\u0103\u021bilor publice locale din Regiunea Centru au analizat oportunit\u0103\u021bile de dezvoltare pe baza programelor europene de finan\u021bare nerambursabil\u0103 - Revista Urbea Mea - Revista de Alba<\/title>\n<meta name=\"description\" content=\"Membrii Consiliului pentru Dezvoltare Regionala (CDR Centru) din Regiunea Centru si invitatii lor, alaturi de expertii Agentiei pentru Dezvoltare\" \/>\n<meta name=\"robots\" content=\"index, follow, max-snippet:-1, max-image-preview:large, max-video-preview:-1\" \/>\n<link rel=\"canonical\" href=\"https:\/\/urbeamea.ro\/albaiulia\/reprezentantii-autoritatilor-publice-locale-din-regiunea-centru-au-analizat-oportunitatile-de-dezvoltare-pe-baza-programelor-europene-de-finantare-nerambursabila\/\" \/>\n<meta name=\"twitter:card\" content=\"summary_large_image\" \/>\n<meta name=\"twitter:title\" content=\"Reprezentan\u021bii autorit\u0103\u021bilor publice locale din Regiunea Centru au analizat oportunit\u0103\u021bile de dezvoltare pe baza programelor europene de finan\u021bare nerambursabil\u0103 - Revista Urbea Mea - Revista de Alba\" \/>\n<meta name=\"twitter:description\" content=\"Membrii Consiliului pentru Dezvoltare Regionala (CDR Centru) din Regiunea Centru si invitatii lor, alaturi de expertii Agentiei pentru Dezvoltare\" \/>\n<meta name=\"twitter:image\" content=\"https:\/\/urbeamea.ro\/albaiulia\/wp-content\/uploads\/2024\/04\/Foto8-CDR_SB.jpg\" \/>\n<meta name=\"twitter:creator\" content=\"@urbeameaweb\" \/>\n<meta name=\"twitter:site\" content=\"@urbeameaweb\" \/>\n<script type=\"application\/ld+json\" class=\"yoast-schema-graph\">{\"@context\":\"https:\\\/\\\/schema.org\",\"@graph\":[{\"@type\":\"Article\",\"@id\":\"https:\\\/\\\/urbeamea.ro\\\/albaiulia\\\/reprezentantii-autoritatilor-publice-locale-din-regiunea-centru-au-analizat-oportunitatile-de-dezvoltare-pe-baza-programelor-europene-de-finantare-nerambursabila\\\/#article\",\"isPartOf\":{\"@id\":\"https:\\\/\\\/urbeamea.ro\\\/albaiulia\\\/reprezentantii-autoritatilor-publice-locale-din-regiunea-centru-au-analizat-oportunitatile-de-dezvoltare-pe-baza-programelor-europene-de-finantare-nerambursabila\\\/\"},\"author\":{\"name\":\"Redac\u021bia UrbeaMea\",\"@id\":\"https:\\\/\\\/urbeamea.ro\\\/albaiulia\\\/#\\\/schema\\\/person\\\/272ae98052f8ee8980f59848df070247\"},\"headline\":\"Reprezentan\u021bii autorit\u0103\u021bilor publice locale din Regiunea Centru au analizat oportunit\u0103\u021bile de dezvoltare pe baza programelor europene de finan\u021bare nerambursabil\u0103\",\"datePublished\":\"2024-04-11T13:48:59+00:00\",\"dateModified\":\"2024-04-11T13:49:41+00:00\",\"mainEntityOfPage\":{\"@id\":\"https:\\\/\\\/urbeamea.ro\\\/albaiulia\\\/reprezentantii-autoritatilor-publice-locale-din-regiunea-centru-au-analizat-oportunitatile-de-dezvoltare-pe-baza-programelor-europene-de-finantare-nerambursabila\\\/\"},\"wordCount\":863,\"commentCount\":0,\"image\":{\"@id\":\"https:\\\/\\\/urbeamea.ro\\\/albaiulia\\\/reprezentantii-autoritatilor-publice-locale-din-regiunea-centru-au-analizat-oportunitatile-de-dezvoltare-pe-baza-programelor-europene-de-finantare-nerambursabila\\\/#primaryimage\"},\"thumbnailUrl\":\"https:\\\/\\\/urbeamea.ro\\\/albaiulia\\\/wp-content\\\/uploads\\\/2024\\\/04\\\/Foto8-CDR_SB.jpg\",\"keywords\":[\"ADR Centru\"],\"articleSection\":[\"Economic\"],\"inLanguage\":\"ro-RO\",\"potentialAction\":[{\"@type\":\"CommentAction\",\"name\":\"Comment\",\"target\":[\"https:\\\/\\\/urbeamea.ro\\\/albaiulia\\\/reprezentantii-autoritatilor-publice-locale-din-regiunea-centru-au-analizat-oportunitatile-de-dezvoltare-pe-baza-programelor-europene-de-finantare-nerambursabila\\\/#respond\"]}]},{\"@type\":\"WebPage\",\"@id\":\"https:\\\/\\\/urbeamea.ro\\\/albaiulia\\\/reprezentantii-autoritatilor-publice-locale-din-regiunea-centru-au-analizat-oportunitatile-de-dezvoltare-pe-baza-programelor-europene-de-finantare-nerambursabila\\\/\",\"url\":\"https:\\\/\\\/urbeamea.ro\\\/albaiulia\\\/reprezentantii-autoritatilor-publice-locale-din-regiunea-centru-au-analizat-oportunitatile-de-dezvoltare-pe-baza-programelor-europene-de-finantare-nerambursabila\\\/\",\"name\":\"Reprezentan\u021bii autorit\u0103\u021bilor publice locale din Regiunea Centru au analizat oportunit\u0103\u021bile de dezvoltare pe baza programelor europene de finan\u021bare nerambursabil\u0103 - Revista Urbea Mea - Revista de Alba\",\"isPartOf\":{\"@id\":\"https:\\\/\\\/urbeamea.ro\\\/albaiulia\\\/#website\"},\"primaryImageOfPage\":{\"@id\":\"https:\\\/\\\/urbeamea.ro\\\/albaiulia\\\/reprezentantii-autoritatilor-publice-locale-din-regiunea-centru-au-analizat-oportunitatile-de-dezvoltare-pe-baza-programelor-europene-de-finantare-nerambursabila\\\/#primaryimage\"},\"image\":{\"@id\":\"https:\\\/\\\/urbeamea.ro\\\/albaiulia\\\/reprezentantii-autoritatilor-publice-locale-din-regiunea-centru-au-analizat-oportunitatile-de-dezvoltare-pe-baza-programelor-europene-de-finantare-nerambursabila\\\/#primaryimage\"},\"thumbnailUrl\":\"https:\\\/\\\/urbeamea.ro\\\/albaiulia\\\/wp-content\\\/uploads\\\/2024\\\/04\\\/Foto8-CDR_SB.jpg\",\"datePublished\":\"2024-04-11T13:48:59+00:00\",\"dateModified\":\"2024-04-11T13:49:41+00:00\",\"author\":{\"@id\":\"https:\\\/\\\/urbeamea.ro\\\/albaiulia\\\/#\\\/schema\\\/person\\\/272ae98052f8ee8980f59848df070247\"},\"description\":\"Membrii Consiliului pentru Dezvoltare Regionala (CDR Centru) din Regiunea Centru si invitatii lor, alaturi de expertii Agentiei pentru Dezvoltare\",\"breadcrumb\":{\"@id\":\"https:\\\/\\\/urbeamea.ro\\\/albaiulia\\\/reprezentantii-autoritatilor-publice-locale-din-regiunea-centru-au-analizat-oportunitatile-de-dezvoltare-pe-baza-programelor-europene-de-finantare-nerambursabila\\\/#breadcrumb\"},\"inLanguage\":\"ro-RO\",\"potentialAction\":[{\"@type\":\"ReadAction\",\"target\":[\"https:\\\/\\\/urbeamea.ro\\\/albaiulia\\\/reprezentantii-autoritatilor-publice-locale-din-regiunea-centru-au-analizat-oportunitatile-de-dezvoltare-pe-baza-programelor-europene-de-finantare-nerambursabila\\\/\"]}]},{\"@type\":\"ImageObject\",\"inLanguage\":\"ro-RO\",\"@id\":\"https:\\\/\\\/urbeamea.ro\\\/albaiulia\\\/reprezentantii-autoritatilor-publice-locale-din-regiunea-centru-au-analizat-oportunitatile-de-dezvoltare-pe-baza-programelor-europene-de-finantare-nerambursabila\\\/#primaryimage\",\"url\":\"https:\\\/\\\/urbeamea.ro\\\/albaiulia\\\/wp-content\\\/uploads\\\/2024\\\/04\\\/Foto8-CDR_SB.jpg\",\"contentUrl\":\"https:\\\/\\\/urbeamea.ro\\\/albaiulia\\\/wp-content\\\/uploads\\\/2024\\\/04\\\/Foto8-CDR_SB.jpg\",\"width\":1491,\"height\":885},{\"@type\":\"BreadcrumbList\",\"@id\":\"https:\\\/\\\/urbeamea.ro\\\/albaiulia\\\/reprezentantii-autoritatilor-publice-locale-din-regiunea-centru-au-analizat-oportunitatile-de-dezvoltare-pe-baza-programelor-europene-de-finantare-nerambursabila\\\/#breadcrumb\",\"itemListElement\":[{\"@type\":\"ListItem\",\"position\":1,\"name\":\"Prima pagin\u0103\",\"item\":\"https:\\\/\\\/urbeamea.ro\\\/albaiulia\\\/\"},{\"@type\":\"ListItem\",\"position\":2,\"name\":\"Reprezentan\u021bii autorit\u0103\u021bilor publice locale din Regiunea Centru au analizat oportunit\u0103\u021bile de dezvoltare pe baza programelor europene de finan\u021bare nerambursabil\u0103\"}]},{\"@type\":\"WebSite\",\"@id\":\"https:\\\/\\\/urbeamea.ro\\\/albaiulia\\\/#website\",\"url\":\"https:\\\/\\\/urbeamea.ro\\\/albaiulia\\\/\",\"name\":\"Revista Urbea Mea, Stiri urbane\",\"description\":\"Evenimente \u0219i \u0219tiri din Alba Iulia, Sebe\u0219, Aiud, Blaj\",\"potentialAction\":[{\"@type\":\"SearchAction\",\"target\":{\"@type\":\"EntryPoint\",\"urlTemplate\":\"https:\\\/\\\/urbeamea.ro\\\/albaiulia\\\/?s={search_term_string}\"},\"query-input\":{\"@type\":\"PropertyValueSpecification\",\"valueRequired\":true,\"valueName\":\"search_term_string\"}}],\"inLanguage\":\"ro-RO\"},{\"@type\":\"Person\",\"@id\":\"https:\\\/\\\/urbeamea.ro\\\/albaiulia\\\/#\\\/schema\\\/person\\\/272ae98052f8ee8980f59848df070247\",\"name\":\"Redac\u021bia UrbeaMea\",\"image\":{\"@type\":\"ImageObject\",\"inLanguage\":\"ro-RO\",\"@id\":\"https:\\\/\\\/secure.gravatar.com\\\/avatar\\\/9ce5a9435071fa1037e8468053ead8e513dbbff59009d3069aadb85506d85a27?s=96&d=mm&r=g\",\"url\":\"https:\\\/\\\/secure.gravatar.com\\\/avatar\\\/9ce5a9435071fa1037e8468053ead8e513dbbff59009d3069aadb85506d85a27?s=96&d=mm&r=g\",\"contentUrl\":\"https:\\\/\\\/secure.gravatar.com\\\/avatar\\\/9ce5a9435071fa1037e8468053ead8e513dbbff59009d3069aadb85506d85a27?s=96&d=mm&r=g\",\"caption\":\"Redac\u021bia UrbeaMea\"},\"description\":\"contact@urbeamea.ro\",\"sameAs\":[\"https:\\\/\\\/www.urbeamea.ro\"],\"url\":\"https:\\\/\\\/urbeamea.ro\\\/albaiulia\\\/author\\\/redactia-urbeamea\\\/\"}]}<\/script>\n<!-- \/ Yoast SEO plugin. -->","yoast_head_json":{"title":"Reprezentan\u021bii autorit\u0103\u021bilor publice locale din Regiunea Centru au analizat oportunit\u0103\u021bile de dezvoltare pe baza programelor europene de finan\u021bare nerambursabil\u0103 - Revista Urbea Mea - Revista de Alba","description":"Membrii Consiliului pentru Dezvoltare Regionala (CDR Centru) din Regiunea Centru si invitatii lor, alaturi de expertii Agentiei pentru Dezvoltare","robots":{"index":"index","follow":"follow","max-snippet":"max-snippet:-1","max-image-preview":"max-image-preview:large","max-video-preview":"max-video-preview:-1"},"canonical":"https:\/\/urbeamea.ro\/albaiulia\/reprezentantii-autoritatilor-publice-locale-din-regiunea-centru-au-analizat-oportunitatile-de-dezvoltare-pe-baza-programelor-europene-de-finantare-nerambursabila\/","twitter_card":"summary_large_image","twitter_title":"Reprezentan\u021bii autorit\u0103\u021bilor publice locale din Regiunea Centru au analizat oportunit\u0103\u021bile de dezvoltare pe baza programelor europene de finan\u021bare nerambursabil\u0103 - Revista Urbea Mea - Revista de Alba","twitter_description":"Membrii Consiliului pentru Dezvoltare Regionala (CDR Centru) din Regiunea Centru si invitatii lor, alaturi de expertii Agentiei pentru Dezvoltare","twitter_image":"https:\/\/urbeamea.ro\/albaiulia\/wp-content\/uploads\/2024\/04\/Foto8-CDR_SB.jpg","twitter_creator":"@urbeameaweb","twitter_site":"@urbeameaweb","schema":{"@context":"https:\/\/schema.org","@graph":[{"@type":"Article","@id":"https:\/\/urbeamea.ro\/albaiulia\/reprezentantii-autoritatilor-publice-locale-din-regiunea-centru-au-analizat-oportunitatile-de-dezvoltare-pe-baza-programelor-europene-de-finantare-nerambursabila\/#article","isPartOf":{"@id":"https:\/\/urbeamea.ro\/albaiulia\/reprezentantii-autoritatilor-publice-locale-din-regiunea-centru-au-analizat-oportunitatile-de-dezvoltare-pe-baza-programelor-europene-de-finantare-nerambursabila\/"},"author":{"name":"Redac\u021bia UrbeaMea","@id":"https:\/\/urbeamea.ro\/albaiulia\/#\/schema\/person\/272ae98052f8ee8980f59848df070247"},"headline":"Reprezentan\u021bii autorit\u0103\u021bilor publice locale din Regiunea Centru au analizat oportunit\u0103\u021bile de dezvoltare pe baza programelor europene de finan\u021bare nerambursabil\u0103","datePublished":"2024-04-11T13:48:59+00:00","dateModified":"2024-04-11T13:49:41+00:00","mainEntityOfPage":{"@id":"https:\/\/urbeamea.ro\/albaiulia\/reprezentantii-autoritatilor-publice-locale-din-regiunea-centru-au-analizat-oportunitatile-de-dezvoltare-pe-baza-programelor-europene-de-finantare-nerambursabila\/"},"wordCount":863,"commentCount":0,"image":{"@id":"https:\/\/urbeamea.ro\/albaiulia\/reprezentantii-autoritatilor-publice-locale-din-regiunea-centru-au-analizat-oportunitatile-de-dezvoltare-pe-baza-programelor-europene-de-finantare-nerambursabila\/#primaryimage"},"thumbnailUrl":"https:\/\/urbeamea.ro\/albaiulia\/wp-content\/uploads\/2024\/04\/Foto8-CDR_SB.jpg","keywords":["ADR Centru"],"articleSection":["Economic"],"inLanguage":"ro-RO","potentialAction":[{"@type":"CommentAction","name":"Comment","target":["https:\/\/urbeamea.ro\/albaiulia\/reprezentantii-autoritatilor-publice-locale-din-regiunea-centru-au-analizat-oportunitatile-de-dezvoltare-pe-baza-programelor-europene-de-finantare-nerambursabila\/#respond"]}]},{"@type":"WebPage","@id":"https:\/\/urbeamea.ro\/albaiulia\/reprezentantii-autoritatilor-publice-locale-din-regiunea-centru-au-analizat-oportunitatile-de-dezvoltare-pe-baza-programelor-europene-de-finantare-nerambursabila\/","url":"https:\/\/urbeamea.ro\/albaiulia\/reprezentantii-autoritatilor-publice-locale-din-regiunea-centru-au-analizat-oportunitatile-de-dezvoltare-pe-baza-programelor-europene-de-finantare-nerambursabila\/","name":"Reprezentan\u021bii autorit\u0103\u021bilor publice locale din Regiunea Centru au analizat oportunit\u0103\u021bile de dezvoltare pe baza programelor europene de finan\u021bare nerambursabil\u0103 - Revista Urbea Mea - Revista de Alba","isPartOf":{"@id":"https:\/\/urbeamea.ro\/albaiulia\/#website"},"primaryImageOfPage":{"@id":"https:\/\/urbeamea.ro\/albaiulia\/reprezentantii-autoritatilor-publice-locale-din-regiunea-centru-au-analizat-oportunitatile-de-dezvoltare-pe-baza-programelor-europene-de-finantare-nerambursabila\/#primaryimage"},"image":{"@id":"https:\/\/urbeamea.ro\/albaiulia\/reprezentantii-autoritatilor-publice-locale-din-regiunea-centru-au-analizat-oportunitatile-de-dezvoltare-pe-baza-programelor-europene-de-finantare-nerambursabila\/#primaryimage"},"thumbnailUrl":"https:\/\/urbeamea.ro\/albaiulia\/wp-content\/uploads\/2024\/04\/Foto8-CDR_SB.jpg","datePublished":"2024-04-11T13:48:59+00:00","dateModified":"2024-04-11T13:49:41+00:00","author":{"@id":"https:\/\/urbeamea.ro\/albaiulia\/#\/schema\/person\/272ae98052f8ee8980f59848df070247"},"description":"Membrii Consiliului pentru Dezvoltare Regionala (CDR Centru) din Regiunea Centru si invitatii lor, alaturi de expertii Agentiei pentru Dezvoltare","breadcrumb":{"@id":"https:\/\/urbeamea.ro\/albaiulia\/reprezentantii-autoritatilor-publice-locale-din-regiunea-centru-au-analizat-oportunitatile-de-dezvoltare-pe-baza-programelor-europene-de-finantare-nerambursabila\/#breadcrumb"},"inLanguage":"ro-RO","potentialAction":[{"@type":"ReadAction","target":["https:\/\/urbeamea.ro\/albaiulia\/reprezentantii-autoritatilor-publice-locale-din-regiunea-centru-au-analizat-oportunitatile-de-dezvoltare-pe-baza-programelor-europene-de-finantare-nerambursabila\/"]}]},{"@type":"ImageObject","inLanguage":"ro-RO","@id":"https:\/\/urbeamea.ro\/albaiulia\/reprezentantii-autoritatilor-publice-locale-din-regiunea-centru-au-analizat-oportunitatile-de-dezvoltare-pe-baza-programelor-europene-de-finantare-nerambursabila\/#primaryimage","url":"https:\/\/urbeamea.ro\/albaiulia\/wp-content\/uploads\/2024\/04\/Foto8-CDR_SB.jpg","contentUrl":"https:\/\/urbeamea.ro\/albaiulia\/wp-content\/uploads\/2024\/04\/Foto8-CDR_SB.jpg","width":1491,"height":885},{"@type":"BreadcrumbList","@id":"https:\/\/urbeamea.ro\/albaiulia\/reprezentantii-autoritatilor-publice-locale-din-regiunea-centru-au-analizat-oportunitatile-de-dezvoltare-pe-baza-programelor-europene-de-finantare-nerambursabila\/#breadcrumb","itemListElement":[{"@type":"ListItem","position":1,"name":"Prima pagin\u0103","item":"https:\/\/urbeamea.ro\/albaiulia\/"},{"@type":"ListItem","position":2,"name":"Reprezentan\u021bii autorit\u0103\u021bilor publice locale din Regiunea Centru au analizat oportunit\u0103\u021bile de dezvoltare pe baza programelor europene de finan\u021bare nerambursabil\u0103"}]},{"@type":"WebSite","@id":"https:\/\/urbeamea.ro\/albaiulia\/#website","url":"https:\/\/urbeamea.ro\/albaiulia\/","name":"Revista Urbea Mea, Stiri urbane","description":"Evenimente \u0219i \u0219tiri din Alba Iulia, Sebe\u0219, Aiud, Blaj","potentialAction":[{"@type":"SearchAction","target":{"@type":"EntryPoint","urlTemplate":"https:\/\/urbeamea.ro\/albaiulia\/?s={search_term_string}"},"query-input":{"@type":"PropertyValueSpecification","valueRequired":true,"valueName":"search_term_string"}}],"inLanguage":"ro-RO"},{"@type":"Person","@id":"https:\/\/urbeamea.ro\/albaiulia\/#\/schema\/person\/272ae98052f8ee8980f59848df070247","name":"Redac\u021bia UrbeaMea","image":{"@type":"ImageObject","inLanguage":"ro-RO","@id":"https:\/\/secure.gravatar.com\/avatar\/9ce5a9435071fa1037e8468053ead8e513dbbff59009d3069aadb85506d85a27?s=96&d=mm&r=g","url":"https:\/\/secure.gravatar.com\/avatar\/9ce5a9435071fa1037e8468053ead8e513dbbff59009d3069aadb85506d85a27?s=96&d=mm&r=g","contentUrl":"https:\/\/secure.gravatar.com\/avatar\/9ce5a9435071fa1037e8468053ead8e513dbbff59009d3069aadb85506d85a27?s=96&d=mm&r=g","caption":"Redac\u021bia UrbeaMea"},"description":"contact@urbeamea.ro","sameAs":["https:\/\/www.urbeamea.ro"],"url":"https:\/\/urbeamea.ro\/albaiulia\/author\/redactia-urbeamea\/"}]}},"_links":{"self":[{"href":"https:\/\/urbeamea.ro\/albaiulia\/wp-json\/wp\/v2\/posts\/110953","targetHints":{"allow":["GET"]}}],"collection":[{"href":"https:\/\/urbeamea.ro\/albaiulia\/wp-json\/wp\/v2\/posts"}],"about":[{"href":"https:\/\/urbeamea.ro\/albaiulia\/wp-json\/wp\/v2\/types\/post"}],"author":[{"embeddable":true,"href":"https:\/\/urbeamea.ro\/albaiulia\/wp-json\/wp\/v2\/users\/16"}],"replies":[{"embeddable":true,"href":"https:\/\/urbeamea.ro\/albaiulia\/wp-json\/wp\/v2\/comments?post=110953"}],"version-history":[{"count":2,"href":"https:\/\/urbeamea.ro\/albaiulia\/wp-json\/wp\/v2\/posts\/110953\/revisions"}],"predecessor-version":[{"id":110960,"href":"https:\/\/urbeamea.ro\/albaiulia\/wp-json\/wp\/v2\/posts\/110953\/revisions\/110960"}],"wp:featuredmedia":[{"embeddable":true,"href":"https:\/\/urbeamea.ro\/albaiulia\/wp-json\/wp\/v2\/media\/110957"}],"wp:attachment":[{"href":"https:\/\/urbeamea.ro\/albaiulia\/wp-json\/wp\/v2\/media?parent=110953"}],"wp:term":[{"taxonomy":"category","embeddable":true,"href":"https:\/\/urbeamea.ro\/albaiulia\/wp-json\/wp\/v2\/categories?post=110953"},{"taxonomy":"post_tag","embeddable":true,"href":"https:\/\/urbeamea.ro\/albaiulia\/wp-json\/wp\/v2\/tags?post=110953"}],"curies":[{"name":"wp","href":"https:\/\/api.w.org\/{rel}","templated":true}]}}