{"id":110964,"date":"2024-04-11T19:17:04","date_gmt":"2024-04-11T16:17:04","guid":{"rendered":"https:\/\/urbeamea.ro\/albaiulia\/?p=110964"},"modified":"2024-04-11T19:17:05","modified_gmt":"2024-04-11T16:17:05","slug":"ce-da-blajul-volei-alba-blaj-s-a-calificat-in-finala-diviziei-a1-la-volei-feminin","status":"publish","type":"post","link":"https:\/\/urbeamea.ro\/albaiulia\/ce-da-blajul-volei-alba-blaj-s-a-calificat-in-finala-diviziei-a1-la-volei-feminin\/","title":{"rendered":"\u201cCe d\u0103 Blajul\u201d: Volei Alba Blaj s-a calificat \u00een finala Diviziei A1 la volei feminin"},"content":{"rendered":"\n<p><strong>Campioana Rom\u00e2niei Volei Alba Blaj s-a calificat miercuri sear\u0103, \u00een \u00een finala play-off-ului Diviziei A1 la volei feminin, dup\u0103 ce a \u00eenvins-o \u00een man\u0219a retur a semifinalei pe Rapid Bucure\u0219ti, \u00een \u201c Alba Blaj Arena\u201d.<\/strong><\/p>\n\n\n\n<p>Echipa din \u201cMica Rom\u0103\u201d &nbsp;a c\u00e2\u0219tigat cu scorul de 3-1, pe seturi fiind &nbsp;25-19, 25-16, 22-25, 25-14.<\/p>\n\n\n\n<p>Scorul general pe ambele man\u0219e a fost de 2-0, dup\u0103 ce s\u0103pt\u0103m\u00e2na trecut\u0103 bl\u0103jencele au c\u00e2\u0219tigat cu 3 &#8211; 0 la Bucure\u0219ti.<\/p>\n\n\n\n<p>Meciul din Alba Blaj Arena, care a durat o or\u0103 \u0219i 38 de minute, a fost controlat autoritar de fetele noastre, care cu excep\u021bia p\u0103r\u021bii a doua din setul trei \u0219i a primei jum\u0103t\u0103\u0163i a setului patru.<\/p>\n\n\n\n<p>Cele mai bune marcatoare de la Volei Alba Blaj, au fost Drussyla Costa (17 puncte), Katarina Jovi\u0107 (14 puncte) \u0219i Jovana Koci\u0107 (9 puncte).<\/p>\n\n\n\n<p>Adversara din final\u0103 a Blajului va fi decis\u0103 dup\u0103 terminarea confrunt\u0103rii dintre CSO Voluntari \u0219i CSM T\u00e2rgovi\u0219te.<\/p>\n\n\n\n<p>Volei Alba Blaj va disputa primele dou\u0103 meciuri ale finalei \u00een deplasare, finala se va disputa dup\u0103 sistemul cel mai bun din cinci meciuri.<\/p>\n\n\n\n<p><\/p>\n\n\n\n<figure class=\"wp-block-gallery has-nested-images columns-default is-cropped wp-block-gallery-1 is-layout-flex wp-block-gallery-is-layout-flex\">\n<figure class=\"wp-block-image size-large\"><img loading=\"lazy\" decoding=\"async\" width=\"1280\" height=\"853\" data-id=\"110966\" src=\"https:\/\/urbeamea.ro\/albaiulia\/wp-content\/uploads\/2024\/04\/437570493_960838026045968_2465373562072352649_n-1280x853.jpg\" alt=\"\" class=\"wp-image-110966\" srcset=\"https:\/\/urbeamea.ro\/albaiulia\/wp-content\/uploads\/2024\/04\/437570493_960838026045968_2465373562072352649_n-1280x853.jpg 1280w, https:\/\/urbeamea.ro\/albaiulia\/wp-content\/uploads\/2024\/04\/437570493_960838026045968_2465373562072352649_n-640x426.jpg 640w, https:\/\/urbeamea.ro\/albaiulia\/wp-content\/uploads\/2024\/04\/437570493_960838026045968_2465373562072352649_n-150x100.jpg 150w, https:\/\/urbeamea.ro\/albaiulia\/wp-content\/uploads\/2024\/04\/437570493_960838026045968_2465373562072352649_n-768x512.jpg 768w, https:\/\/urbeamea.ro\/albaiulia\/wp-content\/uploads\/2024\/04\/437570493_960838026045968_2465373562072352649_n-1536x1023.jpg 1536w, https:\/\/urbeamea.ro\/albaiulia\/wp-content\/uploads\/2024\/04\/437570493_960838026045968_2465373562072352649_n.jpg 1600w\" sizes=\"auto, (max-width: 1280px) 100vw, 1280px\" \/><\/figure>\n\n\n\n<figure class=\"wp-block-image size-large\"><img loading=\"lazy\" decoding=\"async\" width=\"1280\" height=\"719\" data-id=\"110965\" src=\"https:\/\/urbeamea.ro\/albaiulia\/wp-content\/uploads\/2024\/04\/434475076_960838192712618_6170573624146969699_n-1280x719.jpg\" alt=\"\" class=\"wp-image-110965\" srcset=\"https:\/\/urbeamea.ro\/albaiulia\/wp-content\/uploads\/2024\/04\/434475076_960838192712618_6170573624146969699_n-1280x719.jpg 1280w, https:\/\/urbeamea.ro\/albaiulia\/wp-content\/uploads\/2024\/04\/434475076_960838192712618_6170573624146969699_n-640x360.jpg 640w, https:\/\/urbeamea.ro\/albaiulia\/wp-content\/uploads\/2024\/04\/434475076_960838192712618_6170573624146969699_n-150x84.jpg 150w, https:\/\/urbeamea.ro\/albaiulia\/wp-content\/uploads\/2024\/04\/434475076_960838192712618_6170573624146969699_n-768x432.jpg 768w, https:\/\/urbeamea.ro\/albaiulia\/wp-content\/uploads\/2024\/04\/434475076_960838192712618_6170573624146969699_n-1536x863.jpg 1536w, https:\/\/urbeamea.ro\/albaiulia\/wp-content\/uploads\/2024\/04\/434475076_960838192712618_6170573624146969699_n-390x220.jpg 390w, https:\/\/urbeamea.ro\/albaiulia\/wp-content\/uploads\/2024\/04\/434475076_960838192712618_6170573624146969699_n.jpg 1600w\" sizes=\"auto, (max-width: 1280px) 100vw, 1280px\" \/><\/figure>\n\n\n\n<figure class=\"wp-block-image size-large\"><img loading=\"lazy\" decoding=\"async\" width=\"1280\" height=\"853\" data-id=\"110967\" src=\"https:\/\/urbeamea.ro\/albaiulia\/wp-content\/uploads\/2024\/04\/434477910_960837802712657_3312942218900308058_n-1280x853.jpg\" alt=\"\" class=\"wp-image-110967\" srcset=\"https:\/\/urbeamea.ro\/albaiulia\/wp-content\/uploads\/2024\/04\/434477910_960837802712657_3312942218900308058_n-1280x853.jpg 1280w, https:\/\/urbeamea.ro\/albaiulia\/wp-content\/uploads\/2024\/04\/434477910_960837802712657_3312942218900308058_n-640x426.jpg 640w, https:\/\/urbeamea.ro\/albaiulia\/wp-content\/uploads\/2024\/04\/434477910_960837802712657_3312942218900308058_n-150x100.jpg 150w, https:\/\/urbeamea.ro\/albaiulia\/wp-content\/uploads\/2024\/04\/434477910_960837802712657_3312942218900308058_n-768x512.jpg 768w, https:\/\/urbeamea.ro\/albaiulia\/wp-content\/uploads\/2024\/04\/434477910_960837802712657_3312942218900308058_n-1536x1023.jpg 1536w, https:\/\/urbeamea.ro\/albaiulia\/wp-content\/uploads\/2024\/04\/434477910_960837802712657_3312942218900308058_n.jpg 1600w\" sizes=\"auto, (max-width: 1280px) 100vw, 1280px\" \/><\/figure>\n<\/figure>\n","protected":false},"excerpt":{"rendered":"<p>Campioana Rom\u00e2niei Volei Alba Blaj s-a calificat miercuri sear\u0103, \u00een \u00een finala play-off-ului Diviziei A1 la volei feminin, dup\u0103 ce a \u00eenvins-o \u00een man\u0219a retur a semifinalei pe Rapid Bucure\u0219ti, \u00een \u201c Alba Blaj Arena\u201d.<\/p>\n","protected":false},"author":28,"featured_media":110967,"comment_status":"open","ping_status":"open","sticky":false,"template":"","format":"standard","meta":{"inline_featured_image":false,"footnotes":""},"categories":[2037],"tags":[24970],"class_list":["post-110964","post","type-post","status-publish","format-standard","has-post-thumbnail","hentry","category-sport","tag-volei-alba-blaj"],"yoast_head":"<!-- This site is optimized with the Yoast SEO plugin v27.4 - https:\/\/yoast.com\/product\/yoast-seo-wordpress\/ -->\n<title>\u201cCe d\u0103 Blajul\u201d: Volei Alba Blaj s-a calificat \u00een finala Diviziei A1 la volei feminin - Revista Urbea Mea - Revista de Alba<\/title>\n<meta name=\"description\" content=\"Campioana Rom\u00e2niei Volei Alba Blaj s-a calificat miercuri sear\u0103, \u00een \u00een finala play-off-ului Diviziei A1 la volei feminin, dup\u0103 ce a \u00eenvins-o \u00een man\u0219a retur a semifinalei pe Rapid Bucure\u0219ti, \u00een \u201c Alba Blaj Arena\u201d.\" \/>\n<meta name=\"robots\" content=\"index, follow, max-snippet:-1, max-image-preview:large, max-video-preview:-1\" \/>\n<link rel=\"canonical\" href=\"https:\/\/urbeamea.ro\/albaiulia\/ce-da-blajul-volei-alba-blaj-s-a-calificat-in-finala-diviziei-a1-la-volei-feminin\/\" \/>\n<meta name=\"twitter:card\" content=\"summary_large_image\" \/>\n<meta name=\"twitter:title\" content=\"\u201cCe d\u0103 Blajul\u201d: Volei Alba Blaj s-a calificat \u00een finala Diviziei A1 la volei feminin - Revista Urbea Mea - Revista de Alba\" \/>\n<meta name=\"twitter:description\" content=\"Campioana Rom\u00e2niei Volei Alba Blaj s-a calificat miercuri sear\u0103, \u00een \u00een finala play-off-ului Diviziei A1 la volei feminin, dup\u0103 ce a \u00eenvins-o \u00een man\u0219a retur a semifinalei pe Rapid Bucure\u0219ti, \u00een \u201c Alba Blaj Arena\u201d.\" \/>\n<meta name=\"twitter:image\" content=\"https:\/\/urbeamea.ro\/albaiulia\/wp-content\/uploads\/2024\/04\/434477910_960837802712657_3312942218900308058_n.jpg\" \/>\n<meta name=\"twitter:creator\" content=\"@urbeameaweb\" \/>\n<meta name=\"twitter:site\" content=\"@urbeameaweb\" \/>\n<script type=\"application\/ld+json\" class=\"yoast-schema-graph\">{\"@context\":\"https:\\\/\\\/schema.org\",\"@graph\":[{\"@type\":\"Article\",\"@id\":\"https:\\\/\\\/urbeamea.ro\\\/albaiulia\\\/ce-da-blajul-volei-alba-blaj-s-a-calificat-in-finala-diviziei-a1-la-volei-feminin\\\/#article\",\"isPartOf\":{\"@id\":\"https:\\\/\\\/urbeamea.ro\\\/albaiulia\\\/ce-da-blajul-volei-alba-blaj-s-a-calificat-in-finala-diviziei-a1-la-volei-feminin\\\/\"},\"author\":{\"name\":\"Giurca Sorin\",\"@id\":\"https:\\\/\\\/urbeamea.ro\\\/albaiulia\\\/#\\\/schema\\\/person\\\/5db3854ac38c1cc9f0ab4092d6a20f02\"},\"headline\":\"\u201cCe d\u0103 Blajul\u201d: Volei Alba Blaj s-a calificat \u00een finala Diviziei A1 la volei feminin\",\"datePublished\":\"2024-04-11T16:17:04+00:00\",\"dateModified\":\"2024-04-11T16:17:05+00:00\",\"mainEntityOfPage\":{\"@id\":\"https:\\\/\\\/urbeamea.ro\\\/albaiulia\\\/ce-da-blajul-volei-alba-blaj-s-a-calificat-in-finala-diviziei-a1-la-volei-feminin\\\/\"},\"wordCount\":205,\"commentCount\":0,\"image\":{\"@id\":\"https:\\\/\\\/urbeamea.ro\\\/albaiulia\\\/ce-da-blajul-volei-alba-blaj-s-a-calificat-in-finala-diviziei-a1-la-volei-feminin\\\/#primaryimage\"},\"thumbnailUrl\":\"https:\\\/\\\/urbeamea.ro\\\/albaiulia\\\/wp-content\\\/uploads\\\/2024\\\/04\\\/434477910_960837802712657_3312942218900308058_n.jpg\",\"keywords\":[\"volei alba blaj\"],\"articleSection\":[\"Sport\"],\"inLanguage\":\"ro-RO\",\"potentialAction\":[{\"@type\":\"CommentAction\",\"name\":\"Comment\",\"target\":[\"https:\\\/\\\/urbeamea.ro\\\/albaiulia\\\/ce-da-blajul-volei-alba-blaj-s-a-calificat-in-finala-diviziei-a1-la-volei-feminin\\\/#respond\"]}]},{\"@type\":\"WebPage\",\"@id\":\"https:\\\/\\\/urbeamea.ro\\\/albaiulia\\\/ce-da-blajul-volei-alba-blaj-s-a-calificat-in-finala-diviziei-a1-la-volei-feminin\\\/\",\"url\":\"https:\\\/\\\/urbeamea.ro\\\/albaiulia\\\/ce-da-blajul-volei-alba-blaj-s-a-calificat-in-finala-diviziei-a1-la-volei-feminin\\\/\",\"name\":\"\u201cCe d\u0103 Blajul\u201d: Volei Alba Blaj s-a calificat \u00een finala Diviziei A1 la volei feminin - Revista Urbea Mea - Revista de Alba\",\"isPartOf\":{\"@id\":\"https:\\\/\\\/urbeamea.ro\\\/albaiulia\\\/#website\"},\"primaryImageOfPage\":{\"@id\":\"https:\\\/\\\/urbeamea.ro\\\/albaiulia\\\/ce-da-blajul-volei-alba-blaj-s-a-calificat-in-finala-diviziei-a1-la-volei-feminin\\\/#primaryimage\"},\"image\":{\"@id\":\"https:\\\/\\\/urbeamea.ro\\\/albaiulia\\\/ce-da-blajul-volei-alba-blaj-s-a-calificat-in-finala-diviziei-a1-la-volei-feminin\\\/#primaryimage\"},\"thumbnailUrl\":\"https:\\\/\\\/urbeamea.ro\\\/albaiulia\\\/wp-content\\\/uploads\\\/2024\\\/04\\\/434477910_960837802712657_3312942218900308058_n.jpg\",\"datePublished\":\"2024-04-11T16:17:04+00:00\",\"dateModified\":\"2024-04-11T16:17:05+00:00\",\"author\":{\"@id\":\"https:\\\/\\\/urbeamea.ro\\\/albaiulia\\\/#\\\/schema\\\/person\\\/5db3854ac38c1cc9f0ab4092d6a20f02\"},\"description\":\"Campioana Rom\u00e2niei Volei Alba Blaj s-a calificat miercuri sear\u0103, \u00een \u00een finala play-off-ului Diviziei A1 la volei feminin, dup\u0103 ce a \u00eenvins-o \u00een man\u0219a retur a semifinalei pe Rapid Bucure\u0219ti, \u00een \u201c Alba Blaj Arena\u201d.\",\"breadcrumb\":{\"@id\":\"https:\\\/\\\/urbeamea.ro\\\/albaiulia\\\/ce-da-blajul-volei-alba-blaj-s-a-calificat-in-finala-diviziei-a1-la-volei-feminin\\\/#breadcrumb\"},\"inLanguage\":\"ro-RO\",\"potentialAction\":[{\"@type\":\"ReadAction\",\"target\":[\"https:\\\/\\\/urbeamea.ro\\\/albaiulia\\\/ce-da-blajul-volei-alba-blaj-s-a-calificat-in-finala-diviziei-a1-la-volei-feminin\\\/\"]}]},{\"@type\":\"ImageObject\",\"inLanguage\":\"ro-RO\",\"@id\":\"https:\\\/\\\/urbeamea.ro\\\/albaiulia\\\/ce-da-blajul-volei-alba-blaj-s-a-calificat-in-finala-diviziei-a1-la-volei-feminin\\\/#primaryimage\",\"url\":\"https:\\\/\\\/urbeamea.ro\\\/albaiulia\\\/wp-content\\\/uploads\\\/2024\\\/04\\\/434477910_960837802712657_3312942218900308058_n.jpg\",\"contentUrl\":\"https:\\\/\\\/urbeamea.ro\\\/albaiulia\\\/wp-content\\\/uploads\\\/2024\\\/04\\\/434477910_960837802712657_3312942218900308058_n.jpg\",\"width\":1600,\"height\":1066},{\"@type\":\"BreadcrumbList\",\"@id\":\"https:\\\/\\\/urbeamea.ro\\\/albaiulia\\\/ce-da-blajul-volei-alba-blaj-s-a-calificat-in-finala-diviziei-a1-la-volei-feminin\\\/#breadcrumb\",\"itemListElement\":[{\"@type\":\"ListItem\",\"position\":1,\"name\":\"Prima pagin\u0103\",\"item\":\"https:\\\/\\\/urbeamea.ro\\\/albaiulia\\\/\"},{\"@type\":\"ListItem\",\"position\":2,\"name\":\"\u201cCe d\u0103 Blajul\u201d: Volei Alba Blaj s-a calificat \u00een finala Diviziei A1 la volei feminin\"}]},{\"@type\":\"WebSite\",\"@id\":\"https:\\\/\\\/urbeamea.ro\\\/albaiulia\\\/#website\",\"url\":\"https:\\\/\\\/urbeamea.ro\\\/albaiulia\\\/\",\"name\":\"Revista Urbea Mea, Stiri urbane\",\"description\":\"Evenimente \u0219i \u0219tiri din Alba Iulia, Sebe\u0219, Aiud, Blaj\",\"potentialAction\":[{\"@type\":\"SearchAction\",\"target\":{\"@type\":\"EntryPoint\",\"urlTemplate\":\"https:\\\/\\\/urbeamea.ro\\\/albaiulia\\\/?s={search_term_string}\"},\"query-input\":{\"@type\":\"PropertyValueSpecification\",\"valueRequired\":true,\"valueName\":\"search_term_string\"}}],\"inLanguage\":\"ro-RO\"},{\"@type\":\"Person\",\"@id\":\"https:\\\/\\\/urbeamea.ro\\\/albaiulia\\\/#\\\/schema\\\/person\\\/5db3854ac38c1cc9f0ab4092d6a20f02\",\"name\":\"Giurca Sorin\",\"image\":{\"@type\":\"ImageObject\",\"inLanguage\":\"ro-RO\",\"@id\":\"https:\\\/\\\/secure.gravatar.com\\\/avatar\\\/120f6fcae7b3b47a7730cb9943f612f4909f68ac5284b5f40ac1c4615fd70576?s=96&d=mm&r=g\",\"url\":\"https:\\\/\\\/secure.gravatar.com\\\/avatar\\\/120f6fcae7b3b47a7730cb9943f612f4909f68ac5284b5f40ac1c4615fd70576?s=96&d=mm&r=g\",\"contentUrl\":\"https:\\\/\\\/secure.gravatar.com\\\/avatar\\\/120f6fcae7b3b47a7730cb9943f612f4909f68ac5284b5f40ac1c4615fd70576?s=96&d=mm&r=g\",\"caption\":\"Giurca Sorin\"},\"url\":\"https:\\\/\\\/urbeamea.ro\\\/albaiulia\\\/author\\\/sorin\\\/\"}]}<\/script>\n<!-- \/ Yoast SEO plugin. -->","yoast_head_json":{"title":"\u201cCe d\u0103 Blajul\u201d: Volei Alba Blaj s-a calificat \u00een finala Diviziei A1 la volei feminin - Revista Urbea Mea - Revista de Alba","description":"Campioana Rom\u00e2niei Volei Alba Blaj s-a calificat miercuri sear\u0103, \u00een \u00een finala play-off-ului Diviziei A1 la volei feminin, dup\u0103 ce a \u00eenvins-o \u00een man\u0219a retur a semifinalei pe Rapid Bucure\u0219ti, \u00een \u201c Alba Blaj Arena\u201d.","robots":{"index":"index","follow":"follow","max-snippet":"max-snippet:-1","max-image-preview":"max-image-preview:large","max-video-preview":"max-video-preview:-1"},"canonical":"https:\/\/urbeamea.ro\/albaiulia\/ce-da-blajul-volei-alba-blaj-s-a-calificat-in-finala-diviziei-a1-la-volei-feminin\/","twitter_card":"summary_large_image","twitter_title":"\u201cCe d\u0103 Blajul\u201d: Volei Alba Blaj s-a calificat \u00een finala Diviziei A1 la volei feminin - Revista Urbea Mea - Revista de Alba","twitter_description":"Campioana Rom\u00e2niei Volei Alba Blaj s-a calificat miercuri sear\u0103, \u00een \u00een finala play-off-ului Diviziei A1 la volei feminin, dup\u0103 ce a \u00eenvins-o \u00een man\u0219a retur a semifinalei pe Rapid Bucure\u0219ti, \u00een \u201c Alba Blaj Arena\u201d.","twitter_image":"https:\/\/urbeamea.ro\/albaiulia\/wp-content\/uploads\/2024\/04\/434477910_960837802712657_3312942218900308058_n.jpg","twitter_creator":"@urbeameaweb","twitter_site":"@urbeameaweb","schema":{"@context":"https:\/\/schema.org","@graph":[{"@type":"Article","@id":"https:\/\/urbeamea.ro\/albaiulia\/ce-da-blajul-volei-alba-blaj-s-a-calificat-in-finala-diviziei-a1-la-volei-feminin\/#article","isPartOf":{"@id":"https:\/\/urbeamea.ro\/albaiulia\/ce-da-blajul-volei-alba-blaj-s-a-calificat-in-finala-diviziei-a1-la-volei-feminin\/"},"author":{"name":"Giurca Sorin","@id":"https:\/\/urbeamea.ro\/albaiulia\/#\/schema\/person\/5db3854ac38c1cc9f0ab4092d6a20f02"},"headline":"\u201cCe d\u0103 Blajul\u201d: Volei Alba Blaj s-a calificat \u00een finala Diviziei A1 la volei feminin","datePublished":"2024-04-11T16:17:04+00:00","dateModified":"2024-04-11T16:17:05+00:00","mainEntityOfPage":{"@id":"https:\/\/urbeamea.ro\/albaiulia\/ce-da-blajul-volei-alba-blaj-s-a-calificat-in-finala-diviziei-a1-la-volei-feminin\/"},"wordCount":205,"commentCount":0,"image":{"@id":"https:\/\/urbeamea.ro\/albaiulia\/ce-da-blajul-volei-alba-blaj-s-a-calificat-in-finala-diviziei-a1-la-volei-feminin\/#primaryimage"},"thumbnailUrl":"https:\/\/urbeamea.ro\/albaiulia\/wp-content\/uploads\/2024\/04\/434477910_960837802712657_3312942218900308058_n.jpg","keywords":["volei alba blaj"],"articleSection":["Sport"],"inLanguage":"ro-RO","potentialAction":[{"@type":"CommentAction","name":"Comment","target":["https:\/\/urbeamea.ro\/albaiulia\/ce-da-blajul-volei-alba-blaj-s-a-calificat-in-finala-diviziei-a1-la-volei-feminin\/#respond"]}]},{"@type":"WebPage","@id":"https:\/\/urbeamea.ro\/albaiulia\/ce-da-blajul-volei-alba-blaj-s-a-calificat-in-finala-diviziei-a1-la-volei-feminin\/","url":"https:\/\/urbeamea.ro\/albaiulia\/ce-da-blajul-volei-alba-blaj-s-a-calificat-in-finala-diviziei-a1-la-volei-feminin\/","name":"\u201cCe d\u0103 Blajul\u201d: Volei Alba Blaj s-a calificat \u00een finala Diviziei A1 la volei feminin - Revista Urbea Mea - Revista de Alba","isPartOf":{"@id":"https:\/\/urbeamea.ro\/albaiulia\/#website"},"primaryImageOfPage":{"@id":"https:\/\/urbeamea.ro\/albaiulia\/ce-da-blajul-volei-alba-blaj-s-a-calificat-in-finala-diviziei-a1-la-volei-feminin\/#primaryimage"},"image":{"@id":"https:\/\/urbeamea.ro\/albaiulia\/ce-da-blajul-volei-alba-blaj-s-a-calificat-in-finala-diviziei-a1-la-volei-feminin\/#primaryimage"},"thumbnailUrl":"https:\/\/urbeamea.ro\/albaiulia\/wp-content\/uploads\/2024\/04\/434477910_960837802712657_3312942218900308058_n.jpg","datePublished":"2024-04-11T16:17:04+00:00","dateModified":"2024-04-11T16:17:05+00:00","author":{"@id":"https:\/\/urbeamea.ro\/albaiulia\/#\/schema\/person\/5db3854ac38c1cc9f0ab4092d6a20f02"},"description":"Campioana Rom\u00e2niei Volei Alba Blaj s-a calificat miercuri sear\u0103, \u00een \u00een finala play-off-ului Diviziei A1 la volei feminin, dup\u0103 ce a \u00eenvins-o \u00een man\u0219a retur a semifinalei pe Rapid Bucure\u0219ti, \u00een \u201c Alba Blaj Arena\u201d.","breadcrumb":{"@id":"https:\/\/urbeamea.ro\/albaiulia\/ce-da-blajul-volei-alba-blaj-s-a-calificat-in-finala-diviziei-a1-la-volei-feminin\/#breadcrumb"},"inLanguage":"ro-RO","potentialAction":[{"@type":"ReadAction","target":["https:\/\/urbeamea.ro\/albaiulia\/ce-da-blajul-volei-alba-blaj-s-a-calificat-in-finala-diviziei-a1-la-volei-feminin\/"]}]},{"@type":"ImageObject","inLanguage":"ro-RO","@id":"https:\/\/urbeamea.ro\/albaiulia\/ce-da-blajul-volei-alba-blaj-s-a-calificat-in-finala-diviziei-a1-la-volei-feminin\/#primaryimage","url":"https:\/\/urbeamea.ro\/albaiulia\/wp-content\/uploads\/2024\/04\/434477910_960837802712657_3312942218900308058_n.jpg","contentUrl":"https:\/\/urbeamea.ro\/albaiulia\/wp-content\/uploads\/2024\/04\/434477910_960837802712657_3312942218900308058_n.jpg","width":1600,"height":1066},{"@type":"BreadcrumbList","@id":"https:\/\/urbeamea.ro\/albaiulia\/ce-da-blajul-volei-alba-blaj-s-a-calificat-in-finala-diviziei-a1-la-volei-feminin\/#breadcrumb","itemListElement":[{"@type":"ListItem","position":1,"name":"Prima pagin\u0103","item":"https:\/\/urbeamea.ro\/albaiulia\/"},{"@type":"ListItem","position":2,"name":"\u201cCe d\u0103 Blajul\u201d: Volei Alba Blaj s-a calificat \u00een finala Diviziei A1 la volei feminin"}]},{"@type":"WebSite","@id":"https:\/\/urbeamea.ro\/albaiulia\/#website","url":"https:\/\/urbeamea.ro\/albaiulia\/","name":"Revista Urbea Mea, Stiri urbane","description":"Evenimente \u0219i \u0219tiri din Alba Iulia, Sebe\u0219, Aiud, Blaj","potentialAction":[{"@type":"SearchAction","target":{"@type":"EntryPoint","urlTemplate":"https:\/\/urbeamea.ro\/albaiulia\/?s={search_term_string}"},"query-input":{"@type":"PropertyValueSpecification","valueRequired":true,"valueName":"search_term_string"}}],"inLanguage":"ro-RO"},{"@type":"Person","@id":"https:\/\/urbeamea.ro\/albaiulia\/#\/schema\/person\/5db3854ac38c1cc9f0ab4092d6a20f02","name":"Giurca Sorin","image":{"@type":"ImageObject","inLanguage":"ro-RO","@id":"https:\/\/secure.gravatar.com\/avatar\/120f6fcae7b3b47a7730cb9943f612f4909f68ac5284b5f40ac1c4615fd70576?s=96&d=mm&r=g","url":"https:\/\/secure.gravatar.com\/avatar\/120f6fcae7b3b47a7730cb9943f612f4909f68ac5284b5f40ac1c4615fd70576?s=96&d=mm&r=g","contentUrl":"https:\/\/secure.gravatar.com\/avatar\/120f6fcae7b3b47a7730cb9943f612f4909f68ac5284b5f40ac1c4615fd70576?s=96&d=mm&r=g","caption":"Giurca Sorin"},"url":"https:\/\/urbeamea.ro\/albaiulia\/author\/sorin\/"}]}},"_links":{"self":[{"href":"https:\/\/urbeamea.ro\/albaiulia\/wp-json\/wp\/v2\/posts\/110964","targetHints":{"allow":["GET"]}}],"collection":[{"href":"https:\/\/urbeamea.ro\/albaiulia\/wp-json\/wp\/v2\/posts"}],"about":[{"href":"https:\/\/urbeamea.ro\/albaiulia\/wp-json\/wp\/v2\/types\/post"}],"author":[{"embeddable":true,"href":"https:\/\/urbeamea.ro\/albaiulia\/wp-json\/wp\/v2\/users\/28"}],"replies":[{"embeddable":true,"href":"https:\/\/urbeamea.ro\/albaiulia\/wp-json\/wp\/v2\/comments?post=110964"}],"version-history":[{"count":1,"href":"https:\/\/urbeamea.ro\/albaiulia\/wp-json\/wp\/v2\/posts\/110964\/revisions"}],"predecessor-version":[{"id":110968,"href":"https:\/\/urbeamea.ro\/albaiulia\/wp-json\/wp\/v2\/posts\/110964\/revisions\/110968"}],"wp:featuredmedia":[{"embeddable":true,"href":"https:\/\/urbeamea.ro\/albaiulia\/wp-json\/wp\/v2\/media\/110967"}],"wp:attachment":[{"href":"https:\/\/urbeamea.ro\/albaiulia\/wp-json\/wp\/v2\/media?parent=110964"}],"wp:term":[{"taxonomy":"category","embeddable":true,"href":"https:\/\/urbeamea.ro\/albaiulia\/wp-json\/wp\/v2\/categories?post=110964"},{"taxonomy":"post_tag","embeddable":true,"href":"https:\/\/urbeamea.ro\/albaiulia\/wp-json\/wp\/v2\/tags?post=110964"}],"curies":[{"name":"wp","href":"https:\/\/api.w.org\/{rel}","templated":true}]}}