{"id":111176,"date":"2024-04-25T21:05:04","date_gmt":"2024-04-25T18:05:04","guid":{"rendered":"https:\/\/urbeamea.ro\/albaiulia\/?p=111176"},"modified":"2024-04-25T21:05:05","modified_gmt":"2024-04-25T18:05:05","slug":"calator-in-alba-cetatea-medievala-de-la-sasciori-istoria-uitata-sub-buruienilor-timpului","status":"publish","type":"post","link":"https:\/\/urbeamea.ro\/albaiulia\/calator-in-alba-cetatea-medievala-de-la-sasciori-istoria-uitata-sub-buruienilor-timpului\/","title":{"rendered":"C\u0103l\u0103tor \u00een Alba: Cetatea medieval\u0103 de la S\u0103sciori. Istoria uitat\u0103 sub buruienilor timpului"},"content":{"rendered":"\n<p><strong><em>\u201eUn popor care nu-\u015fi cunoa\u015fte istoria e ca un copil care nu-\u015fi cunoa\u015fte p\u0103rin\u0163ii&#8221;, spunea marele istoric \u0219i om politic Nicolae Iorga.<\/em><\/strong><\/p>\n\n\n\n<p>Am \u00eenceput cu acest citat, pentru c\u0103 a\u0219a se poate spune, \u0219i despre ce v\u0103 vom prezenta \u00een cele ce urmeaz\u0103, \u00een c\u0103l\u0103toria noastr\u0103 prin jude\u021bul Alba.<\/p>\n\n\n\n<p>Ast\u0103zi, vom face o oprire \u00een comuna S\u0103sciori, localitate situat\u0103 pe Valea Frumoasei, fiind situat\u0103 la 10 kilometri de municipiul Sebe\u0219 \u0219i la al\u021bi 25 de kilometri de Alba Iulia, acesta fiind str\u0103b\u0103tut\u0103 de drumul na\u0163ional DN 67C Sebe\u015f &#8211; Novaci, cunoscu ca \u0219i Transalpina.<\/p>\n\n\n\n<p>Pe teritoriul comunei, se afl\u0103 ruinele a dou\u0103 cet\u0103\u021bi, una dacic\u0103 (C\u0103p\u00e2lna &#8211; declarat\u0103 monument UNESCO) \u0219i cealalt\u0103 medieval\u0103.<\/p>\n\n\n\n<p>\u00cen prezentarea noastr\u0103, vom face referire la cel de-al doilea monument istoric, cetatea medieval\u0103 de la S\u0103sciori.<\/p>\n\n\n\n<p>Obiectivul este u\u0219or de reperat de c\u0103tre pasiona\u021bii de drume\u021bie dup\u0103 releul de telecomunica\u0163ii, \u201eplantat\u201d chiar \u00een incinta arealului, vizibil din Drumul Na\u021bional 67 C -Sebe\u0219- Petre\u0219ti-S\u0103sciori.De aici p\u00e2n\u0103 la cetate mai sunt 10 minute, accesul spre sit f\u0103c\u00e2ndu-se pe un drum negru (de p\u0103m\u00e2nt).<\/p>\n\n\n\n<p>Trist este c\u0103 drumul p\u00e2n\u0103 la vechea cetate este nesemnalizat cu indicatoare care s\u0103 indice drumul de urmat p\u00e2n\u0103 la monument (!).<\/p>\n\n\n\n<p>Un al doilea aspect \u0219i care m-a sup\u0103rat este lipsa unui panou informativ care s\u0103 ajute poten\u021bialii turi\u0219ti s\u0103 descifreze ruinele, identific\u00e2nd pe r\u00e2nd zidurile exterioare, turnurile, \u015fi tot ceea ce ne-ar fi ajutat acolo, \u00een interiorul cet\u0103\u021bii s\u00e3 \u00een\u0163elegem istoria (!).<\/p>\n\n\n\n<p>Priveli\u0219tea este una de poveste, se poate vedea satul S\u0103sciori prin care \u201e\u0219erpuie\u0219te\u201d Transalpina din interiorul cet\u0103\u021bii, iar de la poalele cet\u0103\u021bii se pot vedea \u00een dep\u0103rtare ora\u0219ul Sebe\u0219 \u0219i cetatea Piatra Craivei.<\/p>\n\n\n\n<p>Ca s\u0103 r\u0103zbe\u015fti la zidurile \u00een ruin\u0103, trebuie s\u0103 treci prin tufi\u015furile \u015fi ierburile \u00eenalte care acoper\u0103 intrarea \u00een edificiu.<\/p>\n\n\n\n<p>Din loc \u00een loc, pietre cenu\u015fii ies din vegeta\u021bia abundent\u0103, cu marginile rupte de v\u00e2nturi \u0219i ploi.<\/p>\n\n\n\n<p>Doar c\u00e2teva p\u0103r\u0163i din cetate, au rezistat p\u00e2n\u0103 azi, \u015fi e greu s\u0103 \u00ee\u0163i imaginezi ce elemente de construc\u0163ie formau aceste ziduri \u00eenguste \u015fi \u00eenalte de c\u00e2\u0163iva metri.<\/p>\n\n\n\n<p>Aici g\u0103se\u015fti turnul de nord cu un portal \u00een arc fr\u00e2nt, ziduri de incint\u0103 greu vizibile din cauza vegeta\u021biei abundente \u0219i zidul de ap\u0103rare estic.<\/p>\n\n\n\n<p>Vegeta\u021bia abundent\u0103 care acoper\u0103 mare parte din cetate d\u0103 aspectul dezolant de ruine p\u0103r\u0103site.<\/p>\n\n\n\n<p>Perdele de ieder\u0103 \u015fi rugi \u0163epo\u015fi, m\u0103r\u0103cini c\u00e2t un stat de om, arbu\u0219ti, ruinele fiind cu greu vizibile dintr-un asemenea peisaj.<br><\/p>\n\n\n\n<p>Aspectul de vechi este stricat de c\u0103tre releul de telecomunica\u0163ii ridicat \u00een incinta fortifica\u021biei.<\/p>\n\n\n\n<p><strong>Istoricul cet\u0103\u021bii<\/strong><\/p>\n\n\n\n<p>Este situat\u0103 \u00een partea de vest a comunei, de unde domin\u0103 o zon\u0103 foarte \u00eentins\u0103, fiind amintit\u0103 \u00een documente \u00een anul 1309 sub denumirea de \u201eCastrum Petrii\u201d \u0219i func\u021bion\u00e2nd ca o cetate \u021b\u0103r\u0103neasc\u0103 p\u00e2n\u0103 la mijlocul secolului al XVI-lea.<\/p>\n\n\n\n<p>S-au p\u0103strat ruine \u00een care se pot distinge o incint\u0103 \u00een form\u0103 oval\u0103, lung\u0103 de 35-45m, construit\u0103 din piatr\u0103 brut\u0103 de r\u00e2u \u0219i carier\u0103, cu ziduri de peste 2 m grosime \u0219i \u00eenalte de 4-5 m.<\/p>\n\n\n\n<p>La cele dou\u0103 capete se afl\u0103 dou\u0103 turnuri interioare patrulatere ce ad\u0103posteau por\u021bile carosabile ale cet\u0103\u021bii, \u0219i acare aveau bol\u021bi semicilindrice, constituind modele de por\u021bi arhaice utilizate la cet\u0103\u021bile medievale timpurii din Transilvania.<\/p>\n\n\n\n<p>Fortifica\u021bia era \u00eemp\u0103r\u021bit\u0103 cu zid de piatr\u0103 \u00een dou\u0103 p\u0103r\u021bi, indic\u00e2nd probabil utilizarea ei de c\u0103tre dou\u0103 comunit\u0103\u021bi, av\u00e2nd fiecare drumul s\u0103u de acces \u00een cetate \u0219i poarta proprie.<\/p>\n\n\n\n<p>A fost construit\u0103 \u00een a doua jum\u0103tate a secolului al XIII-lea, fiind o fortifica\u021bie puternic\u0103 \u0219i av\u00e2nd, probabil, func\u021bia de a p\u0103zi calea de leg\u0103tur\u0103 a Transilvaniei cu sudul Carpa\u021bilor.<\/p>\n\n\n\n<p>Ca \u015fi multe alte fortifica\u0163ii nobiliare s\u0103se\u015fti \u015fi cetatea de la S\u0103sciori, a trecut \u00een evul mediu \u00een proprietatea comunit\u0103\u0163ii locale de limb\u0103 german\u0103.<\/p>\n\n\n\n<p>\u00cen a doua jum\u0103tate a secolul al XIV-lea, cetatea de la S\u0103sciori apare men\u0163ionat\u0103 ca f\u0103c\u00e2nd parte din aliniamentul de ap\u0103rare a grani\u0163ei de sud a Transilvaniei.<\/p>\n\n\n\n<p>Mai t\u00e2rziu, \u00een a doua parte a secolul al XVI-lea sau la \u00eenceputul secolului al XVI-lea, dup\u0103 f\u0103r\u00e2mi\u0163area domeniului Sebe\u015fului, comunitatea s\u0103seasc\u0103, st\u0103p\u00e2n\u0103 a cet\u0103\u0163ii, a renun\u0163at la aceast\u0103 fortifica\u0163ie, \u00een prealabil distrug\u00e2nd-o \u00een parte, pentru a nu putea fi folosit\u0103 de eventualii invadatori.<\/p>\n\n\n\n<p>Acest lucru, s-a datorat faptului c\u0103 \u00een strategia acestei comunit\u0103\u0163i, ap\u0103rarea \u00een zonele \u00eenalte, era considerat\u0103 a fi prea dificil\u0103 \u015fi riscant\u0103, ei prefer\u00e2nd a se proteja \u00een zonele mai joase, de podi\u015f.<\/p>\n\n\n\n<p>Surse istorice arat\u0103 c\u0103 dup\u0103 distrugerea cet\u0103\u0163ii de la S\u0103sciori \u015fi f\u0103r\u00e2mi\u0163area domeniului feudal al Sebe\u015fului, postul de paz\u0103 desfiin\u0163at de la S\u0103sciori, a fost mutat \u00een apropiere, la Loman, unde \u00eens\u0103 nu s-a ridicat o fort\u0103rea\u0163\u0103 \u00eenconjurat\u0103 cu ziduri de piatr\u0103, ci o construc\u0163ie militar\u0103 mai simpl\u0103, probabil din lemn, disp\u0103rut\u0103 azi cu totul.<\/p>\n\n\n\n<p>Ruinat\u0103 \u015fi abandonat\u0103 \u00eenc\u0103 din evul mediu, Cetatea medieval\u0103 de la S\u0103sciori, nu a fost restaurat\u0103 sau m\u0103car conservat\u0103 \u00een secolele ce au urmat, astfel \u00eenc\u00e2t procesul de degradare s-a perpetuat.<\/p>\n\n\n\n<p>\u00cen secolul al XIX-lea donjonul ruinat dar \u00eenc\u0103 prezent, p\u0103stra scara interioar\u0103 de piatr\u0103.<\/p>\n\n\n\n<p>Pe aceia\u015fi parte cu Cetatea Medieval\u0103 de la S\u0103sciori, \u00eens\u0103 la 6 km sud, se g\u0103se\u015fte Cetatea Dacic\u0103 de la C\u0103p\u00e2lna.<\/p>\n\n\n\n<figure class=\"wp-block-gallery has-nested-images columns-default is-cropped wp-block-gallery-1 is-layout-flex wp-block-gallery-is-layout-flex\">\n<figure class=\"wp-block-image size-large\"><img loading=\"lazy\" decoding=\"async\" width=\"640\" height=\"480\" data-id=\"111177\" src=\"https:\/\/urbeamea.ro\/albaiulia\/wp-content\/uploads\/2024\/04\/20151115_152017.jpg\" alt=\"\" class=\"wp-image-111177\" srcset=\"https:\/\/urbeamea.ro\/albaiulia\/wp-content\/uploads\/2024\/04\/20151115_152017.jpg 640w, https:\/\/urbeamea.ro\/albaiulia\/wp-content\/uploads\/2024\/04\/20151115_152017-150x113.jpg 150w\" sizes=\"auto, (max-width: 640px) 100vw, 640px\" \/><\/figure>\n\n\n\n<figure class=\"wp-block-image size-large\"><img loading=\"lazy\" decoding=\"async\" width=\"640\" height=\"853\" data-id=\"111183\" src=\"https:\/\/urbeamea.ro\/albaiulia\/wp-content\/uploads\/2024\/04\/20151115_152231.jpg\" alt=\"\" class=\"wp-image-111183\" srcset=\"https:\/\/urbeamea.ro\/albaiulia\/wp-content\/uploads\/2024\/04\/20151115_152231.jpg 640w, https:\/\/urbeamea.ro\/albaiulia\/wp-content\/uploads\/2024\/04\/20151115_152231-480x640.jpg 480w, https:\/\/urbeamea.ro\/albaiulia\/wp-content\/uploads\/2024\/04\/20151115_152231-113x150.jpg 113w\" sizes=\"auto, (max-width: 640px) 100vw, 640px\" \/><\/figure>\n\n\n\n<figure class=\"wp-block-image size-large\"><img loading=\"lazy\" decoding=\"async\" width=\"640\" height=\"480\" data-id=\"111178\" src=\"https:\/\/urbeamea.ro\/albaiulia\/wp-content\/uploads\/2024\/04\/20151115_152243.jpg\" alt=\"\" class=\"wp-image-111178\" srcset=\"https:\/\/urbeamea.ro\/albaiulia\/wp-content\/uploads\/2024\/04\/20151115_152243.jpg 640w, https:\/\/urbeamea.ro\/albaiulia\/wp-content\/uploads\/2024\/04\/20151115_152243-150x113.jpg 150w\" sizes=\"auto, (max-width: 640px) 100vw, 640px\" \/><\/figure>\n\n\n\n<figure class=\"wp-block-image size-large\"><img loading=\"lazy\" decoding=\"async\" width=\"640\" height=\"480\" data-id=\"111182\" src=\"https:\/\/urbeamea.ro\/albaiulia\/wp-content\/uploads\/2024\/04\/20151115_152541.jpg\" alt=\"\" class=\"wp-image-111182\" srcset=\"https:\/\/urbeamea.ro\/albaiulia\/wp-content\/uploads\/2024\/04\/20151115_152541.jpg 640w, https:\/\/urbeamea.ro\/albaiulia\/wp-content\/uploads\/2024\/04\/20151115_152541-150x113.jpg 150w\" sizes=\"auto, (max-width: 640px) 100vw, 640px\" \/><\/figure>\n\n\n\n<figure class=\"wp-block-image size-large\"><img loading=\"lazy\" decoding=\"async\" width=\"640\" height=\"480\" data-id=\"111187\" src=\"https:\/\/urbeamea.ro\/albaiulia\/wp-content\/uploads\/2024\/04\/20151115_152600.jpg\" alt=\"\" class=\"wp-image-111187\" srcset=\"https:\/\/urbeamea.ro\/albaiulia\/wp-content\/uploads\/2024\/04\/20151115_152600.jpg 640w, https:\/\/urbeamea.ro\/albaiulia\/wp-content\/uploads\/2024\/04\/20151115_152600-150x113.jpg 150w\" sizes=\"auto, (max-width: 640px) 100vw, 640px\" \/><\/figure>\n\n\n\n<figure class=\"wp-block-image size-large\"><img loading=\"lazy\" decoding=\"async\" width=\"640\" height=\"853\" data-id=\"111179\" src=\"https:\/\/urbeamea.ro\/albaiulia\/wp-content\/uploads\/2024\/04\/20151115_152604.jpg\" alt=\"\" class=\"wp-image-111179\" srcset=\"https:\/\/urbeamea.ro\/albaiulia\/wp-content\/uploads\/2024\/04\/20151115_152604.jpg 640w, https:\/\/urbeamea.ro\/albaiulia\/wp-content\/uploads\/2024\/04\/20151115_152604-480x640.jpg 480w, https:\/\/urbeamea.ro\/albaiulia\/wp-content\/uploads\/2024\/04\/20151115_152604-113x150.jpg 113w\" sizes=\"auto, (max-width: 640px) 100vw, 640px\" \/><\/figure>\n\n\n\n<figure class=\"wp-block-image size-large\"><img loading=\"lazy\" decoding=\"async\" width=\"640\" height=\"853\" data-id=\"111181\" src=\"https:\/\/urbeamea.ro\/albaiulia\/wp-content\/uploads\/2024\/04\/20151115_152616.jpg\" alt=\"\" class=\"wp-image-111181\" srcset=\"https:\/\/urbeamea.ro\/albaiulia\/wp-content\/uploads\/2024\/04\/20151115_152616.jpg 640w, https:\/\/urbeamea.ro\/albaiulia\/wp-content\/uploads\/2024\/04\/20151115_152616-480x640.jpg 480w, https:\/\/urbeamea.ro\/albaiulia\/wp-content\/uploads\/2024\/04\/20151115_152616-113x150.jpg 113w\" sizes=\"auto, (max-width: 640px) 100vw, 640px\" \/><\/figure>\n\n\n\n<figure class=\"wp-block-image size-large\"><img loading=\"lazy\" decoding=\"async\" width=\"640\" height=\"853\" data-id=\"111186\" src=\"https:\/\/urbeamea.ro\/albaiulia\/wp-content\/uploads\/2024\/04\/20151115_152637.jpg\" alt=\"\" class=\"wp-image-111186\" srcset=\"https:\/\/urbeamea.ro\/albaiulia\/wp-content\/uploads\/2024\/04\/20151115_152637.jpg 640w, https:\/\/urbeamea.ro\/albaiulia\/wp-content\/uploads\/2024\/04\/20151115_152637-480x640.jpg 480w, https:\/\/urbeamea.ro\/albaiulia\/wp-content\/uploads\/2024\/04\/20151115_152637-113x150.jpg 113w\" sizes=\"auto, (max-width: 640px) 100vw, 640px\" \/><\/figure>\n\n\n\n<figure class=\"wp-block-image size-large\"><img loading=\"lazy\" decoding=\"async\" width=\"640\" height=\"480\" data-id=\"111206\" src=\"https:\/\/urbeamea.ro\/albaiulia\/wp-content\/uploads\/2024\/04\/20151115_152641.jpg\" alt=\"\" class=\"wp-image-111206\" srcset=\"https:\/\/urbeamea.ro\/albaiulia\/wp-content\/uploads\/2024\/04\/20151115_152641.jpg 640w, https:\/\/urbeamea.ro\/albaiulia\/wp-content\/uploads\/2024\/04\/20151115_152641-150x113.jpg 150w\" sizes=\"auto, (max-width: 640px) 100vw, 640px\" \/><\/figure>\n\n\n\n<figure class=\"wp-block-image size-large\"><img loading=\"lazy\" decoding=\"async\" width=\"640\" height=\"480\" data-id=\"111180\" src=\"https:\/\/urbeamea.ro\/albaiulia\/wp-content\/uploads\/2024\/04\/20151115_152715.jpg\" alt=\"\" class=\"wp-image-111180\" srcset=\"https:\/\/urbeamea.ro\/albaiulia\/wp-content\/uploads\/2024\/04\/20151115_152715.jpg 640w, https:\/\/urbeamea.ro\/albaiulia\/wp-content\/uploads\/2024\/04\/20151115_152715-150x113.jpg 150w\" sizes=\"auto, (max-width: 640px) 100vw, 640px\" \/><\/figure>\n\n\n\n<figure class=\"wp-block-image size-large\"><img loading=\"lazy\" decoding=\"async\" width=\"640\" height=\"853\" data-id=\"111184\" src=\"https:\/\/urbeamea.ro\/albaiulia\/wp-content\/uploads\/2024\/04\/20151115_152840.jpg\" alt=\"\" class=\"wp-image-111184\" srcset=\"https:\/\/urbeamea.ro\/albaiulia\/wp-content\/uploads\/2024\/04\/20151115_152840.jpg 640w, https:\/\/urbeamea.ro\/albaiulia\/wp-content\/uploads\/2024\/04\/20151115_152840-480x640.jpg 480w, https:\/\/urbeamea.ro\/albaiulia\/wp-content\/uploads\/2024\/04\/20151115_152840-113x150.jpg 113w\" sizes=\"auto, (max-width: 640px) 100vw, 640px\" \/><\/figure>\n\n\n\n<figure class=\"wp-block-image size-large\"><img loading=\"lazy\" decoding=\"async\" width=\"640\" height=\"853\" data-id=\"111189\" src=\"https:\/\/urbeamea.ro\/albaiulia\/wp-content\/uploads\/2024\/04\/20151115_152904.jpg\" alt=\"\" class=\"wp-image-111189\" srcset=\"https:\/\/urbeamea.ro\/albaiulia\/wp-content\/uploads\/2024\/04\/20151115_152904.jpg 640w, https:\/\/urbeamea.ro\/albaiulia\/wp-content\/uploads\/2024\/04\/20151115_152904-480x640.jpg 480w, https:\/\/urbeamea.ro\/albaiulia\/wp-content\/uploads\/2024\/04\/20151115_152904-113x150.jpg 113w\" sizes=\"auto, (max-width: 640px) 100vw, 640px\" \/><\/figure>\n\n\n\n<figure class=\"wp-block-image size-large\"><img loading=\"lazy\" decoding=\"async\" width=\"640\" height=\"853\" data-id=\"111188\" src=\"https:\/\/urbeamea.ro\/albaiulia\/wp-content\/uploads\/2024\/04\/20151115_152926.jpg\" alt=\"\" class=\"wp-image-111188\" srcset=\"https:\/\/urbeamea.ro\/albaiulia\/wp-content\/uploads\/2024\/04\/20151115_152926.jpg 640w, https:\/\/urbeamea.ro\/albaiulia\/wp-content\/uploads\/2024\/04\/20151115_152926-480x640.jpg 480w, https:\/\/urbeamea.ro\/albaiulia\/wp-content\/uploads\/2024\/04\/20151115_152926-113x150.jpg 113w\" sizes=\"auto, (max-width: 640px) 100vw, 640px\" \/><\/figure>\n\n\n\n<figure class=\"wp-block-image size-large\"><img loading=\"lazy\" decoding=\"async\" width=\"640\" height=\"480\" data-id=\"111190\" src=\"https:\/\/urbeamea.ro\/albaiulia\/wp-content\/uploads\/2024\/04\/20151115_152935.jpg\" alt=\"\" class=\"wp-image-111190\" srcset=\"https:\/\/urbeamea.ro\/albaiulia\/wp-content\/uploads\/2024\/04\/20151115_152935.jpg 640w, https:\/\/urbeamea.ro\/albaiulia\/wp-content\/uploads\/2024\/04\/20151115_152935-150x113.jpg 150w\" sizes=\"auto, (max-width: 640px) 100vw, 640px\" \/><\/figure>\n\n\n\n<figure class=\"wp-block-image size-large\"><img loading=\"lazy\" decoding=\"async\" width=\"640\" height=\"853\" data-id=\"111198\" src=\"https:\/\/urbeamea.ro\/albaiulia\/wp-content\/uploads\/2024\/04\/20151115_153027.jpg\" alt=\"\" class=\"wp-image-111198\" srcset=\"https:\/\/urbeamea.ro\/albaiulia\/wp-content\/uploads\/2024\/04\/20151115_153027.jpg 640w, https:\/\/urbeamea.ro\/albaiulia\/wp-content\/uploads\/2024\/04\/20151115_153027-480x640.jpg 480w, https:\/\/urbeamea.ro\/albaiulia\/wp-content\/uploads\/2024\/04\/20151115_153027-113x150.jpg 113w\" sizes=\"auto, (max-width: 640px) 100vw, 640px\" \/><\/figure>\n\n\n\n<figure class=\"wp-block-image size-large\"><img loading=\"lazy\" decoding=\"async\" width=\"640\" height=\"480\" data-id=\"111209\" src=\"https:\/\/urbeamea.ro\/albaiulia\/wp-content\/uploads\/2024\/04\/20151115_153033.jpg\" alt=\"\" class=\"wp-image-111209\" srcset=\"https:\/\/urbeamea.ro\/albaiulia\/wp-content\/uploads\/2024\/04\/20151115_153033.jpg 640w, https:\/\/urbeamea.ro\/albaiulia\/wp-content\/uploads\/2024\/04\/20151115_153033-150x113.jpg 150w\" sizes=\"auto, (max-width: 640px) 100vw, 640px\" \/><\/figure>\n\n\n\n<figure class=\"wp-block-image size-large\"><img loading=\"lazy\" decoding=\"async\" width=\"640\" height=\"853\" data-id=\"111213\" src=\"https:\/\/urbeamea.ro\/albaiulia\/wp-content\/uploads\/2024\/04\/20151115_153132.jpg\" alt=\"\" class=\"wp-image-111213\" srcset=\"https:\/\/urbeamea.ro\/albaiulia\/wp-content\/uploads\/2024\/04\/20151115_153132.jpg 640w, https:\/\/urbeamea.ro\/albaiulia\/wp-content\/uploads\/2024\/04\/20151115_153132-480x640.jpg 480w, https:\/\/urbeamea.ro\/albaiulia\/wp-content\/uploads\/2024\/04\/20151115_153132-113x150.jpg 113w\" sizes=\"auto, (max-width: 640px) 100vw, 640px\" \/><\/figure>\n\n\n\n<figure class=\"wp-block-image size-large\"><img loading=\"lazy\" decoding=\"async\" width=\"640\" height=\"480\" data-id=\"111185\" src=\"https:\/\/urbeamea.ro\/albaiulia\/wp-content\/uploads\/2024\/04\/20151115_153138.jpg\" alt=\"\" class=\"wp-image-111185\" srcset=\"https:\/\/urbeamea.ro\/albaiulia\/wp-content\/uploads\/2024\/04\/20151115_153138.jpg 640w, https:\/\/urbeamea.ro\/albaiulia\/wp-content\/uploads\/2024\/04\/20151115_153138-150x113.jpg 150w\" sizes=\"auto, (max-width: 640px) 100vw, 640px\" \/><\/figure>\n\n\n\n<figure class=\"wp-block-image size-large\"><img loading=\"lazy\" decoding=\"async\" width=\"640\" height=\"480\" data-id=\"111199\" src=\"https:\/\/urbeamea.ro\/albaiulia\/wp-content\/uploads\/2024\/04\/20151115_153146.jpg\" alt=\"\" class=\"wp-image-111199\" srcset=\"https:\/\/urbeamea.ro\/albaiulia\/wp-content\/uploads\/2024\/04\/20151115_153146.jpg 640w, https:\/\/urbeamea.ro\/albaiulia\/wp-content\/uploads\/2024\/04\/20151115_153146-150x113.jpg 150w\" sizes=\"auto, (max-width: 640px) 100vw, 640px\" \/><\/figure>\n\n\n\n<figure class=\"wp-block-image size-large\"><img loading=\"lazy\" decoding=\"async\" width=\"640\" height=\"480\" data-id=\"111208\" src=\"https:\/\/urbeamea.ro\/albaiulia\/wp-content\/uploads\/2024\/04\/20151115_153151.jpg\" alt=\"\" class=\"wp-image-111208\" srcset=\"https:\/\/urbeamea.ro\/albaiulia\/wp-content\/uploads\/2024\/04\/20151115_153151.jpg 640w, https:\/\/urbeamea.ro\/albaiulia\/wp-content\/uploads\/2024\/04\/20151115_153151-150x113.jpg 150w\" sizes=\"auto, (max-width: 640px) 100vw, 640px\" \/><\/figure>\n\n\n\n<figure class=\"wp-block-image size-large\"><img loading=\"lazy\" decoding=\"async\" width=\"640\" height=\"853\" data-id=\"111195\" src=\"https:\/\/urbeamea.ro\/albaiulia\/wp-content\/uploads\/2024\/04\/20151115_153229.jpg\" alt=\"\" class=\"wp-image-111195\" srcset=\"https:\/\/urbeamea.ro\/albaiulia\/wp-content\/uploads\/2024\/04\/20151115_153229.jpg 640w, https:\/\/urbeamea.ro\/albaiulia\/wp-content\/uploads\/2024\/04\/20151115_153229-480x640.jpg 480w, https:\/\/urbeamea.ro\/albaiulia\/wp-content\/uploads\/2024\/04\/20151115_153229-113x150.jpg 113w\" sizes=\"auto, (max-width: 640px) 100vw, 640px\" \/><\/figure>\n\n\n\n<figure class=\"wp-block-image size-large\"><img loading=\"lazy\" decoding=\"async\" width=\"640\" height=\"853\" data-id=\"111218\" src=\"https:\/\/urbeamea.ro\/albaiulia\/wp-content\/uploads\/2024\/04\/20151115_153245.jpg\" alt=\"\" class=\"wp-image-111218\" srcset=\"https:\/\/urbeamea.ro\/albaiulia\/wp-content\/uploads\/2024\/04\/20151115_153245.jpg 640w, https:\/\/urbeamea.ro\/albaiulia\/wp-content\/uploads\/2024\/04\/20151115_153245-480x640.jpg 480w, https:\/\/urbeamea.ro\/albaiulia\/wp-content\/uploads\/2024\/04\/20151115_153245-113x150.jpg 113w\" sizes=\"auto, (max-width: 640px) 100vw, 640px\" \/><\/figure>\n\n\n\n<figure class=\"wp-block-image size-large\"><img loading=\"lazy\" decoding=\"async\" width=\"640\" height=\"480\" data-id=\"111192\" src=\"https:\/\/urbeamea.ro\/albaiulia\/wp-content\/uploads\/2024\/04\/20151115_153300.jpg\" alt=\"\" class=\"wp-image-111192\" srcset=\"https:\/\/urbeamea.ro\/albaiulia\/wp-content\/uploads\/2024\/04\/20151115_153300.jpg 640w, https:\/\/urbeamea.ro\/albaiulia\/wp-content\/uploads\/2024\/04\/20151115_153300-150x113.jpg 150w\" sizes=\"auto, (max-width: 640px) 100vw, 640px\" \/><\/figure>\n\n\n\n<figure class=\"wp-block-image size-large\"><img loading=\"lazy\" decoding=\"async\" width=\"640\" height=\"480\" data-id=\"111214\" src=\"https:\/\/urbeamea.ro\/albaiulia\/wp-content\/uploads\/2024\/04\/20151115_153309.jpg\" alt=\"\" class=\"wp-image-111214\" srcset=\"https:\/\/urbeamea.ro\/albaiulia\/wp-content\/uploads\/2024\/04\/20151115_153309.jpg 640w, https:\/\/urbeamea.ro\/albaiulia\/wp-content\/uploads\/2024\/04\/20151115_153309-150x113.jpg 150w\" sizes=\"auto, (max-width: 640px) 100vw, 640px\" \/><\/figure>\n\n\n\n<figure class=\"wp-block-image size-large\"><img loading=\"lazy\" decoding=\"async\" width=\"640\" height=\"853\" data-id=\"111194\" src=\"https:\/\/urbeamea.ro\/albaiulia\/wp-content\/uploads\/2024\/04\/20151115_153345.jpg\" alt=\"\" class=\"wp-image-111194\" srcset=\"https:\/\/urbeamea.ro\/albaiulia\/wp-content\/uploads\/2024\/04\/20151115_153345.jpg 640w, https:\/\/urbeamea.ro\/albaiulia\/wp-content\/uploads\/2024\/04\/20151115_153345-480x640.jpg 480w, https:\/\/urbeamea.ro\/albaiulia\/wp-content\/uploads\/2024\/04\/20151115_153345-113x150.jpg 113w\" sizes=\"auto, (max-width: 640px) 100vw, 640px\" \/><\/figure>\n\n\n\n<figure class=\"wp-block-image size-large\"><img loading=\"lazy\" decoding=\"async\" width=\"640\" height=\"480\" data-id=\"111205\" src=\"https:\/\/urbeamea.ro\/albaiulia\/wp-content\/uploads\/2024\/04\/20151115_153354.jpg\" alt=\"\" class=\"wp-image-111205\" srcset=\"https:\/\/urbeamea.ro\/albaiulia\/wp-content\/uploads\/2024\/04\/20151115_153354.jpg 640w, https:\/\/urbeamea.ro\/albaiulia\/wp-content\/uploads\/2024\/04\/20151115_153354-150x113.jpg 150w\" sizes=\"auto, (max-width: 640px) 100vw, 640px\" \/><\/figure>\n\n\n\n<figure class=\"wp-block-image size-large\"><img loading=\"lazy\" decoding=\"async\" width=\"640\" height=\"480\" data-id=\"111193\" src=\"https:\/\/urbeamea.ro\/albaiulia\/wp-content\/uploads\/2024\/04\/20151115_153438.jpg\" alt=\"\" class=\"wp-image-111193\" srcset=\"https:\/\/urbeamea.ro\/albaiulia\/wp-content\/uploads\/2024\/04\/20151115_153438.jpg 640w, https:\/\/urbeamea.ro\/albaiulia\/wp-content\/uploads\/2024\/04\/20151115_153438-150x113.jpg 150w\" sizes=\"auto, (max-width: 640px) 100vw, 640px\" \/><\/figure>\n\n\n\n<figure class=\"wp-block-image size-large\"><img loading=\"lazy\" decoding=\"async\" width=\"640\" height=\"480\" data-id=\"111191\" src=\"https:\/\/urbeamea.ro\/albaiulia\/wp-content\/uploads\/2024\/04\/20151115_153445.jpg\" alt=\"\" class=\"wp-image-111191\" srcset=\"https:\/\/urbeamea.ro\/albaiulia\/wp-content\/uploads\/2024\/04\/20151115_153445.jpg 640w, https:\/\/urbeamea.ro\/albaiulia\/wp-content\/uploads\/2024\/04\/20151115_153445-150x113.jpg 150w\" sizes=\"auto, (max-width: 640px) 100vw, 640px\" \/><\/figure>\n\n\n\n<figure class=\"wp-block-image size-large\"><img loading=\"lazy\" decoding=\"async\" width=\"640\" height=\"480\" data-id=\"111196\" src=\"https:\/\/urbeamea.ro\/albaiulia\/wp-content\/uploads\/2024\/04\/20151115_153509.jpg\" alt=\"\" class=\"wp-image-111196\" srcset=\"https:\/\/urbeamea.ro\/albaiulia\/wp-content\/uploads\/2024\/04\/20151115_153509.jpg 640w, https:\/\/urbeamea.ro\/albaiulia\/wp-content\/uploads\/2024\/04\/20151115_153509-150x113.jpg 150w\" sizes=\"auto, (max-width: 640px) 100vw, 640px\" \/><\/figure>\n\n\n\n<figure class=\"wp-block-image size-large\"><img loading=\"lazy\" decoding=\"async\" width=\"640\" height=\"480\" data-id=\"111197\" src=\"https:\/\/urbeamea.ro\/albaiulia\/wp-content\/uploads\/2024\/04\/20151115_153556.jpg\" alt=\"\" class=\"wp-image-111197\" srcset=\"https:\/\/urbeamea.ro\/albaiulia\/wp-content\/uploads\/2024\/04\/20151115_153556.jpg 640w, https:\/\/urbeamea.ro\/albaiulia\/wp-content\/uploads\/2024\/04\/20151115_153556-150x113.jpg 150w\" sizes=\"auto, (max-width: 640px) 100vw, 640px\" \/><\/figure>\n\n\n\n<figure class=\"wp-block-image size-large\"><img loading=\"lazy\" decoding=\"async\" width=\"640\" height=\"853\" data-id=\"111217\" src=\"https:\/\/urbeamea.ro\/albaiulia\/wp-content\/uploads\/2024\/04\/20151115_153609.jpg\" alt=\"\" class=\"wp-image-111217\" srcset=\"https:\/\/urbeamea.ro\/albaiulia\/wp-content\/uploads\/2024\/04\/20151115_153609.jpg 640w, https:\/\/urbeamea.ro\/albaiulia\/wp-content\/uploads\/2024\/04\/20151115_153609-480x640.jpg 480w, https:\/\/urbeamea.ro\/albaiulia\/wp-content\/uploads\/2024\/04\/20151115_153609-113x150.jpg 113w\" sizes=\"auto, (max-width: 640px) 100vw, 640px\" \/><\/figure>\n\n\n\n<figure class=\"wp-block-image size-large\"><img loading=\"lazy\" decoding=\"async\" width=\"640\" height=\"480\" data-id=\"111204\" src=\"https:\/\/urbeamea.ro\/albaiulia\/wp-content\/uploads\/2024\/04\/20151115_153702.jpg\" alt=\"\" class=\"wp-image-111204\" srcset=\"https:\/\/urbeamea.ro\/albaiulia\/wp-content\/uploads\/2024\/04\/20151115_153702.jpg 640w, https:\/\/urbeamea.ro\/albaiulia\/wp-content\/uploads\/2024\/04\/20151115_153702-150x113.jpg 150w\" sizes=\"auto, (max-width: 640px) 100vw, 640px\" \/><\/figure>\n\n\n\n<figure class=\"wp-block-image size-large\"><img loading=\"lazy\" decoding=\"async\" width=\"640\" height=\"853\" data-id=\"111212\" src=\"https:\/\/urbeamea.ro\/albaiulia\/wp-content\/uploads\/2024\/04\/20151115_153753.jpg\" alt=\"\" class=\"wp-image-111212\" srcset=\"https:\/\/urbeamea.ro\/albaiulia\/wp-content\/uploads\/2024\/04\/20151115_153753.jpg 640w, https:\/\/urbeamea.ro\/albaiulia\/wp-content\/uploads\/2024\/04\/20151115_153753-480x640.jpg 480w, https:\/\/urbeamea.ro\/albaiulia\/wp-content\/uploads\/2024\/04\/20151115_153753-113x150.jpg 113w\" sizes=\"auto, (max-width: 640px) 100vw, 640px\" \/><\/figure>\n\n\n\n<figure class=\"wp-block-image size-large\"><img loading=\"lazy\" decoding=\"async\" width=\"640\" height=\"480\" data-id=\"111201\" src=\"https:\/\/urbeamea.ro\/albaiulia\/wp-content\/uploads\/2024\/04\/20151115_153832.jpg\" alt=\"\" class=\"wp-image-111201\" srcset=\"https:\/\/urbeamea.ro\/albaiulia\/wp-content\/uploads\/2024\/04\/20151115_153832.jpg 640w, https:\/\/urbeamea.ro\/albaiulia\/wp-content\/uploads\/2024\/04\/20151115_153832-150x113.jpg 150w\" sizes=\"auto, (max-width: 640px) 100vw, 640px\" \/><\/figure>\n\n\n\n<figure class=\"wp-block-image size-large\"><img loading=\"lazy\" decoding=\"async\" width=\"640\" height=\"480\" data-id=\"111215\" src=\"https:\/\/urbeamea.ro\/albaiulia\/wp-content\/uploads\/2024\/04\/20151115_153930.jpg\" alt=\"\" class=\"wp-image-111215\" srcset=\"https:\/\/urbeamea.ro\/albaiulia\/wp-content\/uploads\/2024\/04\/20151115_153930.jpg 640w, https:\/\/urbeamea.ro\/albaiulia\/wp-content\/uploads\/2024\/04\/20151115_153930-150x113.jpg 150w\" sizes=\"auto, (max-width: 640px) 100vw, 640px\" \/><\/figure>\n\n\n\n<figure class=\"wp-block-image size-large\"><img loading=\"lazy\" decoding=\"async\" width=\"640\" height=\"853\" data-id=\"111203\" src=\"https:\/\/urbeamea.ro\/albaiulia\/wp-content\/uploads\/2024\/04\/20151115_154036.jpg\" alt=\"\" class=\"wp-image-111203\" srcset=\"https:\/\/urbeamea.ro\/albaiulia\/wp-content\/uploads\/2024\/04\/20151115_154036.jpg 640w, https:\/\/urbeamea.ro\/albaiulia\/wp-content\/uploads\/2024\/04\/20151115_154036-480x640.jpg 480w, https:\/\/urbeamea.ro\/albaiulia\/wp-content\/uploads\/2024\/04\/20151115_154036-113x150.jpg 113w\" sizes=\"auto, (max-width: 640px) 100vw, 640px\" \/><\/figure>\n\n\n\n<figure class=\"wp-block-image size-large\"><img loading=\"lazy\" decoding=\"async\" width=\"640\" height=\"853\" data-id=\"111202\" src=\"https:\/\/urbeamea.ro\/albaiulia\/wp-content\/uploads\/2024\/04\/20151115_154056.jpg\" alt=\"\" class=\"wp-image-111202\" srcset=\"https:\/\/urbeamea.ro\/albaiulia\/wp-content\/uploads\/2024\/04\/20151115_154056.jpg 640w, https:\/\/urbeamea.ro\/albaiulia\/wp-content\/uploads\/2024\/04\/20151115_154056-480x640.jpg 480w, https:\/\/urbeamea.ro\/albaiulia\/wp-content\/uploads\/2024\/04\/20151115_154056-113x150.jpg 113w\" sizes=\"auto, (max-width: 640px) 100vw, 640px\" \/><\/figure>\n\n\n\n<figure class=\"wp-block-image size-large\"><img loading=\"lazy\" decoding=\"async\" width=\"640\" height=\"853\" data-id=\"111207\" src=\"https:\/\/urbeamea.ro\/albaiulia\/wp-content\/uploads\/2024\/04\/20151115_154333.jpg\" alt=\"\" class=\"wp-image-111207\" srcset=\"https:\/\/urbeamea.ro\/albaiulia\/wp-content\/uploads\/2024\/04\/20151115_154333.jpg 640w, https:\/\/urbeamea.ro\/albaiulia\/wp-content\/uploads\/2024\/04\/20151115_154333-480x640.jpg 480w, https:\/\/urbeamea.ro\/albaiulia\/wp-content\/uploads\/2024\/04\/20151115_154333-113x150.jpg 113w\" sizes=\"auto, (max-width: 640px) 100vw, 640px\" \/><\/figure>\n\n\n\n<figure class=\"wp-block-image size-large\"><img loading=\"lazy\" decoding=\"async\" width=\"640\" height=\"480\" data-id=\"111200\" src=\"https:\/\/urbeamea.ro\/albaiulia\/wp-content\/uploads\/2024\/04\/20151115_154341.jpg\" alt=\"\" class=\"wp-image-111200\" srcset=\"https:\/\/urbeamea.ro\/albaiulia\/wp-content\/uploads\/2024\/04\/20151115_154341.jpg 640w, https:\/\/urbeamea.ro\/albaiulia\/wp-content\/uploads\/2024\/04\/20151115_154341-150x113.jpg 150w\" sizes=\"auto, (max-width: 640px) 100vw, 640px\" \/><\/figure>\n\n\n\n<figure class=\"wp-block-image size-large\"><img loading=\"lazy\" decoding=\"async\" width=\"640\" height=\"480\" data-id=\"111210\" src=\"https:\/\/urbeamea.ro\/albaiulia\/wp-content\/uploads\/2024\/04\/20151115_154409.jpg\" alt=\"\" class=\"wp-image-111210\" srcset=\"https:\/\/urbeamea.ro\/albaiulia\/wp-content\/uploads\/2024\/04\/20151115_154409.jpg 640w, https:\/\/urbeamea.ro\/albaiulia\/wp-content\/uploads\/2024\/04\/20151115_154409-150x113.jpg 150w\" sizes=\"auto, (max-width: 640px) 100vw, 640px\" \/><\/figure>\n\n\n\n<figure class=\"wp-block-image size-large\"><img loading=\"lazy\" decoding=\"async\" width=\"640\" height=\"853\" data-id=\"111216\" src=\"https:\/\/urbeamea.ro\/albaiulia\/wp-content\/uploads\/2024\/04\/20151115_154418.jpg\" alt=\"\" class=\"wp-image-111216\" srcset=\"https:\/\/urbeamea.ro\/albaiulia\/wp-content\/uploads\/2024\/04\/20151115_154418.jpg 640w, https:\/\/urbeamea.ro\/albaiulia\/wp-content\/uploads\/2024\/04\/20151115_154418-480x640.jpg 480w, https:\/\/urbeamea.ro\/albaiulia\/wp-content\/uploads\/2024\/04\/20151115_154418-113x150.jpg 113w\" sizes=\"auto, (max-width: 640px) 100vw, 640px\" \/><\/figure>\n\n\n\n<figure class=\"wp-block-image size-large\"><img loading=\"lazy\" decoding=\"async\" width=\"640\" height=\"853\" data-id=\"111211\" src=\"https:\/\/urbeamea.ro\/albaiulia\/wp-content\/uploads\/2024\/04\/20151115_154442.jpg\" alt=\"\" class=\"wp-image-111211\" srcset=\"https:\/\/urbeamea.ro\/albaiulia\/wp-content\/uploads\/2024\/04\/20151115_154442.jpg 640w, https:\/\/urbeamea.ro\/albaiulia\/wp-content\/uploads\/2024\/04\/20151115_154442-480x640.jpg 480w, https:\/\/urbeamea.ro\/albaiulia\/wp-content\/uploads\/2024\/04\/20151115_154442-113x150.jpg 113w\" sizes=\"auto, (max-width: 640px) 100vw, 640px\" \/><\/figure>\n<\/figure>\n\n\n\n<p><\/p>\n\n\n\n<p><\/p>\n\n\n\n<p><\/p>\n","protected":false},"excerpt":{"rendered":"<p>\u201eUn popor care nu-\u015fi cunoa\u015fte istoria e ca un copil care nu-\u015fi cunoa\u015fte p\u0103rin\u0163ii&#8221;, spunea marele istoric \u0219i om politic Nicolae Iorga.<\/p>\n","protected":false},"author":28,"featured_media":111187,"comment_status":"open","ping_status":"open","sticky":false,"template":"","format":"standard","meta":{"inline_featured_image":false,"footnotes":""},"categories":[8857,24746],"tags":[24979,3720],"class_list":["post-111176","post","type-post","status-publish","format-standard","has-post-thumbnail","hentry","category-istorie","category-reportaje","tag-cetatea-medievala","tag-sasciori"],"yoast_head":"<!-- This site is optimized with the Yoast SEO plugin v27.4 - https:\/\/yoast.com\/product\/yoast-seo-wordpress\/ -->\n<title>C\u0103l\u0103tor \u00een Alba: Cetatea medieval\u0103 de la S\u0103sciori. Istoria uitat\u0103 sub buruienilor timpului - Revista Urbea Mea - Revista de Alba<\/title>\n<meta name=\"description\" content=\"\u201eUn popor care nu-\u015fi cunoa\u015fte istoria e ca un copil care nu-\u015fi cunoa\u015fte p\u0103rin\u0163ii&quot;, spunea marele istoric \u0219i om politic Nicolae Iorga.\" \/>\n<meta name=\"robots\" content=\"index, follow, max-snippet:-1, max-image-preview:large, max-video-preview:-1\" \/>\n<link rel=\"canonical\" href=\"https:\/\/urbeamea.ro\/albaiulia\/calator-in-alba-cetatea-medievala-de-la-sasciori-istoria-uitata-sub-buruienilor-timpului\/\" \/>\n<meta name=\"twitter:card\" content=\"summary_large_image\" \/>\n<meta name=\"twitter:title\" content=\"C\u0103l\u0103tor \u00een Alba: Cetatea medieval\u0103 de la S\u0103sciori. Istoria uitat\u0103 sub buruienilor timpului - Revista Urbea Mea - Revista de Alba\" \/>\n<meta name=\"twitter:description\" content=\"\u201eUn popor care nu-\u015fi cunoa\u015fte istoria e ca un copil care nu-\u015fi cunoa\u015fte p\u0103rin\u0163ii&quot;, spunea marele istoric \u0219i om politic Nicolae Iorga.\" \/>\n<meta name=\"twitter:image\" content=\"https:\/\/urbeamea.ro\/albaiulia\/wp-content\/uploads\/2024\/04\/20151115_152600.jpg\" \/>\n<meta name=\"twitter:creator\" content=\"@urbeameaweb\" \/>\n<meta name=\"twitter:site\" content=\"@urbeameaweb\" \/>\n<script type=\"application\/ld+json\" class=\"yoast-schema-graph\">{\"@context\":\"https:\\\/\\\/schema.org\",\"@graph\":[{\"@type\":\"Article\",\"@id\":\"https:\\\/\\\/urbeamea.ro\\\/albaiulia\\\/calator-in-alba-cetatea-medievala-de-la-sasciori-istoria-uitata-sub-buruienilor-timpului\\\/#article\",\"isPartOf\":{\"@id\":\"https:\\\/\\\/urbeamea.ro\\\/albaiulia\\\/calator-in-alba-cetatea-medievala-de-la-sasciori-istoria-uitata-sub-buruienilor-timpului\\\/\"},\"author\":{\"name\":\"Giurca Sorin\",\"@id\":\"https:\\\/\\\/urbeamea.ro\\\/albaiulia\\\/#\\\/schema\\\/person\\\/5db3854ac38c1cc9f0ab4092d6a20f02\"},\"headline\":\"C\u0103l\u0103tor \u00een Alba: Cetatea medieval\u0103 de la S\u0103sciori. Istoria uitat\u0103 sub buruienilor timpului\",\"datePublished\":\"2024-04-25T18:05:04+00:00\",\"dateModified\":\"2024-04-25T18:05:05+00:00\",\"mainEntityOfPage\":{\"@id\":\"https:\\\/\\\/urbeamea.ro\\\/albaiulia\\\/calator-in-alba-cetatea-medievala-de-la-sasciori-istoria-uitata-sub-buruienilor-timpului\\\/\"},\"wordCount\":994,\"commentCount\":0,\"image\":{\"@id\":\"https:\\\/\\\/urbeamea.ro\\\/albaiulia\\\/calator-in-alba-cetatea-medievala-de-la-sasciori-istoria-uitata-sub-buruienilor-timpului\\\/#primaryimage\"},\"thumbnailUrl\":\"https:\\\/\\\/urbeamea.ro\\\/albaiulia\\\/wp-content\\\/uploads\\\/2024\\\/04\\\/20151115_152600.jpg\",\"keywords\":[\"cetatea medievala\",\"sasciori\"],\"articleSection\":[\"Istorie\",\"Reportaje\"],\"inLanguage\":\"ro-RO\",\"potentialAction\":[{\"@type\":\"CommentAction\",\"name\":\"Comment\",\"target\":[\"https:\\\/\\\/urbeamea.ro\\\/albaiulia\\\/calator-in-alba-cetatea-medievala-de-la-sasciori-istoria-uitata-sub-buruienilor-timpului\\\/#respond\"]}]},{\"@type\":\"WebPage\",\"@id\":\"https:\\\/\\\/urbeamea.ro\\\/albaiulia\\\/calator-in-alba-cetatea-medievala-de-la-sasciori-istoria-uitata-sub-buruienilor-timpului\\\/\",\"url\":\"https:\\\/\\\/urbeamea.ro\\\/albaiulia\\\/calator-in-alba-cetatea-medievala-de-la-sasciori-istoria-uitata-sub-buruienilor-timpului\\\/\",\"name\":\"C\u0103l\u0103tor \u00een Alba: Cetatea medieval\u0103 de la S\u0103sciori. Istoria uitat\u0103 sub buruienilor timpului - Revista Urbea Mea - Revista de Alba\",\"isPartOf\":{\"@id\":\"https:\\\/\\\/urbeamea.ro\\\/albaiulia\\\/#website\"},\"primaryImageOfPage\":{\"@id\":\"https:\\\/\\\/urbeamea.ro\\\/albaiulia\\\/calator-in-alba-cetatea-medievala-de-la-sasciori-istoria-uitata-sub-buruienilor-timpului\\\/#primaryimage\"},\"image\":{\"@id\":\"https:\\\/\\\/urbeamea.ro\\\/albaiulia\\\/calator-in-alba-cetatea-medievala-de-la-sasciori-istoria-uitata-sub-buruienilor-timpului\\\/#primaryimage\"},\"thumbnailUrl\":\"https:\\\/\\\/urbeamea.ro\\\/albaiulia\\\/wp-content\\\/uploads\\\/2024\\\/04\\\/20151115_152600.jpg\",\"datePublished\":\"2024-04-25T18:05:04+00:00\",\"dateModified\":\"2024-04-25T18:05:05+00:00\",\"author\":{\"@id\":\"https:\\\/\\\/urbeamea.ro\\\/albaiulia\\\/#\\\/schema\\\/person\\\/5db3854ac38c1cc9f0ab4092d6a20f02\"},\"description\":\"\u201eUn popor care nu-\u015fi cunoa\u015fte istoria e ca un copil care nu-\u015fi cunoa\u015fte p\u0103rin\u0163ii\\\", spunea marele istoric \u0219i om politic Nicolae Iorga.\",\"breadcrumb\":{\"@id\":\"https:\\\/\\\/urbeamea.ro\\\/albaiulia\\\/calator-in-alba-cetatea-medievala-de-la-sasciori-istoria-uitata-sub-buruienilor-timpului\\\/#breadcrumb\"},\"inLanguage\":\"ro-RO\",\"potentialAction\":[{\"@type\":\"ReadAction\",\"target\":[\"https:\\\/\\\/urbeamea.ro\\\/albaiulia\\\/calator-in-alba-cetatea-medievala-de-la-sasciori-istoria-uitata-sub-buruienilor-timpului\\\/\"]}]},{\"@type\":\"ImageObject\",\"inLanguage\":\"ro-RO\",\"@id\":\"https:\\\/\\\/urbeamea.ro\\\/albaiulia\\\/calator-in-alba-cetatea-medievala-de-la-sasciori-istoria-uitata-sub-buruienilor-timpului\\\/#primaryimage\",\"url\":\"https:\\\/\\\/urbeamea.ro\\\/albaiulia\\\/wp-content\\\/uploads\\\/2024\\\/04\\\/20151115_152600.jpg\",\"contentUrl\":\"https:\\\/\\\/urbeamea.ro\\\/albaiulia\\\/wp-content\\\/uploads\\\/2024\\\/04\\\/20151115_152600.jpg\",\"width\":640,\"height\":480},{\"@type\":\"BreadcrumbList\",\"@id\":\"https:\\\/\\\/urbeamea.ro\\\/albaiulia\\\/calator-in-alba-cetatea-medievala-de-la-sasciori-istoria-uitata-sub-buruienilor-timpului\\\/#breadcrumb\",\"itemListElement\":[{\"@type\":\"ListItem\",\"position\":1,\"name\":\"Prima pagin\u0103\",\"item\":\"https:\\\/\\\/urbeamea.ro\\\/albaiulia\\\/\"},{\"@type\":\"ListItem\",\"position\":2,\"name\":\"C\u0103l\u0103tor \u00een Alba: Cetatea medieval\u0103 de la S\u0103sciori. Istoria uitat\u0103 sub buruienilor timpului\"}]},{\"@type\":\"WebSite\",\"@id\":\"https:\\\/\\\/urbeamea.ro\\\/albaiulia\\\/#website\",\"url\":\"https:\\\/\\\/urbeamea.ro\\\/albaiulia\\\/\",\"name\":\"Revista Urbea Mea, Stiri urbane\",\"description\":\"Evenimente \u0219i \u0219tiri din Alba Iulia, Sebe\u0219, Aiud, Blaj\",\"potentialAction\":[{\"@type\":\"SearchAction\",\"target\":{\"@type\":\"EntryPoint\",\"urlTemplate\":\"https:\\\/\\\/urbeamea.ro\\\/albaiulia\\\/?s={search_term_string}\"},\"query-input\":{\"@type\":\"PropertyValueSpecification\",\"valueRequired\":true,\"valueName\":\"search_term_string\"}}],\"inLanguage\":\"ro-RO\"},{\"@type\":\"Person\",\"@id\":\"https:\\\/\\\/urbeamea.ro\\\/albaiulia\\\/#\\\/schema\\\/person\\\/5db3854ac38c1cc9f0ab4092d6a20f02\",\"name\":\"Giurca Sorin\",\"image\":{\"@type\":\"ImageObject\",\"inLanguage\":\"ro-RO\",\"@id\":\"https:\\\/\\\/secure.gravatar.com\\\/avatar\\\/120f6fcae7b3b47a7730cb9943f612f4909f68ac5284b5f40ac1c4615fd70576?s=96&d=mm&r=g\",\"url\":\"https:\\\/\\\/secure.gravatar.com\\\/avatar\\\/120f6fcae7b3b47a7730cb9943f612f4909f68ac5284b5f40ac1c4615fd70576?s=96&d=mm&r=g\",\"contentUrl\":\"https:\\\/\\\/secure.gravatar.com\\\/avatar\\\/120f6fcae7b3b47a7730cb9943f612f4909f68ac5284b5f40ac1c4615fd70576?s=96&d=mm&r=g\",\"caption\":\"Giurca Sorin\"},\"url\":\"https:\\\/\\\/urbeamea.ro\\\/albaiulia\\\/author\\\/sorin\\\/\"}]}<\/script>\n<!-- \/ Yoast SEO plugin. -->","yoast_head_json":{"title":"C\u0103l\u0103tor \u00een Alba: Cetatea medieval\u0103 de la S\u0103sciori. Istoria uitat\u0103 sub buruienilor timpului - Revista Urbea Mea - Revista de Alba","description":"\u201eUn popor care nu-\u015fi cunoa\u015fte istoria e ca un copil care nu-\u015fi cunoa\u015fte p\u0103rin\u0163ii\", spunea marele istoric \u0219i om politic Nicolae Iorga.","robots":{"index":"index","follow":"follow","max-snippet":"max-snippet:-1","max-image-preview":"max-image-preview:large","max-video-preview":"max-video-preview:-1"},"canonical":"https:\/\/urbeamea.ro\/albaiulia\/calator-in-alba-cetatea-medievala-de-la-sasciori-istoria-uitata-sub-buruienilor-timpului\/","twitter_card":"summary_large_image","twitter_title":"C\u0103l\u0103tor \u00een Alba: Cetatea medieval\u0103 de la S\u0103sciori. Istoria uitat\u0103 sub buruienilor timpului - Revista Urbea Mea - Revista de Alba","twitter_description":"\u201eUn popor care nu-\u015fi cunoa\u015fte istoria e ca un copil care nu-\u015fi cunoa\u015fte p\u0103rin\u0163ii\", spunea marele istoric \u0219i om politic Nicolae Iorga.","twitter_image":"https:\/\/urbeamea.ro\/albaiulia\/wp-content\/uploads\/2024\/04\/20151115_152600.jpg","twitter_creator":"@urbeameaweb","twitter_site":"@urbeameaweb","schema":{"@context":"https:\/\/schema.org","@graph":[{"@type":"Article","@id":"https:\/\/urbeamea.ro\/albaiulia\/calator-in-alba-cetatea-medievala-de-la-sasciori-istoria-uitata-sub-buruienilor-timpului\/#article","isPartOf":{"@id":"https:\/\/urbeamea.ro\/albaiulia\/calator-in-alba-cetatea-medievala-de-la-sasciori-istoria-uitata-sub-buruienilor-timpului\/"},"author":{"name":"Giurca Sorin","@id":"https:\/\/urbeamea.ro\/albaiulia\/#\/schema\/person\/5db3854ac38c1cc9f0ab4092d6a20f02"},"headline":"C\u0103l\u0103tor \u00een Alba: Cetatea medieval\u0103 de la S\u0103sciori. Istoria uitat\u0103 sub buruienilor timpului","datePublished":"2024-04-25T18:05:04+00:00","dateModified":"2024-04-25T18:05:05+00:00","mainEntityOfPage":{"@id":"https:\/\/urbeamea.ro\/albaiulia\/calator-in-alba-cetatea-medievala-de-la-sasciori-istoria-uitata-sub-buruienilor-timpului\/"},"wordCount":994,"commentCount":0,"image":{"@id":"https:\/\/urbeamea.ro\/albaiulia\/calator-in-alba-cetatea-medievala-de-la-sasciori-istoria-uitata-sub-buruienilor-timpului\/#primaryimage"},"thumbnailUrl":"https:\/\/urbeamea.ro\/albaiulia\/wp-content\/uploads\/2024\/04\/20151115_152600.jpg","keywords":["cetatea medievala","sasciori"],"articleSection":["Istorie","Reportaje"],"inLanguage":"ro-RO","potentialAction":[{"@type":"CommentAction","name":"Comment","target":["https:\/\/urbeamea.ro\/albaiulia\/calator-in-alba-cetatea-medievala-de-la-sasciori-istoria-uitata-sub-buruienilor-timpului\/#respond"]}]},{"@type":"WebPage","@id":"https:\/\/urbeamea.ro\/albaiulia\/calator-in-alba-cetatea-medievala-de-la-sasciori-istoria-uitata-sub-buruienilor-timpului\/","url":"https:\/\/urbeamea.ro\/albaiulia\/calator-in-alba-cetatea-medievala-de-la-sasciori-istoria-uitata-sub-buruienilor-timpului\/","name":"C\u0103l\u0103tor \u00een Alba: Cetatea medieval\u0103 de la S\u0103sciori. Istoria uitat\u0103 sub buruienilor timpului - Revista Urbea Mea - Revista de Alba","isPartOf":{"@id":"https:\/\/urbeamea.ro\/albaiulia\/#website"},"primaryImageOfPage":{"@id":"https:\/\/urbeamea.ro\/albaiulia\/calator-in-alba-cetatea-medievala-de-la-sasciori-istoria-uitata-sub-buruienilor-timpului\/#primaryimage"},"image":{"@id":"https:\/\/urbeamea.ro\/albaiulia\/calator-in-alba-cetatea-medievala-de-la-sasciori-istoria-uitata-sub-buruienilor-timpului\/#primaryimage"},"thumbnailUrl":"https:\/\/urbeamea.ro\/albaiulia\/wp-content\/uploads\/2024\/04\/20151115_152600.jpg","datePublished":"2024-04-25T18:05:04+00:00","dateModified":"2024-04-25T18:05:05+00:00","author":{"@id":"https:\/\/urbeamea.ro\/albaiulia\/#\/schema\/person\/5db3854ac38c1cc9f0ab4092d6a20f02"},"description":"\u201eUn popor care nu-\u015fi cunoa\u015fte istoria e ca un copil care nu-\u015fi cunoa\u015fte p\u0103rin\u0163ii\", spunea marele istoric \u0219i om politic Nicolae Iorga.","breadcrumb":{"@id":"https:\/\/urbeamea.ro\/albaiulia\/calator-in-alba-cetatea-medievala-de-la-sasciori-istoria-uitata-sub-buruienilor-timpului\/#breadcrumb"},"inLanguage":"ro-RO","potentialAction":[{"@type":"ReadAction","target":["https:\/\/urbeamea.ro\/albaiulia\/calator-in-alba-cetatea-medievala-de-la-sasciori-istoria-uitata-sub-buruienilor-timpului\/"]}]},{"@type":"ImageObject","inLanguage":"ro-RO","@id":"https:\/\/urbeamea.ro\/albaiulia\/calator-in-alba-cetatea-medievala-de-la-sasciori-istoria-uitata-sub-buruienilor-timpului\/#primaryimage","url":"https:\/\/urbeamea.ro\/albaiulia\/wp-content\/uploads\/2024\/04\/20151115_152600.jpg","contentUrl":"https:\/\/urbeamea.ro\/albaiulia\/wp-content\/uploads\/2024\/04\/20151115_152600.jpg","width":640,"height":480},{"@type":"BreadcrumbList","@id":"https:\/\/urbeamea.ro\/albaiulia\/calator-in-alba-cetatea-medievala-de-la-sasciori-istoria-uitata-sub-buruienilor-timpului\/#breadcrumb","itemListElement":[{"@type":"ListItem","position":1,"name":"Prima pagin\u0103","item":"https:\/\/urbeamea.ro\/albaiulia\/"},{"@type":"ListItem","position":2,"name":"C\u0103l\u0103tor \u00een Alba: Cetatea medieval\u0103 de la S\u0103sciori. Istoria uitat\u0103 sub buruienilor timpului"}]},{"@type":"WebSite","@id":"https:\/\/urbeamea.ro\/albaiulia\/#website","url":"https:\/\/urbeamea.ro\/albaiulia\/","name":"Revista Urbea Mea, Stiri urbane","description":"Evenimente \u0219i \u0219tiri din Alba Iulia, Sebe\u0219, Aiud, Blaj","potentialAction":[{"@type":"SearchAction","target":{"@type":"EntryPoint","urlTemplate":"https:\/\/urbeamea.ro\/albaiulia\/?s={search_term_string}"},"query-input":{"@type":"PropertyValueSpecification","valueRequired":true,"valueName":"search_term_string"}}],"inLanguage":"ro-RO"},{"@type":"Person","@id":"https:\/\/urbeamea.ro\/albaiulia\/#\/schema\/person\/5db3854ac38c1cc9f0ab4092d6a20f02","name":"Giurca Sorin","image":{"@type":"ImageObject","inLanguage":"ro-RO","@id":"https:\/\/secure.gravatar.com\/avatar\/120f6fcae7b3b47a7730cb9943f612f4909f68ac5284b5f40ac1c4615fd70576?s=96&d=mm&r=g","url":"https:\/\/secure.gravatar.com\/avatar\/120f6fcae7b3b47a7730cb9943f612f4909f68ac5284b5f40ac1c4615fd70576?s=96&d=mm&r=g","contentUrl":"https:\/\/secure.gravatar.com\/avatar\/120f6fcae7b3b47a7730cb9943f612f4909f68ac5284b5f40ac1c4615fd70576?s=96&d=mm&r=g","caption":"Giurca Sorin"},"url":"https:\/\/urbeamea.ro\/albaiulia\/author\/sorin\/"}]}},"_links":{"self":[{"href":"https:\/\/urbeamea.ro\/albaiulia\/wp-json\/wp\/v2\/posts\/111176","targetHints":{"allow":["GET"]}}],"collection":[{"href":"https:\/\/urbeamea.ro\/albaiulia\/wp-json\/wp\/v2\/posts"}],"about":[{"href":"https:\/\/urbeamea.ro\/albaiulia\/wp-json\/wp\/v2\/types\/post"}],"author":[{"embeddable":true,"href":"https:\/\/urbeamea.ro\/albaiulia\/wp-json\/wp\/v2\/users\/28"}],"replies":[{"embeddable":true,"href":"https:\/\/urbeamea.ro\/albaiulia\/wp-json\/wp\/v2\/comments?post=111176"}],"version-history":[{"count":1,"href":"https:\/\/urbeamea.ro\/albaiulia\/wp-json\/wp\/v2\/posts\/111176\/revisions"}],"predecessor-version":[{"id":111219,"href":"https:\/\/urbeamea.ro\/albaiulia\/wp-json\/wp\/v2\/posts\/111176\/revisions\/111219"}],"wp:featuredmedia":[{"embeddable":true,"href":"https:\/\/urbeamea.ro\/albaiulia\/wp-json\/wp\/v2\/media\/111187"}],"wp:attachment":[{"href":"https:\/\/urbeamea.ro\/albaiulia\/wp-json\/wp\/v2\/media?parent=111176"}],"wp:term":[{"taxonomy":"category","embeddable":true,"href":"https:\/\/urbeamea.ro\/albaiulia\/wp-json\/wp\/v2\/categories?post=111176"},{"taxonomy":"post_tag","embeddable":true,"href":"https:\/\/urbeamea.ro\/albaiulia\/wp-json\/wp\/v2\/tags?post=111176"}],"curies":[{"name":"wp","href":"https:\/\/api.w.org\/{rel}","templated":true}]}}