{"id":111250,"date":"2024-04-29T12:20:54","date_gmt":"2024-04-29T09:20:54","guid":{"rendered":"https:\/\/urbeamea.ro\/albaiulia\/?p=111250"},"modified":"2024-04-29T12:20:55","modified_gmt":"2024-04-29T09:20:55","slug":"a-patra-editie-a-targului-de-joburi-organizat-de-uab-22-mai-2024","status":"publish","type":"post","link":"https:\/\/urbeamea.ro\/albaiulia\/a-patra-editie-a-targului-de-joburi-organizat-de-uab-22-mai-2024\/","title":{"rendered":"A patra edi\u021bie a T\u00e2rgului de joburi organizat de UAB \u2013 22 mai 2024"},"content":{"rendered":"\n<p>Centrul de Informare, Consiliere \u0219i Orientare \u00een Carier\u0103 al Universit\u0103\u021bii \u201c1 Decembrie 1918\u201d din Alba Iulia (CICOC UAB) \u00een parteneriat cu Agen\u021bia Jude\u021bean\u0103 de Ocupare a For\u021bei de Munc\u0103 Alba \u0219i Inspectoratul Teritorial de Munc\u0103 Alba va organiza \u00een data de <strong>22 mai<\/strong> a.c. T\u00e2rgul de joburi &nbsp;CARIERA UAB, pentru studen\u021bi \u0219i absolven\u021bi.<\/p>\n\n\n\n<p>Sunt invitate s\u0103 participe organiza\u021bii din toate domeniile, interesate de a oferi studen\u021bilor \u0219i absolven\u021bilor UAB locuri de munc\u0103, practic\u0103, internship, voluntariat sau stagii de documentare \u00een vederea elabor\u0103rii lucr\u0103rilor de licen\u021b\u0103 sau de diserta\u021bie.<\/p>\n\n\n\n<p>Succesul primelor trei edi\u021bii ale T\u00e2rgului de joburi organizat la UAB, precum \u0219i rata crescut\u0103 de inser\u021bie \u00eenregistrat\u0103 ca urmare a desf\u0103\u0219ur\u0103rii lor, determin\u0103 continuarea organiz\u0103rii acestor tipuri de activit\u0103\u021bi la nivelul Universit\u0103\u021bii \u201e1 Decembrie 1918\u201d din Alba Iulia, prin Centrul de Informare, Consiliere \u0219i Orientare \u00een Carier\u0103 (CICOC-UAB).<\/p>\n\n\n\n<p>Angajatorii care sunt \u00een c\u0103utare de viitori angaja\u021bi \u0219i doresc s\u0103 \u00eei \u00eent\u00e2lneasc\u0103 pe studen\u021bii sau absolven\u021bii UAB afla\u021bi \u00een procesul de identificare al unui loc de munc\u0103 sau reconversie profesional\u0103, pot transmite inten\u021bia de participare, \u00eempreun\u0103 cu locurile vacante disponibile \u0219i num\u0103rul acestora la adresa de email&nbsp;<a href=\"mailto:larisadragolea@uab.ro\">larisadragolea@uab.ro<\/a>, p\u00e2n\u0103 la data de <strong>15 ma<\/strong>i a.c., \u00een vederea aloc\u0103rii unui stand.<\/p>\n\n\n\n<p>Acest T\u00e2rg de joburi este organizat \u00een cadrul Proiectului CNFIS-FDI-2024-F-0466- M\u0102SURI INTEGRATIVE DE CONSILIERE \u00ceN CARIER\u0102 \u0218I ARMONIZARE A OFERTEI DUCA\u021aIONALE CU RIGORILE PIE\u021aEI MUNCII &#8211; CARIERA UAB, finan\u021bat de c\u0103tre Ministerul Educa\u021biei, prin Fondul de Dezvoltare Institu\u0163ional\u0103 destinat universit\u0103\u0163ilor de stat \u2013 FDI 2022 (Domeniul 7: Corelarea ofertei educa\u0163ionale cu cererea pie\u0163ei muncii, consilierea \u0219i orientarea \u00een carier\u0103), Manager de Proiect: Conf.univ.dr. Larisa Dragolea, Director al Centrului de Informare, Consiliere \u0219i Orientare \u00een Carier\u0103.<\/p>\n\n\n\n<p>Centrul vine \u00een sprijinul studen\u021bilor, absolven\u021bilor, elevilor din clasele terminale, prin oferirea de servicii de informare, consiliere \u0219i orientare pentru alegerea traseului profesional, servicii de consiliere psihologic\u0103 \u0219i evaluare aptitudinal\u0103, consiliere voca\u021bional\u0103 \u0219i educa\u021bional\u0103, monitorizarea inser\u021biei pe pia\u021ba muncii, sprijin \u00een procesul de identificare a locului de munc\u0103 potrivit, \u00een acord cu abilit\u0103\u021bile personale \u0219i competen\u021bele dob\u00e2ndite pe parcursul studiilor.<\/p>\n","protected":false},"excerpt":{"rendered":"<p>Centrul de Informare, Consiliere \u0219i Orientare \u00een Carier\u0103 al Universit\u0103\u021bii \u201c1 Decembrie 1918\u201d din Alba Iulia (CICOC UAB) \u00een parteneriat cu Agen\u021bia Jude\u021bean\u0103 de Ocupare a For\u021bei de Munc\u0103 Alba \u0219i Inspectoratul Teritorial de Munc\u0103 Alba va organiza \u00een data de 22 mai a.c. T\u00e2rgul de joburi &nbsp;CARIERA UAB, pentru studen\u021bi \u0219i absolven\u021bi. Sunt invitate &hellip;<\/p>\n","protected":false},"author":16,"featured_media":111251,"comment_status":"open","ping_status":"open","sticky":false,"template":"","format":"standard","meta":{"inline_featured_image":false,"footnotes":""},"categories":[4],"tags":[24985],"class_list":["post-111250","post","type-post","status-publish","format-standard","has-post-thumbnail","hentry","category-eveniment","tag-targul-de-jocuri"],"yoast_head":"<!-- This site is optimized with the Yoast SEO plugin v27.4 - https:\/\/yoast.com\/product\/yoast-seo-wordpress\/ -->\n<title>A patra edi\u021bie a T\u00e2rgului de joburi organizat de UAB \u2013 22 mai 2024 - Revista Urbea Mea - Revista de Alba<\/title>\n<meta name=\"description\" content=\"Centrul de Informare, Consiliere \u0219i Orientare \u00een Carier\u0103 al Universit\u0103\u021bii \u201c1 Decembrie 1918\u201d din Alba Iulia (CICOC UAB) \u00een parteneriat cu Agen\u021bia\" \/>\n<meta name=\"robots\" content=\"index, follow, max-snippet:-1, max-image-preview:large, max-video-preview:-1\" \/>\n<link rel=\"canonical\" href=\"https:\/\/urbeamea.ro\/albaiulia\/a-patra-editie-a-targului-de-joburi-organizat-de-uab-22-mai-2024\/\" \/>\n<meta name=\"twitter:card\" content=\"summary_large_image\" \/>\n<meta name=\"twitter:title\" content=\"A patra edi\u021bie a T\u00e2rgului de joburi organizat de UAB \u2013 22 mai 2024 - Revista Urbea Mea - Revista de Alba\" \/>\n<meta name=\"twitter:description\" content=\"Centrul de Informare, Consiliere \u0219i Orientare \u00een Carier\u0103 al Universit\u0103\u021bii \u201c1 Decembrie 1918\u201d din Alba Iulia (CICOC UAB) \u00een parteneriat cu Agen\u021bia\" \/>\n<meta name=\"twitter:image\" content=\"https:\/\/urbeamea.ro\/albaiulia\/wp-content\/uploads\/2024\/04\/Afis-targ-job-angajator.jpg\" \/>\n<meta name=\"twitter:creator\" content=\"@urbeameaweb\" \/>\n<meta name=\"twitter:site\" content=\"@urbeameaweb\" \/>\n<script type=\"application\/ld+json\" class=\"yoast-schema-graph\">{\"@context\":\"https:\\\/\\\/schema.org\",\"@graph\":[{\"@type\":\"Article\",\"@id\":\"https:\\\/\\\/urbeamea.ro\\\/albaiulia\\\/a-patra-editie-a-targului-de-joburi-organizat-de-uab-22-mai-2024\\\/#article\",\"isPartOf\":{\"@id\":\"https:\\\/\\\/urbeamea.ro\\\/albaiulia\\\/a-patra-editie-a-targului-de-joburi-organizat-de-uab-22-mai-2024\\\/\"},\"author\":{\"name\":\"Redac\u021bia UrbeaMea\",\"@id\":\"https:\\\/\\\/urbeamea.ro\\\/albaiulia\\\/#\\\/schema\\\/person\\\/272ae98052f8ee8980f59848df070247\"},\"headline\":\"A patra edi\u021bie a T\u00e2rgului de joburi organizat de UAB \u2013 22 mai 2024\",\"datePublished\":\"2024-04-29T09:20:54+00:00\",\"dateModified\":\"2024-04-29T09:20:55+00:00\",\"mainEntityOfPage\":{\"@id\":\"https:\\\/\\\/urbeamea.ro\\\/albaiulia\\\/a-patra-editie-a-targului-de-joburi-organizat-de-uab-22-mai-2024\\\/\"},\"wordCount\":398,\"commentCount\":0,\"image\":{\"@id\":\"https:\\\/\\\/urbeamea.ro\\\/albaiulia\\\/a-patra-editie-a-targului-de-joburi-organizat-de-uab-22-mai-2024\\\/#primaryimage\"},\"thumbnailUrl\":\"https:\\\/\\\/urbeamea.ro\\\/albaiulia\\\/wp-content\\\/uploads\\\/2024\\\/04\\\/Afis-targ-job-angajator.jpg\",\"keywords\":[\"targul de jocuri\"],\"articleSection\":[\"Evenimente\"],\"inLanguage\":\"ro-RO\",\"potentialAction\":[{\"@type\":\"CommentAction\",\"name\":\"Comment\",\"target\":[\"https:\\\/\\\/urbeamea.ro\\\/albaiulia\\\/a-patra-editie-a-targului-de-joburi-organizat-de-uab-22-mai-2024\\\/#respond\"]}]},{\"@type\":\"WebPage\",\"@id\":\"https:\\\/\\\/urbeamea.ro\\\/albaiulia\\\/a-patra-editie-a-targului-de-joburi-organizat-de-uab-22-mai-2024\\\/\",\"url\":\"https:\\\/\\\/urbeamea.ro\\\/albaiulia\\\/a-patra-editie-a-targului-de-joburi-organizat-de-uab-22-mai-2024\\\/\",\"name\":\"A patra edi\u021bie a T\u00e2rgului de joburi organizat de UAB \u2013 22 mai 2024 - Revista Urbea Mea - Revista de Alba\",\"isPartOf\":{\"@id\":\"https:\\\/\\\/urbeamea.ro\\\/albaiulia\\\/#website\"},\"primaryImageOfPage\":{\"@id\":\"https:\\\/\\\/urbeamea.ro\\\/albaiulia\\\/a-patra-editie-a-targului-de-joburi-organizat-de-uab-22-mai-2024\\\/#primaryimage\"},\"image\":{\"@id\":\"https:\\\/\\\/urbeamea.ro\\\/albaiulia\\\/a-patra-editie-a-targului-de-joburi-organizat-de-uab-22-mai-2024\\\/#primaryimage\"},\"thumbnailUrl\":\"https:\\\/\\\/urbeamea.ro\\\/albaiulia\\\/wp-content\\\/uploads\\\/2024\\\/04\\\/Afis-targ-job-angajator.jpg\",\"datePublished\":\"2024-04-29T09:20:54+00:00\",\"dateModified\":\"2024-04-29T09:20:55+00:00\",\"author\":{\"@id\":\"https:\\\/\\\/urbeamea.ro\\\/albaiulia\\\/#\\\/schema\\\/person\\\/272ae98052f8ee8980f59848df070247\"},\"description\":\"Centrul de Informare, Consiliere \u0219i Orientare \u00een Carier\u0103 al Universit\u0103\u021bii \u201c1 Decembrie 1918\u201d din Alba Iulia (CICOC UAB) \u00een parteneriat cu Agen\u021bia\",\"breadcrumb\":{\"@id\":\"https:\\\/\\\/urbeamea.ro\\\/albaiulia\\\/a-patra-editie-a-targului-de-joburi-organizat-de-uab-22-mai-2024\\\/#breadcrumb\"},\"inLanguage\":\"ro-RO\",\"potentialAction\":[{\"@type\":\"ReadAction\",\"target\":[\"https:\\\/\\\/urbeamea.ro\\\/albaiulia\\\/a-patra-editie-a-targului-de-joburi-organizat-de-uab-22-mai-2024\\\/\"]}]},{\"@type\":\"ImageObject\",\"inLanguage\":\"ro-RO\",\"@id\":\"https:\\\/\\\/urbeamea.ro\\\/albaiulia\\\/a-patra-editie-a-targului-de-joburi-organizat-de-uab-22-mai-2024\\\/#primaryimage\",\"url\":\"https:\\\/\\\/urbeamea.ro\\\/albaiulia\\\/wp-content\\\/uploads\\\/2024\\\/04\\\/Afis-targ-job-angajator.jpg\",\"contentUrl\":\"https:\\\/\\\/urbeamea.ro\\\/albaiulia\\\/wp-content\\\/uploads\\\/2024\\\/04\\\/Afis-targ-job-angajator.jpg\",\"width\":1132,\"height\":1600},{\"@type\":\"BreadcrumbList\",\"@id\":\"https:\\\/\\\/urbeamea.ro\\\/albaiulia\\\/a-patra-editie-a-targului-de-joburi-organizat-de-uab-22-mai-2024\\\/#breadcrumb\",\"itemListElement\":[{\"@type\":\"ListItem\",\"position\":1,\"name\":\"Prima pagin\u0103\",\"item\":\"https:\\\/\\\/urbeamea.ro\\\/albaiulia\\\/\"},{\"@type\":\"ListItem\",\"position\":2,\"name\":\"A patra edi\u021bie a T\u00e2rgului de joburi organizat de UAB \u2013 22 mai 2024\"}]},{\"@type\":\"WebSite\",\"@id\":\"https:\\\/\\\/urbeamea.ro\\\/albaiulia\\\/#website\",\"url\":\"https:\\\/\\\/urbeamea.ro\\\/albaiulia\\\/\",\"name\":\"Revista Urbea Mea, Stiri urbane\",\"description\":\"Evenimente \u0219i \u0219tiri din Alba Iulia, Sebe\u0219, Aiud, Blaj\",\"potentialAction\":[{\"@type\":\"SearchAction\",\"target\":{\"@type\":\"EntryPoint\",\"urlTemplate\":\"https:\\\/\\\/urbeamea.ro\\\/albaiulia\\\/?s={search_term_string}\"},\"query-input\":{\"@type\":\"PropertyValueSpecification\",\"valueRequired\":true,\"valueName\":\"search_term_string\"}}],\"inLanguage\":\"ro-RO\"},{\"@type\":\"Person\",\"@id\":\"https:\\\/\\\/urbeamea.ro\\\/albaiulia\\\/#\\\/schema\\\/person\\\/272ae98052f8ee8980f59848df070247\",\"name\":\"Redac\u021bia UrbeaMea\",\"image\":{\"@type\":\"ImageObject\",\"inLanguage\":\"ro-RO\",\"@id\":\"https:\\\/\\\/secure.gravatar.com\\\/avatar\\\/9ce5a9435071fa1037e8468053ead8e513dbbff59009d3069aadb85506d85a27?s=96&d=mm&r=g\",\"url\":\"https:\\\/\\\/secure.gravatar.com\\\/avatar\\\/9ce5a9435071fa1037e8468053ead8e513dbbff59009d3069aadb85506d85a27?s=96&d=mm&r=g\",\"contentUrl\":\"https:\\\/\\\/secure.gravatar.com\\\/avatar\\\/9ce5a9435071fa1037e8468053ead8e513dbbff59009d3069aadb85506d85a27?s=96&d=mm&r=g\",\"caption\":\"Redac\u021bia UrbeaMea\"},\"description\":\"contact@urbeamea.ro\",\"sameAs\":[\"https:\\\/\\\/www.urbeamea.ro\"],\"url\":\"https:\\\/\\\/urbeamea.ro\\\/albaiulia\\\/author\\\/redactia-urbeamea\\\/\"}]}<\/script>\n<!-- \/ Yoast SEO plugin. -->","yoast_head_json":{"title":"A patra edi\u021bie a T\u00e2rgului de joburi organizat de UAB \u2013 22 mai 2024 - Revista Urbea Mea - Revista de Alba","description":"Centrul de Informare, Consiliere \u0219i Orientare \u00een Carier\u0103 al Universit\u0103\u021bii \u201c1 Decembrie 1918\u201d din Alba Iulia (CICOC UAB) \u00een parteneriat cu Agen\u021bia","robots":{"index":"index","follow":"follow","max-snippet":"max-snippet:-1","max-image-preview":"max-image-preview:large","max-video-preview":"max-video-preview:-1"},"canonical":"https:\/\/urbeamea.ro\/albaiulia\/a-patra-editie-a-targului-de-joburi-organizat-de-uab-22-mai-2024\/","twitter_card":"summary_large_image","twitter_title":"A patra edi\u021bie a T\u00e2rgului de joburi organizat de UAB \u2013 22 mai 2024 - Revista Urbea Mea - Revista de Alba","twitter_description":"Centrul de Informare, Consiliere \u0219i Orientare \u00een Carier\u0103 al Universit\u0103\u021bii \u201c1 Decembrie 1918\u201d din Alba Iulia (CICOC UAB) \u00een parteneriat cu Agen\u021bia","twitter_image":"https:\/\/urbeamea.ro\/albaiulia\/wp-content\/uploads\/2024\/04\/Afis-targ-job-angajator.jpg","twitter_creator":"@urbeameaweb","twitter_site":"@urbeameaweb","schema":{"@context":"https:\/\/schema.org","@graph":[{"@type":"Article","@id":"https:\/\/urbeamea.ro\/albaiulia\/a-patra-editie-a-targului-de-joburi-organizat-de-uab-22-mai-2024\/#article","isPartOf":{"@id":"https:\/\/urbeamea.ro\/albaiulia\/a-patra-editie-a-targului-de-joburi-organizat-de-uab-22-mai-2024\/"},"author":{"name":"Redac\u021bia UrbeaMea","@id":"https:\/\/urbeamea.ro\/albaiulia\/#\/schema\/person\/272ae98052f8ee8980f59848df070247"},"headline":"A patra edi\u021bie a T\u00e2rgului de joburi organizat de UAB \u2013 22 mai 2024","datePublished":"2024-04-29T09:20:54+00:00","dateModified":"2024-04-29T09:20:55+00:00","mainEntityOfPage":{"@id":"https:\/\/urbeamea.ro\/albaiulia\/a-patra-editie-a-targului-de-joburi-organizat-de-uab-22-mai-2024\/"},"wordCount":398,"commentCount":0,"image":{"@id":"https:\/\/urbeamea.ro\/albaiulia\/a-patra-editie-a-targului-de-joburi-organizat-de-uab-22-mai-2024\/#primaryimage"},"thumbnailUrl":"https:\/\/urbeamea.ro\/albaiulia\/wp-content\/uploads\/2024\/04\/Afis-targ-job-angajator.jpg","keywords":["targul de jocuri"],"articleSection":["Evenimente"],"inLanguage":"ro-RO","potentialAction":[{"@type":"CommentAction","name":"Comment","target":["https:\/\/urbeamea.ro\/albaiulia\/a-patra-editie-a-targului-de-joburi-organizat-de-uab-22-mai-2024\/#respond"]}]},{"@type":"WebPage","@id":"https:\/\/urbeamea.ro\/albaiulia\/a-patra-editie-a-targului-de-joburi-organizat-de-uab-22-mai-2024\/","url":"https:\/\/urbeamea.ro\/albaiulia\/a-patra-editie-a-targului-de-joburi-organizat-de-uab-22-mai-2024\/","name":"A patra edi\u021bie a T\u00e2rgului de joburi organizat de UAB \u2013 22 mai 2024 - Revista Urbea Mea - Revista de Alba","isPartOf":{"@id":"https:\/\/urbeamea.ro\/albaiulia\/#website"},"primaryImageOfPage":{"@id":"https:\/\/urbeamea.ro\/albaiulia\/a-patra-editie-a-targului-de-joburi-organizat-de-uab-22-mai-2024\/#primaryimage"},"image":{"@id":"https:\/\/urbeamea.ro\/albaiulia\/a-patra-editie-a-targului-de-joburi-organizat-de-uab-22-mai-2024\/#primaryimage"},"thumbnailUrl":"https:\/\/urbeamea.ro\/albaiulia\/wp-content\/uploads\/2024\/04\/Afis-targ-job-angajator.jpg","datePublished":"2024-04-29T09:20:54+00:00","dateModified":"2024-04-29T09:20:55+00:00","author":{"@id":"https:\/\/urbeamea.ro\/albaiulia\/#\/schema\/person\/272ae98052f8ee8980f59848df070247"},"description":"Centrul de Informare, Consiliere \u0219i Orientare \u00een Carier\u0103 al Universit\u0103\u021bii \u201c1 Decembrie 1918\u201d din Alba Iulia (CICOC UAB) \u00een parteneriat cu Agen\u021bia","breadcrumb":{"@id":"https:\/\/urbeamea.ro\/albaiulia\/a-patra-editie-a-targului-de-joburi-organizat-de-uab-22-mai-2024\/#breadcrumb"},"inLanguage":"ro-RO","potentialAction":[{"@type":"ReadAction","target":["https:\/\/urbeamea.ro\/albaiulia\/a-patra-editie-a-targului-de-joburi-organizat-de-uab-22-mai-2024\/"]}]},{"@type":"ImageObject","inLanguage":"ro-RO","@id":"https:\/\/urbeamea.ro\/albaiulia\/a-patra-editie-a-targului-de-joburi-organizat-de-uab-22-mai-2024\/#primaryimage","url":"https:\/\/urbeamea.ro\/albaiulia\/wp-content\/uploads\/2024\/04\/Afis-targ-job-angajator.jpg","contentUrl":"https:\/\/urbeamea.ro\/albaiulia\/wp-content\/uploads\/2024\/04\/Afis-targ-job-angajator.jpg","width":1132,"height":1600},{"@type":"BreadcrumbList","@id":"https:\/\/urbeamea.ro\/albaiulia\/a-patra-editie-a-targului-de-joburi-organizat-de-uab-22-mai-2024\/#breadcrumb","itemListElement":[{"@type":"ListItem","position":1,"name":"Prima pagin\u0103","item":"https:\/\/urbeamea.ro\/albaiulia\/"},{"@type":"ListItem","position":2,"name":"A patra edi\u021bie a T\u00e2rgului de joburi organizat de UAB \u2013 22 mai 2024"}]},{"@type":"WebSite","@id":"https:\/\/urbeamea.ro\/albaiulia\/#website","url":"https:\/\/urbeamea.ro\/albaiulia\/","name":"Revista Urbea Mea, Stiri urbane","description":"Evenimente \u0219i \u0219tiri din Alba Iulia, Sebe\u0219, Aiud, Blaj","potentialAction":[{"@type":"SearchAction","target":{"@type":"EntryPoint","urlTemplate":"https:\/\/urbeamea.ro\/albaiulia\/?s={search_term_string}"},"query-input":{"@type":"PropertyValueSpecification","valueRequired":true,"valueName":"search_term_string"}}],"inLanguage":"ro-RO"},{"@type":"Person","@id":"https:\/\/urbeamea.ro\/albaiulia\/#\/schema\/person\/272ae98052f8ee8980f59848df070247","name":"Redac\u021bia UrbeaMea","image":{"@type":"ImageObject","inLanguage":"ro-RO","@id":"https:\/\/secure.gravatar.com\/avatar\/9ce5a9435071fa1037e8468053ead8e513dbbff59009d3069aadb85506d85a27?s=96&d=mm&r=g","url":"https:\/\/secure.gravatar.com\/avatar\/9ce5a9435071fa1037e8468053ead8e513dbbff59009d3069aadb85506d85a27?s=96&d=mm&r=g","contentUrl":"https:\/\/secure.gravatar.com\/avatar\/9ce5a9435071fa1037e8468053ead8e513dbbff59009d3069aadb85506d85a27?s=96&d=mm&r=g","caption":"Redac\u021bia UrbeaMea"},"description":"contact@urbeamea.ro","sameAs":["https:\/\/www.urbeamea.ro"],"url":"https:\/\/urbeamea.ro\/albaiulia\/author\/redactia-urbeamea\/"}]}},"_links":{"self":[{"href":"https:\/\/urbeamea.ro\/albaiulia\/wp-json\/wp\/v2\/posts\/111250","targetHints":{"allow":["GET"]}}],"collection":[{"href":"https:\/\/urbeamea.ro\/albaiulia\/wp-json\/wp\/v2\/posts"}],"about":[{"href":"https:\/\/urbeamea.ro\/albaiulia\/wp-json\/wp\/v2\/types\/post"}],"author":[{"embeddable":true,"href":"https:\/\/urbeamea.ro\/albaiulia\/wp-json\/wp\/v2\/users\/16"}],"replies":[{"embeddable":true,"href":"https:\/\/urbeamea.ro\/albaiulia\/wp-json\/wp\/v2\/comments?post=111250"}],"version-history":[{"count":1,"href":"https:\/\/urbeamea.ro\/albaiulia\/wp-json\/wp\/v2\/posts\/111250\/revisions"}],"predecessor-version":[{"id":111252,"href":"https:\/\/urbeamea.ro\/albaiulia\/wp-json\/wp\/v2\/posts\/111250\/revisions\/111252"}],"wp:featuredmedia":[{"embeddable":true,"href":"https:\/\/urbeamea.ro\/albaiulia\/wp-json\/wp\/v2\/media\/111251"}],"wp:attachment":[{"href":"https:\/\/urbeamea.ro\/albaiulia\/wp-json\/wp\/v2\/media?parent=111250"}],"wp:term":[{"taxonomy":"category","embeddable":true,"href":"https:\/\/urbeamea.ro\/albaiulia\/wp-json\/wp\/v2\/categories?post=111250"},{"taxonomy":"post_tag","embeddable":true,"href":"https:\/\/urbeamea.ro\/albaiulia\/wp-json\/wp\/v2\/tags?post=111250"}],"curies":[{"name":"wp","href":"https:\/\/api.w.org\/{rel}","templated":true}]}}