{"id":111253,"date":"2024-04-29T12:24:04","date_gmt":"2024-04-29T09:24:04","guid":{"rendered":"https:\/\/urbeamea.ro\/albaiulia\/?p=111253"},"modified":"2024-04-29T12:24:05","modified_gmt":"2024-04-29T09:24:05","slug":"saptamana-verde-la-centrul-cultural-lucian-blaga-sebes","status":"publish","type":"post","link":"https:\/\/urbeamea.ro\/albaiulia\/saptamana-verde-la-centrul-cultural-lucian-blaga-sebes\/","title":{"rendered":"\u201eS\u0103pt\u0103m\u00e2na verde\u201d la centrul cultural \u201eLucian Blaga\u201d Sebe\u0219"},"content":{"rendered":"\n<p>La Sebe\u0219, \u201eS\u0103pt\u0103m\u00e2na Verde\u201d a adus o explozie de activit\u0103\u021bi creative \u0219i educative, reunind comunitatea \u00een jurul valorilor de conservare a mediului \u00eenconjur\u0103tor \u0219i de promovare a unui stil de via\u021b\u0103 sustenabil.<\/p>\n\n\n\n<p>Centrul Cultural \u201eLucian Blaga\u201d Sebe\u0219 a fost gazda unor evenimente pline de culoare \u0219i inspira\u021bie, aduc\u00e2nd \u00eempreun\u0103 peste 2000 de copiii, \u00eenso\u021bi\u021bi de p\u0103rin\u021bi, bunici \u0219i cadre didactice, pentru a celebra frumuse\u021bea naturii \u0219i a \u00eenv\u0103\u021ba despre importan\u021ba protej\u0103rii ei.<\/p>\n\n\n\n<figure class=\"wp-block-gallery has-nested-images columns-default is-cropped wp-block-gallery-1 is-layout-flex wp-block-gallery-is-layout-flex\">\n<figure class=\"wp-block-image size-large\"><a href=\"https:\/\/urbeamea.ro\/albaiulia\/wp-content\/uploads\/2024\/04\/438717066_845359117622726_4260077215606138102_n.jpg\"><img loading=\"lazy\" decoding=\"async\" width=\"1280\" height=\"622\" data-id=\"111255\" src=\"https:\/\/urbeamea.ro\/albaiulia\/wp-content\/uploads\/2024\/04\/438717066_845359117622726_4260077215606138102_n-1280x622.jpg\" alt=\"\" class=\"wp-image-111255\" srcset=\"https:\/\/urbeamea.ro\/albaiulia\/wp-content\/uploads\/2024\/04\/438717066_845359117622726_4260077215606138102_n-1280x622.jpg 1280w, https:\/\/urbeamea.ro\/albaiulia\/wp-content\/uploads\/2024\/04\/438717066_845359117622726_4260077215606138102_n-640x311.jpg 640w, https:\/\/urbeamea.ro\/albaiulia\/wp-content\/uploads\/2024\/04\/438717066_845359117622726_4260077215606138102_n-150x73.jpg 150w, https:\/\/urbeamea.ro\/albaiulia\/wp-content\/uploads\/2024\/04\/438717066_845359117622726_4260077215606138102_n-768x373.jpg 768w, https:\/\/urbeamea.ro\/albaiulia\/wp-content\/uploads\/2024\/04\/438717066_845359117622726_4260077215606138102_n-1536x747.jpg 1536w, https:\/\/urbeamea.ro\/albaiulia\/wp-content\/uploads\/2024\/04\/438717066_845359117622726_4260077215606138102_n.jpg 1600w\" sizes=\"auto, (max-width: 1280px) 100vw, 1280px\" \/><\/a><\/figure>\n\n\n\n<figure class=\"wp-block-image size-large\"><a href=\"https:\/\/urbeamea.ro\/albaiulia\/wp-content\/uploads\/2024\/04\/438778053_845359120956059_2539312278983926588_n.jpg\"><img loading=\"lazy\" decoding=\"async\" width=\"1280\" height=\"622\" data-id=\"111256\" src=\"https:\/\/urbeamea.ro\/albaiulia\/wp-content\/uploads\/2024\/04\/438778053_845359120956059_2539312278983926588_n-1280x622.jpg\" alt=\"\" class=\"wp-image-111256\" srcset=\"https:\/\/urbeamea.ro\/albaiulia\/wp-content\/uploads\/2024\/04\/438778053_845359120956059_2539312278983926588_n-1280x622.jpg 1280w, https:\/\/urbeamea.ro\/albaiulia\/wp-content\/uploads\/2024\/04\/438778053_845359120956059_2539312278983926588_n-640x311.jpg 640w, https:\/\/urbeamea.ro\/albaiulia\/wp-content\/uploads\/2024\/04\/438778053_845359120956059_2539312278983926588_n-150x73.jpg 150w, https:\/\/urbeamea.ro\/albaiulia\/wp-content\/uploads\/2024\/04\/438778053_845359120956059_2539312278983926588_n-768x373.jpg 768w, https:\/\/urbeamea.ro\/albaiulia\/wp-content\/uploads\/2024\/04\/438778053_845359120956059_2539312278983926588_n-1536x747.jpg 1536w, https:\/\/urbeamea.ro\/albaiulia\/wp-content\/uploads\/2024\/04\/438778053_845359120956059_2539312278983926588_n.jpg 1600w\" sizes=\"auto, (max-width: 1280px) 100vw, 1280px\" \/><\/a><\/figure>\n\n\n\n<figure class=\"wp-block-image size-large\"><a href=\"https:\/\/urbeamea.ro\/albaiulia\/wp-content\/uploads\/2024\/04\/Imagine-WhatsApp-2024-04-22-la-14.43.07_85bb51fc.jpg\"><img loading=\"lazy\" decoding=\"async\" width=\"1280\" height=\"720\" data-id=\"111254\" src=\"https:\/\/urbeamea.ro\/albaiulia\/wp-content\/uploads\/2024\/04\/Imagine-WhatsApp-2024-04-22-la-14.43.07_85bb51fc-1280x720.jpg\" alt=\"\" class=\"wp-image-111254\" srcset=\"https:\/\/urbeamea.ro\/albaiulia\/wp-content\/uploads\/2024\/04\/Imagine-WhatsApp-2024-04-22-la-14.43.07_85bb51fc-1280x720.jpg 1280w, https:\/\/urbeamea.ro\/albaiulia\/wp-content\/uploads\/2024\/04\/Imagine-WhatsApp-2024-04-22-la-14.43.07_85bb51fc-640x360.jpg 640w, https:\/\/urbeamea.ro\/albaiulia\/wp-content\/uploads\/2024\/04\/Imagine-WhatsApp-2024-04-22-la-14.43.07_85bb51fc-150x84.jpg 150w, https:\/\/urbeamea.ro\/albaiulia\/wp-content\/uploads\/2024\/04\/Imagine-WhatsApp-2024-04-22-la-14.43.07_85bb51fc-768x432.jpg 768w, https:\/\/urbeamea.ro\/albaiulia\/wp-content\/uploads\/2024\/04\/Imagine-WhatsApp-2024-04-22-la-14.43.07_85bb51fc-1536x864.jpg 1536w, https:\/\/urbeamea.ro\/albaiulia\/wp-content\/uploads\/2024\/04\/Imagine-WhatsApp-2024-04-22-la-14.43.07_85bb51fc-390x220.jpg 390w, https:\/\/urbeamea.ro\/albaiulia\/wp-content\/uploads\/2024\/04\/Imagine-WhatsApp-2024-04-22-la-14.43.07_85bb51fc.jpg 1600w\" sizes=\"auto, (max-width: 1280px) 100vw, 1280px\" \/><\/a><\/figure>\n<\/figure>\n\n\n\n<p>La Biblioteca Municipal\u0103 \u201eLucian Blaga\u201d Sebe\u0219, atelierele de lectur\u0103 au fost o surs\u0103 de inspira\u021bie pentru copii, care au descoperit pove\u0219ti captivante, cu personaje care \u00ee\u0219i \u00eemp\u0103rt\u0103\u0219esc dragostea pentru natur\u0103. Micu\u021bii cititori au fost \u00eencuraja\u021bi s\u0103-\u0219i exprime creativitatea&nbsp; \u0219i s\u0103-\u0219i pun\u0103 imagina\u021bia la treab\u0103 \u00een cadrul atelierelor de personalizare a ghivecelor pentru flori. Cu pensule \u00een m\u00e2n\u0103 \u0219i culori vii, au transformat ghivecele goale \u00een opere de art\u0103 unice, pline de farmec. Cop\u0103ceii planta\u021bi \u00een aceste ghivece au devenit simboluri vii ale angajamentului lor de a \u00eengriji \u0219i proteja mediul \u00eenconjur\u0103tor.<\/p>\n\n\n\n<p>Elevii \u0219i pre\u0219colarii din institu\u021biile de \u00eenv\u0103\u021b\u0103m\u00e2nt din municipiul Sebe\u0219 \u0219i \u00eemprejurimi s-au al\u0103turat \u201eS\u0103pt\u0103m\u00e2nii Verzi\u201d prin participarea la o serie de proiec\u021bii de filme educative \u0219i inspira\u021bionale despre natur\u0103. \u00cen sala de evenimente a Centrului Cultural \u201eLucian Blaga\u201d Sebe\u0219, copiii au c\u0103l\u0103torit virtual prin peisaje spectaculoase \u0219i au \u00eenv\u0103\u021bat despre ecosistemele unice ale planetei noastre \u0219i despre modurile \u00een care pot contribui la conservarea lor.<\/p>\n\n\n\n<p>Compartimentul muzeal, compus din Muzeul Municipal \u201eIoan Raica\u201d din Sebe\u0219 \u0219i Casa Memorial\u0103 \u201eLucian Blaga\u201d din Lancr\u0103m, \u0219i-a primit vizitatorii, at\u00e2t la sec\u0163ia de \u0218tiin\u0163ele Naturii \u2013 extrem de atractiv\u0103, dar \u0219i \u00een celelalte spa\u021bii expozi\u021bionale, elevii descoperind istoria ora\u0219ului \u0219i a zonei, evenimente \u0219i personalit\u0103\u021bi istorice, culturale \u0219i artistice. La complexul memorial \u201eLucian Blaga\u201d din Lancr\u0103m am avut onoarea de a fi vizita\u021bi de elevi din \u00eentreaga \u021bar\u0103, dornici s\u0103 descopere \u201ecur\u021bile dorului\u201d \u0219i s\u0103 cunoasc\u0103 locurile pe care Lucian Blaga le-a iubit at\u00e2t de mult.<\/p>\n\n\n\n<p>\u201eS\u0103pt\u0103m\u00e2na Verde\u201d a fost o s\u0103rb\u0103toare a naturii \u0219i a prieteniei, un prilej de educa\u021bie \u0219i con\u0219tientizare pentru \u00eentreaga comunitate. Prin participarea activ\u0103 la evenimente, ne-am reafirmat cu to\u021bii angajamentul fa\u021b\u0103 de protejarea mediului \u00eenconjur\u0103tor \u0219i ne-am conectat cu frumuse\u021bea \u0219i importan\u021ba naturii \u00een via\u021ba noastr\u0103.<\/p>\n\n\n\n<p>V\u0103 mul\u021bumim c\u0103 a\u021bi ales activit\u0103\u021bile educative ale Centrului Cultural \u201eLucian Blaga\u201d Sebe\u0219!<\/p>\n\n\n\n<figure class=\"wp-block-gallery has-nested-images columns-4 is-cropped wp-block-gallery-2 is-layout-flex wp-block-gallery-is-layout-flex\">\n<figure class=\"wp-block-image size-large\"><a href=\"https:\/\/urbeamea.ro\/albaiulia\/wp-content\/uploads\/2024\/04\/437529775_844560191035952_6727795704949053297_n.jpg\"><img loading=\"lazy\" decoding=\"async\" width=\"622\" height=\"1280\" data-id=\"111261\" src=\"https:\/\/urbeamea.ro\/albaiulia\/wp-content\/uploads\/2024\/04\/437529775_844560191035952_6727795704949053297_n-622x1280.jpg\" alt=\"\" class=\"wp-image-111261\" srcset=\"https:\/\/urbeamea.ro\/albaiulia\/wp-content\/uploads\/2024\/04\/437529775_844560191035952_6727795704949053297_n-622x1280.jpg 622w, https:\/\/urbeamea.ro\/albaiulia\/wp-content\/uploads\/2024\/04\/437529775_844560191035952_6727795704949053297_n-311x640.jpg 311w, https:\/\/urbeamea.ro\/albaiulia\/wp-content\/uploads\/2024\/04\/437529775_844560191035952_6727795704949053297_n-73x150.jpg 73w, https:\/\/urbeamea.ro\/albaiulia\/wp-content\/uploads\/2024\/04\/437529775_844560191035952_6727795704949053297_n-768x1579.jpg 768w, https:\/\/urbeamea.ro\/albaiulia\/wp-content\/uploads\/2024\/04\/437529775_844560191035952_6727795704949053297_n-747x1536.jpg 747w, https:\/\/urbeamea.ro\/albaiulia\/wp-content\/uploads\/2024\/04\/437529775_844560191035952_6727795704949053297_n.jpg 778w\" sizes=\"auto, (max-width: 622px) 100vw, 622px\" \/><\/a><\/figure>\n\n\n\n<figure class=\"wp-block-image size-large\"><a href=\"https:\/\/urbeamea.ro\/albaiulia\/wp-content\/uploads\/2024\/04\/437561408_844558417702796_1298601233597517494_n.jpg\"><img loading=\"lazy\" decoding=\"async\" width=\"622\" height=\"1280\" data-id=\"111262\" src=\"https:\/\/urbeamea.ro\/albaiulia\/wp-content\/uploads\/2024\/04\/437561408_844558417702796_1298601233597517494_n-622x1280.jpg\" alt=\"\" class=\"wp-image-111262\" srcset=\"https:\/\/urbeamea.ro\/albaiulia\/wp-content\/uploads\/2024\/04\/437561408_844558417702796_1298601233597517494_n-622x1280.jpg 622w, https:\/\/urbeamea.ro\/albaiulia\/wp-content\/uploads\/2024\/04\/437561408_844558417702796_1298601233597517494_n-311x640.jpg 311w, https:\/\/urbeamea.ro\/albaiulia\/wp-content\/uploads\/2024\/04\/437561408_844558417702796_1298601233597517494_n-73x150.jpg 73w, https:\/\/urbeamea.ro\/albaiulia\/wp-content\/uploads\/2024\/04\/437561408_844558417702796_1298601233597517494_n-768x1579.jpg 768w, https:\/\/urbeamea.ro\/albaiulia\/wp-content\/uploads\/2024\/04\/437561408_844558417702796_1298601233597517494_n-747x1536.jpg 747w, https:\/\/urbeamea.ro\/albaiulia\/wp-content\/uploads\/2024\/04\/437561408_844558417702796_1298601233597517494_n.jpg 778w\" sizes=\"auto, (max-width: 622px) 100vw, 622px\" \/><\/a><\/figure>\n\n\n\n<figure class=\"wp-block-image size-large\"><a href=\"https:\/\/urbeamea.ro\/albaiulia\/wp-content\/uploads\/2024\/04\/437562538_949004603893765_6900183747589893428_n.jpg\"><img loading=\"lazy\" decoding=\"async\" width=\"1280\" height=\"960\" data-id=\"111260\" src=\"https:\/\/urbeamea.ro\/albaiulia\/wp-content\/uploads\/2024\/04\/437562538_949004603893765_6900183747589893428_n-1280x960.jpg\" alt=\"\" class=\"wp-image-111260\" srcset=\"https:\/\/urbeamea.ro\/albaiulia\/wp-content\/uploads\/2024\/04\/437562538_949004603893765_6900183747589893428_n-1280x960.jpg 1280w, https:\/\/urbeamea.ro\/albaiulia\/wp-content\/uploads\/2024\/04\/437562538_949004603893765_6900183747589893428_n-640x480.jpg 640w, https:\/\/urbeamea.ro\/albaiulia\/wp-content\/uploads\/2024\/04\/437562538_949004603893765_6900183747589893428_n-150x113.jpg 150w, https:\/\/urbeamea.ro\/albaiulia\/wp-content\/uploads\/2024\/04\/437562538_949004603893765_6900183747589893428_n-768x576.jpg 768w, https:\/\/urbeamea.ro\/albaiulia\/wp-content\/uploads\/2024\/04\/437562538_949004603893765_6900183747589893428_n-1536x1152.jpg 1536w, https:\/\/urbeamea.ro\/albaiulia\/wp-content\/uploads\/2024\/04\/437562538_949004603893765_6900183747589893428_n.jpg 2048w\" sizes=\"auto, (max-width: 1280px) 100vw, 1280px\" \/><\/a><\/figure>\n\n\n\n<figure class=\"wp-block-image size-large\"><a href=\"https:\/\/urbeamea.ro\/albaiulia\/wp-content\/uploads\/2024\/04\/438058673_844556267703011_5539102777122081510_n.jpg\"><img loading=\"lazy\" decoding=\"async\" width=\"1280\" height=\"622\" data-id=\"111263\" src=\"https:\/\/urbeamea.ro\/albaiulia\/wp-content\/uploads\/2024\/04\/438058673_844556267703011_5539102777122081510_n-1280x622.jpg\" alt=\"\" class=\"wp-image-111263\" srcset=\"https:\/\/urbeamea.ro\/albaiulia\/wp-content\/uploads\/2024\/04\/438058673_844556267703011_5539102777122081510_n-1280x622.jpg 1280w, https:\/\/urbeamea.ro\/albaiulia\/wp-content\/uploads\/2024\/04\/438058673_844556267703011_5539102777122081510_n-640x311.jpg 640w, https:\/\/urbeamea.ro\/albaiulia\/wp-content\/uploads\/2024\/04\/438058673_844556267703011_5539102777122081510_n-150x73.jpg 150w, https:\/\/urbeamea.ro\/albaiulia\/wp-content\/uploads\/2024\/04\/438058673_844556267703011_5539102777122081510_n-768x373.jpg 768w, https:\/\/urbeamea.ro\/albaiulia\/wp-content\/uploads\/2024\/04\/438058673_844556267703011_5539102777122081510_n-1536x747.jpg 1536w, https:\/\/urbeamea.ro\/albaiulia\/wp-content\/uploads\/2024\/04\/438058673_844556267703011_5539102777122081510_n.jpg 1600w\" sizes=\"auto, (max-width: 1280px) 100vw, 1280px\" \/><\/a><\/figure>\n\n\n\n<figure class=\"wp-block-image size-large\"><a href=\"https:\/\/urbeamea.ro\/albaiulia\/wp-content\/uploads\/2024\/04\/438088048_844560381035933_2816141414558854510_n.jpg\"><img loading=\"lazy\" decoding=\"async\" width=\"622\" height=\"1280\" data-id=\"111264\" src=\"https:\/\/urbeamea.ro\/albaiulia\/wp-content\/uploads\/2024\/04\/438088048_844560381035933_2816141414558854510_n-622x1280.jpg\" alt=\"\" class=\"wp-image-111264\" srcset=\"https:\/\/urbeamea.ro\/albaiulia\/wp-content\/uploads\/2024\/04\/438088048_844560381035933_2816141414558854510_n-622x1280.jpg 622w, https:\/\/urbeamea.ro\/albaiulia\/wp-content\/uploads\/2024\/04\/438088048_844560381035933_2816141414558854510_n-311x640.jpg 311w, https:\/\/urbeamea.ro\/albaiulia\/wp-content\/uploads\/2024\/04\/438088048_844560381035933_2816141414558854510_n-73x150.jpg 73w, https:\/\/urbeamea.ro\/albaiulia\/wp-content\/uploads\/2024\/04\/438088048_844560381035933_2816141414558854510_n-768x1579.jpg 768w, https:\/\/urbeamea.ro\/albaiulia\/wp-content\/uploads\/2024\/04\/438088048_844560381035933_2816141414558854510_n-747x1536.jpg 747w, https:\/\/urbeamea.ro\/albaiulia\/wp-content\/uploads\/2024\/04\/438088048_844560381035933_2816141414558854510_n.jpg 778w\" sizes=\"auto, (max-width: 622px) 100vw, 622px\" \/><\/a><\/figure>\n\n\n\n<figure class=\"wp-block-image size-large\"><a href=\"https:\/\/urbeamea.ro\/albaiulia\/wp-content\/uploads\/2024\/04\/Imagine-WhatsApp-2024-04-22-la-14.43.07_c42161b7.jpg\"><img loading=\"lazy\" decoding=\"async\" width=\"1280\" height=\"720\" data-id=\"111259\" src=\"https:\/\/urbeamea.ro\/albaiulia\/wp-content\/uploads\/2024\/04\/Imagine-WhatsApp-2024-04-22-la-14.43.07_c42161b7-1280x720.jpg\" alt=\"\" class=\"wp-image-111259\" srcset=\"https:\/\/urbeamea.ro\/albaiulia\/wp-content\/uploads\/2024\/04\/Imagine-WhatsApp-2024-04-22-la-14.43.07_c42161b7-1280x720.jpg 1280w, https:\/\/urbeamea.ro\/albaiulia\/wp-content\/uploads\/2024\/04\/Imagine-WhatsApp-2024-04-22-la-14.43.07_c42161b7-640x360.jpg 640w, https:\/\/urbeamea.ro\/albaiulia\/wp-content\/uploads\/2024\/04\/Imagine-WhatsApp-2024-04-22-la-14.43.07_c42161b7-150x84.jpg 150w, https:\/\/urbeamea.ro\/albaiulia\/wp-content\/uploads\/2024\/04\/Imagine-WhatsApp-2024-04-22-la-14.43.07_c42161b7-768x432.jpg 768w, https:\/\/urbeamea.ro\/albaiulia\/wp-content\/uploads\/2024\/04\/Imagine-WhatsApp-2024-04-22-la-14.43.07_c42161b7-1536x864.jpg 1536w, https:\/\/urbeamea.ro\/albaiulia\/wp-content\/uploads\/2024\/04\/Imagine-WhatsApp-2024-04-22-la-14.43.07_c42161b7-390x220.jpg 390w, https:\/\/urbeamea.ro\/albaiulia\/wp-content\/uploads\/2024\/04\/Imagine-WhatsApp-2024-04-22-la-14.43.07_c42161b7.jpg 1600w\" sizes=\"auto, (max-width: 1280px) 100vw, 1280px\" \/><\/a><\/figure>\n\n\n\n<figure class=\"wp-block-image size-large\"><a href=\"https:\/\/urbeamea.ro\/albaiulia\/wp-content\/uploads\/2024\/04\/Imagine-WhatsApp-2024-04-22-la-16.12.42_9f21cd28.jpg\"><img loading=\"lazy\" decoding=\"async\" width=\"1280\" height=\"622\" data-id=\"111258\" src=\"https:\/\/urbeamea.ro\/albaiulia\/wp-content\/uploads\/2024\/04\/Imagine-WhatsApp-2024-04-22-la-16.12.42_9f21cd28-1280x622.jpg\" alt=\"\" class=\"wp-image-111258\" srcset=\"https:\/\/urbeamea.ro\/albaiulia\/wp-content\/uploads\/2024\/04\/Imagine-WhatsApp-2024-04-22-la-16.12.42_9f21cd28-1280x622.jpg 1280w, https:\/\/urbeamea.ro\/albaiulia\/wp-content\/uploads\/2024\/04\/Imagine-WhatsApp-2024-04-22-la-16.12.42_9f21cd28-640x311.jpg 640w, https:\/\/urbeamea.ro\/albaiulia\/wp-content\/uploads\/2024\/04\/Imagine-WhatsApp-2024-04-22-la-16.12.42_9f21cd28-150x73.jpg 150w, https:\/\/urbeamea.ro\/albaiulia\/wp-content\/uploads\/2024\/04\/Imagine-WhatsApp-2024-04-22-la-16.12.42_9f21cd28-768x373.jpg 768w, https:\/\/urbeamea.ro\/albaiulia\/wp-content\/uploads\/2024\/04\/Imagine-WhatsApp-2024-04-22-la-16.12.42_9f21cd28-1536x747.jpg 1536w, https:\/\/urbeamea.ro\/albaiulia\/wp-content\/uploads\/2024\/04\/Imagine-WhatsApp-2024-04-22-la-16.12.42_9f21cd28.jpg 2016w\" sizes=\"auto, (max-width: 1280px) 100vw, 1280px\" \/><\/a><\/figure>\n\n\n\n<figure class=\"wp-block-image size-large\"><a href=\"https:\/\/urbeamea.ro\/albaiulia\/wp-content\/uploads\/2024\/04\/WhatsApp-Image-2024-04-26-at-13.12.01.jpeg\"><img loading=\"lazy\" decoding=\"async\" width=\"1280\" height=\"960\" data-id=\"111257\" src=\"https:\/\/urbeamea.ro\/albaiulia\/wp-content\/uploads\/2024\/04\/WhatsApp-Image-2024-04-26-at-13.12.01-1280x960.jpeg\" alt=\"\" class=\"wp-image-111257\" srcset=\"https:\/\/urbeamea.ro\/albaiulia\/wp-content\/uploads\/2024\/04\/WhatsApp-Image-2024-04-26-at-13.12.01-1280x960.jpeg 1280w, https:\/\/urbeamea.ro\/albaiulia\/wp-content\/uploads\/2024\/04\/WhatsApp-Image-2024-04-26-at-13.12.01-640x480.jpeg 640w, https:\/\/urbeamea.ro\/albaiulia\/wp-content\/uploads\/2024\/04\/WhatsApp-Image-2024-04-26-at-13.12.01-150x113.jpeg 150w, https:\/\/urbeamea.ro\/albaiulia\/wp-content\/uploads\/2024\/04\/WhatsApp-Image-2024-04-26-at-13.12.01-768x576.jpeg 768w, https:\/\/urbeamea.ro\/albaiulia\/wp-content\/uploads\/2024\/04\/WhatsApp-Image-2024-04-26-at-13.12.01-1536x1152.jpeg 1536w, https:\/\/urbeamea.ro\/albaiulia\/wp-content\/uploads\/2024\/04\/WhatsApp-Image-2024-04-26-at-13.12.01.jpeg 1600w\" sizes=\"auto, (max-width: 1280px) 100vw, 1280px\" \/><\/a><\/figure>\n<\/figure>\n","protected":false},"excerpt":{"rendered":"<p>La Sebe\u0219, \u201eS\u0103pt\u0103m\u00e2na Verde\u201d a adus o explozie de activit\u0103\u021bi creative \u0219i educative, reunind comunitatea \u00een jurul valorilor de conservare a mediului \u00eenconjur\u0103tor \u0219i de promovare a unui stil de via\u021b\u0103 sustenabil. Centrul Cultural \u201eLucian Blaga\u201d Sebe\u0219 a fost gazda unor evenimente pline de culoare \u0219i inspira\u021bie, aduc\u00e2nd \u00eempreun\u0103 peste 2000 de copiii, \u00eenso\u021bi\u021bi de &hellip;<\/p>\n","protected":false},"author":16,"featured_media":111265,"comment_status":"open","ping_status":"open","sticky":false,"template":"","format":"standard","meta":{"inline_featured_image":false,"footnotes":""},"categories":[4],"tags":[],"class_list":["post-111253","post","type-post","status-publish","format-standard","has-post-thumbnail","hentry","category-eveniment"],"yoast_head":"<!-- This site is optimized with the Yoast SEO plugin v27.4 - https:\/\/yoast.com\/product\/yoast-seo-wordpress\/ -->\n<title>\u201eS\u0103pt\u0103m\u00e2na verde\u201d la centrul cultural \u201eLucian Blaga\u201d Sebe\u0219 - Revista Urbea Mea - Revista de Alba<\/title>\n<meta name=\"description\" content=\"La Sebe\u0219, \u201eS\u0103pt\u0103m\u00e2na Verde\u201d a adus o explozie de activit\u0103\u021bi creative \u0219i educative, reunind comunitatea \u00een jurul valorilor de conservare a mediului\" \/>\n<meta name=\"robots\" content=\"index, follow, max-snippet:-1, max-image-preview:large, max-video-preview:-1\" \/>\n<link rel=\"canonical\" href=\"https:\/\/urbeamea.ro\/albaiulia\/saptamana-verde-la-centrul-cultural-lucian-blaga-sebes\/\" \/>\n<meta name=\"twitter:card\" content=\"summary_large_image\" \/>\n<meta name=\"twitter:title\" content=\"\u201eS\u0103pt\u0103m\u00e2na verde\u201d la centrul cultural \u201eLucian Blaga\u201d Sebe\u0219 - Revista Urbea Mea - Revista de Alba\" \/>\n<meta name=\"twitter:description\" content=\"La Sebe\u0219, \u201eS\u0103pt\u0103m\u00e2na Verde\u201d a adus o explozie de activit\u0103\u021bi creative \u0219i educative, reunind comunitatea \u00een jurul valorilor de conservare a mediului\" \/>\n<meta name=\"twitter:image\" content=\"https:\/\/urbeamea.ro\/albaiulia\/wp-content\/uploads\/2024\/04\/440757461_846657144159590_3946624479489023178_n.jpg\" \/>\n<meta name=\"twitter:creator\" content=\"@urbeameaweb\" \/>\n<meta name=\"twitter:site\" content=\"@urbeameaweb\" \/>\n<script type=\"application\/ld+json\" class=\"yoast-schema-graph\">{\"@context\":\"https:\\\/\\\/schema.org\",\"@graph\":[{\"@type\":\"Article\",\"@id\":\"https:\\\/\\\/urbeamea.ro\\\/albaiulia\\\/saptamana-verde-la-centrul-cultural-lucian-blaga-sebes\\\/#article\",\"isPartOf\":{\"@id\":\"https:\\\/\\\/urbeamea.ro\\\/albaiulia\\\/saptamana-verde-la-centrul-cultural-lucian-blaga-sebes\\\/\"},\"author\":{\"name\":\"Redac\u021bia UrbeaMea\",\"@id\":\"https:\\\/\\\/urbeamea.ro\\\/albaiulia\\\/#\\\/schema\\\/person\\\/272ae98052f8ee8980f59848df070247\"},\"headline\":\"\u201eS\u0103pt\u0103m\u00e2na verde\u201d la centrul cultural \u201eLucian Blaga\u201d Sebe\u0219\",\"datePublished\":\"2024-04-29T09:24:04+00:00\",\"dateModified\":\"2024-04-29T09:24:05+00:00\",\"mainEntityOfPage\":{\"@id\":\"https:\\\/\\\/urbeamea.ro\\\/albaiulia\\\/saptamana-verde-la-centrul-cultural-lucian-blaga-sebes\\\/\"},\"wordCount\":455,\"commentCount\":0,\"image\":{\"@id\":\"https:\\\/\\\/urbeamea.ro\\\/albaiulia\\\/saptamana-verde-la-centrul-cultural-lucian-blaga-sebes\\\/#primaryimage\"},\"thumbnailUrl\":\"https:\\\/\\\/urbeamea.ro\\\/albaiulia\\\/wp-content\\\/uploads\\\/2024\\\/04\\\/440757461_846657144159590_3946624479489023178_n.jpg\",\"articleSection\":[\"Evenimente\"],\"inLanguage\":\"ro-RO\",\"potentialAction\":[{\"@type\":\"CommentAction\",\"name\":\"Comment\",\"target\":[\"https:\\\/\\\/urbeamea.ro\\\/albaiulia\\\/saptamana-verde-la-centrul-cultural-lucian-blaga-sebes\\\/#respond\"]}]},{\"@type\":\"WebPage\",\"@id\":\"https:\\\/\\\/urbeamea.ro\\\/albaiulia\\\/saptamana-verde-la-centrul-cultural-lucian-blaga-sebes\\\/\",\"url\":\"https:\\\/\\\/urbeamea.ro\\\/albaiulia\\\/saptamana-verde-la-centrul-cultural-lucian-blaga-sebes\\\/\",\"name\":\"\u201eS\u0103pt\u0103m\u00e2na verde\u201d la centrul cultural \u201eLucian Blaga\u201d Sebe\u0219 - Revista Urbea Mea - Revista de Alba\",\"isPartOf\":{\"@id\":\"https:\\\/\\\/urbeamea.ro\\\/albaiulia\\\/#website\"},\"primaryImageOfPage\":{\"@id\":\"https:\\\/\\\/urbeamea.ro\\\/albaiulia\\\/saptamana-verde-la-centrul-cultural-lucian-blaga-sebes\\\/#primaryimage\"},\"image\":{\"@id\":\"https:\\\/\\\/urbeamea.ro\\\/albaiulia\\\/saptamana-verde-la-centrul-cultural-lucian-blaga-sebes\\\/#primaryimage\"},\"thumbnailUrl\":\"https:\\\/\\\/urbeamea.ro\\\/albaiulia\\\/wp-content\\\/uploads\\\/2024\\\/04\\\/440757461_846657144159590_3946624479489023178_n.jpg\",\"datePublished\":\"2024-04-29T09:24:04+00:00\",\"dateModified\":\"2024-04-29T09:24:05+00:00\",\"author\":{\"@id\":\"https:\\\/\\\/urbeamea.ro\\\/albaiulia\\\/#\\\/schema\\\/person\\\/272ae98052f8ee8980f59848df070247\"},\"description\":\"La Sebe\u0219, \u201eS\u0103pt\u0103m\u00e2na Verde\u201d a adus o explozie de activit\u0103\u021bi creative \u0219i educative, reunind comunitatea \u00een jurul valorilor de conservare a mediului\",\"breadcrumb\":{\"@id\":\"https:\\\/\\\/urbeamea.ro\\\/albaiulia\\\/saptamana-verde-la-centrul-cultural-lucian-blaga-sebes\\\/#breadcrumb\"},\"inLanguage\":\"ro-RO\",\"potentialAction\":[{\"@type\":\"ReadAction\",\"target\":[\"https:\\\/\\\/urbeamea.ro\\\/albaiulia\\\/saptamana-verde-la-centrul-cultural-lucian-blaga-sebes\\\/\"]}]},{\"@type\":\"ImageObject\",\"inLanguage\":\"ro-RO\",\"@id\":\"https:\\\/\\\/urbeamea.ro\\\/albaiulia\\\/saptamana-verde-la-centrul-cultural-lucian-blaga-sebes\\\/#primaryimage\",\"url\":\"https:\\\/\\\/urbeamea.ro\\\/albaiulia\\\/wp-content\\\/uploads\\\/2024\\\/04\\\/440757461_846657144159590_3946624479489023178_n.jpg\",\"contentUrl\":\"https:\\\/\\\/urbeamea.ro\\\/albaiulia\\\/wp-content\\\/uploads\\\/2024\\\/04\\\/440757461_846657144159590_3946624479489023178_n.jpg\",\"width\":1600,\"height\":778},{\"@type\":\"BreadcrumbList\",\"@id\":\"https:\\\/\\\/urbeamea.ro\\\/albaiulia\\\/saptamana-verde-la-centrul-cultural-lucian-blaga-sebes\\\/#breadcrumb\",\"itemListElement\":[{\"@type\":\"ListItem\",\"position\":1,\"name\":\"Prima pagin\u0103\",\"item\":\"https:\\\/\\\/urbeamea.ro\\\/albaiulia\\\/\"},{\"@type\":\"ListItem\",\"position\":2,\"name\":\"\u201eS\u0103pt\u0103m\u00e2na verde\u201d la centrul cultural \u201eLucian Blaga\u201d Sebe\u0219\"}]},{\"@type\":\"WebSite\",\"@id\":\"https:\\\/\\\/urbeamea.ro\\\/albaiulia\\\/#website\",\"url\":\"https:\\\/\\\/urbeamea.ro\\\/albaiulia\\\/\",\"name\":\"Revista Urbea Mea, Stiri urbane\",\"description\":\"Evenimente \u0219i \u0219tiri din Alba Iulia, Sebe\u0219, Aiud, Blaj\",\"potentialAction\":[{\"@type\":\"SearchAction\",\"target\":{\"@type\":\"EntryPoint\",\"urlTemplate\":\"https:\\\/\\\/urbeamea.ro\\\/albaiulia\\\/?s={search_term_string}\"},\"query-input\":{\"@type\":\"PropertyValueSpecification\",\"valueRequired\":true,\"valueName\":\"search_term_string\"}}],\"inLanguage\":\"ro-RO\"},{\"@type\":\"Person\",\"@id\":\"https:\\\/\\\/urbeamea.ro\\\/albaiulia\\\/#\\\/schema\\\/person\\\/272ae98052f8ee8980f59848df070247\",\"name\":\"Redac\u021bia UrbeaMea\",\"image\":{\"@type\":\"ImageObject\",\"inLanguage\":\"ro-RO\",\"@id\":\"https:\\\/\\\/secure.gravatar.com\\\/avatar\\\/9ce5a9435071fa1037e8468053ead8e513dbbff59009d3069aadb85506d85a27?s=96&d=mm&r=g\",\"url\":\"https:\\\/\\\/secure.gravatar.com\\\/avatar\\\/9ce5a9435071fa1037e8468053ead8e513dbbff59009d3069aadb85506d85a27?s=96&d=mm&r=g\",\"contentUrl\":\"https:\\\/\\\/secure.gravatar.com\\\/avatar\\\/9ce5a9435071fa1037e8468053ead8e513dbbff59009d3069aadb85506d85a27?s=96&d=mm&r=g\",\"caption\":\"Redac\u021bia UrbeaMea\"},\"description\":\"contact@urbeamea.ro\",\"sameAs\":[\"https:\\\/\\\/www.urbeamea.ro\"],\"url\":\"https:\\\/\\\/urbeamea.ro\\\/albaiulia\\\/author\\\/redactia-urbeamea\\\/\"}]}<\/script>\n<!-- \/ Yoast SEO plugin. -->","yoast_head_json":{"title":"\u201eS\u0103pt\u0103m\u00e2na verde\u201d la centrul cultural \u201eLucian Blaga\u201d Sebe\u0219 - Revista Urbea Mea - Revista de Alba","description":"La Sebe\u0219, \u201eS\u0103pt\u0103m\u00e2na Verde\u201d a adus o explozie de activit\u0103\u021bi creative \u0219i educative, reunind comunitatea \u00een jurul valorilor de conservare a mediului","robots":{"index":"index","follow":"follow","max-snippet":"max-snippet:-1","max-image-preview":"max-image-preview:large","max-video-preview":"max-video-preview:-1"},"canonical":"https:\/\/urbeamea.ro\/albaiulia\/saptamana-verde-la-centrul-cultural-lucian-blaga-sebes\/","twitter_card":"summary_large_image","twitter_title":"\u201eS\u0103pt\u0103m\u00e2na verde\u201d la centrul cultural \u201eLucian Blaga\u201d Sebe\u0219 - Revista Urbea Mea - Revista de Alba","twitter_description":"La Sebe\u0219, \u201eS\u0103pt\u0103m\u00e2na Verde\u201d a adus o explozie de activit\u0103\u021bi creative \u0219i educative, reunind comunitatea \u00een jurul valorilor de conservare a mediului","twitter_image":"https:\/\/urbeamea.ro\/albaiulia\/wp-content\/uploads\/2024\/04\/440757461_846657144159590_3946624479489023178_n.jpg","twitter_creator":"@urbeameaweb","twitter_site":"@urbeameaweb","schema":{"@context":"https:\/\/schema.org","@graph":[{"@type":"Article","@id":"https:\/\/urbeamea.ro\/albaiulia\/saptamana-verde-la-centrul-cultural-lucian-blaga-sebes\/#article","isPartOf":{"@id":"https:\/\/urbeamea.ro\/albaiulia\/saptamana-verde-la-centrul-cultural-lucian-blaga-sebes\/"},"author":{"name":"Redac\u021bia UrbeaMea","@id":"https:\/\/urbeamea.ro\/albaiulia\/#\/schema\/person\/272ae98052f8ee8980f59848df070247"},"headline":"\u201eS\u0103pt\u0103m\u00e2na verde\u201d la centrul cultural \u201eLucian Blaga\u201d Sebe\u0219","datePublished":"2024-04-29T09:24:04+00:00","dateModified":"2024-04-29T09:24:05+00:00","mainEntityOfPage":{"@id":"https:\/\/urbeamea.ro\/albaiulia\/saptamana-verde-la-centrul-cultural-lucian-blaga-sebes\/"},"wordCount":455,"commentCount":0,"image":{"@id":"https:\/\/urbeamea.ro\/albaiulia\/saptamana-verde-la-centrul-cultural-lucian-blaga-sebes\/#primaryimage"},"thumbnailUrl":"https:\/\/urbeamea.ro\/albaiulia\/wp-content\/uploads\/2024\/04\/440757461_846657144159590_3946624479489023178_n.jpg","articleSection":["Evenimente"],"inLanguage":"ro-RO","potentialAction":[{"@type":"CommentAction","name":"Comment","target":["https:\/\/urbeamea.ro\/albaiulia\/saptamana-verde-la-centrul-cultural-lucian-blaga-sebes\/#respond"]}]},{"@type":"WebPage","@id":"https:\/\/urbeamea.ro\/albaiulia\/saptamana-verde-la-centrul-cultural-lucian-blaga-sebes\/","url":"https:\/\/urbeamea.ro\/albaiulia\/saptamana-verde-la-centrul-cultural-lucian-blaga-sebes\/","name":"\u201eS\u0103pt\u0103m\u00e2na verde\u201d la centrul cultural \u201eLucian Blaga\u201d Sebe\u0219 - Revista Urbea Mea - Revista de Alba","isPartOf":{"@id":"https:\/\/urbeamea.ro\/albaiulia\/#website"},"primaryImageOfPage":{"@id":"https:\/\/urbeamea.ro\/albaiulia\/saptamana-verde-la-centrul-cultural-lucian-blaga-sebes\/#primaryimage"},"image":{"@id":"https:\/\/urbeamea.ro\/albaiulia\/saptamana-verde-la-centrul-cultural-lucian-blaga-sebes\/#primaryimage"},"thumbnailUrl":"https:\/\/urbeamea.ro\/albaiulia\/wp-content\/uploads\/2024\/04\/440757461_846657144159590_3946624479489023178_n.jpg","datePublished":"2024-04-29T09:24:04+00:00","dateModified":"2024-04-29T09:24:05+00:00","author":{"@id":"https:\/\/urbeamea.ro\/albaiulia\/#\/schema\/person\/272ae98052f8ee8980f59848df070247"},"description":"La Sebe\u0219, \u201eS\u0103pt\u0103m\u00e2na Verde\u201d a adus o explozie de activit\u0103\u021bi creative \u0219i educative, reunind comunitatea \u00een jurul valorilor de conservare a mediului","breadcrumb":{"@id":"https:\/\/urbeamea.ro\/albaiulia\/saptamana-verde-la-centrul-cultural-lucian-blaga-sebes\/#breadcrumb"},"inLanguage":"ro-RO","potentialAction":[{"@type":"ReadAction","target":["https:\/\/urbeamea.ro\/albaiulia\/saptamana-verde-la-centrul-cultural-lucian-blaga-sebes\/"]}]},{"@type":"ImageObject","inLanguage":"ro-RO","@id":"https:\/\/urbeamea.ro\/albaiulia\/saptamana-verde-la-centrul-cultural-lucian-blaga-sebes\/#primaryimage","url":"https:\/\/urbeamea.ro\/albaiulia\/wp-content\/uploads\/2024\/04\/440757461_846657144159590_3946624479489023178_n.jpg","contentUrl":"https:\/\/urbeamea.ro\/albaiulia\/wp-content\/uploads\/2024\/04\/440757461_846657144159590_3946624479489023178_n.jpg","width":1600,"height":778},{"@type":"BreadcrumbList","@id":"https:\/\/urbeamea.ro\/albaiulia\/saptamana-verde-la-centrul-cultural-lucian-blaga-sebes\/#breadcrumb","itemListElement":[{"@type":"ListItem","position":1,"name":"Prima pagin\u0103","item":"https:\/\/urbeamea.ro\/albaiulia\/"},{"@type":"ListItem","position":2,"name":"\u201eS\u0103pt\u0103m\u00e2na verde\u201d la centrul cultural \u201eLucian Blaga\u201d Sebe\u0219"}]},{"@type":"WebSite","@id":"https:\/\/urbeamea.ro\/albaiulia\/#website","url":"https:\/\/urbeamea.ro\/albaiulia\/","name":"Revista Urbea Mea, Stiri urbane","description":"Evenimente \u0219i \u0219tiri din Alba Iulia, Sebe\u0219, Aiud, Blaj","potentialAction":[{"@type":"SearchAction","target":{"@type":"EntryPoint","urlTemplate":"https:\/\/urbeamea.ro\/albaiulia\/?s={search_term_string}"},"query-input":{"@type":"PropertyValueSpecification","valueRequired":true,"valueName":"search_term_string"}}],"inLanguage":"ro-RO"},{"@type":"Person","@id":"https:\/\/urbeamea.ro\/albaiulia\/#\/schema\/person\/272ae98052f8ee8980f59848df070247","name":"Redac\u021bia UrbeaMea","image":{"@type":"ImageObject","inLanguage":"ro-RO","@id":"https:\/\/secure.gravatar.com\/avatar\/9ce5a9435071fa1037e8468053ead8e513dbbff59009d3069aadb85506d85a27?s=96&d=mm&r=g","url":"https:\/\/secure.gravatar.com\/avatar\/9ce5a9435071fa1037e8468053ead8e513dbbff59009d3069aadb85506d85a27?s=96&d=mm&r=g","contentUrl":"https:\/\/secure.gravatar.com\/avatar\/9ce5a9435071fa1037e8468053ead8e513dbbff59009d3069aadb85506d85a27?s=96&d=mm&r=g","caption":"Redac\u021bia UrbeaMea"},"description":"contact@urbeamea.ro","sameAs":["https:\/\/www.urbeamea.ro"],"url":"https:\/\/urbeamea.ro\/albaiulia\/author\/redactia-urbeamea\/"}]}},"_links":{"self":[{"href":"https:\/\/urbeamea.ro\/albaiulia\/wp-json\/wp\/v2\/posts\/111253","targetHints":{"allow":["GET"]}}],"collection":[{"href":"https:\/\/urbeamea.ro\/albaiulia\/wp-json\/wp\/v2\/posts"}],"about":[{"href":"https:\/\/urbeamea.ro\/albaiulia\/wp-json\/wp\/v2\/types\/post"}],"author":[{"embeddable":true,"href":"https:\/\/urbeamea.ro\/albaiulia\/wp-json\/wp\/v2\/users\/16"}],"replies":[{"embeddable":true,"href":"https:\/\/urbeamea.ro\/albaiulia\/wp-json\/wp\/v2\/comments?post=111253"}],"version-history":[{"count":1,"href":"https:\/\/urbeamea.ro\/albaiulia\/wp-json\/wp\/v2\/posts\/111253\/revisions"}],"predecessor-version":[{"id":111266,"href":"https:\/\/urbeamea.ro\/albaiulia\/wp-json\/wp\/v2\/posts\/111253\/revisions\/111266"}],"wp:featuredmedia":[{"embeddable":true,"href":"https:\/\/urbeamea.ro\/albaiulia\/wp-json\/wp\/v2\/media\/111265"}],"wp:attachment":[{"href":"https:\/\/urbeamea.ro\/albaiulia\/wp-json\/wp\/v2\/media?parent=111253"}],"wp:term":[{"taxonomy":"category","embeddable":true,"href":"https:\/\/urbeamea.ro\/albaiulia\/wp-json\/wp\/v2\/categories?post=111253"},{"taxonomy":"post_tag","embeddable":true,"href":"https:\/\/urbeamea.ro\/albaiulia\/wp-json\/wp\/v2\/tags?post=111253"}],"curies":[{"name":"wp","href":"https:\/\/api.w.org\/{rel}","templated":true}]}}