{"id":111278,"date":"2024-04-30T17:11:31","date_gmt":"2024-04-30T14:11:31","guid":{"rendered":"https:\/\/urbeamea.ro\/albaiulia\/?p=111278"},"modified":"2024-04-30T17:13:22","modified_gmt":"2024-04-30T14:13:22","slug":"monumentul-de-pe-dealul-furcilor-locul-de-supliciu-al-conducatorilor-rascoalei-din-1784-horea-closca-si-crisan","status":"publish","type":"post","link":"https:\/\/urbeamea.ro\/albaiulia\/monumentul-de-pe-dealul-furcilor-locul-de-supliciu-al-conducatorilor-rascoalei-din-1784-horea-closca-si-crisan\/","title":{"rendered":"Monumentul de pe Dealul Furcilor. Locul de supliciu al conduc\u0103torilor R\u0103scoalei din 1784: Horea, Clo\u0219ca \u0219i Cri\u0219an"},"content":{"rendered":"\n<p><em><strong>Ne continu\u0103m c\u0103l\u0103toria noastr\u0103 \u00een municipiul Alba Iulia, \u0219i ajungem la un loc \u0219i la un monument \u00eenc\u0103rcat de \u00eensemn\u0103tate istoric\u0103 a jude\u021bului Alba \u0219i a locuitorilor din zona Mun\u021bilor Apuseni.  <\/strong><\/em><\/p>\n\n\n\n<p>V\u0103 vom prezenta \u00een cele ce urmeaz\u0103 povestea monumentului situat pe Dealul Furcilor din Alba Iulia.<\/p>\n\n\n\n<p><strong><em>Istoria monumentului de pe Dealul Furcilor <\/em><\/strong><\/p>\n\n\n\n<p>Monumentul este ridicat pe locul unde \u00een diminea\u021ba de 28 februarie 1785, conduc\u0103torii r\u0103scoalei \u021b\u0103r\u0103ne\u0219ti din Transilvania, Horea \u0219i Clo\u0219ca de c\u0103tre autorit\u0103\u021bile austriece.<\/p>\n\n\n\n<p>Obeliscul \u00eenchinat lui Horea, Clo\u0219ca \u0219i Cri\u0219an a fost ridicat 26 septembrie 1926, de c\u0103tre comunitatea local\u0103 din urbea albaiulian\u0103, lucru inscrip\u021bionat \u00een marmur\u0103 pe soclul acestuia.<\/p>\n\n\n\n<p><em>&#8221; Aici au fost fr\u00e2n\u021bi pe roat\u0103 la 28 II 1975, Horia \u0219i Clo\u0219ca conduc\u0103torii r\u0103scoalei din Mun\u021bii Apuseni. Peste jertfa lor de s\u00e2nge, azi str\u0103luce\u015fte soarele libert\u0103\u021bii&#8221;.<\/em><\/p>\n\n\n\n<p>\u00cen antichitate pe Dealul Furcilor se afla necropola ora\u0219ului roman Apulum, iar \u00een evul mediu a fost locul de tortur\u0103 \u0219i execu\u021bie al ora\u0219ului Alba Iulia.<\/p>\n\n\n\n<p>Pozi\u021bia acestuia era, \u00eens\u0103, de cealalt\u0103 parte a Dealului, spre sud, mai aproape de actualul cartier Parto\u0219.<\/p>\n\n\n\n<p>Cum la momentul inaugur\u0103rii monumentului, informa\u021bia nu erau cunoscut\u0103, s-a crezut c\u0103 locul execu\u021biei liderilor R\u0103scoalei din 1784-1785 este aproape de cel \u00een care a \u0219i fost amplasat.<\/p>\n\n\n\n<p>Monumentul, un obelisc din piatr\u0103 \u00eenalt de 4 metri, a fost a\u0219ezat pe soclul respectiv \u00een anul 1965, fiind placat cu marmur\u0103 \u0219i este m\u0103rginit de st\u00e2lpi lega\u021bi prin lan\u021buri \u0219i globuri metalice.<\/p>\n\n\n\n<figure class=\"wp-block-image size-large\"><img loading=\"lazy\" decoding=\"async\" width=\"1280\" height=\"960\" src=\"https:\/\/urbeamea.ro\/albaiulia\/wp-content\/uploads\/2024\/04\/8c8bea0f-b849-4b95-a575-a4a9fdba7714-1280x960.jpeg\" alt=\"\" class=\"wp-image-111279\" srcset=\"https:\/\/urbeamea.ro\/albaiulia\/wp-content\/uploads\/2024\/04\/8c8bea0f-b849-4b95-a575-a4a9fdba7714-1280x960.jpeg 1280w, https:\/\/urbeamea.ro\/albaiulia\/wp-content\/uploads\/2024\/04\/8c8bea0f-b849-4b95-a575-a4a9fdba7714-640x480.jpeg 640w, https:\/\/urbeamea.ro\/albaiulia\/wp-content\/uploads\/2024\/04\/8c8bea0f-b849-4b95-a575-a4a9fdba7714-150x113.jpeg 150w, https:\/\/urbeamea.ro\/albaiulia\/wp-content\/uploads\/2024\/04\/8c8bea0f-b849-4b95-a575-a4a9fdba7714-768x576.jpeg 768w, https:\/\/urbeamea.ro\/albaiulia\/wp-content\/uploads\/2024\/04\/8c8bea0f-b849-4b95-a575-a4a9fdba7714-1536x1152.jpeg 1536w, https:\/\/urbeamea.ro\/albaiulia\/wp-content\/uploads\/2024\/04\/8c8bea0f-b849-4b95-a575-a4a9fdba7714.jpeg 2040w\" sizes=\"auto, (max-width: 1280px) 100vw, 1280px\" \/><\/figure>\n\n\n\n<p>\u00cen 28 februarie 1959, este pus\u0103 o nou\u0103 plac\u0103 comemorativ\u0103 dedicat\u0103 conduc\u0103torilor R\u0103scoalei \u021b\u0103r\u0103ne\u0219ti din Transilvania, de c\u0103tre elevii fostului Liceu \u201eMihai Viteazul\u201d, care \u00een acel an prelua numele de \u201eHorea, Clo\u0219ca \u0219i Cri\u0219an\u201d.<\/p>\n\n\n\n<p><em>&#8222;Admira\u021bie \u0219i recuno\u0219tin\u021b\u0103 ve\u0219nic\u0103 lupt\u0103torilor pentru libertate \u0219i dreptate social\u0103 &#8211; Horia, Clo\u0219ca \u0219i Cri\u0219an. Omagiul nostru c\u0103peteniilor r\u0103scoalei din 1784, cu prilejul atribuirii numelui &#8222;Horia, Clo\u0219ca \u0219i Cri\u0219an&#8221;, \u0219colii medii din Alba &#8211; Iulia&#8221;.<\/em><\/p>\n\n\n\n<p>Horea \u015fi Clo\u015fca au fost captura\u0163i \u00een mun\u0163i, la 27 decembrie 1784, \u00een urma unei vaste ac\u0163iuni de urm\u0103rire. Odat\u0103 prin\u015fi, prizonierii au fost transporta\u0163i \u00een grab\u0103 sub escort\u0103 militar\u0103 la Abrud. De la Abrud, unde escorta a fost mult m\u0103rit\u0103, au fost du\u015fi la Alba Iulia, unde au ajuns la 2 ianuarie 1784.<br>Cri\u015fan, cel de-al treilea conduc\u0103tor al r\u0103scoalei, a fost prins abia dup\u0103 o lun\u0103, la sf\u00e2r\u015fitul lunii ianuarie. Dup\u0103 \u00eenfr\u00e2ngerea de la Mih\u0103ileni, el s-a refugiat la C\u00e2mpeni, unde s-a desp\u0103r\u0163it de ai s\u0103i, apuc\u00e2nd-o \u00een direc\u0163ia opus\u0103, adic\u0103 pe valea Arie\u015fului spre Turda.<\/p>\n\n\n\n<p>Familia sa era la C\u0103rpini\u015f \u015fi ar fi vrut s\u0103 o vad\u0103, \u00eens\u0103 \u015ftia c\u0103 era urm\u0103rit de trupele austriece. A r\u0103t\u0103cit pe poteci mai pu\u0163in umblate, a ocolit c\u0103tunele, prefer\u00e2nd regiunea cet\u0103\u0163ilor Ponorului, \u015fi-a schimbat hainele cu ni\u015fte zdren\u0163e pentru a p\u0103rea un cer\u015fetor. \u00cens\u0103, c\u00e2\u0163iva \u0163\u0103rani, \u00een schimbul recompensei b\u0103ne\u015fti promise, i-au ajutat pe solda\u0163ii imperiali s\u0103 \u00eel aresteze. A fost dus sub escort\u0103 la Alba-Iulia, unde a ajuns la 1 februarie.<\/p>\n\n\n\n<p>Cei trei prizonieri au fost \u00eencarcera\u0163i \u00een temni\u0163e diferite, fiind \u00eencredin\u0163a\u0163i Comisiei de judecat\u0103 pentru cercet\u0103ri, condus\u0103 de comisarul imperial, contele Anton von Jankovich, sosit de la Viena.<\/p>\n\n\n\n<p>\u00cen urma procesului intentat celor trei conduc\u0103tori ai r\u0103scoalei, la 25 februarie 1875 este pronun\u021bat\u0103 sentin\u021ba prin care sunt condamna\u021bi la moarte, prin zdrobirea corpului cu roata de &#8222;jos \u00een sus&#8221;, adic\u0103 de la fluierele picioarelor spre cap.<\/p>\n\n\n\n<p>Sentin\u0163a fusese hot\u0103r\u00e2t\u0103 de \u00eemp\u0103rat \u00eenc\u0103 din 10 ianuarie, \u00een acela\u015fi timp cu spectacolul macabru al execu\u0163iei: &#8222;Trebuia sa se dea un exemplu tare, dar aceasta s\u0103 se organizeze \u00een a\u015fa fel \u00eenc\u00e2t ace\u015fti nemernici s\u0103 fie condu\u015fi nu numai \u00eentr-un singur loc, ci \u00een mai multe, unde ei au comis marile lor tic\u0103lo\u015fii, pentru a fi ar\u0103ta\u0163i ca pild\u0103 de \u00eensp\u0103im\u00e2ntare poporului de jos \u015fi complicilor lor am\u0103gi\u0163i, iar apoi s\u0103 fie executa\u0163i \u00eentr-un mod spectaculos, \u00eentr-o zi dinainte anun\u0163at\u0103, \u00eentr-un loc vizibil, unde s\u0103 se poat\u0103 str\u00e2nge cel mai mare num\u0103r cu putin\u0163\u0103 dintre supu\u015fi \u015fi unde mai sunt \u00eenc\u0103 spiritele cele mai r\u0103zvr\u0103tite&#8221;, arat\u0103 ordinul imperial de execu\u0163ie, trimis contelui Jankovich.<\/p>\n\n\n\n<p>La 28 februarie 1875, pe Dealul Furcilor de l\u00e2ng\u0103 Alba Iulia, \u00een fa\u0163a unei mul\u0163imi formate din \u0163\u0103rani adu\u015fi din satele apropiate s\u0103 participe la execu\u0163ie, Clo\u015fca a fost primul fr\u00e2nt pe roat\u0103. Horea era \u0163inut de ajutoarele c\u0103l\u0103ului, fiind obligat s\u0103 priveasc\u0103 tortura prin care urma s\u0103 treac\u0103 \u015fi el.<\/p>\n\n\n\n<p>Apoi, le-au fost t\u0103iate capetele, iar trupurile au fost ciop\u00e2r\u0163ite pentru a fi trimise \u00een diferite locuri ale r\u0103scoalei \u015fi expuse la r\u0103scruce de drumuri, conform recomand\u0103rii \u00eemp\u0103ratului. <\/p>\n\n\n\n<p>Aceea\u015fi pedeaps\u0103 a fost aplicat\u0103 \u015fi trupului ne\u00eensufle\u0163it al lui Cri\u015fan.<\/p>\n\n\n\n<figure class=\"wp-block-gallery has-nested-images columns-default is-cropped wp-block-gallery-1 is-layout-flex wp-block-gallery-is-layout-flex\">\n<figure class=\"wp-block-image size-large\"><img loading=\"lazy\" decoding=\"async\" width=\"960\" height=\"1280\" data-id=\"111281\" src=\"https:\/\/urbeamea.ro\/albaiulia\/wp-content\/uploads\/2024\/04\/f22bcaaa-1943-45e9-9a2f-e7d75400d232-960x1280.jpeg\" alt=\"\" class=\"wp-image-111281\" srcset=\"https:\/\/urbeamea.ro\/albaiulia\/wp-content\/uploads\/2024\/04\/f22bcaaa-1943-45e9-9a2f-e7d75400d232-960x1280.jpeg 960w, https:\/\/urbeamea.ro\/albaiulia\/wp-content\/uploads\/2024\/04\/f22bcaaa-1943-45e9-9a2f-e7d75400d232-480x640.jpeg 480w, https:\/\/urbeamea.ro\/albaiulia\/wp-content\/uploads\/2024\/04\/f22bcaaa-1943-45e9-9a2f-e7d75400d232-113x150.jpeg 113w, https:\/\/urbeamea.ro\/albaiulia\/wp-content\/uploads\/2024\/04\/f22bcaaa-1943-45e9-9a2f-e7d75400d232-768x1024.jpeg 768w, https:\/\/urbeamea.ro\/albaiulia\/wp-content\/uploads\/2024\/04\/f22bcaaa-1943-45e9-9a2f-e7d75400d232-1152x1536.jpeg 1152w, https:\/\/urbeamea.ro\/albaiulia\/wp-content\/uploads\/2024\/04\/f22bcaaa-1943-45e9-9a2f-e7d75400d232.jpeg 1530w\" sizes=\"auto, (max-width: 960px) 100vw, 960px\" \/><\/figure>\n\n\n\n<figure class=\"wp-block-image size-large\"><img loading=\"lazy\" decoding=\"async\" width=\"960\" height=\"1280\" data-id=\"111282\" src=\"https:\/\/urbeamea.ro\/albaiulia\/wp-content\/uploads\/2024\/04\/1b2a1a53-496b-4486-8fea-48f0866806eb-960x1280.jpeg\" alt=\"\" class=\"wp-image-111282\" srcset=\"https:\/\/urbeamea.ro\/albaiulia\/wp-content\/uploads\/2024\/04\/1b2a1a53-496b-4486-8fea-48f0866806eb-960x1280.jpeg 960w, https:\/\/urbeamea.ro\/albaiulia\/wp-content\/uploads\/2024\/04\/1b2a1a53-496b-4486-8fea-48f0866806eb-480x640.jpeg 480w, https:\/\/urbeamea.ro\/albaiulia\/wp-content\/uploads\/2024\/04\/1b2a1a53-496b-4486-8fea-48f0866806eb-113x150.jpeg 113w, https:\/\/urbeamea.ro\/albaiulia\/wp-content\/uploads\/2024\/04\/1b2a1a53-496b-4486-8fea-48f0866806eb-768x1024.jpeg 768w, https:\/\/urbeamea.ro\/albaiulia\/wp-content\/uploads\/2024\/04\/1b2a1a53-496b-4486-8fea-48f0866806eb-1152x1536.jpeg 1152w, https:\/\/urbeamea.ro\/albaiulia\/wp-content\/uploads\/2024\/04\/1b2a1a53-496b-4486-8fea-48f0866806eb.jpeg 1530w\" sizes=\"auto, (max-width: 960px) 100vw, 960px\" \/><\/figure>\n\n\n\n<figure class=\"wp-block-image size-large\"><img loading=\"lazy\" decoding=\"async\" width=\"960\" height=\"1280\" data-id=\"111283\" src=\"https:\/\/urbeamea.ro\/albaiulia\/wp-content\/uploads\/2024\/04\/7f6d8a54-bb27-41a9-866c-baa771040461-960x1280.jpeg\" alt=\"\" class=\"wp-image-111283\" srcset=\"https:\/\/urbeamea.ro\/albaiulia\/wp-content\/uploads\/2024\/04\/7f6d8a54-bb27-41a9-866c-baa771040461-960x1280.jpeg 960w, https:\/\/urbeamea.ro\/albaiulia\/wp-content\/uploads\/2024\/04\/7f6d8a54-bb27-41a9-866c-baa771040461-480x640.jpeg 480w, https:\/\/urbeamea.ro\/albaiulia\/wp-content\/uploads\/2024\/04\/7f6d8a54-bb27-41a9-866c-baa771040461-113x150.jpeg 113w, https:\/\/urbeamea.ro\/albaiulia\/wp-content\/uploads\/2024\/04\/7f6d8a54-bb27-41a9-866c-baa771040461-768x1024.jpeg 768w, https:\/\/urbeamea.ro\/albaiulia\/wp-content\/uploads\/2024\/04\/7f6d8a54-bb27-41a9-866c-baa771040461-1152x1536.jpeg 1152w, https:\/\/urbeamea.ro\/albaiulia\/wp-content\/uploads\/2024\/04\/7f6d8a54-bb27-41a9-866c-baa771040461.jpeg 1530w\" sizes=\"auto, (max-width: 960px) 100vw, 960px\" \/><\/figure>\n\n\n\n<figure class=\"wp-block-image size-large\"><img loading=\"lazy\" decoding=\"async\" width=\"1280\" height=\"960\" data-id=\"111289\" src=\"https:\/\/urbeamea.ro\/albaiulia\/wp-content\/uploads\/2024\/04\/14ba678e-5e66-49ec-9b14-d3cf1b606545-1280x960.jpeg\" alt=\"\" class=\"wp-image-111289\" srcset=\"https:\/\/urbeamea.ro\/albaiulia\/wp-content\/uploads\/2024\/04\/14ba678e-5e66-49ec-9b14-d3cf1b606545-1280x960.jpeg 1280w, https:\/\/urbeamea.ro\/albaiulia\/wp-content\/uploads\/2024\/04\/14ba678e-5e66-49ec-9b14-d3cf1b606545-640x480.jpeg 640w, https:\/\/urbeamea.ro\/albaiulia\/wp-content\/uploads\/2024\/04\/14ba678e-5e66-49ec-9b14-d3cf1b606545-150x113.jpeg 150w, https:\/\/urbeamea.ro\/albaiulia\/wp-content\/uploads\/2024\/04\/14ba678e-5e66-49ec-9b14-d3cf1b606545-768x576.jpeg 768w, https:\/\/urbeamea.ro\/albaiulia\/wp-content\/uploads\/2024\/04\/14ba678e-5e66-49ec-9b14-d3cf1b606545-1536x1152.jpeg 1536w, https:\/\/urbeamea.ro\/albaiulia\/wp-content\/uploads\/2024\/04\/14ba678e-5e66-49ec-9b14-d3cf1b606545.jpeg 2040w\" sizes=\"auto, (max-width: 1280px) 100vw, 1280px\" \/><\/figure>\n\n\n\n<figure class=\"wp-block-image size-large\"><img loading=\"lazy\" decoding=\"async\" width=\"1280\" height=\"960\" data-id=\"111285\" src=\"https:\/\/urbeamea.ro\/albaiulia\/wp-content\/uploads\/2024\/04\/40a5b4ff-895f-4997-8c03-5551dcff2a3d-1280x960.jpeg\" alt=\"\" class=\"wp-image-111285\" srcset=\"https:\/\/urbeamea.ro\/albaiulia\/wp-content\/uploads\/2024\/04\/40a5b4ff-895f-4997-8c03-5551dcff2a3d-1280x960.jpeg 1280w, https:\/\/urbeamea.ro\/albaiulia\/wp-content\/uploads\/2024\/04\/40a5b4ff-895f-4997-8c03-5551dcff2a3d-640x480.jpeg 640w, https:\/\/urbeamea.ro\/albaiulia\/wp-content\/uploads\/2024\/04\/40a5b4ff-895f-4997-8c03-5551dcff2a3d-150x113.jpeg 150w, https:\/\/urbeamea.ro\/albaiulia\/wp-content\/uploads\/2024\/04\/40a5b4ff-895f-4997-8c03-5551dcff2a3d-768x576.jpeg 768w, https:\/\/urbeamea.ro\/albaiulia\/wp-content\/uploads\/2024\/04\/40a5b4ff-895f-4997-8c03-5551dcff2a3d-1536x1152.jpeg 1536w, https:\/\/urbeamea.ro\/albaiulia\/wp-content\/uploads\/2024\/04\/40a5b4ff-895f-4997-8c03-5551dcff2a3d.jpeg 2040w\" sizes=\"auto, (max-width: 1280px) 100vw, 1280px\" \/><\/figure>\n\n\n\n<figure class=\"wp-block-image size-large\"><img loading=\"lazy\" decoding=\"async\" width=\"960\" height=\"1280\" data-id=\"111280\" src=\"https:\/\/urbeamea.ro\/albaiulia\/wp-content\/uploads\/2024\/04\/60cf9034-c59f-491a-b4e8-90250fadfd0f-960x1280.jpeg\" alt=\"\" class=\"wp-image-111280\" srcset=\"https:\/\/urbeamea.ro\/albaiulia\/wp-content\/uploads\/2024\/04\/60cf9034-c59f-491a-b4e8-90250fadfd0f-960x1280.jpeg 960w, https:\/\/urbeamea.ro\/albaiulia\/wp-content\/uploads\/2024\/04\/60cf9034-c59f-491a-b4e8-90250fadfd0f-480x640.jpeg 480w, https:\/\/urbeamea.ro\/albaiulia\/wp-content\/uploads\/2024\/04\/60cf9034-c59f-491a-b4e8-90250fadfd0f-113x150.jpeg 113w, https:\/\/urbeamea.ro\/albaiulia\/wp-content\/uploads\/2024\/04\/60cf9034-c59f-491a-b4e8-90250fadfd0f-768x1024.jpeg 768w, https:\/\/urbeamea.ro\/albaiulia\/wp-content\/uploads\/2024\/04\/60cf9034-c59f-491a-b4e8-90250fadfd0f-1152x1536.jpeg 1152w, https:\/\/urbeamea.ro\/albaiulia\/wp-content\/uploads\/2024\/04\/60cf9034-c59f-491a-b4e8-90250fadfd0f.jpeg 1530w\" sizes=\"auto, (max-width: 960px) 100vw, 960px\" \/><\/figure>\n\n\n\n<figure class=\"wp-block-image size-large\"><img loading=\"lazy\" decoding=\"async\" width=\"960\" height=\"1280\" data-id=\"111284\" src=\"https:\/\/urbeamea.ro\/albaiulia\/wp-content\/uploads\/2024\/04\/421ba2e2-0a0e-4e41-abd3-6f8b128a94f7-960x1280.jpeg\" alt=\"\" class=\"wp-image-111284\" srcset=\"https:\/\/urbeamea.ro\/albaiulia\/wp-content\/uploads\/2024\/04\/421ba2e2-0a0e-4e41-abd3-6f8b128a94f7-960x1280.jpeg 960w, https:\/\/urbeamea.ro\/albaiulia\/wp-content\/uploads\/2024\/04\/421ba2e2-0a0e-4e41-abd3-6f8b128a94f7-480x640.jpeg 480w, https:\/\/urbeamea.ro\/albaiulia\/wp-content\/uploads\/2024\/04\/421ba2e2-0a0e-4e41-abd3-6f8b128a94f7-113x150.jpeg 113w, https:\/\/urbeamea.ro\/albaiulia\/wp-content\/uploads\/2024\/04\/421ba2e2-0a0e-4e41-abd3-6f8b128a94f7-768x1024.jpeg 768w, https:\/\/urbeamea.ro\/albaiulia\/wp-content\/uploads\/2024\/04\/421ba2e2-0a0e-4e41-abd3-6f8b128a94f7-1152x1536.jpeg 1152w, https:\/\/urbeamea.ro\/albaiulia\/wp-content\/uploads\/2024\/04\/421ba2e2-0a0e-4e41-abd3-6f8b128a94f7.jpeg 1530w\" sizes=\"auto, (max-width: 960px) 100vw, 960px\" \/><\/figure>\n\n\n\n<figure class=\"wp-block-image size-large\"><img loading=\"lazy\" decoding=\"async\" width=\"1280\" height=\"960\" data-id=\"111287\" src=\"https:\/\/urbeamea.ro\/albaiulia\/wp-content\/uploads\/2024\/04\/6726c722-5aba-4444-81bb-088a6fc3eaa5-1280x960.jpeg\" alt=\"\" class=\"wp-image-111287\" srcset=\"https:\/\/urbeamea.ro\/albaiulia\/wp-content\/uploads\/2024\/04\/6726c722-5aba-4444-81bb-088a6fc3eaa5-1280x960.jpeg 1280w, https:\/\/urbeamea.ro\/albaiulia\/wp-content\/uploads\/2024\/04\/6726c722-5aba-4444-81bb-088a6fc3eaa5-640x480.jpeg 640w, https:\/\/urbeamea.ro\/albaiulia\/wp-content\/uploads\/2024\/04\/6726c722-5aba-4444-81bb-088a6fc3eaa5-150x113.jpeg 150w, https:\/\/urbeamea.ro\/albaiulia\/wp-content\/uploads\/2024\/04\/6726c722-5aba-4444-81bb-088a6fc3eaa5-768x576.jpeg 768w, https:\/\/urbeamea.ro\/albaiulia\/wp-content\/uploads\/2024\/04\/6726c722-5aba-4444-81bb-088a6fc3eaa5-1536x1152.jpeg 1536w, https:\/\/urbeamea.ro\/albaiulia\/wp-content\/uploads\/2024\/04\/6726c722-5aba-4444-81bb-088a6fc3eaa5.jpeg 2040w\" sizes=\"auto, (max-width: 1280px) 100vw, 1280px\" \/><\/figure>\n\n\n\n<figure class=\"wp-block-image size-large\"><img loading=\"lazy\" decoding=\"async\" width=\"960\" height=\"1280\" data-id=\"111290\" src=\"https:\/\/urbeamea.ro\/albaiulia\/wp-content\/uploads\/2024\/04\/ab1a7425-a0c3-471e-bd49-662475908ee9-960x1280.jpeg\" alt=\"\" class=\"wp-image-111290\" srcset=\"https:\/\/urbeamea.ro\/albaiulia\/wp-content\/uploads\/2024\/04\/ab1a7425-a0c3-471e-bd49-662475908ee9-960x1280.jpeg 960w, https:\/\/urbeamea.ro\/albaiulia\/wp-content\/uploads\/2024\/04\/ab1a7425-a0c3-471e-bd49-662475908ee9-480x640.jpeg 480w, https:\/\/urbeamea.ro\/albaiulia\/wp-content\/uploads\/2024\/04\/ab1a7425-a0c3-471e-bd49-662475908ee9-113x150.jpeg 113w, https:\/\/urbeamea.ro\/albaiulia\/wp-content\/uploads\/2024\/04\/ab1a7425-a0c3-471e-bd49-662475908ee9-768x1024.jpeg 768w, https:\/\/urbeamea.ro\/albaiulia\/wp-content\/uploads\/2024\/04\/ab1a7425-a0c3-471e-bd49-662475908ee9-1152x1536.jpeg 1152w, https:\/\/urbeamea.ro\/albaiulia\/wp-content\/uploads\/2024\/04\/ab1a7425-a0c3-471e-bd49-662475908ee9.jpeg 1530w\" sizes=\"auto, (max-width: 960px) 100vw, 960px\" \/><\/figure>\n\n\n\n<figure class=\"wp-block-image size-large\"><img loading=\"lazy\" decoding=\"async\" width=\"960\" height=\"1280\" data-id=\"111286\" src=\"https:\/\/urbeamea.ro\/albaiulia\/wp-content\/uploads\/2024\/04\/de039ba8-1536-4ad3-95d5-a71b67885545-960x1280.jpeg\" alt=\"\" class=\"wp-image-111286\" srcset=\"https:\/\/urbeamea.ro\/albaiulia\/wp-content\/uploads\/2024\/04\/de039ba8-1536-4ad3-95d5-a71b67885545-960x1280.jpeg 960w, https:\/\/urbeamea.ro\/albaiulia\/wp-content\/uploads\/2024\/04\/de039ba8-1536-4ad3-95d5-a71b67885545-480x640.jpeg 480w, https:\/\/urbeamea.ro\/albaiulia\/wp-content\/uploads\/2024\/04\/de039ba8-1536-4ad3-95d5-a71b67885545-113x150.jpeg 113w, https:\/\/urbeamea.ro\/albaiulia\/wp-content\/uploads\/2024\/04\/de039ba8-1536-4ad3-95d5-a71b67885545-768x1024.jpeg 768w, https:\/\/urbeamea.ro\/albaiulia\/wp-content\/uploads\/2024\/04\/de039ba8-1536-4ad3-95d5-a71b67885545-1152x1536.jpeg 1152w, https:\/\/urbeamea.ro\/albaiulia\/wp-content\/uploads\/2024\/04\/de039ba8-1536-4ad3-95d5-a71b67885545.jpeg 1530w\" sizes=\"auto, (max-width: 960px) 100vw, 960px\" \/><\/figure>\n\n\n\n<figure class=\"wp-block-image size-large\"><img loading=\"lazy\" decoding=\"async\" width=\"960\" height=\"1280\" data-id=\"111288\" src=\"https:\/\/urbeamea.ro\/albaiulia\/wp-content\/uploads\/2024\/04\/eb534b66-4cb0-4445-94c7-7d2a4e5b2b8c-960x1280.jpeg\" alt=\"\" class=\"wp-image-111288\" srcset=\"https:\/\/urbeamea.ro\/albaiulia\/wp-content\/uploads\/2024\/04\/eb534b66-4cb0-4445-94c7-7d2a4e5b2b8c-960x1280.jpeg 960w, https:\/\/urbeamea.ro\/albaiulia\/wp-content\/uploads\/2024\/04\/eb534b66-4cb0-4445-94c7-7d2a4e5b2b8c-480x640.jpeg 480w, https:\/\/urbeamea.ro\/albaiulia\/wp-content\/uploads\/2024\/04\/eb534b66-4cb0-4445-94c7-7d2a4e5b2b8c-113x150.jpeg 113w, https:\/\/urbeamea.ro\/albaiulia\/wp-content\/uploads\/2024\/04\/eb534b66-4cb0-4445-94c7-7d2a4e5b2b8c-768x1024.jpeg 768w, https:\/\/urbeamea.ro\/albaiulia\/wp-content\/uploads\/2024\/04\/eb534b66-4cb0-4445-94c7-7d2a4e5b2b8c-1152x1536.jpeg 1152w, https:\/\/urbeamea.ro\/albaiulia\/wp-content\/uploads\/2024\/04\/eb534b66-4cb0-4445-94c7-7d2a4e5b2b8c.jpeg 1530w\" sizes=\"auto, (max-width: 960px) 100vw, 960px\" \/><\/figure>\n<\/figure>\n","protected":false},"excerpt":{"rendered":"<p>Ne continu\u0103m c\u0103l\u0103toria noastr\u0103 \u00een municipiul Alba Iulia, \u0219i ajungem la un loc \u0219i la un monument \u00eenc\u0103rcat de \u00eensemn\u0103tate istoric\u0103 pentru zona jude\u021bului Alba \u0219i a Mun\u021bilor Apuseni. <\/p>\n","protected":false},"author":28,"featured_media":111283,"comment_status":"open","ping_status":"open","sticky":false,"template":"","format":"standard","meta":{"inline_featured_image":false,"footnotes":""},"categories":[8857,24746],"tags":[5718,24986],"class_list":["post-111278","post","type-post","status-publish","format-standard","has-post-thumbnail","hentry","category-istorie","category-reportaje","tag-dealul-furcilor","tag-horea-closca-si-crisan"],"yoast_head":"<!-- This site is optimized with the Yoast SEO plugin v27.4 - https:\/\/yoast.com\/product\/yoast-seo-wordpress\/ -->\n<title>Monumentul de pe Dealul Furcilor. Locul de supliciu al conduc\u0103torilor R\u0103scoalei din 1784: Horea, Clo\u0219ca \u0219i Cri\u0219an - Revista Urbea Mea - Revista de Alba<\/title>\n<meta name=\"description\" content=\"Ne continu\u0103m c\u0103l\u0103toria noastr\u0103 \u00een municipiul Alba Iulia, \u0219i ajungem la un loc \u0219i la un monument \u00eenc\u0103rcat de \u00eensemn\u0103tate istoric\u0103 pentru zona jude\u021bului Alba \u0219i a Mun\u021bilor Apuseni.\" \/>\n<meta name=\"robots\" content=\"index, follow, max-snippet:-1, max-image-preview:large, max-video-preview:-1\" \/>\n<link rel=\"canonical\" href=\"https:\/\/urbeamea.ro\/albaiulia\/monumentul-de-pe-dealul-furcilor-locul-de-supliciu-al-conducatorilor-rascoalei-din-1784-horea-closca-si-crisan\/\" \/>\n<meta name=\"twitter:card\" content=\"summary_large_image\" \/>\n<meta name=\"twitter:title\" content=\"Monumentul de pe Dealul Furcilor. Locul de supliciu al conduc\u0103torilor R\u0103scoalei din 1784: Horea, Clo\u0219ca \u0219i Cri\u0219an - Revista Urbea Mea - Revista de Alba\" \/>\n<meta name=\"twitter:description\" content=\"Ne continu\u0103m c\u0103l\u0103toria noastr\u0103 \u00een municipiul Alba Iulia, \u0219i ajungem la un loc \u0219i la un monument \u00eenc\u0103rcat de \u00eensemn\u0103tate istoric\u0103 pentru zona jude\u021bului Alba \u0219i a Mun\u021bilor Apuseni.\" \/>\n<meta name=\"twitter:image\" content=\"https:\/\/urbeamea.ro\/albaiulia\/wp-content\/uploads\/2024\/04\/7f6d8a54-bb27-41a9-866c-baa771040461.jpeg\" \/>\n<meta name=\"twitter:creator\" content=\"@urbeameaweb\" \/>\n<meta name=\"twitter:site\" content=\"@urbeameaweb\" \/>\n<script type=\"application\/ld+json\" class=\"yoast-schema-graph\">{\"@context\":\"https:\\\/\\\/schema.org\",\"@graph\":[{\"@type\":\"Article\",\"@id\":\"https:\\\/\\\/urbeamea.ro\\\/albaiulia\\\/monumentul-de-pe-dealul-furcilor-locul-de-supliciu-al-conducatorilor-rascoalei-din-1784-horea-closca-si-crisan\\\/#article\",\"isPartOf\":{\"@id\":\"https:\\\/\\\/urbeamea.ro\\\/albaiulia\\\/monumentul-de-pe-dealul-furcilor-locul-de-supliciu-al-conducatorilor-rascoalei-din-1784-horea-closca-si-crisan\\\/\"},\"author\":{\"name\":\"Giurca Sorin\",\"@id\":\"https:\\\/\\\/urbeamea.ro\\\/albaiulia\\\/#\\\/schema\\\/person\\\/5db3854ac38c1cc9f0ab4092d6a20f02\"},\"headline\":\"Monumentul de pe Dealul Furcilor. Locul de supliciu al conduc\u0103torilor R\u0103scoalei din 1784: Horea, Clo\u0219ca \u0219i Cri\u0219an\",\"datePublished\":\"2024-04-30T14:11:31+00:00\",\"dateModified\":\"2024-04-30T14:13:22+00:00\",\"mainEntityOfPage\":{\"@id\":\"https:\\\/\\\/urbeamea.ro\\\/albaiulia\\\/monumentul-de-pe-dealul-furcilor-locul-de-supliciu-al-conducatorilor-rascoalei-din-1784-horea-closca-si-crisan\\\/\"},\"wordCount\":899,\"commentCount\":0,\"image\":{\"@id\":\"https:\\\/\\\/urbeamea.ro\\\/albaiulia\\\/monumentul-de-pe-dealul-furcilor-locul-de-supliciu-al-conducatorilor-rascoalei-din-1784-horea-closca-si-crisan\\\/#primaryimage\"},\"thumbnailUrl\":\"https:\\\/\\\/urbeamea.ro\\\/albaiulia\\\/wp-content\\\/uploads\\\/2024\\\/04\\\/7f6d8a54-bb27-41a9-866c-baa771040461.jpeg\",\"keywords\":[\"dealul furcilor\",\"horea closca si crisan\"],\"articleSection\":[\"Istorie\",\"Reportaje\"],\"inLanguage\":\"ro-RO\",\"potentialAction\":[{\"@type\":\"CommentAction\",\"name\":\"Comment\",\"target\":[\"https:\\\/\\\/urbeamea.ro\\\/albaiulia\\\/monumentul-de-pe-dealul-furcilor-locul-de-supliciu-al-conducatorilor-rascoalei-din-1784-horea-closca-si-crisan\\\/#respond\"]}]},{\"@type\":\"WebPage\",\"@id\":\"https:\\\/\\\/urbeamea.ro\\\/albaiulia\\\/monumentul-de-pe-dealul-furcilor-locul-de-supliciu-al-conducatorilor-rascoalei-din-1784-horea-closca-si-crisan\\\/\",\"url\":\"https:\\\/\\\/urbeamea.ro\\\/albaiulia\\\/monumentul-de-pe-dealul-furcilor-locul-de-supliciu-al-conducatorilor-rascoalei-din-1784-horea-closca-si-crisan\\\/\",\"name\":\"Monumentul de pe Dealul Furcilor. Locul de supliciu al conduc\u0103torilor R\u0103scoalei din 1784: Horea, Clo\u0219ca \u0219i Cri\u0219an - Revista Urbea Mea - Revista de Alba\",\"isPartOf\":{\"@id\":\"https:\\\/\\\/urbeamea.ro\\\/albaiulia\\\/#website\"},\"primaryImageOfPage\":{\"@id\":\"https:\\\/\\\/urbeamea.ro\\\/albaiulia\\\/monumentul-de-pe-dealul-furcilor-locul-de-supliciu-al-conducatorilor-rascoalei-din-1784-horea-closca-si-crisan\\\/#primaryimage\"},\"image\":{\"@id\":\"https:\\\/\\\/urbeamea.ro\\\/albaiulia\\\/monumentul-de-pe-dealul-furcilor-locul-de-supliciu-al-conducatorilor-rascoalei-din-1784-horea-closca-si-crisan\\\/#primaryimage\"},\"thumbnailUrl\":\"https:\\\/\\\/urbeamea.ro\\\/albaiulia\\\/wp-content\\\/uploads\\\/2024\\\/04\\\/7f6d8a54-bb27-41a9-866c-baa771040461.jpeg\",\"datePublished\":\"2024-04-30T14:11:31+00:00\",\"dateModified\":\"2024-04-30T14:13:22+00:00\",\"author\":{\"@id\":\"https:\\\/\\\/urbeamea.ro\\\/albaiulia\\\/#\\\/schema\\\/person\\\/5db3854ac38c1cc9f0ab4092d6a20f02\"},\"description\":\"Ne continu\u0103m c\u0103l\u0103toria noastr\u0103 \u00een municipiul Alba Iulia, \u0219i ajungem la un loc \u0219i la un monument \u00eenc\u0103rcat de \u00eensemn\u0103tate istoric\u0103 pentru zona jude\u021bului Alba \u0219i a Mun\u021bilor Apuseni.\",\"breadcrumb\":{\"@id\":\"https:\\\/\\\/urbeamea.ro\\\/albaiulia\\\/monumentul-de-pe-dealul-furcilor-locul-de-supliciu-al-conducatorilor-rascoalei-din-1784-horea-closca-si-crisan\\\/#breadcrumb\"},\"inLanguage\":\"ro-RO\",\"potentialAction\":[{\"@type\":\"ReadAction\",\"target\":[\"https:\\\/\\\/urbeamea.ro\\\/albaiulia\\\/monumentul-de-pe-dealul-furcilor-locul-de-supliciu-al-conducatorilor-rascoalei-din-1784-horea-closca-si-crisan\\\/\"]}]},{\"@type\":\"ImageObject\",\"inLanguage\":\"ro-RO\",\"@id\":\"https:\\\/\\\/urbeamea.ro\\\/albaiulia\\\/monumentul-de-pe-dealul-furcilor-locul-de-supliciu-al-conducatorilor-rascoalei-din-1784-horea-closca-si-crisan\\\/#primaryimage\",\"url\":\"https:\\\/\\\/urbeamea.ro\\\/albaiulia\\\/wp-content\\\/uploads\\\/2024\\\/04\\\/7f6d8a54-bb27-41a9-866c-baa771040461.jpeg\",\"contentUrl\":\"https:\\\/\\\/urbeamea.ro\\\/albaiulia\\\/wp-content\\\/uploads\\\/2024\\\/04\\\/7f6d8a54-bb27-41a9-866c-baa771040461.jpeg\",\"width\":1530,\"height\":2040},{\"@type\":\"BreadcrumbList\",\"@id\":\"https:\\\/\\\/urbeamea.ro\\\/albaiulia\\\/monumentul-de-pe-dealul-furcilor-locul-de-supliciu-al-conducatorilor-rascoalei-din-1784-horea-closca-si-crisan\\\/#breadcrumb\",\"itemListElement\":[{\"@type\":\"ListItem\",\"position\":1,\"name\":\"Prima pagin\u0103\",\"item\":\"https:\\\/\\\/urbeamea.ro\\\/albaiulia\\\/\"},{\"@type\":\"ListItem\",\"position\":2,\"name\":\"Monumentul de pe Dealul Furcilor. Locul de supliciu al conduc\u0103torilor R\u0103scoalei din 1784: Horea, Clo\u0219ca \u0219i Cri\u0219an\"}]},{\"@type\":\"WebSite\",\"@id\":\"https:\\\/\\\/urbeamea.ro\\\/albaiulia\\\/#website\",\"url\":\"https:\\\/\\\/urbeamea.ro\\\/albaiulia\\\/\",\"name\":\"Revista Urbea Mea, Stiri urbane\",\"description\":\"Evenimente \u0219i \u0219tiri din Alba Iulia, Sebe\u0219, Aiud, Blaj\",\"potentialAction\":[{\"@type\":\"SearchAction\",\"target\":{\"@type\":\"EntryPoint\",\"urlTemplate\":\"https:\\\/\\\/urbeamea.ro\\\/albaiulia\\\/?s={search_term_string}\"},\"query-input\":{\"@type\":\"PropertyValueSpecification\",\"valueRequired\":true,\"valueName\":\"search_term_string\"}}],\"inLanguage\":\"ro-RO\"},{\"@type\":\"Person\",\"@id\":\"https:\\\/\\\/urbeamea.ro\\\/albaiulia\\\/#\\\/schema\\\/person\\\/5db3854ac38c1cc9f0ab4092d6a20f02\",\"name\":\"Giurca Sorin\",\"image\":{\"@type\":\"ImageObject\",\"inLanguage\":\"ro-RO\",\"@id\":\"https:\\\/\\\/secure.gravatar.com\\\/avatar\\\/120f6fcae7b3b47a7730cb9943f612f4909f68ac5284b5f40ac1c4615fd70576?s=96&d=mm&r=g\",\"url\":\"https:\\\/\\\/secure.gravatar.com\\\/avatar\\\/120f6fcae7b3b47a7730cb9943f612f4909f68ac5284b5f40ac1c4615fd70576?s=96&d=mm&r=g\",\"contentUrl\":\"https:\\\/\\\/secure.gravatar.com\\\/avatar\\\/120f6fcae7b3b47a7730cb9943f612f4909f68ac5284b5f40ac1c4615fd70576?s=96&d=mm&r=g\",\"caption\":\"Giurca Sorin\"},\"url\":\"https:\\\/\\\/urbeamea.ro\\\/albaiulia\\\/author\\\/sorin\\\/\"}]}<\/script>\n<!-- \/ Yoast SEO plugin. -->","yoast_head_json":{"title":"Monumentul de pe Dealul Furcilor. Locul de supliciu al conduc\u0103torilor R\u0103scoalei din 1784: Horea, Clo\u0219ca \u0219i Cri\u0219an - Revista Urbea Mea - Revista de Alba","description":"Ne continu\u0103m c\u0103l\u0103toria noastr\u0103 \u00een municipiul Alba Iulia, \u0219i ajungem la un loc \u0219i la un monument \u00eenc\u0103rcat de \u00eensemn\u0103tate istoric\u0103 pentru zona jude\u021bului Alba \u0219i a Mun\u021bilor Apuseni.","robots":{"index":"index","follow":"follow","max-snippet":"max-snippet:-1","max-image-preview":"max-image-preview:large","max-video-preview":"max-video-preview:-1"},"canonical":"https:\/\/urbeamea.ro\/albaiulia\/monumentul-de-pe-dealul-furcilor-locul-de-supliciu-al-conducatorilor-rascoalei-din-1784-horea-closca-si-crisan\/","twitter_card":"summary_large_image","twitter_title":"Monumentul de pe Dealul Furcilor. Locul de supliciu al conduc\u0103torilor R\u0103scoalei din 1784: Horea, Clo\u0219ca \u0219i Cri\u0219an - Revista Urbea Mea - Revista de Alba","twitter_description":"Ne continu\u0103m c\u0103l\u0103toria noastr\u0103 \u00een municipiul Alba Iulia, \u0219i ajungem la un loc \u0219i la un monument \u00eenc\u0103rcat de \u00eensemn\u0103tate istoric\u0103 pentru zona jude\u021bului Alba \u0219i a Mun\u021bilor Apuseni.","twitter_image":"https:\/\/urbeamea.ro\/albaiulia\/wp-content\/uploads\/2024\/04\/7f6d8a54-bb27-41a9-866c-baa771040461.jpeg","twitter_creator":"@urbeameaweb","twitter_site":"@urbeameaweb","schema":{"@context":"https:\/\/schema.org","@graph":[{"@type":"Article","@id":"https:\/\/urbeamea.ro\/albaiulia\/monumentul-de-pe-dealul-furcilor-locul-de-supliciu-al-conducatorilor-rascoalei-din-1784-horea-closca-si-crisan\/#article","isPartOf":{"@id":"https:\/\/urbeamea.ro\/albaiulia\/monumentul-de-pe-dealul-furcilor-locul-de-supliciu-al-conducatorilor-rascoalei-din-1784-horea-closca-si-crisan\/"},"author":{"name":"Giurca Sorin","@id":"https:\/\/urbeamea.ro\/albaiulia\/#\/schema\/person\/5db3854ac38c1cc9f0ab4092d6a20f02"},"headline":"Monumentul de pe Dealul Furcilor. Locul de supliciu al conduc\u0103torilor R\u0103scoalei din 1784: Horea, Clo\u0219ca \u0219i Cri\u0219an","datePublished":"2024-04-30T14:11:31+00:00","dateModified":"2024-04-30T14:13:22+00:00","mainEntityOfPage":{"@id":"https:\/\/urbeamea.ro\/albaiulia\/monumentul-de-pe-dealul-furcilor-locul-de-supliciu-al-conducatorilor-rascoalei-din-1784-horea-closca-si-crisan\/"},"wordCount":899,"commentCount":0,"image":{"@id":"https:\/\/urbeamea.ro\/albaiulia\/monumentul-de-pe-dealul-furcilor-locul-de-supliciu-al-conducatorilor-rascoalei-din-1784-horea-closca-si-crisan\/#primaryimage"},"thumbnailUrl":"https:\/\/urbeamea.ro\/albaiulia\/wp-content\/uploads\/2024\/04\/7f6d8a54-bb27-41a9-866c-baa771040461.jpeg","keywords":["dealul furcilor","horea closca si crisan"],"articleSection":["Istorie","Reportaje"],"inLanguage":"ro-RO","potentialAction":[{"@type":"CommentAction","name":"Comment","target":["https:\/\/urbeamea.ro\/albaiulia\/monumentul-de-pe-dealul-furcilor-locul-de-supliciu-al-conducatorilor-rascoalei-din-1784-horea-closca-si-crisan\/#respond"]}]},{"@type":"WebPage","@id":"https:\/\/urbeamea.ro\/albaiulia\/monumentul-de-pe-dealul-furcilor-locul-de-supliciu-al-conducatorilor-rascoalei-din-1784-horea-closca-si-crisan\/","url":"https:\/\/urbeamea.ro\/albaiulia\/monumentul-de-pe-dealul-furcilor-locul-de-supliciu-al-conducatorilor-rascoalei-din-1784-horea-closca-si-crisan\/","name":"Monumentul de pe Dealul Furcilor. Locul de supliciu al conduc\u0103torilor R\u0103scoalei din 1784: Horea, Clo\u0219ca \u0219i Cri\u0219an - Revista Urbea Mea - Revista de Alba","isPartOf":{"@id":"https:\/\/urbeamea.ro\/albaiulia\/#website"},"primaryImageOfPage":{"@id":"https:\/\/urbeamea.ro\/albaiulia\/monumentul-de-pe-dealul-furcilor-locul-de-supliciu-al-conducatorilor-rascoalei-din-1784-horea-closca-si-crisan\/#primaryimage"},"image":{"@id":"https:\/\/urbeamea.ro\/albaiulia\/monumentul-de-pe-dealul-furcilor-locul-de-supliciu-al-conducatorilor-rascoalei-din-1784-horea-closca-si-crisan\/#primaryimage"},"thumbnailUrl":"https:\/\/urbeamea.ro\/albaiulia\/wp-content\/uploads\/2024\/04\/7f6d8a54-bb27-41a9-866c-baa771040461.jpeg","datePublished":"2024-04-30T14:11:31+00:00","dateModified":"2024-04-30T14:13:22+00:00","author":{"@id":"https:\/\/urbeamea.ro\/albaiulia\/#\/schema\/person\/5db3854ac38c1cc9f0ab4092d6a20f02"},"description":"Ne continu\u0103m c\u0103l\u0103toria noastr\u0103 \u00een municipiul Alba Iulia, \u0219i ajungem la un loc \u0219i la un monument \u00eenc\u0103rcat de \u00eensemn\u0103tate istoric\u0103 pentru zona jude\u021bului Alba \u0219i a Mun\u021bilor Apuseni.","breadcrumb":{"@id":"https:\/\/urbeamea.ro\/albaiulia\/monumentul-de-pe-dealul-furcilor-locul-de-supliciu-al-conducatorilor-rascoalei-din-1784-horea-closca-si-crisan\/#breadcrumb"},"inLanguage":"ro-RO","potentialAction":[{"@type":"ReadAction","target":["https:\/\/urbeamea.ro\/albaiulia\/monumentul-de-pe-dealul-furcilor-locul-de-supliciu-al-conducatorilor-rascoalei-din-1784-horea-closca-si-crisan\/"]}]},{"@type":"ImageObject","inLanguage":"ro-RO","@id":"https:\/\/urbeamea.ro\/albaiulia\/monumentul-de-pe-dealul-furcilor-locul-de-supliciu-al-conducatorilor-rascoalei-din-1784-horea-closca-si-crisan\/#primaryimage","url":"https:\/\/urbeamea.ro\/albaiulia\/wp-content\/uploads\/2024\/04\/7f6d8a54-bb27-41a9-866c-baa771040461.jpeg","contentUrl":"https:\/\/urbeamea.ro\/albaiulia\/wp-content\/uploads\/2024\/04\/7f6d8a54-bb27-41a9-866c-baa771040461.jpeg","width":1530,"height":2040},{"@type":"BreadcrumbList","@id":"https:\/\/urbeamea.ro\/albaiulia\/monumentul-de-pe-dealul-furcilor-locul-de-supliciu-al-conducatorilor-rascoalei-din-1784-horea-closca-si-crisan\/#breadcrumb","itemListElement":[{"@type":"ListItem","position":1,"name":"Prima pagin\u0103","item":"https:\/\/urbeamea.ro\/albaiulia\/"},{"@type":"ListItem","position":2,"name":"Monumentul de pe Dealul Furcilor. Locul de supliciu al conduc\u0103torilor R\u0103scoalei din 1784: Horea, Clo\u0219ca \u0219i Cri\u0219an"}]},{"@type":"WebSite","@id":"https:\/\/urbeamea.ro\/albaiulia\/#website","url":"https:\/\/urbeamea.ro\/albaiulia\/","name":"Revista Urbea Mea, Stiri urbane","description":"Evenimente \u0219i \u0219tiri din Alba Iulia, Sebe\u0219, Aiud, Blaj","potentialAction":[{"@type":"SearchAction","target":{"@type":"EntryPoint","urlTemplate":"https:\/\/urbeamea.ro\/albaiulia\/?s={search_term_string}"},"query-input":{"@type":"PropertyValueSpecification","valueRequired":true,"valueName":"search_term_string"}}],"inLanguage":"ro-RO"},{"@type":"Person","@id":"https:\/\/urbeamea.ro\/albaiulia\/#\/schema\/person\/5db3854ac38c1cc9f0ab4092d6a20f02","name":"Giurca Sorin","image":{"@type":"ImageObject","inLanguage":"ro-RO","@id":"https:\/\/secure.gravatar.com\/avatar\/120f6fcae7b3b47a7730cb9943f612f4909f68ac5284b5f40ac1c4615fd70576?s=96&d=mm&r=g","url":"https:\/\/secure.gravatar.com\/avatar\/120f6fcae7b3b47a7730cb9943f612f4909f68ac5284b5f40ac1c4615fd70576?s=96&d=mm&r=g","contentUrl":"https:\/\/secure.gravatar.com\/avatar\/120f6fcae7b3b47a7730cb9943f612f4909f68ac5284b5f40ac1c4615fd70576?s=96&d=mm&r=g","caption":"Giurca Sorin"},"url":"https:\/\/urbeamea.ro\/albaiulia\/author\/sorin\/"}]}},"_links":{"self":[{"href":"https:\/\/urbeamea.ro\/albaiulia\/wp-json\/wp\/v2\/posts\/111278","targetHints":{"allow":["GET"]}}],"collection":[{"href":"https:\/\/urbeamea.ro\/albaiulia\/wp-json\/wp\/v2\/posts"}],"about":[{"href":"https:\/\/urbeamea.ro\/albaiulia\/wp-json\/wp\/v2\/types\/post"}],"author":[{"embeddable":true,"href":"https:\/\/urbeamea.ro\/albaiulia\/wp-json\/wp\/v2\/users\/28"}],"replies":[{"embeddable":true,"href":"https:\/\/urbeamea.ro\/albaiulia\/wp-json\/wp\/v2\/comments?post=111278"}],"version-history":[{"count":2,"href":"https:\/\/urbeamea.ro\/albaiulia\/wp-json\/wp\/v2\/posts\/111278\/revisions"}],"predecessor-version":[{"id":111293,"href":"https:\/\/urbeamea.ro\/albaiulia\/wp-json\/wp\/v2\/posts\/111278\/revisions\/111293"}],"wp:featuredmedia":[{"embeddable":true,"href":"https:\/\/urbeamea.ro\/albaiulia\/wp-json\/wp\/v2\/media\/111283"}],"wp:attachment":[{"href":"https:\/\/urbeamea.ro\/albaiulia\/wp-json\/wp\/v2\/media?parent=111278"}],"wp:term":[{"taxonomy":"category","embeddable":true,"href":"https:\/\/urbeamea.ro\/albaiulia\/wp-json\/wp\/v2\/categories?post=111278"},{"taxonomy":"post_tag","embeddable":true,"href":"https:\/\/urbeamea.ro\/albaiulia\/wp-json\/wp\/v2\/tags?post=111278"}],"curies":[{"name":"wp","href":"https:\/\/api.w.org\/{rel}","templated":true}]}}