{"id":111308,"date":"2024-05-02T17:49:55","date_gmt":"2024-05-02T14:49:55","guid":{"rendered":"https:\/\/urbeamea.ro\/albaiulia\/?p=111308"},"modified":"2024-05-02T17:50:05","modified_gmt":"2024-05-02T14:50:05","slug":"mesajul-primarului-gabriel-plesa-cu-prilejul-sarbatorilor-pascale-2024","status":"publish","type":"post","link":"https:\/\/urbeamea.ro\/albaiulia\/mesajul-primarului-gabriel-plesa-cu-prilejul-sarbatorilor-pascale-2024\/","title":{"rendered":"Mesajul primarului Gabriel Ple\u0219a cu prilejul s\u0103rb\u0103torilor pascale 2024"},"content":{"rendered":"\n<p>\u00cen biserici, pe strad\u0103, \u00een case, \u201eHristos a \u00eenviat!\u201d devine salut universal, iar cea mai veche s\u0103rb\u0103toare a cre\u0219tin\u0103t\u0103\u021bii redevine, m\u0103car pentru c\u00e2teva zile, \u0219tirea cea mai vehiculat\u0103, vestea cea mai important\u0103, pe care o \u00eencuviin\u021b\u0103m cu acela\u0219i entuziasm \u201eAdev\u0103rat a \u00eenviat!\u201d.<\/p>\n\n\n\n<p>Dragi albaiulieni, v\u0103 doresc din tot sufletul s\u0103 v\u0103 l\u0103sa\u021bi cuprin\u0219i de aceast\u0103 bucurie d\u0103t\u0103toare de via\u021b\u0103 \u0219i speran\u021b\u0103, de pace \u0219i iubire, s\u0103 \u00eemp\u0103rt\u0103\u0219i\u021bi \u00een familii, \u0219i oriunde \u00een jurul vostru, fericirea de a s\u0103rb\u0103tori \u00eempreun\u0103 \u00cenvierea Domnului!<\/p>\n\n\n\n<p>Hristos a \u00eenviat \u0219i nu mai moare, s\u0103 ne bucur\u0103m!<\/p>\n\n\n\n<p>S\u0103rb\u0103tori binecuv\u00e2ntate!<\/p>\n\n\n\n<iframe loading=\"lazy\" src=\"https:\/\/www.facebook.com\/plugins\/video.php?height=314&#038;href=https%3A%2F%2Fwww.facebook.com%2Fgabriel.plesa.official%2Fvideos%2F1608668096652153%2F&#038;show_text=false&#038;width=560&#038;t=0\" width=\"560\" height=\"314\" style=\"border:none;overflow:hidden\" scrolling=\"no\" frameborder=\"0\" allowfullscreen=\"true\" allow=\"autoplay; clipboard-write; encrypted-media; picture-in-picture; web-share\" allowFullScreen=\"true\"><\/iframe>\n","protected":false},"excerpt":{"rendered":"<p>\u00cen biserici, pe strad\u0103, \u00een case, \u201eHristos a \u00eenviat!\u201d devine salut universal, iar cea mai veche s\u0103rb\u0103toare a cre\u0219tin\u0103t\u0103\u021bii redevine, m\u0103car pentru c\u00e2teva zile, \u0219tirea cea mai vehiculat\u0103, vestea cea mai important\u0103, pe care o \u00eencuviin\u021b\u0103m cu acela\u0219i entuziasm \u201eAdev\u0103rat a \u00eenviat!\u201d. Dragi albaiulieni, v\u0103 doresc din tot sufletul s\u0103 v\u0103 l\u0103sa\u021bi cuprin\u0219i de aceast\u0103 &hellip;<\/p>\n","protected":false},"author":16,"featured_media":111309,"comment_status":"open","ping_status":"open","sticky":false,"template":"","format":"standard","meta":{"inline_featured_image":false,"footnotes":""},"categories":[23926],"tags":[24987],"class_list":["post-111308","post","type-post","status-publish","format-standard","has-post-thumbnail","hentry","category-actualitate","tag-mesaj-paste-gabriel-plesa"],"yoast_head":"<!-- This site is optimized with the Yoast SEO plugin v27.4 - https:\/\/yoast.com\/product\/yoast-seo-wordpress\/ -->\n<title>Mesajul primarului Gabriel Ple\u0219a cu prilejul s\u0103rb\u0103torilor pascale 2024 - Revista Urbea Mea - Revista de Alba<\/title>\n<meta name=\"description\" content=\"\u00cen biserici, pe strad\u0103, \u00een case, \u201eHristos a \u00eenviat!\u201d devine salut universal, iar cea mai veche s\u0103rb\u0103toare a cre\u0219tin\u0103t\u0103\u021bii redevine, m\u0103car pentru c\u00e2teva\" \/>\n<meta name=\"robots\" content=\"index, follow, max-snippet:-1, max-image-preview:large, max-video-preview:-1\" \/>\n<link rel=\"canonical\" href=\"https:\/\/urbeamea.ro\/albaiulia\/mesajul-primarului-gabriel-plesa-cu-prilejul-sarbatorilor-pascale-2024\/\" \/>\n<meta name=\"twitter:card\" content=\"summary_large_image\" \/>\n<meta name=\"twitter:title\" content=\"Mesajul primarului Gabriel Ple\u0219a cu prilejul s\u0103rb\u0103torilor pascale 2024 - Revista Urbea Mea - Revista de Alba\" \/>\n<meta name=\"twitter:description\" content=\"\u00cen biserici, pe strad\u0103, \u00een case, \u201eHristos a \u00eenviat!\u201d devine salut universal, iar cea mai veche s\u0103rb\u0103toare a cre\u0219tin\u0103t\u0103\u021bii redevine, m\u0103car pentru c\u00e2teva\" \/>\n<meta name=\"twitter:image\" content=\"https:\/\/urbeamea.ro\/albaiulia\/wp-content\/uploads\/2024\/05\/gabi_plesa.jpg\" \/>\n<meta name=\"twitter:creator\" content=\"@urbeameaweb\" \/>\n<meta name=\"twitter:site\" content=\"@urbeameaweb\" \/>\n<script type=\"application\/ld+json\" class=\"yoast-schema-graph\">{\"@context\":\"https:\\\/\\\/schema.org\",\"@graph\":[{\"@type\":\"Article\",\"@id\":\"https:\\\/\\\/urbeamea.ro\\\/albaiulia\\\/mesajul-primarului-gabriel-plesa-cu-prilejul-sarbatorilor-pascale-2024\\\/#article\",\"isPartOf\":{\"@id\":\"https:\\\/\\\/urbeamea.ro\\\/albaiulia\\\/mesajul-primarului-gabriel-plesa-cu-prilejul-sarbatorilor-pascale-2024\\\/\"},\"author\":{\"name\":\"Redac\u021bia UrbeaMea\",\"@id\":\"https:\\\/\\\/urbeamea.ro\\\/albaiulia\\\/#\\\/schema\\\/person\\\/272ae98052f8ee8980f59848df070247\"},\"headline\":\"Mesajul primarului Gabriel Ple\u0219a cu prilejul s\u0103rb\u0103torilor pascale 2024\",\"datePublished\":\"2024-05-02T14:49:55+00:00\",\"dateModified\":\"2024-05-02T14:50:05+00:00\",\"mainEntityOfPage\":{\"@id\":\"https:\\\/\\\/urbeamea.ro\\\/albaiulia\\\/mesajul-primarului-gabriel-plesa-cu-prilejul-sarbatorilor-pascale-2024\\\/\"},\"wordCount\":128,\"commentCount\":0,\"image\":{\"@id\":\"https:\\\/\\\/urbeamea.ro\\\/albaiulia\\\/mesajul-primarului-gabriel-plesa-cu-prilejul-sarbatorilor-pascale-2024\\\/#primaryimage\"},\"thumbnailUrl\":\"https:\\\/\\\/urbeamea.ro\\\/albaiulia\\\/wp-content\\\/uploads\\\/2024\\\/05\\\/gabi_plesa.jpg\",\"keywords\":[\"Mesaj Paste Gabriel Plesa\"],\"articleSection\":[\"Actualitate\"],\"inLanguage\":\"ro-RO\",\"potentialAction\":[{\"@type\":\"CommentAction\",\"name\":\"Comment\",\"target\":[\"https:\\\/\\\/urbeamea.ro\\\/albaiulia\\\/mesajul-primarului-gabriel-plesa-cu-prilejul-sarbatorilor-pascale-2024\\\/#respond\"]}]},{\"@type\":\"WebPage\",\"@id\":\"https:\\\/\\\/urbeamea.ro\\\/albaiulia\\\/mesajul-primarului-gabriel-plesa-cu-prilejul-sarbatorilor-pascale-2024\\\/\",\"url\":\"https:\\\/\\\/urbeamea.ro\\\/albaiulia\\\/mesajul-primarului-gabriel-plesa-cu-prilejul-sarbatorilor-pascale-2024\\\/\",\"name\":\"Mesajul primarului Gabriel Ple\u0219a cu prilejul s\u0103rb\u0103torilor pascale 2024 - Revista Urbea Mea - Revista de Alba\",\"isPartOf\":{\"@id\":\"https:\\\/\\\/urbeamea.ro\\\/albaiulia\\\/#website\"},\"primaryImageOfPage\":{\"@id\":\"https:\\\/\\\/urbeamea.ro\\\/albaiulia\\\/mesajul-primarului-gabriel-plesa-cu-prilejul-sarbatorilor-pascale-2024\\\/#primaryimage\"},\"image\":{\"@id\":\"https:\\\/\\\/urbeamea.ro\\\/albaiulia\\\/mesajul-primarului-gabriel-plesa-cu-prilejul-sarbatorilor-pascale-2024\\\/#primaryimage\"},\"thumbnailUrl\":\"https:\\\/\\\/urbeamea.ro\\\/albaiulia\\\/wp-content\\\/uploads\\\/2024\\\/05\\\/gabi_plesa.jpg\",\"datePublished\":\"2024-05-02T14:49:55+00:00\",\"dateModified\":\"2024-05-02T14:50:05+00:00\",\"author\":{\"@id\":\"https:\\\/\\\/urbeamea.ro\\\/albaiulia\\\/#\\\/schema\\\/person\\\/272ae98052f8ee8980f59848df070247\"},\"description\":\"\u00cen biserici, pe strad\u0103, \u00een case, \u201eHristos a \u00eenviat!\u201d devine salut universal, iar cea mai veche s\u0103rb\u0103toare a cre\u0219tin\u0103t\u0103\u021bii redevine, m\u0103car pentru c\u00e2teva\",\"breadcrumb\":{\"@id\":\"https:\\\/\\\/urbeamea.ro\\\/albaiulia\\\/mesajul-primarului-gabriel-plesa-cu-prilejul-sarbatorilor-pascale-2024\\\/#breadcrumb\"},\"inLanguage\":\"ro-RO\",\"potentialAction\":[{\"@type\":\"ReadAction\",\"target\":[\"https:\\\/\\\/urbeamea.ro\\\/albaiulia\\\/mesajul-primarului-gabriel-plesa-cu-prilejul-sarbatorilor-pascale-2024\\\/\"]}]},{\"@type\":\"ImageObject\",\"inLanguage\":\"ro-RO\",\"@id\":\"https:\\\/\\\/urbeamea.ro\\\/albaiulia\\\/mesajul-primarului-gabriel-plesa-cu-prilejul-sarbatorilor-pascale-2024\\\/#primaryimage\",\"url\":\"https:\\\/\\\/urbeamea.ro\\\/albaiulia\\\/wp-content\\\/uploads\\\/2024\\\/05\\\/gabi_plesa.jpg\",\"contentUrl\":\"https:\\\/\\\/urbeamea.ro\\\/albaiulia\\\/wp-content\\\/uploads\\\/2024\\\/05\\\/gabi_plesa.jpg\",\"width\":1581,\"height\":852},{\"@type\":\"BreadcrumbList\",\"@id\":\"https:\\\/\\\/urbeamea.ro\\\/albaiulia\\\/mesajul-primarului-gabriel-plesa-cu-prilejul-sarbatorilor-pascale-2024\\\/#breadcrumb\",\"itemListElement\":[{\"@type\":\"ListItem\",\"position\":1,\"name\":\"Prima pagin\u0103\",\"item\":\"https:\\\/\\\/urbeamea.ro\\\/albaiulia\\\/\"},{\"@type\":\"ListItem\",\"position\":2,\"name\":\"Mesajul primarului Gabriel Ple\u0219a cu prilejul s\u0103rb\u0103torilor pascale 2024\"}]},{\"@type\":\"WebSite\",\"@id\":\"https:\\\/\\\/urbeamea.ro\\\/albaiulia\\\/#website\",\"url\":\"https:\\\/\\\/urbeamea.ro\\\/albaiulia\\\/\",\"name\":\"Revista Urbea Mea, Stiri urbane\",\"description\":\"Evenimente \u0219i \u0219tiri din Alba Iulia, Sebe\u0219, Aiud, Blaj\",\"potentialAction\":[{\"@type\":\"SearchAction\",\"target\":{\"@type\":\"EntryPoint\",\"urlTemplate\":\"https:\\\/\\\/urbeamea.ro\\\/albaiulia\\\/?s={search_term_string}\"},\"query-input\":{\"@type\":\"PropertyValueSpecification\",\"valueRequired\":true,\"valueName\":\"search_term_string\"}}],\"inLanguage\":\"ro-RO\"},{\"@type\":\"Person\",\"@id\":\"https:\\\/\\\/urbeamea.ro\\\/albaiulia\\\/#\\\/schema\\\/person\\\/272ae98052f8ee8980f59848df070247\",\"name\":\"Redac\u021bia UrbeaMea\",\"image\":{\"@type\":\"ImageObject\",\"inLanguage\":\"ro-RO\",\"@id\":\"https:\\\/\\\/secure.gravatar.com\\\/avatar\\\/9ce5a9435071fa1037e8468053ead8e513dbbff59009d3069aadb85506d85a27?s=96&d=mm&r=g\",\"url\":\"https:\\\/\\\/secure.gravatar.com\\\/avatar\\\/9ce5a9435071fa1037e8468053ead8e513dbbff59009d3069aadb85506d85a27?s=96&d=mm&r=g\",\"contentUrl\":\"https:\\\/\\\/secure.gravatar.com\\\/avatar\\\/9ce5a9435071fa1037e8468053ead8e513dbbff59009d3069aadb85506d85a27?s=96&d=mm&r=g\",\"caption\":\"Redac\u021bia UrbeaMea\"},\"description\":\"contact@urbeamea.ro\",\"sameAs\":[\"https:\\\/\\\/www.urbeamea.ro\"],\"url\":\"https:\\\/\\\/urbeamea.ro\\\/albaiulia\\\/author\\\/redactia-urbeamea\\\/\"}]}<\/script>\n<!-- \/ Yoast SEO plugin. -->","yoast_head_json":{"title":"Mesajul primarului Gabriel Ple\u0219a cu prilejul s\u0103rb\u0103torilor pascale 2024 - Revista Urbea Mea - Revista de Alba","description":"\u00cen biserici, pe strad\u0103, \u00een case, \u201eHristos a \u00eenviat!\u201d devine salut universal, iar cea mai veche s\u0103rb\u0103toare a cre\u0219tin\u0103t\u0103\u021bii redevine, m\u0103car pentru c\u00e2teva","robots":{"index":"index","follow":"follow","max-snippet":"max-snippet:-1","max-image-preview":"max-image-preview:large","max-video-preview":"max-video-preview:-1"},"canonical":"https:\/\/urbeamea.ro\/albaiulia\/mesajul-primarului-gabriel-plesa-cu-prilejul-sarbatorilor-pascale-2024\/","twitter_card":"summary_large_image","twitter_title":"Mesajul primarului Gabriel Ple\u0219a cu prilejul s\u0103rb\u0103torilor pascale 2024 - Revista Urbea Mea - Revista de Alba","twitter_description":"\u00cen biserici, pe strad\u0103, \u00een case, \u201eHristos a \u00eenviat!\u201d devine salut universal, iar cea mai veche s\u0103rb\u0103toare a cre\u0219tin\u0103t\u0103\u021bii redevine, m\u0103car pentru c\u00e2teva","twitter_image":"https:\/\/urbeamea.ro\/albaiulia\/wp-content\/uploads\/2024\/05\/gabi_plesa.jpg","twitter_creator":"@urbeameaweb","twitter_site":"@urbeameaweb","schema":{"@context":"https:\/\/schema.org","@graph":[{"@type":"Article","@id":"https:\/\/urbeamea.ro\/albaiulia\/mesajul-primarului-gabriel-plesa-cu-prilejul-sarbatorilor-pascale-2024\/#article","isPartOf":{"@id":"https:\/\/urbeamea.ro\/albaiulia\/mesajul-primarului-gabriel-plesa-cu-prilejul-sarbatorilor-pascale-2024\/"},"author":{"name":"Redac\u021bia UrbeaMea","@id":"https:\/\/urbeamea.ro\/albaiulia\/#\/schema\/person\/272ae98052f8ee8980f59848df070247"},"headline":"Mesajul primarului Gabriel Ple\u0219a cu prilejul s\u0103rb\u0103torilor pascale 2024","datePublished":"2024-05-02T14:49:55+00:00","dateModified":"2024-05-02T14:50:05+00:00","mainEntityOfPage":{"@id":"https:\/\/urbeamea.ro\/albaiulia\/mesajul-primarului-gabriel-plesa-cu-prilejul-sarbatorilor-pascale-2024\/"},"wordCount":128,"commentCount":0,"image":{"@id":"https:\/\/urbeamea.ro\/albaiulia\/mesajul-primarului-gabriel-plesa-cu-prilejul-sarbatorilor-pascale-2024\/#primaryimage"},"thumbnailUrl":"https:\/\/urbeamea.ro\/albaiulia\/wp-content\/uploads\/2024\/05\/gabi_plesa.jpg","keywords":["Mesaj Paste Gabriel Plesa"],"articleSection":["Actualitate"],"inLanguage":"ro-RO","potentialAction":[{"@type":"CommentAction","name":"Comment","target":["https:\/\/urbeamea.ro\/albaiulia\/mesajul-primarului-gabriel-plesa-cu-prilejul-sarbatorilor-pascale-2024\/#respond"]}]},{"@type":"WebPage","@id":"https:\/\/urbeamea.ro\/albaiulia\/mesajul-primarului-gabriel-plesa-cu-prilejul-sarbatorilor-pascale-2024\/","url":"https:\/\/urbeamea.ro\/albaiulia\/mesajul-primarului-gabriel-plesa-cu-prilejul-sarbatorilor-pascale-2024\/","name":"Mesajul primarului Gabriel Ple\u0219a cu prilejul s\u0103rb\u0103torilor pascale 2024 - Revista Urbea Mea - Revista de Alba","isPartOf":{"@id":"https:\/\/urbeamea.ro\/albaiulia\/#website"},"primaryImageOfPage":{"@id":"https:\/\/urbeamea.ro\/albaiulia\/mesajul-primarului-gabriel-plesa-cu-prilejul-sarbatorilor-pascale-2024\/#primaryimage"},"image":{"@id":"https:\/\/urbeamea.ro\/albaiulia\/mesajul-primarului-gabriel-plesa-cu-prilejul-sarbatorilor-pascale-2024\/#primaryimage"},"thumbnailUrl":"https:\/\/urbeamea.ro\/albaiulia\/wp-content\/uploads\/2024\/05\/gabi_plesa.jpg","datePublished":"2024-05-02T14:49:55+00:00","dateModified":"2024-05-02T14:50:05+00:00","author":{"@id":"https:\/\/urbeamea.ro\/albaiulia\/#\/schema\/person\/272ae98052f8ee8980f59848df070247"},"description":"\u00cen biserici, pe strad\u0103, \u00een case, \u201eHristos a \u00eenviat!\u201d devine salut universal, iar cea mai veche s\u0103rb\u0103toare a cre\u0219tin\u0103t\u0103\u021bii redevine, m\u0103car pentru c\u00e2teva","breadcrumb":{"@id":"https:\/\/urbeamea.ro\/albaiulia\/mesajul-primarului-gabriel-plesa-cu-prilejul-sarbatorilor-pascale-2024\/#breadcrumb"},"inLanguage":"ro-RO","potentialAction":[{"@type":"ReadAction","target":["https:\/\/urbeamea.ro\/albaiulia\/mesajul-primarului-gabriel-plesa-cu-prilejul-sarbatorilor-pascale-2024\/"]}]},{"@type":"ImageObject","inLanguage":"ro-RO","@id":"https:\/\/urbeamea.ro\/albaiulia\/mesajul-primarului-gabriel-plesa-cu-prilejul-sarbatorilor-pascale-2024\/#primaryimage","url":"https:\/\/urbeamea.ro\/albaiulia\/wp-content\/uploads\/2024\/05\/gabi_plesa.jpg","contentUrl":"https:\/\/urbeamea.ro\/albaiulia\/wp-content\/uploads\/2024\/05\/gabi_plesa.jpg","width":1581,"height":852},{"@type":"BreadcrumbList","@id":"https:\/\/urbeamea.ro\/albaiulia\/mesajul-primarului-gabriel-plesa-cu-prilejul-sarbatorilor-pascale-2024\/#breadcrumb","itemListElement":[{"@type":"ListItem","position":1,"name":"Prima pagin\u0103","item":"https:\/\/urbeamea.ro\/albaiulia\/"},{"@type":"ListItem","position":2,"name":"Mesajul primarului Gabriel Ple\u0219a cu prilejul s\u0103rb\u0103torilor pascale 2024"}]},{"@type":"WebSite","@id":"https:\/\/urbeamea.ro\/albaiulia\/#website","url":"https:\/\/urbeamea.ro\/albaiulia\/","name":"Revista Urbea Mea, Stiri urbane","description":"Evenimente \u0219i \u0219tiri din Alba Iulia, Sebe\u0219, Aiud, Blaj","potentialAction":[{"@type":"SearchAction","target":{"@type":"EntryPoint","urlTemplate":"https:\/\/urbeamea.ro\/albaiulia\/?s={search_term_string}"},"query-input":{"@type":"PropertyValueSpecification","valueRequired":true,"valueName":"search_term_string"}}],"inLanguage":"ro-RO"},{"@type":"Person","@id":"https:\/\/urbeamea.ro\/albaiulia\/#\/schema\/person\/272ae98052f8ee8980f59848df070247","name":"Redac\u021bia UrbeaMea","image":{"@type":"ImageObject","inLanguage":"ro-RO","@id":"https:\/\/secure.gravatar.com\/avatar\/9ce5a9435071fa1037e8468053ead8e513dbbff59009d3069aadb85506d85a27?s=96&d=mm&r=g","url":"https:\/\/secure.gravatar.com\/avatar\/9ce5a9435071fa1037e8468053ead8e513dbbff59009d3069aadb85506d85a27?s=96&d=mm&r=g","contentUrl":"https:\/\/secure.gravatar.com\/avatar\/9ce5a9435071fa1037e8468053ead8e513dbbff59009d3069aadb85506d85a27?s=96&d=mm&r=g","caption":"Redac\u021bia UrbeaMea"},"description":"contact@urbeamea.ro","sameAs":["https:\/\/www.urbeamea.ro"],"url":"https:\/\/urbeamea.ro\/albaiulia\/author\/redactia-urbeamea\/"}]}},"_links":{"self":[{"href":"https:\/\/urbeamea.ro\/albaiulia\/wp-json\/wp\/v2\/posts\/111308","targetHints":{"allow":["GET"]}}],"collection":[{"href":"https:\/\/urbeamea.ro\/albaiulia\/wp-json\/wp\/v2\/posts"}],"about":[{"href":"https:\/\/urbeamea.ro\/albaiulia\/wp-json\/wp\/v2\/types\/post"}],"author":[{"embeddable":true,"href":"https:\/\/urbeamea.ro\/albaiulia\/wp-json\/wp\/v2\/users\/16"}],"replies":[{"embeddable":true,"href":"https:\/\/urbeamea.ro\/albaiulia\/wp-json\/wp\/v2\/comments?post=111308"}],"version-history":[{"count":1,"href":"https:\/\/urbeamea.ro\/albaiulia\/wp-json\/wp\/v2\/posts\/111308\/revisions"}],"predecessor-version":[{"id":111310,"href":"https:\/\/urbeamea.ro\/albaiulia\/wp-json\/wp\/v2\/posts\/111308\/revisions\/111310"}],"wp:featuredmedia":[{"embeddable":true,"href":"https:\/\/urbeamea.ro\/albaiulia\/wp-json\/wp\/v2\/media\/111309"}],"wp:attachment":[{"href":"https:\/\/urbeamea.ro\/albaiulia\/wp-json\/wp\/v2\/media?parent=111308"}],"wp:term":[{"taxonomy":"category","embeddable":true,"href":"https:\/\/urbeamea.ro\/albaiulia\/wp-json\/wp\/v2\/categories?post=111308"},{"taxonomy":"post_tag","embeddable":true,"href":"https:\/\/urbeamea.ro\/albaiulia\/wp-json\/wp\/v2\/tags?post=111308"}],"curies":[{"name":"wp","href":"https:\/\/api.w.org\/{rel}","templated":true}]}}