{"id":111364,"date":"2024-05-06T21:04:27","date_gmt":"2024-05-06T18:04:27","guid":{"rendered":"https:\/\/urbeamea.ro\/albaiulia\/?p=111364"},"modified":"2024-05-06T21:04:29","modified_gmt":"2024-05-06T18:04:29","slug":"povestea-partizanilor-gheorghe-sovaiala-si-gelu-novac-ucisi-intr-o-lupta-cu-securitatea-si-ingropati-in-zona-orasului-cugir","status":"publish","type":"post","link":"https:\/\/urbeamea.ro\/albaiulia\/povestea-partizanilor-gheorghe-sovaiala-si-gelu-novac-ucisi-intr-o-lupta-cu-securitatea-si-ingropati-in-zona-orasului-cugir\/","title":{"rendered":"POVESTEA PARTIZANILOR GHEORGHE \u0218OV\u0102IAL\u0102 \u0218I GELU NOVAC, UCI\u0218I \u00ceNTR-O LUPT\u0102 CU SECURITATEA \u0218I \u00ceNGROPA\u021aI \u00ceN ZONA ORA\u0218ULUI CUGIR"},"content":{"rendered":"\n<p><strong>Gheorghe \u0218ov\u0103ial\u0103 \u0219i Gelu Novac au fost doi lupt\u0103tori anticomuni\u0219ti care au f\u0103cut parte din Grupul de rezisten\u021b\u0103 armat\u0103 cunoscut \u0219i ca \u201eGrupul Carpatin F\u0103g\u0103r\u0103\u0219an\u201d sau \u201eGrupul 73 Carpatin de eliberare na\u021bional\u0103\u201d, condus de Ion Gavril\u0103 Ogoranu. Cei doi au c\u0103zut \u00een lupt\u0103 cu organele de represiune, \u00een data data de 5 august 1954, la marginea unui lan de porumb de la marginea satului Obreja, apar\u021bin\u0103tor comunei Mihal\u021b.<\/strong><\/p>\n\n\n\n<p><strong>Grupul Carpatin F\u0103g\u0103r\u0103\u0219an, o incursiune \u00een istorie<\/strong><\/p>\n\n\n\n<p>Grupul era format din 11 persoane, tineri, elevi de liceu sau studen\u021bi, \u0219i chiar unul din eroii no\u0219tri, Gheorghe \u0218ov\u0103ial\u0103, este cel care propune grupului, s\u0103 plece \u00een mun\u021bi. Pe parcurs num\u0103rul membrilor grupului, va spori la 25 \u2013 30 de persoane.<\/p>\n\n\n\n<p>Timp de \u0219apte ani de zile, grupul va fi \u00een topul primelor trei forma\u021biuni de partizani din Rom\u00e2nia, care se remarcase prin activitatea desf\u0103\u0219urat\u0103. Longevitatea grupului s-a datorat unei foarte bune organiz\u0103ri: era foarte mobil, av\u00e2nd zone de ac\u1e6diune foarte \u00eentinse; folosea tactici de gheril\u0103; nu avea cartier general care s\u0103-l fac\u0103 detectabil.<\/p>\n\n\n\n<p>Obiectivul lor era s\u0103 reziste \u00een mun\u021bi p\u00e2n\u0103 la izbucnirea unui al Treilea R\u0103zboi Mondial, considerat a fi inevitabil, \u00eentre for\u021bele militare anglo-americane \u0219i cele sovietice. \u00cen acele momente Grupul Carpatin F\u0103g\u0103r\u0103\u0219an ar fi ajutat ofensiva anglo-american\u0103 la eliberarea Rom\u00e2niei.<\/p>\n\n\n\n<p><strong>Biografia celor doi partizani<\/strong><\/p>\n\n\n\n<p><strong>Gheorghe \u0218ov\u0103ial\u0103: <\/strong>S-a n\u0103scut \u00een data de 5 mai 1925, \u00een satul Berivoii Mici (comuna Beriovii Mari, F\u0103g\u0103ra\u0219, Bra\u0219ov). A fost membru activ al Fr\u0103\u021biilor de Cruce Bra\u0219ov (organiza\u021bia de tineret a Mi\u0219c\u0103rii Legionare, de la Liceul Na\u021bional \u201eRadu Negru\u201d F\u0103g\u0103ra\u0219).<\/p>\n\n\n\n<p>\u00cen privin\u021ba sa, documentele Securit\u0103\u021bii sunt contradictorii, men\u021bion\u00e2ndu-l c\u00e2nd ca absolvent al \u0218colii Tehnice (sau inferioare) CFR Bra\u0219ov, c\u00e2nd ca elev la aceea\u0219i institu\u021bie.<\/p>\n\n\n\n<p>\u00cen anul 1949, este propus pentru a pleca s\u0103 urmeze studiile \u00een fosta URSS. Este convins de c\u0103tre un vecin din acela\u0219i sat, Ioan Chiujdea s\u0103 nu mai plece \u00een Uniunea Sovietic\u0103, \u0219i s\u0103 intre al\u0103turi de el \u00een clandestinitate, lucru pe care \u00eel va \u0219i face \u00een an acela\u0219i an. Va sta ascuns p\u00e2n\u0103 \u00een anul 1950, c\u00e2nd intr\u0103 \u00een grupul condus de Ion Gavril\u0103 Ogoranu.<\/p>\n\n\n\n<p><strong>Gelu Novac: <\/strong>N\u0103scut la data de 15 ianuarie 1931, \u00een ora\u0219ul F\u0103g\u0103ra\u0219, \u00een familia profesorului Mihai Novac, de la Liceul Na\u021bional \u201eRadu Negru\u201d.<\/p>\n\n\n\n<p>Se \u00eenscrie \u00een anul 1947, \u00een organiza\u021bia legionar\u0103 a tineretului \u0219colar, intitulat\u0103 \u201eM\u0103nunchiul de prieteni\u201d, iar apoi se \u00eenscrie \u00een \u201eFr\u0103\u021biile de Cruce\u201d.<\/p>\n\n\n\n<p>Urm\u0103rit de organele de Securitate, \u00eencep\u00e2nd cu anul 1948, intr\u0103 \u00een clandestinitate, iar \u00een anul 1950 intr\u0103 \u00een grupul condus Ion Gavril\u0103 Ogoranu.<\/p>\n\n\n\n<figure class=\"wp-block-image size-full\"><img loading=\"lazy\" decoding=\"async\" width=\"1024\" height=\"696\" src=\"https:\/\/urbeamea.ro\/albaiulia\/wp-content\/uploads\/2024\/05\/gheorghe-sovaiala-1-1-1024x696-1.webp\" alt=\"\" class=\"wp-image-111365\" srcset=\"https:\/\/urbeamea.ro\/albaiulia\/wp-content\/uploads\/2024\/05\/gheorghe-sovaiala-1-1-1024x696-1.webp 1024w, https:\/\/urbeamea.ro\/albaiulia\/wp-content\/uploads\/2024\/05\/gheorghe-sovaiala-1-1-1024x696-1-640x435.webp 640w, https:\/\/urbeamea.ro\/albaiulia\/wp-content\/uploads\/2024\/05\/gheorghe-sovaiala-1-1-1024x696-1-150x102.webp 150w, https:\/\/urbeamea.ro\/albaiulia\/wp-content\/uploads\/2024\/05\/gheorghe-sovaiala-1-1-1024x696-1-768x522.webp 768w, https:\/\/urbeamea.ro\/albaiulia\/wp-content\/uploads\/2024\/05\/gheorghe-sovaiala-1-1-1024x696-1-220x150.webp 220w\" sizes=\"auto, (max-width: 1024px) 100vw, 1024px\" \/><\/figure>\n\n\n\n<p><strong>Fa\u021b\u0103 \u00een fa\u021b\u0103 cu Securitatea<\/strong><\/p>\n\n\n\n<p>\u00centre anii 1952 \u2013 1954, grupul de partizani condus Ion Gavril\u0103 Ogoranu, au at\u0103cat mai multe st\u00e2ne \u0219i cabane turistice (B\u00e2lea Cascad\u0103, cabana mare Negoiu). \u00cens\u0103 dup\u0103 ultimul atac, asupra cabanei apar\u021bin\u00e2nd \u00centreprinderii foerestiere de exploatare \u0219i transport, de pe Valea Cascoe (Ruc\u0103r), Securitatea a luat m\u0103sura de a aduce \u00een zon\u0103, pentru prinderea partizanilor, a nu mai pu\u021bin de \u0219ase batalioane de solda\u021bi.<\/p>\n\n\n\n<p>Pentru a nu fi prin\u0219i, Gelu Novac \u0219i Gheorghe \u0218ov\u0103ial\u0103, pleac\u0103 din \u0218inca Veche (Sibiu) spre satul Obreja din jude\u021bul Alba, comuna Mihal\u021b, unde au r\u0103mas la marginea satului, timp de trei zile.<\/p>\n\n\n\n<p>R\u0103m\u00e2n\u00e2nd f\u0103r\u0103 provizii, cei doi au apelat la doi localnici Octavian Bobi\u021ban \u0219i Vasile Ciungu sau R\u0103z\u0103il\u0103, cet\u0103\u021bean de etnie rrom\u0103, ne\u0219tiind \u00eens\u0103 c\u0103 cei doi sunt informatori ai Securit\u0103\u021bii de Stat.<\/p>\n\n\n\n<p>Dup\u0103 discu\u021bia avut\u0103 cu partizanii, cei doi informatori au plecat direct la sediul Prim\u0103riei \u0219i al Mili\u021biei din sat, pentru a spune ceea ce au v\u0103zut.<\/p>\n\n\n\n<p>La finalul ac\u021biunii, pentru devotamentul lor, informatorii au fost recompensa\u021bi cu hainele \u0219i \u00eenc\u0103l\u021b\u0103mintea celor doi partizani \u0219i un ceas.<\/p>\n\n\n\n<p>Pentru prinderea \u0219i arestarea celor doi partizani, au fost dislocate unit\u0103\u021bi de Securitate \u0219i Mili\u021bie, din Alba, Bra\u0219ov \u0219i Hunedoara (2 plutoane apar\u021bin\u00e2nd Securit\u0103\u021bii din Or\u0103\u0219tie).<\/p>\n\n\n\n<p>\u00centreaga opera\u021biune a fost condus\u0103 de col. Gheoghe Cr\u0103ciun \u2013 \u0219eful al Grupului operativ din Mun\u021bii F\u0103g\u0103ra\u0219, maiorul Ioan Cernea \u2013 loc\u021biitor, locotenentul \u2013 major Alexandru Marina \u0219i maiorul Iacob Boscu \u2013 din partea trupelor operative.<\/p>\n\n\n\n<p><strong>Sf\u00e2r\u0219itul luptei<\/strong><\/p>\n\n\n\n<p>Dup\u0103 o lupt\u0103 care a durat o noapte \u00eentreag\u0103, \u00eencet\u00e2nd diminea\u021ba urm\u0103toare, \u00eentre cei doi lupt\u0103tori anticomuni\u0219ti \u0219i efectivele trupelor de Securitate \u0219i Mili\u021bie, ace\u0219tia sunt lichida\u021bi.<\/p>\n\n\n\n<p>Primul care va c\u0103dea \u00een lupt\u0103, va fi Gelu Novac care a fost \u00eempu\u0219cat de c\u0103tre un locotenent din cadrul Mili\u021biei, \u00een seara zilei de 5 august 1954.<\/p>\n\n\n\n<p>Spre diminea\u021b\u0103, \u00eei va urma \u0219i camaradul s\u0103u, Gheorghe \u0218ov\u0103ial\u0103, care fiind r\u0103nit la un picior, a opus rezisten\u021b\u0103 trupelor represive care l-au \u00eencercuit, p\u00e2n\u0103 la final, fiind \u00eempu\u0219cat mortal de un sergent de Securitate.<\/p>\n\n\n\n<p>\u00cenainte s\u0103 \u00ee\u0219i g\u0103seasc\u0103 sf\u00e2r\u0219itul, \u0218ov\u0103ial\u0103 reu\u0219este s\u0103 \u00eel \u00eempu\u0219te mortal pe un caporal de Mili\u021bie, plecat \u00een urm\u0103rirea sa.<\/p>\n\n\n\n<p>L\u00e2ng\u0103 cadavrul lui Gheorghe \u0218ov\u0103ial\u0103, au fost g\u0103site, potrivit documentelor Securit\u0103\u021bii: un pistol \u2013 automat Deimler \u2013 Puch, trei \u00eenc\u0103rc\u0103toare cu circa 60 de cartu\u0219e, un carnet cu mai multe \u00eensemn\u0103ri, o hart\u0103 cu regiunea F\u0103g\u0103ra\u0219 \u2013 Bra\u0219ov. \u00cen locul unde se ad\u0103postiser\u0103 partizanii, s-au mai g\u0103sit o oal\u0103 cu ou\u0103, lemne de foc, un s\u0103cule\u021b cu unt, un cojoc, o rani\u021b\u0103 cu obiecte de \u00eembr\u0103c\u0103minte, o Biblie \u0219i o carte de rug\u0103ciuni.<\/p>\n\n\n\n<figure class=\"wp-block-image size-full\"><img loading=\"lazy\" decoding=\"async\" width=\"960\" height=\"611\" src=\"https:\/\/urbeamea.ro\/albaiulia\/wp-content\/uploads\/2024\/05\/14054231_1105140542865327_2483957910379532539_n-1.jpg\" alt=\"\" class=\"wp-image-111366\" srcset=\"https:\/\/urbeamea.ro\/albaiulia\/wp-content\/uploads\/2024\/05\/14054231_1105140542865327_2483957910379532539_n-1.jpg 960w, https:\/\/urbeamea.ro\/albaiulia\/wp-content\/uploads\/2024\/05\/14054231_1105140542865327_2483957910379532539_n-1-640x407.jpg 640w, https:\/\/urbeamea.ro\/albaiulia\/wp-content\/uploads\/2024\/05\/14054231_1105140542865327_2483957910379532539_n-1-150x95.jpg 150w, https:\/\/urbeamea.ro\/albaiulia\/wp-content\/uploads\/2024\/05\/14054231_1105140542865327_2483957910379532539_n-1-768x489.jpg 768w\" sizes=\"auto, (max-width: 960px) 100vw, 960px\" \/><\/figure>\n\n\n\n<h1 class=\"wp-block-heading\"><strong style=\"margin: 0px;padding: 0px;border: 0px;font-size: 17.6px;vertical-align: baseline;font-family: Roboto, sans-serif\">Cadravele, date ca model la Cugir<\/strong><\/h1>\n\n\n\n<p>La finalul luptei, cadavrele celor doi partizani,sunt aruncate \u00eentr-o groap\u0103 comun\u0103 pe malul r\u00e2ului T\u00e2rnava, \u00een locul numit de c\u0103tre s\u0103teni \u201eLunca St\u00e2nii\u201d.<\/p>\n\n\n\n<p>\u00cens\u0103, \u00een noaptea urm\u0103toare, trupurile ne\u00eensufle\u021bite au fost dezgropate \u0219i transportate prima dat\u0103 la Morga din Alba Iulia.<\/p>\n\n\n\n<p>Aici sunt adu\u0219i pentru identificarea cadavrelor celor doi partizani, membrii familiei lui Gelu Novac: tat\u0103l s\u0103u \u2013 profesorul Mihai Novac, fratele \u0219i sora acestuia: Petru Novac(membru al Grupului condus de Ioan Gavril\u0103 Ogoranu) \u0219i Gema Novac.<\/p>\n\n\n\n<p>De aici, trupurile celor doi partizani, sunt transportate la Cugir, unde au fost folosite ca material, pentru simularea unui atac terorist asupra fabricii de armament din localitate.<\/p>\n\n\n\n<p>Ele au fost expuse pentru scurt timp \u00eentr-un loc public, pentru a fi v\u0103zute de localnici, scopul fiind acela de inducere inten\u021bionat\u0103 a fricii \u00een r\u00e2ndurile popula\u021biei \u0219i mai ales a tinerilor.<\/p>\n\n\n\n<p>Ecranizare cinematografic\u0103<\/p>\n\n\n\n<p>Povestea membrilor grupului din care au f\u0103cut parte \u0219i cei doi eroi, a fost ecranizat\u0103 \u00een anul 2010, \u00een lungmetrajul \u201ePortretul lupt\u0103torului la tinere\u021be\u201d, \u00een regia lui Constantin Popescu.<\/p>\n\n\n\n<p>Pelicula a primit premiul pentru cea mai bun\u0103 regie, la Festivalul de Film de la Bratislava \u2013 Slovacia.<\/p>\n\n\n\n<figure class=\"wp-block-gallery has-nested-images columns-default is-cropped wp-block-gallery-1 is-layout-flex wp-block-gallery-is-layout-flex\">\n<figure class=\"wp-block-image size-large\"><img loading=\"lazy\" decoding=\"async\" width=\"219\" height=\"300\" data-id=\"111367\" src=\"https:\/\/urbeamea.ro\/albaiulia\/wp-content\/uploads\/2024\/05\/13934697_1105140686198646_1508913738890551176_n-219x300-2.jpg\" alt=\"\" class=\"wp-image-111367\" srcset=\"https:\/\/urbeamea.ro\/albaiulia\/wp-content\/uploads\/2024\/05\/13934697_1105140686198646_1508913738890551176_n-219x300-2.jpg 219w, https:\/\/urbeamea.ro\/albaiulia\/wp-content\/uploads\/2024\/05\/13934697_1105140686198646_1508913738890551176_n-219x300-2-110x150.jpg 110w\" sizes=\"auto, (max-width: 219px) 100vw, 219px\" \/><\/figure>\n\n\n\n<figure class=\"wp-block-image size-large\"><img loading=\"lazy\" decoding=\"async\" width=\"533\" height=\"960\" data-id=\"111368\" src=\"https:\/\/urbeamea.ro\/albaiulia\/wp-content\/uploads\/2024\/05\/44968949_1931392436906796_2727283217685020672_n.jpg\" alt=\"\" class=\"wp-image-111368\" srcset=\"https:\/\/urbeamea.ro\/albaiulia\/wp-content\/uploads\/2024\/05\/44968949_1931392436906796_2727283217685020672_n.jpg 533w, https:\/\/urbeamea.ro\/albaiulia\/wp-content\/uploads\/2024\/05\/44968949_1931392436906796_2727283217685020672_n-355x640.jpg 355w, https:\/\/urbeamea.ro\/albaiulia\/wp-content\/uploads\/2024\/05\/44968949_1931392436906796_2727283217685020672_n-83x150.jpg 83w\" sizes=\"auto, (max-width: 533px) 100vw, 533px\" \/><\/figure>\n<\/figure>\n\n\n\n<p><\/p>\n\n\n\n<p><\/p>\n\n\n\n<p><\/p>\n","protected":false},"excerpt":{"rendered":"<p>Gheorghe \u0218ov\u0103ial\u0103 \u0219i Gelu Novac au fost doi lupt\u0103tori anticomuni\u0219ti care au f\u0103cut parte din Grupul de rezisten\u021b\u0103 armat\u0103 cunoscut \u0219i ca \u201eGrupul Carpatin F\u0103g\u0103r\u0103\u0219an\u201d sau \u201eGrupul 73 Carpatin de eliberare na\u021bional\u0103\u201d, condus de Ion Gavril\u0103 Ogoranu. Cei doi au c\u0103zut \u00een lupt\u0103 cu organele de represiune, \u00een data data de 5 august 1954, la marginea unui lan de porumb de la marginea satului Obreja, apar\u021bin\u0103tor comunei Mihal\u021b.<\/p>\n","protected":false},"author":28,"featured_media":111366,"comment_status":"open","ping_status":"open","sticky":false,"template":"","format":"standard","meta":{"inline_featured_image":false,"footnotes":""},"categories":[8857,24746],"tags":[1424,24993,24991,24992],"class_list":["post-111364","post","type-post","status-publish","format-standard","has-post-thumbnail","hentry","category-istorie","category-reportaje","tag-cugir","tag-novac","tag-partizani","tag-sovaiala"],"yoast_head":"<!-- This site is optimized with the Yoast SEO plugin v27.4 - https:\/\/yoast.com\/product\/yoast-seo-wordpress\/ -->\n<title>POVESTEA PARTIZANILOR GHEORGHE \u0218OV\u0102IAL\u0102 \u0218I GELU NOVAC, UCI\u0218I \u00ceNTR-O LUPT\u0102 CU SECURITATEA \u0218I \u00ceNGROPA\u021aI \u00ceN ZONA ORA\u0218ULUI CUGIR - Revista Urbea Mea - Revista de Alba<\/title>\n<meta name=\"description\" content=\"Gheorghe \u0218ov\u0103ial\u0103 \u0219i Gelu Novac au fost doi lupt\u0103tori anticomuni\u0219ti care au f\u0103cut parte din Grupul de rezisten\u021b\u0103 armat\u0103 cunoscut \u0219i ca \u201eGrupul Carpatin F\u0103g\u0103r\u0103\u0219an\u201d sau \u201eGrupul 73 Carpatin de eliberare na\u021bional\u0103\u201d, condus de Ion Gavril\u0103 Ogoranu. Cei doi au c\u0103zut \u00een lupt\u0103 cu organele de represiune, \u00een data data de 5 august 1954, la marginea unui lan de porumb de la marginea satului Obreja, apar\u021bin\u0103tor comunei Mihal\u021b.\" \/>\n<meta name=\"robots\" content=\"index, follow, max-snippet:-1, max-image-preview:large, max-video-preview:-1\" \/>\n<link rel=\"canonical\" href=\"https:\/\/urbeamea.ro\/albaiulia\/povestea-partizanilor-gheorghe-sovaiala-si-gelu-novac-ucisi-intr-o-lupta-cu-securitatea-si-ingropati-in-zona-orasului-cugir\/\" \/>\n<meta name=\"twitter:card\" content=\"summary_large_image\" \/>\n<meta name=\"twitter:title\" content=\"POVESTEA PARTIZANILOR GHEORGHE \u0218OV\u0102IAL\u0102 \u0218I GELU NOVAC, UCI\u0218I \u00ceNTR-O LUPT\u0102 CU SECURITATEA \u0218I \u00ceNGROPA\u021aI \u00ceN ZONA ORA\u0218ULUI CUGIR - Revista Urbea Mea - Revista de Alba\" \/>\n<meta name=\"twitter:description\" content=\"Gheorghe \u0218ov\u0103ial\u0103 \u0219i Gelu Novac au fost doi lupt\u0103tori anticomuni\u0219ti care au f\u0103cut parte din Grupul de rezisten\u021b\u0103 armat\u0103 cunoscut \u0219i ca \u201eGrupul Carpatin F\u0103g\u0103r\u0103\u0219an\u201d sau \u201eGrupul 73 Carpatin de eliberare na\u021bional\u0103\u201d, condus de Ion Gavril\u0103 Ogoranu. Cei doi au c\u0103zut \u00een lupt\u0103 cu organele de represiune, \u00een data data de 5 august 1954, la marginea unui lan de porumb de la marginea satului Obreja, apar\u021bin\u0103tor comunei Mihal\u021b.\" \/>\n<meta name=\"twitter:image\" content=\"https:\/\/urbeamea.ro\/albaiulia\/wp-content\/uploads\/2024\/05\/14054231_1105140542865327_2483957910379532539_n-1.jpg\" \/>\n<meta name=\"twitter:creator\" content=\"@urbeameaweb\" \/>\n<meta name=\"twitter:site\" content=\"@urbeameaweb\" \/>\n<script type=\"application\/ld+json\" class=\"yoast-schema-graph\">{\"@context\":\"https:\\\/\\\/schema.org\",\"@graph\":[{\"@type\":\"Article\",\"@id\":\"https:\\\/\\\/urbeamea.ro\\\/albaiulia\\\/povestea-partizanilor-gheorghe-sovaiala-si-gelu-novac-ucisi-intr-o-lupta-cu-securitatea-si-ingropati-in-zona-orasului-cugir\\\/#article\",\"isPartOf\":{\"@id\":\"https:\\\/\\\/urbeamea.ro\\\/albaiulia\\\/povestea-partizanilor-gheorghe-sovaiala-si-gelu-novac-ucisi-intr-o-lupta-cu-securitatea-si-ingropati-in-zona-orasului-cugir\\\/\"},\"author\":{\"name\":\"Giurca Sorin\",\"@id\":\"https:\\\/\\\/urbeamea.ro\\\/albaiulia\\\/#\\\/schema\\\/person\\\/5db3854ac38c1cc9f0ab4092d6a20f02\"},\"headline\":\"POVESTEA PARTIZANILOR GHEORGHE \u0218OV\u0102IAL\u0102 \u0218I GELU NOVAC, UCI\u0218I \u00ceNTR-O LUPT\u0102 CU SECURITATEA \u0218I \u00ceNGROPA\u021aI \u00ceN ZONA ORA\u0218ULUI CUGIR\",\"datePublished\":\"2024-05-06T18:04:27+00:00\",\"dateModified\":\"2024-05-06T18:04:29+00:00\",\"mainEntityOfPage\":{\"@id\":\"https:\\\/\\\/urbeamea.ro\\\/albaiulia\\\/povestea-partizanilor-gheorghe-sovaiala-si-gelu-novac-ucisi-intr-o-lupta-cu-securitatea-si-ingropati-in-zona-orasului-cugir\\\/\"},\"wordCount\":1202,\"commentCount\":0,\"image\":{\"@id\":\"https:\\\/\\\/urbeamea.ro\\\/albaiulia\\\/povestea-partizanilor-gheorghe-sovaiala-si-gelu-novac-ucisi-intr-o-lupta-cu-securitatea-si-ingropati-in-zona-orasului-cugir\\\/#primaryimage\"},\"thumbnailUrl\":\"https:\\\/\\\/urbeamea.ro\\\/albaiulia\\\/wp-content\\\/uploads\\\/2024\\\/05\\\/14054231_1105140542865327_2483957910379532539_n-1.jpg\",\"keywords\":[\"cugir\",\"novac\",\"partizani\",\"sovaiala\"],\"articleSection\":[\"Istorie\",\"Reportaje\"],\"inLanguage\":\"ro-RO\",\"potentialAction\":[{\"@type\":\"CommentAction\",\"name\":\"Comment\",\"target\":[\"https:\\\/\\\/urbeamea.ro\\\/albaiulia\\\/povestea-partizanilor-gheorghe-sovaiala-si-gelu-novac-ucisi-intr-o-lupta-cu-securitatea-si-ingropati-in-zona-orasului-cugir\\\/#respond\"]}]},{\"@type\":\"WebPage\",\"@id\":\"https:\\\/\\\/urbeamea.ro\\\/albaiulia\\\/povestea-partizanilor-gheorghe-sovaiala-si-gelu-novac-ucisi-intr-o-lupta-cu-securitatea-si-ingropati-in-zona-orasului-cugir\\\/\",\"url\":\"https:\\\/\\\/urbeamea.ro\\\/albaiulia\\\/povestea-partizanilor-gheorghe-sovaiala-si-gelu-novac-ucisi-intr-o-lupta-cu-securitatea-si-ingropati-in-zona-orasului-cugir\\\/\",\"name\":\"POVESTEA PARTIZANILOR GHEORGHE \u0218OV\u0102IAL\u0102 \u0218I GELU NOVAC, UCI\u0218I \u00ceNTR-O LUPT\u0102 CU SECURITATEA \u0218I \u00ceNGROPA\u021aI \u00ceN ZONA ORA\u0218ULUI CUGIR - Revista Urbea Mea - Revista de Alba\",\"isPartOf\":{\"@id\":\"https:\\\/\\\/urbeamea.ro\\\/albaiulia\\\/#website\"},\"primaryImageOfPage\":{\"@id\":\"https:\\\/\\\/urbeamea.ro\\\/albaiulia\\\/povestea-partizanilor-gheorghe-sovaiala-si-gelu-novac-ucisi-intr-o-lupta-cu-securitatea-si-ingropati-in-zona-orasului-cugir\\\/#primaryimage\"},\"image\":{\"@id\":\"https:\\\/\\\/urbeamea.ro\\\/albaiulia\\\/povestea-partizanilor-gheorghe-sovaiala-si-gelu-novac-ucisi-intr-o-lupta-cu-securitatea-si-ingropati-in-zona-orasului-cugir\\\/#primaryimage\"},\"thumbnailUrl\":\"https:\\\/\\\/urbeamea.ro\\\/albaiulia\\\/wp-content\\\/uploads\\\/2024\\\/05\\\/14054231_1105140542865327_2483957910379532539_n-1.jpg\",\"datePublished\":\"2024-05-06T18:04:27+00:00\",\"dateModified\":\"2024-05-06T18:04:29+00:00\",\"author\":{\"@id\":\"https:\\\/\\\/urbeamea.ro\\\/albaiulia\\\/#\\\/schema\\\/person\\\/5db3854ac38c1cc9f0ab4092d6a20f02\"},\"description\":\"Gheorghe \u0218ov\u0103ial\u0103 \u0219i Gelu Novac au fost doi lupt\u0103tori anticomuni\u0219ti care au f\u0103cut parte din Grupul de rezisten\u021b\u0103 armat\u0103 cunoscut \u0219i ca \u201eGrupul Carpatin F\u0103g\u0103r\u0103\u0219an\u201d sau \u201eGrupul 73 Carpatin de eliberare na\u021bional\u0103\u201d, condus de Ion Gavril\u0103 Ogoranu. Cei doi au c\u0103zut \u00een lupt\u0103 cu organele de represiune, \u00een data data de 5 august 1954, la marginea unui lan de porumb de la marginea satului Obreja, apar\u021bin\u0103tor comunei Mihal\u021b.\",\"breadcrumb\":{\"@id\":\"https:\\\/\\\/urbeamea.ro\\\/albaiulia\\\/povestea-partizanilor-gheorghe-sovaiala-si-gelu-novac-ucisi-intr-o-lupta-cu-securitatea-si-ingropati-in-zona-orasului-cugir\\\/#breadcrumb\"},\"inLanguage\":\"ro-RO\",\"potentialAction\":[{\"@type\":\"ReadAction\",\"target\":[\"https:\\\/\\\/urbeamea.ro\\\/albaiulia\\\/povestea-partizanilor-gheorghe-sovaiala-si-gelu-novac-ucisi-intr-o-lupta-cu-securitatea-si-ingropati-in-zona-orasului-cugir\\\/\"]}]},{\"@type\":\"ImageObject\",\"inLanguage\":\"ro-RO\",\"@id\":\"https:\\\/\\\/urbeamea.ro\\\/albaiulia\\\/povestea-partizanilor-gheorghe-sovaiala-si-gelu-novac-ucisi-intr-o-lupta-cu-securitatea-si-ingropati-in-zona-orasului-cugir\\\/#primaryimage\",\"url\":\"https:\\\/\\\/urbeamea.ro\\\/albaiulia\\\/wp-content\\\/uploads\\\/2024\\\/05\\\/14054231_1105140542865327_2483957910379532539_n-1.jpg\",\"contentUrl\":\"https:\\\/\\\/urbeamea.ro\\\/albaiulia\\\/wp-content\\\/uploads\\\/2024\\\/05\\\/14054231_1105140542865327_2483957910379532539_n-1.jpg\",\"width\":960,\"height\":611},{\"@type\":\"BreadcrumbList\",\"@id\":\"https:\\\/\\\/urbeamea.ro\\\/albaiulia\\\/povestea-partizanilor-gheorghe-sovaiala-si-gelu-novac-ucisi-intr-o-lupta-cu-securitatea-si-ingropati-in-zona-orasului-cugir\\\/#breadcrumb\",\"itemListElement\":[{\"@type\":\"ListItem\",\"position\":1,\"name\":\"Prima pagin\u0103\",\"item\":\"https:\\\/\\\/urbeamea.ro\\\/albaiulia\\\/\"},{\"@type\":\"ListItem\",\"position\":2,\"name\":\"POVESTEA PARTIZANILOR GHEORGHE \u0218OV\u0102IAL\u0102 \u0218I GELU NOVAC, UCI\u0218I \u00ceNTR-O LUPT\u0102 CU SECURITATEA \u0218I \u00ceNGROPA\u021aI \u00ceN ZONA ORA\u0218ULUI CUGIR\"}]},{\"@type\":\"WebSite\",\"@id\":\"https:\\\/\\\/urbeamea.ro\\\/albaiulia\\\/#website\",\"url\":\"https:\\\/\\\/urbeamea.ro\\\/albaiulia\\\/\",\"name\":\"Revista Urbea Mea, Stiri urbane\",\"description\":\"Evenimente \u0219i \u0219tiri din Alba Iulia, Sebe\u0219, Aiud, Blaj\",\"potentialAction\":[{\"@type\":\"SearchAction\",\"target\":{\"@type\":\"EntryPoint\",\"urlTemplate\":\"https:\\\/\\\/urbeamea.ro\\\/albaiulia\\\/?s={search_term_string}\"},\"query-input\":{\"@type\":\"PropertyValueSpecification\",\"valueRequired\":true,\"valueName\":\"search_term_string\"}}],\"inLanguage\":\"ro-RO\"},{\"@type\":\"Person\",\"@id\":\"https:\\\/\\\/urbeamea.ro\\\/albaiulia\\\/#\\\/schema\\\/person\\\/5db3854ac38c1cc9f0ab4092d6a20f02\",\"name\":\"Giurca Sorin\",\"image\":{\"@type\":\"ImageObject\",\"inLanguage\":\"ro-RO\",\"@id\":\"https:\\\/\\\/secure.gravatar.com\\\/avatar\\\/120f6fcae7b3b47a7730cb9943f612f4909f68ac5284b5f40ac1c4615fd70576?s=96&d=mm&r=g\",\"url\":\"https:\\\/\\\/secure.gravatar.com\\\/avatar\\\/120f6fcae7b3b47a7730cb9943f612f4909f68ac5284b5f40ac1c4615fd70576?s=96&d=mm&r=g\",\"contentUrl\":\"https:\\\/\\\/secure.gravatar.com\\\/avatar\\\/120f6fcae7b3b47a7730cb9943f612f4909f68ac5284b5f40ac1c4615fd70576?s=96&d=mm&r=g\",\"caption\":\"Giurca Sorin\"},\"url\":\"https:\\\/\\\/urbeamea.ro\\\/albaiulia\\\/author\\\/sorin\\\/\"}]}<\/script>\n<!-- \/ Yoast SEO plugin. -->","yoast_head_json":{"title":"POVESTEA PARTIZANILOR GHEORGHE \u0218OV\u0102IAL\u0102 \u0218I GELU NOVAC, UCI\u0218I \u00ceNTR-O LUPT\u0102 CU SECURITATEA \u0218I \u00ceNGROPA\u021aI \u00ceN ZONA ORA\u0218ULUI CUGIR - Revista Urbea Mea - Revista de Alba","description":"Gheorghe \u0218ov\u0103ial\u0103 \u0219i Gelu Novac au fost doi lupt\u0103tori anticomuni\u0219ti care au f\u0103cut parte din Grupul de rezisten\u021b\u0103 armat\u0103 cunoscut \u0219i ca \u201eGrupul Carpatin F\u0103g\u0103r\u0103\u0219an\u201d sau \u201eGrupul 73 Carpatin de eliberare na\u021bional\u0103\u201d, condus de Ion Gavril\u0103 Ogoranu. Cei doi au c\u0103zut \u00een lupt\u0103 cu organele de represiune, \u00een data data de 5 august 1954, la marginea unui lan de porumb de la marginea satului Obreja, apar\u021bin\u0103tor comunei Mihal\u021b.","robots":{"index":"index","follow":"follow","max-snippet":"max-snippet:-1","max-image-preview":"max-image-preview:large","max-video-preview":"max-video-preview:-1"},"canonical":"https:\/\/urbeamea.ro\/albaiulia\/povestea-partizanilor-gheorghe-sovaiala-si-gelu-novac-ucisi-intr-o-lupta-cu-securitatea-si-ingropati-in-zona-orasului-cugir\/","twitter_card":"summary_large_image","twitter_title":"POVESTEA PARTIZANILOR GHEORGHE \u0218OV\u0102IAL\u0102 \u0218I GELU NOVAC, UCI\u0218I \u00ceNTR-O LUPT\u0102 CU SECURITATEA \u0218I \u00ceNGROPA\u021aI \u00ceN ZONA ORA\u0218ULUI CUGIR - Revista Urbea Mea - Revista de Alba","twitter_description":"Gheorghe \u0218ov\u0103ial\u0103 \u0219i Gelu Novac au fost doi lupt\u0103tori anticomuni\u0219ti care au f\u0103cut parte din Grupul de rezisten\u021b\u0103 armat\u0103 cunoscut \u0219i ca \u201eGrupul Carpatin F\u0103g\u0103r\u0103\u0219an\u201d sau \u201eGrupul 73 Carpatin de eliberare na\u021bional\u0103\u201d, condus de Ion Gavril\u0103 Ogoranu. Cei doi au c\u0103zut \u00een lupt\u0103 cu organele de represiune, \u00een data data de 5 august 1954, la marginea unui lan de porumb de la marginea satului Obreja, apar\u021bin\u0103tor comunei Mihal\u021b.","twitter_image":"https:\/\/urbeamea.ro\/albaiulia\/wp-content\/uploads\/2024\/05\/14054231_1105140542865327_2483957910379532539_n-1.jpg","twitter_creator":"@urbeameaweb","twitter_site":"@urbeameaweb","schema":{"@context":"https:\/\/schema.org","@graph":[{"@type":"Article","@id":"https:\/\/urbeamea.ro\/albaiulia\/povestea-partizanilor-gheorghe-sovaiala-si-gelu-novac-ucisi-intr-o-lupta-cu-securitatea-si-ingropati-in-zona-orasului-cugir\/#article","isPartOf":{"@id":"https:\/\/urbeamea.ro\/albaiulia\/povestea-partizanilor-gheorghe-sovaiala-si-gelu-novac-ucisi-intr-o-lupta-cu-securitatea-si-ingropati-in-zona-orasului-cugir\/"},"author":{"name":"Giurca Sorin","@id":"https:\/\/urbeamea.ro\/albaiulia\/#\/schema\/person\/5db3854ac38c1cc9f0ab4092d6a20f02"},"headline":"POVESTEA PARTIZANILOR GHEORGHE \u0218OV\u0102IAL\u0102 \u0218I GELU NOVAC, UCI\u0218I \u00ceNTR-O LUPT\u0102 CU SECURITATEA \u0218I \u00ceNGROPA\u021aI \u00ceN ZONA ORA\u0218ULUI CUGIR","datePublished":"2024-05-06T18:04:27+00:00","dateModified":"2024-05-06T18:04:29+00:00","mainEntityOfPage":{"@id":"https:\/\/urbeamea.ro\/albaiulia\/povestea-partizanilor-gheorghe-sovaiala-si-gelu-novac-ucisi-intr-o-lupta-cu-securitatea-si-ingropati-in-zona-orasului-cugir\/"},"wordCount":1202,"commentCount":0,"image":{"@id":"https:\/\/urbeamea.ro\/albaiulia\/povestea-partizanilor-gheorghe-sovaiala-si-gelu-novac-ucisi-intr-o-lupta-cu-securitatea-si-ingropati-in-zona-orasului-cugir\/#primaryimage"},"thumbnailUrl":"https:\/\/urbeamea.ro\/albaiulia\/wp-content\/uploads\/2024\/05\/14054231_1105140542865327_2483957910379532539_n-1.jpg","keywords":["cugir","novac","partizani","sovaiala"],"articleSection":["Istorie","Reportaje"],"inLanguage":"ro-RO","potentialAction":[{"@type":"CommentAction","name":"Comment","target":["https:\/\/urbeamea.ro\/albaiulia\/povestea-partizanilor-gheorghe-sovaiala-si-gelu-novac-ucisi-intr-o-lupta-cu-securitatea-si-ingropati-in-zona-orasului-cugir\/#respond"]}]},{"@type":"WebPage","@id":"https:\/\/urbeamea.ro\/albaiulia\/povestea-partizanilor-gheorghe-sovaiala-si-gelu-novac-ucisi-intr-o-lupta-cu-securitatea-si-ingropati-in-zona-orasului-cugir\/","url":"https:\/\/urbeamea.ro\/albaiulia\/povestea-partizanilor-gheorghe-sovaiala-si-gelu-novac-ucisi-intr-o-lupta-cu-securitatea-si-ingropati-in-zona-orasului-cugir\/","name":"POVESTEA PARTIZANILOR GHEORGHE \u0218OV\u0102IAL\u0102 \u0218I GELU NOVAC, UCI\u0218I \u00ceNTR-O LUPT\u0102 CU SECURITATEA \u0218I \u00ceNGROPA\u021aI \u00ceN ZONA ORA\u0218ULUI CUGIR - Revista Urbea Mea - Revista de Alba","isPartOf":{"@id":"https:\/\/urbeamea.ro\/albaiulia\/#website"},"primaryImageOfPage":{"@id":"https:\/\/urbeamea.ro\/albaiulia\/povestea-partizanilor-gheorghe-sovaiala-si-gelu-novac-ucisi-intr-o-lupta-cu-securitatea-si-ingropati-in-zona-orasului-cugir\/#primaryimage"},"image":{"@id":"https:\/\/urbeamea.ro\/albaiulia\/povestea-partizanilor-gheorghe-sovaiala-si-gelu-novac-ucisi-intr-o-lupta-cu-securitatea-si-ingropati-in-zona-orasului-cugir\/#primaryimage"},"thumbnailUrl":"https:\/\/urbeamea.ro\/albaiulia\/wp-content\/uploads\/2024\/05\/14054231_1105140542865327_2483957910379532539_n-1.jpg","datePublished":"2024-05-06T18:04:27+00:00","dateModified":"2024-05-06T18:04:29+00:00","author":{"@id":"https:\/\/urbeamea.ro\/albaiulia\/#\/schema\/person\/5db3854ac38c1cc9f0ab4092d6a20f02"},"description":"Gheorghe \u0218ov\u0103ial\u0103 \u0219i Gelu Novac au fost doi lupt\u0103tori anticomuni\u0219ti care au f\u0103cut parte din Grupul de rezisten\u021b\u0103 armat\u0103 cunoscut \u0219i ca \u201eGrupul Carpatin F\u0103g\u0103r\u0103\u0219an\u201d sau \u201eGrupul 73 Carpatin de eliberare na\u021bional\u0103\u201d, condus de Ion Gavril\u0103 Ogoranu. Cei doi au c\u0103zut \u00een lupt\u0103 cu organele de represiune, \u00een data data de 5 august 1954, la marginea unui lan de porumb de la marginea satului Obreja, apar\u021bin\u0103tor comunei Mihal\u021b.","breadcrumb":{"@id":"https:\/\/urbeamea.ro\/albaiulia\/povestea-partizanilor-gheorghe-sovaiala-si-gelu-novac-ucisi-intr-o-lupta-cu-securitatea-si-ingropati-in-zona-orasului-cugir\/#breadcrumb"},"inLanguage":"ro-RO","potentialAction":[{"@type":"ReadAction","target":["https:\/\/urbeamea.ro\/albaiulia\/povestea-partizanilor-gheorghe-sovaiala-si-gelu-novac-ucisi-intr-o-lupta-cu-securitatea-si-ingropati-in-zona-orasului-cugir\/"]}]},{"@type":"ImageObject","inLanguage":"ro-RO","@id":"https:\/\/urbeamea.ro\/albaiulia\/povestea-partizanilor-gheorghe-sovaiala-si-gelu-novac-ucisi-intr-o-lupta-cu-securitatea-si-ingropati-in-zona-orasului-cugir\/#primaryimage","url":"https:\/\/urbeamea.ro\/albaiulia\/wp-content\/uploads\/2024\/05\/14054231_1105140542865327_2483957910379532539_n-1.jpg","contentUrl":"https:\/\/urbeamea.ro\/albaiulia\/wp-content\/uploads\/2024\/05\/14054231_1105140542865327_2483957910379532539_n-1.jpg","width":960,"height":611},{"@type":"BreadcrumbList","@id":"https:\/\/urbeamea.ro\/albaiulia\/povestea-partizanilor-gheorghe-sovaiala-si-gelu-novac-ucisi-intr-o-lupta-cu-securitatea-si-ingropati-in-zona-orasului-cugir\/#breadcrumb","itemListElement":[{"@type":"ListItem","position":1,"name":"Prima pagin\u0103","item":"https:\/\/urbeamea.ro\/albaiulia\/"},{"@type":"ListItem","position":2,"name":"POVESTEA PARTIZANILOR GHEORGHE \u0218OV\u0102IAL\u0102 \u0218I GELU NOVAC, UCI\u0218I \u00ceNTR-O LUPT\u0102 CU SECURITATEA \u0218I \u00ceNGROPA\u021aI \u00ceN ZONA ORA\u0218ULUI CUGIR"}]},{"@type":"WebSite","@id":"https:\/\/urbeamea.ro\/albaiulia\/#website","url":"https:\/\/urbeamea.ro\/albaiulia\/","name":"Revista Urbea Mea, Stiri urbane","description":"Evenimente \u0219i \u0219tiri din Alba Iulia, Sebe\u0219, Aiud, Blaj","potentialAction":[{"@type":"SearchAction","target":{"@type":"EntryPoint","urlTemplate":"https:\/\/urbeamea.ro\/albaiulia\/?s={search_term_string}"},"query-input":{"@type":"PropertyValueSpecification","valueRequired":true,"valueName":"search_term_string"}}],"inLanguage":"ro-RO"},{"@type":"Person","@id":"https:\/\/urbeamea.ro\/albaiulia\/#\/schema\/person\/5db3854ac38c1cc9f0ab4092d6a20f02","name":"Giurca Sorin","image":{"@type":"ImageObject","inLanguage":"ro-RO","@id":"https:\/\/secure.gravatar.com\/avatar\/120f6fcae7b3b47a7730cb9943f612f4909f68ac5284b5f40ac1c4615fd70576?s=96&d=mm&r=g","url":"https:\/\/secure.gravatar.com\/avatar\/120f6fcae7b3b47a7730cb9943f612f4909f68ac5284b5f40ac1c4615fd70576?s=96&d=mm&r=g","contentUrl":"https:\/\/secure.gravatar.com\/avatar\/120f6fcae7b3b47a7730cb9943f612f4909f68ac5284b5f40ac1c4615fd70576?s=96&d=mm&r=g","caption":"Giurca Sorin"},"url":"https:\/\/urbeamea.ro\/albaiulia\/author\/sorin\/"}]}},"_links":{"self":[{"href":"https:\/\/urbeamea.ro\/albaiulia\/wp-json\/wp\/v2\/posts\/111364","targetHints":{"allow":["GET"]}}],"collection":[{"href":"https:\/\/urbeamea.ro\/albaiulia\/wp-json\/wp\/v2\/posts"}],"about":[{"href":"https:\/\/urbeamea.ro\/albaiulia\/wp-json\/wp\/v2\/types\/post"}],"author":[{"embeddable":true,"href":"https:\/\/urbeamea.ro\/albaiulia\/wp-json\/wp\/v2\/users\/28"}],"replies":[{"embeddable":true,"href":"https:\/\/urbeamea.ro\/albaiulia\/wp-json\/wp\/v2\/comments?post=111364"}],"version-history":[{"count":1,"href":"https:\/\/urbeamea.ro\/albaiulia\/wp-json\/wp\/v2\/posts\/111364\/revisions"}],"predecessor-version":[{"id":111369,"href":"https:\/\/urbeamea.ro\/albaiulia\/wp-json\/wp\/v2\/posts\/111364\/revisions\/111369"}],"wp:featuredmedia":[{"embeddable":true,"href":"https:\/\/urbeamea.ro\/albaiulia\/wp-json\/wp\/v2\/media\/111366"}],"wp:attachment":[{"href":"https:\/\/urbeamea.ro\/albaiulia\/wp-json\/wp\/v2\/media?parent=111364"}],"wp:term":[{"taxonomy":"category","embeddable":true,"href":"https:\/\/urbeamea.ro\/albaiulia\/wp-json\/wp\/v2\/categories?post=111364"},{"taxonomy":"post_tag","embeddable":true,"href":"https:\/\/urbeamea.ro\/albaiulia\/wp-json\/wp\/v2\/tags?post=111364"}],"curies":[{"name":"wp","href":"https:\/\/api.w.org\/{rel}","templated":true}]}}