{"id":111401,"date":"2024-05-08T15:22:25","date_gmt":"2024-05-08T12:22:25","guid":{"rendered":"https:\/\/urbeamea.ro\/albaiulia\/?p=111401"},"modified":"2024-05-08T15:22:27","modified_gmt":"2024-05-08T12:22:27","slug":"cs-unirea-alba-iulia-a-aniversat-implinirea-a-50-de-ani-de-la-infiintare","status":"publish","type":"post","link":"https:\/\/urbeamea.ro\/albaiulia\/cs-unirea-alba-iulia-a-aniversat-implinirea-a-50-de-ani-de-la-infiintare\/","title":{"rendered":"CS Unirea Alba Iulia a aniversat \u00eemplinirea a 50 de ani de la \u00eenfiin\u021bare!\u00a0"},"content":{"rendered":"\n<p><strong>Clubul Sportiv Unirea Alba Iulia a aniversat, mar\u021bi, 7 mai, \u00eemplinirea a 50 de ani de la \u00eenfiin\u021bare, printr-un eveniment \u00een cadrul c\u0103ruia conducerea institu\u021biei, respectiv directorul Corneliu Mure\u0219an, \u0219i-a exprimat recuno\u0219tin\u021ba fa\u021b\u0103 de fo\u0219tii sportivi, antrenori, conduc\u0103tori \u0219i angaja\u021bi, respectiv fa\u021b\u0103 de cei care, \u00een prezent, duc tradi\u021bia clubului mai departe.<\/strong><\/p>\n\n\n\n<figure class=\"wp-block-image size-large\"><img loading=\"lazy\" decoding=\"async\" width=\"1280\" height=\"852\" src=\"https:\/\/urbeamea.ro\/albaiulia\/wp-content\/uploads\/2024\/05\/Gala-aniversara-CS-Unirea-Alba-Iulia-3-1280x852.jpg\" alt=\"\" class=\"wp-image-111402\" srcset=\"https:\/\/urbeamea.ro\/albaiulia\/wp-content\/uploads\/2024\/05\/Gala-aniversara-CS-Unirea-Alba-Iulia-3-1280x852.jpg 1280w, https:\/\/urbeamea.ro\/albaiulia\/wp-content\/uploads\/2024\/05\/Gala-aniversara-CS-Unirea-Alba-Iulia-3-640x426.jpg 640w, https:\/\/urbeamea.ro\/albaiulia\/wp-content\/uploads\/2024\/05\/Gala-aniversara-CS-Unirea-Alba-Iulia-3-150x100.jpg 150w, https:\/\/urbeamea.ro\/albaiulia\/wp-content\/uploads\/2024\/05\/Gala-aniversara-CS-Unirea-Alba-Iulia-3-768x511.jpg 768w, https:\/\/urbeamea.ro\/albaiulia\/wp-content\/uploads\/2024\/05\/Gala-aniversara-CS-Unirea-Alba-Iulia-3.jpg 1440w\" sizes=\"auto, (max-width: 1280px) 100vw, 1280px\" \/><\/figure>\n\n\n\n<blockquote class=\"wp-block-quote is-layout-flow wp-block-quote-is-layout-flow\">\n<p>Cu ocazia \u00eemplinirii a 50 de ani de la \u00eenfiin\u021barea Clubului Sportiv Unirea Alba Iulia, am dorit s\u0103 exprim recuno\u0219tin\u021ba fa\u021b\u0103 de to\u021bi cei implica\u021bi \u00een dezvoltarea acestui club sportiv emblematic al jude\u021bului Alba.<\/p>\n\n\n\n<p>La evenimentul aniversar, ne-am bucurat de prezen\u021ba a peste 150 de sportivi \u0219i antrenori, care au f\u0103cut sau fac cinste jude\u021bului prin performan\u021bele lor. O parte dintre ace\u0219tia reprezint\u0103 modele pentru genera\u021biile viitoare. Mul\u021bumesc pentru prezen\u021b\u0103 vicepre\u0219edintelui Agen\u021biei Na\u021bionale pentru Sport, Thomas R\u0103zvan Moldovan, care a remarcat evolu\u021bia bun\u0103 a clubului, dar \u0219i vicepre\u0219edintelui Comisiei pentru Sport din Parlamentul European, Victor Negrescu, care a prezentat programele de finan\u021bare destinate sportului de performan\u021b\u0103. Pentru aprofundarea acestui subiect, va fi organizat\u0103 o vizit\u0103 de lucru la Bruxelles cu o delega\u021bie din cadrul clubului.<\/p>\n\n\n\n<p>\u00cen spatele fiec\u0103rui succes sportiv stau multe sacrificii, nenum\u0103rate ore de munc\u0103 \u0219i renun\u021b\u0103ri. Mul\u021bumesc fiec\u0103rui sportiv, antrenor \u0219i angajat al CS Unirea Alba Iulia care a muncit pentru a scrie aceast\u0103 frumoas\u0103 carte, de 50 de ani. Peste 7.000 de medalii au fost ob\u021binute \u0219i peste 10.000 de tineri s-au format aici, nu doar ca sportivi, ci \u0219i ca oameni. Sportul formeaz\u0103 adev\u0103rate caractere. Mul\u021bumesc fo\u0219tilor directori ai clubului, prezen\u021bi la eveniment: Nistor Nicolae, Anghel Marius, Liviu Coac\u0103z\u0103 \u0219i Daniela Mo\u0219neag, dar \u0219i celorlal\u021bi fo\u0219ti conduc\u0103tori.&nbsp;<\/p>\n\n\n\n<p>Sunt convins c\u0103 performan\u021ba pe care am realizat-o, al\u0103turi de echipa CS Unirea Alba Iulia, se poate transpune \u0219i \u00een administra\u021bia jude\u021bean\u0103, cu aceea\u0219i bun\u0103 credin\u021b\u0103 \u0219i folosind acelea\u0219i principii solide. Vreau o sal\u0103 polivalent\u0103 \u00een Alba Iulia, un stadion modern, proiecte serioase \u00een domeniul sportiv. Vreau mai mult pentru Alba \u0219i mai bine pentru oameni!<\/p>\n<cite>Corneliu Mure\u0219an<\/cite><\/blockquote>\n\n\n\n<p>Sportivii CS Unirea Alba Iulia au ob\u021binut, de-a lungul anilor, cele mai mari performan\u021be sportive, at\u00e2t pe plan na\u021bional, c\u00e2t \u0219i pe plan interna\u021bional, dintre cluburile sportive din jude\u021bul Alba. Sportivii CS Unirea Alba Iulia s-au impus categoric la competi\u021bii na\u021bionale \u0219i au ob\u021binut rezultate foarte bune la \u00eentrecerile europene \u0219i mondiale, av\u00e2nd reprezenta\u021bi la cea mai prestigioas\u0103 competi\u021bie \u2013 Jocurile Olimpice. Astfel, prin rezultatele ob\u021binute, sportivii CS Unirea Alba Iulia au devenit ambasadori ai jude\u021bului Alba.<\/p>\n\n\n\n<figure class=\"wp-block-gallery has-nested-images columns-default is-cropped wp-block-gallery-1 is-layout-flex wp-block-gallery-is-layout-flex\">\n<figure class=\"wp-block-image size-large\"><a href=\"https:\/\/urbeamea.ro\/albaiulia\/wp-content\/uploads\/2024\/05\/Gala-aniversara-CS-Unirea-Alba-Iulia-11.jpg\"><img loading=\"lazy\" decoding=\"async\" width=\"1280\" height=\"852\" data-id=\"111403\" src=\"https:\/\/urbeamea.ro\/albaiulia\/wp-content\/uploads\/2024\/05\/Gala-aniversara-CS-Unirea-Alba-Iulia-11-1280x852.jpg\" alt=\"\" class=\"wp-image-111403\" srcset=\"https:\/\/urbeamea.ro\/albaiulia\/wp-content\/uploads\/2024\/05\/Gala-aniversara-CS-Unirea-Alba-Iulia-11-1280x852.jpg 1280w, https:\/\/urbeamea.ro\/albaiulia\/wp-content\/uploads\/2024\/05\/Gala-aniversara-CS-Unirea-Alba-Iulia-11-640x426.jpg 640w, https:\/\/urbeamea.ro\/albaiulia\/wp-content\/uploads\/2024\/05\/Gala-aniversara-CS-Unirea-Alba-Iulia-11-150x100.jpg 150w, https:\/\/urbeamea.ro\/albaiulia\/wp-content\/uploads\/2024\/05\/Gala-aniversara-CS-Unirea-Alba-Iulia-11-768x511.jpg 768w, https:\/\/urbeamea.ro\/albaiulia\/wp-content\/uploads\/2024\/05\/Gala-aniversara-CS-Unirea-Alba-Iulia-11.jpg 1440w\" sizes=\"auto, (max-width: 1280px) 100vw, 1280px\" \/><\/a><\/figure>\n\n\n\n<figure class=\"wp-block-image size-large\"><a href=\"https:\/\/urbeamea.ro\/albaiulia\/wp-content\/uploads\/2024\/05\/Gala-aniversara-CS-Unirea-Alba-Iulia.jpg\"><img loading=\"lazy\" decoding=\"async\" width=\"1280\" height=\"852\" data-id=\"111404\" src=\"https:\/\/urbeamea.ro\/albaiulia\/wp-content\/uploads\/2024\/05\/Gala-aniversara-CS-Unirea-Alba-Iulia-1280x852.jpg\" alt=\"\" class=\"wp-image-111404\" srcset=\"https:\/\/urbeamea.ro\/albaiulia\/wp-content\/uploads\/2024\/05\/Gala-aniversara-CS-Unirea-Alba-Iulia-1280x852.jpg 1280w, https:\/\/urbeamea.ro\/albaiulia\/wp-content\/uploads\/2024\/05\/Gala-aniversara-CS-Unirea-Alba-Iulia-640x426.jpg 640w, https:\/\/urbeamea.ro\/albaiulia\/wp-content\/uploads\/2024\/05\/Gala-aniversara-CS-Unirea-Alba-Iulia-150x100.jpg 150w, https:\/\/urbeamea.ro\/albaiulia\/wp-content\/uploads\/2024\/05\/Gala-aniversara-CS-Unirea-Alba-Iulia-768x511.jpg 768w, https:\/\/urbeamea.ro\/albaiulia\/wp-content\/uploads\/2024\/05\/Gala-aniversara-CS-Unirea-Alba-Iulia.jpg 1440w\" sizes=\"auto, (max-width: 1280px) 100vw, 1280px\" \/><\/a><\/figure>\n\n\n\n<figure class=\"wp-block-image size-large\"><a href=\"https:\/\/urbeamea.ro\/albaiulia\/wp-content\/uploads\/2024\/05\/Gala-aniversara-CS-Unirea-Alba-Iulia-10.jpg\"><img loading=\"lazy\" decoding=\"async\" width=\"1280\" height=\"852\" data-id=\"111405\" src=\"https:\/\/urbeamea.ro\/albaiulia\/wp-content\/uploads\/2024\/05\/Gala-aniversara-CS-Unirea-Alba-Iulia-10-1280x852.jpg\" alt=\"\" class=\"wp-image-111405\" srcset=\"https:\/\/urbeamea.ro\/albaiulia\/wp-content\/uploads\/2024\/05\/Gala-aniversara-CS-Unirea-Alba-Iulia-10-1280x852.jpg 1280w, https:\/\/urbeamea.ro\/albaiulia\/wp-content\/uploads\/2024\/05\/Gala-aniversara-CS-Unirea-Alba-Iulia-10-640x426.jpg 640w, https:\/\/urbeamea.ro\/albaiulia\/wp-content\/uploads\/2024\/05\/Gala-aniversara-CS-Unirea-Alba-Iulia-10-150x100.jpg 150w, https:\/\/urbeamea.ro\/albaiulia\/wp-content\/uploads\/2024\/05\/Gala-aniversara-CS-Unirea-Alba-Iulia-10-768x511.jpg 768w, https:\/\/urbeamea.ro\/albaiulia\/wp-content\/uploads\/2024\/05\/Gala-aniversara-CS-Unirea-Alba-Iulia-10.jpg 1440w\" sizes=\"auto, (max-width: 1280px) 100vw, 1280px\" \/><\/a><\/figure>\n\n\n\n<figure class=\"wp-block-image size-large\"><a href=\"https:\/\/urbeamea.ro\/albaiulia\/wp-content\/uploads\/2024\/05\/Gala-aniversara-CS-Unirea-Alba-Iulia-9.jpg\"><img loading=\"lazy\" decoding=\"async\" width=\"1280\" height=\"852\" data-id=\"111406\" src=\"https:\/\/urbeamea.ro\/albaiulia\/wp-content\/uploads\/2024\/05\/Gala-aniversara-CS-Unirea-Alba-Iulia-9-1280x852.jpg\" alt=\"\" class=\"wp-image-111406\" srcset=\"https:\/\/urbeamea.ro\/albaiulia\/wp-content\/uploads\/2024\/05\/Gala-aniversara-CS-Unirea-Alba-Iulia-9-1280x852.jpg 1280w, https:\/\/urbeamea.ro\/albaiulia\/wp-content\/uploads\/2024\/05\/Gala-aniversara-CS-Unirea-Alba-Iulia-9-640x426.jpg 640w, https:\/\/urbeamea.ro\/albaiulia\/wp-content\/uploads\/2024\/05\/Gala-aniversara-CS-Unirea-Alba-Iulia-9-150x100.jpg 150w, https:\/\/urbeamea.ro\/albaiulia\/wp-content\/uploads\/2024\/05\/Gala-aniversara-CS-Unirea-Alba-Iulia-9-768x511.jpg 768w, https:\/\/urbeamea.ro\/albaiulia\/wp-content\/uploads\/2024\/05\/Gala-aniversara-CS-Unirea-Alba-Iulia-9.jpg 1440w\" sizes=\"auto, (max-width: 1280px) 100vw, 1280px\" \/><\/a><\/figure>\n\n\n\n<figure class=\"wp-block-image size-large\"><a href=\"https:\/\/urbeamea.ro\/albaiulia\/wp-content\/uploads\/2024\/05\/Gala-aniversara-CS-Unirea-Alba-Iulia-7.jpg\"><img loading=\"lazy\" decoding=\"async\" width=\"1280\" height=\"852\" data-id=\"111407\" src=\"https:\/\/urbeamea.ro\/albaiulia\/wp-content\/uploads\/2024\/05\/Gala-aniversara-CS-Unirea-Alba-Iulia-7-1280x852.jpg\" alt=\"\" class=\"wp-image-111407\" srcset=\"https:\/\/urbeamea.ro\/albaiulia\/wp-content\/uploads\/2024\/05\/Gala-aniversara-CS-Unirea-Alba-Iulia-7-1280x852.jpg 1280w, https:\/\/urbeamea.ro\/albaiulia\/wp-content\/uploads\/2024\/05\/Gala-aniversara-CS-Unirea-Alba-Iulia-7-640x426.jpg 640w, https:\/\/urbeamea.ro\/albaiulia\/wp-content\/uploads\/2024\/05\/Gala-aniversara-CS-Unirea-Alba-Iulia-7-150x100.jpg 150w, https:\/\/urbeamea.ro\/albaiulia\/wp-content\/uploads\/2024\/05\/Gala-aniversara-CS-Unirea-Alba-Iulia-7-768x511.jpg 768w, https:\/\/urbeamea.ro\/albaiulia\/wp-content\/uploads\/2024\/05\/Gala-aniversara-CS-Unirea-Alba-Iulia-7.jpg 1440w\" sizes=\"auto, (max-width: 1280px) 100vw, 1280px\" \/><\/a><\/figure>\n\n\n\n<figure class=\"wp-block-image size-large\"><a href=\"https:\/\/urbeamea.ro\/albaiulia\/wp-content\/uploads\/2024\/05\/Gala-aniversara-CS-Unirea-Alba-Iulia-8.jpg\"><img loading=\"lazy\" decoding=\"async\" width=\"1280\" height=\"852\" data-id=\"111408\" src=\"https:\/\/urbeamea.ro\/albaiulia\/wp-content\/uploads\/2024\/05\/Gala-aniversara-CS-Unirea-Alba-Iulia-8-1280x852.jpg\" alt=\"\" class=\"wp-image-111408\" srcset=\"https:\/\/urbeamea.ro\/albaiulia\/wp-content\/uploads\/2024\/05\/Gala-aniversara-CS-Unirea-Alba-Iulia-8-1280x852.jpg 1280w, https:\/\/urbeamea.ro\/albaiulia\/wp-content\/uploads\/2024\/05\/Gala-aniversara-CS-Unirea-Alba-Iulia-8-640x426.jpg 640w, https:\/\/urbeamea.ro\/albaiulia\/wp-content\/uploads\/2024\/05\/Gala-aniversara-CS-Unirea-Alba-Iulia-8-150x100.jpg 150w, https:\/\/urbeamea.ro\/albaiulia\/wp-content\/uploads\/2024\/05\/Gala-aniversara-CS-Unirea-Alba-Iulia-8-768x511.jpg 768w, https:\/\/urbeamea.ro\/albaiulia\/wp-content\/uploads\/2024\/05\/Gala-aniversara-CS-Unirea-Alba-Iulia-8.jpg 1440w\" sizes=\"auto, (max-width: 1280px) 100vw, 1280px\" \/><\/a><\/figure>\n\n\n\n<figure class=\"wp-block-image size-large\"><a href=\"https:\/\/urbeamea.ro\/albaiulia\/wp-content\/uploads\/2024\/05\/Gala-aniversara-CS-Unirea-Alba-Iulia-5.jpg\"><img loading=\"lazy\" decoding=\"async\" width=\"1280\" height=\"852\" data-id=\"111410\" src=\"https:\/\/urbeamea.ro\/albaiulia\/wp-content\/uploads\/2024\/05\/Gala-aniversara-CS-Unirea-Alba-Iulia-5-1280x852.jpg\" alt=\"\" class=\"wp-image-111410\" srcset=\"https:\/\/urbeamea.ro\/albaiulia\/wp-content\/uploads\/2024\/05\/Gala-aniversara-CS-Unirea-Alba-Iulia-5-1280x852.jpg 1280w, https:\/\/urbeamea.ro\/albaiulia\/wp-content\/uploads\/2024\/05\/Gala-aniversara-CS-Unirea-Alba-Iulia-5-640x426.jpg 640w, https:\/\/urbeamea.ro\/albaiulia\/wp-content\/uploads\/2024\/05\/Gala-aniversara-CS-Unirea-Alba-Iulia-5-150x100.jpg 150w, https:\/\/urbeamea.ro\/albaiulia\/wp-content\/uploads\/2024\/05\/Gala-aniversara-CS-Unirea-Alba-Iulia-5-768x511.jpg 768w, https:\/\/urbeamea.ro\/albaiulia\/wp-content\/uploads\/2024\/05\/Gala-aniversara-CS-Unirea-Alba-Iulia-5.jpg 1440w\" sizes=\"auto, (max-width: 1280px) 100vw, 1280px\" \/><\/a><\/figure>\n\n\n\n<figure class=\"wp-block-image size-large\"><a href=\"https:\/\/urbeamea.ro\/albaiulia\/wp-content\/uploads\/2024\/05\/Gala-aniversara-CS-Unirea-Alba-Iulia-1.jpg\"><img loading=\"lazy\" decoding=\"async\" width=\"1280\" height=\"852\" data-id=\"111409\" src=\"https:\/\/urbeamea.ro\/albaiulia\/wp-content\/uploads\/2024\/05\/Gala-aniversara-CS-Unirea-Alba-Iulia-1-1280x852.jpg\" alt=\"\" class=\"wp-image-111409\" srcset=\"https:\/\/urbeamea.ro\/albaiulia\/wp-content\/uploads\/2024\/05\/Gala-aniversara-CS-Unirea-Alba-Iulia-1-1280x852.jpg 1280w, https:\/\/urbeamea.ro\/albaiulia\/wp-content\/uploads\/2024\/05\/Gala-aniversara-CS-Unirea-Alba-Iulia-1-640x426.jpg 640w, https:\/\/urbeamea.ro\/albaiulia\/wp-content\/uploads\/2024\/05\/Gala-aniversara-CS-Unirea-Alba-Iulia-1-150x100.jpg 150w, https:\/\/urbeamea.ro\/albaiulia\/wp-content\/uploads\/2024\/05\/Gala-aniversara-CS-Unirea-Alba-Iulia-1-768x511.jpg 768w, https:\/\/urbeamea.ro\/albaiulia\/wp-content\/uploads\/2024\/05\/Gala-aniversara-CS-Unirea-Alba-Iulia-1.jpg 1440w\" sizes=\"auto, (max-width: 1280px) 100vw, 1280px\" \/><\/a><\/figure>\n\n\n\n<figure class=\"wp-block-image size-large\"><a href=\"https:\/\/urbeamea.ro\/albaiulia\/wp-content\/uploads\/2024\/05\/Gala-aniversara-CS-Unirea-Alba-Iulia-6.jpg\"><img loading=\"lazy\" decoding=\"async\" width=\"1280\" height=\"852\" data-id=\"111411\" src=\"https:\/\/urbeamea.ro\/albaiulia\/wp-content\/uploads\/2024\/05\/Gala-aniversara-CS-Unirea-Alba-Iulia-6-1280x852.jpg\" alt=\"\" class=\"wp-image-111411\" srcset=\"https:\/\/urbeamea.ro\/albaiulia\/wp-content\/uploads\/2024\/05\/Gala-aniversara-CS-Unirea-Alba-Iulia-6-1280x852.jpg 1280w, https:\/\/urbeamea.ro\/albaiulia\/wp-content\/uploads\/2024\/05\/Gala-aniversara-CS-Unirea-Alba-Iulia-6-640x426.jpg 640w, https:\/\/urbeamea.ro\/albaiulia\/wp-content\/uploads\/2024\/05\/Gala-aniversara-CS-Unirea-Alba-Iulia-6-150x100.jpg 150w, https:\/\/urbeamea.ro\/albaiulia\/wp-content\/uploads\/2024\/05\/Gala-aniversara-CS-Unirea-Alba-Iulia-6-768x511.jpg 768w, https:\/\/urbeamea.ro\/albaiulia\/wp-content\/uploads\/2024\/05\/Gala-aniversara-CS-Unirea-Alba-Iulia-6.jpg 1440w\" sizes=\"auto, (max-width: 1280px) 100vw, 1280px\" \/><\/a><\/figure>\n\n\n\n<figure class=\"wp-block-image size-large\"><a href=\"https:\/\/urbeamea.ro\/albaiulia\/wp-content\/uploads\/2024\/05\/Gala-aniversara-CS-Unirea-Alba-Iulia-2.jpg\"><img loading=\"lazy\" decoding=\"async\" width=\"1280\" height=\"852\" data-id=\"111412\" src=\"https:\/\/urbeamea.ro\/albaiulia\/wp-content\/uploads\/2024\/05\/Gala-aniversara-CS-Unirea-Alba-Iulia-2-1280x852.jpg\" alt=\"\" class=\"wp-image-111412\" srcset=\"https:\/\/urbeamea.ro\/albaiulia\/wp-content\/uploads\/2024\/05\/Gala-aniversara-CS-Unirea-Alba-Iulia-2-1280x852.jpg 1280w, https:\/\/urbeamea.ro\/albaiulia\/wp-content\/uploads\/2024\/05\/Gala-aniversara-CS-Unirea-Alba-Iulia-2-640x426.jpg 640w, https:\/\/urbeamea.ro\/albaiulia\/wp-content\/uploads\/2024\/05\/Gala-aniversara-CS-Unirea-Alba-Iulia-2-150x100.jpg 150w, https:\/\/urbeamea.ro\/albaiulia\/wp-content\/uploads\/2024\/05\/Gala-aniversara-CS-Unirea-Alba-Iulia-2-768x511.jpg 768w, https:\/\/urbeamea.ro\/albaiulia\/wp-content\/uploads\/2024\/05\/Gala-aniversara-CS-Unirea-Alba-Iulia-2.jpg 1440w\" sizes=\"auto, (max-width: 1280px) 100vw, 1280px\" \/><\/a><\/figure>\n<\/figure>\n","protected":false},"excerpt":{"rendered":"<p>Clubul Sportiv Unirea Alba Iulia a aniversat, mar\u021bi, 7 mai, \u00eemplinirea a 50 de ani de la \u00eenfiin\u021bare, printr-un eveniment \u00een cadrul c\u0103ruia conducerea institu\u021biei, respectiv directorul Corneliu Mure\u0219an, \u0219i-a exprimat recuno\u0219tin\u021ba fa\u021b\u0103 de fo\u0219tii sportivi, antrenori, conduc\u0103tori \u0219i angaja\u021bi, respectiv fa\u021b\u0103 de cei care, \u00een prezent, duc tradi\u021bia clubului mai departe. Cu ocazia \u00eemplinirii &hellip;<\/p>\n","protected":false},"author":16,"featured_media":111413,"comment_status":"open","ping_status":"open","sticky":false,"template":"","format":"standard","meta":{"inline_featured_image":false,"footnotes":""},"categories":[4],"tags":[],"class_list":["post-111401","post","type-post","status-publish","format-standard","has-post-thumbnail","hentry","category-eveniment"],"yoast_head":"<!-- This site is optimized with the Yoast SEO plugin v27.4 - https:\/\/yoast.com\/product\/yoast-seo-wordpress\/ -->\n<title>CS Unirea Alba Iulia a aniversat \u00eemplinirea a 50 de ani de la \u00eenfiin\u021bare!\u00a0 - Revista Urbea Mea - Revista de Alba<\/title>\n<meta name=\"description\" content=\"Clubul Sportiv Unirea Alba Iulia a aniversat, mar\u021bi, 7 mai, \u00eemplinirea a 50 de ani de la \u00eenfiin\u021bare, printr-un eveniment \u00een cadrul c\u0103ruia conducerea\" \/>\n<meta name=\"robots\" content=\"index, follow, max-snippet:-1, max-image-preview:large, max-video-preview:-1\" \/>\n<link rel=\"canonical\" href=\"https:\/\/urbeamea.ro\/albaiulia\/cs-unirea-alba-iulia-a-aniversat-implinirea-a-50-de-ani-de-la-infiintare\/\" \/>\n<meta name=\"twitter:card\" content=\"summary_large_image\" \/>\n<meta name=\"twitter:title\" content=\"CS Unirea Alba Iulia a aniversat \u00eemplinirea a 50 de ani de la \u00eenfiin\u021bare!\u00a0 - Revista Urbea Mea - Revista de Alba\" \/>\n<meta name=\"twitter:description\" content=\"Clubul Sportiv Unirea Alba Iulia a aniversat, mar\u021bi, 7 mai, \u00eemplinirea a 50 de ani de la \u00eenfiin\u021bare, printr-un eveniment \u00een cadrul c\u0103ruia conducerea\" \/>\n<meta name=\"twitter:image\" content=\"https:\/\/urbeamea.ro\/albaiulia\/wp-content\/uploads\/2024\/05\/Gala-aniversara-CS-Unirea-Alba-Iulia-4.jpg\" \/>\n<meta name=\"twitter:creator\" content=\"@urbeameaweb\" \/>\n<meta name=\"twitter:site\" content=\"@urbeameaweb\" \/>\n<script type=\"application\/ld+json\" class=\"yoast-schema-graph\">{\"@context\":\"https:\\\/\\\/schema.org\",\"@graph\":[{\"@type\":\"Article\",\"@id\":\"https:\\\/\\\/urbeamea.ro\\\/albaiulia\\\/cs-unirea-alba-iulia-a-aniversat-implinirea-a-50-de-ani-de-la-infiintare\\\/#article\",\"isPartOf\":{\"@id\":\"https:\\\/\\\/urbeamea.ro\\\/albaiulia\\\/cs-unirea-alba-iulia-a-aniversat-implinirea-a-50-de-ani-de-la-infiintare\\\/\"},\"author\":{\"name\":\"Redac\u021bia UrbeaMea\",\"@id\":\"https:\\\/\\\/urbeamea.ro\\\/albaiulia\\\/#\\\/schema\\\/person\\\/272ae98052f8ee8980f59848df070247\"},\"headline\":\"CS Unirea Alba Iulia a aniversat \u00eemplinirea a 50 de ani de la \u00eenfiin\u021bare!\u00a0\",\"datePublished\":\"2024-05-08T12:22:25+00:00\",\"dateModified\":\"2024-05-08T12:22:27+00:00\",\"mainEntityOfPage\":{\"@id\":\"https:\\\/\\\/urbeamea.ro\\\/albaiulia\\\/cs-unirea-alba-iulia-a-aniversat-implinirea-a-50-de-ani-de-la-infiintare\\\/\"},\"wordCount\":475,\"commentCount\":0,\"image\":{\"@id\":\"https:\\\/\\\/urbeamea.ro\\\/albaiulia\\\/cs-unirea-alba-iulia-a-aniversat-implinirea-a-50-de-ani-de-la-infiintare\\\/#primaryimage\"},\"thumbnailUrl\":\"https:\\\/\\\/urbeamea.ro\\\/albaiulia\\\/wp-content\\\/uploads\\\/2024\\\/05\\\/Gala-aniversara-CS-Unirea-Alba-Iulia-4.jpg\",\"articleSection\":[\"Evenimente\"],\"inLanguage\":\"ro-RO\",\"potentialAction\":[{\"@type\":\"CommentAction\",\"name\":\"Comment\",\"target\":[\"https:\\\/\\\/urbeamea.ro\\\/albaiulia\\\/cs-unirea-alba-iulia-a-aniversat-implinirea-a-50-de-ani-de-la-infiintare\\\/#respond\"]}]},{\"@type\":\"WebPage\",\"@id\":\"https:\\\/\\\/urbeamea.ro\\\/albaiulia\\\/cs-unirea-alba-iulia-a-aniversat-implinirea-a-50-de-ani-de-la-infiintare\\\/\",\"url\":\"https:\\\/\\\/urbeamea.ro\\\/albaiulia\\\/cs-unirea-alba-iulia-a-aniversat-implinirea-a-50-de-ani-de-la-infiintare\\\/\",\"name\":\"CS Unirea Alba Iulia a aniversat \u00eemplinirea a 50 de ani de la \u00eenfiin\u021bare!\u00a0 - Revista Urbea Mea - Revista de Alba\",\"isPartOf\":{\"@id\":\"https:\\\/\\\/urbeamea.ro\\\/albaiulia\\\/#website\"},\"primaryImageOfPage\":{\"@id\":\"https:\\\/\\\/urbeamea.ro\\\/albaiulia\\\/cs-unirea-alba-iulia-a-aniversat-implinirea-a-50-de-ani-de-la-infiintare\\\/#primaryimage\"},\"image\":{\"@id\":\"https:\\\/\\\/urbeamea.ro\\\/albaiulia\\\/cs-unirea-alba-iulia-a-aniversat-implinirea-a-50-de-ani-de-la-infiintare\\\/#primaryimage\"},\"thumbnailUrl\":\"https:\\\/\\\/urbeamea.ro\\\/albaiulia\\\/wp-content\\\/uploads\\\/2024\\\/05\\\/Gala-aniversara-CS-Unirea-Alba-Iulia-4.jpg\",\"datePublished\":\"2024-05-08T12:22:25+00:00\",\"dateModified\":\"2024-05-08T12:22:27+00:00\",\"author\":{\"@id\":\"https:\\\/\\\/urbeamea.ro\\\/albaiulia\\\/#\\\/schema\\\/person\\\/272ae98052f8ee8980f59848df070247\"},\"description\":\"Clubul Sportiv Unirea Alba Iulia a aniversat, mar\u021bi, 7 mai, \u00eemplinirea a 50 de ani de la \u00eenfiin\u021bare, printr-un eveniment \u00een cadrul c\u0103ruia conducerea\",\"breadcrumb\":{\"@id\":\"https:\\\/\\\/urbeamea.ro\\\/albaiulia\\\/cs-unirea-alba-iulia-a-aniversat-implinirea-a-50-de-ani-de-la-infiintare\\\/#breadcrumb\"},\"inLanguage\":\"ro-RO\",\"potentialAction\":[{\"@type\":\"ReadAction\",\"target\":[\"https:\\\/\\\/urbeamea.ro\\\/albaiulia\\\/cs-unirea-alba-iulia-a-aniversat-implinirea-a-50-de-ani-de-la-infiintare\\\/\"]}]},{\"@type\":\"ImageObject\",\"inLanguage\":\"ro-RO\",\"@id\":\"https:\\\/\\\/urbeamea.ro\\\/albaiulia\\\/cs-unirea-alba-iulia-a-aniversat-implinirea-a-50-de-ani-de-la-infiintare\\\/#primaryimage\",\"url\":\"https:\\\/\\\/urbeamea.ro\\\/albaiulia\\\/wp-content\\\/uploads\\\/2024\\\/05\\\/Gala-aniversara-CS-Unirea-Alba-Iulia-4.jpg\",\"contentUrl\":\"https:\\\/\\\/urbeamea.ro\\\/albaiulia\\\/wp-content\\\/uploads\\\/2024\\\/05\\\/Gala-aniversara-CS-Unirea-Alba-Iulia-4.jpg\",\"width\":1440,\"height\":958},{\"@type\":\"BreadcrumbList\",\"@id\":\"https:\\\/\\\/urbeamea.ro\\\/albaiulia\\\/cs-unirea-alba-iulia-a-aniversat-implinirea-a-50-de-ani-de-la-infiintare\\\/#breadcrumb\",\"itemListElement\":[{\"@type\":\"ListItem\",\"position\":1,\"name\":\"Prima pagin\u0103\",\"item\":\"https:\\\/\\\/urbeamea.ro\\\/albaiulia\\\/\"},{\"@type\":\"ListItem\",\"position\":2,\"name\":\"CS Unirea Alba Iulia a aniversat \u00eemplinirea a 50 de ani de la \u00eenfiin\u021bare!\u00a0\"}]},{\"@type\":\"WebSite\",\"@id\":\"https:\\\/\\\/urbeamea.ro\\\/albaiulia\\\/#website\",\"url\":\"https:\\\/\\\/urbeamea.ro\\\/albaiulia\\\/\",\"name\":\"Revista Urbea Mea, Stiri urbane\",\"description\":\"Evenimente \u0219i \u0219tiri din Alba Iulia, Sebe\u0219, Aiud, Blaj\",\"potentialAction\":[{\"@type\":\"SearchAction\",\"target\":{\"@type\":\"EntryPoint\",\"urlTemplate\":\"https:\\\/\\\/urbeamea.ro\\\/albaiulia\\\/?s={search_term_string}\"},\"query-input\":{\"@type\":\"PropertyValueSpecification\",\"valueRequired\":true,\"valueName\":\"search_term_string\"}}],\"inLanguage\":\"ro-RO\"},{\"@type\":\"Person\",\"@id\":\"https:\\\/\\\/urbeamea.ro\\\/albaiulia\\\/#\\\/schema\\\/person\\\/272ae98052f8ee8980f59848df070247\",\"name\":\"Redac\u021bia UrbeaMea\",\"image\":{\"@type\":\"ImageObject\",\"inLanguage\":\"ro-RO\",\"@id\":\"https:\\\/\\\/secure.gravatar.com\\\/avatar\\\/9ce5a9435071fa1037e8468053ead8e513dbbff59009d3069aadb85506d85a27?s=96&d=mm&r=g\",\"url\":\"https:\\\/\\\/secure.gravatar.com\\\/avatar\\\/9ce5a9435071fa1037e8468053ead8e513dbbff59009d3069aadb85506d85a27?s=96&d=mm&r=g\",\"contentUrl\":\"https:\\\/\\\/secure.gravatar.com\\\/avatar\\\/9ce5a9435071fa1037e8468053ead8e513dbbff59009d3069aadb85506d85a27?s=96&d=mm&r=g\",\"caption\":\"Redac\u021bia UrbeaMea\"},\"description\":\"contact@urbeamea.ro\",\"sameAs\":[\"https:\\\/\\\/www.urbeamea.ro\"],\"url\":\"https:\\\/\\\/urbeamea.ro\\\/albaiulia\\\/author\\\/redactia-urbeamea\\\/\"}]}<\/script>\n<!-- \/ Yoast SEO plugin. -->","yoast_head_json":{"title":"CS Unirea Alba Iulia a aniversat \u00eemplinirea a 50 de ani de la \u00eenfiin\u021bare!\u00a0 - Revista Urbea Mea - Revista de Alba","description":"Clubul Sportiv Unirea Alba Iulia a aniversat, mar\u021bi, 7 mai, \u00eemplinirea a 50 de ani de la \u00eenfiin\u021bare, printr-un eveniment \u00een cadrul c\u0103ruia conducerea","robots":{"index":"index","follow":"follow","max-snippet":"max-snippet:-1","max-image-preview":"max-image-preview:large","max-video-preview":"max-video-preview:-1"},"canonical":"https:\/\/urbeamea.ro\/albaiulia\/cs-unirea-alba-iulia-a-aniversat-implinirea-a-50-de-ani-de-la-infiintare\/","twitter_card":"summary_large_image","twitter_title":"CS Unirea Alba Iulia a aniversat \u00eemplinirea a 50 de ani de la \u00eenfiin\u021bare!\u00a0 - Revista Urbea Mea - Revista de Alba","twitter_description":"Clubul Sportiv Unirea Alba Iulia a aniversat, mar\u021bi, 7 mai, \u00eemplinirea a 50 de ani de la \u00eenfiin\u021bare, printr-un eveniment \u00een cadrul c\u0103ruia conducerea","twitter_image":"https:\/\/urbeamea.ro\/albaiulia\/wp-content\/uploads\/2024\/05\/Gala-aniversara-CS-Unirea-Alba-Iulia-4.jpg","twitter_creator":"@urbeameaweb","twitter_site":"@urbeameaweb","schema":{"@context":"https:\/\/schema.org","@graph":[{"@type":"Article","@id":"https:\/\/urbeamea.ro\/albaiulia\/cs-unirea-alba-iulia-a-aniversat-implinirea-a-50-de-ani-de-la-infiintare\/#article","isPartOf":{"@id":"https:\/\/urbeamea.ro\/albaiulia\/cs-unirea-alba-iulia-a-aniversat-implinirea-a-50-de-ani-de-la-infiintare\/"},"author":{"name":"Redac\u021bia UrbeaMea","@id":"https:\/\/urbeamea.ro\/albaiulia\/#\/schema\/person\/272ae98052f8ee8980f59848df070247"},"headline":"CS Unirea Alba Iulia a aniversat \u00eemplinirea a 50 de ani de la \u00eenfiin\u021bare!\u00a0","datePublished":"2024-05-08T12:22:25+00:00","dateModified":"2024-05-08T12:22:27+00:00","mainEntityOfPage":{"@id":"https:\/\/urbeamea.ro\/albaiulia\/cs-unirea-alba-iulia-a-aniversat-implinirea-a-50-de-ani-de-la-infiintare\/"},"wordCount":475,"commentCount":0,"image":{"@id":"https:\/\/urbeamea.ro\/albaiulia\/cs-unirea-alba-iulia-a-aniversat-implinirea-a-50-de-ani-de-la-infiintare\/#primaryimage"},"thumbnailUrl":"https:\/\/urbeamea.ro\/albaiulia\/wp-content\/uploads\/2024\/05\/Gala-aniversara-CS-Unirea-Alba-Iulia-4.jpg","articleSection":["Evenimente"],"inLanguage":"ro-RO","potentialAction":[{"@type":"CommentAction","name":"Comment","target":["https:\/\/urbeamea.ro\/albaiulia\/cs-unirea-alba-iulia-a-aniversat-implinirea-a-50-de-ani-de-la-infiintare\/#respond"]}]},{"@type":"WebPage","@id":"https:\/\/urbeamea.ro\/albaiulia\/cs-unirea-alba-iulia-a-aniversat-implinirea-a-50-de-ani-de-la-infiintare\/","url":"https:\/\/urbeamea.ro\/albaiulia\/cs-unirea-alba-iulia-a-aniversat-implinirea-a-50-de-ani-de-la-infiintare\/","name":"CS Unirea Alba Iulia a aniversat \u00eemplinirea a 50 de ani de la \u00eenfiin\u021bare!\u00a0 - Revista Urbea Mea - Revista de Alba","isPartOf":{"@id":"https:\/\/urbeamea.ro\/albaiulia\/#website"},"primaryImageOfPage":{"@id":"https:\/\/urbeamea.ro\/albaiulia\/cs-unirea-alba-iulia-a-aniversat-implinirea-a-50-de-ani-de-la-infiintare\/#primaryimage"},"image":{"@id":"https:\/\/urbeamea.ro\/albaiulia\/cs-unirea-alba-iulia-a-aniversat-implinirea-a-50-de-ani-de-la-infiintare\/#primaryimage"},"thumbnailUrl":"https:\/\/urbeamea.ro\/albaiulia\/wp-content\/uploads\/2024\/05\/Gala-aniversara-CS-Unirea-Alba-Iulia-4.jpg","datePublished":"2024-05-08T12:22:25+00:00","dateModified":"2024-05-08T12:22:27+00:00","author":{"@id":"https:\/\/urbeamea.ro\/albaiulia\/#\/schema\/person\/272ae98052f8ee8980f59848df070247"},"description":"Clubul Sportiv Unirea Alba Iulia a aniversat, mar\u021bi, 7 mai, \u00eemplinirea a 50 de ani de la \u00eenfiin\u021bare, printr-un eveniment \u00een cadrul c\u0103ruia conducerea","breadcrumb":{"@id":"https:\/\/urbeamea.ro\/albaiulia\/cs-unirea-alba-iulia-a-aniversat-implinirea-a-50-de-ani-de-la-infiintare\/#breadcrumb"},"inLanguage":"ro-RO","potentialAction":[{"@type":"ReadAction","target":["https:\/\/urbeamea.ro\/albaiulia\/cs-unirea-alba-iulia-a-aniversat-implinirea-a-50-de-ani-de-la-infiintare\/"]}]},{"@type":"ImageObject","inLanguage":"ro-RO","@id":"https:\/\/urbeamea.ro\/albaiulia\/cs-unirea-alba-iulia-a-aniversat-implinirea-a-50-de-ani-de-la-infiintare\/#primaryimage","url":"https:\/\/urbeamea.ro\/albaiulia\/wp-content\/uploads\/2024\/05\/Gala-aniversara-CS-Unirea-Alba-Iulia-4.jpg","contentUrl":"https:\/\/urbeamea.ro\/albaiulia\/wp-content\/uploads\/2024\/05\/Gala-aniversara-CS-Unirea-Alba-Iulia-4.jpg","width":1440,"height":958},{"@type":"BreadcrumbList","@id":"https:\/\/urbeamea.ro\/albaiulia\/cs-unirea-alba-iulia-a-aniversat-implinirea-a-50-de-ani-de-la-infiintare\/#breadcrumb","itemListElement":[{"@type":"ListItem","position":1,"name":"Prima pagin\u0103","item":"https:\/\/urbeamea.ro\/albaiulia\/"},{"@type":"ListItem","position":2,"name":"CS Unirea Alba Iulia a aniversat \u00eemplinirea a 50 de ani de la \u00eenfiin\u021bare!\u00a0"}]},{"@type":"WebSite","@id":"https:\/\/urbeamea.ro\/albaiulia\/#website","url":"https:\/\/urbeamea.ro\/albaiulia\/","name":"Revista Urbea Mea, Stiri urbane","description":"Evenimente \u0219i \u0219tiri din Alba Iulia, Sebe\u0219, Aiud, Blaj","potentialAction":[{"@type":"SearchAction","target":{"@type":"EntryPoint","urlTemplate":"https:\/\/urbeamea.ro\/albaiulia\/?s={search_term_string}"},"query-input":{"@type":"PropertyValueSpecification","valueRequired":true,"valueName":"search_term_string"}}],"inLanguage":"ro-RO"},{"@type":"Person","@id":"https:\/\/urbeamea.ro\/albaiulia\/#\/schema\/person\/272ae98052f8ee8980f59848df070247","name":"Redac\u021bia UrbeaMea","image":{"@type":"ImageObject","inLanguage":"ro-RO","@id":"https:\/\/secure.gravatar.com\/avatar\/9ce5a9435071fa1037e8468053ead8e513dbbff59009d3069aadb85506d85a27?s=96&d=mm&r=g","url":"https:\/\/secure.gravatar.com\/avatar\/9ce5a9435071fa1037e8468053ead8e513dbbff59009d3069aadb85506d85a27?s=96&d=mm&r=g","contentUrl":"https:\/\/secure.gravatar.com\/avatar\/9ce5a9435071fa1037e8468053ead8e513dbbff59009d3069aadb85506d85a27?s=96&d=mm&r=g","caption":"Redac\u021bia UrbeaMea"},"description":"contact@urbeamea.ro","sameAs":["https:\/\/www.urbeamea.ro"],"url":"https:\/\/urbeamea.ro\/albaiulia\/author\/redactia-urbeamea\/"}]}},"_links":{"self":[{"href":"https:\/\/urbeamea.ro\/albaiulia\/wp-json\/wp\/v2\/posts\/111401","targetHints":{"allow":["GET"]}}],"collection":[{"href":"https:\/\/urbeamea.ro\/albaiulia\/wp-json\/wp\/v2\/posts"}],"about":[{"href":"https:\/\/urbeamea.ro\/albaiulia\/wp-json\/wp\/v2\/types\/post"}],"author":[{"embeddable":true,"href":"https:\/\/urbeamea.ro\/albaiulia\/wp-json\/wp\/v2\/users\/16"}],"replies":[{"embeddable":true,"href":"https:\/\/urbeamea.ro\/albaiulia\/wp-json\/wp\/v2\/comments?post=111401"}],"version-history":[{"count":1,"href":"https:\/\/urbeamea.ro\/albaiulia\/wp-json\/wp\/v2\/posts\/111401\/revisions"}],"predecessor-version":[{"id":111414,"href":"https:\/\/urbeamea.ro\/albaiulia\/wp-json\/wp\/v2\/posts\/111401\/revisions\/111414"}],"wp:featuredmedia":[{"embeddable":true,"href":"https:\/\/urbeamea.ro\/albaiulia\/wp-json\/wp\/v2\/media\/111413"}],"wp:attachment":[{"href":"https:\/\/urbeamea.ro\/albaiulia\/wp-json\/wp\/v2\/media?parent=111401"}],"wp:term":[{"taxonomy":"category","embeddable":true,"href":"https:\/\/urbeamea.ro\/albaiulia\/wp-json\/wp\/v2\/categories?post=111401"},{"taxonomy":"post_tag","embeddable":true,"href":"https:\/\/urbeamea.ro\/albaiulia\/wp-json\/wp\/v2\/tags?post=111401"}],"curies":[{"name":"wp","href":"https:\/\/api.w.org\/{rel}","templated":true}]}}