{"id":111549,"date":"2024-05-15T13:22:28","date_gmt":"2024-05-15T10:22:28","guid":{"rendered":"https:\/\/urbeamea.ro\/albaiulia\/?p=111549"},"modified":"2024-05-15T13:22:29","modified_gmt":"2024-05-15T10:22:29","slug":"o-delegatie-a-membrilor-comisiei-pentru-afaceri-europene-a-parlamentului-landului-brandenburg-in-vizita-la-sebes","status":"publish","type":"post","link":"https:\/\/urbeamea.ro\/albaiulia\/o-delegatie-a-membrilor-comisiei-pentru-afaceri-europene-a-parlamentului-landului-brandenburg-in-vizita-la-sebes\/","title":{"rendered":"O delega\u021bie a membrilor comisiei pentru afaceri europene a parlamentului Landului Brandenburg \u00een vizit\u0103 la Sebe\u0219"},"content":{"rendered":"\n<p>Mar\u021bi, 14 mai 2024, Primarul Municipiului Sebe\u0219, Dorin Nistor, a avut pl\u0103cerea de a primi, \u00een Aula Prim\u0103riei, o delega\u021bie a membrilor Comisiei pentru Afaceri Europene a Parlamentului Landului Brandenburg, condus\u0103 de doamna Barbara Richstein, Vicepre\u0219edintele Parlamentului Landului Brandenburg \u0219i domnul Matthias Stefke, Vicepre\u0219edintele Comisiei Afaceri Europene \u0219i Politic\u0103 de Dezvoltare a Landului Brandenburg.<\/p>\n\n\n\n<p>Delega\u021bia german\u0103 a vizitat Liceul Tehnologic Sebe\u0219, unitate de \u00eenv\u0103\u021b\u0103m\u00e2nt profesional, inclusiv \u00een sistem dual, construc\u021bie nou\u0103 finan\u021bat\u0103 prin Programul Opera\u021bional Regional 2014-2020 \u0219i Liceul German.<\/p>\n\n\n\n<p>\u00cen cadrul \u00eent\u00e2lnirii, au fost abordate teme de interes comun precum dezvoltarea comunit\u0103\u021bii locale \u0219i impactul pozitiv al investi\u021biilor germane \u00een zon\u0103. De asemenea, un subiect important pe agenda de lucru a fost \u0219i formarea profesional\u0103 \u00een sistem dual, dup\u0103 modelul german \u0219i oportunit\u0103\u021bile de finan\u021bare european\u0103 pentru educa\u021bie prin Programul Regiunea Centru 2021-2027.<\/p>\n\n\n\n<p>Evenimentul se datoreaz\u0103 parteneriatului solid dintre Regiunea Centru \u0219i Landul Brandenburg, av\u00e2nd ca obiectiv principal prezentarea exemplelor de succes din Regiunea Centru \u00een implementarea proiectelor de dezvoltare regional\u0103, finan\u021bate prin Programul Opera\u021bional Regional \u0219i cooper\u0103rii bilaterale dintre Germania \u0219i Rom\u00e2nia, \u00een special \u00eentre Landul Brandenburg \u0219i Regiunea Centru.<\/p>\n\n\n\n<figure class=\"wp-block-gallery has-nested-images columns-default is-cropped wp-block-gallery-1 is-layout-flex wp-block-gallery-is-layout-flex\">\n<figure class=\"wp-block-image size-large\"><a href=\"https:\/\/urbeamea.ro\/albaiulia\/wp-content\/uploads\/2024\/05\/Foto-2.jpg\"><img loading=\"lazy\" decoding=\"async\" width=\"1280\" height=\"720\" data-id=\"111555\" src=\"https:\/\/urbeamea.ro\/albaiulia\/wp-content\/uploads\/2024\/05\/Foto-2-1280x720.jpg\" alt=\"\" class=\"wp-image-111555\" srcset=\"https:\/\/urbeamea.ro\/albaiulia\/wp-content\/uploads\/2024\/05\/Foto-2-1280x720.jpg 1280w, https:\/\/urbeamea.ro\/albaiulia\/wp-content\/uploads\/2024\/05\/Foto-2-640x360.jpg 640w, https:\/\/urbeamea.ro\/albaiulia\/wp-content\/uploads\/2024\/05\/Foto-2-150x84.jpg 150w, https:\/\/urbeamea.ro\/albaiulia\/wp-content\/uploads\/2024\/05\/Foto-2-768x432.jpg 768w, https:\/\/urbeamea.ro\/albaiulia\/wp-content\/uploads\/2024\/05\/Foto-2-1536x864.jpg 1536w, https:\/\/urbeamea.ro\/albaiulia\/wp-content\/uploads\/2024\/05\/Foto-2-390x220.jpg 390w, https:\/\/urbeamea.ro\/albaiulia\/wp-content\/uploads\/2024\/05\/Foto-2.jpg 1600w\" sizes=\"auto, (max-width: 1280px) 100vw, 1280px\" \/><\/a><\/figure>\n\n\n\n<figure class=\"wp-block-image size-large\"><a href=\"https:\/\/urbeamea.ro\/albaiulia\/wp-content\/uploads\/2024\/05\/foto-1-1.jpg\"><img loading=\"lazy\" decoding=\"async\" width=\"1280\" height=\"720\" data-id=\"111559\" src=\"https:\/\/urbeamea.ro\/albaiulia\/wp-content\/uploads\/2024\/05\/foto-1-1-1280x720.jpg\" alt=\"\" class=\"wp-image-111559\" srcset=\"https:\/\/urbeamea.ro\/albaiulia\/wp-content\/uploads\/2024\/05\/foto-1-1-1280x720.jpg 1280w, https:\/\/urbeamea.ro\/albaiulia\/wp-content\/uploads\/2024\/05\/foto-1-1-640x360.jpg 640w, https:\/\/urbeamea.ro\/albaiulia\/wp-content\/uploads\/2024\/05\/foto-1-1-150x84.jpg 150w, https:\/\/urbeamea.ro\/albaiulia\/wp-content\/uploads\/2024\/05\/foto-1-1-768x432.jpg 768w, https:\/\/urbeamea.ro\/albaiulia\/wp-content\/uploads\/2024\/05\/foto-1-1-1536x864.jpg 1536w, https:\/\/urbeamea.ro\/albaiulia\/wp-content\/uploads\/2024\/05\/foto-1-1-390x220.jpg 390w, https:\/\/urbeamea.ro\/albaiulia\/wp-content\/uploads\/2024\/05\/foto-1-1.jpg 1600w\" sizes=\"auto, (max-width: 1280px) 100vw, 1280px\" \/><\/a><\/figure>\n\n\n\n<figure class=\"wp-block-image size-large\"><a href=\"https:\/\/urbeamea.ro\/albaiulia\/wp-content\/uploads\/2024\/05\/IMG20240514125834.jpg\"><img loading=\"lazy\" decoding=\"async\" width=\"720\" height=\"1280\" data-id=\"111553\" src=\"https:\/\/urbeamea.ro\/albaiulia\/wp-content\/uploads\/2024\/05\/IMG20240514125834-720x1280.jpg\" alt=\"\" class=\"wp-image-111553\" srcset=\"https:\/\/urbeamea.ro\/albaiulia\/wp-content\/uploads\/2024\/05\/IMG20240514125834-720x1280.jpg 720w, https:\/\/urbeamea.ro\/albaiulia\/wp-content\/uploads\/2024\/05\/IMG20240514125834-360x640.jpg 360w, https:\/\/urbeamea.ro\/albaiulia\/wp-content\/uploads\/2024\/05\/IMG20240514125834-84x150.jpg 84w, https:\/\/urbeamea.ro\/albaiulia\/wp-content\/uploads\/2024\/05\/IMG20240514125834-768x1365.jpg 768w, https:\/\/urbeamea.ro\/albaiulia\/wp-content\/uploads\/2024\/05\/IMG20240514125834-864x1536.jpg 864w, https:\/\/urbeamea.ro\/albaiulia\/wp-content\/uploads\/2024\/05\/IMG20240514125834.jpg 900w\" sizes=\"auto, (max-width: 720px) 100vw, 720px\" \/><\/a><\/figure>\n\n\n\n<figure class=\"wp-block-image size-large\"><a href=\"https:\/\/urbeamea.ro\/albaiulia\/wp-content\/uploads\/2024\/05\/IMG20240514125537.jpg\"><img loading=\"lazy\" decoding=\"async\" width=\"1280\" height=\"720\" data-id=\"111557\" src=\"https:\/\/urbeamea.ro\/albaiulia\/wp-content\/uploads\/2024\/05\/IMG20240514125537-1280x720.jpg\" alt=\"\" class=\"wp-image-111557\" srcset=\"https:\/\/urbeamea.ro\/albaiulia\/wp-content\/uploads\/2024\/05\/IMG20240514125537-1280x720.jpg 1280w, https:\/\/urbeamea.ro\/albaiulia\/wp-content\/uploads\/2024\/05\/IMG20240514125537-640x360.jpg 640w, https:\/\/urbeamea.ro\/albaiulia\/wp-content\/uploads\/2024\/05\/IMG20240514125537-150x84.jpg 150w, https:\/\/urbeamea.ro\/albaiulia\/wp-content\/uploads\/2024\/05\/IMG20240514125537-768x432.jpg 768w, https:\/\/urbeamea.ro\/albaiulia\/wp-content\/uploads\/2024\/05\/IMG20240514125537-1536x864.jpg 1536w, https:\/\/urbeamea.ro\/albaiulia\/wp-content\/uploads\/2024\/05\/IMG20240514125537-390x220.jpg 390w, https:\/\/urbeamea.ro\/albaiulia\/wp-content\/uploads\/2024\/05\/IMG20240514125537.jpg 1600w\" sizes=\"auto, (max-width: 1280px) 100vw, 1280px\" \/><\/a><\/figure>\n\n\n\n<figure class=\"wp-block-image size-large\"><a href=\"https:\/\/urbeamea.ro\/albaiulia\/wp-content\/uploads\/2024\/05\/IMG20240514130407.jpg\"><img loading=\"lazy\" decoding=\"async\" width=\"1280\" height=\"720\" data-id=\"111552\" src=\"https:\/\/urbeamea.ro\/albaiulia\/wp-content\/uploads\/2024\/05\/IMG20240514130407-1280x720.jpg\" alt=\"\" class=\"wp-image-111552\" srcset=\"https:\/\/urbeamea.ro\/albaiulia\/wp-content\/uploads\/2024\/05\/IMG20240514130407-1280x720.jpg 1280w, https:\/\/urbeamea.ro\/albaiulia\/wp-content\/uploads\/2024\/05\/IMG20240514130407-640x360.jpg 640w, https:\/\/urbeamea.ro\/albaiulia\/wp-content\/uploads\/2024\/05\/IMG20240514130407-150x84.jpg 150w, https:\/\/urbeamea.ro\/albaiulia\/wp-content\/uploads\/2024\/05\/IMG20240514130407-768x432.jpg 768w, https:\/\/urbeamea.ro\/albaiulia\/wp-content\/uploads\/2024\/05\/IMG20240514130407-1536x864.jpg 1536w, https:\/\/urbeamea.ro\/albaiulia\/wp-content\/uploads\/2024\/05\/IMG20240514130407-390x220.jpg 390w, https:\/\/urbeamea.ro\/albaiulia\/wp-content\/uploads\/2024\/05\/IMG20240514130407.jpg 1600w\" sizes=\"auto, (max-width: 1280px) 100vw, 1280px\" \/><\/a><\/figure>\n\n\n\n<figure class=\"wp-block-image size-large\"><a href=\"https:\/\/urbeamea.ro\/albaiulia\/wp-content\/uploads\/2024\/05\/IMG20240514130241.jpg\"><img loading=\"lazy\" decoding=\"async\" width=\"1280\" height=\"720\" data-id=\"111550\" src=\"https:\/\/urbeamea.ro\/albaiulia\/wp-content\/uploads\/2024\/05\/IMG20240514130241-1280x720.jpg\" alt=\"\" class=\"wp-image-111550\" srcset=\"https:\/\/urbeamea.ro\/albaiulia\/wp-content\/uploads\/2024\/05\/IMG20240514130241-1280x720.jpg 1280w, https:\/\/urbeamea.ro\/albaiulia\/wp-content\/uploads\/2024\/05\/IMG20240514130241-640x360.jpg 640w, https:\/\/urbeamea.ro\/albaiulia\/wp-content\/uploads\/2024\/05\/IMG20240514130241-150x84.jpg 150w, https:\/\/urbeamea.ro\/albaiulia\/wp-content\/uploads\/2024\/05\/IMG20240514130241-768x432.jpg 768w, https:\/\/urbeamea.ro\/albaiulia\/wp-content\/uploads\/2024\/05\/IMG20240514130241-1536x864.jpg 1536w, https:\/\/urbeamea.ro\/albaiulia\/wp-content\/uploads\/2024\/05\/IMG20240514130241-390x220.jpg 390w, https:\/\/urbeamea.ro\/albaiulia\/wp-content\/uploads\/2024\/05\/IMG20240514130241.jpg 1600w\" sizes=\"auto, (max-width: 1280px) 100vw, 1280px\" \/><\/a><\/figure>\n\n\n\n<figure class=\"wp-block-image size-large\"><a href=\"https:\/\/urbeamea.ro\/albaiulia\/wp-content\/uploads\/2024\/05\/IMG20240514131823.jpg\"><img loading=\"lazy\" decoding=\"async\" width=\"1280\" height=\"720\" data-id=\"111558\" src=\"https:\/\/urbeamea.ro\/albaiulia\/wp-content\/uploads\/2024\/05\/IMG20240514131823-1280x720.jpg\" alt=\"\" class=\"wp-image-111558\" srcset=\"https:\/\/urbeamea.ro\/albaiulia\/wp-content\/uploads\/2024\/05\/IMG20240514131823-1280x720.jpg 1280w, https:\/\/urbeamea.ro\/albaiulia\/wp-content\/uploads\/2024\/05\/IMG20240514131823-640x360.jpg 640w, https:\/\/urbeamea.ro\/albaiulia\/wp-content\/uploads\/2024\/05\/IMG20240514131823-150x84.jpg 150w, https:\/\/urbeamea.ro\/albaiulia\/wp-content\/uploads\/2024\/05\/IMG20240514131823-768x432.jpg 768w, https:\/\/urbeamea.ro\/albaiulia\/wp-content\/uploads\/2024\/05\/IMG20240514131823-1536x864.jpg 1536w, https:\/\/urbeamea.ro\/albaiulia\/wp-content\/uploads\/2024\/05\/IMG20240514131823-390x220.jpg 390w, https:\/\/urbeamea.ro\/albaiulia\/wp-content\/uploads\/2024\/05\/IMG20240514131823.jpg 1600w\" sizes=\"auto, (max-width: 1280px) 100vw, 1280px\" \/><\/a><\/figure>\n\n\n\n<figure class=\"wp-block-image size-large\"><a href=\"https:\/\/urbeamea.ro\/albaiulia\/wp-content\/uploads\/2024\/05\/IMG20240514132307.jpg\"><img loading=\"lazy\" decoding=\"async\" width=\"1280\" height=\"720\" data-id=\"111554\" src=\"https:\/\/urbeamea.ro\/albaiulia\/wp-content\/uploads\/2024\/05\/IMG20240514132307-1280x720.jpg\" alt=\"\" class=\"wp-image-111554\" srcset=\"https:\/\/urbeamea.ro\/albaiulia\/wp-content\/uploads\/2024\/05\/IMG20240514132307-1280x720.jpg 1280w, https:\/\/urbeamea.ro\/albaiulia\/wp-content\/uploads\/2024\/05\/IMG20240514132307-640x360.jpg 640w, https:\/\/urbeamea.ro\/albaiulia\/wp-content\/uploads\/2024\/05\/IMG20240514132307-150x84.jpg 150w, https:\/\/urbeamea.ro\/albaiulia\/wp-content\/uploads\/2024\/05\/IMG20240514132307-768x432.jpg 768w, https:\/\/urbeamea.ro\/albaiulia\/wp-content\/uploads\/2024\/05\/IMG20240514132307-1536x864.jpg 1536w, https:\/\/urbeamea.ro\/albaiulia\/wp-content\/uploads\/2024\/05\/IMG20240514132307-390x220.jpg 390w, https:\/\/urbeamea.ro\/albaiulia\/wp-content\/uploads\/2024\/05\/IMG20240514132307.jpg 1600w\" sizes=\"auto, (max-width: 1280px) 100vw, 1280px\" \/><\/a><\/figure>\n\n\n\n<figure class=\"wp-block-image size-large\"><a href=\"https:\/\/urbeamea.ro\/albaiulia\/wp-content\/uploads\/2024\/05\/IMG20240514133854.jpg\"><img loading=\"lazy\" decoding=\"async\" width=\"1280\" height=\"720\" data-id=\"111556\" src=\"https:\/\/urbeamea.ro\/albaiulia\/wp-content\/uploads\/2024\/05\/IMG20240514133854-1280x720.jpg\" alt=\"\" class=\"wp-image-111556\" srcset=\"https:\/\/urbeamea.ro\/albaiulia\/wp-content\/uploads\/2024\/05\/IMG20240514133854-1280x720.jpg 1280w, https:\/\/urbeamea.ro\/albaiulia\/wp-content\/uploads\/2024\/05\/IMG20240514133854-640x360.jpg 640w, https:\/\/urbeamea.ro\/albaiulia\/wp-content\/uploads\/2024\/05\/IMG20240514133854-150x84.jpg 150w, https:\/\/urbeamea.ro\/albaiulia\/wp-content\/uploads\/2024\/05\/IMG20240514133854-768x432.jpg 768w, https:\/\/urbeamea.ro\/albaiulia\/wp-content\/uploads\/2024\/05\/IMG20240514133854-1536x864.jpg 1536w, https:\/\/urbeamea.ro\/albaiulia\/wp-content\/uploads\/2024\/05\/IMG20240514133854-390x220.jpg 390w, https:\/\/urbeamea.ro\/albaiulia\/wp-content\/uploads\/2024\/05\/IMG20240514133854.jpg 1600w\" sizes=\"auto, (max-width: 1280px) 100vw, 1280px\" \/><\/a><\/figure>\n\n\n\n<figure class=\"wp-block-image size-large\"><a href=\"https:\/\/urbeamea.ro\/albaiulia\/wp-content\/uploads\/2024\/05\/IMG20240514134511.jpg\"><img loading=\"lazy\" decoding=\"async\" width=\"1280\" height=\"720\" data-id=\"111551\" src=\"https:\/\/urbeamea.ro\/albaiulia\/wp-content\/uploads\/2024\/05\/IMG20240514134511-1280x720.jpg\" alt=\"\" class=\"wp-image-111551\" srcset=\"https:\/\/urbeamea.ro\/albaiulia\/wp-content\/uploads\/2024\/05\/IMG20240514134511-1280x720.jpg 1280w, https:\/\/urbeamea.ro\/albaiulia\/wp-content\/uploads\/2024\/05\/IMG20240514134511-640x360.jpg 640w, https:\/\/urbeamea.ro\/albaiulia\/wp-content\/uploads\/2024\/05\/IMG20240514134511-150x84.jpg 150w, https:\/\/urbeamea.ro\/albaiulia\/wp-content\/uploads\/2024\/05\/IMG20240514134511-768x432.jpg 768w, https:\/\/urbeamea.ro\/albaiulia\/wp-content\/uploads\/2024\/05\/IMG20240514134511-1536x864.jpg 1536w, https:\/\/urbeamea.ro\/albaiulia\/wp-content\/uploads\/2024\/05\/IMG20240514134511-390x220.jpg 390w, https:\/\/urbeamea.ro\/albaiulia\/wp-content\/uploads\/2024\/05\/IMG20240514134511.jpg 1600w\" sizes=\"auto, (max-width: 1280px) 100vw, 1280px\" \/><\/a><\/figure>\n<\/figure>\n","protected":false},"excerpt":{"rendered":"<p>Mar\u021bi, 14 mai 2024, Primarul Municipiului Sebe\u0219, Dorin Nistor, a avut pl\u0103cerea de a primi, \u00een Aula Prim\u0103riei, o delega\u021bie a membrilor Comisiei pentru Afaceri Europene a Parlamentului Landului Brandenburg, condus\u0103 de doamna Barbara Richstein, Vicepre\u0219edintele Parlamentului Landului Brandenburg \u0219i domnul Matthias Stefke, Vicepre\u0219edintele Comisiei Afaceri Europene \u0219i Politic\u0103 de Dezvoltare a Landului Brandenburg. Delega\u021bia &hellip;<\/p>\n","protected":false},"author":16,"featured_media":111560,"comment_status":"open","ping_status":"open","sticky":false,"template":"","format":"standard","meta":{"inline_featured_image":false,"footnotes":""},"categories":[1],"tags":[],"class_list":["post-111549","post","type-post","status-publish","format-standard","has-post-thumbnail","hentry","category-stiri-urbane"],"yoast_head":"<!-- This site is optimized with the Yoast SEO plugin v27.4 - https:\/\/yoast.com\/product\/yoast-seo-wordpress\/ -->\n<title>O delega\u021bie a membrilor comisiei pentru afaceri europene a parlamentului Landului Brandenburg \u00een vizit\u0103 la Sebe\u0219 - Revista Urbea Mea - Revista de Alba<\/title>\n<meta name=\"description\" content=\"Mar\u021bi, 14 mai 2024, Primarul Municipiului Sebe\u0219, Dorin Nistor, a avut pl\u0103cerea de a primi, \u00een Aula Prim\u0103riei, o delega\u021bie a membrilor Comisiei pentru\" \/>\n<meta name=\"robots\" content=\"index, follow, max-snippet:-1, max-image-preview:large, max-video-preview:-1\" \/>\n<link rel=\"canonical\" href=\"https:\/\/urbeamea.ro\/albaiulia\/o-delegatie-a-membrilor-comisiei-pentru-afaceri-europene-a-parlamentului-landului-brandenburg-in-vizita-la-sebes\/\" \/>\n<meta name=\"twitter:card\" content=\"summary_large_image\" \/>\n<meta name=\"twitter:title\" content=\"O delega\u021bie a membrilor comisiei pentru afaceri europene a parlamentului Landului Brandenburg \u00een vizit\u0103 la Sebe\u0219 - Revista Urbea Mea - Revista de Alba\" \/>\n<meta name=\"twitter:description\" content=\"Mar\u021bi, 14 mai 2024, Primarul Municipiului Sebe\u0219, Dorin Nistor, a avut pl\u0103cerea de a primi, \u00een Aula Prim\u0103riei, o delega\u021bie a membrilor Comisiei pentru\" \/>\n<meta name=\"twitter:image\" content=\"https:\/\/urbeamea.ro\/albaiulia\/wp-content\/uploads\/2024\/05\/IMG20240514133239.jpg\" \/>\n<meta name=\"twitter:creator\" content=\"@urbeameaweb\" \/>\n<meta name=\"twitter:site\" content=\"@urbeameaweb\" \/>\n<script type=\"application\/ld+json\" class=\"yoast-schema-graph\">{\"@context\":\"https:\\\/\\\/schema.org\",\"@graph\":[{\"@type\":\"Article\",\"@id\":\"https:\\\/\\\/urbeamea.ro\\\/albaiulia\\\/o-delegatie-a-membrilor-comisiei-pentru-afaceri-europene-a-parlamentului-landului-brandenburg-in-vizita-la-sebes\\\/#article\",\"isPartOf\":{\"@id\":\"https:\\\/\\\/urbeamea.ro\\\/albaiulia\\\/o-delegatie-a-membrilor-comisiei-pentru-afaceri-europene-a-parlamentului-landului-brandenburg-in-vizita-la-sebes\\\/\"},\"author\":{\"name\":\"Redac\u021bia UrbeaMea\",\"@id\":\"https:\\\/\\\/urbeamea.ro\\\/albaiulia\\\/#\\\/schema\\\/person\\\/272ae98052f8ee8980f59848df070247\"},\"headline\":\"O delega\u021bie a membrilor comisiei pentru afaceri europene a parlamentului Landului Brandenburg \u00een vizit\u0103 la Sebe\u0219\",\"datePublished\":\"2024-05-15T10:22:28+00:00\",\"dateModified\":\"2024-05-15T10:22:29+00:00\",\"mainEntityOfPage\":{\"@id\":\"https:\\\/\\\/urbeamea.ro\\\/albaiulia\\\/o-delegatie-a-membrilor-comisiei-pentru-afaceri-europene-a-parlamentului-landului-brandenburg-in-vizita-la-sebes\\\/\"},\"wordCount\":220,\"commentCount\":0,\"image\":{\"@id\":\"https:\\\/\\\/urbeamea.ro\\\/albaiulia\\\/o-delegatie-a-membrilor-comisiei-pentru-afaceri-europene-a-parlamentului-landului-brandenburg-in-vizita-la-sebes\\\/#primaryimage\"},\"thumbnailUrl\":\"https:\\\/\\\/urbeamea.ro\\\/albaiulia\\\/wp-content\\\/uploads\\\/2024\\\/05\\\/IMG20240514133239.jpg\",\"articleSection\":[\"\u015etiri Urbane\"],\"inLanguage\":\"ro-RO\",\"potentialAction\":[{\"@type\":\"CommentAction\",\"name\":\"Comment\",\"target\":[\"https:\\\/\\\/urbeamea.ro\\\/albaiulia\\\/o-delegatie-a-membrilor-comisiei-pentru-afaceri-europene-a-parlamentului-landului-brandenburg-in-vizita-la-sebes\\\/#respond\"]}]},{\"@type\":\"WebPage\",\"@id\":\"https:\\\/\\\/urbeamea.ro\\\/albaiulia\\\/o-delegatie-a-membrilor-comisiei-pentru-afaceri-europene-a-parlamentului-landului-brandenburg-in-vizita-la-sebes\\\/\",\"url\":\"https:\\\/\\\/urbeamea.ro\\\/albaiulia\\\/o-delegatie-a-membrilor-comisiei-pentru-afaceri-europene-a-parlamentului-landului-brandenburg-in-vizita-la-sebes\\\/\",\"name\":\"O delega\u021bie a membrilor comisiei pentru afaceri europene a parlamentului Landului Brandenburg \u00een vizit\u0103 la Sebe\u0219 - Revista Urbea Mea - Revista de Alba\",\"isPartOf\":{\"@id\":\"https:\\\/\\\/urbeamea.ro\\\/albaiulia\\\/#website\"},\"primaryImageOfPage\":{\"@id\":\"https:\\\/\\\/urbeamea.ro\\\/albaiulia\\\/o-delegatie-a-membrilor-comisiei-pentru-afaceri-europene-a-parlamentului-landului-brandenburg-in-vizita-la-sebes\\\/#primaryimage\"},\"image\":{\"@id\":\"https:\\\/\\\/urbeamea.ro\\\/albaiulia\\\/o-delegatie-a-membrilor-comisiei-pentru-afaceri-europene-a-parlamentului-landului-brandenburg-in-vizita-la-sebes\\\/#primaryimage\"},\"thumbnailUrl\":\"https:\\\/\\\/urbeamea.ro\\\/albaiulia\\\/wp-content\\\/uploads\\\/2024\\\/05\\\/IMG20240514133239.jpg\",\"datePublished\":\"2024-05-15T10:22:28+00:00\",\"dateModified\":\"2024-05-15T10:22:29+00:00\",\"author\":{\"@id\":\"https:\\\/\\\/urbeamea.ro\\\/albaiulia\\\/#\\\/schema\\\/person\\\/272ae98052f8ee8980f59848df070247\"},\"description\":\"Mar\u021bi, 14 mai 2024, Primarul Municipiului Sebe\u0219, Dorin Nistor, a avut pl\u0103cerea de a primi, \u00een Aula Prim\u0103riei, o delega\u021bie a membrilor Comisiei pentru\",\"breadcrumb\":{\"@id\":\"https:\\\/\\\/urbeamea.ro\\\/albaiulia\\\/o-delegatie-a-membrilor-comisiei-pentru-afaceri-europene-a-parlamentului-landului-brandenburg-in-vizita-la-sebes\\\/#breadcrumb\"},\"inLanguage\":\"ro-RO\",\"potentialAction\":[{\"@type\":\"ReadAction\",\"target\":[\"https:\\\/\\\/urbeamea.ro\\\/albaiulia\\\/o-delegatie-a-membrilor-comisiei-pentru-afaceri-europene-a-parlamentului-landului-brandenburg-in-vizita-la-sebes\\\/\"]}]},{\"@type\":\"ImageObject\",\"inLanguage\":\"ro-RO\",\"@id\":\"https:\\\/\\\/urbeamea.ro\\\/albaiulia\\\/o-delegatie-a-membrilor-comisiei-pentru-afaceri-europene-a-parlamentului-landului-brandenburg-in-vizita-la-sebes\\\/#primaryimage\",\"url\":\"https:\\\/\\\/urbeamea.ro\\\/albaiulia\\\/wp-content\\\/uploads\\\/2024\\\/05\\\/IMG20240514133239.jpg\",\"contentUrl\":\"https:\\\/\\\/urbeamea.ro\\\/albaiulia\\\/wp-content\\\/uploads\\\/2024\\\/05\\\/IMG20240514133239.jpg\",\"width\":1600,\"height\":900},{\"@type\":\"BreadcrumbList\",\"@id\":\"https:\\\/\\\/urbeamea.ro\\\/albaiulia\\\/o-delegatie-a-membrilor-comisiei-pentru-afaceri-europene-a-parlamentului-landului-brandenburg-in-vizita-la-sebes\\\/#breadcrumb\",\"itemListElement\":[{\"@type\":\"ListItem\",\"position\":1,\"name\":\"Prima pagin\u0103\",\"item\":\"https:\\\/\\\/urbeamea.ro\\\/albaiulia\\\/\"},{\"@type\":\"ListItem\",\"position\":2,\"name\":\"O delega\u021bie a membrilor comisiei pentru afaceri europene a parlamentului Landului Brandenburg \u00een vizit\u0103 la Sebe\u0219\"}]},{\"@type\":\"WebSite\",\"@id\":\"https:\\\/\\\/urbeamea.ro\\\/albaiulia\\\/#website\",\"url\":\"https:\\\/\\\/urbeamea.ro\\\/albaiulia\\\/\",\"name\":\"Revista Urbea Mea, Stiri urbane\",\"description\":\"Evenimente \u0219i \u0219tiri din Alba Iulia, Sebe\u0219, Aiud, Blaj\",\"potentialAction\":[{\"@type\":\"SearchAction\",\"target\":{\"@type\":\"EntryPoint\",\"urlTemplate\":\"https:\\\/\\\/urbeamea.ro\\\/albaiulia\\\/?s={search_term_string}\"},\"query-input\":{\"@type\":\"PropertyValueSpecification\",\"valueRequired\":true,\"valueName\":\"search_term_string\"}}],\"inLanguage\":\"ro-RO\"},{\"@type\":\"Person\",\"@id\":\"https:\\\/\\\/urbeamea.ro\\\/albaiulia\\\/#\\\/schema\\\/person\\\/272ae98052f8ee8980f59848df070247\",\"name\":\"Redac\u021bia UrbeaMea\",\"image\":{\"@type\":\"ImageObject\",\"inLanguage\":\"ro-RO\",\"@id\":\"https:\\\/\\\/secure.gravatar.com\\\/avatar\\\/9ce5a9435071fa1037e8468053ead8e513dbbff59009d3069aadb85506d85a27?s=96&d=mm&r=g\",\"url\":\"https:\\\/\\\/secure.gravatar.com\\\/avatar\\\/9ce5a9435071fa1037e8468053ead8e513dbbff59009d3069aadb85506d85a27?s=96&d=mm&r=g\",\"contentUrl\":\"https:\\\/\\\/secure.gravatar.com\\\/avatar\\\/9ce5a9435071fa1037e8468053ead8e513dbbff59009d3069aadb85506d85a27?s=96&d=mm&r=g\",\"caption\":\"Redac\u021bia UrbeaMea\"},\"description\":\"contact@urbeamea.ro\",\"sameAs\":[\"https:\\\/\\\/www.urbeamea.ro\"],\"url\":\"https:\\\/\\\/urbeamea.ro\\\/albaiulia\\\/author\\\/redactia-urbeamea\\\/\"}]}<\/script>\n<!-- \/ Yoast SEO plugin. -->","yoast_head_json":{"title":"O delega\u021bie a membrilor comisiei pentru afaceri europene a parlamentului Landului Brandenburg \u00een vizit\u0103 la Sebe\u0219 - Revista Urbea Mea - Revista de Alba","description":"Mar\u021bi, 14 mai 2024, Primarul Municipiului Sebe\u0219, Dorin Nistor, a avut pl\u0103cerea de a primi, \u00een Aula Prim\u0103riei, o delega\u021bie a membrilor Comisiei pentru","robots":{"index":"index","follow":"follow","max-snippet":"max-snippet:-1","max-image-preview":"max-image-preview:large","max-video-preview":"max-video-preview:-1"},"canonical":"https:\/\/urbeamea.ro\/albaiulia\/o-delegatie-a-membrilor-comisiei-pentru-afaceri-europene-a-parlamentului-landului-brandenburg-in-vizita-la-sebes\/","twitter_card":"summary_large_image","twitter_title":"O delega\u021bie a membrilor comisiei pentru afaceri europene a parlamentului Landului Brandenburg \u00een vizit\u0103 la Sebe\u0219 - Revista Urbea Mea - Revista de Alba","twitter_description":"Mar\u021bi, 14 mai 2024, Primarul Municipiului Sebe\u0219, Dorin Nistor, a avut pl\u0103cerea de a primi, \u00een Aula Prim\u0103riei, o delega\u021bie a membrilor Comisiei pentru","twitter_image":"https:\/\/urbeamea.ro\/albaiulia\/wp-content\/uploads\/2024\/05\/IMG20240514133239.jpg","twitter_creator":"@urbeameaweb","twitter_site":"@urbeameaweb","schema":{"@context":"https:\/\/schema.org","@graph":[{"@type":"Article","@id":"https:\/\/urbeamea.ro\/albaiulia\/o-delegatie-a-membrilor-comisiei-pentru-afaceri-europene-a-parlamentului-landului-brandenburg-in-vizita-la-sebes\/#article","isPartOf":{"@id":"https:\/\/urbeamea.ro\/albaiulia\/o-delegatie-a-membrilor-comisiei-pentru-afaceri-europene-a-parlamentului-landului-brandenburg-in-vizita-la-sebes\/"},"author":{"name":"Redac\u021bia UrbeaMea","@id":"https:\/\/urbeamea.ro\/albaiulia\/#\/schema\/person\/272ae98052f8ee8980f59848df070247"},"headline":"O delega\u021bie a membrilor comisiei pentru afaceri europene a parlamentului Landului Brandenburg \u00een vizit\u0103 la Sebe\u0219","datePublished":"2024-05-15T10:22:28+00:00","dateModified":"2024-05-15T10:22:29+00:00","mainEntityOfPage":{"@id":"https:\/\/urbeamea.ro\/albaiulia\/o-delegatie-a-membrilor-comisiei-pentru-afaceri-europene-a-parlamentului-landului-brandenburg-in-vizita-la-sebes\/"},"wordCount":220,"commentCount":0,"image":{"@id":"https:\/\/urbeamea.ro\/albaiulia\/o-delegatie-a-membrilor-comisiei-pentru-afaceri-europene-a-parlamentului-landului-brandenburg-in-vizita-la-sebes\/#primaryimage"},"thumbnailUrl":"https:\/\/urbeamea.ro\/albaiulia\/wp-content\/uploads\/2024\/05\/IMG20240514133239.jpg","articleSection":["\u015etiri Urbane"],"inLanguage":"ro-RO","potentialAction":[{"@type":"CommentAction","name":"Comment","target":["https:\/\/urbeamea.ro\/albaiulia\/o-delegatie-a-membrilor-comisiei-pentru-afaceri-europene-a-parlamentului-landului-brandenburg-in-vizita-la-sebes\/#respond"]}]},{"@type":"WebPage","@id":"https:\/\/urbeamea.ro\/albaiulia\/o-delegatie-a-membrilor-comisiei-pentru-afaceri-europene-a-parlamentului-landului-brandenburg-in-vizita-la-sebes\/","url":"https:\/\/urbeamea.ro\/albaiulia\/o-delegatie-a-membrilor-comisiei-pentru-afaceri-europene-a-parlamentului-landului-brandenburg-in-vizita-la-sebes\/","name":"O delega\u021bie a membrilor comisiei pentru afaceri europene a parlamentului Landului Brandenburg \u00een vizit\u0103 la Sebe\u0219 - Revista Urbea Mea - Revista de Alba","isPartOf":{"@id":"https:\/\/urbeamea.ro\/albaiulia\/#website"},"primaryImageOfPage":{"@id":"https:\/\/urbeamea.ro\/albaiulia\/o-delegatie-a-membrilor-comisiei-pentru-afaceri-europene-a-parlamentului-landului-brandenburg-in-vizita-la-sebes\/#primaryimage"},"image":{"@id":"https:\/\/urbeamea.ro\/albaiulia\/o-delegatie-a-membrilor-comisiei-pentru-afaceri-europene-a-parlamentului-landului-brandenburg-in-vizita-la-sebes\/#primaryimage"},"thumbnailUrl":"https:\/\/urbeamea.ro\/albaiulia\/wp-content\/uploads\/2024\/05\/IMG20240514133239.jpg","datePublished":"2024-05-15T10:22:28+00:00","dateModified":"2024-05-15T10:22:29+00:00","author":{"@id":"https:\/\/urbeamea.ro\/albaiulia\/#\/schema\/person\/272ae98052f8ee8980f59848df070247"},"description":"Mar\u021bi, 14 mai 2024, Primarul Municipiului Sebe\u0219, Dorin Nistor, a avut pl\u0103cerea de a primi, \u00een Aula Prim\u0103riei, o delega\u021bie a membrilor Comisiei pentru","breadcrumb":{"@id":"https:\/\/urbeamea.ro\/albaiulia\/o-delegatie-a-membrilor-comisiei-pentru-afaceri-europene-a-parlamentului-landului-brandenburg-in-vizita-la-sebes\/#breadcrumb"},"inLanguage":"ro-RO","potentialAction":[{"@type":"ReadAction","target":["https:\/\/urbeamea.ro\/albaiulia\/o-delegatie-a-membrilor-comisiei-pentru-afaceri-europene-a-parlamentului-landului-brandenburg-in-vizita-la-sebes\/"]}]},{"@type":"ImageObject","inLanguage":"ro-RO","@id":"https:\/\/urbeamea.ro\/albaiulia\/o-delegatie-a-membrilor-comisiei-pentru-afaceri-europene-a-parlamentului-landului-brandenburg-in-vizita-la-sebes\/#primaryimage","url":"https:\/\/urbeamea.ro\/albaiulia\/wp-content\/uploads\/2024\/05\/IMG20240514133239.jpg","contentUrl":"https:\/\/urbeamea.ro\/albaiulia\/wp-content\/uploads\/2024\/05\/IMG20240514133239.jpg","width":1600,"height":900},{"@type":"BreadcrumbList","@id":"https:\/\/urbeamea.ro\/albaiulia\/o-delegatie-a-membrilor-comisiei-pentru-afaceri-europene-a-parlamentului-landului-brandenburg-in-vizita-la-sebes\/#breadcrumb","itemListElement":[{"@type":"ListItem","position":1,"name":"Prima pagin\u0103","item":"https:\/\/urbeamea.ro\/albaiulia\/"},{"@type":"ListItem","position":2,"name":"O delega\u021bie a membrilor comisiei pentru afaceri europene a parlamentului Landului Brandenburg \u00een vizit\u0103 la Sebe\u0219"}]},{"@type":"WebSite","@id":"https:\/\/urbeamea.ro\/albaiulia\/#website","url":"https:\/\/urbeamea.ro\/albaiulia\/","name":"Revista Urbea Mea, Stiri urbane","description":"Evenimente \u0219i \u0219tiri din Alba Iulia, Sebe\u0219, Aiud, Blaj","potentialAction":[{"@type":"SearchAction","target":{"@type":"EntryPoint","urlTemplate":"https:\/\/urbeamea.ro\/albaiulia\/?s={search_term_string}"},"query-input":{"@type":"PropertyValueSpecification","valueRequired":true,"valueName":"search_term_string"}}],"inLanguage":"ro-RO"},{"@type":"Person","@id":"https:\/\/urbeamea.ro\/albaiulia\/#\/schema\/person\/272ae98052f8ee8980f59848df070247","name":"Redac\u021bia UrbeaMea","image":{"@type":"ImageObject","inLanguage":"ro-RO","@id":"https:\/\/secure.gravatar.com\/avatar\/9ce5a9435071fa1037e8468053ead8e513dbbff59009d3069aadb85506d85a27?s=96&d=mm&r=g","url":"https:\/\/secure.gravatar.com\/avatar\/9ce5a9435071fa1037e8468053ead8e513dbbff59009d3069aadb85506d85a27?s=96&d=mm&r=g","contentUrl":"https:\/\/secure.gravatar.com\/avatar\/9ce5a9435071fa1037e8468053ead8e513dbbff59009d3069aadb85506d85a27?s=96&d=mm&r=g","caption":"Redac\u021bia UrbeaMea"},"description":"contact@urbeamea.ro","sameAs":["https:\/\/www.urbeamea.ro"],"url":"https:\/\/urbeamea.ro\/albaiulia\/author\/redactia-urbeamea\/"}]}},"_links":{"self":[{"href":"https:\/\/urbeamea.ro\/albaiulia\/wp-json\/wp\/v2\/posts\/111549","targetHints":{"allow":["GET"]}}],"collection":[{"href":"https:\/\/urbeamea.ro\/albaiulia\/wp-json\/wp\/v2\/posts"}],"about":[{"href":"https:\/\/urbeamea.ro\/albaiulia\/wp-json\/wp\/v2\/types\/post"}],"author":[{"embeddable":true,"href":"https:\/\/urbeamea.ro\/albaiulia\/wp-json\/wp\/v2\/users\/16"}],"replies":[{"embeddable":true,"href":"https:\/\/urbeamea.ro\/albaiulia\/wp-json\/wp\/v2\/comments?post=111549"}],"version-history":[{"count":1,"href":"https:\/\/urbeamea.ro\/albaiulia\/wp-json\/wp\/v2\/posts\/111549\/revisions"}],"predecessor-version":[{"id":111561,"href":"https:\/\/urbeamea.ro\/albaiulia\/wp-json\/wp\/v2\/posts\/111549\/revisions\/111561"}],"wp:featuredmedia":[{"embeddable":true,"href":"https:\/\/urbeamea.ro\/albaiulia\/wp-json\/wp\/v2\/media\/111560"}],"wp:attachment":[{"href":"https:\/\/urbeamea.ro\/albaiulia\/wp-json\/wp\/v2\/media?parent=111549"}],"wp:term":[{"taxonomy":"category","embeddable":true,"href":"https:\/\/urbeamea.ro\/albaiulia\/wp-json\/wp\/v2\/categories?post=111549"},{"taxonomy":"post_tag","embeddable":true,"href":"https:\/\/urbeamea.ro\/albaiulia\/wp-json\/wp\/v2\/tags?post=111549"}],"curies":[{"name":"wp","href":"https:\/\/api.w.org\/{rel}","templated":true}]}}