{"id":111562,"date":"2024-05-15T13:24:15","date_gmt":"2024-05-15T10:24:15","guid":{"rendered":"https:\/\/urbeamea.ro\/albaiulia\/?p=111562"},"modified":"2024-05-15T13:24:17","modified_gmt":"2024-05-15T10:24:17","slug":"vineri-17-mai-la-festivalul-lucian-blaga-de-la-sebes-regizorul-florin-cosulet-ne-deschide-jurnalul-fericirii","status":"publish","type":"post","link":"https:\/\/urbeamea.ro\/albaiulia\/vineri-17-mai-la-festivalul-lucian-blaga-de-la-sebes-regizorul-florin-cosulet-ne-deschide-jurnalul-fericirii\/","title":{"rendered":"Vineri, 17 mai, la Festivalul \u201eLucian Blaga&#8221; de la Sebe\u0219, regizorul Florin Co\u0219ule\u021b ne deschide \u201eJurnalul fericirii&#8221;"},"content":{"rendered":"\n<p>Organizatorii celei de-a XLIV-a edi\u021bii a Festivalului Interna\u021bional \u201eLucian Blaga&#8221; de la Sebe\u0219 \u0219i Lancr\u0103m v\u0103 invit\u0103 vineri, 17 mai 2024, \u00eencep\u00e2nd cu ora 19.30, \u00een sala de spectacole a Centrului Cultural \u201eLucian Blaga&#8221; Sebe\u0219, la o \u00eent\u00e2lnire onest\u0103 cu Nicolae Steinhardt prin intermediul \u201eJurnalului fericirii&#8221;, cunoscuta carte de memorii \u0219i eseuri a scriitorului care participa \u00een anul 1986 la festivalul de poezie de la Sebe\u0219 (aflat pe atunci cea de-a treia edi\u021bie).&nbsp;<\/p>\n\n\n\n<blockquote class=\"wp-block-quote is-layout-flow wp-block-quote-is-layout-flow\">\n<p>A \u00een\u021belege ce s-a \u00eent\u00e2mplat atunci, \u00een acel timp de \u00eennoiri socialiste la suprafa\u021b\u0103 \u0219i de sufoc\u0103ri surde ale unor destine umane irepetabile \u00een catacombele omenirii, este un exerci\u021biu ce implic\u0103 revela\u021bia. F\u0103r\u0103 o renun\u021bare la o logic\u0103 imediat\u0103, f\u0103r\u0103 o abandonare de sine, f\u0103r\u0103 a plonja cu respira\u021bia t\u0103iat\u0103 \u00een ad\u00e2ncurile tr\u0103irilor suflete\u0219ti,\u00a0 precum culeg\u0103torii de perle, f\u0103r\u0103 toate acestea c\u0103ut\u0103torul de \u00een\u021belesuri nu va face dec\u00e2t s\u0103 \u00ee\u0219i scormoneasc\u0103 pu\u021bin empatia \u0219i a\u0219a uzat\u0103 de at\u00e2tea \u0219tiri de la ora 5. Nu va reu\u0219i dec\u00e2t s\u0103 se lase ni\u021bel\u00a0 impresionat \u0219i la nivel declarativ \u0219i la cel mai \u00eenalt nivel pe care \u00eel poate atinge, pu\u021bin\u00a0 \u00eengrozit de torturile aplicate celor de\u021binu\u021bi. At\u00e2ta tot. Dar nu va \u00een\u021belege aproape nimic din inimaginabilul \u0219i monstruosul experiment aplicat de\u021binu\u021bilor politici din perioada de dup\u0103 r\u0103zboi, p\u00e2n\u0103 prin ani 60. \u201eCarnea uit\u0103&#8221; spunea cineva, dar ce a fost mi\u0219cat \u00een interior va r\u0103m\u00e2ne p\u00e2n\u0103 la sf\u00e2r\u0219itul veacurilor ca o ran\u0103 mereu supur\u00e2nd\u0103. Spectacolul ce se va \u00eenf\u0103\u021bi\u0219a \u00eenaintea dumneavoastr\u0103, plec\u00e2nd de la \u201eJurnalul fericirii&#8221; a lui Nicolae Steinhardt se dore\u0219te a fi un test at\u00e2t al arti\u0219tilor, c\u00e2t \u0219i al publicului. O verificare a m\u0103surilor, a dozajelor, a echilibrului. O aproape imposibil\u0103 \u00eencercare de a reda, prin art\u0103, un moment incredibil al umanit\u0103\u021bii.<\/p>\n<cite>regizorul \u0219i actorul Florin Co\u0219ule\u021b<\/cite><\/blockquote>\n\n\n\n<p>Din distribu\u021bia spectacolului mai fac parte muzicienii Cristina Tegze\u0219iu (oboi) \u0219i Sebastian Tegze\u0219iu (vioar\u0103).<\/p>\n\n\n\n<p>Memento:<\/p>\n\n\n\n<p>\u00cen anul 1959 este arestat \u201elotul Noica-Pillat&#8221;, al a\u015fa numi\u0163ilor \u201eintelectuali mistico-legionari&#8221;, la care aderase. La sf\u00e2r\u015fitul anului, la 31 decembrie, Securitatea \u00eei cere s\u0103 fie martor al acuz\u0103rii \u00een procesul respectiv, iar dup\u0103 ce refuz\u0103, la 4 ianuarie 1960 este arestat \u015fi condamnat la 12 ani de munc\u0103 silnic\u0103, 7 ani degradare civic\u0103 \u015fi confiscarea total\u0103 a averii personale, pentru \u201ecrim\u0103 de uneltire \u00eempotriva or\u00e2nduirii sociale a statului&#8221;. La 15 martie 1960, \u00een \u00eenchisoarea Jilava, \u00een camera 18, are loc botezul lui Nicolae Steinhardt \u00een credin\u0163a cre\u015ftin-ortodox\u0103. Este mutat apoi \u00een \u00eenchisorile de la Gherla \u015fi Aiud, iar \u00een august 1964 este eliberat ca urmare a decretului de gra\u0163iere colectiv\u0103 a de\u0163inu\u0163ilor politici. Imediat dup\u0103 ie\u015firea din deten\u0163ie, Steinhardt \u00ee\u015fi des\u0103v\u00e2r\u015feste taina botezului. Dup\u0103 eliberarea din deten\u0163ie \u015fi dup\u0103 moartea tat\u0103lui s\u0103u, \u00een 1967, Nicolae Steinhardt \u00eencepe s\u0103 caute o m\u0103n\u0103stire unde s\u0103-\u015fi tr\u0103iasc\u0103 restul zilelor, \u00eens\u0103 mai mereu era \u00eent\u00e2mpinat cu refuzuri, fiindc\u0103 stare\u0163ii se fereau de un fost de\u0163inut politic. La 30 martie 1989, trece la cele ve\u015fnice, fiind \u00eenmorm\u00e2ntat \u00een cimitirul M\u0103n\u0103stirii Rohia, acolo unde a fost acceptat prin intermediul lui Constantin Noica, ceremonia \u00eenhum\u0103rii sale fiind supravegheat\u0103 \u00eendeaproape de c\u0103tre Securitate \u2013 el fiind p\u00e2n\u0103 la final o amenin\u0163are, doar prin prisma influen\u0163ei enorme pe care acesta o exercita, deopotriv\u0103, printre oamenii simpli \u015fi intelectuali (sursa: Radio Rom\u00e2nia Cultural).<\/p>\n","protected":false},"excerpt":{"rendered":"<p>Organizatorii celei de-a XLIV-a edi\u021bii a Festivalului Interna\u021bional \u201eLucian Blaga&#8221; de la Sebe\u0219 \u0219i Lancr\u0103m v\u0103 invit\u0103 vineri, 17 mai 2024, \u00eencep\u00e2nd cu ora 19.30, \u00een sala de spectacole a Centrului Cultural \u201eLucian Blaga&#8221; Sebe\u0219, la o \u00eent\u00e2lnire onest\u0103 cu Nicolae Steinhardt prin intermediul \u201eJurnalului fericirii&#8221;, cunoscuta carte de memorii \u0219i eseuri a scriitorului care &hellip;<\/p>\n","protected":false},"author":16,"featured_media":111563,"comment_status":"open","ping_status":"open","sticky":false,"template":"","format":"standard","meta":{"inline_featured_image":false,"footnotes":""},"categories":[4],"tags":[],"class_list":["post-111562","post","type-post","status-publish","format-standard","has-post-thumbnail","hentry","category-eveniment"],"yoast_head":"<!-- This site is optimized with the Yoast SEO plugin v27.4 - https:\/\/yoast.com\/product\/yoast-seo-wordpress\/ -->\n<title>Vineri, 17 mai, la Festivalul \u201eLucian Blaga&quot; de la Sebe\u0219, regizorul Florin Co\u0219ule\u021b ne deschide \u201eJurnalul fericirii&quot; - Revista Urbea Mea - Revista de Alba<\/title>\n<meta name=\"description\" content=\"Organizatorii celei de-a XLIV-a edi\u021bii a Festivalului Interna\u021bional \u201eLucian Blaga&quot; de la Sebe\u0219 \u0219i Lancr\u0103m v\u0103 invit\u0103 vineri, 17 mai 2024, \u00eencep\u00e2nd cu ora\" \/>\n<meta name=\"robots\" content=\"index, follow, max-snippet:-1, max-image-preview:large, max-video-preview:-1\" \/>\n<link rel=\"canonical\" href=\"https:\/\/urbeamea.ro\/albaiulia\/vineri-17-mai-la-festivalul-lucian-blaga-de-la-sebes-regizorul-florin-cosulet-ne-deschide-jurnalul-fericirii\/\" \/>\n<meta name=\"twitter:card\" content=\"summary_large_image\" \/>\n<meta name=\"twitter:title\" content=\"Vineri, 17 mai, la Festivalul \u201eLucian Blaga&quot; de la Sebe\u0219, regizorul Florin Co\u0219ule\u021b ne deschide \u201eJurnalul fericirii&quot; - Revista Urbea Mea - Revista de Alba\" \/>\n<meta name=\"twitter:description\" content=\"Organizatorii celei de-a XLIV-a edi\u021bii a Festivalului Interna\u021bional \u201eLucian Blaga&quot; de la Sebe\u0219 \u0219i Lancr\u0103m v\u0103 invit\u0103 vineri, 17 mai 2024, \u00eencep\u00e2nd cu ora\" \/>\n<meta name=\"twitter:image\" content=\"https:\/\/urbeamea.ro\/albaiulia\/wp-content\/uploads\/2024\/05\/afis-Cosulet-1.jpg\" \/>\n<meta name=\"twitter:creator\" content=\"@urbeameaweb\" \/>\n<meta name=\"twitter:site\" content=\"@urbeameaweb\" \/>\n<script type=\"application\/ld+json\" class=\"yoast-schema-graph\">{\"@context\":\"https:\\\/\\\/schema.org\",\"@graph\":[{\"@type\":\"Article\",\"@id\":\"https:\\\/\\\/urbeamea.ro\\\/albaiulia\\\/vineri-17-mai-la-festivalul-lucian-blaga-de-la-sebes-regizorul-florin-cosulet-ne-deschide-jurnalul-fericirii\\\/#article\",\"isPartOf\":{\"@id\":\"https:\\\/\\\/urbeamea.ro\\\/albaiulia\\\/vineri-17-mai-la-festivalul-lucian-blaga-de-la-sebes-regizorul-florin-cosulet-ne-deschide-jurnalul-fericirii\\\/\"},\"author\":{\"name\":\"Redac\u021bia UrbeaMea\",\"@id\":\"https:\\\/\\\/urbeamea.ro\\\/albaiulia\\\/#\\\/schema\\\/person\\\/272ae98052f8ee8980f59848df070247\"},\"headline\":\"Vineri, 17 mai, la Festivalul \u201eLucian Blaga&#8221; de la Sebe\u0219, regizorul Florin Co\u0219ule\u021b ne deschide \u201eJurnalul fericirii&#8221;\",\"datePublished\":\"2024-05-15T10:24:15+00:00\",\"dateModified\":\"2024-05-15T10:24:17+00:00\",\"mainEntityOfPage\":{\"@id\":\"https:\\\/\\\/urbeamea.ro\\\/albaiulia\\\/vineri-17-mai-la-festivalul-lucian-blaga-de-la-sebes-regizorul-florin-cosulet-ne-deschide-jurnalul-fericirii\\\/\"},\"wordCount\":625,\"commentCount\":0,\"image\":{\"@id\":\"https:\\\/\\\/urbeamea.ro\\\/albaiulia\\\/vineri-17-mai-la-festivalul-lucian-blaga-de-la-sebes-regizorul-florin-cosulet-ne-deschide-jurnalul-fericirii\\\/#primaryimage\"},\"thumbnailUrl\":\"https:\\\/\\\/urbeamea.ro\\\/albaiulia\\\/wp-content\\\/uploads\\\/2024\\\/05\\\/afis-Cosulet-1.jpg\",\"articleSection\":[\"Evenimente\"],\"inLanguage\":\"ro-RO\",\"potentialAction\":[{\"@type\":\"CommentAction\",\"name\":\"Comment\",\"target\":[\"https:\\\/\\\/urbeamea.ro\\\/albaiulia\\\/vineri-17-mai-la-festivalul-lucian-blaga-de-la-sebes-regizorul-florin-cosulet-ne-deschide-jurnalul-fericirii\\\/#respond\"]}]},{\"@type\":\"WebPage\",\"@id\":\"https:\\\/\\\/urbeamea.ro\\\/albaiulia\\\/vineri-17-mai-la-festivalul-lucian-blaga-de-la-sebes-regizorul-florin-cosulet-ne-deschide-jurnalul-fericirii\\\/\",\"url\":\"https:\\\/\\\/urbeamea.ro\\\/albaiulia\\\/vineri-17-mai-la-festivalul-lucian-blaga-de-la-sebes-regizorul-florin-cosulet-ne-deschide-jurnalul-fericirii\\\/\",\"name\":\"Vineri, 17 mai, la Festivalul \u201eLucian Blaga\\\" de la Sebe\u0219, regizorul Florin Co\u0219ule\u021b ne deschide \u201eJurnalul fericirii\\\" - Revista Urbea Mea - Revista de Alba\",\"isPartOf\":{\"@id\":\"https:\\\/\\\/urbeamea.ro\\\/albaiulia\\\/#website\"},\"primaryImageOfPage\":{\"@id\":\"https:\\\/\\\/urbeamea.ro\\\/albaiulia\\\/vineri-17-mai-la-festivalul-lucian-blaga-de-la-sebes-regizorul-florin-cosulet-ne-deschide-jurnalul-fericirii\\\/#primaryimage\"},\"image\":{\"@id\":\"https:\\\/\\\/urbeamea.ro\\\/albaiulia\\\/vineri-17-mai-la-festivalul-lucian-blaga-de-la-sebes-regizorul-florin-cosulet-ne-deschide-jurnalul-fericirii\\\/#primaryimage\"},\"thumbnailUrl\":\"https:\\\/\\\/urbeamea.ro\\\/albaiulia\\\/wp-content\\\/uploads\\\/2024\\\/05\\\/afis-Cosulet-1.jpg\",\"datePublished\":\"2024-05-15T10:24:15+00:00\",\"dateModified\":\"2024-05-15T10:24:17+00:00\",\"author\":{\"@id\":\"https:\\\/\\\/urbeamea.ro\\\/albaiulia\\\/#\\\/schema\\\/person\\\/272ae98052f8ee8980f59848df070247\"},\"description\":\"Organizatorii celei de-a XLIV-a edi\u021bii a Festivalului Interna\u021bional \u201eLucian Blaga\\\" de la Sebe\u0219 \u0219i Lancr\u0103m v\u0103 invit\u0103 vineri, 17 mai 2024, \u00eencep\u00e2nd cu ora\",\"breadcrumb\":{\"@id\":\"https:\\\/\\\/urbeamea.ro\\\/albaiulia\\\/vineri-17-mai-la-festivalul-lucian-blaga-de-la-sebes-regizorul-florin-cosulet-ne-deschide-jurnalul-fericirii\\\/#breadcrumb\"},\"inLanguage\":\"ro-RO\",\"potentialAction\":[{\"@type\":\"ReadAction\",\"target\":[\"https:\\\/\\\/urbeamea.ro\\\/albaiulia\\\/vineri-17-mai-la-festivalul-lucian-blaga-de-la-sebes-regizorul-florin-cosulet-ne-deschide-jurnalul-fericirii\\\/\"]}]},{\"@type\":\"ImageObject\",\"inLanguage\":\"ro-RO\",\"@id\":\"https:\\\/\\\/urbeamea.ro\\\/albaiulia\\\/vineri-17-mai-la-festivalul-lucian-blaga-de-la-sebes-regizorul-florin-cosulet-ne-deschide-jurnalul-fericirii\\\/#primaryimage\",\"url\":\"https:\\\/\\\/urbeamea.ro\\\/albaiulia\\\/wp-content\\\/uploads\\\/2024\\\/05\\\/afis-Cosulet-1.jpg\",\"contentUrl\":\"https:\\\/\\\/urbeamea.ro\\\/albaiulia\\\/wp-content\\\/uploads\\\/2024\\\/05\\\/afis-Cosulet-1.jpg\",\"width\":1130,\"height\":1600},{\"@type\":\"BreadcrumbList\",\"@id\":\"https:\\\/\\\/urbeamea.ro\\\/albaiulia\\\/vineri-17-mai-la-festivalul-lucian-blaga-de-la-sebes-regizorul-florin-cosulet-ne-deschide-jurnalul-fericirii\\\/#breadcrumb\",\"itemListElement\":[{\"@type\":\"ListItem\",\"position\":1,\"name\":\"Prima pagin\u0103\",\"item\":\"https:\\\/\\\/urbeamea.ro\\\/albaiulia\\\/\"},{\"@type\":\"ListItem\",\"position\":2,\"name\":\"Vineri, 17 mai, la Festivalul \u201eLucian Blaga&#8221; de la Sebe\u0219, regizorul Florin Co\u0219ule\u021b ne deschide \u201eJurnalul fericirii&#8221;\"}]},{\"@type\":\"WebSite\",\"@id\":\"https:\\\/\\\/urbeamea.ro\\\/albaiulia\\\/#website\",\"url\":\"https:\\\/\\\/urbeamea.ro\\\/albaiulia\\\/\",\"name\":\"Revista Urbea Mea, Stiri urbane\",\"description\":\"Evenimente \u0219i \u0219tiri din Alba Iulia, Sebe\u0219, Aiud, Blaj\",\"potentialAction\":[{\"@type\":\"SearchAction\",\"target\":{\"@type\":\"EntryPoint\",\"urlTemplate\":\"https:\\\/\\\/urbeamea.ro\\\/albaiulia\\\/?s={search_term_string}\"},\"query-input\":{\"@type\":\"PropertyValueSpecification\",\"valueRequired\":true,\"valueName\":\"search_term_string\"}}],\"inLanguage\":\"ro-RO\"},{\"@type\":\"Person\",\"@id\":\"https:\\\/\\\/urbeamea.ro\\\/albaiulia\\\/#\\\/schema\\\/person\\\/272ae98052f8ee8980f59848df070247\",\"name\":\"Redac\u021bia UrbeaMea\",\"image\":{\"@type\":\"ImageObject\",\"inLanguage\":\"ro-RO\",\"@id\":\"https:\\\/\\\/secure.gravatar.com\\\/avatar\\\/9ce5a9435071fa1037e8468053ead8e513dbbff59009d3069aadb85506d85a27?s=96&d=mm&r=g\",\"url\":\"https:\\\/\\\/secure.gravatar.com\\\/avatar\\\/9ce5a9435071fa1037e8468053ead8e513dbbff59009d3069aadb85506d85a27?s=96&d=mm&r=g\",\"contentUrl\":\"https:\\\/\\\/secure.gravatar.com\\\/avatar\\\/9ce5a9435071fa1037e8468053ead8e513dbbff59009d3069aadb85506d85a27?s=96&d=mm&r=g\",\"caption\":\"Redac\u021bia UrbeaMea\"},\"description\":\"contact@urbeamea.ro\",\"sameAs\":[\"https:\\\/\\\/www.urbeamea.ro\"],\"url\":\"https:\\\/\\\/urbeamea.ro\\\/albaiulia\\\/author\\\/redactia-urbeamea\\\/\"}]}<\/script>\n<!-- \/ Yoast SEO plugin. -->","yoast_head_json":{"title":"Vineri, 17 mai, la Festivalul \u201eLucian Blaga\" de la Sebe\u0219, regizorul Florin Co\u0219ule\u021b ne deschide \u201eJurnalul fericirii\" - Revista Urbea Mea - Revista de Alba","description":"Organizatorii celei de-a XLIV-a edi\u021bii a Festivalului Interna\u021bional \u201eLucian Blaga\" de la Sebe\u0219 \u0219i Lancr\u0103m v\u0103 invit\u0103 vineri, 17 mai 2024, \u00eencep\u00e2nd cu ora","robots":{"index":"index","follow":"follow","max-snippet":"max-snippet:-1","max-image-preview":"max-image-preview:large","max-video-preview":"max-video-preview:-1"},"canonical":"https:\/\/urbeamea.ro\/albaiulia\/vineri-17-mai-la-festivalul-lucian-blaga-de-la-sebes-regizorul-florin-cosulet-ne-deschide-jurnalul-fericirii\/","twitter_card":"summary_large_image","twitter_title":"Vineri, 17 mai, la Festivalul \u201eLucian Blaga\" de la Sebe\u0219, regizorul Florin Co\u0219ule\u021b ne deschide \u201eJurnalul fericirii\" - Revista Urbea Mea - Revista de Alba","twitter_description":"Organizatorii celei de-a XLIV-a edi\u021bii a Festivalului Interna\u021bional \u201eLucian Blaga\" de la Sebe\u0219 \u0219i Lancr\u0103m v\u0103 invit\u0103 vineri, 17 mai 2024, \u00eencep\u00e2nd cu ora","twitter_image":"https:\/\/urbeamea.ro\/albaiulia\/wp-content\/uploads\/2024\/05\/afis-Cosulet-1.jpg","twitter_creator":"@urbeameaweb","twitter_site":"@urbeameaweb","schema":{"@context":"https:\/\/schema.org","@graph":[{"@type":"Article","@id":"https:\/\/urbeamea.ro\/albaiulia\/vineri-17-mai-la-festivalul-lucian-blaga-de-la-sebes-regizorul-florin-cosulet-ne-deschide-jurnalul-fericirii\/#article","isPartOf":{"@id":"https:\/\/urbeamea.ro\/albaiulia\/vineri-17-mai-la-festivalul-lucian-blaga-de-la-sebes-regizorul-florin-cosulet-ne-deschide-jurnalul-fericirii\/"},"author":{"name":"Redac\u021bia UrbeaMea","@id":"https:\/\/urbeamea.ro\/albaiulia\/#\/schema\/person\/272ae98052f8ee8980f59848df070247"},"headline":"Vineri, 17 mai, la Festivalul \u201eLucian Blaga&#8221; de la Sebe\u0219, regizorul Florin Co\u0219ule\u021b ne deschide \u201eJurnalul fericirii&#8221;","datePublished":"2024-05-15T10:24:15+00:00","dateModified":"2024-05-15T10:24:17+00:00","mainEntityOfPage":{"@id":"https:\/\/urbeamea.ro\/albaiulia\/vineri-17-mai-la-festivalul-lucian-blaga-de-la-sebes-regizorul-florin-cosulet-ne-deschide-jurnalul-fericirii\/"},"wordCount":625,"commentCount":0,"image":{"@id":"https:\/\/urbeamea.ro\/albaiulia\/vineri-17-mai-la-festivalul-lucian-blaga-de-la-sebes-regizorul-florin-cosulet-ne-deschide-jurnalul-fericirii\/#primaryimage"},"thumbnailUrl":"https:\/\/urbeamea.ro\/albaiulia\/wp-content\/uploads\/2024\/05\/afis-Cosulet-1.jpg","articleSection":["Evenimente"],"inLanguage":"ro-RO","potentialAction":[{"@type":"CommentAction","name":"Comment","target":["https:\/\/urbeamea.ro\/albaiulia\/vineri-17-mai-la-festivalul-lucian-blaga-de-la-sebes-regizorul-florin-cosulet-ne-deschide-jurnalul-fericirii\/#respond"]}]},{"@type":"WebPage","@id":"https:\/\/urbeamea.ro\/albaiulia\/vineri-17-mai-la-festivalul-lucian-blaga-de-la-sebes-regizorul-florin-cosulet-ne-deschide-jurnalul-fericirii\/","url":"https:\/\/urbeamea.ro\/albaiulia\/vineri-17-mai-la-festivalul-lucian-blaga-de-la-sebes-regizorul-florin-cosulet-ne-deschide-jurnalul-fericirii\/","name":"Vineri, 17 mai, la Festivalul \u201eLucian Blaga\" de la Sebe\u0219, regizorul Florin Co\u0219ule\u021b ne deschide \u201eJurnalul fericirii\" - Revista Urbea Mea - Revista de Alba","isPartOf":{"@id":"https:\/\/urbeamea.ro\/albaiulia\/#website"},"primaryImageOfPage":{"@id":"https:\/\/urbeamea.ro\/albaiulia\/vineri-17-mai-la-festivalul-lucian-blaga-de-la-sebes-regizorul-florin-cosulet-ne-deschide-jurnalul-fericirii\/#primaryimage"},"image":{"@id":"https:\/\/urbeamea.ro\/albaiulia\/vineri-17-mai-la-festivalul-lucian-blaga-de-la-sebes-regizorul-florin-cosulet-ne-deschide-jurnalul-fericirii\/#primaryimage"},"thumbnailUrl":"https:\/\/urbeamea.ro\/albaiulia\/wp-content\/uploads\/2024\/05\/afis-Cosulet-1.jpg","datePublished":"2024-05-15T10:24:15+00:00","dateModified":"2024-05-15T10:24:17+00:00","author":{"@id":"https:\/\/urbeamea.ro\/albaiulia\/#\/schema\/person\/272ae98052f8ee8980f59848df070247"},"description":"Organizatorii celei de-a XLIV-a edi\u021bii a Festivalului Interna\u021bional \u201eLucian Blaga\" de la Sebe\u0219 \u0219i Lancr\u0103m v\u0103 invit\u0103 vineri, 17 mai 2024, \u00eencep\u00e2nd cu ora","breadcrumb":{"@id":"https:\/\/urbeamea.ro\/albaiulia\/vineri-17-mai-la-festivalul-lucian-blaga-de-la-sebes-regizorul-florin-cosulet-ne-deschide-jurnalul-fericirii\/#breadcrumb"},"inLanguage":"ro-RO","potentialAction":[{"@type":"ReadAction","target":["https:\/\/urbeamea.ro\/albaiulia\/vineri-17-mai-la-festivalul-lucian-blaga-de-la-sebes-regizorul-florin-cosulet-ne-deschide-jurnalul-fericirii\/"]}]},{"@type":"ImageObject","inLanguage":"ro-RO","@id":"https:\/\/urbeamea.ro\/albaiulia\/vineri-17-mai-la-festivalul-lucian-blaga-de-la-sebes-regizorul-florin-cosulet-ne-deschide-jurnalul-fericirii\/#primaryimage","url":"https:\/\/urbeamea.ro\/albaiulia\/wp-content\/uploads\/2024\/05\/afis-Cosulet-1.jpg","contentUrl":"https:\/\/urbeamea.ro\/albaiulia\/wp-content\/uploads\/2024\/05\/afis-Cosulet-1.jpg","width":1130,"height":1600},{"@type":"BreadcrumbList","@id":"https:\/\/urbeamea.ro\/albaiulia\/vineri-17-mai-la-festivalul-lucian-blaga-de-la-sebes-regizorul-florin-cosulet-ne-deschide-jurnalul-fericirii\/#breadcrumb","itemListElement":[{"@type":"ListItem","position":1,"name":"Prima pagin\u0103","item":"https:\/\/urbeamea.ro\/albaiulia\/"},{"@type":"ListItem","position":2,"name":"Vineri, 17 mai, la Festivalul \u201eLucian Blaga&#8221; de la Sebe\u0219, regizorul Florin Co\u0219ule\u021b ne deschide \u201eJurnalul fericirii&#8221;"}]},{"@type":"WebSite","@id":"https:\/\/urbeamea.ro\/albaiulia\/#website","url":"https:\/\/urbeamea.ro\/albaiulia\/","name":"Revista Urbea Mea, Stiri urbane","description":"Evenimente \u0219i \u0219tiri din Alba Iulia, Sebe\u0219, Aiud, Blaj","potentialAction":[{"@type":"SearchAction","target":{"@type":"EntryPoint","urlTemplate":"https:\/\/urbeamea.ro\/albaiulia\/?s={search_term_string}"},"query-input":{"@type":"PropertyValueSpecification","valueRequired":true,"valueName":"search_term_string"}}],"inLanguage":"ro-RO"},{"@type":"Person","@id":"https:\/\/urbeamea.ro\/albaiulia\/#\/schema\/person\/272ae98052f8ee8980f59848df070247","name":"Redac\u021bia UrbeaMea","image":{"@type":"ImageObject","inLanguage":"ro-RO","@id":"https:\/\/secure.gravatar.com\/avatar\/9ce5a9435071fa1037e8468053ead8e513dbbff59009d3069aadb85506d85a27?s=96&d=mm&r=g","url":"https:\/\/secure.gravatar.com\/avatar\/9ce5a9435071fa1037e8468053ead8e513dbbff59009d3069aadb85506d85a27?s=96&d=mm&r=g","contentUrl":"https:\/\/secure.gravatar.com\/avatar\/9ce5a9435071fa1037e8468053ead8e513dbbff59009d3069aadb85506d85a27?s=96&d=mm&r=g","caption":"Redac\u021bia UrbeaMea"},"description":"contact@urbeamea.ro","sameAs":["https:\/\/www.urbeamea.ro"],"url":"https:\/\/urbeamea.ro\/albaiulia\/author\/redactia-urbeamea\/"}]}},"_links":{"self":[{"href":"https:\/\/urbeamea.ro\/albaiulia\/wp-json\/wp\/v2\/posts\/111562","targetHints":{"allow":["GET"]}}],"collection":[{"href":"https:\/\/urbeamea.ro\/albaiulia\/wp-json\/wp\/v2\/posts"}],"about":[{"href":"https:\/\/urbeamea.ro\/albaiulia\/wp-json\/wp\/v2\/types\/post"}],"author":[{"embeddable":true,"href":"https:\/\/urbeamea.ro\/albaiulia\/wp-json\/wp\/v2\/users\/16"}],"replies":[{"embeddable":true,"href":"https:\/\/urbeamea.ro\/albaiulia\/wp-json\/wp\/v2\/comments?post=111562"}],"version-history":[{"count":1,"href":"https:\/\/urbeamea.ro\/albaiulia\/wp-json\/wp\/v2\/posts\/111562\/revisions"}],"predecessor-version":[{"id":111564,"href":"https:\/\/urbeamea.ro\/albaiulia\/wp-json\/wp\/v2\/posts\/111562\/revisions\/111564"}],"wp:featuredmedia":[{"embeddable":true,"href":"https:\/\/urbeamea.ro\/albaiulia\/wp-json\/wp\/v2\/media\/111563"}],"wp:attachment":[{"href":"https:\/\/urbeamea.ro\/albaiulia\/wp-json\/wp\/v2\/media?parent=111562"}],"wp:term":[{"taxonomy":"category","embeddable":true,"href":"https:\/\/urbeamea.ro\/albaiulia\/wp-json\/wp\/v2\/categories?post=111562"},{"taxonomy":"post_tag","embeddable":true,"href":"https:\/\/urbeamea.ro\/albaiulia\/wp-json\/wp\/v2\/tags?post=111562"}],"curies":[{"name":"wp","href":"https:\/\/api.w.org\/{rel}","templated":true}]}}