{"id":111565,"date":"2024-05-15T13:25:40","date_gmt":"2024-05-15T10:25:40","guid":{"rendered":"https:\/\/urbeamea.ro\/albaiulia\/?p=111565"},"modified":"2024-05-15T13:25:41","modified_gmt":"2024-05-15T10:25:41","slug":"la-multi-ani-tuturor-medicilor-veterinari","status":"publish","type":"post","link":"https:\/\/urbeamea.ro\/albaiulia\/la-multi-ani-tuturor-medicilor-veterinari\/","title":{"rendered":"La mul\u021bi ani, tuturor medicilor veterinari!"},"content":{"rendered":"\n<h3 class=\"wp-block-heading\"><strong>Ziua Na\u021bional\u0103 a Medicului Veterinar este o ocazie special\u0103 \u00een care recunoa\u0219tem \u0219i celebr\u0103m munca tuturor medicilor veterinari din Rom\u00e2nia, indiferent de sectorul \u00een care activeaz\u0103, public sau privat.<\/strong><\/h3>\n\n\n\n<p>Direc\u021bia Sanitar\u0103 Veterinar\u0103 \u0219i pentru Siguran\u021ba Alimentelor condus\u0103 de directorul executiv, dr. Vasile Sp\u00eenu, \u00eempreun\u0103 cu Asocia\u021bia General\u0103 a Medicilor Veterinari, filiala Alba, pre\u0219edinte dr. Jurc\u0103 Lucica, transmit cele mai calde g\u00e2nduri tuturor medicilor veterinari din jude\u021b. V\u0103 mul\u021bumim pentru devotamentul \u0219i eforturile voastre constante \u00een men\u021binerea s\u0103n\u0103t\u0103\u021bii animalelor, de companie, din gospod\u0103rii sau de ferm\u0103.<\/p>\n\n\n\n<p>De asemenea, un g\u00e2nd bun se \u00eendreapt\u0103 \u0219i c\u0103tre colegii no\u0219tri care sunt responsabili de monitorizarea alimentelor, contribuind astfel la asigurarea siguran\u021bei alimentare a popula\u021biei prin aplicarea m\u0103surilor \u0219i programelor specifice. Ei joac\u0103 un rol esen\u021bial \u00een protejarea s\u0103n\u0103t\u0103\u021bii publice \u0219i \u00een prevenirea r\u0103sp\u00e2ndirii bolilor transmisibile de la animale la oameni.<\/p>\n\n\n\n<p>Medicul veterinar reprezint\u0103 un pilon fundamental \u00een societatea noastr\u0103, av\u00e2nd un impact vital nu doar \u00een ceea ce prive\u0219te binele animalelor, ci \u0219i \u00een protejarea s\u0103n\u0103t\u0103\u021bii publice. Ziua de 15 mai ne ofer\u0103 prilejul de a reflecta asupra importan\u021bei acestei profesii \u00een via\u021ba de zi cu zi \u0219i asupra faptului c\u0103 s\u0103n\u0103tatea animalelor este str\u00e2ns legat\u0103 de s\u0103n\u0103tatea oamenilor \u0219i de protejarea mediului \u00eenconjur\u0103tor.<\/p>\n\n\n\n<p>La mul\u021bi ani!<\/p>\n","protected":false},"excerpt":{"rendered":"<p>Ziua Na\u021bional\u0103 a Medicului Veterinar este o ocazie special\u0103 \u00een care recunoa\u0219tem \u0219i celebr\u0103m munca tuturor medicilor veterinari din Rom\u00e2nia, indiferent de sectorul \u00een care activeaz\u0103, public sau privat. Direc\u021bia Sanitar\u0103 Veterinar\u0103 \u0219i pentru Siguran\u021ba Alimentelor condus\u0103 de directorul executiv, dr. Vasile Sp\u00eenu, \u00eempreun\u0103 cu Asocia\u021bia General\u0103 a Medicilor Veterinari, filiala Alba, pre\u0219edinte dr. Jurc\u0103 &hellip;<\/p>\n","protected":false},"author":16,"featured_media":100587,"comment_status":"open","ping_status":"open","sticky":false,"template":"","format":"standard","meta":{"inline_featured_image":false,"footnotes":""},"categories":[4],"tags":[8120],"class_list":["post-111565","post","type-post","status-publish","format-standard","has-post-thumbnail","hentry","category-eveniment","tag-dsvsa-alba"],"yoast_head":"<!-- This site is optimized with the Yoast SEO plugin v27.4 - https:\/\/yoast.com\/product\/yoast-seo-wordpress\/ -->\n<title>La mul\u021bi ani, tuturor medicilor veterinari! - Revista Urbea Mea - Revista de Alba<\/title>\n<meta name=\"description\" content=\"Ziua Na\u021bional\u0103 a Medicului Veterinar este o ocazie special\u0103 \u00een care recunoa\u0219tem \u0219i celebr\u0103m munca tuturor medicilor veterinari din Rom\u00e2nia, indiferent de\" \/>\n<meta name=\"robots\" content=\"index, follow, max-snippet:-1, max-image-preview:large, max-video-preview:-1\" \/>\n<link rel=\"canonical\" href=\"https:\/\/urbeamea.ro\/albaiulia\/la-multi-ani-tuturor-medicilor-veterinari\/\" \/>\n<meta name=\"twitter:card\" content=\"summary_large_image\" \/>\n<meta name=\"twitter:title\" content=\"La mul\u021bi ani, tuturor medicilor veterinari! - Revista Urbea Mea - Revista de Alba\" \/>\n<meta name=\"twitter:description\" content=\"Ziua Na\u021bional\u0103 a Medicului Veterinar este o ocazie special\u0103 \u00een care recunoa\u0219tem \u0219i celebr\u0103m munca tuturor medicilor veterinari din Rom\u00e2nia, indiferent de\" \/>\n<meta name=\"twitter:image\" content=\"https:\/\/urbeamea.ro\/albaiulia\/wp-content\/uploads\/2022\/03\/Sediu-DSVSA-Alba.jpg\" \/>\n<meta name=\"twitter:creator\" content=\"@urbeameaweb\" \/>\n<meta name=\"twitter:site\" content=\"@urbeameaweb\" \/>\n<script type=\"application\/ld+json\" class=\"yoast-schema-graph\">{\"@context\":\"https:\\\/\\\/schema.org\",\"@graph\":[{\"@type\":\"Article\",\"@id\":\"https:\\\/\\\/urbeamea.ro\\\/albaiulia\\\/la-multi-ani-tuturor-medicilor-veterinari\\\/#article\",\"isPartOf\":{\"@id\":\"https:\\\/\\\/urbeamea.ro\\\/albaiulia\\\/la-multi-ani-tuturor-medicilor-veterinari\\\/\"},\"author\":{\"name\":\"Redac\u021bia UrbeaMea\",\"@id\":\"https:\\\/\\\/urbeamea.ro\\\/albaiulia\\\/#\\\/schema\\\/person\\\/272ae98052f8ee8980f59848df070247\"},\"headline\":\"La mul\u021bi ani, tuturor medicilor veterinari!\",\"datePublished\":\"2024-05-15T10:25:40+00:00\",\"dateModified\":\"2024-05-15T10:25:41+00:00\",\"mainEntityOfPage\":{\"@id\":\"https:\\\/\\\/urbeamea.ro\\\/albaiulia\\\/la-multi-ani-tuturor-medicilor-veterinari\\\/\"},\"wordCount\":251,\"commentCount\":0,\"image\":{\"@id\":\"https:\\\/\\\/urbeamea.ro\\\/albaiulia\\\/la-multi-ani-tuturor-medicilor-veterinari\\\/#primaryimage\"},\"thumbnailUrl\":\"https:\\\/\\\/urbeamea.ro\\\/albaiulia\\\/wp-content\\\/uploads\\\/2022\\\/03\\\/Sediu-DSVSA-Alba.jpg\",\"keywords\":[\"dsvsa alba\"],\"articleSection\":[\"Evenimente\"],\"inLanguage\":\"ro-RO\",\"potentialAction\":[{\"@type\":\"CommentAction\",\"name\":\"Comment\",\"target\":[\"https:\\\/\\\/urbeamea.ro\\\/albaiulia\\\/la-multi-ani-tuturor-medicilor-veterinari\\\/#respond\"]}]},{\"@type\":\"WebPage\",\"@id\":\"https:\\\/\\\/urbeamea.ro\\\/albaiulia\\\/la-multi-ani-tuturor-medicilor-veterinari\\\/\",\"url\":\"https:\\\/\\\/urbeamea.ro\\\/albaiulia\\\/la-multi-ani-tuturor-medicilor-veterinari\\\/\",\"name\":\"La mul\u021bi ani, tuturor medicilor veterinari! - Revista Urbea Mea - Revista de Alba\",\"isPartOf\":{\"@id\":\"https:\\\/\\\/urbeamea.ro\\\/albaiulia\\\/#website\"},\"primaryImageOfPage\":{\"@id\":\"https:\\\/\\\/urbeamea.ro\\\/albaiulia\\\/la-multi-ani-tuturor-medicilor-veterinari\\\/#primaryimage\"},\"image\":{\"@id\":\"https:\\\/\\\/urbeamea.ro\\\/albaiulia\\\/la-multi-ani-tuturor-medicilor-veterinari\\\/#primaryimage\"},\"thumbnailUrl\":\"https:\\\/\\\/urbeamea.ro\\\/albaiulia\\\/wp-content\\\/uploads\\\/2022\\\/03\\\/Sediu-DSVSA-Alba.jpg\",\"datePublished\":\"2024-05-15T10:25:40+00:00\",\"dateModified\":\"2024-05-15T10:25:41+00:00\",\"author\":{\"@id\":\"https:\\\/\\\/urbeamea.ro\\\/albaiulia\\\/#\\\/schema\\\/person\\\/272ae98052f8ee8980f59848df070247\"},\"description\":\"Ziua Na\u021bional\u0103 a Medicului Veterinar este o ocazie special\u0103 \u00een care recunoa\u0219tem \u0219i celebr\u0103m munca tuturor medicilor veterinari din Rom\u00e2nia, indiferent de\",\"breadcrumb\":{\"@id\":\"https:\\\/\\\/urbeamea.ro\\\/albaiulia\\\/la-multi-ani-tuturor-medicilor-veterinari\\\/#breadcrumb\"},\"inLanguage\":\"ro-RO\",\"potentialAction\":[{\"@type\":\"ReadAction\",\"target\":[\"https:\\\/\\\/urbeamea.ro\\\/albaiulia\\\/la-multi-ani-tuturor-medicilor-veterinari\\\/\"]}]},{\"@type\":\"ImageObject\",\"inLanguage\":\"ro-RO\",\"@id\":\"https:\\\/\\\/urbeamea.ro\\\/albaiulia\\\/la-multi-ani-tuturor-medicilor-veterinari\\\/#primaryimage\",\"url\":\"https:\\\/\\\/urbeamea.ro\\\/albaiulia\\\/wp-content\\\/uploads\\\/2022\\\/03\\\/Sediu-DSVSA-Alba.jpg\",\"contentUrl\":\"https:\\\/\\\/urbeamea.ro\\\/albaiulia\\\/wp-content\\\/uploads\\\/2022\\\/03\\\/Sediu-DSVSA-Alba.jpg\",\"width\":1200,\"height\":800},{\"@type\":\"BreadcrumbList\",\"@id\":\"https:\\\/\\\/urbeamea.ro\\\/albaiulia\\\/la-multi-ani-tuturor-medicilor-veterinari\\\/#breadcrumb\",\"itemListElement\":[{\"@type\":\"ListItem\",\"position\":1,\"name\":\"Prima pagin\u0103\",\"item\":\"https:\\\/\\\/urbeamea.ro\\\/albaiulia\\\/\"},{\"@type\":\"ListItem\",\"position\":2,\"name\":\"La mul\u021bi ani, tuturor medicilor veterinari!\"}]},{\"@type\":\"WebSite\",\"@id\":\"https:\\\/\\\/urbeamea.ro\\\/albaiulia\\\/#website\",\"url\":\"https:\\\/\\\/urbeamea.ro\\\/albaiulia\\\/\",\"name\":\"Revista Urbea Mea, Stiri urbane\",\"description\":\"Evenimente \u0219i \u0219tiri din Alba Iulia, Sebe\u0219, Aiud, Blaj\",\"potentialAction\":[{\"@type\":\"SearchAction\",\"target\":{\"@type\":\"EntryPoint\",\"urlTemplate\":\"https:\\\/\\\/urbeamea.ro\\\/albaiulia\\\/?s={search_term_string}\"},\"query-input\":{\"@type\":\"PropertyValueSpecification\",\"valueRequired\":true,\"valueName\":\"search_term_string\"}}],\"inLanguage\":\"ro-RO\"},{\"@type\":\"Person\",\"@id\":\"https:\\\/\\\/urbeamea.ro\\\/albaiulia\\\/#\\\/schema\\\/person\\\/272ae98052f8ee8980f59848df070247\",\"name\":\"Redac\u021bia UrbeaMea\",\"image\":{\"@type\":\"ImageObject\",\"inLanguage\":\"ro-RO\",\"@id\":\"https:\\\/\\\/secure.gravatar.com\\\/avatar\\\/9ce5a9435071fa1037e8468053ead8e513dbbff59009d3069aadb85506d85a27?s=96&d=mm&r=g\",\"url\":\"https:\\\/\\\/secure.gravatar.com\\\/avatar\\\/9ce5a9435071fa1037e8468053ead8e513dbbff59009d3069aadb85506d85a27?s=96&d=mm&r=g\",\"contentUrl\":\"https:\\\/\\\/secure.gravatar.com\\\/avatar\\\/9ce5a9435071fa1037e8468053ead8e513dbbff59009d3069aadb85506d85a27?s=96&d=mm&r=g\",\"caption\":\"Redac\u021bia UrbeaMea\"},\"description\":\"contact@urbeamea.ro\",\"sameAs\":[\"https:\\\/\\\/www.urbeamea.ro\"],\"url\":\"https:\\\/\\\/urbeamea.ro\\\/albaiulia\\\/author\\\/redactia-urbeamea\\\/\"}]}<\/script>\n<!-- \/ Yoast SEO plugin. -->","yoast_head_json":{"title":"La mul\u021bi ani, tuturor medicilor veterinari! - Revista Urbea Mea - Revista de Alba","description":"Ziua Na\u021bional\u0103 a Medicului Veterinar este o ocazie special\u0103 \u00een care recunoa\u0219tem \u0219i celebr\u0103m munca tuturor medicilor veterinari din Rom\u00e2nia, indiferent de","robots":{"index":"index","follow":"follow","max-snippet":"max-snippet:-1","max-image-preview":"max-image-preview:large","max-video-preview":"max-video-preview:-1"},"canonical":"https:\/\/urbeamea.ro\/albaiulia\/la-multi-ani-tuturor-medicilor-veterinari\/","twitter_card":"summary_large_image","twitter_title":"La mul\u021bi ani, tuturor medicilor veterinari! - Revista Urbea Mea - Revista de Alba","twitter_description":"Ziua Na\u021bional\u0103 a Medicului Veterinar este o ocazie special\u0103 \u00een care recunoa\u0219tem \u0219i celebr\u0103m munca tuturor medicilor veterinari din Rom\u00e2nia, indiferent de","twitter_image":"https:\/\/urbeamea.ro\/albaiulia\/wp-content\/uploads\/2022\/03\/Sediu-DSVSA-Alba.jpg","twitter_creator":"@urbeameaweb","twitter_site":"@urbeameaweb","schema":{"@context":"https:\/\/schema.org","@graph":[{"@type":"Article","@id":"https:\/\/urbeamea.ro\/albaiulia\/la-multi-ani-tuturor-medicilor-veterinari\/#article","isPartOf":{"@id":"https:\/\/urbeamea.ro\/albaiulia\/la-multi-ani-tuturor-medicilor-veterinari\/"},"author":{"name":"Redac\u021bia UrbeaMea","@id":"https:\/\/urbeamea.ro\/albaiulia\/#\/schema\/person\/272ae98052f8ee8980f59848df070247"},"headline":"La mul\u021bi ani, tuturor medicilor veterinari!","datePublished":"2024-05-15T10:25:40+00:00","dateModified":"2024-05-15T10:25:41+00:00","mainEntityOfPage":{"@id":"https:\/\/urbeamea.ro\/albaiulia\/la-multi-ani-tuturor-medicilor-veterinari\/"},"wordCount":251,"commentCount":0,"image":{"@id":"https:\/\/urbeamea.ro\/albaiulia\/la-multi-ani-tuturor-medicilor-veterinari\/#primaryimage"},"thumbnailUrl":"https:\/\/urbeamea.ro\/albaiulia\/wp-content\/uploads\/2022\/03\/Sediu-DSVSA-Alba.jpg","keywords":["dsvsa alba"],"articleSection":["Evenimente"],"inLanguage":"ro-RO","potentialAction":[{"@type":"CommentAction","name":"Comment","target":["https:\/\/urbeamea.ro\/albaiulia\/la-multi-ani-tuturor-medicilor-veterinari\/#respond"]}]},{"@type":"WebPage","@id":"https:\/\/urbeamea.ro\/albaiulia\/la-multi-ani-tuturor-medicilor-veterinari\/","url":"https:\/\/urbeamea.ro\/albaiulia\/la-multi-ani-tuturor-medicilor-veterinari\/","name":"La mul\u021bi ani, tuturor medicilor veterinari! - Revista Urbea Mea - Revista de Alba","isPartOf":{"@id":"https:\/\/urbeamea.ro\/albaiulia\/#website"},"primaryImageOfPage":{"@id":"https:\/\/urbeamea.ro\/albaiulia\/la-multi-ani-tuturor-medicilor-veterinari\/#primaryimage"},"image":{"@id":"https:\/\/urbeamea.ro\/albaiulia\/la-multi-ani-tuturor-medicilor-veterinari\/#primaryimage"},"thumbnailUrl":"https:\/\/urbeamea.ro\/albaiulia\/wp-content\/uploads\/2022\/03\/Sediu-DSVSA-Alba.jpg","datePublished":"2024-05-15T10:25:40+00:00","dateModified":"2024-05-15T10:25:41+00:00","author":{"@id":"https:\/\/urbeamea.ro\/albaiulia\/#\/schema\/person\/272ae98052f8ee8980f59848df070247"},"description":"Ziua Na\u021bional\u0103 a Medicului Veterinar este o ocazie special\u0103 \u00een care recunoa\u0219tem \u0219i celebr\u0103m munca tuturor medicilor veterinari din Rom\u00e2nia, indiferent de","breadcrumb":{"@id":"https:\/\/urbeamea.ro\/albaiulia\/la-multi-ani-tuturor-medicilor-veterinari\/#breadcrumb"},"inLanguage":"ro-RO","potentialAction":[{"@type":"ReadAction","target":["https:\/\/urbeamea.ro\/albaiulia\/la-multi-ani-tuturor-medicilor-veterinari\/"]}]},{"@type":"ImageObject","inLanguage":"ro-RO","@id":"https:\/\/urbeamea.ro\/albaiulia\/la-multi-ani-tuturor-medicilor-veterinari\/#primaryimage","url":"https:\/\/urbeamea.ro\/albaiulia\/wp-content\/uploads\/2022\/03\/Sediu-DSVSA-Alba.jpg","contentUrl":"https:\/\/urbeamea.ro\/albaiulia\/wp-content\/uploads\/2022\/03\/Sediu-DSVSA-Alba.jpg","width":1200,"height":800},{"@type":"BreadcrumbList","@id":"https:\/\/urbeamea.ro\/albaiulia\/la-multi-ani-tuturor-medicilor-veterinari\/#breadcrumb","itemListElement":[{"@type":"ListItem","position":1,"name":"Prima pagin\u0103","item":"https:\/\/urbeamea.ro\/albaiulia\/"},{"@type":"ListItem","position":2,"name":"La mul\u021bi ani, tuturor medicilor veterinari!"}]},{"@type":"WebSite","@id":"https:\/\/urbeamea.ro\/albaiulia\/#website","url":"https:\/\/urbeamea.ro\/albaiulia\/","name":"Revista Urbea Mea, Stiri urbane","description":"Evenimente \u0219i \u0219tiri din Alba Iulia, Sebe\u0219, Aiud, Blaj","potentialAction":[{"@type":"SearchAction","target":{"@type":"EntryPoint","urlTemplate":"https:\/\/urbeamea.ro\/albaiulia\/?s={search_term_string}"},"query-input":{"@type":"PropertyValueSpecification","valueRequired":true,"valueName":"search_term_string"}}],"inLanguage":"ro-RO"},{"@type":"Person","@id":"https:\/\/urbeamea.ro\/albaiulia\/#\/schema\/person\/272ae98052f8ee8980f59848df070247","name":"Redac\u021bia UrbeaMea","image":{"@type":"ImageObject","inLanguage":"ro-RO","@id":"https:\/\/secure.gravatar.com\/avatar\/9ce5a9435071fa1037e8468053ead8e513dbbff59009d3069aadb85506d85a27?s=96&d=mm&r=g","url":"https:\/\/secure.gravatar.com\/avatar\/9ce5a9435071fa1037e8468053ead8e513dbbff59009d3069aadb85506d85a27?s=96&d=mm&r=g","contentUrl":"https:\/\/secure.gravatar.com\/avatar\/9ce5a9435071fa1037e8468053ead8e513dbbff59009d3069aadb85506d85a27?s=96&d=mm&r=g","caption":"Redac\u021bia UrbeaMea"},"description":"contact@urbeamea.ro","sameAs":["https:\/\/www.urbeamea.ro"],"url":"https:\/\/urbeamea.ro\/albaiulia\/author\/redactia-urbeamea\/"}]}},"_links":{"self":[{"href":"https:\/\/urbeamea.ro\/albaiulia\/wp-json\/wp\/v2\/posts\/111565","targetHints":{"allow":["GET"]}}],"collection":[{"href":"https:\/\/urbeamea.ro\/albaiulia\/wp-json\/wp\/v2\/posts"}],"about":[{"href":"https:\/\/urbeamea.ro\/albaiulia\/wp-json\/wp\/v2\/types\/post"}],"author":[{"embeddable":true,"href":"https:\/\/urbeamea.ro\/albaiulia\/wp-json\/wp\/v2\/users\/16"}],"replies":[{"embeddable":true,"href":"https:\/\/urbeamea.ro\/albaiulia\/wp-json\/wp\/v2\/comments?post=111565"}],"version-history":[{"count":1,"href":"https:\/\/urbeamea.ro\/albaiulia\/wp-json\/wp\/v2\/posts\/111565\/revisions"}],"predecessor-version":[{"id":111566,"href":"https:\/\/urbeamea.ro\/albaiulia\/wp-json\/wp\/v2\/posts\/111565\/revisions\/111566"}],"wp:featuredmedia":[{"embeddable":true,"href":"https:\/\/urbeamea.ro\/albaiulia\/wp-json\/wp\/v2\/media\/100587"}],"wp:attachment":[{"href":"https:\/\/urbeamea.ro\/albaiulia\/wp-json\/wp\/v2\/media?parent=111565"}],"wp:term":[{"taxonomy":"category","embeddable":true,"href":"https:\/\/urbeamea.ro\/albaiulia\/wp-json\/wp\/v2\/categories?post=111565"},{"taxonomy":"post_tag","embeddable":true,"href":"https:\/\/urbeamea.ro\/albaiulia\/wp-json\/wp\/v2\/tags?post=111565"}],"curies":[{"name":"wp","href":"https:\/\/api.w.org\/{rel}","templated":true}]}}