{"id":111588,"date":"2024-05-16T11:24:51","date_gmt":"2024-05-16T08:24:51","guid":{"rendered":"https:\/\/urbeamea.ro\/albaiulia\/?p=111588"},"modified":"2024-05-16T11:24:52","modified_gmt":"2024-05-16T08:24:52","slug":"spitalul-de-psihiatrie-dr-gheorghe-preda-sibiu-se-va-moderniza-prin-3-proiecte-finantate-prin-programul-regiunea-centru-2021-2027","status":"publish","type":"post","link":"https:\/\/urbeamea.ro\/albaiulia\/spitalul-de-psihiatrie-dr-gheorghe-preda-sibiu-se-va-moderniza-prin-3-proiecte-finantate-prin-programul-regiunea-centru-2021-2027\/","title":{"rendered":"Spitalul de Psihiatrie \u201dDr. Gheorghe Preda\u201d Sibiu se va moderniza prin 3 proiecte finan\u021bate prin Programul \u201dREGIUNEA CENTRU\u201d 2021-2027"},"content":{"rendered":"\n<h3 class=\"wp-block-heading\"><strong><em>Al treilea contract semnat are \u0219i cea mai valoare, suma lor cumulat\u0103 dep\u0103\u0219ind 14 milioane euro<\/em><\/strong><\/h3>\n\n\n\n<p><strong>Activit\u0103\u021bile pentru cre\u0219terea eficien\u021bei energetice a Spitalului de Psihiatrie \u201d<em>Dr. Gheorghe Preda<\/em>\u201d din Sibiu nu se limiteaz\u0103 la cele dou\u0103 contracte de reabilitare termic\u0103 \u0219i eficientizare energetic\u0103 \u2013 pentru dou\u0103 corpuri ale acestei unit\u0103\u021bi medicale \u2013 care au fost semnate \u00een luna martie \u00een cadrul Programului \u201dRegiunea Centru\u201d 2021-2027. Cererile de finan\u021bare pentru <em>\u201dReabilitare termic\u0103 a cl\u0103dirii C8 \u2013 Policlinic\u0103 din cadrul Spitalului Clinic de Psihiatrie \u201eDr. Gheorghe Preda\u201d Sibiu\u201d<\/em> \u0219i <em>\u201dReabilitare termic\u0103 a Cl\u0103dirii C16 \u2013 Pavilion psihiatrie V din cadrul Spitalului Clinic de Psihiatrie Dr. Gheorghe Preda Sibiu\u201d <\/em>sunt completate acum de al treilea contract <\/strong><strong><em>\u201dReabilitarea termic\u0103 a pavilionului C17 \u2013 Fizioterapie, Psihiatrie copii\u201d<\/em><\/strong><strong>, a c\u0103rui valoare total\u0103 este de 46.390.606,63 lei. Asta \u00eenseamn\u0103 c\u0103 \u00een aceast\u0103 unitate medical\u0103 din Sibiu \u00een urm\u0103torii ani se vor investi mai mult de 14 milioane euro, prin toate cele 3 proiecte europene.<\/strong><\/p>\n\n\n\n<figure class=\"wp-block-image size-large\"><img loading=\"lazy\" decoding=\"async\" width=\"1280\" height=\"695\" src=\"https:\/\/urbeamea.ro\/albaiulia\/wp-content\/uploads\/2024\/05\/Foto2_Pavilion-Spital-1280x695.jpg\" alt=\"\" class=\"wp-image-111589\" srcset=\"https:\/\/urbeamea.ro\/albaiulia\/wp-content\/uploads\/2024\/05\/Foto2_Pavilion-Spital-1280x695.jpg 1280w, https:\/\/urbeamea.ro\/albaiulia\/wp-content\/uploads\/2024\/05\/Foto2_Pavilion-Spital-640x347.jpg 640w, https:\/\/urbeamea.ro\/albaiulia\/wp-content\/uploads\/2024\/05\/Foto2_Pavilion-Spital-150x81.jpg 150w, https:\/\/urbeamea.ro\/albaiulia\/wp-content\/uploads\/2024\/05\/Foto2_Pavilion-Spital-768x417.jpg 768w, https:\/\/urbeamea.ro\/albaiulia\/wp-content\/uploads\/2024\/05\/Foto2_Pavilion-Spital-1536x834.jpg 1536w, https:\/\/urbeamea.ro\/albaiulia\/wp-content\/uploads\/2024\/05\/Foto2_Pavilion-Spital.jpg 1555w\" sizes=\"auto, (max-width: 1280px) 100vw, 1280px\" \/><\/figure>\n\n\n\n<blockquote class=\"wp-block-quote is-layout-flow wp-block-quote-is-layout-flow\">\n<p><em>S\u0103n\u0103tatea a fost \u0219i r\u0103m\u00e2ne o prioritate pentru Consiliul Jude\u021bean Sibiu, dovad\u0103 fiind un nou val de investi\u021bii care vor fi demarate la Spitalul de Psihiatrie, care sunt posibile datorit\u0103 finan\u021b\u0103rilor externe pe care le-am atras, fie prin PNRR, fie prin Programul Regiunea Centru.<\/em><\/p>\n\n\n\n<p><em>Reabilitarea pavilionului C 17, care deserve\u0219te preponderent sec\u021biile destinate copiilor, este cea de-a cincea investi\u021bie care urmeaz\u0103 s\u0103 fie demarat\u0103, al\u0103turi de reabilit\u0103rile Pavilionului Central \u0219i a pavilioanelor C 8 \u0219i C 16, precum \u0219i a cl\u0103dirii \u00een care func\u021bioneaz\u0103 punctul termic<\/em>.<\/p>\n<cite>Daniela C\u00eempean, pre\u0219edinta Consiliului Jude\u021bean Sibiu<\/cite><\/blockquote>\n\n\n\n<p>Cl\u0103direa \u201d<em>C17 &#8211; Fizioterapie, psihiatrie copii<\/em>\u201d din cadrul Spitalului de Psihiatrie \u201dDr. Gh. Preda\u201d Sibiu este una din cl\u0103dirile reprezentative aflate \u00een patrimoniul Consiliului Jude\u021bean Sibiu, fiind situat\u0103 pe str. Dr. Dumitru Bagdasar, nr. 12 din Sibiu, av\u00e2nd o suprafa\u021b\u0103 construit\u0103 la sol de peste 2000mp \u0219i o suprafa\u021b\u0103 construit\u0103 desf\u0103\u0219urat\u0103 de peste 8700 mp. Aceast\u0103 cl\u0103dire necesit\u0103 investi\u021bii substan\u021biale \u00een vederea \u00eembun\u0103t\u0103\u021birii performan\u021bei energetice. Corpul A &#8211; care face obiectul proiectului &#8211; are o suprafa\u021b\u0103 construit\u0103 la sol de 1554,14 mp, desf\u0103\u0219urat\u0103 la 6.282 mp pe: subsol, parter, etaj 1, etaj 2, etaj 3 \u0219i acoperi\u0219 \u0219arpant\u0103. \u00cen acest corp func\u021bioneaz\u0103 dou\u0103 entit\u0103\u021bi. O parte a cl\u0103dirii este utilizat\u0103 de c\u0103tre Spitalul de Psihiatrie \u201dDr. Gh. Preda\u201d Sibiu, iar o parte este utilizat\u0103 de c\u0103tre Spitalul Clinic Jude\u021bean de Urgen\u021b\u0103 Sibiu, pentru sec\u021bia de Fizioterapie II.<\/p>\n\n\n\n<p>Proiectul include izolarea termic\u0103, reabilitarea t\u00e2mpl\u0103riei unde este cazul, montarea de echipamente specifice eficientiz\u0103rii, precum ventilo-convectoare de pardoseal\u0103, panouri solare\u0219i panouri fotovoltaice. Astfel, \u00een urma reabilit\u0103rii termice, se estimeaz\u0103 c\u0103 se va reduce consumul de energie primar\u0103 cu aproximativ 60%, iar nivelul anual estimat al gazelor cu efect de ser\u0103 va sc\u0103dea cu circa 80%. Finan\u021barea este asigurat\u0103 din fondurile europene gestionate de ADR Centru \u00een calitate de Autoritate de Management prin Programul \u201dRegiunea Centru\u201d 2021-2027. Contribu\u021bia proprie \u00een proiect a CJ Sibiu este \u00een valoare de 1.544.992,90 lei cu TVA, din care 915.216,61 lei cu TVA reprezint\u0103 cofinan\u021barea de 2% din valoarea eligibil\u0103 a proiectului, iar 629.776,29 lei cu TVA reprezint\u0103 cheltuielile neeligibile.<\/p>\n\n\n\n<p>Contractul de finan\u021bare a fost semnate de doamna Daniela C\u00eempean &#8211; &nbsp;Pre\u0219edinte Consiliul Jude\u021bean Sibiu \u00een calitate de beneficiar \u0219i de domnul Simion Cre\u021bu, Director general ADR Centru, care reprezint\u0103 institu\u021bia finan\u021batoare. Fondurile sunt alocate prin Prioritatea 3 &#8211; O regiune cu comunit\u0103\u021bi prietenoase cu mediul, Ac\u021biunea 3.2 \u2013 Eficien\u021b\u0103 energetic\u0103 \u00een cl\u0103diri publice a PR Centru.<\/p>\n\n\n\n<blockquote class=\"wp-block-quote is-layout-flow wp-block-quote-is-layout-flow\">\n<p><em>Spitalul de Psihiatrie \u201dDr. Gheorghe Preda\u201d, cu toate c\u0103 func\u021bioneaz\u0103 \u00een mai multe corpuri de cl\u0103dire, a cunoscut o dezvoltare continu\u0103. Au fost construite noi sec\u021bii \u0219i au fost diversificate serviciile medicale oferite. \u00cen acest spital multipavilionar consumul de energie este cu mult peste cel al unui spital mono-bloc, motiv pentru care s-au impus investi\u021bii majore \u00een domeniul eficientiz\u0103rii energetice. Modernizarea acestui spital s-a realizat \u00een etape, \u00een principal cu fonduri europene nerambursabile. Astfel, prin Programul REGIO 2014-2020 a fost reabilitat Pavilionul IV al Spitalului de Psihiatrie din Sibiu \u0219i s-a realizat relocarea Ambulatoriului pentru adul\u021bi, cu fonduri totale \u00een valoare de peste trei milioane euro. \u00cen luna martie a acestui an am semnat contractele de finan\u021bare pentru reabilitarea termic\u0103 a cl\u0103dirilor C8 \u0219i C16, cu fonduri totale de peste 4,5 milioane euro.<\/em><\/p>\n\n\n\n<p><em>\u00cen Regiunea Centru o parte a construc\u021biilor publice existente sunt vechi \u0219i neperformante din punctul de vedere al microclimatului. \u00cempreun\u0103 cu autorit\u0103\u021bile publice locale ne preocup\u0103m de cre\u0219terea eficien\u021bei energetice a acestor construc\u021bii, iar Uniunea European\u0103 vine \u00een sprijinul oamenilor, aloc\u00e2nd importante fonduri europene nerambursabile \u00een vederea economisirii resurselor primare de energie \u0219i pentru reducerea emisiilor poluante. La nivel regional am alocat peste 67 milioane euro pentru reabilitarea cl\u0103dirilor publice \u0219i avem depuse 69 proiecte \u00een valoare total\u0103 de aproape 200 milioane euro. Vom contracta c\u00e2t mai multe cereri de finan\u021bare pentru reducerea consumului de energie, a emisiilor de carbon \u015fi extinderea utiliz\u0103rii surselor regenerabile de energie. Acestea duc direct la \u00eembun\u0103t\u0103\u021birea calit\u0103\u021bii vie\u0163ii pentru to\u0163i utilizatorii prin \u00eembun\u0103t\u0103\u0163irea confortului termic, a condi\u0163iilor de igien\u0103, a siguran\u0163ei \u015fi calit\u0103\u0163ii aerului, toate acestea fiind \u00een acord cu principiile strategice stabilite la nivel UE \u00een domeniul eficien\u0163ei energetice<\/em>.<\/p>\n<cite>Simion Cre\u021bu, Director general ADR Centru<\/cite><\/blockquote>\n\n\n\n<p>Proiectul <em>\u201dReabilitarea termic\u0103 a pavilionului C17 \u2013 Fizioterapie, Psihiatrie copii\u201d<\/em>, din cadrul Spitalului Clinic de Psihiatrie \u201eDr. Gheorghe Preda\u201d Sibiu este complementar cu alte proiecte derulate de CJ Sibiu, \u00een cadrul c\u0103rora au fost instalate sisteme complexe de producere a energiei din surse regenerabile. \u00cen primul r\u00e2nd, acest proiect \u00ee\u0219i propune s\u0103 aduc\u0103 plus valoare \u00een domeniul eficientiz\u0103rii energetice, inclusiv prin m\u0103suri de producere a energiei din surse regenerabile. Totodat\u0103 se vizeaz\u0103 utilizarea pe c\u00e2t posibil a produselor prietenoase cu mediul. \u00cen al doilea r\u00e2nd, \u00een momentul proiect\u0103rii s-a \u021binut cont de toate reglement\u0103rile urbanistice, inclusiv de \u00eencadrarea proiectului \u00een ansamblul construit existent, din punct de vedere arhitectural \u0219i estetic. Toate cl\u0103dirile renovate, inclusiv cele reabilitate energetic, schimb\u0103 \u00een totalitate aspectul cl\u0103dirilor asupra c\u0103rora se intervine, \u00eentr-o not\u0103 pozitiv\u0103. \u00cen cel de-al treilea r\u00e2nd, aceast\u0103 investi\u021bie r\u0103spunde unei importante necesit\u0103\u021bi publice: deoarece de-a lungul timpului au fost \u0219i vor fi realizate ac\u021biuni cu caracter participativ al cet\u0103\u021benilor.<\/p>\n\n\n\n<figure class=\"wp-block-gallery has-nested-images columns-default is-cropped wp-block-gallery-1 is-layout-flex wp-block-gallery-is-layout-flex\">\n<figure class=\"wp-block-image size-large\"><a href=\"https:\/\/urbeamea.ro\/albaiulia\/wp-content\/uploads\/2024\/05\/Foto1_Pavilion-Spital.jpg\"><img loading=\"lazy\" decoding=\"async\" width=\"1280\" height=\"697\" data-id=\"111591\" src=\"https:\/\/urbeamea.ro\/albaiulia\/wp-content\/uploads\/2024\/05\/Foto1_Pavilion-Spital-1280x697.jpg\" alt=\"\" class=\"wp-image-111591\" srcset=\"https:\/\/urbeamea.ro\/albaiulia\/wp-content\/uploads\/2024\/05\/Foto1_Pavilion-Spital-1280x697.jpg 1280w, https:\/\/urbeamea.ro\/albaiulia\/wp-content\/uploads\/2024\/05\/Foto1_Pavilion-Spital-640x348.jpg 640w, https:\/\/urbeamea.ro\/albaiulia\/wp-content\/uploads\/2024\/05\/Foto1_Pavilion-Spital-150x82.jpg 150w, https:\/\/urbeamea.ro\/albaiulia\/wp-content\/uploads\/2024\/05\/Foto1_Pavilion-Spital-768x418.jpg 768w, https:\/\/urbeamea.ro\/albaiulia\/wp-content\/uploads\/2024\/05\/Foto1_Pavilion-Spital-1536x836.jpg 1536w, https:\/\/urbeamea.ro\/albaiulia\/wp-content\/uploads\/2024\/05\/Foto1_Pavilion-Spital.jpg 1551w\" sizes=\"auto, (max-width: 1280px) 100vw, 1280px\" \/><\/a><\/figure>\n\n\n\n<figure class=\"wp-block-image size-large\"><a href=\"https:\/\/urbeamea.ro\/albaiulia\/wp-content\/uploads\/2024\/05\/Foto3_Pavilion-Spital.jpg\"><img loading=\"lazy\" decoding=\"async\" width=\"1280\" height=\"689\" data-id=\"111590\" src=\"https:\/\/urbeamea.ro\/albaiulia\/wp-content\/uploads\/2024\/05\/Foto3_Pavilion-Spital-1280x689.jpg\" alt=\"\" class=\"wp-image-111590\" srcset=\"https:\/\/urbeamea.ro\/albaiulia\/wp-content\/uploads\/2024\/05\/Foto3_Pavilion-Spital-1280x689.jpg 1280w, https:\/\/urbeamea.ro\/albaiulia\/wp-content\/uploads\/2024\/05\/Foto3_Pavilion-Spital-640x344.jpg 640w, https:\/\/urbeamea.ro\/albaiulia\/wp-content\/uploads\/2024\/05\/Foto3_Pavilion-Spital-150x81.jpg 150w, https:\/\/urbeamea.ro\/albaiulia\/wp-content\/uploads\/2024\/05\/Foto3_Pavilion-Spital-768x413.jpg 768w, https:\/\/urbeamea.ro\/albaiulia\/wp-content\/uploads\/2024\/05\/Foto3_Pavilion-Spital-1536x827.jpg 1536w, https:\/\/urbeamea.ro\/albaiulia\/wp-content\/uploads\/2024\/05\/Foto3_Pavilion-Spital.jpg 1555w\" sizes=\"auto, (max-width: 1280px) 100vw, 1280px\" \/><\/a><\/figure>\n<\/figure>\n","protected":false},"excerpt":{"rendered":"<p>Al treilea contract semnat are \u0219i cea mai valoare, suma lor cumulat\u0103 dep\u0103\u0219ind 14 milioane euro Activit\u0103\u021bile pentru cre\u0219terea eficien\u021bei energetice a Spitalului de Psihiatrie \u201dDr. Gheorghe Preda\u201d din Sibiu nu se limiteaz\u0103 la cele dou\u0103 contracte de reabilitare termic\u0103 \u0219i eficientizare energetic\u0103 \u2013 pentru dou\u0103 corpuri ale acestei unit\u0103\u021bi medicale \u2013 care au fost &hellip;<\/p>\n","protected":false},"author":16,"featured_media":111592,"comment_status":"open","ping_status":"open","sticky":false,"template":"","format":"standard","meta":{"inline_featured_image":false,"footnotes":""},"categories":[6663],"tags":[343],"class_list":["post-111588","post","type-post","status-publish","format-standard","has-post-thumbnail","hentry","category-economic","tag-adr-centru"],"yoast_head":"<!-- This site is optimized with the Yoast SEO plugin v27.4 - https:\/\/yoast.com\/product\/yoast-seo-wordpress\/ -->\n<title>Spitalul de Psihiatrie \u201dDr. Gheorghe Preda\u201d Sibiu se va moderniza prin 3 proiecte finan\u021bate prin Programul \u201dREGIUNEA CENTRU\u201d 2021-2027 - Revista Urbea Mea - Revista de Alba<\/title>\n<meta name=\"description\" content=\"Al treilea contract semnat are \u0219i cea mai valoare, suma lor cumulat\u0103 dep\u0103\u0219ind 14 milioane euro Activit\u0103\u021bile pentru cre\u0219terea eficien\u021bei energetice a\" \/>\n<meta name=\"robots\" content=\"index, follow, max-snippet:-1, max-image-preview:large, max-video-preview:-1\" \/>\n<link rel=\"canonical\" href=\"https:\/\/urbeamea.ro\/albaiulia\/spitalul-de-psihiatrie-dr-gheorghe-preda-sibiu-se-va-moderniza-prin-3-proiecte-finantate-prin-programul-regiunea-centru-2021-2027\/\" \/>\n<meta name=\"twitter:card\" content=\"summary_large_image\" \/>\n<meta name=\"twitter:title\" content=\"Spitalul de Psihiatrie \u201dDr. Gheorghe Preda\u201d Sibiu se va moderniza prin 3 proiecte finan\u021bate prin Programul \u201dREGIUNEA CENTRU\u201d 2021-2027 - Revista Urbea Mea - Revista de Alba\" \/>\n<meta name=\"twitter:description\" content=\"Al treilea contract semnat are \u0219i cea mai valoare, suma lor cumulat\u0103 dep\u0103\u0219ind 14 milioane euro Activit\u0103\u021bile pentru cre\u0219terea eficien\u021bei energetice a\" \/>\n<meta name=\"twitter:image\" content=\"https:\/\/urbeamea.ro\/albaiulia\/wp-content\/uploads\/2024\/05\/Foto_Spital-reabilitat.jpg\" \/>\n<meta name=\"twitter:creator\" content=\"@urbeameaweb\" \/>\n<meta name=\"twitter:site\" content=\"@urbeameaweb\" \/>\n<script type=\"application\/ld+json\" class=\"yoast-schema-graph\">{\"@context\":\"https:\\\/\\\/schema.org\",\"@graph\":[{\"@type\":\"Article\",\"@id\":\"https:\\\/\\\/urbeamea.ro\\\/albaiulia\\\/spitalul-de-psihiatrie-dr-gheorghe-preda-sibiu-se-va-moderniza-prin-3-proiecte-finantate-prin-programul-regiunea-centru-2021-2027\\\/#article\",\"isPartOf\":{\"@id\":\"https:\\\/\\\/urbeamea.ro\\\/albaiulia\\\/spitalul-de-psihiatrie-dr-gheorghe-preda-sibiu-se-va-moderniza-prin-3-proiecte-finantate-prin-programul-regiunea-centru-2021-2027\\\/\"},\"author\":{\"name\":\"Redac\u021bia UrbeaMea\",\"@id\":\"https:\\\/\\\/urbeamea.ro\\\/albaiulia\\\/#\\\/schema\\\/person\\\/272ae98052f8ee8980f59848df070247\"},\"headline\":\"Spitalul de Psihiatrie \u201dDr. Gheorghe Preda\u201d Sibiu se va moderniza prin 3 proiecte finan\u021bate prin Programul \u201dREGIUNEA CENTRU\u201d 2021-2027\",\"datePublished\":\"2024-05-16T08:24:51+00:00\",\"dateModified\":\"2024-05-16T08:24:52+00:00\",\"mainEntityOfPage\":{\"@id\":\"https:\\\/\\\/urbeamea.ro\\\/albaiulia\\\/spitalul-de-psihiatrie-dr-gheorghe-preda-sibiu-se-va-moderniza-prin-3-proiecte-finantate-prin-programul-regiunea-centru-2021-2027\\\/\"},\"wordCount\":1099,\"commentCount\":0,\"image\":{\"@id\":\"https:\\\/\\\/urbeamea.ro\\\/albaiulia\\\/spitalul-de-psihiatrie-dr-gheorghe-preda-sibiu-se-va-moderniza-prin-3-proiecte-finantate-prin-programul-regiunea-centru-2021-2027\\\/#primaryimage\"},\"thumbnailUrl\":\"https:\\\/\\\/urbeamea.ro\\\/albaiulia\\\/wp-content\\\/uploads\\\/2024\\\/05\\\/Foto_Spital-reabilitat.jpg\",\"keywords\":[\"ADR Centru\"],\"articleSection\":[\"Economic\"],\"inLanguage\":\"ro-RO\",\"potentialAction\":[{\"@type\":\"CommentAction\",\"name\":\"Comment\",\"target\":[\"https:\\\/\\\/urbeamea.ro\\\/albaiulia\\\/spitalul-de-psihiatrie-dr-gheorghe-preda-sibiu-se-va-moderniza-prin-3-proiecte-finantate-prin-programul-regiunea-centru-2021-2027\\\/#respond\"]}]},{\"@type\":\"WebPage\",\"@id\":\"https:\\\/\\\/urbeamea.ro\\\/albaiulia\\\/spitalul-de-psihiatrie-dr-gheorghe-preda-sibiu-se-va-moderniza-prin-3-proiecte-finantate-prin-programul-regiunea-centru-2021-2027\\\/\",\"url\":\"https:\\\/\\\/urbeamea.ro\\\/albaiulia\\\/spitalul-de-psihiatrie-dr-gheorghe-preda-sibiu-se-va-moderniza-prin-3-proiecte-finantate-prin-programul-regiunea-centru-2021-2027\\\/\",\"name\":\"Spitalul de Psihiatrie \u201dDr. Gheorghe Preda\u201d Sibiu se va moderniza prin 3 proiecte finan\u021bate prin Programul \u201dREGIUNEA CENTRU\u201d 2021-2027 - Revista Urbea Mea - Revista de Alba\",\"isPartOf\":{\"@id\":\"https:\\\/\\\/urbeamea.ro\\\/albaiulia\\\/#website\"},\"primaryImageOfPage\":{\"@id\":\"https:\\\/\\\/urbeamea.ro\\\/albaiulia\\\/spitalul-de-psihiatrie-dr-gheorghe-preda-sibiu-se-va-moderniza-prin-3-proiecte-finantate-prin-programul-regiunea-centru-2021-2027\\\/#primaryimage\"},\"image\":{\"@id\":\"https:\\\/\\\/urbeamea.ro\\\/albaiulia\\\/spitalul-de-psihiatrie-dr-gheorghe-preda-sibiu-se-va-moderniza-prin-3-proiecte-finantate-prin-programul-regiunea-centru-2021-2027\\\/#primaryimage\"},\"thumbnailUrl\":\"https:\\\/\\\/urbeamea.ro\\\/albaiulia\\\/wp-content\\\/uploads\\\/2024\\\/05\\\/Foto_Spital-reabilitat.jpg\",\"datePublished\":\"2024-05-16T08:24:51+00:00\",\"dateModified\":\"2024-05-16T08:24:52+00:00\",\"author\":{\"@id\":\"https:\\\/\\\/urbeamea.ro\\\/albaiulia\\\/#\\\/schema\\\/person\\\/272ae98052f8ee8980f59848df070247\"},\"description\":\"Al treilea contract semnat are \u0219i cea mai valoare, suma lor cumulat\u0103 dep\u0103\u0219ind 14 milioane euro Activit\u0103\u021bile pentru cre\u0219terea eficien\u021bei energetice a\",\"breadcrumb\":{\"@id\":\"https:\\\/\\\/urbeamea.ro\\\/albaiulia\\\/spitalul-de-psihiatrie-dr-gheorghe-preda-sibiu-se-va-moderniza-prin-3-proiecte-finantate-prin-programul-regiunea-centru-2021-2027\\\/#breadcrumb\"},\"inLanguage\":\"ro-RO\",\"potentialAction\":[{\"@type\":\"ReadAction\",\"target\":[\"https:\\\/\\\/urbeamea.ro\\\/albaiulia\\\/spitalul-de-psihiatrie-dr-gheorghe-preda-sibiu-se-va-moderniza-prin-3-proiecte-finantate-prin-programul-regiunea-centru-2021-2027\\\/\"]}]},{\"@type\":\"ImageObject\",\"inLanguage\":\"ro-RO\",\"@id\":\"https:\\\/\\\/urbeamea.ro\\\/albaiulia\\\/spitalul-de-psihiatrie-dr-gheorghe-preda-sibiu-se-va-moderniza-prin-3-proiecte-finantate-prin-programul-regiunea-centru-2021-2027\\\/#primaryimage\",\"url\":\"https:\\\/\\\/urbeamea.ro\\\/albaiulia\\\/wp-content\\\/uploads\\\/2024\\\/05\\\/Foto_Spital-reabilitat.jpg\",\"contentUrl\":\"https:\\\/\\\/urbeamea.ro\\\/albaiulia\\\/wp-content\\\/uploads\\\/2024\\\/05\\\/Foto_Spital-reabilitat.jpg\",\"width\":1600,\"height\":628},{\"@type\":\"BreadcrumbList\",\"@id\":\"https:\\\/\\\/urbeamea.ro\\\/albaiulia\\\/spitalul-de-psihiatrie-dr-gheorghe-preda-sibiu-se-va-moderniza-prin-3-proiecte-finantate-prin-programul-regiunea-centru-2021-2027\\\/#breadcrumb\",\"itemListElement\":[{\"@type\":\"ListItem\",\"position\":1,\"name\":\"Prima pagin\u0103\",\"item\":\"https:\\\/\\\/urbeamea.ro\\\/albaiulia\\\/\"},{\"@type\":\"ListItem\",\"position\":2,\"name\":\"Spitalul de Psihiatrie \u201dDr. Gheorghe Preda\u201d Sibiu se va moderniza prin 3 proiecte finan\u021bate prin Programul \u201dREGIUNEA CENTRU\u201d 2021-2027\"}]},{\"@type\":\"WebSite\",\"@id\":\"https:\\\/\\\/urbeamea.ro\\\/albaiulia\\\/#website\",\"url\":\"https:\\\/\\\/urbeamea.ro\\\/albaiulia\\\/\",\"name\":\"Revista Urbea Mea, Stiri urbane\",\"description\":\"Evenimente \u0219i \u0219tiri din Alba Iulia, Sebe\u0219, Aiud, Blaj\",\"potentialAction\":[{\"@type\":\"SearchAction\",\"target\":{\"@type\":\"EntryPoint\",\"urlTemplate\":\"https:\\\/\\\/urbeamea.ro\\\/albaiulia\\\/?s={search_term_string}\"},\"query-input\":{\"@type\":\"PropertyValueSpecification\",\"valueRequired\":true,\"valueName\":\"search_term_string\"}}],\"inLanguage\":\"ro-RO\"},{\"@type\":\"Person\",\"@id\":\"https:\\\/\\\/urbeamea.ro\\\/albaiulia\\\/#\\\/schema\\\/person\\\/272ae98052f8ee8980f59848df070247\",\"name\":\"Redac\u021bia UrbeaMea\",\"image\":{\"@type\":\"ImageObject\",\"inLanguage\":\"ro-RO\",\"@id\":\"https:\\\/\\\/secure.gravatar.com\\\/avatar\\\/9ce5a9435071fa1037e8468053ead8e513dbbff59009d3069aadb85506d85a27?s=96&d=mm&r=g\",\"url\":\"https:\\\/\\\/secure.gravatar.com\\\/avatar\\\/9ce5a9435071fa1037e8468053ead8e513dbbff59009d3069aadb85506d85a27?s=96&d=mm&r=g\",\"contentUrl\":\"https:\\\/\\\/secure.gravatar.com\\\/avatar\\\/9ce5a9435071fa1037e8468053ead8e513dbbff59009d3069aadb85506d85a27?s=96&d=mm&r=g\",\"caption\":\"Redac\u021bia UrbeaMea\"},\"description\":\"contact@urbeamea.ro\",\"sameAs\":[\"https:\\\/\\\/www.urbeamea.ro\"],\"url\":\"https:\\\/\\\/urbeamea.ro\\\/albaiulia\\\/author\\\/redactia-urbeamea\\\/\"}]}<\/script>\n<!-- \/ Yoast SEO plugin. -->","yoast_head_json":{"title":"Spitalul de Psihiatrie \u201dDr. Gheorghe Preda\u201d Sibiu se va moderniza prin 3 proiecte finan\u021bate prin Programul \u201dREGIUNEA CENTRU\u201d 2021-2027 - Revista Urbea Mea - Revista de Alba","description":"Al treilea contract semnat are \u0219i cea mai valoare, suma lor cumulat\u0103 dep\u0103\u0219ind 14 milioane euro Activit\u0103\u021bile pentru cre\u0219terea eficien\u021bei energetice a","robots":{"index":"index","follow":"follow","max-snippet":"max-snippet:-1","max-image-preview":"max-image-preview:large","max-video-preview":"max-video-preview:-1"},"canonical":"https:\/\/urbeamea.ro\/albaiulia\/spitalul-de-psihiatrie-dr-gheorghe-preda-sibiu-se-va-moderniza-prin-3-proiecte-finantate-prin-programul-regiunea-centru-2021-2027\/","twitter_card":"summary_large_image","twitter_title":"Spitalul de Psihiatrie \u201dDr. Gheorghe Preda\u201d Sibiu se va moderniza prin 3 proiecte finan\u021bate prin Programul \u201dREGIUNEA CENTRU\u201d 2021-2027 - Revista Urbea Mea - Revista de Alba","twitter_description":"Al treilea contract semnat are \u0219i cea mai valoare, suma lor cumulat\u0103 dep\u0103\u0219ind 14 milioane euro Activit\u0103\u021bile pentru cre\u0219terea eficien\u021bei energetice a","twitter_image":"https:\/\/urbeamea.ro\/albaiulia\/wp-content\/uploads\/2024\/05\/Foto_Spital-reabilitat.jpg","twitter_creator":"@urbeameaweb","twitter_site":"@urbeameaweb","schema":{"@context":"https:\/\/schema.org","@graph":[{"@type":"Article","@id":"https:\/\/urbeamea.ro\/albaiulia\/spitalul-de-psihiatrie-dr-gheorghe-preda-sibiu-se-va-moderniza-prin-3-proiecte-finantate-prin-programul-regiunea-centru-2021-2027\/#article","isPartOf":{"@id":"https:\/\/urbeamea.ro\/albaiulia\/spitalul-de-psihiatrie-dr-gheorghe-preda-sibiu-se-va-moderniza-prin-3-proiecte-finantate-prin-programul-regiunea-centru-2021-2027\/"},"author":{"name":"Redac\u021bia UrbeaMea","@id":"https:\/\/urbeamea.ro\/albaiulia\/#\/schema\/person\/272ae98052f8ee8980f59848df070247"},"headline":"Spitalul de Psihiatrie \u201dDr. Gheorghe Preda\u201d Sibiu se va moderniza prin 3 proiecte finan\u021bate prin Programul \u201dREGIUNEA CENTRU\u201d 2021-2027","datePublished":"2024-05-16T08:24:51+00:00","dateModified":"2024-05-16T08:24:52+00:00","mainEntityOfPage":{"@id":"https:\/\/urbeamea.ro\/albaiulia\/spitalul-de-psihiatrie-dr-gheorghe-preda-sibiu-se-va-moderniza-prin-3-proiecte-finantate-prin-programul-regiunea-centru-2021-2027\/"},"wordCount":1099,"commentCount":0,"image":{"@id":"https:\/\/urbeamea.ro\/albaiulia\/spitalul-de-psihiatrie-dr-gheorghe-preda-sibiu-se-va-moderniza-prin-3-proiecte-finantate-prin-programul-regiunea-centru-2021-2027\/#primaryimage"},"thumbnailUrl":"https:\/\/urbeamea.ro\/albaiulia\/wp-content\/uploads\/2024\/05\/Foto_Spital-reabilitat.jpg","keywords":["ADR Centru"],"articleSection":["Economic"],"inLanguage":"ro-RO","potentialAction":[{"@type":"CommentAction","name":"Comment","target":["https:\/\/urbeamea.ro\/albaiulia\/spitalul-de-psihiatrie-dr-gheorghe-preda-sibiu-se-va-moderniza-prin-3-proiecte-finantate-prin-programul-regiunea-centru-2021-2027\/#respond"]}]},{"@type":"WebPage","@id":"https:\/\/urbeamea.ro\/albaiulia\/spitalul-de-psihiatrie-dr-gheorghe-preda-sibiu-se-va-moderniza-prin-3-proiecte-finantate-prin-programul-regiunea-centru-2021-2027\/","url":"https:\/\/urbeamea.ro\/albaiulia\/spitalul-de-psihiatrie-dr-gheorghe-preda-sibiu-se-va-moderniza-prin-3-proiecte-finantate-prin-programul-regiunea-centru-2021-2027\/","name":"Spitalul de Psihiatrie \u201dDr. Gheorghe Preda\u201d Sibiu se va moderniza prin 3 proiecte finan\u021bate prin Programul \u201dREGIUNEA CENTRU\u201d 2021-2027 - Revista Urbea Mea - Revista de Alba","isPartOf":{"@id":"https:\/\/urbeamea.ro\/albaiulia\/#website"},"primaryImageOfPage":{"@id":"https:\/\/urbeamea.ro\/albaiulia\/spitalul-de-psihiatrie-dr-gheorghe-preda-sibiu-se-va-moderniza-prin-3-proiecte-finantate-prin-programul-regiunea-centru-2021-2027\/#primaryimage"},"image":{"@id":"https:\/\/urbeamea.ro\/albaiulia\/spitalul-de-psihiatrie-dr-gheorghe-preda-sibiu-se-va-moderniza-prin-3-proiecte-finantate-prin-programul-regiunea-centru-2021-2027\/#primaryimage"},"thumbnailUrl":"https:\/\/urbeamea.ro\/albaiulia\/wp-content\/uploads\/2024\/05\/Foto_Spital-reabilitat.jpg","datePublished":"2024-05-16T08:24:51+00:00","dateModified":"2024-05-16T08:24:52+00:00","author":{"@id":"https:\/\/urbeamea.ro\/albaiulia\/#\/schema\/person\/272ae98052f8ee8980f59848df070247"},"description":"Al treilea contract semnat are \u0219i cea mai valoare, suma lor cumulat\u0103 dep\u0103\u0219ind 14 milioane euro Activit\u0103\u021bile pentru cre\u0219terea eficien\u021bei energetice a","breadcrumb":{"@id":"https:\/\/urbeamea.ro\/albaiulia\/spitalul-de-psihiatrie-dr-gheorghe-preda-sibiu-se-va-moderniza-prin-3-proiecte-finantate-prin-programul-regiunea-centru-2021-2027\/#breadcrumb"},"inLanguage":"ro-RO","potentialAction":[{"@type":"ReadAction","target":["https:\/\/urbeamea.ro\/albaiulia\/spitalul-de-psihiatrie-dr-gheorghe-preda-sibiu-se-va-moderniza-prin-3-proiecte-finantate-prin-programul-regiunea-centru-2021-2027\/"]}]},{"@type":"ImageObject","inLanguage":"ro-RO","@id":"https:\/\/urbeamea.ro\/albaiulia\/spitalul-de-psihiatrie-dr-gheorghe-preda-sibiu-se-va-moderniza-prin-3-proiecte-finantate-prin-programul-regiunea-centru-2021-2027\/#primaryimage","url":"https:\/\/urbeamea.ro\/albaiulia\/wp-content\/uploads\/2024\/05\/Foto_Spital-reabilitat.jpg","contentUrl":"https:\/\/urbeamea.ro\/albaiulia\/wp-content\/uploads\/2024\/05\/Foto_Spital-reabilitat.jpg","width":1600,"height":628},{"@type":"BreadcrumbList","@id":"https:\/\/urbeamea.ro\/albaiulia\/spitalul-de-psihiatrie-dr-gheorghe-preda-sibiu-se-va-moderniza-prin-3-proiecte-finantate-prin-programul-regiunea-centru-2021-2027\/#breadcrumb","itemListElement":[{"@type":"ListItem","position":1,"name":"Prima pagin\u0103","item":"https:\/\/urbeamea.ro\/albaiulia\/"},{"@type":"ListItem","position":2,"name":"Spitalul de Psihiatrie \u201dDr. Gheorghe Preda\u201d Sibiu se va moderniza prin 3 proiecte finan\u021bate prin Programul \u201dREGIUNEA CENTRU\u201d 2021-2027"}]},{"@type":"WebSite","@id":"https:\/\/urbeamea.ro\/albaiulia\/#website","url":"https:\/\/urbeamea.ro\/albaiulia\/","name":"Revista Urbea Mea, Stiri urbane","description":"Evenimente \u0219i \u0219tiri din Alba Iulia, Sebe\u0219, Aiud, Blaj","potentialAction":[{"@type":"SearchAction","target":{"@type":"EntryPoint","urlTemplate":"https:\/\/urbeamea.ro\/albaiulia\/?s={search_term_string}"},"query-input":{"@type":"PropertyValueSpecification","valueRequired":true,"valueName":"search_term_string"}}],"inLanguage":"ro-RO"},{"@type":"Person","@id":"https:\/\/urbeamea.ro\/albaiulia\/#\/schema\/person\/272ae98052f8ee8980f59848df070247","name":"Redac\u021bia UrbeaMea","image":{"@type":"ImageObject","inLanguage":"ro-RO","@id":"https:\/\/secure.gravatar.com\/avatar\/9ce5a9435071fa1037e8468053ead8e513dbbff59009d3069aadb85506d85a27?s=96&d=mm&r=g","url":"https:\/\/secure.gravatar.com\/avatar\/9ce5a9435071fa1037e8468053ead8e513dbbff59009d3069aadb85506d85a27?s=96&d=mm&r=g","contentUrl":"https:\/\/secure.gravatar.com\/avatar\/9ce5a9435071fa1037e8468053ead8e513dbbff59009d3069aadb85506d85a27?s=96&d=mm&r=g","caption":"Redac\u021bia UrbeaMea"},"description":"contact@urbeamea.ro","sameAs":["https:\/\/www.urbeamea.ro"],"url":"https:\/\/urbeamea.ro\/albaiulia\/author\/redactia-urbeamea\/"}]}},"_links":{"self":[{"href":"https:\/\/urbeamea.ro\/albaiulia\/wp-json\/wp\/v2\/posts\/111588","targetHints":{"allow":["GET"]}}],"collection":[{"href":"https:\/\/urbeamea.ro\/albaiulia\/wp-json\/wp\/v2\/posts"}],"about":[{"href":"https:\/\/urbeamea.ro\/albaiulia\/wp-json\/wp\/v2\/types\/post"}],"author":[{"embeddable":true,"href":"https:\/\/urbeamea.ro\/albaiulia\/wp-json\/wp\/v2\/users\/16"}],"replies":[{"embeddable":true,"href":"https:\/\/urbeamea.ro\/albaiulia\/wp-json\/wp\/v2\/comments?post=111588"}],"version-history":[{"count":1,"href":"https:\/\/urbeamea.ro\/albaiulia\/wp-json\/wp\/v2\/posts\/111588\/revisions"}],"predecessor-version":[{"id":111593,"href":"https:\/\/urbeamea.ro\/albaiulia\/wp-json\/wp\/v2\/posts\/111588\/revisions\/111593"}],"wp:featuredmedia":[{"embeddable":true,"href":"https:\/\/urbeamea.ro\/albaiulia\/wp-json\/wp\/v2\/media\/111592"}],"wp:attachment":[{"href":"https:\/\/urbeamea.ro\/albaiulia\/wp-json\/wp\/v2\/media?parent=111588"}],"wp:term":[{"taxonomy":"category","embeddable":true,"href":"https:\/\/urbeamea.ro\/albaiulia\/wp-json\/wp\/v2\/categories?post=111588"},{"taxonomy":"post_tag","embeddable":true,"href":"https:\/\/urbeamea.ro\/albaiulia\/wp-json\/wp\/v2\/tags?post=111588"}],"curies":[{"name":"wp","href":"https:\/\/api.w.org\/{rel}","templated":true}]}}