{"id":111615,"date":"2024-05-19T14:51:58","date_gmt":"2024-05-19T11:51:58","guid":{"rendered":"https:\/\/urbeamea.ro\/albaiulia\/?p=111615"},"modified":"2024-05-19T14:51:59","modified_gmt":"2024-05-19T11:51:59","slug":"a-inceput-festivalul-festivalul-international-de-teatru-povesti-de-la-alba-iulia-programul-zilei-de-duminica","status":"publish","type":"post","link":"https:\/\/urbeamea.ro\/albaiulia\/a-inceput-festivalul-festivalul-international-de-teatru-povesti-de-la-alba-iulia-programul-zilei-de-duminica\/","title":{"rendered":"A \u00eenceput Festivalul Festivalul\u00a0Interna\u021bional de Teatru \u201ePove\u0219ti de la Alba Iulia. Programul zilei de duminic\u0103"},"content":{"rendered":"\n<p><strong>Duminic\u0103 la Alba Iulia, a \u00eenceput cea de-a XVII-a edi\u021bie a<em> <\/em>Festivalului\u00a0Interna\u021bional de Teatru \u201ePove\u0219ti\u201d, care se va desf\u0103\u0219ura \u00een perioada 19 &#8211; 25 mai.<\/strong><\/p>\n\n\n\n<p> \u0218apte zile de pove\u0219ti noi, pentru copii \u0219i oameni mari, \u00een care teatrul este \u00een centrul aten\u021biei. Dar, a\u0219a cum v-am obi\u0219nuit, ne-am dorit s\u0103 v\u0103 oferim, \u0219i \u00een aceast\u0103 edi\u021bie, un program complex: spectacole de teatru, musical-uri, lans\u0103ri de carte, expozi\u021bii, conferin\u021be, concerte \u0219i ateliere de crea\u021bie. \u00a0<\/p>\n\n\n\n<p>Biletele vor putea fi procurate \u00eencep\u00e2nd de vineri, 19 aprilie 2024, v\u0103 a\u0219tept\u0103m la casieria Teatrului de P\u0103pu\u0219i \u201ePrichindel\u201d, de luni p\u00e2n\u0103 vineri, \u00eentre orele 9:00 \u0219i 14:00, respectiv la casieria Casei de Cultur\u0103 a Sindicatelor, de luni p\u00e2n\u0103 vineri, \u00eentre orele 9:00 \u0219i 13:00 sau online pe\u00a0<a href=\"http:\/\/www.teatrulalba.ro\/\">www.teatrulalba.ro<\/a>\u00a0\u0219i\u00a0<a href=\"http:\/\/www.fitab.ro\/\">www.fitab.ro<\/a>.<\/p>\n\n\n\n<p>Pre\u021bul biletelor este de:<\/p>\n\n\n\n<ul class=\"wp-block-list\">\n<li>7 lei pentru copii \u0219i elevi;<\/li>\n\n\n\n<li>15 lei pentru studen\u021bi \u0219i pensionari;<\/li>\n\n\n\n<li>30 lei pentru adul\u021bi<\/li>\n<\/ul>\n\n\n\n<p>Programul zilei de duminic\u0103 a <em> <\/em>Festivalului\u00a0Interna\u021bional de Teatru \u201ePove\u0219ti\u201d de la Alba Iulia:<\/p>\n\n\n\n<p>DUMINIC\u0102, 19 MAI 2024<\/p>\n\n\n\n<p>11.00<strong>&nbsp;CAFEAUA CU T\u00c2LC<\/strong><\/p>\n\n\n\n<p>Conferin\u0163\u0103 de pres\u0103<br>Art Cafe<\/p>\n\n\n\n<p>12:00 P\u0102CAL\u0102, regia Zeno Apostolache Kiss<\/p>\n\n\n\n<p>Teatrul pentru Copii \u0219i Tineret&nbsp;<em>Ariel<\/em>&nbsp;T\u00e2rgu Mure\u0219<br>Musical pentru \u00eentreaga familie<br>Casa de Cultur\u0103 a Studen\u021bilor \/ 55 min.<\/p>\n\n\n\n<p>16:00 CINE ESTE PETER PAN?<\/p>\n\n\n\n<p><br>Atelier de scenografie<br>Coordonator:&nbsp;<strong>Alina Herescu<\/strong><br>Sala Oglinzilor, Casa de Cultur\u0103 a Studen\u021bilor<br><\/p>\n\n\n\n<p>16:00 INVENT\u0102M POVE\u0218TI<\/p>\n\n\n\n<p>Atelier de teatru interactiv<br>Coordonator:&nbsp;<strong>Georgiana Dinescu<\/strong><br>Sala Amfiteatru, Casa de Cultur\u0103 a Studen\u021bilor<\/p>\n\n\n\n<p>16:30 Aventurile lui Sic\u0103, C\u0102\u021aELU\u0218UL F\u0102R\u0102 FRIC\u0102, de&nbsp;<strong>Violeta Nica<\/strong><\/p>\n\n\n\n<p>Lansare de carte<br>Foaier Teatrul de P\u0103pu\u0219i&nbsp;<em>Prichindel<\/em>&nbsp;Alba Iulia \/ 30 min.<\/p>\n\n\n\n<p>17:00 CRAZY ANIMALS \u2013 Katastrofa Clown<\/p>\n\n\n\n<p>Andrea Fedi, Italia<br>Spectacol non-verbal pentru \u00eentreaga familie<br>Sala 67, Teatrul de P\u0103pu\u0219i&nbsp;<em>Prichindel<\/em>&nbsp;\/ 50 min.<\/p>\n\n\n\n<p>18:30 SCAUNE\u2026 DE POVESTE<\/p>\n\n\n\n<p>Vernisaj expozi\u021bie de caricaturi semnate de&nbsp;<strong>Marius Damian<\/strong><br>Foaier Casa de Cultur\u0103 a Sindicatelor \/ 30 min.<\/p>\n\n\n\n<p>19:00 C\u0102S\u0102TORIA, regia Andrei \u0219i Andreea Grosu<\/p>\n\n\n\n<p>Teatrul de Comedie Bucure\u0219ti<br>Spectacol de teatru \/ 14+<br>Casa de Cultur\u0103 a Sindicatelor \/ 2h<\/p>\n\n\n\n<figure class=\"wp-block-gallery has-nested-images columns-default is-cropped wp-block-gallery-1 is-layout-flex wp-block-gallery-is-layout-flex\">\n<figure class=\"wp-block-image size-large\"><img loading=\"lazy\" decoding=\"async\" width=\"918\" height=\"1280\" data-id=\"111616\" src=\"https:\/\/urbeamea.ro\/albaiulia\/wp-content\/uploads\/2024\/05\/438127773_7396370073732466_4715951010499170729_n-918x1280.jpg\" alt=\"\" class=\"wp-image-111616\" srcset=\"https:\/\/urbeamea.ro\/albaiulia\/wp-content\/uploads\/2024\/05\/438127773_7396370073732466_4715951010499170729_n-918x1280.jpg 918w, https:\/\/urbeamea.ro\/albaiulia\/wp-content\/uploads\/2024\/05\/438127773_7396370073732466_4715951010499170729_n-459x640.jpg 459w, https:\/\/urbeamea.ro\/albaiulia\/wp-content\/uploads\/2024\/05\/438127773_7396370073732466_4715951010499170729_n-108x150.jpg 108w, https:\/\/urbeamea.ro\/albaiulia\/wp-content\/uploads\/2024\/05\/438127773_7396370073732466_4715951010499170729_n-768x1070.jpg 768w, https:\/\/urbeamea.ro\/albaiulia\/wp-content\/uploads\/2024\/05\/438127773_7396370073732466_4715951010499170729_n-1102x1536.jpg 1102w, https:\/\/urbeamea.ro\/albaiulia\/wp-content\/uploads\/2024\/05\/438127773_7396370073732466_4715951010499170729_n.jpg 1148w\" sizes=\"auto, (max-width: 918px) 100vw, 918px\" \/><\/figure>\n\n\n\n<figure class=\"wp-block-image size-large\"><img loading=\"lazy\" decoding=\"async\" width=\"905\" height=\"1280\" data-id=\"111619\" src=\"https:\/\/urbeamea.ro\/albaiulia\/wp-content\/uploads\/2024\/05\/437376998_7396370277065779_378642210044473860_n-905x1280.jpg\" alt=\"\" class=\"wp-image-111619\" srcset=\"https:\/\/urbeamea.ro\/albaiulia\/wp-content\/uploads\/2024\/05\/437376998_7396370277065779_378642210044473860_n-905x1280.jpg 905w, https:\/\/urbeamea.ro\/albaiulia\/wp-content\/uploads\/2024\/05\/437376998_7396370277065779_378642210044473860_n-452x640.jpg 452w, https:\/\/urbeamea.ro\/albaiulia\/wp-content\/uploads\/2024\/05\/437376998_7396370277065779_378642210044473860_n-106x150.jpg 106w, https:\/\/urbeamea.ro\/albaiulia\/wp-content\/uploads\/2024\/05\/437376998_7396370277065779_378642210044473860_n-768x1086.jpg 768w, https:\/\/urbeamea.ro\/albaiulia\/wp-content\/uploads\/2024\/05\/437376998_7396370277065779_378642210044473860_n-1086x1536.jpg 1086w, https:\/\/urbeamea.ro\/albaiulia\/wp-content\/uploads\/2024\/05\/437376998_7396370277065779_378642210044473860_n.jpg 1131w\" sizes=\"auto, (max-width: 905px) 100vw, 905px\" \/><\/figure>\n\n\n\n<figure class=\"wp-block-image size-large\"><img loading=\"lazy\" decoding=\"async\" width=\"1280\" height=\"565\" data-id=\"111617\" src=\"https:\/\/urbeamea.ro\/albaiulia\/wp-content\/uploads\/2024\/05\/437564680_7396370007065806_5573924687437683319_n-1280x565.jpg\" alt=\"\" class=\"wp-image-111617\" srcset=\"https:\/\/urbeamea.ro\/albaiulia\/wp-content\/uploads\/2024\/05\/437564680_7396370007065806_5573924687437683319_n-1280x565.jpg 1280w, https:\/\/urbeamea.ro\/albaiulia\/wp-content\/uploads\/2024\/05\/437564680_7396370007065806_5573924687437683319_n-640x282.jpg 640w, https:\/\/urbeamea.ro\/albaiulia\/wp-content\/uploads\/2024\/05\/437564680_7396370007065806_5573924687437683319_n-150x66.jpg 150w, https:\/\/urbeamea.ro\/albaiulia\/wp-content\/uploads\/2024\/05\/437564680_7396370007065806_5573924687437683319_n-768x339.jpg 768w, https:\/\/urbeamea.ro\/albaiulia\/wp-content\/uploads\/2024\/05\/437564680_7396370007065806_5573924687437683319_n-1536x678.jpg 1536w, https:\/\/urbeamea.ro\/albaiulia\/wp-content\/uploads\/2024\/05\/437564680_7396370007065806_5573924687437683319_n.jpg 1600w\" sizes=\"auto, (max-width: 1280px) 100vw, 1280px\" \/><\/figure>\n\n\n\n<figure class=\"wp-block-image size-large\"><img loading=\"lazy\" decoding=\"async\" width=\"916\" height=\"1280\" data-id=\"111618\" src=\"https:\/\/urbeamea.ro\/albaiulia\/wp-content\/uploads\/2024\/05\/438100053_7396370310399109_1265493266015179455_n-916x1280.jpg\" alt=\"\" class=\"wp-image-111618\" srcset=\"https:\/\/urbeamea.ro\/albaiulia\/wp-content\/uploads\/2024\/05\/438100053_7396370310399109_1265493266015179455_n-916x1280.jpg 916w, https:\/\/urbeamea.ro\/albaiulia\/wp-content\/uploads\/2024\/05\/438100053_7396370310399109_1265493266015179455_n-458x640.jpg 458w, https:\/\/urbeamea.ro\/albaiulia\/wp-content\/uploads\/2024\/05\/438100053_7396370310399109_1265493266015179455_n-107x150.jpg 107w, https:\/\/urbeamea.ro\/albaiulia\/wp-content\/uploads\/2024\/05\/438100053_7396370310399109_1265493266015179455_n-768x1073.jpg 768w, https:\/\/urbeamea.ro\/albaiulia\/wp-content\/uploads\/2024\/05\/438100053_7396370310399109_1265493266015179455_n-1099x1536.jpg 1099w, https:\/\/urbeamea.ro\/albaiulia\/wp-content\/uploads\/2024\/05\/438100053_7396370310399109_1265493266015179455_n.jpg 1145w\" sizes=\"auto, (max-width: 916px) 100vw, 916px\" \/><\/figure>\n<\/figure>\n\n\n\n<p><\/p>\n\n\n\n<p><\/p>\n\n\n\n<p><\/p>\n","protected":false},"excerpt":{"rendered":"<p>Duminic\u0103 la Alba Iulia, a \u00eenceput cea de-a XVII-a edi\u021bie a Festivalului\u00a0Interna\u021bional de Teatru \u201ePove\u0219ti\u201d, care se va desf\u0103\u0219ura \u00een perioada 19 &#8211; 25 mai.<\/p>\n","protected":false},"author":28,"featured_media":111618,"comment_status":"open","ping_status":"open","sticky":false,"template":"","format":"standard","meta":{"inline_featured_image":false,"footnotes":""},"categories":[2038,2034,1,16344],"tags":[14919],"class_list":["post-111615","post","type-post","status-publish","format-standard","has-post-thumbnail","hentry","category-cultura","category-social","category-stiri-urbane","category-urbea-mea","tag-festicalul-international-de-teatru-povesti"],"yoast_head":"<!-- This site is optimized with the Yoast SEO plugin v27.4 - https:\/\/yoast.com\/product\/yoast-seo-wordpress\/ -->\n<title>A \u00eenceput Festivalul Festivalul\u00a0Interna\u021bional de Teatru \u201ePove\u0219ti de la Alba Iulia. Programul zilei de duminic\u0103 - Revista Urbea Mea - Revista de Alba<\/title>\n<meta name=\"description\" content=\"Duminic\u0103 la Alba Iulia, a \u00eenceput cea de-a XVII-a edi\u021bie a Festivalului\u00a0Interna\u021bional de Teatru \u201ePove\u0219ti\u201d, care se va desf\u0103\u0219ura \u00een perioada 19 - 25 mai.\" \/>\n<meta name=\"robots\" content=\"index, follow, max-snippet:-1, max-image-preview:large, max-video-preview:-1\" \/>\n<link rel=\"canonical\" href=\"https:\/\/urbeamea.ro\/albaiulia\/a-inceput-festivalul-festivalul-international-de-teatru-povesti-de-la-alba-iulia-programul-zilei-de-duminica\/\" \/>\n<meta name=\"twitter:card\" content=\"summary_large_image\" \/>\n<meta name=\"twitter:title\" content=\"A \u00eenceput Festivalul Festivalul\u00a0Interna\u021bional de Teatru \u201ePove\u0219ti de la Alba Iulia. Programul zilei de duminic\u0103 - Revista Urbea Mea - Revista de Alba\" \/>\n<meta name=\"twitter:description\" content=\"Duminic\u0103 la Alba Iulia, a \u00eenceput cea de-a XVII-a edi\u021bie a Festivalului\u00a0Interna\u021bional de Teatru \u201ePove\u0219ti\u201d, care se va desf\u0103\u0219ura \u00een perioada 19 - 25 mai.\" \/>\n<meta name=\"twitter:image\" content=\"https:\/\/urbeamea.ro\/albaiulia\/wp-content\/uploads\/2024\/05\/438100053_7396370310399109_1265493266015179455_n.jpg\" \/>\n<meta name=\"twitter:creator\" content=\"@urbeameaweb\" \/>\n<meta name=\"twitter:site\" content=\"@urbeameaweb\" \/>\n<script type=\"application\/ld+json\" class=\"yoast-schema-graph\">{\"@context\":\"https:\\\/\\\/schema.org\",\"@graph\":[{\"@type\":\"Article\",\"@id\":\"https:\\\/\\\/urbeamea.ro\\\/albaiulia\\\/a-inceput-festivalul-festivalul-international-de-teatru-povesti-de-la-alba-iulia-programul-zilei-de-duminica\\\/#article\",\"isPartOf\":{\"@id\":\"https:\\\/\\\/urbeamea.ro\\\/albaiulia\\\/a-inceput-festivalul-festivalul-international-de-teatru-povesti-de-la-alba-iulia-programul-zilei-de-duminica\\\/\"},\"author\":{\"name\":\"Giurca Sorin\",\"@id\":\"https:\\\/\\\/urbeamea.ro\\\/albaiulia\\\/#\\\/schema\\\/person\\\/5db3854ac38c1cc9f0ab4092d6a20f02\"},\"headline\":\"A \u00eenceput Festivalul Festivalul\u00a0Interna\u021bional de Teatru \u201ePove\u0219ti de la Alba Iulia. Programul zilei de duminic\u0103\",\"datePublished\":\"2024-05-19T11:51:58+00:00\",\"dateModified\":\"2024-05-19T11:51:59+00:00\",\"mainEntityOfPage\":{\"@id\":\"https:\\\/\\\/urbeamea.ro\\\/albaiulia\\\/a-inceput-festivalul-festivalul-international-de-teatru-povesti-de-la-alba-iulia-programul-zilei-de-duminica\\\/\"},\"wordCount\":359,\"commentCount\":0,\"image\":{\"@id\":\"https:\\\/\\\/urbeamea.ro\\\/albaiulia\\\/a-inceput-festivalul-festivalul-international-de-teatru-povesti-de-la-alba-iulia-programul-zilei-de-duminica\\\/#primaryimage\"},\"thumbnailUrl\":\"https:\\\/\\\/urbeamea.ro\\\/albaiulia\\\/wp-content\\\/uploads\\\/2024\\\/05\\\/438100053_7396370310399109_1265493266015179455_n.jpg\",\"keywords\":[\"festicalul international de teatru povesti\"],\"articleSection\":[\"Cultur\u0103\",\"Social\",\"\u015etiri Urbane\",\"Urbea Mea\"],\"inLanguage\":\"ro-RO\",\"potentialAction\":[{\"@type\":\"CommentAction\",\"name\":\"Comment\",\"target\":[\"https:\\\/\\\/urbeamea.ro\\\/albaiulia\\\/a-inceput-festivalul-festivalul-international-de-teatru-povesti-de-la-alba-iulia-programul-zilei-de-duminica\\\/#respond\"]}]},{\"@type\":\"WebPage\",\"@id\":\"https:\\\/\\\/urbeamea.ro\\\/albaiulia\\\/a-inceput-festivalul-festivalul-international-de-teatru-povesti-de-la-alba-iulia-programul-zilei-de-duminica\\\/\",\"url\":\"https:\\\/\\\/urbeamea.ro\\\/albaiulia\\\/a-inceput-festivalul-festivalul-international-de-teatru-povesti-de-la-alba-iulia-programul-zilei-de-duminica\\\/\",\"name\":\"A \u00eenceput Festivalul Festivalul\u00a0Interna\u021bional de Teatru \u201ePove\u0219ti de la Alba Iulia. Programul zilei de duminic\u0103 - Revista Urbea Mea - Revista de Alba\",\"isPartOf\":{\"@id\":\"https:\\\/\\\/urbeamea.ro\\\/albaiulia\\\/#website\"},\"primaryImageOfPage\":{\"@id\":\"https:\\\/\\\/urbeamea.ro\\\/albaiulia\\\/a-inceput-festivalul-festivalul-international-de-teatru-povesti-de-la-alba-iulia-programul-zilei-de-duminica\\\/#primaryimage\"},\"image\":{\"@id\":\"https:\\\/\\\/urbeamea.ro\\\/albaiulia\\\/a-inceput-festivalul-festivalul-international-de-teatru-povesti-de-la-alba-iulia-programul-zilei-de-duminica\\\/#primaryimage\"},\"thumbnailUrl\":\"https:\\\/\\\/urbeamea.ro\\\/albaiulia\\\/wp-content\\\/uploads\\\/2024\\\/05\\\/438100053_7396370310399109_1265493266015179455_n.jpg\",\"datePublished\":\"2024-05-19T11:51:58+00:00\",\"dateModified\":\"2024-05-19T11:51:59+00:00\",\"author\":{\"@id\":\"https:\\\/\\\/urbeamea.ro\\\/albaiulia\\\/#\\\/schema\\\/person\\\/5db3854ac38c1cc9f0ab4092d6a20f02\"},\"description\":\"Duminic\u0103 la Alba Iulia, a \u00eenceput cea de-a XVII-a edi\u021bie a Festivalului\u00a0Interna\u021bional de Teatru \u201ePove\u0219ti\u201d, care se va desf\u0103\u0219ura \u00een perioada 19 - 25 mai.\",\"breadcrumb\":{\"@id\":\"https:\\\/\\\/urbeamea.ro\\\/albaiulia\\\/a-inceput-festivalul-festivalul-international-de-teatru-povesti-de-la-alba-iulia-programul-zilei-de-duminica\\\/#breadcrumb\"},\"inLanguage\":\"ro-RO\",\"potentialAction\":[{\"@type\":\"ReadAction\",\"target\":[\"https:\\\/\\\/urbeamea.ro\\\/albaiulia\\\/a-inceput-festivalul-festivalul-international-de-teatru-povesti-de-la-alba-iulia-programul-zilei-de-duminica\\\/\"]}]},{\"@type\":\"ImageObject\",\"inLanguage\":\"ro-RO\",\"@id\":\"https:\\\/\\\/urbeamea.ro\\\/albaiulia\\\/a-inceput-festivalul-festivalul-international-de-teatru-povesti-de-la-alba-iulia-programul-zilei-de-duminica\\\/#primaryimage\",\"url\":\"https:\\\/\\\/urbeamea.ro\\\/albaiulia\\\/wp-content\\\/uploads\\\/2024\\\/05\\\/438100053_7396370310399109_1265493266015179455_n.jpg\",\"contentUrl\":\"https:\\\/\\\/urbeamea.ro\\\/albaiulia\\\/wp-content\\\/uploads\\\/2024\\\/05\\\/438100053_7396370310399109_1265493266015179455_n.jpg\",\"width\":1145,\"height\":1600},{\"@type\":\"BreadcrumbList\",\"@id\":\"https:\\\/\\\/urbeamea.ro\\\/albaiulia\\\/a-inceput-festivalul-festivalul-international-de-teatru-povesti-de-la-alba-iulia-programul-zilei-de-duminica\\\/#breadcrumb\",\"itemListElement\":[{\"@type\":\"ListItem\",\"position\":1,\"name\":\"Prima pagin\u0103\",\"item\":\"https:\\\/\\\/urbeamea.ro\\\/albaiulia\\\/\"},{\"@type\":\"ListItem\",\"position\":2,\"name\":\"A \u00eenceput Festivalul Festivalul\u00a0Interna\u021bional de Teatru \u201ePove\u0219ti de la Alba Iulia. Programul zilei de duminic\u0103\"}]},{\"@type\":\"WebSite\",\"@id\":\"https:\\\/\\\/urbeamea.ro\\\/albaiulia\\\/#website\",\"url\":\"https:\\\/\\\/urbeamea.ro\\\/albaiulia\\\/\",\"name\":\"Revista Urbea Mea, Stiri urbane\",\"description\":\"Evenimente \u0219i \u0219tiri din Alba Iulia, Sebe\u0219, Aiud, Blaj\",\"potentialAction\":[{\"@type\":\"SearchAction\",\"target\":{\"@type\":\"EntryPoint\",\"urlTemplate\":\"https:\\\/\\\/urbeamea.ro\\\/albaiulia\\\/?s={search_term_string}\"},\"query-input\":{\"@type\":\"PropertyValueSpecification\",\"valueRequired\":true,\"valueName\":\"search_term_string\"}}],\"inLanguage\":\"ro-RO\"},{\"@type\":\"Person\",\"@id\":\"https:\\\/\\\/urbeamea.ro\\\/albaiulia\\\/#\\\/schema\\\/person\\\/5db3854ac38c1cc9f0ab4092d6a20f02\",\"name\":\"Giurca Sorin\",\"image\":{\"@type\":\"ImageObject\",\"inLanguage\":\"ro-RO\",\"@id\":\"https:\\\/\\\/secure.gravatar.com\\\/avatar\\\/120f6fcae7b3b47a7730cb9943f612f4909f68ac5284b5f40ac1c4615fd70576?s=96&d=mm&r=g\",\"url\":\"https:\\\/\\\/secure.gravatar.com\\\/avatar\\\/120f6fcae7b3b47a7730cb9943f612f4909f68ac5284b5f40ac1c4615fd70576?s=96&d=mm&r=g\",\"contentUrl\":\"https:\\\/\\\/secure.gravatar.com\\\/avatar\\\/120f6fcae7b3b47a7730cb9943f612f4909f68ac5284b5f40ac1c4615fd70576?s=96&d=mm&r=g\",\"caption\":\"Giurca Sorin\"},\"url\":\"https:\\\/\\\/urbeamea.ro\\\/albaiulia\\\/author\\\/sorin\\\/\"}]}<\/script>\n<!-- \/ Yoast SEO plugin. -->","yoast_head_json":{"title":"A \u00eenceput Festivalul Festivalul\u00a0Interna\u021bional de Teatru \u201ePove\u0219ti de la Alba Iulia. Programul zilei de duminic\u0103 - Revista Urbea Mea - Revista de Alba","description":"Duminic\u0103 la Alba Iulia, a \u00eenceput cea de-a XVII-a edi\u021bie a Festivalului\u00a0Interna\u021bional de Teatru \u201ePove\u0219ti\u201d, care se va desf\u0103\u0219ura \u00een perioada 19 - 25 mai.","robots":{"index":"index","follow":"follow","max-snippet":"max-snippet:-1","max-image-preview":"max-image-preview:large","max-video-preview":"max-video-preview:-1"},"canonical":"https:\/\/urbeamea.ro\/albaiulia\/a-inceput-festivalul-festivalul-international-de-teatru-povesti-de-la-alba-iulia-programul-zilei-de-duminica\/","twitter_card":"summary_large_image","twitter_title":"A \u00eenceput Festivalul Festivalul\u00a0Interna\u021bional de Teatru \u201ePove\u0219ti de la Alba Iulia. Programul zilei de duminic\u0103 - Revista Urbea Mea - Revista de Alba","twitter_description":"Duminic\u0103 la Alba Iulia, a \u00eenceput cea de-a XVII-a edi\u021bie a Festivalului\u00a0Interna\u021bional de Teatru \u201ePove\u0219ti\u201d, care se va desf\u0103\u0219ura \u00een perioada 19 - 25 mai.","twitter_image":"https:\/\/urbeamea.ro\/albaiulia\/wp-content\/uploads\/2024\/05\/438100053_7396370310399109_1265493266015179455_n.jpg","twitter_creator":"@urbeameaweb","twitter_site":"@urbeameaweb","schema":{"@context":"https:\/\/schema.org","@graph":[{"@type":"Article","@id":"https:\/\/urbeamea.ro\/albaiulia\/a-inceput-festivalul-festivalul-international-de-teatru-povesti-de-la-alba-iulia-programul-zilei-de-duminica\/#article","isPartOf":{"@id":"https:\/\/urbeamea.ro\/albaiulia\/a-inceput-festivalul-festivalul-international-de-teatru-povesti-de-la-alba-iulia-programul-zilei-de-duminica\/"},"author":{"name":"Giurca Sorin","@id":"https:\/\/urbeamea.ro\/albaiulia\/#\/schema\/person\/5db3854ac38c1cc9f0ab4092d6a20f02"},"headline":"A \u00eenceput Festivalul Festivalul\u00a0Interna\u021bional de Teatru \u201ePove\u0219ti de la Alba Iulia. Programul zilei de duminic\u0103","datePublished":"2024-05-19T11:51:58+00:00","dateModified":"2024-05-19T11:51:59+00:00","mainEntityOfPage":{"@id":"https:\/\/urbeamea.ro\/albaiulia\/a-inceput-festivalul-festivalul-international-de-teatru-povesti-de-la-alba-iulia-programul-zilei-de-duminica\/"},"wordCount":359,"commentCount":0,"image":{"@id":"https:\/\/urbeamea.ro\/albaiulia\/a-inceput-festivalul-festivalul-international-de-teatru-povesti-de-la-alba-iulia-programul-zilei-de-duminica\/#primaryimage"},"thumbnailUrl":"https:\/\/urbeamea.ro\/albaiulia\/wp-content\/uploads\/2024\/05\/438100053_7396370310399109_1265493266015179455_n.jpg","keywords":["festicalul international de teatru povesti"],"articleSection":["Cultur\u0103","Social","\u015etiri Urbane","Urbea Mea"],"inLanguage":"ro-RO","potentialAction":[{"@type":"CommentAction","name":"Comment","target":["https:\/\/urbeamea.ro\/albaiulia\/a-inceput-festivalul-festivalul-international-de-teatru-povesti-de-la-alba-iulia-programul-zilei-de-duminica\/#respond"]}]},{"@type":"WebPage","@id":"https:\/\/urbeamea.ro\/albaiulia\/a-inceput-festivalul-festivalul-international-de-teatru-povesti-de-la-alba-iulia-programul-zilei-de-duminica\/","url":"https:\/\/urbeamea.ro\/albaiulia\/a-inceput-festivalul-festivalul-international-de-teatru-povesti-de-la-alba-iulia-programul-zilei-de-duminica\/","name":"A \u00eenceput Festivalul Festivalul\u00a0Interna\u021bional de Teatru \u201ePove\u0219ti de la Alba Iulia. Programul zilei de duminic\u0103 - Revista Urbea Mea - Revista de Alba","isPartOf":{"@id":"https:\/\/urbeamea.ro\/albaiulia\/#website"},"primaryImageOfPage":{"@id":"https:\/\/urbeamea.ro\/albaiulia\/a-inceput-festivalul-festivalul-international-de-teatru-povesti-de-la-alba-iulia-programul-zilei-de-duminica\/#primaryimage"},"image":{"@id":"https:\/\/urbeamea.ro\/albaiulia\/a-inceput-festivalul-festivalul-international-de-teatru-povesti-de-la-alba-iulia-programul-zilei-de-duminica\/#primaryimage"},"thumbnailUrl":"https:\/\/urbeamea.ro\/albaiulia\/wp-content\/uploads\/2024\/05\/438100053_7396370310399109_1265493266015179455_n.jpg","datePublished":"2024-05-19T11:51:58+00:00","dateModified":"2024-05-19T11:51:59+00:00","author":{"@id":"https:\/\/urbeamea.ro\/albaiulia\/#\/schema\/person\/5db3854ac38c1cc9f0ab4092d6a20f02"},"description":"Duminic\u0103 la Alba Iulia, a \u00eenceput cea de-a XVII-a edi\u021bie a Festivalului\u00a0Interna\u021bional de Teatru \u201ePove\u0219ti\u201d, care se va desf\u0103\u0219ura \u00een perioada 19 - 25 mai.","breadcrumb":{"@id":"https:\/\/urbeamea.ro\/albaiulia\/a-inceput-festivalul-festivalul-international-de-teatru-povesti-de-la-alba-iulia-programul-zilei-de-duminica\/#breadcrumb"},"inLanguage":"ro-RO","potentialAction":[{"@type":"ReadAction","target":["https:\/\/urbeamea.ro\/albaiulia\/a-inceput-festivalul-festivalul-international-de-teatru-povesti-de-la-alba-iulia-programul-zilei-de-duminica\/"]}]},{"@type":"ImageObject","inLanguage":"ro-RO","@id":"https:\/\/urbeamea.ro\/albaiulia\/a-inceput-festivalul-festivalul-international-de-teatru-povesti-de-la-alba-iulia-programul-zilei-de-duminica\/#primaryimage","url":"https:\/\/urbeamea.ro\/albaiulia\/wp-content\/uploads\/2024\/05\/438100053_7396370310399109_1265493266015179455_n.jpg","contentUrl":"https:\/\/urbeamea.ro\/albaiulia\/wp-content\/uploads\/2024\/05\/438100053_7396370310399109_1265493266015179455_n.jpg","width":1145,"height":1600},{"@type":"BreadcrumbList","@id":"https:\/\/urbeamea.ro\/albaiulia\/a-inceput-festivalul-festivalul-international-de-teatru-povesti-de-la-alba-iulia-programul-zilei-de-duminica\/#breadcrumb","itemListElement":[{"@type":"ListItem","position":1,"name":"Prima pagin\u0103","item":"https:\/\/urbeamea.ro\/albaiulia\/"},{"@type":"ListItem","position":2,"name":"A \u00eenceput Festivalul Festivalul\u00a0Interna\u021bional de Teatru \u201ePove\u0219ti de la Alba Iulia. Programul zilei de duminic\u0103"}]},{"@type":"WebSite","@id":"https:\/\/urbeamea.ro\/albaiulia\/#website","url":"https:\/\/urbeamea.ro\/albaiulia\/","name":"Revista Urbea Mea, Stiri urbane","description":"Evenimente \u0219i \u0219tiri din Alba Iulia, Sebe\u0219, Aiud, Blaj","potentialAction":[{"@type":"SearchAction","target":{"@type":"EntryPoint","urlTemplate":"https:\/\/urbeamea.ro\/albaiulia\/?s={search_term_string}"},"query-input":{"@type":"PropertyValueSpecification","valueRequired":true,"valueName":"search_term_string"}}],"inLanguage":"ro-RO"},{"@type":"Person","@id":"https:\/\/urbeamea.ro\/albaiulia\/#\/schema\/person\/5db3854ac38c1cc9f0ab4092d6a20f02","name":"Giurca Sorin","image":{"@type":"ImageObject","inLanguage":"ro-RO","@id":"https:\/\/secure.gravatar.com\/avatar\/120f6fcae7b3b47a7730cb9943f612f4909f68ac5284b5f40ac1c4615fd70576?s=96&d=mm&r=g","url":"https:\/\/secure.gravatar.com\/avatar\/120f6fcae7b3b47a7730cb9943f612f4909f68ac5284b5f40ac1c4615fd70576?s=96&d=mm&r=g","contentUrl":"https:\/\/secure.gravatar.com\/avatar\/120f6fcae7b3b47a7730cb9943f612f4909f68ac5284b5f40ac1c4615fd70576?s=96&d=mm&r=g","caption":"Giurca Sorin"},"url":"https:\/\/urbeamea.ro\/albaiulia\/author\/sorin\/"}]}},"_links":{"self":[{"href":"https:\/\/urbeamea.ro\/albaiulia\/wp-json\/wp\/v2\/posts\/111615","targetHints":{"allow":["GET"]}}],"collection":[{"href":"https:\/\/urbeamea.ro\/albaiulia\/wp-json\/wp\/v2\/posts"}],"about":[{"href":"https:\/\/urbeamea.ro\/albaiulia\/wp-json\/wp\/v2\/types\/post"}],"author":[{"embeddable":true,"href":"https:\/\/urbeamea.ro\/albaiulia\/wp-json\/wp\/v2\/users\/28"}],"replies":[{"embeddable":true,"href":"https:\/\/urbeamea.ro\/albaiulia\/wp-json\/wp\/v2\/comments?post=111615"}],"version-history":[{"count":1,"href":"https:\/\/urbeamea.ro\/albaiulia\/wp-json\/wp\/v2\/posts\/111615\/revisions"}],"predecessor-version":[{"id":111620,"href":"https:\/\/urbeamea.ro\/albaiulia\/wp-json\/wp\/v2\/posts\/111615\/revisions\/111620"}],"wp:featuredmedia":[{"embeddable":true,"href":"https:\/\/urbeamea.ro\/albaiulia\/wp-json\/wp\/v2\/media\/111618"}],"wp:attachment":[{"href":"https:\/\/urbeamea.ro\/albaiulia\/wp-json\/wp\/v2\/media?parent=111615"}],"wp:term":[{"taxonomy":"category","embeddable":true,"href":"https:\/\/urbeamea.ro\/albaiulia\/wp-json\/wp\/v2\/categories?post=111615"},{"taxonomy":"post_tag","embeddable":true,"href":"https:\/\/urbeamea.ro\/albaiulia\/wp-json\/wp\/v2\/tags?post=111615"}],"curies":[{"name":"wp","href":"https:\/\/api.w.org\/{rel}","templated":true}]}}