{"id":111826,"date":"2024-05-29T12:09:30","date_gmt":"2024-05-29T09:09:30","guid":{"rendered":"https:\/\/urbeamea.ro\/albaiulia\/?p=111826"},"modified":"2024-05-29T12:09:31","modified_gmt":"2024-05-29T09:09:31","slug":"cod-galben-de-ploi-descarcari-electrice-si-grindina-in-judetul-alba-valabil-pana-joi-seara","status":"publish","type":"post","link":"https:\/\/urbeamea.ro\/albaiulia\/cod-galben-de-ploi-descarcari-electrice-si-grindina-in-judetul-alba-valabil-pana-joi-seara\/","title":{"rendered":"Cod galben de ploi, desc\u0103rc\u0103ri electrice \u0219i grindin\u0103, \u00een jude\u021bul Alba valabil p\u00e2n\u0103 joi sear\u0103"},"content":{"rendered":"\n<p><strong>Administra\u0163ia Na\u0163ional\u0103 de Meteorologie (ANM) a prelungit, miercuri diminea\u021b\u0103, aten\u0163ionarea Cod galben de ploi toren\u021biale, valabil\u0103 \u00een cea mai mare parte a \u021b\u0103rii.<\/strong><\/p>\n\n\n\n<p>Jude\u021bele vizate de codul galben sunt: Alba, Arge\u015f, Bac\u0103u, Bistri\u0163a-N\u0103s\u0103ud, Br\u0103ila, Boto\u015fani, Bra\u015fov, Buz\u0103u, Cluj, Cara\u015f-Severin, Covasna, D\u00e2mbovi\u0163a, Gorj, Gala\u0163i, Hunedoara, Harghita, Ia\u015fi, Mure\u015f, Neam\u0163, Prahova, Sibiu, Suceava, V\u00e2lcea, Vrancea \u015fi Vaslui.<\/p>\n\n\n\n<p>Potrivit meteorologilor, \u00een intervalul 29 mai, ora 10 \u2013 30 mai, ora 20, va ploua \u00een cea mai mare parte a \u021b\u0103rii. Vor fi mai ales averse, \u00eenso\u021bite de desc\u0103rc\u0103ri electrice \u0219i pe alocuri de intensific\u0103ri de scurt\u0103 durat\u0103 ale v\u00e2ntului \u0219i grindin\u0103.<\/p>\n\n\n\n<p> \u00cen intervale scurte de timp sau prin acumulare se vor \u00eenregistra cantit\u0103\u021bi de ap\u0103 de 15&#8230;25 l\/mp \u0219i pe alocuri de peste 40 l\/mp.<\/p>\n\n\n\n<p>De asemenea, \u00een intervalul 29 mai, ora 10 \u2013 29 mai, ora 23, \u00een Moldova, \u00een cea mai mare parte a Transilvaniei, nordul Munteniei \u0219i al Olteniei vor fi perioade cu averse \u0219i cu caracter toren\u021bial, desc\u0103rc\u0103ri electrice \u0219i izolat vijelii \u0219i grindin\u0103.<\/p>\n\n\n\n<p> \u00cen intervale scurte de timp sau prin acumulare, cantit\u0103\u021bile de ap\u0103 vor fi de 25&#8230;30 l\/mp \u0219i pe alocuri de peste 40&#8230;50 l\/mp. <\/p>\n\n\n\n<figure class=\"wp-block-image size-full\"><img loading=\"lazy\" decoding=\"async\" width=\"680\" height=\"403\" src=\"https:\/\/urbeamea.ro\/albaiulia\/wp-content\/uploads\/2024\/05\/1000000704.jpg\" alt=\"\" class=\"wp-image-111827\" srcset=\"https:\/\/urbeamea.ro\/albaiulia\/wp-content\/uploads\/2024\/05\/1000000704.jpg 680w, https:\/\/urbeamea.ro\/albaiulia\/wp-content\/uploads\/2024\/05\/1000000704-640x379.jpg 640w, https:\/\/urbeamea.ro\/albaiulia\/wp-content\/uploads\/2024\/05\/1000000704-150x89.jpg 150w\" sizes=\"auto, (max-width: 680px) 100vw, 680px\" \/><\/figure>\n\n\n\n<p><\/p>\n","protected":false},"excerpt":{"rendered":"<p>Cod galben de ploi <\/p>\n","protected":false},"author":28,"featured_media":111827,"comment_status":"open","ping_status":"open","sticky":false,"template":"","format":"standard","meta":{"inline_featured_image":false,"footnotes":""},"categories":[2034,1],"tags":[368],"class_list":["post-111826","post","type-post","status-publish","format-standard","has-post-thumbnail","hentry","category-social","category-stiri-urbane","tag-cod-galben"],"yoast_head":"<!-- This site is optimized with the Yoast SEO plugin v27.4 - https:\/\/yoast.com\/product\/yoast-seo-wordpress\/ -->\n<title>Cod galben de ploi, desc\u0103rc\u0103ri electrice \u0219i grindin\u0103, \u00een jude\u021bul Alba valabil p\u00e2n\u0103 joi sear\u0103 - Revista Urbea Mea - Revista de Alba<\/title>\n<meta name=\"description\" content=\"Cod galben de ploi\" \/>\n<meta name=\"robots\" content=\"index, follow, max-snippet:-1, max-image-preview:large, max-video-preview:-1\" \/>\n<link rel=\"canonical\" href=\"https:\/\/urbeamea.ro\/albaiulia\/cod-galben-de-ploi-descarcari-electrice-si-grindina-in-judetul-alba-valabil-pana-joi-seara\/\" \/>\n<meta name=\"twitter:card\" content=\"summary_large_image\" \/>\n<meta name=\"twitter:title\" content=\"Cod galben de ploi, desc\u0103rc\u0103ri electrice \u0219i grindin\u0103, \u00een jude\u021bul Alba valabil p\u00e2n\u0103 joi sear\u0103 - Revista Urbea Mea - Revista de Alba\" \/>\n<meta name=\"twitter:description\" content=\"Cod galben de ploi\" \/>\n<meta name=\"twitter:image\" content=\"https:\/\/urbeamea.ro\/albaiulia\/wp-content\/uploads\/2024\/05\/1000000704.jpg\" \/>\n<meta name=\"twitter:creator\" content=\"@urbeameaweb\" \/>\n<meta name=\"twitter:site\" content=\"@urbeameaweb\" \/>\n<script type=\"application\/ld+json\" class=\"yoast-schema-graph\">{\"@context\":\"https:\\\/\\\/schema.org\",\"@graph\":[{\"@type\":\"Article\",\"@id\":\"https:\\\/\\\/urbeamea.ro\\\/albaiulia\\\/cod-galben-de-ploi-descarcari-electrice-si-grindina-in-judetul-alba-valabil-pana-joi-seara\\\/#article\",\"isPartOf\":{\"@id\":\"https:\\\/\\\/urbeamea.ro\\\/albaiulia\\\/cod-galben-de-ploi-descarcari-electrice-si-grindina-in-judetul-alba-valabil-pana-joi-seara\\\/\"},\"author\":{\"name\":\"Giurca Sorin\",\"@id\":\"https:\\\/\\\/urbeamea.ro\\\/albaiulia\\\/#\\\/schema\\\/person\\\/5db3854ac38c1cc9f0ab4092d6a20f02\"},\"headline\":\"Cod galben de ploi, desc\u0103rc\u0103ri electrice \u0219i grindin\u0103, \u00een jude\u021bul Alba valabil p\u00e2n\u0103 joi sear\u0103\",\"datePublished\":\"2024-05-29T09:09:30+00:00\",\"dateModified\":\"2024-05-29T09:09:31+00:00\",\"mainEntityOfPage\":{\"@id\":\"https:\\\/\\\/urbeamea.ro\\\/albaiulia\\\/cod-galben-de-ploi-descarcari-electrice-si-grindina-in-judetul-alba-valabil-pana-joi-seara\\\/\"},\"wordCount\":226,\"commentCount\":0,\"image\":{\"@id\":\"https:\\\/\\\/urbeamea.ro\\\/albaiulia\\\/cod-galben-de-ploi-descarcari-electrice-si-grindina-in-judetul-alba-valabil-pana-joi-seara\\\/#primaryimage\"},\"thumbnailUrl\":\"https:\\\/\\\/urbeamea.ro\\\/albaiulia\\\/wp-content\\\/uploads\\\/2024\\\/05\\\/1000000704.jpg\",\"keywords\":[\"cod galben\"],\"articleSection\":[\"Social\",\"\u015etiri Urbane\"],\"inLanguage\":\"ro-RO\",\"potentialAction\":[{\"@type\":\"CommentAction\",\"name\":\"Comment\",\"target\":[\"https:\\\/\\\/urbeamea.ro\\\/albaiulia\\\/cod-galben-de-ploi-descarcari-electrice-si-grindina-in-judetul-alba-valabil-pana-joi-seara\\\/#respond\"]}]},{\"@type\":\"WebPage\",\"@id\":\"https:\\\/\\\/urbeamea.ro\\\/albaiulia\\\/cod-galben-de-ploi-descarcari-electrice-si-grindina-in-judetul-alba-valabil-pana-joi-seara\\\/\",\"url\":\"https:\\\/\\\/urbeamea.ro\\\/albaiulia\\\/cod-galben-de-ploi-descarcari-electrice-si-grindina-in-judetul-alba-valabil-pana-joi-seara\\\/\",\"name\":\"Cod galben de ploi, desc\u0103rc\u0103ri electrice \u0219i grindin\u0103, \u00een jude\u021bul Alba valabil p\u00e2n\u0103 joi sear\u0103 - Revista Urbea Mea - Revista de Alba\",\"isPartOf\":{\"@id\":\"https:\\\/\\\/urbeamea.ro\\\/albaiulia\\\/#website\"},\"primaryImageOfPage\":{\"@id\":\"https:\\\/\\\/urbeamea.ro\\\/albaiulia\\\/cod-galben-de-ploi-descarcari-electrice-si-grindina-in-judetul-alba-valabil-pana-joi-seara\\\/#primaryimage\"},\"image\":{\"@id\":\"https:\\\/\\\/urbeamea.ro\\\/albaiulia\\\/cod-galben-de-ploi-descarcari-electrice-si-grindina-in-judetul-alba-valabil-pana-joi-seara\\\/#primaryimage\"},\"thumbnailUrl\":\"https:\\\/\\\/urbeamea.ro\\\/albaiulia\\\/wp-content\\\/uploads\\\/2024\\\/05\\\/1000000704.jpg\",\"datePublished\":\"2024-05-29T09:09:30+00:00\",\"dateModified\":\"2024-05-29T09:09:31+00:00\",\"author\":{\"@id\":\"https:\\\/\\\/urbeamea.ro\\\/albaiulia\\\/#\\\/schema\\\/person\\\/5db3854ac38c1cc9f0ab4092d6a20f02\"},\"description\":\"Cod galben de ploi\",\"breadcrumb\":{\"@id\":\"https:\\\/\\\/urbeamea.ro\\\/albaiulia\\\/cod-galben-de-ploi-descarcari-electrice-si-grindina-in-judetul-alba-valabil-pana-joi-seara\\\/#breadcrumb\"},\"inLanguage\":\"ro-RO\",\"potentialAction\":[{\"@type\":\"ReadAction\",\"target\":[\"https:\\\/\\\/urbeamea.ro\\\/albaiulia\\\/cod-galben-de-ploi-descarcari-electrice-si-grindina-in-judetul-alba-valabil-pana-joi-seara\\\/\"]}]},{\"@type\":\"ImageObject\",\"inLanguage\":\"ro-RO\",\"@id\":\"https:\\\/\\\/urbeamea.ro\\\/albaiulia\\\/cod-galben-de-ploi-descarcari-electrice-si-grindina-in-judetul-alba-valabil-pana-joi-seara\\\/#primaryimage\",\"url\":\"https:\\\/\\\/urbeamea.ro\\\/albaiulia\\\/wp-content\\\/uploads\\\/2024\\\/05\\\/1000000704.jpg\",\"contentUrl\":\"https:\\\/\\\/urbeamea.ro\\\/albaiulia\\\/wp-content\\\/uploads\\\/2024\\\/05\\\/1000000704.jpg\",\"width\":680,\"height\":403},{\"@type\":\"BreadcrumbList\",\"@id\":\"https:\\\/\\\/urbeamea.ro\\\/albaiulia\\\/cod-galben-de-ploi-descarcari-electrice-si-grindina-in-judetul-alba-valabil-pana-joi-seara\\\/#breadcrumb\",\"itemListElement\":[{\"@type\":\"ListItem\",\"position\":1,\"name\":\"Prima pagin\u0103\",\"item\":\"https:\\\/\\\/urbeamea.ro\\\/albaiulia\\\/\"},{\"@type\":\"ListItem\",\"position\":2,\"name\":\"Cod galben de ploi, desc\u0103rc\u0103ri electrice \u0219i grindin\u0103, \u00een jude\u021bul Alba valabil p\u00e2n\u0103 joi sear\u0103\"}]},{\"@type\":\"WebSite\",\"@id\":\"https:\\\/\\\/urbeamea.ro\\\/albaiulia\\\/#website\",\"url\":\"https:\\\/\\\/urbeamea.ro\\\/albaiulia\\\/\",\"name\":\"Revista Urbea Mea, Stiri urbane\",\"description\":\"Evenimente \u0219i \u0219tiri din Alba Iulia, Sebe\u0219, Aiud, Blaj\",\"potentialAction\":[{\"@type\":\"SearchAction\",\"target\":{\"@type\":\"EntryPoint\",\"urlTemplate\":\"https:\\\/\\\/urbeamea.ro\\\/albaiulia\\\/?s={search_term_string}\"},\"query-input\":{\"@type\":\"PropertyValueSpecification\",\"valueRequired\":true,\"valueName\":\"search_term_string\"}}],\"inLanguage\":\"ro-RO\"},{\"@type\":\"Person\",\"@id\":\"https:\\\/\\\/urbeamea.ro\\\/albaiulia\\\/#\\\/schema\\\/person\\\/5db3854ac38c1cc9f0ab4092d6a20f02\",\"name\":\"Giurca Sorin\",\"image\":{\"@type\":\"ImageObject\",\"inLanguage\":\"ro-RO\",\"@id\":\"https:\\\/\\\/secure.gravatar.com\\\/avatar\\\/120f6fcae7b3b47a7730cb9943f612f4909f68ac5284b5f40ac1c4615fd70576?s=96&d=mm&r=g\",\"url\":\"https:\\\/\\\/secure.gravatar.com\\\/avatar\\\/120f6fcae7b3b47a7730cb9943f612f4909f68ac5284b5f40ac1c4615fd70576?s=96&d=mm&r=g\",\"contentUrl\":\"https:\\\/\\\/secure.gravatar.com\\\/avatar\\\/120f6fcae7b3b47a7730cb9943f612f4909f68ac5284b5f40ac1c4615fd70576?s=96&d=mm&r=g\",\"caption\":\"Giurca Sorin\"},\"url\":\"https:\\\/\\\/urbeamea.ro\\\/albaiulia\\\/author\\\/sorin\\\/\"}]}<\/script>\n<!-- \/ Yoast SEO plugin. -->","yoast_head_json":{"title":"Cod galben de ploi, desc\u0103rc\u0103ri electrice \u0219i grindin\u0103, \u00een jude\u021bul Alba valabil p\u00e2n\u0103 joi sear\u0103 - Revista Urbea Mea - Revista de Alba","description":"Cod galben de ploi","robots":{"index":"index","follow":"follow","max-snippet":"max-snippet:-1","max-image-preview":"max-image-preview:large","max-video-preview":"max-video-preview:-1"},"canonical":"https:\/\/urbeamea.ro\/albaiulia\/cod-galben-de-ploi-descarcari-electrice-si-grindina-in-judetul-alba-valabil-pana-joi-seara\/","twitter_card":"summary_large_image","twitter_title":"Cod galben de ploi, desc\u0103rc\u0103ri electrice \u0219i grindin\u0103, \u00een jude\u021bul Alba valabil p\u00e2n\u0103 joi sear\u0103 - Revista Urbea Mea - Revista de Alba","twitter_description":"Cod galben de ploi","twitter_image":"https:\/\/urbeamea.ro\/albaiulia\/wp-content\/uploads\/2024\/05\/1000000704.jpg","twitter_creator":"@urbeameaweb","twitter_site":"@urbeameaweb","schema":{"@context":"https:\/\/schema.org","@graph":[{"@type":"Article","@id":"https:\/\/urbeamea.ro\/albaiulia\/cod-galben-de-ploi-descarcari-electrice-si-grindina-in-judetul-alba-valabil-pana-joi-seara\/#article","isPartOf":{"@id":"https:\/\/urbeamea.ro\/albaiulia\/cod-galben-de-ploi-descarcari-electrice-si-grindina-in-judetul-alba-valabil-pana-joi-seara\/"},"author":{"name":"Giurca Sorin","@id":"https:\/\/urbeamea.ro\/albaiulia\/#\/schema\/person\/5db3854ac38c1cc9f0ab4092d6a20f02"},"headline":"Cod galben de ploi, desc\u0103rc\u0103ri electrice \u0219i grindin\u0103, \u00een jude\u021bul Alba valabil p\u00e2n\u0103 joi sear\u0103","datePublished":"2024-05-29T09:09:30+00:00","dateModified":"2024-05-29T09:09:31+00:00","mainEntityOfPage":{"@id":"https:\/\/urbeamea.ro\/albaiulia\/cod-galben-de-ploi-descarcari-electrice-si-grindina-in-judetul-alba-valabil-pana-joi-seara\/"},"wordCount":226,"commentCount":0,"image":{"@id":"https:\/\/urbeamea.ro\/albaiulia\/cod-galben-de-ploi-descarcari-electrice-si-grindina-in-judetul-alba-valabil-pana-joi-seara\/#primaryimage"},"thumbnailUrl":"https:\/\/urbeamea.ro\/albaiulia\/wp-content\/uploads\/2024\/05\/1000000704.jpg","keywords":["cod galben"],"articleSection":["Social","\u015etiri Urbane"],"inLanguage":"ro-RO","potentialAction":[{"@type":"CommentAction","name":"Comment","target":["https:\/\/urbeamea.ro\/albaiulia\/cod-galben-de-ploi-descarcari-electrice-si-grindina-in-judetul-alba-valabil-pana-joi-seara\/#respond"]}]},{"@type":"WebPage","@id":"https:\/\/urbeamea.ro\/albaiulia\/cod-galben-de-ploi-descarcari-electrice-si-grindina-in-judetul-alba-valabil-pana-joi-seara\/","url":"https:\/\/urbeamea.ro\/albaiulia\/cod-galben-de-ploi-descarcari-electrice-si-grindina-in-judetul-alba-valabil-pana-joi-seara\/","name":"Cod galben de ploi, desc\u0103rc\u0103ri electrice \u0219i grindin\u0103, \u00een jude\u021bul Alba valabil p\u00e2n\u0103 joi sear\u0103 - Revista Urbea Mea - Revista de Alba","isPartOf":{"@id":"https:\/\/urbeamea.ro\/albaiulia\/#website"},"primaryImageOfPage":{"@id":"https:\/\/urbeamea.ro\/albaiulia\/cod-galben-de-ploi-descarcari-electrice-si-grindina-in-judetul-alba-valabil-pana-joi-seara\/#primaryimage"},"image":{"@id":"https:\/\/urbeamea.ro\/albaiulia\/cod-galben-de-ploi-descarcari-electrice-si-grindina-in-judetul-alba-valabil-pana-joi-seara\/#primaryimage"},"thumbnailUrl":"https:\/\/urbeamea.ro\/albaiulia\/wp-content\/uploads\/2024\/05\/1000000704.jpg","datePublished":"2024-05-29T09:09:30+00:00","dateModified":"2024-05-29T09:09:31+00:00","author":{"@id":"https:\/\/urbeamea.ro\/albaiulia\/#\/schema\/person\/5db3854ac38c1cc9f0ab4092d6a20f02"},"description":"Cod galben de ploi","breadcrumb":{"@id":"https:\/\/urbeamea.ro\/albaiulia\/cod-galben-de-ploi-descarcari-electrice-si-grindina-in-judetul-alba-valabil-pana-joi-seara\/#breadcrumb"},"inLanguage":"ro-RO","potentialAction":[{"@type":"ReadAction","target":["https:\/\/urbeamea.ro\/albaiulia\/cod-galben-de-ploi-descarcari-electrice-si-grindina-in-judetul-alba-valabil-pana-joi-seara\/"]}]},{"@type":"ImageObject","inLanguage":"ro-RO","@id":"https:\/\/urbeamea.ro\/albaiulia\/cod-galben-de-ploi-descarcari-electrice-si-grindina-in-judetul-alba-valabil-pana-joi-seara\/#primaryimage","url":"https:\/\/urbeamea.ro\/albaiulia\/wp-content\/uploads\/2024\/05\/1000000704.jpg","contentUrl":"https:\/\/urbeamea.ro\/albaiulia\/wp-content\/uploads\/2024\/05\/1000000704.jpg","width":680,"height":403},{"@type":"BreadcrumbList","@id":"https:\/\/urbeamea.ro\/albaiulia\/cod-galben-de-ploi-descarcari-electrice-si-grindina-in-judetul-alba-valabil-pana-joi-seara\/#breadcrumb","itemListElement":[{"@type":"ListItem","position":1,"name":"Prima pagin\u0103","item":"https:\/\/urbeamea.ro\/albaiulia\/"},{"@type":"ListItem","position":2,"name":"Cod galben de ploi, desc\u0103rc\u0103ri electrice \u0219i grindin\u0103, \u00een jude\u021bul Alba valabil p\u00e2n\u0103 joi sear\u0103"}]},{"@type":"WebSite","@id":"https:\/\/urbeamea.ro\/albaiulia\/#website","url":"https:\/\/urbeamea.ro\/albaiulia\/","name":"Revista Urbea Mea, Stiri urbane","description":"Evenimente \u0219i \u0219tiri din Alba Iulia, Sebe\u0219, Aiud, Blaj","potentialAction":[{"@type":"SearchAction","target":{"@type":"EntryPoint","urlTemplate":"https:\/\/urbeamea.ro\/albaiulia\/?s={search_term_string}"},"query-input":{"@type":"PropertyValueSpecification","valueRequired":true,"valueName":"search_term_string"}}],"inLanguage":"ro-RO"},{"@type":"Person","@id":"https:\/\/urbeamea.ro\/albaiulia\/#\/schema\/person\/5db3854ac38c1cc9f0ab4092d6a20f02","name":"Giurca Sorin","image":{"@type":"ImageObject","inLanguage":"ro-RO","@id":"https:\/\/secure.gravatar.com\/avatar\/120f6fcae7b3b47a7730cb9943f612f4909f68ac5284b5f40ac1c4615fd70576?s=96&d=mm&r=g","url":"https:\/\/secure.gravatar.com\/avatar\/120f6fcae7b3b47a7730cb9943f612f4909f68ac5284b5f40ac1c4615fd70576?s=96&d=mm&r=g","contentUrl":"https:\/\/secure.gravatar.com\/avatar\/120f6fcae7b3b47a7730cb9943f612f4909f68ac5284b5f40ac1c4615fd70576?s=96&d=mm&r=g","caption":"Giurca Sorin"},"url":"https:\/\/urbeamea.ro\/albaiulia\/author\/sorin\/"}]}},"_links":{"self":[{"href":"https:\/\/urbeamea.ro\/albaiulia\/wp-json\/wp\/v2\/posts\/111826","targetHints":{"allow":["GET"]}}],"collection":[{"href":"https:\/\/urbeamea.ro\/albaiulia\/wp-json\/wp\/v2\/posts"}],"about":[{"href":"https:\/\/urbeamea.ro\/albaiulia\/wp-json\/wp\/v2\/types\/post"}],"author":[{"embeddable":true,"href":"https:\/\/urbeamea.ro\/albaiulia\/wp-json\/wp\/v2\/users\/28"}],"replies":[{"embeddable":true,"href":"https:\/\/urbeamea.ro\/albaiulia\/wp-json\/wp\/v2\/comments?post=111826"}],"version-history":[{"count":1,"href":"https:\/\/urbeamea.ro\/albaiulia\/wp-json\/wp\/v2\/posts\/111826\/revisions"}],"predecessor-version":[{"id":111828,"href":"https:\/\/urbeamea.ro\/albaiulia\/wp-json\/wp\/v2\/posts\/111826\/revisions\/111828"}],"wp:featuredmedia":[{"embeddable":true,"href":"https:\/\/urbeamea.ro\/albaiulia\/wp-json\/wp\/v2\/media\/111827"}],"wp:attachment":[{"href":"https:\/\/urbeamea.ro\/albaiulia\/wp-json\/wp\/v2\/media?parent=111826"}],"wp:term":[{"taxonomy":"category","embeddable":true,"href":"https:\/\/urbeamea.ro\/albaiulia\/wp-json\/wp\/v2\/categories?post=111826"},{"taxonomy":"post_tag","embeddable":true,"href":"https:\/\/urbeamea.ro\/albaiulia\/wp-json\/wp\/v2\/tags?post=111826"}],"curies":[{"name":"wp","href":"https:\/\/api.w.org\/{rel}","templated":true}]}}