{"id":111829,"date":"2024-05-29T12:28:03","date_gmt":"2024-05-29T09:28:03","guid":{"rendered":"https:\/\/urbeamea.ro\/albaiulia\/?p=111829"},"modified":"2024-05-29T12:28:04","modified_gmt":"2024-05-29T09:28:04","slug":"viata-fara-bani-tema-lunii-mai-la-seratele-bibliotecii","status":"publish","type":"post","link":"https:\/\/urbeamea.ro\/albaiulia\/viata-fara-bani-tema-lunii-mai-la-seratele-bibliotecii\/","title":{"rendered":"Via\u021ba f\u0103r\u0103 bani, tema lunii mai la Seratele Bibliotecii"},"content":{"rendered":"\n<p>Finalul lunii mai aduce pentru cei interesa\u021bi o nou\u0103 edi\u021bie a proiectului 3.31 Seratele Bibliotecii. Proiectul este rodul unei vechi colabor\u0103ri dintre Biblioteca Jude\u021bean\u0103 \u201eLucian Blaga\u201d Alba \u0219i o entitate cultural\u0103 a societ\u0103\u021bii civile &#8211; Asocia\u021bia \u201eSf\u00e2nta Maria Magdalena\u201d din Oar\u021ba de Sus. Al\u0103turi de alte proiecte din programul managerial, 3.31 Seratele Bibliotecii contribuie la transformarea bibliotecii \u00eentr-un spa\u021biu multicultural, al dialogului, spa\u021biu \u00een care fiecare membru al comunit\u0103\u021bii are posibilitatea s\u0103 se manifeste prin schimburi de idei, s\u0103 se informeze pe o tem\u0103 de interes, s\u0103 propun\u0103 teme, s\u0103 lectureze, s\u0103 creeze \u0219i s\u0103-\u0219i dezvolte personalitatea.<\/p>\n\n\n\n<p>Vineri, 31 mai 2024, de la ora 18:00, cei interesa\u021bi pot participa la Biblioteca Jude\u021bean\u0103 \u201eLucian Blaga\u201d Alba, la dezbaterea cu tema \u201eVia\u021ba f\u0103r\u0103 bani\u201d, o tem\u0103 de continu\u0103 actualitate. Al\u0103turi de interven\u021biile celor prezen\u021bi la tema dat\u0103, moderate de p\u0103rintele Pimen de la Oar\u021ba de Sus, bibliotecara Liudmila Cioflic\u0103 va prezenta c\u0103r\u021bile tematice ce pot fi \u00eemprumutate de la bibliotec\u0103.<\/p>\n\n\n\n<p>Proiectul 3.31 este organizat de Consiliul Jude\u021bean Alba \u0219i Biblioteca Jude\u021bean\u0103 \u201eLucian Blaga\u201d Alba, \u00een parteneriat cu Asocia\u021bia \u201eSf\u00e2nta Maria Magdalena\u201d Oar\u021ba de Sus. Participarea la eveniment este liber\u0103 iar cei prezen\u021bi se pot bucura \u0219i de frumoase momente muzicale sus\u021binute cu acest prilej.<\/p>\n","protected":false},"excerpt":{"rendered":"<p>Finalul lunii mai aduce pentru cei interesa\u021bi o nou\u0103 edi\u021bie a proiectului 3.31 Seratele Bibliotecii. Proiectul este rodul unei vechi colabor\u0103ri dintre Biblioteca Jude\u021bean\u0103 \u201eLucian Blaga\u201d Alba \u0219i o entitate cultural\u0103 a societ\u0103\u021bii civile &#8211; Asocia\u021bia \u201eSf\u00e2nta Maria Magdalena\u201d din Oar\u021ba de Sus. Al\u0103turi de alte proiecte din programul managerial, 3.31 Seratele Bibliotecii contribuie la &hellip;<\/p>\n","protected":false},"author":16,"featured_media":111830,"comment_status":"open","ping_status":"open","sticky":false,"template":"","format":"standard","meta":{"inline_featured_image":false,"footnotes":""},"categories":[4],"tags":[],"class_list":["post-111829","post","type-post","status-publish","format-standard","has-post-thumbnail","hentry","category-eveniment"],"yoast_head":"<!-- This site is optimized with the Yoast SEO plugin v27.4 - https:\/\/yoast.com\/product\/yoast-seo-wordpress\/ -->\n<title>Via\u021ba f\u0103r\u0103 bani, tema lunii mai la Seratele Bibliotecii - Revista Urbea Mea - Revista de Alba<\/title>\n<meta name=\"description\" content=\"Finalul lunii mai aduce pentru cei interesa\u021bi o nou\u0103 edi\u021bie a proiectului 3.31 Seratele Bibliotecii. Proiectul este rodul unei vechi colabor\u0103ri dintre\" \/>\n<meta name=\"robots\" content=\"index, follow, max-snippet:-1, max-image-preview:large, max-video-preview:-1\" \/>\n<link rel=\"canonical\" href=\"https:\/\/urbeamea.ro\/albaiulia\/viata-fara-bani-tema-lunii-mai-la-seratele-bibliotecii\/\" \/>\n<meta name=\"twitter:card\" content=\"summary_large_image\" \/>\n<meta name=\"twitter:title\" content=\"Via\u021ba f\u0103r\u0103 bani, tema lunii mai la Seratele Bibliotecii - Revista Urbea Mea - Revista de Alba\" \/>\n<meta name=\"twitter:description\" content=\"Finalul lunii mai aduce pentru cei interesa\u021bi o nou\u0103 edi\u021bie a proiectului 3.31 Seratele Bibliotecii. Proiectul este rodul unei vechi colabor\u0103ri dintre\" \/>\n<meta name=\"twitter:image\" content=\"https:\/\/urbeamea.ro\/albaiulia\/wp-content\/uploads\/2024\/05\/Afis-3.31-Seratele-bibliotecii-31-mai-2024.jpg\" \/>\n<meta name=\"twitter:creator\" content=\"@urbeameaweb\" \/>\n<meta name=\"twitter:site\" content=\"@urbeameaweb\" \/>\n<script type=\"application\/ld+json\" class=\"yoast-schema-graph\">{\"@context\":\"https:\\\/\\\/schema.org\",\"@graph\":[{\"@type\":\"Article\",\"@id\":\"https:\\\/\\\/urbeamea.ro\\\/albaiulia\\\/viata-fara-bani-tema-lunii-mai-la-seratele-bibliotecii\\\/#article\",\"isPartOf\":{\"@id\":\"https:\\\/\\\/urbeamea.ro\\\/albaiulia\\\/viata-fara-bani-tema-lunii-mai-la-seratele-bibliotecii\\\/\"},\"author\":{\"name\":\"Redac\u021bia UrbeaMea\",\"@id\":\"https:\\\/\\\/urbeamea.ro\\\/albaiulia\\\/#\\\/schema\\\/person\\\/272ae98052f8ee8980f59848df070247\"},\"headline\":\"Via\u021ba f\u0103r\u0103 bani, tema lunii mai la Seratele Bibliotecii\",\"datePublished\":\"2024-05-29T09:28:03+00:00\",\"dateModified\":\"2024-05-29T09:28:04+00:00\",\"mainEntityOfPage\":{\"@id\":\"https:\\\/\\\/urbeamea.ro\\\/albaiulia\\\/viata-fara-bani-tema-lunii-mai-la-seratele-bibliotecii\\\/\"},\"wordCount\":239,\"commentCount\":0,\"image\":{\"@id\":\"https:\\\/\\\/urbeamea.ro\\\/albaiulia\\\/viata-fara-bani-tema-lunii-mai-la-seratele-bibliotecii\\\/#primaryimage\"},\"thumbnailUrl\":\"https:\\\/\\\/urbeamea.ro\\\/albaiulia\\\/wp-content\\\/uploads\\\/2024\\\/05\\\/Afis-3.31-Seratele-bibliotecii-31-mai-2024.jpg\",\"articleSection\":[\"Evenimente\"],\"inLanguage\":\"ro-RO\",\"potentialAction\":[{\"@type\":\"CommentAction\",\"name\":\"Comment\",\"target\":[\"https:\\\/\\\/urbeamea.ro\\\/albaiulia\\\/viata-fara-bani-tema-lunii-mai-la-seratele-bibliotecii\\\/#respond\"]}]},{\"@type\":\"WebPage\",\"@id\":\"https:\\\/\\\/urbeamea.ro\\\/albaiulia\\\/viata-fara-bani-tema-lunii-mai-la-seratele-bibliotecii\\\/\",\"url\":\"https:\\\/\\\/urbeamea.ro\\\/albaiulia\\\/viata-fara-bani-tema-lunii-mai-la-seratele-bibliotecii\\\/\",\"name\":\"Via\u021ba f\u0103r\u0103 bani, tema lunii mai la Seratele Bibliotecii - Revista Urbea Mea - Revista de Alba\",\"isPartOf\":{\"@id\":\"https:\\\/\\\/urbeamea.ro\\\/albaiulia\\\/#website\"},\"primaryImageOfPage\":{\"@id\":\"https:\\\/\\\/urbeamea.ro\\\/albaiulia\\\/viata-fara-bani-tema-lunii-mai-la-seratele-bibliotecii\\\/#primaryimage\"},\"image\":{\"@id\":\"https:\\\/\\\/urbeamea.ro\\\/albaiulia\\\/viata-fara-bani-tema-lunii-mai-la-seratele-bibliotecii\\\/#primaryimage\"},\"thumbnailUrl\":\"https:\\\/\\\/urbeamea.ro\\\/albaiulia\\\/wp-content\\\/uploads\\\/2024\\\/05\\\/Afis-3.31-Seratele-bibliotecii-31-mai-2024.jpg\",\"datePublished\":\"2024-05-29T09:28:03+00:00\",\"dateModified\":\"2024-05-29T09:28:04+00:00\",\"author\":{\"@id\":\"https:\\\/\\\/urbeamea.ro\\\/albaiulia\\\/#\\\/schema\\\/person\\\/272ae98052f8ee8980f59848df070247\"},\"description\":\"Finalul lunii mai aduce pentru cei interesa\u021bi o nou\u0103 edi\u021bie a proiectului 3.31 Seratele Bibliotecii. Proiectul este rodul unei vechi colabor\u0103ri dintre\",\"breadcrumb\":{\"@id\":\"https:\\\/\\\/urbeamea.ro\\\/albaiulia\\\/viata-fara-bani-tema-lunii-mai-la-seratele-bibliotecii\\\/#breadcrumb\"},\"inLanguage\":\"ro-RO\",\"potentialAction\":[{\"@type\":\"ReadAction\",\"target\":[\"https:\\\/\\\/urbeamea.ro\\\/albaiulia\\\/viata-fara-bani-tema-lunii-mai-la-seratele-bibliotecii\\\/\"]}]},{\"@type\":\"ImageObject\",\"inLanguage\":\"ro-RO\",\"@id\":\"https:\\\/\\\/urbeamea.ro\\\/albaiulia\\\/viata-fara-bani-tema-lunii-mai-la-seratele-bibliotecii\\\/#primaryimage\",\"url\":\"https:\\\/\\\/urbeamea.ro\\\/albaiulia\\\/wp-content\\\/uploads\\\/2024\\\/05\\\/Afis-3.31-Seratele-bibliotecii-31-mai-2024.jpg\",\"contentUrl\":\"https:\\\/\\\/urbeamea.ro\\\/albaiulia\\\/wp-content\\\/uploads\\\/2024\\\/05\\\/Afis-3.31-Seratele-bibliotecii-31-mai-2024.jpg\",\"width\":1131,\"height\":1600},{\"@type\":\"BreadcrumbList\",\"@id\":\"https:\\\/\\\/urbeamea.ro\\\/albaiulia\\\/viata-fara-bani-tema-lunii-mai-la-seratele-bibliotecii\\\/#breadcrumb\",\"itemListElement\":[{\"@type\":\"ListItem\",\"position\":1,\"name\":\"Prima pagin\u0103\",\"item\":\"https:\\\/\\\/urbeamea.ro\\\/albaiulia\\\/\"},{\"@type\":\"ListItem\",\"position\":2,\"name\":\"Via\u021ba f\u0103r\u0103 bani, tema lunii mai la Seratele Bibliotecii\"}]},{\"@type\":\"WebSite\",\"@id\":\"https:\\\/\\\/urbeamea.ro\\\/albaiulia\\\/#website\",\"url\":\"https:\\\/\\\/urbeamea.ro\\\/albaiulia\\\/\",\"name\":\"Revista Urbea Mea, Stiri urbane\",\"description\":\"Evenimente \u0219i \u0219tiri din Alba Iulia, Sebe\u0219, Aiud, Blaj\",\"potentialAction\":[{\"@type\":\"SearchAction\",\"target\":{\"@type\":\"EntryPoint\",\"urlTemplate\":\"https:\\\/\\\/urbeamea.ro\\\/albaiulia\\\/?s={search_term_string}\"},\"query-input\":{\"@type\":\"PropertyValueSpecification\",\"valueRequired\":true,\"valueName\":\"search_term_string\"}}],\"inLanguage\":\"ro-RO\"},{\"@type\":\"Person\",\"@id\":\"https:\\\/\\\/urbeamea.ro\\\/albaiulia\\\/#\\\/schema\\\/person\\\/272ae98052f8ee8980f59848df070247\",\"name\":\"Redac\u021bia UrbeaMea\",\"image\":{\"@type\":\"ImageObject\",\"inLanguage\":\"ro-RO\",\"@id\":\"https:\\\/\\\/secure.gravatar.com\\\/avatar\\\/9ce5a9435071fa1037e8468053ead8e513dbbff59009d3069aadb85506d85a27?s=96&d=mm&r=g\",\"url\":\"https:\\\/\\\/secure.gravatar.com\\\/avatar\\\/9ce5a9435071fa1037e8468053ead8e513dbbff59009d3069aadb85506d85a27?s=96&d=mm&r=g\",\"contentUrl\":\"https:\\\/\\\/secure.gravatar.com\\\/avatar\\\/9ce5a9435071fa1037e8468053ead8e513dbbff59009d3069aadb85506d85a27?s=96&d=mm&r=g\",\"caption\":\"Redac\u021bia UrbeaMea\"},\"description\":\"contact@urbeamea.ro\",\"sameAs\":[\"https:\\\/\\\/www.urbeamea.ro\"],\"url\":\"https:\\\/\\\/urbeamea.ro\\\/albaiulia\\\/author\\\/redactia-urbeamea\\\/\"}]}<\/script>\n<!-- \/ Yoast SEO plugin. -->","yoast_head_json":{"title":"Via\u021ba f\u0103r\u0103 bani, tema lunii mai la Seratele Bibliotecii - Revista Urbea Mea - Revista de Alba","description":"Finalul lunii mai aduce pentru cei interesa\u021bi o nou\u0103 edi\u021bie a proiectului 3.31 Seratele Bibliotecii. Proiectul este rodul unei vechi colabor\u0103ri dintre","robots":{"index":"index","follow":"follow","max-snippet":"max-snippet:-1","max-image-preview":"max-image-preview:large","max-video-preview":"max-video-preview:-1"},"canonical":"https:\/\/urbeamea.ro\/albaiulia\/viata-fara-bani-tema-lunii-mai-la-seratele-bibliotecii\/","twitter_card":"summary_large_image","twitter_title":"Via\u021ba f\u0103r\u0103 bani, tema lunii mai la Seratele Bibliotecii - Revista Urbea Mea - Revista de Alba","twitter_description":"Finalul lunii mai aduce pentru cei interesa\u021bi o nou\u0103 edi\u021bie a proiectului 3.31 Seratele Bibliotecii. Proiectul este rodul unei vechi colabor\u0103ri dintre","twitter_image":"https:\/\/urbeamea.ro\/albaiulia\/wp-content\/uploads\/2024\/05\/Afis-3.31-Seratele-bibliotecii-31-mai-2024.jpg","twitter_creator":"@urbeameaweb","twitter_site":"@urbeameaweb","schema":{"@context":"https:\/\/schema.org","@graph":[{"@type":"Article","@id":"https:\/\/urbeamea.ro\/albaiulia\/viata-fara-bani-tema-lunii-mai-la-seratele-bibliotecii\/#article","isPartOf":{"@id":"https:\/\/urbeamea.ro\/albaiulia\/viata-fara-bani-tema-lunii-mai-la-seratele-bibliotecii\/"},"author":{"name":"Redac\u021bia UrbeaMea","@id":"https:\/\/urbeamea.ro\/albaiulia\/#\/schema\/person\/272ae98052f8ee8980f59848df070247"},"headline":"Via\u021ba f\u0103r\u0103 bani, tema lunii mai la Seratele Bibliotecii","datePublished":"2024-05-29T09:28:03+00:00","dateModified":"2024-05-29T09:28:04+00:00","mainEntityOfPage":{"@id":"https:\/\/urbeamea.ro\/albaiulia\/viata-fara-bani-tema-lunii-mai-la-seratele-bibliotecii\/"},"wordCount":239,"commentCount":0,"image":{"@id":"https:\/\/urbeamea.ro\/albaiulia\/viata-fara-bani-tema-lunii-mai-la-seratele-bibliotecii\/#primaryimage"},"thumbnailUrl":"https:\/\/urbeamea.ro\/albaiulia\/wp-content\/uploads\/2024\/05\/Afis-3.31-Seratele-bibliotecii-31-mai-2024.jpg","articleSection":["Evenimente"],"inLanguage":"ro-RO","potentialAction":[{"@type":"CommentAction","name":"Comment","target":["https:\/\/urbeamea.ro\/albaiulia\/viata-fara-bani-tema-lunii-mai-la-seratele-bibliotecii\/#respond"]}]},{"@type":"WebPage","@id":"https:\/\/urbeamea.ro\/albaiulia\/viata-fara-bani-tema-lunii-mai-la-seratele-bibliotecii\/","url":"https:\/\/urbeamea.ro\/albaiulia\/viata-fara-bani-tema-lunii-mai-la-seratele-bibliotecii\/","name":"Via\u021ba f\u0103r\u0103 bani, tema lunii mai la Seratele Bibliotecii - Revista Urbea Mea - Revista de Alba","isPartOf":{"@id":"https:\/\/urbeamea.ro\/albaiulia\/#website"},"primaryImageOfPage":{"@id":"https:\/\/urbeamea.ro\/albaiulia\/viata-fara-bani-tema-lunii-mai-la-seratele-bibliotecii\/#primaryimage"},"image":{"@id":"https:\/\/urbeamea.ro\/albaiulia\/viata-fara-bani-tema-lunii-mai-la-seratele-bibliotecii\/#primaryimage"},"thumbnailUrl":"https:\/\/urbeamea.ro\/albaiulia\/wp-content\/uploads\/2024\/05\/Afis-3.31-Seratele-bibliotecii-31-mai-2024.jpg","datePublished":"2024-05-29T09:28:03+00:00","dateModified":"2024-05-29T09:28:04+00:00","author":{"@id":"https:\/\/urbeamea.ro\/albaiulia\/#\/schema\/person\/272ae98052f8ee8980f59848df070247"},"description":"Finalul lunii mai aduce pentru cei interesa\u021bi o nou\u0103 edi\u021bie a proiectului 3.31 Seratele Bibliotecii. Proiectul este rodul unei vechi colabor\u0103ri dintre","breadcrumb":{"@id":"https:\/\/urbeamea.ro\/albaiulia\/viata-fara-bani-tema-lunii-mai-la-seratele-bibliotecii\/#breadcrumb"},"inLanguage":"ro-RO","potentialAction":[{"@type":"ReadAction","target":["https:\/\/urbeamea.ro\/albaiulia\/viata-fara-bani-tema-lunii-mai-la-seratele-bibliotecii\/"]}]},{"@type":"ImageObject","inLanguage":"ro-RO","@id":"https:\/\/urbeamea.ro\/albaiulia\/viata-fara-bani-tema-lunii-mai-la-seratele-bibliotecii\/#primaryimage","url":"https:\/\/urbeamea.ro\/albaiulia\/wp-content\/uploads\/2024\/05\/Afis-3.31-Seratele-bibliotecii-31-mai-2024.jpg","contentUrl":"https:\/\/urbeamea.ro\/albaiulia\/wp-content\/uploads\/2024\/05\/Afis-3.31-Seratele-bibliotecii-31-mai-2024.jpg","width":1131,"height":1600},{"@type":"BreadcrumbList","@id":"https:\/\/urbeamea.ro\/albaiulia\/viata-fara-bani-tema-lunii-mai-la-seratele-bibliotecii\/#breadcrumb","itemListElement":[{"@type":"ListItem","position":1,"name":"Prima pagin\u0103","item":"https:\/\/urbeamea.ro\/albaiulia\/"},{"@type":"ListItem","position":2,"name":"Via\u021ba f\u0103r\u0103 bani, tema lunii mai la Seratele Bibliotecii"}]},{"@type":"WebSite","@id":"https:\/\/urbeamea.ro\/albaiulia\/#website","url":"https:\/\/urbeamea.ro\/albaiulia\/","name":"Revista Urbea Mea, Stiri urbane","description":"Evenimente \u0219i \u0219tiri din Alba Iulia, Sebe\u0219, Aiud, Blaj","potentialAction":[{"@type":"SearchAction","target":{"@type":"EntryPoint","urlTemplate":"https:\/\/urbeamea.ro\/albaiulia\/?s={search_term_string}"},"query-input":{"@type":"PropertyValueSpecification","valueRequired":true,"valueName":"search_term_string"}}],"inLanguage":"ro-RO"},{"@type":"Person","@id":"https:\/\/urbeamea.ro\/albaiulia\/#\/schema\/person\/272ae98052f8ee8980f59848df070247","name":"Redac\u021bia UrbeaMea","image":{"@type":"ImageObject","inLanguage":"ro-RO","@id":"https:\/\/secure.gravatar.com\/avatar\/9ce5a9435071fa1037e8468053ead8e513dbbff59009d3069aadb85506d85a27?s=96&d=mm&r=g","url":"https:\/\/secure.gravatar.com\/avatar\/9ce5a9435071fa1037e8468053ead8e513dbbff59009d3069aadb85506d85a27?s=96&d=mm&r=g","contentUrl":"https:\/\/secure.gravatar.com\/avatar\/9ce5a9435071fa1037e8468053ead8e513dbbff59009d3069aadb85506d85a27?s=96&d=mm&r=g","caption":"Redac\u021bia UrbeaMea"},"description":"contact@urbeamea.ro","sameAs":["https:\/\/www.urbeamea.ro"],"url":"https:\/\/urbeamea.ro\/albaiulia\/author\/redactia-urbeamea\/"}]}},"_links":{"self":[{"href":"https:\/\/urbeamea.ro\/albaiulia\/wp-json\/wp\/v2\/posts\/111829","targetHints":{"allow":["GET"]}}],"collection":[{"href":"https:\/\/urbeamea.ro\/albaiulia\/wp-json\/wp\/v2\/posts"}],"about":[{"href":"https:\/\/urbeamea.ro\/albaiulia\/wp-json\/wp\/v2\/types\/post"}],"author":[{"embeddable":true,"href":"https:\/\/urbeamea.ro\/albaiulia\/wp-json\/wp\/v2\/users\/16"}],"replies":[{"embeddable":true,"href":"https:\/\/urbeamea.ro\/albaiulia\/wp-json\/wp\/v2\/comments?post=111829"}],"version-history":[{"count":1,"href":"https:\/\/urbeamea.ro\/albaiulia\/wp-json\/wp\/v2\/posts\/111829\/revisions"}],"predecessor-version":[{"id":111831,"href":"https:\/\/urbeamea.ro\/albaiulia\/wp-json\/wp\/v2\/posts\/111829\/revisions\/111831"}],"wp:featuredmedia":[{"embeddable":true,"href":"https:\/\/urbeamea.ro\/albaiulia\/wp-json\/wp\/v2\/media\/111830"}],"wp:attachment":[{"href":"https:\/\/urbeamea.ro\/albaiulia\/wp-json\/wp\/v2\/media?parent=111829"}],"wp:term":[{"taxonomy":"category","embeddable":true,"href":"https:\/\/urbeamea.ro\/albaiulia\/wp-json\/wp\/v2\/categories?post=111829"},{"taxonomy":"post_tag","embeddable":true,"href":"https:\/\/urbeamea.ro\/albaiulia\/wp-json\/wp\/v2\/tags?post=111829"}],"curies":[{"name":"wp","href":"https:\/\/api.w.org\/{rel}","templated":true}]}}