{"id":111832,"date":"2024-05-29T12:33:19","date_gmt":"2024-05-29T09:33:19","guid":{"rendered":"https:\/\/urbeamea.ro\/albaiulia\/?p=111832"},"modified":"2024-05-29T12:33:21","modified_gmt":"2024-05-29T09:33:21","slug":"teatrul-de-papusi-prichindel-sarbatoreste-ziua-copilului-ca-de-fiecare-data-in-mijlocul-celor-mici","status":"publish","type":"post","link":"https:\/\/urbeamea.ro\/albaiulia\/teatrul-de-papusi-prichindel-sarbatoreste-ziua-copilului-ca-de-fiecare-data-in-mijlocul-celor-mici\/","title":{"rendered":"Teatrul de P\u0103pu\u0219i \u201ePrichindel\u201d s\u0103rb\u0103tore\u0219te Ziua Copilului, ca de fiecare dat\u0103, \u00een mijlocul celor mici"},"content":{"rendered":"\n<p>Cu mult drag \u0219i bucurie le oferim darul nostru: pove\u0219ti frumoase, care s\u0103 le aduc\u0103 bun\u0103 dispozi\u021bie, care s\u0103-i poarte \u00een minunata \u0219i magica lume a teatrului.<\/p>\n\n\n\n<p>\u0218i \u00een acest an ne-am str\u0103duit ca pove\u0219tile noastre s\u0103 ajung\u0103 la c\u00e2t mai mul\u021bi copii din municipiu \u0219i jude\u021b:<\/p>\n\n\n\n<ul class=\"wp-block-list\">\n<li>30 mai 2024, ora 11:00 \u2013 spectacolul \u201ePrietenii iepura\u0219ului\u201d, regia Laura \u0219i Adam Boboc \u2013 Centrul de Zi \u201eArnsberg\u201d Alba Iulia;<\/li>\n\n\n\n<li>31 mai 2024, orele 9:30 \u0219i 10:30 \u2013 spectacolul \u201ePrietenii iepura\u0219ului\u201d, regia Laura \u0219i Adam Boboc \u2013 Colegiul Na\u021bional \u201eBethlen Gabor\u201d Aiud;<\/li>\n\n\n\n<li>31 mai 2024 \u2013 ora 10:30 \u2013 spectacolul \u201eMuzican\u021bii din Bremen\u201d, regia Adam Boboc \u2013 parcul central Valea Lung\u0103;<\/li>\n\n\n\n<li>1 iunie 2024 \u2013 ora 12:00 &#8211; spectacolul \u201eMuzican\u021bii din Bremen\u201d, regia Adam Boboc \u2013 Carolina Mall Alba Iulia.<\/li>\n<\/ul>\n\n\n\n<ol class=\"wp-block-list\"><\/ol>\n\n\n\n<p>Dragi copii, de ziua voastr\u0103, noi v\u0103 dorim ca z\u00e2mbetul s\u0103 nu dispar\u0103 nicic\u00e2nd de pe chipurile voastre, s\u0103 fi\u021bi curio\u0219i \u0219i dornici de c\u00e2t mai multe pove\u0219ti!<\/p>\n\n\n\n<figure class=\"wp-block-gallery has-nested-images columns-default is-cropped wp-block-gallery-1 is-layout-flex wp-block-gallery-is-layout-flex\">\n<figure class=\"wp-block-image size-large\"><a href=\"https:\/\/urbeamea.ro\/albaiulia\/wp-content\/uploads\/2024\/05\/Afis-1-Iunie-2024-spectacole.jpg\"><img loading=\"lazy\" decoding=\"async\" width=\"905\" height=\"1280\" data-id=\"111834\" src=\"https:\/\/urbeamea.ro\/albaiulia\/wp-content\/uploads\/2024\/05\/Afis-1-Iunie-2024-spectacole-905x1280.jpg\" alt=\"\" class=\"wp-image-111834\" srcset=\"https:\/\/urbeamea.ro\/albaiulia\/wp-content\/uploads\/2024\/05\/Afis-1-Iunie-2024-spectacole-905x1280.jpg 905w, https:\/\/urbeamea.ro\/albaiulia\/wp-content\/uploads\/2024\/05\/Afis-1-Iunie-2024-spectacole-452x640.jpg 452w, https:\/\/urbeamea.ro\/albaiulia\/wp-content\/uploads\/2024\/05\/Afis-1-Iunie-2024-spectacole-106x150.jpg 106w, https:\/\/urbeamea.ro\/albaiulia\/wp-content\/uploads\/2024\/05\/Afis-1-Iunie-2024-spectacole-768x1086.jpg 768w, https:\/\/urbeamea.ro\/albaiulia\/wp-content\/uploads\/2024\/05\/Afis-1-Iunie-2024-spectacole-1086x1536.jpg 1086w, https:\/\/urbeamea.ro\/albaiulia\/wp-content\/uploads\/2024\/05\/Afis-1-Iunie-2024-spectacole.jpg 1131w\" sizes=\"auto, (max-width: 905px) 100vw, 905px\" \/><\/a><\/figure>\n\n\n\n<figure class=\"wp-block-image size-large\"><a href=\"https:\/\/urbeamea.ro\/albaiulia\/wp-content\/uploads\/2024\/05\/afis-Carolina-Mall.jpg\"><img loading=\"lazy\" decoding=\"async\" width=\"1040\" height=\"1280\" data-id=\"111833\" src=\"https:\/\/urbeamea.ro\/albaiulia\/wp-content\/uploads\/2024\/05\/afis-Carolina-Mall-1040x1280.jpg\" alt=\"\" class=\"wp-image-111833\" srcset=\"https:\/\/urbeamea.ro\/albaiulia\/wp-content\/uploads\/2024\/05\/afis-Carolina-Mall-1040x1280.jpg 1040w, https:\/\/urbeamea.ro\/albaiulia\/wp-content\/uploads\/2024\/05\/afis-Carolina-Mall-520x640.jpg 520w, https:\/\/urbeamea.ro\/albaiulia\/wp-content\/uploads\/2024\/05\/afis-Carolina-Mall-122x150.jpg 122w, https:\/\/urbeamea.ro\/albaiulia\/wp-content\/uploads\/2024\/05\/afis-Carolina-Mall-768x945.jpg 768w, https:\/\/urbeamea.ro\/albaiulia\/wp-content\/uploads\/2024\/05\/afis-Carolina-Mall-1248x1536.jpg 1248w, https:\/\/urbeamea.ro\/albaiulia\/wp-content\/uploads\/2024\/05\/afis-Carolina-Mall.jpg 1300w\" sizes=\"auto, (max-width: 1040px) 100vw, 1040px\" \/><\/a><\/figure>\n<\/figure>\n","protected":false},"excerpt":{"rendered":"<p>Cu mult drag \u0219i bucurie le oferim darul nostru: pove\u0219ti frumoase, care s\u0103 le aduc\u0103 bun\u0103 dispozi\u021bie, care s\u0103-i poarte \u00een minunata \u0219i magica lume a teatrului. \u0218i \u00een acest an ne-am str\u0103duit ca pove\u0219tile noastre s\u0103 ajung\u0103 la c\u00e2t mai mul\u021bi copii din municipiu \u0219i jude\u021b: 30 mai 2024, ora 11:00 \u2013 spectacolul \u201ePrietenii &hellip;<\/p>\n","protected":false},"author":16,"featured_media":111835,"comment_status":"open","ping_status":"open","sticky":false,"template":"","format":"standard","meta":{"inline_featured_image":false,"footnotes":""},"categories":[4],"tags":[],"class_list":["post-111832","post","type-post","status-publish","format-standard","has-post-thumbnail","hentry","category-eveniment"],"yoast_head":"<!-- This site is optimized with the Yoast SEO plugin v27.4 - https:\/\/yoast.com\/product\/yoast-seo-wordpress\/ -->\n<title>Teatrul de P\u0103pu\u0219i \u201ePrichindel\u201d s\u0103rb\u0103tore\u0219te Ziua Copilului, ca de fiecare dat\u0103, \u00een mijlocul celor mici - Revista Urbea Mea - Revista de Alba<\/title>\n<meta name=\"description\" content=\"Cu mult drag \u0219i bucurie le oferim darul nostru: pove\u0219ti frumoase, care s\u0103 le aduc\u0103 bun\u0103 dispozi\u021bie, care s\u0103-i poarte \u00een minunata \u0219i magica lume a\" \/>\n<meta name=\"robots\" content=\"index, follow, max-snippet:-1, max-image-preview:large, max-video-preview:-1\" \/>\n<link rel=\"canonical\" href=\"https:\/\/urbeamea.ro\/albaiulia\/teatrul-de-papusi-prichindel-sarbatoreste-ziua-copilului-ca-de-fiecare-data-in-mijlocul-celor-mici\/\" \/>\n<meta name=\"twitter:card\" content=\"summary_large_image\" \/>\n<meta name=\"twitter:title\" content=\"Teatrul de P\u0103pu\u0219i \u201ePrichindel\u201d s\u0103rb\u0103tore\u0219te Ziua Copilului, ca de fiecare dat\u0103, \u00een mijlocul celor mici - Revista Urbea Mea - Revista de Alba\" \/>\n<meta name=\"twitter:description\" content=\"Cu mult drag \u0219i bucurie le oferim darul nostru: pove\u0219ti frumoase, care s\u0103 le aduc\u0103 bun\u0103 dispozi\u021bie, care s\u0103-i poarte \u00een minunata \u0219i magica lume a\" \/>\n<meta name=\"twitter:image\" content=\"https:\/\/urbeamea.ro\/albaiulia\/wp-content\/uploads\/2024\/05\/Fara-titlu.png\" \/>\n<meta name=\"twitter:creator\" content=\"@urbeameaweb\" \/>\n<meta name=\"twitter:site\" content=\"@urbeameaweb\" \/>\n<script type=\"application\/ld+json\" class=\"yoast-schema-graph\">{\"@context\":\"https:\\\/\\\/schema.org\",\"@graph\":[{\"@type\":\"Article\",\"@id\":\"https:\\\/\\\/urbeamea.ro\\\/albaiulia\\\/teatrul-de-papusi-prichindel-sarbatoreste-ziua-copilului-ca-de-fiecare-data-in-mijlocul-celor-mici\\\/#article\",\"isPartOf\":{\"@id\":\"https:\\\/\\\/urbeamea.ro\\\/albaiulia\\\/teatrul-de-papusi-prichindel-sarbatoreste-ziua-copilului-ca-de-fiecare-data-in-mijlocul-celor-mici\\\/\"},\"author\":{\"name\":\"Redac\u021bia UrbeaMea\",\"@id\":\"https:\\\/\\\/urbeamea.ro\\\/albaiulia\\\/#\\\/schema\\\/person\\\/272ae98052f8ee8980f59848df070247\"},\"headline\":\"Teatrul de P\u0103pu\u0219i \u201ePrichindel\u201d s\u0103rb\u0103tore\u0219te Ziua Copilului, ca de fiecare dat\u0103, \u00een mijlocul celor mici\",\"datePublished\":\"2024-05-29T09:33:19+00:00\",\"dateModified\":\"2024-05-29T09:33:21+00:00\",\"mainEntityOfPage\":{\"@id\":\"https:\\\/\\\/urbeamea.ro\\\/albaiulia\\\/teatrul-de-papusi-prichindel-sarbatoreste-ziua-copilului-ca-de-fiecare-data-in-mijlocul-celor-mici\\\/\"},\"wordCount\":172,\"commentCount\":0,\"image\":{\"@id\":\"https:\\\/\\\/urbeamea.ro\\\/albaiulia\\\/teatrul-de-papusi-prichindel-sarbatoreste-ziua-copilului-ca-de-fiecare-data-in-mijlocul-celor-mici\\\/#primaryimage\"},\"thumbnailUrl\":\"https:\\\/\\\/urbeamea.ro\\\/albaiulia\\\/wp-content\\\/uploads\\\/2024\\\/05\\\/Fara-titlu.png\",\"articleSection\":[\"Evenimente\"],\"inLanguage\":\"ro-RO\",\"potentialAction\":[{\"@type\":\"CommentAction\",\"name\":\"Comment\",\"target\":[\"https:\\\/\\\/urbeamea.ro\\\/albaiulia\\\/teatrul-de-papusi-prichindel-sarbatoreste-ziua-copilului-ca-de-fiecare-data-in-mijlocul-celor-mici\\\/#respond\"]}]},{\"@type\":\"WebPage\",\"@id\":\"https:\\\/\\\/urbeamea.ro\\\/albaiulia\\\/teatrul-de-papusi-prichindel-sarbatoreste-ziua-copilului-ca-de-fiecare-data-in-mijlocul-celor-mici\\\/\",\"url\":\"https:\\\/\\\/urbeamea.ro\\\/albaiulia\\\/teatrul-de-papusi-prichindel-sarbatoreste-ziua-copilului-ca-de-fiecare-data-in-mijlocul-celor-mici\\\/\",\"name\":\"Teatrul de P\u0103pu\u0219i \u201ePrichindel\u201d s\u0103rb\u0103tore\u0219te Ziua Copilului, ca de fiecare dat\u0103, \u00een mijlocul celor mici - Revista Urbea Mea - Revista de Alba\",\"isPartOf\":{\"@id\":\"https:\\\/\\\/urbeamea.ro\\\/albaiulia\\\/#website\"},\"primaryImageOfPage\":{\"@id\":\"https:\\\/\\\/urbeamea.ro\\\/albaiulia\\\/teatrul-de-papusi-prichindel-sarbatoreste-ziua-copilului-ca-de-fiecare-data-in-mijlocul-celor-mici\\\/#primaryimage\"},\"image\":{\"@id\":\"https:\\\/\\\/urbeamea.ro\\\/albaiulia\\\/teatrul-de-papusi-prichindel-sarbatoreste-ziua-copilului-ca-de-fiecare-data-in-mijlocul-celor-mici\\\/#primaryimage\"},\"thumbnailUrl\":\"https:\\\/\\\/urbeamea.ro\\\/albaiulia\\\/wp-content\\\/uploads\\\/2024\\\/05\\\/Fara-titlu.png\",\"datePublished\":\"2024-05-29T09:33:19+00:00\",\"dateModified\":\"2024-05-29T09:33:21+00:00\",\"author\":{\"@id\":\"https:\\\/\\\/urbeamea.ro\\\/albaiulia\\\/#\\\/schema\\\/person\\\/272ae98052f8ee8980f59848df070247\"},\"description\":\"Cu mult drag \u0219i bucurie le oferim darul nostru: pove\u0219ti frumoase, care s\u0103 le aduc\u0103 bun\u0103 dispozi\u021bie, care s\u0103-i poarte \u00een minunata \u0219i magica lume a\",\"breadcrumb\":{\"@id\":\"https:\\\/\\\/urbeamea.ro\\\/albaiulia\\\/teatrul-de-papusi-prichindel-sarbatoreste-ziua-copilului-ca-de-fiecare-data-in-mijlocul-celor-mici\\\/#breadcrumb\"},\"inLanguage\":\"ro-RO\",\"potentialAction\":[{\"@type\":\"ReadAction\",\"target\":[\"https:\\\/\\\/urbeamea.ro\\\/albaiulia\\\/teatrul-de-papusi-prichindel-sarbatoreste-ziua-copilului-ca-de-fiecare-data-in-mijlocul-celor-mici\\\/\"]}]},{\"@type\":\"ImageObject\",\"inLanguage\":\"ro-RO\",\"@id\":\"https:\\\/\\\/urbeamea.ro\\\/albaiulia\\\/teatrul-de-papusi-prichindel-sarbatoreste-ziua-copilului-ca-de-fiecare-data-in-mijlocul-celor-mici\\\/#primaryimage\",\"url\":\"https:\\\/\\\/urbeamea.ro\\\/albaiulia\\\/wp-content\\\/uploads\\\/2024\\\/05\\\/Fara-titlu.png\",\"contentUrl\":\"https:\\\/\\\/urbeamea.ro\\\/albaiulia\\\/wp-content\\\/uploads\\\/2024\\\/05\\\/Fara-titlu.png\",\"width\":1396,\"height\":700},{\"@type\":\"BreadcrumbList\",\"@id\":\"https:\\\/\\\/urbeamea.ro\\\/albaiulia\\\/teatrul-de-papusi-prichindel-sarbatoreste-ziua-copilului-ca-de-fiecare-data-in-mijlocul-celor-mici\\\/#breadcrumb\",\"itemListElement\":[{\"@type\":\"ListItem\",\"position\":1,\"name\":\"Prima pagin\u0103\",\"item\":\"https:\\\/\\\/urbeamea.ro\\\/albaiulia\\\/\"},{\"@type\":\"ListItem\",\"position\":2,\"name\":\"Teatrul de P\u0103pu\u0219i \u201ePrichindel\u201d s\u0103rb\u0103tore\u0219te Ziua Copilului, ca de fiecare dat\u0103, \u00een mijlocul celor mici\"}]},{\"@type\":\"WebSite\",\"@id\":\"https:\\\/\\\/urbeamea.ro\\\/albaiulia\\\/#website\",\"url\":\"https:\\\/\\\/urbeamea.ro\\\/albaiulia\\\/\",\"name\":\"Revista Urbea Mea, Stiri urbane\",\"description\":\"Evenimente \u0219i \u0219tiri din Alba Iulia, Sebe\u0219, Aiud, Blaj\",\"potentialAction\":[{\"@type\":\"SearchAction\",\"target\":{\"@type\":\"EntryPoint\",\"urlTemplate\":\"https:\\\/\\\/urbeamea.ro\\\/albaiulia\\\/?s={search_term_string}\"},\"query-input\":{\"@type\":\"PropertyValueSpecification\",\"valueRequired\":true,\"valueName\":\"search_term_string\"}}],\"inLanguage\":\"ro-RO\"},{\"@type\":\"Person\",\"@id\":\"https:\\\/\\\/urbeamea.ro\\\/albaiulia\\\/#\\\/schema\\\/person\\\/272ae98052f8ee8980f59848df070247\",\"name\":\"Redac\u021bia UrbeaMea\",\"image\":{\"@type\":\"ImageObject\",\"inLanguage\":\"ro-RO\",\"@id\":\"https:\\\/\\\/secure.gravatar.com\\\/avatar\\\/9ce5a9435071fa1037e8468053ead8e513dbbff59009d3069aadb85506d85a27?s=96&d=mm&r=g\",\"url\":\"https:\\\/\\\/secure.gravatar.com\\\/avatar\\\/9ce5a9435071fa1037e8468053ead8e513dbbff59009d3069aadb85506d85a27?s=96&d=mm&r=g\",\"contentUrl\":\"https:\\\/\\\/secure.gravatar.com\\\/avatar\\\/9ce5a9435071fa1037e8468053ead8e513dbbff59009d3069aadb85506d85a27?s=96&d=mm&r=g\",\"caption\":\"Redac\u021bia UrbeaMea\"},\"description\":\"contact@urbeamea.ro\",\"sameAs\":[\"https:\\\/\\\/www.urbeamea.ro\"],\"url\":\"https:\\\/\\\/urbeamea.ro\\\/albaiulia\\\/author\\\/redactia-urbeamea\\\/\"}]}<\/script>\n<!-- \/ Yoast SEO plugin. -->","yoast_head_json":{"title":"Teatrul de P\u0103pu\u0219i \u201ePrichindel\u201d s\u0103rb\u0103tore\u0219te Ziua Copilului, ca de fiecare dat\u0103, \u00een mijlocul celor mici - Revista Urbea Mea - Revista de Alba","description":"Cu mult drag \u0219i bucurie le oferim darul nostru: pove\u0219ti frumoase, care s\u0103 le aduc\u0103 bun\u0103 dispozi\u021bie, care s\u0103-i poarte \u00een minunata \u0219i magica lume a","robots":{"index":"index","follow":"follow","max-snippet":"max-snippet:-1","max-image-preview":"max-image-preview:large","max-video-preview":"max-video-preview:-1"},"canonical":"https:\/\/urbeamea.ro\/albaiulia\/teatrul-de-papusi-prichindel-sarbatoreste-ziua-copilului-ca-de-fiecare-data-in-mijlocul-celor-mici\/","twitter_card":"summary_large_image","twitter_title":"Teatrul de P\u0103pu\u0219i \u201ePrichindel\u201d s\u0103rb\u0103tore\u0219te Ziua Copilului, ca de fiecare dat\u0103, \u00een mijlocul celor mici - Revista Urbea Mea - Revista de Alba","twitter_description":"Cu mult drag \u0219i bucurie le oferim darul nostru: pove\u0219ti frumoase, care s\u0103 le aduc\u0103 bun\u0103 dispozi\u021bie, care s\u0103-i poarte \u00een minunata \u0219i magica lume a","twitter_image":"https:\/\/urbeamea.ro\/albaiulia\/wp-content\/uploads\/2024\/05\/Fara-titlu.png","twitter_creator":"@urbeameaweb","twitter_site":"@urbeameaweb","schema":{"@context":"https:\/\/schema.org","@graph":[{"@type":"Article","@id":"https:\/\/urbeamea.ro\/albaiulia\/teatrul-de-papusi-prichindel-sarbatoreste-ziua-copilului-ca-de-fiecare-data-in-mijlocul-celor-mici\/#article","isPartOf":{"@id":"https:\/\/urbeamea.ro\/albaiulia\/teatrul-de-papusi-prichindel-sarbatoreste-ziua-copilului-ca-de-fiecare-data-in-mijlocul-celor-mici\/"},"author":{"name":"Redac\u021bia UrbeaMea","@id":"https:\/\/urbeamea.ro\/albaiulia\/#\/schema\/person\/272ae98052f8ee8980f59848df070247"},"headline":"Teatrul de P\u0103pu\u0219i \u201ePrichindel\u201d s\u0103rb\u0103tore\u0219te Ziua Copilului, ca de fiecare dat\u0103, \u00een mijlocul celor mici","datePublished":"2024-05-29T09:33:19+00:00","dateModified":"2024-05-29T09:33:21+00:00","mainEntityOfPage":{"@id":"https:\/\/urbeamea.ro\/albaiulia\/teatrul-de-papusi-prichindel-sarbatoreste-ziua-copilului-ca-de-fiecare-data-in-mijlocul-celor-mici\/"},"wordCount":172,"commentCount":0,"image":{"@id":"https:\/\/urbeamea.ro\/albaiulia\/teatrul-de-papusi-prichindel-sarbatoreste-ziua-copilului-ca-de-fiecare-data-in-mijlocul-celor-mici\/#primaryimage"},"thumbnailUrl":"https:\/\/urbeamea.ro\/albaiulia\/wp-content\/uploads\/2024\/05\/Fara-titlu.png","articleSection":["Evenimente"],"inLanguage":"ro-RO","potentialAction":[{"@type":"CommentAction","name":"Comment","target":["https:\/\/urbeamea.ro\/albaiulia\/teatrul-de-papusi-prichindel-sarbatoreste-ziua-copilului-ca-de-fiecare-data-in-mijlocul-celor-mici\/#respond"]}]},{"@type":"WebPage","@id":"https:\/\/urbeamea.ro\/albaiulia\/teatrul-de-papusi-prichindel-sarbatoreste-ziua-copilului-ca-de-fiecare-data-in-mijlocul-celor-mici\/","url":"https:\/\/urbeamea.ro\/albaiulia\/teatrul-de-papusi-prichindel-sarbatoreste-ziua-copilului-ca-de-fiecare-data-in-mijlocul-celor-mici\/","name":"Teatrul de P\u0103pu\u0219i \u201ePrichindel\u201d s\u0103rb\u0103tore\u0219te Ziua Copilului, ca de fiecare dat\u0103, \u00een mijlocul celor mici - Revista Urbea Mea - Revista de Alba","isPartOf":{"@id":"https:\/\/urbeamea.ro\/albaiulia\/#website"},"primaryImageOfPage":{"@id":"https:\/\/urbeamea.ro\/albaiulia\/teatrul-de-papusi-prichindel-sarbatoreste-ziua-copilului-ca-de-fiecare-data-in-mijlocul-celor-mici\/#primaryimage"},"image":{"@id":"https:\/\/urbeamea.ro\/albaiulia\/teatrul-de-papusi-prichindel-sarbatoreste-ziua-copilului-ca-de-fiecare-data-in-mijlocul-celor-mici\/#primaryimage"},"thumbnailUrl":"https:\/\/urbeamea.ro\/albaiulia\/wp-content\/uploads\/2024\/05\/Fara-titlu.png","datePublished":"2024-05-29T09:33:19+00:00","dateModified":"2024-05-29T09:33:21+00:00","author":{"@id":"https:\/\/urbeamea.ro\/albaiulia\/#\/schema\/person\/272ae98052f8ee8980f59848df070247"},"description":"Cu mult drag \u0219i bucurie le oferim darul nostru: pove\u0219ti frumoase, care s\u0103 le aduc\u0103 bun\u0103 dispozi\u021bie, care s\u0103-i poarte \u00een minunata \u0219i magica lume a","breadcrumb":{"@id":"https:\/\/urbeamea.ro\/albaiulia\/teatrul-de-papusi-prichindel-sarbatoreste-ziua-copilului-ca-de-fiecare-data-in-mijlocul-celor-mici\/#breadcrumb"},"inLanguage":"ro-RO","potentialAction":[{"@type":"ReadAction","target":["https:\/\/urbeamea.ro\/albaiulia\/teatrul-de-papusi-prichindel-sarbatoreste-ziua-copilului-ca-de-fiecare-data-in-mijlocul-celor-mici\/"]}]},{"@type":"ImageObject","inLanguage":"ro-RO","@id":"https:\/\/urbeamea.ro\/albaiulia\/teatrul-de-papusi-prichindel-sarbatoreste-ziua-copilului-ca-de-fiecare-data-in-mijlocul-celor-mici\/#primaryimage","url":"https:\/\/urbeamea.ro\/albaiulia\/wp-content\/uploads\/2024\/05\/Fara-titlu.png","contentUrl":"https:\/\/urbeamea.ro\/albaiulia\/wp-content\/uploads\/2024\/05\/Fara-titlu.png","width":1396,"height":700},{"@type":"BreadcrumbList","@id":"https:\/\/urbeamea.ro\/albaiulia\/teatrul-de-papusi-prichindel-sarbatoreste-ziua-copilului-ca-de-fiecare-data-in-mijlocul-celor-mici\/#breadcrumb","itemListElement":[{"@type":"ListItem","position":1,"name":"Prima pagin\u0103","item":"https:\/\/urbeamea.ro\/albaiulia\/"},{"@type":"ListItem","position":2,"name":"Teatrul de P\u0103pu\u0219i \u201ePrichindel\u201d s\u0103rb\u0103tore\u0219te Ziua Copilului, ca de fiecare dat\u0103, \u00een mijlocul celor mici"}]},{"@type":"WebSite","@id":"https:\/\/urbeamea.ro\/albaiulia\/#website","url":"https:\/\/urbeamea.ro\/albaiulia\/","name":"Revista Urbea Mea, Stiri urbane","description":"Evenimente \u0219i \u0219tiri din Alba Iulia, Sebe\u0219, Aiud, Blaj","potentialAction":[{"@type":"SearchAction","target":{"@type":"EntryPoint","urlTemplate":"https:\/\/urbeamea.ro\/albaiulia\/?s={search_term_string}"},"query-input":{"@type":"PropertyValueSpecification","valueRequired":true,"valueName":"search_term_string"}}],"inLanguage":"ro-RO"},{"@type":"Person","@id":"https:\/\/urbeamea.ro\/albaiulia\/#\/schema\/person\/272ae98052f8ee8980f59848df070247","name":"Redac\u021bia UrbeaMea","image":{"@type":"ImageObject","inLanguage":"ro-RO","@id":"https:\/\/secure.gravatar.com\/avatar\/9ce5a9435071fa1037e8468053ead8e513dbbff59009d3069aadb85506d85a27?s=96&d=mm&r=g","url":"https:\/\/secure.gravatar.com\/avatar\/9ce5a9435071fa1037e8468053ead8e513dbbff59009d3069aadb85506d85a27?s=96&d=mm&r=g","contentUrl":"https:\/\/secure.gravatar.com\/avatar\/9ce5a9435071fa1037e8468053ead8e513dbbff59009d3069aadb85506d85a27?s=96&d=mm&r=g","caption":"Redac\u021bia UrbeaMea"},"description":"contact@urbeamea.ro","sameAs":["https:\/\/www.urbeamea.ro"],"url":"https:\/\/urbeamea.ro\/albaiulia\/author\/redactia-urbeamea\/"}]}},"_links":{"self":[{"href":"https:\/\/urbeamea.ro\/albaiulia\/wp-json\/wp\/v2\/posts\/111832","targetHints":{"allow":["GET"]}}],"collection":[{"href":"https:\/\/urbeamea.ro\/albaiulia\/wp-json\/wp\/v2\/posts"}],"about":[{"href":"https:\/\/urbeamea.ro\/albaiulia\/wp-json\/wp\/v2\/types\/post"}],"author":[{"embeddable":true,"href":"https:\/\/urbeamea.ro\/albaiulia\/wp-json\/wp\/v2\/users\/16"}],"replies":[{"embeddable":true,"href":"https:\/\/urbeamea.ro\/albaiulia\/wp-json\/wp\/v2\/comments?post=111832"}],"version-history":[{"count":1,"href":"https:\/\/urbeamea.ro\/albaiulia\/wp-json\/wp\/v2\/posts\/111832\/revisions"}],"predecessor-version":[{"id":111836,"href":"https:\/\/urbeamea.ro\/albaiulia\/wp-json\/wp\/v2\/posts\/111832\/revisions\/111836"}],"wp:featuredmedia":[{"embeddable":true,"href":"https:\/\/urbeamea.ro\/albaiulia\/wp-json\/wp\/v2\/media\/111835"}],"wp:attachment":[{"href":"https:\/\/urbeamea.ro\/albaiulia\/wp-json\/wp\/v2\/media?parent=111832"}],"wp:term":[{"taxonomy":"category","embeddable":true,"href":"https:\/\/urbeamea.ro\/albaiulia\/wp-json\/wp\/v2\/categories?post=111832"},{"taxonomy":"post_tag","embeddable":true,"href":"https:\/\/urbeamea.ro\/albaiulia\/wp-json\/wp\/v2\/tags?post=111832"}],"curies":[{"name":"wp","href":"https:\/\/api.w.org\/{rel}","templated":true}]}}